{"id":83391,"date":"2016-11-10T21:30:26","date_gmt":"2016-11-10T20:30:26","guid":{"rendered":"http:\/\/eldigitaldeasturias.com\/magazine365\/?p=83391"},"modified":"2016-11-10T21:30:26","modified_gmt":"2016-11-10T20:30:26","slug":"asi-han-sido-los-cinco-anos-mas-calurosos-de-la-historia","status":"publish","type":"post","link":"https:\/\/eldigitaldeasturias.com\/magazine365\/asi-han-sido-los-cinco-anos-mas-calurosos-de-la-historia\/","title":{"rendered":"As\u00ed han sido los cinco a\u00f1os m\u00e1s calurosos de la historia"},"content":{"rendered":"<p><img fetchpriority=\"high\" decoding=\"async\" class=\"alignleft size-medium wp-image-28576\" src=\"https:\/\/eldigitaldeasturias.com\/magazine365\/wp-content\/uploads\/2014\/10\/6852699w-360x240.jpg\" alt=\"calor\" width=\"360\" height=\"240\" srcset=\"https:\/\/eldigitaldeasturias.com\/magazine365\/wp-content\/uploads\/2014\/10\/6852699w-360x240.jpg 360w, https:\/\/eldigitaldeasturias.com\/magazine365\/wp-content\/uploads\/2014\/10\/6852699w-650x434.jpg 650w, https:\/\/eldigitaldeasturias.com\/magazine365\/wp-content\/uploads\/2014\/10\/6852699w-768x513.jpg 768w, https:\/\/eldigitaldeasturias.com\/magazine365\/wp-content\/uploads\/2014\/10\/6852699w-150x100.jpg 150w, https:\/\/eldigitaldeasturias.com\/magazine365\/wp-content\/uploads\/2014\/10\/6852699w-450x300.jpg 450w, https:\/\/eldigitaldeasturias.com\/magazine365\/wp-content\/uploads\/2014\/10\/6852699w-696x465.jpg 696w, https:\/\/eldigitaldeasturias.com\/magazine365\/wp-content\/uploads\/2014\/10\/6852699w-629x420.jpg 629w, https:\/\/eldigitaldeasturias.com\/magazine365\/wp-content\/uploads\/2014\/10\/6852699w-84x55.jpg 84w, https:\/\/eldigitaldeasturias.com\/magazine365\/wp-content\/uploads\/2014\/10\/6852699w.jpg 800w\" sizes=\"(max-width: 360px) 100vw, 360px\" \/>Entre 2010 y 2012 al este de \u00c1frica y entre 2013 y 2015 al sur, al menos 258.000 personas murieron por la sequ\u00eda que provoc\u00f3 el cambio clim\u00e1tico. Unas 800 muertes se asociaron tambi\u00e9n a inundaciones en el sudeste asi\u00e1tico en 2011. Las olas de calor en India y Pakist\u00e1n en 2015 se llevaron 4.100 vidas.<\/p>\n<p>A las p\u00e9rdidas humanas se a\u00f1aden las econ\u00f3micas. El hurac\u00e1n Sandy, por ejemplo, gener\u00f3 p\u00e9rdidas por valor de 67.000 millones de d\u00f3lares en EE UU, y las inundaciones de Asia de 2011 provocaron gastos por unos 40.000 millones.<\/p>\n<p>El informe The Global Climatein 2011-2015 presentado hoy en la Cumbre del Clima de Marrakech (COP22) por la Organizaci\u00f3n Meteorol\u00f3gica Mundial (OMM) analiza los acontecimientos extremos que se produjeron a causa del aumento de temperaturas durante estos cinco a\u00f1os y permite entender mejor las tendencias a largo plazo de las sequ\u00edas prolongadas y las olas de calor recurrentes.<\/p>\n<p>Para los expertos, las emisiones de gases de efecto invernadero antropog\u00e9nicas son los principales responsables. De hecho, en 2015, las emisiones de di\u00f3xido de carbono alcanzaron por primera vez las 400 partes por mill\u00f3n.<\/p>\n<p>\u201cLos efectos del cambio clim\u00e1tico han sido visibles a escala global desde la d\u00e9cada de los 80: aumento global de la temperatura, en tierra y mar; aumento del nivel del mar, y deshielo. Esto ha incrementado el riesgo de acontecimientos extremos como las olas de calor, la sequ\u00eda y las inundaciones\u201d, explica Petteri Taalas, secretario general de la OMM.<\/p>\n<blockquote><p><em>El periodo de 2011 a 2015 bati\u00f3 un r\u00e9cord a escala mundial para todos los continentes, salvo para \u00c1frica<\/em><\/p><\/blockquote>\n<p>De los 79 estudios publicados en el Bulletin of the American Meteorological Society entre 2011 y 2014, m\u00e1s de la mitad revelan que el cambio clim\u00e1tico provocado por los humanos contribuy\u00f3 a estos eventos extremos. Otros trabajos incluso confirmaron que la probabilidad de calor extremo se increment\u00f3 10 veces o m\u00e1s.<\/p>\n<p><strong>2015 bati\u00f3 todos los r\u00e9cords<\/strong><\/p>\n<p>El periodo de 2011 a 2015 bati\u00f3 un r\u00e9cord a escala mundial para todos los continentes, salvo para \u00c1frica, donde supuso el segundo periodo m\u00e1s caluroso de su historia. Durante estos a\u00f1os las temperaturas estuvieron 0,57 \u00baC por encima de la media entre 1961 y 1990.<\/p>\n<p>Sin duda, el a\u00f1o 2015 \u2013seguido por 2014\u2013 fue el m\u00e1s c\u00e1lido: las temperaturas durante estos meses superaron en 0,76 \u00baC las del periodo de referencia (1961-1990). Adem\u00e1s, por primera vez las temperaturas globales fueron 1 \u00baC m\u00e1s elevadas respecto a la era preindustrial.<\/p>\n<p>Uno de los objetivos del Acuerdo de Par\u00eds, que entr\u00f3 en vigor el pasado viernes, es que las temperaturas no aumenten m\u00e1s de 2 \u00baC para finales de este siglo. \u201cEl acuerdo pretende limitar el ascenso de las temperaturas globales a 2 \u00baC y har\u00e1 esfuerzos para limitarlo a 1,5 \u00baC. Pero el informe muestra que en 2015, que bati\u00f3 el r\u00e9cord, ya alcanzamos 1 \u00baC. Es probable que se supere en 2016\u201d, a\u00f1ade Taalas.<\/p>\n<p>Las temperaturas del mar tambi\u00e9n han alcanzado un nivel sin precedentes: las temperaturas medias de la superficie marina en 2015 fueron las m\u00e1s altas, seguidas de las de 2014. Los acontecimientos de La Ni\u00f1a de 2011 y del Ni\u00f1o en 2015 y 2016 afectaron tambi\u00e9n a las temperaturas en estos a\u00f1os sin cambiar las tendencias de calentamiento.<\/p>\n<blockquote><p><em>De 1993 a la actualidad, los niveles del mar han aumentado unos 3 mm por a\u00f1o respecto a la media de 1990-2010<\/em><\/p><\/blockquote>\n<p>Seg\u00fan el trabajo, los glaciares de las monta\u00f1as, as\u00ed como el hielo marino del \u00c1rtico, tambi\u00e9n han continuado su declive. Entre 2011 y 2015 la extensi\u00f3n media del hielo marino en los meses de septiembre era de 4,7 millones de km2, un 28% menos que la media entre 1981 y 2010. Sin embargo, en la Ant\u00e1rtida ha estado por encima de esos niveles durante muchos de los periodos del lustro.<\/p>\n<p>El deshielo provocado por el calentamiento de los oc\u00e9anos genera de forma global un aumento del nivel del mar que se est\u00e1 acelerando. Seg\u00fan los registros satelitales, de 1993 a la actualidad los niveles del mar han aumentado unos 3 mm por a\u00f1o, comparado con la tendencia de 1990-2010, que fue de 1,7 mm por a\u00f1o.<\/p>\n<p>Todas estas consecuencias han provocado una oleada de eventos extremos en todo el planeta. EE UU bati\u00f3 su r\u00e9cord m\u00e1ximo de temperaturas anuales en 2012. Australia lo hizo en 2013. Las olas de calor veraniegas afectaron al este de Asia y oeste de Europa en 2013, y a Argentina en diciembre del mismo a\u00f1o.<\/p>\n<p>El informe destaca que para muchos de estos acontecimientos la huella del cambio clim\u00e1tico no es del todo evidente, aunque todos estas relacionados con un aumento de la vulnerabilidad de cada pa\u00eds. En las lluvias extremas que sufri\u00f3 Reino Unido en diciembre de 2015, el cambio clim\u00e1tico fue responsable con una probabilidad de m\u00e1s del 40%.<\/p>\n<p>Los expertos se muestran preocupados por los eventos \u201cinusualmente prolongados\u201d de temporadas de calor seco e intenso en la cuenca amaz\u00f3nica de Brasil en los a\u00f1os 2014 y 2015, una zona que es considerada como uno de los puntos de referencia del sistema clim\u00e1tico.<\/p>\n<p>SINC<\/p>\n<p>&nbsp;<\/p>\n","protected":false},"excerpt":{"rendered":"<p>Entre 2010 y 2012 al este de \u00c1frica y entre 2013 y 2015 al sur, al menos 258.000 personas murieron por la sequ\u00eda que provoc\u00f3 el cambio clim\u00e1tico. Unas 800 muertes se asociaron tambi\u00e9n a inundaciones en el sudeste asi\u00e1tico en 2011. Las olas de calor en India y Pakist\u00e1n en 2015 se llevaron 4.100<\/p>\n","protected":false},"author":1,"featured_media":28576,"comment_status":"open","ping_status":"closed","sticky":false,"template":"","format":"standard","meta":{"footnotes":""},"categories":[224],"tags":[],"class_list":{"0":"post-83391","1":"post","2":"type-post","3":"status-publish","4":"format-standard","5":"has-post-thumbnail","7":"category-noticias-actualidad"},"aioseo_notices":[],"aioseo_head":"\n\t\t<!-- All in One SEO Pro 4.9.6.1 - aioseo.com -->\n\t<meta name=\"description\" content=\"Entre 2010 y 2012 al este de \u00c1frica y entre 2013 y 2015 al sur, al menos 258.000 personas murieron por la sequ\u00eda que provoc\u00f3 el cambio clim\u00e1tico. Unas 800 muertes se asociaron tambi\u00e9n a inundaciones en el sudeste asi\u00e1tico en 2011. Las olas de calor en India y Pakist\u00e1n en 2015 se llevaron 4.100\" \/>\n\t<meta name=\"robots\" content=\"max-image-preview:large\" \/>\n\t<meta name=\"author\" content=\"admin\"\/>\n\t<meta name=\"google-site-verification\" content=\"UA-38556648-1\" \/>\n\t<meta name=\"keywords\" content=\"noticias y actualidad\" \/>\n\t<link rel=\"canonical\" href=\"https:\/\/eldigitaldeasturias.com\/magazine365\/asi-han-sido-los-cinco-anos-mas-calurosos-de-la-historia\/\" \/>\n\t<meta name=\"generator\" content=\"All in One SEO Pro (AIOSEO) 4.9.6.1\" \/>\n\t\t<meta property=\"og:locale\" content=\"es_ES\" \/>\n\t\t<meta property=\"og:site_name\" content=\"El Digital de Asturias \u2013 Revista de ocio, turismo y estilo de vida\" \/>\n\t\t<meta property=\"og:type\" content=\"article\" \/>\n\t\t<meta property=\"og:title\" content=\"As\u00ed han sido los cinco a\u00f1os m\u00e1s calurosos de la historia | El Digital de Asturias\" \/>\n\t\t<meta property=\"og:description\" content=\"Entre 2010 y 2012 al este de \u00c1frica y entre 2013 y 2015 al sur, al menos 258.000 personas murieron por la sequ\u00eda que provoc\u00f3 el cambio clim\u00e1tico. Unas 800 muertes se asociaron tambi\u00e9n a inundaciones en el sudeste asi\u00e1tico en 2011. Las olas de calor en India y Pakist\u00e1n en 2015 se llevaron 4.100\" \/>\n\t\t<meta property=\"og:url\" content=\"https:\/\/eldigitaldeasturias.com\/magazine365\/asi-han-sido-los-cinco-anos-mas-calurosos-de-la-historia\/\" \/>\n\t\t<meta property=\"og:image\" content=\"https:\/\/eldigitaldeasturias.com\/magazine365\/wp-content\/uploads\/2014\/10\/6852699w.jpg\" \/>\n\t\t<meta property=\"og:image:secure_url\" content=\"https:\/\/eldigitaldeasturias.com\/magazine365\/wp-content\/uploads\/2014\/10\/6852699w.jpg\" \/>\n\t\t<meta property=\"og:image:width\" content=\"800\" \/>\n\t\t<meta property=\"og:image:height\" content=\"534\" \/>\n\t\t<meta property=\"article:published_time\" content=\"2016-11-10T20:30:26+00:00\" \/>\n\t\t<meta property=\"article:modified_time\" content=\"2016-11-10T20:30:26+00:00\" \/>\n\t\t<meta name=\"twitter:card\" content=\"summary_large_image\" \/>\n\t\t<meta name=\"twitter:title\" content=\"As\u00ed han sido los cinco a\u00f1os m\u00e1s calurosos de la historia | El Digital de Asturias\" \/>\n\t\t<meta name=\"twitter:description\" content=\"Entre 2010 y 2012 al este de \u00c1frica y entre 2013 y 2015 al sur, al menos 258.000 personas murieron por la sequ\u00eda que provoc\u00f3 el cambio clim\u00e1tico. Unas 800 muertes se asociaron tambi\u00e9n a inundaciones en el sudeste asi\u00e1tico en 2011. Las olas de calor en India y Pakist\u00e1n en 2015 se llevaron 4.100\" \/>\n\t\t<meta name=\"twitter:image\" content=\"https:\/\/eldigitaldeasturias.com\/magazine365\/wp-content\/uploads\/2014\/10\/6852699w.jpg\" \/>\n\t\t<script type=\"application\/ld+json\" class=\"aioseo-schema\">\n\t\t\t{\"@context\":\"https:\\\/\\\/schema.org\",\"@graph\":[{\"@type\":\"Article\",\"@id\":\"https:\\\/\\\/eldigitaldeasturias.com\\\/magazine365\\\/asi-han-sido-los-cinco-anos-mas-calurosos-de-la-historia\\\/#article\",\"name\":\"As\\u00ed han sido los cinco a\\u00f1os m\\u00e1s calurosos de la historia | El Digital de Asturias\",\"headline\":\"As\\u00ed han sido los cinco a\\u00f1os m\\u00e1s calurosos de la historia\",\"author\":{\"@id\":\"https:\\\/\\\/eldigitaldeasturias.com\\\/magazine365\\\/author\\\/admin\\\/#author\"},\"publisher\":{\"@id\":\"https:\\\/\\\/eldigitaldeasturias.com\\\/magazine365\\\/#organization\"},\"image\":{\"@type\":\"ImageObject\",\"url\":\"https:\\\/\\\/eldigitaldeasturias.com\\\/magazine365\\\/wp-content\\\/uploads\\\/2014\\\/10\\\/6852699w.jpg\",\"width\":800,\"height\":534},\"datePublished\":\"2016-11-10T21:30:26+01:00\",\"dateModified\":\"2016-11-10T21:30:26+01:00\",\"inLanguage\":\"es-ES\",\"mainEntityOfPage\":{\"@id\":\"https:\\\/\\\/eldigitaldeasturias.com\\\/magazine365\\\/asi-han-sido-los-cinco-anos-mas-calurosos-de-la-historia\\\/#webpage\"},\"isPartOf\":{\"@id\":\"https:\\\/\\\/eldigitaldeasturias.com\\\/magazine365\\\/asi-han-sido-los-cinco-anos-mas-calurosos-de-la-historia\\\/#webpage\"},\"articleSection\":\"Noticias y Actualidad\"},{\"@type\":\"BreadcrumbList\",\"@id\":\"https:\\\/\\\/eldigitaldeasturias.com\\\/magazine365\\\/asi-han-sido-los-cinco-anos-mas-calurosos-de-la-historia\\\/#breadcrumblist\",\"itemListElement\":[{\"@type\":\"ListItem\",\"@id\":\"https:\\\/\\\/eldigitaldeasturias.com\\\/magazine365#listItem\",\"position\":1,\"name\":\"Home\",\"item\":\"https:\\\/\\\/eldigitaldeasturias.com\\\/magazine365\",\"nextItem\":{\"@type\":\"ListItem\",\"@id\":\"https:\\\/\\\/eldigitaldeasturias.com\\\/magazine365\\\/category\\\/noticias-actualidad\\\/#listItem\",\"name\":\"Noticias y Actualidad\"}},{\"@type\":\"ListItem\",\"@id\":\"https:\\\/\\\/eldigitaldeasturias.com\\\/magazine365\\\/category\\\/noticias-actualidad\\\/#listItem\",\"position\":2,\"name\":\"Noticias y Actualidad\",\"item\":\"https:\\\/\\\/eldigitaldeasturias.com\\\/magazine365\\\/category\\\/noticias-actualidad\\\/\",\"nextItem\":{\"@type\":\"ListItem\",\"@id\":\"https:\\\/\\\/eldigitaldeasturias.com\\\/magazine365\\\/asi-han-sido-los-cinco-anos-mas-calurosos-de-la-historia\\\/#listItem\",\"name\":\"As\\u00ed han sido los cinco a\\u00f1os m\\u00e1s calurosos de la historia\"},\"previousItem\":{\"@type\":\"ListItem\",\"@id\":\"https:\\\/\\\/eldigitaldeasturias.com\\\/magazine365#listItem\",\"name\":\"Home\"}},{\"@type\":\"ListItem\",\"@id\":\"https:\\\/\\\/eldigitaldeasturias.com\\\/magazine365\\\/asi-han-sido-los-cinco-anos-mas-calurosos-de-la-historia\\\/#listItem\",\"position\":3,\"name\":\"As\\u00ed han sido los cinco a\\u00f1os m\\u00e1s calurosos de la historia\",\"previousItem\":{\"@type\":\"ListItem\",\"@id\":\"https:\\\/\\\/eldigitaldeasturias.com\\\/magazine365\\\/category\\\/noticias-actualidad\\\/#listItem\",\"name\":\"Noticias y Actualidad\"}}]},{\"@type\":\"Organization\",\"@id\":\"https:\\\/\\\/eldigitaldeasturias.com\\\/magazine365\\\/#organization\",\"name\":\"El digital de Asturias\",\"description\":\"Revista de ocio, turismo y estilo de vida\",\"url\":\"https:\\\/\\\/eldigitaldeasturias.com\\\/magazine365\\\/\",\"logo\":{\"@type\":\"ImageObject\",\"url\":\"https:\\\/\\\/www.eldigitaldeasturias.com\\\/noticias\\\/wp-content\\\/uploads\\\/2020\\\/12\\\/EDA.jpg\",\"@id\":\"https:\\\/\\\/eldigitaldeasturias.com\\\/magazine365\\\/asi-han-sido-los-cinco-anos-mas-calurosos-de-la-historia\\\/#organizationLogo\"},\"image\":{\"@id\":\"https:\\\/\\\/eldigitaldeasturias.com\\\/magazine365\\\/asi-han-sido-los-cinco-anos-mas-calurosos-de-la-historia\\\/#organizationLogo\"}},{\"@type\":\"Person\",\"@id\":\"https:\\\/\\\/eldigitaldeasturias.com\\\/magazine365\\\/author\\\/admin\\\/#author\",\"url\":\"https:\\\/\\\/eldigitaldeasturias.com\\\/magazine365\\\/author\\\/admin\\\/\",\"name\":\"admin\",\"image\":{\"@type\":\"ImageObject\",\"@id\":\"https:\\\/\\\/eldigitaldeasturias.com\\\/magazine365\\\/asi-han-sido-los-cinco-anos-mas-calurosos-de-la-historia\\\/#authorImage\",\"url\":\"https:\\\/\\\/eldigitaldeasturias.com\\\/magazine365\\\/wp-content\\\/litespeed\\\/avatar\\\/e571bcf59a0edd6fa6838245a470f2fe.jpg?ver=1776969259\",\"width\":96,\"height\":96,\"caption\":\"admin\"}},{\"@type\":\"WebPage\",\"@id\":\"https:\\\/\\\/eldigitaldeasturias.com\\\/magazine365\\\/asi-han-sido-los-cinco-anos-mas-calurosos-de-la-historia\\\/#webpage\",\"url\":\"https:\\\/\\\/eldigitaldeasturias.com\\\/magazine365\\\/asi-han-sido-los-cinco-anos-mas-calurosos-de-la-historia\\\/\",\"name\":\"As\\u00ed han sido los cinco a\\u00f1os m\\u00e1s calurosos de la historia | El Digital de Asturias\",\"description\":\"Entre 2010 y 2012 al este de \\u00c1frica y entre 2013 y 2015 al sur, al menos 258.000 personas murieron por la sequ\\u00eda que provoc\\u00f3 el cambio clim\\u00e1tico. Unas 800 muertes se asociaron tambi\\u00e9n a inundaciones en el sudeste asi\\u00e1tico en 2011. Las olas de calor en India y Pakist\\u00e1n en 2015 se llevaron 4.100\",\"inLanguage\":\"es-ES\",\"isPartOf\":{\"@id\":\"https:\\\/\\\/eldigitaldeasturias.com\\\/magazine365\\\/#website\"},\"breadcrumb\":{\"@id\":\"https:\\\/\\\/eldigitaldeasturias.com\\\/magazine365\\\/asi-han-sido-los-cinco-anos-mas-calurosos-de-la-historia\\\/#breadcrumblist\"},\"author\":{\"@id\":\"https:\\\/\\\/eldigitaldeasturias.com\\\/magazine365\\\/author\\\/admin\\\/#author\"},\"creator\":{\"@id\":\"https:\\\/\\\/eldigitaldeasturias.com\\\/magazine365\\\/author\\\/admin\\\/#author\"},\"image\":{\"@type\":\"ImageObject\",\"url\":\"https:\\\/\\\/eldigitaldeasturias.com\\\/magazine365\\\/wp-content\\\/uploads\\\/2014\\\/10\\\/6852699w.jpg\",\"@id\":\"https:\\\/\\\/eldigitaldeasturias.com\\\/magazine365\\\/asi-han-sido-los-cinco-anos-mas-calurosos-de-la-historia\\\/#mainImage\",\"width\":800,\"height\":534},\"primaryImageOfPage\":{\"@id\":\"https:\\\/\\\/eldigitaldeasturias.com\\\/magazine365\\\/asi-han-sido-los-cinco-anos-mas-calurosos-de-la-historia\\\/#mainImage\"},\"datePublished\":\"2016-11-10T21:30:26+01:00\",\"dateModified\":\"2016-11-10T21:30:26+01:00\"},{\"@type\":\"WebSite\",\"@id\":\"https:\\\/\\\/eldigitaldeasturias.com\\\/magazine365\\\/#website\",\"url\":\"https:\\\/\\\/eldigitaldeasturias.com\\\/magazine365\\\/\",\"name\":\"El Digital de Asturias\",\"description\":\"Revista de ocio, turismo y estilo de vida\",\"inLanguage\":\"es-ES\",\"publisher\":{\"@id\":\"https:\\\/\\\/eldigitaldeasturias.com\\\/magazine365\\\/#organization\"}}]}\n\t\t<\/script>\n\t\t<!-- All in One SEO Pro -->\r\n\t\t<title>As\u00ed han sido los cinco a\u00f1os m\u00e1s calurosos de la historia | El Digital de Asturias<\/title>\n\n","aioseo_head_json":{"title":"As\u00ed han sido los cinco a\u00f1os m\u00e1s calurosos de la historia | El Digital de Asturias","description":"Entre 2010 y 2012 al este de \u00c1frica y entre 2013 y 2015 al sur, al menos 258.000 personas murieron por la sequ\u00eda que provoc\u00f3 el cambio clim\u00e1tico. Unas 800 muertes se asociaron tambi\u00e9n a inundaciones en el sudeste asi\u00e1tico en 2011. Las olas de calor en India y Pakist\u00e1n en 2015 se llevaron 4.100","canonical_url":"https:\/\/eldigitaldeasturias.com\/magazine365\/asi-han-sido-los-cinco-anos-mas-calurosos-de-la-historia\/","robots":"max-image-preview:large","keywords":"noticias y actualidad","webmasterTools":{"google-site-verification":"UA-38556648-1","miscellaneous":""},"schema":{"@context":"https:\/\/schema.org","@graph":[{"@type":"Article","@id":"https:\/\/eldigitaldeasturias.com\/magazine365\/asi-han-sido-los-cinco-anos-mas-calurosos-de-la-historia\/#article","name":"As\u00ed han sido los cinco a\u00f1os m\u00e1s calurosos de la historia | El Digital de Asturias","headline":"As\u00ed han sido los cinco a\u00f1os m\u00e1s calurosos de la historia","author":{"@id":"https:\/\/eldigitaldeasturias.com\/magazine365\/author\/admin\/#author"},"publisher":{"@id":"https:\/\/eldigitaldeasturias.com\/magazine365\/#organization"},"image":{"@type":"ImageObject","url":"https:\/\/eldigitaldeasturias.com\/magazine365\/wp-content\/uploads\/2014\/10\/6852699w.jpg","width":800,"height":534},"datePublished":"2016-11-10T21:30:26+01:00","dateModified":"2016-11-10T21:30:26+01:00","inLanguage":"es-ES","mainEntityOfPage":{"@id":"https:\/\/eldigitaldeasturias.com\/magazine365\/asi-han-sido-los-cinco-anos-mas-calurosos-de-la-historia\/#webpage"},"isPartOf":{"@id":"https:\/\/eldigitaldeasturias.com\/magazine365\/asi-han-sido-los-cinco-anos-mas-calurosos-de-la-historia\/#webpage"},"articleSection":"Noticias y Actualidad"},{"@type":"BreadcrumbList","@id":"https:\/\/eldigitaldeasturias.com\/magazine365\/asi-han-sido-los-cinco-anos-mas-calurosos-de-la-historia\/#breadcrumblist","itemListElement":[{"@type":"ListItem","@id":"https:\/\/eldigitaldeasturias.com\/magazine365#listItem","position":1,"name":"Home","item":"https:\/\/eldigitaldeasturias.com\/magazine365","nextItem":{"@type":"ListItem","@id":"https:\/\/eldigitaldeasturias.com\/magazine365\/category\/noticias-actualidad\/#listItem","name":"Noticias y Actualidad"}},{"@type":"ListItem","@id":"https:\/\/eldigitaldeasturias.com\/magazine365\/category\/noticias-actualidad\/#listItem","position":2,"name":"Noticias y Actualidad","item":"https:\/\/eldigitaldeasturias.com\/magazine365\/category\/noticias-actualidad\/","nextItem":{"@type":"ListItem","@id":"https:\/\/eldigitaldeasturias.com\/magazine365\/asi-han-sido-los-cinco-anos-mas-calurosos-de-la-historia\/#listItem","name":"As\u00ed han sido los cinco a\u00f1os m\u00e1s calurosos de la historia"},"previousItem":{"@type":"ListItem","@id":"https:\/\/eldigitaldeasturias.com\/magazine365#listItem","name":"Home"}},{"@type":"ListItem","@id":"https:\/\/eldigitaldeasturias.com\/magazine365\/asi-han-sido-los-cinco-anos-mas-calurosos-de-la-historia\/#listItem","position":3,"name":"As\u00ed han sido los cinco a\u00f1os m\u00e1s calurosos de la historia","previousItem":{"@type":"ListItem","@id":"https:\/\/eldigitaldeasturias.com\/magazine365\/category\/noticias-actualidad\/#listItem","name":"Noticias y Actualidad"}}]},{"@type":"Organization","@id":"https:\/\/eldigitaldeasturias.com\/magazine365\/#organization","name":"El digital de Asturias","description":"Revista de ocio, turismo y estilo de vida","url":"https:\/\/eldigitaldeasturias.com\/magazine365\/","logo":{"@type":"ImageObject","url":"https:\/\/www.eldigitaldeasturias.com\/noticias\/wp-content\/uploads\/2020\/12\/EDA.jpg","@id":"https:\/\/eldigitaldeasturias.com\/magazine365\/asi-han-sido-los-cinco-anos-mas-calurosos-de-la-historia\/#organizationLogo"},"image":{"@id":"https:\/\/eldigitaldeasturias.com\/magazine365\/asi-han-sido-los-cinco-anos-mas-calurosos-de-la-historia\/#organizationLogo"}},{"@type":"Person","@id":"https:\/\/eldigitaldeasturias.com\/magazine365\/author\/admin\/#author","url":"https:\/\/eldigitaldeasturias.com\/magazine365\/author\/admin\/","name":"admin","image":{"@type":"ImageObject","@id":"https:\/\/eldigitaldeasturias.com\/magazine365\/asi-han-sido-los-cinco-anos-mas-calurosos-de-la-historia\/#authorImage","url":"https:\/\/eldigitaldeasturias.com\/magazine365\/wp-content\/litespeed\/avatar\/e571bcf59a0edd6fa6838245a470f2fe.jpg?ver=1776969259","width":96,"height":96,"caption":"admin"}},{"@type":"WebPage","@id":"https:\/\/eldigitaldeasturias.com\/magazine365\/asi-han-sido-los-cinco-anos-mas-calurosos-de-la-historia\/#webpage","url":"https:\/\/eldigitaldeasturias.com\/magazine365\/asi-han-sido-los-cinco-anos-mas-calurosos-de-la-historia\/","name":"As\u00ed han sido los cinco a\u00f1os m\u00e1s calurosos de la historia | El Digital de Asturias","description":"Entre 2010 y 2012 al este de \u00c1frica y entre 2013 y 2015 al sur, al menos 258.000 personas murieron por la sequ\u00eda que provoc\u00f3 el cambio clim\u00e1tico. Unas 800 muertes se asociaron tambi\u00e9n a inundaciones en el sudeste asi\u00e1tico en 2011. Las olas de calor en India y Pakist\u00e1n en 2015 se llevaron 4.100","inLanguage":"es-ES","isPartOf":{"@id":"https:\/\/eldigitaldeasturias.com\/magazine365\/#website"},"breadcrumb":{"@id":"https:\/\/eldigitaldeasturias.com\/magazine365\/asi-han-sido-los-cinco-anos-mas-calurosos-de-la-historia\/#breadcrumblist"},"author":{"@id":"https:\/\/eldigitaldeasturias.com\/magazine365\/author\/admin\/#author"},"creator":{"@id":"https:\/\/eldigitaldeasturias.com\/magazine365\/author\/admin\/#author"},"image":{"@type":"ImageObject","url":"https:\/\/eldigitaldeasturias.com\/magazine365\/wp-content\/uploads\/2014\/10\/6852699w.jpg","@id":"https:\/\/eldigitaldeasturias.com\/magazine365\/asi-han-sido-los-cinco-anos-mas-calurosos-de-la-historia\/#mainImage","width":800,"height":534},"primaryImageOfPage":{"@id":"https:\/\/eldigitaldeasturias.com\/magazine365\/asi-han-sido-los-cinco-anos-mas-calurosos-de-la-historia\/#mainImage"},"datePublished":"2016-11-10T21:30:26+01:00","dateModified":"2016-11-10T21:30:26+01:00"},{"@type":"WebSite","@id":"https:\/\/eldigitaldeasturias.com\/magazine365\/#website","url":"https:\/\/eldigitaldeasturias.com\/magazine365\/","name":"El Digital de Asturias","description":"Revista de ocio, turismo y estilo de vida","inLanguage":"es-ES","publisher":{"@id":"https:\/\/eldigitaldeasturias.com\/magazine365\/#organization"}}]},"og:locale":"es_ES","og:site_name":"El Digital de Asturias \u2013 Revista de ocio, turismo y estilo de vida","og:type":"article","og:title":"As\u00ed han sido los cinco a\u00f1os m\u00e1s calurosos de la historia | El Digital de Asturias","og:description":"Entre 2010 y 2012 al este de \u00c1frica y entre 2013 y 2015 al sur, al menos 258.000 personas murieron por la sequ\u00eda que provoc\u00f3 el cambio clim\u00e1tico. Unas 800 muertes se asociaron tambi\u00e9n a inundaciones en el sudeste asi\u00e1tico en 2011. Las olas de calor en India y Pakist\u00e1n en 2015 se llevaron 4.100","og:url":"https:\/\/eldigitaldeasturias.com\/magazine365\/asi-han-sido-los-cinco-anos-mas-calurosos-de-la-historia\/","og:image":"https:\/\/eldigitaldeasturias.com\/magazine365\/wp-content\/uploads\/2014\/10\/6852699w.jpg","og:image:secure_url":"https:\/\/eldigitaldeasturias.com\/magazine365\/wp-content\/uploads\/2014\/10\/6852699w.jpg","og:image:width":800,"og:image:height":534,"article:published_time":"2016-11-10T20:30:26+00:00","article:modified_time":"2016-11-10T20:30:26+00:00","twitter:card":"summary_large_image","twitter:title":"As\u00ed han sido los cinco a\u00f1os m\u00e1s calurosos de la historia | El Digital de Asturias","twitter:description":"Entre 2010 y 2012 al este de \u00c1frica y entre 2013 y 2015 al sur, al menos 258.000 personas murieron por la sequ\u00eda que provoc\u00f3 el cambio clim\u00e1tico. Unas 800 muertes se asociaron tambi\u00e9n a inundaciones en el sudeste asi\u00e1tico en 2011. Las olas de calor en India y Pakist\u00e1n en 2015 se llevaron 4.100","twitter:image":"https:\/\/eldigitaldeasturias.com\/magazine365\/wp-content\/uploads\/2014\/10\/6852699w.jpg"},"aioseo_meta_data":{"post_id":"83391","title":null,"description":null,"keywords":null,"keyphrases":null,"primary_term":null,"canonical_url":null,"og_title":null,"og_description":null,"og_object_type":"default","og_image_type":"default","og_image_url":null,"og_image_width":null,"og_image_height":null,"og_image_custom_url":null,"og_image_custom_fields":null,"og_video":null,"og_custom_url":null,"og_article_section":null,"og_article_tags":null,"twitter_use_og":false,"twitter_card":"default","twitter_image_type":"default","twitter_image_url":null,"twitter_image_custom_url":null,"twitter_image_custom_fields":null,"twitter_title":null,"twitter_description":null,"schema":{"blockGraphs":[],"customGraphs":[],"default":{"data":{"Article":[],"Course":[],"Dataset":[],"FAQPage":[],"Movie":[],"Person":[],"Product":[],"ProductReview":[],"Car":[],"Recipe":[],"Service":[],"SoftwareApplication":[],"WebPage":[]},"graphName":"","isEnabled":true},"graphs":[],"defaultGraph":"","defaultPostTypeGraph":""},"schema_type":null,"schema_type_options":null,"pillar_content":false,"robots_default":true,"robots_noindex":false,"robots_noarchive":false,"robots_nosnippet":false,"robots_nofollow":false,"robots_noimageindex":false,"robots_noodp":false,"robots_notranslate":false,"robots_max_snippet":null,"robots_max_videopreview":null,"robots_max_imagepreview":"large","priority":null,"frequency":null,"location":null,"local_seo":null,"seo_analyzer_scan_date":"2025-09-28 02:53:17","breadcrumb_settings":null,"limit_modified_date":false,"open_ai":null,"ai":null,"created":"2020-12-21 15:30:05","updated":"2025-09-28 02:53:17"},"aioseo_breadcrumb":"<div class=\"aioseo-breadcrumbs\"><span class=\"aioseo-breadcrumb\">\n\t<a href=\"https:\/\/eldigitaldeasturias.com\/magazine365\" title=\"Home\">Home<\/a>\n<\/span><span class=\"aioseo-breadcrumb-separator\">\u2013<\/span><span class=\"aioseo-breadcrumb\">\n\t<a href=\"https:\/\/eldigitaldeasturias.com\/magazine365\/category\/noticias-actualidad\/\" title=\"Noticias y Actualidad\">Noticias y Actualidad<\/a>\n<\/span><span class=\"aioseo-breadcrumb-separator\">\u2013<\/span><span class=\"aioseo-breadcrumb\">\n\t<a href=\"https:\/\/eldigitaldeasturias.com\/magazine365\/asi-han-sido-los-cinco-anos-mas-calurosos-de-la-historia\/\" title=\"As\u00ed han sido los cinco a\u00f1os m\u00e1s calurosos de la historia\">As\u00ed han sido los cinco a\u00f1os m\u00e1s calurosos de la historia<\/a>\n<\/span><\/div>","aioseo_breadcrumb_json":[{"label":"Home","link":"https:\/\/eldigitaldeasturias.com\/magazine365"},{"label":"Noticias y Actualidad","link":"https:\/\/eldigitaldeasturias.com\/magazine365\/category\/noticias-actualidad\/"},{"label":"As\u00ed han sido los cinco a\u00f1os m\u00e1s calurosos de la historia","link":"https:\/\/eldigitaldeasturias.com\/magazine365\/asi-han-sido-los-cinco-anos-mas-calurosos-de-la-historia\/"}],"_links":{"self":[{"href":"https:\/\/eldigitaldeasturias.com\/magazine365\/wp-json\/wp\/v2\/posts\/83391","targetHints":{"allow":["GET"]}}],"collection":[{"href":"https:\/\/eldigitaldeasturias.com\/magazine365\/wp-json\/wp\/v2\/posts"}],"about":[{"href":"https:\/\/eldigitaldeasturias.com\/magazine365\/wp-json\/wp\/v2\/types\/post"}],"author":[{"embeddable":true,"href":"https:\/\/eldigitaldeasturias.com\/magazine365\/wp-json\/wp\/v2\/users\/1"}],"replies":[{"embeddable":true,"href":"https:\/\/eldigitaldeasturias.com\/magazine365\/wp-json\/wp\/v2\/comments?post=83391"}],"version-history":[{"count":0,"href":"https:\/\/eldigitaldeasturias.com\/magazine365\/wp-json\/wp\/v2\/posts\/83391\/revisions"}],"wp:featuredmedia":[{"embeddable":true,"href":"https:\/\/eldigitaldeasturias.com\/magazine365\/wp-json\/wp\/v2\/media\/28576"}],"wp:attachment":[{"href":"https:\/\/eldigitaldeasturias.com\/magazine365\/wp-json\/wp\/v2\/media?parent=83391"}],"wp:term":[{"taxonomy":"category","embeddable":true,"href":"https:\/\/eldigitaldeasturias.com\/magazine365\/wp-json\/wp\/v2\/categories?post=83391"},{"taxonomy":"post_tag","embeddable":true,"href":"https:\/\/eldigitaldeasturias.com\/magazine365\/wp-json\/wp\/v2\/tags?post=83391"}],"curies":[{"name":"wp","href":"https:\/\/api.w.org\/{rel}","templated":true}]}}