{"id":83364,"date":"2016-11-03T23:44:42","date_gmt":"2016-11-03T22:44:42","guid":{"rendered":"http:\/\/eldigitaldeasturias.com\/magazine365\/?p=83364"},"modified":"2016-11-03T23:44:42","modified_gmt":"2016-11-03T22:44:42","slug":"una-nueva-espada-de-damocles-pende-sobre-administradores-y-directivos","status":"publish","type":"post","link":"https:\/\/eldigitaldeasturias.com\/magazine365\/una-nueva-espada-de-damocles-pende-sobre-administradores-y-directivos\/","title":{"rendered":"Una nueva espada de Damocles pende sobre administradores y directivos"},"content":{"rendered":"<p><img fetchpriority=\"high\" decoding=\"async\" class=\"alignleft size-medium wp-image-83365\" src=\"https:\/\/eldigitaldeasturias.com\/magazine365\/wp-content\/uploads\/2016\/11\/1477932537_DSC_0010_carnet-346x300.jpg\" alt=\"1477932537_dsc_0010_carnet\" width=\"346\" height=\"300\" srcset=\"https:\/\/eldigitaldeasturias.com\/magazine365\/wp-content\/uploads\/2016\/11\/1477932537_DSC_0010_carnet-346x300.jpg 346w, https:\/\/eldigitaldeasturias.com\/magazine365\/wp-content\/uploads\/2016\/11\/1477932537_DSC_0010_carnet-650x563.jpg 650w, https:\/\/eldigitaldeasturias.com\/magazine365\/wp-content\/uploads\/2016\/11\/1477932537_DSC_0010_carnet-768x665.jpg 768w, https:\/\/eldigitaldeasturias.com\/magazine365\/wp-content\/uploads\/2016\/11\/1477932537_DSC_0010_carnet-1536x1331.jpg 1536w, https:\/\/eldigitaldeasturias.com\/magazine365\/wp-content\/uploads\/2016\/11\/1477932537_DSC_0010_carnet-150x130.jpg 150w, https:\/\/eldigitaldeasturias.com\/magazine365\/wp-content\/uploads\/2016\/11\/1477932537_DSC_0010_carnet-450x390.jpg 450w, https:\/\/eldigitaldeasturias.com\/magazine365\/wp-content\/uploads\/2016\/11\/1477932537_DSC_0010_carnet-1200x1040.jpg 1200w, https:\/\/eldigitaldeasturias.com\/magazine365\/wp-content\/uploads\/2016\/11\/1477932537_DSC_0010_carnet-140x120.jpg 140w, https:\/\/eldigitaldeasturias.com\/magazine365\/wp-content\/uploads\/2016\/11\/1477932537_DSC_0010_carnet.jpg 2027w\" sizes=\"(max-width: 346px) 100vw, 346px\" \/>Hasta el a\u00f1o 2010 a una persona jur\u00eddica no se le pod\u00edan imputar delitos, pero la reforma del C\u00f3digo Penal del a\u00f1o 2010 estableci\u00f3 la Responsabilidad Penal de las Personas Jur\u00eddicas, figura que hasta aquel momento no exist\u00eda.<\/p>\n<p>Hasta entonces una persona jur\u00eddica s\u00f3lo pod\u00eda ser responsable civil subsidiaria por acciones delictivas de alguno de sus empleados.<\/p>\n<p>La l\u00f3gica de nuestro sistema jur\u00eddico entend\u00eda que s\u00f3lo se pod\u00edan pedir responsabilidades penales a las personas f\u00edsicas, ya que las personas jur\u00eddicas no pueden cometer delitos, sino que estos son cometidos por individuos.<\/p>\n<p>As\u00ed pues, la \u00fanica responsabilidad que se pod\u00eda derivar a la persona jur\u00eddica era la econ\u00f3mica, concretada en la indemnizaci\u00f3n que pudiera corresponderle pagar, en su caso, por los da\u00f1os ocasionados a terceros como consecuencia de acciones delictivas de alguno de sus miembros, no por la comisi\u00f3n del delito.<\/p>\n<p>Por otro lado, ning\u00fan administrador o directivo que no hubiera participado conscientemente en alg\u00fan grado en la comisi\u00f3n del delito pod\u00eda ser responsabilizado penalmente por actos delictivos de sus colaboradores.<\/p>\n<p>Pero la reforma del C\u00f3digo Penal del a\u00f1o 2010 estableci\u00f3 la Responsabilidad Penal de las Personas Jur\u00eddicas, lo que implica que la empresa puede ser hoy condenada por delitos cometidos por alguno de sus empleados en beneficio de \u00e9sta con penas grav\u00edsimas, como pueden ser elevadas multas de importe millonario o incluso el cierre temporal o la clausura definitiva de la compa\u00f1\u00eda.<\/p>\n<p>Si lo anterior ya supone un cambio de graves consecuencias para la empresa; m\u00e1s radical y grave resulta el cambio que supone para administradores y directivos.<\/p>\n<p>Para \u00e9stos derivan responsabilidades adicionales en el caso de delitos cometidos por miembros de su organizaci\u00f3n, aunque no hayan participado en la comisi\u00f3n de los mismos.<\/p>\n<p>Entiende la Ley que han faltado dolosa e imprudentemente a su deber de control sobre la actividad del personal de su compa\u00f1\u00eda, sin que ello, como es l\u00f3gico, aminore en lo m\u00e1s m\u00ednimo la responsabilidad que corresponda a quienes han cometido directamente el delito.<\/p>\n<p>El cambio legislativo supone pues una espada de Damocles que pende sobre la cabeza de administradores y directivos cuya responsabilidad penal ya no depende \u00fanicamente de su comportamiento, sino que depende tambi\u00e9n del comportamiento de sus colaboradores.<\/p>\n<p>Afortunadamente, la reforma del C\u00f3digo Penal del 2015 determina que si la empresa tiene implantado un Modelo de Detecci\u00f3n y Prevenci\u00f3n de Delitos (MPD), seg\u00fan los criterios establecidos en la Ley, salva su responsabilidad por delitos cometidos por sus miembros.<\/p>\n<p>Pero con la apariencia no basta, un mero documento no es suficiente. La Fiscal\u00eda General del Estado es clara en sus circulares:<\/p>\n<p>\u2022Para salvar su responsabilidad en el caso de delitos cometidos por alguno de sus miembros, es imprescindible que la empresa pueda acreditar el compromiso, y la actuaci\u00f3n efectiva y decidida contra la comisi\u00f3n de delitos, tanto en la fase de dise\u00f1o como en la de ejecuci\u00f3n del modelo.<br \/>\n\u2022Para evitar incurrir en responsabilidad penal por acciones delictivas de sus empleados, la Ley establece que la empresa debe acreditar que ha adoptado las medidas necesarias para tratar de evitar estas acciones delictivas, aplicando efectivamente un modelo de detecci\u00f3n y prevenci\u00f3n de delitos, un modelo de \u00abCompliance\u00bb.<\/p>\n<p>En la reforma del C\u00f3digo Penal del 2015, en el art\u00edculo 31 bis, se exime de responsabilidad penal a las empresas cuando hayan implantado un Modelo de Prevenci\u00f3n de Delitos en los t\u00e9rminos de la Ley, y se concreta cu\u00e1l debe ser el dise\u00f1o de los Programas de Cumplimiento Normativo de las empresas.<\/p>\n<p>\u00c9stas han de cumplir los siguientes requisitos de forma documentada, para demostrar su compromiso con la legalidad y no ser sancionadas en caso de actuaciones delictivas de alguno de sus miembros:<\/p>\n<p>1.Explicitaci\u00f3n de la Voluntad de la Organizaci\u00f3n de Rechazar y Prevenir la Comisi\u00f3n de Delitos, mediante Procedimientos y Protocolos espec\u00edficos.<\/p>\n<p>2.Implantaci\u00f3n de un \u00d3rgano de Supervisi\u00f3n Interno ( Compliance Officer ).<\/p>\n<p>3.An\u00e1lisis Peri\u00f3dico de los Riesgos Jur\u00eddico-Penales de la Empresa.<\/p>\n<p>4.Control de los Recursos Financieros de la Empresa, evitando que puedan emplearse por ning\u00fan empleado para cometer delitos, como sobornos o pago de comisiones ilegales.<\/p>\n<p>5.Implantaci\u00f3n de un Sistema y un Canal de Comunicaci\u00f3n de Posibles Riesgos e Incumplimientos.<\/p>\n<p>6.Implantaci\u00f3n de un Sistema Disciplinario compatible con el modelo de \u201d Compliance \u201c.<\/p>\n<p>Se requiere que el modelo se adopte y ejecute con eficacia antes de la comisi\u00f3n del delito, que contenga efectivas medidas de vigilancia y que \u00e9stas sean id\u00f3neas para prevenir el delito.<\/p>\n<p>Es muy importante que la empresa no caiga en el error de limitarse al mero redactado formal de un Modelo de Detecci\u00f3n y Prevenci\u00f3n de Delitos.<\/p>\n<p>Si la empresa no puede acreditar la efectiva realizaci\u00f3n de acciones para aplicar dicho modelo, estar\u00e1 malbaratado un tiempo y un dinero que no le servir\u00e1 para librar de responsabilidad penal ni a la compa\u00f1\u00eda ni a sus administradores y directivos.<\/p>\n<p>Aplicar un Modelo de Detecci\u00f3n y Prevenci\u00f3n de Delitos (MPD), tiene un coste discreto en comparaci\u00f3n con la seguridad que comporta, y carecer del mismo puede tener un coste desorbitado y condicionar la misma viabilidad de la organizaci\u00f3n, a parte de las graves consecuencias personales que puede comportar.<\/p>\n<p>Para ello, contar con la intervenci\u00f3n de profesionales cualificados, capaces de conjugar conocimientos y experiencia, tanto en el \u00e1mbito jur\u00eddico como en el de la organizaci\u00f3n y gesti\u00f3n empresarial, se manifiesta en este momento como indispensable para asegurar el correcto cumplimiento de los requisitos que impone la Ley.<\/p>\n<p>Aplicar un Modelo de Detecci\u00f3n y Prevenci\u00f3n de Delitos y asegurar el cumplimiento normativo, protege a la persona jur\u00eddica y a sus administradores y directivos, liber\u00e1ndolos de responsabilidad por posibles acciones delictivas cometidas por personal a su cargo en el ejercicio de su actividad en la empresa.<\/p>\n<p>&nbsp;<\/p>\n","protected":false},"excerpt":{"rendered":"<p>Hasta el a\u00f1o 2010 a una persona jur\u00eddica no se le pod\u00edan imputar delitos, pero la reforma del C\u00f3digo Penal del a\u00f1o 2010 estableci\u00f3 la Responsabilidad Penal de las Personas Jur\u00eddicas, figura que hasta aquel momento no exist\u00eda. Hasta entonces una persona jur\u00eddica s\u00f3lo pod\u00eda ser responsable civil subsidiaria por acciones delictivas de alguno de<\/p>\n","protected":false},"author":1,"featured_media":83365,"comment_status":"open","ping_status":"closed","sticky":false,"template":"","format":"standard","meta":{"footnotes":""},"categories":[224],"tags":[],"class_list":{"0":"post-83364","1":"post","2":"type-post","3":"status-publish","4":"format-standard","5":"has-post-thumbnail","7":"category-noticias-actualidad"},"aioseo_notices":[],"aioseo_head":"\n\t\t<!-- All in One SEO Pro 4.9.6.1 - aioseo.com -->\n\t<meta name=\"description\" content=\"Hasta el a\u00f1o 2010 a una persona jur\u00eddica no se le pod\u00edan imputar delitos, pero la reforma del C\u00f3digo Penal del a\u00f1o 2010 estableci\u00f3 la Responsabilidad Penal de las Personas Jur\u00eddicas, figura que hasta aquel momento no exist\u00eda. Hasta entonces una persona jur\u00eddica s\u00f3lo pod\u00eda ser responsable civil subsidiaria por acciones delictivas de alguno de\" \/>\n\t<meta name=\"robots\" content=\"max-image-preview:large\" \/>\n\t<meta name=\"author\" content=\"admin\"\/>\n\t<meta name=\"google-site-verification\" content=\"UA-38556648-1\" \/>\n\t<meta name=\"keywords\" content=\"noticias y actualidad\" \/>\n\t<link rel=\"canonical\" href=\"https:\/\/eldigitaldeasturias.com\/magazine365\/una-nueva-espada-de-damocles-pende-sobre-administradores-y-directivos\/\" \/>\n\t<meta name=\"generator\" content=\"All in One SEO Pro (AIOSEO) 4.9.6.1\" \/>\n\t\t<meta property=\"og:locale\" content=\"es_ES\" \/>\n\t\t<meta property=\"og:site_name\" content=\"El Digital de Asturias \u2013 Revista de ocio, turismo y estilo de vida\" \/>\n\t\t<meta property=\"og:type\" content=\"article\" \/>\n\t\t<meta property=\"og:title\" content=\"Una nueva espada de Damocles pende sobre administradores y directivos | El Digital de Asturias\" \/>\n\t\t<meta property=\"og:description\" content=\"Hasta el a\u00f1o 2010 a una persona jur\u00eddica no se le pod\u00edan imputar delitos, pero la reforma del C\u00f3digo Penal del a\u00f1o 2010 estableci\u00f3 la Responsabilidad Penal de las Personas Jur\u00eddicas, figura que hasta aquel momento no exist\u00eda. Hasta entonces una persona jur\u00eddica s\u00f3lo pod\u00eda ser responsable civil subsidiaria por acciones delictivas de alguno de\" \/>\n\t\t<meta property=\"og:url\" content=\"https:\/\/eldigitaldeasturias.com\/magazine365\/una-nueva-espada-de-damocles-pende-sobre-administradores-y-directivos\/\" \/>\n\t\t<meta property=\"og:image\" content=\"https:\/\/eldigitaldeasturias.com\/magazine365\/wp-content\/uploads\/2016\/11\/1477932537_DSC_0010_carnet.jpg\" \/>\n\t\t<meta property=\"og:image:secure_url\" content=\"https:\/\/eldigitaldeasturias.com\/magazine365\/wp-content\/uploads\/2016\/11\/1477932537_DSC_0010_carnet.jpg\" \/>\n\t\t<meta property=\"og:image:width\" content=\"2027\" \/>\n\t\t<meta property=\"og:image:height\" content=\"1756\" \/>\n\t\t<meta property=\"article:published_time\" content=\"2016-11-03T22:44:42+00:00\" \/>\n\t\t<meta property=\"article:modified_time\" content=\"2016-11-03T22:44:42+00:00\" \/>\n\t\t<meta name=\"twitter:card\" content=\"summary_large_image\" \/>\n\t\t<meta name=\"twitter:title\" content=\"Una nueva espada de Damocles pende sobre administradores y directivos | El Digital de Asturias\" \/>\n\t\t<meta name=\"twitter:description\" content=\"Hasta el a\u00f1o 2010 a una persona jur\u00eddica no se le pod\u00edan imputar delitos, pero la reforma del C\u00f3digo Penal del a\u00f1o 2010 estableci\u00f3 la Responsabilidad Penal de las Personas Jur\u00eddicas, figura que hasta aquel momento no exist\u00eda. Hasta entonces una persona jur\u00eddica s\u00f3lo pod\u00eda ser responsable civil subsidiaria por acciones delictivas de alguno de\" \/>\n\t\t<meta name=\"twitter:image\" content=\"https:\/\/eldigitaldeasturias.com\/magazine365\/wp-content\/uploads\/2016\/11\/1477932537_DSC_0010_carnet.jpg\" \/>\n\t\t<script type=\"application\/ld+json\" class=\"aioseo-schema\">\n\t\t\t{\"@context\":\"https:\\\/\\\/schema.org\",\"@graph\":[{\"@type\":\"Article\",\"@id\":\"https:\\\/\\\/eldigitaldeasturias.com\\\/magazine365\\\/una-nueva-espada-de-damocles-pende-sobre-administradores-y-directivos\\\/#article\",\"name\":\"Una nueva espada de Damocles pende sobre administradores y directivos | El Digital de Asturias\",\"headline\":\"Una nueva espada de Damocles pende sobre administradores y directivos\",\"author\":{\"@id\":\"https:\\\/\\\/eldigitaldeasturias.com\\\/magazine365\\\/author\\\/admin\\\/#author\"},\"publisher\":{\"@id\":\"https:\\\/\\\/eldigitaldeasturias.com\\\/magazine365\\\/#organization\"},\"image\":{\"@type\":\"ImageObject\",\"url\":\"https:\\\/\\\/eldigitaldeasturias.com\\\/magazine365\\\/wp-content\\\/uploads\\\/2016\\\/11\\\/1477932537_DSC_0010_carnet.jpg\",\"width\":2027,\"height\":1756},\"datePublished\":\"2016-11-03T23:44:42+01:00\",\"dateModified\":\"2016-11-03T23:44:42+01:00\",\"inLanguage\":\"es-ES\",\"mainEntityOfPage\":{\"@id\":\"https:\\\/\\\/eldigitaldeasturias.com\\\/magazine365\\\/una-nueva-espada-de-damocles-pende-sobre-administradores-y-directivos\\\/#webpage\"},\"isPartOf\":{\"@id\":\"https:\\\/\\\/eldigitaldeasturias.com\\\/magazine365\\\/una-nueva-espada-de-damocles-pende-sobre-administradores-y-directivos\\\/#webpage\"},\"articleSection\":\"Noticias y Actualidad\"},{\"@type\":\"BreadcrumbList\",\"@id\":\"https:\\\/\\\/eldigitaldeasturias.com\\\/magazine365\\\/una-nueva-espada-de-damocles-pende-sobre-administradores-y-directivos\\\/#breadcrumblist\",\"itemListElement\":[{\"@type\":\"ListItem\",\"@id\":\"https:\\\/\\\/eldigitaldeasturias.com\\\/magazine365#listItem\",\"position\":1,\"name\":\"Home\",\"item\":\"https:\\\/\\\/eldigitaldeasturias.com\\\/magazine365\",\"nextItem\":{\"@type\":\"ListItem\",\"@id\":\"https:\\\/\\\/eldigitaldeasturias.com\\\/magazine365\\\/category\\\/noticias-actualidad\\\/#listItem\",\"name\":\"Noticias y Actualidad\"}},{\"@type\":\"ListItem\",\"@id\":\"https:\\\/\\\/eldigitaldeasturias.com\\\/magazine365\\\/category\\\/noticias-actualidad\\\/#listItem\",\"position\":2,\"name\":\"Noticias y Actualidad\",\"item\":\"https:\\\/\\\/eldigitaldeasturias.com\\\/magazine365\\\/category\\\/noticias-actualidad\\\/\",\"nextItem\":{\"@type\":\"ListItem\",\"@id\":\"https:\\\/\\\/eldigitaldeasturias.com\\\/magazine365\\\/una-nueva-espada-de-damocles-pende-sobre-administradores-y-directivos\\\/#listItem\",\"name\":\"Una nueva espada de Damocles pende sobre administradores y directivos\"},\"previousItem\":{\"@type\":\"ListItem\",\"@id\":\"https:\\\/\\\/eldigitaldeasturias.com\\\/magazine365#listItem\",\"name\":\"Home\"}},{\"@type\":\"ListItem\",\"@id\":\"https:\\\/\\\/eldigitaldeasturias.com\\\/magazine365\\\/una-nueva-espada-de-damocles-pende-sobre-administradores-y-directivos\\\/#listItem\",\"position\":3,\"name\":\"Una nueva espada de Damocles pende sobre administradores y directivos\",\"previousItem\":{\"@type\":\"ListItem\",\"@id\":\"https:\\\/\\\/eldigitaldeasturias.com\\\/magazine365\\\/category\\\/noticias-actualidad\\\/#listItem\",\"name\":\"Noticias y Actualidad\"}}]},{\"@type\":\"Organization\",\"@id\":\"https:\\\/\\\/eldigitaldeasturias.com\\\/magazine365\\\/#organization\",\"name\":\"El digital de Asturias\",\"description\":\"Revista de ocio, turismo y estilo de vida\",\"url\":\"https:\\\/\\\/eldigitaldeasturias.com\\\/magazine365\\\/\",\"logo\":{\"@type\":\"ImageObject\",\"url\":\"https:\\\/\\\/www.eldigitaldeasturias.com\\\/noticias\\\/wp-content\\\/uploads\\\/2020\\\/12\\\/EDA.jpg\",\"@id\":\"https:\\\/\\\/eldigitaldeasturias.com\\\/magazine365\\\/una-nueva-espada-de-damocles-pende-sobre-administradores-y-directivos\\\/#organizationLogo\"},\"image\":{\"@id\":\"https:\\\/\\\/eldigitaldeasturias.com\\\/magazine365\\\/una-nueva-espada-de-damocles-pende-sobre-administradores-y-directivos\\\/#organizationLogo\"}},{\"@type\":\"Person\",\"@id\":\"https:\\\/\\\/eldigitaldeasturias.com\\\/magazine365\\\/author\\\/admin\\\/#author\",\"url\":\"https:\\\/\\\/eldigitaldeasturias.com\\\/magazine365\\\/author\\\/admin\\\/\",\"name\":\"admin\",\"image\":{\"@type\":\"ImageObject\",\"@id\":\"https:\\\/\\\/eldigitaldeasturias.com\\\/magazine365\\\/una-nueva-espada-de-damocles-pende-sobre-administradores-y-directivos\\\/#authorImage\",\"url\":\"https:\\\/\\\/eldigitaldeasturias.com\\\/magazine365\\\/wp-content\\\/litespeed\\\/avatar\\\/e571bcf59a0edd6fa6838245a470f2fe.jpg?ver=1776969259\",\"width\":96,\"height\":96,\"caption\":\"admin\"}},{\"@type\":\"WebPage\",\"@id\":\"https:\\\/\\\/eldigitaldeasturias.com\\\/magazine365\\\/una-nueva-espada-de-damocles-pende-sobre-administradores-y-directivos\\\/#webpage\",\"url\":\"https:\\\/\\\/eldigitaldeasturias.com\\\/magazine365\\\/una-nueva-espada-de-damocles-pende-sobre-administradores-y-directivos\\\/\",\"name\":\"Una nueva espada de Damocles pende sobre administradores y directivos | El Digital de Asturias\",\"description\":\"Hasta el a\\u00f1o 2010 a una persona jur\\u00eddica no se le pod\\u00edan imputar delitos, pero la reforma del C\\u00f3digo Penal del a\\u00f1o 2010 estableci\\u00f3 la Responsabilidad Penal de las Personas Jur\\u00eddicas, figura que hasta aquel momento no exist\\u00eda. Hasta entonces una persona jur\\u00eddica s\\u00f3lo pod\\u00eda ser responsable civil subsidiaria por acciones delictivas de alguno de\",\"inLanguage\":\"es-ES\",\"isPartOf\":{\"@id\":\"https:\\\/\\\/eldigitaldeasturias.com\\\/magazine365\\\/#website\"},\"breadcrumb\":{\"@id\":\"https:\\\/\\\/eldigitaldeasturias.com\\\/magazine365\\\/una-nueva-espada-de-damocles-pende-sobre-administradores-y-directivos\\\/#breadcrumblist\"},\"author\":{\"@id\":\"https:\\\/\\\/eldigitaldeasturias.com\\\/magazine365\\\/author\\\/admin\\\/#author\"},\"creator\":{\"@id\":\"https:\\\/\\\/eldigitaldeasturias.com\\\/magazine365\\\/author\\\/admin\\\/#author\"},\"image\":{\"@type\":\"ImageObject\",\"url\":\"https:\\\/\\\/eldigitaldeasturias.com\\\/magazine365\\\/wp-content\\\/uploads\\\/2016\\\/11\\\/1477932537_DSC_0010_carnet.jpg\",\"@id\":\"https:\\\/\\\/eldigitaldeasturias.com\\\/magazine365\\\/una-nueva-espada-de-damocles-pende-sobre-administradores-y-directivos\\\/#mainImage\",\"width\":2027,\"height\":1756},\"primaryImageOfPage\":{\"@id\":\"https:\\\/\\\/eldigitaldeasturias.com\\\/magazine365\\\/una-nueva-espada-de-damocles-pende-sobre-administradores-y-directivos\\\/#mainImage\"},\"datePublished\":\"2016-11-03T23:44:42+01:00\",\"dateModified\":\"2016-11-03T23:44:42+01:00\"},{\"@type\":\"WebSite\",\"@id\":\"https:\\\/\\\/eldigitaldeasturias.com\\\/magazine365\\\/#website\",\"url\":\"https:\\\/\\\/eldigitaldeasturias.com\\\/magazine365\\\/\",\"name\":\"El Digital de Asturias\",\"description\":\"Revista de ocio, turismo y estilo de vida\",\"inLanguage\":\"es-ES\",\"publisher\":{\"@id\":\"https:\\\/\\\/eldigitaldeasturias.com\\\/magazine365\\\/#organization\"}}]}\n\t\t<\/script>\n\t\t<!-- All in One SEO Pro -->\r\n\t\t<title>Una nueva espada de Damocles pende sobre administradores y directivos | El Digital de Asturias<\/title>\n\n","aioseo_head_json":{"title":"Una nueva espada de Damocles pende sobre administradores y directivos | El Digital de Asturias","description":"Hasta el a\u00f1o 2010 a una persona jur\u00eddica no se le pod\u00edan imputar delitos, pero la reforma del C\u00f3digo Penal del a\u00f1o 2010 estableci\u00f3 la Responsabilidad Penal de las Personas Jur\u00eddicas, figura que hasta aquel momento no exist\u00eda. Hasta entonces una persona jur\u00eddica s\u00f3lo pod\u00eda ser responsable civil subsidiaria por acciones delictivas de alguno de","canonical_url":"https:\/\/eldigitaldeasturias.com\/magazine365\/una-nueva-espada-de-damocles-pende-sobre-administradores-y-directivos\/","robots":"max-image-preview:large","keywords":"noticias y actualidad","webmasterTools":{"google-site-verification":"UA-38556648-1","miscellaneous":""},"schema":{"@context":"https:\/\/schema.org","@graph":[{"@type":"Article","@id":"https:\/\/eldigitaldeasturias.com\/magazine365\/una-nueva-espada-de-damocles-pende-sobre-administradores-y-directivos\/#article","name":"Una nueva espada de Damocles pende sobre administradores y directivos | El Digital de Asturias","headline":"Una nueva espada de Damocles pende sobre administradores y directivos","author":{"@id":"https:\/\/eldigitaldeasturias.com\/magazine365\/author\/admin\/#author"},"publisher":{"@id":"https:\/\/eldigitaldeasturias.com\/magazine365\/#organization"},"image":{"@type":"ImageObject","url":"https:\/\/eldigitaldeasturias.com\/magazine365\/wp-content\/uploads\/2016\/11\/1477932537_DSC_0010_carnet.jpg","width":2027,"height":1756},"datePublished":"2016-11-03T23:44:42+01:00","dateModified":"2016-11-03T23:44:42+01:00","inLanguage":"es-ES","mainEntityOfPage":{"@id":"https:\/\/eldigitaldeasturias.com\/magazine365\/una-nueva-espada-de-damocles-pende-sobre-administradores-y-directivos\/#webpage"},"isPartOf":{"@id":"https:\/\/eldigitaldeasturias.com\/magazine365\/una-nueva-espada-de-damocles-pende-sobre-administradores-y-directivos\/#webpage"},"articleSection":"Noticias y Actualidad"},{"@type":"BreadcrumbList","@id":"https:\/\/eldigitaldeasturias.com\/magazine365\/una-nueva-espada-de-damocles-pende-sobre-administradores-y-directivos\/#breadcrumblist","itemListElement":[{"@type":"ListItem","@id":"https:\/\/eldigitaldeasturias.com\/magazine365#listItem","position":1,"name":"Home","item":"https:\/\/eldigitaldeasturias.com\/magazine365","nextItem":{"@type":"ListItem","@id":"https:\/\/eldigitaldeasturias.com\/magazine365\/category\/noticias-actualidad\/#listItem","name":"Noticias y Actualidad"}},{"@type":"ListItem","@id":"https:\/\/eldigitaldeasturias.com\/magazine365\/category\/noticias-actualidad\/#listItem","position":2,"name":"Noticias y Actualidad","item":"https:\/\/eldigitaldeasturias.com\/magazine365\/category\/noticias-actualidad\/","nextItem":{"@type":"ListItem","@id":"https:\/\/eldigitaldeasturias.com\/magazine365\/una-nueva-espada-de-damocles-pende-sobre-administradores-y-directivos\/#listItem","name":"Una nueva espada de Damocles pende sobre administradores y directivos"},"previousItem":{"@type":"ListItem","@id":"https:\/\/eldigitaldeasturias.com\/magazine365#listItem","name":"Home"}},{"@type":"ListItem","@id":"https:\/\/eldigitaldeasturias.com\/magazine365\/una-nueva-espada-de-damocles-pende-sobre-administradores-y-directivos\/#listItem","position":3,"name":"Una nueva espada de Damocles pende sobre administradores y directivos","previousItem":{"@type":"ListItem","@id":"https:\/\/eldigitaldeasturias.com\/magazine365\/category\/noticias-actualidad\/#listItem","name":"Noticias y Actualidad"}}]},{"@type":"Organization","@id":"https:\/\/eldigitaldeasturias.com\/magazine365\/#organization","name":"El digital de Asturias","description":"Revista de ocio, turismo y estilo de vida","url":"https:\/\/eldigitaldeasturias.com\/magazine365\/","logo":{"@type":"ImageObject","url":"https:\/\/www.eldigitaldeasturias.com\/noticias\/wp-content\/uploads\/2020\/12\/EDA.jpg","@id":"https:\/\/eldigitaldeasturias.com\/magazine365\/una-nueva-espada-de-damocles-pende-sobre-administradores-y-directivos\/#organizationLogo"},"image":{"@id":"https:\/\/eldigitaldeasturias.com\/magazine365\/una-nueva-espada-de-damocles-pende-sobre-administradores-y-directivos\/#organizationLogo"}},{"@type":"Person","@id":"https:\/\/eldigitaldeasturias.com\/magazine365\/author\/admin\/#author","url":"https:\/\/eldigitaldeasturias.com\/magazine365\/author\/admin\/","name":"admin","image":{"@type":"ImageObject","@id":"https:\/\/eldigitaldeasturias.com\/magazine365\/una-nueva-espada-de-damocles-pende-sobre-administradores-y-directivos\/#authorImage","url":"https:\/\/eldigitaldeasturias.com\/magazine365\/wp-content\/litespeed\/avatar\/e571bcf59a0edd6fa6838245a470f2fe.jpg?ver=1776969259","width":96,"height":96,"caption":"admin"}},{"@type":"WebPage","@id":"https:\/\/eldigitaldeasturias.com\/magazine365\/una-nueva-espada-de-damocles-pende-sobre-administradores-y-directivos\/#webpage","url":"https:\/\/eldigitaldeasturias.com\/magazine365\/una-nueva-espada-de-damocles-pende-sobre-administradores-y-directivos\/","name":"Una nueva espada de Damocles pende sobre administradores y directivos | El Digital de Asturias","description":"Hasta el a\u00f1o 2010 a una persona jur\u00eddica no se le pod\u00edan imputar delitos, pero la reforma del C\u00f3digo Penal del a\u00f1o 2010 estableci\u00f3 la Responsabilidad Penal de las Personas Jur\u00eddicas, figura que hasta aquel momento no exist\u00eda. Hasta entonces una persona jur\u00eddica s\u00f3lo pod\u00eda ser responsable civil subsidiaria por acciones delictivas de alguno de","inLanguage":"es-ES","isPartOf":{"@id":"https:\/\/eldigitaldeasturias.com\/magazine365\/#website"},"breadcrumb":{"@id":"https:\/\/eldigitaldeasturias.com\/magazine365\/una-nueva-espada-de-damocles-pende-sobre-administradores-y-directivos\/#breadcrumblist"},"author":{"@id":"https:\/\/eldigitaldeasturias.com\/magazine365\/author\/admin\/#author"},"creator":{"@id":"https:\/\/eldigitaldeasturias.com\/magazine365\/author\/admin\/#author"},"image":{"@type":"ImageObject","url":"https:\/\/eldigitaldeasturias.com\/magazine365\/wp-content\/uploads\/2016\/11\/1477932537_DSC_0010_carnet.jpg","@id":"https:\/\/eldigitaldeasturias.com\/magazine365\/una-nueva-espada-de-damocles-pende-sobre-administradores-y-directivos\/#mainImage","width":2027,"height":1756},"primaryImageOfPage":{"@id":"https:\/\/eldigitaldeasturias.com\/magazine365\/una-nueva-espada-de-damocles-pende-sobre-administradores-y-directivos\/#mainImage"},"datePublished":"2016-11-03T23:44:42+01:00","dateModified":"2016-11-03T23:44:42+01:00"},{"@type":"WebSite","@id":"https:\/\/eldigitaldeasturias.com\/magazine365\/#website","url":"https:\/\/eldigitaldeasturias.com\/magazine365\/","name":"El Digital de Asturias","description":"Revista de ocio, turismo y estilo de vida","inLanguage":"es-ES","publisher":{"@id":"https:\/\/eldigitaldeasturias.com\/magazine365\/#organization"}}]},"og:locale":"es_ES","og:site_name":"El Digital de Asturias \u2013 Revista de ocio, turismo y estilo de vida","og:type":"article","og:title":"Una nueva espada de Damocles pende sobre administradores y directivos | El Digital de Asturias","og:description":"Hasta el a\u00f1o 2010 a una persona jur\u00eddica no se le pod\u00edan imputar delitos, pero la reforma del C\u00f3digo Penal del a\u00f1o 2010 estableci\u00f3 la Responsabilidad Penal de las Personas Jur\u00eddicas, figura que hasta aquel momento no exist\u00eda. Hasta entonces una persona jur\u00eddica s\u00f3lo pod\u00eda ser responsable civil subsidiaria por acciones delictivas de alguno de","og:url":"https:\/\/eldigitaldeasturias.com\/magazine365\/una-nueva-espada-de-damocles-pende-sobre-administradores-y-directivos\/","og:image":"https:\/\/eldigitaldeasturias.com\/magazine365\/wp-content\/uploads\/2016\/11\/1477932537_DSC_0010_carnet.jpg","og:image:secure_url":"https:\/\/eldigitaldeasturias.com\/magazine365\/wp-content\/uploads\/2016\/11\/1477932537_DSC_0010_carnet.jpg","og:image:width":2027,"og:image:height":1756,"article:published_time":"2016-11-03T22:44:42+00:00","article:modified_time":"2016-11-03T22:44:42+00:00","twitter:card":"summary_large_image","twitter:title":"Una nueva espada de Damocles pende sobre administradores y directivos | El Digital de Asturias","twitter:description":"Hasta el a\u00f1o 2010 a una persona jur\u00eddica no se le pod\u00edan imputar delitos, pero la reforma del C\u00f3digo Penal del a\u00f1o 2010 estableci\u00f3 la Responsabilidad Penal de las Personas Jur\u00eddicas, figura que hasta aquel momento no exist\u00eda. Hasta entonces una persona jur\u00eddica s\u00f3lo pod\u00eda ser responsable civil subsidiaria por acciones delictivas de alguno de","twitter:image":"https:\/\/eldigitaldeasturias.com\/magazine365\/wp-content\/uploads\/2016\/11\/1477932537_DSC_0010_carnet.jpg"},"aioseo_meta_data":{"post_id":"83364","title":null,"description":null,"keywords":null,"keyphrases":null,"primary_term":null,"canonical_url":null,"og_title":null,"og_description":null,"og_object_type":"default","og_image_type":"default","og_image_url":null,"og_image_width":null,"og_image_height":null,"og_image_custom_url":null,"og_image_custom_fields":null,"og_video":null,"og_custom_url":null,"og_article_section":null,"og_article_tags":null,"twitter_use_og":false,"twitter_card":"default","twitter_image_type":"default","twitter_image_url":null,"twitter_image_custom_url":null,"twitter_image_custom_fields":null,"twitter_title":null,"twitter_description":null,"schema":{"blockGraphs":[],"customGraphs":[],"default":{"data":{"Article":[],"Course":[],"Dataset":[],"FAQPage":[],"Movie":[],"Person":[],"Product":[],"ProductReview":[],"Car":[],"Recipe":[],"Service":[],"SoftwareApplication":[],"WebPage":[]},"graphName":"","isEnabled":true},"graphs":[],"defaultGraph":"","defaultPostTypeGraph":""},"schema_type":null,"schema_type_options":null,"pillar_content":false,"robots_default":true,"robots_noindex":false,"robots_noarchive":false,"robots_nosnippet":false,"robots_nofollow":false,"robots_noimageindex":false,"robots_noodp":false,"robots_notranslate":false,"robots_max_snippet":null,"robots_max_videopreview":null,"robots_max_imagepreview":"large","priority":null,"frequency":null,"location":null,"local_seo":null,"seo_analyzer_scan_date":"2025-09-28 02:53:14","breadcrumb_settings":null,"limit_modified_date":false,"open_ai":null,"ai":null,"created":"2020-12-21 15:30:05","updated":"2025-09-28 02:53:14"},"aioseo_breadcrumb":"<div class=\"aioseo-breadcrumbs\"><span class=\"aioseo-breadcrumb\">\n\t<a href=\"https:\/\/eldigitaldeasturias.com\/magazine365\" title=\"Home\">Home<\/a>\n<\/span><span class=\"aioseo-breadcrumb-separator\">\u2013<\/span><span class=\"aioseo-breadcrumb\">\n\t<a href=\"https:\/\/eldigitaldeasturias.com\/magazine365\/category\/noticias-actualidad\/\" title=\"Noticias y Actualidad\">Noticias y Actualidad<\/a>\n<\/span><span class=\"aioseo-breadcrumb-separator\">\u2013<\/span><span class=\"aioseo-breadcrumb\">\n\t<a href=\"https:\/\/eldigitaldeasturias.com\/magazine365\/una-nueva-espada-de-damocles-pende-sobre-administradores-y-directivos\/\" title=\"Una nueva espada de Damocles pende sobre administradores y directivos\">Una nueva espada de Damocles pende sobre administradores y directivos<\/a>\n<\/span><\/div>","aioseo_breadcrumb_json":[{"label":"Home","link":"https:\/\/eldigitaldeasturias.com\/magazine365"},{"label":"Noticias y Actualidad","link":"https:\/\/eldigitaldeasturias.com\/magazine365\/category\/noticias-actualidad\/"},{"label":"Una nueva espada de Damocles pende sobre administradores y directivos","link":"https:\/\/eldigitaldeasturias.com\/magazine365\/una-nueva-espada-de-damocles-pende-sobre-administradores-y-directivos\/"}],"_links":{"self":[{"href":"https:\/\/eldigitaldeasturias.com\/magazine365\/wp-json\/wp\/v2\/posts\/83364","targetHints":{"allow":["GET"]}}],"collection":[{"href":"https:\/\/eldigitaldeasturias.com\/magazine365\/wp-json\/wp\/v2\/posts"}],"about":[{"href":"https:\/\/eldigitaldeasturias.com\/magazine365\/wp-json\/wp\/v2\/types\/post"}],"author":[{"embeddable":true,"href":"https:\/\/eldigitaldeasturias.com\/magazine365\/wp-json\/wp\/v2\/users\/1"}],"replies":[{"embeddable":true,"href":"https:\/\/eldigitaldeasturias.com\/magazine365\/wp-json\/wp\/v2\/comments?post=83364"}],"version-history":[{"count":0,"href":"https:\/\/eldigitaldeasturias.com\/magazine365\/wp-json\/wp\/v2\/posts\/83364\/revisions"}],"wp:featuredmedia":[{"embeddable":true,"href":"https:\/\/eldigitaldeasturias.com\/magazine365\/wp-json\/wp\/v2\/media\/83365"}],"wp:attachment":[{"href":"https:\/\/eldigitaldeasturias.com\/magazine365\/wp-json\/wp\/v2\/media?parent=83364"}],"wp:term":[{"taxonomy":"category","embeddable":true,"href":"https:\/\/eldigitaldeasturias.com\/magazine365\/wp-json\/wp\/v2\/categories?post=83364"},{"taxonomy":"post_tag","embeddable":true,"href":"https:\/\/eldigitaldeasturias.com\/magazine365\/wp-json\/wp\/v2\/tags?post=83364"}],"curies":[{"name":"wp","href":"https:\/\/api.w.org\/{rel}","templated":true}]}}