{"id":83349,"date":"2016-11-03T23:36:06","date_gmt":"2016-11-03T22:36:06","guid":{"rendered":"http:\/\/eldigitaldeasturias.com\/magazine365\/?p=83349"},"modified":"2016-11-03T23:36:06","modified_gmt":"2016-11-03T22:36:06","slug":"celebra-noviembre-con-montes-de-galicia-y-matarromera","status":"publish","type":"post","link":"https:\/\/eldigitaldeasturias.com\/magazine365\/celebra-noviembre-con-montes-de-galicia-y-matarromera\/","title":{"rendered":"Celebra noviembre con Montes de Galicia y Matarromera"},"content":{"rendered":"<p><img fetchpriority=\"high\" decoding=\"async\" class=\"alignleft size-medium wp-image-83350\" src=\"https:\/\/eldigitaldeasturias.com\/magazine365\/wp-content\/uploads\/2016\/11\/1478079229_13661878_1110573505656749_5028180430366513805_o-360x240.jpg\" alt=\"1478079229_13661878_1110573505656749_5028180430366513805_o\" width=\"360\" height=\"240\" srcset=\"https:\/\/eldigitaldeasturias.com\/magazine365\/wp-content\/uploads\/2016\/11\/1478079229_13661878_1110573505656749_5028180430366513805_o-360x240.jpg 360w, https:\/\/eldigitaldeasturias.com\/magazine365\/wp-content\/uploads\/2016\/11\/1478079229_13661878_1110573505656749_5028180430366513805_o-650x433.jpg 650w, https:\/\/eldigitaldeasturias.com\/magazine365\/wp-content\/uploads\/2016\/11\/1478079229_13661878_1110573505656749_5028180430366513805_o-768x512.jpg 768w, https:\/\/eldigitaldeasturias.com\/magazine365\/wp-content\/uploads\/2016\/11\/1478079229_13661878_1110573505656749_5028180430366513805_o-1536x1024.jpg 1536w, https:\/\/eldigitaldeasturias.com\/magazine365\/wp-content\/uploads\/2016\/11\/1478079229_13661878_1110573505656749_5028180430366513805_o-150x100.jpg 150w, https:\/\/eldigitaldeasturias.com\/magazine365\/wp-content\/uploads\/2016\/11\/1478079229_13661878_1110573505656749_5028180430366513805_o-450x300.jpg 450w, https:\/\/eldigitaldeasturias.com\/magazine365\/wp-content\/uploads\/2016\/11\/1478079229_13661878_1110573505656749_5028180430366513805_o-1200x800.jpg 1200w, https:\/\/eldigitaldeasturias.com\/magazine365\/wp-content\/uploads\/2016\/11\/1478079229_13661878_1110573505656749_5028180430366513805_o-101x66.jpg 101w, https:\/\/eldigitaldeasturias.com\/magazine365\/wp-content\/uploads\/2016\/11\/1478079229_13661878_1110573505656749_5028180430366513805_o.jpg 2048w\" sizes=\"(max-width: 360px) 100vw, 360px\" \/>Los Montes de Galicia ofrece a la capital madrile\u00f1a el sabor m\u00e1s aut\u00e9ntico de las tierras gallegas. Este mes lo hace con su \u201cMen\u00fa Select\u201d, donde se podr\u00e1 degustar una gran variedad de platos t\u00edpicos, acompa\u00f1ados de un maridaje de lujo con grandes vinos como el Albari\u00f1o de la casa o el Matarromera Prestigio 2011. Un vino que destaca por su equilibrada acidez y un final largo y agradable.<\/p>\n<p>El men\u00fa se abre con 7 entrantes a compartir, entre los que destacan el cl\u00e1sico Pulpo a feira, el caldo gallego, el Caviar de Wagyu o la mejor cecina \u2018\u2019Finca Santa Rosal\u00eda\u2019\u2019.<\/p>\n<p>Los segundos se componen de 9 platos a elegir, donde no faltan el rodaballo con ajada gallega, una fant\u00e1stica carrillera de ternera o el selecto lomo bajo de vaca, madurado en seco 60 d\u00edas.<\/p>\n<p>El toque dulce de esta comida lo protagonizan la filloa rellena de mousse de queso y algo m\u00e1s ligero como el sorbete de lim\u00f3n al cava. Disfrutar de un Gin Tonic de Nordes Gin y Celtic Gin marcar\u00e1 el punto y final de este maravilloso men\u00fa. Precio: 59 \u20ac<\/p>\n<p>Acerca de Los Montes de Galicia<\/p>\n<p>Situado en el coraz\u00f3n de la capital y considerado el #mejorgallegodeMadrid, Montes de Galicia ofrece la mejor cocina fusi\u00f3n, a caballo entre la tradici\u00f3n del norte y lo m\u00e1s vanguardista de la nouvelle cuisine que se reinventa a diario. Un restaurante donde el producto, aderezado y cuidado hasta el extremo nos transporta a los bosques y los pueblos m\u00e1gicos de Galicia. Todo en un exquisito ambiente que recoge y acompa\u00f1a a los comensales, donde el frescor de los azules del cant\u00e1brico se mezcla con los viol\u00e1ceos del atl\u00e1ntico y los verdores de la tierra h\u00fameda, para que todo sea disfrutar.<\/p>\n<p>Para su due\u00f1o, Jose Espasand\u00edn, propietario del restaurante desde 1997, ser considerados como el mejor restaurante gallego de Madrid simboliza algo m\u00e1s grande que una simple distinci\u00f3n, es sobre todo un reto que le hace superarse d\u00eda a d\u00eda. Gracias a esta filosof\u00eda han llegado a lo m\u00e1s alto de la gastronom\u00eda madrile\u00f1a, logrando magn\u00edficas valoraciones en la aplicaci\u00f3n Tripadvisor, entre los mejores restaurantes de Madrid, y el mejor de todos entre los exponentes de la cocina gallega en la capital.<\/p>\n<p>La celebrada carta ha sido creada con los m\u00e1s selectos productos de la tierra y est\u00e1 basada en la dieta atl\u00e1ntica_ que poco tiene que envidiar a la mediterr\u00e1nea. En Montes de Galicia la salud y el placer no est\u00e1n re\u00f1idos, bailan juntos, como meigas, alrededor del puchero.<\/p>\n<p>Y para todos aquellos que quieran disfrutar de un agradable espacio en compa\u00f1\u00eda de amigos, un afterwork con compa\u00f1eros de trabajo o tomar algo en pareja\u2026 Montes de Galicia ha creado un espacio cocteler\u00eda inigualable, abierto hasta las 2,30 de la madrugada \u00bfQui\u00e9n da m\u00e1s?<\/p>\n<p>&nbsp;<\/p>\n","protected":false},"excerpt":{"rendered":"<p>Los Montes de Galicia ofrece a la capital madrile\u00f1a el sabor m\u00e1s aut\u00e9ntico de las tierras gallegas. Este mes lo hace con su \u201cMen\u00fa Select\u201d, donde se podr\u00e1 degustar una gran variedad de platos t\u00edpicos, acompa\u00f1ados de un maridaje de lujo con grandes vinos como el Albari\u00f1o de la casa o el Matarromera Prestigio 2011.<\/p>\n","protected":false},"author":1,"featured_media":83350,"comment_status":"open","ping_status":"closed","sticky":false,"template":"","format":"standard","meta":{"footnotes":""},"categories":[224],"tags":[],"class_list":{"0":"post-83349","1":"post","2":"type-post","3":"status-publish","4":"format-standard","5":"has-post-thumbnail","7":"category-noticias-actualidad"},"aioseo_notices":[],"aioseo_head":"\n\t\t<!-- All in One SEO Pro 4.9.6.1 - aioseo.com -->\n\t<meta name=\"description\" content=\"Los Montes de Galicia ofrece a la capital madrile\u00f1a el sabor m\u00e1s aut\u00e9ntico de las tierras gallegas. Este mes lo hace con su \u201cMen\u00fa Select\u201d, donde se podr\u00e1 degustar una gran variedad de platos t\u00edpicos, acompa\u00f1ados de un maridaje de lujo con grandes vinos como el Albari\u00f1o de la casa o el Matarromera Prestigio 2011.\" \/>\n\t<meta name=\"robots\" content=\"max-image-preview:large\" \/>\n\t<meta name=\"author\" content=\"admin\"\/>\n\t<meta name=\"google-site-verification\" content=\"UA-38556648-1\" \/>\n\t<meta name=\"keywords\" content=\"noticias y actualidad\" \/>\n\t<link rel=\"canonical\" href=\"https:\/\/eldigitaldeasturias.com\/magazine365\/celebra-noviembre-con-montes-de-galicia-y-matarromera\/\" \/>\n\t<meta name=\"generator\" content=\"All in One SEO Pro (AIOSEO) 4.9.6.1\" \/>\n\t\t<meta property=\"og:locale\" content=\"es_ES\" \/>\n\t\t<meta property=\"og:site_name\" content=\"El Digital de Asturias \u2013 Revista de ocio, turismo y estilo de vida\" \/>\n\t\t<meta property=\"og:type\" content=\"article\" \/>\n\t\t<meta property=\"og:title\" content=\"Celebra noviembre con Montes de Galicia y Matarromera | El Digital de Asturias\" \/>\n\t\t<meta property=\"og:description\" content=\"Los Montes de Galicia ofrece a la capital madrile\u00f1a el sabor m\u00e1s aut\u00e9ntico de las tierras gallegas. Este mes lo hace con su \u201cMen\u00fa Select\u201d, donde se podr\u00e1 degustar una gran variedad de platos t\u00edpicos, acompa\u00f1ados de un maridaje de lujo con grandes vinos como el Albari\u00f1o de la casa o el Matarromera Prestigio 2011.\" \/>\n\t\t<meta property=\"og:url\" content=\"https:\/\/eldigitaldeasturias.com\/magazine365\/celebra-noviembre-con-montes-de-galicia-y-matarromera\/\" \/>\n\t\t<meta property=\"og:image\" content=\"https:\/\/eldigitaldeasturias.com\/magazine365\/wp-content\/uploads\/2016\/11\/1478079229_13661878_1110573505656749_5028180430366513805_o.jpg\" \/>\n\t\t<meta property=\"og:image:secure_url\" content=\"https:\/\/eldigitaldeasturias.com\/magazine365\/wp-content\/uploads\/2016\/11\/1478079229_13661878_1110573505656749_5028180430366513805_o.jpg\" \/>\n\t\t<meta property=\"og:image:width\" content=\"2048\" \/>\n\t\t<meta property=\"og:image:height\" content=\"1365\" \/>\n\t\t<meta property=\"article:published_time\" content=\"2016-11-03T22:36:06+00:00\" \/>\n\t\t<meta property=\"article:modified_time\" content=\"2016-11-03T22:36:06+00:00\" \/>\n\t\t<meta name=\"twitter:card\" content=\"summary_large_image\" \/>\n\t\t<meta name=\"twitter:title\" content=\"Celebra noviembre con Montes de Galicia y Matarromera | El Digital de Asturias\" \/>\n\t\t<meta name=\"twitter:description\" content=\"Los Montes de Galicia ofrece a la capital madrile\u00f1a el sabor m\u00e1s aut\u00e9ntico de las tierras gallegas. Este mes lo hace con su \u201cMen\u00fa Select\u201d, donde se podr\u00e1 degustar una gran variedad de platos t\u00edpicos, acompa\u00f1ados de un maridaje de lujo con grandes vinos como el Albari\u00f1o de la casa o el Matarromera Prestigio 2011.\" \/>\n\t\t<meta name=\"twitter:image\" content=\"https:\/\/eldigitaldeasturias.com\/magazine365\/wp-content\/uploads\/2016\/11\/1478079229_13661878_1110573505656749_5028180430366513805_o.jpg\" \/>\n\t\t<script type=\"application\/ld+json\" class=\"aioseo-schema\">\n\t\t\t{\"@context\":\"https:\\\/\\\/schema.org\",\"@graph\":[{\"@type\":\"Article\",\"@id\":\"https:\\\/\\\/eldigitaldeasturias.com\\\/magazine365\\\/celebra-noviembre-con-montes-de-galicia-y-matarromera\\\/#article\",\"name\":\"Celebra noviembre con Montes de Galicia y Matarromera | El Digital de Asturias\",\"headline\":\"Celebra noviembre con Montes de Galicia y Matarromera\",\"author\":{\"@id\":\"https:\\\/\\\/eldigitaldeasturias.com\\\/magazine365\\\/author\\\/admin\\\/#author\"},\"publisher\":{\"@id\":\"https:\\\/\\\/eldigitaldeasturias.com\\\/magazine365\\\/#organization\"},\"image\":{\"@type\":\"ImageObject\",\"url\":\"https:\\\/\\\/eldigitaldeasturias.com\\\/magazine365\\\/wp-content\\\/uploads\\\/2016\\\/11\\\/1478079229_13661878_1110573505656749_5028180430366513805_o.jpg\",\"width\":2048,\"height\":1365},\"datePublished\":\"2016-11-03T23:36:06+01:00\",\"dateModified\":\"2016-11-03T23:36:06+01:00\",\"inLanguage\":\"es-ES\",\"mainEntityOfPage\":{\"@id\":\"https:\\\/\\\/eldigitaldeasturias.com\\\/magazine365\\\/celebra-noviembre-con-montes-de-galicia-y-matarromera\\\/#webpage\"},\"isPartOf\":{\"@id\":\"https:\\\/\\\/eldigitaldeasturias.com\\\/magazine365\\\/celebra-noviembre-con-montes-de-galicia-y-matarromera\\\/#webpage\"},\"articleSection\":\"Noticias y Actualidad\"},{\"@type\":\"BreadcrumbList\",\"@id\":\"https:\\\/\\\/eldigitaldeasturias.com\\\/magazine365\\\/celebra-noviembre-con-montes-de-galicia-y-matarromera\\\/#breadcrumblist\",\"itemListElement\":[{\"@type\":\"ListItem\",\"@id\":\"https:\\\/\\\/eldigitaldeasturias.com\\\/magazine365#listItem\",\"position\":1,\"name\":\"Home\",\"item\":\"https:\\\/\\\/eldigitaldeasturias.com\\\/magazine365\",\"nextItem\":{\"@type\":\"ListItem\",\"@id\":\"https:\\\/\\\/eldigitaldeasturias.com\\\/magazine365\\\/category\\\/noticias-actualidad\\\/#listItem\",\"name\":\"Noticias y Actualidad\"}},{\"@type\":\"ListItem\",\"@id\":\"https:\\\/\\\/eldigitaldeasturias.com\\\/magazine365\\\/category\\\/noticias-actualidad\\\/#listItem\",\"position\":2,\"name\":\"Noticias y Actualidad\",\"item\":\"https:\\\/\\\/eldigitaldeasturias.com\\\/magazine365\\\/category\\\/noticias-actualidad\\\/\",\"nextItem\":{\"@type\":\"ListItem\",\"@id\":\"https:\\\/\\\/eldigitaldeasturias.com\\\/magazine365\\\/celebra-noviembre-con-montes-de-galicia-y-matarromera\\\/#listItem\",\"name\":\"Celebra noviembre con Montes de Galicia y Matarromera\"},\"previousItem\":{\"@type\":\"ListItem\",\"@id\":\"https:\\\/\\\/eldigitaldeasturias.com\\\/magazine365#listItem\",\"name\":\"Home\"}},{\"@type\":\"ListItem\",\"@id\":\"https:\\\/\\\/eldigitaldeasturias.com\\\/magazine365\\\/celebra-noviembre-con-montes-de-galicia-y-matarromera\\\/#listItem\",\"position\":3,\"name\":\"Celebra noviembre con Montes de Galicia y Matarromera\",\"previousItem\":{\"@type\":\"ListItem\",\"@id\":\"https:\\\/\\\/eldigitaldeasturias.com\\\/magazine365\\\/category\\\/noticias-actualidad\\\/#listItem\",\"name\":\"Noticias y Actualidad\"}}]},{\"@type\":\"Organization\",\"@id\":\"https:\\\/\\\/eldigitaldeasturias.com\\\/magazine365\\\/#organization\",\"name\":\"El digital de Asturias\",\"description\":\"Revista de ocio, turismo y estilo de vida\",\"url\":\"https:\\\/\\\/eldigitaldeasturias.com\\\/magazine365\\\/\",\"logo\":{\"@type\":\"ImageObject\",\"url\":\"https:\\\/\\\/www.eldigitaldeasturias.com\\\/noticias\\\/wp-content\\\/uploads\\\/2020\\\/12\\\/EDA.jpg\",\"@id\":\"https:\\\/\\\/eldigitaldeasturias.com\\\/magazine365\\\/celebra-noviembre-con-montes-de-galicia-y-matarromera\\\/#organizationLogo\"},\"image\":{\"@id\":\"https:\\\/\\\/eldigitaldeasturias.com\\\/magazine365\\\/celebra-noviembre-con-montes-de-galicia-y-matarromera\\\/#organizationLogo\"}},{\"@type\":\"Person\",\"@id\":\"https:\\\/\\\/eldigitaldeasturias.com\\\/magazine365\\\/author\\\/admin\\\/#author\",\"url\":\"https:\\\/\\\/eldigitaldeasturias.com\\\/magazine365\\\/author\\\/admin\\\/\",\"name\":\"admin\",\"image\":{\"@type\":\"ImageObject\",\"@id\":\"https:\\\/\\\/eldigitaldeasturias.com\\\/magazine365\\\/celebra-noviembre-con-montes-de-galicia-y-matarromera\\\/#authorImage\",\"url\":\"https:\\\/\\\/eldigitaldeasturias.com\\\/magazine365\\\/wp-content\\\/litespeed\\\/avatar\\\/e571bcf59a0edd6fa6838245a470f2fe.jpg?ver=1776969259\",\"width\":96,\"height\":96,\"caption\":\"admin\"}},{\"@type\":\"WebPage\",\"@id\":\"https:\\\/\\\/eldigitaldeasturias.com\\\/magazine365\\\/celebra-noviembre-con-montes-de-galicia-y-matarromera\\\/#webpage\",\"url\":\"https:\\\/\\\/eldigitaldeasturias.com\\\/magazine365\\\/celebra-noviembre-con-montes-de-galicia-y-matarromera\\\/\",\"name\":\"Celebra noviembre con Montes de Galicia y Matarromera | El Digital de Asturias\",\"description\":\"Los Montes de Galicia ofrece a la capital madrile\\u00f1a el sabor m\\u00e1s aut\\u00e9ntico de las tierras gallegas. Este mes lo hace con su \\u201cMen\\u00fa Select\\u201d, donde se podr\\u00e1 degustar una gran variedad de platos t\\u00edpicos, acompa\\u00f1ados de un maridaje de lujo con grandes vinos como el Albari\\u00f1o de la casa o el Matarromera Prestigio 2011.\",\"inLanguage\":\"es-ES\",\"isPartOf\":{\"@id\":\"https:\\\/\\\/eldigitaldeasturias.com\\\/magazine365\\\/#website\"},\"breadcrumb\":{\"@id\":\"https:\\\/\\\/eldigitaldeasturias.com\\\/magazine365\\\/celebra-noviembre-con-montes-de-galicia-y-matarromera\\\/#breadcrumblist\"},\"author\":{\"@id\":\"https:\\\/\\\/eldigitaldeasturias.com\\\/magazine365\\\/author\\\/admin\\\/#author\"},\"creator\":{\"@id\":\"https:\\\/\\\/eldigitaldeasturias.com\\\/magazine365\\\/author\\\/admin\\\/#author\"},\"image\":{\"@type\":\"ImageObject\",\"url\":\"https:\\\/\\\/eldigitaldeasturias.com\\\/magazine365\\\/wp-content\\\/uploads\\\/2016\\\/11\\\/1478079229_13661878_1110573505656749_5028180430366513805_o.jpg\",\"@id\":\"https:\\\/\\\/eldigitaldeasturias.com\\\/magazine365\\\/celebra-noviembre-con-montes-de-galicia-y-matarromera\\\/#mainImage\",\"width\":2048,\"height\":1365},\"primaryImageOfPage\":{\"@id\":\"https:\\\/\\\/eldigitaldeasturias.com\\\/magazine365\\\/celebra-noviembre-con-montes-de-galicia-y-matarromera\\\/#mainImage\"},\"datePublished\":\"2016-11-03T23:36:06+01:00\",\"dateModified\":\"2016-11-03T23:36:06+01:00\"},{\"@type\":\"WebSite\",\"@id\":\"https:\\\/\\\/eldigitaldeasturias.com\\\/magazine365\\\/#website\",\"url\":\"https:\\\/\\\/eldigitaldeasturias.com\\\/magazine365\\\/\",\"name\":\"El Digital de Asturias\",\"description\":\"Revista de ocio, turismo y estilo de vida\",\"inLanguage\":\"es-ES\",\"publisher\":{\"@id\":\"https:\\\/\\\/eldigitaldeasturias.com\\\/magazine365\\\/#organization\"}}]}\n\t\t<\/script>\n\t\t<!-- All in One SEO Pro -->\r\n\t\t<title>Celebra noviembre con Montes de Galicia y Matarromera | El Digital de Asturias<\/title>\n\n","aioseo_head_json":{"title":"Celebra noviembre con Montes de Galicia y Matarromera | El Digital de Asturias","description":"Los Montes de Galicia ofrece a la capital madrile\u00f1a el sabor m\u00e1s aut\u00e9ntico de las tierras gallegas. Este mes lo hace con su \u201cMen\u00fa Select\u201d, donde se podr\u00e1 degustar una gran variedad de platos t\u00edpicos, acompa\u00f1ados de un maridaje de lujo con grandes vinos como el Albari\u00f1o de la casa o el Matarromera Prestigio 2011.","canonical_url":"https:\/\/eldigitaldeasturias.com\/magazine365\/celebra-noviembre-con-montes-de-galicia-y-matarromera\/","robots":"max-image-preview:large","keywords":"noticias y actualidad","webmasterTools":{"google-site-verification":"UA-38556648-1","miscellaneous":""},"schema":{"@context":"https:\/\/schema.org","@graph":[{"@type":"Article","@id":"https:\/\/eldigitaldeasturias.com\/magazine365\/celebra-noviembre-con-montes-de-galicia-y-matarromera\/#article","name":"Celebra noviembre con Montes de Galicia y Matarromera | El Digital de Asturias","headline":"Celebra noviembre con Montes de Galicia y Matarromera","author":{"@id":"https:\/\/eldigitaldeasturias.com\/magazine365\/author\/admin\/#author"},"publisher":{"@id":"https:\/\/eldigitaldeasturias.com\/magazine365\/#organization"},"image":{"@type":"ImageObject","url":"https:\/\/eldigitaldeasturias.com\/magazine365\/wp-content\/uploads\/2016\/11\/1478079229_13661878_1110573505656749_5028180430366513805_o.jpg","width":2048,"height":1365},"datePublished":"2016-11-03T23:36:06+01:00","dateModified":"2016-11-03T23:36:06+01:00","inLanguage":"es-ES","mainEntityOfPage":{"@id":"https:\/\/eldigitaldeasturias.com\/magazine365\/celebra-noviembre-con-montes-de-galicia-y-matarromera\/#webpage"},"isPartOf":{"@id":"https:\/\/eldigitaldeasturias.com\/magazine365\/celebra-noviembre-con-montes-de-galicia-y-matarromera\/#webpage"},"articleSection":"Noticias y Actualidad"},{"@type":"BreadcrumbList","@id":"https:\/\/eldigitaldeasturias.com\/magazine365\/celebra-noviembre-con-montes-de-galicia-y-matarromera\/#breadcrumblist","itemListElement":[{"@type":"ListItem","@id":"https:\/\/eldigitaldeasturias.com\/magazine365#listItem","position":1,"name":"Home","item":"https:\/\/eldigitaldeasturias.com\/magazine365","nextItem":{"@type":"ListItem","@id":"https:\/\/eldigitaldeasturias.com\/magazine365\/category\/noticias-actualidad\/#listItem","name":"Noticias y Actualidad"}},{"@type":"ListItem","@id":"https:\/\/eldigitaldeasturias.com\/magazine365\/category\/noticias-actualidad\/#listItem","position":2,"name":"Noticias y Actualidad","item":"https:\/\/eldigitaldeasturias.com\/magazine365\/category\/noticias-actualidad\/","nextItem":{"@type":"ListItem","@id":"https:\/\/eldigitaldeasturias.com\/magazine365\/celebra-noviembre-con-montes-de-galicia-y-matarromera\/#listItem","name":"Celebra noviembre con Montes de Galicia y Matarromera"},"previousItem":{"@type":"ListItem","@id":"https:\/\/eldigitaldeasturias.com\/magazine365#listItem","name":"Home"}},{"@type":"ListItem","@id":"https:\/\/eldigitaldeasturias.com\/magazine365\/celebra-noviembre-con-montes-de-galicia-y-matarromera\/#listItem","position":3,"name":"Celebra noviembre con Montes de Galicia y Matarromera","previousItem":{"@type":"ListItem","@id":"https:\/\/eldigitaldeasturias.com\/magazine365\/category\/noticias-actualidad\/#listItem","name":"Noticias y Actualidad"}}]},{"@type":"Organization","@id":"https:\/\/eldigitaldeasturias.com\/magazine365\/#organization","name":"El digital de Asturias","description":"Revista de ocio, turismo y estilo de vida","url":"https:\/\/eldigitaldeasturias.com\/magazine365\/","logo":{"@type":"ImageObject","url":"https:\/\/www.eldigitaldeasturias.com\/noticias\/wp-content\/uploads\/2020\/12\/EDA.jpg","@id":"https:\/\/eldigitaldeasturias.com\/magazine365\/celebra-noviembre-con-montes-de-galicia-y-matarromera\/#organizationLogo"},"image":{"@id":"https:\/\/eldigitaldeasturias.com\/magazine365\/celebra-noviembre-con-montes-de-galicia-y-matarromera\/#organizationLogo"}},{"@type":"Person","@id":"https:\/\/eldigitaldeasturias.com\/magazine365\/author\/admin\/#author","url":"https:\/\/eldigitaldeasturias.com\/magazine365\/author\/admin\/","name":"admin","image":{"@type":"ImageObject","@id":"https:\/\/eldigitaldeasturias.com\/magazine365\/celebra-noviembre-con-montes-de-galicia-y-matarromera\/#authorImage","url":"https:\/\/eldigitaldeasturias.com\/magazine365\/wp-content\/litespeed\/avatar\/e571bcf59a0edd6fa6838245a470f2fe.jpg?ver=1776969259","width":96,"height":96,"caption":"admin"}},{"@type":"WebPage","@id":"https:\/\/eldigitaldeasturias.com\/magazine365\/celebra-noviembre-con-montes-de-galicia-y-matarromera\/#webpage","url":"https:\/\/eldigitaldeasturias.com\/magazine365\/celebra-noviembre-con-montes-de-galicia-y-matarromera\/","name":"Celebra noviembre con Montes de Galicia y Matarromera | El Digital de Asturias","description":"Los Montes de Galicia ofrece a la capital madrile\u00f1a el sabor m\u00e1s aut\u00e9ntico de las tierras gallegas. Este mes lo hace con su \u201cMen\u00fa Select\u201d, donde se podr\u00e1 degustar una gran variedad de platos t\u00edpicos, acompa\u00f1ados de un maridaje de lujo con grandes vinos como el Albari\u00f1o de la casa o el Matarromera Prestigio 2011.","inLanguage":"es-ES","isPartOf":{"@id":"https:\/\/eldigitaldeasturias.com\/magazine365\/#website"},"breadcrumb":{"@id":"https:\/\/eldigitaldeasturias.com\/magazine365\/celebra-noviembre-con-montes-de-galicia-y-matarromera\/#breadcrumblist"},"author":{"@id":"https:\/\/eldigitaldeasturias.com\/magazine365\/author\/admin\/#author"},"creator":{"@id":"https:\/\/eldigitaldeasturias.com\/magazine365\/author\/admin\/#author"},"image":{"@type":"ImageObject","url":"https:\/\/eldigitaldeasturias.com\/magazine365\/wp-content\/uploads\/2016\/11\/1478079229_13661878_1110573505656749_5028180430366513805_o.jpg","@id":"https:\/\/eldigitaldeasturias.com\/magazine365\/celebra-noviembre-con-montes-de-galicia-y-matarromera\/#mainImage","width":2048,"height":1365},"primaryImageOfPage":{"@id":"https:\/\/eldigitaldeasturias.com\/magazine365\/celebra-noviembre-con-montes-de-galicia-y-matarromera\/#mainImage"},"datePublished":"2016-11-03T23:36:06+01:00","dateModified":"2016-11-03T23:36:06+01:00"},{"@type":"WebSite","@id":"https:\/\/eldigitaldeasturias.com\/magazine365\/#website","url":"https:\/\/eldigitaldeasturias.com\/magazine365\/","name":"El Digital de Asturias","description":"Revista de ocio, turismo y estilo de vida","inLanguage":"es-ES","publisher":{"@id":"https:\/\/eldigitaldeasturias.com\/magazine365\/#organization"}}]},"og:locale":"es_ES","og:site_name":"El Digital de Asturias \u2013 Revista de ocio, turismo y estilo de vida","og:type":"article","og:title":"Celebra noviembre con Montes de Galicia y Matarromera | El Digital de Asturias","og:description":"Los Montes de Galicia ofrece a la capital madrile\u00f1a el sabor m\u00e1s aut\u00e9ntico de las tierras gallegas. Este mes lo hace con su \u201cMen\u00fa Select\u201d, donde se podr\u00e1 degustar una gran variedad de platos t\u00edpicos, acompa\u00f1ados de un maridaje de lujo con grandes vinos como el Albari\u00f1o de la casa o el Matarromera Prestigio 2011.","og:url":"https:\/\/eldigitaldeasturias.com\/magazine365\/celebra-noviembre-con-montes-de-galicia-y-matarromera\/","og:image":"https:\/\/eldigitaldeasturias.com\/magazine365\/wp-content\/uploads\/2016\/11\/1478079229_13661878_1110573505656749_5028180430366513805_o.jpg","og:image:secure_url":"https:\/\/eldigitaldeasturias.com\/magazine365\/wp-content\/uploads\/2016\/11\/1478079229_13661878_1110573505656749_5028180430366513805_o.jpg","og:image:width":2048,"og:image:height":1365,"article:published_time":"2016-11-03T22:36:06+00:00","article:modified_time":"2016-11-03T22:36:06+00:00","twitter:card":"summary_large_image","twitter:title":"Celebra noviembre con Montes de Galicia y Matarromera | El Digital de Asturias","twitter:description":"Los Montes de Galicia ofrece a la capital madrile\u00f1a el sabor m\u00e1s aut\u00e9ntico de las tierras gallegas. Este mes lo hace con su \u201cMen\u00fa Select\u201d, donde se podr\u00e1 degustar una gran variedad de platos t\u00edpicos, acompa\u00f1ados de un maridaje de lujo con grandes vinos como el Albari\u00f1o de la casa o el Matarromera Prestigio 2011.","twitter:image":"https:\/\/eldigitaldeasturias.com\/magazine365\/wp-content\/uploads\/2016\/11\/1478079229_13661878_1110573505656749_5028180430366513805_o.jpg"},"aioseo_meta_data":{"post_id":"83349","title":null,"description":null,"keywords":null,"keyphrases":null,"primary_term":null,"canonical_url":null,"og_title":null,"og_description":null,"og_object_type":"default","og_image_type":"default","og_image_url":null,"og_image_width":null,"og_image_height":null,"og_image_custom_url":null,"og_image_custom_fields":null,"og_video":null,"og_custom_url":null,"og_article_section":null,"og_article_tags":null,"twitter_use_og":false,"twitter_card":"default","twitter_image_type":"default","twitter_image_url":null,"twitter_image_custom_url":null,"twitter_image_custom_fields":null,"twitter_title":null,"twitter_description":null,"schema":{"blockGraphs":[],"customGraphs":[],"default":{"data":{"Article":[],"Course":[],"Dataset":[],"FAQPage":[],"Movie":[],"Person":[],"Product":[],"ProductReview":[],"Car":[],"Recipe":[],"Service":[],"SoftwareApplication":[],"WebPage":[]},"graphName":"","isEnabled":true},"graphs":[],"defaultGraph":"","defaultPostTypeGraph":""},"schema_type":null,"schema_type_options":null,"pillar_content":false,"robots_default":true,"robots_noindex":false,"robots_noarchive":false,"robots_nosnippet":false,"robots_nofollow":false,"robots_noimageindex":false,"robots_noodp":false,"robots_notranslate":false,"robots_max_snippet":null,"robots_max_videopreview":null,"robots_max_imagepreview":"large","priority":null,"frequency":null,"location":null,"local_seo":null,"seo_analyzer_scan_date":"2025-09-28 02:51:06","breadcrumb_settings":null,"limit_modified_date":false,"open_ai":null,"ai":null,"created":"2020-12-21 15:30:05","updated":"2025-09-28 02:51:06"},"aioseo_breadcrumb":"<div class=\"aioseo-breadcrumbs\"><span class=\"aioseo-breadcrumb\">\n\t<a href=\"https:\/\/eldigitaldeasturias.com\/magazine365\" title=\"Home\">Home<\/a>\n<\/span><span class=\"aioseo-breadcrumb-separator\">\u2013<\/span><span class=\"aioseo-breadcrumb\">\n\t<a href=\"https:\/\/eldigitaldeasturias.com\/magazine365\/category\/noticias-actualidad\/\" title=\"Noticias y Actualidad\">Noticias y Actualidad<\/a>\n<\/span><span class=\"aioseo-breadcrumb-separator\">\u2013<\/span><span class=\"aioseo-breadcrumb\">\n\t<a href=\"https:\/\/eldigitaldeasturias.com\/magazine365\/celebra-noviembre-con-montes-de-galicia-y-matarromera\/\" title=\"Celebra noviembre con Montes de Galicia y Matarromera\">Celebra noviembre con Montes de Galicia y Matarromera<\/a>\n<\/span><\/div>","aioseo_breadcrumb_json":[{"label":"Home","link":"https:\/\/eldigitaldeasturias.com\/magazine365"},{"label":"Noticias y Actualidad","link":"https:\/\/eldigitaldeasturias.com\/magazine365\/category\/noticias-actualidad\/"},{"label":"Celebra noviembre con Montes de Galicia y Matarromera","link":"https:\/\/eldigitaldeasturias.com\/magazine365\/celebra-noviembre-con-montes-de-galicia-y-matarromera\/"}],"_links":{"self":[{"href":"https:\/\/eldigitaldeasturias.com\/magazine365\/wp-json\/wp\/v2\/posts\/83349","targetHints":{"allow":["GET"]}}],"collection":[{"href":"https:\/\/eldigitaldeasturias.com\/magazine365\/wp-json\/wp\/v2\/posts"}],"about":[{"href":"https:\/\/eldigitaldeasturias.com\/magazine365\/wp-json\/wp\/v2\/types\/post"}],"author":[{"embeddable":true,"href":"https:\/\/eldigitaldeasturias.com\/magazine365\/wp-json\/wp\/v2\/users\/1"}],"replies":[{"embeddable":true,"href":"https:\/\/eldigitaldeasturias.com\/magazine365\/wp-json\/wp\/v2\/comments?post=83349"}],"version-history":[{"count":0,"href":"https:\/\/eldigitaldeasturias.com\/magazine365\/wp-json\/wp\/v2\/posts\/83349\/revisions"}],"wp:featuredmedia":[{"embeddable":true,"href":"https:\/\/eldigitaldeasturias.com\/magazine365\/wp-json\/wp\/v2\/media\/83350"}],"wp:attachment":[{"href":"https:\/\/eldigitaldeasturias.com\/magazine365\/wp-json\/wp\/v2\/media?parent=83349"}],"wp:term":[{"taxonomy":"category","embeddable":true,"href":"https:\/\/eldigitaldeasturias.com\/magazine365\/wp-json\/wp\/v2\/categories?post=83349"},{"taxonomy":"post_tag","embeddable":true,"href":"https:\/\/eldigitaldeasturias.com\/magazine365\/wp-json\/wp\/v2\/tags?post=83349"}],"curies":[{"name":"wp","href":"https:\/\/api.w.org\/{rel}","templated":true}]}}