{"id":83335,"date":"2016-11-03T23:28:14","date_gmt":"2016-11-03T22:28:14","guid":{"rendered":"http:\/\/eldigitaldeasturias.com\/magazine365\/?p=83335"},"modified":"2016-11-03T23:28:14","modified_gmt":"2016-11-03T22:28:14","slug":"apple-dificulta-la-posibilidad-de-actualizar-el-hardware-del-nuevo-macbook-pro","status":"publish","type":"post","link":"https:\/\/eldigitaldeasturias.com\/magazine365\/apple-dificulta-la-posibilidad-de-actualizar-el-hardware-del-nuevo-macbook-pro\/","title":{"rendered":"Apple dificulta la posibilidad de actualizar el hardware del nuevo MacBook Pro"},"content":{"rendered":"<p>Los nuevos MacBook Pro han tenido una acogida mucho menos calurosa de lo que los propios responsables de Apple se esperaban. Incluso Phil Schiller fue entrevistado recientemente para explicar algunas de las decisiones que hab\u00edan tomado, pero eso no ha impedido que muchos critiquen el abandono de diversas opciones de conectividad o de la defenestrada ranura SD.<\/p>\n<p>Esas cr\u00edticas podr\u00edan agravarse ahora que ha aparecido el ya tradicional an\u00e1lisis que iFixit hace de diversos productos de Apple. Al destripar los nuevos MacBook Pro sin Touch Bar han descubierto c\u00f3mo aunque hay alguna buena noticia, la norma general es clara: Apple no quiere que metas las narices en sus equipos. Si quieres actualizarlos en el futuro con m\u00e1s memoria u otra unidad SSD, lo vas a tener muy dif\u00edcil.<\/p>\n<p>Si quieres reparar un Mac, ll\u00e9valo a una tienda oficial<\/p>\n<p>En el pasado Apple ten\u00eda otra filosof\u00eda en este \u00e1mbito, y sus equipos daban ciertas opciones a la hora de que los usuarios que lo deseasen pudieran actualizar sus equipos. Eso por ejemplo ha convertido en este MacBook Pro de 13 pulgadas no Retina del a\u00f1o 2012 en uno de los modelos que mejor se siguen vendiendo hoy en d\u00eda.<\/p>\n<p>Ampliar la RAM o cambiar su disco duro por una unidad SSD estaba al alcance de cualquiera, y adem\u00e1s en este port\u00e1til cont\u00e1bamos todav\u00eda con un conector Ethernet e incluso con una unidad SuperDrive. La locura.<\/p>\n<p>De un tiempo a esta parte, no obstante, Apple ha ido limitando m\u00e1s y m\u00e1s esas opciones en todos sus productos, y los nuevos MacBook Pro son una clara demostraci\u00f3n de ello. En el an\u00e1lisis de iFixit descubrieron que estos port\u00e1tiles son m\u00e1s delgados y m\u00e1s ligeros, pero uno de los efectos colaterales de esa reducci\u00f3n de tama\u00f1o y peso es la p\u00e9rdida en personalizaci\u00f3n, capacidad de reparaci\u00f3n por parte de los usuarios y capacidad de actualizar componentes en el futuro.<\/p>\n<p>Incluso actualizar la unidad SSD ser\u00e1 complejo<\/p>\n<p>La bater\u00eda del equipo est\u00e1 literalmente pegada al chasis, algo ya tradicional en los dispositivos de Apple, lo que hace complicado cambiarla, pero adem\u00e1s \u2014como de costumbre\u2014 la memoria RAM est\u00e1 directamente soldada a la placa base del equipo, lo que hace que sea casi imposible actualizar ese componente por parte de usuarios finales: ser\u00e1 mejor que lo tengas en cuenta antes de decidir qu\u00e9 modelo de MacBook Pro quieres, porque esa RAM con la que llegue el equipo ser\u00e1 la que puedas disfrutar durante toda la vida del dispositivo.<\/p>\n<p>La unidad SSD de los nuevos MacBook Pro tiene un formato propietario, as\u00ed que ser\u00e1 dif\u00edcil encontrar repuestos o unidades con las que actualizar este apartado si no es a trav\u00e9s de Apple.<\/p>\n<p>Afortunadamente la unidad SSD no est\u00e1 soldada a esa placa base, lo que hace que sea algo m\u00e1s viable una posible mejora futura en este sentido si nos interesa. El \u00fanico problema (importante) aqu\u00ed es el hecho de que el formato de las unidades SSD utilizadas por Apple es propietario, as\u00ed que olv\u00eddate de poder pasarte por alguna tienda online, comprar una unidad SSD en formato M.2 PCIe e instalarla f\u00e1cilmente, porque ese no ser\u00e1 el caso.<\/p>\n<p>Tendremos que acudir a tiendas y vendedores especializados que comercialicen ese tipo de unidades propietarias, lo que probablemente haga m\u00e1s dif\u00edcil conseguirlas&#8230; y m\u00e1s caro. \u00bfLa \u00fanica buena noticia? Que al menos el gigantesco trackpad de estos equipos s\u00ed se puede extraer f\u00e1cilmente, lo que permitir\u00e1 que podamos sustituirlo o limpiarlo sin problemas si por ejemplo lo ensuciamos en alg\u00fan momento.<\/p>\n<p>El \u00ab\u00edndice de reparabilidad\u00bb con el que iFixit califica los productos que destripa lo deja claro: un 2 sobre 10 es una puntuaci\u00f3n que deja claro que tratar de arreglar problemas en estos MacBook ser\u00e1 especialmente complicado. Apple tiene claro que lo mejor que puedes hacer es disfrutar del equipo tal cual: si tienes un problema ya se encargar\u00e1n ellos de solucionarlo. Se mira, pero no se toca.<\/p>\n<p><strong><em>La noticia \u00abSi quieres actualizar el hardware de los nuevos MacBook Pro, lo vas a tener dif\u00edcil. Un mont\u00f3n\u00bb fue publicada originalmente en Xataka.<\/em><\/strong><\/p>\n","protected":false},"excerpt":{"rendered":"<p>Los nuevos MacBook Pro han tenido una acogida mucho menos calurosa de lo que los propios responsables de Apple se esperaban. Incluso Phil Schiller fue entrevistado recientemente para explicar algunas de las decisiones que hab\u00edan tomado, pero eso no ha impedido que muchos critiquen el abandono de diversas opciones de conectividad o de la defenestrada<\/p>\n","protected":false},"author":1,"featured_media":77926,"comment_status":"open","ping_status":"closed","sticky":false,"template":"","format":"standard","meta":{"footnotes":""},"categories":[224],"tags":[],"class_list":{"0":"post-83335","1":"post","2":"type-post","3":"status-publish","4":"format-standard","5":"has-post-thumbnail","7":"category-noticias-actualidad"},"aioseo_notices":[],"aioseo_head":"\n\t\t<!-- All in One SEO Pro 4.9.6.1 - aioseo.com -->\n\t<meta name=\"description\" content=\"Los nuevos MacBook Pro han tenido una acogida mucho menos calurosa de lo que los propios responsables de Apple se esperaban. Incluso Phil Schiller fue entrevistado recientemente para explicar algunas de las decisiones que hab\u00edan tomado, pero eso no ha impedido que muchos critiquen el abandono de diversas opciones de conectividad o de la defenestrada\" \/>\n\t<meta name=\"robots\" content=\"max-image-preview:large\" \/>\n\t<meta name=\"author\" content=\"admin\"\/>\n\t<meta name=\"google-site-verification\" content=\"UA-38556648-1\" \/>\n\t<meta name=\"keywords\" content=\"noticias y actualidad\" \/>\n\t<link rel=\"canonical\" href=\"https:\/\/eldigitaldeasturias.com\/magazine365\/apple-dificulta-la-posibilidad-de-actualizar-el-hardware-del-nuevo-macbook-pro\/\" \/>\n\t<meta name=\"generator\" content=\"All in One SEO Pro (AIOSEO) 4.9.6.1\" \/>\n\t\t<meta property=\"og:locale\" content=\"es_ES\" \/>\n\t\t<meta property=\"og:site_name\" content=\"El Digital de Asturias \u2013 Revista de ocio, turismo y estilo de vida\" \/>\n\t\t<meta property=\"og:type\" content=\"article\" \/>\n\t\t<meta property=\"og:title\" content=\"Apple dificulta la posibilidad de actualizar el hardware del nuevo MacBook Pro | El Digital de Asturias\" \/>\n\t\t<meta property=\"og:description\" content=\"Los nuevos MacBook Pro han tenido una acogida mucho menos calurosa de lo que los propios responsables de Apple se esperaban. Incluso Phil Schiller fue entrevistado recientemente para explicar algunas de las decisiones que hab\u00edan tomado, pero eso no ha impedido que muchos critiquen el abandono de diversas opciones de conectividad o de la defenestrada\" \/>\n\t\t<meta property=\"og:url\" content=\"https:\/\/eldigitaldeasturias.com\/magazine365\/apple-dificulta-la-posibilidad-de-actualizar-el-hardware-del-nuevo-macbook-pro\/\" \/>\n\t\t<meta property=\"og:image\" content=\"https:\/\/eldigitaldeasturias.com\/magazine365\/wp-content\/uploads\/2016\/06\/m365.jpg\" \/>\n\t\t<meta property=\"og:image:secure_url\" content=\"https:\/\/eldigitaldeasturias.com\/magazine365\/wp-content\/uploads\/2016\/06\/m365.jpg\" \/>\n\t\t<meta property=\"og:image:width\" content=\"655\" \/>\n\t\t<meta property=\"og:image:height\" content=\"360\" \/>\n\t\t<meta property=\"article:published_time\" content=\"2016-11-03T22:28:14+00:00\" \/>\n\t\t<meta property=\"article:modified_time\" content=\"2016-11-03T22:28:14+00:00\" \/>\n\t\t<meta name=\"twitter:card\" content=\"summary_large_image\" \/>\n\t\t<meta name=\"twitter:title\" content=\"Apple dificulta la posibilidad de actualizar el hardware del nuevo MacBook Pro | El Digital de Asturias\" \/>\n\t\t<meta name=\"twitter:description\" content=\"Los nuevos MacBook Pro han tenido una acogida mucho menos calurosa de lo que los propios responsables de Apple se esperaban. Incluso Phil Schiller fue entrevistado recientemente para explicar algunas de las decisiones que hab\u00edan tomado, pero eso no ha impedido que muchos critiquen el abandono de diversas opciones de conectividad o de la defenestrada\" \/>\n\t\t<meta name=\"twitter:image\" content=\"https:\/\/eldigitaldeasturias.com\/magazine365\/wp-content\/uploads\/2016\/06\/m365.jpg\" \/>\n\t\t<script type=\"application\/ld+json\" class=\"aioseo-schema\">\n\t\t\t{\"@context\":\"https:\\\/\\\/schema.org\",\"@graph\":[{\"@type\":\"Article\",\"@id\":\"https:\\\/\\\/eldigitaldeasturias.com\\\/magazine365\\\/apple-dificulta-la-posibilidad-de-actualizar-el-hardware-del-nuevo-macbook-pro\\\/#article\",\"name\":\"Apple dificulta la posibilidad de actualizar el hardware del nuevo MacBook Pro | El Digital de Asturias\",\"headline\":\"Apple dificulta la posibilidad de actualizar el hardware del nuevo MacBook Pro\",\"author\":{\"@id\":\"https:\\\/\\\/eldigitaldeasturias.com\\\/magazine365\\\/author\\\/admin\\\/#author\"},\"publisher\":{\"@id\":\"https:\\\/\\\/eldigitaldeasturias.com\\\/magazine365\\\/#organization\"},\"image\":{\"@type\":\"ImageObject\",\"url\":\"https:\\\/\\\/eldigitaldeasturias.com\\\/magazine365\\\/wp-content\\\/uploads\\\/2016\\\/06\\\/m365.jpg\",\"width\":655,\"height\":360},\"datePublished\":\"2016-11-03T23:28:14+01:00\",\"dateModified\":\"2016-11-03T23:28:14+01:00\",\"inLanguage\":\"es-ES\",\"mainEntityOfPage\":{\"@id\":\"https:\\\/\\\/eldigitaldeasturias.com\\\/magazine365\\\/apple-dificulta-la-posibilidad-de-actualizar-el-hardware-del-nuevo-macbook-pro\\\/#webpage\"},\"isPartOf\":{\"@id\":\"https:\\\/\\\/eldigitaldeasturias.com\\\/magazine365\\\/apple-dificulta-la-posibilidad-de-actualizar-el-hardware-del-nuevo-macbook-pro\\\/#webpage\"},\"articleSection\":\"Noticias y Actualidad\"},{\"@type\":\"BreadcrumbList\",\"@id\":\"https:\\\/\\\/eldigitaldeasturias.com\\\/magazine365\\\/apple-dificulta-la-posibilidad-de-actualizar-el-hardware-del-nuevo-macbook-pro\\\/#breadcrumblist\",\"itemListElement\":[{\"@type\":\"ListItem\",\"@id\":\"https:\\\/\\\/eldigitaldeasturias.com\\\/magazine365#listItem\",\"position\":1,\"name\":\"Home\",\"item\":\"https:\\\/\\\/eldigitaldeasturias.com\\\/magazine365\",\"nextItem\":{\"@type\":\"ListItem\",\"@id\":\"https:\\\/\\\/eldigitaldeasturias.com\\\/magazine365\\\/category\\\/noticias-actualidad\\\/#listItem\",\"name\":\"Noticias y Actualidad\"}},{\"@type\":\"ListItem\",\"@id\":\"https:\\\/\\\/eldigitaldeasturias.com\\\/magazine365\\\/category\\\/noticias-actualidad\\\/#listItem\",\"position\":2,\"name\":\"Noticias y Actualidad\",\"item\":\"https:\\\/\\\/eldigitaldeasturias.com\\\/magazine365\\\/category\\\/noticias-actualidad\\\/\",\"nextItem\":{\"@type\":\"ListItem\",\"@id\":\"https:\\\/\\\/eldigitaldeasturias.com\\\/magazine365\\\/apple-dificulta-la-posibilidad-de-actualizar-el-hardware-del-nuevo-macbook-pro\\\/#listItem\",\"name\":\"Apple dificulta la posibilidad de actualizar el hardware del nuevo MacBook Pro\"},\"previousItem\":{\"@type\":\"ListItem\",\"@id\":\"https:\\\/\\\/eldigitaldeasturias.com\\\/magazine365#listItem\",\"name\":\"Home\"}},{\"@type\":\"ListItem\",\"@id\":\"https:\\\/\\\/eldigitaldeasturias.com\\\/magazine365\\\/apple-dificulta-la-posibilidad-de-actualizar-el-hardware-del-nuevo-macbook-pro\\\/#listItem\",\"position\":3,\"name\":\"Apple dificulta la posibilidad de actualizar el hardware del nuevo MacBook Pro\",\"previousItem\":{\"@type\":\"ListItem\",\"@id\":\"https:\\\/\\\/eldigitaldeasturias.com\\\/magazine365\\\/category\\\/noticias-actualidad\\\/#listItem\",\"name\":\"Noticias y Actualidad\"}}]},{\"@type\":\"Organization\",\"@id\":\"https:\\\/\\\/eldigitaldeasturias.com\\\/magazine365\\\/#organization\",\"name\":\"El digital de Asturias\",\"description\":\"Revista de ocio, turismo y estilo de vida\",\"url\":\"https:\\\/\\\/eldigitaldeasturias.com\\\/magazine365\\\/\",\"logo\":{\"@type\":\"ImageObject\",\"url\":\"https:\\\/\\\/www.eldigitaldeasturias.com\\\/noticias\\\/wp-content\\\/uploads\\\/2020\\\/12\\\/EDA.jpg\",\"@id\":\"https:\\\/\\\/eldigitaldeasturias.com\\\/magazine365\\\/apple-dificulta-la-posibilidad-de-actualizar-el-hardware-del-nuevo-macbook-pro\\\/#organizationLogo\"},\"image\":{\"@id\":\"https:\\\/\\\/eldigitaldeasturias.com\\\/magazine365\\\/apple-dificulta-la-posibilidad-de-actualizar-el-hardware-del-nuevo-macbook-pro\\\/#organizationLogo\"}},{\"@type\":\"Person\",\"@id\":\"https:\\\/\\\/eldigitaldeasturias.com\\\/magazine365\\\/author\\\/admin\\\/#author\",\"url\":\"https:\\\/\\\/eldigitaldeasturias.com\\\/magazine365\\\/author\\\/admin\\\/\",\"name\":\"admin\",\"image\":{\"@type\":\"ImageObject\",\"@id\":\"https:\\\/\\\/eldigitaldeasturias.com\\\/magazine365\\\/apple-dificulta-la-posibilidad-de-actualizar-el-hardware-del-nuevo-macbook-pro\\\/#authorImage\",\"url\":\"https:\\\/\\\/eldigitaldeasturias.com\\\/magazine365\\\/wp-content\\\/litespeed\\\/avatar\\\/e571bcf59a0edd6fa6838245a470f2fe.jpg?ver=1776969259\",\"width\":96,\"height\":96,\"caption\":\"admin\"}},{\"@type\":\"WebPage\",\"@id\":\"https:\\\/\\\/eldigitaldeasturias.com\\\/magazine365\\\/apple-dificulta-la-posibilidad-de-actualizar-el-hardware-del-nuevo-macbook-pro\\\/#webpage\",\"url\":\"https:\\\/\\\/eldigitaldeasturias.com\\\/magazine365\\\/apple-dificulta-la-posibilidad-de-actualizar-el-hardware-del-nuevo-macbook-pro\\\/\",\"name\":\"Apple dificulta la posibilidad de actualizar el hardware del nuevo MacBook Pro | El Digital de Asturias\",\"description\":\"Los nuevos MacBook Pro han tenido una acogida mucho menos calurosa de lo que los propios responsables de Apple se esperaban. Incluso Phil Schiller fue entrevistado recientemente para explicar algunas de las decisiones que hab\\u00edan tomado, pero eso no ha impedido que muchos critiquen el abandono de diversas opciones de conectividad o de la defenestrada\",\"inLanguage\":\"es-ES\",\"isPartOf\":{\"@id\":\"https:\\\/\\\/eldigitaldeasturias.com\\\/magazine365\\\/#website\"},\"breadcrumb\":{\"@id\":\"https:\\\/\\\/eldigitaldeasturias.com\\\/magazine365\\\/apple-dificulta-la-posibilidad-de-actualizar-el-hardware-del-nuevo-macbook-pro\\\/#breadcrumblist\"},\"author\":{\"@id\":\"https:\\\/\\\/eldigitaldeasturias.com\\\/magazine365\\\/author\\\/admin\\\/#author\"},\"creator\":{\"@id\":\"https:\\\/\\\/eldigitaldeasturias.com\\\/magazine365\\\/author\\\/admin\\\/#author\"},\"image\":{\"@type\":\"ImageObject\",\"url\":\"https:\\\/\\\/eldigitaldeasturias.com\\\/magazine365\\\/wp-content\\\/uploads\\\/2016\\\/06\\\/m365.jpg\",\"@id\":\"https:\\\/\\\/eldigitaldeasturias.com\\\/magazine365\\\/apple-dificulta-la-posibilidad-de-actualizar-el-hardware-del-nuevo-macbook-pro\\\/#mainImage\",\"width\":655,\"height\":360},\"primaryImageOfPage\":{\"@id\":\"https:\\\/\\\/eldigitaldeasturias.com\\\/magazine365\\\/apple-dificulta-la-posibilidad-de-actualizar-el-hardware-del-nuevo-macbook-pro\\\/#mainImage\"},\"datePublished\":\"2016-11-03T23:28:14+01:00\",\"dateModified\":\"2016-11-03T23:28:14+01:00\"},{\"@type\":\"WebSite\",\"@id\":\"https:\\\/\\\/eldigitaldeasturias.com\\\/magazine365\\\/#website\",\"url\":\"https:\\\/\\\/eldigitaldeasturias.com\\\/magazine365\\\/\",\"name\":\"El Digital de Asturias\",\"description\":\"Revista de ocio, turismo y estilo de vida\",\"inLanguage\":\"es-ES\",\"publisher\":{\"@id\":\"https:\\\/\\\/eldigitaldeasturias.com\\\/magazine365\\\/#organization\"}}]}\n\t\t<\/script>\n\t\t<!-- All in One SEO Pro -->\r\n\t\t<title>Apple dificulta la posibilidad de actualizar el hardware del nuevo MacBook Pro | El Digital de Asturias<\/title>\n\n","aioseo_head_json":{"title":"Apple dificulta la posibilidad de actualizar el hardware del nuevo MacBook Pro | El Digital de Asturias","description":"Los nuevos MacBook Pro han tenido una acogida mucho menos calurosa de lo que los propios responsables de Apple se esperaban. Incluso Phil Schiller fue entrevistado recientemente para explicar algunas de las decisiones que hab\u00edan tomado, pero eso no ha impedido que muchos critiquen el abandono de diversas opciones de conectividad o de la defenestrada","canonical_url":"https:\/\/eldigitaldeasturias.com\/magazine365\/apple-dificulta-la-posibilidad-de-actualizar-el-hardware-del-nuevo-macbook-pro\/","robots":"max-image-preview:large","keywords":"noticias y actualidad","webmasterTools":{"google-site-verification":"UA-38556648-1","miscellaneous":""},"schema":{"@context":"https:\/\/schema.org","@graph":[{"@type":"Article","@id":"https:\/\/eldigitaldeasturias.com\/magazine365\/apple-dificulta-la-posibilidad-de-actualizar-el-hardware-del-nuevo-macbook-pro\/#article","name":"Apple dificulta la posibilidad de actualizar el hardware del nuevo MacBook Pro | El Digital de Asturias","headline":"Apple dificulta la posibilidad de actualizar el hardware del nuevo MacBook Pro","author":{"@id":"https:\/\/eldigitaldeasturias.com\/magazine365\/author\/admin\/#author"},"publisher":{"@id":"https:\/\/eldigitaldeasturias.com\/magazine365\/#organization"},"image":{"@type":"ImageObject","url":"https:\/\/eldigitaldeasturias.com\/magazine365\/wp-content\/uploads\/2016\/06\/m365.jpg","width":655,"height":360},"datePublished":"2016-11-03T23:28:14+01:00","dateModified":"2016-11-03T23:28:14+01:00","inLanguage":"es-ES","mainEntityOfPage":{"@id":"https:\/\/eldigitaldeasturias.com\/magazine365\/apple-dificulta-la-posibilidad-de-actualizar-el-hardware-del-nuevo-macbook-pro\/#webpage"},"isPartOf":{"@id":"https:\/\/eldigitaldeasturias.com\/magazine365\/apple-dificulta-la-posibilidad-de-actualizar-el-hardware-del-nuevo-macbook-pro\/#webpage"},"articleSection":"Noticias y Actualidad"},{"@type":"BreadcrumbList","@id":"https:\/\/eldigitaldeasturias.com\/magazine365\/apple-dificulta-la-posibilidad-de-actualizar-el-hardware-del-nuevo-macbook-pro\/#breadcrumblist","itemListElement":[{"@type":"ListItem","@id":"https:\/\/eldigitaldeasturias.com\/magazine365#listItem","position":1,"name":"Home","item":"https:\/\/eldigitaldeasturias.com\/magazine365","nextItem":{"@type":"ListItem","@id":"https:\/\/eldigitaldeasturias.com\/magazine365\/category\/noticias-actualidad\/#listItem","name":"Noticias y Actualidad"}},{"@type":"ListItem","@id":"https:\/\/eldigitaldeasturias.com\/magazine365\/category\/noticias-actualidad\/#listItem","position":2,"name":"Noticias y Actualidad","item":"https:\/\/eldigitaldeasturias.com\/magazine365\/category\/noticias-actualidad\/","nextItem":{"@type":"ListItem","@id":"https:\/\/eldigitaldeasturias.com\/magazine365\/apple-dificulta-la-posibilidad-de-actualizar-el-hardware-del-nuevo-macbook-pro\/#listItem","name":"Apple dificulta la posibilidad de actualizar el hardware del nuevo MacBook Pro"},"previousItem":{"@type":"ListItem","@id":"https:\/\/eldigitaldeasturias.com\/magazine365#listItem","name":"Home"}},{"@type":"ListItem","@id":"https:\/\/eldigitaldeasturias.com\/magazine365\/apple-dificulta-la-posibilidad-de-actualizar-el-hardware-del-nuevo-macbook-pro\/#listItem","position":3,"name":"Apple dificulta la posibilidad de actualizar el hardware del nuevo MacBook Pro","previousItem":{"@type":"ListItem","@id":"https:\/\/eldigitaldeasturias.com\/magazine365\/category\/noticias-actualidad\/#listItem","name":"Noticias y Actualidad"}}]},{"@type":"Organization","@id":"https:\/\/eldigitaldeasturias.com\/magazine365\/#organization","name":"El digital de Asturias","description":"Revista de ocio, turismo y estilo de vida","url":"https:\/\/eldigitaldeasturias.com\/magazine365\/","logo":{"@type":"ImageObject","url":"https:\/\/www.eldigitaldeasturias.com\/noticias\/wp-content\/uploads\/2020\/12\/EDA.jpg","@id":"https:\/\/eldigitaldeasturias.com\/magazine365\/apple-dificulta-la-posibilidad-de-actualizar-el-hardware-del-nuevo-macbook-pro\/#organizationLogo"},"image":{"@id":"https:\/\/eldigitaldeasturias.com\/magazine365\/apple-dificulta-la-posibilidad-de-actualizar-el-hardware-del-nuevo-macbook-pro\/#organizationLogo"}},{"@type":"Person","@id":"https:\/\/eldigitaldeasturias.com\/magazine365\/author\/admin\/#author","url":"https:\/\/eldigitaldeasturias.com\/magazine365\/author\/admin\/","name":"admin","image":{"@type":"ImageObject","@id":"https:\/\/eldigitaldeasturias.com\/magazine365\/apple-dificulta-la-posibilidad-de-actualizar-el-hardware-del-nuevo-macbook-pro\/#authorImage","url":"https:\/\/eldigitaldeasturias.com\/magazine365\/wp-content\/litespeed\/avatar\/e571bcf59a0edd6fa6838245a470f2fe.jpg?ver=1776969259","width":96,"height":96,"caption":"admin"}},{"@type":"WebPage","@id":"https:\/\/eldigitaldeasturias.com\/magazine365\/apple-dificulta-la-posibilidad-de-actualizar-el-hardware-del-nuevo-macbook-pro\/#webpage","url":"https:\/\/eldigitaldeasturias.com\/magazine365\/apple-dificulta-la-posibilidad-de-actualizar-el-hardware-del-nuevo-macbook-pro\/","name":"Apple dificulta la posibilidad de actualizar el hardware del nuevo MacBook Pro | El Digital de Asturias","description":"Los nuevos MacBook Pro han tenido una acogida mucho menos calurosa de lo que los propios responsables de Apple se esperaban. Incluso Phil Schiller fue entrevistado recientemente para explicar algunas de las decisiones que hab\u00edan tomado, pero eso no ha impedido que muchos critiquen el abandono de diversas opciones de conectividad o de la defenestrada","inLanguage":"es-ES","isPartOf":{"@id":"https:\/\/eldigitaldeasturias.com\/magazine365\/#website"},"breadcrumb":{"@id":"https:\/\/eldigitaldeasturias.com\/magazine365\/apple-dificulta-la-posibilidad-de-actualizar-el-hardware-del-nuevo-macbook-pro\/#breadcrumblist"},"author":{"@id":"https:\/\/eldigitaldeasturias.com\/magazine365\/author\/admin\/#author"},"creator":{"@id":"https:\/\/eldigitaldeasturias.com\/magazine365\/author\/admin\/#author"},"image":{"@type":"ImageObject","url":"https:\/\/eldigitaldeasturias.com\/magazine365\/wp-content\/uploads\/2016\/06\/m365.jpg","@id":"https:\/\/eldigitaldeasturias.com\/magazine365\/apple-dificulta-la-posibilidad-de-actualizar-el-hardware-del-nuevo-macbook-pro\/#mainImage","width":655,"height":360},"primaryImageOfPage":{"@id":"https:\/\/eldigitaldeasturias.com\/magazine365\/apple-dificulta-la-posibilidad-de-actualizar-el-hardware-del-nuevo-macbook-pro\/#mainImage"},"datePublished":"2016-11-03T23:28:14+01:00","dateModified":"2016-11-03T23:28:14+01:00"},{"@type":"WebSite","@id":"https:\/\/eldigitaldeasturias.com\/magazine365\/#website","url":"https:\/\/eldigitaldeasturias.com\/magazine365\/","name":"El Digital de Asturias","description":"Revista de ocio, turismo y estilo de vida","inLanguage":"es-ES","publisher":{"@id":"https:\/\/eldigitaldeasturias.com\/magazine365\/#organization"}}]},"og:locale":"es_ES","og:site_name":"El Digital de Asturias \u2013 Revista de ocio, turismo y estilo de vida","og:type":"article","og:title":"Apple dificulta la posibilidad de actualizar el hardware del nuevo MacBook Pro | El Digital de Asturias","og:description":"Los nuevos MacBook Pro han tenido una acogida mucho menos calurosa de lo que los propios responsables de Apple se esperaban. Incluso Phil Schiller fue entrevistado recientemente para explicar algunas de las decisiones que hab\u00edan tomado, pero eso no ha impedido que muchos critiquen el abandono de diversas opciones de conectividad o de la defenestrada","og:url":"https:\/\/eldigitaldeasturias.com\/magazine365\/apple-dificulta-la-posibilidad-de-actualizar-el-hardware-del-nuevo-macbook-pro\/","og:image":"https:\/\/eldigitaldeasturias.com\/magazine365\/wp-content\/uploads\/2016\/06\/m365.jpg","og:image:secure_url":"https:\/\/eldigitaldeasturias.com\/magazine365\/wp-content\/uploads\/2016\/06\/m365.jpg","og:image:width":655,"og:image:height":360,"article:published_time":"2016-11-03T22:28:14+00:00","article:modified_time":"2016-11-03T22:28:14+00:00","twitter:card":"summary_large_image","twitter:title":"Apple dificulta la posibilidad de actualizar el hardware del nuevo MacBook Pro | El Digital de Asturias","twitter:description":"Los nuevos MacBook Pro han tenido una acogida mucho menos calurosa de lo que los propios responsables de Apple se esperaban. Incluso Phil Schiller fue entrevistado recientemente para explicar algunas de las decisiones que hab\u00edan tomado, pero eso no ha impedido que muchos critiquen el abandono de diversas opciones de conectividad o de la defenestrada","twitter:image":"https:\/\/eldigitaldeasturias.com\/magazine365\/wp-content\/uploads\/2016\/06\/m365.jpg"},"aioseo_meta_data":{"post_id":"83335","title":null,"description":null,"keywords":null,"keyphrases":null,"primary_term":null,"canonical_url":null,"og_title":null,"og_description":null,"og_object_type":"default","og_image_type":"default","og_image_url":null,"og_image_width":null,"og_image_height":null,"og_image_custom_url":null,"og_image_custom_fields":null,"og_video":null,"og_custom_url":null,"og_article_section":null,"og_article_tags":null,"twitter_use_og":false,"twitter_card":"default","twitter_image_type":"default","twitter_image_url":null,"twitter_image_custom_url":null,"twitter_image_custom_fields":null,"twitter_title":null,"twitter_description":null,"schema":{"blockGraphs":[],"customGraphs":[],"default":{"data":{"Article":[],"Course":[],"Dataset":[],"FAQPage":[],"Movie":[],"Person":[],"Product":[],"ProductReview":[],"Car":[],"Recipe":[],"Service":[],"SoftwareApplication":[],"WebPage":[]},"graphName":"","isEnabled":true},"graphs":[],"defaultGraph":"","defaultPostTypeGraph":""},"schema_type":null,"schema_type_options":null,"pillar_content":false,"robots_default":true,"robots_noindex":false,"robots_noarchive":false,"robots_nosnippet":false,"robots_nofollow":false,"robots_noimageindex":false,"robots_noodp":false,"robots_notranslate":false,"robots_max_snippet":null,"robots_max_videopreview":null,"robots_max_imagepreview":"large","priority":null,"frequency":null,"location":null,"local_seo":null,"seo_analyzer_scan_date":"2025-09-28 02:49:50","breadcrumb_settings":null,"limit_modified_date":false,"open_ai":null,"ai":null,"created":"2020-12-21 15:30:05","updated":"2025-09-28 02:49:50"},"aioseo_breadcrumb":"<div class=\"aioseo-breadcrumbs\"><span class=\"aioseo-breadcrumb\">\n\t<a href=\"https:\/\/eldigitaldeasturias.com\/magazine365\" title=\"Home\">Home<\/a>\n<\/span><span class=\"aioseo-breadcrumb-separator\">\u2013<\/span><span class=\"aioseo-breadcrumb\">\n\t<a href=\"https:\/\/eldigitaldeasturias.com\/magazine365\/category\/noticias-actualidad\/\" title=\"Noticias y Actualidad\">Noticias y Actualidad<\/a>\n<\/span><span class=\"aioseo-breadcrumb-separator\">\u2013<\/span><span class=\"aioseo-breadcrumb\">\n\t<a href=\"https:\/\/eldigitaldeasturias.com\/magazine365\/apple-dificulta-la-posibilidad-de-actualizar-el-hardware-del-nuevo-macbook-pro\/\" title=\"Apple dificulta la posibilidad de actualizar el hardware del nuevo MacBook Pro\">Apple dificulta la posibilidad de actualizar el hardware del nuevo MacBook Pro<\/a>\n<\/span><\/div>","aioseo_breadcrumb_json":[{"label":"Home","link":"https:\/\/eldigitaldeasturias.com\/magazine365"},{"label":"Noticias y Actualidad","link":"https:\/\/eldigitaldeasturias.com\/magazine365\/category\/noticias-actualidad\/"},{"label":"Apple dificulta la posibilidad de actualizar el hardware del nuevo MacBook Pro","link":"https:\/\/eldigitaldeasturias.com\/magazine365\/apple-dificulta-la-posibilidad-de-actualizar-el-hardware-del-nuevo-macbook-pro\/"}],"_links":{"self":[{"href":"https:\/\/eldigitaldeasturias.com\/magazine365\/wp-json\/wp\/v2\/posts\/83335","targetHints":{"allow":["GET"]}}],"collection":[{"href":"https:\/\/eldigitaldeasturias.com\/magazine365\/wp-json\/wp\/v2\/posts"}],"about":[{"href":"https:\/\/eldigitaldeasturias.com\/magazine365\/wp-json\/wp\/v2\/types\/post"}],"author":[{"embeddable":true,"href":"https:\/\/eldigitaldeasturias.com\/magazine365\/wp-json\/wp\/v2\/users\/1"}],"replies":[{"embeddable":true,"href":"https:\/\/eldigitaldeasturias.com\/magazine365\/wp-json\/wp\/v2\/comments?post=83335"}],"version-history":[{"count":0,"href":"https:\/\/eldigitaldeasturias.com\/magazine365\/wp-json\/wp\/v2\/posts\/83335\/revisions"}],"wp:featuredmedia":[{"embeddable":true,"href":"https:\/\/eldigitaldeasturias.com\/magazine365\/wp-json\/wp\/v2\/media\/77926"}],"wp:attachment":[{"href":"https:\/\/eldigitaldeasturias.com\/magazine365\/wp-json\/wp\/v2\/media?parent=83335"}],"wp:term":[{"taxonomy":"category","embeddable":true,"href":"https:\/\/eldigitaldeasturias.com\/magazine365\/wp-json\/wp\/v2\/categories?post=83335"},{"taxonomy":"post_tag","embeddable":true,"href":"https:\/\/eldigitaldeasturias.com\/magazine365\/wp-json\/wp\/v2\/tags?post=83335"}],"curies":[{"name":"wp","href":"https:\/\/api.w.org\/{rel}","templated":true}]}}