{"id":83302,"date":"2016-11-03T23:04:04","date_gmt":"2016-11-03T22:04:04","guid":{"rendered":"http:\/\/eldigitaldeasturias.com\/magazine365\/?p=83302"},"modified":"2016-11-03T23:04:04","modified_gmt":"2016-11-03T22:04:04","slug":"los-nuevos-accesorios-de-samsung-apuestan-por-el-estilo-y-la-moda","status":"publish","type":"post","link":"https:\/\/eldigitaldeasturias.com\/magazine365\/los-nuevos-accesorios-de-samsung-apuestan-por-el-estilo-y-la-moda\/","title":{"rendered":"Los nuevos accesorios de Samsung apuestan por el estilo y la moda"},"content":{"rendered":"<p>De un tiempo a esta parte, Samsung est\u00e1 apostando claramente por el dise\u00f1o cuidado al detalle y la moda. No es ninguna novedad en 2016, pero s\u00ed lo es que la compa\u00f1\u00eda siga dando pasos en un mercado que tradicionalmente se le resist\u00eda. Hay que volver la vista al Samsung Galaxy Alpha y a su publicidad para entender un enfoque que ha continuado con los televisores Serif TV o las fundas Swarovski.<\/p>\n<p>Lo \u00faltimo de la compa\u00f1\u00eda, que ya estaba disponible en Corea y que llegar\u00e1 en noviembre a mercados internacionales, hace referencia a altavoces inal\u00e1mbricos a accesorios de carga, pero siempre partiendo de una premisa como base, el dise\u00f1o con estilo. No s\u00f3lo se trata de productos tecnol\u00f3gicos bonitos, aunque eso sea una cuesti\u00f3n de gustos, sino que por lo general encajan muy bien con el mobiliario y accesorios como bolsos y mochilas.<\/p>\n<p>El mejor ejemplo de ello es el Wireless Speaker Bottle design, un altavoz inal\u00e1mbrico que, como su nombre indica, es un altavoz con forma de bote de cocina. Su dise\u00f1o, sin embargo, esconde un sonido envolvente de 360\u00ba y una carga inal\u00e1mbrica. Una vez encendido, puede cambiar de color y ajustar su brillo mediante luces LED, ajustes desde el smartphone o mediante una agitaci\u00f3n.<\/p>\n<p>Para necesidades de sonido m\u00e1s port\u00e1tiles existe el Wireless Speaker Scoop design. Gracias a una correa es f\u00e1cilmente transportable o equipable a bolsas, abrigos o, por ejemplo, sujeciones de tiendas de campa\u00f1a, para las que ser\u00e1 \u00fatil tendiendo en cuenta que resiste a salpicaduras. Incluye botones de control y micr\u00f3fono con reducci\u00f3n de ruido y cancelaci\u00f3n de eco para que sea posible contestar llamadas sin tener que coger el m\u00f3vil.<\/p>\n<p>La compa\u00f1\u00eda tambi\u00e9n comercializa el cargador Wireless Charger Tray design, que permite cargar hasta tres dispositivos con carga inal\u00e1mbrica (o cable) a la vez. Con un dise\u00f1o muy fino, pasar\u00e1 desapercibido en el sitio pensado para ejecutar su funci\u00f3n, una mesa de oficina o mesilla de noche.<\/p>\n<p>El \u00faltimo elemento de esta familia es la Battery Pack Kettle design, una bater\u00eda externa que llega en dos capacidades, 5.100 y 10.200 mAh respectivamente, y en dos colores, azul menta y rosa coral. Adem\u00e1s del cl\u00e1sico indicador LED incluye una correa y un cable con pata de cabra para que el smartphone se mantenga con la pantalla en alto para ser vista sin que sea necesario acercarse. Sin embargo, tambi\u00e9n puede ser acoplada a una luz LED que la convierte en una linterna de luz ambiente que encaja tan bien como la del altavoz 360\u00ba.<\/p>\n<p><strong><em>El contenido de este comunicado fue publicado originalmente en la p\u00e1gina web de Hipertextual<\/em><\/strong><\/p>\n<p>&nbsp;<\/p>\n","protected":false},"excerpt":{"rendered":"<p>De un tiempo a esta parte, Samsung est\u00e1 apostando claramente por el dise\u00f1o cuidado al detalle y la moda. No es ninguna novedad en 2016, pero s\u00ed lo es que la compa\u00f1\u00eda siga dando pasos en un mercado que tradicionalmente se le resist\u00eda. Hay que volver la vista al Samsung Galaxy Alpha y a su<\/p>\n","protected":false},"author":1,"featured_media":77926,"comment_status":"open","ping_status":"closed","sticky":false,"template":"","format":"standard","meta":{"footnotes":""},"categories":[224],"tags":[],"class_list":{"0":"post-83302","1":"post","2":"type-post","3":"status-publish","4":"format-standard","5":"has-post-thumbnail","7":"category-noticias-actualidad"},"aioseo_notices":[],"aioseo_head":"\n\t\t<!-- All in One SEO Pro 4.9.6.1 - aioseo.com -->\n\t<meta name=\"description\" content=\"De un tiempo a esta parte, Samsung est\u00e1 apostando claramente por el dise\u00f1o cuidado al detalle y la moda. No es ninguna novedad en 2016, pero s\u00ed lo es que la compa\u00f1\u00eda siga dando pasos en un mercado que tradicionalmente se le resist\u00eda. Hay que volver la vista al Samsung Galaxy Alpha y a su\" \/>\n\t<meta name=\"robots\" content=\"max-image-preview:large\" \/>\n\t<meta name=\"author\" content=\"admin\"\/>\n\t<meta name=\"google-site-verification\" content=\"UA-38556648-1\" \/>\n\t<meta name=\"keywords\" content=\"noticias y actualidad\" \/>\n\t<link rel=\"canonical\" href=\"https:\/\/eldigitaldeasturias.com\/magazine365\/los-nuevos-accesorios-de-samsung-apuestan-por-el-estilo-y-la-moda\/\" \/>\n\t<meta name=\"generator\" content=\"All in One SEO Pro (AIOSEO) 4.9.6.1\" \/>\n\t\t<meta property=\"og:locale\" content=\"es_ES\" \/>\n\t\t<meta property=\"og:site_name\" content=\"El Digital de Asturias \u2013 Revista de ocio, turismo y estilo de vida\" \/>\n\t\t<meta property=\"og:type\" content=\"article\" \/>\n\t\t<meta property=\"og:title\" content=\"Los nuevos accesorios de Samsung apuestan por el estilo y la moda | El Digital de Asturias\" \/>\n\t\t<meta property=\"og:description\" content=\"De un tiempo a esta parte, Samsung est\u00e1 apostando claramente por el dise\u00f1o cuidado al detalle y la moda. No es ninguna novedad en 2016, pero s\u00ed lo es que la compa\u00f1\u00eda siga dando pasos en un mercado que tradicionalmente se le resist\u00eda. Hay que volver la vista al Samsung Galaxy Alpha y a su\" \/>\n\t\t<meta property=\"og:url\" content=\"https:\/\/eldigitaldeasturias.com\/magazine365\/los-nuevos-accesorios-de-samsung-apuestan-por-el-estilo-y-la-moda\/\" \/>\n\t\t<meta property=\"og:image\" content=\"https:\/\/eldigitaldeasturias.com\/magazine365\/wp-content\/uploads\/2016\/06\/m365.jpg\" \/>\n\t\t<meta property=\"og:image:secure_url\" content=\"https:\/\/eldigitaldeasturias.com\/magazine365\/wp-content\/uploads\/2016\/06\/m365.jpg\" \/>\n\t\t<meta property=\"og:image:width\" content=\"655\" \/>\n\t\t<meta property=\"og:image:height\" content=\"360\" \/>\n\t\t<meta property=\"article:published_time\" content=\"2016-11-03T22:04:04+00:00\" \/>\n\t\t<meta property=\"article:modified_time\" content=\"2016-11-03T22:04:04+00:00\" \/>\n\t\t<meta name=\"twitter:card\" content=\"summary_large_image\" \/>\n\t\t<meta name=\"twitter:title\" content=\"Los nuevos accesorios de Samsung apuestan por el estilo y la moda | El Digital de Asturias\" \/>\n\t\t<meta name=\"twitter:description\" content=\"De un tiempo a esta parte, Samsung est\u00e1 apostando claramente por el dise\u00f1o cuidado al detalle y la moda. No es ninguna novedad en 2016, pero s\u00ed lo es que la compa\u00f1\u00eda siga dando pasos en un mercado que tradicionalmente se le resist\u00eda. Hay que volver la vista al Samsung Galaxy Alpha y a su\" \/>\n\t\t<meta name=\"twitter:image\" content=\"https:\/\/eldigitaldeasturias.com\/magazine365\/wp-content\/uploads\/2016\/06\/m365.jpg\" \/>\n\t\t<script type=\"application\/ld+json\" class=\"aioseo-schema\">\n\t\t\t{\"@context\":\"https:\\\/\\\/schema.org\",\"@graph\":[{\"@type\":\"Article\",\"@id\":\"https:\\\/\\\/eldigitaldeasturias.com\\\/magazine365\\\/los-nuevos-accesorios-de-samsung-apuestan-por-el-estilo-y-la-moda\\\/#article\",\"name\":\"Los nuevos accesorios de Samsung apuestan por el estilo y la moda | El Digital de Asturias\",\"headline\":\"Los nuevos accesorios de Samsung apuestan por el estilo y la moda\",\"author\":{\"@id\":\"https:\\\/\\\/eldigitaldeasturias.com\\\/magazine365\\\/author\\\/admin\\\/#author\"},\"publisher\":{\"@id\":\"https:\\\/\\\/eldigitaldeasturias.com\\\/magazine365\\\/#organization\"},\"image\":{\"@type\":\"ImageObject\",\"url\":\"https:\\\/\\\/eldigitaldeasturias.com\\\/magazine365\\\/wp-content\\\/uploads\\\/2016\\\/06\\\/m365.jpg\",\"width\":655,\"height\":360},\"datePublished\":\"2016-11-03T23:04:04+01:00\",\"dateModified\":\"2016-11-03T23:04:04+01:00\",\"inLanguage\":\"es-ES\",\"mainEntityOfPage\":{\"@id\":\"https:\\\/\\\/eldigitaldeasturias.com\\\/magazine365\\\/los-nuevos-accesorios-de-samsung-apuestan-por-el-estilo-y-la-moda\\\/#webpage\"},\"isPartOf\":{\"@id\":\"https:\\\/\\\/eldigitaldeasturias.com\\\/magazine365\\\/los-nuevos-accesorios-de-samsung-apuestan-por-el-estilo-y-la-moda\\\/#webpage\"},\"articleSection\":\"Noticias y Actualidad\"},{\"@type\":\"BreadcrumbList\",\"@id\":\"https:\\\/\\\/eldigitaldeasturias.com\\\/magazine365\\\/los-nuevos-accesorios-de-samsung-apuestan-por-el-estilo-y-la-moda\\\/#breadcrumblist\",\"itemListElement\":[{\"@type\":\"ListItem\",\"@id\":\"https:\\\/\\\/eldigitaldeasturias.com\\\/magazine365#listItem\",\"position\":1,\"name\":\"Home\",\"item\":\"https:\\\/\\\/eldigitaldeasturias.com\\\/magazine365\",\"nextItem\":{\"@type\":\"ListItem\",\"@id\":\"https:\\\/\\\/eldigitaldeasturias.com\\\/magazine365\\\/category\\\/noticias-actualidad\\\/#listItem\",\"name\":\"Noticias y Actualidad\"}},{\"@type\":\"ListItem\",\"@id\":\"https:\\\/\\\/eldigitaldeasturias.com\\\/magazine365\\\/category\\\/noticias-actualidad\\\/#listItem\",\"position\":2,\"name\":\"Noticias y Actualidad\",\"item\":\"https:\\\/\\\/eldigitaldeasturias.com\\\/magazine365\\\/category\\\/noticias-actualidad\\\/\",\"nextItem\":{\"@type\":\"ListItem\",\"@id\":\"https:\\\/\\\/eldigitaldeasturias.com\\\/magazine365\\\/los-nuevos-accesorios-de-samsung-apuestan-por-el-estilo-y-la-moda\\\/#listItem\",\"name\":\"Los nuevos accesorios de Samsung apuestan por el estilo y la moda\"},\"previousItem\":{\"@type\":\"ListItem\",\"@id\":\"https:\\\/\\\/eldigitaldeasturias.com\\\/magazine365#listItem\",\"name\":\"Home\"}},{\"@type\":\"ListItem\",\"@id\":\"https:\\\/\\\/eldigitaldeasturias.com\\\/magazine365\\\/los-nuevos-accesorios-de-samsung-apuestan-por-el-estilo-y-la-moda\\\/#listItem\",\"position\":3,\"name\":\"Los nuevos accesorios de Samsung apuestan por el estilo y la moda\",\"previousItem\":{\"@type\":\"ListItem\",\"@id\":\"https:\\\/\\\/eldigitaldeasturias.com\\\/magazine365\\\/category\\\/noticias-actualidad\\\/#listItem\",\"name\":\"Noticias y Actualidad\"}}]},{\"@type\":\"Organization\",\"@id\":\"https:\\\/\\\/eldigitaldeasturias.com\\\/magazine365\\\/#organization\",\"name\":\"El digital de Asturias\",\"description\":\"Revista de ocio, turismo y estilo de vida\",\"url\":\"https:\\\/\\\/eldigitaldeasturias.com\\\/magazine365\\\/\",\"logo\":{\"@type\":\"ImageObject\",\"url\":\"https:\\\/\\\/www.eldigitaldeasturias.com\\\/noticias\\\/wp-content\\\/uploads\\\/2020\\\/12\\\/EDA.jpg\",\"@id\":\"https:\\\/\\\/eldigitaldeasturias.com\\\/magazine365\\\/los-nuevos-accesorios-de-samsung-apuestan-por-el-estilo-y-la-moda\\\/#organizationLogo\"},\"image\":{\"@id\":\"https:\\\/\\\/eldigitaldeasturias.com\\\/magazine365\\\/los-nuevos-accesorios-de-samsung-apuestan-por-el-estilo-y-la-moda\\\/#organizationLogo\"}},{\"@type\":\"Person\",\"@id\":\"https:\\\/\\\/eldigitaldeasturias.com\\\/magazine365\\\/author\\\/admin\\\/#author\",\"url\":\"https:\\\/\\\/eldigitaldeasturias.com\\\/magazine365\\\/author\\\/admin\\\/\",\"name\":\"admin\",\"image\":{\"@type\":\"ImageObject\",\"@id\":\"https:\\\/\\\/eldigitaldeasturias.com\\\/magazine365\\\/los-nuevos-accesorios-de-samsung-apuestan-por-el-estilo-y-la-moda\\\/#authorImage\",\"url\":\"https:\\\/\\\/eldigitaldeasturias.com\\\/magazine365\\\/wp-content\\\/litespeed\\\/avatar\\\/e571bcf59a0edd6fa6838245a470f2fe.jpg?ver=1776969259\",\"width\":96,\"height\":96,\"caption\":\"admin\"}},{\"@type\":\"WebPage\",\"@id\":\"https:\\\/\\\/eldigitaldeasturias.com\\\/magazine365\\\/los-nuevos-accesorios-de-samsung-apuestan-por-el-estilo-y-la-moda\\\/#webpage\",\"url\":\"https:\\\/\\\/eldigitaldeasturias.com\\\/magazine365\\\/los-nuevos-accesorios-de-samsung-apuestan-por-el-estilo-y-la-moda\\\/\",\"name\":\"Los nuevos accesorios de Samsung apuestan por el estilo y la moda | El Digital de Asturias\",\"description\":\"De un tiempo a esta parte, Samsung est\\u00e1 apostando claramente por el dise\\u00f1o cuidado al detalle y la moda. No es ninguna novedad en 2016, pero s\\u00ed lo es que la compa\\u00f1\\u00eda siga dando pasos en un mercado que tradicionalmente se le resist\\u00eda. Hay que volver la vista al Samsung Galaxy Alpha y a su\",\"inLanguage\":\"es-ES\",\"isPartOf\":{\"@id\":\"https:\\\/\\\/eldigitaldeasturias.com\\\/magazine365\\\/#website\"},\"breadcrumb\":{\"@id\":\"https:\\\/\\\/eldigitaldeasturias.com\\\/magazine365\\\/los-nuevos-accesorios-de-samsung-apuestan-por-el-estilo-y-la-moda\\\/#breadcrumblist\"},\"author\":{\"@id\":\"https:\\\/\\\/eldigitaldeasturias.com\\\/magazine365\\\/author\\\/admin\\\/#author\"},\"creator\":{\"@id\":\"https:\\\/\\\/eldigitaldeasturias.com\\\/magazine365\\\/author\\\/admin\\\/#author\"},\"image\":{\"@type\":\"ImageObject\",\"url\":\"https:\\\/\\\/eldigitaldeasturias.com\\\/magazine365\\\/wp-content\\\/uploads\\\/2016\\\/06\\\/m365.jpg\",\"@id\":\"https:\\\/\\\/eldigitaldeasturias.com\\\/magazine365\\\/los-nuevos-accesorios-de-samsung-apuestan-por-el-estilo-y-la-moda\\\/#mainImage\",\"width\":655,\"height\":360},\"primaryImageOfPage\":{\"@id\":\"https:\\\/\\\/eldigitaldeasturias.com\\\/magazine365\\\/los-nuevos-accesorios-de-samsung-apuestan-por-el-estilo-y-la-moda\\\/#mainImage\"},\"datePublished\":\"2016-11-03T23:04:04+01:00\",\"dateModified\":\"2016-11-03T23:04:04+01:00\"},{\"@type\":\"WebSite\",\"@id\":\"https:\\\/\\\/eldigitaldeasturias.com\\\/magazine365\\\/#website\",\"url\":\"https:\\\/\\\/eldigitaldeasturias.com\\\/magazine365\\\/\",\"name\":\"El Digital de Asturias\",\"description\":\"Revista de ocio, turismo y estilo de vida\",\"inLanguage\":\"es-ES\",\"publisher\":{\"@id\":\"https:\\\/\\\/eldigitaldeasturias.com\\\/magazine365\\\/#organization\"}}]}\n\t\t<\/script>\n\t\t<!-- All in One SEO Pro -->\r\n\t\t<title>Los nuevos accesorios de Samsung apuestan por el estilo y la moda | El Digital de Asturias<\/title>\n\n","aioseo_head_json":{"title":"Los nuevos accesorios de Samsung apuestan por el estilo y la moda | El Digital de Asturias","description":"De un tiempo a esta parte, Samsung est\u00e1 apostando claramente por el dise\u00f1o cuidado al detalle y la moda. No es ninguna novedad en 2016, pero s\u00ed lo es que la compa\u00f1\u00eda siga dando pasos en un mercado que tradicionalmente se le resist\u00eda. Hay que volver la vista al Samsung Galaxy Alpha y a su","canonical_url":"https:\/\/eldigitaldeasturias.com\/magazine365\/los-nuevos-accesorios-de-samsung-apuestan-por-el-estilo-y-la-moda\/","robots":"max-image-preview:large","keywords":"noticias y actualidad","webmasterTools":{"google-site-verification":"UA-38556648-1","miscellaneous":""},"schema":{"@context":"https:\/\/schema.org","@graph":[{"@type":"Article","@id":"https:\/\/eldigitaldeasturias.com\/magazine365\/los-nuevos-accesorios-de-samsung-apuestan-por-el-estilo-y-la-moda\/#article","name":"Los nuevos accesorios de Samsung apuestan por el estilo y la moda | El Digital de Asturias","headline":"Los nuevos accesorios de Samsung apuestan por el estilo y la moda","author":{"@id":"https:\/\/eldigitaldeasturias.com\/magazine365\/author\/admin\/#author"},"publisher":{"@id":"https:\/\/eldigitaldeasturias.com\/magazine365\/#organization"},"image":{"@type":"ImageObject","url":"https:\/\/eldigitaldeasturias.com\/magazine365\/wp-content\/uploads\/2016\/06\/m365.jpg","width":655,"height":360},"datePublished":"2016-11-03T23:04:04+01:00","dateModified":"2016-11-03T23:04:04+01:00","inLanguage":"es-ES","mainEntityOfPage":{"@id":"https:\/\/eldigitaldeasturias.com\/magazine365\/los-nuevos-accesorios-de-samsung-apuestan-por-el-estilo-y-la-moda\/#webpage"},"isPartOf":{"@id":"https:\/\/eldigitaldeasturias.com\/magazine365\/los-nuevos-accesorios-de-samsung-apuestan-por-el-estilo-y-la-moda\/#webpage"},"articleSection":"Noticias y Actualidad"},{"@type":"BreadcrumbList","@id":"https:\/\/eldigitaldeasturias.com\/magazine365\/los-nuevos-accesorios-de-samsung-apuestan-por-el-estilo-y-la-moda\/#breadcrumblist","itemListElement":[{"@type":"ListItem","@id":"https:\/\/eldigitaldeasturias.com\/magazine365#listItem","position":1,"name":"Home","item":"https:\/\/eldigitaldeasturias.com\/magazine365","nextItem":{"@type":"ListItem","@id":"https:\/\/eldigitaldeasturias.com\/magazine365\/category\/noticias-actualidad\/#listItem","name":"Noticias y Actualidad"}},{"@type":"ListItem","@id":"https:\/\/eldigitaldeasturias.com\/magazine365\/category\/noticias-actualidad\/#listItem","position":2,"name":"Noticias y Actualidad","item":"https:\/\/eldigitaldeasturias.com\/magazine365\/category\/noticias-actualidad\/","nextItem":{"@type":"ListItem","@id":"https:\/\/eldigitaldeasturias.com\/magazine365\/los-nuevos-accesorios-de-samsung-apuestan-por-el-estilo-y-la-moda\/#listItem","name":"Los nuevos accesorios de Samsung apuestan por el estilo y la moda"},"previousItem":{"@type":"ListItem","@id":"https:\/\/eldigitaldeasturias.com\/magazine365#listItem","name":"Home"}},{"@type":"ListItem","@id":"https:\/\/eldigitaldeasturias.com\/magazine365\/los-nuevos-accesorios-de-samsung-apuestan-por-el-estilo-y-la-moda\/#listItem","position":3,"name":"Los nuevos accesorios de Samsung apuestan por el estilo y la moda","previousItem":{"@type":"ListItem","@id":"https:\/\/eldigitaldeasturias.com\/magazine365\/category\/noticias-actualidad\/#listItem","name":"Noticias y Actualidad"}}]},{"@type":"Organization","@id":"https:\/\/eldigitaldeasturias.com\/magazine365\/#organization","name":"El digital de Asturias","description":"Revista de ocio, turismo y estilo de vida","url":"https:\/\/eldigitaldeasturias.com\/magazine365\/","logo":{"@type":"ImageObject","url":"https:\/\/www.eldigitaldeasturias.com\/noticias\/wp-content\/uploads\/2020\/12\/EDA.jpg","@id":"https:\/\/eldigitaldeasturias.com\/magazine365\/los-nuevos-accesorios-de-samsung-apuestan-por-el-estilo-y-la-moda\/#organizationLogo"},"image":{"@id":"https:\/\/eldigitaldeasturias.com\/magazine365\/los-nuevos-accesorios-de-samsung-apuestan-por-el-estilo-y-la-moda\/#organizationLogo"}},{"@type":"Person","@id":"https:\/\/eldigitaldeasturias.com\/magazine365\/author\/admin\/#author","url":"https:\/\/eldigitaldeasturias.com\/magazine365\/author\/admin\/","name":"admin","image":{"@type":"ImageObject","@id":"https:\/\/eldigitaldeasturias.com\/magazine365\/los-nuevos-accesorios-de-samsung-apuestan-por-el-estilo-y-la-moda\/#authorImage","url":"https:\/\/eldigitaldeasturias.com\/magazine365\/wp-content\/litespeed\/avatar\/e571bcf59a0edd6fa6838245a470f2fe.jpg?ver=1776969259","width":96,"height":96,"caption":"admin"}},{"@type":"WebPage","@id":"https:\/\/eldigitaldeasturias.com\/magazine365\/los-nuevos-accesorios-de-samsung-apuestan-por-el-estilo-y-la-moda\/#webpage","url":"https:\/\/eldigitaldeasturias.com\/magazine365\/los-nuevos-accesorios-de-samsung-apuestan-por-el-estilo-y-la-moda\/","name":"Los nuevos accesorios de Samsung apuestan por el estilo y la moda | El Digital de Asturias","description":"De un tiempo a esta parte, Samsung est\u00e1 apostando claramente por el dise\u00f1o cuidado al detalle y la moda. No es ninguna novedad en 2016, pero s\u00ed lo es que la compa\u00f1\u00eda siga dando pasos en un mercado que tradicionalmente se le resist\u00eda. Hay que volver la vista al Samsung Galaxy Alpha y a su","inLanguage":"es-ES","isPartOf":{"@id":"https:\/\/eldigitaldeasturias.com\/magazine365\/#website"},"breadcrumb":{"@id":"https:\/\/eldigitaldeasturias.com\/magazine365\/los-nuevos-accesorios-de-samsung-apuestan-por-el-estilo-y-la-moda\/#breadcrumblist"},"author":{"@id":"https:\/\/eldigitaldeasturias.com\/magazine365\/author\/admin\/#author"},"creator":{"@id":"https:\/\/eldigitaldeasturias.com\/magazine365\/author\/admin\/#author"},"image":{"@type":"ImageObject","url":"https:\/\/eldigitaldeasturias.com\/magazine365\/wp-content\/uploads\/2016\/06\/m365.jpg","@id":"https:\/\/eldigitaldeasturias.com\/magazine365\/los-nuevos-accesorios-de-samsung-apuestan-por-el-estilo-y-la-moda\/#mainImage","width":655,"height":360},"primaryImageOfPage":{"@id":"https:\/\/eldigitaldeasturias.com\/magazine365\/los-nuevos-accesorios-de-samsung-apuestan-por-el-estilo-y-la-moda\/#mainImage"},"datePublished":"2016-11-03T23:04:04+01:00","dateModified":"2016-11-03T23:04:04+01:00"},{"@type":"WebSite","@id":"https:\/\/eldigitaldeasturias.com\/magazine365\/#website","url":"https:\/\/eldigitaldeasturias.com\/magazine365\/","name":"El Digital de Asturias","description":"Revista de ocio, turismo y estilo de vida","inLanguage":"es-ES","publisher":{"@id":"https:\/\/eldigitaldeasturias.com\/magazine365\/#organization"}}]},"og:locale":"es_ES","og:site_name":"El Digital de Asturias \u2013 Revista de ocio, turismo y estilo de vida","og:type":"article","og:title":"Los nuevos accesorios de Samsung apuestan por el estilo y la moda | El Digital de Asturias","og:description":"De un tiempo a esta parte, Samsung est\u00e1 apostando claramente por el dise\u00f1o cuidado al detalle y la moda. No es ninguna novedad en 2016, pero s\u00ed lo es que la compa\u00f1\u00eda siga dando pasos en un mercado que tradicionalmente se le resist\u00eda. Hay que volver la vista al Samsung Galaxy Alpha y a su","og:url":"https:\/\/eldigitaldeasturias.com\/magazine365\/los-nuevos-accesorios-de-samsung-apuestan-por-el-estilo-y-la-moda\/","og:image":"https:\/\/eldigitaldeasturias.com\/magazine365\/wp-content\/uploads\/2016\/06\/m365.jpg","og:image:secure_url":"https:\/\/eldigitaldeasturias.com\/magazine365\/wp-content\/uploads\/2016\/06\/m365.jpg","og:image:width":655,"og:image:height":360,"article:published_time":"2016-11-03T22:04:04+00:00","article:modified_time":"2016-11-03T22:04:04+00:00","twitter:card":"summary_large_image","twitter:title":"Los nuevos accesorios de Samsung apuestan por el estilo y la moda | El Digital de Asturias","twitter:description":"De un tiempo a esta parte, Samsung est\u00e1 apostando claramente por el dise\u00f1o cuidado al detalle y la moda. No es ninguna novedad en 2016, pero s\u00ed lo es que la compa\u00f1\u00eda siga dando pasos en un mercado que tradicionalmente se le resist\u00eda. Hay que volver la vista al Samsung Galaxy Alpha y a su","twitter:image":"https:\/\/eldigitaldeasturias.com\/magazine365\/wp-content\/uploads\/2016\/06\/m365.jpg"},"aioseo_meta_data":{"post_id":"83302","title":null,"description":null,"keywords":null,"keyphrases":null,"primary_term":null,"canonical_url":null,"og_title":null,"og_description":null,"og_object_type":"default","og_image_type":"default","og_image_url":null,"og_image_width":null,"og_image_height":null,"og_image_custom_url":null,"og_image_custom_fields":null,"og_video":null,"og_custom_url":null,"og_article_section":null,"og_article_tags":null,"twitter_use_og":false,"twitter_card":"default","twitter_image_type":"default","twitter_image_url":null,"twitter_image_custom_url":null,"twitter_image_custom_fields":null,"twitter_title":null,"twitter_description":null,"schema":{"blockGraphs":[],"customGraphs":[],"default":{"data":{"Article":[],"Course":[],"Dataset":[],"FAQPage":[],"Movie":[],"Person":[],"Product":[],"ProductReview":[],"Car":[],"Recipe":[],"Service":[],"SoftwareApplication":[],"WebPage":[]},"graphName":"","isEnabled":true},"graphs":[],"defaultGraph":"","defaultPostTypeGraph":""},"schema_type":null,"schema_type_options":null,"pillar_content":false,"robots_default":true,"robots_noindex":false,"robots_noarchive":false,"robots_nosnippet":false,"robots_nofollow":false,"robots_noimageindex":false,"robots_noodp":false,"robots_notranslate":false,"robots_max_snippet":null,"robots_max_videopreview":null,"robots_max_imagepreview":"large","priority":null,"frequency":null,"location":null,"local_seo":null,"seo_analyzer_scan_date":"2025-09-28 02:42:57","breadcrumb_settings":null,"limit_modified_date":false,"open_ai":null,"ai":null,"created":"2020-12-21 15:30:05","updated":"2025-09-28 02:42:57"},"aioseo_breadcrumb":"<div class=\"aioseo-breadcrumbs\"><span class=\"aioseo-breadcrumb\">\n\t<a href=\"https:\/\/eldigitaldeasturias.com\/magazine365\" title=\"Home\">Home<\/a>\n<\/span><span class=\"aioseo-breadcrumb-separator\">\u2013<\/span><span class=\"aioseo-breadcrumb\">\n\t<a href=\"https:\/\/eldigitaldeasturias.com\/magazine365\/category\/noticias-actualidad\/\" title=\"Noticias y Actualidad\">Noticias y Actualidad<\/a>\n<\/span><span class=\"aioseo-breadcrumb-separator\">\u2013<\/span><span class=\"aioseo-breadcrumb\">\n\t<a href=\"https:\/\/eldigitaldeasturias.com\/magazine365\/los-nuevos-accesorios-de-samsung-apuestan-por-el-estilo-y-la-moda\/\" title=\"Los nuevos accesorios de Samsung apuestan por el estilo y la moda\">Los nuevos accesorios de Samsung apuestan por el estilo y la moda<\/a>\n<\/span><\/div>","aioseo_breadcrumb_json":[{"label":"Home","link":"https:\/\/eldigitaldeasturias.com\/magazine365"},{"label":"Noticias y Actualidad","link":"https:\/\/eldigitaldeasturias.com\/magazine365\/category\/noticias-actualidad\/"},{"label":"Los nuevos accesorios de Samsung apuestan por el estilo y la moda","link":"https:\/\/eldigitaldeasturias.com\/magazine365\/los-nuevos-accesorios-de-samsung-apuestan-por-el-estilo-y-la-moda\/"}],"_links":{"self":[{"href":"https:\/\/eldigitaldeasturias.com\/magazine365\/wp-json\/wp\/v2\/posts\/83302","targetHints":{"allow":["GET"]}}],"collection":[{"href":"https:\/\/eldigitaldeasturias.com\/magazine365\/wp-json\/wp\/v2\/posts"}],"about":[{"href":"https:\/\/eldigitaldeasturias.com\/magazine365\/wp-json\/wp\/v2\/types\/post"}],"author":[{"embeddable":true,"href":"https:\/\/eldigitaldeasturias.com\/magazine365\/wp-json\/wp\/v2\/users\/1"}],"replies":[{"embeddable":true,"href":"https:\/\/eldigitaldeasturias.com\/magazine365\/wp-json\/wp\/v2\/comments?post=83302"}],"version-history":[{"count":0,"href":"https:\/\/eldigitaldeasturias.com\/magazine365\/wp-json\/wp\/v2\/posts\/83302\/revisions"}],"wp:featuredmedia":[{"embeddable":true,"href":"https:\/\/eldigitaldeasturias.com\/magazine365\/wp-json\/wp\/v2\/media\/77926"}],"wp:attachment":[{"href":"https:\/\/eldigitaldeasturias.com\/magazine365\/wp-json\/wp\/v2\/media?parent=83302"}],"wp:term":[{"taxonomy":"category","embeddable":true,"href":"https:\/\/eldigitaldeasturias.com\/magazine365\/wp-json\/wp\/v2\/categories?post=83302"},{"taxonomy":"post_tag","embeddable":true,"href":"https:\/\/eldigitaldeasturias.com\/magazine365\/wp-json\/wp\/v2\/tags?post=83302"}],"curies":[{"name":"wp","href":"https:\/\/api.w.org\/{rel}","templated":true}]}}