{"id":83298,"date":"2016-11-03T23:01:24","date_gmt":"2016-11-03T22:01:24","guid":{"rendered":"http:\/\/eldigitaldeasturias.com\/magazine365\/?p=83298"},"modified":"2016-11-03T23:01:24","modified_gmt":"2016-11-03T22:01:24","slug":"samsung-y-el-primer-lector-de-huellas-optico","status":"publish","type":"post","link":"https:\/\/eldigitaldeasturias.com\/magazine365\/samsung-y-el-primer-lector-de-huellas-optico\/","title":{"rendered":"Samsung y el primer lector de huellas \u00f3ptico"},"content":{"rendered":"<p>Casi tres a\u00f1os han pasado ya desde que Samsung incluy\u00f3 su primer lector de huellas en el Samsung Galaxy S5. Si bien quiz\u00e1 estaba demasiado verde respecto a lo que despu\u00e9s vino con el Samsung Galaxy S6, el smartphone que lo cambi\u00f3 todo para la compa\u00f1\u00eda, plant\u00f3 la semilla para que m\u00e1s tarde la biometr\u00eda siguiera evolucionando como con el esc\u00e1ner de Iris. Sin embargo, parece que pronto ser\u00e1 el propio lector de huella el que sufra grandes cambios en los Samsung, m\u00e1s all\u00e1 de la velocidad o la precisi\u00f3n de lectura.<\/p>\n<p>Seg\u00fan apuntan varias informaciones, el Samsung Galxy S8 que presumiblemente ser\u00e1 presentado en el MWC 2017, tendr\u00e1 un lector de huellas \u00f3ptico, a diferencia de los actuales, que son del tipo capacitivo. La principal diferencia, entre las muchas peque\u00f1as que existen, es que la superficie de reconocimiento puede ser el propio cristal de la pantalla, lo que eliminar\u00eda la necesidad de seguir utilizando un bot\u00f3n f\u00edsico de inicio como lector. Adem\u00e1s de ser m\u00e1s preciso, un lector de huellas \u00f3ptico es mucho m\u00e1s r\u00e1pido que, no s\u00f3lo los esc\u00e1neres convencionales, sino que los ultras\u00f3nicos presentados por Qualcomm.<\/p>\n<p>En el caso de seguir en el frontal, los lectores de huellas tendr\u00e1n mayor funcionalidad.<\/p>\n<p>El gran beneficiado en todo esto, ser\u00eda, por supuesto, el usuario, ya que los actuales componentes son algunos de los principales rivales del progreso y la innovaci\u00f3n en el dise\u00f1o. En lo que a Samsung respecta, avances as\u00ed son claves en la carrera por exprimir el espacio del frontal, donde altavoces y botones f\u00edsicos privan a los dise\u00f1adores de conseguir, por ejemplo pantallas con los cuatro bordes curvados para un panel que ocupe todo el espacio.<\/p>\n<p>En cualquier caso, llegue o no pronto su final, est\u00e1 claro que en cuanto a funciones, los lectores de huellas no van a permanecer inm\u00f3viles, y es que al ser de tipo capacitivo pueden albergar muchas m\u00e1s funciones que las actuales, recogidas en una patente de Samsung de hace dos a\u00f1os, que incluye deslizar en varias direcciones como m\u00e9todo para navegar por la pantalla. Tanto si s\u00f3lo llegan como acceso directo como por si brindan utilidad adicional a la hora de hacer scroll en una lista o en una p\u00e1gina web con un simple movimiento, son funciones que ser\u00e1n bienvenidas.<\/p>\n<p><strong><em>La noticia \u00abLos lectores de huella pueden tener los d\u00edas contados\u00bb fue publicada originalmente en Hipertextual.<\/em><\/strong><\/p>\n<p>&nbsp;<\/p>\n","protected":false},"excerpt":{"rendered":"<p>Casi tres a\u00f1os han pasado ya desde que Samsung incluy\u00f3 su primer lector de huellas en el Samsung Galaxy S5. Si bien quiz\u00e1 estaba demasiado verde respecto a lo que despu\u00e9s vino con el Samsung Galaxy S6, el smartphone que lo cambi\u00f3 todo para la compa\u00f1\u00eda, plant\u00f3 la semilla para que m\u00e1s tarde la biometr\u00eda<\/p>\n","protected":false},"author":1,"featured_media":77926,"comment_status":"open","ping_status":"closed","sticky":false,"template":"","format":"standard","meta":{"footnotes":""},"categories":[224],"tags":[],"class_list":{"0":"post-83298","1":"post","2":"type-post","3":"status-publish","4":"format-standard","5":"has-post-thumbnail","7":"category-noticias-actualidad"},"aioseo_notices":[],"aioseo_head":"\n\t\t<!-- All in One SEO Pro 4.9.6.1 - aioseo.com -->\n\t<meta name=\"description\" content=\"Casi tres a\u00f1os han pasado ya desde que Samsung incluy\u00f3 su primer lector de huellas en el Samsung Galaxy S5. Si bien quiz\u00e1 estaba demasiado verde respecto a lo que despu\u00e9s vino con el Samsung Galaxy S6, el smartphone que lo cambi\u00f3 todo para la compa\u00f1\u00eda, plant\u00f3 la semilla para que m\u00e1s tarde la biometr\u00eda\" \/>\n\t<meta name=\"robots\" content=\"max-image-preview:large\" \/>\n\t<meta name=\"author\" content=\"admin\"\/>\n\t<meta name=\"google-site-verification\" content=\"UA-38556648-1\" \/>\n\t<meta name=\"keywords\" content=\"noticias y actualidad\" \/>\n\t<link rel=\"canonical\" href=\"https:\/\/eldigitaldeasturias.com\/magazine365\/samsung-y-el-primer-lector-de-huellas-optico\/\" \/>\n\t<meta name=\"generator\" content=\"All in One SEO Pro (AIOSEO) 4.9.6.1\" \/>\n\t\t<meta property=\"og:locale\" content=\"es_ES\" \/>\n\t\t<meta property=\"og:site_name\" content=\"El Digital de Asturias \u2013 Revista de ocio, turismo y estilo de vida\" \/>\n\t\t<meta property=\"og:type\" content=\"article\" \/>\n\t\t<meta property=\"og:title\" content=\"Samsung y el primer lector de huellas \u00f3ptico | El Digital de Asturias\" \/>\n\t\t<meta property=\"og:description\" content=\"Casi tres a\u00f1os han pasado ya desde que Samsung incluy\u00f3 su primer lector de huellas en el Samsung Galaxy S5. Si bien quiz\u00e1 estaba demasiado verde respecto a lo que despu\u00e9s vino con el Samsung Galaxy S6, el smartphone que lo cambi\u00f3 todo para la compa\u00f1\u00eda, plant\u00f3 la semilla para que m\u00e1s tarde la biometr\u00eda\" \/>\n\t\t<meta property=\"og:url\" content=\"https:\/\/eldigitaldeasturias.com\/magazine365\/samsung-y-el-primer-lector-de-huellas-optico\/\" \/>\n\t\t<meta property=\"og:image\" content=\"https:\/\/eldigitaldeasturias.com\/magazine365\/wp-content\/uploads\/2016\/06\/m365.jpg\" \/>\n\t\t<meta property=\"og:image:secure_url\" content=\"https:\/\/eldigitaldeasturias.com\/magazine365\/wp-content\/uploads\/2016\/06\/m365.jpg\" \/>\n\t\t<meta property=\"og:image:width\" content=\"655\" \/>\n\t\t<meta property=\"og:image:height\" content=\"360\" \/>\n\t\t<meta property=\"article:published_time\" content=\"2016-11-03T22:01:24+00:00\" \/>\n\t\t<meta property=\"article:modified_time\" content=\"2016-11-03T22:01:24+00:00\" \/>\n\t\t<meta name=\"twitter:card\" content=\"summary_large_image\" \/>\n\t\t<meta name=\"twitter:title\" content=\"Samsung y el primer lector de huellas \u00f3ptico | El Digital de Asturias\" \/>\n\t\t<meta name=\"twitter:description\" content=\"Casi tres a\u00f1os han pasado ya desde que Samsung incluy\u00f3 su primer lector de huellas en el Samsung Galaxy S5. Si bien quiz\u00e1 estaba demasiado verde respecto a lo que despu\u00e9s vino con el Samsung Galaxy S6, el smartphone que lo cambi\u00f3 todo para la compa\u00f1\u00eda, plant\u00f3 la semilla para que m\u00e1s tarde la biometr\u00eda\" \/>\n\t\t<meta name=\"twitter:image\" content=\"https:\/\/eldigitaldeasturias.com\/magazine365\/wp-content\/uploads\/2016\/06\/m365.jpg\" \/>\n\t\t<script type=\"application\/ld+json\" class=\"aioseo-schema\">\n\t\t\t{\"@context\":\"https:\\\/\\\/schema.org\",\"@graph\":[{\"@type\":\"Article\",\"@id\":\"https:\\\/\\\/eldigitaldeasturias.com\\\/magazine365\\\/samsung-y-el-primer-lector-de-huellas-optico\\\/#article\",\"name\":\"Samsung y el primer lector de huellas \\u00f3ptico | El Digital de Asturias\",\"headline\":\"Samsung y el primer lector de huellas \\u00f3ptico\",\"author\":{\"@id\":\"https:\\\/\\\/eldigitaldeasturias.com\\\/magazine365\\\/author\\\/admin\\\/#author\"},\"publisher\":{\"@id\":\"https:\\\/\\\/eldigitaldeasturias.com\\\/magazine365\\\/#organization\"},\"image\":{\"@type\":\"ImageObject\",\"url\":\"https:\\\/\\\/eldigitaldeasturias.com\\\/magazine365\\\/wp-content\\\/uploads\\\/2016\\\/06\\\/m365.jpg\",\"width\":655,\"height\":360},\"datePublished\":\"2016-11-03T23:01:24+01:00\",\"dateModified\":\"2016-11-03T23:01:24+01:00\",\"inLanguage\":\"es-ES\",\"mainEntityOfPage\":{\"@id\":\"https:\\\/\\\/eldigitaldeasturias.com\\\/magazine365\\\/samsung-y-el-primer-lector-de-huellas-optico\\\/#webpage\"},\"isPartOf\":{\"@id\":\"https:\\\/\\\/eldigitaldeasturias.com\\\/magazine365\\\/samsung-y-el-primer-lector-de-huellas-optico\\\/#webpage\"},\"articleSection\":\"Noticias y Actualidad\"},{\"@type\":\"BreadcrumbList\",\"@id\":\"https:\\\/\\\/eldigitaldeasturias.com\\\/magazine365\\\/samsung-y-el-primer-lector-de-huellas-optico\\\/#breadcrumblist\",\"itemListElement\":[{\"@type\":\"ListItem\",\"@id\":\"https:\\\/\\\/eldigitaldeasturias.com\\\/magazine365#listItem\",\"position\":1,\"name\":\"Home\",\"item\":\"https:\\\/\\\/eldigitaldeasturias.com\\\/magazine365\",\"nextItem\":{\"@type\":\"ListItem\",\"@id\":\"https:\\\/\\\/eldigitaldeasturias.com\\\/magazine365\\\/category\\\/noticias-actualidad\\\/#listItem\",\"name\":\"Noticias y Actualidad\"}},{\"@type\":\"ListItem\",\"@id\":\"https:\\\/\\\/eldigitaldeasturias.com\\\/magazine365\\\/category\\\/noticias-actualidad\\\/#listItem\",\"position\":2,\"name\":\"Noticias y Actualidad\",\"item\":\"https:\\\/\\\/eldigitaldeasturias.com\\\/magazine365\\\/category\\\/noticias-actualidad\\\/\",\"nextItem\":{\"@type\":\"ListItem\",\"@id\":\"https:\\\/\\\/eldigitaldeasturias.com\\\/magazine365\\\/samsung-y-el-primer-lector-de-huellas-optico\\\/#listItem\",\"name\":\"Samsung y el primer lector de huellas \\u00f3ptico\"},\"previousItem\":{\"@type\":\"ListItem\",\"@id\":\"https:\\\/\\\/eldigitaldeasturias.com\\\/magazine365#listItem\",\"name\":\"Home\"}},{\"@type\":\"ListItem\",\"@id\":\"https:\\\/\\\/eldigitaldeasturias.com\\\/magazine365\\\/samsung-y-el-primer-lector-de-huellas-optico\\\/#listItem\",\"position\":3,\"name\":\"Samsung y el primer lector de huellas \\u00f3ptico\",\"previousItem\":{\"@type\":\"ListItem\",\"@id\":\"https:\\\/\\\/eldigitaldeasturias.com\\\/magazine365\\\/category\\\/noticias-actualidad\\\/#listItem\",\"name\":\"Noticias y Actualidad\"}}]},{\"@type\":\"Organization\",\"@id\":\"https:\\\/\\\/eldigitaldeasturias.com\\\/magazine365\\\/#organization\",\"name\":\"El digital de Asturias\",\"description\":\"Revista de ocio, turismo y estilo de vida\",\"url\":\"https:\\\/\\\/eldigitaldeasturias.com\\\/magazine365\\\/\",\"logo\":{\"@type\":\"ImageObject\",\"url\":\"https:\\\/\\\/www.eldigitaldeasturias.com\\\/noticias\\\/wp-content\\\/uploads\\\/2020\\\/12\\\/EDA.jpg\",\"@id\":\"https:\\\/\\\/eldigitaldeasturias.com\\\/magazine365\\\/samsung-y-el-primer-lector-de-huellas-optico\\\/#organizationLogo\"},\"image\":{\"@id\":\"https:\\\/\\\/eldigitaldeasturias.com\\\/magazine365\\\/samsung-y-el-primer-lector-de-huellas-optico\\\/#organizationLogo\"}},{\"@type\":\"Person\",\"@id\":\"https:\\\/\\\/eldigitaldeasturias.com\\\/magazine365\\\/author\\\/admin\\\/#author\",\"url\":\"https:\\\/\\\/eldigitaldeasturias.com\\\/magazine365\\\/author\\\/admin\\\/\",\"name\":\"admin\",\"image\":{\"@type\":\"ImageObject\",\"@id\":\"https:\\\/\\\/eldigitaldeasturias.com\\\/magazine365\\\/samsung-y-el-primer-lector-de-huellas-optico\\\/#authorImage\",\"url\":\"https:\\\/\\\/eldigitaldeasturias.com\\\/magazine365\\\/wp-content\\\/litespeed\\\/avatar\\\/e571bcf59a0edd6fa6838245a470f2fe.jpg?ver=1776969259\",\"width\":96,\"height\":96,\"caption\":\"admin\"}},{\"@type\":\"WebPage\",\"@id\":\"https:\\\/\\\/eldigitaldeasturias.com\\\/magazine365\\\/samsung-y-el-primer-lector-de-huellas-optico\\\/#webpage\",\"url\":\"https:\\\/\\\/eldigitaldeasturias.com\\\/magazine365\\\/samsung-y-el-primer-lector-de-huellas-optico\\\/\",\"name\":\"Samsung y el primer lector de huellas \\u00f3ptico | El Digital de Asturias\",\"description\":\"Casi tres a\\u00f1os han pasado ya desde que Samsung incluy\\u00f3 su primer lector de huellas en el Samsung Galaxy S5. Si bien quiz\\u00e1 estaba demasiado verde respecto a lo que despu\\u00e9s vino con el Samsung Galaxy S6, el smartphone que lo cambi\\u00f3 todo para la compa\\u00f1\\u00eda, plant\\u00f3 la semilla para que m\\u00e1s tarde la biometr\\u00eda\",\"inLanguage\":\"es-ES\",\"isPartOf\":{\"@id\":\"https:\\\/\\\/eldigitaldeasturias.com\\\/magazine365\\\/#website\"},\"breadcrumb\":{\"@id\":\"https:\\\/\\\/eldigitaldeasturias.com\\\/magazine365\\\/samsung-y-el-primer-lector-de-huellas-optico\\\/#breadcrumblist\"},\"author\":{\"@id\":\"https:\\\/\\\/eldigitaldeasturias.com\\\/magazine365\\\/author\\\/admin\\\/#author\"},\"creator\":{\"@id\":\"https:\\\/\\\/eldigitaldeasturias.com\\\/magazine365\\\/author\\\/admin\\\/#author\"},\"image\":{\"@type\":\"ImageObject\",\"url\":\"https:\\\/\\\/eldigitaldeasturias.com\\\/magazine365\\\/wp-content\\\/uploads\\\/2016\\\/06\\\/m365.jpg\",\"@id\":\"https:\\\/\\\/eldigitaldeasturias.com\\\/magazine365\\\/samsung-y-el-primer-lector-de-huellas-optico\\\/#mainImage\",\"width\":655,\"height\":360},\"primaryImageOfPage\":{\"@id\":\"https:\\\/\\\/eldigitaldeasturias.com\\\/magazine365\\\/samsung-y-el-primer-lector-de-huellas-optico\\\/#mainImage\"},\"datePublished\":\"2016-11-03T23:01:24+01:00\",\"dateModified\":\"2016-11-03T23:01:24+01:00\"},{\"@type\":\"WebSite\",\"@id\":\"https:\\\/\\\/eldigitaldeasturias.com\\\/magazine365\\\/#website\",\"url\":\"https:\\\/\\\/eldigitaldeasturias.com\\\/magazine365\\\/\",\"name\":\"El Digital de Asturias\",\"description\":\"Revista de ocio, turismo y estilo de vida\",\"inLanguage\":\"es-ES\",\"publisher\":{\"@id\":\"https:\\\/\\\/eldigitaldeasturias.com\\\/magazine365\\\/#organization\"}}]}\n\t\t<\/script>\n\t\t<!-- All in One SEO Pro -->\r\n\t\t<title>Samsung y el primer lector de huellas \u00f3ptico | El Digital de Asturias<\/title>\n\n","aioseo_head_json":{"title":"Samsung y el primer lector de huellas \u00f3ptico | El Digital de Asturias","description":"Casi tres a\u00f1os han pasado ya desde que Samsung incluy\u00f3 su primer lector de huellas en el Samsung Galaxy S5. Si bien quiz\u00e1 estaba demasiado verde respecto a lo que despu\u00e9s vino con el Samsung Galaxy S6, el smartphone que lo cambi\u00f3 todo para la compa\u00f1\u00eda, plant\u00f3 la semilla para que m\u00e1s tarde la biometr\u00eda","canonical_url":"https:\/\/eldigitaldeasturias.com\/magazine365\/samsung-y-el-primer-lector-de-huellas-optico\/","robots":"max-image-preview:large","keywords":"noticias y actualidad","webmasterTools":{"google-site-verification":"UA-38556648-1","miscellaneous":""},"schema":{"@context":"https:\/\/schema.org","@graph":[{"@type":"Article","@id":"https:\/\/eldigitaldeasturias.com\/magazine365\/samsung-y-el-primer-lector-de-huellas-optico\/#article","name":"Samsung y el primer lector de huellas \u00f3ptico | El Digital de Asturias","headline":"Samsung y el primer lector de huellas \u00f3ptico","author":{"@id":"https:\/\/eldigitaldeasturias.com\/magazine365\/author\/admin\/#author"},"publisher":{"@id":"https:\/\/eldigitaldeasturias.com\/magazine365\/#organization"},"image":{"@type":"ImageObject","url":"https:\/\/eldigitaldeasturias.com\/magazine365\/wp-content\/uploads\/2016\/06\/m365.jpg","width":655,"height":360},"datePublished":"2016-11-03T23:01:24+01:00","dateModified":"2016-11-03T23:01:24+01:00","inLanguage":"es-ES","mainEntityOfPage":{"@id":"https:\/\/eldigitaldeasturias.com\/magazine365\/samsung-y-el-primer-lector-de-huellas-optico\/#webpage"},"isPartOf":{"@id":"https:\/\/eldigitaldeasturias.com\/magazine365\/samsung-y-el-primer-lector-de-huellas-optico\/#webpage"},"articleSection":"Noticias y Actualidad"},{"@type":"BreadcrumbList","@id":"https:\/\/eldigitaldeasturias.com\/magazine365\/samsung-y-el-primer-lector-de-huellas-optico\/#breadcrumblist","itemListElement":[{"@type":"ListItem","@id":"https:\/\/eldigitaldeasturias.com\/magazine365#listItem","position":1,"name":"Home","item":"https:\/\/eldigitaldeasturias.com\/magazine365","nextItem":{"@type":"ListItem","@id":"https:\/\/eldigitaldeasturias.com\/magazine365\/category\/noticias-actualidad\/#listItem","name":"Noticias y Actualidad"}},{"@type":"ListItem","@id":"https:\/\/eldigitaldeasturias.com\/magazine365\/category\/noticias-actualidad\/#listItem","position":2,"name":"Noticias y Actualidad","item":"https:\/\/eldigitaldeasturias.com\/magazine365\/category\/noticias-actualidad\/","nextItem":{"@type":"ListItem","@id":"https:\/\/eldigitaldeasturias.com\/magazine365\/samsung-y-el-primer-lector-de-huellas-optico\/#listItem","name":"Samsung y el primer lector de huellas \u00f3ptico"},"previousItem":{"@type":"ListItem","@id":"https:\/\/eldigitaldeasturias.com\/magazine365#listItem","name":"Home"}},{"@type":"ListItem","@id":"https:\/\/eldigitaldeasturias.com\/magazine365\/samsung-y-el-primer-lector-de-huellas-optico\/#listItem","position":3,"name":"Samsung y el primer lector de huellas \u00f3ptico","previousItem":{"@type":"ListItem","@id":"https:\/\/eldigitaldeasturias.com\/magazine365\/category\/noticias-actualidad\/#listItem","name":"Noticias y Actualidad"}}]},{"@type":"Organization","@id":"https:\/\/eldigitaldeasturias.com\/magazine365\/#organization","name":"El digital de Asturias","description":"Revista de ocio, turismo y estilo de vida","url":"https:\/\/eldigitaldeasturias.com\/magazine365\/","logo":{"@type":"ImageObject","url":"https:\/\/www.eldigitaldeasturias.com\/noticias\/wp-content\/uploads\/2020\/12\/EDA.jpg","@id":"https:\/\/eldigitaldeasturias.com\/magazine365\/samsung-y-el-primer-lector-de-huellas-optico\/#organizationLogo"},"image":{"@id":"https:\/\/eldigitaldeasturias.com\/magazine365\/samsung-y-el-primer-lector-de-huellas-optico\/#organizationLogo"}},{"@type":"Person","@id":"https:\/\/eldigitaldeasturias.com\/magazine365\/author\/admin\/#author","url":"https:\/\/eldigitaldeasturias.com\/magazine365\/author\/admin\/","name":"admin","image":{"@type":"ImageObject","@id":"https:\/\/eldigitaldeasturias.com\/magazine365\/samsung-y-el-primer-lector-de-huellas-optico\/#authorImage","url":"https:\/\/eldigitaldeasturias.com\/magazine365\/wp-content\/litespeed\/avatar\/e571bcf59a0edd6fa6838245a470f2fe.jpg?ver=1776969259","width":96,"height":96,"caption":"admin"}},{"@type":"WebPage","@id":"https:\/\/eldigitaldeasturias.com\/magazine365\/samsung-y-el-primer-lector-de-huellas-optico\/#webpage","url":"https:\/\/eldigitaldeasturias.com\/magazine365\/samsung-y-el-primer-lector-de-huellas-optico\/","name":"Samsung y el primer lector de huellas \u00f3ptico | El Digital de Asturias","description":"Casi tres a\u00f1os han pasado ya desde que Samsung incluy\u00f3 su primer lector de huellas en el Samsung Galaxy S5. Si bien quiz\u00e1 estaba demasiado verde respecto a lo que despu\u00e9s vino con el Samsung Galaxy S6, el smartphone que lo cambi\u00f3 todo para la compa\u00f1\u00eda, plant\u00f3 la semilla para que m\u00e1s tarde la biometr\u00eda","inLanguage":"es-ES","isPartOf":{"@id":"https:\/\/eldigitaldeasturias.com\/magazine365\/#website"},"breadcrumb":{"@id":"https:\/\/eldigitaldeasturias.com\/magazine365\/samsung-y-el-primer-lector-de-huellas-optico\/#breadcrumblist"},"author":{"@id":"https:\/\/eldigitaldeasturias.com\/magazine365\/author\/admin\/#author"},"creator":{"@id":"https:\/\/eldigitaldeasturias.com\/magazine365\/author\/admin\/#author"},"image":{"@type":"ImageObject","url":"https:\/\/eldigitaldeasturias.com\/magazine365\/wp-content\/uploads\/2016\/06\/m365.jpg","@id":"https:\/\/eldigitaldeasturias.com\/magazine365\/samsung-y-el-primer-lector-de-huellas-optico\/#mainImage","width":655,"height":360},"primaryImageOfPage":{"@id":"https:\/\/eldigitaldeasturias.com\/magazine365\/samsung-y-el-primer-lector-de-huellas-optico\/#mainImage"},"datePublished":"2016-11-03T23:01:24+01:00","dateModified":"2016-11-03T23:01:24+01:00"},{"@type":"WebSite","@id":"https:\/\/eldigitaldeasturias.com\/magazine365\/#website","url":"https:\/\/eldigitaldeasturias.com\/magazine365\/","name":"El Digital de Asturias","description":"Revista de ocio, turismo y estilo de vida","inLanguage":"es-ES","publisher":{"@id":"https:\/\/eldigitaldeasturias.com\/magazine365\/#organization"}}]},"og:locale":"es_ES","og:site_name":"El Digital de Asturias \u2013 Revista de ocio, turismo y estilo de vida","og:type":"article","og:title":"Samsung y el primer lector de huellas \u00f3ptico | El Digital de Asturias","og:description":"Casi tres a\u00f1os han pasado ya desde que Samsung incluy\u00f3 su primer lector de huellas en el Samsung Galaxy S5. Si bien quiz\u00e1 estaba demasiado verde respecto a lo que despu\u00e9s vino con el Samsung Galaxy S6, el smartphone que lo cambi\u00f3 todo para la compa\u00f1\u00eda, plant\u00f3 la semilla para que m\u00e1s tarde la biometr\u00eda","og:url":"https:\/\/eldigitaldeasturias.com\/magazine365\/samsung-y-el-primer-lector-de-huellas-optico\/","og:image":"https:\/\/eldigitaldeasturias.com\/magazine365\/wp-content\/uploads\/2016\/06\/m365.jpg","og:image:secure_url":"https:\/\/eldigitaldeasturias.com\/magazine365\/wp-content\/uploads\/2016\/06\/m365.jpg","og:image:width":655,"og:image:height":360,"article:published_time":"2016-11-03T22:01:24+00:00","article:modified_time":"2016-11-03T22:01:24+00:00","twitter:card":"summary_large_image","twitter:title":"Samsung y el primer lector de huellas \u00f3ptico | El Digital de Asturias","twitter:description":"Casi tres a\u00f1os han pasado ya desde que Samsung incluy\u00f3 su primer lector de huellas en el Samsung Galaxy S5. Si bien quiz\u00e1 estaba demasiado verde respecto a lo que despu\u00e9s vino con el Samsung Galaxy S6, el smartphone que lo cambi\u00f3 todo para la compa\u00f1\u00eda, plant\u00f3 la semilla para que m\u00e1s tarde la biometr\u00eda","twitter:image":"https:\/\/eldigitaldeasturias.com\/magazine365\/wp-content\/uploads\/2016\/06\/m365.jpg"},"aioseo_meta_data":{"post_id":"83298","title":null,"description":null,"keywords":null,"keyphrases":null,"primary_term":null,"canonical_url":null,"og_title":null,"og_description":null,"og_object_type":"default","og_image_type":"default","og_image_url":null,"og_image_width":null,"og_image_height":null,"og_image_custom_url":null,"og_image_custom_fields":null,"og_video":null,"og_custom_url":null,"og_article_section":null,"og_article_tags":null,"twitter_use_og":false,"twitter_card":"default","twitter_image_type":"default","twitter_image_url":null,"twitter_image_custom_url":null,"twitter_image_custom_fields":null,"twitter_title":null,"twitter_description":null,"schema":{"blockGraphs":[],"customGraphs":[],"default":{"data":{"Article":[],"Course":[],"Dataset":[],"FAQPage":[],"Movie":[],"Person":[],"Product":[],"ProductReview":[],"Car":[],"Recipe":[],"Service":[],"SoftwareApplication":[],"WebPage":[]},"graphName":"","isEnabled":true},"graphs":[],"defaultGraph":"","defaultPostTypeGraph":""},"schema_type":null,"schema_type_options":null,"pillar_content":false,"robots_default":true,"robots_noindex":false,"robots_noarchive":false,"robots_nosnippet":false,"robots_nofollow":false,"robots_noimageindex":false,"robots_noodp":false,"robots_notranslate":false,"robots_max_snippet":null,"robots_max_videopreview":null,"robots_max_imagepreview":"large","priority":null,"frequency":null,"location":null,"local_seo":null,"seo_analyzer_scan_date":"2025-09-28 02:41:07","breadcrumb_settings":null,"limit_modified_date":false,"open_ai":null,"ai":null,"created":"2020-12-21 15:30:05","updated":"2025-09-28 02:41:07"},"aioseo_breadcrumb":"<div class=\"aioseo-breadcrumbs\"><span class=\"aioseo-breadcrumb\">\n\t<a href=\"https:\/\/eldigitaldeasturias.com\/magazine365\" title=\"Home\">Home<\/a>\n<\/span><span class=\"aioseo-breadcrumb-separator\">\u2013<\/span><span class=\"aioseo-breadcrumb\">\n\t<a href=\"https:\/\/eldigitaldeasturias.com\/magazine365\/category\/noticias-actualidad\/\" title=\"Noticias y Actualidad\">Noticias y Actualidad<\/a>\n<\/span><span class=\"aioseo-breadcrumb-separator\">\u2013<\/span><span class=\"aioseo-breadcrumb\">\n\t<a href=\"https:\/\/eldigitaldeasturias.com\/magazine365\/samsung-y-el-primer-lector-de-huellas-optico\/\" title=\"Samsung y el primer lector de huellas \u00f3ptico\">Samsung y el primer lector de huellas \u00f3ptico<\/a>\n<\/span><\/div>","aioseo_breadcrumb_json":[{"label":"Home","link":"https:\/\/eldigitaldeasturias.com\/magazine365"},{"label":"Noticias y Actualidad","link":"https:\/\/eldigitaldeasturias.com\/magazine365\/category\/noticias-actualidad\/"},{"label":"Samsung y el primer lector de huellas \u00f3ptico","link":"https:\/\/eldigitaldeasturias.com\/magazine365\/samsung-y-el-primer-lector-de-huellas-optico\/"}],"_links":{"self":[{"href":"https:\/\/eldigitaldeasturias.com\/magazine365\/wp-json\/wp\/v2\/posts\/83298","targetHints":{"allow":["GET"]}}],"collection":[{"href":"https:\/\/eldigitaldeasturias.com\/magazine365\/wp-json\/wp\/v2\/posts"}],"about":[{"href":"https:\/\/eldigitaldeasturias.com\/magazine365\/wp-json\/wp\/v2\/types\/post"}],"author":[{"embeddable":true,"href":"https:\/\/eldigitaldeasturias.com\/magazine365\/wp-json\/wp\/v2\/users\/1"}],"replies":[{"embeddable":true,"href":"https:\/\/eldigitaldeasturias.com\/magazine365\/wp-json\/wp\/v2\/comments?post=83298"}],"version-history":[{"count":0,"href":"https:\/\/eldigitaldeasturias.com\/magazine365\/wp-json\/wp\/v2\/posts\/83298\/revisions"}],"wp:featuredmedia":[{"embeddable":true,"href":"https:\/\/eldigitaldeasturias.com\/magazine365\/wp-json\/wp\/v2\/media\/77926"}],"wp:attachment":[{"href":"https:\/\/eldigitaldeasturias.com\/magazine365\/wp-json\/wp\/v2\/media?parent=83298"}],"wp:term":[{"taxonomy":"category","embeddable":true,"href":"https:\/\/eldigitaldeasturias.com\/magazine365\/wp-json\/wp\/v2\/categories?post=83298"},{"taxonomy":"post_tag","embeddable":true,"href":"https:\/\/eldigitaldeasturias.com\/magazine365\/wp-json\/wp\/v2\/tags?post=83298"}],"curies":[{"name":"wp","href":"https:\/\/api.w.org\/{rel}","templated":true}]}}