{"id":83296,"date":"2016-11-03T23:00:25","date_gmt":"2016-11-03T22:00:25","guid":{"rendered":"http:\/\/eldigitaldeasturias.com\/magazine365\/?p=83296"},"modified":"2016-11-03T23:00:25","modified_gmt":"2016-11-03T22:00:25","slug":"apple-uno-de-los-lideres-de-la-revolucion-mobile","status":"publish","type":"post","link":"https:\/\/eldigitaldeasturias.com\/magazine365\/apple-uno-de-los-lideres-de-la-revolucion-mobile\/","title":{"rendered":"Apple, uno de los l\u00edderes de la revoluci\u00f3n mobile"},"content":{"rendered":"<p>Desde la introducci\u00f3n del iPhone en 2007, Apple ha liderado \u2014junto a otros fabricantes\u2014 la revoluci\u00f3n mobile. Una revoluci\u00f3n basada en la movilidad, en el desecho del ordenador de escritorio tradicional y, sobre todo, en la universalizaci\u00f3n de la tecnolog\u00eda.<\/p>\n<p>Durante los \u00faltimos a\u00f1os de Apple, este foco en lo m\u00f3vil ha quedado demostrado en m\u00faltiples ocasiones. Los ciclos de renovaci\u00f3n, por ejemplo, delatan c\u00f3mo la compa\u00f1\u00eda posiciona m\u00e1s esfuerzo en los productos m\u00e1s m\u00f3viles: iPhone, iPad y MacBook. Estas tres categor\u00edas reciben actualizaciones de producto de forma regular, un dinamismo que contrasta con el estancamiento de productos como el Mac mini y el Mac Pro, abandonados en una cuneta desde hace m\u00e1s de dos a\u00f1os.<\/p>\n<p>La sociedad reclama productos m\u00e1s delgados, vers\u00e1tiles y m\u00f3viles. El ordenador de escritorio no cumple con ninguna de esas caracter\u00edsticas.<\/p>\n<p>Las razones que llevan a la compa\u00f1\u00eda a virar hacia la movilidad son obvias y evidentes: la sociedad lo demanda. En el \u00e1mbito profesional, cada vez son m\u00e1s las personas que optan por port\u00e1tiles \u2014en m\u00faltiples casos, conectados a monitores externos\u2014, iPad y iPhone. El ordenador de escritorio cl\u00e1sico queda relegado a un nicho muy reducido del mercado profesional.<\/p>\n<p>M\u00e1s all\u00e1 del \u00e1mbito profesional, los ordenadores de escritorio son ya una pieza de decoraci\u00f3n m\u00e1s. La mayor\u00eda de los productos adquiridos para este tipo de entornos son tablets y ordenadores port\u00e1tiles (especialmente ultrabooks). M\u00e1s c\u00f3modos, igual de v\u00e1lidos para las tareas m\u00e1s comunes e similares en precio.<\/p>\n<p>iPad, iPhone y MacBook representan la mayor parte de los ingresos de Apple. Todos ellos, productos pensados en la movilidad.<\/p>\n<p>Estos reclamos por parte de la sociedad tambi\u00e9n se ven reflejados en los resultados financieros de la compa\u00f1\u00eda. El iPad, el iPhone y la l\u00ednea MacBook representan la mayor parte de los beneficios de la compa\u00f1\u00eda. Los ordenadores de escritorio m\u00e1s cl\u00e1sicos, en cambio, quedan relegados a un segundo lugar.<\/p>\n<p>Durante los dos \u00faltimos eventos de la compa\u00f1\u00eda, este viraje ha sido especialmente notable. Los Mac Pro, iMac y Mac mini contin\u00faan sin recibir novedades \u2014en parte por la ineficiencia de Intel\u2014, los iPhone, iPad y MacBook, en cambio, no. Y es que Apple es m\u00e1s mobile que nunca.<\/p>\n<p><strong><em>La noticia \u00abApple es m\u00e1s mobile que nunca\u00bb fue publicada oeiginalmente en Hipertextual.<\/em><\/strong><\/p>\n<p>&nbsp;<\/p>\n","protected":false},"excerpt":{"rendered":"<p>Desde la introducci\u00f3n del iPhone en 2007, Apple ha liderado \u2014junto a otros fabricantes\u2014 la revoluci\u00f3n mobile. Una revoluci\u00f3n basada en la movilidad, en el desecho del ordenador de escritorio tradicional y, sobre todo, en la universalizaci\u00f3n de la tecnolog\u00eda. Durante los \u00faltimos a\u00f1os de Apple, este foco en lo m\u00f3vil ha quedado demostrado en<\/p>\n","protected":false},"author":1,"featured_media":77926,"comment_status":"open","ping_status":"closed","sticky":false,"template":"","format":"standard","meta":{"footnotes":""},"categories":[224],"tags":[],"class_list":{"0":"post-83296","1":"post","2":"type-post","3":"status-publish","4":"format-standard","5":"has-post-thumbnail","7":"category-noticias-actualidad"},"aioseo_notices":[],"aioseo_head":"\n\t\t<!-- All in One SEO Pro 4.9.6.1 - aioseo.com -->\n\t<meta name=\"description\" content=\"Desde la introducci\u00f3n del iPhone en 2007, Apple ha liderado \u2014junto a otros fabricantes\u2014 la revoluci\u00f3n mobile. Una revoluci\u00f3n basada en la movilidad, en el desecho del ordenador de escritorio tradicional y, sobre todo, en la universalizaci\u00f3n de la tecnolog\u00eda. Durante los \u00faltimos a\u00f1os de Apple, este foco en lo m\u00f3vil ha quedado demostrado en\" \/>\n\t<meta name=\"robots\" content=\"max-image-preview:large\" \/>\n\t<meta name=\"author\" content=\"admin\"\/>\n\t<meta name=\"google-site-verification\" content=\"UA-38556648-1\" \/>\n\t<meta name=\"keywords\" content=\"noticias y actualidad\" \/>\n\t<link rel=\"canonical\" href=\"https:\/\/eldigitaldeasturias.com\/magazine365\/apple-uno-de-los-lideres-de-la-revolucion-mobile\/\" \/>\n\t<meta name=\"generator\" content=\"All in One SEO Pro (AIOSEO) 4.9.6.1\" \/>\n\t\t<meta property=\"og:locale\" content=\"es_ES\" \/>\n\t\t<meta property=\"og:site_name\" content=\"El Digital de Asturias \u2013 Revista de ocio, turismo y estilo de vida\" \/>\n\t\t<meta property=\"og:type\" content=\"article\" \/>\n\t\t<meta property=\"og:title\" content=\"Apple, uno de los l\u00edderes de la revoluci\u00f3n mobile | El Digital de Asturias\" \/>\n\t\t<meta property=\"og:description\" content=\"Desde la introducci\u00f3n del iPhone en 2007, Apple ha liderado \u2014junto a otros fabricantes\u2014 la revoluci\u00f3n mobile. Una revoluci\u00f3n basada en la movilidad, en el desecho del ordenador de escritorio tradicional y, sobre todo, en la universalizaci\u00f3n de la tecnolog\u00eda. Durante los \u00faltimos a\u00f1os de Apple, este foco en lo m\u00f3vil ha quedado demostrado en\" \/>\n\t\t<meta property=\"og:url\" content=\"https:\/\/eldigitaldeasturias.com\/magazine365\/apple-uno-de-los-lideres-de-la-revolucion-mobile\/\" \/>\n\t\t<meta property=\"og:image\" content=\"https:\/\/eldigitaldeasturias.com\/magazine365\/wp-content\/uploads\/2016\/06\/m365.jpg\" \/>\n\t\t<meta property=\"og:image:secure_url\" content=\"https:\/\/eldigitaldeasturias.com\/magazine365\/wp-content\/uploads\/2016\/06\/m365.jpg\" \/>\n\t\t<meta property=\"og:image:width\" content=\"655\" \/>\n\t\t<meta property=\"og:image:height\" content=\"360\" \/>\n\t\t<meta property=\"article:published_time\" content=\"2016-11-03T22:00:25+00:00\" \/>\n\t\t<meta property=\"article:modified_time\" content=\"2016-11-03T22:00:25+00:00\" \/>\n\t\t<meta name=\"twitter:card\" content=\"summary_large_image\" \/>\n\t\t<meta name=\"twitter:title\" content=\"Apple, uno de los l\u00edderes de la revoluci\u00f3n mobile | El Digital de Asturias\" \/>\n\t\t<meta name=\"twitter:description\" content=\"Desde la introducci\u00f3n del iPhone en 2007, Apple ha liderado \u2014junto a otros fabricantes\u2014 la revoluci\u00f3n mobile. Una revoluci\u00f3n basada en la movilidad, en el desecho del ordenador de escritorio tradicional y, sobre todo, en la universalizaci\u00f3n de la tecnolog\u00eda. Durante los \u00faltimos a\u00f1os de Apple, este foco en lo m\u00f3vil ha quedado demostrado en\" \/>\n\t\t<meta name=\"twitter:image\" content=\"https:\/\/eldigitaldeasturias.com\/magazine365\/wp-content\/uploads\/2016\/06\/m365.jpg\" \/>\n\t\t<script type=\"application\/ld+json\" class=\"aioseo-schema\">\n\t\t\t{\"@context\":\"https:\\\/\\\/schema.org\",\"@graph\":[{\"@type\":\"Article\",\"@id\":\"https:\\\/\\\/eldigitaldeasturias.com\\\/magazine365\\\/apple-uno-de-los-lideres-de-la-revolucion-mobile\\\/#article\",\"name\":\"Apple, uno de los l\\u00edderes de la revoluci\\u00f3n mobile | El Digital de Asturias\",\"headline\":\"Apple, uno de los l\\u00edderes de la revoluci\\u00f3n mobile\",\"author\":{\"@id\":\"https:\\\/\\\/eldigitaldeasturias.com\\\/magazine365\\\/author\\\/admin\\\/#author\"},\"publisher\":{\"@id\":\"https:\\\/\\\/eldigitaldeasturias.com\\\/magazine365\\\/#organization\"},\"image\":{\"@type\":\"ImageObject\",\"url\":\"https:\\\/\\\/eldigitaldeasturias.com\\\/magazine365\\\/wp-content\\\/uploads\\\/2016\\\/06\\\/m365.jpg\",\"width\":655,\"height\":360},\"datePublished\":\"2016-11-03T23:00:25+01:00\",\"dateModified\":\"2016-11-03T23:00:25+01:00\",\"inLanguage\":\"es-ES\",\"mainEntityOfPage\":{\"@id\":\"https:\\\/\\\/eldigitaldeasturias.com\\\/magazine365\\\/apple-uno-de-los-lideres-de-la-revolucion-mobile\\\/#webpage\"},\"isPartOf\":{\"@id\":\"https:\\\/\\\/eldigitaldeasturias.com\\\/magazine365\\\/apple-uno-de-los-lideres-de-la-revolucion-mobile\\\/#webpage\"},\"articleSection\":\"Noticias y Actualidad\"},{\"@type\":\"BreadcrumbList\",\"@id\":\"https:\\\/\\\/eldigitaldeasturias.com\\\/magazine365\\\/apple-uno-de-los-lideres-de-la-revolucion-mobile\\\/#breadcrumblist\",\"itemListElement\":[{\"@type\":\"ListItem\",\"@id\":\"https:\\\/\\\/eldigitaldeasturias.com\\\/magazine365#listItem\",\"position\":1,\"name\":\"Home\",\"item\":\"https:\\\/\\\/eldigitaldeasturias.com\\\/magazine365\",\"nextItem\":{\"@type\":\"ListItem\",\"@id\":\"https:\\\/\\\/eldigitaldeasturias.com\\\/magazine365\\\/category\\\/noticias-actualidad\\\/#listItem\",\"name\":\"Noticias y Actualidad\"}},{\"@type\":\"ListItem\",\"@id\":\"https:\\\/\\\/eldigitaldeasturias.com\\\/magazine365\\\/category\\\/noticias-actualidad\\\/#listItem\",\"position\":2,\"name\":\"Noticias y Actualidad\",\"item\":\"https:\\\/\\\/eldigitaldeasturias.com\\\/magazine365\\\/category\\\/noticias-actualidad\\\/\",\"nextItem\":{\"@type\":\"ListItem\",\"@id\":\"https:\\\/\\\/eldigitaldeasturias.com\\\/magazine365\\\/apple-uno-de-los-lideres-de-la-revolucion-mobile\\\/#listItem\",\"name\":\"Apple, uno de los l\\u00edderes de la revoluci\\u00f3n mobile\"},\"previousItem\":{\"@type\":\"ListItem\",\"@id\":\"https:\\\/\\\/eldigitaldeasturias.com\\\/magazine365#listItem\",\"name\":\"Home\"}},{\"@type\":\"ListItem\",\"@id\":\"https:\\\/\\\/eldigitaldeasturias.com\\\/magazine365\\\/apple-uno-de-los-lideres-de-la-revolucion-mobile\\\/#listItem\",\"position\":3,\"name\":\"Apple, uno de los l\\u00edderes de la revoluci\\u00f3n mobile\",\"previousItem\":{\"@type\":\"ListItem\",\"@id\":\"https:\\\/\\\/eldigitaldeasturias.com\\\/magazine365\\\/category\\\/noticias-actualidad\\\/#listItem\",\"name\":\"Noticias y Actualidad\"}}]},{\"@type\":\"Organization\",\"@id\":\"https:\\\/\\\/eldigitaldeasturias.com\\\/magazine365\\\/#organization\",\"name\":\"El digital de Asturias\",\"description\":\"Revista de ocio, turismo y estilo de vida\",\"url\":\"https:\\\/\\\/eldigitaldeasturias.com\\\/magazine365\\\/\",\"logo\":{\"@type\":\"ImageObject\",\"url\":\"https:\\\/\\\/www.eldigitaldeasturias.com\\\/noticias\\\/wp-content\\\/uploads\\\/2020\\\/12\\\/EDA.jpg\",\"@id\":\"https:\\\/\\\/eldigitaldeasturias.com\\\/magazine365\\\/apple-uno-de-los-lideres-de-la-revolucion-mobile\\\/#organizationLogo\"},\"image\":{\"@id\":\"https:\\\/\\\/eldigitaldeasturias.com\\\/magazine365\\\/apple-uno-de-los-lideres-de-la-revolucion-mobile\\\/#organizationLogo\"}},{\"@type\":\"Person\",\"@id\":\"https:\\\/\\\/eldigitaldeasturias.com\\\/magazine365\\\/author\\\/admin\\\/#author\",\"url\":\"https:\\\/\\\/eldigitaldeasturias.com\\\/magazine365\\\/author\\\/admin\\\/\",\"name\":\"admin\",\"image\":{\"@type\":\"ImageObject\",\"@id\":\"https:\\\/\\\/eldigitaldeasturias.com\\\/magazine365\\\/apple-uno-de-los-lideres-de-la-revolucion-mobile\\\/#authorImage\",\"url\":\"https:\\\/\\\/eldigitaldeasturias.com\\\/magazine365\\\/wp-content\\\/litespeed\\\/avatar\\\/e571bcf59a0edd6fa6838245a470f2fe.jpg?ver=1776969259\",\"width\":96,\"height\":96,\"caption\":\"admin\"}},{\"@type\":\"WebPage\",\"@id\":\"https:\\\/\\\/eldigitaldeasturias.com\\\/magazine365\\\/apple-uno-de-los-lideres-de-la-revolucion-mobile\\\/#webpage\",\"url\":\"https:\\\/\\\/eldigitaldeasturias.com\\\/magazine365\\\/apple-uno-de-los-lideres-de-la-revolucion-mobile\\\/\",\"name\":\"Apple, uno de los l\\u00edderes de la revoluci\\u00f3n mobile | El Digital de Asturias\",\"description\":\"Desde la introducci\\u00f3n del iPhone en 2007, Apple ha liderado \\u2014junto a otros fabricantes\\u2014 la revoluci\\u00f3n mobile. Una revoluci\\u00f3n basada en la movilidad, en el desecho del ordenador de escritorio tradicional y, sobre todo, en la universalizaci\\u00f3n de la tecnolog\\u00eda. Durante los \\u00faltimos a\\u00f1os de Apple, este foco en lo m\\u00f3vil ha quedado demostrado en\",\"inLanguage\":\"es-ES\",\"isPartOf\":{\"@id\":\"https:\\\/\\\/eldigitaldeasturias.com\\\/magazine365\\\/#website\"},\"breadcrumb\":{\"@id\":\"https:\\\/\\\/eldigitaldeasturias.com\\\/magazine365\\\/apple-uno-de-los-lideres-de-la-revolucion-mobile\\\/#breadcrumblist\"},\"author\":{\"@id\":\"https:\\\/\\\/eldigitaldeasturias.com\\\/magazine365\\\/author\\\/admin\\\/#author\"},\"creator\":{\"@id\":\"https:\\\/\\\/eldigitaldeasturias.com\\\/magazine365\\\/author\\\/admin\\\/#author\"},\"image\":{\"@type\":\"ImageObject\",\"url\":\"https:\\\/\\\/eldigitaldeasturias.com\\\/magazine365\\\/wp-content\\\/uploads\\\/2016\\\/06\\\/m365.jpg\",\"@id\":\"https:\\\/\\\/eldigitaldeasturias.com\\\/magazine365\\\/apple-uno-de-los-lideres-de-la-revolucion-mobile\\\/#mainImage\",\"width\":655,\"height\":360},\"primaryImageOfPage\":{\"@id\":\"https:\\\/\\\/eldigitaldeasturias.com\\\/magazine365\\\/apple-uno-de-los-lideres-de-la-revolucion-mobile\\\/#mainImage\"},\"datePublished\":\"2016-11-03T23:00:25+01:00\",\"dateModified\":\"2016-11-03T23:00:25+01:00\"},{\"@type\":\"WebSite\",\"@id\":\"https:\\\/\\\/eldigitaldeasturias.com\\\/magazine365\\\/#website\",\"url\":\"https:\\\/\\\/eldigitaldeasturias.com\\\/magazine365\\\/\",\"name\":\"El Digital de Asturias\",\"description\":\"Revista de ocio, turismo y estilo de vida\",\"inLanguage\":\"es-ES\",\"publisher\":{\"@id\":\"https:\\\/\\\/eldigitaldeasturias.com\\\/magazine365\\\/#organization\"}}]}\n\t\t<\/script>\n\t\t<!-- All in One SEO Pro -->\r\n\t\t<title>Apple, uno de los l\u00edderes de la revoluci\u00f3n mobile | El Digital de Asturias<\/title>\n\n","aioseo_head_json":{"title":"Apple, uno de los l\u00edderes de la revoluci\u00f3n mobile | El Digital de Asturias","description":"Desde la introducci\u00f3n del iPhone en 2007, Apple ha liderado \u2014junto a otros fabricantes\u2014 la revoluci\u00f3n mobile. Una revoluci\u00f3n basada en la movilidad, en el desecho del ordenador de escritorio tradicional y, sobre todo, en la universalizaci\u00f3n de la tecnolog\u00eda. Durante los \u00faltimos a\u00f1os de Apple, este foco en lo m\u00f3vil ha quedado demostrado en","canonical_url":"https:\/\/eldigitaldeasturias.com\/magazine365\/apple-uno-de-los-lideres-de-la-revolucion-mobile\/","robots":"max-image-preview:large","keywords":"noticias y actualidad","webmasterTools":{"google-site-verification":"UA-38556648-1","miscellaneous":""},"schema":{"@context":"https:\/\/schema.org","@graph":[{"@type":"Article","@id":"https:\/\/eldigitaldeasturias.com\/magazine365\/apple-uno-de-los-lideres-de-la-revolucion-mobile\/#article","name":"Apple, uno de los l\u00edderes de la revoluci\u00f3n mobile | El Digital de Asturias","headline":"Apple, uno de los l\u00edderes de la revoluci\u00f3n mobile","author":{"@id":"https:\/\/eldigitaldeasturias.com\/magazine365\/author\/admin\/#author"},"publisher":{"@id":"https:\/\/eldigitaldeasturias.com\/magazine365\/#organization"},"image":{"@type":"ImageObject","url":"https:\/\/eldigitaldeasturias.com\/magazine365\/wp-content\/uploads\/2016\/06\/m365.jpg","width":655,"height":360},"datePublished":"2016-11-03T23:00:25+01:00","dateModified":"2016-11-03T23:00:25+01:00","inLanguage":"es-ES","mainEntityOfPage":{"@id":"https:\/\/eldigitaldeasturias.com\/magazine365\/apple-uno-de-los-lideres-de-la-revolucion-mobile\/#webpage"},"isPartOf":{"@id":"https:\/\/eldigitaldeasturias.com\/magazine365\/apple-uno-de-los-lideres-de-la-revolucion-mobile\/#webpage"},"articleSection":"Noticias y Actualidad"},{"@type":"BreadcrumbList","@id":"https:\/\/eldigitaldeasturias.com\/magazine365\/apple-uno-de-los-lideres-de-la-revolucion-mobile\/#breadcrumblist","itemListElement":[{"@type":"ListItem","@id":"https:\/\/eldigitaldeasturias.com\/magazine365#listItem","position":1,"name":"Home","item":"https:\/\/eldigitaldeasturias.com\/magazine365","nextItem":{"@type":"ListItem","@id":"https:\/\/eldigitaldeasturias.com\/magazine365\/category\/noticias-actualidad\/#listItem","name":"Noticias y Actualidad"}},{"@type":"ListItem","@id":"https:\/\/eldigitaldeasturias.com\/magazine365\/category\/noticias-actualidad\/#listItem","position":2,"name":"Noticias y Actualidad","item":"https:\/\/eldigitaldeasturias.com\/magazine365\/category\/noticias-actualidad\/","nextItem":{"@type":"ListItem","@id":"https:\/\/eldigitaldeasturias.com\/magazine365\/apple-uno-de-los-lideres-de-la-revolucion-mobile\/#listItem","name":"Apple, uno de los l\u00edderes de la revoluci\u00f3n mobile"},"previousItem":{"@type":"ListItem","@id":"https:\/\/eldigitaldeasturias.com\/magazine365#listItem","name":"Home"}},{"@type":"ListItem","@id":"https:\/\/eldigitaldeasturias.com\/magazine365\/apple-uno-de-los-lideres-de-la-revolucion-mobile\/#listItem","position":3,"name":"Apple, uno de los l\u00edderes de la revoluci\u00f3n mobile","previousItem":{"@type":"ListItem","@id":"https:\/\/eldigitaldeasturias.com\/magazine365\/category\/noticias-actualidad\/#listItem","name":"Noticias y Actualidad"}}]},{"@type":"Organization","@id":"https:\/\/eldigitaldeasturias.com\/magazine365\/#organization","name":"El digital de Asturias","description":"Revista de ocio, turismo y estilo de vida","url":"https:\/\/eldigitaldeasturias.com\/magazine365\/","logo":{"@type":"ImageObject","url":"https:\/\/www.eldigitaldeasturias.com\/noticias\/wp-content\/uploads\/2020\/12\/EDA.jpg","@id":"https:\/\/eldigitaldeasturias.com\/magazine365\/apple-uno-de-los-lideres-de-la-revolucion-mobile\/#organizationLogo"},"image":{"@id":"https:\/\/eldigitaldeasturias.com\/magazine365\/apple-uno-de-los-lideres-de-la-revolucion-mobile\/#organizationLogo"}},{"@type":"Person","@id":"https:\/\/eldigitaldeasturias.com\/magazine365\/author\/admin\/#author","url":"https:\/\/eldigitaldeasturias.com\/magazine365\/author\/admin\/","name":"admin","image":{"@type":"ImageObject","@id":"https:\/\/eldigitaldeasturias.com\/magazine365\/apple-uno-de-los-lideres-de-la-revolucion-mobile\/#authorImage","url":"https:\/\/eldigitaldeasturias.com\/magazine365\/wp-content\/litespeed\/avatar\/e571bcf59a0edd6fa6838245a470f2fe.jpg?ver=1776969259","width":96,"height":96,"caption":"admin"}},{"@type":"WebPage","@id":"https:\/\/eldigitaldeasturias.com\/magazine365\/apple-uno-de-los-lideres-de-la-revolucion-mobile\/#webpage","url":"https:\/\/eldigitaldeasturias.com\/magazine365\/apple-uno-de-los-lideres-de-la-revolucion-mobile\/","name":"Apple, uno de los l\u00edderes de la revoluci\u00f3n mobile | El Digital de Asturias","description":"Desde la introducci\u00f3n del iPhone en 2007, Apple ha liderado \u2014junto a otros fabricantes\u2014 la revoluci\u00f3n mobile. Una revoluci\u00f3n basada en la movilidad, en el desecho del ordenador de escritorio tradicional y, sobre todo, en la universalizaci\u00f3n de la tecnolog\u00eda. Durante los \u00faltimos a\u00f1os de Apple, este foco en lo m\u00f3vil ha quedado demostrado en","inLanguage":"es-ES","isPartOf":{"@id":"https:\/\/eldigitaldeasturias.com\/magazine365\/#website"},"breadcrumb":{"@id":"https:\/\/eldigitaldeasturias.com\/magazine365\/apple-uno-de-los-lideres-de-la-revolucion-mobile\/#breadcrumblist"},"author":{"@id":"https:\/\/eldigitaldeasturias.com\/magazine365\/author\/admin\/#author"},"creator":{"@id":"https:\/\/eldigitaldeasturias.com\/magazine365\/author\/admin\/#author"},"image":{"@type":"ImageObject","url":"https:\/\/eldigitaldeasturias.com\/magazine365\/wp-content\/uploads\/2016\/06\/m365.jpg","@id":"https:\/\/eldigitaldeasturias.com\/magazine365\/apple-uno-de-los-lideres-de-la-revolucion-mobile\/#mainImage","width":655,"height":360},"primaryImageOfPage":{"@id":"https:\/\/eldigitaldeasturias.com\/magazine365\/apple-uno-de-los-lideres-de-la-revolucion-mobile\/#mainImage"},"datePublished":"2016-11-03T23:00:25+01:00","dateModified":"2016-11-03T23:00:25+01:00"},{"@type":"WebSite","@id":"https:\/\/eldigitaldeasturias.com\/magazine365\/#website","url":"https:\/\/eldigitaldeasturias.com\/magazine365\/","name":"El Digital de Asturias","description":"Revista de ocio, turismo y estilo de vida","inLanguage":"es-ES","publisher":{"@id":"https:\/\/eldigitaldeasturias.com\/magazine365\/#organization"}}]},"og:locale":"es_ES","og:site_name":"El Digital de Asturias \u2013 Revista de ocio, turismo y estilo de vida","og:type":"article","og:title":"Apple, uno de los l\u00edderes de la revoluci\u00f3n mobile | El Digital de Asturias","og:description":"Desde la introducci\u00f3n del iPhone en 2007, Apple ha liderado \u2014junto a otros fabricantes\u2014 la revoluci\u00f3n mobile. Una revoluci\u00f3n basada en la movilidad, en el desecho del ordenador de escritorio tradicional y, sobre todo, en la universalizaci\u00f3n de la tecnolog\u00eda. Durante los \u00faltimos a\u00f1os de Apple, este foco en lo m\u00f3vil ha quedado demostrado en","og:url":"https:\/\/eldigitaldeasturias.com\/magazine365\/apple-uno-de-los-lideres-de-la-revolucion-mobile\/","og:image":"https:\/\/eldigitaldeasturias.com\/magazine365\/wp-content\/uploads\/2016\/06\/m365.jpg","og:image:secure_url":"https:\/\/eldigitaldeasturias.com\/magazine365\/wp-content\/uploads\/2016\/06\/m365.jpg","og:image:width":655,"og:image:height":360,"article:published_time":"2016-11-03T22:00:25+00:00","article:modified_time":"2016-11-03T22:00:25+00:00","twitter:card":"summary_large_image","twitter:title":"Apple, uno de los l\u00edderes de la revoluci\u00f3n mobile | El Digital de Asturias","twitter:description":"Desde la introducci\u00f3n del iPhone en 2007, Apple ha liderado \u2014junto a otros fabricantes\u2014 la revoluci\u00f3n mobile. Una revoluci\u00f3n basada en la movilidad, en el desecho del ordenador de escritorio tradicional y, sobre todo, en la universalizaci\u00f3n de la tecnolog\u00eda. Durante los \u00faltimos a\u00f1os de Apple, este foco en lo m\u00f3vil ha quedado demostrado en","twitter:image":"https:\/\/eldigitaldeasturias.com\/magazine365\/wp-content\/uploads\/2016\/06\/m365.jpg"},"aioseo_meta_data":{"post_id":"83296","title":null,"description":null,"keywords":null,"keyphrases":null,"primary_term":null,"canonical_url":null,"og_title":null,"og_description":null,"og_object_type":"default","og_image_type":"default","og_image_url":null,"og_image_width":null,"og_image_height":null,"og_image_custom_url":null,"og_image_custom_fields":null,"og_video":null,"og_custom_url":null,"og_article_section":null,"og_article_tags":null,"twitter_use_og":false,"twitter_card":"default","twitter_image_type":"default","twitter_image_url":null,"twitter_image_custom_url":null,"twitter_image_custom_fields":null,"twitter_title":null,"twitter_description":null,"schema":{"blockGraphs":[],"customGraphs":[],"default":{"data":{"Article":[],"Course":[],"Dataset":[],"FAQPage":[],"Movie":[],"Person":[],"Product":[],"ProductReview":[],"Car":[],"Recipe":[],"Service":[],"SoftwareApplication":[],"WebPage":[]},"graphName":"","isEnabled":true},"graphs":[],"defaultGraph":"","defaultPostTypeGraph":""},"schema_type":null,"schema_type_options":null,"pillar_content":false,"robots_default":true,"robots_noindex":false,"robots_noarchive":false,"robots_nosnippet":false,"robots_nofollow":false,"robots_noimageindex":false,"robots_noodp":false,"robots_notranslate":false,"robots_max_snippet":null,"robots_max_videopreview":null,"robots_max_imagepreview":"large","priority":null,"frequency":null,"location":null,"local_seo":null,"seo_analyzer_scan_date":"2025-09-28 02:41:05","breadcrumb_settings":null,"limit_modified_date":false,"open_ai":null,"ai":null,"created":"2020-12-21 15:30:05","updated":"2025-09-28 02:41:05"},"aioseo_breadcrumb":"<div class=\"aioseo-breadcrumbs\"><span class=\"aioseo-breadcrumb\">\n\t<a href=\"https:\/\/eldigitaldeasturias.com\/magazine365\" title=\"Home\">Home<\/a>\n<\/span><span class=\"aioseo-breadcrumb-separator\">\u2013<\/span><span class=\"aioseo-breadcrumb\">\n\t<a href=\"https:\/\/eldigitaldeasturias.com\/magazine365\/category\/noticias-actualidad\/\" title=\"Noticias y Actualidad\">Noticias y Actualidad<\/a>\n<\/span><span class=\"aioseo-breadcrumb-separator\">\u2013<\/span><span class=\"aioseo-breadcrumb\">\n\t<a href=\"https:\/\/eldigitaldeasturias.com\/magazine365\/apple-uno-de-los-lideres-de-la-revolucion-mobile\/\" title=\"Apple, uno de los l\u00edderes de la revoluci\u00f3n mobile\">Apple, uno de los l\u00edderes de la revoluci\u00f3n mobile<\/a>\n<\/span><\/div>","aioseo_breadcrumb_json":[{"label":"Home","link":"https:\/\/eldigitaldeasturias.com\/magazine365"},{"label":"Noticias y Actualidad","link":"https:\/\/eldigitaldeasturias.com\/magazine365\/category\/noticias-actualidad\/"},{"label":"Apple, uno de los l\u00edderes de la revoluci\u00f3n mobile","link":"https:\/\/eldigitaldeasturias.com\/magazine365\/apple-uno-de-los-lideres-de-la-revolucion-mobile\/"}],"_links":{"self":[{"href":"https:\/\/eldigitaldeasturias.com\/magazine365\/wp-json\/wp\/v2\/posts\/83296","targetHints":{"allow":["GET"]}}],"collection":[{"href":"https:\/\/eldigitaldeasturias.com\/magazine365\/wp-json\/wp\/v2\/posts"}],"about":[{"href":"https:\/\/eldigitaldeasturias.com\/magazine365\/wp-json\/wp\/v2\/types\/post"}],"author":[{"embeddable":true,"href":"https:\/\/eldigitaldeasturias.com\/magazine365\/wp-json\/wp\/v2\/users\/1"}],"replies":[{"embeddable":true,"href":"https:\/\/eldigitaldeasturias.com\/magazine365\/wp-json\/wp\/v2\/comments?post=83296"}],"version-history":[{"count":0,"href":"https:\/\/eldigitaldeasturias.com\/magazine365\/wp-json\/wp\/v2\/posts\/83296\/revisions"}],"wp:featuredmedia":[{"embeddable":true,"href":"https:\/\/eldigitaldeasturias.com\/magazine365\/wp-json\/wp\/v2\/media\/77926"}],"wp:attachment":[{"href":"https:\/\/eldigitaldeasturias.com\/magazine365\/wp-json\/wp\/v2\/media?parent=83296"}],"wp:term":[{"taxonomy":"category","embeddable":true,"href":"https:\/\/eldigitaldeasturias.com\/magazine365\/wp-json\/wp\/v2\/categories?post=83296"},{"taxonomy":"post_tag","embeddable":true,"href":"https:\/\/eldigitaldeasturias.com\/magazine365\/wp-json\/wp\/v2\/tags?post=83296"}],"curies":[{"name":"wp","href":"https:\/\/api.w.org\/{rel}","templated":true}]}}