{"id":83294,"date":"2016-11-03T22:59:16","date_gmt":"2016-11-03T21:59:16","guid":{"rendered":"http:\/\/eldigitaldeasturias.com\/magazine365\/?p=83294"},"modified":"2016-11-03T22:59:16","modified_gmt":"2016-11-03T21:59:16","slug":"que-ha-provocado-el-segundo-terremoto-mas-fuerte-de-italia","status":"publish","type":"post","link":"https:\/\/eldigitaldeasturias.com\/magazine365\/que-ha-provocado-el-segundo-terremoto-mas-fuerte-de-italia\/","title":{"rendered":"\u00bfQu\u00e9 ha provocado el segundo terremoto m\u00e1s fuerte de Italia?"},"content":{"rendered":"<p>Un fuerte se\u00edsmo de magnitud 6,5 ha vuelto a golpear el centro de Italia, despu\u00e9s del terremoto de 6,2 ocurrido a finales de agosto y que caus\u00f3 centenares de muertos. En esta ocasi\u00f3n, seg\u00fan las primeras informaciones, el sismo ha provocado decenas de heridos y da\u00f1os materiales, aunque las autoridades han descartado por el momento que haya fallecidos.<\/p>\n<p>El temblor ocurri\u00f3 a las 7:40 h de la ma\u00f1ana y, de acuerdo con Il Corriere della Sera, se ha situado en la zona entre Las Marcas y Umbr\u00eda. El Instituto Nacional de Geof\u00edsica y Vulcanolog\u00eda (INGV) de Italia ha confirmado en un comunicado que el epicentro del terremoto se localiza entre las provincias de Macerata, Perugia y Ascoli Piceno, a 7 kil\u00f3metros de Castelsantangelo Sul Nera, a 5 km de Norcia y a 17 km de Arquata del Tronto.<\/p>\n<p>En otras ciudades, como Roma, Florencia o N\u00e1poles, situadas a kil\u00f3metros de distancia, tambi\u00e9n han podido sentir el temblor esta ma\u00f1ana. Durante las dos horas y media siguientes al primer se\u00edsmo, el INGV ha podido confirmar cincuenta terremotos m\u00e1s de magnitud superior a 3. Los expertos advierten de que este tipo de se\u00edsmos pueden reproducirse en las pr\u00f3ximas horas, d\u00edas o incluso meses.<\/p>\n<p>La magnitud de 6,5 registrada ha convertido a este sismo en el segundo m\u00e1s fuerte de toda la historia de Italia.<\/p>\n<p>El se\u00edsmo, considerado como el segundo m\u00e1s fuerte de toda la historia de Italia despu\u00e9s del terremoto que se registr\u00f3 en 1980, ha ocurrido a una profundidad de entre 1,5 y 10 kil\u00f3metros de la superficie, seg\u00fan los primeros datos. La magnitud del temblor superar\u00eda la del sismo que devast\u00f3 Amatrice; aunque en esta ocasi\u00f3n no ha provocado v\u00edctimas mortales. Sin embargo, el sismo ha causado numerosos da\u00f1os materiales, destruyendo por completo la catedral de San Benedetto en Norcia.<\/p>\n<p><strong>\u00bfPor qu\u00e9 se ha producido?<\/strong><\/p>\n<p>\u00abEstamos precisando la falla de origen del nuevo temblor, pero el hipocentro, es decir, el punto m\u00e1s profundo, se encuentra entre Amatrice y el \u00faltimo terremoto m\u00e1s al norte. Desgraciadamente, no es posible decir cu\u00e1nta energ\u00eda queda por liberar del subsuelo que sea capaz de producir se\u00edsmos tan intensos. La secuencia es imprevisible\u00bb, dice Alessandro Amato, especialista del INGV consultado por Il Corriere della Sera.<\/p>\n<p>En esta zona confluyen varias placas tect\u00f3nicas, cuyos movimientos provocan los terremotos registrados en los \u00faltimos meses.<\/p>\n<p>La raz\u00f3n de estos terremotos se debe a la interacci\u00f3n de varias placas tect\u00f3nicas que se sit\u00faan en esta regi\u00f3n del centro de Italia. En particular, los temblores de la zona central son provocados por el desplazamiento de la placa adri\u00e1tica o apuliana, que se sumerge por debajo de la placa euroasi\u00e1tica. Este movimiento se conoce como proceso de subducci\u00f3n.<\/p>\n<blockquote><p>\u00abCada vez que se desarrolla un terremoto a lo largo de una superficie de falla, la zona hipocentral se descarga (relajamiento) y carga los vol\u00famenes adyacentes (lateralmente) a la propia falla. Tales vol\u00famenes sometidos a un nuevo estado de estr\u00e9s pueden ceder (romperse) y generar a su vez terremotos. Son procesos de propagaci\u00f3n lateral a la sismicidad (contagio) relativamente frecuentes, ya observados en otras \u00e1reas s\u00edsmicas de la Tierra, como Turqu\u00eda, California o Hait\u00ed. Este proceso afecta al Apenino central en estos meses\u00bb, se\u00f1ala una nota del Instituto de Geolog\u00eda Ambiental y Geoingenier\u00eda del Consejo Nacional de Investigaci\u00f3n.<\/p>\n<p>Nuova forte scossa epicentro Norcia magnitudo 6.1 @apolloniotg2 @TGrRAI @Agenzia_Ansa pic.twitter.com\/seRMQ5CyiL<\/p>\n<p>\u2014 Cons. Naz. Geologi (@cngeologi) 30 de octubre de 2016<\/p><\/blockquote>\n<p>La zona afectada por el terremoto es muy compleja desde el punto de vista geol\u00f3gico. La confluencia de las placas tect\u00f3nicas es constante y, en ocasiones, los movimientos producen rupturas en las fallas que provocan los temblores. Sin embargo, el desplazamiento de la placa adri\u00e1tica por debajo de la placa euroasi\u00e1tica tambi\u00e9n est\u00e1 detr\u00e1s del nacimiento de los Apeninos, la cadena monta\u00f1osa que recorre del norte al sur el pa\u00eds desde el golfo de Liguria hasta la pen\u00ednsula de Calabria. Adem\u00e1s de los terremotos ocurridos durante 2016, en el pasado se registraron se\u00edsmos en esta regi\u00f3n, como el sismo de 1997 que caus\u00f3 once muertos y cien heridos o el terremoto de de L&#8217;Aquila que provoc\u00f3 casi 300 fallecidos, mil heridos y dej\u00f3 a m\u00e1s de 55.000 personas sin hogar.<\/p>\n<p>Como tambi\u00e9n explic\u00f3 la Dra. Mar\u00eda Jos\u00e9 Jurado, investigadora del Instituto de Ciencias de la Tierra Jaume Almera, resulta muy dif\u00edcil determinar cu\u00e1ndo ocurrir\u00e1n este tipo de sacudidas. Promover la investigaci\u00f3n, mejorar las construcciones e implementar nuevos sistemas de prevenci\u00f3n y alertas son tareas fundamentales para evitar los da\u00f1os personales y materiales que dejan terremotos como el que ha hecho temblar de nuevo a Italia.<\/p>\n<p>&nbsp;<\/p>\n","protected":false},"excerpt":{"rendered":"<p>Un fuerte se\u00edsmo de magnitud 6,5 ha vuelto a golpear el centro de Italia, despu\u00e9s del terremoto de 6,2 ocurrido a finales de agosto y que caus\u00f3 centenares de muertos. En esta ocasi\u00f3n, seg\u00fan las primeras informaciones, el sismo ha provocado decenas de heridos y da\u00f1os materiales, aunque las autoridades han descartado por el momento<\/p>\n","protected":false},"author":1,"featured_media":77926,"comment_status":"open","ping_status":"closed","sticky":false,"template":"","format":"standard","meta":{"footnotes":""},"categories":[224],"tags":[],"class_list":{"0":"post-83294","1":"post","2":"type-post","3":"status-publish","4":"format-standard","5":"has-post-thumbnail","7":"category-noticias-actualidad"},"aioseo_notices":[],"aioseo_head":"\n\t\t<!-- All in One SEO Pro 4.9.6.1 - aioseo.com -->\n\t<meta name=\"description\" content=\"Un fuerte se\u00edsmo de magnitud 6,5 ha vuelto a golpear el centro de Italia, despu\u00e9s del terremoto de 6,2 ocurrido a finales de agosto y que caus\u00f3 centenares de muertos. En esta ocasi\u00f3n, seg\u00fan las primeras informaciones, el sismo ha provocado decenas de heridos y da\u00f1os materiales, aunque las autoridades han descartado por el momento\" \/>\n\t<meta name=\"robots\" content=\"max-image-preview:large\" \/>\n\t<meta name=\"author\" content=\"admin\"\/>\n\t<meta name=\"google-site-verification\" content=\"UA-38556648-1\" \/>\n\t<meta name=\"keywords\" content=\"noticias y actualidad\" \/>\n\t<link rel=\"canonical\" href=\"https:\/\/eldigitaldeasturias.com\/magazine365\/que-ha-provocado-el-segundo-terremoto-mas-fuerte-de-italia\/\" \/>\n\t<meta name=\"generator\" content=\"All in One SEO Pro (AIOSEO) 4.9.6.1\" \/>\n\t\t<meta property=\"og:locale\" content=\"es_ES\" \/>\n\t\t<meta property=\"og:site_name\" content=\"El Digital de Asturias \u2013 Revista de ocio, turismo y estilo de vida\" \/>\n\t\t<meta property=\"og:type\" content=\"article\" \/>\n\t\t<meta property=\"og:title\" content=\"\u00bfQu\u00e9 ha provocado el segundo terremoto m\u00e1s fuerte de Italia? | El Digital de Asturias\" \/>\n\t\t<meta property=\"og:description\" content=\"Un fuerte se\u00edsmo de magnitud 6,5 ha vuelto a golpear el centro de Italia, despu\u00e9s del terremoto de 6,2 ocurrido a finales de agosto y que caus\u00f3 centenares de muertos. En esta ocasi\u00f3n, seg\u00fan las primeras informaciones, el sismo ha provocado decenas de heridos y da\u00f1os materiales, aunque las autoridades han descartado por el momento\" \/>\n\t\t<meta property=\"og:url\" content=\"https:\/\/eldigitaldeasturias.com\/magazine365\/que-ha-provocado-el-segundo-terremoto-mas-fuerte-de-italia\/\" \/>\n\t\t<meta property=\"og:image\" content=\"https:\/\/eldigitaldeasturias.com\/magazine365\/wp-content\/uploads\/2016\/06\/m365.jpg\" \/>\n\t\t<meta property=\"og:image:secure_url\" content=\"https:\/\/eldigitaldeasturias.com\/magazine365\/wp-content\/uploads\/2016\/06\/m365.jpg\" \/>\n\t\t<meta property=\"og:image:width\" content=\"655\" \/>\n\t\t<meta property=\"og:image:height\" content=\"360\" \/>\n\t\t<meta property=\"article:published_time\" content=\"2016-11-03T21:59:16+00:00\" \/>\n\t\t<meta property=\"article:modified_time\" content=\"2016-11-03T21:59:16+00:00\" \/>\n\t\t<meta name=\"twitter:card\" content=\"summary_large_image\" \/>\n\t\t<meta name=\"twitter:title\" content=\"\u00bfQu\u00e9 ha provocado el segundo terremoto m\u00e1s fuerte de Italia? | El Digital de Asturias\" \/>\n\t\t<meta name=\"twitter:description\" content=\"Un fuerte se\u00edsmo de magnitud 6,5 ha vuelto a golpear el centro de Italia, despu\u00e9s del terremoto de 6,2 ocurrido a finales de agosto y que caus\u00f3 centenares de muertos. En esta ocasi\u00f3n, seg\u00fan las primeras informaciones, el sismo ha provocado decenas de heridos y da\u00f1os materiales, aunque las autoridades han descartado por el momento\" \/>\n\t\t<meta name=\"twitter:image\" content=\"https:\/\/eldigitaldeasturias.com\/magazine365\/wp-content\/uploads\/2016\/06\/m365.jpg\" \/>\n\t\t<script type=\"application\/ld+json\" class=\"aioseo-schema\">\n\t\t\t{\"@context\":\"https:\\\/\\\/schema.org\",\"@graph\":[{\"@type\":\"Article\",\"@id\":\"https:\\\/\\\/eldigitaldeasturias.com\\\/magazine365\\\/que-ha-provocado-el-segundo-terremoto-mas-fuerte-de-italia\\\/#article\",\"name\":\"\\u00bfQu\\u00e9 ha provocado el segundo terremoto m\\u00e1s fuerte de Italia? | El Digital de Asturias\",\"headline\":\"\\u00bfQu\\u00e9 ha provocado el segundo terremoto m\\u00e1s fuerte de Italia?\",\"author\":{\"@id\":\"https:\\\/\\\/eldigitaldeasturias.com\\\/magazine365\\\/author\\\/admin\\\/#author\"},\"publisher\":{\"@id\":\"https:\\\/\\\/eldigitaldeasturias.com\\\/magazine365\\\/#organization\"},\"image\":{\"@type\":\"ImageObject\",\"url\":\"https:\\\/\\\/eldigitaldeasturias.com\\\/magazine365\\\/wp-content\\\/uploads\\\/2016\\\/06\\\/m365.jpg\",\"width\":655,\"height\":360},\"datePublished\":\"2016-11-03T22:59:16+01:00\",\"dateModified\":\"2016-11-03T22:59:16+01:00\",\"inLanguage\":\"es-ES\",\"mainEntityOfPage\":{\"@id\":\"https:\\\/\\\/eldigitaldeasturias.com\\\/magazine365\\\/que-ha-provocado-el-segundo-terremoto-mas-fuerte-de-italia\\\/#webpage\"},\"isPartOf\":{\"@id\":\"https:\\\/\\\/eldigitaldeasturias.com\\\/magazine365\\\/que-ha-provocado-el-segundo-terremoto-mas-fuerte-de-italia\\\/#webpage\"},\"articleSection\":\"Noticias y Actualidad\"},{\"@type\":\"BreadcrumbList\",\"@id\":\"https:\\\/\\\/eldigitaldeasturias.com\\\/magazine365\\\/que-ha-provocado-el-segundo-terremoto-mas-fuerte-de-italia\\\/#breadcrumblist\",\"itemListElement\":[{\"@type\":\"ListItem\",\"@id\":\"https:\\\/\\\/eldigitaldeasturias.com\\\/magazine365#listItem\",\"position\":1,\"name\":\"Home\",\"item\":\"https:\\\/\\\/eldigitaldeasturias.com\\\/magazine365\",\"nextItem\":{\"@type\":\"ListItem\",\"@id\":\"https:\\\/\\\/eldigitaldeasturias.com\\\/magazine365\\\/category\\\/noticias-actualidad\\\/#listItem\",\"name\":\"Noticias y Actualidad\"}},{\"@type\":\"ListItem\",\"@id\":\"https:\\\/\\\/eldigitaldeasturias.com\\\/magazine365\\\/category\\\/noticias-actualidad\\\/#listItem\",\"position\":2,\"name\":\"Noticias y Actualidad\",\"item\":\"https:\\\/\\\/eldigitaldeasturias.com\\\/magazine365\\\/category\\\/noticias-actualidad\\\/\",\"nextItem\":{\"@type\":\"ListItem\",\"@id\":\"https:\\\/\\\/eldigitaldeasturias.com\\\/magazine365\\\/que-ha-provocado-el-segundo-terremoto-mas-fuerte-de-italia\\\/#listItem\",\"name\":\"\\u00bfQu\\u00e9 ha provocado el segundo terremoto m\\u00e1s fuerte de Italia?\"},\"previousItem\":{\"@type\":\"ListItem\",\"@id\":\"https:\\\/\\\/eldigitaldeasturias.com\\\/magazine365#listItem\",\"name\":\"Home\"}},{\"@type\":\"ListItem\",\"@id\":\"https:\\\/\\\/eldigitaldeasturias.com\\\/magazine365\\\/que-ha-provocado-el-segundo-terremoto-mas-fuerte-de-italia\\\/#listItem\",\"position\":3,\"name\":\"\\u00bfQu\\u00e9 ha provocado el segundo terremoto m\\u00e1s fuerte de Italia?\",\"previousItem\":{\"@type\":\"ListItem\",\"@id\":\"https:\\\/\\\/eldigitaldeasturias.com\\\/magazine365\\\/category\\\/noticias-actualidad\\\/#listItem\",\"name\":\"Noticias y Actualidad\"}}]},{\"@type\":\"Organization\",\"@id\":\"https:\\\/\\\/eldigitaldeasturias.com\\\/magazine365\\\/#organization\",\"name\":\"El digital de Asturias\",\"description\":\"Revista de ocio, turismo y estilo de vida\",\"url\":\"https:\\\/\\\/eldigitaldeasturias.com\\\/magazine365\\\/\",\"logo\":{\"@type\":\"ImageObject\",\"url\":\"https:\\\/\\\/www.eldigitaldeasturias.com\\\/noticias\\\/wp-content\\\/uploads\\\/2020\\\/12\\\/EDA.jpg\",\"@id\":\"https:\\\/\\\/eldigitaldeasturias.com\\\/magazine365\\\/que-ha-provocado-el-segundo-terremoto-mas-fuerte-de-italia\\\/#organizationLogo\"},\"image\":{\"@id\":\"https:\\\/\\\/eldigitaldeasturias.com\\\/magazine365\\\/que-ha-provocado-el-segundo-terremoto-mas-fuerte-de-italia\\\/#organizationLogo\"}},{\"@type\":\"Person\",\"@id\":\"https:\\\/\\\/eldigitaldeasturias.com\\\/magazine365\\\/author\\\/admin\\\/#author\",\"url\":\"https:\\\/\\\/eldigitaldeasturias.com\\\/magazine365\\\/author\\\/admin\\\/\",\"name\":\"admin\",\"image\":{\"@type\":\"ImageObject\",\"@id\":\"https:\\\/\\\/eldigitaldeasturias.com\\\/magazine365\\\/que-ha-provocado-el-segundo-terremoto-mas-fuerte-de-italia\\\/#authorImage\",\"url\":\"https:\\\/\\\/eldigitaldeasturias.com\\\/magazine365\\\/wp-content\\\/litespeed\\\/avatar\\\/e571bcf59a0edd6fa6838245a470f2fe.jpg?ver=1776969259\",\"width\":96,\"height\":96,\"caption\":\"admin\"}},{\"@type\":\"WebPage\",\"@id\":\"https:\\\/\\\/eldigitaldeasturias.com\\\/magazine365\\\/que-ha-provocado-el-segundo-terremoto-mas-fuerte-de-italia\\\/#webpage\",\"url\":\"https:\\\/\\\/eldigitaldeasturias.com\\\/magazine365\\\/que-ha-provocado-el-segundo-terremoto-mas-fuerte-de-italia\\\/\",\"name\":\"\\u00bfQu\\u00e9 ha provocado el segundo terremoto m\\u00e1s fuerte de Italia? | El Digital de Asturias\",\"description\":\"Un fuerte se\\u00edsmo de magnitud 6,5 ha vuelto a golpear el centro de Italia, despu\\u00e9s del terremoto de 6,2 ocurrido a finales de agosto y que caus\\u00f3 centenares de muertos. En esta ocasi\\u00f3n, seg\\u00fan las primeras informaciones, el sismo ha provocado decenas de heridos y da\\u00f1os materiales, aunque las autoridades han descartado por el momento\",\"inLanguage\":\"es-ES\",\"isPartOf\":{\"@id\":\"https:\\\/\\\/eldigitaldeasturias.com\\\/magazine365\\\/#website\"},\"breadcrumb\":{\"@id\":\"https:\\\/\\\/eldigitaldeasturias.com\\\/magazine365\\\/que-ha-provocado-el-segundo-terremoto-mas-fuerte-de-italia\\\/#breadcrumblist\"},\"author\":{\"@id\":\"https:\\\/\\\/eldigitaldeasturias.com\\\/magazine365\\\/author\\\/admin\\\/#author\"},\"creator\":{\"@id\":\"https:\\\/\\\/eldigitaldeasturias.com\\\/magazine365\\\/author\\\/admin\\\/#author\"},\"image\":{\"@type\":\"ImageObject\",\"url\":\"https:\\\/\\\/eldigitaldeasturias.com\\\/magazine365\\\/wp-content\\\/uploads\\\/2016\\\/06\\\/m365.jpg\",\"@id\":\"https:\\\/\\\/eldigitaldeasturias.com\\\/magazine365\\\/que-ha-provocado-el-segundo-terremoto-mas-fuerte-de-italia\\\/#mainImage\",\"width\":655,\"height\":360},\"primaryImageOfPage\":{\"@id\":\"https:\\\/\\\/eldigitaldeasturias.com\\\/magazine365\\\/que-ha-provocado-el-segundo-terremoto-mas-fuerte-de-italia\\\/#mainImage\"},\"datePublished\":\"2016-11-03T22:59:16+01:00\",\"dateModified\":\"2016-11-03T22:59:16+01:00\"},{\"@type\":\"WebSite\",\"@id\":\"https:\\\/\\\/eldigitaldeasturias.com\\\/magazine365\\\/#website\",\"url\":\"https:\\\/\\\/eldigitaldeasturias.com\\\/magazine365\\\/\",\"name\":\"El Digital de Asturias\",\"description\":\"Revista de ocio, turismo y estilo de vida\",\"inLanguage\":\"es-ES\",\"publisher\":{\"@id\":\"https:\\\/\\\/eldigitaldeasturias.com\\\/magazine365\\\/#organization\"}}]}\n\t\t<\/script>\n\t\t<!-- All in One SEO Pro -->\r\n\t\t<title>\u00bfQu\u00e9 ha provocado el segundo terremoto m\u00e1s fuerte de Italia? | El Digital de Asturias<\/title>\n\n","aioseo_head_json":{"title":"\u00bfQu\u00e9 ha provocado el segundo terremoto m\u00e1s fuerte de Italia? | El Digital de Asturias","description":"Un fuerte se\u00edsmo de magnitud 6,5 ha vuelto a golpear el centro de Italia, despu\u00e9s del terremoto de 6,2 ocurrido a finales de agosto y que caus\u00f3 centenares de muertos. En esta ocasi\u00f3n, seg\u00fan las primeras informaciones, el sismo ha provocado decenas de heridos y da\u00f1os materiales, aunque las autoridades han descartado por el momento","canonical_url":"https:\/\/eldigitaldeasturias.com\/magazine365\/que-ha-provocado-el-segundo-terremoto-mas-fuerte-de-italia\/","robots":"max-image-preview:large","keywords":"noticias y actualidad","webmasterTools":{"google-site-verification":"UA-38556648-1","miscellaneous":""},"schema":{"@context":"https:\/\/schema.org","@graph":[{"@type":"Article","@id":"https:\/\/eldigitaldeasturias.com\/magazine365\/que-ha-provocado-el-segundo-terremoto-mas-fuerte-de-italia\/#article","name":"\u00bfQu\u00e9 ha provocado el segundo terremoto m\u00e1s fuerte de Italia? | El Digital de Asturias","headline":"\u00bfQu\u00e9 ha provocado el segundo terremoto m\u00e1s fuerte de Italia?","author":{"@id":"https:\/\/eldigitaldeasturias.com\/magazine365\/author\/admin\/#author"},"publisher":{"@id":"https:\/\/eldigitaldeasturias.com\/magazine365\/#organization"},"image":{"@type":"ImageObject","url":"https:\/\/eldigitaldeasturias.com\/magazine365\/wp-content\/uploads\/2016\/06\/m365.jpg","width":655,"height":360},"datePublished":"2016-11-03T22:59:16+01:00","dateModified":"2016-11-03T22:59:16+01:00","inLanguage":"es-ES","mainEntityOfPage":{"@id":"https:\/\/eldigitaldeasturias.com\/magazine365\/que-ha-provocado-el-segundo-terremoto-mas-fuerte-de-italia\/#webpage"},"isPartOf":{"@id":"https:\/\/eldigitaldeasturias.com\/magazine365\/que-ha-provocado-el-segundo-terremoto-mas-fuerte-de-italia\/#webpage"},"articleSection":"Noticias y Actualidad"},{"@type":"BreadcrumbList","@id":"https:\/\/eldigitaldeasturias.com\/magazine365\/que-ha-provocado-el-segundo-terremoto-mas-fuerte-de-italia\/#breadcrumblist","itemListElement":[{"@type":"ListItem","@id":"https:\/\/eldigitaldeasturias.com\/magazine365#listItem","position":1,"name":"Home","item":"https:\/\/eldigitaldeasturias.com\/magazine365","nextItem":{"@type":"ListItem","@id":"https:\/\/eldigitaldeasturias.com\/magazine365\/category\/noticias-actualidad\/#listItem","name":"Noticias y Actualidad"}},{"@type":"ListItem","@id":"https:\/\/eldigitaldeasturias.com\/magazine365\/category\/noticias-actualidad\/#listItem","position":2,"name":"Noticias y Actualidad","item":"https:\/\/eldigitaldeasturias.com\/magazine365\/category\/noticias-actualidad\/","nextItem":{"@type":"ListItem","@id":"https:\/\/eldigitaldeasturias.com\/magazine365\/que-ha-provocado-el-segundo-terremoto-mas-fuerte-de-italia\/#listItem","name":"\u00bfQu\u00e9 ha provocado el segundo terremoto m\u00e1s fuerte de Italia?"},"previousItem":{"@type":"ListItem","@id":"https:\/\/eldigitaldeasturias.com\/magazine365#listItem","name":"Home"}},{"@type":"ListItem","@id":"https:\/\/eldigitaldeasturias.com\/magazine365\/que-ha-provocado-el-segundo-terremoto-mas-fuerte-de-italia\/#listItem","position":3,"name":"\u00bfQu\u00e9 ha provocado el segundo terremoto m\u00e1s fuerte de Italia?","previousItem":{"@type":"ListItem","@id":"https:\/\/eldigitaldeasturias.com\/magazine365\/category\/noticias-actualidad\/#listItem","name":"Noticias y Actualidad"}}]},{"@type":"Organization","@id":"https:\/\/eldigitaldeasturias.com\/magazine365\/#organization","name":"El digital de Asturias","description":"Revista de ocio, turismo y estilo de vida","url":"https:\/\/eldigitaldeasturias.com\/magazine365\/","logo":{"@type":"ImageObject","url":"https:\/\/www.eldigitaldeasturias.com\/noticias\/wp-content\/uploads\/2020\/12\/EDA.jpg","@id":"https:\/\/eldigitaldeasturias.com\/magazine365\/que-ha-provocado-el-segundo-terremoto-mas-fuerte-de-italia\/#organizationLogo"},"image":{"@id":"https:\/\/eldigitaldeasturias.com\/magazine365\/que-ha-provocado-el-segundo-terremoto-mas-fuerte-de-italia\/#organizationLogo"}},{"@type":"Person","@id":"https:\/\/eldigitaldeasturias.com\/magazine365\/author\/admin\/#author","url":"https:\/\/eldigitaldeasturias.com\/magazine365\/author\/admin\/","name":"admin","image":{"@type":"ImageObject","@id":"https:\/\/eldigitaldeasturias.com\/magazine365\/que-ha-provocado-el-segundo-terremoto-mas-fuerte-de-italia\/#authorImage","url":"https:\/\/eldigitaldeasturias.com\/magazine365\/wp-content\/litespeed\/avatar\/e571bcf59a0edd6fa6838245a470f2fe.jpg?ver=1776969259","width":96,"height":96,"caption":"admin"}},{"@type":"WebPage","@id":"https:\/\/eldigitaldeasturias.com\/magazine365\/que-ha-provocado-el-segundo-terremoto-mas-fuerte-de-italia\/#webpage","url":"https:\/\/eldigitaldeasturias.com\/magazine365\/que-ha-provocado-el-segundo-terremoto-mas-fuerte-de-italia\/","name":"\u00bfQu\u00e9 ha provocado el segundo terremoto m\u00e1s fuerte de Italia? | El Digital de Asturias","description":"Un fuerte se\u00edsmo de magnitud 6,5 ha vuelto a golpear el centro de Italia, despu\u00e9s del terremoto de 6,2 ocurrido a finales de agosto y que caus\u00f3 centenares de muertos. En esta ocasi\u00f3n, seg\u00fan las primeras informaciones, el sismo ha provocado decenas de heridos y da\u00f1os materiales, aunque las autoridades han descartado por el momento","inLanguage":"es-ES","isPartOf":{"@id":"https:\/\/eldigitaldeasturias.com\/magazine365\/#website"},"breadcrumb":{"@id":"https:\/\/eldigitaldeasturias.com\/magazine365\/que-ha-provocado-el-segundo-terremoto-mas-fuerte-de-italia\/#breadcrumblist"},"author":{"@id":"https:\/\/eldigitaldeasturias.com\/magazine365\/author\/admin\/#author"},"creator":{"@id":"https:\/\/eldigitaldeasturias.com\/magazine365\/author\/admin\/#author"},"image":{"@type":"ImageObject","url":"https:\/\/eldigitaldeasturias.com\/magazine365\/wp-content\/uploads\/2016\/06\/m365.jpg","@id":"https:\/\/eldigitaldeasturias.com\/magazine365\/que-ha-provocado-el-segundo-terremoto-mas-fuerte-de-italia\/#mainImage","width":655,"height":360},"primaryImageOfPage":{"@id":"https:\/\/eldigitaldeasturias.com\/magazine365\/que-ha-provocado-el-segundo-terremoto-mas-fuerte-de-italia\/#mainImage"},"datePublished":"2016-11-03T22:59:16+01:00","dateModified":"2016-11-03T22:59:16+01:00"},{"@type":"WebSite","@id":"https:\/\/eldigitaldeasturias.com\/magazine365\/#website","url":"https:\/\/eldigitaldeasturias.com\/magazine365\/","name":"El Digital de Asturias","description":"Revista de ocio, turismo y estilo de vida","inLanguage":"es-ES","publisher":{"@id":"https:\/\/eldigitaldeasturias.com\/magazine365\/#organization"}}]},"og:locale":"es_ES","og:site_name":"El Digital de Asturias \u2013 Revista de ocio, turismo y estilo de vida","og:type":"article","og:title":"\u00bfQu\u00e9 ha provocado el segundo terremoto m\u00e1s fuerte de Italia? | El Digital de Asturias","og:description":"Un fuerte se\u00edsmo de magnitud 6,5 ha vuelto a golpear el centro de Italia, despu\u00e9s del terremoto de 6,2 ocurrido a finales de agosto y que caus\u00f3 centenares de muertos. En esta ocasi\u00f3n, seg\u00fan las primeras informaciones, el sismo ha provocado decenas de heridos y da\u00f1os materiales, aunque las autoridades han descartado por el momento","og:url":"https:\/\/eldigitaldeasturias.com\/magazine365\/que-ha-provocado-el-segundo-terremoto-mas-fuerte-de-italia\/","og:image":"https:\/\/eldigitaldeasturias.com\/magazine365\/wp-content\/uploads\/2016\/06\/m365.jpg","og:image:secure_url":"https:\/\/eldigitaldeasturias.com\/magazine365\/wp-content\/uploads\/2016\/06\/m365.jpg","og:image:width":655,"og:image:height":360,"article:published_time":"2016-11-03T21:59:16+00:00","article:modified_time":"2016-11-03T21:59:16+00:00","twitter:card":"summary_large_image","twitter:title":"\u00bfQu\u00e9 ha provocado el segundo terremoto m\u00e1s fuerte de Italia? | El Digital de Asturias","twitter:description":"Un fuerte se\u00edsmo de magnitud 6,5 ha vuelto a golpear el centro de Italia, despu\u00e9s del terremoto de 6,2 ocurrido a finales de agosto y que caus\u00f3 centenares de muertos. En esta ocasi\u00f3n, seg\u00fan las primeras informaciones, el sismo ha provocado decenas de heridos y da\u00f1os materiales, aunque las autoridades han descartado por el momento","twitter:image":"https:\/\/eldigitaldeasturias.com\/magazine365\/wp-content\/uploads\/2016\/06\/m365.jpg"},"aioseo_meta_data":{"post_id":"83294","title":null,"description":null,"keywords":null,"keyphrases":null,"primary_term":null,"canonical_url":null,"og_title":null,"og_description":null,"og_object_type":"default","og_image_type":"default","og_image_url":null,"og_image_width":null,"og_image_height":null,"og_image_custom_url":null,"og_image_custom_fields":null,"og_video":null,"og_custom_url":null,"og_article_section":null,"og_article_tags":null,"twitter_use_og":false,"twitter_card":"default","twitter_image_type":"default","twitter_image_url":null,"twitter_image_custom_url":null,"twitter_image_custom_fields":null,"twitter_title":null,"twitter_description":null,"schema":{"blockGraphs":[],"customGraphs":[],"default":{"data":{"Article":[],"Course":[],"Dataset":[],"FAQPage":[],"Movie":[],"Person":[],"Product":[],"ProductReview":[],"Car":[],"Recipe":[],"Service":[],"SoftwareApplication":[],"WebPage":[]},"graphName":"","isEnabled":true},"graphs":[],"defaultGraph":"","defaultPostTypeGraph":""},"schema_type":null,"schema_type_options":null,"pillar_content":false,"robots_default":true,"robots_noindex":false,"robots_noarchive":false,"robots_nosnippet":false,"robots_nofollow":false,"robots_noimageindex":false,"robots_noodp":false,"robots_notranslate":false,"robots_max_snippet":null,"robots_max_videopreview":null,"robots_max_imagepreview":"large","priority":null,"frequency":null,"location":null,"local_seo":null,"seo_analyzer_scan_date":"2025-09-28 02:41:03","breadcrumb_settings":null,"limit_modified_date":false,"open_ai":null,"ai":null,"created":"2020-12-21 15:30:05","updated":"2025-09-28 02:41:03"},"aioseo_breadcrumb":"<div class=\"aioseo-breadcrumbs\"><span class=\"aioseo-breadcrumb\">\n\t<a href=\"https:\/\/eldigitaldeasturias.com\/magazine365\" title=\"Home\">Home<\/a>\n<\/span><span class=\"aioseo-breadcrumb-separator\">\u2013<\/span><span class=\"aioseo-breadcrumb\">\n\t<a href=\"https:\/\/eldigitaldeasturias.com\/magazine365\/category\/noticias-actualidad\/\" title=\"Noticias y Actualidad\">Noticias y Actualidad<\/a>\n<\/span><span class=\"aioseo-breadcrumb-separator\">\u2013<\/span><span class=\"aioseo-breadcrumb\">\n\t<a href=\"https:\/\/eldigitaldeasturias.com\/magazine365\/que-ha-provocado-el-segundo-terremoto-mas-fuerte-de-italia\/\" title=\"\u00bfQu\u00e9 ha provocado el segundo terremoto m\u00e1s fuerte de Italia?\">\u00bfQu\u00e9 ha provocado el segundo terremoto m\u00e1s fuerte de Italia?<\/a>\n<\/span><\/div>","aioseo_breadcrumb_json":[{"label":"Home","link":"https:\/\/eldigitaldeasturias.com\/magazine365"},{"label":"Noticias y Actualidad","link":"https:\/\/eldigitaldeasturias.com\/magazine365\/category\/noticias-actualidad\/"},{"label":"\u00bfQu\u00e9 ha provocado el segundo terremoto m\u00e1s fuerte de Italia?","link":"https:\/\/eldigitaldeasturias.com\/magazine365\/que-ha-provocado-el-segundo-terremoto-mas-fuerte-de-italia\/"}],"_links":{"self":[{"href":"https:\/\/eldigitaldeasturias.com\/magazine365\/wp-json\/wp\/v2\/posts\/83294","targetHints":{"allow":["GET"]}}],"collection":[{"href":"https:\/\/eldigitaldeasturias.com\/magazine365\/wp-json\/wp\/v2\/posts"}],"about":[{"href":"https:\/\/eldigitaldeasturias.com\/magazine365\/wp-json\/wp\/v2\/types\/post"}],"author":[{"embeddable":true,"href":"https:\/\/eldigitaldeasturias.com\/magazine365\/wp-json\/wp\/v2\/users\/1"}],"replies":[{"embeddable":true,"href":"https:\/\/eldigitaldeasturias.com\/magazine365\/wp-json\/wp\/v2\/comments?post=83294"}],"version-history":[{"count":0,"href":"https:\/\/eldigitaldeasturias.com\/magazine365\/wp-json\/wp\/v2\/posts\/83294\/revisions"}],"wp:featuredmedia":[{"embeddable":true,"href":"https:\/\/eldigitaldeasturias.com\/magazine365\/wp-json\/wp\/v2\/media\/77926"}],"wp:attachment":[{"href":"https:\/\/eldigitaldeasturias.com\/magazine365\/wp-json\/wp\/v2\/media?parent=83294"}],"wp:term":[{"taxonomy":"category","embeddable":true,"href":"https:\/\/eldigitaldeasturias.com\/magazine365\/wp-json\/wp\/v2\/categories?post=83294"},{"taxonomy":"post_tag","embeddable":true,"href":"https:\/\/eldigitaldeasturias.com\/magazine365\/wp-json\/wp\/v2\/tags?post=83294"}],"curies":[{"name":"wp","href":"https:\/\/api.w.org\/{rel}","templated":true}]}}