{"id":83245,"date":"2016-10-31T04:17:52","date_gmt":"2016-10-31T03:17:52","guid":{"rendered":"http:\/\/eldigitaldeasturias.com\/magazine365\/?p=83245"},"modified":"2016-10-31T04:17:52","modified_gmt":"2016-10-31T03:17:52","slug":"el-principado-volvera-a-tener-estand-en-arco-en-su-proxima-edicion","status":"publish","type":"post","link":"https:\/\/eldigitaldeasturias.com\/magazine365\/el-principado-volvera-a-tener-estand-en-arco-en-su-proxima-edicion\/","title":{"rendered":"El Principado volver\u00e1 a tener estand en ARCO en su pr\u00f3xima edici\u00f3n"},"content":{"rendered":"<p><img fetchpriority=\"high\" decoding=\"async\" class=\"alignleft size-medium wp-image-83246\" src=\"https:\/\/eldigitaldeasturias.com\/magazine365\/wp-content\/uploads\/2016\/10\/fotonoticia_20161026140234_800-360x202.jpg\" alt=\"fotonoticia_20161026140234_800\" width=\"360\" height=\"202\" srcset=\"https:\/\/eldigitaldeasturias.com\/magazine365\/wp-content\/uploads\/2016\/10\/fotonoticia_20161026140234_800-360x202.jpg 360w, https:\/\/eldigitaldeasturias.com\/magazine365\/wp-content\/uploads\/2016\/10\/fotonoticia_20161026140234_800-650x365.jpg 650w, https:\/\/eldigitaldeasturias.com\/magazine365\/wp-content\/uploads\/2016\/10\/fotonoticia_20161026140234_800-768x431.jpg 768w, https:\/\/eldigitaldeasturias.com\/magazine365\/wp-content\/uploads\/2016\/10\/fotonoticia_20161026140234_800-150x84.jpg 150w, https:\/\/eldigitaldeasturias.com\/magazine365\/wp-content\/uploads\/2016\/10\/fotonoticia_20161026140234_800-450x253.jpg 450w, https:\/\/eldigitaldeasturias.com\/magazine365\/wp-content\/uploads\/2016\/10\/fotonoticia_20161026140234_800-499x280.jpg 499w, https:\/\/eldigitaldeasturias.com\/magazine365\/wp-content\/uploads\/2016\/10\/fotonoticia_20161026140234_800.jpg 800w\" sizes=\"(max-width: 360px) 100vw, 360px\" \/>El Gobierno asturiano volver\u00e1 a tener estand propio en la Feria Internacional de Arte Contempor\u00e1neo de Madrid (ARCO), que se celebrar\u00e1 entre los pr\u00f3ximos 22 y 26 de febrero. Hace m\u00e1s de 15 a\u00f1os que la Consejer\u00eda de Cultura no instala un espacio institucional en la cita, y la \u00faltima vez que hubo presencia oficial fue en 2004, para presentar el proyecto Laboral Centro de Arte.<\/p>\n<p>El viceconsejero de Cultura, Vicente Dom\u00ednguez, lo ha anunciado este mi\u00e9rcoles a los medios de comunicaci\u00f3n, durante una pausa en la reuni\u00f3n de la comisi\u00f3n de coordinaci\u00f3n de equipamientos art\u00edsticos del Principado de Asturias junto con los responsables del Museo de Bellas Artes, Laboral Centro de Arte y Creaci\u00f3n Industrial, Centro Niemeyer, Museo Barjola y Sala Borr\u00f3n.<\/p>\n<p>\u00abAsturias estar\u00e1 presente en ARCO este a\u00f1o (en referencia a su pr\u00f3xima edici\u00f3n, en 2017), como gobierno del Principado, con este pent\u00e1gono del arte de los equipamientos art\u00edsticos represetnados (Bellas Artes, Niemeyer, Laboral y las salas Barjola y Borr\u00f3n), no tanto para mostrarse a s\u00ed mismos, sino para mostar a los artistas que han circulado este a\u00f1o por estos equipamientos\u00bb, ha exeplicado.<\/p>\n<p>No ir\u00e1n las obras de los creadores, ha matizado, sino que \u00abse har\u00e1 difusi\u00f3n de los artistas que han pasado por estos equipamientos\u00bb.<\/p>\n<p>Mar\u00eda Jos\u00e9 Baraga\u00f1o, responsable de la Sala Borr\u00f3n, ha recordado que el Gobierno asturiano estuvo presente en ARCO en varias ocasiones, la \u00faltima la de la presentaci\u00f3n oficial de Laboral en 2004. Tambi\u00e9n coincidiendo con el d\u00e9cimo aniversario de la Sala Borr\u00f3n, en 1997. Precisamente, Laboral y Borr\u00f3n cumplir\u00e1n 10 y 30 a\u00f1os respectivamente en 2017. \u00abSer\u00e1n los carriles sobre los que se vertebrar\u00e1 parte del estand de Madrid\u00bb, ha adelantado.<\/p>\n<p><strong>PREMIO DE COMISARIOS<\/strong><\/p>\n<p>Dom\u00ednguez tambi\u00e9n ha anunciado que el Gobierno asturiano prev\u00e9 convocar un premio para comisarios j\u00f3venes asturianos o residentes en Asturias, y con un m\u00e1ximo de 35 a\u00f1os de edad, que comisar\u00eden una obra individual o colectiva para que expongan su proyecto en la sala Barjola, en la Borr\u00f3n o en el Niemeyer. \u00abEs una forma de desarrolalr el \u00e1mbito del arte por vertientes que no se tienen en cuenta\u00bb, ha explicado.<\/p>\n<p>Aun hay que precisar si los artistas comisariados ser\u00e1n asturianos o no. Los comisarios s\u00ed tendr\u00e1n que ser asturianos o residentes en Asturias. El comisariado, seg\u00fan Dom\u00ednguez, \u00abes una obra que trabaja con artistas, y esa faceta es algo que no est\u00e1 habitualmente atendido\u00bb.<\/p>\n<p>La directora de Laboral Centro de Arte, Karin Ohlenschl\u00e4ger, ha se\u00f1alado que intenacioalmente hay cada vez m\u00e1s convocatorias que consideran el trabajo de comisariado, \u00abque es muy importante a la hora de dar una lectura de las tendencias\u00bb.<\/p>\n<p>El viceconsejero ha se\u00f1alado que en Asturias se est\u00e1n produciendo talentos j\u00f3venes con mucha formaci\u00f3n, y \u00abdebemos poner en pr\u00e1ctica l\u00edneas que permitan desarrollar estos talentos\u00bb. Han de ser personas \u00abcon ideas y proyectos\u00bb, ha explicado la diretora de Laboral, a fin de \u00abfomentar y fortalecer el tejido art\u00edstico y cultural de esta regi\u00f3n\u00bb.<\/p>\n<p>Por \u00faltimo, Dom\u00ednguez ha explicado que se est\u00e1 estudiando la posibilidad de abrir la sala del Museo Arqueol\u00f3gico para una convocatoria de artistas asturianas sin l\u00edmite de edad que, \u00abcomo se hace en otros museos arqueol\u00f3gicos, produzcan una obra o una exposici\u00f3n dialogando con los contenidos de la arqueolog\u00eda asturiana\u00bb.<\/p>\n<p>&nbsp;<\/p>\n","protected":false},"excerpt":{"rendered":"<p>El Gobierno asturiano volver\u00e1 a tener estand propio en la Feria Internacional de Arte Contempor\u00e1neo de Madrid (ARCO), que se celebrar\u00e1 entre los pr\u00f3ximos 22 y 26 de febrero. Hace m\u00e1s de 15 a\u00f1os que la Consejer\u00eda de Cultura no instala un espacio institucional en la cita, y la \u00faltima vez que hubo presencia oficial<\/p>\n","protected":false},"author":1,"featured_media":83246,"comment_status":"open","ping_status":"closed","sticky":false,"template":"","format":"standard","meta":{"footnotes":""},"categories":[224],"tags":[],"class_list":{"0":"post-83245","1":"post","2":"type-post","3":"status-publish","4":"format-standard","5":"has-post-thumbnail","7":"category-noticias-actualidad"},"aioseo_notices":[],"aioseo_head":"\n\t\t<!-- All in One SEO Pro 4.9.6.1 - aioseo.com -->\n\t<meta name=\"description\" content=\"El Gobierno asturiano volver\u00e1 a tener estand propio en la Feria Internacional de Arte Contempor\u00e1neo de Madrid (ARCO), que se celebrar\u00e1 entre los pr\u00f3ximos 22 y 26 de febrero. Hace m\u00e1s de 15 a\u00f1os que la Consejer\u00eda de Cultura no instala un espacio institucional en la cita, y la \u00faltima vez que hubo presencia oficial\" \/>\n\t<meta name=\"robots\" content=\"max-image-preview:large\" \/>\n\t<meta name=\"author\" content=\"admin\"\/>\n\t<meta name=\"google-site-verification\" content=\"UA-38556648-1\" \/>\n\t<meta name=\"keywords\" content=\"noticias y actualidad\" \/>\n\t<link rel=\"canonical\" href=\"https:\/\/eldigitaldeasturias.com\/magazine365\/el-principado-volvera-a-tener-estand-en-arco-en-su-proxima-edicion\/\" \/>\n\t<meta name=\"generator\" content=\"All in One SEO Pro (AIOSEO) 4.9.6.1\" \/>\n\t\t<meta property=\"og:locale\" content=\"es_ES\" \/>\n\t\t<meta property=\"og:site_name\" content=\"El Digital de Asturias \u2013 Revista de ocio, turismo y estilo de vida\" \/>\n\t\t<meta property=\"og:type\" content=\"article\" \/>\n\t\t<meta property=\"og:title\" content=\"El Principado volver\u00e1 a tener estand en ARCO en su pr\u00f3xima edici\u00f3n | El Digital de Asturias\" \/>\n\t\t<meta property=\"og:description\" content=\"El Gobierno asturiano volver\u00e1 a tener estand propio en la Feria Internacional de Arte Contempor\u00e1neo de Madrid (ARCO), que se celebrar\u00e1 entre los pr\u00f3ximos 22 y 26 de febrero. Hace m\u00e1s de 15 a\u00f1os que la Consejer\u00eda de Cultura no instala un espacio institucional en la cita, y la \u00faltima vez que hubo presencia oficial\" \/>\n\t\t<meta property=\"og:url\" content=\"https:\/\/eldigitaldeasturias.com\/magazine365\/el-principado-volvera-a-tener-estand-en-arco-en-su-proxima-edicion\/\" \/>\n\t\t<meta property=\"og:image\" content=\"https:\/\/eldigitaldeasturias.com\/magazine365\/wp-content\/uploads\/2016\/10\/fotonoticia_20161026140234_800.jpg\" \/>\n\t\t<meta property=\"og:image:secure_url\" content=\"https:\/\/eldigitaldeasturias.com\/magazine365\/wp-content\/uploads\/2016\/10\/fotonoticia_20161026140234_800.jpg\" \/>\n\t\t<meta property=\"og:image:width\" content=\"800\" \/>\n\t\t<meta property=\"og:image:height\" content=\"449\" \/>\n\t\t<meta property=\"article:published_time\" content=\"2016-10-31T03:17:52+00:00\" \/>\n\t\t<meta property=\"article:modified_time\" content=\"2016-10-31T03:17:52+00:00\" \/>\n\t\t<meta name=\"twitter:card\" content=\"summary_large_image\" \/>\n\t\t<meta name=\"twitter:title\" content=\"El Principado volver\u00e1 a tener estand en ARCO en su pr\u00f3xima edici\u00f3n | El Digital de Asturias\" \/>\n\t\t<meta name=\"twitter:description\" content=\"El Gobierno asturiano volver\u00e1 a tener estand propio en la Feria Internacional de Arte Contempor\u00e1neo de Madrid (ARCO), que se celebrar\u00e1 entre los pr\u00f3ximos 22 y 26 de febrero. Hace m\u00e1s de 15 a\u00f1os que la Consejer\u00eda de Cultura no instala un espacio institucional en la cita, y la \u00faltima vez que hubo presencia oficial\" \/>\n\t\t<meta name=\"twitter:image\" content=\"https:\/\/eldigitaldeasturias.com\/magazine365\/wp-content\/uploads\/2016\/10\/fotonoticia_20161026140234_800.jpg\" \/>\n\t\t<script type=\"application\/ld+json\" class=\"aioseo-schema\">\n\t\t\t{\"@context\":\"https:\\\/\\\/schema.org\",\"@graph\":[{\"@type\":\"Article\",\"@id\":\"https:\\\/\\\/eldigitaldeasturias.com\\\/magazine365\\\/el-principado-volvera-a-tener-estand-en-arco-en-su-proxima-edicion\\\/#article\",\"name\":\"El Principado volver\\u00e1 a tener estand en ARCO en su pr\\u00f3xima edici\\u00f3n | El Digital de Asturias\",\"headline\":\"El Principado volver\\u00e1 a tener estand en ARCO en su pr\\u00f3xima edici\\u00f3n\",\"author\":{\"@id\":\"https:\\\/\\\/eldigitaldeasturias.com\\\/magazine365\\\/author\\\/admin\\\/#author\"},\"publisher\":{\"@id\":\"https:\\\/\\\/eldigitaldeasturias.com\\\/magazine365\\\/#organization\"},\"image\":{\"@type\":\"ImageObject\",\"url\":\"https:\\\/\\\/eldigitaldeasturias.com\\\/magazine365\\\/wp-content\\\/uploads\\\/2016\\\/10\\\/fotonoticia_20161026140234_800.jpg\",\"width\":800,\"height\":449},\"datePublished\":\"2016-10-31T04:17:52+01:00\",\"dateModified\":\"2016-10-31T04:17:52+01:00\",\"inLanguage\":\"es-ES\",\"mainEntityOfPage\":{\"@id\":\"https:\\\/\\\/eldigitaldeasturias.com\\\/magazine365\\\/el-principado-volvera-a-tener-estand-en-arco-en-su-proxima-edicion\\\/#webpage\"},\"isPartOf\":{\"@id\":\"https:\\\/\\\/eldigitaldeasturias.com\\\/magazine365\\\/el-principado-volvera-a-tener-estand-en-arco-en-su-proxima-edicion\\\/#webpage\"},\"articleSection\":\"Noticias y Actualidad\"},{\"@type\":\"BreadcrumbList\",\"@id\":\"https:\\\/\\\/eldigitaldeasturias.com\\\/magazine365\\\/el-principado-volvera-a-tener-estand-en-arco-en-su-proxima-edicion\\\/#breadcrumblist\",\"itemListElement\":[{\"@type\":\"ListItem\",\"@id\":\"https:\\\/\\\/eldigitaldeasturias.com\\\/magazine365#listItem\",\"position\":1,\"name\":\"Home\",\"item\":\"https:\\\/\\\/eldigitaldeasturias.com\\\/magazine365\",\"nextItem\":{\"@type\":\"ListItem\",\"@id\":\"https:\\\/\\\/eldigitaldeasturias.com\\\/magazine365\\\/category\\\/noticias-actualidad\\\/#listItem\",\"name\":\"Noticias y Actualidad\"}},{\"@type\":\"ListItem\",\"@id\":\"https:\\\/\\\/eldigitaldeasturias.com\\\/magazine365\\\/category\\\/noticias-actualidad\\\/#listItem\",\"position\":2,\"name\":\"Noticias y Actualidad\",\"item\":\"https:\\\/\\\/eldigitaldeasturias.com\\\/magazine365\\\/category\\\/noticias-actualidad\\\/\",\"nextItem\":{\"@type\":\"ListItem\",\"@id\":\"https:\\\/\\\/eldigitaldeasturias.com\\\/magazine365\\\/el-principado-volvera-a-tener-estand-en-arco-en-su-proxima-edicion\\\/#listItem\",\"name\":\"El Principado volver\\u00e1 a tener estand en ARCO en su pr\\u00f3xima edici\\u00f3n\"},\"previousItem\":{\"@type\":\"ListItem\",\"@id\":\"https:\\\/\\\/eldigitaldeasturias.com\\\/magazine365#listItem\",\"name\":\"Home\"}},{\"@type\":\"ListItem\",\"@id\":\"https:\\\/\\\/eldigitaldeasturias.com\\\/magazine365\\\/el-principado-volvera-a-tener-estand-en-arco-en-su-proxima-edicion\\\/#listItem\",\"position\":3,\"name\":\"El Principado volver\\u00e1 a tener estand en ARCO en su pr\\u00f3xima edici\\u00f3n\",\"previousItem\":{\"@type\":\"ListItem\",\"@id\":\"https:\\\/\\\/eldigitaldeasturias.com\\\/magazine365\\\/category\\\/noticias-actualidad\\\/#listItem\",\"name\":\"Noticias y Actualidad\"}}]},{\"@type\":\"Organization\",\"@id\":\"https:\\\/\\\/eldigitaldeasturias.com\\\/magazine365\\\/#organization\",\"name\":\"El digital de Asturias\",\"description\":\"Revista de ocio, turismo y estilo de vida\",\"url\":\"https:\\\/\\\/eldigitaldeasturias.com\\\/magazine365\\\/\",\"logo\":{\"@type\":\"ImageObject\",\"url\":\"https:\\\/\\\/www.eldigitaldeasturias.com\\\/noticias\\\/wp-content\\\/uploads\\\/2020\\\/12\\\/EDA.jpg\",\"@id\":\"https:\\\/\\\/eldigitaldeasturias.com\\\/magazine365\\\/el-principado-volvera-a-tener-estand-en-arco-en-su-proxima-edicion\\\/#organizationLogo\"},\"image\":{\"@id\":\"https:\\\/\\\/eldigitaldeasturias.com\\\/magazine365\\\/el-principado-volvera-a-tener-estand-en-arco-en-su-proxima-edicion\\\/#organizationLogo\"}},{\"@type\":\"Person\",\"@id\":\"https:\\\/\\\/eldigitaldeasturias.com\\\/magazine365\\\/author\\\/admin\\\/#author\",\"url\":\"https:\\\/\\\/eldigitaldeasturias.com\\\/magazine365\\\/author\\\/admin\\\/\",\"name\":\"admin\",\"image\":{\"@type\":\"ImageObject\",\"@id\":\"https:\\\/\\\/eldigitaldeasturias.com\\\/magazine365\\\/el-principado-volvera-a-tener-estand-en-arco-en-su-proxima-edicion\\\/#authorImage\",\"url\":\"https:\\\/\\\/eldigitaldeasturias.com\\\/magazine365\\\/wp-content\\\/litespeed\\\/avatar\\\/e571bcf59a0edd6fa6838245a470f2fe.jpg?ver=1776969259\",\"width\":96,\"height\":96,\"caption\":\"admin\"}},{\"@type\":\"WebPage\",\"@id\":\"https:\\\/\\\/eldigitaldeasturias.com\\\/magazine365\\\/el-principado-volvera-a-tener-estand-en-arco-en-su-proxima-edicion\\\/#webpage\",\"url\":\"https:\\\/\\\/eldigitaldeasturias.com\\\/magazine365\\\/el-principado-volvera-a-tener-estand-en-arco-en-su-proxima-edicion\\\/\",\"name\":\"El Principado volver\\u00e1 a tener estand en ARCO en su pr\\u00f3xima edici\\u00f3n | El Digital de Asturias\",\"description\":\"El Gobierno asturiano volver\\u00e1 a tener estand propio en la Feria Internacional de Arte Contempor\\u00e1neo de Madrid (ARCO), que se celebrar\\u00e1 entre los pr\\u00f3ximos 22 y 26 de febrero. Hace m\\u00e1s de 15 a\\u00f1os que la Consejer\\u00eda de Cultura no instala un espacio institucional en la cita, y la \\u00faltima vez que hubo presencia oficial\",\"inLanguage\":\"es-ES\",\"isPartOf\":{\"@id\":\"https:\\\/\\\/eldigitaldeasturias.com\\\/magazine365\\\/#website\"},\"breadcrumb\":{\"@id\":\"https:\\\/\\\/eldigitaldeasturias.com\\\/magazine365\\\/el-principado-volvera-a-tener-estand-en-arco-en-su-proxima-edicion\\\/#breadcrumblist\"},\"author\":{\"@id\":\"https:\\\/\\\/eldigitaldeasturias.com\\\/magazine365\\\/author\\\/admin\\\/#author\"},\"creator\":{\"@id\":\"https:\\\/\\\/eldigitaldeasturias.com\\\/magazine365\\\/author\\\/admin\\\/#author\"},\"image\":{\"@type\":\"ImageObject\",\"url\":\"https:\\\/\\\/eldigitaldeasturias.com\\\/magazine365\\\/wp-content\\\/uploads\\\/2016\\\/10\\\/fotonoticia_20161026140234_800.jpg\",\"@id\":\"https:\\\/\\\/eldigitaldeasturias.com\\\/magazine365\\\/el-principado-volvera-a-tener-estand-en-arco-en-su-proxima-edicion\\\/#mainImage\",\"width\":800,\"height\":449},\"primaryImageOfPage\":{\"@id\":\"https:\\\/\\\/eldigitaldeasturias.com\\\/magazine365\\\/el-principado-volvera-a-tener-estand-en-arco-en-su-proxima-edicion\\\/#mainImage\"},\"datePublished\":\"2016-10-31T04:17:52+01:00\",\"dateModified\":\"2016-10-31T04:17:52+01:00\"},{\"@type\":\"WebSite\",\"@id\":\"https:\\\/\\\/eldigitaldeasturias.com\\\/magazine365\\\/#website\",\"url\":\"https:\\\/\\\/eldigitaldeasturias.com\\\/magazine365\\\/\",\"name\":\"El Digital de Asturias\",\"description\":\"Revista de ocio, turismo y estilo de vida\",\"inLanguage\":\"es-ES\",\"publisher\":{\"@id\":\"https:\\\/\\\/eldigitaldeasturias.com\\\/magazine365\\\/#organization\"}}]}\n\t\t<\/script>\n\t\t<!-- All in One SEO Pro -->\r\n\t\t<title>El Principado volver\u00e1 a tener estand en ARCO en su pr\u00f3xima edici\u00f3n | El Digital de Asturias<\/title>\n\n","aioseo_head_json":{"title":"El Principado volver\u00e1 a tener estand en ARCO en su pr\u00f3xima edici\u00f3n | El Digital de Asturias","description":"El Gobierno asturiano volver\u00e1 a tener estand propio en la Feria Internacional de Arte Contempor\u00e1neo de Madrid (ARCO), que se celebrar\u00e1 entre los pr\u00f3ximos 22 y 26 de febrero. Hace m\u00e1s de 15 a\u00f1os que la Consejer\u00eda de Cultura no instala un espacio institucional en la cita, y la \u00faltima vez que hubo presencia oficial","canonical_url":"https:\/\/eldigitaldeasturias.com\/magazine365\/el-principado-volvera-a-tener-estand-en-arco-en-su-proxima-edicion\/","robots":"max-image-preview:large","keywords":"noticias y actualidad","webmasterTools":{"google-site-verification":"UA-38556648-1","miscellaneous":""},"schema":{"@context":"https:\/\/schema.org","@graph":[{"@type":"Article","@id":"https:\/\/eldigitaldeasturias.com\/magazine365\/el-principado-volvera-a-tener-estand-en-arco-en-su-proxima-edicion\/#article","name":"El Principado volver\u00e1 a tener estand en ARCO en su pr\u00f3xima edici\u00f3n | El Digital de Asturias","headline":"El Principado volver\u00e1 a tener estand en ARCO en su pr\u00f3xima edici\u00f3n","author":{"@id":"https:\/\/eldigitaldeasturias.com\/magazine365\/author\/admin\/#author"},"publisher":{"@id":"https:\/\/eldigitaldeasturias.com\/magazine365\/#organization"},"image":{"@type":"ImageObject","url":"https:\/\/eldigitaldeasturias.com\/magazine365\/wp-content\/uploads\/2016\/10\/fotonoticia_20161026140234_800.jpg","width":800,"height":449},"datePublished":"2016-10-31T04:17:52+01:00","dateModified":"2016-10-31T04:17:52+01:00","inLanguage":"es-ES","mainEntityOfPage":{"@id":"https:\/\/eldigitaldeasturias.com\/magazine365\/el-principado-volvera-a-tener-estand-en-arco-en-su-proxima-edicion\/#webpage"},"isPartOf":{"@id":"https:\/\/eldigitaldeasturias.com\/magazine365\/el-principado-volvera-a-tener-estand-en-arco-en-su-proxima-edicion\/#webpage"},"articleSection":"Noticias y Actualidad"},{"@type":"BreadcrumbList","@id":"https:\/\/eldigitaldeasturias.com\/magazine365\/el-principado-volvera-a-tener-estand-en-arco-en-su-proxima-edicion\/#breadcrumblist","itemListElement":[{"@type":"ListItem","@id":"https:\/\/eldigitaldeasturias.com\/magazine365#listItem","position":1,"name":"Home","item":"https:\/\/eldigitaldeasturias.com\/magazine365","nextItem":{"@type":"ListItem","@id":"https:\/\/eldigitaldeasturias.com\/magazine365\/category\/noticias-actualidad\/#listItem","name":"Noticias y Actualidad"}},{"@type":"ListItem","@id":"https:\/\/eldigitaldeasturias.com\/magazine365\/category\/noticias-actualidad\/#listItem","position":2,"name":"Noticias y Actualidad","item":"https:\/\/eldigitaldeasturias.com\/magazine365\/category\/noticias-actualidad\/","nextItem":{"@type":"ListItem","@id":"https:\/\/eldigitaldeasturias.com\/magazine365\/el-principado-volvera-a-tener-estand-en-arco-en-su-proxima-edicion\/#listItem","name":"El Principado volver\u00e1 a tener estand en ARCO en su pr\u00f3xima edici\u00f3n"},"previousItem":{"@type":"ListItem","@id":"https:\/\/eldigitaldeasturias.com\/magazine365#listItem","name":"Home"}},{"@type":"ListItem","@id":"https:\/\/eldigitaldeasturias.com\/magazine365\/el-principado-volvera-a-tener-estand-en-arco-en-su-proxima-edicion\/#listItem","position":3,"name":"El Principado volver\u00e1 a tener estand en ARCO en su pr\u00f3xima edici\u00f3n","previousItem":{"@type":"ListItem","@id":"https:\/\/eldigitaldeasturias.com\/magazine365\/category\/noticias-actualidad\/#listItem","name":"Noticias y Actualidad"}}]},{"@type":"Organization","@id":"https:\/\/eldigitaldeasturias.com\/magazine365\/#organization","name":"El digital de Asturias","description":"Revista de ocio, turismo y estilo de vida","url":"https:\/\/eldigitaldeasturias.com\/magazine365\/","logo":{"@type":"ImageObject","url":"https:\/\/www.eldigitaldeasturias.com\/noticias\/wp-content\/uploads\/2020\/12\/EDA.jpg","@id":"https:\/\/eldigitaldeasturias.com\/magazine365\/el-principado-volvera-a-tener-estand-en-arco-en-su-proxima-edicion\/#organizationLogo"},"image":{"@id":"https:\/\/eldigitaldeasturias.com\/magazine365\/el-principado-volvera-a-tener-estand-en-arco-en-su-proxima-edicion\/#organizationLogo"}},{"@type":"Person","@id":"https:\/\/eldigitaldeasturias.com\/magazine365\/author\/admin\/#author","url":"https:\/\/eldigitaldeasturias.com\/magazine365\/author\/admin\/","name":"admin","image":{"@type":"ImageObject","@id":"https:\/\/eldigitaldeasturias.com\/magazine365\/el-principado-volvera-a-tener-estand-en-arco-en-su-proxima-edicion\/#authorImage","url":"https:\/\/eldigitaldeasturias.com\/magazine365\/wp-content\/litespeed\/avatar\/e571bcf59a0edd6fa6838245a470f2fe.jpg?ver=1776969259","width":96,"height":96,"caption":"admin"}},{"@type":"WebPage","@id":"https:\/\/eldigitaldeasturias.com\/magazine365\/el-principado-volvera-a-tener-estand-en-arco-en-su-proxima-edicion\/#webpage","url":"https:\/\/eldigitaldeasturias.com\/magazine365\/el-principado-volvera-a-tener-estand-en-arco-en-su-proxima-edicion\/","name":"El Principado volver\u00e1 a tener estand en ARCO en su pr\u00f3xima edici\u00f3n | El Digital de Asturias","description":"El Gobierno asturiano volver\u00e1 a tener estand propio en la Feria Internacional de Arte Contempor\u00e1neo de Madrid (ARCO), que se celebrar\u00e1 entre los pr\u00f3ximos 22 y 26 de febrero. Hace m\u00e1s de 15 a\u00f1os que la Consejer\u00eda de Cultura no instala un espacio institucional en la cita, y la \u00faltima vez que hubo presencia oficial","inLanguage":"es-ES","isPartOf":{"@id":"https:\/\/eldigitaldeasturias.com\/magazine365\/#website"},"breadcrumb":{"@id":"https:\/\/eldigitaldeasturias.com\/magazine365\/el-principado-volvera-a-tener-estand-en-arco-en-su-proxima-edicion\/#breadcrumblist"},"author":{"@id":"https:\/\/eldigitaldeasturias.com\/magazine365\/author\/admin\/#author"},"creator":{"@id":"https:\/\/eldigitaldeasturias.com\/magazine365\/author\/admin\/#author"},"image":{"@type":"ImageObject","url":"https:\/\/eldigitaldeasturias.com\/magazine365\/wp-content\/uploads\/2016\/10\/fotonoticia_20161026140234_800.jpg","@id":"https:\/\/eldigitaldeasturias.com\/magazine365\/el-principado-volvera-a-tener-estand-en-arco-en-su-proxima-edicion\/#mainImage","width":800,"height":449},"primaryImageOfPage":{"@id":"https:\/\/eldigitaldeasturias.com\/magazine365\/el-principado-volvera-a-tener-estand-en-arco-en-su-proxima-edicion\/#mainImage"},"datePublished":"2016-10-31T04:17:52+01:00","dateModified":"2016-10-31T04:17:52+01:00"},{"@type":"WebSite","@id":"https:\/\/eldigitaldeasturias.com\/magazine365\/#website","url":"https:\/\/eldigitaldeasturias.com\/magazine365\/","name":"El Digital de Asturias","description":"Revista de ocio, turismo y estilo de vida","inLanguage":"es-ES","publisher":{"@id":"https:\/\/eldigitaldeasturias.com\/magazine365\/#organization"}}]},"og:locale":"es_ES","og:site_name":"El Digital de Asturias \u2013 Revista de ocio, turismo y estilo de vida","og:type":"article","og:title":"El Principado volver\u00e1 a tener estand en ARCO en su pr\u00f3xima edici\u00f3n | El Digital de Asturias","og:description":"El Gobierno asturiano volver\u00e1 a tener estand propio en la Feria Internacional de Arte Contempor\u00e1neo de Madrid (ARCO), que se celebrar\u00e1 entre los pr\u00f3ximos 22 y 26 de febrero. Hace m\u00e1s de 15 a\u00f1os que la Consejer\u00eda de Cultura no instala un espacio institucional en la cita, y la \u00faltima vez que hubo presencia oficial","og:url":"https:\/\/eldigitaldeasturias.com\/magazine365\/el-principado-volvera-a-tener-estand-en-arco-en-su-proxima-edicion\/","og:image":"https:\/\/eldigitaldeasturias.com\/magazine365\/wp-content\/uploads\/2016\/10\/fotonoticia_20161026140234_800.jpg","og:image:secure_url":"https:\/\/eldigitaldeasturias.com\/magazine365\/wp-content\/uploads\/2016\/10\/fotonoticia_20161026140234_800.jpg","og:image:width":800,"og:image:height":449,"article:published_time":"2016-10-31T03:17:52+00:00","article:modified_time":"2016-10-31T03:17:52+00:00","twitter:card":"summary_large_image","twitter:title":"El Principado volver\u00e1 a tener estand en ARCO en su pr\u00f3xima edici\u00f3n | El Digital de Asturias","twitter:description":"El Gobierno asturiano volver\u00e1 a tener estand propio en la Feria Internacional de Arte Contempor\u00e1neo de Madrid (ARCO), que se celebrar\u00e1 entre los pr\u00f3ximos 22 y 26 de febrero. Hace m\u00e1s de 15 a\u00f1os que la Consejer\u00eda de Cultura no instala un espacio institucional en la cita, y la \u00faltima vez que hubo presencia oficial","twitter:image":"https:\/\/eldigitaldeasturias.com\/magazine365\/wp-content\/uploads\/2016\/10\/fotonoticia_20161026140234_800.jpg"},"aioseo_meta_data":{"post_id":"83245","title":null,"description":null,"keywords":null,"keyphrases":null,"primary_term":null,"canonical_url":null,"og_title":null,"og_description":null,"og_object_type":"default","og_image_type":"default","og_image_url":null,"og_image_width":null,"og_image_height":null,"og_image_custom_url":null,"og_image_custom_fields":null,"og_video":null,"og_custom_url":null,"og_article_section":null,"og_article_tags":null,"twitter_use_og":false,"twitter_card":"default","twitter_image_type":"default","twitter_image_url":null,"twitter_image_custom_url":null,"twitter_image_custom_fields":null,"twitter_title":null,"twitter_description":null,"schema":{"blockGraphs":[],"customGraphs":[],"default":{"data":{"Article":[],"Course":[],"Dataset":[],"FAQPage":[],"Movie":[],"Person":[],"Product":[],"ProductReview":[],"Car":[],"Recipe":[],"Service":[],"SoftwareApplication":[],"WebPage":[]},"graphName":"","isEnabled":true},"graphs":[],"defaultGraph":"","defaultPostTypeGraph":""},"schema_type":null,"schema_type_options":null,"pillar_content":false,"robots_default":true,"robots_noindex":false,"robots_noarchive":false,"robots_nosnippet":false,"robots_nofollow":false,"robots_noimageindex":false,"robots_noodp":false,"robots_notranslate":false,"robots_max_snippet":null,"robots_max_videopreview":null,"robots_max_imagepreview":"large","priority":null,"frequency":null,"location":null,"local_seo":null,"seo_analyzer_scan_date":"2025-09-28 02:37:28","breadcrumb_settings":null,"limit_modified_date":false,"open_ai":null,"ai":null,"created":"2020-12-21 15:30:05","updated":"2025-09-28 02:37:28"},"aioseo_breadcrumb":"<div class=\"aioseo-breadcrumbs\"><span class=\"aioseo-breadcrumb\">\n\t<a href=\"https:\/\/eldigitaldeasturias.com\/magazine365\" title=\"Home\">Home<\/a>\n<\/span><span class=\"aioseo-breadcrumb-separator\">\u2013<\/span><span class=\"aioseo-breadcrumb\">\n\t<a href=\"https:\/\/eldigitaldeasturias.com\/magazine365\/category\/noticias-actualidad\/\" title=\"Noticias y Actualidad\">Noticias y Actualidad<\/a>\n<\/span><span class=\"aioseo-breadcrumb-separator\">\u2013<\/span><span class=\"aioseo-breadcrumb\">\n\t<a href=\"https:\/\/eldigitaldeasturias.com\/magazine365\/el-principado-volvera-a-tener-estand-en-arco-en-su-proxima-edicion\/\" title=\"El Principado volver\u00e1 a tener estand en ARCO en su pr\u00f3xima edici\u00f3n\">El Principado volver\u00e1 a tener estand en ARCO en su pr\u00f3xima edici\u00f3n<\/a>\n<\/span><\/div>","aioseo_breadcrumb_json":[{"label":"Home","link":"https:\/\/eldigitaldeasturias.com\/magazine365"},{"label":"Noticias y Actualidad","link":"https:\/\/eldigitaldeasturias.com\/magazine365\/category\/noticias-actualidad\/"},{"label":"El Principado volver\u00e1 a tener estand en ARCO en su pr\u00f3xima edici\u00f3n","link":"https:\/\/eldigitaldeasturias.com\/magazine365\/el-principado-volvera-a-tener-estand-en-arco-en-su-proxima-edicion\/"}],"_links":{"self":[{"href":"https:\/\/eldigitaldeasturias.com\/magazine365\/wp-json\/wp\/v2\/posts\/83245","targetHints":{"allow":["GET"]}}],"collection":[{"href":"https:\/\/eldigitaldeasturias.com\/magazine365\/wp-json\/wp\/v2\/posts"}],"about":[{"href":"https:\/\/eldigitaldeasturias.com\/magazine365\/wp-json\/wp\/v2\/types\/post"}],"author":[{"embeddable":true,"href":"https:\/\/eldigitaldeasturias.com\/magazine365\/wp-json\/wp\/v2\/users\/1"}],"replies":[{"embeddable":true,"href":"https:\/\/eldigitaldeasturias.com\/magazine365\/wp-json\/wp\/v2\/comments?post=83245"}],"version-history":[{"count":0,"href":"https:\/\/eldigitaldeasturias.com\/magazine365\/wp-json\/wp\/v2\/posts\/83245\/revisions"}],"wp:featuredmedia":[{"embeddable":true,"href":"https:\/\/eldigitaldeasturias.com\/magazine365\/wp-json\/wp\/v2\/media\/83246"}],"wp:attachment":[{"href":"https:\/\/eldigitaldeasturias.com\/magazine365\/wp-json\/wp\/v2\/media?parent=83245"}],"wp:term":[{"taxonomy":"category","embeddable":true,"href":"https:\/\/eldigitaldeasturias.com\/magazine365\/wp-json\/wp\/v2\/categories?post=83245"},{"taxonomy":"post_tag","embeddable":true,"href":"https:\/\/eldigitaldeasturias.com\/magazine365\/wp-json\/wp\/v2\/tags?post=83245"}],"curies":[{"name":"wp","href":"https:\/\/api.w.org\/{rel}","templated":true}]}}