{"id":83242,"date":"2016-10-31T04:16:11","date_gmt":"2016-10-31T03:16:11","guid":{"rendered":"http:\/\/eldigitaldeasturias.com\/magazine365\/?p=83242"},"modified":"2016-10-31T04:16:11","modified_gmt":"2016-10-31T03:16:11","slug":"la-catedral-de-oviedo-renueva-el-sistema-de-inscripcion-para-abonados","status":"publish","type":"post","link":"https:\/\/eldigitaldeasturias.com\/magazine365\/la-catedral-de-oviedo-renueva-el-sistema-de-inscripcion-para-abonados\/","title":{"rendered":"La Catedral de Oviedo renueva el sistema de inscripci\u00f3n para abonados"},"content":{"rendered":"<p><img fetchpriority=\"high\" decoding=\"async\" class=\"alignleft size-medium wp-image-83243\" src=\"https:\/\/eldigitaldeasturias.com\/magazine365\/wp-content\/uploads\/2016\/10\/fotonoticia_20161026094015_800-360x240.jpg\" alt=\"fotonoticia_20161026094015_800\" width=\"360\" height=\"240\" srcset=\"https:\/\/eldigitaldeasturias.com\/magazine365\/wp-content\/uploads\/2016\/10\/fotonoticia_20161026094015_800-360x240.jpg 360w, https:\/\/eldigitaldeasturias.com\/magazine365\/wp-content\/uploads\/2016\/10\/fotonoticia_20161026094015_800-650x433.jpg 650w, https:\/\/eldigitaldeasturias.com\/magazine365\/wp-content\/uploads\/2016\/10\/fotonoticia_20161026094015_800-768x512.jpg 768w, https:\/\/eldigitaldeasturias.com\/magazine365\/wp-content\/uploads\/2016\/10\/fotonoticia_20161026094015_800-150x100.jpg 150w, https:\/\/eldigitaldeasturias.com\/magazine365\/wp-content\/uploads\/2016\/10\/fotonoticia_20161026094015_800-450x300.jpg 450w, https:\/\/eldigitaldeasturias.com\/magazine365\/wp-content\/uploads\/2016\/10\/fotonoticia_20161026094015_800-101x66.jpg 101w, https:\/\/eldigitaldeasturias.com\/magazine365\/wp-content\/uploads\/2016\/10\/fotonoticia_20161026094015_800.jpg 800w\" sizes=\"(max-width: 360px) 100vw, 360px\" \/>La Catedral de Oviedo ha renovado el sistema de inscripci\u00f3n para abonados. A partir de ahora, a trav\u00e9s del nuevo portal www.sanctaovetensis.com todas aquellas personas que lo deseen podr\u00e1n inscribirse pagando una cuota de 8 euros, la misma desde sus inicios, que les permitir\u00e1 tener acceso ilimitado al Conjunto Catedralicio durante 12 meses, y adem\u00e1s, podr\u00e1n participar de las actividades que, desde el 2014, se organizan exclusivamente para los abonados.<\/p>\n<p>Seg\u00fan ha informado el Arzobispado, el proceso de inscripci\u00f3n consta de tres pasos. En primer ligar en la recepci\u00f3n de la Catedral, tendr\u00e1n que rellenar un formulario y abonar 8 euros en concepto de cuota anual. Despu\u00e9s, una vez completado el primer paso, tendr\u00e1n que finalizar su inscripci\u00f3n en la web www.sanctaovetensis.com, y en el men\u00fa Abonos, registrarse en \u00abSolicitar abono\u00bb, incluyendo su correo electr\u00f3nico.<\/p>\n<p>Finalmente, en el plazo de una semana despu\u00e9s de haber realizado los dos pasos anteriores, podr\u00e1n recoger su tarjeta en la propia Catedral.<\/p>\n<p>Para poder participar de las actividades que se realizan para abonados, es necesario que \u00e9stos reserven su plaza. En este caso, podr\u00e1n hacerlo desde el nuevo portal, entre dos y diez d\u00edas antes del comienzo de cada actividad.<\/p>\n<p>El programa de actividades para este curso 2016-2017 se encuentra publicado en la web.<\/p>\n<p>De entre todas las actividades que se han llevado a cabo en estos dos a\u00f1os, la de la subida guiada a la torre de la Catedral ha sido la que, con diferencia, m\u00e1s inter\u00e9s ha suscitado, por lo que esta temporada tendr\u00e1 lugar en dos meses consecutivos, los d\u00edas 2, 9 y 16 de diciembre y los d\u00edas 13 y 27 de enero, con dos turnos, a las cuatro y a las cinco de la tarde, y tendr\u00e1n preferencia en la reserva aquellos abonados que a\u00fan no hayan podido acceder a esta actividad concreta.<\/p>\n<p>El sistema de reservas para acceder a las actividades, que tienen, dada su naturaleza, un aforo limitado, es necesario dada la cantidad de gente, 2.000 personas, que hasta ahora han decidido ser abonados de la Catedral de Oviedo.<\/p>\n<p>&nbsp;<\/p>\n<p>&nbsp;<\/p>\n","protected":false},"excerpt":{"rendered":"<p>La Catedral de Oviedo ha renovado el sistema de inscripci\u00f3n para abonados. A partir de ahora, a trav\u00e9s del nuevo portal www.sanctaovetensis.com todas aquellas personas que lo deseen podr\u00e1n inscribirse pagando una cuota de 8 euros, la misma desde sus inicios, que les permitir\u00e1 tener acceso ilimitado al Conjunto Catedralicio durante 12 meses, y adem\u00e1s,<\/p>\n","protected":false},"author":1,"featured_media":83243,"comment_status":"open","ping_status":"closed","sticky":false,"template":"","format":"standard","meta":{"footnotes":""},"categories":[224],"tags":[],"class_list":{"0":"post-83242","1":"post","2":"type-post","3":"status-publish","4":"format-standard","5":"has-post-thumbnail","7":"category-noticias-actualidad"},"aioseo_notices":[],"aioseo_head":"\n\t\t<!-- All in One SEO Pro 4.9.6.1 - aioseo.com -->\n\t<meta name=\"description\" content=\"La Catedral de Oviedo ha renovado el sistema de inscripci\u00f3n para abonados. A partir de ahora, a trav\u00e9s del nuevo portal www.sanctaovetensis.com todas aquellas personas que lo deseen podr\u00e1n inscribirse pagando una cuota de 8 euros, la misma desde sus inicios, que les permitir\u00e1 tener acceso ilimitado al Conjunto Catedralicio durante 12 meses, y adem\u00e1s,\" \/>\n\t<meta name=\"robots\" content=\"max-image-preview:large\" \/>\n\t<meta name=\"author\" content=\"admin\"\/>\n\t<meta name=\"google-site-verification\" content=\"UA-38556648-1\" \/>\n\t<meta name=\"keywords\" content=\"noticias y actualidad\" \/>\n\t<link rel=\"canonical\" href=\"https:\/\/eldigitaldeasturias.com\/magazine365\/la-catedral-de-oviedo-renueva-el-sistema-de-inscripcion-para-abonados\/\" \/>\n\t<meta name=\"generator\" content=\"All in One SEO Pro (AIOSEO) 4.9.6.1\" \/>\n\t\t<meta property=\"og:locale\" content=\"es_ES\" \/>\n\t\t<meta property=\"og:site_name\" content=\"El Digital de Asturias \u2013 Revista de ocio, turismo y estilo de vida\" \/>\n\t\t<meta property=\"og:type\" content=\"article\" \/>\n\t\t<meta property=\"og:title\" content=\"La Catedral de Oviedo renueva el sistema de inscripci\u00f3n para abonados | El Digital de Asturias\" \/>\n\t\t<meta property=\"og:description\" content=\"La Catedral de Oviedo ha renovado el sistema de inscripci\u00f3n para abonados. A partir de ahora, a trav\u00e9s del nuevo portal www.sanctaovetensis.com todas aquellas personas que lo deseen podr\u00e1n inscribirse pagando una cuota de 8 euros, la misma desde sus inicios, que les permitir\u00e1 tener acceso ilimitado al Conjunto Catedralicio durante 12 meses, y adem\u00e1s,\" \/>\n\t\t<meta property=\"og:url\" content=\"https:\/\/eldigitaldeasturias.com\/magazine365\/la-catedral-de-oviedo-renueva-el-sistema-de-inscripcion-para-abonados\/\" \/>\n\t\t<meta property=\"og:image\" content=\"https:\/\/eldigitaldeasturias.com\/magazine365\/wp-content\/uploads\/2016\/10\/fotonoticia_20161026094015_800.jpg\" \/>\n\t\t<meta property=\"og:image:secure_url\" content=\"https:\/\/eldigitaldeasturias.com\/magazine365\/wp-content\/uploads\/2016\/10\/fotonoticia_20161026094015_800.jpg\" \/>\n\t\t<meta property=\"og:image:width\" content=\"800\" \/>\n\t\t<meta property=\"og:image:height\" content=\"533\" \/>\n\t\t<meta property=\"article:published_time\" content=\"2016-10-31T03:16:11+00:00\" \/>\n\t\t<meta property=\"article:modified_time\" content=\"2016-10-31T03:16:11+00:00\" \/>\n\t\t<meta name=\"twitter:card\" content=\"summary_large_image\" \/>\n\t\t<meta name=\"twitter:title\" content=\"La Catedral de Oviedo renueva el sistema de inscripci\u00f3n para abonados | El Digital de Asturias\" \/>\n\t\t<meta name=\"twitter:description\" content=\"La Catedral de Oviedo ha renovado el sistema de inscripci\u00f3n para abonados. A partir de ahora, a trav\u00e9s del nuevo portal www.sanctaovetensis.com todas aquellas personas que lo deseen podr\u00e1n inscribirse pagando una cuota de 8 euros, la misma desde sus inicios, que les permitir\u00e1 tener acceso ilimitado al Conjunto Catedralicio durante 12 meses, y adem\u00e1s,\" \/>\n\t\t<meta name=\"twitter:image\" content=\"https:\/\/eldigitaldeasturias.com\/magazine365\/wp-content\/uploads\/2016\/10\/fotonoticia_20161026094015_800.jpg\" \/>\n\t\t<script type=\"application\/ld+json\" class=\"aioseo-schema\">\n\t\t\t{\"@context\":\"https:\\\/\\\/schema.org\",\"@graph\":[{\"@type\":\"Article\",\"@id\":\"https:\\\/\\\/eldigitaldeasturias.com\\\/magazine365\\\/la-catedral-de-oviedo-renueva-el-sistema-de-inscripcion-para-abonados\\\/#article\",\"name\":\"La Catedral de Oviedo renueva el sistema de inscripci\\u00f3n para abonados | El Digital de Asturias\",\"headline\":\"La Catedral de Oviedo renueva el sistema de inscripci\\u00f3n para abonados\",\"author\":{\"@id\":\"https:\\\/\\\/eldigitaldeasturias.com\\\/magazine365\\\/author\\\/admin\\\/#author\"},\"publisher\":{\"@id\":\"https:\\\/\\\/eldigitaldeasturias.com\\\/magazine365\\\/#organization\"},\"image\":{\"@type\":\"ImageObject\",\"url\":\"https:\\\/\\\/eldigitaldeasturias.com\\\/magazine365\\\/wp-content\\\/uploads\\\/2016\\\/10\\\/fotonoticia_20161026094015_800.jpg\",\"width\":800,\"height\":533},\"datePublished\":\"2016-10-31T04:16:11+01:00\",\"dateModified\":\"2016-10-31T04:16:11+01:00\",\"inLanguage\":\"es-ES\",\"mainEntityOfPage\":{\"@id\":\"https:\\\/\\\/eldigitaldeasturias.com\\\/magazine365\\\/la-catedral-de-oviedo-renueva-el-sistema-de-inscripcion-para-abonados\\\/#webpage\"},\"isPartOf\":{\"@id\":\"https:\\\/\\\/eldigitaldeasturias.com\\\/magazine365\\\/la-catedral-de-oviedo-renueva-el-sistema-de-inscripcion-para-abonados\\\/#webpage\"},\"articleSection\":\"Noticias y Actualidad\"},{\"@type\":\"BreadcrumbList\",\"@id\":\"https:\\\/\\\/eldigitaldeasturias.com\\\/magazine365\\\/la-catedral-de-oviedo-renueva-el-sistema-de-inscripcion-para-abonados\\\/#breadcrumblist\",\"itemListElement\":[{\"@type\":\"ListItem\",\"@id\":\"https:\\\/\\\/eldigitaldeasturias.com\\\/magazine365#listItem\",\"position\":1,\"name\":\"Home\",\"item\":\"https:\\\/\\\/eldigitaldeasturias.com\\\/magazine365\",\"nextItem\":{\"@type\":\"ListItem\",\"@id\":\"https:\\\/\\\/eldigitaldeasturias.com\\\/magazine365\\\/category\\\/noticias-actualidad\\\/#listItem\",\"name\":\"Noticias y Actualidad\"}},{\"@type\":\"ListItem\",\"@id\":\"https:\\\/\\\/eldigitaldeasturias.com\\\/magazine365\\\/category\\\/noticias-actualidad\\\/#listItem\",\"position\":2,\"name\":\"Noticias y Actualidad\",\"item\":\"https:\\\/\\\/eldigitaldeasturias.com\\\/magazine365\\\/category\\\/noticias-actualidad\\\/\",\"nextItem\":{\"@type\":\"ListItem\",\"@id\":\"https:\\\/\\\/eldigitaldeasturias.com\\\/magazine365\\\/la-catedral-de-oviedo-renueva-el-sistema-de-inscripcion-para-abonados\\\/#listItem\",\"name\":\"La Catedral de Oviedo renueva el sistema de inscripci\\u00f3n para abonados\"},\"previousItem\":{\"@type\":\"ListItem\",\"@id\":\"https:\\\/\\\/eldigitaldeasturias.com\\\/magazine365#listItem\",\"name\":\"Home\"}},{\"@type\":\"ListItem\",\"@id\":\"https:\\\/\\\/eldigitaldeasturias.com\\\/magazine365\\\/la-catedral-de-oviedo-renueva-el-sistema-de-inscripcion-para-abonados\\\/#listItem\",\"position\":3,\"name\":\"La Catedral de Oviedo renueva el sistema de inscripci\\u00f3n para abonados\",\"previousItem\":{\"@type\":\"ListItem\",\"@id\":\"https:\\\/\\\/eldigitaldeasturias.com\\\/magazine365\\\/category\\\/noticias-actualidad\\\/#listItem\",\"name\":\"Noticias y Actualidad\"}}]},{\"@type\":\"Organization\",\"@id\":\"https:\\\/\\\/eldigitaldeasturias.com\\\/magazine365\\\/#organization\",\"name\":\"El digital de Asturias\",\"description\":\"Revista de ocio, turismo y estilo de vida\",\"url\":\"https:\\\/\\\/eldigitaldeasturias.com\\\/magazine365\\\/\",\"logo\":{\"@type\":\"ImageObject\",\"url\":\"https:\\\/\\\/www.eldigitaldeasturias.com\\\/noticias\\\/wp-content\\\/uploads\\\/2020\\\/12\\\/EDA.jpg\",\"@id\":\"https:\\\/\\\/eldigitaldeasturias.com\\\/magazine365\\\/la-catedral-de-oviedo-renueva-el-sistema-de-inscripcion-para-abonados\\\/#organizationLogo\"},\"image\":{\"@id\":\"https:\\\/\\\/eldigitaldeasturias.com\\\/magazine365\\\/la-catedral-de-oviedo-renueva-el-sistema-de-inscripcion-para-abonados\\\/#organizationLogo\"}},{\"@type\":\"Person\",\"@id\":\"https:\\\/\\\/eldigitaldeasturias.com\\\/magazine365\\\/author\\\/admin\\\/#author\",\"url\":\"https:\\\/\\\/eldigitaldeasturias.com\\\/magazine365\\\/author\\\/admin\\\/\",\"name\":\"admin\",\"image\":{\"@type\":\"ImageObject\",\"@id\":\"https:\\\/\\\/eldigitaldeasturias.com\\\/magazine365\\\/la-catedral-de-oviedo-renueva-el-sistema-de-inscripcion-para-abonados\\\/#authorImage\",\"url\":\"https:\\\/\\\/eldigitaldeasturias.com\\\/magazine365\\\/wp-content\\\/litespeed\\\/avatar\\\/e571bcf59a0edd6fa6838245a470f2fe.jpg?ver=1776969259\",\"width\":96,\"height\":96,\"caption\":\"admin\"}},{\"@type\":\"WebPage\",\"@id\":\"https:\\\/\\\/eldigitaldeasturias.com\\\/magazine365\\\/la-catedral-de-oviedo-renueva-el-sistema-de-inscripcion-para-abonados\\\/#webpage\",\"url\":\"https:\\\/\\\/eldigitaldeasturias.com\\\/magazine365\\\/la-catedral-de-oviedo-renueva-el-sistema-de-inscripcion-para-abonados\\\/\",\"name\":\"La Catedral de Oviedo renueva el sistema de inscripci\\u00f3n para abonados | El Digital de Asturias\",\"description\":\"La Catedral de Oviedo ha renovado el sistema de inscripci\\u00f3n para abonados. A partir de ahora, a trav\\u00e9s del nuevo portal www.sanctaovetensis.com todas aquellas personas que lo deseen podr\\u00e1n inscribirse pagando una cuota de 8 euros, la misma desde sus inicios, que les permitir\\u00e1 tener acceso ilimitado al Conjunto Catedralicio durante 12 meses, y adem\\u00e1s,\",\"inLanguage\":\"es-ES\",\"isPartOf\":{\"@id\":\"https:\\\/\\\/eldigitaldeasturias.com\\\/magazine365\\\/#website\"},\"breadcrumb\":{\"@id\":\"https:\\\/\\\/eldigitaldeasturias.com\\\/magazine365\\\/la-catedral-de-oviedo-renueva-el-sistema-de-inscripcion-para-abonados\\\/#breadcrumblist\"},\"author\":{\"@id\":\"https:\\\/\\\/eldigitaldeasturias.com\\\/magazine365\\\/author\\\/admin\\\/#author\"},\"creator\":{\"@id\":\"https:\\\/\\\/eldigitaldeasturias.com\\\/magazine365\\\/author\\\/admin\\\/#author\"},\"image\":{\"@type\":\"ImageObject\",\"url\":\"https:\\\/\\\/eldigitaldeasturias.com\\\/magazine365\\\/wp-content\\\/uploads\\\/2016\\\/10\\\/fotonoticia_20161026094015_800.jpg\",\"@id\":\"https:\\\/\\\/eldigitaldeasturias.com\\\/magazine365\\\/la-catedral-de-oviedo-renueva-el-sistema-de-inscripcion-para-abonados\\\/#mainImage\",\"width\":800,\"height\":533},\"primaryImageOfPage\":{\"@id\":\"https:\\\/\\\/eldigitaldeasturias.com\\\/magazine365\\\/la-catedral-de-oviedo-renueva-el-sistema-de-inscripcion-para-abonados\\\/#mainImage\"},\"datePublished\":\"2016-10-31T04:16:11+01:00\",\"dateModified\":\"2016-10-31T04:16:11+01:00\"},{\"@type\":\"WebSite\",\"@id\":\"https:\\\/\\\/eldigitaldeasturias.com\\\/magazine365\\\/#website\",\"url\":\"https:\\\/\\\/eldigitaldeasturias.com\\\/magazine365\\\/\",\"name\":\"El Digital de Asturias\",\"description\":\"Revista de ocio, turismo y estilo de vida\",\"inLanguage\":\"es-ES\",\"publisher\":{\"@id\":\"https:\\\/\\\/eldigitaldeasturias.com\\\/magazine365\\\/#organization\"}}]}\n\t\t<\/script>\n\t\t<!-- All in One SEO Pro -->\r\n\t\t<title>La Catedral de Oviedo renueva el sistema de inscripci\u00f3n para abonados | El Digital de Asturias<\/title>\n\n","aioseo_head_json":{"title":"La Catedral de Oviedo renueva el sistema de inscripci\u00f3n para abonados | El Digital de Asturias","description":"La Catedral de Oviedo ha renovado el sistema de inscripci\u00f3n para abonados. A partir de ahora, a trav\u00e9s del nuevo portal www.sanctaovetensis.com todas aquellas personas que lo deseen podr\u00e1n inscribirse pagando una cuota de 8 euros, la misma desde sus inicios, que les permitir\u00e1 tener acceso ilimitado al Conjunto Catedralicio durante 12 meses, y adem\u00e1s,","canonical_url":"https:\/\/eldigitaldeasturias.com\/magazine365\/la-catedral-de-oviedo-renueva-el-sistema-de-inscripcion-para-abonados\/","robots":"max-image-preview:large","keywords":"noticias y actualidad","webmasterTools":{"google-site-verification":"UA-38556648-1","miscellaneous":""},"schema":{"@context":"https:\/\/schema.org","@graph":[{"@type":"Article","@id":"https:\/\/eldigitaldeasturias.com\/magazine365\/la-catedral-de-oviedo-renueva-el-sistema-de-inscripcion-para-abonados\/#article","name":"La Catedral de Oviedo renueva el sistema de inscripci\u00f3n para abonados | El Digital de Asturias","headline":"La Catedral de Oviedo renueva el sistema de inscripci\u00f3n para abonados","author":{"@id":"https:\/\/eldigitaldeasturias.com\/magazine365\/author\/admin\/#author"},"publisher":{"@id":"https:\/\/eldigitaldeasturias.com\/magazine365\/#organization"},"image":{"@type":"ImageObject","url":"https:\/\/eldigitaldeasturias.com\/magazine365\/wp-content\/uploads\/2016\/10\/fotonoticia_20161026094015_800.jpg","width":800,"height":533},"datePublished":"2016-10-31T04:16:11+01:00","dateModified":"2016-10-31T04:16:11+01:00","inLanguage":"es-ES","mainEntityOfPage":{"@id":"https:\/\/eldigitaldeasturias.com\/magazine365\/la-catedral-de-oviedo-renueva-el-sistema-de-inscripcion-para-abonados\/#webpage"},"isPartOf":{"@id":"https:\/\/eldigitaldeasturias.com\/magazine365\/la-catedral-de-oviedo-renueva-el-sistema-de-inscripcion-para-abonados\/#webpage"},"articleSection":"Noticias y Actualidad"},{"@type":"BreadcrumbList","@id":"https:\/\/eldigitaldeasturias.com\/magazine365\/la-catedral-de-oviedo-renueva-el-sistema-de-inscripcion-para-abonados\/#breadcrumblist","itemListElement":[{"@type":"ListItem","@id":"https:\/\/eldigitaldeasturias.com\/magazine365#listItem","position":1,"name":"Home","item":"https:\/\/eldigitaldeasturias.com\/magazine365","nextItem":{"@type":"ListItem","@id":"https:\/\/eldigitaldeasturias.com\/magazine365\/category\/noticias-actualidad\/#listItem","name":"Noticias y Actualidad"}},{"@type":"ListItem","@id":"https:\/\/eldigitaldeasturias.com\/magazine365\/category\/noticias-actualidad\/#listItem","position":2,"name":"Noticias y Actualidad","item":"https:\/\/eldigitaldeasturias.com\/magazine365\/category\/noticias-actualidad\/","nextItem":{"@type":"ListItem","@id":"https:\/\/eldigitaldeasturias.com\/magazine365\/la-catedral-de-oviedo-renueva-el-sistema-de-inscripcion-para-abonados\/#listItem","name":"La Catedral de Oviedo renueva el sistema de inscripci\u00f3n para abonados"},"previousItem":{"@type":"ListItem","@id":"https:\/\/eldigitaldeasturias.com\/magazine365#listItem","name":"Home"}},{"@type":"ListItem","@id":"https:\/\/eldigitaldeasturias.com\/magazine365\/la-catedral-de-oviedo-renueva-el-sistema-de-inscripcion-para-abonados\/#listItem","position":3,"name":"La Catedral de Oviedo renueva el sistema de inscripci\u00f3n para abonados","previousItem":{"@type":"ListItem","@id":"https:\/\/eldigitaldeasturias.com\/magazine365\/category\/noticias-actualidad\/#listItem","name":"Noticias y Actualidad"}}]},{"@type":"Organization","@id":"https:\/\/eldigitaldeasturias.com\/magazine365\/#organization","name":"El digital de Asturias","description":"Revista de ocio, turismo y estilo de vida","url":"https:\/\/eldigitaldeasturias.com\/magazine365\/","logo":{"@type":"ImageObject","url":"https:\/\/www.eldigitaldeasturias.com\/noticias\/wp-content\/uploads\/2020\/12\/EDA.jpg","@id":"https:\/\/eldigitaldeasturias.com\/magazine365\/la-catedral-de-oviedo-renueva-el-sistema-de-inscripcion-para-abonados\/#organizationLogo"},"image":{"@id":"https:\/\/eldigitaldeasturias.com\/magazine365\/la-catedral-de-oviedo-renueva-el-sistema-de-inscripcion-para-abonados\/#organizationLogo"}},{"@type":"Person","@id":"https:\/\/eldigitaldeasturias.com\/magazine365\/author\/admin\/#author","url":"https:\/\/eldigitaldeasturias.com\/magazine365\/author\/admin\/","name":"admin","image":{"@type":"ImageObject","@id":"https:\/\/eldigitaldeasturias.com\/magazine365\/la-catedral-de-oviedo-renueva-el-sistema-de-inscripcion-para-abonados\/#authorImage","url":"https:\/\/eldigitaldeasturias.com\/magazine365\/wp-content\/litespeed\/avatar\/e571bcf59a0edd6fa6838245a470f2fe.jpg?ver=1776969259","width":96,"height":96,"caption":"admin"}},{"@type":"WebPage","@id":"https:\/\/eldigitaldeasturias.com\/magazine365\/la-catedral-de-oviedo-renueva-el-sistema-de-inscripcion-para-abonados\/#webpage","url":"https:\/\/eldigitaldeasturias.com\/magazine365\/la-catedral-de-oviedo-renueva-el-sistema-de-inscripcion-para-abonados\/","name":"La Catedral de Oviedo renueva el sistema de inscripci\u00f3n para abonados | El Digital de Asturias","description":"La Catedral de Oviedo ha renovado el sistema de inscripci\u00f3n para abonados. A partir de ahora, a trav\u00e9s del nuevo portal www.sanctaovetensis.com todas aquellas personas que lo deseen podr\u00e1n inscribirse pagando una cuota de 8 euros, la misma desde sus inicios, que les permitir\u00e1 tener acceso ilimitado al Conjunto Catedralicio durante 12 meses, y adem\u00e1s,","inLanguage":"es-ES","isPartOf":{"@id":"https:\/\/eldigitaldeasturias.com\/magazine365\/#website"},"breadcrumb":{"@id":"https:\/\/eldigitaldeasturias.com\/magazine365\/la-catedral-de-oviedo-renueva-el-sistema-de-inscripcion-para-abonados\/#breadcrumblist"},"author":{"@id":"https:\/\/eldigitaldeasturias.com\/magazine365\/author\/admin\/#author"},"creator":{"@id":"https:\/\/eldigitaldeasturias.com\/magazine365\/author\/admin\/#author"},"image":{"@type":"ImageObject","url":"https:\/\/eldigitaldeasturias.com\/magazine365\/wp-content\/uploads\/2016\/10\/fotonoticia_20161026094015_800.jpg","@id":"https:\/\/eldigitaldeasturias.com\/magazine365\/la-catedral-de-oviedo-renueva-el-sistema-de-inscripcion-para-abonados\/#mainImage","width":800,"height":533},"primaryImageOfPage":{"@id":"https:\/\/eldigitaldeasturias.com\/magazine365\/la-catedral-de-oviedo-renueva-el-sistema-de-inscripcion-para-abonados\/#mainImage"},"datePublished":"2016-10-31T04:16:11+01:00","dateModified":"2016-10-31T04:16:11+01:00"},{"@type":"WebSite","@id":"https:\/\/eldigitaldeasturias.com\/magazine365\/#website","url":"https:\/\/eldigitaldeasturias.com\/magazine365\/","name":"El Digital de Asturias","description":"Revista de ocio, turismo y estilo de vida","inLanguage":"es-ES","publisher":{"@id":"https:\/\/eldigitaldeasturias.com\/magazine365\/#organization"}}]},"og:locale":"es_ES","og:site_name":"El Digital de Asturias \u2013 Revista de ocio, turismo y estilo de vida","og:type":"article","og:title":"La Catedral de Oviedo renueva el sistema de inscripci\u00f3n para abonados | El Digital de Asturias","og:description":"La Catedral de Oviedo ha renovado el sistema de inscripci\u00f3n para abonados. A partir de ahora, a trav\u00e9s del nuevo portal www.sanctaovetensis.com todas aquellas personas que lo deseen podr\u00e1n inscribirse pagando una cuota de 8 euros, la misma desde sus inicios, que les permitir\u00e1 tener acceso ilimitado al Conjunto Catedralicio durante 12 meses, y adem\u00e1s,","og:url":"https:\/\/eldigitaldeasturias.com\/magazine365\/la-catedral-de-oviedo-renueva-el-sistema-de-inscripcion-para-abonados\/","og:image":"https:\/\/eldigitaldeasturias.com\/magazine365\/wp-content\/uploads\/2016\/10\/fotonoticia_20161026094015_800.jpg","og:image:secure_url":"https:\/\/eldigitaldeasturias.com\/magazine365\/wp-content\/uploads\/2016\/10\/fotonoticia_20161026094015_800.jpg","og:image:width":800,"og:image:height":533,"article:published_time":"2016-10-31T03:16:11+00:00","article:modified_time":"2016-10-31T03:16:11+00:00","twitter:card":"summary_large_image","twitter:title":"La Catedral de Oviedo renueva el sistema de inscripci\u00f3n para abonados | El Digital de Asturias","twitter:description":"La Catedral de Oviedo ha renovado el sistema de inscripci\u00f3n para abonados. A partir de ahora, a trav\u00e9s del nuevo portal www.sanctaovetensis.com todas aquellas personas que lo deseen podr\u00e1n inscribirse pagando una cuota de 8 euros, la misma desde sus inicios, que les permitir\u00e1 tener acceso ilimitado al Conjunto Catedralicio durante 12 meses, y adem\u00e1s,","twitter:image":"https:\/\/eldigitaldeasturias.com\/magazine365\/wp-content\/uploads\/2016\/10\/fotonoticia_20161026094015_800.jpg"},"aioseo_meta_data":{"post_id":"83242","title":null,"description":null,"keywords":null,"keyphrases":null,"primary_term":null,"canonical_url":null,"og_title":null,"og_description":null,"og_object_type":"default","og_image_type":"default","og_image_url":null,"og_image_width":null,"og_image_height":null,"og_image_custom_url":null,"og_image_custom_fields":null,"og_video":null,"og_custom_url":null,"og_article_section":null,"og_article_tags":null,"twitter_use_og":false,"twitter_card":"default","twitter_image_type":"default","twitter_image_url":null,"twitter_image_custom_url":null,"twitter_image_custom_fields":null,"twitter_title":null,"twitter_description":null,"schema":{"blockGraphs":[],"customGraphs":[],"default":{"data":{"Article":[],"Course":[],"Dataset":[],"FAQPage":[],"Movie":[],"Person":[],"Product":[],"ProductReview":[],"Car":[],"Recipe":[],"Service":[],"SoftwareApplication":[],"WebPage":[]},"graphName":"","isEnabled":true},"graphs":[],"defaultGraph":"","defaultPostTypeGraph":""},"schema_type":null,"schema_type_options":null,"pillar_content":false,"robots_default":true,"robots_noindex":false,"robots_noarchive":false,"robots_nosnippet":false,"robots_nofollow":false,"robots_noimageindex":false,"robots_noodp":false,"robots_notranslate":false,"robots_max_snippet":null,"robots_max_videopreview":null,"robots_max_imagepreview":"large","priority":null,"frequency":null,"location":null,"local_seo":null,"seo_analyzer_scan_date":"2025-09-28 02:37:27","breadcrumb_settings":null,"limit_modified_date":false,"open_ai":null,"ai":null,"created":"2020-12-21 15:30:05","updated":"2025-09-28 02:37:27"},"aioseo_breadcrumb":"<div class=\"aioseo-breadcrumbs\"><span class=\"aioseo-breadcrumb\">\n\t<a href=\"https:\/\/eldigitaldeasturias.com\/magazine365\" title=\"Home\">Home<\/a>\n<\/span><span class=\"aioseo-breadcrumb-separator\">\u2013<\/span><span class=\"aioseo-breadcrumb\">\n\t<a href=\"https:\/\/eldigitaldeasturias.com\/magazine365\/category\/noticias-actualidad\/\" title=\"Noticias y Actualidad\">Noticias y Actualidad<\/a>\n<\/span><span class=\"aioseo-breadcrumb-separator\">\u2013<\/span><span class=\"aioseo-breadcrumb\">\n\t<a href=\"https:\/\/eldigitaldeasturias.com\/magazine365\/la-catedral-de-oviedo-renueva-el-sistema-de-inscripcion-para-abonados\/\" title=\"La Catedral de Oviedo renueva el sistema de inscripci\u00f3n para abonados\">La Catedral de Oviedo renueva el sistema de inscripci\u00f3n para abonados<\/a>\n<\/span><\/div>","aioseo_breadcrumb_json":[{"label":"Home","link":"https:\/\/eldigitaldeasturias.com\/magazine365"},{"label":"Noticias y Actualidad","link":"https:\/\/eldigitaldeasturias.com\/magazine365\/category\/noticias-actualidad\/"},{"label":"La Catedral de Oviedo renueva el sistema de inscripci\u00f3n para abonados","link":"https:\/\/eldigitaldeasturias.com\/magazine365\/la-catedral-de-oviedo-renueva-el-sistema-de-inscripcion-para-abonados\/"}],"_links":{"self":[{"href":"https:\/\/eldigitaldeasturias.com\/magazine365\/wp-json\/wp\/v2\/posts\/83242","targetHints":{"allow":["GET"]}}],"collection":[{"href":"https:\/\/eldigitaldeasturias.com\/magazine365\/wp-json\/wp\/v2\/posts"}],"about":[{"href":"https:\/\/eldigitaldeasturias.com\/magazine365\/wp-json\/wp\/v2\/types\/post"}],"author":[{"embeddable":true,"href":"https:\/\/eldigitaldeasturias.com\/magazine365\/wp-json\/wp\/v2\/users\/1"}],"replies":[{"embeddable":true,"href":"https:\/\/eldigitaldeasturias.com\/magazine365\/wp-json\/wp\/v2\/comments?post=83242"}],"version-history":[{"count":0,"href":"https:\/\/eldigitaldeasturias.com\/magazine365\/wp-json\/wp\/v2\/posts\/83242\/revisions"}],"wp:featuredmedia":[{"embeddable":true,"href":"https:\/\/eldigitaldeasturias.com\/magazine365\/wp-json\/wp\/v2\/media\/83243"}],"wp:attachment":[{"href":"https:\/\/eldigitaldeasturias.com\/magazine365\/wp-json\/wp\/v2\/media?parent=83242"}],"wp:term":[{"taxonomy":"category","embeddable":true,"href":"https:\/\/eldigitaldeasturias.com\/magazine365\/wp-json\/wp\/v2\/categories?post=83242"},{"taxonomy":"post_tag","embeddable":true,"href":"https:\/\/eldigitaldeasturias.com\/magazine365\/wp-json\/wp\/v2\/tags?post=83242"}],"curies":[{"name":"wp","href":"https:\/\/api.w.org\/{rel}","templated":true}]}}