{"id":83230,"date":"2016-10-31T04:09:12","date_gmt":"2016-10-31T03:09:12","guid":{"rendered":"http:\/\/eldigitaldeasturias.com\/magazine365\/?p=83230"},"modified":"2016-10-31T04:09:12","modified_gmt":"2016-10-31T03:09:12","slug":"el-sector-servicios-aumenta-sus-ventas-un-6-anual-en-agosto-en-asturias","status":"publish","type":"post","link":"https:\/\/eldigitaldeasturias.com\/magazine365\/el-sector-servicios-aumenta-sus-ventas-un-6-anual-en-agosto-en-asturias\/","title":{"rendered":"El sector servicios aumenta sus ventas un 6% anual en agosto en Asturias"},"content":{"rendered":"<p><img fetchpriority=\"high\" decoding=\"async\" class=\"alignleft size-medium wp-image-83231\" src=\"https:\/\/eldigitaldeasturias.com\/magazine365\/wp-content\/uploads\/2016\/10\/fotonoticia_20161024150412_800-360x240.jpg\" alt=\"fotonoticia_20161024150412_800\" width=\"360\" height=\"240\" srcset=\"https:\/\/eldigitaldeasturias.com\/magazine365\/wp-content\/uploads\/2016\/10\/fotonoticia_20161024150412_800-360x240.jpg 360w, https:\/\/eldigitaldeasturias.com\/magazine365\/wp-content\/uploads\/2016\/10\/fotonoticia_20161024150412_800-650x433.jpg 650w, https:\/\/eldigitaldeasturias.com\/magazine365\/wp-content\/uploads\/2016\/10\/fotonoticia_20161024150412_800-768x512.jpg 768w, https:\/\/eldigitaldeasturias.com\/magazine365\/wp-content\/uploads\/2016\/10\/fotonoticia_20161024150412_800-150x100.jpg 150w, https:\/\/eldigitaldeasturias.com\/magazine365\/wp-content\/uploads\/2016\/10\/fotonoticia_20161024150412_800-450x300.jpg 450w, https:\/\/eldigitaldeasturias.com\/magazine365\/wp-content\/uploads\/2016\/10\/fotonoticia_20161024150412_800-101x66.jpg 101w, https:\/\/eldigitaldeasturias.com\/magazine365\/wp-content\/uploads\/2016\/10\/fotonoticia_20161024150412_800.jpg 800w\" sizes=\"(max-width: 360px) 100vw, 360px\" \/>El sector servicios registr\u00f3 en agosto un aumento medio anual de su facturaci\u00f3n del 6% en Asturias, donde el empleo registr\u00f3 el menor crecimiento de todas las comunidades con s\u00f3lo un 0,9%, seg\u00fan datos provisionales difundidos este lunes por el Instituto Nacional de Estad\u00edstica (INE).<\/p>\n<p>As\u00ed, el repunte del 6,0% en la facturaci\u00f3n experimentado por el Asturias, el mismo que el Pa\u00eds Vasco, es el d\u00e9cimo m\u00e1s alto del Estado, igualado con la media estatal. Todas las autonom\u00edas registraron crecimientos, el menor del 3,9% correspondiente a la Comunidad Valenciana.<\/p>\n<p>A nivel nacional, el sector servicios registr\u00f3 un aumento de su facturaci\u00f3n del 6% el pasado mes de agosto en relaci\u00f3n al mismo mes del a\u00f1o pasado, su mayor repunte interanual desde junio de 2015.<\/p>\n<p>Esta tasa, con la que los servicios encadenan ya 36 meses de ascensos, es 4,7 puntos superior a la registrada en julio, cuando las ventas del sector repuntaron un 1,3%.<\/p>\n<p>Corregidos los efectos estacionales y de calendario, la facturaci\u00f3n de los servicios registr\u00f3 el pasado mes de agosto un avance interanual del 4,7%, tasa tres d\u00e9cimas superior a la registrada en julio (+4,4%).<\/p>\n<p>Los datos del INE reflejan que el empleo en el sector servicios aument\u00f3 en el octavo mes del a\u00f1o un 2,5% en tasa interanual, una d\u00e9cima m\u00e1s que en julio y su mayor avance interanual desde el pasado mes de febrero. Con este repunte, el sector suma ya 28 meses de crecimiento interanual de la ocupaci\u00f3n despu\u00e9s de casi tres a\u00f1os de ca\u00eddas.<\/p>\n<p>En t\u00e9rminos mensuales (agosto sobre julio) y eliminado el efecto de calendario y la estacionalidad, la facturaci\u00f3n del sector servicios baj\u00f3 un 0,1%, en contraste con el aumento mensual del 0,5% experimentado en julio y con el retroceso del 0,4% de un a\u00f1o antes.<\/p>\n<p>LAS VENTAS SUBEN EN TODAS LAS COMUNIDADES.<\/p>\n<p>El pasado mes de agosto, todas las comunidades aut\u00f3nomas presentaron avances en la cifra de negocios del sector servicios. Los aumentos m\u00e1s importantes se registraron en Galicia (+14,1%), La Rioja (+11,3%) y Cantabria (+9,2%), y los menores, en Comunidad Valenciana (+3,9%) y Andaluc\u00eda (+4,1%).<\/p>\n<p>En cuanto al empleo, tambi\u00e9n todas las comunidades presentaron en el octavo mes del a\u00f1o tasas interanuales positivas respecto al mismo mes de 2015. Murcia fue la regi\u00f3n donde m\u00e1s aument\u00f3 la ocupaci\u00f3n, con una tasa del 4,2%, mientras que la que menos empleo cre\u00f3 fue Asturias (+0,9%).<\/p>\n<p>&nbsp;<\/p>\n","protected":false},"excerpt":{"rendered":"<p>El sector servicios registr\u00f3 en agosto un aumento medio anual de su facturaci\u00f3n del 6% en Asturias, donde el empleo registr\u00f3 el menor crecimiento de todas las comunidades con s\u00f3lo un 0,9%, seg\u00fan datos provisionales difundidos este lunes por el Instituto Nacional de Estad\u00edstica (INE). As\u00ed, el repunte del 6,0% en la facturaci\u00f3n experimentado por<\/p>\n","protected":false},"author":1,"featured_media":83231,"comment_status":"open","ping_status":"closed","sticky":false,"template":"","format":"standard","meta":{"footnotes":""},"categories":[224],"tags":[],"class_list":{"0":"post-83230","1":"post","2":"type-post","3":"status-publish","4":"format-standard","5":"has-post-thumbnail","7":"category-noticias-actualidad"},"aioseo_notices":[],"aioseo_head":"\n\t\t<!-- All in One SEO Pro 4.9.6.1 - aioseo.com -->\n\t<meta name=\"description\" content=\"El sector servicios registr\u00f3 en agosto un aumento medio anual de su facturaci\u00f3n del 6% en Asturias, donde el empleo registr\u00f3 el menor crecimiento de todas las comunidades con s\u00f3lo un 0,9%, seg\u00fan datos provisionales difundidos este lunes por el Instituto Nacional de Estad\u00edstica (INE). As\u00ed, el repunte del 6,0% en la facturaci\u00f3n experimentado por\" \/>\n\t<meta name=\"robots\" content=\"max-image-preview:large\" \/>\n\t<meta name=\"author\" content=\"admin\"\/>\n\t<meta name=\"google-site-verification\" content=\"UA-38556648-1\" \/>\n\t<meta name=\"keywords\" content=\"noticias y actualidad\" \/>\n\t<link rel=\"canonical\" href=\"https:\/\/eldigitaldeasturias.com\/magazine365\/el-sector-servicios-aumenta-sus-ventas-un-6-anual-en-agosto-en-asturias\/\" \/>\n\t<meta name=\"generator\" content=\"All in One SEO Pro (AIOSEO) 4.9.6.1\" \/>\n\t\t<meta property=\"og:locale\" content=\"es_ES\" \/>\n\t\t<meta property=\"og:site_name\" content=\"El Digital de Asturias \u2013 Revista de ocio, turismo y estilo de vida\" \/>\n\t\t<meta property=\"og:type\" content=\"article\" \/>\n\t\t<meta property=\"og:title\" content=\"El sector servicios aumenta sus ventas un 6% anual en agosto en Asturias | El Digital de Asturias\" \/>\n\t\t<meta property=\"og:description\" content=\"El sector servicios registr\u00f3 en agosto un aumento medio anual de su facturaci\u00f3n del 6% en Asturias, donde el empleo registr\u00f3 el menor crecimiento de todas las comunidades con s\u00f3lo un 0,9%, seg\u00fan datos provisionales difundidos este lunes por el Instituto Nacional de Estad\u00edstica (INE). As\u00ed, el repunte del 6,0% en la facturaci\u00f3n experimentado por\" \/>\n\t\t<meta property=\"og:url\" content=\"https:\/\/eldigitaldeasturias.com\/magazine365\/el-sector-servicios-aumenta-sus-ventas-un-6-anual-en-agosto-en-asturias\/\" \/>\n\t\t<meta property=\"og:image\" content=\"https:\/\/eldigitaldeasturias.com\/magazine365\/wp-content\/uploads\/2016\/10\/fotonoticia_20161024150412_800.jpg\" \/>\n\t\t<meta property=\"og:image:secure_url\" content=\"https:\/\/eldigitaldeasturias.com\/magazine365\/wp-content\/uploads\/2016\/10\/fotonoticia_20161024150412_800.jpg\" \/>\n\t\t<meta property=\"og:image:width\" content=\"800\" \/>\n\t\t<meta property=\"og:image:height\" content=\"533\" \/>\n\t\t<meta property=\"article:published_time\" content=\"2016-10-31T03:09:12+00:00\" \/>\n\t\t<meta property=\"article:modified_time\" content=\"2016-10-31T03:09:12+00:00\" \/>\n\t\t<meta name=\"twitter:card\" content=\"summary_large_image\" \/>\n\t\t<meta name=\"twitter:title\" content=\"El sector servicios aumenta sus ventas un 6% anual en agosto en Asturias | El Digital de Asturias\" \/>\n\t\t<meta name=\"twitter:description\" content=\"El sector servicios registr\u00f3 en agosto un aumento medio anual de su facturaci\u00f3n del 6% en Asturias, donde el empleo registr\u00f3 el menor crecimiento de todas las comunidades con s\u00f3lo un 0,9%, seg\u00fan datos provisionales difundidos este lunes por el Instituto Nacional de Estad\u00edstica (INE). As\u00ed, el repunte del 6,0% en la facturaci\u00f3n experimentado por\" \/>\n\t\t<meta name=\"twitter:image\" content=\"https:\/\/eldigitaldeasturias.com\/magazine365\/wp-content\/uploads\/2016\/10\/fotonoticia_20161024150412_800.jpg\" \/>\n\t\t<script type=\"application\/ld+json\" class=\"aioseo-schema\">\n\t\t\t{\"@context\":\"https:\\\/\\\/schema.org\",\"@graph\":[{\"@type\":\"Article\",\"@id\":\"https:\\\/\\\/eldigitaldeasturias.com\\\/magazine365\\\/el-sector-servicios-aumenta-sus-ventas-un-6-anual-en-agosto-en-asturias\\\/#article\",\"name\":\"El sector servicios aumenta sus ventas un 6% anual en agosto en Asturias | El Digital de Asturias\",\"headline\":\"El sector servicios aumenta sus ventas un 6% anual en agosto en Asturias\",\"author\":{\"@id\":\"https:\\\/\\\/eldigitaldeasturias.com\\\/magazine365\\\/author\\\/admin\\\/#author\"},\"publisher\":{\"@id\":\"https:\\\/\\\/eldigitaldeasturias.com\\\/magazine365\\\/#organization\"},\"image\":{\"@type\":\"ImageObject\",\"url\":\"https:\\\/\\\/eldigitaldeasturias.com\\\/magazine365\\\/wp-content\\\/uploads\\\/2016\\\/10\\\/fotonoticia_20161024150412_800.jpg\",\"width\":800,\"height\":533},\"datePublished\":\"2016-10-31T04:09:12+01:00\",\"dateModified\":\"2016-10-31T04:09:12+01:00\",\"inLanguage\":\"es-ES\",\"mainEntityOfPage\":{\"@id\":\"https:\\\/\\\/eldigitaldeasturias.com\\\/magazine365\\\/el-sector-servicios-aumenta-sus-ventas-un-6-anual-en-agosto-en-asturias\\\/#webpage\"},\"isPartOf\":{\"@id\":\"https:\\\/\\\/eldigitaldeasturias.com\\\/magazine365\\\/el-sector-servicios-aumenta-sus-ventas-un-6-anual-en-agosto-en-asturias\\\/#webpage\"},\"articleSection\":\"Noticias y Actualidad\"},{\"@type\":\"BreadcrumbList\",\"@id\":\"https:\\\/\\\/eldigitaldeasturias.com\\\/magazine365\\\/el-sector-servicios-aumenta-sus-ventas-un-6-anual-en-agosto-en-asturias\\\/#breadcrumblist\",\"itemListElement\":[{\"@type\":\"ListItem\",\"@id\":\"https:\\\/\\\/eldigitaldeasturias.com\\\/magazine365#listItem\",\"position\":1,\"name\":\"Home\",\"item\":\"https:\\\/\\\/eldigitaldeasturias.com\\\/magazine365\",\"nextItem\":{\"@type\":\"ListItem\",\"@id\":\"https:\\\/\\\/eldigitaldeasturias.com\\\/magazine365\\\/category\\\/noticias-actualidad\\\/#listItem\",\"name\":\"Noticias y Actualidad\"}},{\"@type\":\"ListItem\",\"@id\":\"https:\\\/\\\/eldigitaldeasturias.com\\\/magazine365\\\/category\\\/noticias-actualidad\\\/#listItem\",\"position\":2,\"name\":\"Noticias y Actualidad\",\"item\":\"https:\\\/\\\/eldigitaldeasturias.com\\\/magazine365\\\/category\\\/noticias-actualidad\\\/\",\"nextItem\":{\"@type\":\"ListItem\",\"@id\":\"https:\\\/\\\/eldigitaldeasturias.com\\\/magazine365\\\/el-sector-servicios-aumenta-sus-ventas-un-6-anual-en-agosto-en-asturias\\\/#listItem\",\"name\":\"El sector servicios aumenta sus ventas un 6% anual en agosto en Asturias\"},\"previousItem\":{\"@type\":\"ListItem\",\"@id\":\"https:\\\/\\\/eldigitaldeasturias.com\\\/magazine365#listItem\",\"name\":\"Home\"}},{\"@type\":\"ListItem\",\"@id\":\"https:\\\/\\\/eldigitaldeasturias.com\\\/magazine365\\\/el-sector-servicios-aumenta-sus-ventas-un-6-anual-en-agosto-en-asturias\\\/#listItem\",\"position\":3,\"name\":\"El sector servicios aumenta sus ventas un 6% anual en agosto en Asturias\",\"previousItem\":{\"@type\":\"ListItem\",\"@id\":\"https:\\\/\\\/eldigitaldeasturias.com\\\/magazine365\\\/category\\\/noticias-actualidad\\\/#listItem\",\"name\":\"Noticias y Actualidad\"}}]},{\"@type\":\"Organization\",\"@id\":\"https:\\\/\\\/eldigitaldeasturias.com\\\/magazine365\\\/#organization\",\"name\":\"El digital de Asturias\",\"description\":\"Revista de ocio, turismo y estilo de vida\",\"url\":\"https:\\\/\\\/eldigitaldeasturias.com\\\/magazine365\\\/\",\"logo\":{\"@type\":\"ImageObject\",\"url\":\"https:\\\/\\\/www.eldigitaldeasturias.com\\\/noticias\\\/wp-content\\\/uploads\\\/2020\\\/12\\\/EDA.jpg\",\"@id\":\"https:\\\/\\\/eldigitaldeasturias.com\\\/magazine365\\\/el-sector-servicios-aumenta-sus-ventas-un-6-anual-en-agosto-en-asturias\\\/#organizationLogo\"},\"image\":{\"@id\":\"https:\\\/\\\/eldigitaldeasturias.com\\\/magazine365\\\/el-sector-servicios-aumenta-sus-ventas-un-6-anual-en-agosto-en-asturias\\\/#organizationLogo\"}},{\"@type\":\"Person\",\"@id\":\"https:\\\/\\\/eldigitaldeasturias.com\\\/magazine365\\\/author\\\/admin\\\/#author\",\"url\":\"https:\\\/\\\/eldigitaldeasturias.com\\\/magazine365\\\/author\\\/admin\\\/\",\"name\":\"admin\",\"image\":{\"@type\":\"ImageObject\",\"@id\":\"https:\\\/\\\/eldigitaldeasturias.com\\\/magazine365\\\/el-sector-servicios-aumenta-sus-ventas-un-6-anual-en-agosto-en-asturias\\\/#authorImage\",\"url\":\"https:\\\/\\\/eldigitaldeasturias.com\\\/magazine365\\\/wp-content\\\/litespeed\\\/avatar\\\/e571bcf59a0edd6fa6838245a470f2fe.jpg?ver=1776969259\",\"width\":96,\"height\":96,\"caption\":\"admin\"}},{\"@type\":\"WebPage\",\"@id\":\"https:\\\/\\\/eldigitaldeasturias.com\\\/magazine365\\\/el-sector-servicios-aumenta-sus-ventas-un-6-anual-en-agosto-en-asturias\\\/#webpage\",\"url\":\"https:\\\/\\\/eldigitaldeasturias.com\\\/magazine365\\\/el-sector-servicios-aumenta-sus-ventas-un-6-anual-en-agosto-en-asturias\\\/\",\"name\":\"El sector servicios aumenta sus ventas un 6% anual en agosto en Asturias | El Digital de Asturias\",\"description\":\"El sector servicios registr\\u00f3 en agosto un aumento medio anual de su facturaci\\u00f3n del 6% en Asturias, donde el empleo registr\\u00f3 el menor crecimiento de todas las comunidades con s\\u00f3lo un 0,9%, seg\\u00fan datos provisionales difundidos este lunes por el Instituto Nacional de Estad\\u00edstica (INE). As\\u00ed, el repunte del 6,0% en la facturaci\\u00f3n experimentado por\",\"inLanguage\":\"es-ES\",\"isPartOf\":{\"@id\":\"https:\\\/\\\/eldigitaldeasturias.com\\\/magazine365\\\/#website\"},\"breadcrumb\":{\"@id\":\"https:\\\/\\\/eldigitaldeasturias.com\\\/magazine365\\\/el-sector-servicios-aumenta-sus-ventas-un-6-anual-en-agosto-en-asturias\\\/#breadcrumblist\"},\"author\":{\"@id\":\"https:\\\/\\\/eldigitaldeasturias.com\\\/magazine365\\\/author\\\/admin\\\/#author\"},\"creator\":{\"@id\":\"https:\\\/\\\/eldigitaldeasturias.com\\\/magazine365\\\/author\\\/admin\\\/#author\"},\"image\":{\"@type\":\"ImageObject\",\"url\":\"https:\\\/\\\/eldigitaldeasturias.com\\\/magazine365\\\/wp-content\\\/uploads\\\/2016\\\/10\\\/fotonoticia_20161024150412_800.jpg\",\"@id\":\"https:\\\/\\\/eldigitaldeasturias.com\\\/magazine365\\\/el-sector-servicios-aumenta-sus-ventas-un-6-anual-en-agosto-en-asturias\\\/#mainImage\",\"width\":800,\"height\":533},\"primaryImageOfPage\":{\"@id\":\"https:\\\/\\\/eldigitaldeasturias.com\\\/magazine365\\\/el-sector-servicios-aumenta-sus-ventas-un-6-anual-en-agosto-en-asturias\\\/#mainImage\"},\"datePublished\":\"2016-10-31T04:09:12+01:00\",\"dateModified\":\"2016-10-31T04:09:12+01:00\"},{\"@type\":\"WebSite\",\"@id\":\"https:\\\/\\\/eldigitaldeasturias.com\\\/magazine365\\\/#website\",\"url\":\"https:\\\/\\\/eldigitaldeasturias.com\\\/magazine365\\\/\",\"name\":\"El Digital de Asturias\",\"description\":\"Revista de ocio, turismo y estilo de vida\",\"inLanguage\":\"es-ES\",\"publisher\":{\"@id\":\"https:\\\/\\\/eldigitaldeasturias.com\\\/magazine365\\\/#organization\"}}]}\n\t\t<\/script>\n\t\t<!-- All in One SEO Pro -->\r\n\t\t<title>El sector servicios aumenta sus ventas un 6% anual en agosto en Asturias | El Digital de Asturias<\/title>\n\n","aioseo_head_json":{"title":"El sector servicios aumenta sus ventas un 6% anual en agosto en Asturias | El Digital de Asturias","description":"El sector servicios registr\u00f3 en agosto un aumento medio anual de su facturaci\u00f3n del 6% en Asturias, donde el empleo registr\u00f3 el menor crecimiento de todas las comunidades con s\u00f3lo un 0,9%, seg\u00fan datos provisionales difundidos este lunes por el Instituto Nacional de Estad\u00edstica (INE). As\u00ed, el repunte del 6,0% en la facturaci\u00f3n experimentado por","canonical_url":"https:\/\/eldigitaldeasturias.com\/magazine365\/el-sector-servicios-aumenta-sus-ventas-un-6-anual-en-agosto-en-asturias\/","robots":"max-image-preview:large","keywords":"noticias y actualidad","webmasterTools":{"google-site-verification":"UA-38556648-1","miscellaneous":""},"schema":{"@context":"https:\/\/schema.org","@graph":[{"@type":"Article","@id":"https:\/\/eldigitaldeasturias.com\/magazine365\/el-sector-servicios-aumenta-sus-ventas-un-6-anual-en-agosto-en-asturias\/#article","name":"El sector servicios aumenta sus ventas un 6% anual en agosto en Asturias | El Digital de Asturias","headline":"El sector servicios aumenta sus ventas un 6% anual en agosto en Asturias","author":{"@id":"https:\/\/eldigitaldeasturias.com\/magazine365\/author\/admin\/#author"},"publisher":{"@id":"https:\/\/eldigitaldeasturias.com\/magazine365\/#organization"},"image":{"@type":"ImageObject","url":"https:\/\/eldigitaldeasturias.com\/magazine365\/wp-content\/uploads\/2016\/10\/fotonoticia_20161024150412_800.jpg","width":800,"height":533},"datePublished":"2016-10-31T04:09:12+01:00","dateModified":"2016-10-31T04:09:12+01:00","inLanguage":"es-ES","mainEntityOfPage":{"@id":"https:\/\/eldigitaldeasturias.com\/magazine365\/el-sector-servicios-aumenta-sus-ventas-un-6-anual-en-agosto-en-asturias\/#webpage"},"isPartOf":{"@id":"https:\/\/eldigitaldeasturias.com\/magazine365\/el-sector-servicios-aumenta-sus-ventas-un-6-anual-en-agosto-en-asturias\/#webpage"},"articleSection":"Noticias y Actualidad"},{"@type":"BreadcrumbList","@id":"https:\/\/eldigitaldeasturias.com\/magazine365\/el-sector-servicios-aumenta-sus-ventas-un-6-anual-en-agosto-en-asturias\/#breadcrumblist","itemListElement":[{"@type":"ListItem","@id":"https:\/\/eldigitaldeasturias.com\/magazine365#listItem","position":1,"name":"Home","item":"https:\/\/eldigitaldeasturias.com\/magazine365","nextItem":{"@type":"ListItem","@id":"https:\/\/eldigitaldeasturias.com\/magazine365\/category\/noticias-actualidad\/#listItem","name":"Noticias y Actualidad"}},{"@type":"ListItem","@id":"https:\/\/eldigitaldeasturias.com\/magazine365\/category\/noticias-actualidad\/#listItem","position":2,"name":"Noticias y Actualidad","item":"https:\/\/eldigitaldeasturias.com\/magazine365\/category\/noticias-actualidad\/","nextItem":{"@type":"ListItem","@id":"https:\/\/eldigitaldeasturias.com\/magazine365\/el-sector-servicios-aumenta-sus-ventas-un-6-anual-en-agosto-en-asturias\/#listItem","name":"El sector servicios aumenta sus ventas un 6% anual en agosto en Asturias"},"previousItem":{"@type":"ListItem","@id":"https:\/\/eldigitaldeasturias.com\/magazine365#listItem","name":"Home"}},{"@type":"ListItem","@id":"https:\/\/eldigitaldeasturias.com\/magazine365\/el-sector-servicios-aumenta-sus-ventas-un-6-anual-en-agosto-en-asturias\/#listItem","position":3,"name":"El sector servicios aumenta sus ventas un 6% anual en agosto en Asturias","previousItem":{"@type":"ListItem","@id":"https:\/\/eldigitaldeasturias.com\/magazine365\/category\/noticias-actualidad\/#listItem","name":"Noticias y Actualidad"}}]},{"@type":"Organization","@id":"https:\/\/eldigitaldeasturias.com\/magazine365\/#organization","name":"El digital de Asturias","description":"Revista de ocio, turismo y estilo de vida","url":"https:\/\/eldigitaldeasturias.com\/magazine365\/","logo":{"@type":"ImageObject","url":"https:\/\/www.eldigitaldeasturias.com\/noticias\/wp-content\/uploads\/2020\/12\/EDA.jpg","@id":"https:\/\/eldigitaldeasturias.com\/magazine365\/el-sector-servicios-aumenta-sus-ventas-un-6-anual-en-agosto-en-asturias\/#organizationLogo"},"image":{"@id":"https:\/\/eldigitaldeasturias.com\/magazine365\/el-sector-servicios-aumenta-sus-ventas-un-6-anual-en-agosto-en-asturias\/#organizationLogo"}},{"@type":"Person","@id":"https:\/\/eldigitaldeasturias.com\/magazine365\/author\/admin\/#author","url":"https:\/\/eldigitaldeasturias.com\/magazine365\/author\/admin\/","name":"admin","image":{"@type":"ImageObject","@id":"https:\/\/eldigitaldeasturias.com\/magazine365\/el-sector-servicios-aumenta-sus-ventas-un-6-anual-en-agosto-en-asturias\/#authorImage","url":"https:\/\/eldigitaldeasturias.com\/magazine365\/wp-content\/litespeed\/avatar\/e571bcf59a0edd6fa6838245a470f2fe.jpg?ver=1776969259","width":96,"height":96,"caption":"admin"}},{"@type":"WebPage","@id":"https:\/\/eldigitaldeasturias.com\/magazine365\/el-sector-servicios-aumenta-sus-ventas-un-6-anual-en-agosto-en-asturias\/#webpage","url":"https:\/\/eldigitaldeasturias.com\/magazine365\/el-sector-servicios-aumenta-sus-ventas-un-6-anual-en-agosto-en-asturias\/","name":"El sector servicios aumenta sus ventas un 6% anual en agosto en Asturias | El Digital de Asturias","description":"El sector servicios registr\u00f3 en agosto un aumento medio anual de su facturaci\u00f3n del 6% en Asturias, donde el empleo registr\u00f3 el menor crecimiento de todas las comunidades con s\u00f3lo un 0,9%, seg\u00fan datos provisionales difundidos este lunes por el Instituto Nacional de Estad\u00edstica (INE). As\u00ed, el repunte del 6,0% en la facturaci\u00f3n experimentado por","inLanguage":"es-ES","isPartOf":{"@id":"https:\/\/eldigitaldeasturias.com\/magazine365\/#website"},"breadcrumb":{"@id":"https:\/\/eldigitaldeasturias.com\/magazine365\/el-sector-servicios-aumenta-sus-ventas-un-6-anual-en-agosto-en-asturias\/#breadcrumblist"},"author":{"@id":"https:\/\/eldigitaldeasturias.com\/magazine365\/author\/admin\/#author"},"creator":{"@id":"https:\/\/eldigitaldeasturias.com\/magazine365\/author\/admin\/#author"},"image":{"@type":"ImageObject","url":"https:\/\/eldigitaldeasturias.com\/magazine365\/wp-content\/uploads\/2016\/10\/fotonoticia_20161024150412_800.jpg","@id":"https:\/\/eldigitaldeasturias.com\/magazine365\/el-sector-servicios-aumenta-sus-ventas-un-6-anual-en-agosto-en-asturias\/#mainImage","width":800,"height":533},"primaryImageOfPage":{"@id":"https:\/\/eldigitaldeasturias.com\/magazine365\/el-sector-servicios-aumenta-sus-ventas-un-6-anual-en-agosto-en-asturias\/#mainImage"},"datePublished":"2016-10-31T04:09:12+01:00","dateModified":"2016-10-31T04:09:12+01:00"},{"@type":"WebSite","@id":"https:\/\/eldigitaldeasturias.com\/magazine365\/#website","url":"https:\/\/eldigitaldeasturias.com\/magazine365\/","name":"El Digital de Asturias","description":"Revista de ocio, turismo y estilo de vida","inLanguage":"es-ES","publisher":{"@id":"https:\/\/eldigitaldeasturias.com\/magazine365\/#organization"}}]},"og:locale":"es_ES","og:site_name":"El Digital de Asturias \u2013 Revista de ocio, turismo y estilo de vida","og:type":"article","og:title":"El sector servicios aumenta sus ventas un 6% anual en agosto en Asturias | El Digital de Asturias","og:description":"El sector servicios registr\u00f3 en agosto un aumento medio anual de su facturaci\u00f3n del 6% en Asturias, donde el empleo registr\u00f3 el menor crecimiento de todas las comunidades con s\u00f3lo un 0,9%, seg\u00fan datos provisionales difundidos este lunes por el Instituto Nacional de Estad\u00edstica (INE). As\u00ed, el repunte del 6,0% en la facturaci\u00f3n experimentado por","og:url":"https:\/\/eldigitaldeasturias.com\/magazine365\/el-sector-servicios-aumenta-sus-ventas-un-6-anual-en-agosto-en-asturias\/","og:image":"https:\/\/eldigitaldeasturias.com\/magazine365\/wp-content\/uploads\/2016\/10\/fotonoticia_20161024150412_800.jpg","og:image:secure_url":"https:\/\/eldigitaldeasturias.com\/magazine365\/wp-content\/uploads\/2016\/10\/fotonoticia_20161024150412_800.jpg","og:image:width":800,"og:image:height":533,"article:published_time":"2016-10-31T03:09:12+00:00","article:modified_time":"2016-10-31T03:09:12+00:00","twitter:card":"summary_large_image","twitter:title":"El sector servicios aumenta sus ventas un 6% anual en agosto en Asturias | El Digital de Asturias","twitter:description":"El sector servicios registr\u00f3 en agosto un aumento medio anual de su facturaci\u00f3n del 6% en Asturias, donde el empleo registr\u00f3 el menor crecimiento de todas las comunidades con s\u00f3lo un 0,9%, seg\u00fan datos provisionales difundidos este lunes por el Instituto Nacional de Estad\u00edstica (INE). As\u00ed, el repunte del 6,0% en la facturaci\u00f3n experimentado por","twitter:image":"https:\/\/eldigitaldeasturias.com\/magazine365\/wp-content\/uploads\/2016\/10\/fotonoticia_20161024150412_800.jpg"},"aioseo_meta_data":{"post_id":"83230","title":null,"description":null,"keywords":null,"keyphrases":null,"primary_term":null,"canonical_url":null,"og_title":null,"og_description":null,"og_object_type":"default","og_image_type":"default","og_image_url":null,"og_image_width":null,"og_image_height":null,"og_image_custom_url":null,"og_image_custom_fields":null,"og_video":null,"og_custom_url":null,"og_article_section":null,"og_article_tags":null,"twitter_use_og":false,"twitter_card":"default","twitter_image_type":"default","twitter_image_url":null,"twitter_image_custom_url":null,"twitter_image_custom_fields":null,"twitter_title":null,"twitter_description":null,"schema":{"blockGraphs":[],"customGraphs":[],"default":{"data":{"Article":[],"Course":[],"Dataset":[],"FAQPage":[],"Movie":[],"Person":[],"Product":[],"ProductReview":[],"Car":[],"Recipe":[],"Service":[],"SoftwareApplication":[],"WebPage":[]},"graphName":"","isEnabled":true},"graphs":[],"defaultGraph":"","defaultPostTypeGraph":""},"schema_type":null,"schema_type_options":null,"pillar_content":false,"robots_default":true,"robots_noindex":false,"robots_noarchive":false,"robots_nosnippet":false,"robots_nofollow":false,"robots_noimageindex":false,"robots_noodp":false,"robots_notranslate":false,"robots_max_snippet":null,"robots_max_videopreview":null,"robots_max_imagepreview":"large","priority":null,"frequency":null,"location":null,"local_seo":null,"seo_analyzer_scan_date":"2025-09-28 02:35:31","breadcrumb_settings":null,"limit_modified_date":false,"open_ai":null,"ai":null,"created":"2020-12-21 15:30:05","updated":"2025-09-28 02:35:31"},"aioseo_breadcrumb":"<div class=\"aioseo-breadcrumbs\"><span class=\"aioseo-breadcrumb\">\n\t<a href=\"https:\/\/eldigitaldeasturias.com\/magazine365\" title=\"Home\">Home<\/a>\n<\/span><span class=\"aioseo-breadcrumb-separator\">\u2013<\/span><span class=\"aioseo-breadcrumb\">\n\t<a href=\"https:\/\/eldigitaldeasturias.com\/magazine365\/category\/noticias-actualidad\/\" title=\"Noticias y Actualidad\">Noticias y Actualidad<\/a>\n<\/span><span class=\"aioseo-breadcrumb-separator\">\u2013<\/span><span class=\"aioseo-breadcrumb\">\n\t<a href=\"https:\/\/eldigitaldeasturias.com\/magazine365\/el-sector-servicios-aumenta-sus-ventas-un-6-anual-en-agosto-en-asturias\/\" title=\"El sector servicios aumenta sus ventas un 6% anual en agosto en Asturias\">El sector servicios aumenta sus ventas un 6% anual en agosto en Asturias<\/a>\n<\/span><\/div>","aioseo_breadcrumb_json":[{"label":"Home","link":"https:\/\/eldigitaldeasturias.com\/magazine365"},{"label":"Noticias y Actualidad","link":"https:\/\/eldigitaldeasturias.com\/magazine365\/category\/noticias-actualidad\/"},{"label":"El sector servicios aumenta sus ventas un 6% anual en agosto en Asturias","link":"https:\/\/eldigitaldeasturias.com\/magazine365\/el-sector-servicios-aumenta-sus-ventas-un-6-anual-en-agosto-en-asturias\/"}],"_links":{"self":[{"href":"https:\/\/eldigitaldeasturias.com\/magazine365\/wp-json\/wp\/v2\/posts\/83230","targetHints":{"allow":["GET"]}}],"collection":[{"href":"https:\/\/eldigitaldeasturias.com\/magazine365\/wp-json\/wp\/v2\/posts"}],"about":[{"href":"https:\/\/eldigitaldeasturias.com\/magazine365\/wp-json\/wp\/v2\/types\/post"}],"author":[{"embeddable":true,"href":"https:\/\/eldigitaldeasturias.com\/magazine365\/wp-json\/wp\/v2\/users\/1"}],"replies":[{"embeddable":true,"href":"https:\/\/eldigitaldeasturias.com\/magazine365\/wp-json\/wp\/v2\/comments?post=83230"}],"version-history":[{"count":0,"href":"https:\/\/eldigitaldeasturias.com\/magazine365\/wp-json\/wp\/v2\/posts\/83230\/revisions"}],"wp:featuredmedia":[{"embeddable":true,"href":"https:\/\/eldigitaldeasturias.com\/magazine365\/wp-json\/wp\/v2\/media\/83231"}],"wp:attachment":[{"href":"https:\/\/eldigitaldeasturias.com\/magazine365\/wp-json\/wp\/v2\/media?parent=83230"}],"wp:term":[{"taxonomy":"category","embeddable":true,"href":"https:\/\/eldigitaldeasturias.com\/magazine365\/wp-json\/wp\/v2\/categories?post=83230"},{"taxonomy":"post_tag","embeddable":true,"href":"https:\/\/eldigitaldeasturias.com\/magazine365\/wp-json\/wp\/v2\/tags?post=83230"}],"curies":[{"name":"wp","href":"https:\/\/api.w.org\/{rel}","templated":true}]}}