{"id":83224,"date":"2016-10-31T04:05:32","date_gmt":"2016-10-31T03:05:32","guid":{"rendered":"http:\/\/eldigitaldeasturias.com\/magazine365\/?p=83224"},"modified":"2016-10-31T04:05:32","modified_gmt":"2016-10-31T03:05:32","slug":"la-campana-de-navidad-de-este-ano-sera-la-mejor-de-la-historia","status":"publish","type":"post","link":"https:\/\/eldigitaldeasturias.com\/magazine365\/la-campana-de-navidad-de-este-ano-sera-la-mejor-de-la-historia\/","title":{"rendered":"La campa\u00f1a de Navidad de este a\u00f1o ser\u00e1 la mejor de la historia"},"content":{"rendered":"<p><img fetchpriority=\"high\" decoding=\"async\" class=\"alignleft size-medium wp-image-83225\" src=\"https:\/\/eldigitaldeasturias.com\/magazine365\/wp-content\/uploads\/2016\/10\/fotonoticia_20161024101647_800-360x256.jpg\" alt=\"fotonoticia_20161024101647_800\" width=\"360\" height=\"256\" srcset=\"https:\/\/eldigitaldeasturias.com\/magazine365\/wp-content\/uploads\/2016\/10\/fotonoticia_20161024101647_800-360x256.jpg 360w, https:\/\/eldigitaldeasturias.com\/magazine365\/wp-content\/uploads\/2016\/10\/fotonoticia_20161024101647_800-650x462.jpg 650w, https:\/\/eldigitaldeasturias.com\/magazine365\/wp-content\/uploads\/2016\/10\/fotonoticia_20161024101647_800-768x545.jpg 768w, https:\/\/eldigitaldeasturias.com\/magazine365\/wp-content\/uploads\/2016\/10\/fotonoticia_20161024101647_800-150x107.jpg 150w, https:\/\/eldigitaldeasturias.com\/magazine365\/wp-content\/uploads\/2016\/10\/fotonoticia_20161024101647_800-450x320.jpg 450w, https:\/\/eldigitaldeasturias.com\/magazine365\/wp-content\/uploads\/2016\/10\/fotonoticia_20161024101647_800.jpg 800w\" sizes=\"(max-width: 360px) 100vw, 360px\" \/>La campa\u00f1a de Navidad de este a\u00f1o ser\u00e1 la mejor de la historia de Espa\u00f1a, con 338.300 contratos previstos, un 11,5% m\u00e1s que en 2015, gracias a la mejora del consumo interno y del negocio empresarial, seg\u00fan las previsiones del grupo de recursos humanos Randstad. De ellos 4.600 se prev\u00e9n en Asturias.<\/p>\n<p>Ante los picos de producci\u00f3n que se producen en esta \u00e9poca del a\u00f1o, las empresas refuerzan sus plantillas con contrataciones temporales que comienzan a realizarse en el mes de noviembre y se alargan hasta finales de enero, enlazando con la campa\u00f1a de rebajas.<\/p>\n<p>Con la de 2016, ya son cuatro las campa\u00f1as de Navidad consecutivas en las que la contrataci\u00f3n aumenta por encima de los dos d\u00edgitos. El n\u00famero de contratos que se efectuar\u00e1 este a\u00f1o supera en un 68% al de 2012, cuando apenas se realizaron 201.000 contratos en fechas navide\u00f1as.<\/p>\n<p>\u00abLos contratos de duraci\u00f3n determinada constituyen la soluci\u00f3n adecuada tanto para las empresas, que necesitan incrementar su producci\u00f3n ante el aumento de la demanda, como para los trabajadores, ya que suponen una oportunidad id\u00f3nea para aumentar su empleabilidad y allanan el camino hacia el empleo estable\u00bb, ha destacado el director de Relaciones Institucionales de Randstad, Luis P\u00e9rez.<\/p>\n<p>Para diez de las diecisiete comunidades aut\u00f3nomas la de este a\u00f1o ser\u00e1 la mejor campa\u00f1a de Navidad de su historia y para el resto ser\u00e1 segunda mejor, s\u00f3lo superada por la de 2007.<\/p>\n<p>Catalu\u00f1a ser\u00e1 la regi\u00f3n que efectuar\u00e1 m\u00e1s contratos esta Navidad, con 60.650, un 11,3% m\u00e1s que en 2015. Le siguen Madrid, con 50.100 contratos (+12,3%); Murcia, con 44.650 (+5,2%), y Comunidad Valenciana, con 41.400 contratos (+3,8%). En estas cuatro regiones se realizar\u00e1n casi seis de cada diez contratos de los previstos para esta Navidad.<\/p>\n<p>Les siguen Andaluc\u00eda, con 36.100 contratos (+24,1%); Pa\u00eds Vasco (16.800 contratos, +14,4%); Castilla y Le\u00f3n (16.125 contratos, +8,8%); Galicia (13.300 contratos, +15%); Arag\u00f3n (12.750, +16,9%); Canarias (11.725, +15,5%); Navarra (10.150, +9,5%); Castilla-La Mancha (9.150, +12,6%); Cantabria (4.650, +31,2%); Asturias (4.600, +12,2%); La Rioja (2.775, +2,7%); Baleares (2.250, +16,6%), y Extremadura (1.125, +9,9%).<\/p>\n<p>Cantabria, Andaluc\u00eda y Arag\u00f3n ser\u00e1n las comunidades que registrar\u00e1n los mayores incrementos de la contrataci\u00f3n respecto a la campa\u00f1a de 2015, seguidas de las comunidades insulares, mientras que en el lado contrario se sit\u00faan La Rioja, Murcia y Comunidad Valenciana, con repuntes de entre el 2,5% y el 6%.<\/p>\n<p>EMPAQUETADORES Y DEPENDIENTES, ENTRE LOS PERFILES M\u00c1S BUSCADOS.<\/p>\n<p>Comercio, hosteler\u00eda y transporte y log\u00edstica ser\u00e1n los sectores que generar\u00e1n m\u00e1s puestos de trabajo esta Navidad. Dentro del comercio, el electr\u00f3nico, en progresi\u00f3n constante, ofrecer\u00e1 en estas fechas oportunidades de empleo en puestos como empaquetadores, carretilleros, mozos de almac\u00e9n, transportistas, teleoperadores y profesionales de atenci\u00f3n al cliente, perfiles cada vez m\u00e1s demandados.<\/p>\n<p>Pero a pesar del auge del comercio electr\u00f3nico, Randstad subraya que el comercio tradicional seguir\u00e1 siendo el principal impulsor del empleo en estas fechas. As\u00ed, supermercados y grandes superficies reforzar\u00e1n sus plantillas ante el aumento de consumidores y para realizar promociones, presentaciones y eventos. Para ello buscar\u00e1n dependientes, promotores, azafatos y perfiles comerciales, principalmente.<\/p>\n<p>El aumento del turismo es otro de los principales est\u00edmulos para el mercado laboral durante la campa\u00f1a navide\u00f1a. La mayor ocupaci\u00f3n hotelera prevista en estas fechas generar\u00e1 oportunidades de empleo para recepcionistas, camareros de piso y animadores de fiestas.<\/p>\n<p>La restauraci\u00f3n tambi\u00e9n es una actividad esencial durante esta \u00e9poca, principalmente por los eventos sociales, como comidas y cenas, bien sean de empresa o de amigos y familiares. En este apartado, bares, restaurantes y salas de fiesta buscar\u00e1n cocineros, ayudantes y camareros para satisfacer el aumento de la demanda.<\/p>\n<p>J\u00d3VENES Y MAYORES, A POR UN EMPLEO NAVIDE\u00d1O.<\/p>\n<p>Seg\u00fan Randstad, hasta 2007, el perfil del candidato que buscaba un empleo navide\u00f1o se correspond\u00eda con el de un profesional joven, que se encontraba estudiando y quer\u00eda tener su primer contacto con el mercado laboral.<\/p>\n<p>No obstante, a lo largo de la \u00faltima d\u00e9cada, este perfil se ha ido ampliando y ahora tambi\u00e9n buscan empleo en estas fechas personas de mayor edad, con experiencia previa, que quieren volver a acceder al mercado laboral de forma activa.<\/p>\n<p>\u00abLa experiencia previa supone un valor a\u00f1adido, pero no es el \u00fanico requisito. En un entorno altamente competitivo, las compa\u00f1\u00edas buscan la fidelizaci\u00f3n de los consumidores. Para ello, demandan profesionales con perfiles con orientaci\u00f3n comercial y de atenci\u00f3n al cliente\u00bb, explican desde Randstad.<\/p>\n<p>&nbsp;<\/p>\n","protected":false},"excerpt":{"rendered":"<p>La campa\u00f1a de Navidad de este a\u00f1o ser\u00e1 la mejor de la historia de Espa\u00f1a, con 338.300 contratos previstos, un 11,5% m\u00e1s que en 2015, gracias a la mejora del consumo interno y del negocio empresarial, seg\u00fan las previsiones del grupo de recursos humanos Randstad. De ellos 4.600 se prev\u00e9n en Asturias. Ante los picos<\/p>\n","protected":false},"author":1,"featured_media":83225,"comment_status":"open","ping_status":"closed","sticky":false,"template":"","format":"standard","meta":{"footnotes":""},"categories":[224],"tags":[],"class_list":{"0":"post-83224","1":"post","2":"type-post","3":"status-publish","4":"format-standard","5":"has-post-thumbnail","7":"category-noticias-actualidad"},"aioseo_notices":[],"aioseo_head":"\n\t\t<!-- All in One SEO Pro 4.9.6.1 - aioseo.com -->\n\t<meta name=\"description\" content=\"La campa\u00f1a de Navidad de este a\u00f1o ser\u00e1 la mejor de la historia de Espa\u00f1a, con 338.300 contratos previstos, un 11,5% m\u00e1s que en 2015, gracias a la mejora del consumo interno y del negocio empresarial, seg\u00fan las previsiones del grupo de recursos humanos Randstad. De ellos 4.600 se prev\u00e9n en Asturias. Ante los picos\" \/>\n\t<meta name=\"robots\" content=\"max-image-preview:large\" \/>\n\t<meta name=\"author\" content=\"admin\"\/>\n\t<meta name=\"google-site-verification\" content=\"UA-38556648-1\" \/>\n\t<meta name=\"keywords\" content=\"noticias y actualidad\" \/>\n\t<link rel=\"canonical\" href=\"https:\/\/eldigitaldeasturias.com\/magazine365\/la-campana-de-navidad-de-este-ano-sera-la-mejor-de-la-historia\/\" \/>\n\t<meta name=\"generator\" content=\"All in One SEO Pro (AIOSEO) 4.9.6.1\" \/>\n\t\t<meta property=\"og:locale\" content=\"es_ES\" \/>\n\t\t<meta property=\"og:site_name\" content=\"El Digital de Asturias \u2013 Revista de ocio, turismo y estilo de vida\" \/>\n\t\t<meta property=\"og:type\" content=\"article\" \/>\n\t\t<meta property=\"og:title\" content=\"La campa\u00f1a de Navidad de este a\u00f1o ser\u00e1 la mejor de la historia | El Digital de Asturias\" \/>\n\t\t<meta property=\"og:description\" content=\"La campa\u00f1a de Navidad de este a\u00f1o ser\u00e1 la mejor de la historia de Espa\u00f1a, con 338.300 contratos previstos, un 11,5% m\u00e1s que en 2015, gracias a la mejora del consumo interno y del negocio empresarial, seg\u00fan las previsiones del grupo de recursos humanos Randstad. De ellos 4.600 se prev\u00e9n en Asturias. Ante los picos\" \/>\n\t\t<meta property=\"og:url\" content=\"https:\/\/eldigitaldeasturias.com\/magazine365\/la-campana-de-navidad-de-este-ano-sera-la-mejor-de-la-historia\/\" \/>\n\t\t<meta property=\"og:image\" content=\"https:\/\/eldigitaldeasturias.com\/magazine365\/wp-content\/uploads\/2016\/10\/fotonoticia_20161024101647_800.jpg\" \/>\n\t\t<meta property=\"og:image:secure_url\" content=\"https:\/\/eldigitaldeasturias.com\/magazine365\/wp-content\/uploads\/2016\/10\/fotonoticia_20161024101647_800.jpg\" \/>\n\t\t<meta property=\"og:image:width\" content=\"800\" \/>\n\t\t<meta property=\"og:image:height\" content=\"568\" \/>\n\t\t<meta property=\"article:published_time\" content=\"2016-10-31T03:05:32+00:00\" \/>\n\t\t<meta property=\"article:modified_time\" content=\"2016-10-31T03:05:32+00:00\" \/>\n\t\t<meta name=\"twitter:card\" content=\"summary_large_image\" \/>\n\t\t<meta name=\"twitter:title\" content=\"La campa\u00f1a de Navidad de este a\u00f1o ser\u00e1 la mejor de la historia | El Digital de Asturias\" \/>\n\t\t<meta name=\"twitter:description\" content=\"La campa\u00f1a de Navidad de este a\u00f1o ser\u00e1 la mejor de la historia de Espa\u00f1a, con 338.300 contratos previstos, un 11,5% m\u00e1s que en 2015, gracias a la mejora del consumo interno y del negocio empresarial, seg\u00fan las previsiones del grupo de recursos humanos Randstad. De ellos 4.600 se prev\u00e9n en Asturias. Ante los picos\" \/>\n\t\t<meta name=\"twitter:image\" content=\"https:\/\/eldigitaldeasturias.com\/magazine365\/wp-content\/uploads\/2016\/10\/fotonoticia_20161024101647_800.jpg\" \/>\n\t\t<script type=\"application\/ld+json\" class=\"aioseo-schema\">\n\t\t\t{\"@context\":\"https:\\\/\\\/schema.org\",\"@graph\":[{\"@type\":\"Article\",\"@id\":\"https:\\\/\\\/eldigitaldeasturias.com\\\/magazine365\\\/la-campana-de-navidad-de-este-ano-sera-la-mejor-de-la-historia\\\/#article\",\"name\":\"La campa\\u00f1a de Navidad de este a\\u00f1o ser\\u00e1 la mejor de la historia | El Digital de Asturias\",\"headline\":\"La campa\\u00f1a de Navidad de este a\\u00f1o ser\\u00e1 la mejor de la historia\",\"author\":{\"@id\":\"https:\\\/\\\/eldigitaldeasturias.com\\\/magazine365\\\/author\\\/admin\\\/#author\"},\"publisher\":{\"@id\":\"https:\\\/\\\/eldigitaldeasturias.com\\\/magazine365\\\/#organization\"},\"image\":{\"@type\":\"ImageObject\",\"url\":\"https:\\\/\\\/eldigitaldeasturias.com\\\/magazine365\\\/wp-content\\\/uploads\\\/2016\\\/10\\\/fotonoticia_20161024101647_800.jpg\",\"width\":800,\"height\":568},\"datePublished\":\"2016-10-31T04:05:32+01:00\",\"dateModified\":\"2016-10-31T04:05:32+01:00\",\"inLanguage\":\"es-ES\",\"mainEntityOfPage\":{\"@id\":\"https:\\\/\\\/eldigitaldeasturias.com\\\/magazine365\\\/la-campana-de-navidad-de-este-ano-sera-la-mejor-de-la-historia\\\/#webpage\"},\"isPartOf\":{\"@id\":\"https:\\\/\\\/eldigitaldeasturias.com\\\/magazine365\\\/la-campana-de-navidad-de-este-ano-sera-la-mejor-de-la-historia\\\/#webpage\"},\"articleSection\":\"Noticias y Actualidad\"},{\"@type\":\"BreadcrumbList\",\"@id\":\"https:\\\/\\\/eldigitaldeasturias.com\\\/magazine365\\\/la-campana-de-navidad-de-este-ano-sera-la-mejor-de-la-historia\\\/#breadcrumblist\",\"itemListElement\":[{\"@type\":\"ListItem\",\"@id\":\"https:\\\/\\\/eldigitaldeasturias.com\\\/magazine365#listItem\",\"position\":1,\"name\":\"Home\",\"item\":\"https:\\\/\\\/eldigitaldeasturias.com\\\/magazine365\",\"nextItem\":{\"@type\":\"ListItem\",\"@id\":\"https:\\\/\\\/eldigitaldeasturias.com\\\/magazine365\\\/category\\\/noticias-actualidad\\\/#listItem\",\"name\":\"Noticias y Actualidad\"}},{\"@type\":\"ListItem\",\"@id\":\"https:\\\/\\\/eldigitaldeasturias.com\\\/magazine365\\\/category\\\/noticias-actualidad\\\/#listItem\",\"position\":2,\"name\":\"Noticias y Actualidad\",\"item\":\"https:\\\/\\\/eldigitaldeasturias.com\\\/magazine365\\\/category\\\/noticias-actualidad\\\/\",\"nextItem\":{\"@type\":\"ListItem\",\"@id\":\"https:\\\/\\\/eldigitaldeasturias.com\\\/magazine365\\\/la-campana-de-navidad-de-este-ano-sera-la-mejor-de-la-historia\\\/#listItem\",\"name\":\"La campa\\u00f1a de Navidad de este a\\u00f1o ser\\u00e1 la mejor de la historia\"},\"previousItem\":{\"@type\":\"ListItem\",\"@id\":\"https:\\\/\\\/eldigitaldeasturias.com\\\/magazine365#listItem\",\"name\":\"Home\"}},{\"@type\":\"ListItem\",\"@id\":\"https:\\\/\\\/eldigitaldeasturias.com\\\/magazine365\\\/la-campana-de-navidad-de-este-ano-sera-la-mejor-de-la-historia\\\/#listItem\",\"position\":3,\"name\":\"La campa\\u00f1a de Navidad de este a\\u00f1o ser\\u00e1 la mejor de la historia\",\"previousItem\":{\"@type\":\"ListItem\",\"@id\":\"https:\\\/\\\/eldigitaldeasturias.com\\\/magazine365\\\/category\\\/noticias-actualidad\\\/#listItem\",\"name\":\"Noticias y Actualidad\"}}]},{\"@type\":\"Organization\",\"@id\":\"https:\\\/\\\/eldigitaldeasturias.com\\\/magazine365\\\/#organization\",\"name\":\"El digital de Asturias\",\"description\":\"Revista de ocio, turismo y estilo de vida\",\"url\":\"https:\\\/\\\/eldigitaldeasturias.com\\\/magazine365\\\/\",\"logo\":{\"@type\":\"ImageObject\",\"url\":\"https:\\\/\\\/www.eldigitaldeasturias.com\\\/noticias\\\/wp-content\\\/uploads\\\/2020\\\/12\\\/EDA.jpg\",\"@id\":\"https:\\\/\\\/eldigitaldeasturias.com\\\/magazine365\\\/la-campana-de-navidad-de-este-ano-sera-la-mejor-de-la-historia\\\/#organizationLogo\"},\"image\":{\"@id\":\"https:\\\/\\\/eldigitaldeasturias.com\\\/magazine365\\\/la-campana-de-navidad-de-este-ano-sera-la-mejor-de-la-historia\\\/#organizationLogo\"}},{\"@type\":\"Person\",\"@id\":\"https:\\\/\\\/eldigitaldeasturias.com\\\/magazine365\\\/author\\\/admin\\\/#author\",\"url\":\"https:\\\/\\\/eldigitaldeasturias.com\\\/magazine365\\\/author\\\/admin\\\/\",\"name\":\"admin\",\"image\":{\"@type\":\"ImageObject\",\"@id\":\"https:\\\/\\\/eldigitaldeasturias.com\\\/magazine365\\\/la-campana-de-navidad-de-este-ano-sera-la-mejor-de-la-historia\\\/#authorImage\",\"url\":\"https:\\\/\\\/eldigitaldeasturias.com\\\/magazine365\\\/wp-content\\\/litespeed\\\/avatar\\\/e571bcf59a0edd6fa6838245a470f2fe.jpg?ver=1776969259\",\"width\":96,\"height\":96,\"caption\":\"admin\"}},{\"@type\":\"WebPage\",\"@id\":\"https:\\\/\\\/eldigitaldeasturias.com\\\/magazine365\\\/la-campana-de-navidad-de-este-ano-sera-la-mejor-de-la-historia\\\/#webpage\",\"url\":\"https:\\\/\\\/eldigitaldeasturias.com\\\/magazine365\\\/la-campana-de-navidad-de-este-ano-sera-la-mejor-de-la-historia\\\/\",\"name\":\"La campa\\u00f1a de Navidad de este a\\u00f1o ser\\u00e1 la mejor de la historia | El Digital de Asturias\",\"description\":\"La campa\\u00f1a de Navidad de este a\\u00f1o ser\\u00e1 la mejor de la historia de Espa\\u00f1a, con 338.300 contratos previstos, un 11,5% m\\u00e1s que en 2015, gracias a la mejora del consumo interno y del negocio empresarial, seg\\u00fan las previsiones del grupo de recursos humanos Randstad. De ellos 4.600 se prev\\u00e9n en Asturias. Ante los picos\",\"inLanguage\":\"es-ES\",\"isPartOf\":{\"@id\":\"https:\\\/\\\/eldigitaldeasturias.com\\\/magazine365\\\/#website\"},\"breadcrumb\":{\"@id\":\"https:\\\/\\\/eldigitaldeasturias.com\\\/magazine365\\\/la-campana-de-navidad-de-este-ano-sera-la-mejor-de-la-historia\\\/#breadcrumblist\"},\"author\":{\"@id\":\"https:\\\/\\\/eldigitaldeasturias.com\\\/magazine365\\\/author\\\/admin\\\/#author\"},\"creator\":{\"@id\":\"https:\\\/\\\/eldigitaldeasturias.com\\\/magazine365\\\/author\\\/admin\\\/#author\"},\"image\":{\"@type\":\"ImageObject\",\"url\":\"https:\\\/\\\/eldigitaldeasturias.com\\\/magazine365\\\/wp-content\\\/uploads\\\/2016\\\/10\\\/fotonoticia_20161024101647_800.jpg\",\"@id\":\"https:\\\/\\\/eldigitaldeasturias.com\\\/magazine365\\\/la-campana-de-navidad-de-este-ano-sera-la-mejor-de-la-historia\\\/#mainImage\",\"width\":800,\"height\":568},\"primaryImageOfPage\":{\"@id\":\"https:\\\/\\\/eldigitaldeasturias.com\\\/magazine365\\\/la-campana-de-navidad-de-este-ano-sera-la-mejor-de-la-historia\\\/#mainImage\"},\"datePublished\":\"2016-10-31T04:05:32+01:00\",\"dateModified\":\"2016-10-31T04:05:32+01:00\"},{\"@type\":\"WebSite\",\"@id\":\"https:\\\/\\\/eldigitaldeasturias.com\\\/magazine365\\\/#website\",\"url\":\"https:\\\/\\\/eldigitaldeasturias.com\\\/magazine365\\\/\",\"name\":\"El Digital de Asturias\",\"description\":\"Revista de ocio, turismo y estilo de vida\",\"inLanguage\":\"es-ES\",\"publisher\":{\"@id\":\"https:\\\/\\\/eldigitaldeasturias.com\\\/magazine365\\\/#organization\"}}]}\n\t\t<\/script>\n\t\t<!-- All in One SEO Pro -->\r\n\t\t<title>La campa\u00f1a de Navidad de este a\u00f1o ser\u00e1 la mejor de la historia | El Digital de Asturias<\/title>\n\n","aioseo_head_json":{"title":"La campa\u00f1a de Navidad de este a\u00f1o ser\u00e1 la mejor de la historia | El Digital de Asturias","description":"La campa\u00f1a de Navidad de este a\u00f1o ser\u00e1 la mejor de la historia de Espa\u00f1a, con 338.300 contratos previstos, un 11,5% m\u00e1s que en 2015, gracias a la mejora del consumo interno y del negocio empresarial, seg\u00fan las previsiones del grupo de recursos humanos Randstad. De ellos 4.600 se prev\u00e9n en Asturias. Ante los picos","canonical_url":"https:\/\/eldigitaldeasturias.com\/magazine365\/la-campana-de-navidad-de-este-ano-sera-la-mejor-de-la-historia\/","robots":"max-image-preview:large","keywords":"noticias y actualidad","webmasterTools":{"google-site-verification":"UA-38556648-1","miscellaneous":""},"schema":{"@context":"https:\/\/schema.org","@graph":[{"@type":"Article","@id":"https:\/\/eldigitaldeasturias.com\/magazine365\/la-campana-de-navidad-de-este-ano-sera-la-mejor-de-la-historia\/#article","name":"La campa\u00f1a de Navidad de este a\u00f1o ser\u00e1 la mejor de la historia | El Digital de Asturias","headline":"La campa\u00f1a de Navidad de este a\u00f1o ser\u00e1 la mejor de la historia","author":{"@id":"https:\/\/eldigitaldeasturias.com\/magazine365\/author\/admin\/#author"},"publisher":{"@id":"https:\/\/eldigitaldeasturias.com\/magazine365\/#organization"},"image":{"@type":"ImageObject","url":"https:\/\/eldigitaldeasturias.com\/magazine365\/wp-content\/uploads\/2016\/10\/fotonoticia_20161024101647_800.jpg","width":800,"height":568},"datePublished":"2016-10-31T04:05:32+01:00","dateModified":"2016-10-31T04:05:32+01:00","inLanguage":"es-ES","mainEntityOfPage":{"@id":"https:\/\/eldigitaldeasturias.com\/magazine365\/la-campana-de-navidad-de-este-ano-sera-la-mejor-de-la-historia\/#webpage"},"isPartOf":{"@id":"https:\/\/eldigitaldeasturias.com\/magazine365\/la-campana-de-navidad-de-este-ano-sera-la-mejor-de-la-historia\/#webpage"},"articleSection":"Noticias y Actualidad"},{"@type":"BreadcrumbList","@id":"https:\/\/eldigitaldeasturias.com\/magazine365\/la-campana-de-navidad-de-este-ano-sera-la-mejor-de-la-historia\/#breadcrumblist","itemListElement":[{"@type":"ListItem","@id":"https:\/\/eldigitaldeasturias.com\/magazine365#listItem","position":1,"name":"Home","item":"https:\/\/eldigitaldeasturias.com\/magazine365","nextItem":{"@type":"ListItem","@id":"https:\/\/eldigitaldeasturias.com\/magazine365\/category\/noticias-actualidad\/#listItem","name":"Noticias y Actualidad"}},{"@type":"ListItem","@id":"https:\/\/eldigitaldeasturias.com\/magazine365\/category\/noticias-actualidad\/#listItem","position":2,"name":"Noticias y Actualidad","item":"https:\/\/eldigitaldeasturias.com\/magazine365\/category\/noticias-actualidad\/","nextItem":{"@type":"ListItem","@id":"https:\/\/eldigitaldeasturias.com\/magazine365\/la-campana-de-navidad-de-este-ano-sera-la-mejor-de-la-historia\/#listItem","name":"La campa\u00f1a de Navidad de este a\u00f1o ser\u00e1 la mejor de la historia"},"previousItem":{"@type":"ListItem","@id":"https:\/\/eldigitaldeasturias.com\/magazine365#listItem","name":"Home"}},{"@type":"ListItem","@id":"https:\/\/eldigitaldeasturias.com\/magazine365\/la-campana-de-navidad-de-este-ano-sera-la-mejor-de-la-historia\/#listItem","position":3,"name":"La campa\u00f1a de Navidad de este a\u00f1o ser\u00e1 la mejor de la historia","previousItem":{"@type":"ListItem","@id":"https:\/\/eldigitaldeasturias.com\/magazine365\/category\/noticias-actualidad\/#listItem","name":"Noticias y Actualidad"}}]},{"@type":"Organization","@id":"https:\/\/eldigitaldeasturias.com\/magazine365\/#organization","name":"El digital de Asturias","description":"Revista de ocio, turismo y estilo de vida","url":"https:\/\/eldigitaldeasturias.com\/magazine365\/","logo":{"@type":"ImageObject","url":"https:\/\/www.eldigitaldeasturias.com\/noticias\/wp-content\/uploads\/2020\/12\/EDA.jpg","@id":"https:\/\/eldigitaldeasturias.com\/magazine365\/la-campana-de-navidad-de-este-ano-sera-la-mejor-de-la-historia\/#organizationLogo"},"image":{"@id":"https:\/\/eldigitaldeasturias.com\/magazine365\/la-campana-de-navidad-de-este-ano-sera-la-mejor-de-la-historia\/#organizationLogo"}},{"@type":"Person","@id":"https:\/\/eldigitaldeasturias.com\/magazine365\/author\/admin\/#author","url":"https:\/\/eldigitaldeasturias.com\/magazine365\/author\/admin\/","name":"admin","image":{"@type":"ImageObject","@id":"https:\/\/eldigitaldeasturias.com\/magazine365\/la-campana-de-navidad-de-este-ano-sera-la-mejor-de-la-historia\/#authorImage","url":"https:\/\/eldigitaldeasturias.com\/magazine365\/wp-content\/litespeed\/avatar\/e571bcf59a0edd6fa6838245a470f2fe.jpg?ver=1776969259","width":96,"height":96,"caption":"admin"}},{"@type":"WebPage","@id":"https:\/\/eldigitaldeasturias.com\/magazine365\/la-campana-de-navidad-de-este-ano-sera-la-mejor-de-la-historia\/#webpage","url":"https:\/\/eldigitaldeasturias.com\/magazine365\/la-campana-de-navidad-de-este-ano-sera-la-mejor-de-la-historia\/","name":"La campa\u00f1a de Navidad de este a\u00f1o ser\u00e1 la mejor de la historia | El Digital de Asturias","description":"La campa\u00f1a de Navidad de este a\u00f1o ser\u00e1 la mejor de la historia de Espa\u00f1a, con 338.300 contratos previstos, un 11,5% m\u00e1s que en 2015, gracias a la mejora del consumo interno y del negocio empresarial, seg\u00fan las previsiones del grupo de recursos humanos Randstad. De ellos 4.600 se prev\u00e9n en Asturias. Ante los picos","inLanguage":"es-ES","isPartOf":{"@id":"https:\/\/eldigitaldeasturias.com\/magazine365\/#website"},"breadcrumb":{"@id":"https:\/\/eldigitaldeasturias.com\/magazine365\/la-campana-de-navidad-de-este-ano-sera-la-mejor-de-la-historia\/#breadcrumblist"},"author":{"@id":"https:\/\/eldigitaldeasturias.com\/magazine365\/author\/admin\/#author"},"creator":{"@id":"https:\/\/eldigitaldeasturias.com\/magazine365\/author\/admin\/#author"},"image":{"@type":"ImageObject","url":"https:\/\/eldigitaldeasturias.com\/magazine365\/wp-content\/uploads\/2016\/10\/fotonoticia_20161024101647_800.jpg","@id":"https:\/\/eldigitaldeasturias.com\/magazine365\/la-campana-de-navidad-de-este-ano-sera-la-mejor-de-la-historia\/#mainImage","width":800,"height":568},"primaryImageOfPage":{"@id":"https:\/\/eldigitaldeasturias.com\/magazine365\/la-campana-de-navidad-de-este-ano-sera-la-mejor-de-la-historia\/#mainImage"},"datePublished":"2016-10-31T04:05:32+01:00","dateModified":"2016-10-31T04:05:32+01:00"},{"@type":"WebSite","@id":"https:\/\/eldigitaldeasturias.com\/magazine365\/#website","url":"https:\/\/eldigitaldeasturias.com\/magazine365\/","name":"El Digital de Asturias","description":"Revista de ocio, turismo y estilo de vida","inLanguage":"es-ES","publisher":{"@id":"https:\/\/eldigitaldeasturias.com\/magazine365\/#organization"}}]},"og:locale":"es_ES","og:site_name":"El Digital de Asturias \u2013 Revista de ocio, turismo y estilo de vida","og:type":"article","og:title":"La campa\u00f1a de Navidad de este a\u00f1o ser\u00e1 la mejor de la historia | El Digital de Asturias","og:description":"La campa\u00f1a de Navidad de este a\u00f1o ser\u00e1 la mejor de la historia de Espa\u00f1a, con 338.300 contratos previstos, un 11,5% m\u00e1s que en 2015, gracias a la mejora del consumo interno y del negocio empresarial, seg\u00fan las previsiones del grupo de recursos humanos Randstad. De ellos 4.600 se prev\u00e9n en Asturias. Ante los picos","og:url":"https:\/\/eldigitaldeasturias.com\/magazine365\/la-campana-de-navidad-de-este-ano-sera-la-mejor-de-la-historia\/","og:image":"https:\/\/eldigitaldeasturias.com\/magazine365\/wp-content\/uploads\/2016\/10\/fotonoticia_20161024101647_800.jpg","og:image:secure_url":"https:\/\/eldigitaldeasturias.com\/magazine365\/wp-content\/uploads\/2016\/10\/fotonoticia_20161024101647_800.jpg","og:image:width":800,"og:image:height":568,"article:published_time":"2016-10-31T03:05:32+00:00","article:modified_time":"2016-10-31T03:05:32+00:00","twitter:card":"summary_large_image","twitter:title":"La campa\u00f1a de Navidad de este a\u00f1o ser\u00e1 la mejor de la historia | El Digital de Asturias","twitter:description":"La campa\u00f1a de Navidad de este a\u00f1o ser\u00e1 la mejor de la historia de Espa\u00f1a, con 338.300 contratos previstos, un 11,5% m\u00e1s que en 2015, gracias a la mejora del consumo interno y del negocio empresarial, seg\u00fan las previsiones del grupo de recursos humanos Randstad. De ellos 4.600 se prev\u00e9n en Asturias. Ante los picos","twitter:image":"https:\/\/eldigitaldeasturias.com\/magazine365\/wp-content\/uploads\/2016\/10\/fotonoticia_20161024101647_800.jpg"},"aioseo_meta_data":{"post_id":"83224","title":null,"description":null,"keywords":null,"keyphrases":null,"primary_term":null,"canonical_url":null,"og_title":null,"og_description":null,"og_object_type":"default","og_image_type":"default","og_image_url":null,"og_image_width":null,"og_image_height":null,"og_image_custom_url":null,"og_image_custom_fields":null,"og_video":null,"og_custom_url":null,"og_article_section":null,"og_article_tags":null,"twitter_use_og":false,"twitter_card":"default","twitter_image_type":"default","twitter_image_url":null,"twitter_image_custom_url":null,"twitter_image_custom_fields":null,"twitter_title":null,"twitter_description":null,"schema":{"blockGraphs":[],"customGraphs":[],"default":{"data":{"Article":[],"Course":[],"Dataset":[],"FAQPage":[],"Movie":[],"Person":[],"Product":[],"ProductReview":[],"Car":[],"Recipe":[],"Service":[],"SoftwareApplication":[],"WebPage":[]},"graphName":"","isEnabled":true},"graphs":[],"defaultGraph":"","defaultPostTypeGraph":""},"schema_type":null,"schema_type_options":null,"pillar_content":false,"robots_default":true,"robots_noindex":false,"robots_noarchive":false,"robots_nosnippet":false,"robots_nofollow":false,"robots_noimageindex":false,"robots_noodp":false,"robots_notranslate":false,"robots_max_snippet":null,"robots_max_videopreview":null,"robots_max_imagepreview":"large","priority":null,"frequency":null,"location":null,"local_seo":null,"seo_analyzer_scan_date":"2025-09-28 02:34:26","breadcrumb_settings":null,"limit_modified_date":false,"open_ai":null,"ai":null,"created":"2020-12-21 15:30:05","updated":"2025-09-28 02:34:26"},"aioseo_breadcrumb":"<div class=\"aioseo-breadcrumbs\"><span class=\"aioseo-breadcrumb\">\n\t<a href=\"https:\/\/eldigitaldeasturias.com\/magazine365\" title=\"Home\">Home<\/a>\n<\/span><span class=\"aioseo-breadcrumb-separator\">\u2013<\/span><span class=\"aioseo-breadcrumb\">\n\t<a href=\"https:\/\/eldigitaldeasturias.com\/magazine365\/category\/noticias-actualidad\/\" title=\"Noticias y Actualidad\">Noticias y Actualidad<\/a>\n<\/span><span class=\"aioseo-breadcrumb-separator\">\u2013<\/span><span class=\"aioseo-breadcrumb\">\n\t<a href=\"https:\/\/eldigitaldeasturias.com\/magazine365\/la-campana-de-navidad-de-este-ano-sera-la-mejor-de-la-historia\/\" title=\"La campa\u00f1a de Navidad de este a\u00f1o ser\u00e1 la mejor de la historia\">La campa\u00f1a de Navidad de este a\u00f1o ser\u00e1 la mejor de la historia<\/a>\n<\/span><\/div>","aioseo_breadcrumb_json":[{"label":"Home","link":"https:\/\/eldigitaldeasturias.com\/magazine365"},{"label":"Noticias y Actualidad","link":"https:\/\/eldigitaldeasturias.com\/magazine365\/category\/noticias-actualidad\/"},{"label":"La campa\u00f1a de Navidad de este a\u00f1o ser\u00e1 la mejor de la historia","link":"https:\/\/eldigitaldeasturias.com\/magazine365\/la-campana-de-navidad-de-este-ano-sera-la-mejor-de-la-historia\/"}],"_links":{"self":[{"href":"https:\/\/eldigitaldeasturias.com\/magazine365\/wp-json\/wp\/v2\/posts\/83224","targetHints":{"allow":["GET"]}}],"collection":[{"href":"https:\/\/eldigitaldeasturias.com\/magazine365\/wp-json\/wp\/v2\/posts"}],"about":[{"href":"https:\/\/eldigitaldeasturias.com\/magazine365\/wp-json\/wp\/v2\/types\/post"}],"author":[{"embeddable":true,"href":"https:\/\/eldigitaldeasturias.com\/magazine365\/wp-json\/wp\/v2\/users\/1"}],"replies":[{"embeddable":true,"href":"https:\/\/eldigitaldeasturias.com\/magazine365\/wp-json\/wp\/v2\/comments?post=83224"}],"version-history":[{"count":0,"href":"https:\/\/eldigitaldeasturias.com\/magazine365\/wp-json\/wp\/v2\/posts\/83224\/revisions"}],"wp:featuredmedia":[{"embeddable":true,"href":"https:\/\/eldigitaldeasturias.com\/magazine365\/wp-json\/wp\/v2\/media\/83225"}],"wp:attachment":[{"href":"https:\/\/eldigitaldeasturias.com\/magazine365\/wp-json\/wp\/v2\/media?parent=83224"}],"wp:term":[{"taxonomy":"category","embeddable":true,"href":"https:\/\/eldigitaldeasturias.com\/magazine365\/wp-json\/wp\/v2\/categories?post=83224"},{"taxonomy":"post_tag","embeddable":true,"href":"https:\/\/eldigitaldeasturias.com\/magazine365\/wp-json\/wp\/v2\/tags?post=83224"}],"curies":[{"name":"wp","href":"https:\/\/api.w.org\/{rel}","templated":true}]}}