{"id":83221,"date":"2016-10-31T04:03:22","date_gmt":"2016-10-31T03:03:22","guid":{"rendered":"http:\/\/eldigitaldeasturias.com\/magazine365\/?p=83221"},"modified":"2016-10-31T04:03:22","modified_gmt":"2016-10-31T03:03:22","slug":"asturias-y-leon-promocionaran-conjuntamente-sus-estaciones-invernales","status":"publish","type":"post","link":"https:\/\/eldigitaldeasturias.com\/magazine365\/asturias-y-leon-promocionaran-conjuntamente-sus-estaciones-invernales\/","title":{"rendered":"Asturias y Le\u00f3n promocionar\u00e1n conjuntamente sus estaciones invernales"},"content":{"rendered":"<p><img fetchpriority=\"high\" decoding=\"async\" class=\"alignleft size-medium wp-image-83222\" src=\"https:\/\/eldigitaldeasturias.com\/magazine365\/wp-content\/uploads\/2016\/10\/fotonoticia_20161023122554_800-360x270.jpg\" alt=\"fotonoticia_20161023122554_800\" width=\"360\" height=\"270\" srcset=\"https:\/\/eldigitaldeasturias.com\/magazine365\/wp-content\/uploads\/2016\/10\/fotonoticia_20161023122554_800-360x270.jpg 360w, https:\/\/eldigitaldeasturias.com\/magazine365\/wp-content\/uploads\/2016\/10\/fotonoticia_20161023122554_800-650x488.jpg 650w, https:\/\/eldigitaldeasturias.com\/magazine365\/wp-content\/uploads\/2016\/10\/fotonoticia_20161023122554_800-768x576.jpg 768w, https:\/\/eldigitaldeasturias.com\/magazine365\/wp-content\/uploads\/2016\/10\/fotonoticia_20161023122554_800-150x113.jpg 150w, https:\/\/eldigitaldeasturias.com\/magazine365\/wp-content\/uploads\/2016\/10\/fotonoticia_20161023122554_800-450x338.jpg 450w, https:\/\/eldigitaldeasturias.com\/magazine365\/wp-content\/uploads\/2016\/10\/fotonoticia_20161023122554_800-90x67.jpg 90w, https:\/\/eldigitaldeasturias.com\/magazine365\/wp-content\/uploads\/2016\/10\/fotonoticia_20161023122554_800-164x124.jpg 164w, https:\/\/eldigitaldeasturias.com\/magazine365\/wp-content\/uploads\/2016\/10\/fotonoticia_20161023122554_800-100x75.jpg 100w, https:\/\/eldigitaldeasturias.com\/magazine365\/wp-content\/uploads\/2016\/10\/fotonoticia_20161023122554_800.jpg 800w\" sizes=\"(max-width: 360px) 100vw, 360px\" \/>La Consejer\u00eda de Educaci\u00f3n y Cultura del Gobierno asturiano, a trav\u00e9s de la Direcci\u00f3n General de Deporte y de la Sociedad P\u00fablica de Gesti\u00f3n y Promoci\u00f3n Tur\u00edstica y Cultural del Principado, firmar\u00e1 un convenio con la Diputaci\u00f3n Provincial de Le\u00f3n con el fin de potenciar y promocionar conjuntamente las estaciones invernales de San Isidro y Leitariegos, en Le\u00f3n, y las de Fuentes de Invierno y Valgrande-Pajares, en Asturias.<\/p>\n<p>Seg\u00fan ha informado el Principado de Asturias, el convenio pretende, adem\u00e1s de potenciar la pr\u00e1ctica del esqu\u00ed, facilitar y promover la movilidad de los usuarios por las cuatro estaciones invernales mediante forfaits de uso com\u00fan y la promoci\u00f3n externa.<\/p>\n<p>En la pr\u00e1ctica, la colaboraci\u00f3n quedar\u00e1 reflejada en el 20% de descuento que se aplicar\u00e1 a los usuarios que posean el abono anual de cualquiera de las cuatro estaciones de esqu\u00ed, en forfaits diarios para las mismas, y en el forfait 4d\u00edas\/4estaciones, v\u00e1lido para cinco d\u00edas bajo la condici\u00f3n de que sea utilizado un d\u00eda en cada una de las estaciones, quedando el quinto a la elecci\u00f3n del usuario.<\/p>\n<p>Los precios para la temporada 2016\/17 se mantienen respecto a los establecidos en convenios anteriores. As\u00ed, el forfait 4d\u00edas\/4estaciones para adultos costar\u00e1 70 euros y el infantil, 55.<\/p>\n<p>El convenio abre la puerta tambi\u00e9n a la realizaci\u00f3n de promociones conjuntas. Los costes derivados de la ampliaci\u00f3n, en su caso, y de la puesta en marcha y el posterior mantenimiento del sistema de ventas ser\u00e1n asumidos al 50% por ambas administraciones, o al 25% por cada una de las estaciones en el caso de que sean \u00e9stas las que se hagan cargo. El control y el seguimiento del convenio ser\u00e1n llevados a cabo por una comisi\u00f3n compuesta por un representante de cada administraci\u00f3n y por los responsables de cada una de las estaciones invernales.<\/p>\n<p>&nbsp;<\/p>\n","protected":false},"excerpt":{"rendered":"<p>La Consejer\u00eda de Educaci\u00f3n y Cultura del Gobierno asturiano, a trav\u00e9s de la Direcci\u00f3n General de Deporte y de la Sociedad P\u00fablica de Gesti\u00f3n y Promoci\u00f3n Tur\u00edstica y Cultural del Principado, firmar\u00e1 un convenio con la Diputaci\u00f3n Provincial de Le\u00f3n con el fin de potenciar y promocionar conjuntamente las estaciones invernales de San Isidro y<\/p>\n","protected":false},"author":1,"featured_media":83222,"comment_status":"open","ping_status":"closed","sticky":false,"template":"","format":"standard","meta":{"footnotes":""},"categories":[224],"tags":[],"class_list":{"0":"post-83221","1":"post","2":"type-post","3":"status-publish","4":"format-standard","5":"has-post-thumbnail","7":"category-noticias-actualidad"},"aioseo_notices":[],"aioseo_head":"\n\t\t<!-- All in One SEO Pro 4.9.6.1 - aioseo.com -->\n\t<meta name=\"description\" content=\"La Consejer\u00eda de Educaci\u00f3n y Cultura del Gobierno asturiano, a trav\u00e9s de la Direcci\u00f3n General de Deporte y de la Sociedad P\u00fablica de Gesti\u00f3n y Promoci\u00f3n Tur\u00edstica y Cultural del Principado, firmar\u00e1 un convenio con la Diputaci\u00f3n Provincial de Le\u00f3n con el fin de potenciar y promocionar conjuntamente las estaciones invernales de San Isidro y\" \/>\n\t<meta name=\"robots\" content=\"max-image-preview:large\" \/>\n\t<meta name=\"author\" content=\"admin\"\/>\n\t<meta name=\"google-site-verification\" content=\"UA-38556648-1\" \/>\n\t<meta name=\"keywords\" content=\"noticias y actualidad\" \/>\n\t<link rel=\"canonical\" href=\"https:\/\/eldigitaldeasturias.com\/magazine365\/asturias-y-leon-promocionaran-conjuntamente-sus-estaciones-invernales\/\" \/>\n\t<meta name=\"generator\" content=\"All in One SEO Pro (AIOSEO) 4.9.6.1\" \/>\n\t\t<meta property=\"og:locale\" content=\"es_ES\" \/>\n\t\t<meta property=\"og:site_name\" content=\"El Digital de Asturias \u2013 Revista de ocio, turismo y estilo de vida\" \/>\n\t\t<meta property=\"og:type\" content=\"article\" \/>\n\t\t<meta property=\"og:title\" content=\"Asturias y Le\u00f3n promocionar\u00e1n conjuntamente sus estaciones invernales | El Digital de Asturias\" \/>\n\t\t<meta property=\"og:description\" content=\"La Consejer\u00eda de Educaci\u00f3n y Cultura del Gobierno asturiano, a trav\u00e9s de la Direcci\u00f3n General de Deporte y de la Sociedad P\u00fablica de Gesti\u00f3n y Promoci\u00f3n Tur\u00edstica y Cultural del Principado, firmar\u00e1 un convenio con la Diputaci\u00f3n Provincial de Le\u00f3n con el fin de potenciar y promocionar conjuntamente las estaciones invernales de San Isidro y\" \/>\n\t\t<meta property=\"og:url\" content=\"https:\/\/eldigitaldeasturias.com\/magazine365\/asturias-y-leon-promocionaran-conjuntamente-sus-estaciones-invernales\/\" \/>\n\t\t<meta property=\"og:image\" content=\"https:\/\/eldigitaldeasturias.com\/magazine365\/wp-content\/uploads\/2016\/10\/fotonoticia_20161023122554_800.jpg\" \/>\n\t\t<meta property=\"og:image:secure_url\" content=\"https:\/\/eldigitaldeasturias.com\/magazine365\/wp-content\/uploads\/2016\/10\/fotonoticia_20161023122554_800.jpg\" \/>\n\t\t<meta property=\"og:image:width\" content=\"800\" \/>\n\t\t<meta property=\"og:image:height\" content=\"600\" \/>\n\t\t<meta property=\"article:published_time\" content=\"2016-10-31T03:03:22+00:00\" \/>\n\t\t<meta property=\"article:modified_time\" content=\"2016-10-31T03:03:22+00:00\" \/>\n\t\t<meta name=\"twitter:card\" content=\"summary_large_image\" \/>\n\t\t<meta name=\"twitter:title\" content=\"Asturias y Le\u00f3n promocionar\u00e1n conjuntamente sus estaciones invernales | El Digital de Asturias\" \/>\n\t\t<meta name=\"twitter:description\" content=\"La Consejer\u00eda de Educaci\u00f3n y Cultura del Gobierno asturiano, a trav\u00e9s de la Direcci\u00f3n General de Deporte y de la Sociedad P\u00fablica de Gesti\u00f3n y Promoci\u00f3n Tur\u00edstica y Cultural del Principado, firmar\u00e1 un convenio con la Diputaci\u00f3n Provincial de Le\u00f3n con el fin de potenciar y promocionar conjuntamente las estaciones invernales de San Isidro y\" \/>\n\t\t<meta name=\"twitter:image\" content=\"https:\/\/eldigitaldeasturias.com\/magazine365\/wp-content\/uploads\/2016\/10\/fotonoticia_20161023122554_800.jpg\" \/>\n\t\t<script type=\"application\/ld+json\" class=\"aioseo-schema\">\n\t\t\t{\"@context\":\"https:\\\/\\\/schema.org\",\"@graph\":[{\"@type\":\"Article\",\"@id\":\"https:\\\/\\\/eldigitaldeasturias.com\\\/magazine365\\\/asturias-y-leon-promocionaran-conjuntamente-sus-estaciones-invernales\\\/#article\",\"name\":\"Asturias y Le\\u00f3n promocionar\\u00e1n conjuntamente sus estaciones invernales | El Digital de Asturias\",\"headline\":\"Asturias y Le\\u00f3n promocionar\\u00e1n conjuntamente sus estaciones invernales\",\"author\":{\"@id\":\"https:\\\/\\\/eldigitaldeasturias.com\\\/magazine365\\\/author\\\/admin\\\/#author\"},\"publisher\":{\"@id\":\"https:\\\/\\\/eldigitaldeasturias.com\\\/magazine365\\\/#organization\"},\"image\":{\"@type\":\"ImageObject\",\"url\":\"https:\\\/\\\/eldigitaldeasturias.com\\\/magazine365\\\/wp-content\\\/uploads\\\/2016\\\/10\\\/fotonoticia_20161023122554_800.jpg\",\"width\":800,\"height\":600},\"datePublished\":\"2016-10-31T04:03:22+01:00\",\"dateModified\":\"2016-10-31T04:03:22+01:00\",\"inLanguage\":\"es-ES\",\"mainEntityOfPage\":{\"@id\":\"https:\\\/\\\/eldigitaldeasturias.com\\\/magazine365\\\/asturias-y-leon-promocionaran-conjuntamente-sus-estaciones-invernales\\\/#webpage\"},\"isPartOf\":{\"@id\":\"https:\\\/\\\/eldigitaldeasturias.com\\\/magazine365\\\/asturias-y-leon-promocionaran-conjuntamente-sus-estaciones-invernales\\\/#webpage\"},\"articleSection\":\"Noticias y Actualidad\"},{\"@type\":\"BreadcrumbList\",\"@id\":\"https:\\\/\\\/eldigitaldeasturias.com\\\/magazine365\\\/asturias-y-leon-promocionaran-conjuntamente-sus-estaciones-invernales\\\/#breadcrumblist\",\"itemListElement\":[{\"@type\":\"ListItem\",\"@id\":\"https:\\\/\\\/eldigitaldeasturias.com\\\/magazine365#listItem\",\"position\":1,\"name\":\"Home\",\"item\":\"https:\\\/\\\/eldigitaldeasturias.com\\\/magazine365\",\"nextItem\":{\"@type\":\"ListItem\",\"@id\":\"https:\\\/\\\/eldigitaldeasturias.com\\\/magazine365\\\/category\\\/noticias-actualidad\\\/#listItem\",\"name\":\"Noticias y Actualidad\"}},{\"@type\":\"ListItem\",\"@id\":\"https:\\\/\\\/eldigitaldeasturias.com\\\/magazine365\\\/category\\\/noticias-actualidad\\\/#listItem\",\"position\":2,\"name\":\"Noticias y Actualidad\",\"item\":\"https:\\\/\\\/eldigitaldeasturias.com\\\/magazine365\\\/category\\\/noticias-actualidad\\\/\",\"nextItem\":{\"@type\":\"ListItem\",\"@id\":\"https:\\\/\\\/eldigitaldeasturias.com\\\/magazine365\\\/asturias-y-leon-promocionaran-conjuntamente-sus-estaciones-invernales\\\/#listItem\",\"name\":\"Asturias y Le\\u00f3n promocionar\\u00e1n conjuntamente sus estaciones invernales\"},\"previousItem\":{\"@type\":\"ListItem\",\"@id\":\"https:\\\/\\\/eldigitaldeasturias.com\\\/magazine365#listItem\",\"name\":\"Home\"}},{\"@type\":\"ListItem\",\"@id\":\"https:\\\/\\\/eldigitaldeasturias.com\\\/magazine365\\\/asturias-y-leon-promocionaran-conjuntamente-sus-estaciones-invernales\\\/#listItem\",\"position\":3,\"name\":\"Asturias y Le\\u00f3n promocionar\\u00e1n conjuntamente sus estaciones invernales\",\"previousItem\":{\"@type\":\"ListItem\",\"@id\":\"https:\\\/\\\/eldigitaldeasturias.com\\\/magazine365\\\/category\\\/noticias-actualidad\\\/#listItem\",\"name\":\"Noticias y Actualidad\"}}]},{\"@type\":\"Organization\",\"@id\":\"https:\\\/\\\/eldigitaldeasturias.com\\\/magazine365\\\/#organization\",\"name\":\"El digital de Asturias\",\"description\":\"Revista de ocio, turismo y estilo de vida\",\"url\":\"https:\\\/\\\/eldigitaldeasturias.com\\\/magazine365\\\/\",\"logo\":{\"@type\":\"ImageObject\",\"url\":\"https:\\\/\\\/www.eldigitaldeasturias.com\\\/noticias\\\/wp-content\\\/uploads\\\/2020\\\/12\\\/EDA.jpg\",\"@id\":\"https:\\\/\\\/eldigitaldeasturias.com\\\/magazine365\\\/asturias-y-leon-promocionaran-conjuntamente-sus-estaciones-invernales\\\/#organizationLogo\"},\"image\":{\"@id\":\"https:\\\/\\\/eldigitaldeasturias.com\\\/magazine365\\\/asturias-y-leon-promocionaran-conjuntamente-sus-estaciones-invernales\\\/#organizationLogo\"}},{\"@type\":\"Person\",\"@id\":\"https:\\\/\\\/eldigitaldeasturias.com\\\/magazine365\\\/author\\\/admin\\\/#author\",\"url\":\"https:\\\/\\\/eldigitaldeasturias.com\\\/magazine365\\\/author\\\/admin\\\/\",\"name\":\"admin\",\"image\":{\"@type\":\"ImageObject\",\"@id\":\"https:\\\/\\\/eldigitaldeasturias.com\\\/magazine365\\\/asturias-y-leon-promocionaran-conjuntamente-sus-estaciones-invernales\\\/#authorImage\",\"url\":\"https:\\\/\\\/eldigitaldeasturias.com\\\/magazine365\\\/wp-content\\\/litespeed\\\/avatar\\\/e571bcf59a0edd6fa6838245a470f2fe.jpg?ver=1776969259\",\"width\":96,\"height\":96,\"caption\":\"admin\"}},{\"@type\":\"WebPage\",\"@id\":\"https:\\\/\\\/eldigitaldeasturias.com\\\/magazine365\\\/asturias-y-leon-promocionaran-conjuntamente-sus-estaciones-invernales\\\/#webpage\",\"url\":\"https:\\\/\\\/eldigitaldeasturias.com\\\/magazine365\\\/asturias-y-leon-promocionaran-conjuntamente-sus-estaciones-invernales\\\/\",\"name\":\"Asturias y Le\\u00f3n promocionar\\u00e1n conjuntamente sus estaciones invernales | El Digital de Asturias\",\"description\":\"La Consejer\\u00eda de Educaci\\u00f3n y Cultura del Gobierno asturiano, a trav\\u00e9s de la Direcci\\u00f3n General de Deporte y de la Sociedad P\\u00fablica de Gesti\\u00f3n y Promoci\\u00f3n Tur\\u00edstica y Cultural del Principado, firmar\\u00e1 un convenio con la Diputaci\\u00f3n Provincial de Le\\u00f3n con el fin de potenciar y promocionar conjuntamente las estaciones invernales de San Isidro y\",\"inLanguage\":\"es-ES\",\"isPartOf\":{\"@id\":\"https:\\\/\\\/eldigitaldeasturias.com\\\/magazine365\\\/#website\"},\"breadcrumb\":{\"@id\":\"https:\\\/\\\/eldigitaldeasturias.com\\\/magazine365\\\/asturias-y-leon-promocionaran-conjuntamente-sus-estaciones-invernales\\\/#breadcrumblist\"},\"author\":{\"@id\":\"https:\\\/\\\/eldigitaldeasturias.com\\\/magazine365\\\/author\\\/admin\\\/#author\"},\"creator\":{\"@id\":\"https:\\\/\\\/eldigitaldeasturias.com\\\/magazine365\\\/author\\\/admin\\\/#author\"},\"image\":{\"@type\":\"ImageObject\",\"url\":\"https:\\\/\\\/eldigitaldeasturias.com\\\/magazine365\\\/wp-content\\\/uploads\\\/2016\\\/10\\\/fotonoticia_20161023122554_800.jpg\",\"@id\":\"https:\\\/\\\/eldigitaldeasturias.com\\\/magazine365\\\/asturias-y-leon-promocionaran-conjuntamente-sus-estaciones-invernales\\\/#mainImage\",\"width\":800,\"height\":600},\"primaryImageOfPage\":{\"@id\":\"https:\\\/\\\/eldigitaldeasturias.com\\\/magazine365\\\/asturias-y-leon-promocionaran-conjuntamente-sus-estaciones-invernales\\\/#mainImage\"},\"datePublished\":\"2016-10-31T04:03:22+01:00\",\"dateModified\":\"2016-10-31T04:03:22+01:00\"},{\"@type\":\"WebSite\",\"@id\":\"https:\\\/\\\/eldigitaldeasturias.com\\\/magazine365\\\/#website\",\"url\":\"https:\\\/\\\/eldigitaldeasturias.com\\\/magazine365\\\/\",\"name\":\"El Digital de Asturias\",\"description\":\"Revista de ocio, turismo y estilo de vida\",\"inLanguage\":\"es-ES\",\"publisher\":{\"@id\":\"https:\\\/\\\/eldigitaldeasturias.com\\\/magazine365\\\/#organization\"}}]}\n\t\t<\/script>\n\t\t<!-- All in One SEO Pro -->\r\n\t\t<title>Asturias y Le\u00f3n promocionar\u00e1n conjuntamente sus estaciones invernales | El Digital de Asturias<\/title>\n\n","aioseo_head_json":{"title":"Asturias y Le\u00f3n promocionar\u00e1n conjuntamente sus estaciones invernales | El Digital de Asturias","description":"La Consejer\u00eda de Educaci\u00f3n y Cultura del Gobierno asturiano, a trav\u00e9s de la Direcci\u00f3n General de Deporte y de la Sociedad P\u00fablica de Gesti\u00f3n y Promoci\u00f3n Tur\u00edstica y Cultural del Principado, firmar\u00e1 un convenio con la Diputaci\u00f3n Provincial de Le\u00f3n con el fin de potenciar y promocionar conjuntamente las estaciones invernales de San Isidro y","canonical_url":"https:\/\/eldigitaldeasturias.com\/magazine365\/asturias-y-leon-promocionaran-conjuntamente-sus-estaciones-invernales\/","robots":"max-image-preview:large","keywords":"noticias y actualidad","webmasterTools":{"google-site-verification":"UA-38556648-1","miscellaneous":""},"schema":{"@context":"https:\/\/schema.org","@graph":[{"@type":"Article","@id":"https:\/\/eldigitaldeasturias.com\/magazine365\/asturias-y-leon-promocionaran-conjuntamente-sus-estaciones-invernales\/#article","name":"Asturias y Le\u00f3n promocionar\u00e1n conjuntamente sus estaciones invernales | El Digital de Asturias","headline":"Asturias y Le\u00f3n promocionar\u00e1n conjuntamente sus estaciones invernales","author":{"@id":"https:\/\/eldigitaldeasturias.com\/magazine365\/author\/admin\/#author"},"publisher":{"@id":"https:\/\/eldigitaldeasturias.com\/magazine365\/#organization"},"image":{"@type":"ImageObject","url":"https:\/\/eldigitaldeasturias.com\/magazine365\/wp-content\/uploads\/2016\/10\/fotonoticia_20161023122554_800.jpg","width":800,"height":600},"datePublished":"2016-10-31T04:03:22+01:00","dateModified":"2016-10-31T04:03:22+01:00","inLanguage":"es-ES","mainEntityOfPage":{"@id":"https:\/\/eldigitaldeasturias.com\/magazine365\/asturias-y-leon-promocionaran-conjuntamente-sus-estaciones-invernales\/#webpage"},"isPartOf":{"@id":"https:\/\/eldigitaldeasturias.com\/magazine365\/asturias-y-leon-promocionaran-conjuntamente-sus-estaciones-invernales\/#webpage"},"articleSection":"Noticias y Actualidad"},{"@type":"BreadcrumbList","@id":"https:\/\/eldigitaldeasturias.com\/magazine365\/asturias-y-leon-promocionaran-conjuntamente-sus-estaciones-invernales\/#breadcrumblist","itemListElement":[{"@type":"ListItem","@id":"https:\/\/eldigitaldeasturias.com\/magazine365#listItem","position":1,"name":"Home","item":"https:\/\/eldigitaldeasturias.com\/magazine365","nextItem":{"@type":"ListItem","@id":"https:\/\/eldigitaldeasturias.com\/magazine365\/category\/noticias-actualidad\/#listItem","name":"Noticias y Actualidad"}},{"@type":"ListItem","@id":"https:\/\/eldigitaldeasturias.com\/magazine365\/category\/noticias-actualidad\/#listItem","position":2,"name":"Noticias y Actualidad","item":"https:\/\/eldigitaldeasturias.com\/magazine365\/category\/noticias-actualidad\/","nextItem":{"@type":"ListItem","@id":"https:\/\/eldigitaldeasturias.com\/magazine365\/asturias-y-leon-promocionaran-conjuntamente-sus-estaciones-invernales\/#listItem","name":"Asturias y Le\u00f3n promocionar\u00e1n conjuntamente sus estaciones invernales"},"previousItem":{"@type":"ListItem","@id":"https:\/\/eldigitaldeasturias.com\/magazine365#listItem","name":"Home"}},{"@type":"ListItem","@id":"https:\/\/eldigitaldeasturias.com\/magazine365\/asturias-y-leon-promocionaran-conjuntamente-sus-estaciones-invernales\/#listItem","position":3,"name":"Asturias y Le\u00f3n promocionar\u00e1n conjuntamente sus estaciones invernales","previousItem":{"@type":"ListItem","@id":"https:\/\/eldigitaldeasturias.com\/magazine365\/category\/noticias-actualidad\/#listItem","name":"Noticias y Actualidad"}}]},{"@type":"Organization","@id":"https:\/\/eldigitaldeasturias.com\/magazine365\/#organization","name":"El digital de Asturias","description":"Revista de ocio, turismo y estilo de vida","url":"https:\/\/eldigitaldeasturias.com\/magazine365\/","logo":{"@type":"ImageObject","url":"https:\/\/www.eldigitaldeasturias.com\/noticias\/wp-content\/uploads\/2020\/12\/EDA.jpg","@id":"https:\/\/eldigitaldeasturias.com\/magazine365\/asturias-y-leon-promocionaran-conjuntamente-sus-estaciones-invernales\/#organizationLogo"},"image":{"@id":"https:\/\/eldigitaldeasturias.com\/magazine365\/asturias-y-leon-promocionaran-conjuntamente-sus-estaciones-invernales\/#organizationLogo"}},{"@type":"Person","@id":"https:\/\/eldigitaldeasturias.com\/magazine365\/author\/admin\/#author","url":"https:\/\/eldigitaldeasturias.com\/magazine365\/author\/admin\/","name":"admin","image":{"@type":"ImageObject","@id":"https:\/\/eldigitaldeasturias.com\/magazine365\/asturias-y-leon-promocionaran-conjuntamente-sus-estaciones-invernales\/#authorImage","url":"https:\/\/eldigitaldeasturias.com\/magazine365\/wp-content\/litespeed\/avatar\/e571bcf59a0edd6fa6838245a470f2fe.jpg?ver=1776969259","width":96,"height":96,"caption":"admin"}},{"@type":"WebPage","@id":"https:\/\/eldigitaldeasturias.com\/magazine365\/asturias-y-leon-promocionaran-conjuntamente-sus-estaciones-invernales\/#webpage","url":"https:\/\/eldigitaldeasturias.com\/magazine365\/asturias-y-leon-promocionaran-conjuntamente-sus-estaciones-invernales\/","name":"Asturias y Le\u00f3n promocionar\u00e1n conjuntamente sus estaciones invernales | El Digital de Asturias","description":"La Consejer\u00eda de Educaci\u00f3n y Cultura del Gobierno asturiano, a trav\u00e9s de la Direcci\u00f3n General de Deporte y de la Sociedad P\u00fablica de Gesti\u00f3n y Promoci\u00f3n Tur\u00edstica y Cultural del Principado, firmar\u00e1 un convenio con la Diputaci\u00f3n Provincial de Le\u00f3n con el fin de potenciar y promocionar conjuntamente las estaciones invernales de San Isidro y","inLanguage":"es-ES","isPartOf":{"@id":"https:\/\/eldigitaldeasturias.com\/magazine365\/#website"},"breadcrumb":{"@id":"https:\/\/eldigitaldeasturias.com\/magazine365\/asturias-y-leon-promocionaran-conjuntamente-sus-estaciones-invernales\/#breadcrumblist"},"author":{"@id":"https:\/\/eldigitaldeasturias.com\/magazine365\/author\/admin\/#author"},"creator":{"@id":"https:\/\/eldigitaldeasturias.com\/magazine365\/author\/admin\/#author"},"image":{"@type":"ImageObject","url":"https:\/\/eldigitaldeasturias.com\/magazine365\/wp-content\/uploads\/2016\/10\/fotonoticia_20161023122554_800.jpg","@id":"https:\/\/eldigitaldeasturias.com\/magazine365\/asturias-y-leon-promocionaran-conjuntamente-sus-estaciones-invernales\/#mainImage","width":800,"height":600},"primaryImageOfPage":{"@id":"https:\/\/eldigitaldeasturias.com\/magazine365\/asturias-y-leon-promocionaran-conjuntamente-sus-estaciones-invernales\/#mainImage"},"datePublished":"2016-10-31T04:03:22+01:00","dateModified":"2016-10-31T04:03:22+01:00"},{"@type":"WebSite","@id":"https:\/\/eldigitaldeasturias.com\/magazine365\/#website","url":"https:\/\/eldigitaldeasturias.com\/magazine365\/","name":"El Digital de Asturias","description":"Revista de ocio, turismo y estilo de vida","inLanguage":"es-ES","publisher":{"@id":"https:\/\/eldigitaldeasturias.com\/magazine365\/#organization"}}]},"og:locale":"es_ES","og:site_name":"El Digital de Asturias \u2013 Revista de ocio, turismo y estilo de vida","og:type":"article","og:title":"Asturias y Le\u00f3n promocionar\u00e1n conjuntamente sus estaciones invernales | El Digital de Asturias","og:description":"La Consejer\u00eda de Educaci\u00f3n y Cultura del Gobierno asturiano, a trav\u00e9s de la Direcci\u00f3n General de Deporte y de la Sociedad P\u00fablica de Gesti\u00f3n y Promoci\u00f3n Tur\u00edstica y Cultural del Principado, firmar\u00e1 un convenio con la Diputaci\u00f3n Provincial de Le\u00f3n con el fin de potenciar y promocionar conjuntamente las estaciones invernales de San Isidro y","og:url":"https:\/\/eldigitaldeasturias.com\/magazine365\/asturias-y-leon-promocionaran-conjuntamente-sus-estaciones-invernales\/","og:image":"https:\/\/eldigitaldeasturias.com\/magazine365\/wp-content\/uploads\/2016\/10\/fotonoticia_20161023122554_800.jpg","og:image:secure_url":"https:\/\/eldigitaldeasturias.com\/magazine365\/wp-content\/uploads\/2016\/10\/fotonoticia_20161023122554_800.jpg","og:image:width":800,"og:image:height":600,"article:published_time":"2016-10-31T03:03:22+00:00","article:modified_time":"2016-10-31T03:03:22+00:00","twitter:card":"summary_large_image","twitter:title":"Asturias y Le\u00f3n promocionar\u00e1n conjuntamente sus estaciones invernales | El Digital de Asturias","twitter:description":"La Consejer\u00eda de Educaci\u00f3n y Cultura del Gobierno asturiano, a trav\u00e9s de la Direcci\u00f3n General de Deporte y de la Sociedad P\u00fablica de Gesti\u00f3n y Promoci\u00f3n Tur\u00edstica y Cultural del Principado, firmar\u00e1 un convenio con la Diputaci\u00f3n Provincial de Le\u00f3n con el fin de potenciar y promocionar conjuntamente las estaciones invernales de San Isidro y","twitter:image":"https:\/\/eldigitaldeasturias.com\/magazine365\/wp-content\/uploads\/2016\/10\/fotonoticia_20161023122554_800.jpg"},"aioseo_meta_data":{"post_id":"83221","title":null,"description":null,"keywords":null,"keyphrases":null,"primary_term":null,"canonical_url":null,"og_title":null,"og_description":null,"og_object_type":"default","og_image_type":"default","og_image_url":null,"og_image_width":null,"og_image_height":null,"og_image_custom_url":null,"og_image_custom_fields":null,"og_video":null,"og_custom_url":null,"og_article_section":null,"og_article_tags":null,"twitter_use_og":false,"twitter_card":"default","twitter_image_type":"default","twitter_image_url":null,"twitter_image_custom_url":null,"twitter_image_custom_fields":null,"twitter_title":null,"twitter_description":null,"schema":{"blockGraphs":[],"customGraphs":[],"default":{"data":{"Article":[],"Course":[],"Dataset":[],"FAQPage":[],"Movie":[],"Person":[],"Product":[],"ProductReview":[],"Car":[],"Recipe":[],"Service":[],"SoftwareApplication":[],"WebPage":[]},"graphName":"","isEnabled":true},"graphs":[],"defaultGraph":"","defaultPostTypeGraph":""},"schema_type":null,"schema_type_options":null,"pillar_content":false,"robots_default":true,"robots_noindex":false,"robots_noarchive":false,"robots_nosnippet":false,"robots_nofollow":false,"robots_noimageindex":false,"robots_noodp":false,"robots_notranslate":false,"robots_max_snippet":null,"robots_max_videopreview":null,"robots_max_imagepreview":"large","priority":null,"frequency":null,"location":null,"local_seo":null,"seo_analyzer_scan_date":"2025-09-28 02:34:23","breadcrumb_settings":null,"limit_modified_date":false,"open_ai":null,"ai":null,"created":"2020-12-21 15:30:05","updated":"2025-09-28 02:34:23"},"aioseo_breadcrumb":"<div class=\"aioseo-breadcrumbs\"><span class=\"aioseo-breadcrumb\">\n\t<a href=\"https:\/\/eldigitaldeasturias.com\/magazine365\" title=\"Home\">Home<\/a>\n<\/span><span class=\"aioseo-breadcrumb-separator\">\u2013<\/span><span class=\"aioseo-breadcrumb\">\n\t<a href=\"https:\/\/eldigitaldeasturias.com\/magazine365\/category\/noticias-actualidad\/\" title=\"Noticias y Actualidad\">Noticias y Actualidad<\/a>\n<\/span><span class=\"aioseo-breadcrumb-separator\">\u2013<\/span><span class=\"aioseo-breadcrumb\">\n\t<a href=\"https:\/\/eldigitaldeasturias.com\/magazine365\/asturias-y-leon-promocionaran-conjuntamente-sus-estaciones-invernales\/\" title=\"Asturias y Le\u00f3n promocionar\u00e1n conjuntamente sus estaciones invernales\">Asturias y Le\u00f3n promocionar\u00e1n conjuntamente sus estaciones invernales<\/a>\n<\/span><\/div>","aioseo_breadcrumb_json":[{"label":"Home","link":"https:\/\/eldigitaldeasturias.com\/magazine365"},{"label":"Noticias y Actualidad","link":"https:\/\/eldigitaldeasturias.com\/magazine365\/category\/noticias-actualidad\/"},{"label":"Asturias y Le\u00f3n promocionar\u00e1n conjuntamente sus estaciones invernales","link":"https:\/\/eldigitaldeasturias.com\/magazine365\/asturias-y-leon-promocionaran-conjuntamente-sus-estaciones-invernales\/"}],"_links":{"self":[{"href":"https:\/\/eldigitaldeasturias.com\/magazine365\/wp-json\/wp\/v2\/posts\/83221","targetHints":{"allow":["GET"]}}],"collection":[{"href":"https:\/\/eldigitaldeasturias.com\/magazine365\/wp-json\/wp\/v2\/posts"}],"about":[{"href":"https:\/\/eldigitaldeasturias.com\/magazine365\/wp-json\/wp\/v2\/types\/post"}],"author":[{"embeddable":true,"href":"https:\/\/eldigitaldeasturias.com\/magazine365\/wp-json\/wp\/v2\/users\/1"}],"replies":[{"embeddable":true,"href":"https:\/\/eldigitaldeasturias.com\/magazine365\/wp-json\/wp\/v2\/comments?post=83221"}],"version-history":[{"count":0,"href":"https:\/\/eldigitaldeasturias.com\/magazine365\/wp-json\/wp\/v2\/posts\/83221\/revisions"}],"wp:featuredmedia":[{"embeddable":true,"href":"https:\/\/eldigitaldeasturias.com\/magazine365\/wp-json\/wp\/v2\/media\/83222"}],"wp:attachment":[{"href":"https:\/\/eldigitaldeasturias.com\/magazine365\/wp-json\/wp\/v2\/media?parent=83221"}],"wp:term":[{"taxonomy":"category","embeddable":true,"href":"https:\/\/eldigitaldeasturias.com\/magazine365\/wp-json\/wp\/v2\/categories?post=83221"},{"taxonomy":"post_tag","embeddable":true,"href":"https:\/\/eldigitaldeasturias.com\/magazine365\/wp-json\/wp\/v2\/tags?post=83221"}],"curies":[{"name":"wp","href":"https:\/\/api.w.org\/{rel}","templated":true}]}}