{"id":83189,"date":"2016-10-31T03:39:57","date_gmt":"2016-10-31T02:39:57","guid":{"rendered":"http:\/\/eldigitaldeasturias.com\/magazine365\/?p=83189"},"modified":"2016-10-31T03:39:57","modified_gmt":"2016-10-31T02:39:57","slug":"recuperar-el-sentido-del-tacto-gracias-a-la-tecnologia","status":"publish","type":"post","link":"https:\/\/eldigitaldeasturias.com\/magazine365\/recuperar-el-sentido-del-tacto-gracias-a-la-tecnologia\/","title":{"rendered":"Recuperar el sentido del tacto gracias a la tecnolog\u00eda"},"content":{"rendered":"<p>Es una realidad que los avances en pr\u00f3tesis y mecanismos para personas paralizadas o con la falta de alg\u00fan miembro han evolucionado de una forma impresionaste, llegando a tener dispositivos rob\u00f3ticos e incluso aquellos que se apoyan en la impresi\u00f3n 3D. Pero aqu\u00ed todav\u00eda hay una tarea pendiente, que es tratar de recuperar el sentido del tacto.<\/p>\n<p>Ya hemos visto un par de proyectos centrados en pieles sint\u00e9ticas y sensores en pr\u00f3tesis que buscan precisamente que las personas vuelvan a sentir, pero hoy se ha dado a conocer un nuevo hito en este segmento al haber conseguido que por primera vez un hombre tetrapl\u00e9jico sienta a trav\u00e9s de una mano bi\u00f3nica.<\/p>\n<p><strong>No s\u00f3lo es sustituir el miembro, sino recuperar todas sus funciones<\/strong><\/p>\n<p>Un grupo de investigadores y m\u00e9dicos del Centro de la base neural de la cognici\u00f3n en Pittsburgh, Pennsylvania, han logrado que Nathan Copeland, un tetrapl\u00e9jico de 28 a\u00f1os de edad, vuelva a tener la sensaci\u00f3n del tacto a trav\u00e9s de una mano bi\u00f3nica, esto gracias a unos implantes cerebrales.<\/p>\n<p>En antiguos desarrollos basados en implantes cerebrales ya se hab\u00eda conseguido mover los dedos de las pr\u00f3tesis as\u00ed como la aplicaci\u00f3n de diversos niveles de fuerza con s\u00f3lo el pensamiento pero ahora, adem\u00e1s de moverlos, ser\u00e1 posible sentir cuando uno de los dedos toca o es tocado por alg\u00fan objeto o superficie.<\/p>\n<p>Este trabajo es una extensi\u00f3n de la investigaci\u00f3n de implantes cerebrales en la corteza motora que ahora se ampl\u00eda a la corteza somatosensorial, que es la parte del cerebro que registra el sentido del tacto. El trabajo consiste en la implantaci\u00f3n de electrodos en el cerebro que est\u00e1n vinculados con la mano rob\u00f3tica a trav\u00e9s de un ordenador.<\/p>\n<p>Esta es la primera vez que se logra que una personas paralizada del cuello hacia abajo pueda mover una mano rob\u00f3tica y al mismo tiempo tenga sentido de tacto en los dedos con una precisi\u00f3n del 80%. El siguiente paso de este proyecto ser\u00e1 extender el alcance de los implantes cerebrales para controlar pr\u00f3tesis en ambas manos as\u00ed como en piernas y pies.<\/p>\n<p>&nbsp;<\/p>\n","protected":false},"excerpt":{"rendered":"<p>Es una realidad que los avances en pr\u00f3tesis y mecanismos para personas paralizadas o con la falta de alg\u00fan miembro han evolucionado de una forma impresionaste, llegando a tener dispositivos rob\u00f3ticos e incluso aquellos que se apoyan en la impresi\u00f3n 3D. Pero aqu\u00ed todav\u00eda hay una tarea pendiente, que es tratar de recuperar el sentido<\/p>\n","protected":false},"author":1,"featured_media":77926,"comment_status":"open","ping_status":"closed","sticky":false,"template":"","format":"standard","meta":{"footnotes":""},"categories":[224],"tags":[],"class_list":{"0":"post-83189","1":"post","2":"type-post","3":"status-publish","4":"format-standard","5":"has-post-thumbnail","7":"category-noticias-actualidad"},"aioseo_notices":[],"aioseo_head":"\n\t\t<!-- All in One SEO Pro 4.9.6.1 - aioseo.com -->\n\t<meta name=\"description\" content=\"Es una realidad que los avances en pr\u00f3tesis y mecanismos para personas paralizadas o con la falta de alg\u00fan miembro han evolucionado de una forma impresionaste, llegando a tener dispositivos rob\u00f3ticos e incluso aquellos que se apoyan en la impresi\u00f3n 3D. Pero aqu\u00ed todav\u00eda hay una tarea pendiente, que es tratar de recuperar el sentido\" \/>\n\t<meta name=\"robots\" content=\"max-image-preview:large\" \/>\n\t<meta name=\"author\" content=\"admin\"\/>\n\t<meta name=\"google-site-verification\" content=\"UA-38556648-1\" \/>\n\t<meta name=\"keywords\" content=\"noticias y actualidad\" \/>\n\t<link rel=\"canonical\" href=\"https:\/\/eldigitaldeasturias.com\/magazine365\/recuperar-el-sentido-del-tacto-gracias-a-la-tecnologia\/\" \/>\n\t<meta name=\"generator\" content=\"All in One SEO Pro (AIOSEO) 4.9.6.1\" \/>\n\t\t<meta property=\"og:locale\" content=\"es_ES\" \/>\n\t\t<meta property=\"og:site_name\" content=\"El Digital de Asturias \u2013 Revista de ocio, turismo y estilo de vida\" \/>\n\t\t<meta property=\"og:type\" content=\"article\" \/>\n\t\t<meta property=\"og:title\" content=\"Recuperar el sentido del tacto gracias a la tecnolog\u00eda | El Digital de Asturias\" \/>\n\t\t<meta property=\"og:description\" content=\"Es una realidad que los avances en pr\u00f3tesis y mecanismos para personas paralizadas o con la falta de alg\u00fan miembro han evolucionado de una forma impresionaste, llegando a tener dispositivos rob\u00f3ticos e incluso aquellos que se apoyan en la impresi\u00f3n 3D. Pero aqu\u00ed todav\u00eda hay una tarea pendiente, que es tratar de recuperar el sentido\" \/>\n\t\t<meta property=\"og:url\" content=\"https:\/\/eldigitaldeasturias.com\/magazine365\/recuperar-el-sentido-del-tacto-gracias-a-la-tecnologia\/\" \/>\n\t\t<meta property=\"og:image\" content=\"https:\/\/eldigitaldeasturias.com\/magazine365\/wp-content\/uploads\/2016\/06\/m365.jpg\" \/>\n\t\t<meta property=\"og:image:secure_url\" content=\"https:\/\/eldigitaldeasturias.com\/magazine365\/wp-content\/uploads\/2016\/06\/m365.jpg\" \/>\n\t\t<meta property=\"og:image:width\" content=\"655\" \/>\n\t\t<meta property=\"og:image:height\" content=\"360\" \/>\n\t\t<meta property=\"article:published_time\" content=\"2016-10-31T02:39:57+00:00\" \/>\n\t\t<meta property=\"article:modified_time\" content=\"2016-10-31T02:39:57+00:00\" \/>\n\t\t<meta name=\"twitter:card\" content=\"summary_large_image\" \/>\n\t\t<meta name=\"twitter:title\" content=\"Recuperar el sentido del tacto gracias a la tecnolog\u00eda | El Digital de Asturias\" \/>\n\t\t<meta name=\"twitter:description\" content=\"Es una realidad que los avances en pr\u00f3tesis y mecanismos para personas paralizadas o con la falta de alg\u00fan miembro han evolucionado de una forma impresionaste, llegando a tener dispositivos rob\u00f3ticos e incluso aquellos que se apoyan en la impresi\u00f3n 3D. Pero aqu\u00ed todav\u00eda hay una tarea pendiente, que es tratar de recuperar el sentido\" \/>\n\t\t<meta name=\"twitter:image\" content=\"https:\/\/eldigitaldeasturias.com\/magazine365\/wp-content\/uploads\/2016\/06\/m365.jpg\" \/>\n\t\t<script type=\"application\/ld+json\" class=\"aioseo-schema\">\n\t\t\t{\"@context\":\"https:\\\/\\\/schema.org\",\"@graph\":[{\"@type\":\"Article\",\"@id\":\"https:\\\/\\\/eldigitaldeasturias.com\\\/magazine365\\\/recuperar-el-sentido-del-tacto-gracias-a-la-tecnologia\\\/#article\",\"name\":\"Recuperar el sentido del tacto gracias a la tecnolog\\u00eda | El Digital de Asturias\",\"headline\":\"Recuperar el sentido del tacto gracias a la tecnolog\\u00eda\",\"author\":{\"@id\":\"https:\\\/\\\/eldigitaldeasturias.com\\\/magazine365\\\/author\\\/admin\\\/#author\"},\"publisher\":{\"@id\":\"https:\\\/\\\/eldigitaldeasturias.com\\\/magazine365\\\/#organization\"},\"image\":{\"@type\":\"ImageObject\",\"url\":\"https:\\\/\\\/eldigitaldeasturias.com\\\/magazine365\\\/wp-content\\\/uploads\\\/2016\\\/06\\\/m365.jpg\",\"width\":655,\"height\":360},\"datePublished\":\"2016-10-31T03:39:57+01:00\",\"dateModified\":\"2016-10-31T03:39:57+01:00\",\"inLanguage\":\"es-ES\",\"mainEntityOfPage\":{\"@id\":\"https:\\\/\\\/eldigitaldeasturias.com\\\/magazine365\\\/recuperar-el-sentido-del-tacto-gracias-a-la-tecnologia\\\/#webpage\"},\"isPartOf\":{\"@id\":\"https:\\\/\\\/eldigitaldeasturias.com\\\/magazine365\\\/recuperar-el-sentido-del-tacto-gracias-a-la-tecnologia\\\/#webpage\"},\"articleSection\":\"Noticias y Actualidad\"},{\"@type\":\"BreadcrumbList\",\"@id\":\"https:\\\/\\\/eldigitaldeasturias.com\\\/magazine365\\\/recuperar-el-sentido-del-tacto-gracias-a-la-tecnologia\\\/#breadcrumblist\",\"itemListElement\":[{\"@type\":\"ListItem\",\"@id\":\"https:\\\/\\\/eldigitaldeasturias.com\\\/magazine365#listItem\",\"position\":1,\"name\":\"Home\",\"item\":\"https:\\\/\\\/eldigitaldeasturias.com\\\/magazine365\",\"nextItem\":{\"@type\":\"ListItem\",\"@id\":\"https:\\\/\\\/eldigitaldeasturias.com\\\/magazine365\\\/category\\\/noticias-actualidad\\\/#listItem\",\"name\":\"Noticias y Actualidad\"}},{\"@type\":\"ListItem\",\"@id\":\"https:\\\/\\\/eldigitaldeasturias.com\\\/magazine365\\\/category\\\/noticias-actualidad\\\/#listItem\",\"position\":2,\"name\":\"Noticias y Actualidad\",\"item\":\"https:\\\/\\\/eldigitaldeasturias.com\\\/magazine365\\\/category\\\/noticias-actualidad\\\/\",\"nextItem\":{\"@type\":\"ListItem\",\"@id\":\"https:\\\/\\\/eldigitaldeasturias.com\\\/magazine365\\\/recuperar-el-sentido-del-tacto-gracias-a-la-tecnologia\\\/#listItem\",\"name\":\"Recuperar el sentido del tacto gracias a la tecnolog\\u00eda\"},\"previousItem\":{\"@type\":\"ListItem\",\"@id\":\"https:\\\/\\\/eldigitaldeasturias.com\\\/magazine365#listItem\",\"name\":\"Home\"}},{\"@type\":\"ListItem\",\"@id\":\"https:\\\/\\\/eldigitaldeasturias.com\\\/magazine365\\\/recuperar-el-sentido-del-tacto-gracias-a-la-tecnologia\\\/#listItem\",\"position\":3,\"name\":\"Recuperar el sentido del tacto gracias a la tecnolog\\u00eda\",\"previousItem\":{\"@type\":\"ListItem\",\"@id\":\"https:\\\/\\\/eldigitaldeasturias.com\\\/magazine365\\\/category\\\/noticias-actualidad\\\/#listItem\",\"name\":\"Noticias y Actualidad\"}}]},{\"@type\":\"Organization\",\"@id\":\"https:\\\/\\\/eldigitaldeasturias.com\\\/magazine365\\\/#organization\",\"name\":\"El digital de Asturias\",\"description\":\"Revista de ocio, turismo y estilo de vida\",\"url\":\"https:\\\/\\\/eldigitaldeasturias.com\\\/magazine365\\\/\",\"logo\":{\"@type\":\"ImageObject\",\"url\":\"https:\\\/\\\/www.eldigitaldeasturias.com\\\/noticias\\\/wp-content\\\/uploads\\\/2020\\\/12\\\/EDA.jpg\",\"@id\":\"https:\\\/\\\/eldigitaldeasturias.com\\\/magazine365\\\/recuperar-el-sentido-del-tacto-gracias-a-la-tecnologia\\\/#organizationLogo\"},\"image\":{\"@id\":\"https:\\\/\\\/eldigitaldeasturias.com\\\/magazine365\\\/recuperar-el-sentido-del-tacto-gracias-a-la-tecnologia\\\/#organizationLogo\"}},{\"@type\":\"Person\",\"@id\":\"https:\\\/\\\/eldigitaldeasturias.com\\\/magazine365\\\/author\\\/admin\\\/#author\",\"url\":\"https:\\\/\\\/eldigitaldeasturias.com\\\/magazine365\\\/author\\\/admin\\\/\",\"name\":\"admin\",\"image\":{\"@type\":\"ImageObject\",\"@id\":\"https:\\\/\\\/eldigitaldeasturias.com\\\/magazine365\\\/recuperar-el-sentido-del-tacto-gracias-a-la-tecnologia\\\/#authorImage\",\"url\":\"https:\\\/\\\/eldigitaldeasturias.com\\\/magazine365\\\/wp-content\\\/litespeed\\\/avatar\\\/e571bcf59a0edd6fa6838245a470f2fe.jpg?ver=1776969259\",\"width\":96,\"height\":96,\"caption\":\"admin\"}},{\"@type\":\"WebPage\",\"@id\":\"https:\\\/\\\/eldigitaldeasturias.com\\\/magazine365\\\/recuperar-el-sentido-del-tacto-gracias-a-la-tecnologia\\\/#webpage\",\"url\":\"https:\\\/\\\/eldigitaldeasturias.com\\\/magazine365\\\/recuperar-el-sentido-del-tacto-gracias-a-la-tecnologia\\\/\",\"name\":\"Recuperar el sentido del tacto gracias a la tecnolog\\u00eda | El Digital de Asturias\",\"description\":\"Es una realidad que los avances en pr\\u00f3tesis y mecanismos para personas paralizadas o con la falta de alg\\u00fan miembro han evolucionado de una forma impresionaste, llegando a tener dispositivos rob\\u00f3ticos e incluso aquellos que se apoyan en la impresi\\u00f3n 3D. Pero aqu\\u00ed todav\\u00eda hay una tarea pendiente, que es tratar de recuperar el sentido\",\"inLanguage\":\"es-ES\",\"isPartOf\":{\"@id\":\"https:\\\/\\\/eldigitaldeasturias.com\\\/magazine365\\\/#website\"},\"breadcrumb\":{\"@id\":\"https:\\\/\\\/eldigitaldeasturias.com\\\/magazine365\\\/recuperar-el-sentido-del-tacto-gracias-a-la-tecnologia\\\/#breadcrumblist\"},\"author\":{\"@id\":\"https:\\\/\\\/eldigitaldeasturias.com\\\/magazine365\\\/author\\\/admin\\\/#author\"},\"creator\":{\"@id\":\"https:\\\/\\\/eldigitaldeasturias.com\\\/magazine365\\\/author\\\/admin\\\/#author\"},\"image\":{\"@type\":\"ImageObject\",\"url\":\"https:\\\/\\\/eldigitaldeasturias.com\\\/magazine365\\\/wp-content\\\/uploads\\\/2016\\\/06\\\/m365.jpg\",\"@id\":\"https:\\\/\\\/eldigitaldeasturias.com\\\/magazine365\\\/recuperar-el-sentido-del-tacto-gracias-a-la-tecnologia\\\/#mainImage\",\"width\":655,\"height\":360},\"primaryImageOfPage\":{\"@id\":\"https:\\\/\\\/eldigitaldeasturias.com\\\/magazine365\\\/recuperar-el-sentido-del-tacto-gracias-a-la-tecnologia\\\/#mainImage\"},\"datePublished\":\"2016-10-31T03:39:57+01:00\",\"dateModified\":\"2016-10-31T03:39:57+01:00\"},{\"@type\":\"WebSite\",\"@id\":\"https:\\\/\\\/eldigitaldeasturias.com\\\/magazine365\\\/#website\",\"url\":\"https:\\\/\\\/eldigitaldeasturias.com\\\/magazine365\\\/\",\"name\":\"El Digital de Asturias\",\"description\":\"Revista de ocio, turismo y estilo de vida\",\"inLanguage\":\"es-ES\",\"publisher\":{\"@id\":\"https:\\\/\\\/eldigitaldeasturias.com\\\/magazine365\\\/#organization\"}}]}\n\t\t<\/script>\n\t\t<!-- All in One SEO Pro -->\r\n\t\t<title>Recuperar el sentido del tacto gracias a la tecnolog\u00eda | El Digital de Asturias<\/title>\n\n","aioseo_head_json":{"title":"Recuperar el sentido del tacto gracias a la tecnolog\u00eda | El Digital de Asturias","description":"Es una realidad que los avances en pr\u00f3tesis y mecanismos para personas paralizadas o con la falta de alg\u00fan miembro han evolucionado de una forma impresionaste, llegando a tener dispositivos rob\u00f3ticos e incluso aquellos que se apoyan en la impresi\u00f3n 3D. Pero aqu\u00ed todav\u00eda hay una tarea pendiente, que es tratar de recuperar el sentido","canonical_url":"https:\/\/eldigitaldeasturias.com\/magazine365\/recuperar-el-sentido-del-tacto-gracias-a-la-tecnologia\/","robots":"max-image-preview:large","keywords":"noticias y actualidad","webmasterTools":{"google-site-verification":"UA-38556648-1","miscellaneous":""},"schema":{"@context":"https:\/\/schema.org","@graph":[{"@type":"Article","@id":"https:\/\/eldigitaldeasturias.com\/magazine365\/recuperar-el-sentido-del-tacto-gracias-a-la-tecnologia\/#article","name":"Recuperar el sentido del tacto gracias a la tecnolog\u00eda | El Digital de Asturias","headline":"Recuperar el sentido del tacto gracias a la tecnolog\u00eda","author":{"@id":"https:\/\/eldigitaldeasturias.com\/magazine365\/author\/admin\/#author"},"publisher":{"@id":"https:\/\/eldigitaldeasturias.com\/magazine365\/#organization"},"image":{"@type":"ImageObject","url":"https:\/\/eldigitaldeasturias.com\/magazine365\/wp-content\/uploads\/2016\/06\/m365.jpg","width":655,"height":360},"datePublished":"2016-10-31T03:39:57+01:00","dateModified":"2016-10-31T03:39:57+01:00","inLanguage":"es-ES","mainEntityOfPage":{"@id":"https:\/\/eldigitaldeasturias.com\/magazine365\/recuperar-el-sentido-del-tacto-gracias-a-la-tecnologia\/#webpage"},"isPartOf":{"@id":"https:\/\/eldigitaldeasturias.com\/magazine365\/recuperar-el-sentido-del-tacto-gracias-a-la-tecnologia\/#webpage"},"articleSection":"Noticias y Actualidad"},{"@type":"BreadcrumbList","@id":"https:\/\/eldigitaldeasturias.com\/magazine365\/recuperar-el-sentido-del-tacto-gracias-a-la-tecnologia\/#breadcrumblist","itemListElement":[{"@type":"ListItem","@id":"https:\/\/eldigitaldeasturias.com\/magazine365#listItem","position":1,"name":"Home","item":"https:\/\/eldigitaldeasturias.com\/magazine365","nextItem":{"@type":"ListItem","@id":"https:\/\/eldigitaldeasturias.com\/magazine365\/category\/noticias-actualidad\/#listItem","name":"Noticias y Actualidad"}},{"@type":"ListItem","@id":"https:\/\/eldigitaldeasturias.com\/magazine365\/category\/noticias-actualidad\/#listItem","position":2,"name":"Noticias y Actualidad","item":"https:\/\/eldigitaldeasturias.com\/magazine365\/category\/noticias-actualidad\/","nextItem":{"@type":"ListItem","@id":"https:\/\/eldigitaldeasturias.com\/magazine365\/recuperar-el-sentido-del-tacto-gracias-a-la-tecnologia\/#listItem","name":"Recuperar el sentido del tacto gracias a la tecnolog\u00eda"},"previousItem":{"@type":"ListItem","@id":"https:\/\/eldigitaldeasturias.com\/magazine365#listItem","name":"Home"}},{"@type":"ListItem","@id":"https:\/\/eldigitaldeasturias.com\/magazine365\/recuperar-el-sentido-del-tacto-gracias-a-la-tecnologia\/#listItem","position":3,"name":"Recuperar el sentido del tacto gracias a la tecnolog\u00eda","previousItem":{"@type":"ListItem","@id":"https:\/\/eldigitaldeasturias.com\/magazine365\/category\/noticias-actualidad\/#listItem","name":"Noticias y Actualidad"}}]},{"@type":"Organization","@id":"https:\/\/eldigitaldeasturias.com\/magazine365\/#organization","name":"El digital de Asturias","description":"Revista de ocio, turismo y estilo de vida","url":"https:\/\/eldigitaldeasturias.com\/magazine365\/","logo":{"@type":"ImageObject","url":"https:\/\/www.eldigitaldeasturias.com\/noticias\/wp-content\/uploads\/2020\/12\/EDA.jpg","@id":"https:\/\/eldigitaldeasturias.com\/magazine365\/recuperar-el-sentido-del-tacto-gracias-a-la-tecnologia\/#organizationLogo"},"image":{"@id":"https:\/\/eldigitaldeasturias.com\/magazine365\/recuperar-el-sentido-del-tacto-gracias-a-la-tecnologia\/#organizationLogo"}},{"@type":"Person","@id":"https:\/\/eldigitaldeasturias.com\/magazine365\/author\/admin\/#author","url":"https:\/\/eldigitaldeasturias.com\/magazine365\/author\/admin\/","name":"admin","image":{"@type":"ImageObject","@id":"https:\/\/eldigitaldeasturias.com\/magazine365\/recuperar-el-sentido-del-tacto-gracias-a-la-tecnologia\/#authorImage","url":"https:\/\/eldigitaldeasturias.com\/magazine365\/wp-content\/litespeed\/avatar\/e571bcf59a0edd6fa6838245a470f2fe.jpg?ver=1776969259","width":96,"height":96,"caption":"admin"}},{"@type":"WebPage","@id":"https:\/\/eldigitaldeasturias.com\/magazine365\/recuperar-el-sentido-del-tacto-gracias-a-la-tecnologia\/#webpage","url":"https:\/\/eldigitaldeasturias.com\/magazine365\/recuperar-el-sentido-del-tacto-gracias-a-la-tecnologia\/","name":"Recuperar el sentido del tacto gracias a la tecnolog\u00eda | El Digital de Asturias","description":"Es una realidad que los avances en pr\u00f3tesis y mecanismos para personas paralizadas o con la falta de alg\u00fan miembro han evolucionado de una forma impresionaste, llegando a tener dispositivos rob\u00f3ticos e incluso aquellos que se apoyan en la impresi\u00f3n 3D. Pero aqu\u00ed todav\u00eda hay una tarea pendiente, que es tratar de recuperar el sentido","inLanguage":"es-ES","isPartOf":{"@id":"https:\/\/eldigitaldeasturias.com\/magazine365\/#website"},"breadcrumb":{"@id":"https:\/\/eldigitaldeasturias.com\/magazine365\/recuperar-el-sentido-del-tacto-gracias-a-la-tecnologia\/#breadcrumblist"},"author":{"@id":"https:\/\/eldigitaldeasturias.com\/magazine365\/author\/admin\/#author"},"creator":{"@id":"https:\/\/eldigitaldeasturias.com\/magazine365\/author\/admin\/#author"},"image":{"@type":"ImageObject","url":"https:\/\/eldigitaldeasturias.com\/magazine365\/wp-content\/uploads\/2016\/06\/m365.jpg","@id":"https:\/\/eldigitaldeasturias.com\/magazine365\/recuperar-el-sentido-del-tacto-gracias-a-la-tecnologia\/#mainImage","width":655,"height":360},"primaryImageOfPage":{"@id":"https:\/\/eldigitaldeasturias.com\/magazine365\/recuperar-el-sentido-del-tacto-gracias-a-la-tecnologia\/#mainImage"},"datePublished":"2016-10-31T03:39:57+01:00","dateModified":"2016-10-31T03:39:57+01:00"},{"@type":"WebSite","@id":"https:\/\/eldigitaldeasturias.com\/magazine365\/#website","url":"https:\/\/eldigitaldeasturias.com\/magazine365\/","name":"El Digital de Asturias","description":"Revista de ocio, turismo y estilo de vida","inLanguage":"es-ES","publisher":{"@id":"https:\/\/eldigitaldeasturias.com\/magazine365\/#organization"}}]},"og:locale":"es_ES","og:site_name":"El Digital de Asturias \u2013 Revista de ocio, turismo y estilo de vida","og:type":"article","og:title":"Recuperar el sentido del tacto gracias a la tecnolog\u00eda | El Digital de Asturias","og:description":"Es una realidad que los avances en pr\u00f3tesis y mecanismos para personas paralizadas o con la falta de alg\u00fan miembro han evolucionado de una forma impresionaste, llegando a tener dispositivos rob\u00f3ticos e incluso aquellos que se apoyan en la impresi\u00f3n 3D. Pero aqu\u00ed todav\u00eda hay una tarea pendiente, que es tratar de recuperar el sentido","og:url":"https:\/\/eldigitaldeasturias.com\/magazine365\/recuperar-el-sentido-del-tacto-gracias-a-la-tecnologia\/","og:image":"https:\/\/eldigitaldeasturias.com\/magazine365\/wp-content\/uploads\/2016\/06\/m365.jpg","og:image:secure_url":"https:\/\/eldigitaldeasturias.com\/magazine365\/wp-content\/uploads\/2016\/06\/m365.jpg","og:image:width":655,"og:image:height":360,"article:published_time":"2016-10-31T02:39:57+00:00","article:modified_time":"2016-10-31T02:39:57+00:00","twitter:card":"summary_large_image","twitter:title":"Recuperar el sentido del tacto gracias a la tecnolog\u00eda | El Digital de Asturias","twitter:description":"Es una realidad que los avances en pr\u00f3tesis y mecanismos para personas paralizadas o con la falta de alg\u00fan miembro han evolucionado de una forma impresionaste, llegando a tener dispositivos rob\u00f3ticos e incluso aquellos que se apoyan en la impresi\u00f3n 3D. Pero aqu\u00ed todav\u00eda hay una tarea pendiente, que es tratar de recuperar el sentido","twitter:image":"https:\/\/eldigitaldeasturias.com\/magazine365\/wp-content\/uploads\/2016\/06\/m365.jpg"},"aioseo_meta_data":{"post_id":"83189","title":null,"description":null,"keywords":null,"keyphrases":null,"primary_term":null,"canonical_url":null,"og_title":null,"og_description":null,"og_object_type":"default","og_image_type":"default","og_image_url":null,"og_image_width":null,"og_image_height":null,"og_image_custom_url":null,"og_image_custom_fields":null,"og_video":null,"og_custom_url":null,"og_article_section":null,"og_article_tags":null,"twitter_use_og":false,"twitter_card":"default","twitter_image_type":"default","twitter_image_url":null,"twitter_image_custom_url":null,"twitter_image_custom_fields":null,"twitter_title":null,"twitter_description":null,"schema":{"blockGraphs":[],"customGraphs":[],"default":{"data":{"Article":[],"Course":[],"Dataset":[],"FAQPage":[],"Movie":[],"Person":[],"Product":[],"ProductReview":[],"Car":[],"Recipe":[],"Service":[],"SoftwareApplication":[],"WebPage":[]},"graphName":"","isEnabled":true},"graphs":[]},"schema_type":null,"schema_type_options":null,"pillar_content":false,"robots_default":true,"robots_noindex":false,"robots_noarchive":false,"robots_nosnippet":false,"robots_nofollow":false,"robots_noimageindex":false,"robots_noodp":false,"robots_notranslate":false,"robots_max_snippet":null,"robots_max_videopreview":null,"robots_max_imagepreview":"large","priority":null,"frequency":null,"location":null,"local_seo":null,"seo_analyzer_scan_date":"2025-09-28 02:29:04","breadcrumb_settings":null,"limit_modified_date":false,"open_ai":null,"ai":null,"created":"2020-12-21 15:30:05","updated":"2025-09-28 02:29:04"},"aioseo_breadcrumb":"<div class=\"aioseo-breadcrumbs\"><span class=\"aioseo-breadcrumb\">\n\t<a href=\"https:\/\/eldigitaldeasturias.com\/magazine365\" title=\"Home\">Home<\/a>\n<\/span><span class=\"aioseo-breadcrumb-separator\">\u2013<\/span><span class=\"aioseo-breadcrumb\">\n\t<a href=\"https:\/\/eldigitaldeasturias.com\/magazine365\/category\/noticias-actualidad\/\" title=\"Noticias y Actualidad\">Noticias y Actualidad<\/a>\n<\/span><span class=\"aioseo-breadcrumb-separator\">\u2013<\/span><span class=\"aioseo-breadcrumb\">\n\t<a href=\"https:\/\/eldigitaldeasturias.com\/magazine365\/recuperar-el-sentido-del-tacto-gracias-a-la-tecnologia\/\" title=\"Recuperar el sentido del tacto gracias a la tecnolog\u00eda\">Recuperar el sentido del tacto gracias a la tecnolog\u00eda<\/a>\n<\/span><\/div>","aioseo_breadcrumb_json":[{"label":"Home","link":"https:\/\/eldigitaldeasturias.com\/magazine365"},{"label":"Noticias y Actualidad","link":"https:\/\/eldigitaldeasturias.com\/magazine365\/category\/noticias-actualidad\/"},{"label":"Recuperar el sentido del tacto gracias a la tecnolog\u00eda","link":"https:\/\/eldigitaldeasturias.com\/magazine365\/recuperar-el-sentido-del-tacto-gracias-a-la-tecnologia\/"}],"_links":{"self":[{"href":"https:\/\/eldigitaldeasturias.com\/magazine365\/wp-json\/wp\/v2\/posts\/83189","targetHints":{"allow":["GET"]}}],"collection":[{"href":"https:\/\/eldigitaldeasturias.com\/magazine365\/wp-json\/wp\/v2\/posts"}],"about":[{"href":"https:\/\/eldigitaldeasturias.com\/magazine365\/wp-json\/wp\/v2\/types\/post"}],"author":[{"embeddable":true,"href":"https:\/\/eldigitaldeasturias.com\/magazine365\/wp-json\/wp\/v2\/users\/1"}],"replies":[{"embeddable":true,"href":"https:\/\/eldigitaldeasturias.com\/magazine365\/wp-json\/wp\/v2\/comments?post=83189"}],"version-history":[{"count":0,"href":"https:\/\/eldigitaldeasturias.com\/magazine365\/wp-json\/wp\/v2\/posts\/83189\/revisions"}],"wp:featuredmedia":[{"embeddable":true,"href":"https:\/\/eldigitaldeasturias.com\/magazine365\/wp-json\/wp\/v2\/media\/77926"}],"wp:attachment":[{"href":"https:\/\/eldigitaldeasturias.com\/magazine365\/wp-json\/wp\/v2\/media?parent=83189"}],"wp:term":[{"taxonomy":"category","embeddable":true,"href":"https:\/\/eldigitaldeasturias.com\/magazine365\/wp-json\/wp\/v2\/categories?post=83189"},{"taxonomy":"post_tag","embeddable":true,"href":"https:\/\/eldigitaldeasturias.com\/magazine365\/wp-json\/wp\/v2\/tags?post=83189"}],"curies":[{"name":"wp","href":"https:\/\/api.w.org\/{rel}","templated":true}]}}