{"id":83178,"date":"2016-10-31T03:34:27","date_gmt":"2016-10-31T02:34:27","guid":{"rendered":"http:\/\/eldigitaldeasturias.com\/magazine365\/?p=83178"},"modified":"2016-10-31T03:34:27","modified_gmt":"2016-10-31T02:34:27","slug":"el-entorno-moldea-la-personalidad","status":"publish","type":"post","link":"https:\/\/eldigitaldeasturias.com\/magazine365\/el-entorno-moldea-la-personalidad\/","title":{"rendered":"El entorno moldea la personalidad"},"content":{"rendered":"<p><img fetchpriority=\"high\" decoding=\"async\" class=\"alignleft size-medium wp-image-83179\" src=\"https:\/\/eldigitaldeasturias.com\/magazine365\/wp-content\/uploads\/2016\/10\/1477407112_New_pic_2-201x300.jpg\" alt=\"1477407112_new_pic_2\" width=\"201\" height=\"300\" srcset=\"https:\/\/eldigitaldeasturias.com\/magazine365\/wp-content\/uploads\/2016\/10\/1477407112_New_pic_2-201x300.jpg 201w, https:\/\/eldigitaldeasturias.com\/magazine365\/wp-content\/uploads\/2016\/10\/1477407112_New_pic_2-150x224.jpg 150w, https:\/\/eldigitaldeasturias.com\/magazine365\/wp-content\/uploads\/2016\/10\/1477407112_New_pic_2.jpg 211w\" sizes=\"(max-width: 201px) 100vw, 201px\" \/>De entre los 60.000 y 70.000 pensamientos que procesamos a diario, el 90% de ellos son id\u00e9nticos a los que procesamos el d\u00eda anterior. El entorno determina c\u00f3mo se piensa, c\u00f3mo se act\u00faa y c\u00f3mo se siente El entorno moldea la personalidad.<\/p>\n<p>Y eso es porque, como dice el Dr. Dispenza, \u201cb\u00e1sicamente hacemos lo mismo a diario: nos levantamos del mismo lado de la cama todas las ma\u00f1anas y tomamos lo mismo para desayunar, nos duchamos en piloto autom\u00e1tico y un largo etc\u00e9tera de acciones repetitivas a lo largo del d\u00eda\u201d. As\u00ed pues, afirma el neurocient\u00edfico estadounidense: \u201cLas mismas rutinas desencadenan las mismas emociones y las mismas emociones generan las mismas reacciones qu\u00edmicas en nuestro cuerpo y de all\u00ed nuestras rutinas\u201d.<\/p>\n<p>Seg\u00fan el doctor Dispenza, para salir de esa din\u00e1mica de pensamientos inconscientes almacenados en la memoria, es vital alejarse del mundo exterior y detenerse para reconocerse a s\u00ed mismo: encontrar un momento para apagar las emociones autom\u00e1ticas y escucharse, ser\u00eda un primer paso para salir del \u201cmodo supervivencia\u201d y empezar a moldear nuestra propia personalidad.<\/p>\n<p>Entender c\u00f3mo trabaja la mente para reprogramarla<br \/>\nPara Joe Dispenza, identificar la cantidad de pensamientos inconscientes que generamos al d\u00eda y comprender c\u00f3mo estos nos conducen a tomar determinadas decisiones es la clave para salir de la inconsciencia. El siguiente paso, afirma el bioqu\u00edmico, equivaldr\u00eda a plantearse un nuevo patr\u00f3n de pensamiento para dise\u00f1ar un nuevo software propio: \u201ct\u00fa eres tu propio ingeniero\u201d.<\/p>\n<p>Solo la meditaci\u00f3n puede llevar a responder algunos interrogantes fundamentales: \u201c\u00bfCu\u00e1l es la mejor versi\u00f3n de m\u00ed mismo que puedo ense\u00f1ar al mundo? \u00bfC\u00f3mo puedo ver a qu\u00e9 emociones soy adicto? \u00bfC\u00f3mo puedo crear nuevos circuitos que reprogramar\u00edan mi forma de pensar y de actuar? Requiere alg\u00fan esfuerzo, pero cuando abres los ojos: tu cuerpo y tu mente est\u00e1n preparados para ser alguien distinto. Si eres capaz de levantarte y mantener durante un d\u00eda ese estado modificado: prep\u00e1rate. Te va a pasar algo inusual.\u201d<\/p>\n<p>M\u00e1s all\u00e1 de la mente anal\u00edtica<br \/>\nSolo se necesita algo de tiempo y disciplina. El mensaje de Dispenza es claro: todos tenemos la habilidad de convertirnos en inmunes a las condiciones que nos impone el medioambiente. Si el estr\u00e9s llama a nuestra puerta, por ejemplo, somos capaces de convertir su energ\u00eda en algo positivo.<\/p>\n<p>As\u00ed que, si se es consciente de los pensamientos inconscientes y se puede reconocer a qu\u00e9 emociones se es adicto (miedo, inseguridad, sufrimiento, victimismo\u2026), entonces tambi\u00e9n se podr\u00e1n cambiar esas emociones y sustituirlas por otras m\u00e1s beneficiosas en todos los sentidos.<\/p>\n<p>Dispenza propone una programa de meditaci\u00f3n desligado de todo misticismo para llevar a cabo esa transformaci\u00f3n: en definitiva se trata de configurarse una nueva personalidad, de reescribir un nuevo mapa mental. En los cursos que Dispenza imparte por todo el mundo, se aprende a modificar la longitud de onda que emite nuestro cerebro: \u201cPuedes dejar de ser t\u00fa para reprogramarte. T\u00fa tienes el poder: las capacidades de la mente son ilimitadas\u201d. Pr\u00f3ximo curso en Espa\u00f1a: Curso Progresivo en Sitges este 25-27 noviembre.<\/p>\n<p>&nbsp;<\/p>\n","protected":false},"excerpt":{"rendered":"<p>De entre los 60.000 y 70.000 pensamientos que procesamos a diario, el 90% de ellos son id\u00e9nticos a los que procesamos el d\u00eda anterior. El entorno determina c\u00f3mo se piensa, c\u00f3mo se act\u00faa y c\u00f3mo se siente El entorno moldea la personalidad. Y eso es porque, como dice el Dr. Dispenza, \u201cb\u00e1sicamente hacemos lo mismo<\/p>\n","protected":false},"author":1,"featured_media":83179,"comment_status":"open","ping_status":"closed","sticky":false,"template":"","format":"standard","meta":{"footnotes":""},"categories":[224],"tags":[],"class_list":{"0":"post-83178","1":"post","2":"type-post","3":"status-publish","4":"format-standard","5":"has-post-thumbnail","7":"category-noticias-actualidad"},"aioseo_notices":[],"aioseo_head":"\n\t\t<!-- All in One SEO Pro 4.9.6.1 - aioseo.com -->\n\t<meta name=\"description\" content=\"De entre los 60.000 y 70.000 pensamientos que procesamos a diario, el 90% de ellos son id\u00e9nticos a los que procesamos el d\u00eda anterior. El entorno determina c\u00f3mo se piensa, c\u00f3mo se act\u00faa y c\u00f3mo se siente El entorno moldea la personalidad. Y eso es porque, como dice el Dr. Dispenza, \u201cb\u00e1sicamente hacemos lo mismo\" \/>\n\t<meta name=\"robots\" content=\"max-image-preview:large\" \/>\n\t<meta name=\"author\" content=\"admin\"\/>\n\t<meta name=\"google-site-verification\" content=\"UA-38556648-1\" \/>\n\t<meta name=\"keywords\" content=\"noticias y actualidad\" \/>\n\t<link rel=\"canonical\" href=\"https:\/\/eldigitaldeasturias.com\/magazine365\/el-entorno-moldea-la-personalidad\/\" \/>\n\t<meta name=\"generator\" content=\"All in One SEO Pro (AIOSEO) 4.9.6.1\" \/>\n\t\t<meta property=\"og:locale\" content=\"es_ES\" \/>\n\t\t<meta property=\"og:site_name\" content=\"El Digital de Asturias \u2013 Revista de ocio, turismo y estilo de vida\" \/>\n\t\t<meta property=\"og:type\" content=\"article\" \/>\n\t\t<meta property=\"og:title\" content=\"El entorno moldea la personalidad | El Digital de Asturias\" \/>\n\t\t<meta property=\"og:description\" content=\"De entre los 60.000 y 70.000 pensamientos que procesamos a diario, el 90% de ellos son id\u00e9nticos a los que procesamos el d\u00eda anterior. El entorno determina c\u00f3mo se piensa, c\u00f3mo se act\u00faa y c\u00f3mo se siente El entorno moldea la personalidad. Y eso es porque, como dice el Dr. Dispenza, \u201cb\u00e1sicamente hacemos lo mismo\" \/>\n\t\t<meta property=\"og:url\" content=\"https:\/\/eldigitaldeasturias.com\/magazine365\/el-entorno-moldea-la-personalidad\/\" \/>\n\t\t<meta property=\"og:image\" content=\"https:\/\/eldigitaldeasturias.com\/magazine365\/wp-content\/uploads\/2016\/10\/1477407112_New_pic_2.jpg\" \/>\n\t\t<meta property=\"og:image:secure_url\" content=\"https:\/\/eldigitaldeasturias.com\/magazine365\/wp-content\/uploads\/2016\/10\/1477407112_New_pic_2.jpg\" \/>\n\t\t<meta property=\"og:image:width\" content=\"211\" \/>\n\t\t<meta property=\"og:image:height\" content=\"315\" \/>\n\t\t<meta property=\"article:published_time\" content=\"2016-10-31T02:34:27+00:00\" \/>\n\t\t<meta property=\"article:modified_time\" content=\"2016-10-31T02:34:27+00:00\" \/>\n\t\t<meta name=\"twitter:card\" content=\"summary_large_image\" \/>\n\t\t<meta name=\"twitter:title\" content=\"El entorno moldea la personalidad | El Digital de Asturias\" \/>\n\t\t<meta name=\"twitter:description\" content=\"De entre los 60.000 y 70.000 pensamientos que procesamos a diario, el 90% de ellos son id\u00e9nticos a los que procesamos el d\u00eda anterior. El entorno determina c\u00f3mo se piensa, c\u00f3mo se act\u00faa y c\u00f3mo se siente El entorno moldea la personalidad. Y eso es porque, como dice el Dr. Dispenza, \u201cb\u00e1sicamente hacemos lo mismo\" \/>\n\t\t<meta name=\"twitter:image\" content=\"https:\/\/eldigitaldeasturias.com\/magazine365\/wp-content\/uploads\/2016\/10\/1477407112_New_pic_2.jpg\" \/>\n\t\t<script type=\"application\/ld+json\" class=\"aioseo-schema\">\n\t\t\t{\"@context\":\"https:\\\/\\\/schema.org\",\"@graph\":[{\"@type\":\"Article\",\"@id\":\"https:\\\/\\\/eldigitaldeasturias.com\\\/magazine365\\\/el-entorno-moldea-la-personalidad\\\/#article\",\"name\":\"El entorno moldea la personalidad | El Digital de Asturias\",\"headline\":\"El entorno moldea la personalidad\",\"author\":{\"@id\":\"https:\\\/\\\/eldigitaldeasturias.com\\\/magazine365\\\/author\\\/admin\\\/#author\"},\"publisher\":{\"@id\":\"https:\\\/\\\/eldigitaldeasturias.com\\\/magazine365\\\/#organization\"},\"image\":{\"@type\":\"ImageObject\",\"url\":\"https:\\\/\\\/eldigitaldeasturias.com\\\/magazine365\\\/wp-content\\\/uploads\\\/2016\\\/10\\\/1477407112_New_pic_2.jpg\",\"width\":211,\"height\":315},\"datePublished\":\"2016-10-31T03:34:27+01:00\",\"dateModified\":\"2016-10-31T03:34:27+01:00\",\"inLanguage\":\"es-ES\",\"mainEntityOfPage\":{\"@id\":\"https:\\\/\\\/eldigitaldeasturias.com\\\/magazine365\\\/el-entorno-moldea-la-personalidad\\\/#webpage\"},\"isPartOf\":{\"@id\":\"https:\\\/\\\/eldigitaldeasturias.com\\\/magazine365\\\/el-entorno-moldea-la-personalidad\\\/#webpage\"},\"articleSection\":\"Noticias y Actualidad\"},{\"@type\":\"BreadcrumbList\",\"@id\":\"https:\\\/\\\/eldigitaldeasturias.com\\\/magazine365\\\/el-entorno-moldea-la-personalidad\\\/#breadcrumblist\",\"itemListElement\":[{\"@type\":\"ListItem\",\"@id\":\"https:\\\/\\\/eldigitaldeasturias.com\\\/magazine365#listItem\",\"position\":1,\"name\":\"Home\",\"item\":\"https:\\\/\\\/eldigitaldeasturias.com\\\/magazine365\",\"nextItem\":{\"@type\":\"ListItem\",\"@id\":\"https:\\\/\\\/eldigitaldeasturias.com\\\/magazine365\\\/category\\\/noticias-actualidad\\\/#listItem\",\"name\":\"Noticias y Actualidad\"}},{\"@type\":\"ListItem\",\"@id\":\"https:\\\/\\\/eldigitaldeasturias.com\\\/magazine365\\\/category\\\/noticias-actualidad\\\/#listItem\",\"position\":2,\"name\":\"Noticias y Actualidad\",\"item\":\"https:\\\/\\\/eldigitaldeasturias.com\\\/magazine365\\\/category\\\/noticias-actualidad\\\/\",\"nextItem\":{\"@type\":\"ListItem\",\"@id\":\"https:\\\/\\\/eldigitaldeasturias.com\\\/magazine365\\\/el-entorno-moldea-la-personalidad\\\/#listItem\",\"name\":\"El entorno moldea la personalidad\"},\"previousItem\":{\"@type\":\"ListItem\",\"@id\":\"https:\\\/\\\/eldigitaldeasturias.com\\\/magazine365#listItem\",\"name\":\"Home\"}},{\"@type\":\"ListItem\",\"@id\":\"https:\\\/\\\/eldigitaldeasturias.com\\\/magazine365\\\/el-entorno-moldea-la-personalidad\\\/#listItem\",\"position\":3,\"name\":\"El entorno moldea la personalidad\",\"previousItem\":{\"@type\":\"ListItem\",\"@id\":\"https:\\\/\\\/eldigitaldeasturias.com\\\/magazine365\\\/category\\\/noticias-actualidad\\\/#listItem\",\"name\":\"Noticias y Actualidad\"}}]},{\"@type\":\"Organization\",\"@id\":\"https:\\\/\\\/eldigitaldeasturias.com\\\/magazine365\\\/#organization\",\"name\":\"El digital de Asturias\",\"description\":\"Revista de ocio, turismo y estilo de vida\",\"url\":\"https:\\\/\\\/eldigitaldeasturias.com\\\/magazine365\\\/\",\"logo\":{\"@type\":\"ImageObject\",\"url\":\"https:\\\/\\\/www.eldigitaldeasturias.com\\\/noticias\\\/wp-content\\\/uploads\\\/2020\\\/12\\\/EDA.jpg\",\"@id\":\"https:\\\/\\\/eldigitaldeasturias.com\\\/magazine365\\\/el-entorno-moldea-la-personalidad\\\/#organizationLogo\"},\"image\":{\"@id\":\"https:\\\/\\\/eldigitaldeasturias.com\\\/magazine365\\\/el-entorno-moldea-la-personalidad\\\/#organizationLogo\"}},{\"@type\":\"Person\",\"@id\":\"https:\\\/\\\/eldigitaldeasturias.com\\\/magazine365\\\/author\\\/admin\\\/#author\",\"url\":\"https:\\\/\\\/eldigitaldeasturias.com\\\/magazine365\\\/author\\\/admin\\\/\",\"name\":\"admin\",\"image\":{\"@type\":\"ImageObject\",\"@id\":\"https:\\\/\\\/eldigitaldeasturias.com\\\/magazine365\\\/el-entorno-moldea-la-personalidad\\\/#authorImage\",\"url\":\"https:\\\/\\\/eldigitaldeasturias.com\\\/magazine365\\\/wp-content\\\/litespeed\\\/avatar\\\/e571bcf59a0edd6fa6838245a470f2fe.jpg?ver=1776969259\",\"width\":96,\"height\":96,\"caption\":\"admin\"}},{\"@type\":\"WebPage\",\"@id\":\"https:\\\/\\\/eldigitaldeasturias.com\\\/magazine365\\\/el-entorno-moldea-la-personalidad\\\/#webpage\",\"url\":\"https:\\\/\\\/eldigitaldeasturias.com\\\/magazine365\\\/el-entorno-moldea-la-personalidad\\\/\",\"name\":\"El entorno moldea la personalidad | El Digital de Asturias\",\"description\":\"De entre los 60.000 y 70.000 pensamientos que procesamos a diario, el 90% de ellos son id\\u00e9nticos a los que procesamos el d\\u00eda anterior. El entorno determina c\\u00f3mo se piensa, c\\u00f3mo se act\\u00faa y c\\u00f3mo se siente El entorno moldea la personalidad. Y eso es porque, como dice el Dr. Dispenza, \\u201cb\\u00e1sicamente hacemos lo mismo\",\"inLanguage\":\"es-ES\",\"isPartOf\":{\"@id\":\"https:\\\/\\\/eldigitaldeasturias.com\\\/magazine365\\\/#website\"},\"breadcrumb\":{\"@id\":\"https:\\\/\\\/eldigitaldeasturias.com\\\/magazine365\\\/el-entorno-moldea-la-personalidad\\\/#breadcrumblist\"},\"author\":{\"@id\":\"https:\\\/\\\/eldigitaldeasturias.com\\\/magazine365\\\/author\\\/admin\\\/#author\"},\"creator\":{\"@id\":\"https:\\\/\\\/eldigitaldeasturias.com\\\/magazine365\\\/author\\\/admin\\\/#author\"},\"image\":{\"@type\":\"ImageObject\",\"url\":\"https:\\\/\\\/eldigitaldeasturias.com\\\/magazine365\\\/wp-content\\\/uploads\\\/2016\\\/10\\\/1477407112_New_pic_2.jpg\",\"@id\":\"https:\\\/\\\/eldigitaldeasturias.com\\\/magazine365\\\/el-entorno-moldea-la-personalidad\\\/#mainImage\",\"width\":211,\"height\":315},\"primaryImageOfPage\":{\"@id\":\"https:\\\/\\\/eldigitaldeasturias.com\\\/magazine365\\\/el-entorno-moldea-la-personalidad\\\/#mainImage\"},\"datePublished\":\"2016-10-31T03:34:27+01:00\",\"dateModified\":\"2016-10-31T03:34:27+01:00\"},{\"@type\":\"WebSite\",\"@id\":\"https:\\\/\\\/eldigitaldeasturias.com\\\/magazine365\\\/#website\",\"url\":\"https:\\\/\\\/eldigitaldeasturias.com\\\/magazine365\\\/\",\"name\":\"El Digital de Asturias\",\"description\":\"Revista de ocio, turismo y estilo de vida\",\"inLanguage\":\"es-ES\",\"publisher\":{\"@id\":\"https:\\\/\\\/eldigitaldeasturias.com\\\/magazine365\\\/#organization\"}}]}\n\t\t<\/script>\n\t\t<!-- All in One SEO Pro -->\r\n\t\t<title>El entorno moldea la personalidad | El Digital de Asturias<\/title>\n\n","aioseo_head_json":{"title":"El entorno moldea la personalidad | El Digital de Asturias","description":"De entre los 60.000 y 70.000 pensamientos que procesamos a diario, el 90% de ellos son id\u00e9nticos a los que procesamos el d\u00eda anterior. El entorno determina c\u00f3mo se piensa, c\u00f3mo se act\u00faa y c\u00f3mo se siente El entorno moldea la personalidad. Y eso es porque, como dice el Dr. Dispenza, \u201cb\u00e1sicamente hacemos lo mismo","canonical_url":"https:\/\/eldigitaldeasturias.com\/magazine365\/el-entorno-moldea-la-personalidad\/","robots":"max-image-preview:large","keywords":"noticias y actualidad","webmasterTools":{"google-site-verification":"UA-38556648-1","miscellaneous":""},"schema":{"@context":"https:\/\/schema.org","@graph":[{"@type":"Article","@id":"https:\/\/eldigitaldeasturias.com\/magazine365\/el-entorno-moldea-la-personalidad\/#article","name":"El entorno moldea la personalidad | El Digital de Asturias","headline":"El entorno moldea la personalidad","author":{"@id":"https:\/\/eldigitaldeasturias.com\/magazine365\/author\/admin\/#author"},"publisher":{"@id":"https:\/\/eldigitaldeasturias.com\/magazine365\/#organization"},"image":{"@type":"ImageObject","url":"https:\/\/eldigitaldeasturias.com\/magazine365\/wp-content\/uploads\/2016\/10\/1477407112_New_pic_2.jpg","width":211,"height":315},"datePublished":"2016-10-31T03:34:27+01:00","dateModified":"2016-10-31T03:34:27+01:00","inLanguage":"es-ES","mainEntityOfPage":{"@id":"https:\/\/eldigitaldeasturias.com\/magazine365\/el-entorno-moldea-la-personalidad\/#webpage"},"isPartOf":{"@id":"https:\/\/eldigitaldeasturias.com\/magazine365\/el-entorno-moldea-la-personalidad\/#webpage"},"articleSection":"Noticias y Actualidad"},{"@type":"BreadcrumbList","@id":"https:\/\/eldigitaldeasturias.com\/magazine365\/el-entorno-moldea-la-personalidad\/#breadcrumblist","itemListElement":[{"@type":"ListItem","@id":"https:\/\/eldigitaldeasturias.com\/magazine365#listItem","position":1,"name":"Home","item":"https:\/\/eldigitaldeasturias.com\/magazine365","nextItem":{"@type":"ListItem","@id":"https:\/\/eldigitaldeasturias.com\/magazine365\/category\/noticias-actualidad\/#listItem","name":"Noticias y Actualidad"}},{"@type":"ListItem","@id":"https:\/\/eldigitaldeasturias.com\/magazine365\/category\/noticias-actualidad\/#listItem","position":2,"name":"Noticias y Actualidad","item":"https:\/\/eldigitaldeasturias.com\/magazine365\/category\/noticias-actualidad\/","nextItem":{"@type":"ListItem","@id":"https:\/\/eldigitaldeasturias.com\/magazine365\/el-entorno-moldea-la-personalidad\/#listItem","name":"El entorno moldea la personalidad"},"previousItem":{"@type":"ListItem","@id":"https:\/\/eldigitaldeasturias.com\/magazine365#listItem","name":"Home"}},{"@type":"ListItem","@id":"https:\/\/eldigitaldeasturias.com\/magazine365\/el-entorno-moldea-la-personalidad\/#listItem","position":3,"name":"El entorno moldea la personalidad","previousItem":{"@type":"ListItem","@id":"https:\/\/eldigitaldeasturias.com\/magazine365\/category\/noticias-actualidad\/#listItem","name":"Noticias y Actualidad"}}]},{"@type":"Organization","@id":"https:\/\/eldigitaldeasturias.com\/magazine365\/#organization","name":"El digital de Asturias","description":"Revista de ocio, turismo y estilo de vida","url":"https:\/\/eldigitaldeasturias.com\/magazine365\/","logo":{"@type":"ImageObject","url":"https:\/\/www.eldigitaldeasturias.com\/noticias\/wp-content\/uploads\/2020\/12\/EDA.jpg","@id":"https:\/\/eldigitaldeasturias.com\/magazine365\/el-entorno-moldea-la-personalidad\/#organizationLogo"},"image":{"@id":"https:\/\/eldigitaldeasturias.com\/magazine365\/el-entorno-moldea-la-personalidad\/#organizationLogo"}},{"@type":"Person","@id":"https:\/\/eldigitaldeasturias.com\/magazine365\/author\/admin\/#author","url":"https:\/\/eldigitaldeasturias.com\/magazine365\/author\/admin\/","name":"admin","image":{"@type":"ImageObject","@id":"https:\/\/eldigitaldeasturias.com\/magazine365\/el-entorno-moldea-la-personalidad\/#authorImage","url":"https:\/\/eldigitaldeasturias.com\/magazine365\/wp-content\/litespeed\/avatar\/e571bcf59a0edd6fa6838245a470f2fe.jpg?ver=1776969259","width":96,"height":96,"caption":"admin"}},{"@type":"WebPage","@id":"https:\/\/eldigitaldeasturias.com\/magazine365\/el-entorno-moldea-la-personalidad\/#webpage","url":"https:\/\/eldigitaldeasturias.com\/magazine365\/el-entorno-moldea-la-personalidad\/","name":"El entorno moldea la personalidad | El Digital de Asturias","description":"De entre los 60.000 y 70.000 pensamientos que procesamos a diario, el 90% de ellos son id\u00e9nticos a los que procesamos el d\u00eda anterior. El entorno determina c\u00f3mo se piensa, c\u00f3mo se act\u00faa y c\u00f3mo se siente El entorno moldea la personalidad. Y eso es porque, como dice el Dr. Dispenza, \u201cb\u00e1sicamente hacemos lo mismo","inLanguage":"es-ES","isPartOf":{"@id":"https:\/\/eldigitaldeasturias.com\/magazine365\/#website"},"breadcrumb":{"@id":"https:\/\/eldigitaldeasturias.com\/magazine365\/el-entorno-moldea-la-personalidad\/#breadcrumblist"},"author":{"@id":"https:\/\/eldigitaldeasturias.com\/magazine365\/author\/admin\/#author"},"creator":{"@id":"https:\/\/eldigitaldeasturias.com\/magazine365\/author\/admin\/#author"},"image":{"@type":"ImageObject","url":"https:\/\/eldigitaldeasturias.com\/magazine365\/wp-content\/uploads\/2016\/10\/1477407112_New_pic_2.jpg","@id":"https:\/\/eldigitaldeasturias.com\/magazine365\/el-entorno-moldea-la-personalidad\/#mainImage","width":211,"height":315},"primaryImageOfPage":{"@id":"https:\/\/eldigitaldeasturias.com\/magazine365\/el-entorno-moldea-la-personalidad\/#mainImage"},"datePublished":"2016-10-31T03:34:27+01:00","dateModified":"2016-10-31T03:34:27+01:00"},{"@type":"WebSite","@id":"https:\/\/eldigitaldeasturias.com\/magazine365\/#website","url":"https:\/\/eldigitaldeasturias.com\/magazine365\/","name":"El Digital de Asturias","description":"Revista de ocio, turismo y estilo de vida","inLanguage":"es-ES","publisher":{"@id":"https:\/\/eldigitaldeasturias.com\/magazine365\/#organization"}}]},"og:locale":"es_ES","og:site_name":"El Digital de Asturias \u2013 Revista de ocio, turismo y estilo de vida","og:type":"article","og:title":"El entorno moldea la personalidad | El Digital de Asturias","og:description":"De entre los 60.000 y 70.000 pensamientos que procesamos a diario, el 90% de ellos son id\u00e9nticos a los que procesamos el d\u00eda anterior. El entorno determina c\u00f3mo se piensa, c\u00f3mo se act\u00faa y c\u00f3mo se siente El entorno moldea la personalidad. Y eso es porque, como dice el Dr. Dispenza, \u201cb\u00e1sicamente hacemos lo mismo","og:url":"https:\/\/eldigitaldeasturias.com\/magazine365\/el-entorno-moldea-la-personalidad\/","og:image":"https:\/\/eldigitaldeasturias.com\/magazine365\/wp-content\/uploads\/2016\/10\/1477407112_New_pic_2.jpg","og:image:secure_url":"https:\/\/eldigitaldeasturias.com\/magazine365\/wp-content\/uploads\/2016\/10\/1477407112_New_pic_2.jpg","og:image:width":211,"og:image:height":315,"article:published_time":"2016-10-31T02:34:27+00:00","article:modified_time":"2016-10-31T02:34:27+00:00","twitter:card":"summary_large_image","twitter:title":"El entorno moldea la personalidad | El Digital de Asturias","twitter:description":"De entre los 60.000 y 70.000 pensamientos que procesamos a diario, el 90% de ellos son id\u00e9nticos a los que procesamos el d\u00eda anterior. El entorno determina c\u00f3mo se piensa, c\u00f3mo se act\u00faa y c\u00f3mo se siente El entorno moldea la personalidad. Y eso es porque, como dice el Dr. Dispenza, \u201cb\u00e1sicamente hacemos lo mismo","twitter:image":"https:\/\/eldigitaldeasturias.com\/magazine365\/wp-content\/uploads\/2016\/10\/1477407112_New_pic_2.jpg"},"aioseo_meta_data":{"post_id":"83178","title":null,"description":null,"keywords":null,"keyphrases":null,"primary_term":null,"canonical_url":null,"og_title":null,"og_description":null,"og_object_type":"default","og_image_type":"default","og_image_url":null,"og_image_width":null,"og_image_height":null,"og_image_custom_url":null,"og_image_custom_fields":null,"og_video":null,"og_custom_url":null,"og_article_section":null,"og_article_tags":null,"twitter_use_og":false,"twitter_card":"default","twitter_image_type":"default","twitter_image_url":null,"twitter_image_custom_url":null,"twitter_image_custom_fields":null,"twitter_title":null,"twitter_description":null,"schema":{"blockGraphs":[],"customGraphs":[],"default":{"data":{"Article":[],"Course":[],"Dataset":[],"FAQPage":[],"Movie":[],"Person":[],"Product":[],"ProductReview":[],"Car":[],"Recipe":[],"Service":[],"SoftwareApplication":[],"WebPage":[]},"graphName":"","isEnabled":true},"graphs":[],"defaultGraph":"","defaultPostTypeGraph":""},"schema_type":null,"schema_type_options":null,"pillar_content":false,"robots_default":true,"robots_noindex":false,"robots_noarchive":false,"robots_nosnippet":false,"robots_nofollow":false,"robots_noimageindex":false,"robots_noodp":false,"robots_notranslate":false,"robots_max_snippet":null,"robots_max_videopreview":null,"robots_max_imagepreview":"large","priority":null,"frequency":null,"location":null,"local_seo":null,"seo_analyzer_scan_date":"2025-09-28 02:27:56","breadcrumb_settings":null,"limit_modified_date":false,"open_ai":null,"ai":null,"created":"2020-12-21 15:30:14","updated":"2025-09-28 02:27:56"},"aioseo_breadcrumb":"<div class=\"aioseo-breadcrumbs\"><span class=\"aioseo-breadcrumb\">\n\t<a href=\"https:\/\/eldigitaldeasturias.com\/magazine365\" title=\"Home\">Home<\/a>\n<\/span><span class=\"aioseo-breadcrumb-separator\">\u2013<\/span><span class=\"aioseo-breadcrumb\">\n\t<a href=\"https:\/\/eldigitaldeasturias.com\/magazine365\/category\/noticias-actualidad\/\" title=\"Noticias y Actualidad\">Noticias y Actualidad<\/a>\n<\/span><span class=\"aioseo-breadcrumb-separator\">\u2013<\/span><span class=\"aioseo-breadcrumb\">\n\t<a href=\"https:\/\/eldigitaldeasturias.com\/magazine365\/el-entorno-moldea-la-personalidad\/\" title=\"El entorno moldea la personalidad\">El entorno moldea la personalidad<\/a>\n<\/span><\/div>","aioseo_breadcrumb_json":[{"label":"Home","link":"https:\/\/eldigitaldeasturias.com\/magazine365"},{"label":"Noticias y Actualidad","link":"https:\/\/eldigitaldeasturias.com\/magazine365\/category\/noticias-actualidad\/"},{"label":"El entorno moldea la personalidad","link":"https:\/\/eldigitaldeasturias.com\/magazine365\/el-entorno-moldea-la-personalidad\/"}],"_links":{"self":[{"href":"https:\/\/eldigitaldeasturias.com\/magazine365\/wp-json\/wp\/v2\/posts\/83178","targetHints":{"allow":["GET"]}}],"collection":[{"href":"https:\/\/eldigitaldeasturias.com\/magazine365\/wp-json\/wp\/v2\/posts"}],"about":[{"href":"https:\/\/eldigitaldeasturias.com\/magazine365\/wp-json\/wp\/v2\/types\/post"}],"author":[{"embeddable":true,"href":"https:\/\/eldigitaldeasturias.com\/magazine365\/wp-json\/wp\/v2\/users\/1"}],"replies":[{"embeddable":true,"href":"https:\/\/eldigitaldeasturias.com\/magazine365\/wp-json\/wp\/v2\/comments?post=83178"}],"version-history":[{"count":0,"href":"https:\/\/eldigitaldeasturias.com\/magazine365\/wp-json\/wp\/v2\/posts\/83178\/revisions"}],"wp:featuredmedia":[{"embeddable":true,"href":"https:\/\/eldigitaldeasturias.com\/magazine365\/wp-json\/wp\/v2\/media\/83179"}],"wp:attachment":[{"href":"https:\/\/eldigitaldeasturias.com\/magazine365\/wp-json\/wp\/v2\/media?parent=83178"}],"wp:term":[{"taxonomy":"category","embeddable":true,"href":"https:\/\/eldigitaldeasturias.com\/magazine365\/wp-json\/wp\/v2\/categories?post=83178"},{"taxonomy":"post_tag","embeddable":true,"href":"https:\/\/eldigitaldeasturias.com\/magazine365\/wp-json\/wp\/v2\/tags?post=83178"}],"curies":[{"name":"wp","href":"https:\/\/api.w.org\/{rel}","templated":true}]}}