{"id":83163,"date":"2016-10-22T14:35:43","date_gmt":"2016-10-22T12:35:43","guid":{"rendered":"http:\/\/eldigitaldeasturias.com\/magazine365\/?p=83163"},"modified":"2016-10-22T14:35:43","modified_gmt":"2016-10-22T12:35:43","slug":"ixx-edicion-de-enfants-terribles","status":"publish","type":"post","link":"https:\/\/eldigitaldeasturias.com\/magazine365\/ixx-edicion-de-enfants-terribles\/","title":{"rendered":"IXX Edici\u00f3n de Enfants Terribles"},"content":{"rendered":"<p><img fetchpriority=\"high\" decoding=\"async\" class=\"alignleft size-medium wp-image-82423\" src=\"https:\/\/eldigitaldeasturias.com\/magazine365\/wp-content\/uploads\/2016\/08\/cine-655x360-360x198.jpg\" alt=\"cine-655x360\" width=\"360\" height=\"198\" srcset=\"https:\/\/eldigitaldeasturias.com\/magazine365\/wp-content\/uploads\/2016\/08\/cine-655x360-360x198.jpg 360w, https:\/\/eldigitaldeasturias.com\/magazine365\/wp-content\/uploads\/2016\/08\/cine-655x360-650x357.jpg 650w, https:\/\/eldigitaldeasturias.com\/magazine365\/wp-content\/uploads\/2016\/08\/cine-655x360-150x82.jpg 150w, https:\/\/eldigitaldeasturias.com\/magazine365\/wp-content\/uploads\/2016\/08\/cine-655x360-450x247.jpg 450w, https:\/\/eldigitaldeasturias.com\/magazine365\/wp-content\/uploads\/2016\/08\/cine-655x360.jpg 655w\" sizes=\"(max-width: 360px) 100vw, 360px\" \/>Un total de 12 largometrajes procedentes de Alemania, Francia, B\u00e9lgica, Reino Unido, Suecia, Suiza, Rusia, Estados Unidos y Australia competir\u00e1n en la IXX Edici\u00f3n de Enfants Terribles, dentro del Festival Internacional de Cine de Gij\u00f3n (FICX), dirigidas al p\u00fablico infantil y juvenil.<\/p>\n<p>Como en otras ediciones, ser\u00e1n los j\u00f3venes asistentes a las sesiones los que decidan con sus votos qu\u00e9 pel\u00edculas se llevar\u00e1n los dos galardones de esta secci\u00f3n: hasta 12 a\u00f1os y para mayores de 13 a\u00f1os. Las proyecciones tendr\u00e1n lugar en el Teatro de la Laboral, el Jovellanos y los Cines Centro.<\/p>\n<p>Por las 18 ediciones anteriores han pasado ya m\u00e1s de 172.000 estudiantes. Solo el a\u00f1o pasado lo hicieron m\u00e1s de 10.603 alumnos de 111 colegios e institutos de casi cuarenta localidades asturianas, adem\u00e1s de Le\u00f3n y Cantabria.<\/p>\n<p>Asimismo, la tem\u00e1tica de estas producciones es variada, desde la exploraci\u00f3n del mundo adolescente, la muerte, los conflictos familiares, el trabajo en equipo, el erotismo o la ansiedad sexual. Todas se proyectar\u00e1n en versi\u00f3n original con subt\u00edtulos en castellano o ingl\u00e9s. Habr\u00e1, como en a\u00f1os anteriores, una pel\u00edcula con doblaje en directo al asturiano (Blinky Bill, The Movie) y con subt\u00edtulos tambi\u00e9n en asturiano y un filme dirigido a ni\u00f1os a partir de 4 a\u00f1os que se proyectar\u00e1 con doblaje en directo al castellano (Molly Monster).<\/p>\n<p>Los largometrajes que podr\u00e1n verse, entre otros, son: &#8216;4 Kings&#8217;, dirigida por Theresa von Eltz; &#8216;Slash&#8217;, de Clay Liford; &#8216;Girl Asleep&#8217;, de Rosemary Myers; &#8216;Vincent&#8217;; de Christophe van Rompaey; &#8216;Cigarettes et Chocolat Chaud&#8217;, de Gustave Kervern; &#8216;The Wild Soccer Bunch- The Legend Lives!&#8217;, de Joachim Masannek; &#8216;Chicken&#8217;, de Joe Stephenson; &#8216;Blinky Bill, The Movie&#8217;; de Deane Taylor, Noel Cleary, Alex Weight y Alexs Stadermann. Esta \u00faltima pel\u00edcula se doblar\u00e1 al asturiano.<\/p>\n<p>Tambi\u00e9n se proyectar\u00e1 &#8216;Molly Monster&#8217;, una coproducci\u00f3n europea dirigida por Ted Sieger, Michael Ekblad y Matthias Bruhn; &#8216;Savva&#8217;; &#8216;Offline &#8211; Are You Ready for the Next Level?&#8217;. de Florian Schnell; y &#8216;Help, I Shrunk My Teacher&#8217;, de Sven Unterwaldt.<\/p>\n<p>Adem\u00e1s, habr\u00e1 encuentros con los siguientes realizadores: Sophie Reine (&#8216;Cigarettes and Chocolat Chaud&#8217;), Joaqu\u00edm Massannek (&#8216;The Wild Soccer Bunch&#8217;), Theresa von Eltz (&#8216;4 Kings&#8217;), Florian Schenell (&#8216;Offline&#8217;) y Joe Stephenson (&#8216;Chicken&#8217;). Tambi\u00e9n estar\u00e1n en Gij\u00f3n los actores Scott Chambers (&#8216;Chicken&#8217;), Spencer Bogaert (&#8216;Vicent&#8217;) y Michelle Monballing (&#8216;The Wild Soccer Bunch&#8217;).<\/p>\n<p>Asimismo, el cartel de esta edici\u00f3n ha sido creado por C\u00e9sar S\u00e1nchez, autor tambi\u00e9n del de la 54 edici\u00f3n del FICX. Sobre esta obra, el ilustrador asturiano ha comentado que, al igual que el cartel del FICX, \u00e9ste est\u00e1 basado en una pel\u00edcula del cineasta Stanley Kubrick, en este caso &#8216;La naranja mec\u00e1nica&#8217;.<\/p>\n<p>\u00abLa historia de un joven adolescente con problemas encajaba como un guante al ciclo y se adaptaba con una continuidad natural a la idea general del certamen, d\u00e1ndole una identidad com\u00fan\u00bb, ha se\u00f1alado. \u00abAhora puede parecer antigua o fuera de contexto, pero iconogr\u00e1ficamente, la imagen del ojo mantenido a la fuerza abierto con un aparato de aspecto quir\u00fargico es impactante a\u00fan hoy en d\u00eda\u00bb, ha a\u00f1adido.<\/p>\n<p>El precio de la entrada de Enfants Terribles para los estudiantes de Gij\u00f3n ser\u00e1 de tres euros, (con transporte) o 2 euros (sin transporte), gracias a la colaboraci\u00f3n del Festival con el Conseyu de la Moced\u00e1 de Xix\u00f3n. Para los alumnos que acudan de otros municipios, el precio de la entrada ser\u00e1 de 2 euros.<\/p>\n<p>&nbsp;<\/p>\n<p>&nbsp;<\/p>\n","protected":false},"excerpt":{"rendered":"<p>Un total de 12 largometrajes procedentes de Alemania, Francia, B\u00e9lgica, Reino Unido, Suecia, Suiza, Rusia, Estados Unidos y Australia competir\u00e1n en la IXX Edici\u00f3n de Enfants Terribles, dentro del Festival Internacional de Cine de Gij\u00f3n (FICX), dirigidas al p\u00fablico infantil y juvenil. Como en otras ediciones, ser\u00e1n los j\u00f3venes asistentes a las sesiones los que<\/p>\n","protected":false},"author":1,"featured_media":82423,"comment_status":"open","ping_status":"closed","sticky":false,"template":"","format":"standard","meta":{"footnotes":""},"categories":[224],"tags":[],"class_list":{"0":"post-83163","1":"post","2":"type-post","3":"status-publish","4":"format-standard","5":"has-post-thumbnail","7":"category-noticias-actualidad"},"aioseo_notices":[],"aioseo_head":"\n\t\t<!-- All in One SEO Pro 4.9.6.1 - aioseo.com -->\n\t<meta name=\"description\" content=\"Un total de 12 largometrajes procedentes de Alemania, Francia, B\u00e9lgica, Reino Unido, Suecia, Suiza, Rusia, Estados Unidos y Australia competir\u00e1n en la IXX Edici\u00f3n de Enfants Terribles, dentro del Festival Internacional de Cine de Gij\u00f3n (FICX), dirigidas al p\u00fablico infantil y juvenil. Como en otras ediciones, ser\u00e1n los j\u00f3venes asistentes a las sesiones los que\" \/>\n\t<meta name=\"robots\" content=\"max-image-preview:large\" \/>\n\t<meta name=\"author\" content=\"admin\"\/>\n\t<meta name=\"google-site-verification\" content=\"UA-38556648-1\" \/>\n\t<meta name=\"keywords\" content=\"noticias y actualidad\" \/>\n\t<link rel=\"canonical\" href=\"https:\/\/eldigitaldeasturias.com\/magazine365\/ixx-edicion-de-enfants-terribles\/\" \/>\n\t<meta name=\"generator\" content=\"All in One SEO Pro (AIOSEO) 4.9.6.1\" \/>\n\t\t<meta property=\"og:locale\" content=\"es_ES\" \/>\n\t\t<meta property=\"og:site_name\" content=\"El Digital de Asturias \u2013 Revista de ocio, turismo y estilo de vida\" \/>\n\t\t<meta property=\"og:type\" content=\"article\" \/>\n\t\t<meta property=\"og:title\" content=\"IXX Edici\u00f3n de Enfants Terribles | El Digital de Asturias\" \/>\n\t\t<meta property=\"og:description\" content=\"Un total de 12 largometrajes procedentes de Alemania, Francia, B\u00e9lgica, Reino Unido, Suecia, Suiza, Rusia, Estados Unidos y Australia competir\u00e1n en la IXX Edici\u00f3n de Enfants Terribles, dentro del Festival Internacional de Cine de Gij\u00f3n (FICX), dirigidas al p\u00fablico infantil y juvenil. Como en otras ediciones, ser\u00e1n los j\u00f3venes asistentes a las sesiones los que\" \/>\n\t\t<meta property=\"og:url\" content=\"https:\/\/eldigitaldeasturias.com\/magazine365\/ixx-edicion-de-enfants-terribles\/\" \/>\n\t\t<meta property=\"og:image\" content=\"https:\/\/eldigitaldeasturias.com\/magazine365\/wp-content\/uploads\/2016\/08\/cine-655x360.jpg\" \/>\n\t\t<meta property=\"og:image:secure_url\" content=\"https:\/\/eldigitaldeasturias.com\/magazine365\/wp-content\/uploads\/2016\/08\/cine-655x360.jpg\" \/>\n\t\t<meta property=\"og:image:width\" content=\"655\" \/>\n\t\t<meta property=\"og:image:height\" content=\"360\" \/>\n\t\t<meta property=\"article:published_time\" content=\"2016-10-22T12:35:43+00:00\" \/>\n\t\t<meta property=\"article:modified_time\" content=\"2016-10-22T12:35:43+00:00\" \/>\n\t\t<meta name=\"twitter:card\" content=\"summary_large_image\" \/>\n\t\t<meta name=\"twitter:title\" content=\"IXX Edici\u00f3n de Enfants Terribles | El Digital de Asturias\" \/>\n\t\t<meta name=\"twitter:description\" content=\"Un total de 12 largometrajes procedentes de Alemania, Francia, B\u00e9lgica, Reino Unido, Suecia, Suiza, Rusia, Estados Unidos y Australia competir\u00e1n en la IXX Edici\u00f3n de Enfants Terribles, dentro del Festival Internacional de Cine de Gij\u00f3n (FICX), dirigidas al p\u00fablico infantil y juvenil. Como en otras ediciones, ser\u00e1n los j\u00f3venes asistentes a las sesiones los que\" \/>\n\t\t<meta name=\"twitter:image\" content=\"https:\/\/eldigitaldeasturias.com\/magazine365\/wp-content\/uploads\/2016\/08\/cine-655x360.jpg\" \/>\n\t\t<script type=\"application\/ld+json\" class=\"aioseo-schema\">\n\t\t\t{\"@context\":\"https:\\\/\\\/schema.org\",\"@graph\":[{\"@type\":\"Article\",\"@id\":\"https:\\\/\\\/eldigitaldeasturias.com\\\/magazine365\\\/ixx-edicion-de-enfants-terribles\\\/#article\",\"name\":\"IXX Edici\\u00f3n de Enfants Terribles | El Digital de Asturias\",\"headline\":\"IXX Edici\\u00f3n de Enfants Terribles\",\"author\":{\"@id\":\"https:\\\/\\\/eldigitaldeasturias.com\\\/magazine365\\\/author\\\/admin\\\/#author\"},\"publisher\":{\"@id\":\"https:\\\/\\\/eldigitaldeasturias.com\\\/magazine365\\\/#organization\"},\"image\":{\"@type\":\"ImageObject\",\"url\":\"https:\\\/\\\/eldigitaldeasturias.com\\\/magazine365\\\/wp-content\\\/uploads\\\/2016\\\/08\\\/cine-655x360.jpg\",\"width\":655,\"height\":360},\"datePublished\":\"2016-10-22T14:35:43+02:00\",\"dateModified\":\"2016-10-22T14:35:43+02:00\",\"inLanguage\":\"es-ES\",\"mainEntityOfPage\":{\"@id\":\"https:\\\/\\\/eldigitaldeasturias.com\\\/magazine365\\\/ixx-edicion-de-enfants-terribles\\\/#webpage\"},\"isPartOf\":{\"@id\":\"https:\\\/\\\/eldigitaldeasturias.com\\\/magazine365\\\/ixx-edicion-de-enfants-terribles\\\/#webpage\"},\"articleSection\":\"Noticias y Actualidad\"},{\"@type\":\"BreadcrumbList\",\"@id\":\"https:\\\/\\\/eldigitaldeasturias.com\\\/magazine365\\\/ixx-edicion-de-enfants-terribles\\\/#breadcrumblist\",\"itemListElement\":[{\"@type\":\"ListItem\",\"@id\":\"https:\\\/\\\/eldigitaldeasturias.com\\\/magazine365#listItem\",\"position\":1,\"name\":\"Home\",\"item\":\"https:\\\/\\\/eldigitaldeasturias.com\\\/magazine365\",\"nextItem\":{\"@type\":\"ListItem\",\"@id\":\"https:\\\/\\\/eldigitaldeasturias.com\\\/magazine365\\\/category\\\/noticias-actualidad\\\/#listItem\",\"name\":\"Noticias y Actualidad\"}},{\"@type\":\"ListItem\",\"@id\":\"https:\\\/\\\/eldigitaldeasturias.com\\\/magazine365\\\/category\\\/noticias-actualidad\\\/#listItem\",\"position\":2,\"name\":\"Noticias y Actualidad\",\"item\":\"https:\\\/\\\/eldigitaldeasturias.com\\\/magazine365\\\/category\\\/noticias-actualidad\\\/\",\"nextItem\":{\"@type\":\"ListItem\",\"@id\":\"https:\\\/\\\/eldigitaldeasturias.com\\\/magazine365\\\/ixx-edicion-de-enfants-terribles\\\/#listItem\",\"name\":\"IXX Edici\\u00f3n de Enfants Terribles\"},\"previousItem\":{\"@type\":\"ListItem\",\"@id\":\"https:\\\/\\\/eldigitaldeasturias.com\\\/magazine365#listItem\",\"name\":\"Home\"}},{\"@type\":\"ListItem\",\"@id\":\"https:\\\/\\\/eldigitaldeasturias.com\\\/magazine365\\\/ixx-edicion-de-enfants-terribles\\\/#listItem\",\"position\":3,\"name\":\"IXX Edici\\u00f3n de Enfants Terribles\",\"previousItem\":{\"@type\":\"ListItem\",\"@id\":\"https:\\\/\\\/eldigitaldeasturias.com\\\/magazine365\\\/category\\\/noticias-actualidad\\\/#listItem\",\"name\":\"Noticias y Actualidad\"}}]},{\"@type\":\"Organization\",\"@id\":\"https:\\\/\\\/eldigitaldeasturias.com\\\/magazine365\\\/#organization\",\"name\":\"El digital de Asturias\",\"description\":\"Revista de ocio, turismo y estilo de vida\",\"url\":\"https:\\\/\\\/eldigitaldeasturias.com\\\/magazine365\\\/\",\"logo\":{\"@type\":\"ImageObject\",\"url\":\"https:\\\/\\\/www.eldigitaldeasturias.com\\\/noticias\\\/wp-content\\\/uploads\\\/2020\\\/12\\\/EDA.jpg\",\"@id\":\"https:\\\/\\\/eldigitaldeasturias.com\\\/magazine365\\\/ixx-edicion-de-enfants-terribles\\\/#organizationLogo\"},\"image\":{\"@id\":\"https:\\\/\\\/eldigitaldeasturias.com\\\/magazine365\\\/ixx-edicion-de-enfants-terribles\\\/#organizationLogo\"}},{\"@type\":\"Person\",\"@id\":\"https:\\\/\\\/eldigitaldeasturias.com\\\/magazine365\\\/author\\\/admin\\\/#author\",\"url\":\"https:\\\/\\\/eldigitaldeasturias.com\\\/magazine365\\\/author\\\/admin\\\/\",\"name\":\"admin\",\"image\":{\"@type\":\"ImageObject\",\"@id\":\"https:\\\/\\\/eldigitaldeasturias.com\\\/magazine365\\\/ixx-edicion-de-enfants-terribles\\\/#authorImage\",\"url\":\"https:\\\/\\\/eldigitaldeasturias.com\\\/magazine365\\\/wp-content\\\/litespeed\\\/avatar\\\/e571bcf59a0edd6fa6838245a470f2fe.jpg?ver=1776969259\",\"width\":96,\"height\":96,\"caption\":\"admin\"}},{\"@type\":\"WebPage\",\"@id\":\"https:\\\/\\\/eldigitaldeasturias.com\\\/magazine365\\\/ixx-edicion-de-enfants-terribles\\\/#webpage\",\"url\":\"https:\\\/\\\/eldigitaldeasturias.com\\\/magazine365\\\/ixx-edicion-de-enfants-terribles\\\/\",\"name\":\"IXX Edici\\u00f3n de Enfants Terribles | El Digital de Asturias\",\"description\":\"Un total de 12 largometrajes procedentes de Alemania, Francia, B\\u00e9lgica, Reino Unido, Suecia, Suiza, Rusia, Estados Unidos y Australia competir\\u00e1n en la IXX Edici\\u00f3n de Enfants Terribles, dentro del Festival Internacional de Cine de Gij\\u00f3n (FICX), dirigidas al p\\u00fablico infantil y juvenil. Como en otras ediciones, ser\\u00e1n los j\\u00f3venes asistentes a las sesiones los que\",\"inLanguage\":\"es-ES\",\"isPartOf\":{\"@id\":\"https:\\\/\\\/eldigitaldeasturias.com\\\/magazine365\\\/#website\"},\"breadcrumb\":{\"@id\":\"https:\\\/\\\/eldigitaldeasturias.com\\\/magazine365\\\/ixx-edicion-de-enfants-terribles\\\/#breadcrumblist\"},\"author\":{\"@id\":\"https:\\\/\\\/eldigitaldeasturias.com\\\/magazine365\\\/author\\\/admin\\\/#author\"},\"creator\":{\"@id\":\"https:\\\/\\\/eldigitaldeasturias.com\\\/magazine365\\\/author\\\/admin\\\/#author\"},\"image\":{\"@type\":\"ImageObject\",\"url\":\"https:\\\/\\\/eldigitaldeasturias.com\\\/magazine365\\\/wp-content\\\/uploads\\\/2016\\\/08\\\/cine-655x360.jpg\",\"@id\":\"https:\\\/\\\/eldigitaldeasturias.com\\\/magazine365\\\/ixx-edicion-de-enfants-terribles\\\/#mainImage\",\"width\":655,\"height\":360},\"primaryImageOfPage\":{\"@id\":\"https:\\\/\\\/eldigitaldeasturias.com\\\/magazine365\\\/ixx-edicion-de-enfants-terribles\\\/#mainImage\"},\"datePublished\":\"2016-10-22T14:35:43+02:00\",\"dateModified\":\"2016-10-22T14:35:43+02:00\"},{\"@type\":\"WebSite\",\"@id\":\"https:\\\/\\\/eldigitaldeasturias.com\\\/magazine365\\\/#website\",\"url\":\"https:\\\/\\\/eldigitaldeasturias.com\\\/magazine365\\\/\",\"name\":\"El Digital de Asturias\",\"description\":\"Revista de ocio, turismo y estilo de vida\",\"inLanguage\":\"es-ES\",\"publisher\":{\"@id\":\"https:\\\/\\\/eldigitaldeasturias.com\\\/magazine365\\\/#organization\"}}]}\n\t\t<\/script>\n\t\t<!-- All in One SEO Pro -->\r\n\t\t<title>IXX Edici\u00f3n de Enfants Terribles | El Digital de Asturias<\/title>\n\n","aioseo_head_json":{"title":"IXX Edici\u00f3n de Enfants Terribles | El Digital de Asturias","description":"Un total de 12 largometrajes procedentes de Alemania, Francia, B\u00e9lgica, Reino Unido, Suecia, Suiza, Rusia, Estados Unidos y Australia competir\u00e1n en la IXX Edici\u00f3n de Enfants Terribles, dentro del Festival Internacional de Cine de Gij\u00f3n (FICX), dirigidas al p\u00fablico infantil y juvenil. Como en otras ediciones, ser\u00e1n los j\u00f3venes asistentes a las sesiones los que","canonical_url":"https:\/\/eldigitaldeasturias.com\/magazine365\/ixx-edicion-de-enfants-terribles\/","robots":"max-image-preview:large","keywords":"noticias y actualidad","webmasterTools":{"google-site-verification":"UA-38556648-1","miscellaneous":""},"schema":{"@context":"https:\/\/schema.org","@graph":[{"@type":"Article","@id":"https:\/\/eldigitaldeasturias.com\/magazine365\/ixx-edicion-de-enfants-terribles\/#article","name":"IXX Edici\u00f3n de Enfants Terribles | El Digital de Asturias","headline":"IXX Edici\u00f3n de Enfants Terribles","author":{"@id":"https:\/\/eldigitaldeasturias.com\/magazine365\/author\/admin\/#author"},"publisher":{"@id":"https:\/\/eldigitaldeasturias.com\/magazine365\/#organization"},"image":{"@type":"ImageObject","url":"https:\/\/eldigitaldeasturias.com\/magazine365\/wp-content\/uploads\/2016\/08\/cine-655x360.jpg","width":655,"height":360},"datePublished":"2016-10-22T14:35:43+02:00","dateModified":"2016-10-22T14:35:43+02:00","inLanguage":"es-ES","mainEntityOfPage":{"@id":"https:\/\/eldigitaldeasturias.com\/magazine365\/ixx-edicion-de-enfants-terribles\/#webpage"},"isPartOf":{"@id":"https:\/\/eldigitaldeasturias.com\/magazine365\/ixx-edicion-de-enfants-terribles\/#webpage"},"articleSection":"Noticias y Actualidad"},{"@type":"BreadcrumbList","@id":"https:\/\/eldigitaldeasturias.com\/magazine365\/ixx-edicion-de-enfants-terribles\/#breadcrumblist","itemListElement":[{"@type":"ListItem","@id":"https:\/\/eldigitaldeasturias.com\/magazine365#listItem","position":1,"name":"Home","item":"https:\/\/eldigitaldeasturias.com\/magazine365","nextItem":{"@type":"ListItem","@id":"https:\/\/eldigitaldeasturias.com\/magazine365\/category\/noticias-actualidad\/#listItem","name":"Noticias y Actualidad"}},{"@type":"ListItem","@id":"https:\/\/eldigitaldeasturias.com\/magazine365\/category\/noticias-actualidad\/#listItem","position":2,"name":"Noticias y Actualidad","item":"https:\/\/eldigitaldeasturias.com\/magazine365\/category\/noticias-actualidad\/","nextItem":{"@type":"ListItem","@id":"https:\/\/eldigitaldeasturias.com\/magazine365\/ixx-edicion-de-enfants-terribles\/#listItem","name":"IXX Edici\u00f3n de Enfants Terribles"},"previousItem":{"@type":"ListItem","@id":"https:\/\/eldigitaldeasturias.com\/magazine365#listItem","name":"Home"}},{"@type":"ListItem","@id":"https:\/\/eldigitaldeasturias.com\/magazine365\/ixx-edicion-de-enfants-terribles\/#listItem","position":3,"name":"IXX Edici\u00f3n de Enfants Terribles","previousItem":{"@type":"ListItem","@id":"https:\/\/eldigitaldeasturias.com\/magazine365\/category\/noticias-actualidad\/#listItem","name":"Noticias y Actualidad"}}]},{"@type":"Organization","@id":"https:\/\/eldigitaldeasturias.com\/magazine365\/#organization","name":"El digital de Asturias","description":"Revista de ocio, turismo y estilo de vida","url":"https:\/\/eldigitaldeasturias.com\/magazine365\/","logo":{"@type":"ImageObject","url":"https:\/\/www.eldigitaldeasturias.com\/noticias\/wp-content\/uploads\/2020\/12\/EDA.jpg","@id":"https:\/\/eldigitaldeasturias.com\/magazine365\/ixx-edicion-de-enfants-terribles\/#organizationLogo"},"image":{"@id":"https:\/\/eldigitaldeasturias.com\/magazine365\/ixx-edicion-de-enfants-terribles\/#organizationLogo"}},{"@type":"Person","@id":"https:\/\/eldigitaldeasturias.com\/magazine365\/author\/admin\/#author","url":"https:\/\/eldigitaldeasturias.com\/magazine365\/author\/admin\/","name":"admin","image":{"@type":"ImageObject","@id":"https:\/\/eldigitaldeasturias.com\/magazine365\/ixx-edicion-de-enfants-terribles\/#authorImage","url":"https:\/\/eldigitaldeasturias.com\/magazine365\/wp-content\/litespeed\/avatar\/e571bcf59a0edd6fa6838245a470f2fe.jpg?ver=1776969259","width":96,"height":96,"caption":"admin"}},{"@type":"WebPage","@id":"https:\/\/eldigitaldeasturias.com\/magazine365\/ixx-edicion-de-enfants-terribles\/#webpage","url":"https:\/\/eldigitaldeasturias.com\/magazine365\/ixx-edicion-de-enfants-terribles\/","name":"IXX Edici\u00f3n de Enfants Terribles | El Digital de Asturias","description":"Un total de 12 largometrajes procedentes de Alemania, Francia, B\u00e9lgica, Reino Unido, Suecia, Suiza, Rusia, Estados Unidos y Australia competir\u00e1n en la IXX Edici\u00f3n de Enfants Terribles, dentro del Festival Internacional de Cine de Gij\u00f3n (FICX), dirigidas al p\u00fablico infantil y juvenil. Como en otras ediciones, ser\u00e1n los j\u00f3venes asistentes a las sesiones los que","inLanguage":"es-ES","isPartOf":{"@id":"https:\/\/eldigitaldeasturias.com\/magazine365\/#website"},"breadcrumb":{"@id":"https:\/\/eldigitaldeasturias.com\/magazine365\/ixx-edicion-de-enfants-terribles\/#breadcrumblist"},"author":{"@id":"https:\/\/eldigitaldeasturias.com\/magazine365\/author\/admin\/#author"},"creator":{"@id":"https:\/\/eldigitaldeasturias.com\/magazine365\/author\/admin\/#author"},"image":{"@type":"ImageObject","url":"https:\/\/eldigitaldeasturias.com\/magazine365\/wp-content\/uploads\/2016\/08\/cine-655x360.jpg","@id":"https:\/\/eldigitaldeasturias.com\/magazine365\/ixx-edicion-de-enfants-terribles\/#mainImage","width":655,"height":360},"primaryImageOfPage":{"@id":"https:\/\/eldigitaldeasturias.com\/magazine365\/ixx-edicion-de-enfants-terribles\/#mainImage"},"datePublished":"2016-10-22T14:35:43+02:00","dateModified":"2016-10-22T14:35:43+02:00"},{"@type":"WebSite","@id":"https:\/\/eldigitaldeasturias.com\/magazine365\/#website","url":"https:\/\/eldigitaldeasturias.com\/magazine365\/","name":"El Digital de Asturias","description":"Revista de ocio, turismo y estilo de vida","inLanguage":"es-ES","publisher":{"@id":"https:\/\/eldigitaldeasturias.com\/magazine365\/#organization"}}]},"og:locale":"es_ES","og:site_name":"El Digital de Asturias \u2013 Revista de ocio, turismo y estilo de vida","og:type":"article","og:title":"IXX Edici\u00f3n de Enfants Terribles | El Digital de Asturias","og:description":"Un total de 12 largometrajes procedentes de Alemania, Francia, B\u00e9lgica, Reino Unido, Suecia, Suiza, Rusia, Estados Unidos y Australia competir\u00e1n en la IXX Edici\u00f3n de Enfants Terribles, dentro del Festival Internacional de Cine de Gij\u00f3n (FICX), dirigidas al p\u00fablico infantil y juvenil. Como en otras ediciones, ser\u00e1n los j\u00f3venes asistentes a las sesiones los que","og:url":"https:\/\/eldigitaldeasturias.com\/magazine365\/ixx-edicion-de-enfants-terribles\/","og:image":"https:\/\/eldigitaldeasturias.com\/magazine365\/wp-content\/uploads\/2016\/08\/cine-655x360.jpg","og:image:secure_url":"https:\/\/eldigitaldeasturias.com\/magazine365\/wp-content\/uploads\/2016\/08\/cine-655x360.jpg","og:image:width":655,"og:image:height":360,"article:published_time":"2016-10-22T12:35:43+00:00","article:modified_time":"2016-10-22T12:35:43+00:00","twitter:card":"summary_large_image","twitter:title":"IXX Edici\u00f3n de Enfants Terribles | El Digital de Asturias","twitter:description":"Un total de 12 largometrajes procedentes de Alemania, Francia, B\u00e9lgica, Reino Unido, Suecia, Suiza, Rusia, Estados Unidos y Australia competir\u00e1n en la IXX Edici\u00f3n de Enfants Terribles, dentro del Festival Internacional de Cine de Gij\u00f3n (FICX), dirigidas al p\u00fablico infantil y juvenil. Como en otras ediciones, ser\u00e1n los j\u00f3venes asistentes a las sesiones los que","twitter:image":"https:\/\/eldigitaldeasturias.com\/magazine365\/wp-content\/uploads\/2016\/08\/cine-655x360.jpg"},"aioseo_meta_data":{"post_id":"83163","title":null,"description":null,"keywords":null,"keyphrases":null,"primary_term":null,"canonical_url":null,"og_title":null,"og_description":null,"og_object_type":"default","og_image_type":"default","og_image_url":null,"og_image_width":null,"og_image_height":null,"og_image_custom_url":null,"og_image_custom_fields":null,"og_video":null,"og_custom_url":null,"og_article_section":null,"og_article_tags":null,"twitter_use_og":false,"twitter_card":"default","twitter_image_type":"default","twitter_image_url":null,"twitter_image_custom_url":null,"twitter_image_custom_fields":null,"twitter_title":null,"twitter_description":null,"schema":{"blockGraphs":[],"customGraphs":[],"default":{"data":{"Article":[],"Course":[],"Dataset":[],"FAQPage":[],"Movie":[],"Person":[],"Product":[],"ProductReview":[],"Car":[],"Recipe":[],"Service":[],"SoftwareApplication":[],"WebPage":[]},"graphName":"","isEnabled":true},"graphs":[],"defaultGraph":"","defaultPostTypeGraph":""},"schema_type":null,"schema_type_options":null,"pillar_content":false,"robots_default":true,"robots_noindex":false,"robots_noarchive":false,"robots_nosnippet":false,"robots_nofollow":false,"robots_noimageindex":false,"robots_noodp":false,"robots_notranslate":false,"robots_max_snippet":null,"robots_max_videopreview":null,"robots_max_imagepreview":"large","priority":null,"frequency":null,"location":null,"local_seo":null,"seo_analyzer_scan_date":"2025-09-28 02:27:54","breadcrumb_settings":null,"limit_modified_date":false,"open_ai":null,"ai":null,"created":"2020-12-21 15:30:14","updated":"2025-09-28 02:27:54"},"aioseo_breadcrumb":"<div class=\"aioseo-breadcrumbs\"><span class=\"aioseo-breadcrumb\">\n\t<a href=\"https:\/\/eldigitaldeasturias.com\/magazine365\" title=\"Home\">Home<\/a>\n<\/span><span class=\"aioseo-breadcrumb-separator\">\u2013<\/span><span class=\"aioseo-breadcrumb\">\n\t<a href=\"https:\/\/eldigitaldeasturias.com\/magazine365\/category\/noticias-actualidad\/\" title=\"Noticias y Actualidad\">Noticias y Actualidad<\/a>\n<\/span><span class=\"aioseo-breadcrumb-separator\">\u2013<\/span><span class=\"aioseo-breadcrumb\">\n\t<a href=\"https:\/\/eldigitaldeasturias.com\/magazine365\/ixx-edicion-de-enfants-terribles\/\" title=\"IXX Edici\u00f3n de Enfants Terribles\">IXX Edici\u00f3n de Enfants Terribles<\/a>\n<\/span><\/div>","aioseo_breadcrumb_json":[{"label":"Home","link":"https:\/\/eldigitaldeasturias.com\/magazine365"},{"label":"Noticias y Actualidad","link":"https:\/\/eldigitaldeasturias.com\/magazine365\/category\/noticias-actualidad\/"},{"label":"IXX Edici\u00f3n de Enfants Terribles","link":"https:\/\/eldigitaldeasturias.com\/magazine365\/ixx-edicion-de-enfants-terribles\/"}],"_links":{"self":[{"href":"https:\/\/eldigitaldeasturias.com\/magazine365\/wp-json\/wp\/v2\/posts\/83163","targetHints":{"allow":["GET"]}}],"collection":[{"href":"https:\/\/eldigitaldeasturias.com\/magazine365\/wp-json\/wp\/v2\/posts"}],"about":[{"href":"https:\/\/eldigitaldeasturias.com\/magazine365\/wp-json\/wp\/v2\/types\/post"}],"author":[{"embeddable":true,"href":"https:\/\/eldigitaldeasturias.com\/magazine365\/wp-json\/wp\/v2\/users\/1"}],"replies":[{"embeddable":true,"href":"https:\/\/eldigitaldeasturias.com\/magazine365\/wp-json\/wp\/v2\/comments?post=83163"}],"version-history":[{"count":0,"href":"https:\/\/eldigitaldeasturias.com\/magazine365\/wp-json\/wp\/v2\/posts\/83163\/revisions"}],"wp:featuredmedia":[{"embeddable":true,"href":"https:\/\/eldigitaldeasturias.com\/magazine365\/wp-json\/wp\/v2\/media\/82423"}],"wp:attachment":[{"href":"https:\/\/eldigitaldeasturias.com\/magazine365\/wp-json\/wp\/v2\/media?parent=83163"}],"wp:term":[{"taxonomy":"category","embeddable":true,"href":"https:\/\/eldigitaldeasturias.com\/magazine365\/wp-json\/wp\/v2\/categories?post=83163"},{"taxonomy":"post_tag","embeddable":true,"href":"https:\/\/eldigitaldeasturias.com\/magazine365\/wp-json\/wp\/v2\/tags?post=83163"}],"curies":[{"name":"wp","href":"https:\/\/api.w.org\/{rel}","templated":true}]}}