{"id":83154,"date":"2016-10-22T14:28:00","date_gmt":"2016-10-22T12:28:00","guid":{"rendered":"http:\/\/eldigitaldeasturias.com\/magazine365\/?p=83154"},"modified":"2016-10-22T14:28:00","modified_gmt":"2016-10-22T12:28:00","slug":"la-quesera-del-cares-premiada-con-el-cincho-de-oro","status":"publish","type":"post","link":"https:\/\/eldigitaldeasturias.com\/magazine365\/la-quesera-del-cares-premiada-con-el-cincho-de-oro\/","title":{"rendered":"La Quesera del Cares premiada con el Cincho de Oro"},"content":{"rendered":"<p><img fetchpriority=\"high\" decoding=\"async\" class=\"alignleft size-medium wp-image-83155\" src=\"https:\/\/eldigitaldeasturias.com\/magazine365\/wp-content\/uploads\/2016\/10\/fotonoticia_20161014115740_800-360x240.jpg\" alt=\"fotonoticia_20161014115740_800\" width=\"360\" height=\"240\" srcset=\"https:\/\/eldigitaldeasturias.com\/magazine365\/wp-content\/uploads\/2016\/10\/fotonoticia_20161014115740_800-360x240.jpg 360w, https:\/\/eldigitaldeasturias.com\/magazine365\/wp-content\/uploads\/2016\/10\/fotonoticia_20161014115740_800-650x433.jpg 650w, https:\/\/eldigitaldeasturias.com\/magazine365\/wp-content\/uploads\/2016\/10\/fotonoticia_20161014115740_800-768x512.jpg 768w, https:\/\/eldigitaldeasturias.com\/magazine365\/wp-content\/uploads\/2016\/10\/fotonoticia_20161014115740_800-150x100.jpg 150w, https:\/\/eldigitaldeasturias.com\/magazine365\/wp-content\/uploads\/2016\/10\/fotonoticia_20161014115740_800-450x300.jpg 450w, https:\/\/eldigitaldeasturias.com\/magazine365\/wp-content\/uploads\/2016\/10\/fotonoticia_20161014115740_800-101x66.jpg 101w, https:\/\/eldigitaldeasturias.com\/magazine365\/wp-content\/uploads\/2016\/10\/fotonoticia_20161014115740_800.jpg 800w\" sizes=\"(max-width: 360px) 100vw, 360px\" \/>El queso con Denominaci\u00f3n de Origen Cabrales de la Quesera del Cares obtuvo el pasado 7 de octubre el premio Cincho de Oro en el concurso Internacional de quesos de Castilla y Le\u00f3n. Este galard\u00f3n es el m\u00e1s importante concedido en Espa\u00f1a a los quesos azules.<\/p>\n<p>En una nota de prensa, desde la quesera asturiana han explicado que el queso premiado est\u00e1 elaborado a partir de leche de cabra, vaca y oveja y madurado en la Cueva del Cares.<\/p>\n<p>Adem\u00e1s, han destacado que este galard\u00f3n permite a la empresa \u00abrenacer de sus propias cenizas despu\u00e9s de que la factor\u00eda fuera arrasada por las inundaciones registradas en 2012\u00bb. La producci\u00f3n actual de la queser\u00eda es de alrededor de 150 kilos diarios.<\/p>\n<p>Este queso se vende en toda Espa\u00f1a y tambi\u00e9n en el mercado internacional, en 2015 un 25% de sus ventas fueron en el mercado mundial. Para 2017, la empresa prev\u00e9 ampliar su producci\u00f3n entre un 30 y un 40%.<\/p>\n<p>El propietario de la queser\u00eda, Marino Gonz\u00e1lez, ha destacado que se trata del \u00absegundo premio internacional en 2016\u00bb, tras el Segundo Premio de la Cofrad\u00eda del Queso de Cantabria, lo que muestra que la empresa est\u00e1 \u00aben el buen camino\u00bb.<\/p>\n<p>&nbsp;<\/p>\n","protected":false},"excerpt":{"rendered":"<p>El queso con Denominaci\u00f3n de Origen Cabrales de la Quesera del Cares obtuvo el pasado 7 de octubre el premio Cincho de Oro en el concurso Internacional de quesos de Castilla y Le\u00f3n. Este galard\u00f3n es el m\u00e1s importante concedido en Espa\u00f1a a los quesos azules. En una nota de prensa, desde la quesera asturiana<\/p>\n","protected":false},"author":1,"featured_media":83155,"comment_status":"open","ping_status":"closed","sticky":false,"template":"","format":"standard","meta":{"footnotes":""},"categories":[224],"tags":[],"class_list":{"0":"post-83154","1":"post","2":"type-post","3":"status-publish","4":"format-standard","5":"has-post-thumbnail","7":"category-noticias-actualidad"},"aioseo_notices":[],"aioseo_head":"\n\t\t<!-- All in One SEO Pro 4.9.6.1 - aioseo.com -->\n\t<meta name=\"description\" content=\"El queso con Denominaci\u00f3n de Origen Cabrales de la Quesera del Cares obtuvo el pasado 7 de octubre el premio Cincho de Oro en el concurso Internacional de quesos de Castilla y Le\u00f3n. Este galard\u00f3n es el m\u00e1s importante concedido en Espa\u00f1a a los quesos azules. En una nota de prensa, desde la quesera asturiana\" \/>\n\t<meta name=\"robots\" content=\"max-image-preview:large\" \/>\n\t<meta name=\"author\" content=\"admin\"\/>\n\t<meta name=\"google-site-verification\" content=\"UA-38556648-1\" \/>\n\t<meta name=\"keywords\" content=\"noticias y actualidad\" \/>\n\t<link rel=\"canonical\" href=\"https:\/\/eldigitaldeasturias.com\/magazine365\/la-quesera-del-cares-premiada-con-el-cincho-de-oro\/\" \/>\n\t<meta name=\"generator\" content=\"All in One SEO Pro (AIOSEO) 4.9.6.1\" \/>\n\t\t<meta property=\"og:locale\" content=\"es_ES\" \/>\n\t\t<meta property=\"og:site_name\" content=\"El Digital de Asturias \u2013 Revista de ocio, turismo y estilo de vida\" \/>\n\t\t<meta property=\"og:type\" content=\"article\" \/>\n\t\t<meta property=\"og:title\" content=\"La Quesera del Cares premiada con el Cincho de Oro | El Digital de Asturias\" \/>\n\t\t<meta property=\"og:description\" content=\"El queso con Denominaci\u00f3n de Origen Cabrales de la Quesera del Cares obtuvo el pasado 7 de octubre el premio Cincho de Oro en el concurso Internacional de quesos de Castilla y Le\u00f3n. Este galard\u00f3n es el m\u00e1s importante concedido en Espa\u00f1a a los quesos azules. En una nota de prensa, desde la quesera asturiana\" \/>\n\t\t<meta property=\"og:url\" content=\"https:\/\/eldigitaldeasturias.com\/magazine365\/la-quesera-del-cares-premiada-con-el-cincho-de-oro\/\" \/>\n\t\t<meta property=\"og:image\" content=\"https:\/\/eldigitaldeasturias.com\/magazine365\/wp-content\/uploads\/2016\/10\/fotonoticia_20161014115740_800.jpg\" \/>\n\t\t<meta property=\"og:image:secure_url\" content=\"https:\/\/eldigitaldeasturias.com\/magazine365\/wp-content\/uploads\/2016\/10\/fotonoticia_20161014115740_800.jpg\" \/>\n\t\t<meta property=\"og:image:width\" content=\"800\" \/>\n\t\t<meta property=\"og:image:height\" content=\"533\" \/>\n\t\t<meta property=\"article:published_time\" content=\"2016-10-22T12:28:00+00:00\" \/>\n\t\t<meta property=\"article:modified_time\" content=\"2016-10-22T12:28:00+00:00\" \/>\n\t\t<meta name=\"twitter:card\" content=\"summary_large_image\" \/>\n\t\t<meta name=\"twitter:title\" content=\"La Quesera del Cares premiada con el Cincho de Oro | El Digital de Asturias\" \/>\n\t\t<meta name=\"twitter:description\" content=\"El queso con Denominaci\u00f3n de Origen Cabrales de la Quesera del Cares obtuvo el pasado 7 de octubre el premio Cincho de Oro en el concurso Internacional de quesos de Castilla y Le\u00f3n. Este galard\u00f3n es el m\u00e1s importante concedido en Espa\u00f1a a los quesos azules. En una nota de prensa, desde la quesera asturiana\" \/>\n\t\t<meta name=\"twitter:image\" content=\"https:\/\/eldigitaldeasturias.com\/magazine365\/wp-content\/uploads\/2016\/10\/fotonoticia_20161014115740_800.jpg\" \/>\n\t\t<script type=\"application\/ld+json\" class=\"aioseo-schema\">\n\t\t\t{\"@context\":\"https:\\\/\\\/schema.org\",\"@graph\":[{\"@type\":\"Article\",\"@id\":\"https:\\\/\\\/eldigitaldeasturias.com\\\/magazine365\\\/la-quesera-del-cares-premiada-con-el-cincho-de-oro\\\/#article\",\"name\":\"La Quesera del Cares premiada con el Cincho de Oro | El Digital de Asturias\",\"headline\":\"La Quesera del Cares premiada con el Cincho de Oro\",\"author\":{\"@id\":\"https:\\\/\\\/eldigitaldeasturias.com\\\/magazine365\\\/author\\\/admin\\\/#author\"},\"publisher\":{\"@id\":\"https:\\\/\\\/eldigitaldeasturias.com\\\/magazine365\\\/#organization\"},\"image\":{\"@type\":\"ImageObject\",\"url\":\"https:\\\/\\\/eldigitaldeasturias.com\\\/magazine365\\\/wp-content\\\/uploads\\\/2016\\\/10\\\/fotonoticia_20161014115740_800.jpg\",\"width\":800,\"height\":533},\"datePublished\":\"2016-10-22T14:28:00+02:00\",\"dateModified\":\"2016-10-22T14:28:00+02:00\",\"inLanguage\":\"es-ES\",\"mainEntityOfPage\":{\"@id\":\"https:\\\/\\\/eldigitaldeasturias.com\\\/magazine365\\\/la-quesera-del-cares-premiada-con-el-cincho-de-oro\\\/#webpage\"},\"isPartOf\":{\"@id\":\"https:\\\/\\\/eldigitaldeasturias.com\\\/magazine365\\\/la-quesera-del-cares-premiada-con-el-cincho-de-oro\\\/#webpage\"},\"articleSection\":\"Noticias y Actualidad\"},{\"@type\":\"BreadcrumbList\",\"@id\":\"https:\\\/\\\/eldigitaldeasturias.com\\\/magazine365\\\/la-quesera-del-cares-premiada-con-el-cincho-de-oro\\\/#breadcrumblist\",\"itemListElement\":[{\"@type\":\"ListItem\",\"@id\":\"https:\\\/\\\/eldigitaldeasturias.com\\\/magazine365#listItem\",\"position\":1,\"name\":\"Home\",\"item\":\"https:\\\/\\\/eldigitaldeasturias.com\\\/magazine365\",\"nextItem\":{\"@type\":\"ListItem\",\"@id\":\"https:\\\/\\\/eldigitaldeasturias.com\\\/magazine365\\\/category\\\/noticias-actualidad\\\/#listItem\",\"name\":\"Noticias y Actualidad\"}},{\"@type\":\"ListItem\",\"@id\":\"https:\\\/\\\/eldigitaldeasturias.com\\\/magazine365\\\/category\\\/noticias-actualidad\\\/#listItem\",\"position\":2,\"name\":\"Noticias y Actualidad\",\"item\":\"https:\\\/\\\/eldigitaldeasturias.com\\\/magazine365\\\/category\\\/noticias-actualidad\\\/\",\"nextItem\":{\"@type\":\"ListItem\",\"@id\":\"https:\\\/\\\/eldigitaldeasturias.com\\\/magazine365\\\/la-quesera-del-cares-premiada-con-el-cincho-de-oro\\\/#listItem\",\"name\":\"La Quesera del Cares premiada con el Cincho de Oro\"},\"previousItem\":{\"@type\":\"ListItem\",\"@id\":\"https:\\\/\\\/eldigitaldeasturias.com\\\/magazine365#listItem\",\"name\":\"Home\"}},{\"@type\":\"ListItem\",\"@id\":\"https:\\\/\\\/eldigitaldeasturias.com\\\/magazine365\\\/la-quesera-del-cares-premiada-con-el-cincho-de-oro\\\/#listItem\",\"position\":3,\"name\":\"La Quesera del Cares premiada con el Cincho de Oro\",\"previousItem\":{\"@type\":\"ListItem\",\"@id\":\"https:\\\/\\\/eldigitaldeasturias.com\\\/magazine365\\\/category\\\/noticias-actualidad\\\/#listItem\",\"name\":\"Noticias y Actualidad\"}}]},{\"@type\":\"Organization\",\"@id\":\"https:\\\/\\\/eldigitaldeasturias.com\\\/magazine365\\\/#organization\",\"name\":\"El digital de Asturias\",\"description\":\"Revista de ocio, turismo y estilo de vida\",\"url\":\"https:\\\/\\\/eldigitaldeasturias.com\\\/magazine365\\\/\",\"logo\":{\"@type\":\"ImageObject\",\"url\":\"https:\\\/\\\/www.eldigitaldeasturias.com\\\/noticias\\\/wp-content\\\/uploads\\\/2020\\\/12\\\/EDA.jpg\",\"@id\":\"https:\\\/\\\/eldigitaldeasturias.com\\\/magazine365\\\/la-quesera-del-cares-premiada-con-el-cincho-de-oro\\\/#organizationLogo\"},\"image\":{\"@id\":\"https:\\\/\\\/eldigitaldeasturias.com\\\/magazine365\\\/la-quesera-del-cares-premiada-con-el-cincho-de-oro\\\/#organizationLogo\"}},{\"@type\":\"Person\",\"@id\":\"https:\\\/\\\/eldigitaldeasturias.com\\\/magazine365\\\/author\\\/admin\\\/#author\",\"url\":\"https:\\\/\\\/eldigitaldeasturias.com\\\/magazine365\\\/author\\\/admin\\\/\",\"name\":\"admin\",\"image\":{\"@type\":\"ImageObject\",\"@id\":\"https:\\\/\\\/eldigitaldeasturias.com\\\/magazine365\\\/la-quesera-del-cares-premiada-con-el-cincho-de-oro\\\/#authorImage\",\"url\":\"https:\\\/\\\/eldigitaldeasturias.com\\\/magazine365\\\/wp-content\\\/litespeed\\\/avatar\\\/e571bcf59a0edd6fa6838245a470f2fe.jpg?ver=1776969259\",\"width\":96,\"height\":96,\"caption\":\"admin\"}},{\"@type\":\"WebPage\",\"@id\":\"https:\\\/\\\/eldigitaldeasturias.com\\\/magazine365\\\/la-quesera-del-cares-premiada-con-el-cincho-de-oro\\\/#webpage\",\"url\":\"https:\\\/\\\/eldigitaldeasturias.com\\\/magazine365\\\/la-quesera-del-cares-premiada-con-el-cincho-de-oro\\\/\",\"name\":\"La Quesera del Cares premiada con el Cincho de Oro | El Digital de Asturias\",\"description\":\"El queso con Denominaci\\u00f3n de Origen Cabrales de la Quesera del Cares obtuvo el pasado 7 de octubre el premio Cincho de Oro en el concurso Internacional de quesos de Castilla y Le\\u00f3n. Este galard\\u00f3n es el m\\u00e1s importante concedido en Espa\\u00f1a a los quesos azules. En una nota de prensa, desde la quesera asturiana\",\"inLanguage\":\"es-ES\",\"isPartOf\":{\"@id\":\"https:\\\/\\\/eldigitaldeasturias.com\\\/magazine365\\\/#website\"},\"breadcrumb\":{\"@id\":\"https:\\\/\\\/eldigitaldeasturias.com\\\/magazine365\\\/la-quesera-del-cares-premiada-con-el-cincho-de-oro\\\/#breadcrumblist\"},\"author\":{\"@id\":\"https:\\\/\\\/eldigitaldeasturias.com\\\/magazine365\\\/author\\\/admin\\\/#author\"},\"creator\":{\"@id\":\"https:\\\/\\\/eldigitaldeasturias.com\\\/magazine365\\\/author\\\/admin\\\/#author\"},\"image\":{\"@type\":\"ImageObject\",\"url\":\"https:\\\/\\\/eldigitaldeasturias.com\\\/magazine365\\\/wp-content\\\/uploads\\\/2016\\\/10\\\/fotonoticia_20161014115740_800.jpg\",\"@id\":\"https:\\\/\\\/eldigitaldeasturias.com\\\/magazine365\\\/la-quesera-del-cares-premiada-con-el-cincho-de-oro\\\/#mainImage\",\"width\":800,\"height\":533},\"primaryImageOfPage\":{\"@id\":\"https:\\\/\\\/eldigitaldeasturias.com\\\/magazine365\\\/la-quesera-del-cares-premiada-con-el-cincho-de-oro\\\/#mainImage\"},\"datePublished\":\"2016-10-22T14:28:00+02:00\",\"dateModified\":\"2016-10-22T14:28:00+02:00\"},{\"@type\":\"WebSite\",\"@id\":\"https:\\\/\\\/eldigitaldeasturias.com\\\/magazine365\\\/#website\",\"url\":\"https:\\\/\\\/eldigitaldeasturias.com\\\/magazine365\\\/\",\"name\":\"El Digital de Asturias\",\"description\":\"Revista de ocio, turismo y estilo de vida\",\"inLanguage\":\"es-ES\",\"publisher\":{\"@id\":\"https:\\\/\\\/eldigitaldeasturias.com\\\/magazine365\\\/#organization\"}}]}\n\t\t<\/script>\n\t\t<!-- All in One SEO Pro -->\r\n\t\t<title>La Quesera del Cares premiada con el Cincho de Oro | El Digital de Asturias<\/title>\n\n","aioseo_head_json":{"title":"La Quesera del Cares premiada con el Cincho de Oro | El Digital de Asturias","description":"El queso con Denominaci\u00f3n de Origen Cabrales de la Quesera del Cares obtuvo el pasado 7 de octubre el premio Cincho de Oro en el concurso Internacional de quesos de Castilla y Le\u00f3n. Este galard\u00f3n es el m\u00e1s importante concedido en Espa\u00f1a a los quesos azules. En una nota de prensa, desde la quesera asturiana","canonical_url":"https:\/\/eldigitaldeasturias.com\/magazine365\/la-quesera-del-cares-premiada-con-el-cincho-de-oro\/","robots":"max-image-preview:large","keywords":"noticias y actualidad","webmasterTools":{"google-site-verification":"UA-38556648-1","miscellaneous":""},"schema":{"@context":"https:\/\/schema.org","@graph":[{"@type":"Article","@id":"https:\/\/eldigitaldeasturias.com\/magazine365\/la-quesera-del-cares-premiada-con-el-cincho-de-oro\/#article","name":"La Quesera del Cares premiada con el Cincho de Oro | El Digital de Asturias","headline":"La Quesera del Cares premiada con el Cincho de Oro","author":{"@id":"https:\/\/eldigitaldeasturias.com\/magazine365\/author\/admin\/#author"},"publisher":{"@id":"https:\/\/eldigitaldeasturias.com\/magazine365\/#organization"},"image":{"@type":"ImageObject","url":"https:\/\/eldigitaldeasturias.com\/magazine365\/wp-content\/uploads\/2016\/10\/fotonoticia_20161014115740_800.jpg","width":800,"height":533},"datePublished":"2016-10-22T14:28:00+02:00","dateModified":"2016-10-22T14:28:00+02:00","inLanguage":"es-ES","mainEntityOfPage":{"@id":"https:\/\/eldigitaldeasturias.com\/magazine365\/la-quesera-del-cares-premiada-con-el-cincho-de-oro\/#webpage"},"isPartOf":{"@id":"https:\/\/eldigitaldeasturias.com\/magazine365\/la-quesera-del-cares-premiada-con-el-cincho-de-oro\/#webpage"},"articleSection":"Noticias y Actualidad"},{"@type":"BreadcrumbList","@id":"https:\/\/eldigitaldeasturias.com\/magazine365\/la-quesera-del-cares-premiada-con-el-cincho-de-oro\/#breadcrumblist","itemListElement":[{"@type":"ListItem","@id":"https:\/\/eldigitaldeasturias.com\/magazine365#listItem","position":1,"name":"Home","item":"https:\/\/eldigitaldeasturias.com\/magazine365","nextItem":{"@type":"ListItem","@id":"https:\/\/eldigitaldeasturias.com\/magazine365\/category\/noticias-actualidad\/#listItem","name":"Noticias y Actualidad"}},{"@type":"ListItem","@id":"https:\/\/eldigitaldeasturias.com\/magazine365\/category\/noticias-actualidad\/#listItem","position":2,"name":"Noticias y Actualidad","item":"https:\/\/eldigitaldeasturias.com\/magazine365\/category\/noticias-actualidad\/","nextItem":{"@type":"ListItem","@id":"https:\/\/eldigitaldeasturias.com\/magazine365\/la-quesera-del-cares-premiada-con-el-cincho-de-oro\/#listItem","name":"La Quesera del Cares premiada con el Cincho de Oro"},"previousItem":{"@type":"ListItem","@id":"https:\/\/eldigitaldeasturias.com\/magazine365#listItem","name":"Home"}},{"@type":"ListItem","@id":"https:\/\/eldigitaldeasturias.com\/magazine365\/la-quesera-del-cares-premiada-con-el-cincho-de-oro\/#listItem","position":3,"name":"La Quesera del Cares premiada con el Cincho de Oro","previousItem":{"@type":"ListItem","@id":"https:\/\/eldigitaldeasturias.com\/magazine365\/category\/noticias-actualidad\/#listItem","name":"Noticias y Actualidad"}}]},{"@type":"Organization","@id":"https:\/\/eldigitaldeasturias.com\/magazine365\/#organization","name":"El digital de Asturias","description":"Revista de ocio, turismo y estilo de vida","url":"https:\/\/eldigitaldeasturias.com\/magazine365\/","logo":{"@type":"ImageObject","url":"https:\/\/www.eldigitaldeasturias.com\/noticias\/wp-content\/uploads\/2020\/12\/EDA.jpg","@id":"https:\/\/eldigitaldeasturias.com\/magazine365\/la-quesera-del-cares-premiada-con-el-cincho-de-oro\/#organizationLogo"},"image":{"@id":"https:\/\/eldigitaldeasturias.com\/magazine365\/la-quesera-del-cares-premiada-con-el-cincho-de-oro\/#organizationLogo"}},{"@type":"Person","@id":"https:\/\/eldigitaldeasturias.com\/magazine365\/author\/admin\/#author","url":"https:\/\/eldigitaldeasturias.com\/magazine365\/author\/admin\/","name":"admin","image":{"@type":"ImageObject","@id":"https:\/\/eldigitaldeasturias.com\/magazine365\/la-quesera-del-cares-premiada-con-el-cincho-de-oro\/#authorImage","url":"https:\/\/eldigitaldeasturias.com\/magazine365\/wp-content\/litespeed\/avatar\/e571bcf59a0edd6fa6838245a470f2fe.jpg?ver=1776969259","width":96,"height":96,"caption":"admin"}},{"@type":"WebPage","@id":"https:\/\/eldigitaldeasturias.com\/magazine365\/la-quesera-del-cares-premiada-con-el-cincho-de-oro\/#webpage","url":"https:\/\/eldigitaldeasturias.com\/magazine365\/la-quesera-del-cares-premiada-con-el-cincho-de-oro\/","name":"La Quesera del Cares premiada con el Cincho de Oro | El Digital de Asturias","description":"El queso con Denominaci\u00f3n de Origen Cabrales de la Quesera del Cares obtuvo el pasado 7 de octubre el premio Cincho de Oro en el concurso Internacional de quesos de Castilla y Le\u00f3n. Este galard\u00f3n es el m\u00e1s importante concedido en Espa\u00f1a a los quesos azules. En una nota de prensa, desde la quesera asturiana","inLanguage":"es-ES","isPartOf":{"@id":"https:\/\/eldigitaldeasturias.com\/magazine365\/#website"},"breadcrumb":{"@id":"https:\/\/eldigitaldeasturias.com\/magazine365\/la-quesera-del-cares-premiada-con-el-cincho-de-oro\/#breadcrumblist"},"author":{"@id":"https:\/\/eldigitaldeasturias.com\/magazine365\/author\/admin\/#author"},"creator":{"@id":"https:\/\/eldigitaldeasturias.com\/magazine365\/author\/admin\/#author"},"image":{"@type":"ImageObject","url":"https:\/\/eldigitaldeasturias.com\/magazine365\/wp-content\/uploads\/2016\/10\/fotonoticia_20161014115740_800.jpg","@id":"https:\/\/eldigitaldeasturias.com\/magazine365\/la-quesera-del-cares-premiada-con-el-cincho-de-oro\/#mainImage","width":800,"height":533},"primaryImageOfPage":{"@id":"https:\/\/eldigitaldeasturias.com\/magazine365\/la-quesera-del-cares-premiada-con-el-cincho-de-oro\/#mainImage"},"datePublished":"2016-10-22T14:28:00+02:00","dateModified":"2016-10-22T14:28:00+02:00"},{"@type":"WebSite","@id":"https:\/\/eldigitaldeasturias.com\/magazine365\/#website","url":"https:\/\/eldigitaldeasturias.com\/magazine365\/","name":"El Digital de Asturias","description":"Revista de ocio, turismo y estilo de vida","inLanguage":"es-ES","publisher":{"@id":"https:\/\/eldigitaldeasturias.com\/magazine365\/#organization"}}]},"og:locale":"es_ES","og:site_name":"El Digital de Asturias \u2013 Revista de ocio, turismo y estilo de vida","og:type":"article","og:title":"La Quesera del Cares premiada con el Cincho de Oro | El Digital de Asturias","og:description":"El queso con Denominaci\u00f3n de Origen Cabrales de la Quesera del Cares obtuvo el pasado 7 de octubre el premio Cincho de Oro en el concurso Internacional de quesos de Castilla y Le\u00f3n. Este galard\u00f3n es el m\u00e1s importante concedido en Espa\u00f1a a los quesos azules. En una nota de prensa, desde la quesera asturiana","og:url":"https:\/\/eldigitaldeasturias.com\/magazine365\/la-quesera-del-cares-premiada-con-el-cincho-de-oro\/","og:image":"https:\/\/eldigitaldeasturias.com\/magazine365\/wp-content\/uploads\/2016\/10\/fotonoticia_20161014115740_800.jpg","og:image:secure_url":"https:\/\/eldigitaldeasturias.com\/magazine365\/wp-content\/uploads\/2016\/10\/fotonoticia_20161014115740_800.jpg","og:image:width":800,"og:image:height":533,"article:published_time":"2016-10-22T12:28:00+00:00","article:modified_time":"2016-10-22T12:28:00+00:00","twitter:card":"summary_large_image","twitter:title":"La Quesera del Cares premiada con el Cincho de Oro | El Digital de Asturias","twitter:description":"El queso con Denominaci\u00f3n de Origen Cabrales de la Quesera del Cares obtuvo el pasado 7 de octubre el premio Cincho de Oro en el concurso Internacional de quesos de Castilla y Le\u00f3n. Este galard\u00f3n es el m\u00e1s importante concedido en Espa\u00f1a a los quesos azules. En una nota de prensa, desde la quesera asturiana","twitter:image":"https:\/\/eldigitaldeasturias.com\/magazine365\/wp-content\/uploads\/2016\/10\/fotonoticia_20161014115740_800.jpg"},"aioseo_meta_data":{"post_id":"83154","title":null,"description":null,"keywords":null,"keyphrases":null,"primary_term":null,"canonical_url":null,"og_title":null,"og_description":null,"og_object_type":"default","og_image_type":"default","og_image_url":null,"og_image_width":null,"og_image_height":null,"og_image_custom_url":null,"og_image_custom_fields":null,"og_video":null,"og_custom_url":null,"og_article_section":null,"og_article_tags":null,"twitter_use_og":false,"twitter_card":"default","twitter_image_type":"default","twitter_image_url":null,"twitter_image_custom_url":null,"twitter_image_custom_fields":null,"twitter_title":null,"twitter_description":null,"schema":{"blockGraphs":[],"customGraphs":[],"default":{"data":{"Article":[],"Course":[],"Dataset":[],"FAQPage":[],"Movie":[],"Person":[],"Product":[],"ProductReview":[],"Car":[],"Recipe":[],"Service":[],"SoftwareApplication":[],"WebPage":[]},"graphName":"","isEnabled":true},"graphs":[],"defaultGraph":"","defaultPostTypeGraph":""},"schema_type":null,"schema_type_options":null,"pillar_content":false,"robots_default":true,"robots_noindex":false,"robots_noarchive":false,"robots_nosnippet":false,"robots_nofollow":false,"robots_noimageindex":false,"robots_noodp":false,"robots_notranslate":false,"robots_max_snippet":null,"robots_max_videopreview":null,"robots_max_imagepreview":"large","priority":null,"frequency":null,"location":null,"local_seo":null,"seo_analyzer_scan_date":"2025-09-28 02:26:19","breadcrumb_settings":null,"limit_modified_date":false,"open_ai":null,"ai":null,"created":"2020-12-21 15:30:14","updated":"2025-09-28 02:26:19"},"aioseo_breadcrumb":"<div class=\"aioseo-breadcrumbs\"><span class=\"aioseo-breadcrumb\">\n\t<a href=\"https:\/\/eldigitaldeasturias.com\/magazine365\" title=\"Home\">Home<\/a>\n<\/span><span class=\"aioseo-breadcrumb-separator\">\u2013<\/span><span class=\"aioseo-breadcrumb\">\n\t<a href=\"https:\/\/eldigitaldeasturias.com\/magazine365\/category\/noticias-actualidad\/\" title=\"Noticias y Actualidad\">Noticias y Actualidad<\/a>\n<\/span><span class=\"aioseo-breadcrumb-separator\">\u2013<\/span><span class=\"aioseo-breadcrumb\">\n\t<a href=\"https:\/\/eldigitaldeasturias.com\/magazine365\/la-quesera-del-cares-premiada-con-el-cincho-de-oro\/\" title=\"La Quesera del Cares premiada con el Cincho de Oro\">La Quesera del Cares premiada con el Cincho de Oro<\/a>\n<\/span><\/div>","aioseo_breadcrumb_json":[{"label":"Home","link":"https:\/\/eldigitaldeasturias.com\/magazine365"},{"label":"Noticias y Actualidad","link":"https:\/\/eldigitaldeasturias.com\/magazine365\/category\/noticias-actualidad\/"},{"label":"La Quesera del Cares premiada con el Cincho de Oro","link":"https:\/\/eldigitaldeasturias.com\/magazine365\/la-quesera-del-cares-premiada-con-el-cincho-de-oro\/"}],"_links":{"self":[{"href":"https:\/\/eldigitaldeasturias.com\/magazine365\/wp-json\/wp\/v2\/posts\/83154","targetHints":{"allow":["GET"]}}],"collection":[{"href":"https:\/\/eldigitaldeasturias.com\/magazine365\/wp-json\/wp\/v2\/posts"}],"about":[{"href":"https:\/\/eldigitaldeasturias.com\/magazine365\/wp-json\/wp\/v2\/types\/post"}],"author":[{"embeddable":true,"href":"https:\/\/eldigitaldeasturias.com\/magazine365\/wp-json\/wp\/v2\/users\/1"}],"replies":[{"embeddable":true,"href":"https:\/\/eldigitaldeasturias.com\/magazine365\/wp-json\/wp\/v2\/comments?post=83154"}],"version-history":[{"count":0,"href":"https:\/\/eldigitaldeasturias.com\/magazine365\/wp-json\/wp\/v2\/posts\/83154\/revisions"}],"wp:featuredmedia":[{"embeddable":true,"href":"https:\/\/eldigitaldeasturias.com\/magazine365\/wp-json\/wp\/v2\/media\/83155"}],"wp:attachment":[{"href":"https:\/\/eldigitaldeasturias.com\/magazine365\/wp-json\/wp\/v2\/media?parent=83154"}],"wp:term":[{"taxonomy":"category","embeddable":true,"href":"https:\/\/eldigitaldeasturias.com\/magazine365\/wp-json\/wp\/v2\/categories?post=83154"},{"taxonomy":"post_tag","embeddable":true,"href":"https:\/\/eldigitaldeasturias.com\/magazine365\/wp-json\/wp\/v2\/tags?post=83154"}],"curies":[{"name":"wp","href":"https:\/\/api.w.org\/{rel}","templated":true}]}}