{"id":83111,"date":"2016-10-13T10:24:48","date_gmt":"2016-10-13T08:24:48","guid":{"rendered":"http:\/\/eldigitaldeasturias.com\/magazine365\/?p=83111"},"modified":"2016-10-13T10:24:48","modified_gmt":"2016-10-13T08:24:48","slug":"astral-en-el-centro-municipal-integrado-de-pumarin-gijon-sur","status":"publish","type":"post","link":"https:\/\/eldigitaldeasturias.com\/magazine365\/astral-en-el-centro-municipal-integrado-de-pumarin-gijon-sur\/","title":{"rendered":"\u201cAstral\u201d en el Centro Municipal Integrado de Pumar\u00edn-Gij\u00f3n Sur"},"content":{"rendered":"<p><img fetchpriority=\"high\" decoding=\"async\" class=\"alignleft size-medium wp-image-83112\" src=\"https:\/\/eldigitaldeasturias.com\/magazine365\/wp-content\/uploads\/2016\/10\/fotonoticia_20161011164855_800-360x270.jpg\" alt=\"fotonoticia_20161011164855_800\" width=\"360\" height=\"270\" srcset=\"https:\/\/eldigitaldeasturias.com\/magazine365\/wp-content\/uploads\/2016\/10\/fotonoticia_20161011164855_800-360x270.jpg 360w, https:\/\/eldigitaldeasturias.com\/magazine365\/wp-content\/uploads\/2016\/10\/fotonoticia_20161011164855_800-650x488.jpg 650w, https:\/\/eldigitaldeasturias.com\/magazine365\/wp-content\/uploads\/2016\/10\/fotonoticia_20161011164855_800-768x576.jpg 768w, https:\/\/eldigitaldeasturias.com\/magazine365\/wp-content\/uploads\/2016\/10\/fotonoticia_20161011164855_800-150x113.jpg 150w, https:\/\/eldigitaldeasturias.com\/magazine365\/wp-content\/uploads\/2016\/10\/fotonoticia_20161011164855_800-450x338.jpg 450w, https:\/\/eldigitaldeasturias.com\/magazine365\/wp-content\/uploads\/2016\/10\/fotonoticia_20161011164855_800-90x67.jpg 90w, https:\/\/eldigitaldeasturias.com\/magazine365\/wp-content\/uploads\/2016\/10\/fotonoticia_20161011164855_800-164x124.jpg 164w, https:\/\/eldigitaldeasturias.com\/magazine365\/wp-content\/uploads\/2016\/10\/fotonoticia_20161011164855_800-100x75.jpg 100w, https:\/\/eldigitaldeasturias.com\/magazine365\/wp-content\/uploads\/2016\/10\/fotonoticia_20161011164855_800.jpg 800w\" sizes=\"(max-width: 360px) 100vw, 360px\" \/>El Centro Municipal Integrado de Pumar\u00edn-Gij\u00f3n Sur acoger\u00e1 este pr\u00f3ximo viernes la proyecci\u00f3n de &#8216;Astral&#8217;, una producci\u00f3n de Jordi \u00c9vole que se estrenar\u00e1 en 130 salas de Espa\u00f1a y con la que, en el caso de Gij\u00f3n, se abre el ciclo de cine documental &#8216;Im\u00e1genes de un \u00e9xodo&#8217;.<\/p>\n<p>Un ciclo en el que a trav\u00e9s de seis documentales se invita a la reflexi\u00f3n para conocer las condiciones de refugiados e inmigrantes que buscan una vida mejor huyendo de guerras o de penurias econ\u00f3micas y, en otros casos, de la persecuci\u00f3n pol\u00edtica. As\u00ed lo ha destacado en rueda de prensa la concejala de Educaci\u00f3n y Cultura, Montserrat L\u00f3pez (Foro).<\/p>\n<p>Las proyecciones tendr\u00e1n lugar en centros municipales y en el Centro de Cultura Antiguo Instituto y a su t\u00e9rmino tendr\u00e1 lugar un coloquio en el que participar\u00e1n, a excepci\u00f3n de en &#8216;Astral&#8217;, representantes y directores de los documentales.<\/p>\n<p>En el caso de &#8216;Astral&#8217;, el documental aborda la historia de un velero de lujo convertido en barco para refugiados y que fue cedido por un empresario a la ONG ProActiva Open Arms para labores de vigilancia y salvamento de refugiados. \u00c9vole se embarc\u00f3 en el mismo junto a su equipo del programa televisivo &#8216;Salvados&#8217;.<\/p>\n<p>Tras su estreno en Espa\u00f1a para recaudar fondos para esta ONG, podr\u00e1 verse en pr\u00f3ximas fechas por televisi\u00f3n. En Gij\u00f3n la donaci\u00f3n la har\u00e1 el Ayuntamiento, de forma que podr\u00e1 verse gratuitamente, seg\u00fan la concejala.<\/p>\n<p>Adem\u00e1s de &#8216;Astral&#8217;, los otros cinco documentales que podr\u00e1n verse en Gij\u00f3n, todos estos en diciembre, son: &#8216;The Land Between&#8217;, de David Fedele; &#8216;Refugiados, Camino a Ninguna Parte&#8217;, de Unax Blanco y Asier Garc\u00eda; &#8216;Distric Zero&#8217;, de Jorge Fern\u00e1ndez, Pablo Tosco y Pablo Iraburu; &#8216;Welcome to muy Country&#8217;, de Fernando Le\u00f3n de Aranoa; y &#8216;El Juego del Escondite&#8217;, de David Mu\u00f1oz.<\/p>\n<p>&nbsp;<\/p>\n","protected":false},"excerpt":{"rendered":"<p>El Centro Municipal Integrado de Pumar\u00edn-Gij\u00f3n Sur acoger\u00e1 este pr\u00f3ximo viernes la proyecci\u00f3n de &#8216;Astral&#8217;, una producci\u00f3n de Jordi \u00c9vole que se estrenar\u00e1 en 130 salas de Espa\u00f1a y con la que, en el caso de Gij\u00f3n, se abre el ciclo de cine documental &#8216;Im\u00e1genes de un \u00e9xodo&#8217;. Un ciclo en el que a trav\u00e9s<\/p>\n","protected":false},"author":1,"featured_media":83112,"comment_status":"open","ping_status":"closed","sticky":false,"template":"","format":"standard","meta":{"footnotes":""},"categories":[224],"tags":[],"class_list":{"0":"post-83111","1":"post","2":"type-post","3":"status-publish","4":"format-standard","5":"has-post-thumbnail","7":"category-noticias-actualidad"},"aioseo_notices":[],"aioseo_head":"\n\t\t<!-- All in One SEO Pro 4.9.6.1 - aioseo.com -->\n\t<meta name=\"description\" content=\"El Centro Municipal Integrado de Pumar\u00edn-Gij\u00f3n Sur acoger\u00e1 este pr\u00f3ximo viernes la proyecci\u00f3n de &#039;Astral&#039;, una producci\u00f3n de Jordi \u00c9vole que se estrenar\u00e1 en 130 salas de Espa\u00f1a y con la que, en el caso de Gij\u00f3n, se abre el ciclo de cine documental &#039;Im\u00e1genes de un \u00e9xodo&#039;. Un ciclo en el que a trav\u00e9s\" \/>\n\t<meta name=\"robots\" content=\"max-image-preview:large\" \/>\n\t<meta name=\"author\" content=\"admin\"\/>\n\t<meta name=\"google-site-verification\" content=\"UA-38556648-1\" \/>\n\t<meta name=\"keywords\" content=\"noticias y actualidad\" \/>\n\t<link rel=\"canonical\" href=\"https:\/\/eldigitaldeasturias.com\/magazine365\/astral-en-el-centro-municipal-integrado-de-pumarin-gijon-sur\/\" \/>\n\t<meta name=\"generator\" content=\"All in One SEO Pro (AIOSEO) 4.9.6.1\" \/>\n\t\t<meta property=\"og:locale\" content=\"es_ES\" \/>\n\t\t<meta property=\"og:site_name\" content=\"El Digital de Asturias \u2013 Revista de ocio, turismo y estilo de vida\" \/>\n\t\t<meta property=\"og:type\" content=\"article\" \/>\n\t\t<meta property=\"og:title\" content=\"\u201cAstral\u201d en el Centro Municipal Integrado de Pumar\u00edn-Gij\u00f3n Sur | El Digital de Asturias\" \/>\n\t\t<meta property=\"og:description\" content=\"El Centro Municipal Integrado de Pumar\u00edn-Gij\u00f3n Sur acoger\u00e1 este pr\u00f3ximo viernes la proyecci\u00f3n de &#039;Astral&#039;, una producci\u00f3n de Jordi \u00c9vole que se estrenar\u00e1 en 130 salas de Espa\u00f1a y con la que, en el caso de Gij\u00f3n, se abre el ciclo de cine documental &#039;Im\u00e1genes de un \u00e9xodo&#039;. Un ciclo en el que a trav\u00e9s\" \/>\n\t\t<meta property=\"og:url\" content=\"https:\/\/eldigitaldeasturias.com\/magazine365\/astral-en-el-centro-municipal-integrado-de-pumarin-gijon-sur\/\" \/>\n\t\t<meta property=\"og:image\" content=\"https:\/\/eldigitaldeasturias.com\/magazine365\/wp-content\/uploads\/2016\/10\/fotonoticia_20161011164855_800.jpg\" \/>\n\t\t<meta property=\"og:image:secure_url\" content=\"https:\/\/eldigitaldeasturias.com\/magazine365\/wp-content\/uploads\/2016\/10\/fotonoticia_20161011164855_800.jpg\" \/>\n\t\t<meta property=\"og:image:width\" content=\"800\" \/>\n\t\t<meta property=\"og:image:height\" content=\"600\" \/>\n\t\t<meta property=\"article:published_time\" content=\"2016-10-13T08:24:48+00:00\" \/>\n\t\t<meta property=\"article:modified_time\" content=\"2016-10-13T08:24:48+00:00\" \/>\n\t\t<meta name=\"twitter:card\" content=\"summary_large_image\" \/>\n\t\t<meta name=\"twitter:title\" content=\"\u201cAstral\u201d en el Centro Municipal Integrado de Pumar\u00edn-Gij\u00f3n Sur | El Digital de Asturias\" \/>\n\t\t<meta name=\"twitter:description\" content=\"El Centro Municipal Integrado de Pumar\u00edn-Gij\u00f3n Sur acoger\u00e1 este pr\u00f3ximo viernes la proyecci\u00f3n de &#039;Astral&#039;, una producci\u00f3n de Jordi \u00c9vole que se estrenar\u00e1 en 130 salas de Espa\u00f1a y con la que, en el caso de Gij\u00f3n, se abre el ciclo de cine documental &#039;Im\u00e1genes de un \u00e9xodo&#039;. Un ciclo en el que a trav\u00e9s\" \/>\n\t\t<meta name=\"twitter:image\" content=\"https:\/\/eldigitaldeasturias.com\/magazine365\/wp-content\/uploads\/2016\/10\/fotonoticia_20161011164855_800.jpg\" \/>\n\t\t<script type=\"application\/ld+json\" class=\"aioseo-schema\">\n\t\t\t{\"@context\":\"https:\\\/\\\/schema.org\",\"@graph\":[{\"@type\":\"Article\",\"@id\":\"https:\\\/\\\/eldigitaldeasturias.com\\\/magazine365\\\/astral-en-el-centro-municipal-integrado-de-pumarin-gijon-sur\\\/#article\",\"name\":\"\\u201cAstral\\u201d en el Centro Municipal Integrado de Pumar\\u00edn-Gij\\u00f3n Sur | El Digital de Asturias\",\"headline\":\"\\u201cAstral\\u201d en el Centro Municipal Integrado de Pumar\\u00edn-Gij\\u00f3n Sur\",\"author\":{\"@id\":\"https:\\\/\\\/eldigitaldeasturias.com\\\/magazine365\\\/author\\\/admin\\\/#author\"},\"publisher\":{\"@id\":\"https:\\\/\\\/eldigitaldeasturias.com\\\/magazine365\\\/#organization\"},\"image\":{\"@type\":\"ImageObject\",\"url\":\"https:\\\/\\\/eldigitaldeasturias.com\\\/magazine365\\\/wp-content\\\/uploads\\\/2016\\\/10\\\/fotonoticia_20161011164855_800.jpg\",\"width\":800,\"height\":600},\"datePublished\":\"2016-10-13T10:24:48+02:00\",\"dateModified\":\"2016-10-13T10:24:48+02:00\",\"inLanguage\":\"es-ES\",\"mainEntityOfPage\":{\"@id\":\"https:\\\/\\\/eldigitaldeasturias.com\\\/magazine365\\\/astral-en-el-centro-municipal-integrado-de-pumarin-gijon-sur\\\/#webpage\"},\"isPartOf\":{\"@id\":\"https:\\\/\\\/eldigitaldeasturias.com\\\/magazine365\\\/astral-en-el-centro-municipal-integrado-de-pumarin-gijon-sur\\\/#webpage\"},\"articleSection\":\"Noticias y Actualidad\"},{\"@type\":\"BreadcrumbList\",\"@id\":\"https:\\\/\\\/eldigitaldeasturias.com\\\/magazine365\\\/astral-en-el-centro-municipal-integrado-de-pumarin-gijon-sur\\\/#breadcrumblist\",\"itemListElement\":[{\"@type\":\"ListItem\",\"@id\":\"https:\\\/\\\/eldigitaldeasturias.com\\\/magazine365#listItem\",\"position\":1,\"name\":\"Home\",\"item\":\"https:\\\/\\\/eldigitaldeasturias.com\\\/magazine365\",\"nextItem\":{\"@type\":\"ListItem\",\"@id\":\"https:\\\/\\\/eldigitaldeasturias.com\\\/magazine365\\\/category\\\/noticias-actualidad\\\/#listItem\",\"name\":\"Noticias y Actualidad\"}},{\"@type\":\"ListItem\",\"@id\":\"https:\\\/\\\/eldigitaldeasturias.com\\\/magazine365\\\/category\\\/noticias-actualidad\\\/#listItem\",\"position\":2,\"name\":\"Noticias y Actualidad\",\"item\":\"https:\\\/\\\/eldigitaldeasturias.com\\\/magazine365\\\/category\\\/noticias-actualidad\\\/\",\"nextItem\":{\"@type\":\"ListItem\",\"@id\":\"https:\\\/\\\/eldigitaldeasturias.com\\\/magazine365\\\/astral-en-el-centro-municipal-integrado-de-pumarin-gijon-sur\\\/#listItem\",\"name\":\"\\u201cAstral\\u201d en el Centro Municipal Integrado de Pumar\\u00edn-Gij\\u00f3n Sur\"},\"previousItem\":{\"@type\":\"ListItem\",\"@id\":\"https:\\\/\\\/eldigitaldeasturias.com\\\/magazine365#listItem\",\"name\":\"Home\"}},{\"@type\":\"ListItem\",\"@id\":\"https:\\\/\\\/eldigitaldeasturias.com\\\/magazine365\\\/astral-en-el-centro-municipal-integrado-de-pumarin-gijon-sur\\\/#listItem\",\"position\":3,\"name\":\"\\u201cAstral\\u201d en el Centro Municipal Integrado de Pumar\\u00edn-Gij\\u00f3n Sur\",\"previousItem\":{\"@type\":\"ListItem\",\"@id\":\"https:\\\/\\\/eldigitaldeasturias.com\\\/magazine365\\\/category\\\/noticias-actualidad\\\/#listItem\",\"name\":\"Noticias y Actualidad\"}}]},{\"@type\":\"Organization\",\"@id\":\"https:\\\/\\\/eldigitaldeasturias.com\\\/magazine365\\\/#organization\",\"name\":\"El digital de Asturias\",\"description\":\"Revista de ocio, turismo y estilo de vida\",\"url\":\"https:\\\/\\\/eldigitaldeasturias.com\\\/magazine365\\\/\",\"logo\":{\"@type\":\"ImageObject\",\"url\":\"https:\\\/\\\/www.eldigitaldeasturias.com\\\/noticias\\\/wp-content\\\/uploads\\\/2020\\\/12\\\/EDA.jpg\",\"@id\":\"https:\\\/\\\/eldigitaldeasturias.com\\\/magazine365\\\/astral-en-el-centro-municipal-integrado-de-pumarin-gijon-sur\\\/#organizationLogo\"},\"image\":{\"@id\":\"https:\\\/\\\/eldigitaldeasturias.com\\\/magazine365\\\/astral-en-el-centro-municipal-integrado-de-pumarin-gijon-sur\\\/#organizationLogo\"}},{\"@type\":\"Person\",\"@id\":\"https:\\\/\\\/eldigitaldeasturias.com\\\/magazine365\\\/author\\\/admin\\\/#author\",\"url\":\"https:\\\/\\\/eldigitaldeasturias.com\\\/magazine365\\\/author\\\/admin\\\/\",\"name\":\"admin\",\"image\":{\"@type\":\"ImageObject\",\"@id\":\"https:\\\/\\\/eldigitaldeasturias.com\\\/magazine365\\\/astral-en-el-centro-municipal-integrado-de-pumarin-gijon-sur\\\/#authorImage\",\"url\":\"https:\\\/\\\/eldigitaldeasturias.com\\\/magazine365\\\/wp-content\\\/litespeed\\\/avatar\\\/e571bcf59a0edd6fa6838245a470f2fe.jpg?ver=1776969259\",\"width\":96,\"height\":96,\"caption\":\"admin\"}},{\"@type\":\"WebPage\",\"@id\":\"https:\\\/\\\/eldigitaldeasturias.com\\\/magazine365\\\/astral-en-el-centro-municipal-integrado-de-pumarin-gijon-sur\\\/#webpage\",\"url\":\"https:\\\/\\\/eldigitaldeasturias.com\\\/magazine365\\\/astral-en-el-centro-municipal-integrado-de-pumarin-gijon-sur\\\/\",\"name\":\"\\u201cAstral\\u201d en el Centro Municipal Integrado de Pumar\\u00edn-Gij\\u00f3n Sur | El Digital de Asturias\",\"description\":\"El Centro Municipal Integrado de Pumar\\u00edn-Gij\\u00f3n Sur acoger\\u00e1 este pr\\u00f3ximo viernes la proyecci\\u00f3n de 'Astral', una producci\\u00f3n de Jordi \\u00c9vole que se estrenar\\u00e1 en 130 salas de Espa\\u00f1a y con la que, en el caso de Gij\\u00f3n, se abre el ciclo de cine documental 'Im\\u00e1genes de un \\u00e9xodo'. Un ciclo en el que a trav\\u00e9s\",\"inLanguage\":\"es-ES\",\"isPartOf\":{\"@id\":\"https:\\\/\\\/eldigitaldeasturias.com\\\/magazine365\\\/#website\"},\"breadcrumb\":{\"@id\":\"https:\\\/\\\/eldigitaldeasturias.com\\\/magazine365\\\/astral-en-el-centro-municipal-integrado-de-pumarin-gijon-sur\\\/#breadcrumblist\"},\"author\":{\"@id\":\"https:\\\/\\\/eldigitaldeasturias.com\\\/magazine365\\\/author\\\/admin\\\/#author\"},\"creator\":{\"@id\":\"https:\\\/\\\/eldigitaldeasturias.com\\\/magazine365\\\/author\\\/admin\\\/#author\"},\"image\":{\"@type\":\"ImageObject\",\"url\":\"https:\\\/\\\/eldigitaldeasturias.com\\\/magazine365\\\/wp-content\\\/uploads\\\/2016\\\/10\\\/fotonoticia_20161011164855_800.jpg\",\"@id\":\"https:\\\/\\\/eldigitaldeasturias.com\\\/magazine365\\\/astral-en-el-centro-municipal-integrado-de-pumarin-gijon-sur\\\/#mainImage\",\"width\":800,\"height\":600},\"primaryImageOfPage\":{\"@id\":\"https:\\\/\\\/eldigitaldeasturias.com\\\/magazine365\\\/astral-en-el-centro-municipal-integrado-de-pumarin-gijon-sur\\\/#mainImage\"},\"datePublished\":\"2016-10-13T10:24:48+02:00\",\"dateModified\":\"2016-10-13T10:24:48+02:00\"},{\"@type\":\"WebSite\",\"@id\":\"https:\\\/\\\/eldigitaldeasturias.com\\\/magazine365\\\/#website\",\"url\":\"https:\\\/\\\/eldigitaldeasturias.com\\\/magazine365\\\/\",\"name\":\"El Digital de Asturias\",\"description\":\"Revista de ocio, turismo y estilo de vida\",\"inLanguage\":\"es-ES\",\"publisher\":{\"@id\":\"https:\\\/\\\/eldigitaldeasturias.com\\\/magazine365\\\/#organization\"}}]}\n\t\t<\/script>\n\t\t<!-- All in One SEO Pro -->\r\n\t\t<title>\u201cAstral\u201d en el Centro Municipal Integrado de Pumar\u00edn-Gij\u00f3n Sur | El Digital de Asturias<\/title>\n\n","aioseo_head_json":{"title":"\u201cAstral\u201d en el Centro Municipal Integrado de Pumar\u00edn-Gij\u00f3n Sur | El Digital de Asturias","description":"El Centro Municipal Integrado de Pumar\u00edn-Gij\u00f3n Sur acoger\u00e1 este pr\u00f3ximo viernes la proyecci\u00f3n de 'Astral', una producci\u00f3n de Jordi \u00c9vole que se estrenar\u00e1 en 130 salas de Espa\u00f1a y con la que, en el caso de Gij\u00f3n, se abre el ciclo de cine documental 'Im\u00e1genes de un \u00e9xodo'. Un ciclo en el que a trav\u00e9s","canonical_url":"https:\/\/eldigitaldeasturias.com\/magazine365\/astral-en-el-centro-municipal-integrado-de-pumarin-gijon-sur\/","robots":"max-image-preview:large","keywords":"noticias y actualidad","webmasterTools":{"google-site-verification":"UA-38556648-1","miscellaneous":""},"schema":{"@context":"https:\/\/schema.org","@graph":[{"@type":"Article","@id":"https:\/\/eldigitaldeasturias.com\/magazine365\/astral-en-el-centro-municipal-integrado-de-pumarin-gijon-sur\/#article","name":"\u201cAstral\u201d en el Centro Municipal Integrado de Pumar\u00edn-Gij\u00f3n Sur | El Digital de Asturias","headline":"\u201cAstral\u201d en el Centro Municipal Integrado de Pumar\u00edn-Gij\u00f3n Sur","author":{"@id":"https:\/\/eldigitaldeasturias.com\/magazine365\/author\/admin\/#author"},"publisher":{"@id":"https:\/\/eldigitaldeasturias.com\/magazine365\/#organization"},"image":{"@type":"ImageObject","url":"https:\/\/eldigitaldeasturias.com\/magazine365\/wp-content\/uploads\/2016\/10\/fotonoticia_20161011164855_800.jpg","width":800,"height":600},"datePublished":"2016-10-13T10:24:48+02:00","dateModified":"2016-10-13T10:24:48+02:00","inLanguage":"es-ES","mainEntityOfPage":{"@id":"https:\/\/eldigitaldeasturias.com\/magazine365\/astral-en-el-centro-municipal-integrado-de-pumarin-gijon-sur\/#webpage"},"isPartOf":{"@id":"https:\/\/eldigitaldeasturias.com\/magazine365\/astral-en-el-centro-municipal-integrado-de-pumarin-gijon-sur\/#webpage"},"articleSection":"Noticias y Actualidad"},{"@type":"BreadcrumbList","@id":"https:\/\/eldigitaldeasturias.com\/magazine365\/astral-en-el-centro-municipal-integrado-de-pumarin-gijon-sur\/#breadcrumblist","itemListElement":[{"@type":"ListItem","@id":"https:\/\/eldigitaldeasturias.com\/magazine365#listItem","position":1,"name":"Home","item":"https:\/\/eldigitaldeasturias.com\/magazine365","nextItem":{"@type":"ListItem","@id":"https:\/\/eldigitaldeasturias.com\/magazine365\/category\/noticias-actualidad\/#listItem","name":"Noticias y Actualidad"}},{"@type":"ListItem","@id":"https:\/\/eldigitaldeasturias.com\/magazine365\/category\/noticias-actualidad\/#listItem","position":2,"name":"Noticias y Actualidad","item":"https:\/\/eldigitaldeasturias.com\/magazine365\/category\/noticias-actualidad\/","nextItem":{"@type":"ListItem","@id":"https:\/\/eldigitaldeasturias.com\/magazine365\/astral-en-el-centro-municipal-integrado-de-pumarin-gijon-sur\/#listItem","name":"\u201cAstral\u201d en el Centro Municipal Integrado de Pumar\u00edn-Gij\u00f3n Sur"},"previousItem":{"@type":"ListItem","@id":"https:\/\/eldigitaldeasturias.com\/magazine365#listItem","name":"Home"}},{"@type":"ListItem","@id":"https:\/\/eldigitaldeasturias.com\/magazine365\/astral-en-el-centro-municipal-integrado-de-pumarin-gijon-sur\/#listItem","position":3,"name":"\u201cAstral\u201d en el Centro Municipal Integrado de Pumar\u00edn-Gij\u00f3n Sur","previousItem":{"@type":"ListItem","@id":"https:\/\/eldigitaldeasturias.com\/magazine365\/category\/noticias-actualidad\/#listItem","name":"Noticias y Actualidad"}}]},{"@type":"Organization","@id":"https:\/\/eldigitaldeasturias.com\/magazine365\/#organization","name":"El digital de Asturias","description":"Revista de ocio, turismo y estilo de vida","url":"https:\/\/eldigitaldeasturias.com\/magazine365\/","logo":{"@type":"ImageObject","url":"https:\/\/www.eldigitaldeasturias.com\/noticias\/wp-content\/uploads\/2020\/12\/EDA.jpg","@id":"https:\/\/eldigitaldeasturias.com\/magazine365\/astral-en-el-centro-municipal-integrado-de-pumarin-gijon-sur\/#organizationLogo"},"image":{"@id":"https:\/\/eldigitaldeasturias.com\/magazine365\/astral-en-el-centro-municipal-integrado-de-pumarin-gijon-sur\/#organizationLogo"}},{"@type":"Person","@id":"https:\/\/eldigitaldeasturias.com\/magazine365\/author\/admin\/#author","url":"https:\/\/eldigitaldeasturias.com\/magazine365\/author\/admin\/","name":"admin","image":{"@type":"ImageObject","@id":"https:\/\/eldigitaldeasturias.com\/magazine365\/astral-en-el-centro-municipal-integrado-de-pumarin-gijon-sur\/#authorImage","url":"https:\/\/eldigitaldeasturias.com\/magazine365\/wp-content\/litespeed\/avatar\/e571bcf59a0edd6fa6838245a470f2fe.jpg?ver=1776969259","width":96,"height":96,"caption":"admin"}},{"@type":"WebPage","@id":"https:\/\/eldigitaldeasturias.com\/magazine365\/astral-en-el-centro-municipal-integrado-de-pumarin-gijon-sur\/#webpage","url":"https:\/\/eldigitaldeasturias.com\/magazine365\/astral-en-el-centro-municipal-integrado-de-pumarin-gijon-sur\/","name":"\u201cAstral\u201d en el Centro Municipal Integrado de Pumar\u00edn-Gij\u00f3n Sur | El Digital de Asturias","description":"El Centro Municipal Integrado de Pumar\u00edn-Gij\u00f3n Sur acoger\u00e1 este pr\u00f3ximo viernes la proyecci\u00f3n de 'Astral', una producci\u00f3n de Jordi \u00c9vole que se estrenar\u00e1 en 130 salas de Espa\u00f1a y con la que, en el caso de Gij\u00f3n, se abre el ciclo de cine documental 'Im\u00e1genes de un \u00e9xodo'. Un ciclo en el que a trav\u00e9s","inLanguage":"es-ES","isPartOf":{"@id":"https:\/\/eldigitaldeasturias.com\/magazine365\/#website"},"breadcrumb":{"@id":"https:\/\/eldigitaldeasturias.com\/magazine365\/astral-en-el-centro-municipal-integrado-de-pumarin-gijon-sur\/#breadcrumblist"},"author":{"@id":"https:\/\/eldigitaldeasturias.com\/magazine365\/author\/admin\/#author"},"creator":{"@id":"https:\/\/eldigitaldeasturias.com\/magazine365\/author\/admin\/#author"},"image":{"@type":"ImageObject","url":"https:\/\/eldigitaldeasturias.com\/magazine365\/wp-content\/uploads\/2016\/10\/fotonoticia_20161011164855_800.jpg","@id":"https:\/\/eldigitaldeasturias.com\/magazine365\/astral-en-el-centro-municipal-integrado-de-pumarin-gijon-sur\/#mainImage","width":800,"height":600},"primaryImageOfPage":{"@id":"https:\/\/eldigitaldeasturias.com\/magazine365\/astral-en-el-centro-municipal-integrado-de-pumarin-gijon-sur\/#mainImage"},"datePublished":"2016-10-13T10:24:48+02:00","dateModified":"2016-10-13T10:24:48+02:00"},{"@type":"WebSite","@id":"https:\/\/eldigitaldeasturias.com\/magazine365\/#website","url":"https:\/\/eldigitaldeasturias.com\/magazine365\/","name":"El Digital de Asturias","description":"Revista de ocio, turismo y estilo de vida","inLanguage":"es-ES","publisher":{"@id":"https:\/\/eldigitaldeasturias.com\/magazine365\/#organization"}}]},"og:locale":"es_ES","og:site_name":"El Digital de Asturias \u2013 Revista de ocio, turismo y estilo de vida","og:type":"article","og:title":"\u201cAstral\u201d en el Centro Municipal Integrado de Pumar\u00edn-Gij\u00f3n Sur | El Digital de Asturias","og:description":"El Centro Municipal Integrado de Pumar\u00edn-Gij\u00f3n Sur acoger\u00e1 este pr\u00f3ximo viernes la proyecci\u00f3n de 'Astral', una producci\u00f3n de Jordi \u00c9vole que se estrenar\u00e1 en 130 salas de Espa\u00f1a y con la que, en el caso de Gij\u00f3n, se abre el ciclo de cine documental 'Im\u00e1genes de un \u00e9xodo'. Un ciclo en el que a trav\u00e9s","og:url":"https:\/\/eldigitaldeasturias.com\/magazine365\/astral-en-el-centro-municipal-integrado-de-pumarin-gijon-sur\/","og:image":"https:\/\/eldigitaldeasturias.com\/magazine365\/wp-content\/uploads\/2016\/10\/fotonoticia_20161011164855_800.jpg","og:image:secure_url":"https:\/\/eldigitaldeasturias.com\/magazine365\/wp-content\/uploads\/2016\/10\/fotonoticia_20161011164855_800.jpg","og:image:width":800,"og:image:height":600,"article:published_time":"2016-10-13T08:24:48+00:00","article:modified_time":"2016-10-13T08:24:48+00:00","twitter:card":"summary_large_image","twitter:title":"\u201cAstral\u201d en el Centro Municipal Integrado de Pumar\u00edn-Gij\u00f3n Sur | El Digital de Asturias","twitter:description":"El Centro Municipal Integrado de Pumar\u00edn-Gij\u00f3n Sur acoger\u00e1 este pr\u00f3ximo viernes la proyecci\u00f3n de 'Astral', una producci\u00f3n de Jordi \u00c9vole que se estrenar\u00e1 en 130 salas de Espa\u00f1a y con la que, en el caso de Gij\u00f3n, se abre el ciclo de cine documental 'Im\u00e1genes de un \u00e9xodo'. Un ciclo en el que a trav\u00e9s","twitter:image":"https:\/\/eldigitaldeasturias.com\/magazine365\/wp-content\/uploads\/2016\/10\/fotonoticia_20161011164855_800.jpg"},"aioseo_meta_data":{"post_id":"83111","title":null,"description":null,"keywords":null,"keyphrases":null,"primary_term":null,"canonical_url":null,"og_title":null,"og_description":null,"og_object_type":"default","og_image_type":"default","og_image_url":null,"og_image_width":null,"og_image_height":null,"og_image_custom_url":null,"og_image_custom_fields":null,"og_video":null,"og_custom_url":null,"og_article_section":null,"og_article_tags":null,"twitter_use_og":false,"twitter_card":"default","twitter_image_type":"default","twitter_image_url":null,"twitter_image_custom_url":null,"twitter_image_custom_fields":null,"twitter_title":null,"twitter_description":null,"schema":{"blockGraphs":[],"customGraphs":[],"default":{"data":{"Article":[],"Course":[],"Dataset":[],"FAQPage":[],"Movie":[],"Person":[],"Product":[],"ProductReview":[],"Car":[],"Recipe":[],"Service":[],"SoftwareApplication":[],"WebPage":[]},"graphName":"","isEnabled":true},"graphs":[],"defaultGraph":"","defaultPostTypeGraph":""},"schema_type":null,"schema_type_options":null,"pillar_content":false,"robots_default":true,"robots_noindex":false,"robots_noarchive":false,"robots_nosnippet":false,"robots_nofollow":false,"robots_noimageindex":false,"robots_noodp":false,"robots_notranslate":false,"robots_max_snippet":null,"robots_max_videopreview":null,"robots_max_imagepreview":"large","priority":null,"frequency":null,"location":null,"local_seo":null,"seo_analyzer_scan_date":"2025-09-28 02:21:18","breadcrumb_settings":null,"limit_modified_date":false,"open_ai":null,"ai":null,"created":"2020-12-21 15:30:14","updated":"2025-09-28 02:21:18"},"aioseo_breadcrumb":"<div class=\"aioseo-breadcrumbs\"><span class=\"aioseo-breadcrumb\">\n\t<a href=\"https:\/\/eldigitaldeasturias.com\/magazine365\" title=\"Home\">Home<\/a>\n<\/span><span class=\"aioseo-breadcrumb-separator\">\u2013<\/span><span class=\"aioseo-breadcrumb\">\n\t<a href=\"https:\/\/eldigitaldeasturias.com\/magazine365\/category\/noticias-actualidad\/\" title=\"Noticias y Actualidad\">Noticias y Actualidad<\/a>\n<\/span><span class=\"aioseo-breadcrumb-separator\">\u2013<\/span><span class=\"aioseo-breadcrumb\">\n\t<a href=\"https:\/\/eldigitaldeasturias.com\/magazine365\/astral-en-el-centro-municipal-integrado-de-pumarin-gijon-sur\/\" title=\"\u201cAstral\u201d en el Centro Municipal Integrado de Pumar\u00edn-Gij\u00f3n Sur\">\u201cAstral\u201d en el Centro Municipal Integrado de Pumar\u00edn-Gij\u00f3n Sur<\/a>\n<\/span><\/div>","aioseo_breadcrumb_json":[{"label":"Home","link":"https:\/\/eldigitaldeasturias.com\/magazine365"},{"label":"Noticias y Actualidad","link":"https:\/\/eldigitaldeasturias.com\/magazine365\/category\/noticias-actualidad\/"},{"label":"\u201cAstral\u201d en el Centro Municipal Integrado de Pumar\u00edn-Gij\u00f3n Sur","link":"https:\/\/eldigitaldeasturias.com\/magazine365\/astral-en-el-centro-municipal-integrado-de-pumarin-gijon-sur\/"}],"_links":{"self":[{"href":"https:\/\/eldigitaldeasturias.com\/magazine365\/wp-json\/wp\/v2\/posts\/83111","targetHints":{"allow":["GET"]}}],"collection":[{"href":"https:\/\/eldigitaldeasturias.com\/magazine365\/wp-json\/wp\/v2\/posts"}],"about":[{"href":"https:\/\/eldigitaldeasturias.com\/magazine365\/wp-json\/wp\/v2\/types\/post"}],"author":[{"embeddable":true,"href":"https:\/\/eldigitaldeasturias.com\/magazine365\/wp-json\/wp\/v2\/users\/1"}],"replies":[{"embeddable":true,"href":"https:\/\/eldigitaldeasturias.com\/magazine365\/wp-json\/wp\/v2\/comments?post=83111"}],"version-history":[{"count":0,"href":"https:\/\/eldigitaldeasturias.com\/magazine365\/wp-json\/wp\/v2\/posts\/83111\/revisions"}],"wp:featuredmedia":[{"embeddable":true,"href":"https:\/\/eldigitaldeasturias.com\/magazine365\/wp-json\/wp\/v2\/media\/83112"}],"wp:attachment":[{"href":"https:\/\/eldigitaldeasturias.com\/magazine365\/wp-json\/wp\/v2\/media?parent=83111"}],"wp:term":[{"taxonomy":"category","embeddable":true,"href":"https:\/\/eldigitaldeasturias.com\/magazine365\/wp-json\/wp\/v2\/categories?post=83111"},{"taxonomy":"post_tag","embeddable":true,"href":"https:\/\/eldigitaldeasturias.com\/magazine365\/wp-json\/wp\/v2\/tags?post=83111"}],"curies":[{"name":"wp","href":"https:\/\/api.w.org\/{rel}","templated":true}]}}