{"id":83073,"date":"2016-10-13T09:48:47","date_gmt":"2016-10-13T07:48:47","guid":{"rendered":"http:\/\/eldigitaldeasturias.com\/magazine365\/?p=83073"},"modified":"2016-10-13T09:48:47","modified_gmt":"2016-10-13T07:48:47","slug":"curso-de-multiactividad-en-palma-de-mallorca","status":"publish","type":"post","link":"https:\/\/eldigitaldeasturias.com\/magazine365\/curso-de-multiactividad-en-palma-de-mallorca\/","title":{"rendered":"Curso de multiactividad en Palma de Mallorca"},"content":{"rendered":"<p><img fetchpriority=\"high\" decoding=\"async\" class=\"alignleft size-medium wp-image-83074\" src=\"https:\/\/eldigitaldeasturias.com\/magazine365\/wp-content\/uploads\/2016\/10\/1476081127_Multiactividad_Mallorca-360x270.jpg\" alt=\"1476081127_multiactividad_mallorca\" width=\"360\" height=\"270\" srcset=\"https:\/\/eldigitaldeasturias.com\/magazine365\/wp-content\/uploads\/2016\/10\/1476081127_Multiactividad_Mallorca-360x270.jpg 360w, https:\/\/eldigitaldeasturias.com\/magazine365\/wp-content\/uploads\/2016\/10\/1476081127_Multiactividad_Mallorca-650x488.jpg 650w, https:\/\/eldigitaldeasturias.com\/magazine365\/wp-content\/uploads\/2016\/10\/1476081127_Multiactividad_Mallorca-768x576.jpg 768w, https:\/\/eldigitaldeasturias.com\/magazine365\/wp-content\/uploads\/2016\/10\/1476081127_Multiactividad_Mallorca-150x113.jpg 150w, https:\/\/eldigitaldeasturias.com\/magazine365\/wp-content\/uploads\/2016\/10\/1476081127_Multiactividad_Mallorca-450x338.jpg 450w, https:\/\/eldigitaldeasturias.com\/magazine365\/wp-content\/uploads\/2016\/10\/1476081127_Multiactividad_Mallorca-90x67.jpg 90w, https:\/\/eldigitaldeasturias.com\/magazine365\/wp-content\/uploads\/2016\/10\/1476081127_Multiactividad_Mallorca-164x124.jpg 164w, https:\/\/eldigitaldeasturias.com\/magazine365\/wp-content\/uploads\/2016\/10\/1476081127_Multiactividad_Mallorca-100x75.jpg 100w, https:\/\/eldigitaldeasturias.com\/magazine365\/wp-content\/uploads\/2016\/10\/1476081127_Multiactividad_Mallorca.jpg 902w\" sizes=\"(max-width: 360px) 100vw, 360px\" \/>La Fundaci\u00f3n Deporte &amp; Desaf\u00edo, con el apoyo de la Fundaci\u00f3n Jes\u00fas Serra, del Grupo Catalana Occidente, puso en marcha ayer un curso de multiactividad en Mallorca, en el que personas con diferentes tipos de discapacidad podr\u00e1n realizar distintos deportes acu\u00e1ticos, adaptados a sus necesidades.<\/p>\n<p>A lo largo del fin de semana, el grupo formado por familiares de empleados y por voluntarios del Grupo Catalana Occidente, as\u00ed como de otras compa\u00f1\u00edas disfrutar\u00e1n de unos d\u00edas de convivencia e integraci\u00f3n, participando de formas alternativas de ocio y consiguiendo superar las barreras que se encuentran en el d\u00eda a d\u00eda.<\/p>\n<p>Las actividades elegidas para este reto ser\u00e1n kayak, buceo, vela y una jornada de senderismo por la isla. Esta iniciativa es una ocasi\u00f3n estupenda para visitar los fabulosos paisajes y lugares que ofrece la ciudad, al tiempo que se fomentan otros deportes, que suman un paso m\u00e1s hacia la integraci\u00f3n de las personas con diversidad funcional.<\/p>\n<p>Esta es la tercera edici\u00f3n del curso, que se suma, adem\u00e1s, a un campamento de verano que se organiz\u00f3 en el mes de julio, dirigido a ni\u00f1os y j\u00f3venes con discapacidad. Desde que ambas entidades empezaron a colaborar juntas, en el 2013, no han parado de trabajar y cosechar \u00e9xitos por una integraci\u00f3n real de este colectivo en el mundo deportivo en particular, y en la sociedad en general.<\/p>\n<p>Acerca de Deporte &amp; Desaf\u00edo<\/p>\n<p>La Fundaci\u00f3n Deporte &amp; Desaf\u00edo es una instituci\u00f3n privada sin \u00e1nimo de lucro que tiene como objetivo la integraci\u00f3n social de las personas con discapacidad f\u00edsica, intelectual o sensorial, a trav\u00e9s del deporte.<\/p>\n<p>Contribuye tambi\u00e9n a la formaci\u00f3n profesional e inserci\u00f3n laboral de sus participantes, compaginando la organizaci\u00f3n de actividades deportivas con cursos enfocados a su integraci\u00f3n en el mercado de trabajo, posibilitando de esta forma su completa integraci\u00f3n.<\/p>\n<p>Acerca de Fundaci\u00f3n Jes\u00fas Serra<\/p>\n<p>La Fundaci\u00f3n Jes\u00fas Serra nace en el seno de Grupo Catalana Occidente, llevando el nombre de su fundador, con el objetivo de gestionar los proyectos de patrocinio y mecenazgo que el Grupo ya ven\u00eda desarrollando durante a\u00f1os. Hoy en d\u00eda, la Fundaci\u00f3n Jes\u00fas Serra participa en m\u00faltiples proyectos en el \u00e1mbito de la m\u00fasica, la poes\u00eda, la docencia, la investigaci\u00f3n, el deporte y la acci\u00f3n social.<\/p>\n<p>Comunicae<\/p>\n","protected":false},"excerpt":{"rendered":"<p>La Fundaci\u00f3n Deporte &amp; Desaf\u00edo, con el apoyo de la Fundaci\u00f3n Jes\u00fas Serra, del Grupo Catalana Occidente, puso en marcha ayer un curso de multiactividad en Mallorca, en el que personas con diferentes tipos de discapacidad podr\u00e1n realizar distintos deportes acu\u00e1ticos, adaptados a sus necesidades. A lo largo del fin de semana, el grupo formado<\/p>\n","protected":false},"author":1,"featured_media":83074,"comment_status":"open","ping_status":"closed","sticky":false,"template":"","format":"standard","meta":{"footnotes":""},"categories":[224],"tags":[],"class_list":{"0":"post-83073","1":"post","2":"type-post","3":"status-publish","4":"format-standard","5":"has-post-thumbnail","7":"category-noticias-actualidad"},"aioseo_notices":[],"aioseo_head":"\n\t\t<!-- All in One SEO Pro 4.9.6.1 - aioseo.com -->\n\t<meta name=\"description\" content=\"La Fundaci\u00f3n Deporte &amp; Desaf\u00edo, con el apoyo de la Fundaci\u00f3n Jes\u00fas Serra, del Grupo Catalana Occidente, puso en marcha ayer un curso de multiactividad en Mallorca, en el que personas con diferentes tipos de discapacidad podr\u00e1n realizar distintos deportes acu\u00e1ticos, adaptados a sus necesidades. A lo largo del fin de semana, el grupo formado\" \/>\n\t<meta name=\"robots\" content=\"max-image-preview:large\" \/>\n\t<meta name=\"author\" content=\"admin\"\/>\n\t<meta name=\"google-site-verification\" content=\"UA-38556648-1\" \/>\n\t<meta name=\"keywords\" content=\"noticias y actualidad\" \/>\n\t<link rel=\"canonical\" href=\"https:\/\/eldigitaldeasturias.com\/magazine365\/curso-de-multiactividad-en-palma-de-mallorca\/\" \/>\n\t<meta name=\"generator\" content=\"All in One SEO Pro (AIOSEO) 4.9.6.1\" \/>\n\t\t<meta property=\"og:locale\" content=\"es_ES\" \/>\n\t\t<meta property=\"og:site_name\" content=\"El Digital de Asturias \u2013 Revista de ocio, turismo y estilo de vida\" \/>\n\t\t<meta property=\"og:type\" content=\"article\" \/>\n\t\t<meta property=\"og:title\" content=\"Curso de multiactividad en Palma de Mallorca | El Digital de Asturias\" \/>\n\t\t<meta property=\"og:description\" content=\"La Fundaci\u00f3n Deporte &amp; Desaf\u00edo, con el apoyo de la Fundaci\u00f3n Jes\u00fas Serra, del Grupo Catalana Occidente, puso en marcha ayer un curso de multiactividad en Mallorca, en el que personas con diferentes tipos de discapacidad podr\u00e1n realizar distintos deportes acu\u00e1ticos, adaptados a sus necesidades. A lo largo del fin de semana, el grupo formado\" \/>\n\t\t<meta property=\"og:url\" content=\"https:\/\/eldigitaldeasturias.com\/magazine365\/curso-de-multiactividad-en-palma-de-mallorca\/\" \/>\n\t\t<meta property=\"og:image\" content=\"https:\/\/eldigitaldeasturias.com\/magazine365\/wp-content\/uploads\/2016\/10\/1476081127_Multiactividad_Mallorca.jpg\" \/>\n\t\t<meta property=\"og:image:secure_url\" content=\"https:\/\/eldigitaldeasturias.com\/magazine365\/wp-content\/uploads\/2016\/10\/1476081127_Multiactividad_Mallorca.jpg\" \/>\n\t\t<meta property=\"og:image:width\" content=\"902\" \/>\n\t\t<meta property=\"og:image:height\" content=\"677\" \/>\n\t\t<meta property=\"article:published_time\" content=\"2016-10-13T07:48:47+00:00\" \/>\n\t\t<meta property=\"article:modified_time\" content=\"2016-10-13T07:48:47+00:00\" \/>\n\t\t<meta name=\"twitter:card\" content=\"summary_large_image\" \/>\n\t\t<meta name=\"twitter:title\" content=\"Curso de multiactividad en Palma de Mallorca | El Digital de Asturias\" \/>\n\t\t<meta name=\"twitter:description\" content=\"La Fundaci\u00f3n Deporte &amp; Desaf\u00edo, con el apoyo de la Fundaci\u00f3n Jes\u00fas Serra, del Grupo Catalana Occidente, puso en marcha ayer un curso de multiactividad en Mallorca, en el que personas con diferentes tipos de discapacidad podr\u00e1n realizar distintos deportes acu\u00e1ticos, adaptados a sus necesidades. A lo largo del fin de semana, el grupo formado\" \/>\n\t\t<meta name=\"twitter:image\" content=\"https:\/\/eldigitaldeasturias.com\/magazine365\/wp-content\/uploads\/2016\/10\/1476081127_Multiactividad_Mallorca.jpg\" \/>\n\t\t<script type=\"application\/ld+json\" class=\"aioseo-schema\">\n\t\t\t{\"@context\":\"https:\\\/\\\/schema.org\",\"@graph\":[{\"@type\":\"Article\",\"@id\":\"https:\\\/\\\/eldigitaldeasturias.com\\\/magazine365\\\/curso-de-multiactividad-en-palma-de-mallorca\\\/#article\",\"name\":\"Curso de multiactividad en Palma de Mallorca | El Digital de Asturias\",\"headline\":\"Curso de multiactividad en Palma de Mallorca\",\"author\":{\"@id\":\"https:\\\/\\\/eldigitaldeasturias.com\\\/magazine365\\\/author\\\/admin\\\/#author\"},\"publisher\":{\"@id\":\"https:\\\/\\\/eldigitaldeasturias.com\\\/magazine365\\\/#organization\"},\"image\":{\"@type\":\"ImageObject\",\"url\":\"https:\\\/\\\/eldigitaldeasturias.com\\\/magazine365\\\/wp-content\\\/uploads\\\/2016\\\/10\\\/1476081127_Multiactividad_Mallorca.jpg\",\"width\":902,\"height\":677},\"datePublished\":\"2016-10-13T09:48:47+02:00\",\"dateModified\":\"2016-10-13T09:48:47+02:00\",\"inLanguage\":\"es-ES\",\"mainEntityOfPage\":{\"@id\":\"https:\\\/\\\/eldigitaldeasturias.com\\\/magazine365\\\/curso-de-multiactividad-en-palma-de-mallorca\\\/#webpage\"},\"isPartOf\":{\"@id\":\"https:\\\/\\\/eldigitaldeasturias.com\\\/magazine365\\\/curso-de-multiactividad-en-palma-de-mallorca\\\/#webpage\"},\"articleSection\":\"Noticias y Actualidad\"},{\"@type\":\"BreadcrumbList\",\"@id\":\"https:\\\/\\\/eldigitaldeasturias.com\\\/magazine365\\\/curso-de-multiactividad-en-palma-de-mallorca\\\/#breadcrumblist\",\"itemListElement\":[{\"@type\":\"ListItem\",\"@id\":\"https:\\\/\\\/eldigitaldeasturias.com\\\/magazine365#listItem\",\"position\":1,\"name\":\"Home\",\"item\":\"https:\\\/\\\/eldigitaldeasturias.com\\\/magazine365\",\"nextItem\":{\"@type\":\"ListItem\",\"@id\":\"https:\\\/\\\/eldigitaldeasturias.com\\\/magazine365\\\/category\\\/noticias-actualidad\\\/#listItem\",\"name\":\"Noticias y Actualidad\"}},{\"@type\":\"ListItem\",\"@id\":\"https:\\\/\\\/eldigitaldeasturias.com\\\/magazine365\\\/category\\\/noticias-actualidad\\\/#listItem\",\"position\":2,\"name\":\"Noticias y Actualidad\",\"item\":\"https:\\\/\\\/eldigitaldeasturias.com\\\/magazine365\\\/category\\\/noticias-actualidad\\\/\",\"nextItem\":{\"@type\":\"ListItem\",\"@id\":\"https:\\\/\\\/eldigitaldeasturias.com\\\/magazine365\\\/curso-de-multiactividad-en-palma-de-mallorca\\\/#listItem\",\"name\":\"Curso de multiactividad en Palma de Mallorca\"},\"previousItem\":{\"@type\":\"ListItem\",\"@id\":\"https:\\\/\\\/eldigitaldeasturias.com\\\/magazine365#listItem\",\"name\":\"Home\"}},{\"@type\":\"ListItem\",\"@id\":\"https:\\\/\\\/eldigitaldeasturias.com\\\/magazine365\\\/curso-de-multiactividad-en-palma-de-mallorca\\\/#listItem\",\"position\":3,\"name\":\"Curso de multiactividad en Palma de Mallorca\",\"previousItem\":{\"@type\":\"ListItem\",\"@id\":\"https:\\\/\\\/eldigitaldeasturias.com\\\/magazine365\\\/category\\\/noticias-actualidad\\\/#listItem\",\"name\":\"Noticias y Actualidad\"}}]},{\"@type\":\"Organization\",\"@id\":\"https:\\\/\\\/eldigitaldeasturias.com\\\/magazine365\\\/#organization\",\"name\":\"El digital de Asturias\",\"description\":\"Revista de ocio, turismo y estilo de vida\",\"url\":\"https:\\\/\\\/eldigitaldeasturias.com\\\/magazine365\\\/\",\"logo\":{\"@type\":\"ImageObject\",\"url\":\"https:\\\/\\\/www.eldigitaldeasturias.com\\\/noticias\\\/wp-content\\\/uploads\\\/2020\\\/12\\\/EDA.jpg\",\"@id\":\"https:\\\/\\\/eldigitaldeasturias.com\\\/magazine365\\\/curso-de-multiactividad-en-palma-de-mallorca\\\/#organizationLogo\"},\"image\":{\"@id\":\"https:\\\/\\\/eldigitaldeasturias.com\\\/magazine365\\\/curso-de-multiactividad-en-palma-de-mallorca\\\/#organizationLogo\"}},{\"@type\":\"Person\",\"@id\":\"https:\\\/\\\/eldigitaldeasturias.com\\\/magazine365\\\/author\\\/admin\\\/#author\",\"url\":\"https:\\\/\\\/eldigitaldeasturias.com\\\/magazine365\\\/author\\\/admin\\\/\",\"name\":\"admin\",\"image\":{\"@type\":\"ImageObject\",\"@id\":\"https:\\\/\\\/eldigitaldeasturias.com\\\/magazine365\\\/curso-de-multiactividad-en-palma-de-mallorca\\\/#authorImage\",\"url\":\"https:\\\/\\\/eldigitaldeasturias.com\\\/magazine365\\\/wp-content\\\/litespeed\\\/avatar\\\/e571bcf59a0edd6fa6838245a470f2fe.jpg?ver=1776969259\",\"width\":96,\"height\":96,\"caption\":\"admin\"}},{\"@type\":\"WebPage\",\"@id\":\"https:\\\/\\\/eldigitaldeasturias.com\\\/magazine365\\\/curso-de-multiactividad-en-palma-de-mallorca\\\/#webpage\",\"url\":\"https:\\\/\\\/eldigitaldeasturias.com\\\/magazine365\\\/curso-de-multiactividad-en-palma-de-mallorca\\\/\",\"name\":\"Curso de multiactividad en Palma de Mallorca | El Digital de Asturias\",\"description\":\"La Fundaci\\u00f3n Deporte & Desaf\\u00edo, con el apoyo de la Fundaci\\u00f3n Jes\\u00fas Serra, del Grupo Catalana Occidente, puso en marcha ayer un curso de multiactividad en Mallorca, en el que personas con diferentes tipos de discapacidad podr\\u00e1n realizar distintos deportes acu\\u00e1ticos, adaptados a sus necesidades. A lo largo del fin de semana, el grupo formado\",\"inLanguage\":\"es-ES\",\"isPartOf\":{\"@id\":\"https:\\\/\\\/eldigitaldeasturias.com\\\/magazine365\\\/#website\"},\"breadcrumb\":{\"@id\":\"https:\\\/\\\/eldigitaldeasturias.com\\\/magazine365\\\/curso-de-multiactividad-en-palma-de-mallorca\\\/#breadcrumblist\"},\"author\":{\"@id\":\"https:\\\/\\\/eldigitaldeasturias.com\\\/magazine365\\\/author\\\/admin\\\/#author\"},\"creator\":{\"@id\":\"https:\\\/\\\/eldigitaldeasturias.com\\\/magazine365\\\/author\\\/admin\\\/#author\"},\"image\":{\"@type\":\"ImageObject\",\"url\":\"https:\\\/\\\/eldigitaldeasturias.com\\\/magazine365\\\/wp-content\\\/uploads\\\/2016\\\/10\\\/1476081127_Multiactividad_Mallorca.jpg\",\"@id\":\"https:\\\/\\\/eldigitaldeasturias.com\\\/magazine365\\\/curso-de-multiactividad-en-palma-de-mallorca\\\/#mainImage\",\"width\":902,\"height\":677},\"primaryImageOfPage\":{\"@id\":\"https:\\\/\\\/eldigitaldeasturias.com\\\/magazine365\\\/curso-de-multiactividad-en-palma-de-mallorca\\\/#mainImage\"},\"datePublished\":\"2016-10-13T09:48:47+02:00\",\"dateModified\":\"2016-10-13T09:48:47+02:00\"},{\"@type\":\"WebSite\",\"@id\":\"https:\\\/\\\/eldigitaldeasturias.com\\\/magazine365\\\/#website\",\"url\":\"https:\\\/\\\/eldigitaldeasturias.com\\\/magazine365\\\/\",\"name\":\"El Digital de Asturias\",\"description\":\"Revista de ocio, turismo y estilo de vida\",\"inLanguage\":\"es-ES\",\"publisher\":{\"@id\":\"https:\\\/\\\/eldigitaldeasturias.com\\\/magazine365\\\/#organization\"}}]}\n\t\t<\/script>\n\t\t<!-- All in One SEO Pro -->\r\n\t\t<title>Curso de multiactividad en Palma de Mallorca | El Digital de Asturias<\/title>\n\n","aioseo_head_json":{"title":"Curso de multiactividad en Palma de Mallorca | El Digital de Asturias","description":"La Fundaci\u00f3n Deporte & Desaf\u00edo, con el apoyo de la Fundaci\u00f3n Jes\u00fas Serra, del Grupo Catalana Occidente, puso en marcha ayer un curso de multiactividad en Mallorca, en el que personas con diferentes tipos de discapacidad podr\u00e1n realizar distintos deportes acu\u00e1ticos, adaptados a sus necesidades. A lo largo del fin de semana, el grupo formado","canonical_url":"https:\/\/eldigitaldeasturias.com\/magazine365\/curso-de-multiactividad-en-palma-de-mallorca\/","robots":"max-image-preview:large","keywords":"noticias y actualidad","webmasterTools":{"google-site-verification":"UA-38556648-1","miscellaneous":""},"schema":{"@context":"https:\/\/schema.org","@graph":[{"@type":"Article","@id":"https:\/\/eldigitaldeasturias.com\/magazine365\/curso-de-multiactividad-en-palma-de-mallorca\/#article","name":"Curso de multiactividad en Palma de Mallorca | El Digital de Asturias","headline":"Curso de multiactividad en Palma de Mallorca","author":{"@id":"https:\/\/eldigitaldeasturias.com\/magazine365\/author\/admin\/#author"},"publisher":{"@id":"https:\/\/eldigitaldeasturias.com\/magazine365\/#organization"},"image":{"@type":"ImageObject","url":"https:\/\/eldigitaldeasturias.com\/magazine365\/wp-content\/uploads\/2016\/10\/1476081127_Multiactividad_Mallorca.jpg","width":902,"height":677},"datePublished":"2016-10-13T09:48:47+02:00","dateModified":"2016-10-13T09:48:47+02:00","inLanguage":"es-ES","mainEntityOfPage":{"@id":"https:\/\/eldigitaldeasturias.com\/magazine365\/curso-de-multiactividad-en-palma-de-mallorca\/#webpage"},"isPartOf":{"@id":"https:\/\/eldigitaldeasturias.com\/magazine365\/curso-de-multiactividad-en-palma-de-mallorca\/#webpage"},"articleSection":"Noticias y Actualidad"},{"@type":"BreadcrumbList","@id":"https:\/\/eldigitaldeasturias.com\/magazine365\/curso-de-multiactividad-en-palma-de-mallorca\/#breadcrumblist","itemListElement":[{"@type":"ListItem","@id":"https:\/\/eldigitaldeasturias.com\/magazine365#listItem","position":1,"name":"Home","item":"https:\/\/eldigitaldeasturias.com\/magazine365","nextItem":{"@type":"ListItem","@id":"https:\/\/eldigitaldeasturias.com\/magazine365\/category\/noticias-actualidad\/#listItem","name":"Noticias y Actualidad"}},{"@type":"ListItem","@id":"https:\/\/eldigitaldeasturias.com\/magazine365\/category\/noticias-actualidad\/#listItem","position":2,"name":"Noticias y Actualidad","item":"https:\/\/eldigitaldeasturias.com\/magazine365\/category\/noticias-actualidad\/","nextItem":{"@type":"ListItem","@id":"https:\/\/eldigitaldeasturias.com\/magazine365\/curso-de-multiactividad-en-palma-de-mallorca\/#listItem","name":"Curso de multiactividad en Palma de Mallorca"},"previousItem":{"@type":"ListItem","@id":"https:\/\/eldigitaldeasturias.com\/magazine365#listItem","name":"Home"}},{"@type":"ListItem","@id":"https:\/\/eldigitaldeasturias.com\/magazine365\/curso-de-multiactividad-en-palma-de-mallorca\/#listItem","position":3,"name":"Curso de multiactividad en Palma de Mallorca","previousItem":{"@type":"ListItem","@id":"https:\/\/eldigitaldeasturias.com\/magazine365\/category\/noticias-actualidad\/#listItem","name":"Noticias y Actualidad"}}]},{"@type":"Organization","@id":"https:\/\/eldigitaldeasturias.com\/magazine365\/#organization","name":"El digital de Asturias","description":"Revista de ocio, turismo y estilo de vida","url":"https:\/\/eldigitaldeasturias.com\/magazine365\/","logo":{"@type":"ImageObject","url":"https:\/\/www.eldigitaldeasturias.com\/noticias\/wp-content\/uploads\/2020\/12\/EDA.jpg","@id":"https:\/\/eldigitaldeasturias.com\/magazine365\/curso-de-multiactividad-en-palma-de-mallorca\/#organizationLogo"},"image":{"@id":"https:\/\/eldigitaldeasturias.com\/magazine365\/curso-de-multiactividad-en-palma-de-mallorca\/#organizationLogo"}},{"@type":"Person","@id":"https:\/\/eldigitaldeasturias.com\/magazine365\/author\/admin\/#author","url":"https:\/\/eldigitaldeasturias.com\/magazine365\/author\/admin\/","name":"admin","image":{"@type":"ImageObject","@id":"https:\/\/eldigitaldeasturias.com\/magazine365\/curso-de-multiactividad-en-palma-de-mallorca\/#authorImage","url":"https:\/\/eldigitaldeasturias.com\/magazine365\/wp-content\/litespeed\/avatar\/e571bcf59a0edd6fa6838245a470f2fe.jpg?ver=1776969259","width":96,"height":96,"caption":"admin"}},{"@type":"WebPage","@id":"https:\/\/eldigitaldeasturias.com\/magazine365\/curso-de-multiactividad-en-palma-de-mallorca\/#webpage","url":"https:\/\/eldigitaldeasturias.com\/magazine365\/curso-de-multiactividad-en-palma-de-mallorca\/","name":"Curso de multiactividad en Palma de Mallorca | El Digital de Asturias","description":"La Fundaci\u00f3n Deporte & Desaf\u00edo, con el apoyo de la Fundaci\u00f3n Jes\u00fas Serra, del Grupo Catalana Occidente, puso en marcha ayer un curso de multiactividad en Mallorca, en el que personas con diferentes tipos de discapacidad podr\u00e1n realizar distintos deportes acu\u00e1ticos, adaptados a sus necesidades. A lo largo del fin de semana, el grupo formado","inLanguage":"es-ES","isPartOf":{"@id":"https:\/\/eldigitaldeasturias.com\/magazine365\/#website"},"breadcrumb":{"@id":"https:\/\/eldigitaldeasturias.com\/magazine365\/curso-de-multiactividad-en-palma-de-mallorca\/#breadcrumblist"},"author":{"@id":"https:\/\/eldigitaldeasturias.com\/magazine365\/author\/admin\/#author"},"creator":{"@id":"https:\/\/eldigitaldeasturias.com\/magazine365\/author\/admin\/#author"},"image":{"@type":"ImageObject","url":"https:\/\/eldigitaldeasturias.com\/magazine365\/wp-content\/uploads\/2016\/10\/1476081127_Multiactividad_Mallorca.jpg","@id":"https:\/\/eldigitaldeasturias.com\/magazine365\/curso-de-multiactividad-en-palma-de-mallorca\/#mainImage","width":902,"height":677},"primaryImageOfPage":{"@id":"https:\/\/eldigitaldeasturias.com\/magazine365\/curso-de-multiactividad-en-palma-de-mallorca\/#mainImage"},"datePublished":"2016-10-13T09:48:47+02:00","dateModified":"2016-10-13T09:48:47+02:00"},{"@type":"WebSite","@id":"https:\/\/eldigitaldeasturias.com\/magazine365\/#website","url":"https:\/\/eldigitaldeasturias.com\/magazine365\/","name":"El Digital de Asturias","description":"Revista de ocio, turismo y estilo de vida","inLanguage":"es-ES","publisher":{"@id":"https:\/\/eldigitaldeasturias.com\/magazine365\/#organization"}}]},"og:locale":"es_ES","og:site_name":"El Digital de Asturias \u2013 Revista de ocio, turismo y estilo de vida","og:type":"article","og:title":"Curso de multiactividad en Palma de Mallorca | El Digital de Asturias","og:description":"La Fundaci\u00f3n Deporte &amp; Desaf\u00edo, con el apoyo de la Fundaci\u00f3n Jes\u00fas Serra, del Grupo Catalana Occidente, puso en marcha ayer un curso de multiactividad en Mallorca, en el que personas con diferentes tipos de discapacidad podr\u00e1n realizar distintos deportes acu\u00e1ticos, adaptados a sus necesidades. A lo largo del fin de semana, el grupo formado","og:url":"https:\/\/eldigitaldeasturias.com\/magazine365\/curso-de-multiactividad-en-palma-de-mallorca\/","og:image":"https:\/\/eldigitaldeasturias.com\/magazine365\/wp-content\/uploads\/2016\/10\/1476081127_Multiactividad_Mallorca.jpg","og:image:secure_url":"https:\/\/eldigitaldeasturias.com\/magazine365\/wp-content\/uploads\/2016\/10\/1476081127_Multiactividad_Mallorca.jpg","og:image:width":902,"og:image:height":677,"article:published_time":"2016-10-13T07:48:47+00:00","article:modified_time":"2016-10-13T07:48:47+00:00","twitter:card":"summary_large_image","twitter:title":"Curso de multiactividad en Palma de Mallorca | El Digital de Asturias","twitter:description":"La Fundaci\u00f3n Deporte &amp; Desaf\u00edo, con el apoyo de la Fundaci\u00f3n Jes\u00fas Serra, del Grupo Catalana Occidente, puso en marcha ayer un curso de multiactividad en Mallorca, en el que personas con diferentes tipos de discapacidad podr\u00e1n realizar distintos deportes acu\u00e1ticos, adaptados a sus necesidades. A lo largo del fin de semana, el grupo formado","twitter:image":"https:\/\/eldigitaldeasturias.com\/magazine365\/wp-content\/uploads\/2016\/10\/1476081127_Multiactividad_Mallorca.jpg"},"aioseo_meta_data":{"post_id":"83073","title":null,"description":null,"keywords":null,"keyphrases":null,"primary_term":null,"canonical_url":null,"og_title":null,"og_description":null,"og_object_type":"default","og_image_type":"default","og_image_url":null,"og_image_width":null,"og_image_height":null,"og_image_custom_url":null,"og_image_custom_fields":null,"og_video":null,"og_custom_url":null,"og_article_section":null,"og_article_tags":null,"twitter_use_og":false,"twitter_card":"default","twitter_image_type":"default","twitter_image_url":null,"twitter_image_custom_url":null,"twitter_image_custom_fields":null,"twitter_title":null,"twitter_description":null,"schema":{"blockGraphs":[],"customGraphs":[],"default":{"data":{"Article":[],"Course":[],"Dataset":[],"FAQPage":[],"Movie":[],"Person":[],"Product":[],"ProductReview":[],"Car":[],"Recipe":[],"Service":[],"SoftwareApplication":[],"WebPage":[]},"graphName":"","isEnabled":true},"graphs":[],"defaultGraph":"","defaultPostTypeGraph":""},"schema_type":null,"schema_type_options":null,"pillar_content":false,"robots_default":true,"robots_noindex":false,"robots_noarchive":false,"robots_nosnippet":false,"robots_nofollow":false,"robots_noimageindex":false,"robots_noodp":false,"robots_notranslate":false,"robots_max_snippet":null,"robots_max_videopreview":null,"robots_max_imagepreview":"large","priority":null,"frequency":null,"location":null,"local_seo":null,"seo_analyzer_scan_date":"2025-09-28 02:16:38","breadcrumb_settings":null,"limit_modified_date":false,"open_ai":null,"ai":null,"created":"2020-12-21 15:30:14","updated":"2025-09-28 02:16:38"},"aioseo_breadcrumb":"<div class=\"aioseo-breadcrumbs\"><span class=\"aioseo-breadcrumb\">\n\t<a href=\"https:\/\/eldigitaldeasturias.com\/magazine365\" title=\"Home\">Home<\/a>\n<\/span><span class=\"aioseo-breadcrumb-separator\">\u2013<\/span><span class=\"aioseo-breadcrumb\">\n\t<a href=\"https:\/\/eldigitaldeasturias.com\/magazine365\/category\/noticias-actualidad\/\" title=\"Noticias y Actualidad\">Noticias y Actualidad<\/a>\n<\/span><span class=\"aioseo-breadcrumb-separator\">\u2013<\/span><span class=\"aioseo-breadcrumb\">\n\t<a href=\"https:\/\/eldigitaldeasturias.com\/magazine365\/curso-de-multiactividad-en-palma-de-mallorca\/\" title=\"Curso de multiactividad en Palma de Mallorca\">Curso de multiactividad en Palma de Mallorca<\/a>\n<\/span><\/div>","aioseo_breadcrumb_json":[{"label":"Home","link":"https:\/\/eldigitaldeasturias.com\/magazine365"},{"label":"Noticias y Actualidad","link":"https:\/\/eldigitaldeasturias.com\/magazine365\/category\/noticias-actualidad\/"},{"label":"Curso de multiactividad en Palma de Mallorca","link":"https:\/\/eldigitaldeasturias.com\/magazine365\/curso-de-multiactividad-en-palma-de-mallorca\/"}],"_links":{"self":[{"href":"https:\/\/eldigitaldeasturias.com\/magazine365\/wp-json\/wp\/v2\/posts\/83073","targetHints":{"allow":["GET"]}}],"collection":[{"href":"https:\/\/eldigitaldeasturias.com\/magazine365\/wp-json\/wp\/v2\/posts"}],"about":[{"href":"https:\/\/eldigitaldeasturias.com\/magazine365\/wp-json\/wp\/v2\/types\/post"}],"author":[{"embeddable":true,"href":"https:\/\/eldigitaldeasturias.com\/magazine365\/wp-json\/wp\/v2\/users\/1"}],"replies":[{"embeddable":true,"href":"https:\/\/eldigitaldeasturias.com\/magazine365\/wp-json\/wp\/v2\/comments?post=83073"}],"version-history":[{"count":0,"href":"https:\/\/eldigitaldeasturias.com\/magazine365\/wp-json\/wp\/v2\/posts\/83073\/revisions"}],"wp:featuredmedia":[{"embeddable":true,"href":"https:\/\/eldigitaldeasturias.com\/magazine365\/wp-json\/wp\/v2\/media\/83074"}],"wp:attachment":[{"href":"https:\/\/eldigitaldeasturias.com\/magazine365\/wp-json\/wp\/v2\/media?parent=83073"}],"wp:term":[{"taxonomy":"category","embeddable":true,"href":"https:\/\/eldigitaldeasturias.com\/magazine365\/wp-json\/wp\/v2\/categories?post=83073"},{"taxonomy":"post_tag","embeddable":true,"href":"https:\/\/eldigitaldeasturias.com\/magazine365\/wp-json\/wp\/v2\/tags?post=83073"}],"curies":[{"name":"wp","href":"https:\/\/api.w.org\/{rel}","templated":true}]}}