{"id":83034,"date":"2016-10-07T04:07:23","date_gmt":"2016-10-07T02:07:23","guid":{"rendered":"http:\/\/eldigitaldeasturias.com\/magazine365\/?p=83034"},"modified":"2016-10-07T04:07:23","modified_gmt":"2016-10-07T02:07:23","slug":"curative-farma-los-complementos-alimenticios-mas-recomendados-por-profesionales","status":"publish","type":"post","link":"https:\/\/eldigitaldeasturias.com\/magazine365\/curative-farma-los-complementos-alimenticios-mas-recomendados-por-profesionales\/","title":{"rendered":"Curative Farma, los complementos alimenticios m\u00e1s recomendados por profesionales"},"content":{"rendered":"<p><img fetchpriority=\"high\" decoding=\"async\" class=\"alignleft size-medium wp-image-83035\" src=\"https:\/\/eldigitaldeasturias.com\/magazine365\/wp-content\/uploads\/2016\/10\/1475065240_Dr_Federico-280x300.jpg\" alt=\"1475065240_dr_federico\" width=\"280\" height=\"300\" srcset=\"https:\/\/eldigitaldeasturias.com\/magazine365\/wp-content\/uploads\/2016\/10\/1475065240_Dr_Federico-280x300.jpg 280w, https:\/\/eldigitaldeasturias.com\/magazine365\/wp-content\/uploads\/2016\/10\/1475065240_Dr_Federico-598x640.jpg 598w, https:\/\/eldigitaldeasturias.com\/magazine365\/wp-content\/uploads\/2016\/10\/1475065240_Dr_Federico-768x821.jpg 768w, https:\/\/eldigitaldeasturias.com\/magazine365\/wp-content\/uploads\/2016\/10\/1475065240_Dr_Federico-1436x1536.jpg 1436w, https:\/\/eldigitaldeasturias.com\/magazine365\/wp-content\/uploads\/2016\/10\/1475065240_Dr_Federico-1915x2048.jpg 1915w, https:\/\/eldigitaldeasturias.com\/magazine365\/wp-content\/uploads\/2016\/10\/1475065240_Dr_Federico-150x160.jpg 150w, https:\/\/eldigitaldeasturias.com\/magazine365\/wp-content\/uploads\/2016\/10\/1475065240_Dr_Federico-450x481.jpg 450w, https:\/\/eldigitaldeasturias.com\/magazine365\/wp-content\/uploads\/2016\/10\/1475065240_Dr_Federico-1200x1284.jpg 1200w\" sizes=\"(max-width: 280px) 100vw, 280px\" \/>Traumat\u00f3logos, psic\u00f3logos, endocrinos, nutricionistas, m\u00e9dicos de cabecera, fisioterapeutas\u2026 encuentran sencillo recomendar los productos Curative Farma ya que \u201cson muy espec\u00edficos en cada una de sus \u00e1reas\u201d, declaran.<\/p>\n<p>La prescripci\u00f3n m\u00e9dica y de profesionales titulados de la salud ha sido el gran \u00e9xito de Curative Farma. \u00c9stos, como especialistas, conocen de buena mano la composici\u00f3n de cada producto y es por eso que han depositado su confianza en ellos.<\/p>\n<p>En este sentido, el Prof. Dr. Federico L\u00f3pez (Col. 9944) dice que aconsejar la toma de estos productos le ha permitido dar ese plus inesperado a sus pacientes. \u201cPara nosotros es un complemento nutricional muy potente de ayuda a nuestros pacientes que repercute directamente en su calidad de vida\u201d, aclara el Doctor.<\/p>\n<p>La l\u00ednea de Curative Farma se compone de solo 5 productos Premium, ya que siempre han apostado por la calidad y no por la cantidad, pudiendo de esta manera optimizar el potencial de cada uno. Se trata de complementos alimenticios naturales, libres de gluten y aditivos que contiene una concentraci\u00f3n m\u00e1xima de cada uno de sus componentes.<\/p>\n<p>Antinflamative, el antiinflamatorio natural; Articulative, ayudando a reducir el dolor articular; Alcalinative, regulador del PH para conseguir un cuerpo alcalino; Relaxative, con sus efectos anti-estr\u00e9s, y Saciative, potente controlador del apetito y quema grasa, son los 5 complementos nutricionales que han elaborado en su laboratorio a mano de cient\u00edficos expertos en el desarrollo de productos naturales junto con la colaboraci\u00f3n de m\u00e9dicos de gran prestigio en cada una de sus \u00e1reas.<\/p>\n<p>Es por la gran repercusi\u00f3n que tiene entre \u00e9stos \u00faltimos, que desde Curative Farma se trabaja para ofrecer los servicios de un modo accesible para todo aqu\u00e9l que quiera adquirir sus productos.<\/p>\n<p>Podemos encontrarlos en las m\u00e1s exclusivas farmacias, parafarmacias y herbolarios de \u00e1mbito nacional, ya que para poder recomendarlos deben de pasar unos m\u00ednimos requisitos, seg\u00fan nos indica su Responsable de Operaciones, Carolina Mu\u00f1oz, y tambi\u00e9n a trav\u00e9s de su p\u00e1gina web www.curativefarma.com, donde se explican adem\u00e1s sus especificaciones y beneficios al detalle.<\/p>\n<p>COMUNICAE<\/p>\n<p>&nbsp;<\/p>\n","protected":false},"excerpt":{"rendered":"<p>Traumat\u00f3logos, psic\u00f3logos, endocrinos, nutricionistas, m\u00e9dicos de cabecera, fisioterapeutas\u2026 encuentran sencillo recomendar los productos Curative Farma ya que \u201cson muy espec\u00edficos en cada una de sus \u00e1reas\u201d, declaran. La prescripci\u00f3n m\u00e9dica y de profesionales titulados de la salud ha sido el gran \u00e9xito de Curative Farma. \u00c9stos, como especialistas, conocen de buena mano la composici\u00f3n de<\/p>\n","protected":false},"author":1,"featured_media":83035,"comment_status":"open","ping_status":"closed","sticky":false,"template":"","format":"standard","meta":{"footnotes":""},"categories":[224],"tags":[],"class_list":{"0":"post-83034","1":"post","2":"type-post","3":"status-publish","4":"format-standard","5":"has-post-thumbnail","7":"category-noticias-actualidad"},"aioseo_notices":[],"aioseo_head":"\n\t\t<!-- All in One SEO Pro 4.9.6.1 - aioseo.com -->\n\t<meta name=\"description\" content=\"Traumat\u00f3logos, psic\u00f3logos, endocrinos, nutricionistas, m\u00e9dicos de cabecera, fisioterapeutas\u2026 encuentran sencillo recomendar los productos Curative Farma ya que \u201cson muy espec\u00edficos en cada una de sus \u00e1reas\u201d, declaran. La prescripci\u00f3n m\u00e9dica y de profesionales titulados de la salud ha sido el gran \u00e9xito de Curative Farma. \u00c9stos, como especialistas, conocen de buena mano la composici\u00f3n de\" \/>\n\t<meta name=\"robots\" content=\"max-image-preview:large\" \/>\n\t<meta name=\"author\" content=\"admin\"\/>\n\t<meta name=\"google-site-verification\" content=\"UA-38556648-1\" \/>\n\t<meta name=\"keywords\" content=\"noticias y actualidad\" \/>\n\t<link rel=\"canonical\" href=\"https:\/\/eldigitaldeasturias.com\/magazine365\/curative-farma-los-complementos-alimenticios-mas-recomendados-por-profesionales\/\" \/>\n\t<meta name=\"generator\" content=\"All in One SEO Pro (AIOSEO) 4.9.6.1\" \/>\n\t\t<meta property=\"og:locale\" content=\"es_ES\" \/>\n\t\t<meta property=\"og:site_name\" content=\"El Digital de Asturias \u2013 Revista de ocio, turismo y estilo de vida\" \/>\n\t\t<meta property=\"og:type\" content=\"article\" \/>\n\t\t<meta property=\"og:title\" content=\"Curative Farma, los complementos alimenticios m\u00e1s recomendados por profesionales | El Digital de Asturias\" \/>\n\t\t<meta property=\"og:description\" content=\"Traumat\u00f3logos, psic\u00f3logos, endocrinos, nutricionistas, m\u00e9dicos de cabecera, fisioterapeutas\u2026 encuentran sencillo recomendar los productos Curative Farma ya que \u201cson muy espec\u00edficos en cada una de sus \u00e1reas\u201d, declaran. La prescripci\u00f3n m\u00e9dica y de profesionales titulados de la salud ha sido el gran \u00e9xito de Curative Farma. \u00c9stos, como especialistas, conocen de buena mano la composici\u00f3n de\" \/>\n\t\t<meta property=\"og:url\" content=\"https:\/\/eldigitaldeasturias.com\/magazine365\/curative-farma-los-complementos-alimenticios-mas-recomendados-por-profesionales\/\" \/>\n\t\t<meta property=\"og:image\" content=\"https:\/\/eldigitaldeasturias.com\/magazine365\/wp-content\/uploads\/2016\/10\/1475065240_Dr_Federico-scaled.jpg\" \/>\n\t\t<meta property=\"og:image:secure_url\" content=\"https:\/\/eldigitaldeasturias.com\/magazine365\/wp-content\/uploads\/2016\/10\/1475065240_Dr_Federico-scaled.jpg\" \/>\n\t\t<meta property=\"og:image:width\" content=\"2393\" \/>\n\t\t<meta property=\"og:image:height\" content=\"2560\" \/>\n\t\t<meta property=\"article:published_time\" content=\"2016-10-07T02:07:23+00:00\" \/>\n\t\t<meta property=\"article:modified_time\" content=\"2016-10-07T02:07:23+00:00\" \/>\n\t\t<meta name=\"twitter:card\" content=\"summary_large_image\" \/>\n\t\t<meta name=\"twitter:title\" content=\"Curative Farma, los complementos alimenticios m\u00e1s recomendados por profesionales | El Digital de Asturias\" \/>\n\t\t<meta name=\"twitter:description\" content=\"Traumat\u00f3logos, psic\u00f3logos, endocrinos, nutricionistas, m\u00e9dicos de cabecera, fisioterapeutas\u2026 encuentran sencillo recomendar los productos Curative Farma ya que \u201cson muy espec\u00edficos en cada una de sus \u00e1reas\u201d, declaran. La prescripci\u00f3n m\u00e9dica y de profesionales titulados de la salud ha sido el gran \u00e9xito de Curative Farma. \u00c9stos, como especialistas, conocen de buena mano la composici\u00f3n de\" \/>\n\t\t<meta name=\"twitter:image\" content=\"https:\/\/eldigitaldeasturias.com\/magazine365\/wp-content\/uploads\/2016\/10\/1475065240_Dr_Federico-scaled.jpg\" \/>\n\t\t<script type=\"application\/ld+json\" class=\"aioseo-schema\">\n\t\t\t{\"@context\":\"https:\\\/\\\/schema.org\",\"@graph\":[{\"@type\":\"Article\",\"@id\":\"https:\\\/\\\/eldigitaldeasturias.com\\\/magazine365\\\/curative-farma-los-complementos-alimenticios-mas-recomendados-por-profesionales\\\/#article\",\"name\":\"Curative Farma, los complementos alimenticios m\\u00e1s recomendados por profesionales | El Digital de Asturias\",\"headline\":\"Curative Farma, los complementos alimenticios m\\u00e1s recomendados por profesionales\",\"author\":{\"@id\":\"https:\\\/\\\/eldigitaldeasturias.com\\\/magazine365\\\/author\\\/admin\\\/#author\"},\"publisher\":{\"@id\":\"https:\\\/\\\/eldigitaldeasturias.com\\\/magazine365\\\/#organization\"},\"image\":{\"@type\":\"ImageObject\",\"url\":\"https:\\\/\\\/eldigitaldeasturias.com\\\/magazine365\\\/wp-content\\\/uploads\\\/2016\\\/10\\\/1475065240_Dr_Federico-scaled.jpg\",\"width\":2393,\"height\":2560},\"datePublished\":\"2016-10-07T04:07:23+02:00\",\"dateModified\":\"2016-10-07T04:07:23+02:00\",\"inLanguage\":\"es-ES\",\"mainEntityOfPage\":{\"@id\":\"https:\\\/\\\/eldigitaldeasturias.com\\\/magazine365\\\/curative-farma-los-complementos-alimenticios-mas-recomendados-por-profesionales\\\/#webpage\"},\"isPartOf\":{\"@id\":\"https:\\\/\\\/eldigitaldeasturias.com\\\/magazine365\\\/curative-farma-los-complementos-alimenticios-mas-recomendados-por-profesionales\\\/#webpage\"},\"articleSection\":\"Noticias y Actualidad\"},{\"@type\":\"BreadcrumbList\",\"@id\":\"https:\\\/\\\/eldigitaldeasturias.com\\\/magazine365\\\/curative-farma-los-complementos-alimenticios-mas-recomendados-por-profesionales\\\/#breadcrumblist\",\"itemListElement\":[{\"@type\":\"ListItem\",\"@id\":\"https:\\\/\\\/eldigitaldeasturias.com\\\/magazine365#listItem\",\"position\":1,\"name\":\"Home\",\"item\":\"https:\\\/\\\/eldigitaldeasturias.com\\\/magazine365\",\"nextItem\":{\"@type\":\"ListItem\",\"@id\":\"https:\\\/\\\/eldigitaldeasturias.com\\\/magazine365\\\/category\\\/noticias-actualidad\\\/#listItem\",\"name\":\"Noticias y Actualidad\"}},{\"@type\":\"ListItem\",\"@id\":\"https:\\\/\\\/eldigitaldeasturias.com\\\/magazine365\\\/category\\\/noticias-actualidad\\\/#listItem\",\"position\":2,\"name\":\"Noticias y Actualidad\",\"item\":\"https:\\\/\\\/eldigitaldeasturias.com\\\/magazine365\\\/category\\\/noticias-actualidad\\\/\",\"nextItem\":{\"@type\":\"ListItem\",\"@id\":\"https:\\\/\\\/eldigitaldeasturias.com\\\/magazine365\\\/curative-farma-los-complementos-alimenticios-mas-recomendados-por-profesionales\\\/#listItem\",\"name\":\"Curative Farma, los complementos alimenticios m\\u00e1s recomendados por profesionales\"},\"previousItem\":{\"@type\":\"ListItem\",\"@id\":\"https:\\\/\\\/eldigitaldeasturias.com\\\/magazine365#listItem\",\"name\":\"Home\"}},{\"@type\":\"ListItem\",\"@id\":\"https:\\\/\\\/eldigitaldeasturias.com\\\/magazine365\\\/curative-farma-los-complementos-alimenticios-mas-recomendados-por-profesionales\\\/#listItem\",\"position\":3,\"name\":\"Curative Farma, los complementos alimenticios m\\u00e1s recomendados por profesionales\",\"previousItem\":{\"@type\":\"ListItem\",\"@id\":\"https:\\\/\\\/eldigitaldeasturias.com\\\/magazine365\\\/category\\\/noticias-actualidad\\\/#listItem\",\"name\":\"Noticias y Actualidad\"}}]},{\"@type\":\"Organization\",\"@id\":\"https:\\\/\\\/eldigitaldeasturias.com\\\/magazine365\\\/#organization\",\"name\":\"El digital de Asturias\",\"description\":\"Revista de ocio, turismo y estilo de vida\",\"url\":\"https:\\\/\\\/eldigitaldeasturias.com\\\/magazine365\\\/\",\"logo\":{\"@type\":\"ImageObject\",\"url\":\"https:\\\/\\\/www.eldigitaldeasturias.com\\\/noticias\\\/wp-content\\\/uploads\\\/2020\\\/12\\\/EDA.jpg\",\"@id\":\"https:\\\/\\\/eldigitaldeasturias.com\\\/magazine365\\\/curative-farma-los-complementos-alimenticios-mas-recomendados-por-profesionales\\\/#organizationLogo\"},\"image\":{\"@id\":\"https:\\\/\\\/eldigitaldeasturias.com\\\/magazine365\\\/curative-farma-los-complementos-alimenticios-mas-recomendados-por-profesionales\\\/#organizationLogo\"}},{\"@type\":\"Person\",\"@id\":\"https:\\\/\\\/eldigitaldeasturias.com\\\/magazine365\\\/author\\\/admin\\\/#author\",\"url\":\"https:\\\/\\\/eldigitaldeasturias.com\\\/magazine365\\\/author\\\/admin\\\/\",\"name\":\"admin\",\"image\":{\"@type\":\"ImageObject\",\"@id\":\"https:\\\/\\\/eldigitaldeasturias.com\\\/magazine365\\\/curative-farma-los-complementos-alimenticios-mas-recomendados-por-profesionales\\\/#authorImage\",\"url\":\"https:\\\/\\\/eldigitaldeasturias.com\\\/magazine365\\\/wp-content\\\/litespeed\\\/avatar\\\/e571bcf59a0edd6fa6838245a470f2fe.jpg?ver=1776969259\",\"width\":96,\"height\":96,\"caption\":\"admin\"}},{\"@type\":\"WebPage\",\"@id\":\"https:\\\/\\\/eldigitaldeasturias.com\\\/magazine365\\\/curative-farma-los-complementos-alimenticios-mas-recomendados-por-profesionales\\\/#webpage\",\"url\":\"https:\\\/\\\/eldigitaldeasturias.com\\\/magazine365\\\/curative-farma-los-complementos-alimenticios-mas-recomendados-por-profesionales\\\/\",\"name\":\"Curative Farma, los complementos alimenticios m\\u00e1s recomendados por profesionales | El Digital de Asturias\",\"description\":\"Traumat\\u00f3logos, psic\\u00f3logos, endocrinos, nutricionistas, m\\u00e9dicos de cabecera, fisioterapeutas\\u2026 encuentran sencillo recomendar los productos Curative Farma ya que \\u201cson muy espec\\u00edficos en cada una de sus \\u00e1reas\\u201d, declaran. La prescripci\\u00f3n m\\u00e9dica y de profesionales titulados de la salud ha sido el gran \\u00e9xito de Curative Farma. \\u00c9stos, como especialistas, conocen de buena mano la composici\\u00f3n de\",\"inLanguage\":\"es-ES\",\"isPartOf\":{\"@id\":\"https:\\\/\\\/eldigitaldeasturias.com\\\/magazine365\\\/#website\"},\"breadcrumb\":{\"@id\":\"https:\\\/\\\/eldigitaldeasturias.com\\\/magazine365\\\/curative-farma-los-complementos-alimenticios-mas-recomendados-por-profesionales\\\/#breadcrumblist\"},\"author\":{\"@id\":\"https:\\\/\\\/eldigitaldeasturias.com\\\/magazine365\\\/author\\\/admin\\\/#author\"},\"creator\":{\"@id\":\"https:\\\/\\\/eldigitaldeasturias.com\\\/magazine365\\\/author\\\/admin\\\/#author\"},\"image\":{\"@type\":\"ImageObject\",\"url\":\"https:\\\/\\\/eldigitaldeasturias.com\\\/magazine365\\\/wp-content\\\/uploads\\\/2016\\\/10\\\/1475065240_Dr_Federico-scaled.jpg\",\"@id\":\"https:\\\/\\\/eldigitaldeasturias.com\\\/magazine365\\\/curative-farma-los-complementos-alimenticios-mas-recomendados-por-profesionales\\\/#mainImage\",\"width\":2393,\"height\":2560},\"primaryImageOfPage\":{\"@id\":\"https:\\\/\\\/eldigitaldeasturias.com\\\/magazine365\\\/curative-farma-los-complementos-alimenticios-mas-recomendados-por-profesionales\\\/#mainImage\"},\"datePublished\":\"2016-10-07T04:07:23+02:00\",\"dateModified\":\"2016-10-07T04:07:23+02:00\"},{\"@type\":\"WebSite\",\"@id\":\"https:\\\/\\\/eldigitaldeasturias.com\\\/magazine365\\\/#website\",\"url\":\"https:\\\/\\\/eldigitaldeasturias.com\\\/magazine365\\\/\",\"name\":\"El Digital de Asturias\",\"description\":\"Revista de ocio, turismo y estilo de vida\",\"inLanguage\":\"es-ES\",\"publisher\":{\"@id\":\"https:\\\/\\\/eldigitaldeasturias.com\\\/magazine365\\\/#organization\"}}]}\n\t\t<\/script>\n\t\t<!-- All in One SEO Pro -->\r\n\t\t<title>Curative Farma, los complementos alimenticios m\u00e1s recomendados por profesionales | El Digital de Asturias<\/title>\n\n","aioseo_head_json":{"title":"Curative Farma, los complementos alimenticios m\u00e1s recomendados por profesionales | El Digital de Asturias","description":"Traumat\u00f3logos, psic\u00f3logos, endocrinos, nutricionistas, m\u00e9dicos de cabecera, fisioterapeutas\u2026 encuentran sencillo recomendar los productos Curative Farma ya que \u201cson muy espec\u00edficos en cada una de sus \u00e1reas\u201d, declaran. La prescripci\u00f3n m\u00e9dica y de profesionales titulados de la salud ha sido el gran \u00e9xito de Curative Farma. \u00c9stos, como especialistas, conocen de buena mano la composici\u00f3n de","canonical_url":"https:\/\/eldigitaldeasturias.com\/magazine365\/curative-farma-los-complementos-alimenticios-mas-recomendados-por-profesionales\/","robots":"max-image-preview:large","keywords":"noticias y actualidad","webmasterTools":{"google-site-verification":"UA-38556648-1","miscellaneous":""},"schema":{"@context":"https:\/\/schema.org","@graph":[{"@type":"Article","@id":"https:\/\/eldigitaldeasturias.com\/magazine365\/curative-farma-los-complementos-alimenticios-mas-recomendados-por-profesionales\/#article","name":"Curative Farma, los complementos alimenticios m\u00e1s recomendados por profesionales | El Digital de Asturias","headline":"Curative Farma, los complementos alimenticios m\u00e1s recomendados por profesionales","author":{"@id":"https:\/\/eldigitaldeasturias.com\/magazine365\/author\/admin\/#author"},"publisher":{"@id":"https:\/\/eldigitaldeasturias.com\/magazine365\/#organization"},"image":{"@type":"ImageObject","url":"https:\/\/eldigitaldeasturias.com\/magazine365\/wp-content\/uploads\/2016\/10\/1475065240_Dr_Federico-scaled.jpg","width":2393,"height":2560},"datePublished":"2016-10-07T04:07:23+02:00","dateModified":"2016-10-07T04:07:23+02:00","inLanguage":"es-ES","mainEntityOfPage":{"@id":"https:\/\/eldigitaldeasturias.com\/magazine365\/curative-farma-los-complementos-alimenticios-mas-recomendados-por-profesionales\/#webpage"},"isPartOf":{"@id":"https:\/\/eldigitaldeasturias.com\/magazine365\/curative-farma-los-complementos-alimenticios-mas-recomendados-por-profesionales\/#webpage"},"articleSection":"Noticias y Actualidad"},{"@type":"BreadcrumbList","@id":"https:\/\/eldigitaldeasturias.com\/magazine365\/curative-farma-los-complementos-alimenticios-mas-recomendados-por-profesionales\/#breadcrumblist","itemListElement":[{"@type":"ListItem","@id":"https:\/\/eldigitaldeasturias.com\/magazine365#listItem","position":1,"name":"Home","item":"https:\/\/eldigitaldeasturias.com\/magazine365","nextItem":{"@type":"ListItem","@id":"https:\/\/eldigitaldeasturias.com\/magazine365\/category\/noticias-actualidad\/#listItem","name":"Noticias y Actualidad"}},{"@type":"ListItem","@id":"https:\/\/eldigitaldeasturias.com\/magazine365\/category\/noticias-actualidad\/#listItem","position":2,"name":"Noticias y Actualidad","item":"https:\/\/eldigitaldeasturias.com\/magazine365\/category\/noticias-actualidad\/","nextItem":{"@type":"ListItem","@id":"https:\/\/eldigitaldeasturias.com\/magazine365\/curative-farma-los-complementos-alimenticios-mas-recomendados-por-profesionales\/#listItem","name":"Curative Farma, los complementos alimenticios m\u00e1s recomendados por profesionales"},"previousItem":{"@type":"ListItem","@id":"https:\/\/eldigitaldeasturias.com\/magazine365#listItem","name":"Home"}},{"@type":"ListItem","@id":"https:\/\/eldigitaldeasturias.com\/magazine365\/curative-farma-los-complementos-alimenticios-mas-recomendados-por-profesionales\/#listItem","position":3,"name":"Curative Farma, los complementos alimenticios m\u00e1s recomendados por profesionales","previousItem":{"@type":"ListItem","@id":"https:\/\/eldigitaldeasturias.com\/magazine365\/category\/noticias-actualidad\/#listItem","name":"Noticias y Actualidad"}}]},{"@type":"Organization","@id":"https:\/\/eldigitaldeasturias.com\/magazine365\/#organization","name":"El digital de Asturias","description":"Revista de ocio, turismo y estilo de vida","url":"https:\/\/eldigitaldeasturias.com\/magazine365\/","logo":{"@type":"ImageObject","url":"https:\/\/www.eldigitaldeasturias.com\/noticias\/wp-content\/uploads\/2020\/12\/EDA.jpg","@id":"https:\/\/eldigitaldeasturias.com\/magazine365\/curative-farma-los-complementos-alimenticios-mas-recomendados-por-profesionales\/#organizationLogo"},"image":{"@id":"https:\/\/eldigitaldeasturias.com\/magazine365\/curative-farma-los-complementos-alimenticios-mas-recomendados-por-profesionales\/#organizationLogo"}},{"@type":"Person","@id":"https:\/\/eldigitaldeasturias.com\/magazine365\/author\/admin\/#author","url":"https:\/\/eldigitaldeasturias.com\/magazine365\/author\/admin\/","name":"admin","image":{"@type":"ImageObject","@id":"https:\/\/eldigitaldeasturias.com\/magazine365\/curative-farma-los-complementos-alimenticios-mas-recomendados-por-profesionales\/#authorImage","url":"https:\/\/eldigitaldeasturias.com\/magazine365\/wp-content\/litespeed\/avatar\/e571bcf59a0edd6fa6838245a470f2fe.jpg?ver=1776969259","width":96,"height":96,"caption":"admin"}},{"@type":"WebPage","@id":"https:\/\/eldigitaldeasturias.com\/magazine365\/curative-farma-los-complementos-alimenticios-mas-recomendados-por-profesionales\/#webpage","url":"https:\/\/eldigitaldeasturias.com\/magazine365\/curative-farma-los-complementos-alimenticios-mas-recomendados-por-profesionales\/","name":"Curative Farma, los complementos alimenticios m\u00e1s recomendados por profesionales | El Digital de Asturias","description":"Traumat\u00f3logos, psic\u00f3logos, endocrinos, nutricionistas, m\u00e9dicos de cabecera, fisioterapeutas\u2026 encuentran sencillo recomendar los productos Curative Farma ya que \u201cson muy espec\u00edficos en cada una de sus \u00e1reas\u201d, declaran. La prescripci\u00f3n m\u00e9dica y de profesionales titulados de la salud ha sido el gran \u00e9xito de Curative Farma. \u00c9stos, como especialistas, conocen de buena mano la composici\u00f3n de","inLanguage":"es-ES","isPartOf":{"@id":"https:\/\/eldigitaldeasturias.com\/magazine365\/#website"},"breadcrumb":{"@id":"https:\/\/eldigitaldeasturias.com\/magazine365\/curative-farma-los-complementos-alimenticios-mas-recomendados-por-profesionales\/#breadcrumblist"},"author":{"@id":"https:\/\/eldigitaldeasturias.com\/magazine365\/author\/admin\/#author"},"creator":{"@id":"https:\/\/eldigitaldeasturias.com\/magazine365\/author\/admin\/#author"},"image":{"@type":"ImageObject","url":"https:\/\/eldigitaldeasturias.com\/magazine365\/wp-content\/uploads\/2016\/10\/1475065240_Dr_Federico-scaled.jpg","@id":"https:\/\/eldigitaldeasturias.com\/magazine365\/curative-farma-los-complementos-alimenticios-mas-recomendados-por-profesionales\/#mainImage","width":2393,"height":2560},"primaryImageOfPage":{"@id":"https:\/\/eldigitaldeasturias.com\/magazine365\/curative-farma-los-complementos-alimenticios-mas-recomendados-por-profesionales\/#mainImage"},"datePublished":"2016-10-07T04:07:23+02:00","dateModified":"2016-10-07T04:07:23+02:00"},{"@type":"WebSite","@id":"https:\/\/eldigitaldeasturias.com\/magazine365\/#website","url":"https:\/\/eldigitaldeasturias.com\/magazine365\/","name":"El Digital de Asturias","description":"Revista de ocio, turismo y estilo de vida","inLanguage":"es-ES","publisher":{"@id":"https:\/\/eldigitaldeasturias.com\/magazine365\/#organization"}}]},"og:locale":"es_ES","og:site_name":"El Digital de Asturias \u2013 Revista de ocio, turismo y estilo de vida","og:type":"article","og:title":"Curative Farma, los complementos alimenticios m\u00e1s recomendados por profesionales | El Digital de Asturias","og:description":"Traumat\u00f3logos, psic\u00f3logos, endocrinos, nutricionistas, m\u00e9dicos de cabecera, fisioterapeutas\u2026 encuentran sencillo recomendar los productos Curative Farma ya que \u201cson muy espec\u00edficos en cada una de sus \u00e1reas\u201d, declaran. La prescripci\u00f3n m\u00e9dica y de profesionales titulados de la salud ha sido el gran \u00e9xito de Curative Farma. \u00c9stos, como especialistas, conocen de buena mano la composici\u00f3n de","og:url":"https:\/\/eldigitaldeasturias.com\/magazine365\/curative-farma-los-complementos-alimenticios-mas-recomendados-por-profesionales\/","og:image":"https:\/\/eldigitaldeasturias.com\/magazine365\/wp-content\/uploads\/2016\/10\/1475065240_Dr_Federico-scaled.jpg","og:image:secure_url":"https:\/\/eldigitaldeasturias.com\/magazine365\/wp-content\/uploads\/2016\/10\/1475065240_Dr_Federico-scaled.jpg","og:image:width":2393,"og:image:height":2560,"article:published_time":"2016-10-07T02:07:23+00:00","article:modified_time":"2016-10-07T02:07:23+00:00","twitter:card":"summary_large_image","twitter:title":"Curative Farma, los complementos alimenticios m\u00e1s recomendados por profesionales | El Digital de Asturias","twitter:description":"Traumat\u00f3logos, psic\u00f3logos, endocrinos, nutricionistas, m\u00e9dicos de cabecera, fisioterapeutas\u2026 encuentran sencillo recomendar los productos Curative Farma ya que \u201cson muy espec\u00edficos en cada una de sus \u00e1reas\u201d, declaran. La prescripci\u00f3n m\u00e9dica y de profesionales titulados de la salud ha sido el gran \u00e9xito de Curative Farma. \u00c9stos, como especialistas, conocen de buena mano la composici\u00f3n de","twitter:image":"https:\/\/eldigitaldeasturias.com\/magazine365\/wp-content\/uploads\/2016\/10\/1475065240_Dr_Federico-scaled.jpg"},"aioseo_meta_data":{"post_id":"83034","title":null,"description":null,"keywords":null,"keyphrases":null,"primary_term":null,"canonical_url":null,"og_title":null,"og_description":null,"og_object_type":"default","og_image_type":"default","og_image_url":null,"og_image_width":null,"og_image_height":null,"og_image_custom_url":null,"og_image_custom_fields":null,"og_video":null,"og_custom_url":null,"og_article_section":null,"og_article_tags":null,"twitter_use_og":false,"twitter_card":"default","twitter_image_type":"default","twitter_image_url":null,"twitter_image_custom_url":null,"twitter_image_custom_fields":null,"twitter_title":null,"twitter_description":null,"schema":{"blockGraphs":[],"customGraphs":[],"default":{"data":{"Article":[],"Course":[],"Dataset":[],"FAQPage":[],"Movie":[],"Person":[],"Product":[],"ProductReview":[],"Car":[],"Recipe":[],"Service":[],"SoftwareApplication":[],"WebPage":[]},"graphName":"","isEnabled":true},"graphs":[],"defaultGraph":"","defaultPostTypeGraph":""},"schema_type":null,"schema_type_options":null,"pillar_content":false,"robots_default":true,"robots_noindex":false,"robots_noarchive":false,"robots_nosnippet":false,"robots_nofollow":false,"robots_noimageindex":false,"robots_noodp":false,"robots_notranslate":false,"robots_max_snippet":null,"robots_max_videopreview":null,"robots_max_imagepreview":"large","priority":null,"frequency":null,"location":null,"local_seo":null,"seo_analyzer_scan_date":"2025-09-28 02:13:13","breadcrumb_settings":null,"limit_modified_date":false,"open_ai":null,"ai":null,"created":"2020-12-21 15:30:14","updated":"2025-09-28 02:13:13"},"aioseo_breadcrumb":"<div class=\"aioseo-breadcrumbs\"><span class=\"aioseo-breadcrumb\">\n\t<a href=\"https:\/\/eldigitaldeasturias.com\/magazine365\" title=\"Home\">Home<\/a>\n<\/span><span class=\"aioseo-breadcrumb-separator\">\u2013<\/span><span class=\"aioseo-breadcrumb\">\n\t<a href=\"https:\/\/eldigitaldeasturias.com\/magazine365\/category\/noticias-actualidad\/\" title=\"Noticias y Actualidad\">Noticias y Actualidad<\/a>\n<\/span><span class=\"aioseo-breadcrumb-separator\">\u2013<\/span><span class=\"aioseo-breadcrumb\">\n\t<a href=\"https:\/\/eldigitaldeasturias.com\/magazine365\/curative-farma-los-complementos-alimenticios-mas-recomendados-por-profesionales\/\" title=\"Curative Farma, los complementos alimenticios m\u00e1s recomendados por profesionales\">Curative Farma, los complementos alimenticios m\u00e1s recomendados por profesionales<\/a>\n<\/span><\/div>","aioseo_breadcrumb_json":[{"label":"Home","link":"https:\/\/eldigitaldeasturias.com\/magazine365"},{"label":"Noticias y Actualidad","link":"https:\/\/eldigitaldeasturias.com\/magazine365\/category\/noticias-actualidad\/"},{"label":"Curative Farma, los complementos alimenticios m\u00e1s recomendados por profesionales","link":"https:\/\/eldigitaldeasturias.com\/magazine365\/curative-farma-los-complementos-alimenticios-mas-recomendados-por-profesionales\/"}],"_links":{"self":[{"href":"https:\/\/eldigitaldeasturias.com\/magazine365\/wp-json\/wp\/v2\/posts\/83034","targetHints":{"allow":["GET"]}}],"collection":[{"href":"https:\/\/eldigitaldeasturias.com\/magazine365\/wp-json\/wp\/v2\/posts"}],"about":[{"href":"https:\/\/eldigitaldeasturias.com\/magazine365\/wp-json\/wp\/v2\/types\/post"}],"author":[{"embeddable":true,"href":"https:\/\/eldigitaldeasturias.com\/magazine365\/wp-json\/wp\/v2\/users\/1"}],"replies":[{"embeddable":true,"href":"https:\/\/eldigitaldeasturias.com\/magazine365\/wp-json\/wp\/v2\/comments?post=83034"}],"version-history":[{"count":0,"href":"https:\/\/eldigitaldeasturias.com\/magazine365\/wp-json\/wp\/v2\/posts\/83034\/revisions"}],"wp:featuredmedia":[{"embeddable":true,"href":"https:\/\/eldigitaldeasturias.com\/magazine365\/wp-json\/wp\/v2\/media\/83035"}],"wp:attachment":[{"href":"https:\/\/eldigitaldeasturias.com\/magazine365\/wp-json\/wp\/v2\/media?parent=83034"}],"wp:term":[{"taxonomy":"category","embeddable":true,"href":"https:\/\/eldigitaldeasturias.com\/magazine365\/wp-json\/wp\/v2\/categories?post=83034"},{"taxonomy":"post_tag","embeddable":true,"href":"https:\/\/eldigitaldeasturias.com\/magazine365\/wp-json\/wp\/v2\/tags?post=83034"}],"curies":[{"name":"wp","href":"https:\/\/api.w.org\/{rel}","templated":true}]}}