{"id":83021,"date":"2016-10-05T03:04:15","date_gmt":"2016-10-05T01:04:15","guid":{"rendered":"http:\/\/eldigitaldeasturias.com\/magazine365\/?p=83021"},"modified":"2016-10-05T03:04:15","modified_gmt":"2016-10-05T01:04:15","slug":"rtve-participa-en-el-festival-internacional-de-cine-de-almeria","status":"publish","type":"post","link":"https:\/\/eldigitaldeasturias.com\/magazine365\/rtve-participa-en-el-festival-internacional-de-cine-de-almeria\/","title":{"rendered":"RTVE participa en el Festival Internacional de Cine de Almer\u00eda"},"content":{"rendered":"<p><img fetchpriority=\"high\" decoding=\"async\" class=\"alignleft size-medium wp-image-83022\" src=\"https:\/\/eldigitaldeasturias.com\/magazine365\/wp-content\/uploads\/2016\/10\/1475590951361-360x240.jpg\" alt=\"1475590951361\" width=\"360\" height=\"240\" srcset=\"https:\/\/eldigitaldeasturias.com\/magazine365\/wp-content\/uploads\/2016\/10\/1475590951361-360x240.jpg 360w, https:\/\/eldigitaldeasturias.com\/magazine365\/wp-content\/uploads\/2016\/10\/1475590951361-650x433.jpg 650w, https:\/\/eldigitaldeasturias.com\/magazine365\/wp-content\/uploads\/2016\/10\/1475590951361-768x512.jpg 768w, https:\/\/eldigitaldeasturias.com\/magazine365\/wp-content\/uploads\/2016\/10\/1475590951361-150x100.jpg 150w, https:\/\/eldigitaldeasturias.com\/magazine365\/wp-content\/uploads\/2016\/10\/1475590951361-450x300.jpg 450w, https:\/\/eldigitaldeasturias.com\/magazine365\/wp-content\/uploads\/2016\/10\/1475590951361-101x66.jpg 101w, https:\/\/eldigitaldeasturias.com\/magazine365\/wp-content\/uploads\/2016\/10\/1475590951361.jpg 1200w\" sizes=\"(max-width: 360px) 100vw, 360px\" \/>RTVE participar\u00e1 en la promoci\u00f3n y difusi\u00f3n del XV Festival Internacional de Cine de Almer\u00eda, que se celebrar\u00e1 del 13 al 19 de noviembre y del que ser\u00e1, de nuevo, medio oficial. Asimismo, la Corporaci\u00f3n patrocinar\u00e1 uno de los galardones del certamen: el premio especial al mejor cortometraje iberoamericano.<\/p>\n<p>El presidente de RTVE, Jos\u00e9 Antonio S\u00e1nchez y el presidente de la Diputaci\u00f3n de Almer\u00eda, Gabriel Amat, han firmado este martes la adenda al convenio suscrito el a\u00f1o pasado con el Festival.<\/p>\n<p>En su decimoquinta edici\u00f3n, el certamen cambia su nombre de &#8216;Almer\u00eda en corto&#8217; a &#8216;Festival Internacional de Cine de Almer\u00eda&#8217;.<\/p>\n<p>RTVE se compromete a colaborar en la difusi\u00f3n de las actividades del Festival a trav\u00e9s de todos sus canales. Adem\u00e1s, otorgar\u00e1 uno de los galardones: el premio RTVE al mejor cortometraje iberoamericano. Asimismo, RTVE.es colaborar\u00e1 en las votaciones del citado premio y emitir\u00e1 el corto premiado y algunos de los participantes.<\/p>\n<p>El convenio establece tambi\u00e9n la participaci\u00f3n de RTVE en la selecci\u00f3n de premiados.<\/p>\n<p>El Festival Internacional de Cine de Almer\u00eda (antes &#8216;Almer\u00eda en corto&#8217;) llega este a\u00f1o a su decimoquinta edici\u00f3n con el prop\u00f3sito de afianzarse a nivel mundial y contar con una mayor dimensi\u00f3n. Est\u00e1 organizado por la Diputaci\u00f3n Provincial de Almer\u00eda, con la colaboraci\u00f3n del Ayuntamiento de la ciudad.<\/p>\n","protected":false},"excerpt":{"rendered":"<p>RTVE participar\u00e1 en la promoci\u00f3n y difusi\u00f3n del XV Festival Internacional de Cine de Almer\u00eda, que se celebrar\u00e1 del 13 al 19 de noviembre y del que ser\u00e1, de nuevo, medio oficial. Asimismo, la Corporaci\u00f3n patrocinar\u00e1 uno de los galardones del certamen: el premio especial al mejor cortometraje iberoamericano. El presidente de RTVE, Jos\u00e9 Antonio<\/p>\n","protected":false},"author":1,"featured_media":83022,"comment_status":"open","ping_status":"closed","sticky":false,"template":"","format":"standard","meta":{"footnotes":""},"categories":[224],"tags":[],"class_list":{"0":"post-83021","1":"post","2":"type-post","3":"status-publish","4":"format-standard","5":"has-post-thumbnail","7":"category-noticias-actualidad"},"aioseo_notices":[],"aioseo_head":"\n\t\t<!-- All in One SEO Pro 4.9.6.1 - aioseo.com -->\n\t<meta name=\"description\" content=\"RTVE participar\u00e1 en la promoci\u00f3n y difusi\u00f3n del XV Festival Internacional de Cine de Almer\u00eda, que se celebrar\u00e1 del 13 al 19 de noviembre y del que ser\u00e1, de nuevo, medio oficial. Asimismo, la Corporaci\u00f3n patrocinar\u00e1 uno de los galardones del certamen: el premio especial al mejor cortometraje iberoamericano. El presidente de RTVE, Jos\u00e9 Antonio\" \/>\n\t<meta name=\"robots\" content=\"max-image-preview:large\" \/>\n\t<meta name=\"author\" content=\"admin\"\/>\n\t<meta name=\"google-site-verification\" content=\"UA-38556648-1\" \/>\n\t<meta name=\"keywords\" content=\"noticias y actualidad\" \/>\n\t<link rel=\"canonical\" href=\"https:\/\/eldigitaldeasturias.com\/magazine365\/rtve-participa-en-el-festival-internacional-de-cine-de-almeria\/\" \/>\n\t<meta name=\"generator\" content=\"All in One SEO Pro (AIOSEO) 4.9.6.1\" \/>\n\t\t<meta property=\"og:locale\" content=\"es_ES\" \/>\n\t\t<meta property=\"og:site_name\" content=\"El Digital de Asturias \u2013 Revista de ocio, turismo y estilo de vida\" \/>\n\t\t<meta property=\"og:type\" content=\"article\" \/>\n\t\t<meta property=\"og:title\" content=\"RTVE participa en el Festival Internacional de Cine de Almer\u00eda | El Digital de Asturias\" \/>\n\t\t<meta property=\"og:description\" content=\"RTVE participar\u00e1 en la promoci\u00f3n y difusi\u00f3n del XV Festival Internacional de Cine de Almer\u00eda, que se celebrar\u00e1 del 13 al 19 de noviembre y del que ser\u00e1, de nuevo, medio oficial. Asimismo, la Corporaci\u00f3n patrocinar\u00e1 uno de los galardones del certamen: el premio especial al mejor cortometraje iberoamericano. El presidente de RTVE, Jos\u00e9 Antonio\" \/>\n\t\t<meta property=\"og:url\" content=\"https:\/\/eldigitaldeasturias.com\/magazine365\/rtve-participa-en-el-festival-internacional-de-cine-de-almeria\/\" \/>\n\t\t<meta property=\"og:image\" content=\"https:\/\/eldigitaldeasturias.com\/magazine365\/wp-content\/uploads\/2016\/10\/1475590951361.jpg\" \/>\n\t\t<meta property=\"og:image:secure_url\" content=\"https:\/\/eldigitaldeasturias.com\/magazine365\/wp-content\/uploads\/2016\/10\/1475590951361.jpg\" \/>\n\t\t<meta property=\"og:image:width\" content=\"1200\" \/>\n\t\t<meta property=\"og:image:height\" content=\"800\" \/>\n\t\t<meta property=\"article:published_time\" content=\"2016-10-05T01:04:15+00:00\" \/>\n\t\t<meta property=\"article:modified_time\" content=\"2016-10-05T01:04:15+00:00\" \/>\n\t\t<meta name=\"twitter:card\" content=\"summary_large_image\" \/>\n\t\t<meta name=\"twitter:title\" content=\"RTVE participa en el Festival Internacional de Cine de Almer\u00eda | El Digital de Asturias\" \/>\n\t\t<meta name=\"twitter:description\" content=\"RTVE participar\u00e1 en la promoci\u00f3n y difusi\u00f3n del XV Festival Internacional de Cine de Almer\u00eda, que se celebrar\u00e1 del 13 al 19 de noviembre y del que ser\u00e1, de nuevo, medio oficial. Asimismo, la Corporaci\u00f3n patrocinar\u00e1 uno de los galardones del certamen: el premio especial al mejor cortometraje iberoamericano. El presidente de RTVE, Jos\u00e9 Antonio\" \/>\n\t\t<meta name=\"twitter:image\" content=\"https:\/\/eldigitaldeasturias.com\/magazine365\/wp-content\/uploads\/2016\/10\/1475590951361.jpg\" \/>\n\t\t<script type=\"application\/ld+json\" class=\"aioseo-schema\">\n\t\t\t{\"@context\":\"https:\\\/\\\/schema.org\",\"@graph\":[{\"@type\":\"Article\",\"@id\":\"https:\\\/\\\/eldigitaldeasturias.com\\\/magazine365\\\/rtve-participa-en-el-festival-internacional-de-cine-de-almeria\\\/#article\",\"name\":\"RTVE participa en el Festival Internacional de Cine de Almer\\u00eda | El Digital de Asturias\",\"headline\":\"RTVE participa en el Festival Internacional de Cine de Almer\\u00eda\",\"author\":{\"@id\":\"https:\\\/\\\/eldigitaldeasturias.com\\\/magazine365\\\/author\\\/admin\\\/#author\"},\"publisher\":{\"@id\":\"https:\\\/\\\/eldigitaldeasturias.com\\\/magazine365\\\/#organization\"},\"image\":{\"@type\":\"ImageObject\",\"url\":\"https:\\\/\\\/eldigitaldeasturias.com\\\/magazine365\\\/wp-content\\\/uploads\\\/2016\\\/10\\\/1475590951361.jpg\",\"width\":1200,\"height\":800},\"datePublished\":\"2016-10-05T03:04:15+02:00\",\"dateModified\":\"2016-10-05T03:04:15+02:00\",\"inLanguage\":\"es-ES\",\"mainEntityOfPage\":{\"@id\":\"https:\\\/\\\/eldigitaldeasturias.com\\\/magazine365\\\/rtve-participa-en-el-festival-internacional-de-cine-de-almeria\\\/#webpage\"},\"isPartOf\":{\"@id\":\"https:\\\/\\\/eldigitaldeasturias.com\\\/magazine365\\\/rtve-participa-en-el-festival-internacional-de-cine-de-almeria\\\/#webpage\"},\"articleSection\":\"Noticias y Actualidad\"},{\"@type\":\"BreadcrumbList\",\"@id\":\"https:\\\/\\\/eldigitaldeasturias.com\\\/magazine365\\\/rtve-participa-en-el-festival-internacional-de-cine-de-almeria\\\/#breadcrumblist\",\"itemListElement\":[{\"@type\":\"ListItem\",\"@id\":\"https:\\\/\\\/eldigitaldeasturias.com\\\/magazine365#listItem\",\"position\":1,\"name\":\"Home\",\"item\":\"https:\\\/\\\/eldigitaldeasturias.com\\\/magazine365\",\"nextItem\":{\"@type\":\"ListItem\",\"@id\":\"https:\\\/\\\/eldigitaldeasturias.com\\\/magazine365\\\/category\\\/noticias-actualidad\\\/#listItem\",\"name\":\"Noticias y Actualidad\"}},{\"@type\":\"ListItem\",\"@id\":\"https:\\\/\\\/eldigitaldeasturias.com\\\/magazine365\\\/category\\\/noticias-actualidad\\\/#listItem\",\"position\":2,\"name\":\"Noticias y Actualidad\",\"item\":\"https:\\\/\\\/eldigitaldeasturias.com\\\/magazine365\\\/category\\\/noticias-actualidad\\\/\",\"nextItem\":{\"@type\":\"ListItem\",\"@id\":\"https:\\\/\\\/eldigitaldeasturias.com\\\/magazine365\\\/rtve-participa-en-el-festival-internacional-de-cine-de-almeria\\\/#listItem\",\"name\":\"RTVE participa en el Festival Internacional de Cine de Almer\\u00eda\"},\"previousItem\":{\"@type\":\"ListItem\",\"@id\":\"https:\\\/\\\/eldigitaldeasturias.com\\\/magazine365#listItem\",\"name\":\"Home\"}},{\"@type\":\"ListItem\",\"@id\":\"https:\\\/\\\/eldigitaldeasturias.com\\\/magazine365\\\/rtve-participa-en-el-festival-internacional-de-cine-de-almeria\\\/#listItem\",\"position\":3,\"name\":\"RTVE participa en el Festival Internacional de Cine de Almer\\u00eda\",\"previousItem\":{\"@type\":\"ListItem\",\"@id\":\"https:\\\/\\\/eldigitaldeasturias.com\\\/magazine365\\\/category\\\/noticias-actualidad\\\/#listItem\",\"name\":\"Noticias y Actualidad\"}}]},{\"@type\":\"Organization\",\"@id\":\"https:\\\/\\\/eldigitaldeasturias.com\\\/magazine365\\\/#organization\",\"name\":\"El digital de Asturias\",\"description\":\"Revista de ocio, turismo y estilo de vida\",\"url\":\"https:\\\/\\\/eldigitaldeasturias.com\\\/magazine365\\\/\",\"logo\":{\"@type\":\"ImageObject\",\"url\":\"https:\\\/\\\/www.eldigitaldeasturias.com\\\/noticias\\\/wp-content\\\/uploads\\\/2020\\\/12\\\/EDA.jpg\",\"@id\":\"https:\\\/\\\/eldigitaldeasturias.com\\\/magazine365\\\/rtve-participa-en-el-festival-internacional-de-cine-de-almeria\\\/#organizationLogo\"},\"image\":{\"@id\":\"https:\\\/\\\/eldigitaldeasturias.com\\\/magazine365\\\/rtve-participa-en-el-festival-internacional-de-cine-de-almeria\\\/#organizationLogo\"}},{\"@type\":\"Person\",\"@id\":\"https:\\\/\\\/eldigitaldeasturias.com\\\/magazine365\\\/author\\\/admin\\\/#author\",\"url\":\"https:\\\/\\\/eldigitaldeasturias.com\\\/magazine365\\\/author\\\/admin\\\/\",\"name\":\"admin\",\"image\":{\"@type\":\"ImageObject\",\"@id\":\"https:\\\/\\\/eldigitaldeasturias.com\\\/magazine365\\\/rtve-participa-en-el-festival-internacional-de-cine-de-almeria\\\/#authorImage\",\"url\":\"https:\\\/\\\/eldigitaldeasturias.com\\\/magazine365\\\/wp-content\\\/litespeed\\\/avatar\\\/e571bcf59a0edd6fa6838245a470f2fe.jpg?ver=1776969259\",\"width\":96,\"height\":96,\"caption\":\"admin\"}},{\"@type\":\"WebPage\",\"@id\":\"https:\\\/\\\/eldigitaldeasturias.com\\\/magazine365\\\/rtve-participa-en-el-festival-internacional-de-cine-de-almeria\\\/#webpage\",\"url\":\"https:\\\/\\\/eldigitaldeasturias.com\\\/magazine365\\\/rtve-participa-en-el-festival-internacional-de-cine-de-almeria\\\/\",\"name\":\"RTVE participa en el Festival Internacional de Cine de Almer\\u00eda | El Digital de Asturias\",\"description\":\"RTVE participar\\u00e1 en la promoci\\u00f3n y difusi\\u00f3n del XV Festival Internacional de Cine de Almer\\u00eda, que se celebrar\\u00e1 del 13 al 19 de noviembre y del que ser\\u00e1, de nuevo, medio oficial. Asimismo, la Corporaci\\u00f3n patrocinar\\u00e1 uno de los galardones del certamen: el premio especial al mejor cortometraje iberoamericano. El presidente de RTVE, Jos\\u00e9 Antonio\",\"inLanguage\":\"es-ES\",\"isPartOf\":{\"@id\":\"https:\\\/\\\/eldigitaldeasturias.com\\\/magazine365\\\/#website\"},\"breadcrumb\":{\"@id\":\"https:\\\/\\\/eldigitaldeasturias.com\\\/magazine365\\\/rtve-participa-en-el-festival-internacional-de-cine-de-almeria\\\/#breadcrumblist\"},\"author\":{\"@id\":\"https:\\\/\\\/eldigitaldeasturias.com\\\/magazine365\\\/author\\\/admin\\\/#author\"},\"creator\":{\"@id\":\"https:\\\/\\\/eldigitaldeasturias.com\\\/magazine365\\\/author\\\/admin\\\/#author\"},\"image\":{\"@type\":\"ImageObject\",\"url\":\"https:\\\/\\\/eldigitaldeasturias.com\\\/magazine365\\\/wp-content\\\/uploads\\\/2016\\\/10\\\/1475590951361.jpg\",\"@id\":\"https:\\\/\\\/eldigitaldeasturias.com\\\/magazine365\\\/rtve-participa-en-el-festival-internacional-de-cine-de-almeria\\\/#mainImage\",\"width\":1200,\"height\":800},\"primaryImageOfPage\":{\"@id\":\"https:\\\/\\\/eldigitaldeasturias.com\\\/magazine365\\\/rtve-participa-en-el-festival-internacional-de-cine-de-almeria\\\/#mainImage\"},\"datePublished\":\"2016-10-05T03:04:15+02:00\",\"dateModified\":\"2016-10-05T03:04:15+02:00\"},{\"@type\":\"WebSite\",\"@id\":\"https:\\\/\\\/eldigitaldeasturias.com\\\/magazine365\\\/#website\",\"url\":\"https:\\\/\\\/eldigitaldeasturias.com\\\/magazine365\\\/\",\"name\":\"El Digital de Asturias\",\"description\":\"Revista de ocio, turismo y estilo de vida\",\"inLanguage\":\"es-ES\",\"publisher\":{\"@id\":\"https:\\\/\\\/eldigitaldeasturias.com\\\/magazine365\\\/#organization\"}}]}\n\t\t<\/script>\n\t\t<!-- All in One SEO Pro -->\r\n\t\t<title>RTVE participa en el Festival Internacional de Cine de Almer\u00eda | El Digital de Asturias<\/title>\n\n","aioseo_head_json":{"title":"RTVE participa en el Festival Internacional de Cine de Almer\u00eda | El Digital de Asturias","description":"RTVE participar\u00e1 en la promoci\u00f3n y difusi\u00f3n del XV Festival Internacional de Cine de Almer\u00eda, que se celebrar\u00e1 del 13 al 19 de noviembre y del que ser\u00e1, de nuevo, medio oficial. Asimismo, la Corporaci\u00f3n patrocinar\u00e1 uno de los galardones del certamen: el premio especial al mejor cortometraje iberoamericano. El presidente de RTVE, Jos\u00e9 Antonio","canonical_url":"https:\/\/eldigitaldeasturias.com\/magazine365\/rtve-participa-en-el-festival-internacional-de-cine-de-almeria\/","robots":"max-image-preview:large","keywords":"noticias y actualidad","webmasterTools":{"google-site-verification":"UA-38556648-1","miscellaneous":""},"schema":{"@context":"https:\/\/schema.org","@graph":[{"@type":"Article","@id":"https:\/\/eldigitaldeasturias.com\/magazine365\/rtve-participa-en-el-festival-internacional-de-cine-de-almeria\/#article","name":"RTVE participa en el Festival Internacional de Cine de Almer\u00eda | El Digital de Asturias","headline":"RTVE participa en el Festival Internacional de Cine de Almer\u00eda","author":{"@id":"https:\/\/eldigitaldeasturias.com\/magazine365\/author\/admin\/#author"},"publisher":{"@id":"https:\/\/eldigitaldeasturias.com\/magazine365\/#organization"},"image":{"@type":"ImageObject","url":"https:\/\/eldigitaldeasturias.com\/magazine365\/wp-content\/uploads\/2016\/10\/1475590951361.jpg","width":1200,"height":800},"datePublished":"2016-10-05T03:04:15+02:00","dateModified":"2016-10-05T03:04:15+02:00","inLanguage":"es-ES","mainEntityOfPage":{"@id":"https:\/\/eldigitaldeasturias.com\/magazine365\/rtve-participa-en-el-festival-internacional-de-cine-de-almeria\/#webpage"},"isPartOf":{"@id":"https:\/\/eldigitaldeasturias.com\/magazine365\/rtve-participa-en-el-festival-internacional-de-cine-de-almeria\/#webpage"},"articleSection":"Noticias y Actualidad"},{"@type":"BreadcrumbList","@id":"https:\/\/eldigitaldeasturias.com\/magazine365\/rtve-participa-en-el-festival-internacional-de-cine-de-almeria\/#breadcrumblist","itemListElement":[{"@type":"ListItem","@id":"https:\/\/eldigitaldeasturias.com\/magazine365#listItem","position":1,"name":"Home","item":"https:\/\/eldigitaldeasturias.com\/magazine365","nextItem":{"@type":"ListItem","@id":"https:\/\/eldigitaldeasturias.com\/magazine365\/category\/noticias-actualidad\/#listItem","name":"Noticias y Actualidad"}},{"@type":"ListItem","@id":"https:\/\/eldigitaldeasturias.com\/magazine365\/category\/noticias-actualidad\/#listItem","position":2,"name":"Noticias y Actualidad","item":"https:\/\/eldigitaldeasturias.com\/magazine365\/category\/noticias-actualidad\/","nextItem":{"@type":"ListItem","@id":"https:\/\/eldigitaldeasturias.com\/magazine365\/rtve-participa-en-el-festival-internacional-de-cine-de-almeria\/#listItem","name":"RTVE participa en el Festival Internacional de Cine de Almer\u00eda"},"previousItem":{"@type":"ListItem","@id":"https:\/\/eldigitaldeasturias.com\/magazine365#listItem","name":"Home"}},{"@type":"ListItem","@id":"https:\/\/eldigitaldeasturias.com\/magazine365\/rtve-participa-en-el-festival-internacional-de-cine-de-almeria\/#listItem","position":3,"name":"RTVE participa en el Festival Internacional de Cine de Almer\u00eda","previousItem":{"@type":"ListItem","@id":"https:\/\/eldigitaldeasturias.com\/magazine365\/category\/noticias-actualidad\/#listItem","name":"Noticias y Actualidad"}}]},{"@type":"Organization","@id":"https:\/\/eldigitaldeasturias.com\/magazine365\/#organization","name":"El digital de Asturias","description":"Revista de ocio, turismo y estilo de vida","url":"https:\/\/eldigitaldeasturias.com\/magazine365\/","logo":{"@type":"ImageObject","url":"https:\/\/www.eldigitaldeasturias.com\/noticias\/wp-content\/uploads\/2020\/12\/EDA.jpg","@id":"https:\/\/eldigitaldeasturias.com\/magazine365\/rtve-participa-en-el-festival-internacional-de-cine-de-almeria\/#organizationLogo"},"image":{"@id":"https:\/\/eldigitaldeasturias.com\/magazine365\/rtve-participa-en-el-festival-internacional-de-cine-de-almeria\/#organizationLogo"}},{"@type":"Person","@id":"https:\/\/eldigitaldeasturias.com\/magazine365\/author\/admin\/#author","url":"https:\/\/eldigitaldeasturias.com\/magazine365\/author\/admin\/","name":"admin","image":{"@type":"ImageObject","@id":"https:\/\/eldigitaldeasturias.com\/magazine365\/rtve-participa-en-el-festival-internacional-de-cine-de-almeria\/#authorImage","url":"https:\/\/eldigitaldeasturias.com\/magazine365\/wp-content\/litespeed\/avatar\/e571bcf59a0edd6fa6838245a470f2fe.jpg?ver=1776969259","width":96,"height":96,"caption":"admin"}},{"@type":"WebPage","@id":"https:\/\/eldigitaldeasturias.com\/magazine365\/rtve-participa-en-el-festival-internacional-de-cine-de-almeria\/#webpage","url":"https:\/\/eldigitaldeasturias.com\/magazine365\/rtve-participa-en-el-festival-internacional-de-cine-de-almeria\/","name":"RTVE participa en el Festival Internacional de Cine de Almer\u00eda | El Digital de Asturias","description":"RTVE participar\u00e1 en la promoci\u00f3n y difusi\u00f3n del XV Festival Internacional de Cine de Almer\u00eda, que se celebrar\u00e1 del 13 al 19 de noviembre y del que ser\u00e1, de nuevo, medio oficial. Asimismo, la Corporaci\u00f3n patrocinar\u00e1 uno de los galardones del certamen: el premio especial al mejor cortometraje iberoamericano. El presidente de RTVE, Jos\u00e9 Antonio","inLanguage":"es-ES","isPartOf":{"@id":"https:\/\/eldigitaldeasturias.com\/magazine365\/#website"},"breadcrumb":{"@id":"https:\/\/eldigitaldeasturias.com\/magazine365\/rtve-participa-en-el-festival-internacional-de-cine-de-almeria\/#breadcrumblist"},"author":{"@id":"https:\/\/eldigitaldeasturias.com\/magazine365\/author\/admin\/#author"},"creator":{"@id":"https:\/\/eldigitaldeasturias.com\/magazine365\/author\/admin\/#author"},"image":{"@type":"ImageObject","url":"https:\/\/eldigitaldeasturias.com\/magazine365\/wp-content\/uploads\/2016\/10\/1475590951361.jpg","@id":"https:\/\/eldigitaldeasturias.com\/magazine365\/rtve-participa-en-el-festival-internacional-de-cine-de-almeria\/#mainImage","width":1200,"height":800},"primaryImageOfPage":{"@id":"https:\/\/eldigitaldeasturias.com\/magazine365\/rtve-participa-en-el-festival-internacional-de-cine-de-almeria\/#mainImage"},"datePublished":"2016-10-05T03:04:15+02:00","dateModified":"2016-10-05T03:04:15+02:00"},{"@type":"WebSite","@id":"https:\/\/eldigitaldeasturias.com\/magazine365\/#website","url":"https:\/\/eldigitaldeasturias.com\/magazine365\/","name":"El Digital de Asturias","description":"Revista de ocio, turismo y estilo de vida","inLanguage":"es-ES","publisher":{"@id":"https:\/\/eldigitaldeasturias.com\/magazine365\/#organization"}}]},"og:locale":"es_ES","og:site_name":"El Digital de Asturias \u2013 Revista de ocio, turismo y estilo de vida","og:type":"article","og:title":"RTVE participa en el Festival Internacional de Cine de Almer\u00eda | El Digital de Asturias","og:description":"RTVE participar\u00e1 en la promoci\u00f3n y difusi\u00f3n del XV Festival Internacional de Cine de Almer\u00eda, que se celebrar\u00e1 del 13 al 19 de noviembre y del que ser\u00e1, de nuevo, medio oficial. Asimismo, la Corporaci\u00f3n patrocinar\u00e1 uno de los galardones del certamen: el premio especial al mejor cortometraje iberoamericano. El presidente de RTVE, Jos\u00e9 Antonio","og:url":"https:\/\/eldigitaldeasturias.com\/magazine365\/rtve-participa-en-el-festival-internacional-de-cine-de-almeria\/","og:image":"https:\/\/eldigitaldeasturias.com\/magazine365\/wp-content\/uploads\/2016\/10\/1475590951361.jpg","og:image:secure_url":"https:\/\/eldigitaldeasturias.com\/magazine365\/wp-content\/uploads\/2016\/10\/1475590951361.jpg","og:image:width":1200,"og:image:height":800,"article:published_time":"2016-10-05T01:04:15+00:00","article:modified_time":"2016-10-05T01:04:15+00:00","twitter:card":"summary_large_image","twitter:title":"RTVE participa en el Festival Internacional de Cine de Almer\u00eda | El Digital de Asturias","twitter:description":"RTVE participar\u00e1 en la promoci\u00f3n y difusi\u00f3n del XV Festival Internacional de Cine de Almer\u00eda, que se celebrar\u00e1 del 13 al 19 de noviembre y del que ser\u00e1, de nuevo, medio oficial. Asimismo, la Corporaci\u00f3n patrocinar\u00e1 uno de los galardones del certamen: el premio especial al mejor cortometraje iberoamericano. El presidente de RTVE, Jos\u00e9 Antonio","twitter:image":"https:\/\/eldigitaldeasturias.com\/magazine365\/wp-content\/uploads\/2016\/10\/1475590951361.jpg"},"aioseo_meta_data":{"post_id":"83021","title":null,"description":null,"keywords":null,"keyphrases":null,"primary_term":null,"canonical_url":null,"og_title":null,"og_description":null,"og_object_type":"default","og_image_type":"default","og_image_url":null,"og_image_width":null,"og_image_height":null,"og_image_custom_url":null,"og_image_custom_fields":null,"og_video":null,"og_custom_url":null,"og_article_section":null,"og_article_tags":null,"twitter_use_og":false,"twitter_card":"default","twitter_image_type":"default","twitter_image_url":null,"twitter_image_custom_url":null,"twitter_image_custom_fields":null,"twitter_title":null,"twitter_description":null,"schema":{"blockGraphs":[],"customGraphs":[],"default":{"data":{"Article":[],"Course":[],"Dataset":[],"FAQPage":[],"Movie":[],"Person":[],"Product":[],"ProductReview":[],"Car":[],"Recipe":[],"Service":[],"SoftwareApplication":[],"WebPage":[]},"graphName":"","isEnabled":true},"graphs":[],"defaultGraph":"","defaultPostTypeGraph":""},"schema_type":null,"schema_type_options":null,"pillar_content":false,"robots_default":true,"robots_noindex":false,"robots_noarchive":false,"robots_nosnippet":false,"robots_nofollow":false,"robots_noimageindex":false,"robots_noodp":false,"robots_notranslate":false,"robots_max_snippet":null,"robots_max_videopreview":null,"robots_max_imagepreview":"large","priority":null,"frequency":null,"location":null,"local_seo":null,"seo_analyzer_scan_date":"2025-09-28 02:12:08","breadcrumb_settings":null,"limit_modified_date":false,"open_ai":null,"ai":null,"created":"2020-12-21 15:30:14","updated":"2025-09-28 02:12:08"},"aioseo_breadcrumb":"<div class=\"aioseo-breadcrumbs\"><span class=\"aioseo-breadcrumb\">\n\t<a href=\"https:\/\/eldigitaldeasturias.com\/magazine365\" title=\"Home\">Home<\/a>\n<\/span><span class=\"aioseo-breadcrumb-separator\">\u2013<\/span><span class=\"aioseo-breadcrumb\">\n\t<a href=\"https:\/\/eldigitaldeasturias.com\/magazine365\/category\/noticias-actualidad\/\" title=\"Noticias y Actualidad\">Noticias y Actualidad<\/a>\n<\/span><span class=\"aioseo-breadcrumb-separator\">\u2013<\/span><span class=\"aioseo-breadcrumb\">\n\t<a href=\"https:\/\/eldigitaldeasturias.com\/magazine365\/rtve-participa-en-el-festival-internacional-de-cine-de-almeria\/\" title=\"RTVE participa en el Festival Internacional de Cine de Almer\u00eda\">RTVE participa en el Festival Internacional de Cine de Almer\u00eda<\/a>\n<\/span><\/div>","aioseo_breadcrumb_json":[{"label":"Home","link":"https:\/\/eldigitaldeasturias.com\/magazine365"},{"label":"Noticias y Actualidad","link":"https:\/\/eldigitaldeasturias.com\/magazine365\/category\/noticias-actualidad\/"},{"label":"RTVE participa en el Festival Internacional de Cine de Almer\u00eda","link":"https:\/\/eldigitaldeasturias.com\/magazine365\/rtve-participa-en-el-festival-internacional-de-cine-de-almeria\/"}],"_links":{"self":[{"href":"https:\/\/eldigitaldeasturias.com\/magazine365\/wp-json\/wp\/v2\/posts\/83021","targetHints":{"allow":["GET"]}}],"collection":[{"href":"https:\/\/eldigitaldeasturias.com\/magazine365\/wp-json\/wp\/v2\/posts"}],"about":[{"href":"https:\/\/eldigitaldeasturias.com\/magazine365\/wp-json\/wp\/v2\/types\/post"}],"author":[{"embeddable":true,"href":"https:\/\/eldigitaldeasturias.com\/magazine365\/wp-json\/wp\/v2\/users\/1"}],"replies":[{"embeddable":true,"href":"https:\/\/eldigitaldeasturias.com\/magazine365\/wp-json\/wp\/v2\/comments?post=83021"}],"version-history":[{"count":0,"href":"https:\/\/eldigitaldeasturias.com\/magazine365\/wp-json\/wp\/v2\/posts\/83021\/revisions"}],"wp:featuredmedia":[{"embeddable":true,"href":"https:\/\/eldigitaldeasturias.com\/magazine365\/wp-json\/wp\/v2\/media\/83022"}],"wp:attachment":[{"href":"https:\/\/eldigitaldeasturias.com\/magazine365\/wp-json\/wp\/v2\/media?parent=83021"}],"wp:term":[{"taxonomy":"category","embeddable":true,"href":"https:\/\/eldigitaldeasturias.com\/magazine365\/wp-json\/wp\/v2\/categories?post=83021"},{"taxonomy":"post_tag","embeddable":true,"href":"https:\/\/eldigitaldeasturias.com\/magazine365\/wp-json\/wp\/v2\/tags?post=83021"}],"curies":[{"name":"wp","href":"https:\/\/api.w.org\/{rel}","templated":true}]}}