{"id":83019,"date":"2016-10-05T03:02:23","date_gmt":"2016-10-05T01:02:23","guid":{"rendered":"http:\/\/eldigitaldeasturias.com\/magazine365\/?p=83019"},"modified":"2016-10-05T03:02:23","modified_gmt":"2016-10-05T01:02:23","slug":"25-aniversario-de-dias-de-cine-en-rtve","status":"publish","type":"post","link":"https:\/\/eldigitaldeasturias.com\/magazine365\/25-aniversario-de-dias-de-cine-en-rtve\/","title":{"rendered":"25 Aniversario de &#8216;D\u00edas de cine&#8217; en RTVE"},"content":{"rendered":"<p><img fetchpriority=\"high\" decoding=\"async\" class=\"alignleft size-full wp-image-28556\" src=\"https:\/\/eldigitaldeasturias.com\/magazine365\/wp-content\/uploads\/2014\/10\/TELE-ARCHIVO.jpg\" alt=\"TELE-ARCHIVO\" width=\"350\" height=\"233\" srcset=\"https:\/\/eldigitaldeasturias.com\/magazine365\/wp-content\/uploads\/2014\/10\/TELE-ARCHIVO.jpg 350w, https:\/\/eldigitaldeasturias.com\/magazine365\/wp-content\/uploads\/2014\/10\/TELE-ARCHIVO-150x100.jpg 150w, https:\/\/eldigitaldeasturias.com\/magazine365\/wp-content\/uploads\/2014\/10\/TELE-ARCHIVO-84x55.jpg 84w\" sizes=\"(max-width: 350px) 100vw, 350px\" \/>\u2018D\u00edas de cine\u2019 celebra el jueves 6 de octubre su 25\u00ba aniversario en RTVE. Una fecha muy significativa que celebrar\u00e1 por todo lo alto con un especial, \u201825 fragmentos de un discurso cin\u00e9filo\u2019, una declaraci\u00f3n de amor al cine y al programa; una fiesta que reunir\u00e1 a numerosos profesionales del cine espa\u00f1ol; y una exposici\u00f3n en Cineteca Madrid que resumir\u00e1 los 25 a\u00f1os del programa decano de cine de la televisi\u00f3n.<\/p>\n<p>Exposici\u00f3n en Cineteca<\/p>\n<p>Este martes 4 de octubre, el equipo de \u2018D\u00edas de cine\u2019, dirigido por Gerardo S\u00e1nchez y presentado por Elena S. S\u00e1nchez, inaugurar\u00e1 en Cineteca Madrid, a las 19:00 horas, una exposici\u00f3n de algunos de los contenidos m\u00e1s relevantes de estos 25 a\u00f1os. La exposici\u00f3n, comisariada por Jes\u00fas Pamplona, permanecer\u00e1 abierta hasta el d\u00eda 23 de octubre, de martes a domingo, y est\u00e1 compuesta por obras de 38 artistas, que van desde el grafiti al videoarte, adem\u00e1s de contenidos hist\u00f3ricos del programa que podr\u00e1n verse en cinco pantallas.<\/p>\n<p>Y, a las 20:30, tras el photocall con los m\u00e1s de 200 invitados que no se quieren perder esta cita, la proyecci\u00f3n del especial por los 25 a\u00f1os del programa: \u201825 fragmentos de un discurso cin\u00e9filo\u2019. Un documental que es \u201cuna declaraci\u00f3n de amor al cine y a \u2018D\u00edas de cine\u2019\u201d -en palabras de su art\u00edfice, Ra\u00fal Alda, subdirector de \u2018D\u00edas de cine\u2019- a trav\u00e9s de diferentes miradas, desde espectadores, a una profesora de historia que utiliza los reportajes en sus clases; de Ram\u00f3n Colom, que decidi\u00f3 poner en marcha el programa; Antonio Gasset, director y presentador del espacio durante a\u00f1os; hasta los miembros actuales del equipo; directores de cine como Alberto Rodr\u00edguez; y actores como Javier Guti\u00e9rrez, Marian \u00c1lvarez o Isabelle Stoffel.<\/p>\n<p>Un programa de culto<\/p>\n<p>Un 6 de octubre de 1991, domingo, comenzaba la emisi\u00f3n de \u2018D\u00edas de cine\u2019. Dirigido por C\u00e9sar Abeytua, duraba media hora, no ten\u00eda presentador, era en 4:3, y hac\u00eda un alarde de la mejor postproducci\u00f3n que la \u00e9poca permit\u00eda.<\/p>\n<p>Con el tiempo lleg\u00f3 Aitana S\u00e1nchez Gij\u00f3n, y luego Antonio Gasset, quien adem\u00e1s dirig\u00eda el programa. Antonio Gasset fue el rostro del espacio durante trece a\u00f1os. Sus comentarios ya circulaban por internet cuando las redes sociales no estaban ni so\u00f1adas. \u2018D\u00edas de cine\u2019 se convirti\u00f3, poco a poco y casi sin darse cuenta, en un programa de culto, fruto del carisma y acidez de su presentador\/director, pero tambi\u00e9n por la calidad del trabajo que surg\u00eda desde una redacci\u00f3n siempre entregada al cine.<\/p>\n<p>Aquella media hora se convirti\u00f3 en una hora. Los d\u00edas cambiaron, del domingo inicial, \u2018D\u00edas de cine\u2019 fue pasando por el s\u00e1bado, el viernes, incluso los mi\u00e9rcoles, hasta llegar a asentarse definitivamente los jueves y reunir cada semana a una gran comunidad de cin\u00e9filos. Fue siempre se\u00f1a de identidad de \u2018D\u00edas de cine\u2019 contar las cosas con esp\u00edritu libre y cr\u00edtico.<\/p>\n<p>Unos \u2018locos\u2019 enamorados del cine<\/p>\n<p>Muchos nombres han pasado a lo largo de los a\u00f1os por la redacci\u00f3n de \u2018D\u00edas de cine\u2019: desde un joven Daniel Monz\u00f3n, que lleg\u00f3 a ser subdirector del programa, y a contraponer su opini\u00f3n a la del cr\u00edtico Jos\u00e9 Luis Guarner; a reputados cr\u00edticos con el tiempo como Jordi Costa, Sergi S\u00e1nchez, Antonio Weinrichter o Nando Salv\u00e1. Siempre al lado de nombres que son cl\u00e1sicos en el programa como Ra\u00fal Alda o Alberto Bermejo, a quienes hay que sumar otros como Miguel Berb\u00e9n, Santiago Tabernero o Juan Carlos Rivas, presentes en el nacimiento del programa y que han regresado en los \u00faltimos tiempos. Hoy, adem\u00e1s de ellos, forman parte del equipo de \u2018D\u00edas de cine\u2019 Elena S. S\u00e1nchez, Lauro Mart\u00edn, Alejo Moreno, Virginia Garc\u00eda, Eva N\u00fa\u00f1ez, Javier Sales y su director, Gerardo S\u00e1nchez. Adem\u00e1s, Fernando Menchero y \u00c1ngela Costilla en la producci\u00f3n y Ver\u00f3nica Rosso y M\u00f3nica Gonzalo en la documentaci\u00f3n.<\/p>\n<p>&nbsp;<\/p>\n","protected":false},"excerpt":{"rendered":"<p>\u2018D\u00edas de cine\u2019 celebra el jueves 6 de octubre su 25\u00ba aniversario en RTVE. Una fecha muy significativa que celebrar\u00e1 por todo lo alto con un especial, \u201825 fragmentos de un discurso cin\u00e9filo\u2019, una declaraci\u00f3n de amor al cine y al programa; una fiesta que reunir\u00e1 a numerosos profesionales del cine espa\u00f1ol; y una exposici\u00f3n<\/p>\n","protected":false},"author":1,"featured_media":28556,"comment_status":"open","ping_status":"closed","sticky":false,"template":"","format":"standard","meta":{"footnotes":""},"categories":[224],"tags":[],"class_list":{"0":"post-83019","1":"post","2":"type-post","3":"status-publish","4":"format-standard","5":"has-post-thumbnail","7":"category-noticias-actualidad"},"aioseo_notices":[],"aioseo_head":"\n\t\t<!-- All in One SEO Pro 4.9.6.1 - aioseo.com -->\n\t<meta name=\"description\" content=\"\u2018D\u00edas de cine\u2019 celebra el jueves 6 de octubre su 25\u00ba aniversario en RTVE. Una fecha muy significativa que celebrar\u00e1 por todo lo alto con un especial, \u201825 fragmentos de un discurso cin\u00e9filo\u2019, una declaraci\u00f3n de amor al cine y al programa; una fiesta que reunir\u00e1 a numerosos profesionales del cine espa\u00f1ol; y una exposici\u00f3n\" \/>\n\t<meta name=\"robots\" content=\"max-image-preview:large\" \/>\n\t<meta name=\"author\" content=\"admin\"\/>\n\t<meta name=\"google-site-verification\" content=\"UA-38556648-1\" \/>\n\t<meta name=\"keywords\" content=\"noticias y actualidad\" \/>\n\t<link rel=\"canonical\" href=\"https:\/\/eldigitaldeasturias.com\/magazine365\/25-aniversario-de-dias-de-cine-en-rtve\/\" \/>\n\t<meta name=\"generator\" content=\"All in One SEO Pro (AIOSEO) 4.9.6.1\" \/>\n\t\t<meta property=\"og:locale\" content=\"es_ES\" \/>\n\t\t<meta property=\"og:site_name\" content=\"El Digital de Asturias \u2013 Revista de ocio, turismo y estilo de vida\" \/>\n\t\t<meta property=\"og:type\" content=\"article\" \/>\n\t\t<meta property=\"og:title\" content=\"25 Aniversario de \u2018D\u00edas de cine\u2019 en RTVE | El Digital de Asturias\" \/>\n\t\t<meta property=\"og:description\" content=\"\u2018D\u00edas de cine\u2019 celebra el jueves 6 de octubre su 25\u00ba aniversario en RTVE. Una fecha muy significativa que celebrar\u00e1 por todo lo alto con un especial, \u201825 fragmentos de un discurso cin\u00e9filo\u2019, una declaraci\u00f3n de amor al cine y al programa; una fiesta que reunir\u00e1 a numerosos profesionales del cine espa\u00f1ol; y una exposici\u00f3n\" \/>\n\t\t<meta property=\"og:url\" content=\"https:\/\/eldigitaldeasturias.com\/magazine365\/25-aniversario-de-dias-de-cine-en-rtve\/\" \/>\n\t\t<meta property=\"og:image\" content=\"https:\/\/eldigitaldeasturias.com\/magazine365\/wp-content\/uploads\/2014\/10\/TELE-ARCHIVO.jpg\" \/>\n\t\t<meta property=\"og:image:secure_url\" content=\"https:\/\/eldigitaldeasturias.com\/magazine365\/wp-content\/uploads\/2014\/10\/TELE-ARCHIVO.jpg\" \/>\n\t\t<meta property=\"og:image:width\" content=\"350\" \/>\n\t\t<meta property=\"og:image:height\" content=\"233\" \/>\n\t\t<meta property=\"article:published_time\" content=\"2016-10-05T01:02:23+00:00\" \/>\n\t\t<meta property=\"article:modified_time\" content=\"2016-10-05T01:02:23+00:00\" \/>\n\t\t<meta name=\"twitter:card\" content=\"summary_large_image\" \/>\n\t\t<meta name=\"twitter:title\" content=\"25 Aniversario de \u2018D\u00edas de cine\u2019 en RTVE | El Digital de Asturias\" \/>\n\t\t<meta name=\"twitter:description\" content=\"\u2018D\u00edas de cine\u2019 celebra el jueves 6 de octubre su 25\u00ba aniversario en RTVE. Una fecha muy significativa que celebrar\u00e1 por todo lo alto con un especial, \u201825 fragmentos de un discurso cin\u00e9filo\u2019, una declaraci\u00f3n de amor al cine y al programa; una fiesta que reunir\u00e1 a numerosos profesionales del cine espa\u00f1ol; y una exposici\u00f3n\" \/>\n\t\t<meta name=\"twitter:image\" content=\"https:\/\/eldigitaldeasturias.com\/magazine365\/wp-content\/uploads\/2014\/10\/TELE-ARCHIVO.jpg\" \/>\n\t\t<script type=\"application\/ld+json\" class=\"aioseo-schema\">\n\t\t\t{\"@context\":\"https:\\\/\\\/schema.org\",\"@graph\":[{\"@type\":\"Article\",\"@id\":\"https:\\\/\\\/eldigitaldeasturias.com\\\/magazine365\\\/25-aniversario-de-dias-de-cine-en-rtve\\\/#article\",\"name\":\"25 Aniversario de \\u2018D\\u00edas de cine\\u2019 en RTVE | El Digital de Asturias\",\"headline\":\"25 Aniversario de &#8216;D\\u00edas de cine&#8217; en RTVE\",\"author\":{\"@id\":\"https:\\\/\\\/eldigitaldeasturias.com\\\/magazine365\\\/author\\\/admin\\\/#author\"},\"publisher\":{\"@id\":\"https:\\\/\\\/eldigitaldeasturias.com\\\/magazine365\\\/#organization\"},\"image\":{\"@type\":\"ImageObject\",\"url\":\"https:\\\/\\\/eldigitaldeasturias.com\\\/magazine365\\\/wp-content\\\/uploads\\\/2014\\\/10\\\/TELE-ARCHIVO.jpg\",\"width\":350,\"height\":233},\"datePublished\":\"2016-10-05T03:02:23+02:00\",\"dateModified\":\"2016-10-05T03:02:23+02:00\",\"inLanguage\":\"es-ES\",\"mainEntityOfPage\":{\"@id\":\"https:\\\/\\\/eldigitaldeasturias.com\\\/magazine365\\\/25-aniversario-de-dias-de-cine-en-rtve\\\/#webpage\"},\"isPartOf\":{\"@id\":\"https:\\\/\\\/eldigitaldeasturias.com\\\/magazine365\\\/25-aniversario-de-dias-de-cine-en-rtve\\\/#webpage\"},\"articleSection\":\"Noticias y Actualidad\"},{\"@type\":\"BreadcrumbList\",\"@id\":\"https:\\\/\\\/eldigitaldeasturias.com\\\/magazine365\\\/25-aniversario-de-dias-de-cine-en-rtve\\\/#breadcrumblist\",\"itemListElement\":[{\"@type\":\"ListItem\",\"@id\":\"https:\\\/\\\/eldigitaldeasturias.com\\\/magazine365#listItem\",\"position\":1,\"name\":\"Home\",\"item\":\"https:\\\/\\\/eldigitaldeasturias.com\\\/magazine365\",\"nextItem\":{\"@type\":\"ListItem\",\"@id\":\"https:\\\/\\\/eldigitaldeasturias.com\\\/magazine365\\\/category\\\/noticias-actualidad\\\/#listItem\",\"name\":\"Noticias y Actualidad\"}},{\"@type\":\"ListItem\",\"@id\":\"https:\\\/\\\/eldigitaldeasturias.com\\\/magazine365\\\/category\\\/noticias-actualidad\\\/#listItem\",\"position\":2,\"name\":\"Noticias y Actualidad\",\"item\":\"https:\\\/\\\/eldigitaldeasturias.com\\\/magazine365\\\/category\\\/noticias-actualidad\\\/\",\"nextItem\":{\"@type\":\"ListItem\",\"@id\":\"https:\\\/\\\/eldigitaldeasturias.com\\\/magazine365\\\/25-aniversario-de-dias-de-cine-en-rtve\\\/#listItem\",\"name\":\"25 Aniversario de &#8216;D\\u00edas de cine&#8217; en RTVE\"},\"previousItem\":{\"@type\":\"ListItem\",\"@id\":\"https:\\\/\\\/eldigitaldeasturias.com\\\/magazine365#listItem\",\"name\":\"Home\"}},{\"@type\":\"ListItem\",\"@id\":\"https:\\\/\\\/eldigitaldeasturias.com\\\/magazine365\\\/25-aniversario-de-dias-de-cine-en-rtve\\\/#listItem\",\"position\":3,\"name\":\"25 Aniversario de &#8216;D\\u00edas de cine&#8217; en RTVE\",\"previousItem\":{\"@type\":\"ListItem\",\"@id\":\"https:\\\/\\\/eldigitaldeasturias.com\\\/magazine365\\\/category\\\/noticias-actualidad\\\/#listItem\",\"name\":\"Noticias y Actualidad\"}}]},{\"@type\":\"Organization\",\"@id\":\"https:\\\/\\\/eldigitaldeasturias.com\\\/magazine365\\\/#organization\",\"name\":\"El digital de Asturias\",\"description\":\"Revista de ocio, turismo y estilo de vida\",\"url\":\"https:\\\/\\\/eldigitaldeasturias.com\\\/magazine365\\\/\",\"logo\":{\"@type\":\"ImageObject\",\"url\":\"https:\\\/\\\/www.eldigitaldeasturias.com\\\/noticias\\\/wp-content\\\/uploads\\\/2020\\\/12\\\/EDA.jpg\",\"@id\":\"https:\\\/\\\/eldigitaldeasturias.com\\\/magazine365\\\/25-aniversario-de-dias-de-cine-en-rtve\\\/#organizationLogo\"},\"image\":{\"@id\":\"https:\\\/\\\/eldigitaldeasturias.com\\\/magazine365\\\/25-aniversario-de-dias-de-cine-en-rtve\\\/#organizationLogo\"}},{\"@type\":\"Person\",\"@id\":\"https:\\\/\\\/eldigitaldeasturias.com\\\/magazine365\\\/author\\\/admin\\\/#author\",\"url\":\"https:\\\/\\\/eldigitaldeasturias.com\\\/magazine365\\\/author\\\/admin\\\/\",\"name\":\"admin\",\"image\":{\"@type\":\"ImageObject\",\"@id\":\"https:\\\/\\\/eldigitaldeasturias.com\\\/magazine365\\\/25-aniversario-de-dias-de-cine-en-rtve\\\/#authorImage\",\"url\":\"https:\\\/\\\/eldigitaldeasturias.com\\\/magazine365\\\/wp-content\\\/litespeed\\\/avatar\\\/e571bcf59a0edd6fa6838245a470f2fe.jpg?ver=1776969259\",\"width\":96,\"height\":96,\"caption\":\"admin\"}},{\"@type\":\"WebPage\",\"@id\":\"https:\\\/\\\/eldigitaldeasturias.com\\\/magazine365\\\/25-aniversario-de-dias-de-cine-en-rtve\\\/#webpage\",\"url\":\"https:\\\/\\\/eldigitaldeasturias.com\\\/magazine365\\\/25-aniversario-de-dias-de-cine-en-rtve\\\/\",\"name\":\"25 Aniversario de \\u2018D\\u00edas de cine\\u2019 en RTVE | El Digital de Asturias\",\"description\":\"\\u2018D\\u00edas de cine\\u2019 celebra el jueves 6 de octubre su 25\\u00ba aniversario en RTVE. Una fecha muy significativa que celebrar\\u00e1 por todo lo alto con un especial, \\u201825 fragmentos de un discurso cin\\u00e9filo\\u2019, una declaraci\\u00f3n de amor al cine y al programa; una fiesta que reunir\\u00e1 a numerosos profesionales del cine espa\\u00f1ol; y una exposici\\u00f3n\",\"inLanguage\":\"es-ES\",\"isPartOf\":{\"@id\":\"https:\\\/\\\/eldigitaldeasturias.com\\\/magazine365\\\/#website\"},\"breadcrumb\":{\"@id\":\"https:\\\/\\\/eldigitaldeasturias.com\\\/magazine365\\\/25-aniversario-de-dias-de-cine-en-rtve\\\/#breadcrumblist\"},\"author\":{\"@id\":\"https:\\\/\\\/eldigitaldeasturias.com\\\/magazine365\\\/author\\\/admin\\\/#author\"},\"creator\":{\"@id\":\"https:\\\/\\\/eldigitaldeasturias.com\\\/magazine365\\\/author\\\/admin\\\/#author\"},\"image\":{\"@type\":\"ImageObject\",\"url\":\"https:\\\/\\\/eldigitaldeasturias.com\\\/magazine365\\\/wp-content\\\/uploads\\\/2014\\\/10\\\/TELE-ARCHIVO.jpg\",\"@id\":\"https:\\\/\\\/eldigitaldeasturias.com\\\/magazine365\\\/25-aniversario-de-dias-de-cine-en-rtve\\\/#mainImage\",\"width\":350,\"height\":233},\"primaryImageOfPage\":{\"@id\":\"https:\\\/\\\/eldigitaldeasturias.com\\\/magazine365\\\/25-aniversario-de-dias-de-cine-en-rtve\\\/#mainImage\"},\"datePublished\":\"2016-10-05T03:02:23+02:00\",\"dateModified\":\"2016-10-05T03:02:23+02:00\"},{\"@type\":\"WebSite\",\"@id\":\"https:\\\/\\\/eldigitaldeasturias.com\\\/magazine365\\\/#website\",\"url\":\"https:\\\/\\\/eldigitaldeasturias.com\\\/magazine365\\\/\",\"name\":\"El Digital de Asturias\",\"description\":\"Revista de ocio, turismo y estilo de vida\",\"inLanguage\":\"es-ES\",\"publisher\":{\"@id\":\"https:\\\/\\\/eldigitaldeasturias.com\\\/magazine365\\\/#organization\"}}]}\n\t\t<\/script>\n\t\t<!-- All in One SEO Pro -->\r\n\t\t<title>25 Aniversario de \u2018D\u00edas de cine\u2019 en RTVE | El Digital de Asturias<\/title>\n\n","aioseo_head_json":{"title":"25 Aniversario de \u2018D\u00edas de cine\u2019 en RTVE | El Digital de Asturias","description":"\u2018D\u00edas de cine\u2019 celebra el jueves 6 de octubre su 25\u00ba aniversario en RTVE. Una fecha muy significativa que celebrar\u00e1 por todo lo alto con un especial, \u201825 fragmentos de un discurso cin\u00e9filo\u2019, una declaraci\u00f3n de amor al cine y al programa; una fiesta que reunir\u00e1 a numerosos profesionales del cine espa\u00f1ol; y una exposici\u00f3n","canonical_url":"https:\/\/eldigitaldeasturias.com\/magazine365\/25-aniversario-de-dias-de-cine-en-rtve\/","robots":"max-image-preview:large","keywords":"noticias y actualidad","webmasterTools":{"google-site-verification":"UA-38556648-1","miscellaneous":""},"schema":{"@context":"https:\/\/schema.org","@graph":[{"@type":"Article","@id":"https:\/\/eldigitaldeasturias.com\/magazine365\/25-aniversario-de-dias-de-cine-en-rtve\/#article","name":"25 Aniversario de \u2018D\u00edas de cine\u2019 en RTVE | El Digital de Asturias","headline":"25 Aniversario de &#8216;D\u00edas de cine&#8217; en RTVE","author":{"@id":"https:\/\/eldigitaldeasturias.com\/magazine365\/author\/admin\/#author"},"publisher":{"@id":"https:\/\/eldigitaldeasturias.com\/magazine365\/#organization"},"image":{"@type":"ImageObject","url":"https:\/\/eldigitaldeasturias.com\/magazine365\/wp-content\/uploads\/2014\/10\/TELE-ARCHIVO.jpg","width":350,"height":233},"datePublished":"2016-10-05T03:02:23+02:00","dateModified":"2016-10-05T03:02:23+02:00","inLanguage":"es-ES","mainEntityOfPage":{"@id":"https:\/\/eldigitaldeasturias.com\/magazine365\/25-aniversario-de-dias-de-cine-en-rtve\/#webpage"},"isPartOf":{"@id":"https:\/\/eldigitaldeasturias.com\/magazine365\/25-aniversario-de-dias-de-cine-en-rtve\/#webpage"},"articleSection":"Noticias y Actualidad"},{"@type":"BreadcrumbList","@id":"https:\/\/eldigitaldeasturias.com\/magazine365\/25-aniversario-de-dias-de-cine-en-rtve\/#breadcrumblist","itemListElement":[{"@type":"ListItem","@id":"https:\/\/eldigitaldeasturias.com\/magazine365#listItem","position":1,"name":"Home","item":"https:\/\/eldigitaldeasturias.com\/magazine365","nextItem":{"@type":"ListItem","@id":"https:\/\/eldigitaldeasturias.com\/magazine365\/category\/noticias-actualidad\/#listItem","name":"Noticias y Actualidad"}},{"@type":"ListItem","@id":"https:\/\/eldigitaldeasturias.com\/magazine365\/category\/noticias-actualidad\/#listItem","position":2,"name":"Noticias y Actualidad","item":"https:\/\/eldigitaldeasturias.com\/magazine365\/category\/noticias-actualidad\/","nextItem":{"@type":"ListItem","@id":"https:\/\/eldigitaldeasturias.com\/magazine365\/25-aniversario-de-dias-de-cine-en-rtve\/#listItem","name":"25 Aniversario de &#8216;D\u00edas de cine&#8217; en RTVE"},"previousItem":{"@type":"ListItem","@id":"https:\/\/eldigitaldeasturias.com\/magazine365#listItem","name":"Home"}},{"@type":"ListItem","@id":"https:\/\/eldigitaldeasturias.com\/magazine365\/25-aniversario-de-dias-de-cine-en-rtve\/#listItem","position":3,"name":"25 Aniversario de &#8216;D\u00edas de cine&#8217; en RTVE","previousItem":{"@type":"ListItem","@id":"https:\/\/eldigitaldeasturias.com\/magazine365\/category\/noticias-actualidad\/#listItem","name":"Noticias y Actualidad"}}]},{"@type":"Organization","@id":"https:\/\/eldigitaldeasturias.com\/magazine365\/#organization","name":"El digital de Asturias","description":"Revista de ocio, turismo y estilo de vida","url":"https:\/\/eldigitaldeasturias.com\/magazine365\/","logo":{"@type":"ImageObject","url":"https:\/\/www.eldigitaldeasturias.com\/noticias\/wp-content\/uploads\/2020\/12\/EDA.jpg","@id":"https:\/\/eldigitaldeasturias.com\/magazine365\/25-aniversario-de-dias-de-cine-en-rtve\/#organizationLogo"},"image":{"@id":"https:\/\/eldigitaldeasturias.com\/magazine365\/25-aniversario-de-dias-de-cine-en-rtve\/#organizationLogo"}},{"@type":"Person","@id":"https:\/\/eldigitaldeasturias.com\/magazine365\/author\/admin\/#author","url":"https:\/\/eldigitaldeasturias.com\/magazine365\/author\/admin\/","name":"admin","image":{"@type":"ImageObject","@id":"https:\/\/eldigitaldeasturias.com\/magazine365\/25-aniversario-de-dias-de-cine-en-rtve\/#authorImage","url":"https:\/\/eldigitaldeasturias.com\/magazine365\/wp-content\/litespeed\/avatar\/e571bcf59a0edd6fa6838245a470f2fe.jpg?ver=1776969259","width":96,"height":96,"caption":"admin"}},{"@type":"WebPage","@id":"https:\/\/eldigitaldeasturias.com\/magazine365\/25-aniversario-de-dias-de-cine-en-rtve\/#webpage","url":"https:\/\/eldigitaldeasturias.com\/magazine365\/25-aniversario-de-dias-de-cine-en-rtve\/","name":"25 Aniversario de \u2018D\u00edas de cine\u2019 en RTVE | El Digital de Asturias","description":"\u2018D\u00edas de cine\u2019 celebra el jueves 6 de octubre su 25\u00ba aniversario en RTVE. Una fecha muy significativa que celebrar\u00e1 por todo lo alto con un especial, \u201825 fragmentos de un discurso cin\u00e9filo\u2019, una declaraci\u00f3n de amor al cine y al programa; una fiesta que reunir\u00e1 a numerosos profesionales del cine espa\u00f1ol; y una exposici\u00f3n","inLanguage":"es-ES","isPartOf":{"@id":"https:\/\/eldigitaldeasturias.com\/magazine365\/#website"},"breadcrumb":{"@id":"https:\/\/eldigitaldeasturias.com\/magazine365\/25-aniversario-de-dias-de-cine-en-rtve\/#breadcrumblist"},"author":{"@id":"https:\/\/eldigitaldeasturias.com\/magazine365\/author\/admin\/#author"},"creator":{"@id":"https:\/\/eldigitaldeasturias.com\/magazine365\/author\/admin\/#author"},"image":{"@type":"ImageObject","url":"https:\/\/eldigitaldeasturias.com\/magazine365\/wp-content\/uploads\/2014\/10\/TELE-ARCHIVO.jpg","@id":"https:\/\/eldigitaldeasturias.com\/magazine365\/25-aniversario-de-dias-de-cine-en-rtve\/#mainImage","width":350,"height":233},"primaryImageOfPage":{"@id":"https:\/\/eldigitaldeasturias.com\/magazine365\/25-aniversario-de-dias-de-cine-en-rtve\/#mainImage"},"datePublished":"2016-10-05T03:02:23+02:00","dateModified":"2016-10-05T03:02:23+02:00"},{"@type":"WebSite","@id":"https:\/\/eldigitaldeasturias.com\/magazine365\/#website","url":"https:\/\/eldigitaldeasturias.com\/magazine365\/","name":"El Digital de Asturias","description":"Revista de ocio, turismo y estilo de vida","inLanguage":"es-ES","publisher":{"@id":"https:\/\/eldigitaldeasturias.com\/magazine365\/#organization"}}]},"og:locale":"es_ES","og:site_name":"El Digital de Asturias \u2013 Revista de ocio, turismo y estilo de vida","og:type":"article","og:title":"25 Aniversario de \u2018D\u00edas de cine\u2019 en RTVE | El Digital de Asturias","og:description":"\u2018D\u00edas de cine\u2019 celebra el jueves 6 de octubre su 25\u00ba aniversario en RTVE. Una fecha muy significativa que celebrar\u00e1 por todo lo alto con un especial, \u201825 fragmentos de un discurso cin\u00e9filo\u2019, una declaraci\u00f3n de amor al cine y al programa; una fiesta que reunir\u00e1 a numerosos profesionales del cine espa\u00f1ol; y una exposici\u00f3n","og:url":"https:\/\/eldigitaldeasturias.com\/magazine365\/25-aniversario-de-dias-de-cine-en-rtve\/","og:image":"https:\/\/eldigitaldeasturias.com\/magazine365\/wp-content\/uploads\/2014\/10\/TELE-ARCHIVO.jpg","og:image:secure_url":"https:\/\/eldigitaldeasturias.com\/magazine365\/wp-content\/uploads\/2014\/10\/TELE-ARCHIVO.jpg","og:image:width":350,"og:image:height":233,"article:published_time":"2016-10-05T01:02:23+00:00","article:modified_time":"2016-10-05T01:02:23+00:00","twitter:card":"summary_large_image","twitter:title":"25 Aniversario de \u2018D\u00edas de cine\u2019 en RTVE | El Digital de Asturias","twitter:description":"\u2018D\u00edas de cine\u2019 celebra el jueves 6 de octubre su 25\u00ba aniversario en RTVE. Una fecha muy significativa que celebrar\u00e1 por todo lo alto con un especial, \u201825 fragmentos de un discurso cin\u00e9filo\u2019, una declaraci\u00f3n de amor al cine y al programa; una fiesta que reunir\u00e1 a numerosos profesionales del cine espa\u00f1ol; y una exposici\u00f3n","twitter:image":"https:\/\/eldigitaldeasturias.com\/magazine365\/wp-content\/uploads\/2014\/10\/TELE-ARCHIVO.jpg"},"aioseo_meta_data":{"post_id":"83019","title":null,"description":null,"keywords":null,"keyphrases":null,"primary_term":null,"canonical_url":null,"og_title":null,"og_description":null,"og_object_type":"default","og_image_type":"default","og_image_url":null,"og_image_width":null,"og_image_height":null,"og_image_custom_url":null,"og_image_custom_fields":null,"og_video":null,"og_custom_url":null,"og_article_section":null,"og_article_tags":null,"twitter_use_og":false,"twitter_card":"default","twitter_image_type":"default","twitter_image_url":null,"twitter_image_custom_url":null,"twitter_image_custom_fields":null,"twitter_title":null,"twitter_description":null,"schema":{"blockGraphs":[],"customGraphs":[],"default":{"data":{"Article":[],"Course":[],"Dataset":[],"FAQPage":[],"Movie":[],"Person":[],"Product":[],"ProductReview":[],"Car":[],"Recipe":[],"Service":[],"SoftwareApplication":[],"WebPage":[]},"graphName":"","isEnabled":true},"graphs":[],"defaultGraph":"","defaultPostTypeGraph":""},"schema_type":null,"schema_type_options":null,"pillar_content":false,"robots_default":true,"robots_noindex":false,"robots_noarchive":false,"robots_nosnippet":false,"robots_nofollow":false,"robots_noimageindex":false,"robots_noodp":false,"robots_notranslate":false,"robots_max_snippet":null,"robots_max_videopreview":null,"robots_max_imagepreview":"large","priority":null,"frequency":null,"location":null,"local_seo":null,"seo_analyzer_scan_date":"2025-09-28 02:12:06","breadcrumb_settings":null,"limit_modified_date":false,"open_ai":null,"ai":null,"created":"2020-12-21 15:30:14","updated":"2025-09-28 02:12:06"},"aioseo_breadcrumb":"<div class=\"aioseo-breadcrumbs\"><span class=\"aioseo-breadcrumb\">\n\t<a href=\"https:\/\/eldigitaldeasturias.com\/magazine365\" title=\"Home\">Home<\/a>\n<\/span><span class=\"aioseo-breadcrumb-separator\">\u2013<\/span><span class=\"aioseo-breadcrumb\">\n\t<a href=\"https:\/\/eldigitaldeasturias.com\/magazine365\/category\/noticias-actualidad\/\" title=\"Noticias y Actualidad\">Noticias y Actualidad<\/a>\n<\/span><span class=\"aioseo-breadcrumb-separator\">\u2013<\/span><span class=\"aioseo-breadcrumb\">\n\t<a href=\"https:\/\/eldigitaldeasturias.com\/magazine365\/25-aniversario-de-dias-de-cine-en-rtve\/\" title=\"25 Aniversario de \u2018D\u00edas de cine\u2019 en RTVE\">25 Aniversario de \u2018D\u00edas de cine\u2019 en RTVE<\/a>\n<\/span><\/div>","aioseo_breadcrumb_json":[{"label":"Home","link":"https:\/\/eldigitaldeasturias.com\/magazine365"},{"label":"Noticias y Actualidad","link":"https:\/\/eldigitaldeasturias.com\/magazine365\/category\/noticias-actualidad\/"},{"label":"25 Aniversario de &#8216;D\u00edas de cine&#8217; en RTVE","link":"https:\/\/eldigitaldeasturias.com\/magazine365\/25-aniversario-de-dias-de-cine-en-rtve\/"}],"_links":{"self":[{"href":"https:\/\/eldigitaldeasturias.com\/magazine365\/wp-json\/wp\/v2\/posts\/83019","targetHints":{"allow":["GET"]}}],"collection":[{"href":"https:\/\/eldigitaldeasturias.com\/magazine365\/wp-json\/wp\/v2\/posts"}],"about":[{"href":"https:\/\/eldigitaldeasturias.com\/magazine365\/wp-json\/wp\/v2\/types\/post"}],"author":[{"embeddable":true,"href":"https:\/\/eldigitaldeasturias.com\/magazine365\/wp-json\/wp\/v2\/users\/1"}],"replies":[{"embeddable":true,"href":"https:\/\/eldigitaldeasturias.com\/magazine365\/wp-json\/wp\/v2\/comments?post=83019"}],"version-history":[{"count":0,"href":"https:\/\/eldigitaldeasturias.com\/magazine365\/wp-json\/wp\/v2\/posts\/83019\/revisions"}],"wp:featuredmedia":[{"embeddable":true,"href":"https:\/\/eldigitaldeasturias.com\/magazine365\/wp-json\/wp\/v2\/media\/28556"}],"wp:attachment":[{"href":"https:\/\/eldigitaldeasturias.com\/magazine365\/wp-json\/wp\/v2\/media?parent=83019"}],"wp:term":[{"taxonomy":"category","embeddable":true,"href":"https:\/\/eldigitaldeasturias.com\/magazine365\/wp-json\/wp\/v2\/categories?post=83019"},{"taxonomy":"post_tag","embeddable":true,"href":"https:\/\/eldigitaldeasturias.com\/magazine365\/wp-json\/wp\/v2\/tags?post=83019"}],"curies":[{"name":"wp","href":"https:\/\/api.w.org\/{rel}","templated":true}]}}