{"id":83013,"date":"2016-10-05T02:56:52","date_gmt":"2016-10-05T00:56:52","guid":{"rendered":"http:\/\/eldigitaldeasturias.com\/magazine365\/?p=83013"},"modified":"2016-10-05T02:56:52","modified_gmt":"2016-10-05T00:56:52","slug":"xv-feria-artesanal-y-gastronomica-de-agost","status":"publish","type":"post","link":"https:\/\/eldigitaldeasturias.com\/magazine365\/xv-feria-artesanal-y-gastronomica-de-agost\/","title":{"rendered":"XV Feria Artesanal y Gastron\u00f3mica de Agost"},"content":{"rendered":"<p><img fetchpriority=\"high\" decoding=\"async\" class=\"alignleft size-medium wp-image-83014\" src=\"https:\/\/eldigitaldeasturias.com\/magazine365\/wp-content\/uploads\/2016\/10\/1475565016_AGOST-360x240.jpg\" alt=\"1475565016_agost\" width=\"360\" height=\"240\" srcset=\"https:\/\/eldigitaldeasturias.com\/magazine365\/wp-content\/uploads\/2016\/10\/1475565016_AGOST-360x240.jpg 360w, https:\/\/eldigitaldeasturias.com\/magazine365\/wp-content\/uploads\/2016\/10\/1475565016_AGOST-650x433.jpg 650w, https:\/\/eldigitaldeasturias.com\/magazine365\/wp-content\/uploads\/2016\/10\/1475565016_AGOST-768x512.jpg 768w, https:\/\/eldigitaldeasturias.com\/magazine365\/wp-content\/uploads\/2016\/10\/1475565016_AGOST-1536x1024.jpg 1536w, https:\/\/eldigitaldeasturias.com\/magazine365\/wp-content\/uploads\/2016\/10\/1475565016_AGOST-150x100.jpg 150w, https:\/\/eldigitaldeasturias.com\/magazine365\/wp-content\/uploads\/2016\/10\/1475565016_AGOST-450x300.jpg 450w, https:\/\/eldigitaldeasturias.com\/magazine365\/wp-content\/uploads\/2016\/10\/1475565016_AGOST-1200x800.jpg 1200w, https:\/\/eldigitaldeasturias.com\/magazine365\/wp-content\/uploads\/2016\/10\/1475565016_AGOST-101x66.jpg 101w, https:\/\/eldigitaldeasturias.com\/magazine365\/wp-content\/uploads\/2016\/10\/1475565016_AGOST.jpg 1700w\" sizes=\"(max-width: 360px) 100vw, 360px\" \/>Agost, pueblo con encanto situado a 18 km de Alicante, celebra del 7 al 9 de octubre de 2016 su XV Feria Artesanal y Gastron\u00f3mica, una feria para disfrutar en familia, descubrir sus tradiciones de alfarer\u00eda, cultura y rica gastronom\u00eda.<\/p>\n<p>Este a\u00f1o, Agost celebra el 50 aniversario del rodaje &#8216;El regreso de los 7 magn\u00edficos&#8217;, un acontecimiento \u00fanico que convirti\u00f3 el pueblo en el plat\u00f3 de una gran producci\u00f3n americana. La pel\u00edcula &#8216;El regreso de los 7 magn\u00edficos&#8217; fue dirigida por Burt Kennedy, que en esta segunda cinta \u00fanicamente repiti\u00f3 con el actor Yul Brynner. Otros actores del reparto fueron Robert Fuller, Warren Oates, Emilio Fern\u00e1ndez \u201cel indio\u201d y Claude Akins, y ya de nuestro pa\u00eds, cont\u00f3 con los actores de la talla de Fernando Rey, Juli\u00e1n Mateos, Elisa Montes y la bailadora Gracita Sacromonte.<\/p>\n<p>El rodaje tom\u00f3 como escenario las tierras \u00e1ridas del pueblo donde la magia del cine acab\u00f3 transformando la sierra de Agost en un pueblecito mejicano del siglo XIX.<\/p>\n<p>Para celebrar el 50 aniversario del rodaje, se realizan actividades como la Ruta &#8216;Los 7 m\u00e1gnificos&#8217;, presentaci\u00f3n del audiovisual &#8216;Una del Oeste&#8217; y un concierto de &#8216;M\u00fasica de Cine&#8217;.<\/p>\n<p>Los alfareros que siguen produciendo en Agost y el Museo de Alfarer\u00eda conservan sus tradiciones y ponen en valor este oficio, siendo el \u00fanico centro alfarero de toda la Comunidad Valenciana, ofreciendo un paisaje \u00fanico al visitante para descubrir piezas de gran valor artesanal. En esta feria, el Museo de Alfarer\u00eda abrir\u00e1 sus puertas en la sede definitiva, la antigua alfarer\u00eda Torregrosa, tras un largo proceso de reforma que hoy da sus frutos con un Museo que, conservando las antiguas estructuras de la f\u00e1brica, est\u00e1 adaptado para que su visita sea una experiencia \u00fanica, combinando los modernos sistemas de interpretaci\u00f3n con la artesan\u00eda m\u00e1s genuina.<\/p>\n<p>La feria de Agost presenta una programaci\u00f3n llena de actividades, talleres y visitas guiadas para disfrutar junto a los tuyos con yincanas familiares, talleres de torno, teatro, juegos, manualidades, talleres de barro, actividades deportivas. Un completo fin de semana para divertirse en familia.<\/p>\n<p>Adem\u00e1s se podr\u00e1 descubrir la cultura y tradiciones de Agost, conocer sus fiestas m\u00e1s emblem\u00e1ticas como &#8216;Les danses del Rei Moro&#8217; y sus monumentos mas singulares a trav\u00e9s de distintas propuestas culturales que se ofertan durante la feria como la Ruta de la Alfarer\u00eda y la de las Campanas.<\/p>\n<p>La feria contar\u00e1 con diferentes puestos de artesan\u00eda y gastronom\u00eda donde degustar la rica gastronom\u00eda de la localidad.<\/p>\n<p>M\u00e1s informaci\u00f3n y reservas de rutas:<\/p>\n<p>http:\/\/bit.ly\/PROGRAMAFERIA_AGOST2016<\/p>\n<p>COMUNICAE<\/p>\n<p>&nbsp;<\/p>\n","protected":false},"excerpt":{"rendered":"<p>Agost, pueblo con encanto situado a 18 km de Alicante, celebra del 7 al 9 de octubre de 2016 su XV Feria Artesanal y Gastron\u00f3mica, una feria para disfrutar en familia, descubrir sus tradiciones de alfarer\u00eda, cultura y rica gastronom\u00eda. Este a\u00f1o, Agost celebra el 50 aniversario del rodaje &#8216;El regreso de los 7 magn\u00edficos&#8217;,<\/p>\n","protected":false},"author":1,"featured_media":83014,"comment_status":"open","ping_status":"closed","sticky":false,"template":"","format":"standard","meta":{"footnotes":""},"categories":[224],"tags":[],"class_list":{"0":"post-83013","1":"post","2":"type-post","3":"status-publish","4":"format-standard","5":"has-post-thumbnail","7":"category-noticias-actualidad"},"aioseo_notices":[],"aioseo_head":"\n\t\t<!-- All in One SEO Pro 4.9.6.1 - aioseo.com -->\n\t<meta name=\"description\" content=\"Agost, pueblo con encanto situado a 18 km de Alicante, celebra del 7 al 9 de octubre de 2016 su XV Feria Artesanal y Gastron\u00f3mica, una feria para disfrutar en familia, descubrir sus tradiciones de alfarer\u00eda, cultura y rica gastronom\u00eda. Este a\u00f1o, Agost celebra el 50 aniversario del rodaje &#039;El regreso de los 7 magn\u00edficos&#039;,\" \/>\n\t<meta name=\"robots\" content=\"max-image-preview:large\" \/>\n\t<meta name=\"author\" content=\"admin\"\/>\n\t<meta name=\"google-site-verification\" content=\"UA-38556648-1\" \/>\n\t<meta name=\"keywords\" content=\"noticias y actualidad\" \/>\n\t<link rel=\"canonical\" href=\"https:\/\/eldigitaldeasturias.com\/magazine365\/xv-feria-artesanal-y-gastronomica-de-agost\/\" \/>\n\t<meta name=\"generator\" content=\"All in One SEO Pro (AIOSEO) 4.9.6.1\" \/>\n\t\t<meta property=\"og:locale\" content=\"es_ES\" \/>\n\t\t<meta property=\"og:site_name\" content=\"El Digital de Asturias \u2013 Revista de ocio, turismo y estilo de vida\" \/>\n\t\t<meta property=\"og:type\" content=\"article\" \/>\n\t\t<meta property=\"og:title\" content=\"XV Feria Artesanal y Gastron\u00f3mica de Agost | El Digital de Asturias\" \/>\n\t\t<meta property=\"og:description\" content=\"Agost, pueblo con encanto situado a 18 km de Alicante, celebra del 7 al 9 de octubre de 2016 su XV Feria Artesanal y Gastron\u00f3mica, una feria para disfrutar en familia, descubrir sus tradiciones de alfarer\u00eda, cultura y rica gastronom\u00eda. Este a\u00f1o, Agost celebra el 50 aniversario del rodaje &#039;El regreso de los 7 magn\u00edficos&#039;,\" \/>\n\t\t<meta property=\"og:url\" content=\"https:\/\/eldigitaldeasturias.com\/magazine365\/xv-feria-artesanal-y-gastronomica-de-agost\/\" \/>\n\t\t<meta property=\"og:image\" content=\"https:\/\/eldigitaldeasturias.com\/magazine365\/wp-content\/uploads\/2016\/10\/1475565016_AGOST.jpg\" \/>\n\t\t<meta property=\"og:image:secure_url\" content=\"https:\/\/eldigitaldeasturias.com\/magazine365\/wp-content\/uploads\/2016\/10\/1475565016_AGOST.jpg\" \/>\n\t\t<meta property=\"og:image:width\" content=\"1700\" \/>\n\t\t<meta property=\"og:image:height\" content=\"1133\" \/>\n\t\t<meta property=\"article:published_time\" content=\"2016-10-05T00:56:52+00:00\" \/>\n\t\t<meta property=\"article:modified_time\" content=\"2016-10-05T00:56:52+00:00\" \/>\n\t\t<meta name=\"twitter:card\" content=\"summary_large_image\" \/>\n\t\t<meta name=\"twitter:title\" content=\"XV Feria Artesanal y Gastron\u00f3mica de Agost | El Digital de Asturias\" \/>\n\t\t<meta name=\"twitter:description\" content=\"Agost, pueblo con encanto situado a 18 km de Alicante, celebra del 7 al 9 de octubre de 2016 su XV Feria Artesanal y Gastron\u00f3mica, una feria para disfrutar en familia, descubrir sus tradiciones de alfarer\u00eda, cultura y rica gastronom\u00eda. Este a\u00f1o, Agost celebra el 50 aniversario del rodaje &#039;El regreso de los 7 magn\u00edficos&#039;,\" \/>\n\t\t<meta name=\"twitter:image\" content=\"https:\/\/eldigitaldeasturias.com\/magazine365\/wp-content\/uploads\/2016\/10\/1475565016_AGOST.jpg\" \/>\n\t\t<script type=\"application\/ld+json\" class=\"aioseo-schema\">\n\t\t\t{\"@context\":\"https:\\\/\\\/schema.org\",\"@graph\":[{\"@type\":\"Article\",\"@id\":\"https:\\\/\\\/eldigitaldeasturias.com\\\/magazine365\\\/xv-feria-artesanal-y-gastronomica-de-agost\\\/#article\",\"name\":\"XV Feria Artesanal y Gastron\\u00f3mica de Agost | El Digital de Asturias\",\"headline\":\"XV Feria Artesanal y Gastron\\u00f3mica de Agost\",\"author\":{\"@id\":\"https:\\\/\\\/eldigitaldeasturias.com\\\/magazine365\\\/author\\\/admin\\\/#author\"},\"publisher\":{\"@id\":\"https:\\\/\\\/eldigitaldeasturias.com\\\/magazine365\\\/#organization\"},\"image\":{\"@type\":\"ImageObject\",\"url\":\"https:\\\/\\\/eldigitaldeasturias.com\\\/magazine365\\\/wp-content\\\/uploads\\\/2016\\\/10\\\/1475565016_AGOST.jpg\",\"width\":1700,\"height\":1133},\"datePublished\":\"2016-10-05T02:56:52+02:00\",\"dateModified\":\"2016-10-05T02:56:52+02:00\",\"inLanguage\":\"es-ES\",\"mainEntityOfPage\":{\"@id\":\"https:\\\/\\\/eldigitaldeasturias.com\\\/magazine365\\\/xv-feria-artesanal-y-gastronomica-de-agost\\\/#webpage\"},\"isPartOf\":{\"@id\":\"https:\\\/\\\/eldigitaldeasturias.com\\\/magazine365\\\/xv-feria-artesanal-y-gastronomica-de-agost\\\/#webpage\"},\"articleSection\":\"Noticias y Actualidad\"},{\"@type\":\"BreadcrumbList\",\"@id\":\"https:\\\/\\\/eldigitaldeasturias.com\\\/magazine365\\\/xv-feria-artesanal-y-gastronomica-de-agost\\\/#breadcrumblist\",\"itemListElement\":[{\"@type\":\"ListItem\",\"@id\":\"https:\\\/\\\/eldigitaldeasturias.com\\\/magazine365#listItem\",\"position\":1,\"name\":\"Home\",\"item\":\"https:\\\/\\\/eldigitaldeasturias.com\\\/magazine365\",\"nextItem\":{\"@type\":\"ListItem\",\"@id\":\"https:\\\/\\\/eldigitaldeasturias.com\\\/magazine365\\\/category\\\/noticias-actualidad\\\/#listItem\",\"name\":\"Noticias y Actualidad\"}},{\"@type\":\"ListItem\",\"@id\":\"https:\\\/\\\/eldigitaldeasturias.com\\\/magazine365\\\/category\\\/noticias-actualidad\\\/#listItem\",\"position\":2,\"name\":\"Noticias y Actualidad\",\"item\":\"https:\\\/\\\/eldigitaldeasturias.com\\\/magazine365\\\/category\\\/noticias-actualidad\\\/\",\"nextItem\":{\"@type\":\"ListItem\",\"@id\":\"https:\\\/\\\/eldigitaldeasturias.com\\\/magazine365\\\/xv-feria-artesanal-y-gastronomica-de-agost\\\/#listItem\",\"name\":\"XV Feria Artesanal y Gastron\\u00f3mica de Agost\"},\"previousItem\":{\"@type\":\"ListItem\",\"@id\":\"https:\\\/\\\/eldigitaldeasturias.com\\\/magazine365#listItem\",\"name\":\"Home\"}},{\"@type\":\"ListItem\",\"@id\":\"https:\\\/\\\/eldigitaldeasturias.com\\\/magazine365\\\/xv-feria-artesanal-y-gastronomica-de-agost\\\/#listItem\",\"position\":3,\"name\":\"XV Feria Artesanal y Gastron\\u00f3mica de Agost\",\"previousItem\":{\"@type\":\"ListItem\",\"@id\":\"https:\\\/\\\/eldigitaldeasturias.com\\\/magazine365\\\/category\\\/noticias-actualidad\\\/#listItem\",\"name\":\"Noticias y Actualidad\"}}]},{\"@type\":\"Organization\",\"@id\":\"https:\\\/\\\/eldigitaldeasturias.com\\\/magazine365\\\/#organization\",\"name\":\"El digital de Asturias\",\"description\":\"Revista de ocio, turismo y estilo de vida\",\"url\":\"https:\\\/\\\/eldigitaldeasturias.com\\\/magazine365\\\/\",\"logo\":{\"@type\":\"ImageObject\",\"url\":\"https:\\\/\\\/www.eldigitaldeasturias.com\\\/noticias\\\/wp-content\\\/uploads\\\/2020\\\/12\\\/EDA.jpg\",\"@id\":\"https:\\\/\\\/eldigitaldeasturias.com\\\/magazine365\\\/xv-feria-artesanal-y-gastronomica-de-agost\\\/#organizationLogo\"},\"image\":{\"@id\":\"https:\\\/\\\/eldigitaldeasturias.com\\\/magazine365\\\/xv-feria-artesanal-y-gastronomica-de-agost\\\/#organizationLogo\"}},{\"@type\":\"Person\",\"@id\":\"https:\\\/\\\/eldigitaldeasturias.com\\\/magazine365\\\/author\\\/admin\\\/#author\",\"url\":\"https:\\\/\\\/eldigitaldeasturias.com\\\/magazine365\\\/author\\\/admin\\\/\",\"name\":\"admin\",\"image\":{\"@type\":\"ImageObject\",\"@id\":\"https:\\\/\\\/eldigitaldeasturias.com\\\/magazine365\\\/xv-feria-artesanal-y-gastronomica-de-agost\\\/#authorImage\",\"url\":\"https:\\\/\\\/eldigitaldeasturias.com\\\/magazine365\\\/wp-content\\\/litespeed\\\/avatar\\\/e571bcf59a0edd6fa6838245a470f2fe.jpg?ver=1776969259\",\"width\":96,\"height\":96,\"caption\":\"admin\"}},{\"@type\":\"WebPage\",\"@id\":\"https:\\\/\\\/eldigitaldeasturias.com\\\/magazine365\\\/xv-feria-artesanal-y-gastronomica-de-agost\\\/#webpage\",\"url\":\"https:\\\/\\\/eldigitaldeasturias.com\\\/magazine365\\\/xv-feria-artesanal-y-gastronomica-de-agost\\\/\",\"name\":\"XV Feria Artesanal y Gastron\\u00f3mica de Agost | El Digital de Asturias\",\"description\":\"Agost, pueblo con encanto situado a 18 km de Alicante, celebra del 7 al 9 de octubre de 2016 su XV Feria Artesanal y Gastron\\u00f3mica, una feria para disfrutar en familia, descubrir sus tradiciones de alfarer\\u00eda, cultura y rica gastronom\\u00eda. Este a\\u00f1o, Agost celebra el 50 aniversario del rodaje 'El regreso de los 7 magn\\u00edficos',\",\"inLanguage\":\"es-ES\",\"isPartOf\":{\"@id\":\"https:\\\/\\\/eldigitaldeasturias.com\\\/magazine365\\\/#website\"},\"breadcrumb\":{\"@id\":\"https:\\\/\\\/eldigitaldeasturias.com\\\/magazine365\\\/xv-feria-artesanal-y-gastronomica-de-agost\\\/#breadcrumblist\"},\"author\":{\"@id\":\"https:\\\/\\\/eldigitaldeasturias.com\\\/magazine365\\\/author\\\/admin\\\/#author\"},\"creator\":{\"@id\":\"https:\\\/\\\/eldigitaldeasturias.com\\\/magazine365\\\/author\\\/admin\\\/#author\"},\"image\":{\"@type\":\"ImageObject\",\"url\":\"https:\\\/\\\/eldigitaldeasturias.com\\\/magazine365\\\/wp-content\\\/uploads\\\/2016\\\/10\\\/1475565016_AGOST.jpg\",\"@id\":\"https:\\\/\\\/eldigitaldeasturias.com\\\/magazine365\\\/xv-feria-artesanal-y-gastronomica-de-agost\\\/#mainImage\",\"width\":1700,\"height\":1133},\"primaryImageOfPage\":{\"@id\":\"https:\\\/\\\/eldigitaldeasturias.com\\\/magazine365\\\/xv-feria-artesanal-y-gastronomica-de-agost\\\/#mainImage\"},\"datePublished\":\"2016-10-05T02:56:52+02:00\",\"dateModified\":\"2016-10-05T02:56:52+02:00\"},{\"@type\":\"WebSite\",\"@id\":\"https:\\\/\\\/eldigitaldeasturias.com\\\/magazine365\\\/#website\",\"url\":\"https:\\\/\\\/eldigitaldeasturias.com\\\/magazine365\\\/\",\"name\":\"El Digital de Asturias\",\"description\":\"Revista de ocio, turismo y estilo de vida\",\"inLanguage\":\"es-ES\",\"publisher\":{\"@id\":\"https:\\\/\\\/eldigitaldeasturias.com\\\/magazine365\\\/#organization\"}}]}\n\t\t<\/script>\n\t\t<!-- All in One SEO Pro -->\r\n\t\t<title>XV Feria Artesanal y Gastron\u00f3mica de Agost | El Digital de Asturias<\/title>\n\n","aioseo_head_json":{"title":"XV Feria Artesanal y Gastron\u00f3mica de Agost | El Digital de Asturias","description":"Agost, pueblo con encanto situado a 18 km de Alicante, celebra del 7 al 9 de octubre de 2016 su XV Feria Artesanal y Gastron\u00f3mica, una feria para disfrutar en familia, descubrir sus tradiciones de alfarer\u00eda, cultura y rica gastronom\u00eda. Este a\u00f1o, Agost celebra el 50 aniversario del rodaje 'El regreso de los 7 magn\u00edficos',","canonical_url":"https:\/\/eldigitaldeasturias.com\/magazine365\/xv-feria-artesanal-y-gastronomica-de-agost\/","robots":"max-image-preview:large","keywords":"noticias y actualidad","webmasterTools":{"google-site-verification":"UA-38556648-1","miscellaneous":""},"schema":{"@context":"https:\/\/schema.org","@graph":[{"@type":"Article","@id":"https:\/\/eldigitaldeasturias.com\/magazine365\/xv-feria-artesanal-y-gastronomica-de-agost\/#article","name":"XV Feria Artesanal y Gastron\u00f3mica de Agost | El Digital de Asturias","headline":"XV Feria Artesanal y Gastron\u00f3mica de Agost","author":{"@id":"https:\/\/eldigitaldeasturias.com\/magazine365\/author\/admin\/#author"},"publisher":{"@id":"https:\/\/eldigitaldeasturias.com\/magazine365\/#organization"},"image":{"@type":"ImageObject","url":"https:\/\/eldigitaldeasturias.com\/magazine365\/wp-content\/uploads\/2016\/10\/1475565016_AGOST.jpg","width":1700,"height":1133},"datePublished":"2016-10-05T02:56:52+02:00","dateModified":"2016-10-05T02:56:52+02:00","inLanguage":"es-ES","mainEntityOfPage":{"@id":"https:\/\/eldigitaldeasturias.com\/magazine365\/xv-feria-artesanal-y-gastronomica-de-agost\/#webpage"},"isPartOf":{"@id":"https:\/\/eldigitaldeasturias.com\/magazine365\/xv-feria-artesanal-y-gastronomica-de-agost\/#webpage"},"articleSection":"Noticias y Actualidad"},{"@type":"BreadcrumbList","@id":"https:\/\/eldigitaldeasturias.com\/magazine365\/xv-feria-artesanal-y-gastronomica-de-agost\/#breadcrumblist","itemListElement":[{"@type":"ListItem","@id":"https:\/\/eldigitaldeasturias.com\/magazine365#listItem","position":1,"name":"Home","item":"https:\/\/eldigitaldeasturias.com\/magazine365","nextItem":{"@type":"ListItem","@id":"https:\/\/eldigitaldeasturias.com\/magazine365\/category\/noticias-actualidad\/#listItem","name":"Noticias y Actualidad"}},{"@type":"ListItem","@id":"https:\/\/eldigitaldeasturias.com\/magazine365\/category\/noticias-actualidad\/#listItem","position":2,"name":"Noticias y Actualidad","item":"https:\/\/eldigitaldeasturias.com\/magazine365\/category\/noticias-actualidad\/","nextItem":{"@type":"ListItem","@id":"https:\/\/eldigitaldeasturias.com\/magazine365\/xv-feria-artesanal-y-gastronomica-de-agost\/#listItem","name":"XV Feria Artesanal y Gastron\u00f3mica de Agost"},"previousItem":{"@type":"ListItem","@id":"https:\/\/eldigitaldeasturias.com\/magazine365#listItem","name":"Home"}},{"@type":"ListItem","@id":"https:\/\/eldigitaldeasturias.com\/magazine365\/xv-feria-artesanal-y-gastronomica-de-agost\/#listItem","position":3,"name":"XV Feria Artesanal y Gastron\u00f3mica de Agost","previousItem":{"@type":"ListItem","@id":"https:\/\/eldigitaldeasturias.com\/magazine365\/category\/noticias-actualidad\/#listItem","name":"Noticias y Actualidad"}}]},{"@type":"Organization","@id":"https:\/\/eldigitaldeasturias.com\/magazine365\/#organization","name":"El digital de Asturias","description":"Revista de ocio, turismo y estilo de vida","url":"https:\/\/eldigitaldeasturias.com\/magazine365\/","logo":{"@type":"ImageObject","url":"https:\/\/www.eldigitaldeasturias.com\/noticias\/wp-content\/uploads\/2020\/12\/EDA.jpg","@id":"https:\/\/eldigitaldeasturias.com\/magazine365\/xv-feria-artesanal-y-gastronomica-de-agost\/#organizationLogo"},"image":{"@id":"https:\/\/eldigitaldeasturias.com\/magazine365\/xv-feria-artesanal-y-gastronomica-de-agost\/#organizationLogo"}},{"@type":"Person","@id":"https:\/\/eldigitaldeasturias.com\/magazine365\/author\/admin\/#author","url":"https:\/\/eldigitaldeasturias.com\/magazine365\/author\/admin\/","name":"admin","image":{"@type":"ImageObject","@id":"https:\/\/eldigitaldeasturias.com\/magazine365\/xv-feria-artesanal-y-gastronomica-de-agost\/#authorImage","url":"https:\/\/eldigitaldeasturias.com\/magazine365\/wp-content\/litespeed\/avatar\/e571bcf59a0edd6fa6838245a470f2fe.jpg?ver=1776969259","width":96,"height":96,"caption":"admin"}},{"@type":"WebPage","@id":"https:\/\/eldigitaldeasturias.com\/magazine365\/xv-feria-artesanal-y-gastronomica-de-agost\/#webpage","url":"https:\/\/eldigitaldeasturias.com\/magazine365\/xv-feria-artesanal-y-gastronomica-de-agost\/","name":"XV Feria Artesanal y Gastron\u00f3mica de Agost | El Digital de Asturias","description":"Agost, pueblo con encanto situado a 18 km de Alicante, celebra del 7 al 9 de octubre de 2016 su XV Feria Artesanal y Gastron\u00f3mica, una feria para disfrutar en familia, descubrir sus tradiciones de alfarer\u00eda, cultura y rica gastronom\u00eda. Este a\u00f1o, Agost celebra el 50 aniversario del rodaje 'El regreso de los 7 magn\u00edficos',","inLanguage":"es-ES","isPartOf":{"@id":"https:\/\/eldigitaldeasturias.com\/magazine365\/#website"},"breadcrumb":{"@id":"https:\/\/eldigitaldeasturias.com\/magazine365\/xv-feria-artesanal-y-gastronomica-de-agost\/#breadcrumblist"},"author":{"@id":"https:\/\/eldigitaldeasturias.com\/magazine365\/author\/admin\/#author"},"creator":{"@id":"https:\/\/eldigitaldeasturias.com\/magazine365\/author\/admin\/#author"},"image":{"@type":"ImageObject","url":"https:\/\/eldigitaldeasturias.com\/magazine365\/wp-content\/uploads\/2016\/10\/1475565016_AGOST.jpg","@id":"https:\/\/eldigitaldeasturias.com\/magazine365\/xv-feria-artesanal-y-gastronomica-de-agost\/#mainImage","width":1700,"height":1133},"primaryImageOfPage":{"@id":"https:\/\/eldigitaldeasturias.com\/magazine365\/xv-feria-artesanal-y-gastronomica-de-agost\/#mainImage"},"datePublished":"2016-10-05T02:56:52+02:00","dateModified":"2016-10-05T02:56:52+02:00"},{"@type":"WebSite","@id":"https:\/\/eldigitaldeasturias.com\/magazine365\/#website","url":"https:\/\/eldigitaldeasturias.com\/magazine365\/","name":"El Digital de Asturias","description":"Revista de ocio, turismo y estilo de vida","inLanguage":"es-ES","publisher":{"@id":"https:\/\/eldigitaldeasturias.com\/magazine365\/#organization"}}]},"og:locale":"es_ES","og:site_name":"El Digital de Asturias \u2013 Revista de ocio, turismo y estilo de vida","og:type":"article","og:title":"XV Feria Artesanal y Gastron\u00f3mica de Agost | El Digital de Asturias","og:description":"Agost, pueblo con encanto situado a 18 km de Alicante, celebra del 7 al 9 de octubre de 2016 su XV Feria Artesanal y Gastron\u00f3mica, una feria para disfrutar en familia, descubrir sus tradiciones de alfarer\u00eda, cultura y rica gastronom\u00eda. Este a\u00f1o, Agost celebra el 50 aniversario del rodaje 'El regreso de los 7 magn\u00edficos',","og:url":"https:\/\/eldigitaldeasturias.com\/magazine365\/xv-feria-artesanal-y-gastronomica-de-agost\/","og:image":"https:\/\/eldigitaldeasturias.com\/magazine365\/wp-content\/uploads\/2016\/10\/1475565016_AGOST.jpg","og:image:secure_url":"https:\/\/eldigitaldeasturias.com\/magazine365\/wp-content\/uploads\/2016\/10\/1475565016_AGOST.jpg","og:image:width":1700,"og:image:height":1133,"article:published_time":"2016-10-05T00:56:52+00:00","article:modified_time":"2016-10-05T00:56:52+00:00","twitter:card":"summary_large_image","twitter:title":"XV Feria Artesanal y Gastron\u00f3mica de Agost | El Digital de Asturias","twitter:description":"Agost, pueblo con encanto situado a 18 km de Alicante, celebra del 7 al 9 de octubre de 2016 su XV Feria Artesanal y Gastron\u00f3mica, una feria para disfrutar en familia, descubrir sus tradiciones de alfarer\u00eda, cultura y rica gastronom\u00eda. Este a\u00f1o, Agost celebra el 50 aniversario del rodaje 'El regreso de los 7 magn\u00edficos',","twitter:image":"https:\/\/eldigitaldeasturias.com\/magazine365\/wp-content\/uploads\/2016\/10\/1475565016_AGOST.jpg"},"aioseo_meta_data":{"post_id":"83013","title":null,"description":null,"keywords":null,"keyphrases":null,"primary_term":null,"canonical_url":null,"og_title":null,"og_description":null,"og_object_type":"default","og_image_type":"default","og_image_url":null,"og_image_width":null,"og_image_height":null,"og_image_custom_url":null,"og_image_custom_fields":null,"og_video":null,"og_custom_url":null,"og_article_section":null,"og_article_tags":null,"twitter_use_og":false,"twitter_card":"default","twitter_image_type":"default","twitter_image_url":null,"twitter_image_custom_url":null,"twitter_image_custom_fields":null,"twitter_title":null,"twitter_description":null,"schema":{"blockGraphs":[],"customGraphs":[],"default":{"data":{"Article":[],"Course":[],"Dataset":[],"FAQPage":[],"Movie":[],"Person":[],"Product":[],"ProductReview":[],"Car":[],"Recipe":[],"Service":[],"SoftwareApplication":[],"WebPage":[]},"graphName":"","isEnabled":true},"graphs":[],"defaultGraph":"","defaultPostTypeGraph":""},"schema_type":null,"schema_type_options":null,"pillar_content":false,"robots_default":true,"robots_noindex":false,"robots_noarchive":false,"robots_nosnippet":false,"robots_nofollow":false,"robots_noimageindex":false,"robots_noodp":false,"robots_notranslate":false,"robots_max_snippet":null,"robots_max_videopreview":null,"robots_max_imagepreview":"large","priority":null,"frequency":null,"location":null,"local_seo":null,"seo_analyzer_scan_date":"2025-09-28 02:09:41","breadcrumb_settings":null,"limit_modified_date":false,"open_ai":null,"ai":null,"created":"2020-12-21 15:30:14","updated":"2025-09-28 02:09:41"},"aioseo_breadcrumb":"<div class=\"aioseo-breadcrumbs\"><span class=\"aioseo-breadcrumb\">\n\t<a href=\"https:\/\/eldigitaldeasturias.com\/magazine365\" title=\"Home\">Home<\/a>\n<\/span><span class=\"aioseo-breadcrumb-separator\">\u2013<\/span><span class=\"aioseo-breadcrumb\">\n\t<a href=\"https:\/\/eldigitaldeasturias.com\/magazine365\/category\/noticias-actualidad\/\" title=\"Noticias y Actualidad\">Noticias y Actualidad<\/a>\n<\/span><span class=\"aioseo-breadcrumb-separator\">\u2013<\/span><span class=\"aioseo-breadcrumb\">\n\t<a href=\"https:\/\/eldigitaldeasturias.com\/magazine365\/xv-feria-artesanal-y-gastronomica-de-agost\/\" title=\"XV Feria Artesanal y Gastron\u00f3mica de Agost\">XV Feria Artesanal y Gastron\u00f3mica de Agost<\/a>\n<\/span><\/div>","aioseo_breadcrumb_json":[{"label":"Home","link":"https:\/\/eldigitaldeasturias.com\/magazine365"},{"label":"Noticias y Actualidad","link":"https:\/\/eldigitaldeasturias.com\/magazine365\/category\/noticias-actualidad\/"},{"label":"XV Feria Artesanal y Gastron\u00f3mica de Agost","link":"https:\/\/eldigitaldeasturias.com\/magazine365\/xv-feria-artesanal-y-gastronomica-de-agost\/"}],"_links":{"self":[{"href":"https:\/\/eldigitaldeasturias.com\/magazine365\/wp-json\/wp\/v2\/posts\/83013","targetHints":{"allow":["GET"]}}],"collection":[{"href":"https:\/\/eldigitaldeasturias.com\/magazine365\/wp-json\/wp\/v2\/posts"}],"about":[{"href":"https:\/\/eldigitaldeasturias.com\/magazine365\/wp-json\/wp\/v2\/types\/post"}],"author":[{"embeddable":true,"href":"https:\/\/eldigitaldeasturias.com\/magazine365\/wp-json\/wp\/v2\/users\/1"}],"replies":[{"embeddable":true,"href":"https:\/\/eldigitaldeasturias.com\/magazine365\/wp-json\/wp\/v2\/comments?post=83013"}],"version-history":[{"count":0,"href":"https:\/\/eldigitaldeasturias.com\/magazine365\/wp-json\/wp\/v2\/posts\/83013\/revisions"}],"wp:featuredmedia":[{"embeddable":true,"href":"https:\/\/eldigitaldeasturias.com\/magazine365\/wp-json\/wp\/v2\/media\/83014"}],"wp:attachment":[{"href":"https:\/\/eldigitaldeasturias.com\/magazine365\/wp-json\/wp\/v2\/media?parent=83013"}],"wp:term":[{"taxonomy":"category","embeddable":true,"href":"https:\/\/eldigitaldeasturias.com\/magazine365\/wp-json\/wp\/v2\/categories?post=83013"},{"taxonomy":"post_tag","embeddable":true,"href":"https:\/\/eldigitaldeasturias.com\/magazine365\/wp-json\/wp\/v2\/tags?post=83013"}],"curies":[{"name":"wp","href":"https:\/\/api.w.org\/{rel}","templated":true}]}}