{"id":83010,"date":"2016-10-05T02:54:21","date_gmt":"2016-10-05T00:54:21","guid":{"rendered":"http:\/\/eldigitaldeasturias.com\/magazine365\/?p=83010"},"modified":"2016-10-05T02:54:21","modified_gmt":"2016-10-05T00:54:21","slug":"idean-una-agenda-para-conciliar-vida-personal-y-laboral-en-las-empresas","status":"publish","type":"post","link":"https:\/\/eldigitaldeasturias.com\/magazine365\/idean-una-agenda-para-conciliar-vida-personal-y-laboral-en-las-empresas\/","title":{"rendered":"Idean una agenda para conciliar vida personal y laboral en las empresas"},"content":{"rendered":"<p><img fetchpriority=\"high\" decoding=\"async\" class=\"alignleft size-medium wp-image-83011\" src=\"https:\/\/eldigitaldeasturias.com\/magazine365\/wp-content\/uploads\/2016\/10\/1475430909_Mireia_Sero_foto_RAMON_GABRIEL-360x240.jpg\" alt=\"1475430909_mireia_sero_foto_ramon_gabriel\" width=\"360\" height=\"240\" srcset=\"https:\/\/eldigitaldeasturias.com\/magazine365\/wp-content\/uploads\/2016\/10\/1475430909_Mireia_Sero_foto_RAMON_GABRIEL-360x240.jpg 360w, https:\/\/eldigitaldeasturias.com\/magazine365\/wp-content\/uploads\/2016\/10\/1475430909_Mireia_Sero_foto_RAMON_GABRIEL-650x433.jpg 650w, https:\/\/eldigitaldeasturias.com\/magazine365\/wp-content\/uploads\/2016\/10\/1475430909_Mireia_Sero_foto_RAMON_GABRIEL-768x512.jpg 768w, https:\/\/eldigitaldeasturias.com\/magazine365\/wp-content\/uploads\/2016\/10\/1475430909_Mireia_Sero_foto_RAMON_GABRIEL-150x100.jpg 150w, https:\/\/eldigitaldeasturias.com\/magazine365\/wp-content\/uploads\/2016\/10\/1475430909_Mireia_Sero_foto_RAMON_GABRIEL-450x300.jpg 450w, https:\/\/eldigitaldeasturias.com\/magazine365\/wp-content\/uploads\/2016\/10\/1475430909_Mireia_Sero_foto_RAMON_GABRIEL-1200x799.jpg 1200w, https:\/\/eldigitaldeasturias.com\/magazine365\/wp-content\/uploads\/2016\/10\/1475430909_Mireia_Sero_foto_RAMON_GABRIEL-101x66.jpg 101w, https:\/\/eldigitaldeasturias.com\/magazine365\/wp-content\/uploads\/2016\/10\/1475430909_Mireia_Sero_foto_RAMON_GABRIEL.jpg 1417w\" sizes=\"(max-width: 360px) 100vw, 360px\" \/>Trabajadores m\u00e1s felices, empresas m\u00e1s productivas. Es el mantra de la agenda \u2018Aligae\u2019, una herramienta concebida para &#8216;humanizar&#8217; las empresas y fomentar la productividad a partir de la motivaci\u00f3n y la \u00f3ptima organizaci\u00f3n del tiempo laboral y personal de los trabajadores. Aligae ofrece recursos de coaching para aprovechar el talento personal e impulsar a la vez el crecimiento personal y empresarial. Un manual para aplicar a la vida personal el funcionamiento de una empresa y trabajar por objetivos a nivel personal que se traducir\u00e1n tambi\u00e9n en logros a nivel empresarial.<\/p>\n<p>Para obtener el m\u00e1ximo rendimiento de un trabajador lo prioritario es potenciar que las personas est\u00e9n a gusto en sus trabajos. La agenda Aligae, un producto de la marca CoachingAgenda, es una herramienta orientada hacia ese doble fin: facilitar el desarrollo de \u00e1reas tanto personales (emociones, talentos, deseos, objetivos) como laborales (gesti\u00f3n del tiempo, creaci\u00f3n de h\u00e1bitos). El objetivo es facilitar un crecimiento de las empresas basado en el bienestar de sus trabajadores, teniendo en cuenta tanto su faceta laboral como personal.<\/p>\n<p>Aligae es una agenda anual personalizable que introduce elementos del coaching en el d\u00eda a d\u00eda de las empresas mediante la agenda de sus trabajadores. As\u00ed, en la edici\u00f3n 2017, adem\u00e1s de la semana a la vista, se incluyen recursos como: &#8216;El mapa de los deseos&#8217;, para visualizar deseos a largo plazo y ayudar a direccionar objetivos; &#8216;Mi br\u00fajula&#8217; una herramienta para fijar objetivos concretos; \u201cCreaci\u00f3n de h\u00e1bitos\u201d una pauta para apoyar la fijaci\u00f3n de un h\u00e1bito; &#8216;Gesti\u00f3n del tiempo&#8217; una gu\u00eda para evitar las fugas de tiempo: interrupciones, improvisaci\u00f3n, reuniones, navegaci\u00f3n aleatoria en Internet, televisi\u00f3n o gesti\u00f3n del correo electr\u00f3nico; &#8216;Mi plan de acci\u00f3n&#8217; un plan que permite marcar objetivos cada tres meses; &#8216;Yo me cuido&#8217; una reflexi\u00f3n sobre el cuidado personal con aspectos como el deporte, la nutrici\u00f3n o el relax, &#8216;Emociones al minuto&#8217; pr\u00e1cticas f\u00e1ciles para gestionar emociones tanto en el trabajo como en la vida personal, &#8216;Las reglas del juego&#8217; un DAFO sobre debilidades, amenazas, fortalezas y oportunidades, &#8216;El freno de mano&#8217; para reflexionar sobre la propia autoestima, &#8216;Mis talentos&#8217;, un detector de talentos innatos, &#8216;Reactivo vs proactivo&#8217; un manual para fomentar la proactividad, personas orientadas a la b\u00fasqueda de soluciones.<\/p>\n<p>Introducir la inteligencia intrapersonal en la empresa<\/p>\n<p>La creadora de esta herramienta, Mireia Ser\u00f3, especialista en coaching y educaci\u00f3n emocional, explica que \u201cde las dos inteligencias dentro del \u00e1mbito personal detectadas por el psic\u00f3logo Howard Gardner, creador del concepto de \u2018inteligencias m\u00faltiples\u2019, la inteligencia intrapersonal y la inteligencia interpersonal, las empresas en estos momentos s\u00f3lo se preocupan de la interpersonal, es decir, de la relaci\u00f3n entre trabajadores\u00bb. Ser\u00f3 subraya: \u00abdebemos tener en cuenta que esa relaci\u00f3n no funcionar\u00e1 si no est\u00e1 bien trabajada la inteligencia intrapersonal; estar bien con uno mismo, para luego estar bien con los dem\u00e1s\u201d. Ese es el prop\u00f3sito de la agenda Aligae: potenciar la inteligencia intrapersonal, empezar a mirar adentro y dejar de valorarse a uno mismo a partir de lo externo.<\/p>\n<p>Una herramienta de \u00e9xito para la reorientaci\u00f3n laboral<\/p>\n<p>Aligae se ha consolidado ya como un caso de \u00e9xito en el \u00e1mbito de las empresas de reorientaci\u00f3n laboral, ya que la agenda agrupa todos los recursos que requieren estas empresas en una misma herramienta, tanto por sus recursos de coaching, organizaci\u00f3n y motivaci\u00f3n, como por las hojas personalizadas que se pueden a\u00f1adir en la agenda. La agenda da instrucciones para aprender a marcar prioridades, crear h\u00e1bitos nuevos, marcar nuevos objetivos o aprender a construir un nuevo futuro laboral a partir de los deseos personales, un manual excelente para reinventarse.<\/p>\n<p>&#8216;Escribir en papel nos ayuda a fijar nuestros pensamientos&#8217;<\/p>\n<p>Ser\u00f3 defiende tambi\u00e9n la necesidad de la agenda de papel. \u201cLa volatilidad del mundo online es peligrosa. La agenda es en papel porque cuando escribimos fijamos nuestros pensamientos, eso nos permite releerlos y reflexionar en el futuro sobre ellos\u201d. Ser\u00f3 a\u00f1ade: \u201cAligae tambi\u00e9n es una herramienta que nos permite descansar ya que una vez escrita la tarea en la agenda liberamos espacio de nuestra mente. A\u00fan no estamos alfabetizados en el \u00e1mbito digital, y eso nos agota, en cambio s\u00ed sabemos gestionar el papel, lo que nos facilita el descanso\u201d.<\/p>\n<p>Coachingagenda, una marca emergente<\/p>\n<p>Aligae es la versi\u00f3n empresarial de CoachingAgenda, marca creadora de las agendas escolares m\u00e1s vendidas en Amazon y tambi\u00e9n personalizables para centros educativos: Rinbow (de 6 a 11 a\u00f1os), Bamboo (de 12 a 17 a\u00f1os) y Husky (de 18 a 25 a\u00f1os, disponible en breve). Aligae completa la gama de CoachingAgenda para personas mayores de 25 a\u00f1os, es ideal para empresas pero tambi\u00e9n es muy utilizada como material de base para organizaciones que se dedican a reorientar el futuro laboral.<\/p>\n<p>COMUNICAE<\/p>\n","protected":false},"excerpt":{"rendered":"<p>Trabajadores m\u00e1s felices, empresas m\u00e1s productivas. Es el mantra de la agenda \u2018Aligae\u2019, una herramienta concebida para &#8216;humanizar&#8217; las empresas y fomentar la productividad a partir de la motivaci\u00f3n y la \u00f3ptima organizaci\u00f3n del tiempo laboral y personal de los trabajadores. Aligae ofrece recursos de coaching para aprovechar el talento personal e impulsar a la<\/p>\n","protected":false},"author":1,"featured_media":83011,"comment_status":"open","ping_status":"closed","sticky":false,"template":"","format":"standard","meta":{"footnotes":""},"categories":[224],"tags":[],"class_list":{"0":"post-83010","1":"post","2":"type-post","3":"status-publish","4":"format-standard","5":"has-post-thumbnail","7":"category-noticias-actualidad"},"aioseo_notices":[],"aioseo_head":"\n\t\t<!-- All in One SEO Pro 4.9.6.1 - aioseo.com -->\n\t<meta name=\"description\" content=\"Trabajadores m\u00e1s felices, empresas m\u00e1s productivas. Es el mantra de la agenda \u2018Aligae\u2019, una herramienta concebida para &#039;humanizar&#039; las empresas y fomentar la productividad a partir de la motivaci\u00f3n y la \u00f3ptima organizaci\u00f3n del tiempo laboral y personal de los trabajadores. Aligae ofrece recursos de coaching para aprovechar el talento personal e impulsar a la\" \/>\n\t<meta name=\"robots\" content=\"max-image-preview:large\" \/>\n\t<meta name=\"author\" content=\"admin\"\/>\n\t<meta name=\"google-site-verification\" content=\"UA-38556648-1\" \/>\n\t<meta name=\"keywords\" content=\"noticias y actualidad\" \/>\n\t<link rel=\"canonical\" href=\"https:\/\/eldigitaldeasturias.com\/magazine365\/idean-una-agenda-para-conciliar-vida-personal-y-laboral-en-las-empresas\/\" \/>\n\t<meta name=\"generator\" content=\"All in One SEO Pro (AIOSEO) 4.9.6.1\" \/>\n\t\t<meta property=\"og:locale\" content=\"es_ES\" \/>\n\t\t<meta property=\"og:site_name\" content=\"El Digital de Asturias \u2013 Revista de ocio, turismo y estilo de vida\" \/>\n\t\t<meta property=\"og:type\" content=\"article\" \/>\n\t\t<meta property=\"og:title\" content=\"Idean una agenda para conciliar vida personal y laboral en las empresas | El Digital de Asturias\" \/>\n\t\t<meta property=\"og:description\" content=\"Trabajadores m\u00e1s felices, empresas m\u00e1s productivas. Es el mantra de la agenda \u2018Aligae\u2019, una herramienta concebida para &#039;humanizar&#039; las empresas y fomentar la productividad a partir de la motivaci\u00f3n y la \u00f3ptima organizaci\u00f3n del tiempo laboral y personal de los trabajadores. Aligae ofrece recursos de coaching para aprovechar el talento personal e impulsar a la\" \/>\n\t\t<meta property=\"og:url\" content=\"https:\/\/eldigitaldeasturias.com\/magazine365\/idean-una-agenda-para-conciliar-vida-personal-y-laboral-en-las-empresas\/\" \/>\n\t\t<meta property=\"og:image\" content=\"https:\/\/eldigitaldeasturias.com\/magazine365\/wp-content\/uploads\/2016\/10\/1475430909_Mireia_Sero_foto_RAMON_GABRIEL.jpg\" \/>\n\t\t<meta property=\"og:image:secure_url\" content=\"https:\/\/eldigitaldeasturias.com\/magazine365\/wp-content\/uploads\/2016\/10\/1475430909_Mireia_Sero_foto_RAMON_GABRIEL.jpg\" \/>\n\t\t<meta property=\"og:image:width\" content=\"1417\" \/>\n\t\t<meta property=\"og:image:height\" content=\"944\" \/>\n\t\t<meta property=\"article:published_time\" content=\"2016-10-05T00:54:21+00:00\" \/>\n\t\t<meta property=\"article:modified_time\" content=\"2016-10-05T00:54:21+00:00\" \/>\n\t\t<meta name=\"twitter:card\" content=\"summary_large_image\" \/>\n\t\t<meta name=\"twitter:title\" content=\"Idean una agenda para conciliar vida personal y laboral en las empresas | El Digital de Asturias\" \/>\n\t\t<meta name=\"twitter:description\" content=\"Trabajadores m\u00e1s felices, empresas m\u00e1s productivas. Es el mantra de la agenda \u2018Aligae\u2019, una herramienta concebida para &#039;humanizar&#039; las empresas y fomentar la productividad a partir de la motivaci\u00f3n y la \u00f3ptima organizaci\u00f3n del tiempo laboral y personal de los trabajadores. Aligae ofrece recursos de coaching para aprovechar el talento personal e impulsar a la\" \/>\n\t\t<meta name=\"twitter:image\" content=\"https:\/\/eldigitaldeasturias.com\/magazine365\/wp-content\/uploads\/2016\/10\/1475430909_Mireia_Sero_foto_RAMON_GABRIEL.jpg\" \/>\n\t\t<script type=\"application\/ld+json\" class=\"aioseo-schema\">\n\t\t\t{\"@context\":\"https:\\\/\\\/schema.org\",\"@graph\":[{\"@type\":\"Article\",\"@id\":\"https:\\\/\\\/eldigitaldeasturias.com\\\/magazine365\\\/idean-una-agenda-para-conciliar-vida-personal-y-laboral-en-las-empresas\\\/#article\",\"name\":\"Idean una agenda para conciliar vida personal y laboral en las empresas | El Digital de Asturias\",\"headline\":\"Idean una agenda para conciliar vida personal y laboral en las empresas\",\"author\":{\"@id\":\"https:\\\/\\\/eldigitaldeasturias.com\\\/magazine365\\\/author\\\/admin\\\/#author\"},\"publisher\":{\"@id\":\"https:\\\/\\\/eldigitaldeasturias.com\\\/magazine365\\\/#organization\"},\"image\":{\"@type\":\"ImageObject\",\"url\":\"https:\\\/\\\/eldigitaldeasturias.com\\\/magazine365\\\/wp-content\\\/uploads\\\/2016\\\/10\\\/1475430909_Mireia_Sero_foto_RAMON_GABRIEL.jpg\",\"width\":1417,\"height\":944},\"datePublished\":\"2016-10-05T02:54:21+02:00\",\"dateModified\":\"2016-10-05T02:54:21+02:00\",\"inLanguage\":\"es-ES\",\"mainEntityOfPage\":{\"@id\":\"https:\\\/\\\/eldigitaldeasturias.com\\\/magazine365\\\/idean-una-agenda-para-conciliar-vida-personal-y-laboral-en-las-empresas\\\/#webpage\"},\"isPartOf\":{\"@id\":\"https:\\\/\\\/eldigitaldeasturias.com\\\/magazine365\\\/idean-una-agenda-para-conciliar-vida-personal-y-laboral-en-las-empresas\\\/#webpage\"},\"articleSection\":\"Noticias y Actualidad\"},{\"@type\":\"BreadcrumbList\",\"@id\":\"https:\\\/\\\/eldigitaldeasturias.com\\\/magazine365\\\/idean-una-agenda-para-conciliar-vida-personal-y-laboral-en-las-empresas\\\/#breadcrumblist\",\"itemListElement\":[{\"@type\":\"ListItem\",\"@id\":\"https:\\\/\\\/eldigitaldeasturias.com\\\/magazine365#listItem\",\"position\":1,\"name\":\"Home\",\"item\":\"https:\\\/\\\/eldigitaldeasturias.com\\\/magazine365\",\"nextItem\":{\"@type\":\"ListItem\",\"@id\":\"https:\\\/\\\/eldigitaldeasturias.com\\\/magazine365\\\/category\\\/noticias-actualidad\\\/#listItem\",\"name\":\"Noticias y Actualidad\"}},{\"@type\":\"ListItem\",\"@id\":\"https:\\\/\\\/eldigitaldeasturias.com\\\/magazine365\\\/category\\\/noticias-actualidad\\\/#listItem\",\"position\":2,\"name\":\"Noticias y Actualidad\",\"item\":\"https:\\\/\\\/eldigitaldeasturias.com\\\/magazine365\\\/category\\\/noticias-actualidad\\\/\",\"nextItem\":{\"@type\":\"ListItem\",\"@id\":\"https:\\\/\\\/eldigitaldeasturias.com\\\/magazine365\\\/idean-una-agenda-para-conciliar-vida-personal-y-laboral-en-las-empresas\\\/#listItem\",\"name\":\"Idean una agenda para conciliar vida personal y laboral en las empresas\"},\"previousItem\":{\"@type\":\"ListItem\",\"@id\":\"https:\\\/\\\/eldigitaldeasturias.com\\\/magazine365#listItem\",\"name\":\"Home\"}},{\"@type\":\"ListItem\",\"@id\":\"https:\\\/\\\/eldigitaldeasturias.com\\\/magazine365\\\/idean-una-agenda-para-conciliar-vida-personal-y-laboral-en-las-empresas\\\/#listItem\",\"position\":3,\"name\":\"Idean una agenda para conciliar vida personal y laboral en las empresas\",\"previousItem\":{\"@type\":\"ListItem\",\"@id\":\"https:\\\/\\\/eldigitaldeasturias.com\\\/magazine365\\\/category\\\/noticias-actualidad\\\/#listItem\",\"name\":\"Noticias y Actualidad\"}}]},{\"@type\":\"Organization\",\"@id\":\"https:\\\/\\\/eldigitaldeasturias.com\\\/magazine365\\\/#organization\",\"name\":\"El digital de Asturias\",\"description\":\"Revista de ocio, turismo y estilo de vida\",\"url\":\"https:\\\/\\\/eldigitaldeasturias.com\\\/magazine365\\\/\",\"logo\":{\"@type\":\"ImageObject\",\"url\":\"https:\\\/\\\/www.eldigitaldeasturias.com\\\/noticias\\\/wp-content\\\/uploads\\\/2020\\\/12\\\/EDA.jpg\",\"@id\":\"https:\\\/\\\/eldigitaldeasturias.com\\\/magazine365\\\/idean-una-agenda-para-conciliar-vida-personal-y-laboral-en-las-empresas\\\/#organizationLogo\"},\"image\":{\"@id\":\"https:\\\/\\\/eldigitaldeasturias.com\\\/magazine365\\\/idean-una-agenda-para-conciliar-vida-personal-y-laboral-en-las-empresas\\\/#organizationLogo\"}},{\"@type\":\"Person\",\"@id\":\"https:\\\/\\\/eldigitaldeasturias.com\\\/magazine365\\\/author\\\/admin\\\/#author\",\"url\":\"https:\\\/\\\/eldigitaldeasturias.com\\\/magazine365\\\/author\\\/admin\\\/\",\"name\":\"admin\",\"image\":{\"@type\":\"ImageObject\",\"@id\":\"https:\\\/\\\/eldigitaldeasturias.com\\\/magazine365\\\/idean-una-agenda-para-conciliar-vida-personal-y-laboral-en-las-empresas\\\/#authorImage\",\"url\":\"https:\\\/\\\/eldigitaldeasturias.com\\\/magazine365\\\/wp-content\\\/litespeed\\\/avatar\\\/e571bcf59a0edd6fa6838245a470f2fe.jpg?ver=1776969259\",\"width\":96,\"height\":96,\"caption\":\"admin\"}},{\"@type\":\"WebPage\",\"@id\":\"https:\\\/\\\/eldigitaldeasturias.com\\\/magazine365\\\/idean-una-agenda-para-conciliar-vida-personal-y-laboral-en-las-empresas\\\/#webpage\",\"url\":\"https:\\\/\\\/eldigitaldeasturias.com\\\/magazine365\\\/idean-una-agenda-para-conciliar-vida-personal-y-laboral-en-las-empresas\\\/\",\"name\":\"Idean una agenda para conciliar vida personal y laboral en las empresas | El Digital de Asturias\",\"description\":\"Trabajadores m\\u00e1s felices, empresas m\\u00e1s productivas. Es el mantra de la agenda \\u2018Aligae\\u2019, una herramienta concebida para 'humanizar' las empresas y fomentar la productividad a partir de la motivaci\\u00f3n y la \\u00f3ptima organizaci\\u00f3n del tiempo laboral y personal de los trabajadores. Aligae ofrece recursos de coaching para aprovechar el talento personal e impulsar a la\",\"inLanguage\":\"es-ES\",\"isPartOf\":{\"@id\":\"https:\\\/\\\/eldigitaldeasturias.com\\\/magazine365\\\/#website\"},\"breadcrumb\":{\"@id\":\"https:\\\/\\\/eldigitaldeasturias.com\\\/magazine365\\\/idean-una-agenda-para-conciliar-vida-personal-y-laboral-en-las-empresas\\\/#breadcrumblist\"},\"author\":{\"@id\":\"https:\\\/\\\/eldigitaldeasturias.com\\\/magazine365\\\/author\\\/admin\\\/#author\"},\"creator\":{\"@id\":\"https:\\\/\\\/eldigitaldeasturias.com\\\/magazine365\\\/author\\\/admin\\\/#author\"},\"image\":{\"@type\":\"ImageObject\",\"url\":\"https:\\\/\\\/eldigitaldeasturias.com\\\/magazine365\\\/wp-content\\\/uploads\\\/2016\\\/10\\\/1475430909_Mireia_Sero_foto_RAMON_GABRIEL.jpg\",\"@id\":\"https:\\\/\\\/eldigitaldeasturias.com\\\/magazine365\\\/idean-una-agenda-para-conciliar-vida-personal-y-laboral-en-las-empresas\\\/#mainImage\",\"width\":1417,\"height\":944},\"primaryImageOfPage\":{\"@id\":\"https:\\\/\\\/eldigitaldeasturias.com\\\/magazine365\\\/idean-una-agenda-para-conciliar-vida-personal-y-laboral-en-las-empresas\\\/#mainImage\"},\"datePublished\":\"2016-10-05T02:54:21+02:00\",\"dateModified\":\"2016-10-05T02:54:21+02:00\"},{\"@type\":\"WebSite\",\"@id\":\"https:\\\/\\\/eldigitaldeasturias.com\\\/magazine365\\\/#website\",\"url\":\"https:\\\/\\\/eldigitaldeasturias.com\\\/magazine365\\\/\",\"name\":\"El Digital de Asturias\",\"description\":\"Revista de ocio, turismo y estilo de vida\",\"inLanguage\":\"es-ES\",\"publisher\":{\"@id\":\"https:\\\/\\\/eldigitaldeasturias.com\\\/magazine365\\\/#organization\"}}]}\n\t\t<\/script>\n\t\t<!-- All in One SEO Pro -->\r\n\t\t<title>Idean una agenda para conciliar vida personal y laboral en las empresas | El Digital de Asturias<\/title>\n\n","aioseo_head_json":{"title":"Idean una agenda para conciliar vida personal y laboral en las empresas | El Digital de Asturias","description":"Trabajadores m\u00e1s felices, empresas m\u00e1s productivas. Es el mantra de la agenda \u2018Aligae\u2019, una herramienta concebida para 'humanizar' las empresas y fomentar la productividad a partir de la motivaci\u00f3n y la \u00f3ptima organizaci\u00f3n del tiempo laboral y personal de los trabajadores. Aligae ofrece recursos de coaching para aprovechar el talento personal e impulsar a la","canonical_url":"https:\/\/eldigitaldeasturias.com\/magazine365\/idean-una-agenda-para-conciliar-vida-personal-y-laboral-en-las-empresas\/","robots":"max-image-preview:large","keywords":"noticias y actualidad","webmasterTools":{"google-site-verification":"UA-38556648-1","miscellaneous":""},"schema":{"@context":"https:\/\/schema.org","@graph":[{"@type":"Article","@id":"https:\/\/eldigitaldeasturias.com\/magazine365\/idean-una-agenda-para-conciliar-vida-personal-y-laboral-en-las-empresas\/#article","name":"Idean una agenda para conciliar vida personal y laboral en las empresas | El Digital de Asturias","headline":"Idean una agenda para conciliar vida personal y laboral en las empresas","author":{"@id":"https:\/\/eldigitaldeasturias.com\/magazine365\/author\/admin\/#author"},"publisher":{"@id":"https:\/\/eldigitaldeasturias.com\/magazine365\/#organization"},"image":{"@type":"ImageObject","url":"https:\/\/eldigitaldeasturias.com\/magazine365\/wp-content\/uploads\/2016\/10\/1475430909_Mireia_Sero_foto_RAMON_GABRIEL.jpg","width":1417,"height":944},"datePublished":"2016-10-05T02:54:21+02:00","dateModified":"2016-10-05T02:54:21+02:00","inLanguage":"es-ES","mainEntityOfPage":{"@id":"https:\/\/eldigitaldeasturias.com\/magazine365\/idean-una-agenda-para-conciliar-vida-personal-y-laboral-en-las-empresas\/#webpage"},"isPartOf":{"@id":"https:\/\/eldigitaldeasturias.com\/magazine365\/idean-una-agenda-para-conciliar-vida-personal-y-laboral-en-las-empresas\/#webpage"},"articleSection":"Noticias y Actualidad"},{"@type":"BreadcrumbList","@id":"https:\/\/eldigitaldeasturias.com\/magazine365\/idean-una-agenda-para-conciliar-vida-personal-y-laboral-en-las-empresas\/#breadcrumblist","itemListElement":[{"@type":"ListItem","@id":"https:\/\/eldigitaldeasturias.com\/magazine365#listItem","position":1,"name":"Home","item":"https:\/\/eldigitaldeasturias.com\/magazine365","nextItem":{"@type":"ListItem","@id":"https:\/\/eldigitaldeasturias.com\/magazine365\/category\/noticias-actualidad\/#listItem","name":"Noticias y Actualidad"}},{"@type":"ListItem","@id":"https:\/\/eldigitaldeasturias.com\/magazine365\/category\/noticias-actualidad\/#listItem","position":2,"name":"Noticias y Actualidad","item":"https:\/\/eldigitaldeasturias.com\/magazine365\/category\/noticias-actualidad\/","nextItem":{"@type":"ListItem","@id":"https:\/\/eldigitaldeasturias.com\/magazine365\/idean-una-agenda-para-conciliar-vida-personal-y-laboral-en-las-empresas\/#listItem","name":"Idean una agenda para conciliar vida personal y laboral en las empresas"},"previousItem":{"@type":"ListItem","@id":"https:\/\/eldigitaldeasturias.com\/magazine365#listItem","name":"Home"}},{"@type":"ListItem","@id":"https:\/\/eldigitaldeasturias.com\/magazine365\/idean-una-agenda-para-conciliar-vida-personal-y-laboral-en-las-empresas\/#listItem","position":3,"name":"Idean una agenda para conciliar vida personal y laboral en las empresas","previousItem":{"@type":"ListItem","@id":"https:\/\/eldigitaldeasturias.com\/magazine365\/category\/noticias-actualidad\/#listItem","name":"Noticias y Actualidad"}}]},{"@type":"Organization","@id":"https:\/\/eldigitaldeasturias.com\/magazine365\/#organization","name":"El digital de Asturias","description":"Revista de ocio, turismo y estilo de vida","url":"https:\/\/eldigitaldeasturias.com\/magazine365\/","logo":{"@type":"ImageObject","url":"https:\/\/www.eldigitaldeasturias.com\/noticias\/wp-content\/uploads\/2020\/12\/EDA.jpg","@id":"https:\/\/eldigitaldeasturias.com\/magazine365\/idean-una-agenda-para-conciliar-vida-personal-y-laboral-en-las-empresas\/#organizationLogo"},"image":{"@id":"https:\/\/eldigitaldeasturias.com\/magazine365\/idean-una-agenda-para-conciliar-vida-personal-y-laboral-en-las-empresas\/#organizationLogo"}},{"@type":"Person","@id":"https:\/\/eldigitaldeasturias.com\/magazine365\/author\/admin\/#author","url":"https:\/\/eldigitaldeasturias.com\/magazine365\/author\/admin\/","name":"admin","image":{"@type":"ImageObject","@id":"https:\/\/eldigitaldeasturias.com\/magazine365\/idean-una-agenda-para-conciliar-vida-personal-y-laboral-en-las-empresas\/#authorImage","url":"https:\/\/eldigitaldeasturias.com\/magazine365\/wp-content\/litespeed\/avatar\/e571bcf59a0edd6fa6838245a470f2fe.jpg?ver=1776969259","width":96,"height":96,"caption":"admin"}},{"@type":"WebPage","@id":"https:\/\/eldigitaldeasturias.com\/magazine365\/idean-una-agenda-para-conciliar-vida-personal-y-laboral-en-las-empresas\/#webpage","url":"https:\/\/eldigitaldeasturias.com\/magazine365\/idean-una-agenda-para-conciliar-vida-personal-y-laboral-en-las-empresas\/","name":"Idean una agenda para conciliar vida personal y laboral en las empresas | El Digital de Asturias","description":"Trabajadores m\u00e1s felices, empresas m\u00e1s productivas. Es el mantra de la agenda \u2018Aligae\u2019, una herramienta concebida para 'humanizar' las empresas y fomentar la productividad a partir de la motivaci\u00f3n y la \u00f3ptima organizaci\u00f3n del tiempo laboral y personal de los trabajadores. Aligae ofrece recursos de coaching para aprovechar el talento personal e impulsar a la","inLanguage":"es-ES","isPartOf":{"@id":"https:\/\/eldigitaldeasturias.com\/magazine365\/#website"},"breadcrumb":{"@id":"https:\/\/eldigitaldeasturias.com\/magazine365\/idean-una-agenda-para-conciliar-vida-personal-y-laboral-en-las-empresas\/#breadcrumblist"},"author":{"@id":"https:\/\/eldigitaldeasturias.com\/magazine365\/author\/admin\/#author"},"creator":{"@id":"https:\/\/eldigitaldeasturias.com\/magazine365\/author\/admin\/#author"},"image":{"@type":"ImageObject","url":"https:\/\/eldigitaldeasturias.com\/magazine365\/wp-content\/uploads\/2016\/10\/1475430909_Mireia_Sero_foto_RAMON_GABRIEL.jpg","@id":"https:\/\/eldigitaldeasturias.com\/magazine365\/idean-una-agenda-para-conciliar-vida-personal-y-laboral-en-las-empresas\/#mainImage","width":1417,"height":944},"primaryImageOfPage":{"@id":"https:\/\/eldigitaldeasturias.com\/magazine365\/idean-una-agenda-para-conciliar-vida-personal-y-laboral-en-las-empresas\/#mainImage"},"datePublished":"2016-10-05T02:54:21+02:00","dateModified":"2016-10-05T02:54:21+02:00"},{"@type":"WebSite","@id":"https:\/\/eldigitaldeasturias.com\/magazine365\/#website","url":"https:\/\/eldigitaldeasturias.com\/magazine365\/","name":"El Digital de Asturias","description":"Revista de ocio, turismo y estilo de vida","inLanguage":"es-ES","publisher":{"@id":"https:\/\/eldigitaldeasturias.com\/magazine365\/#organization"}}]},"og:locale":"es_ES","og:site_name":"El Digital de Asturias \u2013 Revista de ocio, turismo y estilo de vida","og:type":"article","og:title":"Idean una agenda para conciliar vida personal y laboral en las empresas | El Digital de Asturias","og:description":"Trabajadores m\u00e1s felices, empresas m\u00e1s productivas. Es el mantra de la agenda \u2018Aligae\u2019, una herramienta concebida para 'humanizar' las empresas y fomentar la productividad a partir de la motivaci\u00f3n y la \u00f3ptima organizaci\u00f3n del tiempo laboral y personal de los trabajadores. Aligae ofrece recursos de coaching para aprovechar el talento personal e impulsar a la","og:url":"https:\/\/eldigitaldeasturias.com\/magazine365\/idean-una-agenda-para-conciliar-vida-personal-y-laboral-en-las-empresas\/","og:image":"https:\/\/eldigitaldeasturias.com\/magazine365\/wp-content\/uploads\/2016\/10\/1475430909_Mireia_Sero_foto_RAMON_GABRIEL.jpg","og:image:secure_url":"https:\/\/eldigitaldeasturias.com\/magazine365\/wp-content\/uploads\/2016\/10\/1475430909_Mireia_Sero_foto_RAMON_GABRIEL.jpg","og:image:width":1417,"og:image:height":944,"article:published_time":"2016-10-05T00:54:21+00:00","article:modified_time":"2016-10-05T00:54:21+00:00","twitter:card":"summary_large_image","twitter:title":"Idean una agenda para conciliar vida personal y laboral en las empresas | El Digital de Asturias","twitter:description":"Trabajadores m\u00e1s felices, empresas m\u00e1s productivas. Es el mantra de la agenda \u2018Aligae\u2019, una herramienta concebida para 'humanizar' las empresas y fomentar la productividad a partir de la motivaci\u00f3n y la \u00f3ptima organizaci\u00f3n del tiempo laboral y personal de los trabajadores. Aligae ofrece recursos de coaching para aprovechar el talento personal e impulsar a la","twitter:image":"https:\/\/eldigitaldeasturias.com\/magazine365\/wp-content\/uploads\/2016\/10\/1475430909_Mireia_Sero_foto_RAMON_GABRIEL.jpg"},"aioseo_meta_data":{"post_id":"83010","title":null,"description":null,"keywords":null,"keyphrases":null,"primary_term":null,"canonical_url":null,"og_title":null,"og_description":null,"og_object_type":"default","og_image_type":"default","og_image_url":null,"og_image_width":null,"og_image_height":null,"og_image_custom_url":null,"og_image_custom_fields":null,"og_video":null,"og_custom_url":null,"og_article_section":null,"og_article_tags":null,"twitter_use_og":false,"twitter_card":"default","twitter_image_type":"default","twitter_image_url":null,"twitter_image_custom_url":null,"twitter_image_custom_fields":null,"twitter_title":null,"twitter_description":null,"schema":{"blockGraphs":[],"customGraphs":[],"default":{"data":{"Article":[],"Course":[],"Dataset":[],"FAQPage":[],"Movie":[],"Person":[],"Product":[],"ProductReview":[],"Car":[],"Recipe":[],"Service":[],"SoftwareApplication":[],"WebPage":[]},"graphName":"","isEnabled":true},"graphs":[]},"schema_type":null,"schema_type_options":null,"pillar_content":false,"robots_default":true,"robots_noindex":false,"robots_noarchive":false,"robots_nosnippet":false,"robots_nofollow":false,"robots_noimageindex":false,"robots_noodp":false,"robots_notranslate":false,"robots_max_snippet":null,"robots_max_videopreview":null,"robots_max_imagepreview":"large","priority":null,"frequency":null,"location":null,"local_seo":null,"seo_analyzer_scan_date":"2025-09-28 02:09:39","breadcrumb_settings":null,"limit_modified_date":false,"open_ai":null,"ai":null,"created":"2020-12-21 15:30:20","updated":"2025-09-28 02:09:39"},"aioseo_breadcrumb":"<div class=\"aioseo-breadcrumbs\"><span class=\"aioseo-breadcrumb\">\n\t<a href=\"https:\/\/eldigitaldeasturias.com\/magazine365\" title=\"Home\">Home<\/a>\n<\/span><span class=\"aioseo-breadcrumb-separator\">\u2013<\/span><span class=\"aioseo-breadcrumb\">\n\t<a href=\"https:\/\/eldigitaldeasturias.com\/magazine365\/category\/noticias-actualidad\/\" title=\"Noticias y Actualidad\">Noticias y Actualidad<\/a>\n<\/span><span class=\"aioseo-breadcrumb-separator\">\u2013<\/span><span class=\"aioseo-breadcrumb\">\n\t<a href=\"https:\/\/eldigitaldeasturias.com\/magazine365\/idean-una-agenda-para-conciliar-vida-personal-y-laboral-en-las-empresas\/\" title=\"Idean una agenda para conciliar vida personal y laboral en las empresas\">Idean una agenda para conciliar vida personal y laboral en las empresas<\/a>\n<\/span><\/div>","aioseo_breadcrumb_json":[{"label":"Home","link":"https:\/\/eldigitaldeasturias.com\/magazine365"},{"label":"Noticias y Actualidad","link":"https:\/\/eldigitaldeasturias.com\/magazine365\/category\/noticias-actualidad\/"},{"label":"Idean una agenda para conciliar vida personal y laboral en las empresas","link":"https:\/\/eldigitaldeasturias.com\/magazine365\/idean-una-agenda-para-conciliar-vida-personal-y-laboral-en-las-empresas\/"}],"_links":{"self":[{"href":"https:\/\/eldigitaldeasturias.com\/magazine365\/wp-json\/wp\/v2\/posts\/83010","targetHints":{"allow":["GET"]}}],"collection":[{"href":"https:\/\/eldigitaldeasturias.com\/magazine365\/wp-json\/wp\/v2\/posts"}],"about":[{"href":"https:\/\/eldigitaldeasturias.com\/magazine365\/wp-json\/wp\/v2\/types\/post"}],"author":[{"embeddable":true,"href":"https:\/\/eldigitaldeasturias.com\/magazine365\/wp-json\/wp\/v2\/users\/1"}],"replies":[{"embeddable":true,"href":"https:\/\/eldigitaldeasturias.com\/magazine365\/wp-json\/wp\/v2\/comments?post=83010"}],"version-history":[{"count":0,"href":"https:\/\/eldigitaldeasturias.com\/magazine365\/wp-json\/wp\/v2\/posts\/83010\/revisions"}],"wp:featuredmedia":[{"embeddable":true,"href":"https:\/\/eldigitaldeasturias.com\/magazine365\/wp-json\/wp\/v2\/media\/83011"}],"wp:attachment":[{"href":"https:\/\/eldigitaldeasturias.com\/magazine365\/wp-json\/wp\/v2\/media?parent=83010"}],"wp:term":[{"taxonomy":"category","embeddable":true,"href":"https:\/\/eldigitaldeasturias.com\/magazine365\/wp-json\/wp\/v2\/categories?post=83010"},{"taxonomy":"post_tag","embeddable":true,"href":"https:\/\/eldigitaldeasturias.com\/magazine365\/wp-json\/wp\/v2\/tags?post=83010"}],"curies":[{"name":"wp","href":"https:\/\/api.w.org\/{rel}","templated":true}]}}