{"id":83001,"date":"2016-10-05T02:42:10","date_gmt":"2016-10-05T00:42:10","guid":{"rendered":"http:\/\/eldigitaldeasturias.com\/magazine365\/?p=83001"},"modified":"2016-10-05T02:42:10","modified_gmt":"2016-10-05T00:42:10","slug":"saint-gobain-es-parte-de-bim-expo","status":"publish","type":"post","link":"https:\/\/eldigitaldeasturias.com\/magazine365\/saint-gobain-es-parte-de-bim-expo\/","title":{"rendered":"Saint-Gobain es parte de BIM Expo"},"content":{"rendered":"<p><img fetchpriority=\"high\" decoding=\"async\" class=\"alignleft size-medium wp-image-83002\" src=\"https:\/\/eldigitaldeasturias.com\/magazine365\/wp-content\/uploads\/2016\/10\/1475572149_imagen_BIM_Saint_Gobain_BR-281x300.jpg\" alt=\"1475572149_imagen_bim_saint_gobain_br\" width=\"281\" height=\"300\" srcset=\"https:\/\/eldigitaldeasturias.com\/magazine365\/wp-content\/uploads\/2016\/10\/1475572149_imagen_BIM_Saint_Gobain_BR-281x300.jpg 281w, https:\/\/eldigitaldeasturias.com\/magazine365\/wp-content\/uploads\/2016\/10\/1475572149_imagen_BIM_Saint_Gobain_BR-150x160.jpg 150w, https:\/\/eldigitaldeasturias.com\/magazine365\/wp-content\/uploads\/2016\/10\/1475572149_imagen_BIM_Saint_Gobain_BR.jpg 354w\" sizes=\"(max-width: 281px) 100vw, 281px\" \/>En el marco de ePower&amp;Building y junto con otras ferias del sector con m\u00e1s historia, VETECO o CONSTRUTEC entre otras, nace BIM Expo. Ponencias, concursos o workshops ser\u00e1n algunas de las actividades que los asistentes encontrar\u00e1n en este foro en el que se descubrir\u00e1n las novedades de este proceso de generaci\u00f3n y gesti\u00f3n de datos de edificios durante todo su ciclo de vida.<\/p>\n<p>Saint-Gobain, como patrocinador oro de la BIM Expo, mostrar\u00e1 todas sus novedades en relaci\u00f3n con los m\u00e1s de 500 objetos BIM que ha desarrollado, capaces de dar respuesta al trabajo diario de los profesionales gracias al amplio abanico de soluciones. Fachada opaca y huecos, cubiertas y techos, suelos y divisorios, son algunas de las familias en las que Saint-Gobain ha trabajado con soluciones en vidrio, lanas minerales, morteros y placa de yeso laminado. Los objetos BIM de Saint-Gobain ofrecen un alto nivel de detalle y precisi\u00f3n, tanto en t\u00e9rminos de representaci\u00f3n gr\u00e1fica como en lo que se refiere a la informaci\u00f3n sobre las propiedades de sus componentes, lo que le permite explotar todo el potencial del dise\u00f1o BIM.<\/p>\n<p>Los asistentes a la feria podr\u00e1n asistir a los workshops organizados por Saint-Gobain o a la ponencia que se desarrollar\u00e1 en el f\u00f3rum BIM. En el stand ubicado en la zona de expositores los profesionales conocer\u00e1n m\u00e1s a fondo y de una forma diferente, como se ha desarrollado la biblioteca de objetos BIM de Saint-Gobain con soluciones integradas de todas las empresas del Grupo Saint-Gobain ISOVER, Placo, Weber, La Veneciana Glassolutions y Saint-Gobain Glass.<\/p>\n<p>ISOVER ofrece el mayor cat\u00e1logo de Soluciones Completas en BIM con las soluciones constructivas m\u00e1s habituales para Edificaci\u00f3n y Climatizaci\u00f3n, que van, entre otros, desde fachadas ventiladas, sistemas SATE, sistema de placas de yeso laminado, cubiertas, suelos hasta conductos de climatizaci\u00f3n, y con soluciones en Lana de Vidrio y Roca y Lana Mineral Arena Isover.<\/p>\n<p>La biblioteca permite la generaci\u00f3n y gesti\u00f3n de datos del edificio durante todo su ciclo de vida, utilizando un software din\u00e1mico de modelado de edificios en tres dimensiones y en tiempo real, y posibilita reducir el tiempo y los recursos invertidos en el dise\u00f1o y la construcci\u00f3n, teniendo en cuenta desde la geometr\u00eda del edificio, las relaciones espaciales y la informaci\u00f3n geogr\u00e1fica, hasta las cantidades necesarias.<\/p>\n<p>Se puede descargar gratuitamente, sin necesidad de registro, en: www.isover.es\/documentacion\/detalles-constructivos-objetos-bim<\/p>\n<p>Adem\u00e1s de los propios objetos BIM, prestan un servicio de atenci\u00f3n personalizada para atender de forma r\u00e1pida y completa cualquier consulta relacionada con el Cat\u00e1logo de Objetos BIM en el \u00e1rea de contacto de la web de Isover http:\/\/www.isover.net\/contactar\/. Y tambi\u00e9n ofrecen documentaci\u00f3n t\u00e9cnica de soporte, tutoriales y formaci\u00f3n t\u00e9cnica de forma continuada a disposici\u00f3n de los proyectistas interesados.<\/p>\n<p>COMUNICAE<\/p>\n","protected":false},"excerpt":{"rendered":"<p>En el marco de ePower&amp;Building y junto con otras ferias del sector con m\u00e1s historia, VETECO o CONSTRUTEC entre otras, nace BIM Expo. Ponencias, concursos o workshops ser\u00e1n algunas de las actividades que los asistentes encontrar\u00e1n en este foro en el que se descubrir\u00e1n las novedades de este proceso de generaci\u00f3n y gesti\u00f3n de datos<\/p>\n","protected":false},"author":1,"featured_media":83002,"comment_status":"open","ping_status":"closed","sticky":false,"template":"","format":"standard","meta":{"footnotes":""},"categories":[224],"tags":[],"class_list":{"0":"post-83001","1":"post","2":"type-post","3":"status-publish","4":"format-standard","5":"has-post-thumbnail","7":"category-noticias-actualidad"},"aioseo_notices":[],"aioseo_head":"\n\t\t<!-- All in One SEO Pro 4.9.6.1 - aioseo.com -->\n\t<meta name=\"description\" content=\"En el marco de ePower&amp;Building y junto con otras ferias del sector con m\u00e1s historia, VETECO o CONSTRUTEC entre otras, nace BIM Expo. Ponencias, concursos o workshops ser\u00e1n algunas de las actividades que los asistentes encontrar\u00e1n en este foro en el que se descubrir\u00e1n las novedades de este proceso de generaci\u00f3n y gesti\u00f3n de datos\" \/>\n\t<meta name=\"robots\" content=\"max-image-preview:large\" \/>\n\t<meta name=\"author\" content=\"admin\"\/>\n\t<meta name=\"google-site-verification\" content=\"UA-38556648-1\" \/>\n\t<meta name=\"keywords\" content=\"noticias y actualidad\" \/>\n\t<link rel=\"canonical\" href=\"https:\/\/eldigitaldeasturias.com\/magazine365\/saint-gobain-es-parte-de-bim-expo\/\" \/>\n\t<meta name=\"generator\" content=\"All in One SEO Pro (AIOSEO) 4.9.6.1\" \/>\n\t\t<meta property=\"og:locale\" content=\"es_ES\" \/>\n\t\t<meta property=\"og:site_name\" content=\"El Digital de Asturias \u2013 Revista de ocio, turismo y estilo de vida\" \/>\n\t\t<meta property=\"og:type\" content=\"article\" \/>\n\t\t<meta property=\"og:title\" content=\"Saint-Gobain es parte de BIM Expo | El Digital de Asturias\" \/>\n\t\t<meta property=\"og:description\" content=\"En el marco de ePower&amp;Building y junto con otras ferias del sector con m\u00e1s historia, VETECO o CONSTRUTEC entre otras, nace BIM Expo. Ponencias, concursos o workshops ser\u00e1n algunas de las actividades que los asistentes encontrar\u00e1n en este foro en el que se descubrir\u00e1n las novedades de este proceso de generaci\u00f3n y gesti\u00f3n de datos\" \/>\n\t\t<meta property=\"og:url\" content=\"https:\/\/eldigitaldeasturias.com\/magazine365\/saint-gobain-es-parte-de-bim-expo\/\" \/>\n\t\t<meta property=\"og:image\" content=\"https:\/\/eldigitaldeasturias.com\/magazine365\/wp-content\/uploads\/2016\/10\/1475572149_imagen_BIM_Saint_Gobain_BR.jpg\" \/>\n\t\t<meta property=\"og:image:secure_url\" content=\"https:\/\/eldigitaldeasturias.com\/magazine365\/wp-content\/uploads\/2016\/10\/1475572149_imagen_BIM_Saint_Gobain_BR.jpg\" \/>\n\t\t<meta property=\"og:image:width\" content=\"354\" \/>\n\t\t<meta property=\"og:image:height\" content=\"378\" \/>\n\t\t<meta property=\"article:published_time\" content=\"2016-10-05T00:42:10+00:00\" \/>\n\t\t<meta property=\"article:modified_time\" content=\"2016-10-05T00:42:10+00:00\" \/>\n\t\t<meta name=\"twitter:card\" content=\"summary_large_image\" \/>\n\t\t<meta name=\"twitter:title\" content=\"Saint-Gobain es parte de BIM Expo | El Digital de Asturias\" \/>\n\t\t<meta name=\"twitter:description\" content=\"En el marco de ePower&amp;Building y junto con otras ferias del sector con m\u00e1s historia, VETECO o CONSTRUTEC entre otras, nace BIM Expo. Ponencias, concursos o workshops ser\u00e1n algunas de las actividades que los asistentes encontrar\u00e1n en este foro en el que se descubrir\u00e1n las novedades de este proceso de generaci\u00f3n y gesti\u00f3n de datos\" \/>\n\t\t<meta name=\"twitter:image\" content=\"https:\/\/eldigitaldeasturias.com\/magazine365\/wp-content\/uploads\/2016\/10\/1475572149_imagen_BIM_Saint_Gobain_BR.jpg\" \/>\n\t\t<script type=\"application\/ld+json\" class=\"aioseo-schema\">\n\t\t\t{\"@context\":\"https:\\\/\\\/schema.org\",\"@graph\":[{\"@type\":\"Article\",\"@id\":\"https:\\\/\\\/eldigitaldeasturias.com\\\/magazine365\\\/saint-gobain-es-parte-de-bim-expo\\\/#article\",\"name\":\"Saint-Gobain es parte de BIM Expo | El Digital de Asturias\",\"headline\":\"Saint-Gobain es parte de BIM Expo\",\"author\":{\"@id\":\"https:\\\/\\\/eldigitaldeasturias.com\\\/magazine365\\\/author\\\/admin\\\/#author\"},\"publisher\":{\"@id\":\"https:\\\/\\\/eldigitaldeasturias.com\\\/magazine365\\\/#organization\"},\"image\":{\"@type\":\"ImageObject\",\"url\":\"https:\\\/\\\/eldigitaldeasturias.com\\\/magazine365\\\/wp-content\\\/uploads\\\/2016\\\/10\\\/1475572149_imagen_BIM_Saint_Gobain_BR.jpg\",\"width\":354,\"height\":378},\"datePublished\":\"2016-10-05T02:42:10+02:00\",\"dateModified\":\"2016-10-05T02:42:10+02:00\",\"inLanguage\":\"es-ES\",\"mainEntityOfPage\":{\"@id\":\"https:\\\/\\\/eldigitaldeasturias.com\\\/magazine365\\\/saint-gobain-es-parte-de-bim-expo\\\/#webpage\"},\"isPartOf\":{\"@id\":\"https:\\\/\\\/eldigitaldeasturias.com\\\/magazine365\\\/saint-gobain-es-parte-de-bim-expo\\\/#webpage\"},\"articleSection\":\"Noticias y Actualidad\"},{\"@type\":\"BreadcrumbList\",\"@id\":\"https:\\\/\\\/eldigitaldeasturias.com\\\/magazine365\\\/saint-gobain-es-parte-de-bim-expo\\\/#breadcrumblist\",\"itemListElement\":[{\"@type\":\"ListItem\",\"@id\":\"https:\\\/\\\/eldigitaldeasturias.com\\\/magazine365#listItem\",\"position\":1,\"name\":\"Home\",\"item\":\"https:\\\/\\\/eldigitaldeasturias.com\\\/magazine365\",\"nextItem\":{\"@type\":\"ListItem\",\"@id\":\"https:\\\/\\\/eldigitaldeasturias.com\\\/magazine365\\\/category\\\/noticias-actualidad\\\/#listItem\",\"name\":\"Noticias y Actualidad\"}},{\"@type\":\"ListItem\",\"@id\":\"https:\\\/\\\/eldigitaldeasturias.com\\\/magazine365\\\/category\\\/noticias-actualidad\\\/#listItem\",\"position\":2,\"name\":\"Noticias y Actualidad\",\"item\":\"https:\\\/\\\/eldigitaldeasturias.com\\\/magazine365\\\/category\\\/noticias-actualidad\\\/\",\"nextItem\":{\"@type\":\"ListItem\",\"@id\":\"https:\\\/\\\/eldigitaldeasturias.com\\\/magazine365\\\/saint-gobain-es-parte-de-bim-expo\\\/#listItem\",\"name\":\"Saint-Gobain es parte de BIM Expo\"},\"previousItem\":{\"@type\":\"ListItem\",\"@id\":\"https:\\\/\\\/eldigitaldeasturias.com\\\/magazine365#listItem\",\"name\":\"Home\"}},{\"@type\":\"ListItem\",\"@id\":\"https:\\\/\\\/eldigitaldeasturias.com\\\/magazine365\\\/saint-gobain-es-parte-de-bim-expo\\\/#listItem\",\"position\":3,\"name\":\"Saint-Gobain es parte de BIM Expo\",\"previousItem\":{\"@type\":\"ListItem\",\"@id\":\"https:\\\/\\\/eldigitaldeasturias.com\\\/magazine365\\\/category\\\/noticias-actualidad\\\/#listItem\",\"name\":\"Noticias y Actualidad\"}}]},{\"@type\":\"Organization\",\"@id\":\"https:\\\/\\\/eldigitaldeasturias.com\\\/magazine365\\\/#organization\",\"name\":\"El digital de Asturias\",\"description\":\"Revista de ocio, turismo y estilo de vida\",\"url\":\"https:\\\/\\\/eldigitaldeasturias.com\\\/magazine365\\\/\",\"logo\":{\"@type\":\"ImageObject\",\"url\":\"https:\\\/\\\/www.eldigitaldeasturias.com\\\/noticias\\\/wp-content\\\/uploads\\\/2020\\\/12\\\/EDA.jpg\",\"@id\":\"https:\\\/\\\/eldigitaldeasturias.com\\\/magazine365\\\/saint-gobain-es-parte-de-bim-expo\\\/#organizationLogo\"},\"image\":{\"@id\":\"https:\\\/\\\/eldigitaldeasturias.com\\\/magazine365\\\/saint-gobain-es-parte-de-bim-expo\\\/#organizationLogo\"}},{\"@type\":\"Person\",\"@id\":\"https:\\\/\\\/eldigitaldeasturias.com\\\/magazine365\\\/author\\\/admin\\\/#author\",\"url\":\"https:\\\/\\\/eldigitaldeasturias.com\\\/magazine365\\\/author\\\/admin\\\/\",\"name\":\"admin\",\"image\":{\"@type\":\"ImageObject\",\"@id\":\"https:\\\/\\\/eldigitaldeasturias.com\\\/magazine365\\\/saint-gobain-es-parte-de-bim-expo\\\/#authorImage\",\"url\":\"https:\\\/\\\/eldigitaldeasturias.com\\\/magazine365\\\/wp-content\\\/litespeed\\\/avatar\\\/e571bcf59a0edd6fa6838245a470f2fe.jpg?ver=1776969259\",\"width\":96,\"height\":96,\"caption\":\"admin\"}},{\"@type\":\"WebPage\",\"@id\":\"https:\\\/\\\/eldigitaldeasturias.com\\\/magazine365\\\/saint-gobain-es-parte-de-bim-expo\\\/#webpage\",\"url\":\"https:\\\/\\\/eldigitaldeasturias.com\\\/magazine365\\\/saint-gobain-es-parte-de-bim-expo\\\/\",\"name\":\"Saint-Gobain es parte de BIM Expo | El Digital de Asturias\",\"description\":\"En el marco de ePower&Building y junto con otras ferias del sector con m\\u00e1s historia, VETECO o CONSTRUTEC entre otras, nace BIM Expo. Ponencias, concursos o workshops ser\\u00e1n algunas de las actividades que los asistentes encontrar\\u00e1n en este foro en el que se descubrir\\u00e1n las novedades de este proceso de generaci\\u00f3n y gesti\\u00f3n de datos\",\"inLanguage\":\"es-ES\",\"isPartOf\":{\"@id\":\"https:\\\/\\\/eldigitaldeasturias.com\\\/magazine365\\\/#website\"},\"breadcrumb\":{\"@id\":\"https:\\\/\\\/eldigitaldeasturias.com\\\/magazine365\\\/saint-gobain-es-parte-de-bim-expo\\\/#breadcrumblist\"},\"author\":{\"@id\":\"https:\\\/\\\/eldigitaldeasturias.com\\\/magazine365\\\/author\\\/admin\\\/#author\"},\"creator\":{\"@id\":\"https:\\\/\\\/eldigitaldeasturias.com\\\/magazine365\\\/author\\\/admin\\\/#author\"},\"image\":{\"@type\":\"ImageObject\",\"url\":\"https:\\\/\\\/eldigitaldeasturias.com\\\/magazine365\\\/wp-content\\\/uploads\\\/2016\\\/10\\\/1475572149_imagen_BIM_Saint_Gobain_BR.jpg\",\"@id\":\"https:\\\/\\\/eldigitaldeasturias.com\\\/magazine365\\\/saint-gobain-es-parte-de-bim-expo\\\/#mainImage\",\"width\":354,\"height\":378},\"primaryImageOfPage\":{\"@id\":\"https:\\\/\\\/eldigitaldeasturias.com\\\/magazine365\\\/saint-gobain-es-parte-de-bim-expo\\\/#mainImage\"},\"datePublished\":\"2016-10-05T02:42:10+02:00\",\"dateModified\":\"2016-10-05T02:42:10+02:00\"},{\"@type\":\"WebSite\",\"@id\":\"https:\\\/\\\/eldigitaldeasturias.com\\\/magazine365\\\/#website\",\"url\":\"https:\\\/\\\/eldigitaldeasturias.com\\\/magazine365\\\/\",\"name\":\"El Digital de Asturias\",\"description\":\"Revista de ocio, turismo y estilo de vida\",\"inLanguage\":\"es-ES\",\"publisher\":{\"@id\":\"https:\\\/\\\/eldigitaldeasturias.com\\\/magazine365\\\/#organization\"}}]}\n\t\t<\/script>\n\t\t<!-- All in One SEO Pro -->\r\n\t\t<title>Saint-Gobain es parte de BIM Expo | El Digital de Asturias<\/title>\n\n","aioseo_head_json":{"title":"Saint-Gobain es parte de BIM Expo | El Digital de Asturias","description":"En el marco de ePower&Building y junto con otras ferias del sector con m\u00e1s historia, VETECO o CONSTRUTEC entre otras, nace BIM Expo. Ponencias, concursos o workshops ser\u00e1n algunas de las actividades que los asistentes encontrar\u00e1n en este foro en el que se descubrir\u00e1n las novedades de este proceso de generaci\u00f3n y gesti\u00f3n de datos","canonical_url":"https:\/\/eldigitaldeasturias.com\/magazine365\/saint-gobain-es-parte-de-bim-expo\/","robots":"max-image-preview:large","keywords":"noticias y actualidad","webmasterTools":{"google-site-verification":"UA-38556648-1","miscellaneous":""},"schema":{"@context":"https:\/\/schema.org","@graph":[{"@type":"Article","@id":"https:\/\/eldigitaldeasturias.com\/magazine365\/saint-gobain-es-parte-de-bim-expo\/#article","name":"Saint-Gobain es parte de BIM Expo | El Digital de Asturias","headline":"Saint-Gobain es parte de BIM Expo","author":{"@id":"https:\/\/eldigitaldeasturias.com\/magazine365\/author\/admin\/#author"},"publisher":{"@id":"https:\/\/eldigitaldeasturias.com\/magazine365\/#organization"},"image":{"@type":"ImageObject","url":"https:\/\/eldigitaldeasturias.com\/magazine365\/wp-content\/uploads\/2016\/10\/1475572149_imagen_BIM_Saint_Gobain_BR.jpg","width":354,"height":378},"datePublished":"2016-10-05T02:42:10+02:00","dateModified":"2016-10-05T02:42:10+02:00","inLanguage":"es-ES","mainEntityOfPage":{"@id":"https:\/\/eldigitaldeasturias.com\/magazine365\/saint-gobain-es-parte-de-bim-expo\/#webpage"},"isPartOf":{"@id":"https:\/\/eldigitaldeasturias.com\/magazine365\/saint-gobain-es-parte-de-bim-expo\/#webpage"},"articleSection":"Noticias y Actualidad"},{"@type":"BreadcrumbList","@id":"https:\/\/eldigitaldeasturias.com\/magazine365\/saint-gobain-es-parte-de-bim-expo\/#breadcrumblist","itemListElement":[{"@type":"ListItem","@id":"https:\/\/eldigitaldeasturias.com\/magazine365#listItem","position":1,"name":"Home","item":"https:\/\/eldigitaldeasturias.com\/magazine365","nextItem":{"@type":"ListItem","@id":"https:\/\/eldigitaldeasturias.com\/magazine365\/category\/noticias-actualidad\/#listItem","name":"Noticias y Actualidad"}},{"@type":"ListItem","@id":"https:\/\/eldigitaldeasturias.com\/magazine365\/category\/noticias-actualidad\/#listItem","position":2,"name":"Noticias y Actualidad","item":"https:\/\/eldigitaldeasturias.com\/magazine365\/category\/noticias-actualidad\/","nextItem":{"@type":"ListItem","@id":"https:\/\/eldigitaldeasturias.com\/magazine365\/saint-gobain-es-parte-de-bim-expo\/#listItem","name":"Saint-Gobain es parte de BIM Expo"},"previousItem":{"@type":"ListItem","@id":"https:\/\/eldigitaldeasturias.com\/magazine365#listItem","name":"Home"}},{"@type":"ListItem","@id":"https:\/\/eldigitaldeasturias.com\/magazine365\/saint-gobain-es-parte-de-bim-expo\/#listItem","position":3,"name":"Saint-Gobain es parte de BIM Expo","previousItem":{"@type":"ListItem","@id":"https:\/\/eldigitaldeasturias.com\/magazine365\/category\/noticias-actualidad\/#listItem","name":"Noticias y Actualidad"}}]},{"@type":"Organization","@id":"https:\/\/eldigitaldeasturias.com\/magazine365\/#organization","name":"El digital de Asturias","description":"Revista de ocio, turismo y estilo de vida","url":"https:\/\/eldigitaldeasturias.com\/magazine365\/","logo":{"@type":"ImageObject","url":"https:\/\/www.eldigitaldeasturias.com\/noticias\/wp-content\/uploads\/2020\/12\/EDA.jpg","@id":"https:\/\/eldigitaldeasturias.com\/magazine365\/saint-gobain-es-parte-de-bim-expo\/#organizationLogo"},"image":{"@id":"https:\/\/eldigitaldeasturias.com\/magazine365\/saint-gobain-es-parte-de-bim-expo\/#organizationLogo"}},{"@type":"Person","@id":"https:\/\/eldigitaldeasturias.com\/magazine365\/author\/admin\/#author","url":"https:\/\/eldigitaldeasturias.com\/magazine365\/author\/admin\/","name":"admin","image":{"@type":"ImageObject","@id":"https:\/\/eldigitaldeasturias.com\/magazine365\/saint-gobain-es-parte-de-bim-expo\/#authorImage","url":"https:\/\/eldigitaldeasturias.com\/magazine365\/wp-content\/litespeed\/avatar\/e571bcf59a0edd6fa6838245a470f2fe.jpg?ver=1776969259","width":96,"height":96,"caption":"admin"}},{"@type":"WebPage","@id":"https:\/\/eldigitaldeasturias.com\/magazine365\/saint-gobain-es-parte-de-bim-expo\/#webpage","url":"https:\/\/eldigitaldeasturias.com\/magazine365\/saint-gobain-es-parte-de-bim-expo\/","name":"Saint-Gobain es parte de BIM Expo | El Digital de Asturias","description":"En el marco de ePower&Building y junto con otras ferias del sector con m\u00e1s historia, VETECO o CONSTRUTEC entre otras, nace BIM Expo. Ponencias, concursos o workshops ser\u00e1n algunas de las actividades que los asistentes encontrar\u00e1n en este foro en el que se descubrir\u00e1n las novedades de este proceso de generaci\u00f3n y gesti\u00f3n de datos","inLanguage":"es-ES","isPartOf":{"@id":"https:\/\/eldigitaldeasturias.com\/magazine365\/#website"},"breadcrumb":{"@id":"https:\/\/eldigitaldeasturias.com\/magazine365\/saint-gobain-es-parte-de-bim-expo\/#breadcrumblist"},"author":{"@id":"https:\/\/eldigitaldeasturias.com\/magazine365\/author\/admin\/#author"},"creator":{"@id":"https:\/\/eldigitaldeasturias.com\/magazine365\/author\/admin\/#author"},"image":{"@type":"ImageObject","url":"https:\/\/eldigitaldeasturias.com\/magazine365\/wp-content\/uploads\/2016\/10\/1475572149_imagen_BIM_Saint_Gobain_BR.jpg","@id":"https:\/\/eldigitaldeasturias.com\/magazine365\/saint-gobain-es-parte-de-bim-expo\/#mainImage","width":354,"height":378},"primaryImageOfPage":{"@id":"https:\/\/eldigitaldeasturias.com\/magazine365\/saint-gobain-es-parte-de-bim-expo\/#mainImage"},"datePublished":"2016-10-05T02:42:10+02:00","dateModified":"2016-10-05T02:42:10+02:00"},{"@type":"WebSite","@id":"https:\/\/eldigitaldeasturias.com\/magazine365\/#website","url":"https:\/\/eldigitaldeasturias.com\/magazine365\/","name":"El Digital de Asturias","description":"Revista de ocio, turismo y estilo de vida","inLanguage":"es-ES","publisher":{"@id":"https:\/\/eldigitaldeasturias.com\/magazine365\/#organization"}}]},"og:locale":"es_ES","og:site_name":"El Digital de Asturias \u2013 Revista de ocio, turismo y estilo de vida","og:type":"article","og:title":"Saint-Gobain es parte de BIM Expo | El Digital de Asturias","og:description":"En el marco de ePower&amp;Building y junto con otras ferias del sector con m\u00e1s historia, VETECO o CONSTRUTEC entre otras, nace BIM Expo. Ponencias, concursos o workshops ser\u00e1n algunas de las actividades que los asistentes encontrar\u00e1n en este foro en el que se descubrir\u00e1n las novedades de este proceso de generaci\u00f3n y gesti\u00f3n de datos","og:url":"https:\/\/eldigitaldeasturias.com\/magazine365\/saint-gobain-es-parte-de-bim-expo\/","og:image":"https:\/\/eldigitaldeasturias.com\/magazine365\/wp-content\/uploads\/2016\/10\/1475572149_imagen_BIM_Saint_Gobain_BR.jpg","og:image:secure_url":"https:\/\/eldigitaldeasturias.com\/magazine365\/wp-content\/uploads\/2016\/10\/1475572149_imagen_BIM_Saint_Gobain_BR.jpg","og:image:width":354,"og:image:height":378,"article:published_time":"2016-10-05T00:42:10+00:00","article:modified_time":"2016-10-05T00:42:10+00:00","twitter:card":"summary_large_image","twitter:title":"Saint-Gobain es parte de BIM Expo | El Digital de Asturias","twitter:description":"En el marco de ePower&amp;Building y junto con otras ferias del sector con m\u00e1s historia, VETECO o CONSTRUTEC entre otras, nace BIM Expo. Ponencias, concursos o workshops ser\u00e1n algunas de las actividades que los asistentes encontrar\u00e1n en este foro en el que se descubrir\u00e1n las novedades de este proceso de generaci\u00f3n y gesti\u00f3n de datos","twitter:image":"https:\/\/eldigitaldeasturias.com\/magazine365\/wp-content\/uploads\/2016\/10\/1475572149_imagen_BIM_Saint_Gobain_BR.jpg"},"aioseo_meta_data":{"post_id":"83001","title":null,"description":null,"keywords":null,"keyphrases":null,"primary_term":null,"canonical_url":null,"og_title":null,"og_description":null,"og_object_type":"default","og_image_type":"default","og_image_url":null,"og_image_width":null,"og_image_height":null,"og_image_custom_url":null,"og_image_custom_fields":null,"og_video":null,"og_custom_url":null,"og_article_section":null,"og_article_tags":null,"twitter_use_og":false,"twitter_card":"default","twitter_image_type":"default","twitter_image_url":null,"twitter_image_custom_url":null,"twitter_image_custom_fields":null,"twitter_title":null,"twitter_description":null,"schema":{"blockGraphs":[],"customGraphs":[],"default":{"data":{"Article":[],"Course":[],"Dataset":[],"FAQPage":[],"Movie":[],"Person":[],"Product":[],"ProductReview":[],"Car":[],"Recipe":[],"Service":[],"SoftwareApplication":[],"WebPage":[]},"graphName":"","isEnabled":true},"graphs":[],"defaultGraph":"","defaultPostTypeGraph":""},"schema_type":null,"schema_type_options":null,"pillar_content":false,"robots_default":true,"robots_noindex":false,"robots_noarchive":false,"robots_nosnippet":false,"robots_nofollow":false,"robots_noimageindex":false,"robots_noodp":false,"robots_notranslate":false,"robots_max_snippet":null,"robots_max_videopreview":null,"robots_max_imagepreview":"large","priority":null,"frequency":null,"location":null,"local_seo":null,"seo_analyzer_scan_date":"2025-09-28 02:09:35","breadcrumb_settings":null,"limit_modified_date":false,"open_ai":null,"ai":null,"created":"2020-12-21 15:30:20","updated":"2025-09-28 02:09:35"},"aioseo_breadcrumb":"<div class=\"aioseo-breadcrumbs\"><span class=\"aioseo-breadcrumb\">\n\t<a href=\"https:\/\/eldigitaldeasturias.com\/magazine365\" title=\"Home\">Home<\/a>\n<\/span><span class=\"aioseo-breadcrumb-separator\">\u2013<\/span><span class=\"aioseo-breadcrumb\">\n\t<a href=\"https:\/\/eldigitaldeasturias.com\/magazine365\/category\/noticias-actualidad\/\" title=\"Noticias y Actualidad\">Noticias y Actualidad<\/a>\n<\/span><span class=\"aioseo-breadcrumb-separator\">\u2013<\/span><span class=\"aioseo-breadcrumb\">\n\t<a href=\"https:\/\/eldigitaldeasturias.com\/magazine365\/saint-gobain-es-parte-de-bim-expo\/\" title=\"Saint-Gobain es parte de BIM Expo\">Saint-Gobain es parte de BIM Expo<\/a>\n<\/span><\/div>","aioseo_breadcrumb_json":[{"label":"Home","link":"https:\/\/eldigitaldeasturias.com\/magazine365"},{"label":"Noticias y Actualidad","link":"https:\/\/eldigitaldeasturias.com\/magazine365\/category\/noticias-actualidad\/"},{"label":"Saint-Gobain es parte de BIM Expo","link":"https:\/\/eldigitaldeasturias.com\/magazine365\/saint-gobain-es-parte-de-bim-expo\/"}],"_links":{"self":[{"href":"https:\/\/eldigitaldeasturias.com\/magazine365\/wp-json\/wp\/v2\/posts\/83001","targetHints":{"allow":["GET"]}}],"collection":[{"href":"https:\/\/eldigitaldeasturias.com\/magazine365\/wp-json\/wp\/v2\/posts"}],"about":[{"href":"https:\/\/eldigitaldeasturias.com\/magazine365\/wp-json\/wp\/v2\/types\/post"}],"author":[{"embeddable":true,"href":"https:\/\/eldigitaldeasturias.com\/magazine365\/wp-json\/wp\/v2\/users\/1"}],"replies":[{"embeddable":true,"href":"https:\/\/eldigitaldeasturias.com\/magazine365\/wp-json\/wp\/v2\/comments?post=83001"}],"version-history":[{"count":0,"href":"https:\/\/eldigitaldeasturias.com\/magazine365\/wp-json\/wp\/v2\/posts\/83001\/revisions"}],"wp:featuredmedia":[{"embeddable":true,"href":"https:\/\/eldigitaldeasturias.com\/magazine365\/wp-json\/wp\/v2\/media\/83002"}],"wp:attachment":[{"href":"https:\/\/eldigitaldeasturias.com\/magazine365\/wp-json\/wp\/v2\/media?parent=83001"}],"wp:term":[{"taxonomy":"category","embeddable":true,"href":"https:\/\/eldigitaldeasturias.com\/magazine365\/wp-json\/wp\/v2\/categories?post=83001"},{"taxonomy":"post_tag","embeddable":true,"href":"https:\/\/eldigitaldeasturias.com\/magazine365\/wp-json\/wp\/v2\/tags?post=83001"}],"curies":[{"name":"wp","href":"https:\/\/api.w.org\/{rel}","templated":true}]}}