{"id":82998,"date":"2016-10-05T02:40:11","date_gmt":"2016-10-05T00:40:11","guid":{"rendered":"http:\/\/eldigitaldeasturias.com\/magazine365\/?p=82998"},"modified":"2016-10-05T02:40:11","modified_gmt":"2016-10-05T00:40:11","slug":"la-x-edicion-del-festival-parquesonoro-en-valdemorales","status":"publish","type":"post","link":"https:\/\/eldigitaldeasturias.com\/magazine365\/la-x-edicion-del-festival-parquesonoro-en-valdemorales\/","title":{"rendered":"La X Edici\u00f3n del Festival ParqueSonoro en Valdemorales"},"content":{"rendered":"<p><img fetchpriority=\"high\" decoding=\"async\" class=\"alignleft size-medium wp-image-82999\" src=\"https:\/\/eldigitaldeasturias.com\/magazine365\/wp-content\/uploads\/2016\/10\/Parquesonoro_br-210x300.jpg\" alt=\"parquesonoro_br\" width=\"210\" height=\"300\" srcset=\"https:\/\/eldigitaldeasturias.com\/magazine365\/wp-content\/uploads\/2016\/10\/Parquesonoro_br-210x300.jpg 210w, https:\/\/eldigitaldeasturias.com\/magazine365\/wp-content\/uploads\/2016\/10\/Parquesonoro_br-448x640.jpg 448w, https:\/\/eldigitaldeasturias.com\/magazine365\/wp-content\/uploads\/2016\/10\/Parquesonoro_br-768x1097.jpg 768w, https:\/\/eldigitaldeasturias.com\/magazine365\/wp-content\/uploads\/2016\/10\/Parquesonoro_br-150x214.jpg 150w, https:\/\/eldigitaldeasturias.com\/magazine365\/wp-content\/uploads\/2016\/10\/Parquesonoro_br-450x643.jpg 450w, https:\/\/eldigitaldeasturias.com\/magazine365\/wp-content\/uploads\/2016\/10\/Parquesonoro_br.jpg 819w\" sizes=\"(max-width: 210px) 100vw, 210px\" \/>El certamen, que se ha consolidado como un referente para el intercambio musical entre grupos de la regi\u00f3n, rendir\u00e1 homenaje este a\u00f1o al ya desaparecido Festival Zorrock que se desarroll\u00f3 en los 90 en la localidad pacense de Puebla de la Reina.<\/p>\n<p>El cartel de bandas y artistas en este d\u00e9cimo aniversario de ParqueSonoro incluye a Supersexy Sound System, Supertennis, F\u00f4nal, Local Qua4tro, Bloomington, Happy New Year &amp; 3AM, Burgim, D. A., L\u00faa Gramer, Lich, Mohevian, Subterr\u00e1neos y Blue Chicken, junto a los pinchadiscos Zorrockers djs y Lun\u00e1tico dj.<\/p>\n<p>La m\u00fasica comenzar\u00e1 a sonar a las 13:00 horas del d\u00eda 15 octubre y no parar\u00e1 hasta la madrugada del domingo en las instalaciones municipales de Valdemorales. La entrada a los conciertos ser\u00e1 gratuita, as\u00ed como todas las actividades programadas dirigidas a las familias, como un taller infantil de fabricaci\u00f3n artesanal de instrumentos reciclados.<\/p>\n<p>Con esta d\u00e9cima edici\u00f3n, ParqueSonoro se consolida definitivamente como un encuentro anual de m\u00fasicos y artistas de la escena independiente de la regi\u00f3n. El objetivo es estrechar lazos de uni\u00f3n entre los artistas, favoreciendo las colaboraciones en sus trabajos y fomentando de esta manera la llamada escena extreme\u00f1a de m\u00fasica independiente.<\/p>\n<p>ParqueSonoro est\u00e1 organizado por la Asociaci\u00f3n Cultural Valdemorales y la Fundaci\u00f3n Extreme\u00f1a de la Cultura, dependiente de la Junta de Extremadura. Cuenta con la colaboraci\u00f3n del Centro de las Artes Esc\u00e9nicas y de la M\u00fasica de Extremadura (CEMART) y la Asociaci\u00f3n para el Desarrollo Integral de Sierra de Mont\u00e1nchez y Tamuja (ADISMONTA) y con el patrocinio de la Diputaci\u00f3n de C\u00e1ceres, el Instituto de la Juventud de Extremadura, la Mancomunidad Integral Sierra de Mont\u00e1nchez y el Ayuntamiento de Valdemorales.<\/p>\n<p>&nbsp;<\/p>\n","protected":false},"excerpt":{"rendered":"<p>El certamen, que se ha consolidado como un referente para el intercambio musical entre grupos de la regi\u00f3n, rendir\u00e1 homenaje este a\u00f1o al ya desaparecido Festival Zorrock que se desarroll\u00f3 en los 90 en la localidad pacense de Puebla de la Reina. El cartel de bandas y artistas en este d\u00e9cimo aniversario de ParqueSonoro incluye<\/p>\n","protected":false},"author":1,"featured_media":82999,"comment_status":"open","ping_status":"closed","sticky":false,"template":"","format":"standard","meta":{"footnotes":""},"categories":[224],"tags":[],"class_list":{"0":"post-82998","1":"post","2":"type-post","3":"status-publish","4":"format-standard","5":"has-post-thumbnail","7":"category-noticias-actualidad"},"aioseo_notices":[],"aioseo_head":"\n\t\t<!-- All in One SEO Pro 4.9.6.1 - aioseo.com -->\n\t<meta name=\"description\" content=\"El certamen, que se ha consolidado como un referente para el intercambio musical entre grupos de la regi\u00f3n, rendir\u00e1 homenaje este a\u00f1o al ya desaparecido Festival Zorrock que se desarroll\u00f3 en los 90 en la localidad pacense de Puebla de la Reina. El cartel de bandas y artistas en este d\u00e9cimo aniversario de ParqueSonoro incluye\" \/>\n\t<meta name=\"robots\" content=\"max-image-preview:large\" \/>\n\t<meta name=\"author\" content=\"admin\"\/>\n\t<meta name=\"google-site-verification\" content=\"UA-38556648-1\" \/>\n\t<meta name=\"keywords\" content=\"noticias y actualidad\" \/>\n\t<link rel=\"canonical\" href=\"https:\/\/eldigitaldeasturias.com\/magazine365\/la-x-edicion-del-festival-parquesonoro-en-valdemorales\/\" \/>\n\t<meta name=\"generator\" content=\"All in One SEO Pro (AIOSEO) 4.9.6.1\" \/>\n\t\t<meta property=\"og:locale\" content=\"es_ES\" \/>\n\t\t<meta property=\"og:site_name\" content=\"El Digital de Asturias \u2013 Revista de ocio, turismo y estilo de vida\" \/>\n\t\t<meta property=\"og:type\" content=\"article\" \/>\n\t\t<meta property=\"og:title\" content=\"La X Edici\u00f3n del Festival ParqueSonoro en Valdemorales | El Digital de Asturias\" \/>\n\t\t<meta property=\"og:description\" content=\"El certamen, que se ha consolidado como un referente para el intercambio musical entre grupos de la regi\u00f3n, rendir\u00e1 homenaje este a\u00f1o al ya desaparecido Festival Zorrock que se desarroll\u00f3 en los 90 en la localidad pacense de Puebla de la Reina. El cartel de bandas y artistas en este d\u00e9cimo aniversario de ParqueSonoro incluye\" \/>\n\t\t<meta property=\"og:url\" content=\"https:\/\/eldigitaldeasturias.com\/magazine365\/la-x-edicion-del-festival-parquesonoro-en-valdemorales\/\" \/>\n\t\t<meta property=\"og:image\" content=\"https:\/\/eldigitaldeasturias.com\/magazine365\/wp-content\/uploads\/2016\/10\/Parquesonoro_br.jpg\" \/>\n\t\t<meta property=\"og:image:secure_url\" content=\"https:\/\/eldigitaldeasturias.com\/magazine365\/wp-content\/uploads\/2016\/10\/Parquesonoro_br.jpg\" \/>\n\t\t<meta property=\"og:image:width\" content=\"819\" \/>\n\t\t<meta property=\"og:image:height\" content=\"1170\" \/>\n\t\t<meta property=\"article:published_time\" content=\"2016-10-05T00:40:11+00:00\" \/>\n\t\t<meta property=\"article:modified_time\" content=\"2016-10-05T00:40:11+00:00\" \/>\n\t\t<meta name=\"twitter:card\" content=\"summary_large_image\" \/>\n\t\t<meta name=\"twitter:title\" content=\"La X Edici\u00f3n del Festival ParqueSonoro en Valdemorales | El Digital de Asturias\" \/>\n\t\t<meta name=\"twitter:description\" content=\"El certamen, que se ha consolidado como un referente para el intercambio musical entre grupos de la regi\u00f3n, rendir\u00e1 homenaje este a\u00f1o al ya desaparecido Festival Zorrock que se desarroll\u00f3 en los 90 en la localidad pacense de Puebla de la Reina. El cartel de bandas y artistas en este d\u00e9cimo aniversario de ParqueSonoro incluye\" \/>\n\t\t<meta name=\"twitter:image\" content=\"https:\/\/eldigitaldeasturias.com\/magazine365\/wp-content\/uploads\/2016\/10\/Parquesonoro_br.jpg\" \/>\n\t\t<script type=\"application\/ld+json\" class=\"aioseo-schema\">\n\t\t\t{\"@context\":\"https:\\\/\\\/schema.org\",\"@graph\":[{\"@type\":\"Article\",\"@id\":\"https:\\\/\\\/eldigitaldeasturias.com\\\/magazine365\\\/la-x-edicion-del-festival-parquesonoro-en-valdemorales\\\/#article\",\"name\":\"La X Edici\\u00f3n del Festival ParqueSonoro en Valdemorales | El Digital de Asturias\",\"headline\":\"La X Edici\\u00f3n del Festival ParqueSonoro en Valdemorales\",\"author\":{\"@id\":\"https:\\\/\\\/eldigitaldeasturias.com\\\/magazine365\\\/author\\\/admin\\\/#author\"},\"publisher\":{\"@id\":\"https:\\\/\\\/eldigitaldeasturias.com\\\/magazine365\\\/#organization\"},\"image\":{\"@type\":\"ImageObject\",\"url\":\"https:\\\/\\\/eldigitaldeasturias.com\\\/magazine365\\\/wp-content\\\/uploads\\\/2016\\\/10\\\/Parquesonoro_br.jpg\",\"width\":819,\"height\":1170},\"datePublished\":\"2016-10-05T02:40:11+02:00\",\"dateModified\":\"2016-10-05T02:40:11+02:00\",\"inLanguage\":\"es-ES\",\"mainEntityOfPage\":{\"@id\":\"https:\\\/\\\/eldigitaldeasturias.com\\\/magazine365\\\/la-x-edicion-del-festival-parquesonoro-en-valdemorales\\\/#webpage\"},\"isPartOf\":{\"@id\":\"https:\\\/\\\/eldigitaldeasturias.com\\\/magazine365\\\/la-x-edicion-del-festival-parquesonoro-en-valdemorales\\\/#webpage\"},\"articleSection\":\"Noticias y Actualidad\"},{\"@type\":\"BreadcrumbList\",\"@id\":\"https:\\\/\\\/eldigitaldeasturias.com\\\/magazine365\\\/la-x-edicion-del-festival-parquesonoro-en-valdemorales\\\/#breadcrumblist\",\"itemListElement\":[{\"@type\":\"ListItem\",\"@id\":\"https:\\\/\\\/eldigitaldeasturias.com\\\/magazine365#listItem\",\"position\":1,\"name\":\"Home\",\"item\":\"https:\\\/\\\/eldigitaldeasturias.com\\\/magazine365\",\"nextItem\":{\"@type\":\"ListItem\",\"@id\":\"https:\\\/\\\/eldigitaldeasturias.com\\\/magazine365\\\/category\\\/noticias-actualidad\\\/#listItem\",\"name\":\"Noticias y Actualidad\"}},{\"@type\":\"ListItem\",\"@id\":\"https:\\\/\\\/eldigitaldeasturias.com\\\/magazine365\\\/category\\\/noticias-actualidad\\\/#listItem\",\"position\":2,\"name\":\"Noticias y Actualidad\",\"item\":\"https:\\\/\\\/eldigitaldeasturias.com\\\/magazine365\\\/category\\\/noticias-actualidad\\\/\",\"nextItem\":{\"@type\":\"ListItem\",\"@id\":\"https:\\\/\\\/eldigitaldeasturias.com\\\/magazine365\\\/la-x-edicion-del-festival-parquesonoro-en-valdemorales\\\/#listItem\",\"name\":\"La X Edici\\u00f3n del Festival ParqueSonoro en Valdemorales\"},\"previousItem\":{\"@type\":\"ListItem\",\"@id\":\"https:\\\/\\\/eldigitaldeasturias.com\\\/magazine365#listItem\",\"name\":\"Home\"}},{\"@type\":\"ListItem\",\"@id\":\"https:\\\/\\\/eldigitaldeasturias.com\\\/magazine365\\\/la-x-edicion-del-festival-parquesonoro-en-valdemorales\\\/#listItem\",\"position\":3,\"name\":\"La X Edici\\u00f3n del Festival ParqueSonoro en Valdemorales\",\"previousItem\":{\"@type\":\"ListItem\",\"@id\":\"https:\\\/\\\/eldigitaldeasturias.com\\\/magazine365\\\/category\\\/noticias-actualidad\\\/#listItem\",\"name\":\"Noticias y Actualidad\"}}]},{\"@type\":\"Organization\",\"@id\":\"https:\\\/\\\/eldigitaldeasturias.com\\\/magazine365\\\/#organization\",\"name\":\"El digital de Asturias\",\"description\":\"Revista de ocio, turismo y estilo de vida\",\"url\":\"https:\\\/\\\/eldigitaldeasturias.com\\\/magazine365\\\/\",\"logo\":{\"@type\":\"ImageObject\",\"url\":\"https:\\\/\\\/www.eldigitaldeasturias.com\\\/noticias\\\/wp-content\\\/uploads\\\/2020\\\/12\\\/EDA.jpg\",\"@id\":\"https:\\\/\\\/eldigitaldeasturias.com\\\/magazine365\\\/la-x-edicion-del-festival-parquesonoro-en-valdemorales\\\/#organizationLogo\"},\"image\":{\"@id\":\"https:\\\/\\\/eldigitaldeasturias.com\\\/magazine365\\\/la-x-edicion-del-festival-parquesonoro-en-valdemorales\\\/#organizationLogo\"}},{\"@type\":\"Person\",\"@id\":\"https:\\\/\\\/eldigitaldeasturias.com\\\/magazine365\\\/author\\\/admin\\\/#author\",\"url\":\"https:\\\/\\\/eldigitaldeasturias.com\\\/magazine365\\\/author\\\/admin\\\/\",\"name\":\"admin\",\"image\":{\"@type\":\"ImageObject\",\"@id\":\"https:\\\/\\\/eldigitaldeasturias.com\\\/magazine365\\\/la-x-edicion-del-festival-parquesonoro-en-valdemorales\\\/#authorImage\",\"url\":\"https:\\\/\\\/eldigitaldeasturias.com\\\/magazine365\\\/wp-content\\\/litespeed\\\/avatar\\\/e571bcf59a0edd6fa6838245a470f2fe.jpg?ver=1776969259\",\"width\":96,\"height\":96,\"caption\":\"admin\"}},{\"@type\":\"WebPage\",\"@id\":\"https:\\\/\\\/eldigitaldeasturias.com\\\/magazine365\\\/la-x-edicion-del-festival-parquesonoro-en-valdemorales\\\/#webpage\",\"url\":\"https:\\\/\\\/eldigitaldeasturias.com\\\/magazine365\\\/la-x-edicion-del-festival-parquesonoro-en-valdemorales\\\/\",\"name\":\"La X Edici\\u00f3n del Festival ParqueSonoro en Valdemorales | El Digital de Asturias\",\"description\":\"El certamen, que se ha consolidado como un referente para el intercambio musical entre grupos de la regi\\u00f3n, rendir\\u00e1 homenaje este a\\u00f1o al ya desaparecido Festival Zorrock que se desarroll\\u00f3 en los 90 en la localidad pacense de Puebla de la Reina. El cartel de bandas y artistas en este d\\u00e9cimo aniversario de ParqueSonoro incluye\",\"inLanguage\":\"es-ES\",\"isPartOf\":{\"@id\":\"https:\\\/\\\/eldigitaldeasturias.com\\\/magazine365\\\/#website\"},\"breadcrumb\":{\"@id\":\"https:\\\/\\\/eldigitaldeasturias.com\\\/magazine365\\\/la-x-edicion-del-festival-parquesonoro-en-valdemorales\\\/#breadcrumblist\"},\"author\":{\"@id\":\"https:\\\/\\\/eldigitaldeasturias.com\\\/magazine365\\\/author\\\/admin\\\/#author\"},\"creator\":{\"@id\":\"https:\\\/\\\/eldigitaldeasturias.com\\\/magazine365\\\/author\\\/admin\\\/#author\"},\"image\":{\"@type\":\"ImageObject\",\"url\":\"https:\\\/\\\/eldigitaldeasturias.com\\\/magazine365\\\/wp-content\\\/uploads\\\/2016\\\/10\\\/Parquesonoro_br.jpg\",\"@id\":\"https:\\\/\\\/eldigitaldeasturias.com\\\/magazine365\\\/la-x-edicion-del-festival-parquesonoro-en-valdemorales\\\/#mainImage\",\"width\":819,\"height\":1170},\"primaryImageOfPage\":{\"@id\":\"https:\\\/\\\/eldigitaldeasturias.com\\\/magazine365\\\/la-x-edicion-del-festival-parquesonoro-en-valdemorales\\\/#mainImage\"},\"datePublished\":\"2016-10-05T02:40:11+02:00\",\"dateModified\":\"2016-10-05T02:40:11+02:00\"},{\"@type\":\"WebSite\",\"@id\":\"https:\\\/\\\/eldigitaldeasturias.com\\\/magazine365\\\/#website\",\"url\":\"https:\\\/\\\/eldigitaldeasturias.com\\\/magazine365\\\/\",\"name\":\"El Digital de Asturias\",\"description\":\"Revista de ocio, turismo y estilo de vida\",\"inLanguage\":\"es-ES\",\"publisher\":{\"@id\":\"https:\\\/\\\/eldigitaldeasturias.com\\\/magazine365\\\/#organization\"}}]}\n\t\t<\/script>\n\t\t<!-- All in One SEO Pro -->\r\n\t\t<title>La X Edici\u00f3n del Festival ParqueSonoro en Valdemorales | El Digital de Asturias<\/title>\n\n","aioseo_head_json":{"title":"La X Edici\u00f3n del Festival ParqueSonoro en Valdemorales | El Digital de Asturias","description":"El certamen, que se ha consolidado como un referente para el intercambio musical entre grupos de la regi\u00f3n, rendir\u00e1 homenaje este a\u00f1o al ya desaparecido Festival Zorrock que se desarroll\u00f3 en los 90 en la localidad pacense de Puebla de la Reina. El cartel de bandas y artistas en este d\u00e9cimo aniversario de ParqueSonoro incluye","canonical_url":"https:\/\/eldigitaldeasturias.com\/magazine365\/la-x-edicion-del-festival-parquesonoro-en-valdemorales\/","robots":"max-image-preview:large","keywords":"noticias y actualidad","webmasterTools":{"google-site-verification":"UA-38556648-1","miscellaneous":""},"schema":{"@context":"https:\/\/schema.org","@graph":[{"@type":"Article","@id":"https:\/\/eldigitaldeasturias.com\/magazine365\/la-x-edicion-del-festival-parquesonoro-en-valdemorales\/#article","name":"La X Edici\u00f3n del Festival ParqueSonoro en Valdemorales | El Digital de Asturias","headline":"La X Edici\u00f3n del Festival ParqueSonoro en Valdemorales","author":{"@id":"https:\/\/eldigitaldeasturias.com\/magazine365\/author\/admin\/#author"},"publisher":{"@id":"https:\/\/eldigitaldeasturias.com\/magazine365\/#organization"},"image":{"@type":"ImageObject","url":"https:\/\/eldigitaldeasturias.com\/magazine365\/wp-content\/uploads\/2016\/10\/Parquesonoro_br.jpg","width":819,"height":1170},"datePublished":"2016-10-05T02:40:11+02:00","dateModified":"2016-10-05T02:40:11+02:00","inLanguage":"es-ES","mainEntityOfPage":{"@id":"https:\/\/eldigitaldeasturias.com\/magazine365\/la-x-edicion-del-festival-parquesonoro-en-valdemorales\/#webpage"},"isPartOf":{"@id":"https:\/\/eldigitaldeasturias.com\/magazine365\/la-x-edicion-del-festival-parquesonoro-en-valdemorales\/#webpage"},"articleSection":"Noticias y Actualidad"},{"@type":"BreadcrumbList","@id":"https:\/\/eldigitaldeasturias.com\/magazine365\/la-x-edicion-del-festival-parquesonoro-en-valdemorales\/#breadcrumblist","itemListElement":[{"@type":"ListItem","@id":"https:\/\/eldigitaldeasturias.com\/magazine365#listItem","position":1,"name":"Home","item":"https:\/\/eldigitaldeasturias.com\/magazine365","nextItem":{"@type":"ListItem","@id":"https:\/\/eldigitaldeasturias.com\/magazine365\/category\/noticias-actualidad\/#listItem","name":"Noticias y Actualidad"}},{"@type":"ListItem","@id":"https:\/\/eldigitaldeasturias.com\/magazine365\/category\/noticias-actualidad\/#listItem","position":2,"name":"Noticias y Actualidad","item":"https:\/\/eldigitaldeasturias.com\/magazine365\/category\/noticias-actualidad\/","nextItem":{"@type":"ListItem","@id":"https:\/\/eldigitaldeasturias.com\/magazine365\/la-x-edicion-del-festival-parquesonoro-en-valdemorales\/#listItem","name":"La X Edici\u00f3n del Festival ParqueSonoro en Valdemorales"},"previousItem":{"@type":"ListItem","@id":"https:\/\/eldigitaldeasturias.com\/magazine365#listItem","name":"Home"}},{"@type":"ListItem","@id":"https:\/\/eldigitaldeasturias.com\/magazine365\/la-x-edicion-del-festival-parquesonoro-en-valdemorales\/#listItem","position":3,"name":"La X Edici\u00f3n del Festival ParqueSonoro en Valdemorales","previousItem":{"@type":"ListItem","@id":"https:\/\/eldigitaldeasturias.com\/magazine365\/category\/noticias-actualidad\/#listItem","name":"Noticias y Actualidad"}}]},{"@type":"Organization","@id":"https:\/\/eldigitaldeasturias.com\/magazine365\/#organization","name":"El digital de Asturias","description":"Revista de ocio, turismo y estilo de vida","url":"https:\/\/eldigitaldeasturias.com\/magazine365\/","logo":{"@type":"ImageObject","url":"https:\/\/www.eldigitaldeasturias.com\/noticias\/wp-content\/uploads\/2020\/12\/EDA.jpg","@id":"https:\/\/eldigitaldeasturias.com\/magazine365\/la-x-edicion-del-festival-parquesonoro-en-valdemorales\/#organizationLogo"},"image":{"@id":"https:\/\/eldigitaldeasturias.com\/magazine365\/la-x-edicion-del-festival-parquesonoro-en-valdemorales\/#organizationLogo"}},{"@type":"Person","@id":"https:\/\/eldigitaldeasturias.com\/magazine365\/author\/admin\/#author","url":"https:\/\/eldigitaldeasturias.com\/magazine365\/author\/admin\/","name":"admin","image":{"@type":"ImageObject","@id":"https:\/\/eldigitaldeasturias.com\/magazine365\/la-x-edicion-del-festival-parquesonoro-en-valdemorales\/#authorImage","url":"https:\/\/eldigitaldeasturias.com\/magazine365\/wp-content\/litespeed\/avatar\/e571bcf59a0edd6fa6838245a470f2fe.jpg?ver=1776969259","width":96,"height":96,"caption":"admin"}},{"@type":"WebPage","@id":"https:\/\/eldigitaldeasturias.com\/magazine365\/la-x-edicion-del-festival-parquesonoro-en-valdemorales\/#webpage","url":"https:\/\/eldigitaldeasturias.com\/magazine365\/la-x-edicion-del-festival-parquesonoro-en-valdemorales\/","name":"La X Edici\u00f3n del Festival ParqueSonoro en Valdemorales | El Digital de Asturias","description":"El certamen, que se ha consolidado como un referente para el intercambio musical entre grupos de la regi\u00f3n, rendir\u00e1 homenaje este a\u00f1o al ya desaparecido Festival Zorrock que se desarroll\u00f3 en los 90 en la localidad pacense de Puebla de la Reina. El cartel de bandas y artistas en este d\u00e9cimo aniversario de ParqueSonoro incluye","inLanguage":"es-ES","isPartOf":{"@id":"https:\/\/eldigitaldeasturias.com\/magazine365\/#website"},"breadcrumb":{"@id":"https:\/\/eldigitaldeasturias.com\/magazine365\/la-x-edicion-del-festival-parquesonoro-en-valdemorales\/#breadcrumblist"},"author":{"@id":"https:\/\/eldigitaldeasturias.com\/magazine365\/author\/admin\/#author"},"creator":{"@id":"https:\/\/eldigitaldeasturias.com\/magazine365\/author\/admin\/#author"},"image":{"@type":"ImageObject","url":"https:\/\/eldigitaldeasturias.com\/magazine365\/wp-content\/uploads\/2016\/10\/Parquesonoro_br.jpg","@id":"https:\/\/eldigitaldeasturias.com\/magazine365\/la-x-edicion-del-festival-parquesonoro-en-valdemorales\/#mainImage","width":819,"height":1170},"primaryImageOfPage":{"@id":"https:\/\/eldigitaldeasturias.com\/magazine365\/la-x-edicion-del-festival-parquesonoro-en-valdemorales\/#mainImage"},"datePublished":"2016-10-05T02:40:11+02:00","dateModified":"2016-10-05T02:40:11+02:00"},{"@type":"WebSite","@id":"https:\/\/eldigitaldeasturias.com\/magazine365\/#website","url":"https:\/\/eldigitaldeasturias.com\/magazine365\/","name":"El Digital de Asturias","description":"Revista de ocio, turismo y estilo de vida","inLanguage":"es-ES","publisher":{"@id":"https:\/\/eldigitaldeasturias.com\/magazine365\/#organization"}}]},"og:locale":"es_ES","og:site_name":"El Digital de Asturias \u2013 Revista de ocio, turismo y estilo de vida","og:type":"article","og:title":"La X Edici\u00f3n del Festival ParqueSonoro en Valdemorales | El Digital de Asturias","og:description":"El certamen, que se ha consolidado como un referente para el intercambio musical entre grupos de la regi\u00f3n, rendir\u00e1 homenaje este a\u00f1o al ya desaparecido Festival Zorrock que se desarroll\u00f3 en los 90 en la localidad pacense de Puebla de la Reina. El cartel de bandas y artistas en este d\u00e9cimo aniversario de ParqueSonoro incluye","og:url":"https:\/\/eldigitaldeasturias.com\/magazine365\/la-x-edicion-del-festival-parquesonoro-en-valdemorales\/","og:image":"https:\/\/eldigitaldeasturias.com\/magazine365\/wp-content\/uploads\/2016\/10\/Parquesonoro_br.jpg","og:image:secure_url":"https:\/\/eldigitaldeasturias.com\/magazine365\/wp-content\/uploads\/2016\/10\/Parquesonoro_br.jpg","og:image:width":819,"og:image:height":1170,"article:published_time":"2016-10-05T00:40:11+00:00","article:modified_time":"2016-10-05T00:40:11+00:00","twitter:card":"summary_large_image","twitter:title":"La X Edici\u00f3n del Festival ParqueSonoro en Valdemorales | El Digital de Asturias","twitter:description":"El certamen, que se ha consolidado como un referente para el intercambio musical entre grupos de la regi\u00f3n, rendir\u00e1 homenaje este a\u00f1o al ya desaparecido Festival Zorrock que se desarroll\u00f3 en los 90 en la localidad pacense de Puebla de la Reina. El cartel de bandas y artistas en este d\u00e9cimo aniversario de ParqueSonoro incluye","twitter:image":"https:\/\/eldigitaldeasturias.com\/magazine365\/wp-content\/uploads\/2016\/10\/Parquesonoro_br.jpg"},"aioseo_meta_data":{"post_id":"82998","title":null,"description":null,"keywords":null,"keyphrases":null,"primary_term":null,"canonical_url":null,"og_title":null,"og_description":null,"og_object_type":"default","og_image_type":"default","og_image_url":null,"og_image_width":null,"og_image_height":null,"og_image_custom_url":null,"og_image_custom_fields":null,"og_video":null,"og_custom_url":null,"og_article_section":null,"og_article_tags":null,"twitter_use_og":false,"twitter_card":"default","twitter_image_type":"default","twitter_image_url":null,"twitter_image_custom_url":null,"twitter_image_custom_fields":null,"twitter_title":null,"twitter_description":null,"schema":{"blockGraphs":[],"customGraphs":[],"default":{"data":{"Article":[],"Course":[],"Dataset":[],"FAQPage":[],"Movie":[],"Person":[],"Product":[],"ProductReview":[],"Car":[],"Recipe":[],"Service":[],"SoftwareApplication":[],"WebPage":[]},"graphName":"","isEnabled":true},"graphs":[]},"schema_type":null,"schema_type_options":null,"pillar_content":false,"robots_default":true,"robots_noindex":false,"robots_noarchive":false,"robots_nosnippet":false,"robots_nofollow":false,"robots_noimageindex":false,"robots_noodp":false,"robots_notranslate":false,"robots_max_snippet":null,"robots_max_videopreview":null,"robots_max_imagepreview":"large","priority":null,"frequency":null,"location":null,"local_seo":null,"seo_analyzer_scan_date":"2025-09-28 02:08:00","breadcrumb_settings":null,"limit_modified_date":false,"open_ai":null,"ai":null,"created":"2020-12-21 15:30:20","updated":"2025-09-28 02:08:00"},"aioseo_breadcrumb":"<div class=\"aioseo-breadcrumbs\"><span class=\"aioseo-breadcrumb\">\n\t<a href=\"https:\/\/eldigitaldeasturias.com\/magazine365\" title=\"Home\">Home<\/a>\n<\/span><span class=\"aioseo-breadcrumb-separator\">\u2013<\/span><span class=\"aioseo-breadcrumb\">\n\t<a href=\"https:\/\/eldigitaldeasturias.com\/magazine365\/category\/noticias-actualidad\/\" title=\"Noticias y Actualidad\">Noticias y Actualidad<\/a>\n<\/span><span class=\"aioseo-breadcrumb-separator\">\u2013<\/span><span class=\"aioseo-breadcrumb\">\n\t<a href=\"https:\/\/eldigitaldeasturias.com\/magazine365\/la-x-edicion-del-festival-parquesonoro-en-valdemorales\/\" title=\"La X Edici\u00f3n del Festival ParqueSonoro en Valdemorales\">La X Edici\u00f3n del Festival ParqueSonoro en Valdemorales<\/a>\n<\/span><\/div>","aioseo_breadcrumb_json":[{"label":"Home","link":"https:\/\/eldigitaldeasturias.com\/magazine365"},{"label":"Noticias y Actualidad","link":"https:\/\/eldigitaldeasturias.com\/magazine365\/category\/noticias-actualidad\/"},{"label":"La X Edici\u00f3n del Festival ParqueSonoro en Valdemorales","link":"https:\/\/eldigitaldeasturias.com\/magazine365\/la-x-edicion-del-festival-parquesonoro-en-valdemorales\/"}],"_links":{"self":[{"href":"https:\/\/eldigitaldeasturias.com\/magazine365\/wp-json\/wp\/v2\/posts\/82998","targetHints":{"allow":["GET"]}}],"collection":[{"href":"https:\/\/eldigitaldeasturias.com\/magazine365\/wp-json\/wp\/v2\/posts"}],"about":[{"href":"https:\/\/eldigitaldeasturias.com\/magazine365\/wp-json\/wp\/v2\/types\/post"}],"author":[{"embeddable":true,"href":"https:\/\/eldigitaldeasturias.com\/magazine365\/wp-json\/wp\/v2\/users\/1"}],"replies":[{"embeddable":true,"href":"https:\/\/eldigitaldeasturias.com\/magazine365\/wp-json\/wp\/v2\/comments?post=82998"}],"version-history":[{"count":0,"href":"https:\/\/eldigitaldeasturias.com\/magazine365\/wp-json\/wp\/v2\/posts\/82998\/revisions"}],"wp:featuredmedia":[{"embeddable":true,"href":"https:\/\/eldigitaldeasturias.com\/magazine365\/wp-json\/wp\/v2\/media\/82999"}],"wp:attachment":[{"href":"https:\/\/eldigitaldeasturias.com\/magazine365\/wp-json\/wp\/v2\/media?parent=82998"}],"wp:term":[{"taxonomy":"category","embeddable":true,"href":"https:\/\/eldigitaldeasturias.com\/magazine365\/wp-json\/wp\/v2\/categories?post=82998"},{"taxonomy":"post_tag","embeddable":true,"href":"https:\/\/eldigitaldeasturias.com\/magazine365\/wp-json\/wp\/v2\/tags?post=82998"}],"curies":[{"name":"wp","href":"https:\/\/api.w.org\/{rel}","templated":true}]}}