{"id":82995,"date":"2016-10-05T02:38:51","date_gmt":"2016-10-05T00:38:51","guid":{"rendered":"http:\/\/eldigitaldeasturias.com\/magazine365\/?p=82995"},"modified":"2016-10-05T02:38:51","modified_gmt":"2016-10-05T00:38:51","slug":"espana-la-invitada-especial-del-festival-internacional-cerventino-en-mexico","status":"publish","type":"post","link":"https:\/\/eldigitaldeasturias.com\/magazine365\/espana-la-invitada-especial-del-festival-internacional-cerventino-en-mexico\/","title":{"rendered":"Espa\u00f1a, la invitada especial del Festival Internacional Cerventino, en M\u00e9xico"},"content":{"rendered":"<p><img fetchpriority=\"high\" decoding=\"async\" class=\"alignleft size-full wp-image-82996\" src=\"https:\/\/eldigitaldeasturias.com\/magazine365\/wp-content\/uploads\/2016\/10\/archivo1.jpg\" alt=\"archivo1\" width=\"321\" height=\"226\" srcset=\"https:\/\/eldigitaldeasturias.com\/magazine365\/wp-content\/uploads\/2016\/10\/archivo1.jpg 321w, https:\/\/eldigitaldeasturias.com\/magazine365\/wp-content\/uploads\/2016\/10\/archivo1-150x106.jpg 150w\" sizes=\"(max-width: 321px) 100vw, 321px\" \/>Jos\u00e9 Mar\u00eda Lassalle asisti\u00f3 el pasado domingo, 2 de octubre, a la inauguraci\u00f3n de la edici\u00f3n XLIV del Festival Internacional Cervantino (FIC) de Guanajuato (M\u00e9xico), acompa\u00f1ado por el embajador de Espa\u00f1a en M\u00e9xico, Luis Fernandez-Cid de las Alas.<\/p>\n<p>Coincidiendo con el IV Centenario de la muerte de Miguel de Cervantes, Espa\u00f1a es el pa\u00eds invitado en el FIC, en el que participa con m\u00e1s de una veintena de actividades financiadas y promovidas por el Ministerio de Educaci\u00f3n, Cultura y Deporte, la Agencia Espa\u00f1ola para la Cooperaci\u00f3n Internacional y el Desarrollo (AECID)\/Embajada de Espa\u00f1a en M\u00e9xico y Acci\u00f3n Cultural Espa\u00f1ola (AC\/E).<\/p>\n<p>Espa\u00f1a fue adem\u00e1s la encargada de abrir los actos del programa de ayer lunes con la banda espa\u00f1ola Dorian, que ofreci\u00f3 el concierto inaugural en la Explanada de la Alhondiga de Granaditas. Y M\u00fasica Ficta, uno de los ensambles de m\u00fasica antigua m\u00e1s reconocidos de Espa\u00f1a cerrar\u00e1 el festival con un espect\u00e1culo que recupera la m\u00fasica de la \u00e9poca: Quixote \u2013 M\u00fasica en tiempos de Cervantes.<\/p>\n<p>Entre las propuestas m\u00e1s destacadas cabe se\u00f1alar el concierto que la Orquesta Nacional de Espa\u00f1a, dirigida por David Afkham, ofrecer\u00e1 el 11 de octubre en el Teatro Ju\u00e1rez, organizado por la Orquesta y Coros Nacionales de Espa\u00f1a (INAEM) y AC\/E.<\/p>\n<p>La Compa\u00f1\u00eda Nacional de Danza de Espa\u00f1a, unidad dependiente del Instituto Nacional de las Artes Esc\u00e9nicas y de la M\u00fasica de Espa\u00f1a (INAEM), dirigida por Jos\u00e9 Carlos Mart\u00ednez, interpretar\u00e1 en el Auditorio del Estado el ballet Don Quijote Suit. Minus 16.<\/p>\n<p>La coproducci\u00f3n de la Compa\u00f1\u00eda Nacional de Teatro Cl\u00e1sico y Ron Lal\u00e1 ofrecer\u00e1 la obra Cervantina, que se podr\u00e1 ver el 5 y 6 de octubre en el Teatro Principal.<\/p>\n<p>Por su parte, la compa\u00f1\u00eda de Els Joglars, con apoyo del Centro Dram\u00e1tico Nacional, dependiente del INAEM, pondr\u00e1 en escena el espect\u00e1culo VIP (el 7 y 8 de octubre en el Teatro Principal) y, el Teatro de la Abad\u00eda, la obra Los ocho entreses y un entrem\u00e9s atribuido (el 14 y 15 de octubre en el Teatro Ju\u00e1rez).<\/p>\n<p>Del 5 de octubre al 6 de noviembre en la sala Elo\u00edsa Jim\u00e9nez del Instituto Cultural de Le\u00f3n se podr\u00e1 ver la exposici\u00f3n 16 personajes que maravillan y\u2026.Miguel de Cervantes, organizada por Acci\u00f3n Cultural Espa\u00f1ola y comisariada por Rosa Navarro Dur\u00e1n.<\/p>\n<p>El programa recoge tambi\u00e9n un ciclo de cine espa\u00f1ol titulado Don Quijote en el Cine o Cervantes en el cine que se desarrollar\u00e1 del 3 al 21 de octubre, habi\u00e9ndose programado 19 pel\u00edculas de la \u00faltima d\u00e9cada y dos m\u00e1s antiguas (Pl\u00e1cido de Berlanga y Elisa, vida m\u00eda, de Saura).<\/p>\n<p>COMUNICAE<\/p>\n","protected":false},"excerpt":{"rendered":"<p>Jos\u00e9 Mar\u00eda Lassalle asisti\u00f3 el pasado domingo, 2 de octubre, a la inauguraci\u00f3n de la edici\u00f3n XLIV del Festival Internacional Cervantino (FIC) de Guanajuato (M\u00e9xico), acompa\u00f1ado por el embajador de Espa\u00f1a en M\u00e9xico, Luis Fernandez-Cid de las Alas. Coincidiendo con el IV Centenario de la muerte de Miguel de Cervantes, Espa\u00f1a es el pa\u00eds invitado<\/p>\n","protected":false},"author":1,"featured_media":82996,"comment_status":"open","ping_status":"closed","sticky":false,"template":"","format":"standard","meta":{"footnotes":""},"categories":[224],"tags":[],"class_list":{"0":"post-82995","1":"post","2":"type-post","3":"status-publish","4":"format-standard","5":"has-post-thumbnail","7":"category-noticias-actualidad"},"aioseo_notices":[],"aioseo_head":"\n\t\t<!-- All in One SEO Pro 4.9.6.1 - aioseo.com -->\n\t<meta name=\"description\" content=\"Jos\u00e9 Mar\u00eda Lassalle asisti\u00f3 el pasado domingo, 2 de octubre, a la inauguraci\u00f3n de la edici\u00f3n XLIV del Festival Internacional Cervantino (FIC) de Guanajuato (M\u00e9xico), acompa\u00f1ado por el embajador de Espa\u00f1a en M\u00e9xico, Luis Fernandez-Cid de las Alas. Coincidiendo con el IV Centenario de la muerte de Miguel de Cervantes, Espa\u00f1a es el pa\u00eds invitado\" \/>\n\t<meta name=\"robots\" content=\"max-image-preview:large\" \/>\n\t<meta name=\"author\" content=\"admin\"\/>\n\t<meta name=\"google-site-verification\" content=\"UA-38556648-1\" \/>\n\t<meta name=\"keywords\" content=\"noticias y actualidad\" \/>\n\t<link rel=\"canonical\" href=\"https:\/\/eldigitaldeasturias.com\/magazine365\/espana-la-invitada-especial-del-festival-internacional-cerventino-en-mexico\/\" \/>\n\t<meta name=\"generator\" content=\"All in One SEO Pro (AIOSEO) 4.9.6.1\" \/>\n\t\t<meta property=\"og:locale\" content=\"es_ES\" \/>\n\t\t<meta property=\"og:site_name\" content=\"El Digital de Asturias \u2013 Revista de ocio, turismo y estilo de vida\" \/>\n\t\t<meta property=\"og:type\" content=\"article\" \/>\n\t\t<meta property=\"og:title\" content=\"Espa\u00f1a, la invitada especial del Festival Internacional Cerventino, en M\u00e9xico | El Digital de Asturias\" \/>\n\t\t<meta property=\"og:description\" content=\"Jos\u00e9 Mar\u00eda Lassalle asisti\u00f3 el pasado domingo, 2 de octubre, a la inauguraci\u00f3n de la edici\u00f3n XLIV del Festival Internacional Cervantino (FIC) de Guanajuato (M\u00e9xico), acompa\u00f1ado por el embajador de Espa\u00f1a en M\u00e9xico, Luis Fernandez-Cid de las Alas. Coincidiendo con el IV Centenario de la muerte de Miguel de Cervantes, Espa\u00f1a es el pa\u00eds invitado\" \/>\n\t\t<meta property=\"og:url\" content=\"https:\/\/eldigitaldeasturias.com\/magazine365\/espana-la-invitada-especial-del-festival-internacional-cerventino-en-mexico\/\" \/>\n\t\t<meta property=\"og:image\" content=\"https:\/\/eldigitaldeasturias.com\/magazine365\/wp-content\/uploads\/2016\/10\/archivo1.jpg\" \/>\n\t\t<meta property=\"og:image:secure_url\" content=\"https:\/\/eldigitaldeasturias.com\/magazine365\/wp-content\/uploads\/2016\/10\/archivo1.jpg\" \/>\n\t\t<meta property=\"og:image:width\" content=\"321\" \/>\n\t\t<meta property=\"og:image:height\" content=\"226\" \/>\n\t\t<meta property=\"article:published_time\" content=\"2016-10-05T00:38:51+00:00\" \/>\n\t\t<meta property=\"article:modified_time\" content=\"2016-10-05T00:38:51+00:00\" \/>\n\t\t<meta name=\"twitter:card\" content=\"summary_large_image\" \/>\n\t\t<meta name=\"twitter:title\" content=\"Espa\u00f1a, la invitada especial del Festival Internacional Cerventino, en M\u00e9xico | El Digital de Asturias\" \/>\n\t\t<meta name=\"twitter:description\" content=\"Jos\u00e9 Mar\u00eda Lassalle asisti\u00f3 el pasado domingo, 2 de octubre, a la inauguraci\u00f3n de la edici\u00f3n XLIV del Festival Internacional Cervantino (FIC) de Guanajuato (M\u00e9xico), acompa\u00f1ado por el embajador de Espa\u00f1a en M\u00e9xico, Luis Fernandez-Cid de las Alas. Coincidiendo con el IV Centenario de la muerte de Miguel de Cervantes, Espa\u00f1a es el pa\u00eds invitado\" \/>\n\t\t<meta name=\"twitter:image\" content=\"https:\/\/eldigitaldeasturias.com\/magazine365\/wp-content\/uploads\/2016\/10\/archivo1.jpg\" \/>\n\t\t<script type=\"application\/ld+json\" class=\"aioseo-schema\">\n\t\t\t{\"@context\":\"https:\\\/\\\/schema.org\",\"@graph\":[{\"@type\":\"Article\",\"@id\":\"https:\\\/\\\/eldigitaldeasturias.com\\\/magazine365\\\/espana-la-invitada-especial-del-festival-internacional-cerventino-en-mexico\\\/#article\",\"name\":\"Espa\\u00f1a, la invitada especial del Festival Internacional Cerventino, en M\\u00e9xico | El Digital de Asturias\",\"headline\":\"Espa\\u00f1a, la invitada especial del Festival Internacional Cerventino, en M\\u00e9xico\",\"author\":{\"@id\":\"https:\\\/\\\/eldigitaldeasturias.com\\\/magazine365\\\/author\\\/admin\\\/#author\"},\"publisher\":{\"@id\":\"https:\\\/\\\/eldigitaldeasturias.com\\\/magazine365\\\/#organization\"},\"image\":{\"@type\":\"ImageObject\",\"url\":\"https:\\\/\\\/eldigitaldeasturias.com\\\/magazine365\\\/wp-content\\\/uploads\\\/2016\\\/10\\\/archivo1.jpg\",\"width\":321,\"height\":226},\"datePublished\":\"2016-10-05T02:38:51+02:00\",\"dateModified\":\"2016-10-05T02:38:51+02:00\",\"inLanguage\":\"es-ES\",\"mainEntityOfPage\":{\"@id\":\"https:\\\/\\\/eldigitaldeasturias.com\\\/magazine365\\\/espana-la-invitada-especial-del-festival-internacional-cerventino-en-mexico\\\/#webpage\"},\"isPartOf\":{\"@id\":\"https:\\\/\\\/eldigitaldeasturias.com\\\/magazine365\\\/espana-la-invitada-especial-del-festival-internacional-cerventino-en-mexico\\\/#webpage\"},\"articleSection\":\"Noticias y Actualidad\"},{\"@type\":\"BreadcrumbList\",\"@id\":\"https:\\\/\\\/eldigitaldeasturias.com\\\/magazine365\\\/espana-la-invitada-especial-del-festival-internacional-cerventino-en-mexico\\\/#breadcrumblist\",\"itemListElement\":[{\"@type\":\"ListItem\",\"@id\":\"https:\\\/\\\/eldigitaldeasturias.com\\\/magazine365#listItem\",\"position\":1,\"name\":\"Home\",\"item\":\"https:\\\/\\\/eldigitaldeasturias.com\\\/magazine365\",\"nextItem\":{\"@type\":\"ListItem\",\"@id\":\"https:\\\/\\\/eldigitaldeasturias.com\\\/magazine365\\\/category\\\/noticias-actualidad\\\/#listItem\",\"name\":\"Noticias y Actualidad\"}},{\"@type\":\"ListItem\",\"@id\":\"https:\\\/\\\/eldigitaldeasturias.com\\\/magazine365\\\/category\\\/noticias-actualidad\\\/#listItem\",\"position\":2,\"name\":\"Noticias y Actualidad\",\"item\":\"https:\\\/\\\/eldigitaldeasturias.com\\\/magazine365\\\/category\\\/noticias-actualidad\\\/\",\"nextItem\":{\"@type\":\"ListItem\",\"@id\":\"https:\\\/\\\/eldigitaldeasturias.com\\\/magazine365\\\/espana-la-invitada-especial-del-festival-internacional-cerventino-en-mexico\\\/#listItem\",\"name\":\"Espa\\u00f1a, la invitada especial del Festival Internacional Cerventino, en M\\u00e9xico\"},\"previousItem\":{\"@type\":\"ListItem\",\"@id\":\"https:\\\/\\\/eldigitaldeasturias.com\\\/magazine365#listItem\",\"name\":\"Home\"}},{\"@type\":\"ListItem\",\"@id\":\"https:\\\/\\\/eldigitaldeasturias.com\\\/magazine365\\\/espana-la-invitada-especial-del-festival-internacional-cerventino-en-mexico\\\/#listItem\",\"position\":3,\"name\":\"Espa\\u00f1a, la invitada especial del Festival Internacional Cerventino, en M\\u00e9xico\",\"previousItem\":{\"@type\":\"ListItem\",\"@id\":\"https:\\\/\\\/eldigitaldeasturias.com\\\/magazine365\\\/category\\\/noticias-actualidad\\\/#listItem\",\"name\":\"Noticias y Actualidad\"}}]},{\"@type\":\"Organization\",\"@id\":\"https:\\\/\\\/eldigitaldeasturias.com\\\/magazine365\\\/#organization\",\"name\":\"El digital de Asturias\",\"description\":\"Revista de ocio, turismo y estilo de vida\",\"url\":\"https:\\\/\\\/eldigitaldeasturias.com\\\/magazine365\\\/\",\"logo\":{\"@type\":\"ImageObject\",\"url\":\"https:\\\/\\\/www.eldigitaldeasturias.com\\\/noticias\\\/wp-content\\\/uploads\\\/2020\\\/12\\\/EDA.jpg\",\"@id\":\"https:\\\/\\\/eldigitaldeasturias.com\\\/magazine365\\\/espana-la-invitada-especial-del-festival-internacional-cerventino-en-mexico\\\/#organizationLogo\"},\"image\":{\"@id\":\"https:\\\/\\\/eldigitaldeasturias.com\\\/magazine365\\\/espana-la-invitada-especial-del-festival-internacional-cerventino-en-mexico\\\/#organizationLogo\"}},{\"@type\":\"Person\",\"@id\":\"https:\\\/\\\/eldigitaldeasturias.com\\\/magazine365\\\/author\\\/admin\\\/#author\",\"url\":\"https:\\\/\\\/eldigitaldeasturias.com\\\/magazine365\\\/author\\\/admin\\\/\",\"name\":\"admin\",\"image\":{\"@type\":\"ImageObject\",\"@id\":\"https:\\\/\\\/eldigitaldeasturias.com\\\/magazine365\\\/espana-la-invitada-especial-del-festival-internacional-cerventino-en-mexico\\\/#authorImage\",\"url\":\"https:\\\/\\\/eldigitaldeasturias.com\\\/magazine365\\\/wp-content\\\/litespeed\\\/avatar\\\/e571bcf59a0edd6fa6838245a470f2fe.jpg?ver=1776969259\",\"width\":96,\"height\":96,\"caption\":\"admin\"}},{\"@type\":\"WebPage\",\"@id\":\"https:\\\/\\\/eldigitaldeasturias.com\\\/magazine365\\\/espana-la-invitada-especial-del-festival-internacional-cerventino-en-mexico\\\/#webpage\",\"url\":\"https:\\\/\\\/eldigitaldeasturias.com\\\/magazine365\\\/espana-la-invitada-especial-del-festival-internacional-cerventino-en-mexico\\\/\",\"name\":\"Espa\\u00f1a, la invitada especial del Festival Internacional Cerventino, en M\\u00e9xico | El Digital de Asturias\",\"description\":\"Jos\\u00e9 Mar\\u00eda Lassalle asisti\\u00f3 el pasado domingo, 2 de octubre, a la inauguraci\\u00f3n de la edici\\u00f3n XLIV del Festival Internacional Cervantino (FIC) de Guanajuato (M\\u00e9xico), acompa\\u00f1ado por el embajador de Espa\\u00f1a en M\\u00e9xico, Luis Fernandez-Cid de las Alas. Coincidiendo con el IV Centenario de la muerte de Miguel de Cervantes, Espa\\u00f1a es el pa\\u00eds invitado\",\"inLanguage\":\"es-ES\",\"isPartOf\":{\"@id\":\"https:\\\/\\\/eldigitaldeasturias.com\\\/magazine365\\\/#website\"},\"breadcrumb\":{\"@id\":\"https:\\\/\\\/eldigitaldeasturias.com\\\/magazine365\\\/espana-la-invitada-especial-del-festival-internacional-cerventino-en-mexico\\\/#breadcrumblist\"},\"author\":{\"@id\":\"https:\\\/\\\/eldigitaldeasturias.com\\\/magazine365\\\/author\\\/admin\\\/#author\"},\"creator\":{\"@id\":\"https:\\\/\\\/eldigitaldeasturias.com\\\/magazine365\\\/author\\\/admin\\\/#author\"},\"image\":{\"@type\":\"ImageObject\",\"url\":\"https:\\\/\\\/eldigitaldeasturias.com\\\/magazine365\\\/wp-content\\\/uploads\\\/2016\\\/10\\\/archivo1.jpg\",\"@id\":\"https:\\\/\\\/eldigitaldeasturias.com\\\/magazine365\\\/espana-la-invitada-especial-del-festival-internacional-cerventino-en-mexico\\\/#mainImage\",\"width\":321,\"height\":226},\"primaryImageOfPage\":{\"@id\":\"https:\\\/\\\/eldigitaldeasturias.com\\\/magazine365\\\/espana-la-invitada-especial-del-festival-internacional-cerventino-en-mexico\\\/#mainImage\"},\"datePublished\":\"2016-10-05T02:38:51+02:00\",\"dateModified\":\"2016-10-05T02:38:51+02:00\"},{\"@type\":\"WebSite\",\"@id\":\"https:\\\/\\\/eldigitaldeasturias.com\\\/magazine365\\\/#website\",\"url\":\"https:\\\/\\\/eldigitaldeasturias.com\\\/magazine365\\\/\",\"name\":\"El Digital de Asturias\",\"description\":\"Revista de ocio, turismo y estilo de vida\",\"inLanguage\":\"es-ES\",\"publisher\":{\"@id\":\"https:\\\/\\\/eldigitaldeasturias.com\\\/magazine365\\\/#organization\"}}]}\n\t\t<\/script>\n\t\t<!-- All in One SEO Pro -->\r\n\t\t<title>Espa\u00f1a, la invitada especial del Festival Internacional Cerventino, en M\u00e9xico | El Digital de Asturias<\/title>\n\n","aioseo_head_json":{"title":"Espa\u00f1a, la invitada especial del Festival Internacional Cerventino, en M\u00e9xico | El Digital de Asturias","description":"Jos\u00e9 Mar\u00eda Lassalle asisti\u00f3 el pasado domingo, 2 de octubre, a la inauguraci\u00f3n de la edici\u00f3n XLIV del Festival Internacional Cervantino (FIC) de Guanajuato (M\u00e9xico), acompa\u00f1ado por el embajador de Espa\u00f1a en M\u00e9xico, Luis Fernandez-Cid de las Alas. Coincidiendo con el IV Centenario de la muerte de Miguel de Cervantes, Espa\u00f1a es el pa\u00eds invitado","canonical_url":"https:\/\/eldigitaldeasturias.com\/magazine365\/espana-la-invitada-especial-del-festival-internacional-cerventino-en-mexico\/","robots":"max-image-preview:large","keywords":"noticias y actualidad","webmasterTools":{"google-site-verification":"UA-38556648-1","miscellaneous":""},"schema":{"@context":"https:\/\/schema.org","@graph":[{"@type":"Article","@id":"https:\/\/eldigitaldeasturias.com\/magazine365\/espana-la-invitada-especial-del-festival-internacional-cerventino-en-mexico\/#article","name":"Espa\u00f1a, la invitada especial del Festival Internacional Cerventino, en M\u00e9xico | El Digital de Asturias","headline":"Espa\u00f1a, la invitada especial del Festival Internacional Cerventino, en M\u00e9xico","author":{"@id":"https:\/\/eldigitaldeasturias.com\/magazine365\/author\/admin\/#author"},"publisher":{"@id":"https:\/\/eldigitaldeasturias.com\/magazine365\/#organization"},"image":{"@type":"ImageObject","url":"https:\/\/eldigitaldeasturias.com\/magazine365\/wp-content\/uploads\/2016\/10\/archivo1.jpg","width":321,"height":226},"datePublished":"2016-10-05T02:38:51+02:00","dateModified":"2016-10-05T02:38:51+02:00","inLanguage":"es-ES","mainEntityOfPage":{"@id":"https:\/\/eldigitaldeasturias.com\/magazine365\/espana-la-invitada-especial-del-festival-internacional-cerventino-en-mexico\/#webpage"},"isPartOf":{"@id":"https:\/\/eldigitaldeasturias.com\/magazine365\/espana-la-invitada-especial-del-festival-internacional-cerventino-en-mexico\/#webpage"},"articleSection":"Noticias y Actualidad"},{"@type":"BreadcrumbList","@id":"https:\/\/eldigitaldeasturias.com\/magazine365\/espana-la-invitada-especial-del-festival-internacional-cerventino-en-mexico\/#breadcrumblist","itemListElement":[{"@type":"ListItem","@id":"https:\/\/eldigitaldeasturias.com\/magazine365#listItem","position":1,"name":"Home","item":"https:\/\/eldigitaldeasturias.com\/magazine365","nextItem":{"@type":"ListItem","@id":"https:\/\/eldigitaldeasturias.com\/magazine365\/category\/noticias-actualidad\/#listItem","name":"Noticias y Actualidad"}},{"@type":"ListItem","@id":"https:\/\/eldigitaldeasturias.com\/magazine365\/category\/noticias-actualidad\/#listItem","position":2,"name":"Noticias y Actualidad","item":"https:\/\/eldigitaldeasturias.com\/magazine365\/category\/noticias-actualidad\/","nextItem":{"@type":"ListItem","@id":"https:\/\/eldigitaldeasturias.com\/magazine365\/espana-la-invitada-especial-del-festival-internacional-cerventino-en-mexico\/#listItem","name":"Espa\u00f1a, la invitada especial del Festival Internacional Cerventino, en M\u00e9xico"},"previousItem":{"@type":"ListItem","@id":"https:\/\/eldigitaldeasturias.com\/magazine365#listItem","name":"Home"}},{"@type":"ListItem","@id":"https:\/\/eldigitaldeasturias.com\/magazine365\/espana-la-invitada-especial-del-festival-internacional-cerventino-en-mexico\/#listItem","position":3,"name":"Espa\u00f1a, la invitada especial del Festival Internacional Cerventino, en M\u00e9xico","previousItem":{"@type":"ListItem","@id":"https:\/\/eldigitaldeasturias.com\/magazine365\/category\/noticias-actualidad\/#listItem","name":"Noticias y Actualidad"}}]},{"@type":"Organization","@id":"https:\/\/eldigitaldeasturias.com\/magazine365\/#organization","name":"El digital de Asturias","description":"Revista de ocio, turismo y estilo de vida","url":"https:\/\/eldigitaldeasturias.com\/magazine365\/","logo":{"@type":"ImageObject","url":"https:\/\/www.eldigitaldeasturias.com\/noticias\/wp-content\/uploads\/2020\/12\/EDA.jpg","@id":"https:\/\/eldigitaldeasturias.com\/magazine365\/espana-la-invitada-especial-del-festival-internacional-cerventino-en-mexico\/#organizationLogo"},"image":{"@id":"https:\/\/eldigitaldeasturias.com\/magazine365\/espana-la-invitada-especial-del-festival-internacional-cerventino-en-mexico\/#organizationLogo"}},{"@type":"Person","@id":"https:\/\/eldigitaldeasturias.com\/magazine365\/author\/admin\/#author","url":"https:\/\/eldigitaldeasturias.com\/magazine365\/author\/admin\/","name":"admin","image":{"@type":"ImageObject","@id":"https:\/\/eldigitaldeasturias.com\/magazine365\/espana-la-invitada-especial-del-festival-internacional-cerventino-en-mexico\/#authorImage","url":"https:\/\/eldigitaldeasturias.com\/magazine365\/wp-content\/litespeed\/avatar\/e571bcf59a0edd6fa6838245a470f2fe.jpg?ver=1776969259","width":96,"height":96,"caption":"admin"}},{"@type":"WebPage","@id":"https:\/\/eldigitaldeasturias.com\/magazine365\/espana-la-invitada-especial-del-festival-internacional-cerventino-en-mexico\/#webpage","url":"https:\/\/eldigitaldeasturias.com\/magazine365\/espana-la-invitada-especial-del-festival-internacional-cerventino-en-mexico\/","name":"Espa\u00f1a, la invitada especial del Festival Internacional Cerventino, en M\u00e9xico | El Digital de Asturias","description":"Jos\u00e9 Mar\u00eda Lassalle asisti\u00f3 el pasado domingo, 2 de octubre, a la inauguraci\u00f3n de la edici\u00f3n XLIV del Festival Internacional Cervantino (FIC) de Guanajuato (M\u00e9xico), acompa\u00f1ado por el embajador de Espa\u00f1a en M\u00e9xico, Luis Fernandez-Cid de las Alas. Coincidiendo con el IV Centenario de la muerte de Miguel de Cervantes, Espa\u00f1a es el pa\u00eds invitado","inLanguage":"es-ES","isPartOf":{"@id":"https:\/\/eldigitaldeasturias.com\/magazine365\/#website"},"breadcrumb":{"@id":"https:\/\/eldigitaldeasturias.com\/magazine365\/espana-la-invitada-especial-del-festival-internacional-cerventino-en-mexico\/#breadcrumblist"},"author":{"@id":"https:\/\/eldigitaldeasturias.com\/magazine365\/author\/admin\/#author"},"creator":{"@id":"https:\/\/eldigitaldeasturias.com\/magazine365\/author\/admin\/#author"},"image":{"@type":"ImageObject","url":"https:\/\/eldigitaldeasturias.com\/magazine365\/wp-content\/uploads\/2016\/10\/archivo1.jpg","@id":"https:\/\/eldigitaldeasturias.com\/magazine365\/espana-la-invitada-especial-del-festival-internacional-cerventino-en-mexico\/#mainImage","width":321,"height":226},"primaryImageOfPage":{"@id":"https:\/\/eldigitaldeasturias.com\/magazine365\/espana-la-invitada-especial-del-festival-internacional-cerventino-en-mexico\/#mainImage"},"datePublished":"2016-10-05T02:38:51+02:00","dateModified":"2016-10-05T02:38:51+02:00"},{"@type":"WebSite","@id":"https:\/\/eldigitaldeasturias.com\/magazine365\/#website","url":"https:\/\/eldigitaldeasturias.com\/magazine365\/","name":"El Digital de Asturias","description":"Revista de ocio, turismo y estilo de vida","inLanguage":"es-ES","publisher":{"@id":"https:\/\/eldigitaldeasturias.com\/magazine365\/#organization"}}]},"og:locale":"es_ES","og:site_name":"El Digital de Asturias \u2013 Revista de ocio, turismo y estilo de vida","og:type":"article","og:title":"Espa\u00f1a, la invitada especial del Festival Internacional Cerventino, en M\u00e9xico | El Digital de Asturias","og:description":"Jos\u00e9 Mar\u00eda Lassalle asisti\u00f3 el pasado domingo, 2 de octubre, a la inauguraci\u00f3n de la edici\u00f3n XLIV del Festival Internacional Cervantino (FIC) de Guanajuato (M\u00e9xico), acompa\u00f1ado por el embajador de Espa\u00f1a en M\u00e9xico, Luis Fernandez-Cid de las Alas. Coincidiendo con el IV Centenario de la muerte de Miguel de Cervantes, Espa\u00f1a es el pa\u00eds invitado","og:url":"https:\/\/eldigitaldeasturias.com\/magazine365\/espana-la-invitada-especial-del-festival-internacional-cerventino-en-mexico\/","og:image":"https:\/\/eldigitaldeasturias.com\/magazine365\/wp-content\/uploads\/2016\/10\/archivo1.jpg","og:image:secure_url":"https:\/\/eldigitaldeasturias.com\/magazine365\/wp-content\/uploads\/2016\/10\/archivo1.jpg","og:image:width":321,"og:image:height":226,"article:published_time":"2016-10-05T00:38:51+00:00","article:modified_time":"2016-10-05T00:38:51+00:00","twitter:card":"summary_large_image","twitter:title":"Espa\u00f1a, la invitada especial del Festival Internacional Cerventino, en M\u00e9xico | El Digital de Asturias","twitter:description":"Jos\u00e9 Mar\u00eda Lassalle asisti\u00f3 el pasado domingo, 2 de octubre, a la inauguraci\u00f3n de la edici\u00f3n XLIV del Festival Internacional Cervantino (FIC) de Guanajuato (M\u00e9xico), acompa\u00f1ado por el embajador de Espa\u00f1a en M\u00e9xico, Luis Fernandez-Cid de las Alas. Coincidiendo con el IV Centenario de la muerte de Miguel de Cervantes, Espa\u00f1a es el pa\u00eds invitado","twitter:image":"https:\/\/eldigitaldeasturias.com\/magazine365\/wp-content\/uploads\/2016\/10\/archivo1.jpg"},"aioseo_meta_data":{"post_id":"82995","title":null,"description":null,"keywords":null,"keyphrases":null,"primary_term":null,"canonical_url":null,"og_title":null,"og_description":null,"og_object_type":"default","og_image_type":"default","og_image_url":null,"og_image_width":null,"og_image_height":null,"og_image_custom_url":null,"og_image_custom_fields":null,"og_video":null,"og_custom_url":null,"og_article_section":null,"og_article_tags":null,"twitter_use_og":false,"twitter_card":"default","twitter_image_type":"default","twitter_image_url":null,"twitter_image_custom_url":null,"twitter_image_custom_fields":null,"twitter_title":null,"twitter_description":null,"schema":{"blockGraphs":[],"customGraphs":[],"default":{"data":{"Article":[],"Course":[],"Dataset":[],"FAQPage":[],"Movie":[],"Person":[],"Product":[],"ProductReview":[],"Car":[],"Recipe":[],"Service":[],"SoftwareApplication":[],"WebPage":[]},"graphName":"","isEnabled":true},"graphs":[],"defaultGraph":"","defaultPostTypeGraph":""},"schema_type":null,"schema_type_options":null,"pillar_content":false,"robots_default":true,"robots_noindex":false,"robots_noarchive":false,"robots_nosnippet":false,"robots_nofollow":false,"robots_noimageindex":false,"robots_noodp":false,"robots_notranslate":false,"robots_max_snippet":null,"robots_max_videopreview":null,"robots_max_imagepreview":"large","priority":null,"frequency":null,"location":null,"local_seo":null,"seo_analyzer_scan_date":"2025-09-28 02:07:59","breadcrumb_settings":null,"limit_modified_date":false,"open_ai":null,"ai":null,"created":"2020-12-21 15:30:20","updated":"2025-09-28 02:07:59"},"aioseo_breadcrumb":"<div class=\"aioseo-breadcrumbs\"><span class=\"aioseo-breadcrumb\">\n\t<a href=\"https:\/\/eldigitaldeasturias.com\/magazine365\" title=\"Home\">Home<\/a>\n<\/span><span class=\"aioseo-breadcrumb-separator\">\u2013<\/span><span class=\"aioseo-breadcrumb\">\n\t<a href=\"https:\/\/eldigitaldeasturias.com\/magazine365\/category\/noticias-actualidad\/\" title=\"Noticias y Actualidad\">Noticias y Actualidad<\/a>\n<\/span><span class=\"aioseo-breadcrumb-separator\">\u2013<\/span><span class=\"aioseo-breadcrumb\">\n\t<a href=\"https:\/\/eldigitaldeasturias.com\/magazine365\/espana-la-invitada-especial-del-festival-internacional-cerventino-en-mexico\/\" title=\"Espa\u00f1a, la invitada especial del Festival Internacional Cerventino, en M\u00e9xico\">Espa\u00f1a, la invitada especial del Festival Internacional Cerventino, en M\u00e9xico<\/a>\n<\/span><\/div>","aioseo_breadcrumb_json":[{"label":"Home","link":"https:\/\/eldigitaldeasturias.com\/magazine365"},{"label":"Noticias y Actualidad","link":"https:\/\/eldigitaldeasturias.com\/magazine365\/category\/noticias-actualidad\/"},{"label":"Espa\u00f1a, la invitada especial del Festival Internacional Cerventino, en M\u00e9xico","link":"https:\/\/eldigitaldeasturias.com\/magazine365\/espana-la-invitada-especial-del-festival-internacional-cerventino-en-mexico\/"}],"_links":{"self":[{"href":"https:\/\/eldigitaldeasturias.com\/magazine365\/wp-json\/wp\/v2\/posts\/82995","targetHints":{"allow":["GET"]}}],"collection":[{"href":"https:\/\/eldigitaldeasturias.com\/magazine365\/wp-json\/wp\/v2\/posts"}],"about":[{"href":"https:\/\/eldigitaldeasturias.com\/magazine365\/wp-json\/wp\/v2\/types\/post"}],"author":[{"embeddable":true,"href":"https:\/\/eldigitaldeasturias.com\/magazine365\/wp-json\/wp\/v2\/users\/1"}],"replies":[{"embeddable":true,"href":"https:\/\/eldigitaldeasturias.com\/magazine365\/wp-json\/wp\/v2\/comments?post=82995"}],"version-history":[{"count":0,"href":"https:\/\/eldigitaldeasturias.com\/magazine365\/wp-json\/wp\/v2\/posts\/82995\/revisions"}],"wp:featuredmedia":[{"embeddable":true,"href":"https:\/\/eldigitaldeasturias.com\/magazine365\/wp-json\/wp\/v2\/media\/82996"}],"wp:attachment":[{"href":"https:\/\/eldigitaldeasturias.com\/magazine365\/wp-json\/wp\/v2\/media?parent=82995"}],"wp:term":[{"taxonomy":"category","embeddable":true,"href":"https:\/\/eldigitaldeasturias.com\/magazine365\/wp-json\/wp\/v2\/categories?post=82995"},{"taxonomy":"post_tag","embeddable":true,"href":"https:\/\/eldigitaldeasturias.com\/magazine365\/wp-json\/wp\/v2\/tags?post=82995"}],"curies":[{"name":"wp","href":"https:\/\/api.w.org\/{rel}","templated":true}]}}