{"id":82945,"date":"2016-10-02T08:13:04","date_gmt":"2016-10-02T06:13:04","guid":{"rendered":"http:\/\/eldigitaldeasturias.com\/magazine365\/?p=82945"},"modified":"2016-10-02T08:13:04","modified_gmt":"2016-10-02T06:13:04","slug":"mendez-de-vigo-inaugura-la-28o-feria-de-otono-del-libro-viejo-y-antiguo-de-madrid","status":"publish","type":"post","link":"https:\/\/eldigitaldeasturias.com\/magazine365\/mendez-de-vigo-inaugura-la-28o-feria-de-otono-del-libro-viejo-y-antiguo-de-madrid\/","title":{"rendered":"M\u00e9ndez de Vigo inaugura la 28\u00ba Feria de Oto\u00f1o del Libro Viejo y Antiguo de Madrid"},"content":{"rendered":"<p><img fetchpriority=\"high\" decoding=\"async\" class=\"alignleft size-medium wp-image-82946\" src=\"https:\/\/eldigitaldeasturias.com\/magazine365\/wp-content\/uploads\/2016\/10\/290916mendezdevigo-360x239.jpg\" alt=\"290916mendezdevigo\" width=\"360\" height=\"239\" srcset=\"https:\/\/eldigitaldeasturias.com\/magazine365\/wp-content\/uploads\/2016\/10\/290916mendezdevigo-360x239.jpg 360w, https:\/\/eldigitaldeasturias.com\/magazine365\/wp-content\/uploads\/2016\/10\/290916mendezdevigo-150x99.jpg 150w, https:\/\/eldigitaldeasturias.com\/magazine365\/wp-content\/uploads\/2016\/10\/290916mendezdevigo-450x298.jpg 450w, https:\/\/eldigitaldeasturias.com\/magazine365\/wp-content\/uploads\/2016\/10\/290916mendezdevigo-121x79.jpg 121w, https:\/\/eldigitaldeasturias.com\/magazine365\/wp-content\/uploads\/2016\/10\/290916mendezdevigo-101x66.jpg 101w, https:\/\/eldigitaldeasturias.com\/magazine365\/wp-content\/uploads\/2016\/10\/290916mendezdevigo.jpg 496w\" sizes=\"(max-width: 360px) 100vw, 360px\" \/>El ministro de Educaci\u00f3n, Cultura y Deporte en funciones, \u00cd\u00f1igo M\u00e9ndez de Vigo, ha inaugurado la 28\u00ba Feria de Oto\u00f1o del Libro Viejo y Antiguo de Madrid, que se desarrollar\u00e1 del 29 de septiembre al 16 de octubre en el paseo de Recoletos. Organizada por LIBRIS, la Asociaci\u00f3n de Libreros de Viejo, en colaboraci\u00f3n con el Ayuntamiento de Madrid, la Feria tiene en esta edici\u00f3n como protagonistas a Miguel de Cervantes y William Shakespeare, por el cuarto centenario de sus muertes.<\/p>\n<p>M\u00e9ndez de Vigo ha comprado durante la inauguraci\u00f3n y posterior visita a la feria un libro de la escritora Carmen de Icaza, abuela del ministro: \u00abEscribi\u00f3 once libros y los he le\u00eddo todos. De hecho, los releo todos los a\u00f1os en Navidad y cada vez me gustan m\u00e1s\u00bb. El ministro de Educaci\u00f3n, Cultura y Deporte en funciones ha aprovechado para animar a todos los madrile\u00f1os y a cualquiera que est\u00e9 de visita por Madrid para visitar y disfrutar la feria.<\/p>\n<p>La 28\u00aa Feria de Oto\u00f1o del Libro Viejo y Antiguo de Madrid contar\u00e1 con la presencia de un total de 39 librer\u00edas espa\u00f1olas, que ofrecer\u00e1n Fondos Bibliogr\u00e1ficos atesorados en establecimientos de toda Espa\u00f1a. M\u00e1s de medio mill\u00f3n de libros de todas las tem\u00e1ticas, tanto en ediciones de bolsillo, como en ricas y cuidadas encuadernaciones; desde el m\u00e1s curioso libro infantil, pasando por ediciones de \u00e9poca de autores del Siglo de Oro, hasta sencillas revistas antiguas e importantes documentos hist\u00f3ricos.<\/p>\n<p>Homenaje a Cervantes y Shakespeare<\/p>\n<p>Las librer\u00edas participantes conmemorar\u00e1n el cuarto centenario de la muerte de los dos genios de las letras, Miguel de Cervantes y William Shakespeare, poniendo a disposici\u00f3n del p\u00fablico distintas ediciones de estos dos autores de la literatura universal.<\/p>\n<p>El reconocido ilustrador madrile\u00f1o Fernando Vicente, tambi\u00e9n se ha sumado al homenaje con el dise\u00f1o del cartel de esta edici\u00f3n, que est\u00e1 dedicado a El Quijote.<\/p>\n<p>Por otro lado, y como viene siendo habitual, LIBRIS ha editado un libro con motivo de la celebraci\u00f3n de la Feria. En esta edici\u00f3n se trata de El ideal de los cocineros, de Waps, un facs\u00edmil del original de los a\u00f1os 20, que recoge los conocimientos indispensables para el cocinero, el pinche, el jefe de comedor y, especialmente, a la madre de familia. El autor fue jefe de cocina en los principales hoteles de Espa\u00f1a de la \u00e9poca.<\/p>\n<p>&nbsp;<\/p>\n","protected":false},"excerpt":{"rendered":"<p>El ministro de Educaci\u00f3n, Cultura y Deporte en funciones, \u00cd\u00f1igo M\u00e9ndez de Vigo, ha inaugurado la 28\u00ba Feria de Oto\u00f1o del Libro Viejo y Antiguo de Madrid, que se desarrollar\u00e1 del 29 de septiembre al 16 de octubre en el paseo de Recoletos. Organizada por LIBRIS, la Asociaci\u00f3n de Libreros de Viejo, en colaboraci\u00f3n con<\/p>\n","protected":false},"author":1,"featured_media":82946,"comment_status":"open","ping_status":"closed","sticky":false,"template":"","format":"standard","meta":{"footnotes":""},"categories":[224],"tags":[],"class_list":{"0":"post-82945","1":"post","2":"type-post","3":"status-publish","4":"format-standard","5":"has-post-thumbnail","7":"category-noticias-actualidad"},"aioseo_notices":[],"aioseo_head":"\n\t\t<!-- All in One SEO Pro 4.9.6.1 - aioseo.com -->\n\t<meta name=\"description\" content=\"El ministro de Educaci\u00f3n, Cultura y Deporte en funciones, \u00cd\u00f1igo M\u00e9ndez de Vigo, ha inaugurado la 28\u00ba Feria de Oto\u00f1o del Libro Viejo y Antiguo de Madrid, que se desarrollar\u00e1 del 29 de septiembre al 16 de octubre en el paseo de Recoletos. Organizada por LIBRIS, la Asociaci\u00f3n de Libreros de Viejo, en colaboraci\u00f3n con\" \/>\n\t<meta name=\"robots\" content=\"max-image-preview:large\" \/>\n\t<meta name=\"author\" content=\"admin\"\/>\n\t<meta name=\"google-site-verification\" content=\"UA-38556648-1\" \/>\n\t<meta name=\"keywords\" content=\"noticias y actualidad\" \/>\n\t<link rel=\"canonical\" href=\"https:\/\/eldigitaldeasturias.com\/magazine365\/mendez-de-vigo-inaugura-la-28o-feria-de-otono-del-libro-viejo-y-antiguo-de-madrid\/\" \/>\n\t<meta name=\"generator\" content=\"All in One SEO Pro (AIOSEO) 4.9.6.1\" \/>\n\t\t<meta property=\"og:locale\" content=\"es_ES\" \/>\n\t\t<meta property=\"og:site_name\" content=\"El Digital de Asturias \u2013 Revista de ocio, turismo y estilo de vida\" \/>\n\t\t<meta property=\"og:type\" content=\"article\" \/>\n\t\t<meta property=\"og:title\" content=\"M\u00e9ndez de Vigo inaugura la 28\u00ba Feria de Oto\u00f1o del Libro Viejo y Antiguo de Madrid | El Digital de Asturias\" \/>\n\t\t<meta property=\"og:description\" content=\"El ministro de Educaci\u00f3n, Cultura y Deporte en funciones, \u00cd\u00f1igo M\u00e9ndez de Vigo, ha inaugurado la 28\u00ba Feria de Oto\u00f1o del Libro Viejo y Antiguo de Madrid, que se desarrollar\u00e1 del 29 de septiembre al 16 de octubre en el paseo de Recoletos. Organizada por LIBRIS, la Asociaci\u00f3n de Libreros de Viejo, en colaboraci\u00f3n con\" \/>\n\t\t<meta property=\"og:url\" content=\"https:\/\/eldigitaldeasturias.com\/magazine365\/mendez-de-vigo-inaugura-la-28o-feria-de-otono-del-libro-viejo-y-antiguo-de-madrid\/\" \/>\n\t\t<meta property=\"og:image\" content=\"https:\/\/eldigitaldeasturias.com\/magazine365\/wp-content\/uploads\/2016\/10\/290916mendezdevigo.jpg\" \/>\n\t\t<meta property=\"og:image:secure_url\" content=\"https:\/\/eldigitaldeasturias.com\/magazine365\/wp-content\/uploads\/2016\/10\/290916mendezdevigo.jpg\" \/>\n\t\t<meta property=\"og:image:width\" content=\"496\" \/>\n\t\t<meta property=\"og:image:height\" content=\"329\" \/>\n\t\t<meta property=\"article:published_time\" content=\"2016-10-02T06:13:04+00:00\" \/>\n\t\t<meta property=\"article:modified_time\" content=\"2016-10-02T06:13:04+00:00\" \/>\n\t\t<meta name=\"twitter:card\" content=\"summary_large_image\" \/>\n\t\t<meta name=\"twitter:title\" content=\"M\u00e9ndez de Vigo inaugura la 28\u00ba Feria de Oto\u00f1o del Libro Viejo y Antiguo de Madrid | El Digital de Asturias\" \/>\n\t\t<meta name=\"twitter:description\" content=\"El ministro de Educaci\u00f3n, Cultura y Deporte en funciones, \u00cd\u00f1igo M\u00e9ndez de Vigo, ha inaugurado la 28\u00ba Feria de Oto\u00f1o del Libro Viejo y Antiguo de Madrid, que se desarrollar\u00e1 del 29 de septiembre al 16 de octubre en el paseo de Recoletos. Organizada por LIBRIS, la Asociaci\u00f3n de Libreros de Viejo, en colaboraci\u00f3n con\" \/>\n\t\t<meta name=\"twitter:image\" content=\"https:\/\/eldigitaldeasturias.com\/magazine365\/wp-content\/uploads\/2016\/10\/290916mendezdevigo.jpg\" \/>\n\t\t<script type=\"application\/ld+json\" class=\"aioseo-schema\">\n\t\t\t{\"@context\":\"https:\\\/\\\/schema.org\",\"@graph\":[{\"@type\":\"Article\",\"@id\":\"https:\\\/\\\/eldigitaldeasturias.com\\\/magazine365\\\/mendez-de-vigo-inaugura-la-28o-feria-de-otono-del-libro-viejo-y-antiguo-de-madrid\\\/#article\",\"name\":\"M\\u00e9ndez de Vigo inaugura la 28\\u00ba Feria de Oto\\u00f1o del Libro Viejo y Antiguo de Madrid | El Digital de Asturias\",\"headline\":\"M\\u00e9ndez de Vigo inaugura la 28\\u00ba Feria de Oto\\u00f1o del Libro Viejo y Antiguo de Madrid\",\"author\":{\"@id\":\"https:\\\/\\\/eldigitaldeasturias.com\\\/magazine365\\\/author\\\/admin\\\/#author\"},\"publisher\":{\"@id\":\"https:\\\/\\\/eldigitaldeasturias.com\\\/magazine365\\\/#organization\"},\"image\":{\"@type\":\"ImageObject\",\"url\":\"https:\\\/\\\/eldigitaldeasturias.com\\\/magazine365\\\/wp-content\\\/uploads\\\/2016\\\/10\\\/290916mendezdevigo.jpg\",\"width\":496,\"height\":329},\"datePublished\":\"2016-10-02T08:13:04+02:00\",\"dateModified\":\"2016-10-02T08:13:04+02:00\",\"inLanguage\":\"es-ES\",\"mainEntityOfPage\":{\"@id\":\"https:\\\/\\\/eldigitaldeasturias.com\\\/magazine365\\\/mendez-de-vigo-inaugura-la-28o-feria-de-otono-del-libro-viejo-y-antiguo-de-madrid\\\/#webpage\"},\"isPartOf\":{\"@id\":\"https:\\\/\\\/eldigitaldeasturias.com\\\/magazine365\\\/mendez-de-vigo-inaugura-la-28o-feria-de-otono-del-libro-viejo-y-antiguo-de-madrid\\\/#webpage\"},\"articleSection\":\"Noticias y Actualidad\"},{\"@type\":\"BreadcrumbList\",\"@id\":\"https:\\\/\\\/eldigitaldeasturias.com\\\/magazine365\\\/mendez-de-vigo-inaugura-la-28o-feria-de-otono-del-libro-viejo-y-antiguo-de-madrid\\\/#breadcrumblist\",\"itemListElement\":[{\"@type\":\"ListItem\",\"@id\":\"https:\\\/\\\/eldigitaldeasturias.com\\\/magazine365#listItem\",\"position\":1,\"name\":\"Home\",\"item\":\"https:\\\/\\\/eldigitaldeasturias.com\\\/magazine365\",\"nextItem\":{\"@type\":\"ListItem\",\"@id\":\"https:\\\/\\\/eldigitaldeasturias.com\\\/magazine365\\\/category\\\/noticias-actualidad\\\/#listItem\",\"name\":\"Noticias y Actualidad\"}},{\"@type\":\"ListItem\",\"@id\":\"https:\\\/\\\/eldigitaldeasturias.com\\\/magazine365\\\/category\\\/noticias-actualidad\\\/#listItem\",\"position\":2,\"name\":\"Noticias y Actualidad\",\"item\":\"https:\\\/\\\/eldigitaldeasturias.com\\\/magazine365\\\/category\\\/noticias-actualidad\\\/\",\"nextItem\":{\"@type\":\"ListItem\",\"@id\":\"https:\\\/\\\/eldigitaldeasturias.com\\\/magazine365\\\/mendez-de-vigo-inaugura-la-28o-feria-de-otono-del-libro-viejo-y-antiguo-de-madrid\\\/#listItem\",\"name\":\"M\\u00e9ndez de Vigo inaugura la 28\\u00ba Feria de Oto\\u00f1o del Libro Viejo y Antiguo de Madrid\"},\"previousItem\":{\"@type\":\"ListItem\",\"@id\":\"https:\\\/\\\/eldigitaldeasturias.com\\\/magazine365#listItem\",\"name\":\"Home\"}},{\"@type\":\"ListItem\",\"@id\":\"https:\\\/\\\/eldigitaldeasturias.com\\\/magazine365\\\/mendez-de-vigo-inaugura-la-28o-feria-de-otono-del-libro-viejo-y-antiguo-de-madrid\\\/#listItem\",\"position\":3,\"name\":\"M\\u00e9ndez de Vigo inaugura la 28\\u00ba Feria de Oto\\u00f1o del Libro Viejo y Antiguo de Madrid\",\"previousItem\":{\"@type\":\"ListItem\",\"@id\":\"https:\\\/\\\/eldigitaldeasturias.com\\\/magazine365\\\/category\\\/noticias-actualidad\\\/#listItem\",\"name\":\"Noticias y Actualidad\"}}]},{\"@type\":\"Organization\",\"@id\":\"https:\\\/\\\/eldigitaldeasturias.com\\\/magazine365\\\/#organization\",\"name\":\"El digital de Asturias\",\"description\":\"Revista de ocio, turismo y estilo de vida\",\"url\":\"https:\\\/\\\/eldigitaldeasturias.com\\\/magazine365\\\/\",\"logo\":{\"@type\":\"ImageObject\",\"url\":\"https:\\\/\\\/www.eldigitaldeasturias.com\\\/noticias\\\/wp-content\\\/uploads\\\/2020\\\/12\\\/EDA.jpg\",\"@id\":\"https:\\\/\\\/eldigitaldeasturias.com\\\/magazine365\\\/mendez-de-vigo-inaugura-la-28o-feria-de-otono-del-libro-viejo-y-antiguo-de-madrid\\\/#organizationLogo\"},\"image\":{\"@id\":\"https:\\\/\\\/eldigitaldeasturias.com\\\/magazine365\\\/mendez-de-vigo-inaugura-la-28o-feria-de-otono-del-libro-viejo-y-antiguo-de-madrid\\\/#organizationLogo\"}},{\"@type\":\"Person\",\"@id\":\"https:\\\/\\\/eldigitaldeasturias.com\\\/magazine365\\\/author\\\/admin\\\/#author\",\"url\":\"https:\\\/\\\/eldigitaldeasturias.com\\\/magazine365\\\/author\\\/admin\\\/\",\"name\":\"admin\",\"image\":{\"@type\":\"ImageObject\",\"@id\":\"https:\\\/\\\/eldigitaldeasturias.com\\\/magazine365\\\/mendez-de-vigo-inaugura-la-28o-feria-de-otono-del-libro-viejo-y-antiguo-de-madrid\\\/#authorImage\",\"url\":\"https:\\\/\\\/eldigitaldeasturias.com\\\/magazine365\\\/wp-content\\\/litespeed\\\/avatar\\\/e571bcf59a0edd6fa6838245a470f2fe.jpg?ver=1776969259\",\"width\":96,\"height\":96,\"caption\":\"admin\"}},{\"@type\":\"WebPage\",\"@id\":\"https:\\\/\\\/eldigitaldeasturias.com\\\/magazine365\\\/mendez-de-vigo-inaugura-la-28o-feria-de-otono-del-libro-viejo-y-antiguo-de-madrid\\\/#webpage\",\"url\":\"https:\\\/\\\/eldigitaldeasturias.com\\\/magazine365\\\/mendez-de-vigo-inaugura-la-28o-feria-de-otono-del-libro-viejo-y-antiguo-de-madrid\\\/\",\"name\":\"M\\u00e9ndez de Vigo inaugura la 28\\u00ba Feria de Oto\\u00f1o del Libro Viejo y Antiguo de Madrid | El Digital de Asturias\",\"description\":\"El ministro de Educaci\\u00f3n, Cultura y Deporte en funciones, \\u00cd\\u00f1igo M\\u00e9ndez de Vigo, ha inaugurado la 28\\u00ba Feria de Oto\\u00f1o del Libro Viejo y Antiguo de Madrid, que se desarrollar\\u00e1 del 29 de septiembre al 16 de octubre en el paseo de Recoletos. Organizada por LIBRIS, la Asociaci\\u00f3n de Libreros de Viejo, en colaboraci\\u00f3n con\",\"inLanguage\":\"es-ES\",\"isPartOf\":{\"@id\":\"https:\\\/\\\/eldigitaldeasturias.com\\\/magazine365\\\/#website\"},\"breadcrumb\":{\"@id\":\"https:\\\/\\\/eldigitaldeasturias.com\\\/magazine365\\\/mendez-de-vigo-inaugura-la-28o-feria-de-otono-del-libro-viejo-y-antiguo-de-madrid\\\/#breadcrumblist\"},\"author\":{\"@id\":\"https:\\\/\\\/eldigitaldeasturias.com\\\/magazine365\\\/author\\\/admin\\\/#author\"},\"creator\":{\"@id\":\"https:\\\/\\\/eldigitaldeasturias.com\\\/magazine365\\\/author\\\/admin\\\/#author\"},\"image\":{\"@type\":\"ImageObject\",\"url\":\"https:\\\/\\\/eldigitaldeasturias.com\\\/magazine365\\\/wp-content\\\/uploads\\\/2016\\\/10\\\/290916mendezdevigo.jpg\",\"@id\":\"https:\\\/\\\/eldigitaldeasturias.com\\\/magazine365\\\/mendez-de-vigo-inaugura-la-28o-feria-de-otono-del-libro-viejo-y-antiguo-de-madrid\\\/#mainImage\",\"width\":496,\"height\":329},\"primaryImageOfPage\":{\"@id\":\"https:\\\/\\\/eldigitaldeasturias.com\\\/magazine365\\\/mendez-de-vigo-inaugura-la-28o-feria-de-otono-del-libro-viejo-y-antiguo-de-madrid\\\/#mainImage\"},\"datePublished\":\"2016-10-02T08:13:04+02:00\",\"dateModified\":\"2016-10-02T08:13:04+02:00\"},{\"@type\":\"WebSite\",\"@id\":\"https:\\\/\\\/eldigitaldeasturias.com\\\/magazine365\\\/#website\",\"url\":\"https:\\\/\\\/eldigitaldeasturias.com\\\/magazine365\\\/\",\"name\":\"El Digital de Asturias\",\"description\":\"Revista de ocio, turismo y estilo de vida\",\"inLanguage\":\"es-ES\",\"publisher\":{\"@id\":\"https:\\\/\\\/eldigitaldeasturias.com\\\/magazine365\\\/#organization\"}}]}\n\t\t<\/script>\n\t\t<!-- All in One SEO Pro -->\r\n\t\t<title>M\u00e9ndez de Vigo inaugura la 28\u00ba Feria de Oto\u00f1o del Libro Viejo y Antiguo de Madrid | El Digital de Asturias<\/title>\n\n","aioseo_head_json":{"title":"M\u00e9ndez de Vigo inaugura la 28\u00ba Feria de Oto\u00f1o del Libro Viejo y Antiguo de Madrid | El Digital de Asturias","description":"El ministro de Educaci\u00f3n, Cultura y Deporte en funciones, \u00cd\u00f1igo M\u00e9ndez de Vigo, ha inaugurado la 28\u00ba Feria de Oto\u00f1o del Libro Viejo y Antiguo de Madrid, que se desarrollar\u00e1 del 29 de septiembre al 16 de octubre en el paseo de Recoletos. Organizada por LIBRIS, la Asociaci\u00f3n de Libreros de Viejo, en colaboraci\u00f3n con","canonical_url":"https:\/\/eldigitaldeasturias.com\/magazine365\/mendez-de-vigo-inaugura-la-28o-feria-de-otono-del-libro-viejo-y-antiguo-de-madrid\/","robots":"max-image-preview:large","keywords":"noticias y actualidad","webmasterTools":{"google-site-verification":"UA-38556648-1","miscellaneous":""},"schema":{"@context":"https:\/\/schema.org","@graph":[{"@type":"Article","@id":"https:\/\/eldigitaldeasturias.com\/magazine365\/mendez-de-vigo-inaugura-la-28o-feria-de-otono-del-libro-viejo-y-antiguo-de-madrid\/#article","name":"M\u00e9ndez de Vigo inaugura la 28\u00ba Feria de Oto\u00f1o del Libro Viejo y Antiguo de Madrid | El Digital de Asturias","headline":"M\u00e9ndez de Vigo inaugura la 28\u00ba Feria de Oto\u00f1o del Libro Viejo y Antiguo de Madrid","author":{"@id":"https:\/\/eldigitaldeasturias.com\/magazine365\/author\/admin\/#author"},"publisher":{"@id":"https:\/\/eldigitaldeasturias.com\/magazine365\/#organization"},"image":{"@type":"ImageObject","url":"https:\/\/eldigitaldeasturias.com\/magazine365\/wp-content\/uploads\/2016\/10\/290916mendezdevigo.jpg","width":496,"height":329},"datePublished":"2016-10-02T08:13:04+02:00","dateModified":"2016-10-02T08:13:04+02:00","inLanguage":"es-ES","mainEntityOfPage":{"@id":"https:\/\/eldigitaldeasturias.com\/magazine365\/mendez-de-vigo-inaugura-la-28o-feria-de-otono-del-libro-viejo-y-antiguo-de-madrid\/#webpage"},"isPartOf":{"@id":"https:\/\/eldigitaldeasturias.com\/magazine365\/mendez-de-vigo-inaugura-la-28o-feria-de-otono-del-libro-viejo-y-antiguo-de-madrid\/#webpage"},"articleSection":"Noticias y Actualidad"},{"@type":"BreadcrumbList","@id":"https:\/\/eldigitaldeasturias.com\/magazine365\/mendez-de-vigo-inaugura-la-28o-feria-de-otono-del-libro-viejo-y-antiguo-de-madrid\/#breadcrumblist","itemListElement":[{"@type":"ListItem","@id":"https:\/\/eldigitaldeasturias.com\/magazine365#listItem","position":1,"name":"Home","item":"https:\/\/eldigitaldeasturias.com\/magazine365","nextItem":{"@type":"ListItem","@id":"https:\/\/eldigitaldeasturias.com\/magazine365\/category\/noticias-actualidad\/#listItem","name":"Noticias y Actualidad"}},{"@type":"ListItem","@id":"https:\/\/eldigitaldeasturias.com\/magazine365\/category\/noticias-actualidad\/#listItem","position":2,"name":"Noticias y Actualidad","item":"https:\/\/eldigitaldeasturias.com\/magazine365\/category\/noticias-actualidad\/","nextItem":{"@type":"ListItem","@id":"https:\/\/eldigitaldeasturias.com\/magazine365\/mendez-de-vigo-inaugura-la-28o-feria-de-otono-del-libro-viejo-y-antiguo-de-madrid\/#listItem","name":"M\u00e9ndez de Vigo inaugura la 28\u00ba Feria de Oto\u00f1o del Libro Viejo y Antiguo de Madrid"},"previousItem":{"@type":"ListItem","@id":"https:\/\/eldigitaldeasturias.com\/magazine365#listItem","name":"Home"}},{"@type":"ListItem","@id":"https:\/\/eldigitaldeasturias.com\/magazine365\/mendez-de-vigo-inaugura-la-28o-feria-de-otono-del-libro-viejo-y-antiguo-de-madrid\/#listItem","position":3,"name":"M\u00e9ndez de Vigo inaugura la 28\u00ba Feria de Oto\u00f1o del Libro Viejo y Antiguo de Madrid","previousItem":{"@type":"ListItem","@id":"https:\/\/eldigitaldeasturias.com\/magazine365\/category\/noticias-actualidad\/#listItem","name":"Noticias y Actualidad"}}]},{"@type":"Organization","@id":"https:\/\/eldigitaldeasturias.com\/magazine365\/#organization","name":"El digital de Asturias","description":"Revista de ocio, turismo y estilo de vida","url":"https:\/\/eldigitaldeasturias.com\/magazine365\/","logo":{"@type":"ImageObject","url":"https:\/\/www.eldigitaldeasturias.com\/noticias\/wp-content\/uploads\/2020\/12\/EDA.jpg","@id":"https:\/\/eldigitaldeasturias.com\/magazine365\/mendez-de-vigo-inaugura-la-28o-feria-de-otono-del-libro-viejo-y-antiguo-de-madrid\/#organizationLogo"},"image":{"@id":"https:\/\/eldigitaldeasturias.com\/magazine365\/mendez-de-vigo-inaugura-la-28o-feria-de-otono-del-libro-viejo-y-antiguo-de-madrid\/#organizationLogo"}},{"@type":"Person","@id":"https:\/\/eldigitaldeasturias.com\/magazine365\/author\/admin\/#author","url":"https:\/\/eldigitaldeasturias.com\/magazine365\/author\/admin\/","name":"admin","image":{"@type":"ImageObject","@id":"https:\/\/eldigitaldeasturias.com\/magazine365\/mendez-de-vigo-inaugura-la-28o-feria-de-otono-del-libro-viejo-y-antiguo-de-madrid\/#authorImage","url":"https:\/\/eldigitaldeasturias.com\/magazine365\/wp-content\/litespeed\/avatar\/e571bcf59a0edd6fa6838245a470f2fe.jpg?ver=1776969259","width":96,"height":96,"caption":"admin"}},{"@type":"WebPage","@id":"https:\/\/eldigitaldeasturias.com\/magazine365\/mendez-de-vigo-inaugura-la-28o-feria-de-otono-del-libro-viejo-y-antiguo-de-madrid\/#webpage","url":"https:\/\/eldigitaldeasturias.com\/magazine365\/mendez-de-vigo-inaugura-la-28o-feria-de-otono-del-libro-viejo-y-antiguo-de-madrid\/","name":"M\u00e9ndez de Vigo inaugura la 28\u00ba Feria de Oto\u00f1o del Libro Viejo y Antiguo de Madrid | El Digital de Asturias","description":"El ministro de Educaci\u00f3n, Cultura y Deporte en funciones, \u00cd\u00f1igo M\u00e9ndez de Vigo, ha inaugurado la 28\u00ba Feria de Oto\u00f1o del Libro Viejo y Antiguo de Madrid, que se desarrollar\u00e1 del 29 de septiembre al 16 de octubre en el paseo de Recoletos. Organizada por LIBRIS, la Asociaci\u00f3n de Libreros de Viejo, en colaboraci\u00f3n con","inLanguage":"es-ES","isPartOf":{"@id":"https:\/\/eldigitaldeasturias.com\/magazine365\/#website"},"breadcrumb":{"@id":"https:\/\/eldigitaldeasturias.com\/magazine365\/mendez-de-vigo-inaugura-la-28o-feria-de-otono-del-libro-viejo-y-antiguo-de-madrid\/#breadcrumblist"},"author":{"@id":"https:\/\/eldigitaldeasturias.com\/magazine365\/author\/admin\/#author"},"creator":{"@id":"https:\/\/eldigitaldeasturias.com\/magazine365\/author\/admin\/#author"},"image":{"@type":"ImageObject","url":"https:\/\/eldigitaldeasturias.com\/magazine365\/wp-content\/uploads\/2016\/10\/290916mendezdevigo.jpg","@id":"https:\/\/eldigitaldeasturias.com\/magazine365\/mendez-de-vigo-inaugura-la-28o-feria-de-otono-del-libro-viejo-y-antiguo-de-madrid\/#mainImage","width":496,"height":329},"primaryImageOfPage":{"@id":"https:\/\/eldigitaldeasturias.com\/magazine365\/mendez-de-vigo-inaugura-la-28o-feria-de-otono-del-libro-viejo-y-antiguo-de-madrid\/#mainImage"},"datePublished":"2016-10-02T08:13:04+02:00","dateModified":"2016-10-02T08:13:04+02:00"},{"@type":"WebSite","@id":"https:\/\/eldigitaldeasturias.com\/magazine365\/#website","url":"https:\/\/eldigitaldeasturias.com\/magazine365\/","name":"El Digital de Asturias","description":"Revista de ocio, turismo y estilo de vida","inLanguage":"es-ES","publisher":{"@id":"https:\/\/eldigitaldeasturias.com\/magazine365\/#organization"}}]},"og:locale":"es_ES","og:site_name":"El Digital de Asturias \u2013 Revista de ocio, turismo y estilo de vida","og:type":"article","og:title":"M\u00e9ndez de Vigo inaugura la 28\u00ba Feria de Oto\u00f1o del Libro Viejo y Antiguo de Madrid | El Digital de Asturias","og:description":"El ministro de Educaci\u00f3n, Cultura y Deporte en funciones, \u00cd\u00f1igo M\u00e9ndez de Vigo, ha inaugurado la 28\u00ba Feria de Oto\u00f1o del Libro Viejo y Antiguo de Madrid, que se desarrollar\u00e1 del 29 de septiembre al 16 de octubre en el paseo de Recoletos. Organizada por LIBRIS, la Asociaci\u00f3n de Libreros de Viejo, en colaboraci\u00f3n con","og:url":"https:\/\/eldigitaldeasturias.com\/magazine365\/mendez-de-vigo-inaugura-la-28o-feria-de-otono-del-libro-viejo-y-antiguo-de-madrid\/","og:image":"https:\/\/eldigitaldeasturias.com\/magazine365\/wp-content\/uploads\/2016\/10\/290916mendezdevigo.jpg","og:image:secure_url":"https:\/\/eldigitaldeasturias.com\/magazine365\/wp-content\/uploads\/2016\/10\/290916mendezdevigo.jpg","og:image:width":496,"og:image:height":329,"article:published_time":"2016-10-02T06:13:04+00:00","article:modified_time":"2016-10-02T06:13:04+00:00","twitter:card":"summary_large_image","twitter:title":"M\u00e9ndez de Vigo inaugura la 28\u00ba Feria de Oto\u00f1o del Libro Viejo y Antiguo de Madrid | El Digital de Asturias","twitter:description":"El ministro de Educaci\u00f3n, Cultura y Deporte en funciones, \u00cd\u00f1igo M\u00e9ndez de Vigo, ha inaugurado la 28\u00ba Feria de Oto\u00f1o del Libro Viejo y Antiguo de Madrid, que se desarrollar\u00e1 del 29 de septiembre al 16 de octubre en el paseo de Recoletos. Organizada por LIBRIS, la Asociaci\u00f3n de Libreros de Viejo, en colaboraci\u00f3n con","twitter:image":"https:\/\/eldigitaldeasturias.com\/magazine365\/wp-content\/uploads\/2016\/10\/290916mendezdevigo.jpg"},"aioseo_meta_data":{"post_id":"82945","title":null,"description":null,"keywords":null,"keyphrases":null,"primary_term":null,"canonical_url":null,"og_title":null,"og_description":null,"og_object_type":"default","og_image_type":"default","og_image_url":null,"og_image_width":null,"og_image_height":null,"og_image_custom_url":null,"og_image_custom_fields":null,"og_video":null,"og_custom_url":null,"og_article_section":null,"og_article_tags":null,"twitter_use_og":false,"twitter_card":"default","twitter_image_type":"default","twitter_image_url":null,"twitter_image_custom_url":null,"twitter_image_custom_fields":null,"twitter_title":null,"twitter_description":null,"schema":{"blockGraphs":[],"customGraphs":[],"default":{"data":{"Article":[],"Course":[],"Dataset":[],"FAQPage":[],"Movie":[],"Person":[],"Product":[],"ProductReview":[],"Car":[],"Recipe":[],"Service":[],"SoftwareApplication":[],"WebPage":[]},"graphName":"","isEnabled":true},"graphs":[],"defaultGraph":"","defaultPostTypeGraph":""},"schema_type":null,"schema_type_options":null,"pillar_content":false,"robots_default":true,"robots_noindex":false,"robots_noarchive":false,"robots_nosnippet":false,"robots_nofollow":false,"robots_noimageindex":false,"robots_noodp":false,"robots_notranslate":false,"robots_max_snippet":null,"robots_max_videopreview":null,"robots_max_imagepreview":"large","priority":null,"frequency":null,"location":null,"local_seo":null,"seo_analyzer_scan_date":"2025-09-28 02:00:06","breadcrumb_settings":null,"limit_modified_date":false,"open_ai":null,"ai":null,"created":"2020-12-21 15:30:20","updated":"2025-09-28 02:00:06"},"aioseo_breadcrumb":"<div class=\"aioseo-breadcrumbs\"><span class=\"aioseo-breadcrumb\">\n\t<a href=\"https:\/\/eldigitaldeasturias.com\/magazine365\" title=\"Home\">Home<\/a>\n<\/span><span class=\"aioseo-breadcrumb-separator\">\u2013<\/span><span class=\"aioseo-breadcrumb\">\n\t<a href=\"https:\/\/eldigitaldeasturias.com\/magazine365\/category\/noticias-actualidad\/\" title=\"Noticias y Actualidad\">Noticias y Actualidad<\/a>\n<\/span><span class=\"aioseo-breadcrumb-separator\">\u2013<\/span><span class=\"aioseo-breadcrumb\">\n\t<a href=\"https:\/\/eldigitaldeasturias.com\/magazine365\/mendez-de-vigo-inaugura-la-28o-feria-de-otono-del-libro-viejo-y-antiguo-de-madrid\/\" title=\"M\u00e9ndez de Vigo inaugura la 28\u00ba Feria de Oto\u00f1o del Libro Viejo y Antiguo de Madrid\">M\u00e9ndez de Vigo inaugura la 28\u00ba Feria de Oto\u00f1o del Libro Viejo y Antiguo de Madrid<\/a>\n<\/span><\/div>","aioseo_breadcrumb_json":[{"label":"Home","link":"https:\/\/eldigitaldeasturias.com\/magazine365"},{"label":"Noticias y Actualidad","link":"https:\/\/eldigitaldeasturias.com\/magazine365\/category\/noticias-actualidad\/"},{"label":"M\u00e9ndez de Vigo inaugura la 28\u00ba Feria de Oto\u00f1o del Libro Viejo y Antiguo de Madrid","link":"https:\/\/eldigitaldeasturias.com\/magazine365\/mendez-de-vigo-inaugura-la-28o-feria-de-otono-del-libro-viejo-y-antiguo-de-madrid\/"}],"_links":{"self":[{"href":"https:\/\/eldigitaldeasturias.com\/magazine365\/wp-json\/wp\/v2\/posts\/82945","targetHints":{"allow":["GET"]}}],"collection":[{"href":"https:\/\/eldigitaldeasturias.com\/magazine365\/wp-json\/wp\/v2\/posts"}],"about":[{"href":"https:\/\/eldigitaldeasturias.com\/magazine365\/wp-json\/wp\/v2\/types\/post"}],"author":[{"embeddable":true,"href":"https:\/\/eldigitaldeasturias.com\/magazine365\/wp-json\/wp\/v2\/users\/1"}],"replies":[{"embeddable":true,"href":"https:\/\/eldigitaldeasturias.com\/magazine365\/wp-json\/wp\/v2\/comments?post=82945"}],"version-history":[{"count":0,"href":"https:\/\/eldigitaldeasturias.com\/magazine365\/wp-json\/wp\/v2\/posts\/82945\/revisions"}],"wp:featuredmedia":[{"embeddable":true,"href":"https:\/\/eldigitaldeasturias.com\/magazine365\/wp-json\/wp\/v2\/media\/82946"}],"wp:attachment":[{"href":"https:\/\/eldigitaldeasturias.com\/magazine365\/wp-json\/wp\/v2\/media?parent=82945"}],"wp:term":[{"taxonomy":"category","embeddable":true,"href":"https:\/\/eldigitaldeasturias.com\/magazine365\/wp-json\/wp\/v2\/categories?post=82945"},{"taxonomy":"post_tag","embeddable":true,"href":"https:\/\/eldigitaldeasturias.com\/magazine365\/wp-json\/wp\/v2\/tags?post=82945"}],"curies":[{"name":"wp","href":"https:\/\/api.w.org\/{rel}","templated":true}]}}