{"id":82942,"date":"2016-10-02T08:10:38","date_gmt":"2016-10-02T06:10:38","guid":{"rendered":"http:\/\/eldigitaldeasturias.com\/magazine365\/?p=82942"},"modified":"2016-10-02T08:10:38","modified_gmt":"2016-10-02T06:10:38","slug":"akka-technologies-spain-traslada-su-sede-central-y-amplia-su-espacio","status":"publish","type":"post","link":"https:\/\/eldigitaldeasturias.com\/magazine365\/akka-technologies-spain-traslada-su-sede-central-y-amplia-su-espacio\/","title":{"rendered":"AKKA Technologies Spain traslada su sede central y ampl\u00eda su espacio"},"content":{"rendered":"<p><img fetchpriority=\"high\" decoding=\"async\" class=\"alignleft size-medium wp-image-82943\" src=\"https:\/\/eldigitaldeasturias.com\/magazine365\/wp-content\/uploads\/2016\/10\/1475219354_ok1_mod-360x240.jpg\" alt=\"1475219354_ok1_mod\" width=\"360\" height=\"240\" srcset=\"https:\/\/eldigitaldeasturias.com\/magazine365\/wp-content\/uploads\/2016\/10\/1475219354_ok1_mod-360x240.jpg 360w, https:\/\/eldigitaldeasturias.com\/magazine365\/wp-content\/uploads\/2016\/10\/1475219354_ok1_mod-650x434.jpg 650w, https:\/\/eldigitaldeasturias.com\/magazine365\/wp-content\/uploads\/2016\/10\/1475219354_ok1_mod-150x100.jpg 150w, https:\/\/eldigitaldeasturias.com\/magazine365\/wp-content\/uploads\/2016\/10\/1475219354_ok1_mod-450x301.jpg 450w, https:\/\/eldigitaldeasturias.com\/magazine365\/wp-content\/uploads\/2016\/10\/1475219354_ok1_mod-101x66.jpg 101w, https:\/\/eldigitaldeasturias.com\/magazine365\/wp-content\/uploads\/2016\/10\/1475219354_ok1_mod.jpg 726w\" sizes=\"(max-width: 360px) 100vw, 360px\" \/>AKKA Technologies Espa\u00f1a ha trasladado la ubicaci\u00f3n de sus oficinas centrales en Madrid a un edificio situado en el cruce entre la A-2 y la M-30, en la Avenida de Am\u00e9rica. La nueva ubicaci\u00f3n se adec\u00faa mejor a las actuales necesidades de la empresa tras la incorporaci\u00f3n de nuevos ingenieros y la reciente ampliaci\u00f3n de su equipo con la integraci\u00f3n de Matis Hispania.<\/p>\n<p>El edificio, localizado en la Calle Mart\u00ednez Villergas 52 est\u00e1 rodeado de otras sedes de negocio y amplias zonas ajardinadas. Es un edificio moderno, luminoso y con unas infraestructuras muy amplias. Esta nueva sede, con m\u00e1s de 1.500 metros cuadrados da cabida actualmente a m\u00e1s de 130 trabajadores de la misma de los m\u00e1s de 400 empleados con los que ya cuenta Akka Technologies en Espa\u00f1a. \u201cEl crecimiento continuo de nuestra plantilla durante los \u00faltimos cuatro a\u00f1os ha generado la necesidad de un cambio de sede y la ampliaci\u00f3n del espacio por nuevas necesidades, en especial la consolidaci\u00f3n de las plataformas de desarrollo de proyectos de los centros de competencia de Customer Services, Ingenier\u00eda de Sistemas, Ingenier\u00eda RAMS e Ingenier\u00eda de Control, las actividades de mayor crecimiento en el \u00e1rea de Madrid\u201d afirma Luis Santiago, Director General de AKKA Technologies en Espa\u00f1a.<\/p>\n<p>La red de comunicaciones es excelente ya que se ubica en una de las entradas a la capital con m\u00e1s movimiento, con f\u00e1cil accesibilidad desde la A-2 y desde la M-30. Adem\u00e1s, la zona est\u00e1 delimitada por la Avenida de Am\u00e9rica y Arturo Soria, dos de las m\u00e1s transitadas de Madrid y a tan s\u00f3lo 10 minutos del Aeropuerto de Barajas.<\/p>\n<p>El nuevo centro de negocios est\u00e1 rodeado por otras importantes empresas, algunas de ellas clientes de AKKA como Gamesa o Alstom entre otras.<\/p>\n<p>\u201cAKKA Technologies es una empresa en continuo crecimiento y por ello, la necesidad de ampliaci\u00f3n del espacio se hac\u00eda necesaria. Hemos encontrado una ubicaci\u00f3n que nos permite trabajar c\u00f3modamente y servir mejor a nuestros clientes. A su vez, es un punto de conexi\u00f3n perfecto con los principales centros estrat\u00e9gicos de la capital\u201d, afirma Luis Santiago.<\/p>\n<p>Acerca de AKKA Technologies Espa\u00f1a<\/p>\n<p>AKKA Technologies Espa\u00f1a presta servicios de ingenier\u00eda en los sectores Aeron\u00e1utico y Defensa, Ferroviario, Automoci\u00f3n y Energ\u00eda. Acompa\u00f1a a sus clientes en el desarrollo de las distintas fases de sus proyectos, desde la I+D+i y los estudios de dise\u00f1o, hasta la producci\u00f3n industrial.<\/p>\n<p>El Grupo AKKA Technologies est\u00e1 formado por 11.000 empleados en el mundo y en Espa\u00f1a cuenta a d\u00eda de hoy con m\u00e1s de 400 empleados y sedes en Madrid, Barcelona, Pamplona y Sevilla. Sus ingenieros trabajan en proyectos a la vanguardia de la tecnolog\u00eda en todo el mundo, gracias a la fortaleza internacional del grupo y a la movilidad de sus equipos.<\/p>\n<p>Akka Technologies cuenta en Espa\u00f1a con la confianza de m\u00e1s de 50 clientes y con una facturaci\u00f3n consolidada de m\u00e1s de 20 millones de euros en 2015.<\/p>\n<p>COMUNICAE<\/p>\n","protected":false},"excerpt":{"rendered":"<p>AKKA Technologies Espa\u00f1a ha trasladado la ubicaci\u00f3n de sus oficinas centrales en Madrid a un edificio situado en el cruce entre la A-2 y la M-30, en la Avenida de Am\u00e9rica. La nueva ubicaci\u00f3n se adec\u00faa mejor a las actuales necesidades de la empresa tras la incorporaci\u00f3n de nuevos ingenieros y la reciente ampliaci\u00f3n de<\/p>\n","protected":false},"author":1,"featured_media":82943,"comment_status":"open","ping_status":"closed","sticky":false,"template":"","format":"standard","meta":{"footnotes":""},"categories":[224],"tags":[],"class_list":{"0":"post-82942","1":"post","2":"type-post","3":"status-publish","4":"format-standard","5":"has-post-thumbnail","7":"category-noticias-actualidad"},"aioseo_notices":[],"aioseo_head":"\n\t\t<!-- All in One SEO Pro 4.9.6.1 - aioseo.com -->\n\t<meta name=\"description\" content=\"AKKA Technologies Espa\u00f1a ha trasladado la ubicaci\u00f3n de sus oficinas centrales en Madrid a un edificio situado en el cruce entre la A-2 y la M-30, en la Avenida de Am\u00e9rica. La nueva ubicaci\u00f3n se adec\u00faa mejor a las actuales necesidades de la empresa tras la incorporaci\u00f3n de nuevos ingenieros y la reciente ampliaci\u00f3n de\" \/>\n\t<meta name=\"robots\" content=\"max-image-preview:large\" \/>\n\t<meta name=\"author\" content=\"admin\"\/>\n\t<meta name=\"google-site-verification\" content=\"UA-38556648-1\" \/>\n\t<meta name=\"keywords\" content=\"noticias y actualidad\" \/>\n\t<link rel=\"canonical\" href=\"https:\/\/eldigitaldeasturias.com\/magazine365\/akka-technologies-spain-traslada-su-sede-central-y-amplia-su-espacio\/\" \/>\n\t<meta name=\"generator\" content=\"All in One SEO Pro (AIOSEO) 4.9.6.1\" \/>\n\t\t<meta property=\"og:locale\" content=\"es_ES\" \/>\n\t\t<meta property=\"og:site_name\" content=\"El Digital de Asturias \u2013 Revista de ocio, turismo y estilo de vida\" \/>\n\t\t<meta property=\"og:type\" content=\"article\" \/>\n\t\t<meta property=\"og:title\" content=\"AKKA Technologies Spain traslada su sede central y ampl\u00eda su espacio | El Digital de Asturias\" \/>\n\t\t<meta property=\"og:description\" content=\"AKKA Technologies Espa\u00f1a ha trasladado la ubicaci\u00f3n de sus oficinas centrales en Madrid a un edificio situado en el cruce entre la A-2 y la M-30, en la Avenida de Am\u00e9rica. La nueva ubicaci\u00f3n se adec\u00faa mejor a las actuales necesidades de la empresa tras la incorporaci\u00f3n de nuevos ingenieros y la reciente ampliaci\u00f3n de\" \/>\n\t\t<meta property=\"og:url\" content=\"https:\/\/eldigitaldeasturias.com\/magazine365\/akka-technologies-spain-traslada-su-sede-central-y-amplia-su-espacio\/\" \/>\n\t\t<meta property=\"og:image\" content=\"https:\/\/eldigitaldeasturias.com\/magazine365\/wp-content\/uploads\/2016\/10\/1475219354_ok1_mod.jpg\" \/>\n\t\t<meta property=\"og:image:secure_url\" content=\"https:\/\/eldigitaldeasturias.com\/magazine365\/wp-content\/uploads\/2016\/10\/1475219354_ok1_mod.jpg\" \/>\n\t\t<meta property=\"og:image:width\" content=\"726\" \/>\n\t\t<meta property=\"og:image:height\" content=\"485\" \/>\n\t\t<meta property=\"article:published_time\" content=\"2016-10-02T06:10:38+00:00\" \/>\n\t\t<meta property=\"article:modified_time\" content=\"2016-10-02T06:10:38+00:00\" \/>\n\t\t<meta name=\"twitter:card\" content=\"summary_large_image\" \/>\n\t\t<meta name=\"twitter:title\" content=\"AKKA Technologies Spain traslada su sede central y ampl\u00eda su espacio | El Digital de Asturias\" \/>\n\t\t<meta name=\"twitter:description\" content=\"AKKA Technologies Espa\u00f1a ha trasladado la ubicaci\u00f3n de sus oficinas centrales en Madrid a un edificio situado en el cruce entre la A-2 y la M-30, en la Avenida de Am\u00e9rica. La nueva ubicaci\u00f3n se adec\u00faa mejor a las actuales necesidades de la empresa tras la incorporaci\u00f3n de nuevos ingenieros y la reciente ampliaci\u00f3n de\" \/>\n\t\t<meta name=\"twitter:image\" content=\"https:\/\/eldigitaldeasturias.com\/magazine365\/wp-content\/uploads\/2016\/10\/1475219354_ok1_mod.jpg\" \/>\n\t\t<script type=\"application\/ld+json\" class=\"aioseo-schema\">\n\t\t\t{\"@context\":\"https:\\\/\\\/schema.org\",\"@graph\":[{\"@type\":\"Article\",\"@id\":\"https:\\\/\\\/eldigitaldeasturias.com\\\/magazine365\\\/akka-technologies-spain-traslada-su-sede-central-y-amplia-su-espacio\\\/#article\",\"name\":\"AKKA Technologies Spain traslada su sede central y ampl\\u00eda su espacio | El Digital de Asturias\",\"headline\":\"AKKA Technologies Spain traslada su sede central y ampl\\u00eda su espacio\",\"author\":{\"@id\":\"https:\\\/\\\/eldigitaldeasturias.com\\\/magazine365\\\/author\\\/admin\\\/#author\"},\"publisher\":{\"@id\":\"https:\\\/\\\/eldigitaldeasturias.com\\\/magazine365\\\/#organization\"},\"image\":{\"@type\":\"ImageObject\",\"url\":\"https:\\\/\\\/eldigitaldeasturias.com\\\/magazine365\\\/wp-content\\\/uploads\\\/2016\\\/10\\\/1475219354_ok1_mod.jpg\",\"width\":726,\"height\":485},\"datePublished\":\"2016-10-02T08:10:38+02:00\",\"dateModified\":\"2016-10-02T08:10:38+02:00\",\"inLanguage\":\"es-ES\",\"mainEntityOfPage\":{\"@id\":\"https:\\\/\\\/eldigitaldeasturias.com\\\/magazine365\\\/akka-technologies-spain-traslada-su-sede-central-y-amplia-su-espacio\\\/#webpage\"},\"isPartOf\":{\"@id\":\"https:\\\/\\\/eldigitaldeasturias.com\\\/magazine365\\\/akka-technologies-spain-traslada-su-sede-central-y-amplia-su-espacio\\\/#webpage\"},\"articleSection\":\"Noticias y Actualidad\"},{\"@type\":\"BreadcrumbList\",\"@id\":\"https:\\\/\\\/eldigitaldeasturias.com\\\/magazine365\\\/akka-technologies-spain-traslada-su-sede-central-y-amplia-su-espacio\\\/#breadcrumblist\",\"itemListElement\":[{\"@type\":\"ListItem\",\"@id\":\"https:\\\/\\\/eldigitaldeasturias.com\\\/magazine365#listItem\",\"position\":1,\"name\":\"Home\",\"item\":\"https:\\\/\\\/eldigitaldeasturias.com\\\/magazine365\",\"nextItem\":{\"@type\":\"ListItem\",\"@id\":\"https:\\\/\\\/eldigitaldeasturias.com\\\/magazine365\\\/category\\\/noticias-actualidad\\\/#listItem\",\"name\":\"Noticias y Actualidad\"}},{\"@type\":\"ListItem\",\"@id\":\"https:\\\/\\\/eldigitaldeasturias.com\\\/magazine365\\\/category\\\/noticias-actualidad\\\/#listItem\",\"position\":2,\"name\":\"Noticias y Actualidad\",\"item\":\"https:\\\/\\\/eldigitaldeasturias.com\\\/magazine365\\\/category\\\/noticias-actualidad\\\/\",\"nextItem\":{\"@type\":\"ListItem\",\"@id\":\"https:\\\/\\\/eldigitaldeasturias.com\\\/magazine365\\\/akka-technologies-spain-traslada-su-sede-central-y-amplia-su-espacio\\\/#listItem\",\"name\":\"AKKA Technologies Spain traslada su sede central y ampl\\u00eda su espacio\"},\"previousItem\":{\"@type\":\"ListItem\",\"@id\":\"https:\\\/\\\/eldigitaldeasturias.com\\\/magazine365#listItem\",\"name\":\"Home\"}},{\"@type\":\"ListItem\",\"@id\":\"https:\\\/\\\/eldigitaldeasturias.com\\\/magazine365\\\/akka-technologies-spain-traslada-su-sede-central-y-amplia-su-espacio\\\/#listItem\",\"position\":3,\"name\":\"AKKA Technologies Spain traslada su sede central y ampl\\u00eda su espacio\",\"previousItem\":{\"@type\":\"ListItem\",\"@id\":\"https:\\\/\\\/eldigitaldeasturias.com\\\/magazine365\\\/category\\\/noticias-actualidad\\\/#listItem\",\"name\":\"Noticias y Actualidad\"}}]},{\"@type\":\"Organization\",\"@id\":\"https:\\\/\\\/eldigitaldeasturias.com\\\/magazine365\\\/#organization\",\"name\":\"El digital de Asturias\",\"description\":\"Revista de ocio, turismo y estilo de vida\",\"url\":\"https:\\\/\\\/eldigitaldeasturias.com\\\/magazine365\\\/\",\"logo\":{\"@type\":\"ImageObject\",\"url\":\"https:\\\/\\\/www.eldigitaldeasturias.com\\\/noticias\\\/wp-content\\\/uploads\\\/2020\\\/12\\\/EDA.jpg\",\"@id\":\"https:\\\/\\\/eldigitaldeasturias.com\\\/magazine365\\\/akka-technologies-spain-traslada-su-sede-central-y-amplia-su-espacio\\\/#organizationLogo\"},\"image\":{\"@id\":\"https:\\\/\\\/eldigitaldeasturias.com\\\/magazine365\\\/akka-technologies-spain-traslada-su-sede-central-y-amplia-su-espacio\\\/#organizationLogo\"}},{\"@type\":\"Person\",\"@id\":\"https:\\\/\\\/eldigitaldeasturias.com\\\/magazine365\\\/author\\\/admin\\\/#author\",\"url\":\"https:\\\/\\\/eldigitaldeasturias.com\\\/magazine365\\\/author\\\/admin\\\/\",\"name\":\"admin\",\"image\":{\"@type\":\"ImageObject\",\"@id\":\"https:\\\/\\\/eldigitaldeasturias.com\\\/magazine365\\\/akka-technologies-spain-traslada-su-sede-central-y-amplia-su-espacio\\\/#authorImage\",\"url\":\"https:\\\/\\\/eldigitaldeasturias.com\\\/magazine365\\\/wp-content\\\/litespeed\\\/avatar\\\/e571bcf59a0edd6fa6838245a470f2fe.jpg?ver=1776969259\",\"width\":96,\"height\":96,\"caption\":\"admin\"}},{\"@type\":\"WebPage\",\"@id\":\"https:\\\/\\\/eldigitaldeasturias.com\\\/magazine365\\\/akka-technologies-spain-traslada-su-sede-central-y-amplia-su-espacio\\\/#webpage\",\"url\":\"https:\\\/\\\/eldigitaldeasturias.com\\\/magazine365\\\/akka-technologies-spain-traslada-su-sede-central-y-amplia-su-espacio\\\/\",\"name\":\"AKKA Technologies Spain traslada su sede central y ampl\\u00eda su espacio | El Digital de Asturias\",\"description\":\"AKKA Technologies Espa\\u00f1a ha trasladado la ubicaci\\u00f3n de sus oficinas centrales en Madrid a un edificio situado en el cruce entre la A-2 y la M-30, en la Avenida de Am\\u00e9rica. La nueva ubicaci\\u00f3n se adec\\u00faa mejor a las actuales necesidades de la empresa tras la incorporaci\\u00f3n de nuevos ingenieros y la reciente ampliaci\\u00f3n de\",\"inLanguage\":\"es-ES\",\"isPartOf\":{\"@id\":\"https:\\\/\\\/eldigitaldeasturias.com\\\/magazine365\\\/#website\"},\"breadcrumb\":{\"@id\":\"https:\\\/\\\/eldigitaldeasturias.com\\\/magazine365\\\/akka-technologies-spain-traslada-su-sede-central-y-amplia-su-espacio\\\/#breadcrumblist\"},\"author\":{\"@id\":\"https:\\\/\\\/eldigitaldeasturias.com\\\/magazine365\\\/author\\\/admin\\\/#author\"},\"creator\":{\"@id\":\"https:\\\/\\\/eldigitaldeasturias.com\\\/magazine365\\\/author\\\/admin\\\/#author\"},\"image\":{\"@type\":\"ImageObject\",\"url\":\"https:\\\/\\\/eldigitaldeasturias.com\\\/magazine365\\\/wp-content\\\/uploads\\\/2016\\\/10\\\/1475219354_ok1_mod.jpg\",\"@id\":\"https:\\\/\\\/eldigitaldeasturias.com\\\/magazine365\\\/akka-technologies-spain-traslada-su-sede-central-y-amplia-su-espacio\\\/#mainImage\",\"width\":726,\"height\":485},\"primaryImageOfPage\":{\"@id\":\"https:\\\/\\\/eldigitaldeasturias.com\\\/magazine365\\\/akka-technologies-spain-traslada-su-sede-central-y-amplia-su-espacio\\\/#mainImage\"},\"datePublished\":\"2016-10-02T08:10:38+02:00\",\"dateModified\":\"2016-10-02T08:10:38+02:00\"},{\"@type\":\"WebSite\",\"@id\":\"https:\\\/\\\/eldigitaldeasturias.com\\\/magazine365\\\/#website\",\"url\":\"https:\\\/\\\/eldigitaldeasturias.com\\\/magazine365\\\/\",\"name\":\"El Digital de Asturias\",\"description\":\"Revista de ocio, turismo y estilo de vida\",\"inLanguage\":\"es-ES\",\"publisher\":{\"@id\":\"https:\\\/\\\/eldigitaldeasturias.com\\\/magazine365\\\/#organization\"}}]}\n\t\t<\/script>\n\t\t<!-- All in One SEO Pro -->\r\n\t\t<title>AKKA Technologies Spain traslada su sede central y ampl\u00eda su espacio | El Digital de Asturias<\/title>\n\n","aioseo_head_json":{"title":"AKKA Technologies Spain traslada su sede central y ampl\u00eda su espacio | El Digital de Asturias","description":"AKKA Technologies Espa\u00f1a ha trasladado la ubicaci\u00f3n de sus oficinas centrales en Madrid a un edificio situado en el cruce entre la A-2 y la M-30, en la Avenida de Am\u00e9rica. La nueva ubicaci\u00f3n se adec\u00faa mejor a las actuales necesidades de la empresa tras la incorporaci\u00f3n de nuevos ingenieros y la reciente ampliaci\u00f3n de","canonical_url":"https:\/\/eldigitaldeasturias.com\/magazine365\/akka-technologies-spain-traslada-su-sede-central-y-amplia-su-espacio\/","robots":"max-image-preview:large","keywords":"noticias y actualidad","webmasterTools":{"google-site-verification":"UA-38556648-1","miscellaneous":""},"schema":{"@context":"https:\/\/schema.org","@graph":[{"@type":"Article","@id":"https:\/\/eldigitaldeasturias.com\/magazine365\/akka-technologies-spain-traslada-su-sede-central-y-amplia-su-espacio\/#article","name":"AKKA Technologies Spain traslada su sede central y ampl\u00eda su espacio | El Digital de Asturias","headline":"AKKA Technologies Spain traslada su sede central y ampl\u00eda su espacio","author":{"@id":"https:\/\/eldigitaldeasturias.com\/magazine365\/author\/admin\/#author"},"publisher":{"@id":"https:\/\/eldigitaldeasturias.com\/magazine365\/#organization"},"image":{"@type":"ImageObject","url":"https:\/\/eldigitaldeasturias.com\/magazine365\/wp-content\/uploads\/2016\/10\/1475219354_ok1_mod.jpg","width":726,"height":485},"datePublished":"2016-10-02T08:10:38+02:00","dateModified":"2016-10-02T08:10:38+02:00","inLanguage":"es-ES","mainEntityOfPage":{"@id":"https:\/\/eldigitaldeasturias.com\/magazine365\/akka-technologies-spain-traslada-su-sede-central-y-amplia-su-espacio\/#webpage"},"isPartOf":{"@id":"https:\/\/eldigitaldeasturias.com\/magazine365\/akka-technologies-spain-traslada-su-sede-central-y-amplia-su-espacio\/#webpage"},"articleSection":"Noticias y Actualidad"},{"@type":"BreadcrumbList","@id":"https:\/\/eldigitaldeasturias.com\/magazine365\/akka-technologies-spain-traslada-su-sede-central-y-amplia-su-espacio\/#breadcrumblist","itemListElement":[{"@type":"ListItem","@id":"https:\/\/eldigitaldeasturias.com\/magazine365#listItem","position":1,"name":"Home","item":"https:\/\/eldigitaldeasturias.com\/magazine365","nextItem":{"@type":"ListItem","@id":"https:\/\/eldigitaldeasturias.com\/magazine365\/category\/noticias-actualidad\/#listItem","name":"Noticias y Actualidad"}},{"@type":"ListItem","@id":"https:\/\/eldigitaldeasturias.com\/magazine365\/category\/noticias-actualidad\/#listItem","position":2,"name":"Noticias y Actualidad","item":"https:\/\/eldigitaldeasturias.com\/magazine365\/category\/noticias-actualidad\/","nextItem":{"@type":"ListItem","@id":"https:\/\/eldigitaldeasturias.com\/magazine365\/akka-technologies-spain-traslada-su-sede-central-y-amplia-su-espacio\/#listItem","name":"AKKA Technologies Spain traslada su sede central y ampl\u00eda su espacio"},"previousItem":{"@type":"ListItem","@id":"https:\/\/eldigitaldeasturias.com\/magazine365#listItem","name":"Home"}},{"@type":"ListItem","@id":"https:\/\/eldigitaldeasturias.com\/magazine365\/akka-technologies-spain-traslada-su-sede-central-y-amplia-su-espacio\/#listItem","position":3,"name":"AKKA Technologies Spain traslada su sede central y ampl\u00eda su espacio","previousItem":{"@type":"ListItem","@id":"https:\/\/eldigitaldeasturias.com\/magazine365\/category\/noticias-actualidad\/#listItem","name":"Noticias y Actualidad"}}]},{"@type":"Organization","@id":"https:\/\/eldigitaldeasturias.com\/magazine365\/#organization","name":"El digital de Asturias","description":"Revista de ocio, turismo y estilo de vida","url":"https:\/\/eldigitaldeasturias.com\/magazine365\/","logo":{"@type":"ImageObject","url":"https:\/\/www.eldigitaldeasturias.com\/noticias\/wp-content\/uploads\/2020\/12\/EDA.jpg","@id":"https:\/\/eldigitaldeasturias.com\/magazine365\/akka-technologies-spain-traslada-su-sede-central-y-amplia-su-espacio\/#organizationLogo"},"image":{"@id":"https:\/\/eldigitaldeasturias.com\/magazine365\/akka-technologies-spain-traslada-su-sede-central-y-amplia-su-espacio\/#organizationLogo"}},{"@type":"Person","@id":"https:\/\/eldigitaldeasturias.com\/magazine365\/author\/admin\/#author","url":"https:\/\/eldigitaldeasturias.com\/magazine365\/author\/admin\/","name":"admin","image":{"@type":"ImageObject","@id":"https:\/\/eldigitaldeasturias.com\/magazine365\/akka-technologies-spain-traslada-su-sede-central-y-amplia-su-espacio\/#authorImage","url":"https:\/\/eldigitaldeasturias.com\/magazine365\/wp-content\/litespeed\/avatar\/e571bcf59a0edd6fa6838245a470f2fe.jpg?ver=1776969259","width":96,"height":96,"caption":"admin"}},{"@type":"WebPage","@id":"https:\/\/eldigitaldeasturias.com\/magazine365\/akka-technologies-spain-traslada-su-sede-central-y-amplia-su-espacio\/#webpage","url":"https:\/\/eldigitaldeasturias.com\/magazine365\/akka-technologies-spain-traslada-su-sede-central-y-amplia-su-espacio\/","name":"AKKA Technologies Spain traslada su sede central y ampl\u00eda su espacio | El Digital de Asturias","description":"AKKA Technologies Espa\u00f1a ha trasladado la ubicaci\u00f3n de sus oficinas centrales en Madrid a un edificio situado en el cruce entre la A-2 y la M-30, en la Avenida de Am\u00e9rica. La nueva ubicaci\u00f3n se adec\u00faa mejor a las actuales necesidades de la empresa tras la incorporaci\u00f3n de nuevos ingenieros y la reciente ampliaci\u00f3n de","inLanguage":"es-ES","isPartOf":{"@id":"https:\/\/eldigitaldeasturias.com\/magazine365\/#website"},"breadcrumb":{"@id":"https:\/\/eldigitaldeasturias.com\/magazine365\/akka-technologies-spain-traslada-su-sede-central-y-amplia-su-espacio\/#breadcrumblist"},"author":{"@id":"https:\/\/eldigitaldeasturias.com\/magazine365\/author\/admin\/#author"},"creator":{"@id":"https:\/\/eldigitaldeasturias.com\/magazine365\/author\/admin\/#author"},"image":{"@type":"ImageObject","url":"https:\/\/eldigitaldeasturias.com\/magazine365\/wp-content\/uploads\/2016\/10\/1475219354_ok1_mod.jpg","@id":"https:\/\/eldigitaldeasturias.com\/magazine365\/akka-technologies-spain-traslada-su-sede-central-y-amplia-su-espacio\/#mainImage","width":726,"height":485},"primaryImageOfPage":{"@id":"https:\/\/eldigitaldeasturias.com\/magazine365\/akka-technologies-spain-traslada-su-sede-central-y-amplia-su-espacio\/#mainImage"},"datePublished":"2016-10-02T08:10:38+02:00","dateModified":"2016-10-02T08:10:38+02:00"},{"@type":"WebSite","@id":"https:\/\/eldigitaldeasturias.com\/magazine365\/#website","url":"https:\/\/eldigitaldeasturias.com\/magazine365\/","name":"El Digital de Asturias","description":"Revista de ocio, turismo y estilo de vida","inLanguage":"es-ES","publisher":{"@id":"https:\/\/eldigitaldeasturias.com\/magazine365\/#organization"}}]},"og:locale":"es_ES","og:site_name":"El Digital de Asturias \u2013 Revista de ocio, turismo y estilo de vida","og:type":"article","og:title":"AKKA Technologies Spain traslada su sede central y ampl\u00eda su espacio | El Digital de Asturias","og:description":"AKKA Technologies Espa\u00f1a ha trasladado la ubicaci\u00f3n de sus oficinas centrales en Madrid a un edificio situado en el cruce entre la A-2 y la M-30, en la Avenida de Am\u00e9rica. La nueva ubicaci\u00f3n se adec\u00faa mejor a las actuales necesidades de la empresa tras la incorporaci\u00f3n de nuevos ingenieros y la reciente ampliaci\u00f3n de","og:url":"https:\/\/eldigitaldeasturias.com\/magazine365\/akka-technologies-spain-traslada-su-sede-central-y-amplia-su-espacio\/","og:image":"https:\/\/eldigitaldeasturias.com\/magazine365\/wp-content\/uploads\/2016\/10\/1475219354_ok1_mod.jpg","og:image:secure_url":"https:\/\/eldigitaldeasturias.com\/magazine365\/wp-content\/uploads\/2016\/10\/1475219354_ok1_mod.jpg","og:image:width":726,"og:image:height":485,"article:published_time":"2016-10-02T06:10:38+00:00","article:modified_time":"2016-10-02T06:10:38+00:00","twitter:card":"summary_large_image","twitter:title":"AKKA Technologies Spain traslada su sede central y ampl\u00eda su espacio | El Digital de Asturias","twitter:description":"AKKA Technologies Espa\u00f1a ha trasladado la ubicaci\u00f3n de sus oficinas centrales en Madrid a un edificio situado en el cruce entre la A-2 y la M-30, en la Avenida de Am\u00e9rica. La nueva ubicaci\u00f3n se adec\u00faa mejor a las actuales necesidades de la empresa tras la incorporaci\u00f3n de nuevos ingenieros y la reciente ampliaci\u00f3n de","twitter:image":"https:\/\/eldigitaldeasturias.com\/magazine365\/wp-content\/uploads\/2016\/10\/1475219354_ok1_mod.jpg"},"aioseo_meta_data":{"post_id":"82942","title":null,"description":null,"keywords":null,"keyphrases":null,"primary_term":null,"canonical_url":null,"og_title":null,"og_description":null,"og_object_type":"default","og_image_type":"default","og_image_url":null,"og_image_width":null,"og_image_height":null,"og_image_custom_url":null,"og_image_custom_fields":null,"og_video":null,"og_custom_url":null,"og_article_section":null,"og_article_tags":null,"twitter_use_og":false,"twitter_card":"default","twitter_image_type":"default","twitter_image_url":null,"twitter_image_custom_url":null,"twitter_image_custom_fields":null,"twitter_title":null,"twitter_description":null,"schema":{"blockGraphs":[],"customGraphs":[],"default":{"data":{"Article":[],"Course":[],"Dataset":[],"FAQPage":[],"Movie":[],"Person":[],"Product":[],"ProductReview":[],"Car":[],"Recipe":[],"Service":[],"SoftwareApplication":[],"WebPage":[]},"graphName":"","isEnabled":true},"graphs":[],"defaultGraph":"","defaultPostTypeGraph":""},"schema_type":null,"schema_type_options":null,"pillar_content":false,"robots_default":true,"robots_noindex":false,"robots_noarchive":false,"robots_nosnippet":false,"robots_nofollow":false,"robots_noimageindex":false,"robots_noodp":false,"robots_notranslate":false,"robots_max_snippet":null,"robots_max_videopreview":null,"robots_max_imagepreview":"large","priority":null,"frequency":null,"location":null,"local_seo":null,"seo_analyzer_scan_date":"2025-09-28 01:57:21","breadcrumb_settings":null,"limit_modified_date":false,"open_ai":null,"ai":null,"created":"2020-12-21 15:30:20","updated":"2025-09-28 01:57:21"},"aioseo_breadcrumb":"<div class=\"aioseo-breadcrumbs\"><span class=\"aioseo-breadcrumb\">\n\t<a href=\"https:\/\/eldigitaldeasturias.com\/magazine365\" title=\"Home\">Home<\/a>\n<\/span><span class=\"aioseo-breadcrumb-separator\">\u2013<\/span><span class=\"aioseo-breadcrumb\">\n\t<a href=\"https:\/\/eldigitaldeasturias.com\/magazine365\/category\/noticias-actualidad\/\" title=\"Noticias y Actualidad\">Noticias y Actualidad<\/a>\n<\/span><span class=\"aioseo-breadcrumb-separator\">\u2013<\/span><span class=\"aioseo-breadcrumb\">\n\t<a href=\"https:\/\/eldigitaldeasturias.com\/magazine365\/akka-technologies-spain-traslada-su-sede-central-y-amplia-su-espacio\/\" title=\"AKKA Technologies Spain traslada su sede central y ampl\u00eda su espacio\">AKKA Technologies Spain traslada su sede central y ampl\u00eda su espacio<\/a>\n<\/span><\/div>","aioseo_breadcrumb_json":[{"label":"Home","link":"https:\/\/eldigitaldeasturias.com\/magazine365"},{"label":"Noticias y Actualidad","link":"https:\/\/eldigitaldeasturias.com\/magazine365\/category\/noticias-actualidad\/"},{"label":"AKKA Technologies Spain traslada su sede central y ampl\u00eda su espacio","link":"https:\/\/eldigitaldeasturias.com\/magazine365\/akka-technologies-spain-traslada-su-sede-central-y-amplia-su-espacio\/"}],"_links":{"self":[{"href":"https:\/\/eldigitaldeasturias.com\/magazine365\/wp-json\/wp\/v2\/posts\/82942","targetHints":{"allow":["GET"]}}],"collection":[{"href":"https:\/\/eldigitaldeasturias.com\/magazine365\/wp-json\/wp\/v2\/posts"}],"about":[{"href":"https:\/\/eldigitaldeasturias.com\/magazine365\/wp-json\/wp\/v2\/types\/post"}],"author":[{"embeddable":true,"href":"https:\/\/eldigitaldeasturias.com\/magazine365\/wp-json\/wp\/v2\/users\/1"}],"replies":[{"embeddable":true,"href":"https:\/\/eldigitaldeasturias.com\/magazine365\/wp-json\/wp\/v2\/comments?post=82942"}],"version-history":[{"count":0,"href":"https:\/\/eldigitaldeasturias.com\/magazine365\/wp-json\/wp\/v2\/posts\/82942\/revisions"}],"wp:featuredmedia":[{"embeddable":true,"href":"https:\/\/eldigitaldeasturias.com\/magazine365\/wp-json\/wp\/v2\/media\/82943"}],"wp:attachment":[{"href":"https:\/\/eldigitaldeasturias.com\/magazine365\/wp-json\/wp\/v2\/media?parent=82942"}],"wp:term":[{"taxonomy":"category","embeddable":true,"href":"https:\/\/eldigitaldeasturias.com\/magazine365\/wp-json\/wp\/v2\/categories?post=82942"},{"taxonomy":"post_tag","embeddable":true,"href":"https:\/\/eldigitaldeasturias.com\/magazine365\/wp-json\/wp\/v2\/tags?post=82942"}],"curies":[{"name":"wp","href":"https:\/\/api.w.org\/{rel}","templated":true}]}}