{"id":82910,"date":"2016-10-02T07:09:46","date_gmt":"2016-10-02T05:09:46","guid":{"rendered":"http:\/\/eldigitaldeasturias.com\/magazine365\/?p=82910"},"modified":"2016-10-02T07:09:46","modified_gmt":"2016-10-02T05:09:46","slug":"musica-y-magia-en-el-teatro-de-la-laboral","status":"publish","type":"post","link":"https:\/\/eldigitaldeasturias.com\/magazine365\/musica-y-magia-en-el-teatro-de-la-laboral\/","title":{"rendered":"M\u00fasica y magia en el Teatro de la Laboral"},"content":{"rendered":"<p><img fetchpriority=\"high\" decoding=\"async\" class=\"alignleft size-medium wp-image-82911\" src=\"https:\/\/eldigitaldeasturias.com\/magazine365\/wp-content\/uploads\/2016\/10\/fotonoticia_20161001100002_800-200x300.jpg\" alt=\"fotonoticia_20161001100002_800\" width=\"200\" height=\"300\" srcset=\"https:\/\/eldigitaldeasturias.com\/magazine365\/wp-content\/uploads\/2016\/10\/fotonoticia_20161001100002_800-200x300.jpg 200w, https:\/\/eldigitaldeasturias.com\/magazine365\/wp-content\/uploads\/2016\/10\/fotonoticia_20161001100002_800-427x640.jpg 427w, https:\/\/eldigitaldeasturias.com\/magazine365\/wp-content\/uploads\/2016\/10\/fotonoticia_20161001100002_800-150x225.jpg 150w, https:\/\/eldigitaldeasturias.com\/magazine365\/wp-content\/uploads\/2016\/10\/fotonoticia_20161001100002_800-450x675.jpg 450w, https:\/\/eldigitaldeasturias.com\/magazine365\/wp-content\/uploads\/2016\/10\/fotonoticia_20161001100002_800.jpg 683w\" sizes=\"(max-width: 200px) 100vw, 200px\" \/>El Teatro de la Laboral acoger\u00e1 este s\u00e1bado, a las 20.00 horas, el concierto &#8216;Viejos Aires&#8217;, y el espect\u00e1culo &#8216;Piccolo Camerino&#8217; el domingo 2 de octubre, en esta ocasi\u00f3n a las 17.30 horas, seg\u00fan ha informado la organizaci\u00f3n en nota de prensa.<\/p>\n<p>La Orquesta Filarm\u00f3nica de Asturias (OFA) sorprender\u00e1 al p\u00fablico con un repertorio basado en el tango argentino en &#8216;Viejos Aires&#8217; este s\u00e1bado. Temas cl\u00e1sicos como &#8216;Por una cabeza&#8217;, &#8216;El Choclo&#8217; o &#8216;Volver&#8217; ser\u00e1n reinventados por la musicalidad de una gran orquesta. Adem\u00e1s, el guitarrista argentino Fernando Egozcue ofrecer\u00e1 sus nuevas composiciones, en este concierto en el que tambi\u00e9n participar\u00e1n Claudio Constantini (bandone\u00f3n) y Eloy Prim y Umbe Aranguren (baile).<\/p>\n<p>El domingo ser\u00e1 el turno de &#8216;Piccolo Camerino&#8217; de Adri\u00e1n Conde, un espect\u00e1culo de magia visto a trav\u00e9s de la mirada de un clown. En esta obra, incluida en el programa &#8216;Vamos!&#8217; de la Laboral, mayores y peque\u00f1os se reir\u00e1n con un payaso disfrazado de persona que llega tarde a su funci\u00f3n. El p\u00fablico ya le est\u00e1 esperando y tendr\u00eda que cambiarse, pero una se\u00f1ora le regala una sonrisa y un ni\u00f1o una carcajada.<\/p>\n<p>Con &#8216;Piccolo Camerino&#8217;, Adri\u00e1n Conde ha obtenido varios premios tanto a nivel nacional como internacional, como el galard\u00f3n al Mejor Espect\u00e1culo en el Festival Internacional de Clown de Valsequillo en Gran Canaria.<\/p>\n<p>Las localidades para &#8216;Viejos Aires&#8217; se pueden adquirir a un precio de 20 euros en compra anticipada y a 25 euros en taquilla el mismo d\u00eda del concierto. Para &#8216;Piccolo Camerino&#8217;, las entradas tienen un precio de 5 euros. Las localidades est\u00e1n disponibles en la Recepci\u00f3n de la Laboral, en el Centro Niemeyer en Avil\u00e9s, en el 902 106 601, en la red de cajeros Liberbank Tiquexpress y en entradas.liberbank.es.<\/p>\n<p>&nbsp;<\/p>\n","protected":false},"excerpt":{"rendered":"<p>El Teatro de la Laboral acoger\u00e1 este s\u00e1bado, a las 20.00 horas, el concierto &#8216;Viejos Aires&#8217;, y el espect\u00e1culo &#8216;Piccolo Camerino&#8217; el domingo 2 de octubre, en esta ocasi\u00f3n a las 17.30 horas, seg\u00fan ha informado la organizaci\u00f3n en nota de prensa. La Orquesta Filarm\u00f3nica de Asturias (OFA) sorprender\u00e1 al p\u00fablico con un repertorio basado<\/p>\n","protected":false},"author":1,"featured_media":82911,"comment_status":"open","ping_status":"closed","sticky":false,"template":"","format":"standard","meta":{"footnotes":""},"categories":[224],"tags":[],"class_list":{"0":"post-82910","1":"post","2":"type-post","3":"status-publish","4":"format-standard","5":"has-post-thumbnail","7":"category-noticias-actualidad"},"aioseo_notices":[],"aioseo_head":"\n\t\t<!-- All in One SEO Pro 4.9.6.1 - aioseo.com -->\n\t<meta name=\"description\" content=\"El Teatro de la Laboral acoger\u00e1 este s\u00e1bado, a las 20.00 horas, el concierto &#039;Viejos Aires&#039;, y el espect\u00e1culo &#039;Piccolo Camerino&#039; el domingo 2 de octubre, en esta ocasi\u00f3n a las 17.30 horas, seg\u00fan ha informado la organizaci\u00f3n en nota de prensa. La Orquesta Filarm\u00f3nica de Asturias (OFA) sorprender\u00e1 al p\u00fablico con un repertorio basado\" \/>\n\t<meta name=\"robots\" content=\"max-image-preview:large\" \/>\n\t<meta name=\"author\" content=\"admin\"\/>\n\t<meta name=\"google-site-verification\" content=\"UA-38556648-1\" \/>\n\t<meta name=\"keywords\" content=\"noticias y actualidad\" \/>\n\t<link rel=\"canonical\" href=\"https:\/\/eldigitaldeasturias.com\/magazine365\/musica-y-magia-en-el-teatro-de-la-laboral\/\" \/>\n\t<meta name=\"generator\" content=\"All in One SEO Pro (AIOSEO) 4.9.6.1\" \/>\n\t\t<meta property=\"og:locale\" content=\"es_ES\" \/>\n\t\t<meta property=\"og:site_name\" content=\"El Digital de Asturias \u2013 Revista de ocio, turismo y estilo de vida\" \/>\n\t\t<meta property=\"og:type\" content=\"article\" \/>\n\t\t<meta property=\"og:title\" content=\"M\u00fasica y magia en el Teatro de la Laboral | El Digital de Asturias\" \/>\n\t\t<meta property=\"og:description\" content=\"El Teatro de la Laboral acoger\u00e1 este s\u00e1bado, a las 20.00 horas, el concierto &#039;Viejos Aires&#039;, y el espect\u00e1culo &#039;Piccolo Camerino&#039; el domingo 2 de octubre, en esta ocasi\u00f3n a las 17.30 horas, seg\u00fan ha informado la organizaci\u00f3n en nota de prensa. La Orquesta Filarm\u00f3nica de Asturias (OFA) sorprender\u00e1 al p\u00fablico con un repertorio basado\" \/>\n\t\t<meta property=\"og:url\" content=\"https:\/\/eldigitaldeasturias.com\/magazine365\/musica-y-magia-en-el-teatro-de-la-laboral\/\" \/>\n\t\t<meta property=\"og:image\" content=\"https:\/\/eldigitaldeasturias.com\/magazine365\/wp-content\/uploads\/2016\/10\/fotonoticia_20161001100002_800.jpg\" \/>\n\t\t<meta property=\"og:image:secure_url\" content=\"https:\/\/eldigitaldeasturias.com\/magazine365\/wp-content\/uploads\/2016\/10\/fotonoticia_20161001100002_800.jpg\" \/>\n\t\t<meta property=\"og:image:width\" content=\"683\" \/>\n\t\t<meta property=\"og:image:height\" content=\"1024\" \/>\n\t\t<meta property=\"article:published_time\" content=\"2016-10-02T05:09:46+00:00\" \/>\n\t\t<meta property=\"article:modified_time\" content=\"2016-10-02T05:09:46+00:00\" \/>\n\t\t<meta name=\"twitter:card\" content=\"summary_large_image\" \/>\n\t\t<meta name=\"twitter:title\" content=\"M\u00fasica y magia en el Teatro de la Laboral | El Digital de Asturias\" \/>\n\t\t<meta name=\"twitter:description\" content=\"El Teatro de la Laboral acoger\u00e1 este s\u00e1bado, a las 20.00 horas, el concierto &#039;Viejos Aires&#039;, y el espect\u00e1culo &#039;Piccolo Camerino&#039; el domingo 2 de octubre, en esta ocasi\u00f3n a las 17.30 horas, seg\u00fan ha informado la organizaci\u00f3n en nota de prensa. La Orquesta Filarm\u00f3nica de Asturias (OFA) sorprender\u00e1 al p\u00fablico con un repertorio basado\" \/>\n\t\t<meta name=\"twitter:image\" content=\"https:\/\/eldigitaldeasturias.com\/magazine365\/wp-content\/uploads\/2016\/10\/fotonoticia_20161001100002_800.jpg\" \/>\n\t\t<script type=\"application\/ld+json\" class=\"aioseo-schema\">\n\t\t\t{\"@context\":\"https:\\\/\\\/schema.org\",\"@graph\":[{\"@type\":\"Article\",\"@id\":\"https:\\\/\\\/eldigitaldeasturias.com\\\/magazine365\\\/musica-y-magia-en-el-teatro-de-la-laboral\\\/#article\",\"name\":\"M\\u00fasica y magia en el Teatro de la Laboral | El Digital de Asturias\",\"headline\":\"M\\u00fasica y magia en el Teatro de la Laboral\",\"author\":{\"@id\":\"https:\\\/\\\/eldigitaldeasturias.com\\\/magazine365\\\/author\\\/admin\\\/#author\"},\"publisher\":{\"@id\":\"https:\\\/\\\/eldigitaldeasturias.com\\\/magazine365\\\/#organization\"},\"image\":{\"@type\":\"ImageObject\",\"url\":\"https:\\\/\\\/eldigitaldeasturias.com\\\/magazine365\\\/wp-content\\\/uploads\\\/2016\\\/10\\\/fotonoticia_20161001100002_800.jpg\",\"width\":683,\"height\":1024},\"datePublished\":\"2016-10-02T07:09:46+02:00\",\"dateModified\":\"2016-10-02T07:09:46+02:00\",\"inLanguage\":\"es-ES\",\"mainEntityOfPage\":{\"@id\":\"https:\\\/\\\/eldigitaldeasturias.com\\\/magazine365\\\/musica-y-magia-en-el-teatro-de-la-laboral\\\/#webpage\"},\"isPartOf\":{\"@id\":\"https:\\\/\\\/eldigitaldeasturias.com\\\/magazine365\\\/musica-y-magia-en-el-teatro-de-la-laboral\\\/#webpage\"},\"articleSection\":\"Noticias y Actualidad\"},{\"@type\":\"BreadcrumbList\",\"@id\":\"https:\\\/\\\/eldigitaldeasturias.com\\\/magazine365\\\/musica-y-magia-en-el-teatro-de-la-laboral\\\/#breadcrumblist\",\"itemListElement\":[{\"@type\":\"ListItem\",\"@id\":\"https:\\\/\\\/eldigitaldeasturias.com\\\/magazine365#listItem\",\"position\":1,\"name\":\"Home\",\"item\":\"https:\\\/\\\/eldigitaldeasturias.com\\\/magazine365\",\"nextItem\":{\"@type\":\"ListItem\",\"@id\":\"https:\\\/\\\/eldigitaldeasturias.com\\\/magazine365\\\/category\\\/noticias-actualidad\\\/#listItem\",\"name\":\"Noticias y Actualidad\"}},{\"@type\":\"ListItem\",\"@id\":\"https:\\\/\\\/eldigitaldeasturias.com\\\/magazine365\\\/category\\\/noticias-actualidad\\\/#listItem\",\"position\":2,\"name\":\"Noticias y Actualidad\",\"item\":\"https:\\\/\\\/eldigitaldeasturias.com\\\/magazine365\\\/category\\\/noticias-actualidad\\\/\",\"nextItem\":{\"@type\":\"ListItem\",\"@id\":\"https:\\\/\\\/eldigitaldeasturias.com\\\/magazine365\\\/musica-y-magia-en-el-teatro-de-la-laboral\\\/#listItem\",\"name\":\"M\\u00fasica y magia en el Teatro de la Laboral\"},\"previousItem\":{\"@type\":\"ListItem\",\"@id\":\"https:\\\/\\\/eldigitaldeasturias.com\\\/magazine365#listItem\",\"name\":\"Home\"}},{\"@type\":\"ListItem\",\"@id\":\"https:\\\/\\\/eldigitaldeasturias.com\\\/magazine365\\\/musica-y-magia-en-el-teatro-de-la-laboral\\\/#listItem\",\"position\":3,\"name\":\"M\\u00fasica y magia en el Teatro de la Laboral\",\"previousItem\":{\"@type\":\"ListItem\",\"@id\":\"https:\\\/\\\/eldigitaldeasturias.com\\\/magazine365\\\/category\\\/noticias-actualidad\\\/#listItem\",\"name\":\"Noticias y Actualidad\"}}]},{\"@type\":\"Organization\",\"@id\":\"https:\\\/\\\/eldigitaldeasturias.com\\\/magazine365\\\/#organization\",\"name\":\"El digital de Asturias\",\"description\":\"Revista de ocio, turismo y estilo de vida\",\"url\":\"https:\\\/\\\/eldigitaldeasturias.com\\\/magazine365\\\/\",\"logo\":{\"@type\":\"ImageObject\",\"url\":\"https:\\\/\\\/www.eldigitaldeasturias.com\\\/noticias\\\/wp-content\\\/uploads\\\/2020\\\/12\\\/EDA.jpg\",\"@id\":\"https:\\\/\\\/eldigitaldeasturias.com\\\/magazine365\\\/musica-y-magia-en-el-teatro-de-la-laboral\\\/#organizationLogo\"},\"image\":{\"@id\":\"https:\\\/\\\/eldigitaldeasturias.com\\\/magazine365\\\/musica-y-magia-en-el-teatro-de-la-laboral\\\/#organizationLogo\"}},{\"@type\":\"Person\",\"@id\":\"https:\\\/\\\/eldigitaldeasturias.com\\\/magazine365\\\/author\\\/admin\\\/#author\",\"url\":\"https:\\\/\\\/eldigitaldeasturias.com\\\/magazine365\\\/author\\\/admin\\\/\",\"name\":\"admin\",\"image\":{\"@type\":\"ImageObject\",\"@id\":\"https:\\\/\\\/eldigitaldeasturias.com\\\/magazine365\\\/musica-y-magia-en-el-teatro-de-la-laboral\\\/#authorImage\",\"url\":\"https:\\\/\\\/eldigitaldeasturias.com\\\/magazine365\\\/wp-content\\\/litespeed\\\/avatar\\\/e571bcf59a0edd6fa6838245a470f2fe.jpg?ver=1776969259\",\"width\":96,\"height\":96,\"caption\":\"admin\"}},{\"@type\":\"WebPage\",\"@id\":\"https:\\\/\\\/eldigitaldeasturias.com\\\/magazine365\\\/musica-y-magia-en-el-teatro-de-la-laboral\\\/#webpage\",\"url\":\"https:\\\/\\\/eldigitaldeasturias.com\\\/magazine365\\\/musica-y-magia-en-el-teatro-de-la-laboral\\\/\",\"name\":\"M\\u00fasica y magia en el Teatro de la Laboral | El Digital de Asturias\",\"description\":\"El Teatro de la Laboral acoger\\u00e1 este s\\u00e1bado, a las 20.00 horas, el concierto 'Viejos Aires', y el espect\\u00e1culo 'Piccolo Camerino' el domingo 2 de octubre, en esta ocasi\\u00f3n a las 17.30 horas, seg\\u00fan ha informado la organizaci\\u00f3n en nota de prensa. La Orquesta Filarm\\u00f3nica de Asturias (OFA) sorprender\\u00e1 al p\\u00fablico con un repertorio basado\",\"inLanguage\":\"es-ES\",\"isPartOf\":{\"@id\":\"https:\\\/\\\/eldigitaldeasturias.com\\\/magazine365\\\/#website\"},\"breadcrumb\":{\"@id\":\"https:\\\/\\\/eldigitaldeasturias.com\\\/magazine365\\\/musica-y-magia-en-el-teatro-de-la-laboral\\\/#breadcrumblist\"},\"author\":{\"@id\":\"https:\\\/\\\/eldigitaldeasturias.com\\\/magazine365\\\/author\\\/admin\\\/#author\"},\"creator\":{\"@id\":\"https:\\\/\\\/eldigitaldeasturias.com\\\/magazine365\\\/author\\\/admin\\\/#author\"},\"image\":{\"@type\":\"ImageObject\",\"url\":\"https:\\\/\\\/eldigitaldeasturias.com\\\/magazine365\\\/wp-content\\\/uploads\\\/2016\\\/10\\\/fotonoticia_20161001100002_800.jpg\",\"@id\":\"https:\\\/\\\/eldigitaldeasturias.com\\\/magazine365\\\/musica-y-magia-en-el-teatro-de-la-laboral\\\/#mainImage\",\"width\":683,\"height\":1024},\"primaryImageOfPage\":{\"@id\":\"https:\\\/\\\/eldigitaldeasturias.com\\\/magazine365\\\/musica-y-magia-en-el-teatro-de-la-laboral\\\/#mainImage\"},\"datePublished\":\"2016-10-02T07:09:46+02:00\",\"dateModified\":\"2016-10-02T07:09:46+02:00\"},{\"@type\":\"WebSite\",\"@id\":\"https:\\\/\\\/eldigitaldeasturias.com\\\/magazine365\\\/#website\",\"url\":\"https:\\\/\\\/eldigitaldeasturias.com\\\/magazine365\\\/\",\"name\":\"El Digital de Asturias\",\"description\":\"Revista de ocio, turismo y estilo de vida\",\"inLanguage\":\"es-ES\",\"publisher\":{\"@id\":\"https:\\\/\\\/eldigitaldeasturias.com\\\/magazine365\\\/#organization\"}}]}\n\t\t<\/script>\n\t\t<!-- All in One SEO Pro -->\r\n\t\t<title>M\u00fasica y magia en el Teatro de la Laboral | El Digital de Asturias<\/title>\n\n","aioseo_head_json":{"title":"M\u00fasica y magia en el Teatro de la Laboral | El Digital de Asturias","description":"El Teatro de la Laboral acoger\u00e1 este s\u00e1bado, a las 20.00 horas, el concierto 'Viejos Aires', y el espect\u00e1culo 'Piccolo Camerino' el domingo 2 de octubre, en esta ocasi\u00f3n a las 17.30 horas, seg\u00fan ha informado la organizaci\u00f3n en nota de prensa. La Orquesta Filarm\u00f3nica de Asturias (OFA) sorprender\u00e1 al p\u00fablico con un repertorio basado","canonical_url":"https:\/\/eldigitaldeasturias.com\/magazine365\/musica-y-magia-en-el-teatro-de-la-laboral\/","robots":"max-image-preview:large","keywords":"noticias y actualidad","webmasterTools":{"google-site-verification":"UA-38556648-1","miscellaneous":""},"schema":{"@context":"https:\/\/schema.org","@graph":[{"@type":"Article","@id":"https:\/\/eldigitaldeasturias.com\/magazine365\/musica-y-magia-en-el-teatro-de-la-laboral\/#article","name":"M\u00fasica y magia en el Teatro de la Laboral | El Digital de Asturias","headline":"M\u00fasica y magia en el Teatro de la Laboral","author":{"@id":"https:\/\/eldigitaldeasturias.com\/magazine365\/author\/admin\/#author"},"publisher":{"@id":"https:\/\/eldigitaldeasturias.com\/magazine365\/#organization"},"image":{"@type":"ImageObject","url":"https:\/\/eldigitaldeasturias.com\/magazine365\/wp-content\/uploads\/2016\/10\/fotonoticia_20161001100002_800.jpg","width":683,"height":1024},"datePublished":"2016-10-02T07:09:46+02:00","dateModified":"2016-10-02T07:09:46+02:00","inLanguage":"es-ES","mainEntityOfPage":{"@id":"https:\/\/eldigitaldeasturias.com\/magazine365\/musica-y-magia-en-el-teatro-de-la-laboral\/#webpage"},"isPartOf":{"@id":"https:\/\/eldigitaldeasturias.com\/magazine365\/musica-y-magia-en-el-teatro-de-la-laboral\/#webpage"},"articleSection":"Noticias y Actualidad"},{"@type":"BreadcrumbList","@id":"https:\/\/eldigitaldeasturias.com\/magazine365\/musica-y-magia-en-el-teatro-de-la-laboral\/#breadcrumblist","itemListElement":[{"@type":"ListItem","@id":"https:\/\/eldigitaldeasturias.com\/magazine365#listItem","position":1,"name":"Home","item":"https:\/\/eldigitaldeasturias.com\/magazine365","nextItem":{"@type":"ListItem","@id":"https:\/\/eldigitaldeasturias.com\/magazine365\/category\/noticias-actualidad\/#listItem","name":"Noticias y Actualidad"}},{"@type":"ListItem","@id":"https:\/\/eldigitaldeasturias.com\/magazine365\/category\/noticias-actualidad\/#listItem","position":2,"name":"Noticias y Actualidad","item":"https:\/\/eldigitaldeasturias.com\/magazine365\/category\/noticias-actualidad\/","nextItem":{"@type":"ListItem","@id":"https:\/\/eldigitaldeasturias.com\/magazine365\/musica-y-magia-en-el-teatro-de-la-laboral\/#listItem","name":"M\u00fasica y magia en el Teatro de la Laboral"},"previousItem":{"@type":"ListItem","@id":"https:\/\/eldigitaldeasturias.com\/magazine365#listItem","name":"Home"}},{"@type":"ListItem","@id":"https:\/\/eldigitaldeasturias.com\/magazine365\/musica-y-magia-en-el-teatro-de-la-laboral\/#listItem","position":3,"name":"M\u00fasica y magia en el Teatro de la Laboral","previousItem":{"@type":"ListItem","@id":"https:\/\/eldigitaldeasturias.com\/magazine365\/category\/noticias-actualidad\/#listItem","name":"Noticias y Actualidad"}}]},{"@type":"Organization","@id":"https:\/\/eldigitaldeasturias.com\/magazine365\/#organization","name":"El digital de Asturias","description":"Revista de ocio, turismo y estilo de vida","url":"https:\/\/eldigitaldeasturias.com\/magazine365\/","logo":{"@type":"ImageObject","url":"https:\/\/www.eldigitaldeasturias.com\/noticias\/wp-content\/uploads\/2020\/12\/EDA.jpg","@id":"https:\/\/eldigitaldeasturias.com\/magazine365\/musica-y-magia-en-el-teatro-de-la-laboral\/#organizationLogo"},"image":{"@id":"https:\/\/eldigitaldeasturias.com\/magazine365\/musica-y-magia-en-el-teatro-de-la-laboral\/#organizationLogo"}},{"@type":"Person","@id":"https:\/\/eldigitaldeasturias.com\/magazine365\/author\/admin\/#author","url":"https:\/\/eldigitaldeasturias.com\/magazine365\/author\/admin\/","name":"admin","image":{"@type":"ImageObject","@id":"https:\/\/eldigitaldeasturias.com\/magazine365\/musica-y-magia-en-el-teatro-de-la-laboral\/#authorImage","url":"https:\/\/eldigitaldeasturias.com\/magazine365\/wp-content\/litespeed\/avatar\/e571bcf59a0edd6fa6838245a470f2fe.jpg?ver=1776969259","width":96,"height":96,"caption":"admin"}},{"@type":"WebPage","@id":"https:\/\/eldigitaldeasturias.com\/magazine365\/musica-y-magia-en-el-teatro-de-la-laboral\/#webpage","url":"https:\/\/eldigitaldeasturias.com\/magazine365\/musica-y-magia-en-el-teatro-de-la-laboral\/","name":"M\u00fasica y magia en el Teatro de la Laboral | El Digital de Asturias","description":"El Teatro de la Laboral acoger\u00e1 este s\u00e1bado, a las 20.00 horas, el concierto 'Viejos Aires', y el espect\u00e1culo 'Piccolo Camerino' el domingo 2 de octubre, en esta ocasi\u00f3n a las 17.30 horas, seg\u00fan ha informado la organizaci\u00f3n en nota de prensa. La Orquesta Filarm\u00f3nica de Asturias (OFA) sorprender\u00e1 al p\u00fablico con un repertorio basado","inLanguage":"es-ES","isPartOf":{"@id":"https:\/\/eldigitaldeasturias.com\/magazine365\/#website"},"breadcrumb":{"@id":"https:\/\/eldigitaldeasturias.com\/magazine365\/musica-y-magia-en-el-teatro-de-la-laboral\/#breadcrumblist"},"author":{"@id":"https:\/\/eldigitaldeasturias.com\/magazine365\/author\/admin\/#author"},"creator":{"@id":"https:\/\/eldigitaldeasturias.com\/magazine365\/author\/admin\/#author"},"image":{"@type":"ImageObject","url":"https:\/\/eldigitaldeasturias.com\/magazine365\/wp-content\/uploads\/2016\/10\/fotonoticia_20161001100002_800.jpg","@id":"https:\/\/eldigitaldeasturias.com\/magazine365\/musica-y-magia-en-el-teatro-de-la-laboral\/#mainImage","width":683,"height":1024},"primaryImageOfPage":{"@id":"https:\/\/eldigitaldeasturias.com\/magazine365\/musica-y-magia-en-el-teatro-de-la-laboral\/#mainImage"},"datePublished":"2016-10-02T07:09:46+02:00","dateModified":"2016-10-02T07:09:46+02:00"},{"@type":"WebSite","@id":"https:\/\/eldigitaldeasturias.com\/magazine365\/#website","url":"https:\/\/eldigitaldeasturias.com\/magazine365\/","name":"El Digital de Asturias","description":"Revista de ocio, turismo y estilo de vida","inLanguage":"es-ES","publisher":{"@id":"https:\/\/eldigitaldeasturias.com\/magazine365\/#organization"}}]},"og:locale":"es_ES","og:site_name":"El Digital de Asturias \u2013 Revista de ocio, turismo y estilo de vida","og:type":"article","og:title":"M\u00fasica y magia en el Teatro de la Laboral | El Digital de Asturias","og:description":"El Teatro de la Laboral acoger\u00e1 este s\u00e1bado, a las 20.00 horas, el concierto 'Viejos Aires', y el espect\u00e1culo 'Piccolo Camerino' el domingo 2 de octubre, en esta ocasi\u00f3n a las 17.30 horas, seg\u00fan ha informado la organizaci\u00f3n en nota de prensa. La Orquesta Filarm\u00f3nica de Asturias (OFA) sorprender\u00e1 al p\u00fablico con un repertorio basado","og:url":"https:\/\/eldigitaldeasturias.com\/magazine365\/musica-y-magia-en-el-teatro-de-la-laboral\/","og:image":"https:\/\/eldigitaldeasturias.com\/magazine365\/wp-content\/uploads\/2016\/10\/fotonoticia_20161001100002_800.jpg","og:image:secure_url":"https:\/\/eldigitaldeasturias.com\/magazine365\/wp-content\/uploads\/2016\/10\/fotonoticia_20161001100002_800.jpg","og:image:width":683,"og:image:height":1024,"article:published_time":"2016-10-02T05:09:46+00:00","article:modified_time":"2016-10-02T05:09:46+00:00","twitter:card":"summary_large_image","twitter:title":"M\u00fasica y magia en el Teatro de la Laboral | El Digital de Asturias","twitter:description":"El Teatro de la Laboral acoger\u00e1 este s\u00e1bado, a las 20.00 horas, el concierto 'Viejos Aires', y el espect\u00e1culo 'Piccolo Camerino' el domingo 2 de octubre, en esta ocasi\u00f3n a las 17.30 horas, seg\u00fan ha informado la organizaci\u00f3n en nota de prensa. La Orquesta Filarm\u00f3nica de Asturias (OFA) sorprender\u00e1 al p\u00fablico con un repertorio basado","twitter:image":"https:\/\/eldigitaldeasturias.com\/magazine365\/wp-content\/uploads\/2016\/10\/fotonoticia_20161001100002_800.jpg"},"aioseo_meta_data":{"post_id":"82910","title":null,"description":null,"keywords":null,"keyphrases":null,"primary_term":null,"canonical_url":null,"og_title":null,"og_description":null,"og_object_type":"default","og_image_type":"default","og_image_url":null,"og_image_width":null,"og_image_height":null,"og_image_custom_url":null,"og_image_custom_fields":null,"og_video":null,"og_custom_url":null,"og_article_section":null,"og_article_tags":null,"twitter_use_og":false,"twitter_card":"default","twitter_image_type":"default","twitter_image_url":null,"twitter_image_custom_url":null,"twitter_image_custom_fields":null,"twitter_title":null,"twitter_description":null,"schema":{"blockGraphs":[],"customGraphs":[],"default":{"data":{"Article":[],"Course":[],"Dataset":[],"FAQPage":[],"Movie":[],"Person":[],"Product":[],"ProductReview":[],"Car":[],"Recipe":[],"Service":[],"SoftwareApplication":[],"WebPage":[]},"graphName":"","isEnabled":true},"graphs":[],"defaultGraph":"","defaultPostTypeGraph":""},"schema_type":null,"schema_type_options":null,"pillar_content":false,"robots_default":true,"robots_noindex":false,"robots_noarchive":false,"robots_nosnippet":false,"robots_nofollow":false,"robots_noimageindex":false,"robots_noodp":false,"robots_notranslate":false,"robots_max_snippet":null,"robots_max_videopreview":null,"robots_max_imagepreview":"large","priority":null,"frequency":null,"location":null,"local_seo":null,"seo_analyzer_scan_date":"2025-09-28 01:53:09","breadcrumb_settings":null,"limit_modified_date":false,"open_ai":null,"ai":null,"created":"2020-12-21 15:30:20","updated":"2025-09-28 01:53:09"},"aioseo_breadcrumb":"<div class=\"aioseo-breadcrumbs\"><span class=\"aioseo-breadcrumb\">\n\t<a href=\"https:\/\/eldigitaldeasturias.com\/magazine365\" title=\"Home\">Home<\/a>\n<\/span><span class=\"aioseo-breadcrumb-separator\">\u2013<\/span><span class=\"aioseo-breadcrumb\">\n\t<a href=\"https:\/\/eldigitaldeasturias.com\/magazine365\/category\/noticias-actualidad\/\" title=\"Noticias y Actualidad\">Noticias y Actualidad<\/a>\n<\/span><span class=\"aioseo-breadcrumb-separator\">\u2013<\/span><span class=\"aioseo-breadcrumb\">\n\t<a href=\"https:\/\/eldigitaldeasturias.com\/magazine365\/musica-y-magia-en-el-teatro-de-la-laboral\/\" title=\"M\u00fasica y magia en el Teatro de la Laboral\">M\u00fasica y magia en el Teatro de la Laboral<\/a>\n<\/span><\/div>","aioseo_breadcrumb_json":[{"label":"Home","link":"https:\/\/eldigitaldeasturias.com\/magazine365"},{"label":"Noticias y Actualidad","link":"https:\/\/eldigitaldeasturias.com\/magazine365\/category\/noticias-actualidad\/"},{"label":"M\u00fasica y magia en el Teatro de la Laboral","link":"https:\/\/eldigitaldeasturias.com\/magazine365\/musica-y-magia-en-el-teatro-de-la-laboral\/"}],"_links":{"self":[{"href":"https:\/\/eldigitaldeasturias.com\/magazine365\/wp-json\/wp\/v2\/posts\/82910","targetHints":{"allow":["GET"]}}],"collection":[{"href":"https:\/\/eldigitaldeasturias.com\/magazine365\/wp-json\/wp\/v2\/posts"}],"about":[{"href":"https:\/\/eldigitaldeasturias.com\/magazine365\/wp-json\/wp\/v2\/types\/post"}],"author":[{"embeddable":true,"href":"https:\/\/eldigitaldeasturias.com\/magazine365\/wp-json\/wp\/v2\/users\/1"}],"replies":[{"embeddable":true,"href":"https:\/\/eldigitaldeasturias.com\/magazine365\/wp-json\/wp\/v2\/comments?post=82910"}],"version-history":[{"count":0,"href":"https:\/\/eldigitaldeasturias.com\/magazine365\/wp-json\/wp\/v2\/posts\/82910\/revisions"}],"wp:featuredmedia":[{"embeddable":true,"href":"https:\/\/eldigitaldeasturias.com\/magazine365\/wp-json\/wp\/v2\/media\/82911"}],"wp:attachment":[{"href":"https:\/\/eldigitaldeasturias.com\/magazine365\/wp-json\/wp\/v2\/media?parent=82910"}],"wp:term":[{"taxonomy":"category","embeddable":true,"href":"https:\/\/eldigitaldeasturias.com\/magazine365\/wp-json\/wp\/v2\/categories?post=82910"},{"taxonomy":"post_tag","embeddable":true,"href":"https:\/\/eldigitaldeasturias.com\/magazine365\/wp-json\/wp\/v2\/tags?post=82910"}],"curies":[{"name":"wp","href":"https:\/\/api.w.org\/{rel}","templated":true}]}}