{"id":82884,"date":"2016-10-02T06:47:33","date_gmt":"2016-10-02T04:47:33","guid":{"rendered":"http:\/\/eldigitaldeasturias.com\/magazine365\/?p=82884"},"modified":"2016-10-02T06:47:33","modified_gmt":"2016-10-02T04:47:33","slug":"1-000-empleados-seran-despedidos-de-motorola","status":"publish","type":"post","link":"https:\/\/eldigitaldeasturias.com\/magazine365\/1-000-empleados-seran-despedidos-de-motorola\/","title":{"rendered":"1.000 empleados ser\u00e1n despedidos de Motorola"},"content":{"rendered":"<p>Al parecer la integraci\u00f3n de Motorola ahora en Lenovo a\u00fan no termina de acomodarse. Hace un a\u00f1o la compa\u00f1\u00eda china anunciaba una serie de despidos que afectaban a 3.200 trabajadores con el objetivo de ser m\u00e1s eficientes, donde tambi\u00e9n anunciaban que Motorola se har\u00eda cargo del negocio m\u00f3vil de la compa\u00f1\u00eda. Y ahora tenemos una nueva ronda de despidos que afectan de forma directa a Motorola.<\/p>\n<p>Lenovo est\u00e1 confirmando que en los pr\u00f3ximos d\u00edas llevar\u00e1n a cabo un recorte dentro de Motorola Mobility a nivel mundial, un recorte de casi el 2% de sus aproximadamente 55.000 trabajadores, que se traduce en alrededor de 1000 trabajadores, esto como parte de la integraci\u00f3n de Lenovo dentro del negocio m\u00f3vil de Motorola.<\/p>\n<p><strong>Las cosas se siguen acomodando con Lenovo y Motorola<\/strong><\/p>\n<p>De acuerdo a las declaraciones de Lenovo, esta reorganizaci\u00f3n obedece a una necesidad por hacer m\u00e1s eficientes los procesos en la compa\u00f1\u00eda, lo que significa un movimiento para que Motorola termine de integrarse a Lenovo, optimice sus productos y estrategias, para que as\u00ed compita de mejor manera en el mercado mundial de smartphones.<\/p>\n<p>A pesar de estos despidos, Lenovo mantendr\u00e1 operativa la sede de Motorola Mobility en Chicago, ya que hab\u00edan surgido una serie de rumores que apuntaban a que toda la plantilla de Chicago se mudar\u00eda a Carolina del Norte, donde Lenovo tiene las oficinas que se encargan de la operaci\u00f3n de Estados Unidos. La raz\u00f3n de mantener operativa la sede de Chicago es porque est\u00e1 sirviendo como laboratorio de investigaci\u00f3n y desarrollo para los pr\u00f3ximos productos m\u00f3viles de la compa\u00f1\u00eda, por lo que se ha convertido en un activo muy importante.<\/p>\n<p>Esto nos habla de que la competencia dentro del mercado m\u00f3vil es m\u00e1s feroz que nunca, ya no es suficiente con lanzar un smartphone con lo \u00faltimo en especificaciones, ahora hay que desarrollar experiencias y reducir costes al m\u00e1ximo; por ello seguimos viendo como las compa\u00f1\u00edas siguen efectuado recortes e integraciones para realizar acciones de una forma conjunta con tal de seguir dentro de la competencia, donde el ejemplo m\u00e1s claro es Microsoft.<\/p>\n<p><em>La noticia Lenovo prepara una nueva ronda de despidos: 1000 trabajadores de Motorola fue publicada originalmente en Xataka por Ra\u00fal \u00c1lvarez<\/em><\/p>\n<p>COMUNICAE<\/p>\n","protected":false},"excerpt":{"rendered":"<p>Al parecer la integraci\u00f3n de Motorola ahora en Lenovo a\u00fan no termina de acomodarse. Hace un a\u00f1o la compa\u00f1\u00eda china anunciaba una serie de despidos que afectaban a 3.200 trabajadores con el objetivo de ser m\u00e1s eficientes, donde tambi\u00e9n anunciaban que Motorola se har\u00eda cargo del negocio m\u00f3vil de la compa\u00f1\u00eda. Y ahora tenemos una<\/p>\n","protected":false},"author":1,"featured_media":77926,"comment_status":"open","ping_status":"closed","sticky":false,"template":"","format":"standard","meta":{"footnotes":""},"categories":[224],"tags":[],"class_list":{"0":"post-82884","1":"post","2":"type-post","3":"status-publish","4":"format-standard","5":"has-post-thumbnail","7":"category-noticias-actualidad"},"aioseo_notices":[],"aioseo_head":"\n\t\t<!-- All in One SEO Pro 4.9.6.1 - aioseo.com -->\n\t<meta name=\"description\" content=\"Al parecer la integraci\u00f3n de Motorola ahora en Lenovo a\u00fan no termina de acomodarse. Hace un a\u00f1o la compa\u00f1\u00eda china anunciaba una serie de despidos que afectaban a 3.200 trabajadores con el objetivo de ser m\u00e1s eficientes, donde tambi\u00e9n anunciaban que Motorola se har\u00eda cargo del negocio m\u00f3vil de la compa\u00f1\u00eda. Y ahora tenemos una\" \/>\n\t<meta name=\"robots\" content=\"max-image-preview:large\" \/>\n\t<meta name=\"author\" content=\"admin\"\/>\n\t<meta name=\"google-site-verification\" content=\"UA-38556648-1\" \/>\n\t<meta name=\"keywords\" content=\"noticias y actualidad\" \/>\n\t<link rel=\"canonical\" href=\"https:\/\/eldigitaldeasturias.com\/magazine365\/1-000-empleados-seran-despedidos-de-motorola\/\" \/>\n\t<meta name=\"generator\" content=\"All in One SEO Pro (AIOSEO) 4.9.6.1\" \/>\n\t\t<meta property=\"og:locale\" content=\"es_ES\" \/>\n\t\t<meta property=\"og:site_name\" content=\"El Digital de Asturias \u2013 Revista de ocio, turismo y estilo de vida\" \/>\n\t\t<meta property=\"og:type\" content=\"article\" \/>\n\t\t<meta property=\"og:title\" content=\"1.000 empleados ser\u00e1n despedidos de Motorola | El Digital de Asturias\" \/>\n\t\t<meta property=\"og:description\" content=\"Al parecer la integraci\u00f3n de Motorola ahora en Lenovo a\u00fan no termina de acomodarse. Hace un a\u00f1o la compa\u00f1\u00eda china anunciaba una serie de despidos que afectaban a 3.200 trabajadores con el objetivo de ser m\u00e1s eficientes, donde tambi\u00e9n anunciaban que Motorola se har\u00eda cargo del negocio m\u00f3vil de la compa\u00f1\u00eda. Y ahora tenemos una\" \/>\n\t\t<meta property=\"og:url\" content=\"https:\/\/eldigitaldeasturias.com\/magazine365\/1-000-empleados-seran-despedidos-de-motorola\/\" \/>\n\t\t<meta property=\"og:image\" content=\"https:\/\/eldigitaldeasturias.com\/magazine365\/wp-content\/uploads\/2016\/06\/m365.jpg\" \/>\n\t\t<meta property=\"og:image:secure_url\" content=\"https:\/\/eldigitaldeasturias.com\/magazine365\/wp-content\/uploads\/2016\/06\/m365.jpg\" \/>\n\t\t<meta property=\"og:image:width\" content=\"655\" \/>\n\t\t<meta property=\"og:image:height\" content=\"360\" \/>\n\t\t<meta property=\"article:published_time\" content=\"2016-10-02T04:47:33+00:00\" \/>\n\t\t<meta property=\"article:modified_time\" content=\"2016-10-02T04:47:33+00:00\" \/>\n\t\t<meta name=\"twitter:card\" content=\"summary_large_image\" \/>\n\t\t<meta name=\"twitter:title\" content=\"1.000 empleados ser\u00e1n despedidos de Motorola | El Digital de Asturias\" \/>\n\t\t<meta name=\"twitter:description\" content=\"Al parecer la integraci\u00f3n de Motorola ahora en Lenovo a\u00fan no termina de acomodarse. Hace un a\u00f1o la compa\u00f1\u00eda china anunciaba una serie de despidos que afectaban a 3.200 trabajadores con el objetivo de ser m\u00e1s eficientes, donde tambi\u00e9n anunciaban que Motorola se har\u00eda cargo del negocio m\u00f3vil de la compa\u00f1\u00eda. Y ahora tenemos una\" \/>\n\t\t<meta name=\"twitter:image\" content=\"https:\/\/eldigitaldeasturias.com\/magazine365\/wp-content\/uploads\/2016\/06\/m365.jpg\" \/>\n\t\t<script type=\"application\/ld+json\" class=\"aioseo-schema\">\n\t\t\t{\"@context\":\"https:\\\/\\\/schema.org\",\"@graph\":[{\"@type\":\"Article\",\"@id\":\"https:\\\/\\\/eldigitaldeasturias.com\\\/magazine365\\\/1-000-empleados-seran-despedidos-de-motorola\\\/#article\",\"name\":\"1.000 empleados ser\\u00e1n despedidos de Motorola | El Digital de Asturias\",\"headline\":\"1.000 empleados ser\\u00e1n despedidos de Motorola\",\"author\":{\"@id\":\"https:\\\/\\\/eldigitaldeasturias.com\\\/magazine365\\\/author\\\/admin\\\/#author\"},\"publisher\":{\"@id\":\"https:\\\/\\\/eldigitaldeasturias.com\\\/magazine365\\\/#organization\"},\"image\":{\"@type\":\"ImageObject\",\"url\":\"https:\\\/\\\/eldigitaldeasturias.com\\\/magazine365\\\/wp-content\\\/uploads\\\/2016\\\/06\\\/m365.jpg\",\"width\":655,\"height\":360},\"datePublished\":\"2016-10-02T06:47:33+02:00\",\"dateModified\":\"2016-10-02T06:47:33+02:00\",\"inLanguage\":\"es-ES\",\"mainEntityOfPage\":{\"@id\":\"https:\\\/\\\/eldigitaldeasturias.com\\\/magazine365\\\/1-000-empleados-seran-despedidos-de-motorola\\\/#webpage\"},\"isPartOf\":{\"@id\":\"https:\\\/\\\/eldigitaldeasturias.com\\\/magazine365\\\/1-000-empleados-seran-despedidos-de-motorola\\\/#webpage\"},\"articleSection\":\"Noticias y Actualidad\"},{\"@type\":\"BreadcrumbList\",\"@id\":\"https:\\\/\\\/eldigitaldeasturias.com\\\/magazine365\\\/1-000-empleados-seran-despedidos-de-motorola\\\/#breadcrumblist\",\"itemListElement\":[{\"@type\":\"ListItem\",\"@id\":\"https:\\\/\\\/eldigitaldeasturias.com\\\/magazine365#listItem\",\"position\":1,\"name\":\"Home\",\"item\":\"https:\\\/\\\/eldigitaldeasturias.com\\\/magazine365\",\"nextItem\":{\"@type\":\"ListItem\",\"@id\":\"https:\\\/\\\/eldigitaldeasturias.com\\\/magazine365\\\/category\\\/noticias-actualidad\\\/#listItem\",\"name\":\"Noticias y Actualidad\"}},{\"@type\":\"ListItem\",\"@id\":\"https:\\\/\\\/eldigitaldeasturias.com\\\/magazine365\\\/category\\\/noticias-actualidad\\\/#listItem\",\"position\":2,\"name\":\"Noticias y Actualidad\",\"item\":\"https:\\\/\\\/eldigitaldeasturias.com\\\/magazine365\\\/category\\\/noticias-actualidad\\\/\",\"nextItem\":{\"@type\":\"ListItem\",\"@id\":\"https:\\\/\\\/eldigitaldeasturias.com\\\/magazine365\\\/1-000-empleados-seran-despedidos-de-motorola\\\/#listItem\",\"name\":\"1.000 empleados ser\\u00e1n despedidos de Motorola\"},\"previousItem\":{\"@type\":\"ListItem\",\"@id\":\"https:\\\/\\\/eldigitaldeasturias.com\\\/magazine365#listItem\",\"name\":\"Home\"}},{\"@type\":\"ListItem\",\"@id\":\"https:\\\/\\\/eldigitaldeasturias.com\\\/magazine365\\\/1-000-empleados-seran-despedidos-de-motorola\\\/#listItem\",\"position\":3,\"name\":\"1.000 empleados ser\\u00e1n despedidos de Motorola\",\"previousItem\":{\"@type\":\"ListItem\",\"@id\":\"https:\\\/\\\/eldigitaldeasturias.com\\\/magazine365\\\/category\\\/noticias-actualidad\\\/#listItem\",\"name\":\"Noticias y Actualidad\"}}]},{\"@type\":\"Organization\",\"@id\":\"https:\\\/\\\/eldigitaldeasturias.com\\\/magazine365\\\/#organization\",\"name\":\"El digital de Asturias\",\"description\":\"Revista de ocio, turismo y estilo de vida\",\"url\":\"https:\\\/\\\/eldigitaldeasturias.com\\\/magazine365\\\/\",\"logo\":{\"@type\":\"ImageObject\",\"url\":\"https:\\\/\\\/www.eldigitaldeasturias.com\\\/noticias\\\/wp-content\\\/uploads\\\/2020\\\/12\\\/EDA.jpg\",\"@id\":\"https:\\\/\\\/eldigitaldeasturias.com\\\/magazine365\\\/1-000-empleados-seran-despedidos-de-motorola\\\/#organizationLogo\"},\"image\":{\"@id\":\"https:\\\/\\\/eldigitaldeasturias.com\\\/magazine365\\\/1-000-empleados-seran-despedidos-de-motorola\\\/#organizationLogo\"}},{\"@type\":\"Person\",\"@id\":\"https:\\\/\\\/eldigitaldeasturias.com\\\/magazine365\\\/author\\\/admin\\\/#author\",\"url\":\"https:\\\/\\\/eldigitaldeasturias.com\\\/magazine365\\\/author\\\/admin\\\/\",\"name\":\"admin\",\"image\":{\"@type\":\"ImageObject\",\"@id\":\"https:\\\/\\\/eldigitaldeasturias.com\\\/magazine365\\\/1-000-empleados-seran-despedidos-de-motorola\\\/#authorImage\",\"url\":\"https:\\\/\\\/eldigitaldeasturias.com\\\/magazine365\\\/wp-content\\\/litespeed\\\/avatar\\\/e571bcf59a0edd6fa6838245a470f2fe.jpg?ver=1776969259\",\"width\":96,\"height\":96,\"caption\":\"admin\"}},{\"@type\":\"WebPage\",\"@id\":\"https:\\\/\\\/eldigitaldeasturias.com\\\/magazine365\\\/1-000-empleados-seran-despedidos-de-motorola\\\/#webpage\",\"url\":\"https:\\\/\\\/eldigitaldeasturias.com\\\/magazine365\\\/1-000-empleados-seran-despedidos-de-motorola\\\/\",\"name\":\"1.000 empleados ser\\u00e1n despedidos de Motorola | El Digital de Asturias\",\"description\":\"Al parecer la integraci\\u00f3n de Motorola ahora en Lenovo a\\u00fan no termina de acomodarse. Hace un a\\u00f1o la compa\\u00f1\\u00eda china anunciaba una serie de despidos que afectaban a 3.200 trabajadores con el objetivo de ser m\\u00e1s eficientes, donde tambi\\u00e9n anunciaban que Motorola se har\\u00eda cargo del negocio m\\u00f3vil de la compa\\u00f1\\u00eda. Y ahora tenemos una\",\"inLanguage\":\"es-ES\",\"isPartOf\":{\"@id\":\"https:\\\/\\\/eldigitaldeasturias.com\\\/magazine365\\\/#website\"},\"breadcrumb\":{\"@id\":\"https:\\\/\\\/eldigitaldeasturias.com\\\/magazine365\\\/1-000-empleados-seran-despedidos-de-motorola\\\/#breadcrumblist\"},\"author\":{\"@id\":\"https:\\\/\\\/eldigitaldeasturias.com\\\/magazine365\\\/author\\\/admin\\\/#author\"},\"creator\":{\"@id\":\"https:\\\/\\\/eldigitaldeasturias.com\\\/magazine365\\\/author\\\/admin\\\/#author\"},\"image\":{\"@type\":\"ImageObject\",\"url\":\"https:\\\/\\\/eldigitaldeasturias.com\\\/magazine365\\\/wp-content\\\/uploads\\\/2016\\\/06\\\/m365.jpg\",\"@id\":\"https:\\\/\\\/eldigitaldeasturias.com\\\/magazine365\\\/1-000-empleados-seran-despedidos-de-motorola\\\/#mainImage\",\"width\":655,\"height\":360},\"primaryImageOfPage\":{\"@id\":\"https:\\\/\\\/eldigitaldeasturias.com\\\/magazine365\\\/1-000-empleados-seran-despedidos-de-motorola\\\/#mainImage\"},\"datePublished\":\"2016-10-02T06:47:33+02:00\",\"dateModified\":\"2016-10-02T06:47:33+02:00\"},{\"@type\":\"WebSite\",\"@id\":\"https:\\\/\\\/eldigitaldeasturias.com\\\/magazine365\\\/#website\",\"url\":\"https:\\\/\\\/eldigitaldeasturias.com\\\/magazine365\\\/\",\"name\":\"El Digital de Asturias\",\"description\":\"Revista de ocio, turismo y estilo de vida\",\"inLanguage\":\"es-ES\",\"publisher\":{\"@id\":\"https:\\\/\\\/eldigitaldeasturias.com\\\/magazine365\\\/#organization\"}}]}\n\t\t<\/script>\n\t\t<!-- All in One SEO Pro -->\r\n\t\t<title>1.000 empleados ser\u00e1n despedidos de Motorola | El Digital de Asturias<\/title>\n\n","aioseo_head_json":{"title":"1.000 empleados ser\u00e1n despedidos de Motorola | El Digital de Asturias","description":"Al parecer la integraci\u00f3n de Motorola ahora en Lenovo a\u00fan no termina de acomodarse. Hace un a\u00f1o la compa\u00f1\u00eda china anunciaba una serie de despidos que afectaban a 3.200 trabajadores con el objetivo de ser m\u00e1s eficientes, donde tambi\u00e9n anunciaban que Motorola se har\u00eda cargo del negocio m\u00f3vil de la compa\u00f1\u00eda. Y ahora tenemos una","canonical_url":"https:\/\/eldigitaldeasturias.com\/magazine365\/1-000-empleados-seran-despedidos-de-motorola\/","robots":"max-image-preview:large","keywords":"noticias y actualidad","webmasterTools":{"google-site-verification":"UA-38556648-1","miscellaneous":""},"schema":{"@context":"https:\/\/schema.org","@graph":[{"@type":"Article","@id":"https:\/\/eldigitaldeasturias.com\/magazine365\/1-000-empleados-seran-despedidos-de-motorola\/#article","name":"1.000 empleados ser\u00e1n despedidos de Motorola | El Digital de Asturias","headline":"1.000 empleados ser\u00e1n despedidos de Motorola","author":{"@id":"https:\/\/eldigitaldeasturias.com\/magazine365\/author\/admin\/#author"},"publisher":{"@id":"https:\/\/eldigitaldeasturias.com\/magazine365\/#organization"},"image":{"@type":"ImageObject","url":"https:\/\/eldigitaldeasturias.com\/magazine365\/wp-content\/uploads\/2016\/06\/m365.jpg","width":655,"height":360},"datePublished":"2016-10-02T06:47:33+02:00","dateModified":"2016-10-02T06:47:33+02:00","inLanguage":"es-ES","mainEntityOfPage":{"@id":"https:\/\/eldigitaldeasturias.com\/magazine365\/1-000-empleados-seran-despedidos-de-motorola\/#webpage"},"isPartOf":{"@id":"https:\/\/eldigitaldeasturias.com\/magazine365\/1-000-empleados-seran-despedidos-de-motorola\/#webpage"},"articleSection":"Noticias y Actualidad"},{"@type":"BreadcrumbList","@id":"https:\/\/eldigitaldeasturias.com\/magazine365\/1-000-empleados-seran-despedidos-de-motorola\/#breadcrumblist","itemListElement":[{"@type":"ListItem","@id":"https:\/\/eldigitaldeasturias.com\/magazine365#listItem","position":1,"name":"Home","item":"https:\/\/eldigitaldeasturias.com\/magazine365","nextItem":{"@type":"ListItem","@id":"https:\/\/eldigitaldeasturias.com\/magazine365\/category\/noticias-actualidad\/#listItem","name":"Noticias y Actualidad"}},{"@type":"ListItem","@id":"https:\/\/eldigitaldeasturias.com\/magazine365\/category\/noticias-actualidad\/#listItem","position":2,"name":"Noticias y Actualidad","item":"https:\/\/eldigitaldeasturias.com\/magazine365\/category\/noticias-actualidad\/","nextItem":{"@type":"ListItem","@id":"https:\/\/eldigitaldeasturias.com\/magazine365\/1-000-empleados-seran-despedidos-de-motorola\/#listItem","name":"1.000 empleados ser\u00e1n despedidos de Motorola"},"previousItem":{"@type":"ListItem","@id":"https:\/\/eldigitaldeasturias.com\/magazine365#listItem","name":"Home"}},{"@type":"ListItem","@id":"https:\/\/eldigitaldeasturias.com\/magazine365\/1-000-empleados-seran-despedidos-de-motorola\/#listItem","position":3,"name":"1.000 empleados ser\u00e1n despedidos de Motorola","previousItem":{"@type":"ListItem","@id":"https:\/\/eldigitaldeasturias.com\/magazine365\/category\/noticias-actualidad\/#listItem","name":"Noticias y Actualidad"}}]},{"@type":"Organization","@id":"https:\/\/eldigitaldeasturias.com\/magazine365\/#organization","name":"El digital de Asturias","description":"Revista de ocio, turismo y estilo de vida","url":"https:\/\/eldigitaldeasturias.com\/magazine365\/","logo":{"@type":"ImageObject","url":"https:\/\/www.eldigitaldeasturias.com\/noticias\/wp-content\/uploads\/2020\/12\/EDA.jpg","@id":"https:\/\/eldigitaldeasturias.com\/magazine365\/1-000-empleados-seran-despedidos-de-motorola\/#organizationLogo"},"image":{"@id":"https:\/\/eldigitaldeasturias.com\/magazine365\/1-000-empleados-seran-despedidos-de-motorola\/#organizationLogo"}},{"@type":"Person","@id":"https:\/\/eldigitaldeasturias.com\/magazine365\/author\/admin\/#author","url":"https:\/\/eldigitaldeasturias.com\/magazine365\/author\/admin\/","name":"admin","image":{"@type":"ImageObject","@id":"https:\/\/eldigitaldeasturias.com\/magazine365\/1-000-empleados-seran-despedidos-de-motorola\/#authorImage","url":"https:\/\/eldigitaldeasturias.com\/magazine365\/wp-content\/litespeed\/avatar\/e571bcf59a0edd6fa6838245a470f2fe.jpg?ver=1776969259","width":96,"height":96,"caption":"admin"}},{"@type":"WebPage","@id":"https:\/\/eldigitaldeasturias.com\/magazine365\/1-000-empleados-seran-despedidos-de-motorola\/#webpage","url":"https:\/\/eldigitaldeasturias.com\/magazine365\/1-000-empleados-seran-despedidos-de-motorola\/","name":"1.000 empleados ser\u00e1n despedidos de Motorola | El Digital de Asturias","description":"Al parecer la integraci\u00f3n de Motorola ahora en Lenovo a\u00fan no termina de acomodarse. Hace un a\u00f1o la compa\u00f1\u00eda china anunciaba una serie de despidos que afectaban a 3.200 trabajadores con el objetivo de ser m\u00e1s eficientes, donde tambi\u00e9n anunciaban que Motorola se har\u00eda cargo del negocio m\u00f3vil de la compa\u00f1\u00eda. Y ahora tenemos una","inLanguage":"es-ES","isPartOf":{"@id":"https:\/\/eldigitaldeasturias.com\/magazine365\/#website"},"breadcrumb":{"@id":"https:\/\/eldigitaldeasturias.com\/magazine365\/1-000-empleados-seran-despedidos-de-motorola\/#breadcrumblist"},"author":{"@id":"https:\/\/eldigitaldeasturias.com\/magazine365\/author\/admin\/#author"},"creator":{"@id":"https:\/\/eldigitaldeasturias.com\/magazine365\/author\/admin\/#author"},"image":{"@type":"ImageObject","url":"https:\/\/eldigitaldeasturias.com\/magazine365\/wp-content\/uploads\/2016\/06\/m365.jpg","@id":"https:\/\/eldigitaldeasturias.com\/magazine365\/1-000-empleados-seran-despedidos-de-motorola\/#mainImage","width":655,"height":360},"primaryImageOfPage":{"@id":"https:\/\/eldigitaldeasturias.com\/magazine365\/1-000-empleados-seran-despedidos-de-motorola\/#mainImage"},"datePublished":"2016-10-02T06:47:33+02:00","dateModified":"2016-10-02T06:47:33+02:00"},{"@type":"WebSite","@id":"https:\/\/eldigitaldeasturias.com\/magazine365\/#website","url":"https:\/\/eldigitaldeasturias.com\/magazine365\/","name":"El Digital de Asturias","description":"Revista de ocio, turismo y estilo de vida","inLanguage":"es-ES","publisher":{"@id":"https:\/\/eldigitaldeasturias.com\/magazine365\/#organization"}}]},"og:locale":"es_ES","og:site_name":"El Digital de Asturias \u2013 Revista de ocio, turismo y estilo de vida","og:type":"article","og:title":"1.000 empleados ser\u00e1n despedidos de Motorola | El Digital de Asturias","og:description":"Al parecer la integraci\u00f3n de Motorola ahora en Lenovo a\u00fan no termina de acomodarse. Hace un a\u00f1o la compa\u00f1\u00eda china anunciaba una serie de despidos que afectaban a 3.200 trabajadores con el objetivo de ser m\u00e1s eficientes, donde tambi\u00e9n anunciaban que Motorola se har\u00eda cargo del negocio m\u00f3vil de la compa\u00f1\u00eda. Y ahora tenemos una","og:url":"https:\/\/eldigitaldeasturias.com\/magazine365\/1-000-empleados-seran-despedidos-de-motorola\/","og:image":"https:\/\/eldigitaldeasturias.com\/magazine365\/wp-content\/uploads\/2016\/06\/m365.jpg","og:image:secure_url":"https:\/\/eldigitaldeasturias.com\/magazine365\/wp-content\/uploads\/2016\/06\/m365.jpg","og:image:width":655,"og:image:height":360,"article:published_time":"2016-10-02T04:47:33+00:00","article:modified_time":"2016-10-02T04:47:33+00:00","twitter:card":"summary_large_image","twitter:title":"1.000 empleados ser\u00e1n despedidos de Motorola | El Digital de Asturias","twitter:description":"Al parecer la integraci\u00f3n de Motorola ahora en Lenovo a\u00fan no termina de acomodarse. Hace un a\u00f1o la compa\u00f1\u00eda china anunciaba una serie de despidos que afectaban a 3.200 trabajadores con el objetivo de ser m\u00e1s eficientes, donde tambi\u00e9n anunciaban que Motorola se har\u00eda cargo del negocio m\u00f3vil de la compa\u00f1\u00eda. Y ahora tenemos una","twitter:image":"https:\/\/eldigitaldeasturias.com\/magazine365\/wp-content\/uploads\/2016\/06\/m365.jpg"},"aioseo_meta_data":{"post_id":"82884","title":null,"description":null,"keywords":null,"keyphrases":null,"primary_term":null,"canonical_url":null,"og_title":null,"og_description":null,"og_object_type":"default","og_image_type":"default","og_image_url":null,"og_image_width":null,"og_image_height":null,"og_image_custom_url":null,"og_image_custom_fields":null,"og_video":null,"og_custom_url":null,"og_article_section":null,"og_article_tags":null,"twitter_use_og":false,"twitter_card":"default","twitter_image_type":"default","twitter_image_url":null,"twitter_image_custom_url":null,"twitter_image_custom_fields":null,"twitter_title":null,"twitter_description":null,"schema":{"blockGraphs":[],"customGraphs":[],"default":{"data":{"Article":[],"Course":[],"Dataset":[],"FAQPage":[],"Movie":[],"Person":[],"Product":[],"ProductReview":[],"Car":[],"Recipe":[],"Service":[],"SoftwareApplication":[],"WebPage":[]},"graphName":"","isEnabled":true},"graphs":[],"defaultGraph":"","defaultPostTypeGraph":""},"schema_type":null,"schema_type_options":null,"pillar_content":false,"robots_default":true,"robots_noindex":false,"robots_noarchive":false,"robots_nosnippet":false,"robots_nofollow":false,"robots_noimageindex":false,"robots_noodp":false,"robots_notranslate":false,"robots_max_snippet":null,"robots_max_videopreview":null,"robots_max_imagepreview":"large","priority":null,"frequency":null,"location":null,"local_seo":null,"seo_analyzer_scan_date":"2025-09-28 01:50:43","breadcrumb_settings":null,"limit_modified_date":false,"open_ai":null,"ai":null,"created":"2020-12-21 15:30:20","updated":"2025-09-28 01:50:43"},"aioseo_breadcrumb":"<div class=\"aioseo-breadcrumbs\"><span class=\"aioseo-breadcrumb\">\n\t<a href=\"https:\/\/eldigitaldeasturias.com\/magazine365\" title=\"Home\">Home<\/a>\n<\/span><span class=\"aioseo-breadcrumb-separator\">\u2013<\/span><span class=\"aioseo-breadcrumb\">\n\t<a href=\"https:\/\/eldigitaldeasturias.com\/magazine365\/category\/noticias-actualidad\/\" title=\"Noticias y Actualidad\">Noticias y Actualidad<\/a>\n<\/span><span class=\"aioseo-breadcrumb-separator\">\u2013<\/span><span class=\"aioseo-breadcrumb\">\n\t<a href=\"https:\/\/eldigitaldeasturias.com\/magazine365\/1-000-empleados-seran-despedidos-de-motorola\/\" title=\"1.000 empleados ser\u00e1n despedidos de Motorola\">1.000 empleados ser\u00e1n despedidos de Motorola<\/a>\n<\/span><\/div>","aioseo_breadcrumb_json":[{"label":"Home","link":"https:\/\/eldigitaldeasturias.com\/magazine365"},{"label":"Noticias y Actualidad","link":"https:\/\/eldigitaldeasturias.com\/magazine365\/category\/noticias-actualidad\/"},{"label":"1.000 empleados ser\u00e1n despedidos de Motorola","link":"https:\/\/eldigitaldeasturias.com\/magazine365\/1-000-empleados-seran-despedidos-de-motorola\/"}],"_links":{"self":[{"href":"https:\/\/eldigitaldeasturias.com\/magazine365\/wp-json\/wp\/v2\/posts\/82884","targetHints":{"allow":["GET"]}}],"collection":[{"href":"https:\/\/eldigitaldeasturias.com\/magazine365\/wp-json\/wp\/v2\/posts"}],"about":[{"href":"https:\/\/eldigitaldeasturias.com\/magazine365\/wp-json\/wp\/v2\/types\/post"}],"author":[{"embeddable":true,"href":"https:\/\/eldigitaldeasturias.com\/magazine365\/wp-json\/wp\/v2\/users\/1"}],"replies":[{"embeddable":true,"href":"https:\/\/eldigitaldeasturias.com\/magazine365\/wp-json\/wp\/v2\/comments?post=82884"}],"version-history":[{"count":0,"href":"https:\/\/eldigitaldeasturias.com\/magazine365\/wp-json\/wp\/v2\/posts\/82884\/revisions"}],"wp:featuredmedia":[{"embeddable":true,"href":"https:\/\/eldigitaldeasturias.com\/magazine365\/wp-json\/wp\/v2\/media\/77926"}],"wp:attachment":[{"href":"https:\/\/eldigitaldeasturias.com\/magazine365\/wp-json\/wp\/v2\/media?parent=82884"}],"wp:term":[{"taxonomy":"category","embeddable":true,"href":"https:\/\/eldigitaldeasturias.com\/magazine365\/wp-json\/wp\/v2\/categories?post=82884"},{"taxonomy":"post_tag","embeddable":true,"href":"https:\/\/eldigitaldeasturias.com\/magazine365\/wp-json\/wp\/v2\/tags?post=82884"}],"curies":[{"name":"wp","href":"https:\/\/api.w.org\/{rel}","templated":true}]}}