{"id":82867,"date":"2016-10-02T06:36:06","date_gmt":"2016-10-02T04:36:06","guid":{"rendered":"http:\/\/eldigitaldeasturias.com\/magazine365\/?p=82867"},"modified":"2016-10-02T06:36:06","modified_gmt":"2016-10-02T04:36:06","slug":"la-film-symphony-orchestra-visitara-oviedo-el-7-de-octubre","status":"publish","type":"post","link":"https:\/\/eldigitaldeasturias.com\/magazine365\/la-film-symphony-orchestra-visitara-oviedo-el-7-de-octubre\/","title":{"rendered":"La Film Symphony Orchestra visitar\u00e1 Oviedo el 7 de Octubre"},"content":{"rendered":"<p><img decoding=\"async\" class=\"alignleft size-medium wp-image-82868\" src=\"https:\/\/eldigitaldeasturias.com\/magazine365\/wp-content\/uploads\/2016\/10\/fotonoticia_20160930195945_800-360x137.jpg\" alt=\"fotonoticia_20160930195945_800\" width=\"360\" height=\"137\" srcset=\"https:\/\/eldigitaldeasturias.com\/magazine365\/wp-content\/uploads\/2016\/10\/fotonoticia_20160930195945_800-360x137.jpg 360w, https:\/\/eldigitaldeasturias.com\/magazine365\/wp-content\/uploads\/2016\/10\/fotonoticia_20160930195945_800-650x247.jpg 650w, https:\/\/eldigitaldeasturias.com\/magazine365\/wp-content\/uploads\/2016\/10\/fotonoticia_20160930195945_800-768x292.jpg 768w, https:\/\/eldigitaldeasturias.com\/magazine365\/wp-content\/uploads\/2016\/10\/fotonoticia_20160930195945_800-150x57.jpg 150w, https:\/\/eldigitaldeasturias.com\/magazine365\/wp-content\/uploads\/2016\/10\/fotonoticia_20160930195945_800-450x171.jpg 450w, https:\/\/eldigitaldeasturias.com\/magazine365\/wp-content\/uploads\/2016\/10\/fotonoticia_20160930195945_800.jpg 800w\" sizes=\"(max-width: 360px) 100vw, 360px\" \/>La Film Symphony Orchestra arranca el pr\u00f3ximo viernes, 7 de octubre, su nueva gira en Madrid con las bandas sonoras de &#8216;Psicosis&#8217;, &#8216;Silverado&#8217;, &#8216;Star Trek into the darkness&#8217;, &#8216;Gremlins&#8217; y &#8216;Star Wars VII: El despertar de la fuerza&#8217;, seg\u00fan informa la organizaci\u00f3n del evento. La gira llegar\u00e1 en enero a Oviedo.<\/p>\n<p>En total, est\u00e1n programadas diecis\u00e9is bandas sonoras de todos los estilos, como cl\u00e1sicos del suspense, western, cine fant\u00e1stico, el cine b\u00e9lico con &#8216;La Gran Evasi\u00f3n&#8217; o la m\u00fasica de &#8216;Cinema Paradiso&#8217;. El programa se encuentra repleto de bandas sonoras ganadoras y nominadas a premios como los Oscars, los Bafta, los International Film Music Critics Award (IFMCA) y los ASCAP Film and Television Music Awards.<\/p>\n<p>As\u00ed, FSO ofrece t\u00edtulos que ser\u00e1n interpretados en directo por vez primera en Espa\u00f1a como &#8216;Capit\u00e1n Am\u00e9rica: El primer Vengador&#8217;, &#8216;Chicken Run: evasi\u00f3n en la granja&#8217;, &#8216;El caballero oscuro&#8217; o &#8216;Sherlock Holmes: un juego de sombras&#8217;.<\/p>\n<p>Adem\u00e1s, se estrena la premiada &#8216;Los Odiosos Ocho&#8217; de Ennio Morricone y la nueva entrega de la saga del espacio por el maestro John Williams, &#8216;Star Wars VII: El despertar de la fuerza&#8217; de la que se incluye una suite de diez minutos que incluye temas de la pel\u00edcula como la &#8216;Marcha de la Resistencia&#8217;, el tema de &#8216;Rey&#8217; o el &#8216;Scherzo de los Ala-X&#8217;.<\/p>\n<p>Tambi\u00e9n tendr\u00e1n cabida otras bandas sonoras como &#8216;La lista de Schlinder&#8217; o &#8216;Chocolat&#8217;, compuesta por la brit\u00e1nica Rachel Portman, una de las pocas mujeres que firman bandas sonoras.<\/p>\n<p>La organizaci\u00f3n del evento se\u00f1ala que las sesiones no son \u00abun concierto m\u00e1s\u00bb sino que el p\u00fablico canta, acompa\u00f1a a la orquesta y podr\u00e1 hasta bailar. \u00abPara FSO lo importante es la experiencia global. Sentir la m\u00fasica y disfrutar de todas y cada una de las emociones que provoca\u00bb, se\u00f1ala el director y fundador de la FSO, Constantino Mart\u00ednez Orts.<\/p>\n<p>La gira, que comienza en Madrid seguir\u00e1 en octubre en Barcelona, Vigo, A Coru\u00f1a, Valencia, Madrid, Sevilla, Granada y M\u00e1laga. En noviembre la orquesta llega a San Sebasti\u00e1n, Valencia, Madrid, Zaragoza y Barcelona. En diciembre pasar\u00e1n por Plasencia, Burgos, Valladolid, Mallorca y Pamplona. Por \u00faltimo, en enero estar\u00e1n en Murcia, Alicante y Oviedo.<\/p>\n<p>&nbsp;<\/p>\n","protected":false},"excerpt":{"rendered":"<p>La Film Symphony Orchestra arranca el pr\u00f3ximo viernes, 7 de octubre, su nueva gira en Madrid con las bandas sonoras de &#8216;Psicosis&#8217;, &#8216;Silverado&#8217;, &#8216;Star Trek into the darkness&#8217;, &#8216;Gremlins&#8217; y &#8216;Star Wars VII: El despertar de la fuerza&#8217;, seg\u00fan informa la organizaci\u00f3n del evento. La gira llegar\u00e1 en enero a Oviedo. En total, est\u00e1n programadas<\/p>\n","protected":false},"author":1,"featured_media":82868,"comment_status":"open","ping_status":"closed","sticky":false,"template":"","format":"standard","meta":{"footnotes":""},"categories":[224],"tags":[],"class_list":{"0":"post-82867","1":"post","2":"type-post","3":"status-publish","4":"format-standard","5":"has-post-thumbnail","7":"category-noticias-actualidad"},"aioseo_notices":[],"aioseo_head":"\n\t\t<!-- All in One SEO Pro 4.9.6.1 - aioseo.com -->\n\t<meta name=\"description\" content=\"La Film Symphony Orchestra arranca el pr\u00f3ximo viernes, 7 de octubre, su nueva gira en Madrid con las bandas sonoras de &#039;Psicosis&#039;, &#039;Silverado&#039;, &#039;Star Trek into the darkness&#039;, &#039;Gremlins&#039; y &#039;Star Wars VII: El despertar de la fuerza&#039;, seg\u00fan informa la organizaci\u00f3n del evento. La gira llegar\u00e1 en enero a Oviedo. En total, est\u00e1n programadas\" \/>\n\t<meta name=\"robots\" content=\"max-image-preview:large\" \/>\n\t<meta name=\"author\" content=\"admin\"\/>\n\t<meta name=\"google-site-verification\" content=\"UA-38556648-1\" \/>\n\t<meta name=\"keywords\" content=\"noticias y actualidad\" \/>\n\t<link rel=\"canonical\" href=\"https:\/\/eldigitaldeasturias.com\/magazine365\/la-film-symphony-orchestra-visitara-oviedo-el-7-de-octubre\/\" \/>\n\t<meta name=\"generator\" content=\"All in One SEO Pro (AIOSEO) 4.9.6.1\" \/>\n\t\t<meta property=\"og:locale\" content=\"es_ES\" \/>\n\t\t<meta property=\"og:site_name\" content=\"El Digital de Asturias \u2013 Revista de ocio, turismo y estilo de vida\" \/>\n\t\t<meta property=\"og:type\" content=\"article\" \/>\n\t\t<meta property=\"og:title\" content=\"La Film Symphony Orchestra visitar\u00e1 Oviedo el 7 de Octubre | El Digital de Asturias\" \/>\n\t\t<meta property=\"og:description\" content=\"La Film Symphony Orchestra arranca el pr\u00f3ximo viernes, 7 de octubre, su nueva gira en Madrid con las bandas sonoras de &#039;Psicosis&#039;, &#039;Silverado&#039;, &#039;Star Trek into the darkness&#039;, &#039;Gremlins&#039; y &#039;Star Wars VII: El despertar de la fuerza&#039;, seg\u00fan informa la organizaci\u00f3n del evento. La gira llegar\u00e1 en enero a Oviedo. En total, est\u00e1n programadas\" \/>\n\t\t<meta property=\"og:url\" content=\"https:\/\/eldigitaldeasturias.com\/magazine365\/la-film-symphony-orchestra-visitara-oviedo-el-7-de-octubre\/\" \/>\n\t\t<meta property=\"og:image\" content=\"https:\/\/eldigitaldeasturias.com\/magazine365\/wp-content\/uploads\/2016\/10\/fotonoticia_20160930195945_800.jpg\" \/>\n\t\t<meta property=\"og:image:secure_url\" content=\"https:\/\/eldigitaldeasturias.com\/magazine365\/wp-content\/uploads\/2016\/10\/fotonoticia_20160930195945_800.jpg\" \/>\n\t\t<meta property=\"og:image:width\" content=\"800\" \/>\n\t\t<meta property=\"og:image:height\" content=\"304\" \/>\n\t\t<meta property=\"article:published_time\" content=\"2016-10-02T04:36:06+00:00\" \/>\n\t\t<meta property=\"article:modified_time\" content=\"2016-10-02T04:36:06+00:00\" \/>\n\t\t<meta name=\"twitter:card\" content=\"summary_large_image\" \/>\n\t\t<meta name=\"twitter:title\" content=\"La Film Symphony Orchestra visitar\u00e1 Oviedo el 7 de Octubre | El Digital de Asturias\" \/>\n\t\t<meta name=\"twitter:description\" content=\"La Film Symphony Orchestra arranca el pr\u00f3ximo viernes, 7 de octubre, su nueva gira en Madrid con las bandas sonoras de &#039;Psicosis&#039;, &#039;Silverado&#039;, &#039;Star Trek into the darkness&#039;, &#039;Gremlins&#039; y &#039;Star Wars VII: El despertar de la fuerza&#039;, seg\u00fan informa la organizaci\u00f3n del evento. La gira llegar\u00e1 en enero a Oviedo. En total, est\u00e1n programadas\" \/>\n\t\t<meta name=\"twitter:image\" content=\"https:\/\/eldigitaldeasturias.com\/magazine365\/wp-content\/uploads\/2016\/10\/fotonoticia_20160930195945_800.jpg\" \/>\n\t\t<script type=\"application\/ld+json\" class=\"aioseo-schema\">\n\t\t\t{\"@context\":\"https:\\\/\\\/schema.org\",\"@graph\":[{\"@type\":\"Article\",\"@id\":\"https:\\\/\\\/eldigitaldeasturias.com\\\/magazine365\\\/la-film-symphony-orchestra-visitara-oviedo-el-7-de-octubre\\\/#article\",\"name\":\"La Film Symphony Orchestra visitar\\u00e1 Oviedo el 7 de Octubre | El Digital de Asturias\",\"headline\":\"La Film Symphony Orchestra visitar\\u00e1 Oviedo el 7 de Octubre\",\"author\":{\"@id\":\"https:\\\/\\\/eldigitaldeasturias.com\\\/magazine365\\\/author\\\/admin\\\/#author\"},\"publisher\":{\"@id\":\"https:\\\/\\\/eldigitaldeasturias.com\\\/magazine365\\\/#organization\"},\"image\":{\"@type\":\"ImageObject\",\"url\":\"https:\\\/\\\/eldigitaldeasturias.com\\\/magazine365\\\/wp-content\\\/uploads\\\/2016\\\/10\\\/fotonoticia_20160930195945_800.jpg\",\"width\":800,\"height\":304},\"datePublished\":\"2016-10-02T06:36:06+02:00\",\"dateModified\":\"2016-10-02T06:36:06+02:00\",\"inLanguage\":\"es-ES\",\"mainEntityOfPage\":{\"@id\":\"https:\\\/\\\/eldigitaldeasturias.com\\\/magazine365\\\/la-film-symphony-orchestra-visitara-oviedo-el-7-de-octubre\\\/#webpage\"},\"isPartOf\":{\"@id\":\"https:\\\/\\\/eldigitaldeasturias.com\\\/magazine365\\\/la-film-symphony-orchestra-visitara-oviedo-el-7-de-octubre\\\/#webpage\"},\"articleSection\":\"Noticias y Actualidad\"},{\"@type\":\"BreadcrumbList\",\"@id\":\"https:\\\/\\\/eldigitaldeasturias.com\\\/magazine365\\\/la-film-symphony-orchestra-visitara-oviedo-el-7-de-octubre\\\/#breadcrumblist\",\"itemListElement\":[{\"@type\":\"ListItem\",\"@id\":\"https:\\\/\\\/eldigitaldeasturias.com\\\/magazine365#listItem\",\"position\":1,\"name\":\"Home\",\"item\":\"https:\\\/\\\/eldigitaldeasturias.com\\\/magazine365\",\"nextItem\":{\"@type\":\"ListItem\",\"@id\":\"https:\\\/\\\/eldigitaldeasturias.com\\\/magazine365\\\/category\\\/noticias-actualidad\\\/#listItem\",\"name\":\"Noticias y Actualidad\"}},{\"@type\":\"ListItem\",\"@id\":\"https:\\\/\\\/eldigitaldeasturias.com\\\/magazine365\\\/category\\\/noticias-actualidad\\\/#listItem\",\"position\":2,\"name\":\"Noticias y Actualidad\",\"item\":\"https:\\\/\\\/eldigitaldeasturias.com\\\/magazine365\\\/category\\\/noticias-actualidad\\\/\",\"nextItem\":{\"@type\":\"ListItem\",\"@id\":\"https:\\\/\\\/eldigitaldeasturias.com\\\/magazine365\\\/la-film-symphony-orchestra-visitara-oviedo-el-7-de-octubre\\\/#listItem\",\"name\":\"La Film Symphony Orchestra visitar\\u00e1 Oviedo el 7 de Octubre\"},\"previousItem\":{\"@type\":\"ListItem\",\"@id\":\"https:\\\/\\\/eldigitaldeasturias.com\\\/magazine365#listItem\",\"name\":\"Home\"}},{\"@type\":\"ListItem\",\"@id\":\"https:\\\/\\\/eldigitaldeasturias.com\\\/magazine365\\\/la-film-symphony-orchestra-visitara-oviedo-el-7-de-octubre\\\/#listItem\",\"position\":3,\"name\":\"La Film Symphony Orchestra visitar\\u00e1 Oviedo el 7 de Octubre\",\"previousItem\":{\"@type\":\"ListItem\",\"@id\":\"https:\\\/\\\/eldigitaldeasturias.com\\\/magazine365\\\/category\\\/noticias-actualidad\\\/#listItem\",\"name\":\"Noticias y Actualidad\"}}]},{\"@type\":\"Organization\",\"@id\":\"https:\\\/\\\/eldigitaldeasturias.com\\\/magazine365\\\/#organization\",\"name\":\"El digital de Asturias\",\"description\":\"Revista de ocio, turismo y estilo de vida\",\"url\":\"https:\\\/\\\/eldigitaldeasturias.com\\\/magazine365\\\/\",\"logo\":{\"@type\":\"ImageObject\",\"url\":\"https:\\\/\\\/www.eldigitaldeasturias.com\\\/noticias\\\/wp-content\\\/uploads\\\/2020\\\/12\\\/EDA.jpg\",\"@id\":\"https:\\\/\\\/eldigitaldeasturias.com\\\/magazine365\\\/la-film-symphony-orchestra-visitara-oviedo-el-7-de-octubre\\\/#organizationLogo\"},\"image\":{\"@id\":\"https:\\\/\\\/eldigitaldeasturias.com\\\/magazine365\\\/la-film-symphony-orchestra-visitara-oviedo-el-7-de-octubre\\\/#organizationLogo\"}},{\"@type\":\"Person\",\"@id\":\"https:\\\/\\\/eldigitaldeasturias.com\\\/magazine365\\\/author\\\/admin\\\/#author\",\"url\":\"https:\\\/\\\/eldigitaldeasturias.com\\\/magazine365\\\/author\\\/admin\\\/\",\"name\":\"admin\",\"image\":{\"@type\":\"ImageObject\",\"@id\":\"https:\\\/\\\/eldigitaldeasturias.com\\\/magazine365\\\/la-film-symphony-orchestra-visitara-oviedo-el-7-de-octubre\\\/#authorImage\",\"url\":\"https:\\\/\\\/eldigitaldeasturias.com\\\/magazine365\\\/wp-content\\\/litespeed\\\/avatar\\\/e571bcf59a0edd6fa6838245a470f2fe.jpg?ver=1776969259\",\"width\":96,\"height\":96,\"caption\":\"admin\"}},{\"@type\":\"WebPage\",\"@id\":\"https:\\\/\\\/eldigitaldeasturias.com\\\/magazine365\\\/la-film-symphony-orchestra-visitara-oviedo-el-7-de-octubre\\\/#webpage\",\"url\":\"https:\\\/\\\/eldigitaldeasturias.com\\\/magazine365\\\/la-film-symphony-orchestra-visitara-oviedo-el-7-de-octubre\\\/\",\"name\":\"La Film Symphony Orchestra visitar\\u00e1 Oviedo el 7 de Octubre | El Digital de Asturias\",\"description\":\"La Film Symphony Orchestra arranca el pr\\u00f3ximo viernes, 7 de octubre, su nueva gira en Madrid con las bandas sonoras de 'Psicosis', 'Silverado', 'Star Trek into the darkness', 'Gremlins' y 'Star Wars VII: El despertar de la fuerza', seg\\u00fan informa la organizaci\\u00f3n del evento. La gira llegar\\u00e1 en enero a Oviedo. En total, est\\u00e1n programadas\",\"inLanguage\":\"es-ES\",\"isPartOf\":{\"@id\":\"https:\\\/\\\/eldigitaldeasturias.com\\\/magazine365\\\/#website\"},\"breadcrumb\":{\"@id\":\"https:\\\/\\\/eldigitaldeasturias.com\\\/magazine365\\\/la-film-symphony-orchestra-visitara-oviedo-el-7-de-octubre\\\/#breadcrumblist\"},\"author\":{\"@id\":\"https:\\\/\\\/eldigitaldeasturias.com\\\/magazine365\\\/author\\\/admin\\\/#author\"},\"creator\":{\"@id\":\"https:\\\/\\\/eldigitaldeasturias.com\\\/magazine365\\\/author\\\/admin\\\/#author\"},\"image\":{\"@type\":\"ImageObject\",\"url\":\"https:\\\/\\\/eldigitaldeasturias.com\\\/magazine365\\\/wp-content\\\/uploads\\\/2016\\\/10\\\/fotonoticia_20160930195945_800.jpg\",\"@id\":\"https:\\\/\\\/eldigitaldeasturias.com\\\/magazine365\\\/la-film-symphony-orchestra-visitara-oviedo-el-7-de-octubre\\\/#mainImage\",\"width\":800,\"height\":304},\"primaryImageOfPage\":{\"@id\":\"https:\\\/\\\/eldigitaldeasturias.com\\\/magazine365\\\/la-film-symphony-orchestra-visitara-oviedo-el-7-de-octubre\\\/#mainImage\"},\"datePublished\":\"2016-10-02T06:36:06+02:00\",\"dateModified\":\"2016-10-02T06:36:06+02:00\"},{\"@type\":\"WebSite\",\"@id\":\"https:\\\/\\\/eldigitaldeasturias.com\\\/magazine365\\\/#website\",\"url\":\"https:\\\/\\\/eldigitaldeasturias.com\\\/magazine365\\\/\",\"name\":\"El Digital de Asturias\",\"description\":\"Revista de ocio, turismo y estilo de vida\",\"inLanguage\":\"es-ES\",\"publisher\":{\"@id\":\"https:\\\/\\\/eldigitaldeasturias.com\\\/magazine365\\\/#organization\"}}]}\n\t\t<\/script>\n\t\t<!-- All in One SEO Pro -->\r\n\t\t<title>La Film Symphony Orchestra visitar\u00e1 Oviedo el 7 de Octubre | El Digital de Asturias<\/title>\n\n","aioseo_head_json":{"title":"La Film Symphony Orchestra visitar\u00e1 Oviedo el 7 de Octubre | El Digital de Asturias","description":"La Film Symphony Orchestra arranca el pr\u00f3ximo viernes, 7 de octubre, su nueva gira en Madrid con las bandas sonoras de 'Psicosis', 'Silverado', 'Star Trek into the darkness', 'Gremlins' y 'Star Wars VII: El despertar de la fuerza', seg\u00fan informa la organizaci\u00f3n del evento. La gira llegar\u00e1 en enero a Oviedo. En total, est\u00e1n programadas","canonical_url":"https:\/\/eldigitaldeasturias.com\/magazine365\/la-film-symphony-orchestra-visitara-oviedo-el-7-de-octubre\/","robots":"max-image-preview:large","keywords":"noticias y actualidad","webmasterTools":{"google-site-verification":"UA-38556648-1","miscellaneous":""},"schema":{"@context":"https:\/\/schema.org","@graph":[{"@type":"Article","@id":"https:\/\/eldigitaldeasturias.com\/magazine365\/la-film-symphony-orchestra-visitara-oviedo-el-7-de-octubre\/#article","name":"La Film Symphony Orchestra visitar\u00e1 Oviedo el 7 de Octubre | El Digital de Asturias","headline":"La Film Symphony Orchestra visitar\u00e1 Oviedo el 7 de Octubre","author":{"@id":"https:\/\/eldigitaldeasturias.com\/magazine365\/author\/admin\/#author"},"publisher":{"@id":"https:\/\/eldigitaldeasturias.com\/magazine365\/#organization"},"image":{"@type":"ImageObject","url":"https:\/\/eldigitaldeasturias.com\/magazine365\/wp-content\/uploads\/2016\/10\/fotonoticia_20160930195945_800.jpg","width":800,"height":304},"datePublished":"2016-10-02T06:36:06+02:00","dateModified":"2016-10-02T06:36:06+02:00","inLanguage":"es-ES","mainEntityOfPage":{"@id":"https:\/\/eldigitaldeasturias.com\/magazine365\/la-film-symphony-orchestra-visitara-oviedo-el-7-de-octubre\/#webpage"},"isPartOf":{"@id":"https:\/\/eldigitaldeasturias.com\/magazine365\/la-film-symphony-orchestra-visitara-oviedo-el-7-de-octubre\/#webpage"},"articleSection":"Noticias y Actualidad"},{"@type":"BreadcrumbList","@id":"https:\/\/eldigitaldeasturias.com\/magazine365\/la-film-symphony-orchestra-visitara-oviedo-el-7-de-octubre\/#breadcrumblist","itemListElement":[{"@type":"ListItem","@id":"https:\/\/eldigitaldeasturias.com\/magazine365#listItem","position":1,"name":"Home","item":"https:\/\/eldigitaldeasturias.com\/magazine365","nextItem":{"@type":"ListItem","@id":"https:\/\/eldigitaldeasturias.com\/magazine365\/category\/noticias-actualidad\/#listItem","name":"Noticias y Actualidad"}},{"@type":"ListItem","@id":"https:\/\/eldigitaldeasturias.com\/magazine365\/category\/noticias-actualidad\/#listItem","position":2,"name":"Noticias y Actualidad","item":"https:\/\/eldigitaldeasturias.com\/magazine365\/category\/noticias-actualidad\/","nextItem":{"@type":"ListItem","@id":"https:\/\/eldigitaldeasturias.com\/magazine365\/la-film-symphony-orchestra-visitara-oviedo-el-7-de-octubre\/#listItem","name":"La Film Symphony Orchestra visitar\u00e1 Oviedo el 7 de Octubre"},"previousItem":{"@type":"ListItem","@id":"https:\/\/eldigitaldeasturias.com\/magazine365#listItem","name":"Home"}},{"@type":"ListItem","@id":"https:\/\/eldigitaldeasturias.com\/magazine365\/la-film-symphony-orchestra-visitara-oviedo-el-7-de-octubre\/#listItem","position":3,"name":"La Film Symphony Orchestra visitar\u00e1 Oviedo el 7 de Octubre","previousItem":{"@type":"ListItem","@id":"https:\/\/eldigitaldeasturias.com\/magazine365\/category\/noticias-actualidad\/#listItem","name":"Noticias y Actualidad"}}]},{"@type":"Organization","@id":"https:\/\/eldigitaldeasturias.com\/magazine365\/#organization","name":"El digital de Asturias","description":"Revista de ocio, turismo y estilo de vida","url":"https:\/\/eldigitaldeasturias.com\/magazine365\/","logo":{"@type":"ImageObject","url":"https:\/\/www.eldigitaldeasturias.com\/noticias\/wp-content\/uploads\/2020\/12\/EDA.jpg","@id":"https:\/\/eldigitaldeasturias.com\/magazine365\/la-film-symphony-orchestra-visitara-oviedo-el-7-de-octubre\/#organizationLogo"},"image":{"@id":"https:\/\/eldigitaldeasturias.com\/magazine365\/la-film-symphony-orchestra-visitara-oviedo-el-7-de-octubre\/#organizationLogo"}},{"@type":"Person","@id":"https:\/\/eldigitaldeasturias.com\/magazine365\/author\/admin\/#author","url":"https:\/\/eldigitaldeasturias.com\/magazine365\/author\/admin\/","name":"admin","image":{"@type":"ImageObject","@id":"https:\/\/eldigitaldeasturias.com\/magazine365\/la-film-symphony-orchestra-visitara-oviedo-el-7-de-octubre\/#authorImage","url":"https:\/\/eldigitaldeasturias.com\/magazine365\/wp-content\/litespeed\/avatar\/e571bcf59a0edd6fa6838245a470f2fe.jpg?ver=1776969259","width":96,"height":96,"caption":"admin"}},{"@type":"WebPage","@id":"https:\/\/eldigitaldeasturias.com\/magazine365\/la-film-symphony-orchestra-visitara-oviedo-el-7-de-octubre\/#webpage","url":"https:\/\/eldigitaldeasturias.com\/magazine365\/la-film-symphony-orchestra-visitara-oviedo-el-7-de-octubre\/","name":"La Film Symphony Orchestra visitar\u00e1 Oviedo el 7 de Octubre | El Digital de Asturias","description":"La Film Symphony Orchestra arranca el pr\u00f3ximo viernes, 7 de octubre, su nueva gira en Madrid con las bandas sonoras de 'Psicosis', 'Silverado', 'Star Trek into the darkness', 'Gremlins' y 'Star Wars VII: El despertar de la fuerza', seg\u00fan informa la organizaci\u00f3n del evento. La gira llegar\u00e1 en enero a Oviedo. En total, est\u00e1n programadas","inLanguage":"es-ES","isPartOf":{"@id":"https:\/\/eldigitaldeasturias.com\/magazine365\/#website"},"breadcrumb":{"@id":"https:\/\/eldigitaldeasturias.com\/magazine365\/la-film-symphony-orchestra-visitara-oviedo-el-7-de-octubre\/#breadcrumblist"},"author":{"@id":"https:\/\/eldigitaldeasturias.com\/magazine365\/author\/admin\/#author"},"creator":{"@id":"https:\/\/eldigitaldeasturias.com\/magazine365\/author\/admin\/#author"},"image":{"@type":"ImageObject","url":"https:\/\/eldigitaldeasturias.com\/magazine365\/wp-content\/uploads\/2016\/10\/fotonoticia_20160930195945_800.jpg","@id":"https:\/\/eldigitaldeasturias.com\/magazine365\/la-film-symphony-orchestra-visitara-oviedo-el-7-de-octubre\/#mainImage","width":800,"height":304},"primaryImageOfPage":{"@id":"https:\/\/eldigitaldeasturias.com\/magazine365\/la-film-symphony-orchestra-visitara-oviedo-el-7-de-octubre\/#mainImage"},"datePublished":"2016-10-02T06:36:06+02:00","dateModified":"2016-10-02T06:36:06+02:00"},{"@type":"WebSite","@id":"https:\/\/eldigitaldeasturias.com\/magazine365\/#website","url":"https:\/\/eldigitaldeasturias.com\/magazine365\/","name":"El Digital de Asturias","description":"Revista de ocio, turismo y estilo de vida","inLanguage":"es-ES","publisher":{"@id":"https:\/\/eldigitaldeasturias.com\/magazine365\/#organization"}}]},"og:locale":"es_ES","og:site_name":"El Digital de Asturias \u2013 Revista de ocio, turismo y estilo de vida","og:type":"article","og:title":"La Film Symphony Orchestra visitar\u00e1 Oviedo el 7 de Octubre | El Digital de Asturias","og:description":"La Film Symphony Orchestra arranca el pr\u00f3ximo viernes, 7 de octubre, su nueva gira en Madrid con las bandas sonoras de 'Psicosis', 'Silverado', 'Star Trek into the darkness', 'Gremlins' y 'Star Wars VII: El despertar de la fuerza', seg\u00fan informa la organizaci\u00f3n del evento. La gira llegar\u00e1 en enero a Oviedo. En total, est\u00e1n programadas","og:url":"https:\/\/eldigitaldeasturias.com\/magazine365\/la-film-symphony-orchestra-visitara-oviedo-el-7-de-octubre\/","og:image":"https:\/\/eldigitaldeasturias.com\/magazine365\/wp-content\/uploads\/2016\/10\/fotonoticia_20160930195945_800.jpg","og:image:secure_url":"https:\/\/eldigitaldeasturias.com\/magazine365\/wp-content\/uploads\/2016\/10\/fotonoticia_20160930195945_800.jpg","og:image:width":800,"og:image:height":304,"article:published_time":"2016-10-02T04:36:06+00:00","article:modified_time":"2016-10-02T04:36:06+00:00","twitter:card":"summary_large_image","twitter:title":"La Film Symphony Orchestra visitar\u00e1 Oviedo el 7 de Octubre | El Digital de Asturias","twitter:description":"La Film Symphony Orchestra arranca el pr\u00f3ximo viernes, 7 de octubre, su nueva gira en Madrid con las bandas sonoras de 'Psicosis', 'Silverado', 'Star Trek into the darkness', 'Gremlins' y 'Star Wars VII: El despertar de la fuerza', seg\u00fan informa la organizaci\u00f3n del evento. La gira llegar\u00e1 en enero a Oviedo. En total, est\u00e1n programadas","twitter:image":"https:\/\/eldigitaldeasturias.com\/magazine365\/wp-content\/uploads\/2016\/10\/fotonoticia_20160930195945_800.jpg"},"aioseo_meta_data":{"post_id":"82867","title":null,"description":null,"keywords":null,"keyphrases":null,"primary_term":null,"canonical_url":null,"og_title":null,"og_description":null,"og_object_type":"default","og_image_type":"default","og_image_url":null,"og_image_width":null,"og_image_height":null,"og_image_custom_url":null,"og_image_custom_fields":null,"og_video":null,"og_custom_url":null,"og_article_section":null,"og_article_tags":null,"twitter_use_og":false,"twitter_card":"default","twitter_image_type":"default","twitter_image_url":null,"twitter_image_custom_url":null,"twitter_image_custom_fields":null,"twitter_title":null,"twitter_description":null,"schema":{"blockGraphs":[],"customGraphs":[],"default":{"data":{"Article":[],"Course":[],"Dataset":[],"FAQPage":[],"Movie":[],"Person":[],"Product":[],"ProductReview":[],"Car":[],"Recipe":[],"Service":[],"SoftwareApplication":[],"WebPage":[]},"graphName":"","isEnabled":true},"graphs":[]},"schema_type":null,"schema_type_options":null,"pillar_content":false,"robots_default":true,"robots_noindex":false,"robots_noarchive":false,"robots_nosnippet":false,"robots_nofollow":false,"robots_noimageindex":false,"robots_noodp":false,"robots_notranslate":false,"robots_max_snippet":null,"robots_max_videopreview":null,"robots_max_imagepreview":"large","priority":null,"frequency":null,"location":null,"local_seo":null,"seo_analyzer_scan_date":"2025-09-28 01:47:11","breadcrumb_settings":null,"limit_modified_date":false,"open_ai":null,"ai":null,"created":"2020-12-21 15:30:20","updated":"2025-09-28 01:47:11"},"aioseo_breadcrumb":"<div class=\"aioseo-breadcrumbs\"><span class=\"aioseo-breadcrumb\">\n\t<a href=\"https:\/\/eldigitaldeasturias.com\/magazine365\" title=\"Home\">Home<\/a>\n<\/span><span class=\"aioseo-breadcrumb-separator\">\u2013<\/span><span class=\"aioseo-breadcrumb\">\n\t<a href=\"https:\/\/eldigitaldeasturias.com\/magazine365\/category\/noticias-actualidad\/\" title=\"Noticias y Actualidad\">Noticias y Actualidad<\/a>\n<\/span><span class=\"aioseo-breadcrumb-separator\">\u2013<\/span><span class=\"aioseo-breadcrumb\">\n\t<a href=\"https:\/\/eldigitaldeasturias.com\/magazine365\/la-film-symphony-orchestra-visitara-oviedo-el-7-de-octubre\/\" title=\"La Film Symphony Orchestra visitar\u00e1 Oviedo el 7 de Octubre\">La Film Symphony Orchestra visitar\u00e1 Oviedo el 7 de Octubre<\/a>\n<\/span><\/div>","aioseo_breadcrumb_json":[{"label":"Home","link":"https:\/\/eldigitaldeasturias.com\/magazine365"},{"label":"Noticias y Actualidad","link":"https:\/\/eldigitaldeasturias.com\/magazine365\/category\/noticias-actualidad\/"},{"label":"La Film Symphony Orchestra visitar\u00e1 Oviedo el 7 de Octubre","link":"https:\/\/eldigitaldeasturias.com\/magazine365\/la-film-symphony-orchestra-visitara-oviedo-el-7-de-octubre\/"}],"_links":{"self":[{"href":"https:\/\/eldigitaldeasturias.com\/magazine365\/wp-json\/wp\/v2\/posts\/82867","targetHints":{"allow":["GET"]}}],"collection":[{"href":"https:\/\/eldigitaldeasturias.com\/magazine365\/wp-json\/wp\/v2\/posts"}],"about":[{"href":"https:\/\/eldigitaldeasturias.com\/magazine365\/wp-json\/wp\/v2\/types\/post"}],"author":[{"embeddable":true,"href":"https:\/\/eldigitaldeasturias.com\/magazine365\/wp-json\/wp\/v2\/users\/1"}],"replies":[{"embeddable":true,"href":"https:\/\/eldigitaldeasturias.com\/magazine365\/wp-json\/wp\/v2\/comments?post=82867"}],"version-history":[{"count":0,"href":"https:\/\/eldigitaldeasturias.com\/magazine365\/wp-json\/wp\/v2\/posts\/82867\/revisions"}],"wp:featuredmedia":[{"embeddable":true,"href":"https:\/\/eldigitaldeasturias.com\/magazine365\/wp-json\/wp\/v2\/media\/82868"}],"wp:attachment":[{"href":"https:\/\/eldigitaldeasturias.com\/magazine365\/wp-json\/wp\/v2\/media?parent=82867"}],"wp:term":[{"taxonomy":"category","embeddable":true,"href":"https:\/\/eldigitaldeasturias.com\/magazine365\/wp-json\/wp\/v2\/categories?post=82867"},{"taxonomy":"post_tag","embeddable":true,"href":"https:\/\/eldigitaldeasturias.com\/magazine365\/wp-json\/wp\/v2\/tags?post=82867"}],"curies":[{"name":"wp","href":"https:\/\/api.w.org\/{rel}","templated":true}]}}