{"id":82864,"date":"2016-10-02T06:34:27","date_gmt":"2016-10-02T04:34:27","guid":{"rendered":"http:\/\/eldigitaldeasturias.com\/magazine365\/?p=82864"},"modified":"2016-10-02T06:34:27","modified_gmt":"2016-10-02T04:34:27","slug":"cinesa-proyectara-el-13-de-octubre-astral","status":"publish","type":"post","link":"https:\/\/eldigitaldeasturias.com\/magazine365\/cinesa-proyectara-el-13-de-octubre-astral\/","title":{"rendered":"Cinesa proyectar\u00e1 el 13 de octubre &#8216;Astral&#8217;"},"content":{"rendered":"<p><img fetchpriority=\"high\" decoding=\"async\" class=\"alignleft size-medium wp-image-82865\" src=\"https:\/\/eldigitaldeasturias.com\/magazine365\/wp-content\/uploads\/2016\/10\/fotonoticia_20160930200153_800-360x203.jpg\" alt=\"fotonoticia_20160930200153_800\" width=\"360\" height=\"203\" srcset=\"https:\/\/eldigitaldeasturias.com\/magazine365\/wp-content\/uploads\/2016\/10\/fotonoticia_20160930200153_800-360x203.jpg 360w, https:\/\/eldigitaldeasturias.com\/magazine365\/wp-content\/uploads\/2016\/10\/fotonoticia_20160930200153_800-650x366.jpg 650w, https:\/\/eldigitaldeasturias.com\/magazine365\/wp-content\/uploads\/2016\/10\/fotonoticia_20160930200153_800-768x432.jpg 768w, https:\/\/eldigitaldeasturias.com\/magazine365\/wp-content\/uploads\/2016\/10\/fotonoticia_20160930200153_800-150x84.jpg 150w, https:\/\/eldigitaldeasturias.com\/magazine365\/wp-content\/uploads\/2016\/10\/fotonoticia_20160930200153_800-450x253.jpg 450w, https:\/\/eldigitaldeasturias.com\/magazine365\/wp-content\/uploads\/2016\/10\/fotonoticia_20160930200153_800-499x280.jpg 499w, https:\/\/eldigitaldeasturias.com\/magazine365\/wp-content\/uploads\/2016\/10\/fotonoticia_20160930200153_800-510x289.jpg 510w, https:\/\/eldigitaldeasturias.com\/magazine365\/wp-content\/uploads\/2016\/10\/fotonoticia_20160930200153_800.jpg 800w\" sizes=\"(max-width: 360px) 100vw, 360px\" \/>Un total de 18 salas de Cinesa, entre ellas la del centro comercial Intu Asturias, proyectar\u00e1n el pr\u00f3ximo jueves 13 de octubre &#8216;Astral&#8217;, el reportaje documental del programa &#8216;Salvados&#8217; (laSexta) sobre el drama de los refugiados que huyen desde \u00c1frica, arriesgando su vida al cruzar el mar Mediterr\u00e1neo, para alcanzar Europa.<\/p>\n<p>As\u00ed lo ha dado a conocer la empresa de exhibici\u00f3n cinematogr\u00e1fica, que ha precisado que la proyecci\u00f3n ser\u00e1 a las 16,30 horas en las salas de As Cancelas (Santiago), Diagonal (Barcelona), El Foro (M\u00e9rida), La Ca\u00f1ada (Marbella), Proyecciones (Madrid), Sant Cugat, Urbil (San Sebasti\u00e1n); y a las 20,30 horas en Bah\u00eda Santander, Bonaire (Valencia), Camas (Sevilla), Diagonal Mar (Barcelona), Grancasa (Zaragoza), Intu Asturias (Oviedo), Marineda City (A Coru\u00f1a), Max Ocio (Bilbao), Nassica (Madrid), Nueva Condomina (Murcia) y Zarat\u00e1n (Valladolid).<\/p>\n<p>Asimismo, la compa\u00f1\u00eda ha adelantado que la recaudaci\u00f3n obtenida de estas sesiones ser\u00e1 donada de manera \u00edntegra a la organizaci\u00f3n no gubernamental ProActiva Open Arms, con el objetivo de apoyar sus tareas de rescate de personas en el mar Mediterr\u00e1neo.<\/p>\n<p>El equipo de &#8216;Salvados&#8217;, liderado por el periodista catal\u00e1n Jordi \u00c9vole, firma su primera pel\u00edcula documental bajo el t\u00edtulo de &#8216;Astral&#8217; y narra la historia de un velero de 30 metros construido en los a\u00f1os 70. La embarcaci\u00f3n siempre hab\u00eda sido usada como lujoso barco de recreo hasta que, en la pasada primavera, su due\u00f1o fue consciente de que en ese mismo mar por el que \u00e9l navegaba mor\u00edan cada a\u00f1o miles de refugiados intentando llegar a Europa y lo cedi\u00f3 a la ONG ProActiva Open Arms.<\/p>\n<p>Tras un complejo proceso de remodelaci\u00f3n, el &#8216;Astral&#8217; se convirti\u00f3 en barco de vigilancia y salvamento y zarp\u00f3 rumbo a las costas de Libia para llevar a cabo la que ser\u00eda su primera misi\u00f3n de rescate con un equipo de Salvados a bordo. &#8216;Astral&#8217; es la primera experiencia de Jordi \u00c9vole y su equipo en el cine.<\/p>\n<p>&nbsp;<\/p>\n","protected":false},"excerpt":{"rendered":"<p>Un total de 18 salas de Cinesa, entre ellas la del centro comercial Intu Asturias, proyectar\u00e1n el pr\u00f3ximo jueves 13 de octubre &#8216;Astral&#8217;, el reportaje documental del programa &#8216;Salvados&#8217; (laSexta) sobre el drama de los refugiados que huyen desde \u00c1frica, arriesgando su vida al cruzar el mar Mediterr\u00e1neo, para alcanzar Europa. As\u00ed lo ha dado<\/p>\n","protected":false},"author":1,"featured_media":82865,"comment_status":"open","ping_status":"closed","sticky":false,"template":"","format":"standard","meta":{"footnotes":""},"categories":[224],"tags":[],"class_list":{"0":"post-82864","1":"post","2":"type-post","3":"status-publish","4":"format-standard","5":"has-post-thumbnail","7":"category-noticias-actualidad"},"aioseo_notices":[],"aioseo_head":"\n\t\t<!-- All in One SEO Pro 4.9.6.1 - aioseo.com -->\n\t<meta name=\"description\" content=\"Un total de 18 salas de Cinesa, entre ellas la del centro comercial Intu Asturias, proyectar\u00e1n el pr\u00f3ximo jueves 13 de octubre &#039;Astral&#039;, el reportaje documental del programa &#039;Salvados&#039; (laSexta) sobre el drama de los refugiados que huyen desde \u00c1frica, arriesgando su vida al cruzar el mar Mediterr\u00e1neo, para alcanzar Europa. As\u00ed lo ha dado\" \/>\n\t<meta name=\"robots\" content=\"max-image-preview:large\" \/>\n\t<meta name=\"author\" content=\"admin\"\/>\n\t<meta name=\"google-site-verification\" content=\"UA-38556648-1\" \/>\n\t<meta name=\"keywords\" content=\"noticias y actualidad\" \/>\n\t<link rel=\"canonical\" href=\"https:\/\/eldigitaldeasturias.com\/magazine365\/cinesa-proyectara-el-13-de-octubre-astral\/\" \/>\n\t<meta name=\"generator\" content=\"All in One SEO Pro (AIOSEO) 4.9.6.1\" \/>\n\t\t<meta property=\"og:locale\" content=\"es_ES\" \/>\n\t\t<meta property=\"og:site_name\" content=\"El Digital de Asturias \u2013 Revista de ocio, turismo y estilo de vida\" \/>\n\t\t<meta property=\"og:type\" content=\"article\" \/>\n\t\t<meta property=\"og:title\" content=\"Cinesa proyectar\u00e1 el 13 de octubre \u2018Astral\u2019 | El Digital de Asturias\" \/>\n\t\t<meta property=\"og:description\" content=\"Un total de 18 salas de Cinesa, entre ellas la del centro comercial Intu Asturias, proyectar\u00e1n el pr\u00f3ximo jueves 13 de octubre &#039;Astral&#039;, el reportaje documental del programa &#039;Salvados&#039; (laSexta) sobre el drama de los refugiados que huyen desde \u00c1frica, arriesgando su vida al cruzar el mar Mediterr\u00e1neo, para alcanzar Europa. As\u00ed lo ha dado\" \/>\n\t\t<meta property=\"og:url\" content=\"https:\/\/eldigitaldeasturias.com\/magazine365\/cinesa-proyectara-el-13-de-octubre-astral\/\" \/>\n\t\t<meta property=\"og:image\" content=\"https:\/\/eldigitaldeasturias.com\/magazine365\/wp-content\/uploads\/2016\/10\/fotonoticia_20160930200153_800.jpg\" \/>\n\t\t<meta property=\"og:image:secure_url\" content=\"https:\/\/eldigitaldeasturias.com\/magazine365\/wp-content\/uploads\/2016\/10\/fotonoticia_20160930200153_800.jpg\" \/>\n\t\t<meta property=\"og:image:width\" content=\"800\" \/>\n\t\t<meta property=\"og:image:height\" content=\"450\" \/>\n\t\t<meta property=\"article:published_time\" content=\"2016-10-02T04:34:27+00:00\" \/>\n\t\t<meta property=\"article:modified_time\" content=\"2016-10-02T04:34:27+00:00\" \/>\n\t\t<meta name=\"twitter:card\" content=\"summary_large_image\" \/>\n\t\t<meta name=\"twitter:title\" content=\"Cinesa proyectar\u00e1 el 13 de octubre \u2018Astral\u2019 | El Digital de Asturias\" \/>\n\t\t<meta name=\"twitter:description\" content=\"Un total de 18 salas de Cinesa, entre ellas la del centro comercial Intu Asturias, proyectar\u00e1n el pr\u00f3ximo jueves 13 de octubre &#039;Astral&#039;, el reportaje documental del programa &#039;Salvados&#039; (laSexta) sobre el drama de los refugiados que huyen desde \u00c1frica, arriesgando su vida al cruzar el mar Mediterr\u00e1neo, para alcanzar Europa. As\u00ed lo ha dado\" \/>\n\t\t<meta name=\"twitter:image\" content=\"https:\/\/eldigitaldeasturias.com\/magazine365\/wp-content\/uploads\/2016\/10\/fotonoticia_20160930200153_800.jpg\" \/>\n\t\t<script type=\"application\/ld+json\" class=\"aioseo-schema\">\n\t\t\t{\"@context\":\"https:\\\/\\\/schema.org\",\"@graph\":[{\"@type\":\"Article\",\"@id\":\"https:\\\/\\\/eldigitaldeasturias.com\\\/magazine365\\\/cinesa-proyectara-el-13-de-octubre-astral\\\/#article\",\"name\":\"Cinesa proyectar\\u00e1 el 13 de octubre \\u2018Astral\\u2019 | El Digital de Asturias\",\"headline\":\"Cinesa proyectar\\u00e1 el 13 de octubre &#8216;Astral&#8217;\",\"author\":{\"@id\":\"https:\\\/\\\/eldigitaldeasturias.com\\\/magazine365\\\/author\\\/admin\\\/#author\"},\"publisher\":{\"@id\":\"https:\\\/\\\/eldigitaldeasturias.com\\\/magazine365\\\/#organization\"},\"image\":{\"@type\":\"ImageObject\",\"url\":\"https:\\\/\\\/eldigitaldeasturias.com\\\/magazine365\\\/wp-content\\\/uploads\\\/2016\\\/10\\\/fotonoticia_20160930200153_800.jpg\",\"width\":800,\"height\":450},\"datePublished\":\"2016-10-02T06:34:27+02:00\",\"dateModified\":\"2016-10-02T06:34:27+02:00\",\"inLanguage\":\"es-ES\",\"mainEntityOfPage\":{\"@id\":\"https:\\\/\\\/eldigitaldeasturias.com\\\/magazine365\\\/cinesa-proyectara-el-13-de-octubre-astral\\\/#webpage\"},\"isPartOf\":{\"@id\":\"https:\\\/\\\/eldigitaldeasturias.com\\\/magazine365\\\/cinesa-proyectara-el-13-de-octubre-astral\\\/#webpage\"},\"articleSection\":\"Noticias y Actualidad\"},{\"@type\":\"BreadcrumbList\",\"@id\":\"https:\\\/\\\/eldigitaldeasturias.com\\\/magazine365\\\/cinesa-proyectara-el-13-de-octubre-astral\\\/#breadcrumblist\",\"itemListElement\":[{\"@type\":\"ListItem\",\"@id\":\"https:\\\/\\\/eldigitaldeasturias.com\\\/magazine365#listItem\",\"position\":1,\"name\":\"Home\",\"item\":\"https:\\\/\\\/eldigitaldeasturias.com\\\/magazine365\",\"nextItem\":{\"@type\":\"ListItem\",\"@id\":\"https:\\\/\\\/eldigitaldeasturias.com\\\/magazine365\\\/category\\\/noticias-actualidad\\\/#listItem\",\"name\":\"Noticias y Actualidad\"}},{\"@type\":\"ListItem\",\"@id\":\"https:\\\/\\\/eldigitaldeasturias.com\\\/magazine365\\\/category\\\/noticias-actualidad\\\/#listItem\",\"position\":2,\"name\":\"Noticias y Actualidad\",\"item\":\"https:\\\/\\\/eldigitaldeasturias.com\\\/magazine365\\\/category\\\/noticias-actualidad\\\/\",\"nextItem\":{\"@type\":\"ListItem\",\"@id\":\"https:\\\/\\\/eldigitaldeasturias.com\\\/magazine365\\\/cinesa-proyectara-el-13-de-octubre-astral\\\/#listItem\",\"name\":\"Cinesa proyectar\\u00e1 el 13 de octubre &#8216;Astral&#8217;\"},\"previousItem\":{\"@type\":\"ListItem\",\"@id\":\"https:\\\/\\\/eldigitaldeasturias.com\\\/magazine365#listItem\",\"name\":\"Home\"}},{\"@type\":\"ListItem\",\"@id\":\"https:\\\/\\\/eldigitaldeasturias.com\\\/magazine365\\\/cinesa-proyectara-el-13-de-octubre-astral\\\/#listItem\",\"position\":3,\"name\":\"Cinesa proyectar\\u00e1 el 13 de octubre &#8216;Astral&#8217;\",\"previousItem\":{\"@type\":\"ListItem\",\"@id\":\"https:\\\/\\\/eldigitaldeasturias.com\\\/magazine365\\\/category\\\/noticias-actualidad\\\/#listItem\",\"name\":\"Noticias y Actualidad\"}}]},{\"@type\":\"Organization\",\"@id\":\"https:\\\/\\\/eldigitaldeasturias.com\\\/magazine365\\\/#organization\",\"name\":\"El digital de Asturias\",\"description\":\"Revista de ocio, turismo y estilo de vida\",\"url\":\"https:\\\/\\\/eldigitaldeasturias.com\\\/magazine365\\\/\",\"logo\":{\"@type\":\"ImageObject\",\"url\":\"https:\\\/\\\/www.eldigitaldeasturias.com\\\/noticias\\\/wp-content\\\/uploads\\\/2020\\\/12\\\/EDA.jpg\",\"@id\":\"https:\\\/\\\/eldigitaldeasturias.com\\\/magazine365\\\/cinesa-proyectara-el-13-de-octubre-astral\\\/#organizationLogo\"},\"image\":{\"@id\":\"https:\\\/\\\/eldigitaldeasturias.com\\\/magazine365\\\/cinesa-proyectara-el-13-de-octubre-astral\\\/#organizationLogo\"}},{\"@type\":\"Person\",\"@id\":\"https:\\\/\\\/eldigitaldeasturias.com\\\/magazine365\\\/author\\\/admin\\\/#author\",\"url\":\"https:\\\/\\\/eldigitaldeasturias.com\\\/magazine365\\\/author\\\/admin\\\/\",\"name\":\"admin\",\"image\":{\"@type\":\"ImageObject\",\"@id\":\"https:\\\/\\\/eldigitaldeasturias.com\\\/magazine365\\\/cinesa-proyectara-el-13-de-octubre-astral\\\/#authorImage\",\"url\":\"https:\\\/\\\/eldigitaldeasturias.com\\\/magazine365\\\/wp-content\\\/litespeed\\\/avatar\\\/e571bcf59a0edd6fa6838245a470f2fe.jpg?ver=1776969259\",\"width\":96,\"height\":96,\"caption\":\"admin\"}},{\"@type\":\"WebPage\",\"@id\":\"https:\\\/\\\/eldigitaldeasturias.com\\\/magazine365\\\/cinesa-proyectara-el-13-de-octubre-astral\\\/#webpage\",\"url\":\"https:\\\/\\\/eldigitaldeasturias.com\\\/magazine365\\\/cinesa-proyectara-el-13-de-octubre-astral\\\/\",\"name\":\"Cinesa proyectar\\u00e1 el 13 de octubre \\u2018Astral\\u2019 | El Digital de Asturias\",\"description\":\"Un total de 18 salas de Cinesa, entre ellas la del centro comercial Intu Asturias, proyectar\\u00e1n el pr\\u00f3ximo jueves 13 de octubre 'Astral', el reportaje documental del programa 'Salvados' (laSexta) sobre el drama de los refugiados que huyen desde \\u00c1frica, arriesgando su vida al cruzar el mar Mediterr\\u00e1neo, para alcanzar Europa. As\\u00ed lo ha dado\",\"inLanguage\":\"es-ES\",\"isPartOf\":{\"@id\":\"https:\\\/\\\/eldigitaldeasturias.com\\\/magazine365\\\/#website\"},\"breadcrumb\":{\"@id\":\"https:\\\/\\\/eldigitaldeasturias.com\\\/magazine365\\\/cinesa-proyectara-el-13-de-octubre-astral\\\/#breadcrumblist\"},\"author\":{\"@id\":\"https:\\\/\\\/eldigitaldeasturias.com\\\/magazine365\\\/author\\\/admin\\\/#author\"},\"creator\":{\"@id\":\"https:\\\/\\\/eldigitaldeasturias.com\\\/magazine365\\\/author\\\/admin\\\/#author\"},\"image\":{\"@type\":\"ImageObject\",\"url\":\"https:\\\/\\\/eldigitaldeasturias.com\\\/magazine365\\\/wp-content\\\/uploads\\\/2016\\\/10\\\/fotonoticia_20160930200153_800.jpg\",\"@id\":\"https:\\\/\\\/eldigitaldeasturias.com\\\/magazine365\\\/cinesa-proyectara-el-13-de-octubre-astral\\\/#mainImage\",\"width\":800,\"height\":450},\"primaryImageOfPage\":{\"@id\":\"https:\\\/\\\/eldigitaldeasturias.com\\\/magazine365\\\/cinesa-proyectara-el-13-de-octubre-astral\\\/#mainImage\"},\"datePublished\":\"2016-10-02T06:34:27+02:00\",\"dateModified\":\"2016-10-02T06:34:27+02:00\"},{\"@type\":\"WebSite\",\"@id\":\"https:\\\/\\\/eldigitaldeasturias.com\\\/magazine365\\\/#website\",\"url\":\"https:\\\/\\\/eldigitaldeasturias.com\\\/magazine365\\\/\",\"name\":\"El Digital de Asturias\",\"description\":\"Revista de ocio, turismo y estilo de vida\",\"inLanguage\":\"es-ES\",\"publisher\":{\"@id\":\"https:\\\/\\\/eldigitaldeasturias.com\\\/magazine365\\\/#organization\"}}]}\n\t\t<\/script>\n\t\t<!-- All in One SEO Pro -->\r\n\t\t<title>Cinesa proyectar\u00e1 el 13 de octubre \u2018Astral\u2019 | El Digital de Asturias<\/title>\n\n","aioseo_head_json":{"title":"Cinesa proyectar\u00e1 el 13 de octubre \u2018Astral\u2019 | El Digital de Asturias","description":"Un total de 18 salas de Cinesa, entre ellas la del centro comercial Intu Asturias, proyectar\u00e1n el pr\u00f3ximo jueves 13 de octubre 'Astral', el reportaje documental del programa 'Salvados' (laSexta) sobre el drama de los refugiados que huyen desde \u00c1frica, arriesgando su vida al cruzar el mar Mediterr\u00e1neo, para alcanzar Europa. As\u00ed lo ha dado","canonical_url":"https:\/\/eldigitaldeasturias.com\/magazine365\/cinesa-proyectara-el-13-de-octubre-astral\/","robots":"max-image-preview:large","keywords":"noticias y actualidad","webmasterTools":{"google-site-verification":"UA-38556648-1","miscellaneous":""},"schema":{"@context":"https:\/\/schema.org","@graph":[{"@type":"Article","@id":"https:\/\/eldigitaldeasturias.com\/magazine365\/cinesa-proyectara-el-13-de-octubre-astral\/#article","name":"Cinesa proyectar\u00e1 el 13 de octubre \u2018Astral\u2019 | El Digital de Asturias","headline":"Cinesa proyectar\u00e1 el 13 de octubre &#8216;Astral&#8217;","author":{"@id":"https:\/\/eldigitaldeasturias.com\/magazine365\/author\/admin\/#author"},"publisher":{"@id":"https:\/\/eldigitaldeasturias.com\/magazine365\/#organization"},"image":{"@type":"ImageObject","url":"https:\/\/eldigitaldeasturias.com\/magazine365\/wp-content\/uploads\/2016\/10\/fotonoticia_20160930200153_800.jpg","width":800,"height":450},"datePublished":"2016-10-02T06:34:27+02:00","dateModified":"2016-10-02T06:34:27+02:00","inLanguage":"es-ES","mainEntityOfPage":{"@id":"https:\/\/eldigitaldeasturias.com\/magazine365\/cinesa-proyectara-el-13-de-octubre-astral\/#webpage"},"isPartOf":{"@id":"https:\/\/eldigitaldeasturias.com\/magazine365\/cinesa-proyectara-el-13-de-octubre-astral\/#webpage"},"articleSection":"Noticias y Actualidad"},{"@type":"BreadcrumbList","@id":"https:\/\/eldigitaldeasturias.com\/magazine365\/cinesa-proyectara-el-13-de-octubre-astral\/#breadcrumblist","itemListElement":[{"@type":"ListItem","@id":"https:\/\/eldigitaldeasturias.com\/magazine365#listItem","position":1,"name":"Home","item":"https:\/\/eldigitaldeasturias.com\/magazine365","nextItem":{"@type":"ListItem","@id":"https:\/\/eldigitaldeasturias.com\/magazine365\/category\/noticias-actualidad\/#listItem","name":"Noticias y Actualidad"}},{"@type":"ListItem","@id":"https:\/\/eldigitaldeasturias.com\/magazine365\/category\/noticias-actualidad\/#listItem","position":2,"name":"Noticias y Actualidad","item":"https:\/\/eldigitaldeasturias.com\/magazine365\/category\/noticias-actualidad\/","nextItem":{"@type":"ListItem","@id":"https:\/\/eldigitaldeasturias.com\/magazine365\/cinesa-proyectara-el-13-de-octubre-astral\/#listItem","name":"Cinesa proyectar\u00e1 el 13 de octubre &#8216;Astral&#8217;"},"previousItem":{"@type":"ListItem","@id":"https:\/\/eldigitaldeasturias.com\/magazine365#listItem","name":"Home"}},{"@type":"ListItem","@id":"https:\/\/eldigitaldeasturias.com\/magazine365\/cinesa-proyectara-el-13-de-octubre-astral\/#listItem","position":3,"name":"Cinesa proyectar\u00e1 el 13 de octubre &#8216;Astral&#8217;","previousItem":{"@type":"ListItem","@id":"https:\/\/eldigitaldeasturias.com\/magazine365\/category\/noticias-actualidad\/#listItem","name":"Noticias y Actualidad"}}]},{"@type":"Organization","@id":"https:\/\/eldigitaldeasturias.com\/magazine365\/#organization","name":"El digital de Asturias","description":"Revista de ocio, turismo y estilo de vida","url":"https:\/\/eldigitaldeasturias.com\/magazine365\/","logo":{"@type":"ImageObject","url":"https:\/\/www.eldigitaldeasturias.com\/noticias\/wp-content\/uploads\/2020\/12\/EDA.jpg","@id":"https:\/\/eldigitaldeasturias.com\/magazine365\/cinesa-proyectara-el-13-de-octubre-astral\/#organizationLogo"},"image":{"@id":"https:\/\/eldigitaldeasturias.com\/magazine365\/cinesa-proyectara-el-13-de-octubre-astral\/#organizationLogo"}},{"@type":"Person","@id":"https:\/\/eldigitaldeasturias.com\/magazine365\/author\/admin\/#author","url":"https:\/\/eldigitaldeasturias.com\/magazine365\/author\/admin\/","name":"admin","image":{"@type":"ImageObject","@id":"https:\/\/eldigitaldeasturias.com\/magazine365\/cinesa-proyectara-el-13-de-octubre-astral\/#authorImage","url":"https:\/\/eldigitaldeasturias.com\/magazine365\/wp-content\/litespeed\/avatar\/e571bcf59a0edd6fa6838245a470f2fe.jpg?ver=1776969259","width":96,"height":96,"caption":"admin"}},{"@type":"WebPage","@id":"https:\/\/eldigitaldeasturias.com\/magazine365\/cinesa-proyectara-el-13-de-octubre-astral\/#webpage","url":"https:\/\/eldigitaldeasturias.com\/magazine365\/cinesa-proyectara-el-13-de-octubre-astral\/","name":"Cinesa proyectar\u00e1 el 13 de octubre \u2018Astral\u2019 | El Digital de Asturias","description":"Un total de 18 salas de Cinesa, entre ellas la del centro comercial Intu Asturias, proyectar\u00e1n el pr\u00f3ximo jueves 13 de octubre 'Astral', el reportaje documental del programa 'Salvados' (laSexta) sobre el drama de los refugiados que huyen desde \u00c1frica, arriesgando su vida al cruzar el mar Mediterr\u00e1neo, para alcanzar Europa. As\u00ed lo ha dado","inLanguage":"es-ES","isPartOf":{"@id":"https:\/\/eldigitaldeasturias.com\/magazine365\/#website"},"breadcrumb":{"@id":"https:\/\/eldigitaldeasturias.com\/magazine365\/cinesa-proyectara-el-13-de-octubre-astral\/#breadcrumblist"},"author":{"@id":"https:\/\/eldigitaldeasturias.com\/magazine365\/author\/admin\/#author"},"creator":{"@id":"https:\/\/eldigitaldeasturias.com\/magazine365\/author\/admin\/#author"},"image":{"@type":"ImageObject","url":"https:\/\/eldigitaldeasturias.com\/magazine365\/wp-content\/uploads\/2016\/10\/fotonoticia_20160930200153_800.jpg","@id":"https:\/\/eldigitaldeasturias.com\/magazine365\/cinesa-proyectara-el-13-de-octubre-astral\/#mainImage","width":800,"height":450},"primaryImageOfPage":{"@id":"https:\/\/eldigitaldeasturias.com\/magazine365\/cinesa-proyectara-el-13-de-octubre-astral\/#mainImage"},"datePublished":"2016-10-02T06:34:27+02:00","dateModified":"2016-10-02T06:34:27+02:00"},{"@type":"WebSite","@id":"https:\/\/eldigitaldeasturias.com\/magazine365\/#website","url":"https:\/\/eldigitaldeasturias.com\/magazine365\/","name":"El Digital de Asturias","description":"Revista de ocio, turismo y estilo de vida","inLanguage":"es-ES","publisher":{"@id":"https:\/\/eldigitaldeasturias.com\/magazine365\/#organization"}}]},"og:locale":"es_ES","og:site_name":"El Digital de Asturias \u2013 Revista de ocio, turismo y estilo de vida","og:type":"article","og:title":"Cinesa proyectar\u00e1 el 13 de octubre \u2018Astral\u2019 | El Digital de Asturias","og:description":"Un total de 18 salas de Cinesa, entre ellas la del centro comercial Intu Asturias, proyectar\u00e1n el pr\u00f3ximo jueves 13 de octubre 'Astral', el reportaje documental del programa 'Salvados' (laSexta) sobre el drama de los refugiados que huyen desde \u00c1frica, arriesgando su vida al cruzar el mar Mediterr\u00e1neo, para alcanzar Europa. As\u00ed lo ha dado","og:url":"https:\/\/eldigitaldeasturias.com\/magazine365\/cinesa-proyectara-el-13-de-octubre-astral\/","og:image":"https:\/\/eldigitaldeasturias.com\/magazine365\/wp-content\/uploads\/2016\/10\/fotonoticia_20160930200153_800.jpg","og:image:secure_url":"https:\/\/eldigitaldeasturias.com\/magazine365\/wp-content\/uploads\/2016\/10\/fotonoticia_20160930200153_800.jpg","og:image:width":800,"og:image:height":450,"article:published_time":"2016-10-02T04:34:27+00:00","article:modified_time":"2016-10-02T04:34:27+00:00","twitter:card":"summary_large_image","twitter:title":"Cinesa proyectar\u00e1 el 13 de octubre \u2018Astral\u2019 | El Digital de Asturias","twitter:description":"Un total de 18 salas de Cinesa, entre ellas la del centro comercial Intu Asturias, proyectar\u00e1n el pr\u00f3ximo jueves 13 de octubre 'Astral', el reportaje documental del programa 'Salvados' (laSexta) sobre el drama de los refugiados que huyen desde \u00c1frica, arriesgando su vida al cruzar el mar Mediterr\u00e1neo, para alcanzar Europa. As\u00ed lo ha dado","twitter:image":"https:\/\/eldigitaldeasturias.com\/magazine365\/wp-content\/uploads\/2016\/10\/fotonoticia_20160930200153_800.jpg"},"aioseo_meta_data":{"post_id":"82864","title":null,"description":null,"keywords":null,"keyphrases":null,"primary_term":null,"canonical_url":null,"og_title":null,"og_description":null,"og_object_type":"default","og_image_type":"default","og_image_url":null,"og_image_width":null,"og_image_height":null,"og_image_custom_url":null,"og_image_custom_fields":null,"og_video":null,"og_custom_url":null,"og_article_section":null,"og_article_tags":null,"twitter_use_og":false,"twitter_card":"default","twitter_image_type":"default","twitter_image_url":null,"twitter_image_custom_url":null,"twitter_image_custom_fields":null,"twitter_title":null,"twitter_description":null,"schema":{"blockGraphs":[],"customGraphs":[],"default":{"data":{"Article":[],"Course":[],"Dataset":[],"FAQPage":[],"Movie":[],"Person":[],"Product":[],"ProductReview":[],"Car":[],"Recipe":[],"Service":[],"SoftwareApplication":[],"WebPage":[]},"graphName":"","isEnabled":true},"graphs":[],"defaultGraph":"","defaultPostTypeGraph":""},"schema_type":null,"schema_type_options":null,"pillar_content":false,"robots_default":true,"robots_noindex":false,"robots_noarchive":false,"robots_nosnippet":false,"robots_nofollow":false,"robots_noimageindex":false,"robots_noodp":false,"robots_notranslate":false,"robots_max_snippet":null,"robots_max_videopreview":null,"robots_max_imagepreview":"large","priority":null,"frequency":null,"location":null,"local_seo":null,"seo_analyzer_scan_date":"2025-09-28 01:44:48","breadcrumb_settings":null,"limit_modified_date":false,"open_ai":null,"ai":null,"created":"2020-12-21 15:30:20","updated":"2025-09-28 01:44:48"},"aioseo_breadcrumb":"<div class=\"aioseo-breadcrumbs\"><span class=\"aioseo-breadcrumb\">\n\t<a href=\"https:\/\/eldigitaldeasturias.com\/magazine365\" title=\"Home\">Home<\/a>\n<\/span><span class=\"aioseo-breadcrumb-separator\">\u2013<\/span><span class=\"aioseo-breadcrumb\">\n\t<a href=\"https:\/\/eldigitaldeasturias.com\/magazine365\/category\/noticias-actualidad\/\" title=\"Noticias y Actualidad\">Noticias y Actualidad<\/a>\n<\/span><span class=\"aioseo-breadcrumb-separator\">\u2013<\/span><span class=\"aioseo-breadcrumb\">\n\t<a href=\"https:\/\/eldigitaldeasturias.com\/magazine365\/cinesa-proyectara-el-13-de-octubre-astral\/\" title=\"Cinesa proyectar\u00e1 el 13 de octubre \u2018Astral\u2019\">Cinesa proyectar\u00e1 el 13 de octubre \u2018Astral\u2019<\/a>\n<\/span><\/div>","aioseo_breadcrumb_json":[{"label":"Home","link":"https:\/\/eldigitaldeasturias.com\/magazine365"},{"label":"Noticias y Actualidad","link":"https:\/\/eldigitaldeasturias.com\/magazine365\/category\/noticias-actualidad\/"},{"label":"Cinesa proyectar\u00e1 el 13 de octubre &#8216;Astral&#8217;","link":"https:\/\/eldigitaldeasturias.com\/magazine365\/cinesa-proyectara-el-13-de-octubre-astral\/"}],"_links":{"self":[{"href":"https:\/\/eldigitaldeasturias.com\/magazine365\/wp-json\/wp\/v2\/posts\/82864","targetHints":{"allow":["GET"]}}],"collection":[{"href":"https:\/\/eldigitaldeasturias.com\/magazine365\/wp-json\/wp\/v2\/posts"}],"about":[{"href":"https:\/\/eldigitaldeasturias.com\/magazine365\/wp-json\/wp\/v2\/types\/post"}],"author":[{"embeddable":true,"href":"https:\/\/eldigitaldeasturias.com\/magazine365\/wp-json\/wp\/v2\/users\/1"}],"replies":[{"embeddable":true,"href":"https:\/\/eldigitaldeasturias.com\/magazine365\/wp-json\/wp\/v2\/comments?post=82864"}],"version-history":[{"count":0,"href":"https:\/\/eldigitaldeasturias.com\/magazine365\/wp-json\/wp\/v2\/posts\/82864\/revisions"}],"wp:featuredmedia":[{"embeddable":true,"href":"https:\/\/eldigitaldeasturias.com\/magazine365\/wp-json\/wp\/v2\/media\/82865"}],"wp:attachment":[{"href":"https:\/\/eldigitaldeasturias.com\/magazine365\/wp-json\/wp\/v2\/media?parent=82864"}],"wp:term":[{"taxonomy":"category","embeddable":true,"href":"https:\/\/eldigitaldeasturias.com\/magazine365\/wp-json\/wp\/v2\/categories?post=82864"},{"taxonomy":"post_tag","embeddable":true,"href":"https:\/\/eldigitaldeasturias.com\/magazine365\/wp-json\/wp\/v2\/tags?post=82864"}],"curies":[{"name":"wp","href":"https:\/\/api.w.org\/{rel}","templated":true}]}}