{"id":82828,"date":"2016-09-29T02:15:36","date_gmt":"2016-09-29T00:15:36","guid":{"rendered":"http:\/\/eldigitaldeasturias.com\/magazine365\/?p=82828"},"modified":"2016-09-29T02:15:36","modified_gmt":"2016-09-29T00:15:36","slug":"como-mejorar-la-gestion-de-mi-almacen","status":"publish","type":"post","link":"https:\/\/eldigitaldeasturias.com\/magazine365\/como-mejorar-la-gestion-de-mi-almacen\/","title":{"rendered":"\u00bfC\u00f3mo mejorar la gesti\u00f3n de mi almac\u00e9n?"},"content":{"rendered":"<p><img fetchpriority=\"high\" decoding=\"async\" class=\"alignleft size-medium wp-image-82829\" src=\"https:\/\/eldigitaldeasturias.com\/magazine365\/wp-content\/uploads\/2016\/09\/1474970904_Grupo_i68_logo-339x300.jpg\" alt=\"1474970904_grupo_i68_logo\" width=\"339\" height=\"300\" srcset=\"https:\/\/eldigitaldeasturias.com\/magazine365\/wp-content\/uploads\/2016\/09\/1474970904_Grupo_i68_logo-339x300.jpg 339w, https:\/\/eldigitaldeasturias.com\/magazine365\/wp-content\/uploads\/2016\/09\/1474970904_Grupo_i68_logo-150x133.jpg 150w, https:\/\/eldigitaldeasturias.com\/magazine365\/wp-content\/uploads\/2016\/09\/1474970904_Grupo_i68_logo-450x399.jpg 450w, https:\/\/eldigitaldeasturias.com\/magazine365\/wp-content\/uploads\/2016\/09\/1474970904_Grupo_i68_logo.jpg 640w\" sizes=\"(max-width: 339px) 100vw, 339px\" \/>Las compa\u00f1\u00edas necesitan saber qu\u00e9 est\u00e1 pasando en su almac\u00e9n: qu\u00e9 materias primas tienen que entrar, con qu\u00e9 stock cuentan y en qu\u00e9 situaci\u00f3n se encuentra, qu\u00e9 productos tienen que salir, etc. Las herramientas de gesti\u00f3n de almac\u00e9n son soluciones que pueden aportar todas estas informaciones, facilitando las labores de gesti\u00f3n y de entrega de productos para ser m\u00e1s eficientes y reducir los costes de las empresas.<\/p>\n<p>Una de las soluciones m\u00e1s destacada en el mercado es Izaro WMS, herramienta orientada a la gesti\u00f3n f\u00edsica de los almacenes, que controla las unidades dejando la gesti\u00f3n econ\u00f3mica del almac\u00e9n en el ERP. Aporta gran autonom\u00eda y personalizaci\u00f3n, independientemente del ERP que soporte la informaci\u00f3n y permite la integraci\u00f3n de los datos con interfaces en tiempo real con gesti\u00f3n de cliente y el intercambio de ficheros bidireccional en formato est\u00e1ndar XML. Adem\u00e1s se puede integrar con perif\u00e9ricos log\u00edsticos (miniloads, robots, carruseles, sistemas de pesado, sistemas volum\u00e9tricos, etc) y con nuevas tecnolog\u00edas (pick by light y RFID)<\/p>\n<p>Izaro WMS cuenta con un mapa gr\u00e1fico interactivo, en el que se puede ver en tiempo real qu\u00e9 hay en el almac\u00e9n y d\u00f3nde est\u00e1, simplemente seleccionando cada m\u00f3dulo de estanter\u00edas. De la misma forma muestra el espacio disponible con estad\u00edsticas del momento en el que se especifican los niveles de ocupaci\u00f3n del almac\u00e9n y de las tareas de los operarios. Tambi\u00e9n cuenta con un gestor de tareas en tiempo real y un sistema asistido de tareas pendientes.<\/p>\n<p>Permite identificar los materiales, las ubicaciones y expediciones a trav\u00e9s de c\u00f3digos de barra. La herramienta nos permite contar con una doble codificaci\u00f3n: la de la mercanc\u00eda y la de las ubicaciones. Gracias a esta forma de gestionar la mercanc\u00eda se puede realizar un cotejo y etiquetado de la recepci\u00f3n de compras.<\/p>\n<p>La soluci\u00f3n Izaro WMS realiza todos los procesos de forma guiada para evitar errores. Por ejemplo la gesti\u00f3n guiada en el proceso de Desubicaci\u00f3n y Reposici\u00f3n de picking para preparaciones de pedidos, el proceso guiado en el lanzamiento de la preparaci\u00f3n de pedidos, seleccionando los pedidos para preparar, las propuestas de desubicaci\u00f3n con criterios de ruptura y c\u00e1lculo de ubicaciones para desubicar.<\/p>\n<p>Como algo novedoso tambi\u00e9n ofrece la posibilidad de gestionar la carga del cami\u00f3n, cotejando la carga del cami\u00f3n sobre hojas de ruta o sobre albaranes, lectura de los c\u00f3digos de bultos en la carga y aviso si falta alguno o si se mezclan.<\/p>\n<p>Izaro WMS ofrece muchos beneficios a las compa\u00f1\u00edas como la reducci\u00f3n de los costes log\u00edsticos disminuir la inversi\u00f3n en stock tanto en materias primas como en producto terminado as\u00ed como el espacio dedicado al almacenaje gracias a la gesti\u00f3n ca\u00f3tica del mismo. Adem\u00e1s permite que las empresas mejoren el servicio, evitando las roturas de stock, sin errores de preparaci\u00f3n y env\u00edo y acortando el tiempo de env\u00edo ya que la secuencia y la ruta se prepara de forma optimizada y el picking se realiza de forma m\u00faltiple y automatizado.<\/p>\n<p>Con esta soluci\u00f3n toda la mercanc\u00eda queda identificada y codificada, se reducen los costes al optimizar el espacio del almac\u00e9n, se evitan obsoletos y caducos por gesti\u00f3n de trazabilidad, se aumenta la productividad de las personas as\u00ed como se reduce el tiempo de preparaci\u00f3n de los pedidos. Tambi\u00e9n se reducen significativamente los errores en env\u00edos de mercanc\u00eda y los costes por menores devoluciones. El trabajo de los operarios de almac\u00e9n queda registrado facilitando establecer sistemas de retribuci\u00f3n vinculados a la actividad, se puede reducir el stock al llevar las existencias en real, varios almacenes pueden controlarse centralizadamente y se puede utilizar el almac\u00e9n propio para otras empresas.<\/p>\n<p><strong>Sobre Grupo i68<\/strong><\/p>\n<p>Grupo i68 aporta desde 1985 Soluciones ERP de Gesti\u00f3n para Pymes Industriales, Comerciales y de Servicios. Con sede central en San Sebasti\u00e1n dispone de oficinas en Madrid, Gij\u00f3n, Bilbao clientes en 13 pa\u00edses. Grupo i68 consolida su dimensi\u00f3n empresarial con una plantilla de 90 empleados, m\u00e1s de 600 proyectos y una facturaci\u00f3n superior a 6 millones de euros.<\/p>\n<p>El grupo vasco dispone de una amplia gama de soluciones tecnol\u00f3gicamente avanzadas, que se comercializan bajo la marca IZARO y son desarrolladas por su Unidad de I+D+i, una unidad integrada en Innobasque la Agencia Vasca de la Innovaci\u00f3n, adem\u00e1s de liderar proyectos internacionales EUREKA. Cuenta con un equipo humano amplio muy cualificado y dedica a I+D+I el 15% de su cifra de negocio. Con las certificaciones ISO 9001, y una seria preocupaci\u00f3n en la mejora de la calidad, y la innovaci\u00f3n ha iniciado un proceso de internacionalizaci\u00f3n para acometer nuevos mercados.<\/p>\n<p>&nbsp;<\/p>\n","protected":false},"excerpt":{"rendered":"<p>Las compa\u00f1\u00edas necesitan saber qu\u00e9 est\u00e1 pasando en su almac\u00e9n: qu\u00e9 materias primas tienen que entrar, con qu\u00e9 stock cuentan y en qu\u00e9 situaci\u00f3n se encuentra, qu\u00e9 productos tienen que salir, etc. Las herramientas de gesti\u00f3n de almac\u00e9n son soluciones que pueden aportar todas estas informaciones, facilitando las labores de gesti\u00f3n y de entrega de<\/p>\n","protected":false},"author":1,"featured_media":82829,"comment_status":"open","ping_status":"closed","sticky":false,"template":"","format":"standard","meta":{"footnotes":""},"categories":[224],"tags":[],"class_list":{"0":"post-82828","1":"post","2":"type-post","3":"status-publish","4":"format-standard","5":"has-post-thumbnail","7":"category-noticias-actualidad"},"aioseo_notices":[],"aioseo_head":"\n\t\t<!-- All in One SEO Pro 4.9.6.1 - aioseo.com -->\n\t<meta name=\"description\" content=\"Las compa\u00f1\u00edas necesitan saber qu\u00e9 est\u00e1 pasando en su almac\u00e9n: qu\u00e9 materias primas tienen que entrar, con qu\u00e9 stock cuentan y en qu\u00e9 situaci\u00f3n se encuentra, qu\u00e9 productos tienen que salir, etc. Las herramientas de gesti\u00f3n de almac\u00e9n son soluciones que pueden aportar todas estas informaciones, facilitando las labores de gesti\u00f3n y de entrega de\" \/>\n\t<meta name=\"robots\" content=\"max-image-preview:large\" \/>\n\t<meta name=\"author\" content=\"admin\"\/>\n\t<meta name=\"google-site-verification\" content=\"UA-38556648-1\" \/>\n\t<meta name=\"keywords\" content=\"noticias y actualidad\" \/>\n\t<link rel=\"canonical\" href=\"https:\/\/eldigitaldeasturias.com\/magazine365\/como-mejorar-la-gestion-de-mi-almacen\/\" \/>\n\t<meta name=\"generator\" content=\"All in One SEO Pro (AIOSEO) 4.9.6.1\" \/>\n\t\t<meta property=\"og:locale\" content=\"es_ES\" \/>\n\t\t<meta property=\"og:site_name\" content=\"El Digital de Asturias \u2013 Revista de ocio, turismo y estilo de vida\" \/>\n\t\t<meta property=\"og:type\" content=\"article\" \/>\n\t\t<meta property=\"og:title\" content=\"\u00bfC\u00f3mo mejorar la gesti\u00f3n de mi almac\u00e9n? | El Digital de Asturias\" \/>\n\t\t<meta property=\"og:description\" content=\"Las compa\u00f1\u00edas necesitan saber qu\u00e9 est\u00e1 pasando en su almac\u00e9n: qu\u00e9 materias primas tienen que entrar, con qu\u00e9 stock cuentan y en qu\u00e9 situaci\u00f3n se encuentra, qu\u00e9 productos tienen que salir, etc. Las herramientas de gesti\u00f3n de almac\u00e9n son soluciones que pueden aportar todas estas informaciones, facilitando las labores de gesti\u00f3n y de entrega de\" \/>\n\t\t<meta property=\"og:url\" content=\"https:\/\/eldigitaldeasturias.com\/magazine365\/como-mejorar-la-gestion-de-mi-almacen\/\" \/>\n\t\t<meta property=\"og:image\" content=\"https:\/\/eldigitaldeasturias.com\/magazine365\/wp-content\/uploads\/2016\/09\/1474970904_Grupo_i68_logo.jpg\" \/>\n\t\t<meta property=\"og:image:secure_url\" content=\"https:\/\/eldigitaldeasturias.com\/magazine365\/wp-content\/uploads\/2016\/09\/1474970904_Grupo_i68_logo.jpg\" \/>\n\t\t<meta property=\"og:image:width\" content=\"640\" \/>\n\t\t<meta property=\"og:image:height\" content=\"567\" \/>\n\t\t<meta property=\"article:published_time\" content=\"2016-09-29T00:15:36+00:00\" \/>\n\t\t<meta property=\"article:modified_time\" content=\"2016-09-29T00:15:36+00:00\" \/>\n\t\t<meta name=\"twitter:card\" content=\"summary_large_image\" \/>\n\t\t<meta name=\"twitter:title\" content=\"\u00bfC\u00f3mo mejorar la gesti\u00f3n de mi almac\u00e9n? | El Digital de Asturias\" \/>\n\t\t<meta name=\"twitter:description\" content=\"Las compa\u00f1\u00edas necesitan saber qu\u00e9 est\u00e1 pasando en su almac\u00e9n: qu\u00e9 materias primas tienen que entrar, con qu\u00e9 stock cuentan y en qu\u00e9 situaci\u00f3n se encuentra, qu\u00e9 productos tienen que salir, etc. Las herramientas de gesti\u00f3n de almac\u00e9n son soluciones que pueden aportar todas estas informaciones, facilitando las labores de gesti\u00f3n y de entrega de\" \/>\n\t\t<meta name=\"twitter:image\" content=\"https:\/\/eldigitaldeasturias.com\/magazine365\/wp-content\/uploads\/2016\/09\/1474970904_Grupo_i68_logo.jpg\" \/>\n\t\t<script type=\"application\/ld+json\" class=\"aioseo-schema\">\n\t\t\t{\"@context\":\"https:\\\/\\\/schema.org\",\"@graph\":[{\"@type\":\"Article\",\"@id\":\"https:\\\/\\\/eldigitaldeasturias.com\\\/magazine365\\\/como-mejorar-la-gestion-de-mi-almacen\\\/#article\",\"name\":\"\\u00bfC\\u00f3mo mejorar la gesti\\u00f3n de mi almac\\u00e9n? | El Digital de Asturias\",\"headline\":\"\\u00bfC\\u00f3mo mejorar la gesti\\u00f3n de mi almac\\u00e9n?\",\"author\":{\"@id\":\"https:\\\/\\\/eldigitaldeasturias.com\\\/magazine365\\\/author\\\/admin\\\/#author\"},\"publisher\":{\"@id\":\"https:\\\/\\\/eldigitaldeasturias.com\\\/magazine365\\\/#organization\"},\"image\":{\"@type\":\"ImageObject\",\"url\":\"https:\\\/\\\/eldigitaldeasturias.com\\\/magazine365\\\/wp-content\\\/uploads\\\/2016\\\/09\\\/1474970904_Grupo_i68_logo.jpg\",\"width\":640,\"height\":567},\"datePublished\":\"2016-09-29T02:15:36+02:00\",\"dateModified\":\"2016-09-29T02:15:36+02:00\",\"inLanguage\":\"es-ES\",\"mainEntityOfPage\":{\"@id\":\"https:\\\/\\\/eldigitaldeasturias.com\\\/magazine365\\\/como-mejorar-la-gestion-de-mi-almacen\\\/#webpage\"},\"isPartOf\":{\"@id\":\"https:\\\/\\\/eldigitaldeasturias.com\\\/magazine365\\\/como-mejorar-la-gestion-de-mi-almacen\\\/#webpage\"},\"articleSection\":\"Noticias y Actualidad\"},{\"@type\":\"BreadcrumbList\",\"@id\":\"https:\\\/\\\/eldigitaldeasturias.com\\\/magazine365\\\/como-mejorar-la-gestion-de-mi-almacen\\\/#breadcrumblist\",\"itemListElement\":[{\"@type\":\"ListItem\",\"@id\":\"https:\\\/\\\/eldigitaldeasturias.com\\\/magazine365#listItem\",\"position\":1,\"name\":\"Home\",\"item\":\"https:\\\/\\\/eldigitaldeasturias.com\\\/magazine365\",\"nextItem\":{\"@type\":\"ListItem\",\"@id\":\"https:\\\/\\\/eldigitaldeasturias.com\\\/magazine365\\\/category\\\/noticias-actualidad\\\/#listItem\",\"name\":\"Noticias y Actualidad\"}},{\"@type\":\"ListItem\",\"@id\":\"https:\\\/\\\/eldigitaldeasturias.com\\\/magazine365\\\/category\\\/noticias-actualidad\\\/#listItem\",\"position\":2,\"name\":\"Noticias y Actualidad\",\"item\":\"https:\\\/\\\/eldigitaldeasturias.com\\\/magazine365\\\/category\\\/noticias-actualidad\\\/\",\"nextItem\":{\"@type\":\"ListItem\",\"@id\":\"https:\\\/\\\/eldigitaldeasturias.com\\\/magazine365\\\/como-mejorar-la-gestion-de-mi-almacen\\\/#listItem\",\"name\":\"\\u00bfC\\u00f3mo mejorar la gesti\\u00f3n de mi almac\\u00e9n?\"},\"previousItem\":{\"@type\":\"ListItem\",\"@id\":\"https:\\\/\\\/eldigitaldeasturias.com\\\/magazine365#listItem\",\"name\":\"Home\"}},{\"@type\":\"ListItem\",\"@id\":\"https:\\\/\\\/eldigitaldeasturias.com\\\/magazine365\\\/como-mejorar-la-gestion-de-mi-almacen\\\/#listItem\",\"position\":3,\"name\":\"\\u00bfC\\u00f3mo mejorar la gesti\\u00f3n de mi almac\\u00e9n?\",\"previousItem\":{\"@type\":\"ListItem\",\"@id\":\"https:\\\/\\\/eldigitaldeasturias.com\\\/magazine365\\\/category\\\/noticias-actualidad\\\/#listItem\",\"name\":\"Noticias y Actualidad\"}}]},{\"@type\":\"Organization\",\"@id\":\"https:\\\/\\\/eldigitaldeasturias.com\\\/magazine365\\\/#organization\",\"name\":\"El digital de Asturias\",\"description\":\"Revista de ocio, turismo y estilo de vida\",\"url\":\"https:\\\/\\\/eldigitaldeasturias.com\\\/magazine365\\\/\",\"logo\":{\"@type\":\"ImageObject\",\"url\":\"https:\\\/\\\/www.eldigitaldeasturias.com\\\/noticias\\\/wp-content\\\/uploads\\\/2020\\\/12\\\/EDA.jpg\",\"@id\":\"https:\\\/\\\/eldigitaldeasturias.com\\\/magazine365\\\/como-mejorar-la-gestion-de-mi-almacen\\\/#organizationLogo\"},\"image\":{\"@id\":\"https:\\\/\\\/eldigitaldeasturias.com\\\/magazine365\\\/como-mejorar-la-gestion-de-mi-almacen\\\/#organizationLogo\"}},{\"@type\":\"Person\",\"@id\":\"https:\\\/\\\/eldigitaldeasturias.com\\\/magazine365\\\/author\\\/admin\\\/#author\",\"url\":\"https:\\\/\\\/eldigitaldeasturias.com\\\/magazine365\\\/author\\\/admin\\\/\",\"name\":\"admin\",\"image\":{\"@type\":\"ImageObject\",\"@id\":\"https:\\\/\\\/eldigitaldeasturias.com\\\/magazine365\\\/como-mejorar-la-gestion-de-mi-almacen\\\/#authorImage\",\"url\":\"https:\\\/\\\/eldigitaldeasturias.com\\\/magazine365\\\/wp-content\\\/litespeed\\\/avatar\\\/e571bcf59a0edd6fa6838245a470f2fe.jpg?ver=1776969259\",\"width\":96,\"height\":96,\"caption\":\"admin\"}},{\"@type\":\"WebPage\",\"@id\":\"https:\\\/\\\/eldigitaldeasturias.com\\\/magazine365\\\/como-mejorar-la-gestion-de-mi-almacen\\\/#webpage\",\"url\":\"https:\\\/\\\/eldigitaldeasturias.com\\\/magazine365\\\/como-mejorar-la-gestion-de-mi-almacen\\\/\",\"name\":\"\\u00bfC\\u00f3mo mejorar la gesti\\u00f3n de mi almac\\u00e9n? | El Digital de Asturias\",\"description\":\"Las compa\\u00f1\\u00edas necesitan saber qu\\u00e9 est\\u00e1 pasando en su almac\\u00e9n: qu\\u00e9 materias primas tienen que entrar, con qu\\u00e9 stock cuentan y en qu\\u00e9 situaci\\u00f3n se encuentra, qu\\u00e9 productos tienen que salir, etc. Las herramientas de gesti\\u00f3n de almac\\u00e9n son soluciones que pueden aportar todas estas informaciones, facilitando las labores de gesti\\u00f3n y de entrega de\",\"inLanguage\":\"es-ES\",\"isPartOf\":{\"@id\":\"https:\\\/\\\/eldigitaldeasturias.com\\\/magazine365\\\/#website\"},\"breadcrumb\":{\"@id\":\"https:\\\/\\\/eldigitaldeasturias.com\\\/magazine365\\\/como-mejorar-la-gestion-de-mi-almacen\\\/#breadcrumblist\"},\"author\":{\"@id\":\"https:\\\/\\\/eldigitaldeasturias.com\\\/magazine365\\\/author\\\/admin\\\/#author\"},\"creator\":{\"@id\":\"https:\\\/\\\/eldigitaldeasturias.com\\\/magazine365\\\/author\\\/admin\\\/#author\"},\"image\":{\"@type\":\"ImageObject\",\"url\":\"https:\\\/\\\/eldigitaldeasturias.com\\\/magazine365\\\/wp-content\\\/uploads\\\/2016\\\/09\\\/1474970904_Grupo_i68_logo.jpg\",\"@id\":\"https:\\\/\\\/eldigitaldeasturias.com\\\/magazine365\\\/como-mejorar-la-gestion-de-mi-almacen\\\/#mainImage\",\"width\":640,\"height\":567},\"primaryImageOfPage\":{\"@id\":\"https:\\\/\\\/eldigitaldeasturias.com\\\/magazine365\\\/como-mejorar-la-gestion-de-mi-almacen\\\/#mainImage\"},\"datePublished\":\"2016-09-29T02:15:36+02:00\",\"dateModified\":\"2016-09-29T02:15:36+02:00\"},{\"@type\":\"WebSite\",\"@id\":\"https:\\\/\\\/eldigitaldeasturias.com\\\/magazine365\\\/#website\",\"url\":\"https:\\\/\\\/eldigitaldeasturias.com\\\/magazine365\\\/\",\"name\":\"El Digital de Asturias\",\"description\":\"Revista de ocio, turismo y estilo de vida\",\"inLanguage\":\"es-ES\",\"publisher\":{\"@id\":\"https:\\\/\\\/eldigitaldeasturias.com\\\/magazine365\\\/#organization\"}}]}\n\t\t<\/script>\n\t\t<!-- All in One SEO Pro -->\r\n\t\t<title>\u00bfC\u00f3mo mejorar la gesti\u00f3n de mi almac\u00e9n? | El Digital de Asturias<\/title>\n\n","aioseo_head_json":{"title":"\u00bfC\u00f3mo mejorar la gesti\u00f3n de mi almac\u00e9n? | El Digital de Asturias","description":"Las compa\u00f1\u00edas necesitan saber qu\u00e9 est\u00e1 pasando en su almac\u00e9n: qu\u00e9 materias primas tienen que entrar, con qu\u00e9 stock cuentan y en qu\u00e9 situaci\u00f3n se encuentra, qu\u00e9 productos tienen que salir, etc. Las herramientas de gesti\u00f3n de almac\u00e9n son soluciones que pueden aportar todas estas informaciones, facilitando las labores de gesti\u00f3n y de entrega de","canonical_url":"https:\/\/eldigitaldeasturias.com\/magazine365\/como-mejorar-la-gestion-de-mi-almacen\/","robots":"max-image-preview:large","keywords":"noticias y actualidad","webmasterTools":{"google-site-verification":"UA-38556648-1","miscellaneous":""},"schema":{"@context":"https:\/\/schema.org","@graph":[{"@type":"Article","@id":"https:\/\/eldigitaldeasturias.com\/magazine365\/como-mejorar-la-gestion-de-mi-almacen\/#article","name":"\u00bfC\u00f3mo mejorar la gesti\u00f3n de mi almac\u00e9n? | El Digital de Asturias","headline":"\u00bfC\u00f3mo mejorar la gesti\u00f3n de mi almac\u00e9n?","author":{"@id":"https:\/\/eldigitaldeasturias.com\/magazine365\/author\/admin\/#author"},"publisher":{"@id":"https:\/\/eldigitaldeasturias.com\/magazine365\/#organization"},"image":{"@type":"ImageObject","url":"https:\/\/eldigitaldeasturias.com\/magazine365\/wp-content\/uploads\/2016\/09\/1474970904_Grupo_i68_logo.jpg","width":640,"height":567},"datePublished":"2016-09-29T02:15:36+02:00","dateModified":"2016-09-29T02:15:36+02:00","inLanguage":"es-ES","mainEntityOfPage":{"@id":"https:\/\/eldigitaldeasturias.com\/magazine365\/como-mejorar-la-gestion-de-mi-almacen\/#webpage"},"isPartOf":{"@id":"https:\/\/eldigitaldeasturias.com\/magazine365\/como-mejorar-la-gestion-de-mi-almacen\/#webpage"},"articleSection":"Noticias y Actualidad"},{"@type":"BreadcrumbList","@id":"https:\/\/eldigitaldeasturias.com\/magazine365\/como-mejorar-la-gestion-de-mi-almacen\/#breadcrumblist","itemListElement":[{"@type":"ListItem","@id":"https:\/\/eldigitaldeasturias.com\/magazine365#listItem","position":1,"name":"Home","item":"https:\/\/eldigitaldeasturias.com\/magazine365","nextItem":{"@type":"ListItem","@id":"https:\/\/eldigitaldeasturias.com\/magazine365\/category\/noticias-actualidad\/#listItem","name":"Noticias y Actualidad"}},{"@type":"ListItem","@id":"https:\/\/eldigitaldeasturias.com\/magazine365\/category\/noticias-actualidad\/#listItem","position":2,"name":"Noticias y Actualidad","item":"https:\/\/eldigitaldeasturias.com\/magazine365\/category\/noticias-actualidad\/","nextItem":{"@type":"ListItem","@id":"https:\/\/eldigitaldeasturias.com\/magazine365\/como-mejorar-la-gestion-de-mi-almacen\/#listItem","name":"\u00bfC\u00f3mo mejorar la gesti\u00f3n de mi almac\u00e9n?"},"previousItem":{"@type":"ListItem","@id":"https:\/\/eldigitaldeasturias.com\/magazine365#listItem","name":"Home"}},{"@type":"ListItem","@id":"https:\/\/eldigitaldeasturias.com\/magazine365\/como-mejorar-la-gestion-de-mi-almacen\/#listItem","position":3,"name":"\u00bfC\u00f3mo mejorar la gesti\u00f3n de mi almac\u00e9n?","previousItem":{"@type":"ListItem","@id":"https:\/\/eldigitaldeasturias.com\/magazine365\/category\/noticias-actualidad\/#listItem","name":"Noticias y Actualidad"}}]},{"@type":"Organization","@id":"https:\/\/eldigitaldeasturias.com\/magazine365\/#organization","name":"El digital de Asturias","description":"Revista de ocio, turismo y estilo de vida","url":"https:\/\/eldigitaldeasturias.com\/magazine365\/","logo":{"@type":"ImageObject","url":"https:\/\/www.eldigitaldeasturias.com\/noticias\/wp-content\/uploads\/2020\/12\/EDA.jpg","@id":"https:\/\/eldigitaldeasturias.com\/magazine365\/como-mejorar-la-gestion-de-mi-almacen\/#organizationLogo"},"image":{"@id":"https:\/\/eldigitaldeasturias.com\/magazine365\/como-mejorar-la-gestion-de-mi-almacen\/#organizationLogo"}},{"@type":"Person","@id":"https:\/\/eldigitaldeasturias.com\/magazine365\/author\/admin\/#author","url":"https:\/\/eldigitaldeasturias.com\/magazine365\/author\/admin\/","name":"admin","image":{"@type":"ImageObject","@id":"https:\/\/eldigitaldeasturias.com\/magazine365\/como-mejorar-la-gestion-de-mi-almacen\/#authorImage","url":"https:\/\/eldigitaldeasturias.com\/magazine365\/wp-content\/litespeed\/avatar\/e571bcf59a0edd6fa6838245a470f2fe.jpg?ver=1776969259","width":96,"height":96,"caption":"admin"}},{"@type":"WebPage","@id":"https:\/\/eldigitaldeasturias.com\/magazine365\/como-mejorar-la-gestion-de-mi-almacen\/#webpage","url":"https:\/\/eldigitaldeasturias.com\/magazine365\/como-mejorar-la-gestion-de-mi-almacen\/","name":"\u00bfC\u00f3mo mejorar la gesti\u00f3n de mi almac\u00e9n? | El Digital de Asturias","description":"Las compa\u00f1\u00edas necesitan saber qu\u00e9 est\u00e1 pasando en su almac\u00e9n: qu\u00e9 materias primas tienen que entrar, con qu\u00e9 stock cuentan y en qu\u00e9 situaci\u00f3n se encuentra, qu\u00e9 productos tienen que salir, etc. Las herramientas de gesti\u00f3n de almac\u00e9n son soluciones que pueden aportar todas estas informaciones, facilitando las labores de gesti\u00f3n y de entrega de","inLanguage":"es-ES","isPartOf":{"@id":"https:\/\/eldigitaldeasturias.com\/magazine365\/#website"},"breadcrumb":{"@id":"https:\/\/eldigitaldeasturias.com\/magazine365\/como-mejorar-la-gestion-de-mi-almacen\/#breadcrumblist"},"author":{"@id":"https:\/\/eldigitaldeasturias.com\/magazine365\/author\/admin\/#author"},"creator":{"@id":"https:\/\/eldigitaldeasturias.com\/magazine365\/author\/admin\/#author"},"image":{"@type":"ImageObject","url":"https:\/\/eldigitaldeasturias.com\/magazine365\/wp-content\/uploads\/2016\/09\/1474970904_Grupo_i68_logo.jpg","@id":"https:\/\/eldigitaldeasturias.com\/magazine365\/como-mejorar-la-gestion-de-mi-almacen\/#mainImage","width":640,"height":567},"primaryImageOfPage":{"@id":"https:\/\/eldigitaldeasturias.com\/magazine365\/como-mejorar-la-gestion-de-mi-almacen\/#mainImage"},"datePublished":"2016-09-29T02:15:36+02:00","dateModified":"2016-09-29T02:15:36+02:00"},{"@type":"WebSite","@id":"https:\/\/eldigitaldeasturias.com\/magazine365\/#website","url":"https:\/\/eldigitaldeasturias.com\/magazine365\/","name":"El Digital de Asturias","description":"Revista de ocio, turismo y estilo de vida","inLanguage":"es-ES","publisher":{"@id":"https:\/\/eldigitaldeasturias.com\/magazine365\/#organization"}}]},"og:locale":"es_ES","og:site_name":"El Digital de Asturias \u2013 Revista de ocio, turismo y estilo de vida","og:type":"article","og:title":"\u00bfC\u00f3mo mejorar la gesti\u00f3n de mi almac\u00e9n? | El Digital de Asturias","og:description":"Las compa\u00f1\u00edas necesitan saber qu\u00e9 est\u00e1 pasando en su almac\u00e9n: qu\u00e9 materias primas tienen que entrar, con qu\u00e9 stock cuentan y en qu\u00e9 situaci\u00f3n se encuentra, qu\u00e9 productos tienen que salir, etc. Las herramientas de gesti\u00f3n de almac\u00e9n son soluciones que pueden aportar todas estas informaciones, facilitando las labores de gesti\u00f3n y de entrega de","og:url":"https:\/\/eldigitaldeasturias.com\/magazine365\/como-mejorar-la-gestion-de-mi-almacen\/","og:image":"https:\/\/eldigitaldeasturias.com\/magazine365\/wp-content\/uploads\/2016\/09\/1474970904_Grupo_i68_logo.jpg","og:image:secure_url":"https:\/\/eldigitaldeasturias.com\/magazine365\/wp-content\/uploads\/2016\/09\/1474970904_Grupo_i68_logo.jpg","og:image:width":640,"og:image:height":567,"article:published_time":"2016-09-29T00:15:36+00:00","article:modified_time":"2016-09-29T00:15:36+00:00","twitter:card":"summary_large_image","twitter:title":"\u00bfC\u00f3mo mejorar la gesti\u00f3n de mi almac\u00e9n? | El Digital de Asturias","twitter:description":"Las compa\u00f1\u00edas necesitan saber qu\u00e9 est\u00e1 pasando en su almac\u00e9n: qu\u00e9 materias primas tienen que entrar, con qu\u00e9 stock cuentan y en qu\u00e9 situaci\u00f3n se encuentra, qu\u00e9 productos tienen que salir, etc. Las herramientas de gesti\u00f3n de almac\u00e9n son soluciones que pueden aportar todas estas informaciones, facilitando las labores de gesti\u00f3n y de entrega de","twitter:image":"https:\/\/eldigitaldeasturias.com\/magazine365\/wp-content\/uploads\/2016\/09\/1474970904_Grupo_i68_logo.jpg"},"aioseo_meta_data":{"post_id":"82828","title":null,"description":null,"keywords":null,"keyphrases":null,"primary_term":null,"canonical_url":null,"og_title":null,"og_description":null,"og_object_type":"default","og_image_type":"default","og_image_url":null,"og_image_width":null,"og_image_height":null,"og_image_custom_url":null,"og_image_custom_fields":null,"og_video":null,"og_custom_url":null,"og_article_section":null,"og_article_tags":null,"twitter_use_og":false,"twitter_card":"default","twitter_image_type":"default","twitter_image_url":null,"twitter_image_custom_url":null,"twitter_image_custom_fields":null,"twitter_title":null,"twitter_description":null,"schema":{"blockGraphs":[],"customGraphs":[],"default":{"data":{"Article":[],"Course":[],"Dataset":[],"FAQPage":[],"Movie":[],"Person":[],"Product":[],"ProductReview":[],"Car":[],"Recipe":[],"Service":[],"SoftwareApplication":[],"WebPage":[]},"graphName":"","isEnabled":true},"graphs":[],"defaultGraph":"","defaultPostTypeGraph":""},"schema_type":null,"schema_type_options":null,"pillar_content":false,"robots_default":true,"robots_noindex":false,"robots_noarchive":false,"robots_nosnippet":false,"robots_nofollow":false,"robots_noimageindex":false,"robots_noodp":false,"robots_notranslate":false,"robots_max_snippet":null,"robots_max_videopreview":null,"robots_max_imagepreview":"large","priority":null,"frequency":null,"location":null,"local_seo":null,"seo_analyzer_scan_date":"2025-09-28 01:41:15","breadcrumb_settings":null,"limit_modified_date":false,"open_ai":null,"ai":null,"created":"2021-03-08 17:01:43","updated":"2025-09-28 01:41:15"},"aioseo_breadcrumb":"<div class=\"aioseo-breadcrumbs\"><span class=\"aioseo-breadcrumb\">\n\t<a href=\"https:\/\/eldigitaldeasturias.com\/magazine365\" title=\"Home\">Home<\/a>\n<\/span><span class=\"aioseo-breadcrumb-separator\">\u2013<\/span><span class=\"aioseo-breadcrumb\">\n\t<a href=\"https:\/\/eldigitaldeasturias.com\/magazine365\/category\/noticias-actualidad\/\" title=\"Noticias y Actualidad\">Noticias y Actualidad<\/a>\n<\/span><span class=\"aioseo-breadcrumb-separator\">\u2013<\/span><span class=\"aioseo-breadcrumb\">\n\t<a href=\"https:\/\/eldigitaldeasturias.com\/magazine365\/como-mejorar-la-gestion-de-mi-almacen\/\" title=\"\u00bfC\u00f3mo mejorar la gesti\u00f3n de mi almac\u00e9n?\">\u00bfC\u00f3mo mejorar la gesti\u00f3n de mi almac\u00e9n?<\/a>\n<\/span><\/div>","aioseo_breadcrumb_json":[{"label":"Home","link":"https:\/\/eldigitaldeasturias.com\/magazine365"},{"label":"Noticias y Actualidad","link":"https:\/\/eldigitaldeasturias.com\/magazine365\/category\/noticias-actualidad\/"},{"label":"\u00bfC\u00f3mo mejorar la gesti\u00f3n de mi almac\u00e9n?","link":"https:\/\/eldigitaldeasturias.com\/magazine365\/como-mejorar-la-gestion-de-mi-almacen\/"}],"_links":{"self":[{"href":"https:\/\/eldigitaldeasturias.com\/magazine365\/wp-json\/wp\/v2\/posts\/82828","targetHints":{"allow":["GET"]}}],"collection":[{"href":"https:\/\/eldigitaldeasturias.com\/magazine365\/wp-json\/wp\/v2\/posts"}],"about":[{"href":"https:\/\/eldigitaldeasturias.com\/magazine365\/wp-json\/wp\/v2\/types\/post"}],"author":[{"embeddable":true,"href":"https:\/\/eldigitaldeasturias.com\/magazine365\/wp-json\/wp\/v2\/users\/1"}],"replies":[{"embeddable":true,"href":"https:\/\/eldigitaldeasturias.com\/magazine365\/wp-json\/wp\/v2\/comments?post=82828"}],"version-history":[{"count":0,"href":"https:\/\/eldigitaldeasturias.com\/magazine365\/wp-json\/wp\/v2\/posts\/82828\/revisions"}],"wp:featuredmedia":[{"embeddable":true,"href":"https:\/\/eldigitaldeasturias.com\/magazine365\/wp-json\/wp\/v2\/media\/82829"}],"wp:attachment":[{"href":"https:\/\/eldigitaldeasturias.com\/magazine365\/wp-json\/wp\/v2\/media?parent=82828"}],"wp:term":[{"taxonomy":"category","embeddable":true,"href":"https:\/\/eldigitaldeasturias.com\/magazine365\/wp-json\/wp\/v2\/categories?post=82828"},{"taxonomy":"post_tag","embeddable":true,"href":"https:\/\/eldigitaldeasturias.com\/magazine365\/wp-json\/wp\/v2\/tags?post=82828"}],"curies":[{"name":"wp","href":"https:\/\/api.w.org\/{rel}","templated":true}]}}