{"id":82808,"date":"2016-09-29T02:01:24","date_gmt":"2016-09-29T00:01:24","guid":{"rendered":"http:\/\/eldigitaldeasturias.com\/magazine365\/?p=82808"},"modified":"2016-09-29T02:01:24","modified_gmt":"2016-09-29T00:01:24","slug":"el-cielo-es-el-proximo-objetivo-de-uber","status":"publish","type":"post","link":"https:\/\/eldigitaldeasturias.com\/magazine365\/el-cielo-es-el-proximo-objetivo-de-uber\/","title":{"rendered":"El cielo es el pr\u00f3ximo objetivo de Uber"},"content":{"rendered":"<p><img fetchpriority=\"high\" decoding=\"async\" class=\"alignleft size-medium wp-image-39724\" src=\"https:\/\/eldigitaldeasturias.com\/magazine365\/wp-content\/uploads\/2015\/06\/aeropu-360x240.jpg\" alt=\"aeropu\" width=\"360\" height=\"240\" srcset=\"https:\/\/eldigitaldeasturias.com\/magazine365\/wp-content\/uploads\/2015\/06\/aeropu-360x240.jpg 360w, https:\/\/eldigitaldeasturias.com\/magazine365\/wp-content\/uploads\/2015\/06\/aeropu-650x433.jpg 650w, https:\/\/eldigitaldeasturias.com\/magazine365\/wp-content\/uploads\/2015\/06\/aeropu-768x512.jpg 768w, https:\/\/eldigitaldeasturias.com\/magazine365\/wp-content\/uploads\/2015\/06\/aeropu-150x100.jpg 150w, https:\/\/eldigitaldeasturias.com\/magazine365\/wp-content\/uploads\/2015\/06\/aeropu-450x300.jpg 450w, https:\/\/eldigitaldeasturias.com\/magazine365\/wp-content\/uploads\/2015\/06\/aeropu-696x464.jpg 696w, https:\/\/eldigitaldeasturias.com\/magazine365\/wp-content\/uploads\/2015\/06\/aeropu-630x420.jpg 630w, https:\/\/eldigitaldeasturias.com\/magazine365\/wp-content\/uploads\/2015\/06\/aeropu-84x55.jpg 84w, https:\/\/eldigitaldeasturias.com\/magazine365\/wp-content\/uploads\/2015\/06\/aeropu.jpg 800w\" sizes=\"(max-width: 360px) 100vw, 360px\" \/>Uber se ha tomado muy en serio su papel como compa\u00f1\u00eda que busca revolucionar la forma en que nos transportamos, algo que empez\u00f3 con una plataforma colaborativa entre particulares y que ahora ha dado un salto importante hacia el desarrollo del coche aut\u00f3nomo. Pero la innovaci\u00f3n no termina all\u00ed, ya que Uber tiene un nuevo y ambicioso proyecto: transporte privado por medio de aeronaves VTOL.<\/p>\n<p>La tecnolog\u00eda VTOL (vertical take-off and landing) se caracteriza por presentarnos aeronaves con despegue y aterrizaje vertical, de la cual ya hemos visto desarrollos creados por DARPA y compa\u00f1\u00edas privadas como el caso del llamado &#8216;drone gigante&#8217; EHang 184. Ahora Uber busca aprovechar esta tecnolog\u00eda para llevar su servicio a las nubes.<\/p>\n<p><strong>El cielo es el pr\u00f3ximo objetivo de Uber<\/strong><\/p>\n<p>Este fin de semana durante la Conferencia Nantucket, Jeff Holden, jefe de producto en Uber, confirm\u00f3 que la compa\u00f1\u00eda ha empezado a explorar opciones para incorporar aeronaves VTOL a su servicio, con lo que ser\u00edan capaces de proporcionar transporte en ciudades con alta densidad de poblaci\u00f3n, principalmente para mover gente entre el trabajo y sus hogares.<\/p>\n<p>Holden apunta a que este servicio podr\u00eda estar disponible en 10 a\u00f1os, sin embargo, est\u00e1 consciente que el tema de la regulaci\u00f3n a un servicio de este tipo podr\u00eda retrasar las cosas, ya que aqu\u00ed intervendr\u00eda la FAA, que es conocida por ser muy estricta en cuanto al uso del espacio a\u00e9reo en Estados Unidos.<\/p>\n<p>Proyecto Vahana<\/p>\n<p>El proyecto no s\u00f3lo consiste en aeronaves que lleven y traigan gente, sino que tambi\u00e9n incorporar\u00edan un sistema de pilotaje aut\u00f3nomo, para lo que necesitan una empresa fiable que pueda desarrollar el veh\u00edculo y la tecnolog\u00eda necesaria, y es aqu\u00ed donde surge el nombre de Airbus, compa\u00f1\u00eda que desde inicios de este 2016 est\u00e1 colaborando con Uber para su servicio de helic\u00f3pteros.<\/p>\n<p>Airbus seria el socio que busca Uber para su servicio de taxis a\u00e9reos aut\u00f3nomos, ya que hay que recordar que el fabricante europeo present\u00f3 hace unos d\u00edas su proyecto Vahana, el cual consist\u00eda precisamente en taxis a\u00e9reos aut\u00f3nomos que apuntan a estar listos en 10 a\u00f1os, algo que coincide curiosamente tanto en escala de tiempo como en objetivos con lo planteado por Uber.<\/p>\n<p><em>La noticia El pr\u00f3ximo gran proyecto de Uber apunta hacia &#8216;taxis a\u00e9reos aut\u00f3nomos&#8217; de la mano de Airbus fue publicada originalmente en Xataka por Ra\u00fal \u00c1lvarez .<\/em><\/p>\n<p>COMUNICAE<\/p>\n","protected":false},"excerpt":{"rendered":"<p>Uber se ha tomado muy en serio su papel como compa\u00f1\u00eda que busca revolucionar la forma en que nos transportamos, algo que empez\u00f3 con una plataforma colaborativa entre particulares y que ahora ha dado un salto importante hacia el desarrollo del coche aut\u00f3nomo. Pero la innovaci\u00f3n no termina all\u00ed, ya que Uber tiene un nuevo<\/p>\n","protected":false},"author":1,"featured_media":44646,"comment_status":"open","ping_status":"closed","sticky":false,"template":"","format":"standard","meta":{"footnotes":""},"categories":[224],"tags":[],"class_list":{"0":"post-82808","1":"post","2":"type-post","3":"status-publish","4":"format-standard","5":"has-post-thumbnail","7":"category-noticias-actualidad"},"aioseo_notices":[],"aioseo_head":"\n\t\t<!-- All in One SEO Pro 4.9.6.1 - aioseo.com -->\n\t<meta name=\"description\" content=\"Uber se ha tomado muy en serio su papel como compa\u00f1\u00eda que busca revolucionar la forma en que nos transportamos, algo que empez\u00f3 con una plataforma colaborativa entre particulares y que ahora ha dado un salto importante hacia el desarrollo del coche aut\u00f3nomo. Pero la innovaci\u00f3n no termina all\u00ed, ya que Uber tiene un nuevo\" \/>\n\t<meta name=\"robots\" content=\"max-image-preview:large\" \/>\n\t<meta name=\"author\" content=\"admin\"\/>\n\t<meta name=\"google-site-verification\" content=\"UA-38556648-1\" \/>\n\t<meta name=\"keywords\" content=\"noticias y actualidad\" \/>\n\t<link rel=\"canonical\" href=\"https:\/\/eldigitaldeasturias.com\/magazine365\/el-cielo-es-el-proximo-objetivo-de-uber\/\" \/>\n\t<meta name=\"generator\" content=\"All in One SEO Pro (AIOSEO) 4.9.6.1\" \/>\n\t\t<meta property=\"og:locale\" content=\"es_ES\" \/>\n\t\t<meta property=\"og:site_name\" content=\"El Digital de Asturias \u2013 Revista de ocio, turismo y estilo de vida\" \/>\n\t\t<meta property=\"og:type\" content=\"article\" \/>\n\t\t<meta property=\"og:title\" content=\"El cielo es el pr\u00f3ximo objetivo de Uber | El Digital de Asturias\" \/>\n\t\t<meta property=\"og:description\" content=\"Uber se ha tomado muy en serio su papel como compa\u00f1\u00eda que busca revolucionar la forma en que nos transportamos, algo que empez\u00f3 con una plataforma colaborativa entre particulares y que ahora ha dado un salto importante hacia el desarrollo del coche aut\u00f3nomo. Pero la innovaci\u00f3n no termina all\u00ed, ya que Uber tiene un nuevo\" \/>\n\t\t<meta property=\"og:url\" content=\"https:\/\/eldigitaldeasturias.com\/magazine365\/el-cielo-es-el-proximo-objetivo-de-uber\/\" \/>\n\t\t<meta property=\"og:image\" content=\"https:\/\/eldigitaldeasturias.com\/magazine365\/wp-content\/uploads\/2015\/08\/aeropuerto.jpg\" \/>\n\t\t<meta property=\"og:image:secure_url\" content=\"https:\/\/eldigitaldeasturias.com\/magazine365\/wp-content\/uploads\/2015\/08\/aeropuerto.jpg\" \/>\n\t\t<meta property=\"og:image:width\" content=\"800\" \/>\n\t\t<meta property=\"og:image:height\" content=\"532\" \/>\n\t\t<meta property=\"article:published_time\" content=\"2016-09-29T00:01:24+00:00\" \/>\n\t\t<meta property=\"article:modified_time\" content=\"2016-09-29T00:01:24+00:00\" \/>\n\t\t<meta name=\"twitter:card\" content=\"summary_large_image\" \/>\n\t\t<meta name=\"twitter:title\" content=\"El cielo es el pr\u00f3ximo objetivo de Uber | El Digital de Asturias\" \/>\n\t\t<meta name=\"twitter:description\" content=\"Uber se ha tomado muy en serio su papel como compa\u00f1\u00eda que busca revolucionar la forma en que nos transportamos, algo que empez\u00f3 con una plataforma colaborativa entre particulares y que ahora ha dado un salto importante hacia el desarrollo del coche aut\u00f3nomo. Pero la innovaci\u00f3n no termina all\u00ed, ya que Uber tiene un nuevo\" \/>\n\t\t<meta name=\"twitter:image\" content=\"https:\/\/eldigitaldeasturias.com\/magazine365\/wp-content\/uploads\/2015\/08\/aeropuerto.jpg\" \/>\n\t\t<script type=\"application\/ld+json\" class=\"aioseo-schema\">\n\t\t\t{\"@context\":\"https:\\\/\\\/schema.org\",\"@graph\":[{\"@type\":\"Article\",\"@id\":\"https:\\\/\\\/eldigitaldeasturias.com\\\/magazine365\\\/el-cielo-es-el-proximo-objetivo-de-uber\\\/#article\",\"name\":\"El cielo es el pr\\u00f3ximo objetivo de Uber | El Digital de Asturias\",\"headline\":\"El cielo es el pr\\u00f3ximo objetivo de Uber\",\"author\":{\"@id\":\"https:\\\/\\\/eldigitaldeasturias.com\\\/magazine365\\\/author\\\/admin\\\/#author\"},\"publisher\":{\"@id\":\"https:\\\/\\\/eldigitaldeasturias.com\\\/magazine365\\\/#organization\"},\"image\":{\"@type\":\"ImageObject\",\"url\":\"https:\\\/\\\/eldigitaldeasturias.com\\\/magazine365\\\/wp-content\\\/uploads\\\/2015\\\/08\\\/aeropuerto.jpg\",\"width\":800,\"height\":532},\"datePublished\":\"2016-09-29T02:01:24+02:00\",\"dateModified\":\"2016-09-29T02:01:24+02:00\",\"inLanguage\":\"es-ES\",\"mainEntityOfPage\":{\"@id\":\"https:\\\/\\\/eldigitaldeasturias.com\\\/magazine365\\\/el-cielo-es-el-proximo-objetivo-de-uber\\\/#webpage\"},\"isPartOf\":{\"@id\":\"https:\\\/\\\/eldigitaldeasturias.com\\\/magazine365\\\/el-cielo-es-el-proximo-objetivo-de-uber\\\/#webpage\"},\"articleSection\":\"Noticias y Actualidad\"},{\"@type\":\"BreadcrumbList\",\"@id\":\"https:\\\/\\\/eldigitaldeasturias.com\\\/magazine365\\\/el-cielo-es-el-proximo-objetivo-de-uber\\\/#breadcrumblist\",\"itemListElement\":[{\"@type\":\"ListItem\",\"@id\":\"https:\\\/\\\/eldigitaldeasturias.com\\\/magazine365#listItem\",\"position\":1,\"name\":\"Home\",\"item\":\"https:\\\/\\\/eldigitaldeasturias.com\\\/magazine365\",\"nextItem\":{\"@type\":\"ListItem\",\"@id\":\"https:\\\/\\\/eldigitaldeasturias.com\\\/magazine365\\\/category\\\/noticias-actualidad\\\/#listItem\",\"name\":\"Noticias y Actualidad\"}},{\"@type\":\"ListItem\",\"@id\":\"https:\\\/\\\/eldigitaldeasturias.com\\\/magazine365\\\/category\\\/noticias-actualidad\\\/#listItem\",\"position\":2,\"name\":\"Noticias y Actualidad\",\"item\":\"https:\\\/\\\/eldigitaldeasturias.com\\\/magazine365\\\/category\\\/noticias-actualidad\\\/\",\"nextItem\":{\"@type\":\"ListItem\",\"@id\":\"https:\\\/\\\/eldigitaldeasturias.com\\\/magazine365\\\/el-cielo-es-el-proximo-objetivo-de-uber\\\/#listItem\",\"name\":\"El cielo es el pr\\u00f3ximo objetivo de Uber\"},\"previousItem\":{\"@type\":\"ListItem\",\"@id\":\"https:\\\/\\\/eldigitaldeasturias.com\\\/magazine365#listItem\",\"name\":\"Home\"}},{\"@type\":\"ListItem\",\"@id\":\"https:\\\/\\\/eldigitaldeasturias.com\\\/magazine365\\\/el-cielo-es-el-proximo-objetivo-de-uber\\\/#listItem\",\"position\":3,\"name\":\"El cielo es el pr\\u00f3ximo objetivo de Uber\",\"previousItem\":{\"@type\":\"ListItem\",\"@id\":\"https:\\\/\\\/eldigitaldeasturias.com\\\/magazine365\\\/category\\\/noticias-actualidad\\\/#listItem\",\"name\":\"Noticias y Actualidad\"}}]},{\"@type\":\"Organization\",\"@id\":\"https:\\\/\\\/eldigitaldeasturias.com\\\/magazine365\\\/#organization\",\"name\":\"El digital de Asturias\",\"description\":\"Revista de ocio, turismo y estilo de vida\",\"url\":\"https:\\\/\\\/eldigitaldeasturias.com\\\/magazine365\\\/\",\"logo\":{\"@type\":\"ImageObject\",\"url\":\"https:\\\/\\\/www.eldigitaldeasturias.com\\\/noticias\\\/wp-content\\\/uploads\\\/2020\\\/12\\\/EDA.jpg\",\"@id\":\"https:\\\/\\\/eldigitaldeasturias.com\\\/magazine365\\\/el-cielo-es-el-proximo-objetivo-de-uber\\\/#organizationLogo\"},\"image\":{\"@id\":\"https:\\\/\\\/eldigitaldeasturias.com\\\/magazine365\\\/el-cielo-es-el-proximo-objetivo-de-uber\\\/#organizationLogo\"}},{\"@type\":\"Person\",\"@id\":\"https:\\\/\\\/eldigitaldeasturias.com\\\/magazine365\\\/author\\\/admin\\\/#author\",\"url\":\"https:\\\/\\\/eldigitaldeasturias.com\\\/magazine365\\\/author\\\/admin\\\/\",\"name\":\"admin\",\"image\":{\"@type\":\"ImageObject\",\"@id\":\"https:\\\/\\\/eldigitaldeasturias.com\\\/magazine365\\\/el-cielo-es-el-proximo-objetivo-de-uber\\\/#authorImage\",\"url\":\"https:\\\/\\\/eldigitaldeasturias.com\\\/magazine365\\\/wp-content\\\/litespeed\\\/avatar\\\/e571bcf59a0edd6fa6838245a470f2fe.jpg?ver=1776969259\",\"width\":96,\"height\":96,\"caption\":\"admin\"}},{\"@type\":\"WebPage\",\"@id\":\"https:\\\/\\\/eldigitaldeasturias.com\\\/magazine365\\\/el-cielo-es-el-proximo-objetivo-de-uber\\\/#webpage\",\"url\":\"https:\\\/\\\/eldigitaldeasturias.com\\\/magazine365\\\/el-cielo-es-el-proximo-objetivo-de-uber\\\/\",\"name\":\"El cielo es el pr\\u00f3ximo objetivo de Uber | El Digital de Asturias\",\"description\":\"Uber se ha tomado muy en serio su papel como compa\\u00f1\\u00eda que busca revolucionar la forma en que nos transportamos, algo que empez\\u00f3 con una plataforma colaborativa entre particulares y que ahora ha dado un salto importante hacia el desarrollo del coche aut\\u00f3nomo. Pero la innovaci\\u00f3n no termina all\\u00ed, ya que Uber tiene un nuevo\",\"inLanguage\":\"es-ES\",\"isPartOf\":{\"@id\":\"https:\\\/\\\/eldigitaldeasturias.com\\\/magazine365\\\/#website\"},\"breadcrumb\":{\"@id\":\"https:\\\/\\\/eldigitaldeasturias.com\\\/magazine365\\\/el-cielo-es-el-proximo-objetivo-de-uber\\\/#breadcrumblist\"},\"author\":{\"@id\":\"https:\\\/\\\/eldigitaldeasturias.com\\\/magazine365\\\/author\\\/admin\\\/#author\"},\"creator\":{\"@id\":\"https:\\\/\\\/eldigitaldeasturias.com\\\/magazine365\\\/author\\\/admin\\\/#author\"},\"image\":{\"@type\":\"ImageObject\",\"url\":\"https:\\\/\\\/eldigitaldeasturias.com\\\/magazine365\\\/wp-content\\\/uploads\\\/2015\\\/08\\\/aeropuerto.jpg\",\"@id\":\"https:\\\/\\\/eldigitaldeasturias.com\\\/magazine365\\\/el-cielo-es-el-proximo-objetivo-de-uber\\\/#mainImage\",\"width\":800,\"height\":532},\"primaryImageOfPage\":{\"@id\":\"https:\\\/\\\/eldigitaldeasturias.com\\\/magazine365\\\/el-cielo-es-el-proximo-objetivo-de-uber\\\/#mainImage\"},\"datePublished\":\"2016-09-29T02:01:24+02:00\",\"dateModified\":\"2016-09-29T02:01:24+02:00\"},{\"@type\":\"WebSite\",\"@id\":\"https:\\\/\\\/eldigitaldeasturias.com\\\/magazine365\\\/#website\",\"url\":\"https:\\\/\\\/eldigitaldeasturias.com\\\/magazine365\\\/\",\"name\":\"El Digital de Asturias\",\"description\":\"Revista de ocio, turismo y estilo de vida\",\"inLanguage\":\"es-ES\",\"publisher\":{\"@id\":\"https:\\\/\\\/eldigitaldeasturias.com\\\/magazine365\\\/#organization\"}}]}\n\t\t<\/script>\n\t\t<!-- All in One SEO Pro -->\r\n\t\t<title>El cielo es el pr\u00f3ximo objetivo de Uber | El Digital de Asturias<\/title>\n\n","aioseo_head_json":{"title":"El cielo es el pr\u00f3ximo objetivo de Uber | El Digital de Asturias","description":"Uber se ha tomado muy en serio su papel como compa\u00f1\u00eda que busca revolucionar la forma en que nos transportamos, algo que empez\u00f3 con una plataforma colaborativa entre particulares y que ahora ha dado un salto importante hacia el desarrollo del coche aut\u00f3nomo. Pero la innovaci\u00f3n no termina all\u00ed, ya que Uber tiene un nuevo","canonical_url":"https:\/\/eldigitaldeasturias.com\/magazine365\/el-cielo-es-el-proximo-objetivo-de-uber\/","robots":"max-image-preview:large","keywords":"noticias y actualidad","webmasterTools":{"google-site-verification":"UA-38556648-1","miscellaneous":""},"schema":{"@context":"https:\/\/schema.org","@graph":[{"@type":"Article","@id":"https:\/\/eldigitaldeasturias.com\/magazine365\/el-cielo-es-el-proximo-objetivo-de-uber\/#article","name":"El cielo es el pr\u00f3ximo objetivo de Uber | El Digital de Asturias","headline":"El cielo es el pr\u00f3ximo objetivo de Uber","author":{"@id":"https:\/\/eldigitaldeasturias.com\/magazine365\/author\/admin\/#author"},"publisher":{"@id":"https:\/\/eldigitaldeasturias.com\/magazine365\/#organization"},"image":{"@type":"ImageObject","url":"https:\/\/eldigitaldeasturias.com\/magazine365\/wp-content\/uploads\/2015\/08\/aeropuerto.jpg","width":800,"height":532},"datePublished":"2016-09-29T02:01:24+02:00","dateModified":"2016-09-29T02:01:24+02:00","inLanguage":"es-ES","mainEntityOfPage":{"@id":"https:\/\/eldigitaldeasturias.com\/magazine365\/el-cielo-es-el-proximo-objetivo-de-uber\/#webpage"},"isPartOf":{"@id":"https:\/\/eldigitaldeasturias.com\/magazine365\/el-cielo-es-el-proximo-objetivo-de-uber\/#webpage"},"articleSection":"Noticias y Actualidad"},{"@type":"BreadcrumbList","@id":"https:\/\/eldigitaldeasturias.com\/magazine365\/el-cielo-es-el-proximo-objetivo-de-uber\/#breadcrumblist","itemListElement":[{"@type":"ListItem","@id":"https:\/\/eldigitaldeasturias.com\/magazine365#listItem","position":1,"name":"Home","item":"https:\/\/eldigitaldeasturias.com\/magazine365","nextItem":{"@type":"ListItem","@id":"https:\/\/eldigitaldeasturias.com\/magazine365\/category\/noticias-actualidad\/#listItem","name":"Noticias y Actualidad"}},{"@type":"ListItem","@id":"https:\/\/eldigitaldeasturias.com\/magazine365\/category\/noticias-actualidad\/#listItem","position":2,"name":"Noticias y Actualidad","item":"https:\/\/eldigitaldeasturias.com\/magazine365\/category\/noticias-actualidad\/","nextItem":{"@type":"ListItem","@id":"https:\/\/eldigitaldeasturias.com\/magazine365\/el-cielo-es-el-proximo-objetivo-de-uber\/#listItem","name":"El cielo es el pr\u00f3ximo objetivo de Uber"},"previousItem":{"@type":"ListItem","@id":"https:\/\/eldigitaldeasturias.com\/magazine365#listItem","name":"Home"}},{"@type":"ListItem","@id":"https:\/\/eldigitaldeasturias.com\/magazine365\/el-cielo-es-el-proximo-objetivo-de-uber\/#listItem","position":3,"name":"El cielo es el pr\u00f3ximo objetivo de Uber","previousItem":{"@type":"ListItem","@id":"https:\/\/eldigitaldeasturias.com\/magazine365\/category\/noticias-actualidad\/#listItem","name":"Noticias y Actualidad"}}]},{"@type":"Organization","@id":"https:\/\/eldigitaldeasturias.com\/magazine365\/#organization","name":"El digital de Asturias","description":"Revista de ocio, turismo y estilo de vida","url":"https:\/\/eldigitaldeasturias.com\/magazine365\/","logo":{"@type":"ImageObject","url":"https:\/\/www.eldigitaldeasturias.com\/noticias\/wp-content\/uploads\/2020\/12\/EDA.jpg","@id":"https:\/\/eldigitaldeasturias.com\/magazine365\/el-cielo-es-el-proximo-objetivo-de-uber\/#organizationLogo"},"image":{"@id":"https:\/\/eldigitaldeasturias.com\/magazine365\/el-cielo-es-el-proximo-objetivo-de-uber\/#organizationLogo"}},{"@type":"Person","@id":"https:\/\/eldigitaldeasturias.com\/magazine365\/author\/admin\/#author","url":"https:\/\/eldigitaldeasturias.com\/magazine365\/author\/admin\/","name":"admin","image":{"@type":"ImageObject","@id":"https:\/\/eldigitaldeasturias.com\/magazine365\/el-cielo-es-el-proximo-objetivo-de-uber\/#authorImage","url":"https:\/\/eldigitaldeasturias.com\/magazine365\/wp-content\/litespeed\/avatar\/e571bcf59a0edd6fa6838245a470f2fe.jpg?ver=1776969259","width":96,"height":96,"caption":"admin"}},{"@type":"WebPage","@id":"https:\/\/eldigitaldeasturias.com\/magazine365\/el-cielo-es-el-proximo-objetivo-de-uber\/#webpage","url":"https:\/\/eldigitaldeasturias.com\/magazine365\/el-cielo-es-el-proximo-objetivo-de-uber\/","name":"El cielo es el pr\u00f3ximo objetivo de Uber | El Digital de Asturias","description":"Uber se ha tomado muy en serio su papel como compa\u00f1\u00eda que busca revolucionar la forma en que nos transportamos, algo que empez\u00f3 con una plataforma colaborativa entre particulares y que ahora ha dado un salto importante hacia el desarrollo del coche aut\u00f3nomo. Pero la innovaci\u00f3n no termina all\u00ed, ya que Uber tiene un nuevo","inLanguage":"es-ES","isPartOf":{"@id":"https:\/\/eldigitaldeasturias.com\/magazine365\/#website"},"breadcrumb":{"@id":"https:\/\/eldigitaldeasturias.com\/magazine365\/el-cielo-es-el-proximo-objetivo-de-uber\/#breadcrumblist"},"author":{"@id":"https:\/\/eldigitaldeasturias.com\/magazine365\/author\/admin\/#author"},"creator":{"@id":"https:\/\/eldigitaldeasturias.com\/magazine365\/author\/admin\/#author"},"image":{"@type":"ImageObject","url":"https:\/\/eldigitaldeasturias.com\/magazine365\/wp-content\/uploads\/2015\/08\/aeropuerto.jpg","@id":"https:\/\/eldigitaldeasturias.com\/magazine365\/el-cielo-es-el-proximo-objetivo-de-uber\/#mainImage","width":800,"height":532},"primaryImageOfPage":{"@id":"https:\/\/eldigitaldeasturias.com\/magazine365\/el-cielo-es-el-proximo-objetivo-de-uber\/#mainImage"},"datePublished":"2016-09-29T02:01:24+02:00","dateModified":"2016-09-29T02:01:24+02:00"},{"@type":"WebSite","@id":"https:\/\/eldigitaldeasturias.com\/magazine365\/#website","url":"https:\/\/eldigitaldeasturias.com\/magazine365\/","name":"El Digital de Asturias","description":"Revista de ocio, turismo y estilo de vida","inLanguage":"es-ES","publisher":{"@id":"https:\/\/eldigitaldeasturias.com\/magazine365\/#organization"}}]},"og:locale":"es_ES","og:site_name":"El Digital de Asturias \u2013 Revista de ocio, turismo y estilo de vida","og:type":"article","og:title":"El cielo es el pr\u00f3ximo objetivo de Uber | El Digital de Asturias","og:description":"Uber se ha tomado muy en serio su papel como compa\u00f1\u00eda que busca revolucionar la forma en que nos transportamos, algo que empez\u00f3 con una plataforma colaborativa entre particulares y que ahora ha dado un salto importante hacia el desarrollo del coche aut\u00f3nomo. Pero la innovaci\u00f3n no termina all\u00ed, ya que Uber tiene un nuevo","og:url":"https:\/\/eldigitaldeasturias.com\/magazine365\/el-cielo-es-el-proximo-objetivo-de-uber\/","og:image":"https:\/\/eldigitaldeasturias.com\/magazine365\/wp-content\/uploads\/2015\/08\/aeropuerto.jpg","og:image:secure_url":"https:\/\/eldigitaldeasturias.com\/magazine365\/wp-content\/uploads\/2015\/08\/aeropuerto.jpg","og:image:width":800,"og:image:height":532,"article:published_time":"2016-09-29T00:01:24+00:00","article:modified_time":"2016-09-29T00:01:24+00:00","twitter:card":"summary_large_image","twitter:title":"El cielo es el pr\u00f3ximo objetivo de Uber | El Digital de Asturias","twitter:description":"Uber se ha tomado muy en serio su papel como compa\u00f1\u00eda que busca revolucionar la forma en que nos transportamos, algo que empez\u00f3 con una plataforma colaborativa entre particulares y que ahora ha dado un salto importante hacia el desarrollo del coche aut\u00f3nomo. Pero la innovaci\u00f3n no termina all\u00ed, ya que Uber tiene un nuevo","twitter:image":"https:\/\/eldigitaldeasturias.com\/magazine365\/wp-content\/uploads\/2015\/08\/aeropuerto.jpg"},"aioseo_meta_data":{"post_id":"82808","title":null,"description":null,"keywords":null,"keyphrases":null,"primary_term":null,"canonical_url":null,"og_title":null,"og_description":null,"og_object_type":"default","og_image_type":"default","og_image_url":null,"og_image_width":null,"og_image_height":null,"og_image_custom_url":null,"og_image_custom_fields":null,"og_video":null,"og_custom_url":null,"og_article_section":null,"og_article_tags":null,"twitter_use_og":false,"twitter_card":"default","twitter_image_type":"default","twitter_image_url":null,"twitter_image_custom_url":null,"twitter_image_custom_fields":null,"twitter_title":null,"twitter_description":null,"schema":{"blockGraphs":[],"customGraphs":[],"default":{"data":{"Article":[],"Course":[],"Dataset":[],"FAQPage":[],"Movie":[],"Person":[],"Product":[],"ProductReview":[],"Car":[],"Recipe":[],"Service":[],"SoftwareApplication":[],"WebPage":[]},"graphName":"","isEnabled":true},"graphs":[],"defaultGraph":"","defaultPostTypeGraph":""},"schema_type":null,"schema_type_options":null,"pillar_content":false,"robots_default":true,"robots_noindex":false,"robots_noarchive":false,"robots_nosnippet":false,"robots_nofollow":false,"robots_noimageindex":false,"robots_noodp":false,"robots_notranslate":false,"robots_max_snippet":null,"robots_max_videopreview":null,"robots_max_imagepreview":"large","priority":null,"frequency":null,"location":null,"local_seo":null,"seo_analyzer_scan_date":"2025-09-28 01:39:13","breadcrumb_settings":null,"limit_modified_date":false,"open_ai":null,"ai":null,"created":"2021-03-08 17:01:43","updated":"2025-09-28 01:39:13"},"aioseo_breadcrumb":"<div class=\"aioseo-breadcrumbs\"><span class=\"aioseo-breadcrumb\">\n\t<a href=\"https:\/\/eldigitaldeasturias.com\/magazine365\" title=\"Home\">Home<\/a>\n<\/span><span class=\"aioseo-breadcrumb-separator\">\u2013<\/span><span class=\"aioseo-breadcrumb\">\n\t<a href=\"https:\/\/eldigitaldeasturias.com\/magazine365\/category\/noticias-actualidad\/\" title=\"Noticias y Actualidad\">Noticias y Actualidad<\/a>\n<\/span><span class=\"aioseo-breadcrumb-separator\">\u2013<\/span><span class=\"aioseo-breadcrumb\">\n\t<a href=\"https:\/\/eldigitaldeasturias.com\/magazine365\/el-cielo-es-el-proximo-objetivo-de-uber\/\" title=\"El cielo es el pr\u00f3ximo objetivo de Uber\">El cielo es el pr\u00f3ximo objetivo de Uber<\/a>\n<\/span><\/div>","aioseo_breadcrumb_json":[{"label":"Home","link":"https:\/\/eldigitaldeasturias.com\/magazine365"},{"label":"Noticias y Actualidad","link":"https:\/\/eldigitaldeasturias.com\/magazine365\/category\/noticias-actualidad\/"},{"label":"El cielo es el pr\u00f3ximo objetivo de Uber","link":"https:\/\/eldigitaldeasturias.com\/magazine365\/el-cielo-es-el-proximo-objetivo-de-uber\/"}],"_links":{"self":[{"href":"https:\/\/eldigitaldeasturias.com\/magazine365\/wp-json\/wp\/v2\/posts\/82808","targetHints":{"allow":["GET"]}}],"collection":[{"href":"https:\/\/eldigitaldeasturias.com\/magazine365\/wp-json\/wp\/v2\/posts"}],"about":[{"href":"https:\/\/eldigitaldeasturias.com\/magazine365\/wp-json\/wp\/v2\/types\/post"}],"author":[{"embeddable":true,"href":"https:\/\/eldigitaldeasturias.com\/magazine365\/wp-json\/wp\/v2\/users\/1"}],"replies":[{"embeddable":true,"href":"https:\/\/eldigitaldeasturias.com\/magazine365\/wp-json\/wp\/v2\/comments?post=82808"}],"version-history":[{"count":0,"href":"https:\/\/eldigitaldeasturias.com\/magazine365\/wp-json\/wp\/v2\/posts\/82808\/revisions"}],"wp:featuredmedia":[{"embeddable":true,"href":"https:\/\/eldigitaldeasturias.com\/magazine365\/wp-json\/wp\/v2\/media\/44646"}],"wp:attachment":[{"href":"https:\/\/eldigitaldeasturias.com\/magazine365\/wp-json\/wp\/v2\/media?parent=82808"}],"wp:term":[{"taxonomy":"category","embeddable":true,"href":"https:\/\/eldigitaldeasturias.com\/magazine365\/wp-json\/wp\/v2\/categories?post=82808"},{"taxonomy":"post_tag","embeddable":true,"href":"https:\/\/eldigitaldeasturias.com\/magazine365\/wp-json\/wp\/v2\/tags?post=82808"}],"curies":[{"name":"wp","href":"https:\/\/api.w.org\/{rel}","templated":true}]}}