{"id":82689,"date":"2016-09-11T15:07:16","date_gmt":"2016-09-11T13:07:16","guid":{"rendered":"http:\/\/eldigitaldeasturias.com\/magazine365\/?p=82689"},"modified":"2016-09-11T15:07:16","modified_gmt":"2016-09-11T13:07:16","slug":"edp-destina-un-millon-de-euros-en-becas-para-175-alumnos-de-la-universidad-de-oviedo","status":"publish","type":"post","link":"https:\/\/eldigitaldeasturias.com\/magazine365\/edp-destina-un-millon-de-euros-en-becas-para-175-alumnos-de-la-universidad-de-oviedo\/","title":{"rendered":"EDP destina un mill\u00f3n de euros en becas para 175 alumnos de la Universidad de Oviedo"},"content":{"rendered":"<p><img fetchpriority=\"high\" decoding=\"async\" class=\"alignleft size-medium wp-image-82690\" src=\"https:\/\/eldigitaldeasturias.com\/magazine365\/wp-content\/uploads\/2016\/09\/fotonoticia_20160909120407_800-360x240.jpg\" alt=\"fotonoticia_20160909120407_800\" width=\"360\" height=\"240\" srcset=\"https:\/\/eldigitaldeasturias.com\/magazine365\/wp-content\/uploads\/2016\/09\/fotonoticia_20160909120407_800-360x240.jpg 360w, https:\/\/eldigitaldeasturias.com\/magazine365\/wp-content\/uploads\/2016\/09\/fotonoticia_20160909120407_800-650x433.jpg 650w, https:\/\/eldigitaldeasturias.com\/magazine365\/wp-content\/uploads\/2016\/09\/fotonoticia_20160909120407_800-768x512.jpg 768w, https:\/\/eldigitaldeasturias.com\/magazine365\/wp-content\/uploads\/2016\/09\/fotonoticia_20160909120407_800-150x100.jpg 150w, https:\/\/eldigitaldeasturias.com\/magazine365\/wp-content\/uploads\/2016\/09\/fotonoticia_20160909120407_800-450x300.jpg 450w, https:\/\/eldigitaldeasturias.com\/magazine365\/wp-content\/uploads\/2016\/09\/fotonoticia_20160909120407_800-101x66.jpg 101w, https:\/\/eldigitaldeasturias.com\/magazine365\/wp-content\/uploads\/2016\/09\/fotonoticia_20160909120407_800.jpg 800w\" sizes=\"(max-width: 360px) 100vw, 360px\" \/>La Fundaci\u00f3n EDP destina un mill\u00f3n de euros a su programa de becas al que podr\u00e1n optar un total de 175 alumnos de la Universidad de Oviedo. El programa est\u00e1 dirigido a aquellos estudiantes que quieran realizar pr\u00e1cticas formativas en las instalaciones y dependencias de EDP.<\/p>\n<p>En una nota, desde la Fundaci\u00f3n de la compa\u00f1\u00eda el\u00e9ctrica ha explicado que los alumnos interesados pueden realizar las solicitudes del 12 al 19 de septiembre, a trav\u00e9s de la aplicaci\u00f3n de pr\u00e1cticas de la p\u00e1gina web de la Universidad de Oviedo.<\/p>\n<p>Este programa de becas de la Fundaci\u00f3n EDP est\u00e1 abierto a alumnos de 34 especialidades de distintas Facultades y Escuelas, as\u00ed como a aquellos que est\u00e1n cursando un m\u00e1ster universitario. Entre las titulaciones figuran Ingenier\u00eda El\u00e9ctrica, Comercio y Marketing, Qu\u00edmica o Derecho.<\/p>\n<p>Las becas, fruto del convenio suscrito con la Universidad de Oviedo, est\u00e1n dotadas con 2.170 euros y tienen una duraci\u00f3n de seis meses prorrogables. El periodo formativo comenzar\u00e1 en el mes de octubre, con la incorporaci\u00f3n de cada alumno al centro de trabajo adjudicado. Las pr\u00e1cticas se desarrollar\u00e1n en todas las \u00e1reas de la compa\u00f1\u00eda.<\/p>\n<p>El pasado curso 2015-2016 se incorporaron alumnos de m\u00e1s de 30 especialidades, entre las que destacan las titulaciones de Administraci\u00f3n y Direcci\u00f3n de Empresas y de Ingenier\u00eda Industrial, con 60 y 30 alumnos, respectivamente.<\/p>\n<p>Adem\u00e1s del convenio con la Universidad de Oviedo, la Fundaci\u00f3n EDP ha firmado acuerdos con universidades y escuelas espa\u00f1olas de otras comunidades. As\u00ed, cada a\u00f1o se incorporan m\u00e1s de 20 alumnos a los centros de trabajo de Madrid, Barcelona, La Coru\u00f1a, Valencia y Zaragoza.<\/p>\n<p>&nbsp;<\/p>\n","protected":false},"excerpt":{"rendered":"<p>La Fundaci\u00f3n EDP destina un mill\u00f3n de euros a su programa de becas al que podr\u00e1n optar un total de 175 alumnos de la Universidad de Oviedo. El programa est\u00e1 dirigido a aquellos estudiantes que quieran realizar pr\u00e1cticas formativas en las instalaciones y dependencias de EDP. En una nota, desde la Fundaci\u00f3n de la compa\u00f1\u00eda<\/p>\n","protected":false},"author":1,"featured_media":82690,"comment_status":"open","ping_status":"closed","sticky":false,"template":"","format":"standard","meta":{"footnotes":""},"categories":[224],"tags":[],"class_list":{"0":"post-82689","1":"post","2":"type-post","3":"status-publish","4":"format-standard","5":"has-post-thumbnail","7":"category-noticias-actualidad"},"aioseo_notices":[],"aioseo_head":"\n\t\t<!-- All in One SEO Pro 4.9.6.1 - aioseo.com -->\n\t<meta name=\"description\" content=\"La Fundaci\u00f3n EDP destina un mill\u00f3n de euros a su programa de becas al que podr\u00e1n optar un total de 175 alumnos de la Universidad de Oviedo. El programa est\u00e1 dirigido a aquellos estudiantes que quieran realizar pr\u00e1cticas formativas en las instalaciones y dependencias de EDP. En una nota, desde la Fundaci\u00f3n de la compa\u00f1\u00eda\" \/>\n\t<meta name=\"robots\" content=\"max-image-preview:large\" \/>\n\t<meta name=\"author\" content=\"admin\"\/>\n\t<meta name=\"google-site-verification\" content=\"UA-38556648-1\" \/>\n\t<meta name=\"keywords\" content=\"noticias y actualidad\" \/>\n\t<link rel=\"canonical\" href=\"https:\/\/eldigitaldeasturias.com\/magazine365\/edp-destina-un-millon-de-euros-en-becas-para-175-alumnos-de-la-universidad-de-oviedo\/\" \/>\n\t<meta name=\"generator\" content=\"All in One SEO Pro (AIOSEO) 4.9.6.1\" \/>\n\t\t<meta property=\"og:locale\" content=\"es_ES\" \/>\n\t\t<meta property=\"og:site_name\" content=\"El Digital de Asturias \u2013 Revista de ocio, turismo y estilo de vida\" \/>\n\t\t<meta property=\"og:type\" content=\"article\" \/>\n\t\t<meta property=\"og:title\" content=\"EDP destina un mill\u00f3n de euros en becas para 175 alumnos de la Universidad de Oviedo | El Digital de Asturias\" \/>\n\t\t<meta property=\"og:description\" content=\"La Fundaci\u00f3n EDP destina un mill\u00f3n de euros a su programa de becas al que podr\u00e1n optar un total de 175 alumnos de la Universidad de Oviedo. El programa est\u00e1 dirigido a aquellos estudiantes que quieran realizar pr\u00e1cticas formativas en las instalaciones y dependencias de EDP. En una nota, desde la Fundaci\u00f3n de la compa\u00f1\u00eda\" \/>\n\t\t<meta property=\"og:url\" content=\"https:\/\/eldigitaldeasturias.com\/magazine365\/edp-destina-un-millon-de-euros-en-becas-para-175-alumnos-de-la-universidad-de-oviedo\/\" \/>\n\t\t<meta property=\"og:image\" content=\"https:\/\/eldigitaldeasturias.com\/magazine365\/wp-content\/uploads\/2016\/09\/fotonoticia_20160909120407_800.jpg\" \/>\n\t\t<meta property=\"og:image:secure_url\" content=\"https:\/\/eldigitaldeasturias.com\/magazine365\/wp-content\/uploads\/2016\/09\/fotonoticia_20160909120407_800.jpg\" \/>\n\t\t<meta property=\"og:image:width\" content=\"800\" \/>\n\t\t<meta property=\"og:image:height\" content=\"533\" \/>\n\t\t<meta property=\"article:published_time\" content=\"2016-09-11T13:07:16+00:00\" \/>\n\t\t<meta property=\"article:modified_time\" content=\"2016-09-11T13:07:16+00:00\" \/>\n\t\t<meta name=\"twitter:card\" content=\"summary_large_image\" \/>\n\t\t<meta name=\"twitter:title\" content=\"EDP destina un mill\u00f3n de euros en becas para 175 alumnos de la Universidad de Oviedo | El Digital de Asturias\" \/>\n\t\t<meta name=\"twitter:description\" content=\"La Fundaci\u00f3n EDP destina un mill\u00f3n de euros a su programa de becas al que podr\u00e1n optar un total de 175 alumnos de la Universidad de Oviedo. El programa est\u00e1 dirigido a aquellos estudiantes que quieran realizar pr\u00e1cticas formativas en las instalaciones y dependencias de EDP. En una nota, desde la Fundaci\u00f3n de la compa\u00f1\u00eda\" \/>\n\t\t<meta name=\"twitter:image\" content=\"https:\/\/eldigitaldeasturias.com\/magazine365\/wp-content\/uploads\/2016\/09\/fotonoticia_20160909120407_800.jpg\" \/>\n\t\t<script type=\"application\/ld+json\" class=\"aioseo-schema\">\n\t\t\t{\"@context\":\"https:\\\/\\\/schema.org\",\"@graph\":[{\"@type\":\"Article\",\"@id\":\"https:\\\/\\\/eldigitaldeasturias.com\\\/magazine365\\\/edp-destina-un-millon-de-euros-en-becas-para-175-alumnos-de-la-universidad-de-oviedo\\\/#article\",\"name\":\"EDP destina un mill\\u00f3n de euros en becas para 175 alumnos de la Universidad de Oviedo | El Digital de Asturias\",\"headline\":\"EDP destina un mill\\u00f3n de euros en becas para 175 alumnos de la Universidad de Oviedo\",\"author\":{\"@id\":\"https:\\\/\\\/eldigitaldeasturias.com\\\/magazine365\\\/author\\\/admin\\\/#author\"},\"publisher\":{\"@id\":\"https:\\\/\\\/eldigitaldeasturias.com\\\/magazine365\\\/#organization\"},\"image\":{\"@type\":\"ImageObject\",\"url\":\"https:\\\/\\\/eldigitaldeasturias.com\\\/magazine365\\\/wp-content\\\/uploads\\\/2016\\\/09\\\/fotonoticia_20160909120407_800.jpg\",\"width\":800,\"height\":533},\"datePublished\":\"2016-09-11T15:07:16+02:00\",\"dateModified\":\"2016-09-11T15:07:16+02:00\",\"inLanguage\":\"es-ES\",\"mainEntityOfPage\":{\"@id\":\"https:\\\/\\\/eldigitaldeasturias.com\\\/magazine365\\\/edp-destina-un-millon-de-euros-en-becas-para-175-alumnos-de-la-universidad-de-oviedo\\\/#webpage\"},\"isPartOf\":{\"@id\":\"https:\\\/\\\/eldigitaldeasturias.com\\\/magazine365\\\/edp-destina-un-millon-de-euros-en-becas-para-175-alumnos-de-la-universidad-de-oviedo\\\/#webpage\"},\"articleSection\":\"Noticias y Actualidad\"},{\"@type\":\"BreadcrumbList\",\"@id\":\"https:\\\/\\\/eldigitaldeasturias.com\\\/magazine365\\\/edp-destina-un-millon-de-euros-en-becas-para-175-alumnos-de-la-universidad-de-oviedo\\\/#breadcrumblist\",\"itemListElement\":[{\"@type\":\"ListItem\",\"@id\":\"https:\\\/\\\/eldigitaldeasturias.com\\\/magazine365#listItem\",\"position\":1,\"name\":\"Home\",\"item\":\"https:\\\/\\\/eldigitaldeasturias.com\\\/magazine365\",\"nextItem\":{\"@type\":\"ListItem\",\"@id\":\"https:\\\/\\\/eldigitaldeasturias.com\\\/magazine365\\\/category\\\/noticias-actualidad\\\/#listItem\",\"name\":\"Noticias y Actualidad\"}},{\"@type\":\"ListItem\",\"@id\":\"https:\\\/\\\/eldigitaldeasturias.com\\\/magazine365\\\/category\\\/noticias-actualidad\\\/#listItem\",\"position\":2,\"name\":\"Noticias y Actualidad\",\"item\":\"https:\\\/\\\/eldigitaldeasturias.com\\\/magazine365\\\/category\\\/noticias-actualidad\\\/\",\"nextItem\":{\"@type\":\"ListItem\",\"@id\":\"https:\\\/\\\/eldigitaldeasturias.com\\\/magazine365\\\/edp-destina-un-millon-de-euros-en-becas-para-175-alumnos-de-la-universidad-de-oviedo\\\/#listItem\",\"name\":\"EDP destina un mill\\u00f3n de euros en becas para 175 alumnos de la Universidad de Oviedo\"},\"previousItem\":{\"@type\":\"ListItem\",\"@id\":\"https:\\\/\\\/eldigitaldeasturias.com\\\/magazine365#listItem\",\"name\":\"Home\"}},{\"@type\":\"ListItem\",\"@id\":\"https:\\\/\\\/eldigitaldeasturias.com\\\/magazine365\\\/edp-destina-un-millon-de-euros-en-becas-para-175-alumnos-de-la-universidad-de-oviedo\\\/#listItem\",\"position\":3,\"name\":\"EDP destina un mill\\u00f3n de euros en becas para 175 alumnos de la Universidad de Oviedo\",\"previousItem\":{\"@type\":\"ListItem\",\"@id\":\"https:\\\/\\\/eldigitaldeasturias.com\\\/magazine365\\\/category\\\/noticias-actualidad\\\/#listItem\",\"name\":\"Noticias y Actualidad\"}}]},{\"@type\":\"Organization\",\"@id\":\"https:\\\/\\\/eldigitaldeasturias.com\\\/magazine365\\\/#organization\",\"name\":\"El digital de Asturias\",\"description\":\"Revista de ocio, turismo y estilo de vida\",\"url\":\"https:\\\/\\\/eldigitaldeasturias.com\\\/magazine365\\\/\",\"logo\":{\"@type\":\"ImageObject\",\"url\":\"https:\\\/\\\/www.eldigitaldeasturias.com\\\/noticias\\\/wp-content\\\/uploads\\\/2020\\\/12\\\/EDA.jpg\",\"@id\":\"https:\\\/\\\/eldigitaldeasturias.com\\\/magazine365\\\/edp-destina-un-millon-de-euros-en-becas-para-175-alumnos-de-la-universidad-de-oviedo\\\/#organizationLogo\"},\"image\":{\"@id\":\"https:\\\/\\\/eldigitaldeasturias.com\\\/magazine365\\\/edp-destina-un-millon-de-euros-en-becas-para-175-alumnos-de-la-universidad-de-oviedo\\\/#organizationLogo\"}},{\"@type\":\"Person\",\"@id\":\"https:\\\/\\\/eldigitaldeasturias.com\\\/magazine365\\\/author\\\/admin\\\/#author\",\"url\":\"https:\\\/\\\/eldigitaldeasturias.com\\\/magazine365\\\/author\\\/admin\\\/\",\"name\":\"admin\",\"image\":{\"@type\":\"ImageObject\",\"@id\":\"https:\\\/\\\/eldigitaldeasturias.com\\\/magazine365\\\/edp-destina-un-millon-de-euros-en-becas-para-175-alumnos-de-la-universidad-de-oviedo\\\/#authorImage\",\"url\":\"https:\\\/\\\/eldigitaldeasturias.com\\\/magazine365\\\/wp-content\\\/litespeed\\\/avatar\\\/e571bcf59a0edd6fa6838245a470f2fe.jpg?ver=1776969259\",\"width\":96,\"height\":96,\"caption\":\"admin\"}},{\"@type\":\"WebPage\",\"@id\":\"https:\\\/\\\/eldigitaldeasturias.com\\\/magazine365\\\/edp-destina-un-millon-de-euros-en-becas-para-175-alumnos-de-la-universidad-de-oviedo\\\/#webpage\",\"url\":\"https:\\\/\\\/eldigitaldeasturias.com\\\/magazine365\\\/edp-destina-un-millon-de-euros-en-becas-para-175-alumnos-de-la-universidad-de-oviedo\\\/\",\"name\":\"EDP destina un mill\\u00f3n de euros en becas para 175 alumnos de la Universidad de Oviedo | El Digital de Asturias\",\"description\":\"La Fundaci\\u00f3n EDP destina un mill\\u00f3n de euros a su programa de becas al que podr\\u00e1n optar un total de 175 alumnos de la Universidad de Oviedo. El programa est\\u00e1 dirigido a aquellos estudiantes que quieran realizar pr\\u00e1cticas formativas en las instalaciones y dependencias de EDP. En una nota, desde la Fundaci\\u00f3n de la compa\\u00f1\\u00eda\",\"inLanguage\":\"es-ES\",\"isPartOf\":{\"@id\":\"https:\\\/\\\/eldigitaldeasturias.com\\\/magazine365\\\/#website\"},\"breadcrumb\":{\"@id\":\"https:\\\/\\\/eldigitaldeasturias.com\\\/magazine365\\\/edp-destina-un-millon-de-euros-en-becas-para-175-alumnos-de-la-universidad-de-oviedo\\\/#breadcrumblist\"},\"author\":{\"@id\":\"https:\\\/\\\/eldigitaldeasturias.com\\\/magazine365\\\/author\\\/admin\\\/#author\"},\"creator\":{\"@id\":\"https:\\\/\\\/eldigitaldeasturias.com\\\/magazine365\\\/author\\\/admin\\\/#author\"},\"image\":{\"@type\":\"ImageObject\",\"url\":\"https:\\\/\\\/eldigitaldeasturias.com\\\/magazine365\\\/wp-content\\\/uploads\\\/2016\\\/09\\\/fotonoticia_20160909120407_800.jpg\",\"@id\":\"https:\\\/\\\/eldigitaldeasturias.com\\\/magazine365\\\/edp-destina-un-millon-de-euros-en-becas-para-175-alumnos-de-la-universidad-de-oviedo\\\/#mainImage\",\"width\":800,\"height\":533},\"primaryImageOfPage\":{\"@id\":\"https:\\\/\\\/eldigitaldeasturias.com\\\/magazine365\\\/edp-destina-un-millon-de-euros-en-becas-para-175-alumnos-de-la-universidad-de-oviedo\\\/#mainImage\"},\"datePublished\":\"2016-09-11T15:07:16+02:00\",\"dateModified\":\"2016-09-11T15:07:16+02:00\"},{\"@type\":\"WebSite\",\"@id\":\"https:\\\/\\\/eldigitaldeasturias.com\\\/magazine365\\\/#website\",\"url\":\"https:\\\/\\\/eldigitaldeasturias.com\\\/magazine365\\\/\",\"name\":\"El Digital de Asturias\",\"description\":\"Revista de ocio, turismo y estilo de vida\",\"inLanguage\":\"es-ES\",\"publisher\":{\"@id\":\"https:\\\/\\\/eldigitaldeasturias.com\\\/magazine365\\\/#organization\"}}]}\n\t\t<\/script>\n\t\t<!-- All in One SEO Pro -->\r\n\t\t<title>EDP destina un mill\u00f3n de euros en becas para 175 alumnos de la Universidad de Oviedo | El Digital de Asturias<\/title>\n\n","aioseo_head_json":{"title":"EDP destina un mill\u00f3n de euros en becas para 175 alumnos de la Universidad de Oviedo | El Digital de Asturias","description":"La Fundaci\u00f3n EDP destina un mill\u00f3n de euros a su programa de becas al que podr\u00e1n optar un total de 175 alumnos de la Universidad de Oviedo. El programa est\u00e1 dirigido a aquellos estudiantes que quieran realizar pr\u00e1cticas formativas en las instalaciones y dependencias de EDP. En una nota, desde la Fundaci\u00f3n de la compa\u00f1\u00eda","canonical_url":"https:\/\/eldigitaldeasturias.com\/magazine365\/edp-destina-un-millon-de-euros-en-becas-para-175-alumnos-de-la-universidad-de-oviedo\/","robots":"max-image-preview:large","keywords":"noticias y actualidad","webmasterTools":{"google-site-verification":"UA-38556648-1","miscellaneous":""},"schema":{"@context":"https:\/\/schema.org","@graph":[{"@type":"Article","@id":"https:\/\/eldigitaldeasturias.com\/magazine365\/edp-destina-un-millon-de-euros-en-becas-para-175-alumnos-de-la-universidad-de-oviedo\/#article","name":"EDP destina un mill\u00f3n de euros en becas para 175 alumnos de la Universidad de Oviedo | El Digital de Asturias","headline":"EDP destina un mill\u00f3n de euros en becas para 175 alumnos de la Universidad de Oviedo","author":{"@id":"https:\/\/eldigitaldeasturias.com\/magazine365\/author\/admin\/#author"},"publisher":{"@id":"https:\/\/eldigitaldeasturias.com\/magazine365\/#organization"},"image":{"@type":"ImageObject","url":"https:\/\/eldigitaldeasturias.com\/magazine365\/wp-content\/uploads\/2016\/09\/fotonoticia_20160909120407_800.jpg","width":800,"height":533},"datePublished":"2016-09-11T15:07:16+02:00","dateModified":"2016-09-11T15:07:16+02:00","inLanguage":"es-ES","mainEntityOfPage":{"@id":"https:\/\/eldigitaldeasturias.com\/magazine365\/edp-destina-un-millon-de-euros-en-becas-para-175-alumnos-de-la-universidad-de-oviedo\/#webpage"},"isPartOf":{"@id":"https:\/\/eldigitaldeasturias.com\/magazine365\/edp-destina-un-millon-de-euros-en-becas-para-175-alumnos-de-la-universidad-de-oviedo\/#webpage"},"articleSection":"Noticias y Actualidad"},{"@type":"BreadcrumbList","@id":"https:\/\/eldigitaldeasturias.com\/magazine365\/edp-destina-un-millon-de-euros-en-becas-para-175-alumnos-de-la-universidad-de-oviedo\/#breadcrumblist","itemListElement":[{"@type":"ListItem","@id":"https:\/\/eldigitaldeasturias.com\/magazine365#listItem","position":1,"name":"Home","item":"https:\/\/eldigitaldeasturias.com\/magazine365","nextItem":{"@type":"ListItem","@id":"https:\/\/eldigitaldeasturias.com\/magazine365\/category\/noticias-actualidad\/#listItem","name":"Noticias y Actualidad"}},{"@type":"ListItem","@id":"https:\/\/eldigitaldeasturias.com\/magazine365\/category\/noticias-actualidad\/#listItem","position":2,"name":"Noticias y Actualidad","item":"https:\/\/eldigitaldeasturias.com\/magazine365\/category\/noticias-actualidad\/","nextItem":{"@type":"ListItem","@id":"https:\/\/eldigitaldeasturias.com\/magazine365\/edp-destina-un-millon-de-euros-en-becas-para-175-alumnos-de-la-universidad-de-oviedo\/#listItem","name":"EDP destina un mill\u00f3n de euros en becas para 175 alumnos de la Universidad de Oviedo"},"previousItem":{"@type":"ListItem","@id":"https:\/\/eldigitaldeasturias.com\/magazine365#listItem","name":"Home"}},{"@type":"ListItem","@id":"https:\/\/eldigitaldeasturias.com\/magazine365\/edp-destina-un-millon-de-euros-en-becas-para-175-alumnos-de-la-universidad-de-oviedo\/#listItem","position":3,"name":"EDP destina un mill\u00f3n de euros en becas para 175 alumnos de la Universidad de Oviedo","previousItem":{"@type":"ListItem","@id":"https:\/\/eldigitaldeasturias.com\/magazine365\/category\/noticias-actualidad\/#listItem","name":"Noticias y Actualidad"}}]},{"@type":"Organization","@id":"https:\/\/eldigitaldeasturias.com\/magazine365\/#organization","name":"El digital de Asturias","description":"Revista de ocio, turismo y estilo de vida","url":"https:\/\/eldigitaldeasturias.com\/magazine365\/","logo":{"@type":"ImageObject","url":"https:\/\/www.eldigitaldeasturias.com\/noticias\/wp-content\/uploads\/2020\/12\/EDA.jpg","@id":"https:\/\/eldigitaldeasturias.com\/magazine365\/edp-destina-un-millon-de-euros-en-becas-para-175-alumnos-de-la-universidad-de-oviedo\/#organizationLogo"},"image":{"@id":"https:\/\/eldigitaldeasturias.com\/magazine365\/edp-destina-un-millon-de-euros-en-becas-para-175-alumnos-de-la-universidad-de-oviedo\/#organizationLogo"}},{"@type":"Person","@id":"https:\/\/eldigitaldeasturias.com\/magazine365\/author\/admin\/#author","url":"https:\/\/eldigitaldeasturias.com\/magazine365\/author\/admin\/","name":"admin","image":{"@type":"ImageObject","@id":"https:\/\/eldigitaldeasturias.com\/magazine365\/edp-destina-un-millon-de-euros-en-becas-para-175-alumnos-de-la-universidad-de-oviedo\/#authorImage","url":"https:\/\/eldigitaldeasturias.com\/magazine365\/wp-content\/litespeed\/avatar\/e571bcf59a0edd6fa6838245a470f2fe.jpg?ver=1776969259","width":96,"height":96,"caption":"admin"}},{"@type":"WebPage","@id":"https:\/\/eldigitaldeasturias.com\/magazine365\/edp-destina-un-millon-de-euros-en-becas-para-175-alumnos-de-la-universidad-de-oviedo\/#webpage","url":"https:\/\/eldigitaldeasturias.com\/magazine365\/edp-destina-un-millon-de-euros-en-becas-para-175-alumnos-de-la-universidad-de-oviedo\/","name":"EDP destina un mill\u00f3n de euros en becas para 175 alumnos de la Universidad de Oviedo | El Digital de Asturias","description":"La Fundaci\u00f3n EDP destina un mill\u00f3n de euros a su programa de becas al que podr\u00e1n optar un total de 175 alumnos de la Universidad de Oviedo. El programa est\u00e1 dirigido a aquellos estudiantes que quieran realizar pr\u00e1cticas formativas en las instalaciones y dependencias de EDP. En una nota, desde la Fundaci\u00f3n de la compa\u00f1\u00eda","inLanguage":"es-ES","isPartOf":{"@id":"https:\/\/eldigitaldeasturias.com\/magazine365\/#website"},"breadcrumb":{"@id":"https:\/\/eldigitaldeasturias.com\/magazine365\/edp-destina-un-millon-de-euros-en-becas-para-175-alumnos-de-la-universidad-de-oviedo\/#breadcrumblist"},"author":{"@id":"https:\/\/eldigitaldeasturias.com\/magazine365\/author\/admin\/#author"},"creator":{"@id":"https:\/\/eldigitaldeasturias.com\/magazine365\/author\/admin\/#author"},"image":{"@type":"ImageObject","url":"https:\/\/eldigitaldeasturias.com\/magazine365\/wp-content\/uploads\/2016\/09\/fotonoticia_20160909120407_800.jpg","@id":"https:\/\/eldigitaldeasturias.com\/magazine365\/edp-destina-un-millon-de-euros-en-becas-para-175-alumnos-de-la-universidad-de-oviedo\/#mainImage","width":800,"height":533},"primaryImageOfPage":{"@id":"https:\/\/eldigitaldeasturias.com\/magazine365\/edp-destina-un-millon-de-euros-en-becas-para-175-alumnos-de-la-universidad-de-oviedo\/#mainImage"},"datePublished":"2016-09-11T15:07:16+02:00","dateModified":"2016-09-11T15:07:16+02:00"},{"@type":"WebSite","@id":"https:\/\/eldigitaldeasturias.com\/magazine365\/#website","url":"https:\/\/eldigitaldeasturias.com\/magazine365\/","name":"El Digital de Asturias","description":"Revista de ocio, turismo y estilo de vida","inLanguage":"es-ES","publisher":{"@id":"https:\/\/eldigitaldeasturias.com\/magazine365\/#organization"}}]},"og:locale":"es_ES","og:site_name":"El Digital de Asturias \u2013 Revista de ocio, turismo y estilo de vida","og:type":"article","og:title":"EDP destina un mill\u00f3n de euros en becas para 175 alumnos de la Universidad de Oviedo | El Digital de Asturias","og:description":"La Fundaci\u00f3n EDP destina un mill\u00f3n de euros a su programa de becas al que podr\u00e1n optar un total de 175 alumnos de la Universidad de Oviedo. El programa est\u00e1 dirigido a aquellos estudiantes que quieran realizar pr\u00e1cticas formativas en las instalaciones y dependencias de EDP. En una nota, desde la Fundaci\u00f3n de la compa\u00f1\u00eda","og:url":"https:\/\/eldigitaldeasturias.com\/magazine365\/edp-destina-un-millon-de-euros-en-becas-para-175-alumnos-de-la-universidad-de-oviedo\/","og:image":"https:\/\/eldigitaldeasturias.com\/magazine365\/wp-content\/uploads\/2016\/09\/fotonoticia_20160909120407_800.jpg","og:image:secure_url":"https:\/\/eldigitaldeasturias.com\/magazine365\/wp-content\/uploads\/2016\/09\/fotonoticia_20160909120407_800.jpg","og:image:width":800,"og:image:height":533,"article:published_time":"2016-09-11T13:07:16+00:00","article:modified_time":"2016-09-11T13:07:16+00:00","twitter:card":"summary_large_image","twitter:title":"EDP destina un mill\u00f3n de euros en becas para 175 alumnos de la Universidad de Oviedo | El Digital de Asturias","twitter:description":"La Fundaci\u00f3n EDP destina un mill\u00f3n de euros a su programa de becas al que podr\u00e1n optar un total de 175 alumnos de la Universidad de Oviedo. El programa est\u00e1 dirigido a aquellos estudiantes que quieran realizar pr\u00e1cticas formativas en las instalaciones y dependencias de EDP. En una nota, desde la Fundaci\u00f3n de la compa\u00f1\u00eda","twitter:image":"https:\/\/eldigitaldeasturias.com\/magazine365\/wp-content\/uploads\/2016\/09\/fotonoticia_20160909120407_800.jpg"},"aioseo_meta_data":{"post_id":"82689","title":null,"description":null,"keywords":null,"keyphrases":null,"primary_term":null,"canonical_url":null,"og_title":null,"og_description":null,"og_object_type":"default","og_image_type":"default","og_image_url":null,"og_image_width":null,"og_image_height":null,"og_image_custom_url":null,"og_image_custom_fields":null,"og_video":null,"og_custom_url":null,"og_article_section":null,"og_article_tags":null,"twitter_use_og":false,"twitter_card":"default","twitter_image_type":"default","twitter_image_url":null,"twitter_image_custom_url":null,"twitter_image_custom_fields":null,"twitter_title":null,"twitter_description":null,"schema":{"blockGraphs":[],"customGraphs":[],"default":{"data":{"Article":[],"Course":[],"Dataset":[],"FAQPage":[],"Movie":[],"Person":[],"Product":[],"ProductReview":[],"Car":[],"Recipe":[],"Service":[],"SoftwareApplication":[],"WebPage":[]},"graphName":"","isEnabled":true},"graphs":[],"defaultGraph":"","defaultPostTypeGraph":""},"schema_type":null,"schema_type_options":null,"pillar_content":false,"robots_default":true,"robots_noindex":false,"robots_noarchive":false,"robots_nosnippet":false,"robots_nofollow":false,"robots_noimageindex":false,"robots_noodp":false,"robots_notranslate":false,"robots_max_snippet":null,"robots_max_videopreview":null,"robots_max_imagepreview":"large","priority":null,"frequency":null,"location":null,"local_seo":null,"seo_analyzer_scan_date":"2025-09-28 01:21:16","breadcrumb_settings":null,"limit_modified_date":false,"open_ai":null,"ai":null,"created":"2021-03-08 17:04:20","updated":"2025-09-28 01:21:16"},"aioseo_breadcrumb":"<div class=\"aioseo-breadcrumbs\"><span class=\"aioseo-breadcrumb\">\n\t<a href=\"https:\/\/eldigitaldeasturias.com\/magazine365\" title=\"Home\">Home<\/a>\n<\/span><span class=\"aioseo-breadcrumb-separator\">\u2013<\/span><span class=\"aioseo-breadcrumb\">\n\t<a href=\"https:\/\/eldigitaldeasturias.com\/magazine365\/category\/noticias-actualidad\/\" title=\"Noticias y Actualidad\">Noticias y Actualidad<\/a>\n<\/span><span class=\"aioseo-breadcrumb-separator\">\u2013<\/span><span class=\"aioseo-breadcrumb\">\n\t<a href=\"https:\/\/eldigitaldeasturias.com\/magazine365\/edp-destina-un-millon-de-euros-en-becas-para-175-alumnos-de-la-universidad-de-oviedo\/\" title=\"EDP destina un mill\u00f3n de euros en becas para 175 alumnos de la Universidad de Oviedo\">EDP destina un mill\u00f3n de euros en becas para 175 alumnos de la Universidad de Oviedo<\/a>\n<\/span><\/div>","aioseo_breadcrumb_json":[{"label":"Home","link":"https:\/\/eldigitaldeasturias.com\/magazine365"},{"label":"Noticias y Actualidad","link":"https:\/\/eldigitaldeasturias.com\/magazine365\/category\/noticias-actualidad\/"},{"label":"EDP destina un mill\u00f3n de euros en becas para 175 alumnos de la Universidad de Oviedo","link":"https:\/\/eldigitaldeasturias.com\/magazine365\/edp-destina-un-millon-de-euros-en-becas-para-175-alumnos-de-la-universidad-de-oviedo\/"}],"_links":{"self":[{"href":"https:\/\/eldigitaldeasturias.com\/magazine365\/wp-json\/wp\/v2\/posts\/82689","targetHints":{"allow":["GET"]}}],"collection":[{"href":"https:\/\/eldigitaldeasturias.com\/magazine365\/wp-json\/wp\/v2\/posts"}],"about":[{"href":"https:\/\/eldigitaldeasturias.com\/magazine365\/wp-json\/wp\/v2\/types\/post"}],"author":[{"embeddable":true,"href":"https:\/\/eldigitaldeasturias.com\/magazine365\/wp-json\/wp\/v2\/users\/1"}],"replies":[{"embeddable":true,"href":"https:\/\/eldigitaldeasturias.com\/magazine365\/wp-json\/wp\/v2\/comments?post=82689"}],"version-history":[{"count":0,"href":"https:\/\/eldigitaldeasturias.com\/magazine365\/wp-json\/wp\/v2\/posts\/82689\/revisions"}],"wp:featuredmedia":[{"embeddable":true,"href":"https:\/\/eldigitaldeasturias.com\/magazine365\/wp-json\/wp\/v2\/media\/82690"}],"wp:attachment":[{"href":"https:\/\/eldigitaldeasturias.com\/magazine365\/wp-json\/wp\/v2\/media?parent=82689"}],"wp:term":[{"taxonomy":"category","embeddable":true,"href":"https:\/\/eldigitaldeasturias.com\/magazine365\/wp-json\/wp\/v2\/categories?post=82689"},{"taxonomy":"post_tag","embeddable":true,"href":"https:\/\/eldigitaldeasturias.com\/magazine365\/wp-json\/wp\/v2\/tags?post=82689"}],"curies":[{"name":"wp","href":"https:\/\/api.w.org\/{rel}","templated":true}]}}