{"id":82631,"date":"2016-09-10T10:09:24","date_gmt":"2016-09-10T08:09:24","guid":{"rendered":"http:\/\/eldigitaldeasturias.com\/magazine365\/?p=82631"},"modified":"2016-09-10T10:09:24","modified_gmt":"2016-09-10T08:09:24","slug":"274km-celebran-6-anos-en-el-sector","status":"publish","type":"post","link":"https:\/\/eldigitaldeasturias.com\/magazine365\/274km-celebran-6-anos-en-el-sector\/","title":{"rendered":"274km celebran 6 a\u00f1os en el sector"},"content":{"rendered":"<p><img fetchpriority=\"high\" decoding=\"async\" class=\"alignleft size-medium wp-image-82632\" src=\"https:\/\/eldigitaldeasturias.com\/magazine365\/wp-content\/uploads\/2016\/09\/1473173338_160701_9702p-360x240.jpg\" alt=\"1473173338_160701_9702p\" width=\"360\" height=\"240\" srcset=\"https:\/\/eldigitaldeasturias.com\/magazine365\/wp-content\/uploads\/2016\/09\/1473173338_160701_9702p-360x240.jpg 360w, https:\/\/eldigitaldeasturias.com\/magazine365\/wp-content\/uploads\/2016\/09\/1473173338_160701_9702p-650x433.jpg 650w, https:\/\/eldigitaldeasturias.com\/magazine365\/wp-content\/uploads\/2016\/09\/1473173338_160701_9702p-768x512.jpg 768w, https:\/\/eldigitaldeasturias.com\/magazine365\/wp-content\/uploads\/2016\/09\/1473173338_160701_9702p-150x100.jpg 150w, https:\/\/eldigitaldeasturias.com\/magazine365\/wp-content\/uploads\/2016\/09\/1473173338_160701_9702p-450x300.jpg 450w, https:\/\/eldigitaldeasturias.com\/magazine365\/wp-content\/uploads\/2016\/09\/1473173338_160701_9702p-101x66.jpg 101w, https:\/\/eldigitaldeasturias.com\/magazine365\/wp-content\/uploads\/2016\/09\/1473173338_160701_9702p.jpg 800w\" sizes=\"(max-width: 360px) 100vw, 360px\" \/>Ahora, tras 6 a\u00f1os haciendo fotograf\u00edas de muy diversos tipos, quieren agradecer a sus clientes la confianza puesta en su trabajo y recordar que pueden realizar cualquier retrato, as\u00ed como distintos reportajes fotogr\u00e1ficos que cuentan historias de amor, familia y muchos otros episodios de la vida que merece la pena recordar.<\/p>\n<p>La empresa est\u00e1 formada por cuatro fot\u00f3grafos profesionales a los que les encanta lo que hacen. Y se nota. Gala es el alma de la fiesta, capaz de arrancar una sonrisa a todo el mundo para conseguir la pose m\u00e1s natural y que se comporten casi como profesionales. Ra\u00fal y Sergio son los expertos en bodas, el primero altern\u00e1ndose como fot\u00f3grafo principal con Gala y Sergio haciendo de apoyo en todos los reportajes. Y Cristina, especialista en fotograf\u00edas de los primeros momentos de los ni\u00f1os que acaban de venir al mundo.<\/p>\n<p><strong>Expertos en reportajes de ni\u00f1os y familia<\/strong><\/p>\n<p>Algunos de los trabajos en los que se han centrado estos fot\u00f3grafos a lo largo de su carrera tienen que ver con los m\u00e1s peque\u00f1os de la casa. Desde antes del nacimiento, mientras a\u00fan est\u00e1n en la barriga de sus mam\u00e1s hasta que tienen unos cuantos a\u00f1os, lo ni\u00f1os se muestran tal y como son, naturales al m\u00e1ximo. Por ello, una sesi\u00f3n de fotos para reci\u00e9n nacidos es perfecta para que los padres tengan un recuerdo de sus primeros d\u00edas de vida y empiecen a llenar el \u00e1lbum familiar.<\/p>\n<p>Otra de las tareas en las que han trabajado a lo largo de estos a\u00f1os han sido los reportajes de familia, algunos de los cuales se pueden encontrar aqu\u00ed y que demuestran que todo el mundo puede convertirse en modelo por un d\u00eda, incluso aunque piense que no es fotog\u00e9nico o que no sabe posar. El ambiente que generan detr\u00e1s de la c\u00e1mara se refleja en los rostros de cada miembro. Desde fotos de embarazadas hasta reportajes con las mascotas m\u00e1s queridas, el cat\u00e1logo de ejemplos que pueden mostrar en 274km es tan amplio que abarca cualquier idea que se pueda tener. Todo con profesionalidad y un sentido de la responsabilidad que destaca la importancia que le dan a cada una de las tareas que se les encargan.<\/p>\n<p>Hacen tambi\u00e9n sesiones fotogr\u00e1ficas de beb\u00e9s, adapt\u00e1ndose a las caracter\u00edsticas de estos, ya que al aguantar menos tiempo posando se necesita un experto en fotograf\u00eda infantil para conseguir buenos resultados. Gala disfruta tanto con los ni\u00f1os que ellos mismos lo notan y se muestran naturales, logrando que la magia y la diversi\u00f3n rodee incluso las escenas m\u00e1s cotidianas.<\/p>\n<p><strong>Mucho m\u00e1s que reportajes de boda<\/strong><\/p>\n<p>Uno de los eventos a los que m\u00e1s se recurre a fot\u00f3grafos son las bodas. Todo el mundo quiere tener un reportaje con el que recordar ese d\u00eda y mostrar a las visitas cuando se reciben en casa. En 274km quieren ser m\u00e1s que fot\u00f3grafos para bodas y acompa\u00f1ar a los novios mientras muestran a todo el mundo lo mucho que se quieren y que quieren compartir sus vidas para siempre. Reflejar en una imagen esos sentimientos solo lo pueden hacer los ojos expertos de alguien que lleva tiempo detr\u00e1s de una c\u00e1mara y que realmente disfruta capturando esos momentos que pasan desapercibidos durante la celebraci\u00f3n.<\/p>\n<p>Uno de los detalles que marcan la diferencia respecto a otro tipo de reportajes es hacer una sesi\u00f3n de fotos de preboda para parejas, un concepto innovador con el que se empieza a ganar confianza y que muestra puntos de vista diferentes pero complementarios de un episodio de la vida de dos personas que marca para siempre su destino. Un preludio perfecto para la celebraci\u00f3n que queda muy bien en el \u00e1lbum de boda y que empiezan a copiar otros estudios de fotograf\u00eda.<\/p>\n<p>Otro factor que marca la diferencia est\u00e1 en la presencia de dos fot\u00f3grafos durante la boda, uno que hace las veces de principal y se encarga de las fotograf\u00edas convencionales, casi obligatorias, y otro que se dedica a cazar momentos dignos de retratar por la naturalidad o la gracia que tienen, esas im\u00e1genes que marcan la diferencia entre un reportaje igual al resto y uno realmente personal.<\/p>\n<p><strong>En 274km disfrutan de lo que hacen y se nota<\/strong><\/p>\n<p>Este equipo de fot\u00f3grafos ha sabido posicionarse como un referente en su zona gracias a la ilusi\u00f3n y el esmero con el que hacen sus reportajes. La calidad de su trabajo, as\u00ed como un precio m\u00e1s que competitivo ha contribuido a que pasen estos 6 a\u00f1os de vida y seguro que a llegar mucho m\u00e1s all\u00e1 en el tiempo. Disfrutan de su trabajo y eso se nota en el resultado.<\/p>\n<p>FUENTE COMUNICAE<\/p>\n<p>&nbsp;<\/p>\n","protected":false},"excerpt":{"rendered":"<p>Ahora, tras 6 a\u00f1os haciendo fotograf\u00edas de muy diversos tipos, quieren agradecer a sus clientes la confianza puesta en su trabajo y recordar que pueden realizar cualquier retrato, as\u00ed como distintos reportajes fotogr\u00e1ficos que cuentan historias de amor, familia y muchos otros episodios de la vida que merece la pena recordar. La empresa est\u00e1 formada<\/p>\n","protected":false},"author":1,"featured_media":82632,"comment_status":"open","ping_status":"closed","sticky":false,"template":"","format":"standard","meta":{"footnotes":""},"categories":[224],"tags":[],"class_list":{"0":"post-82631","1":"post","2":"type-post","3":"status-publish","4":"format-standard","5":"has-post-thumbnail","7":"category-noticias-actualidad"},"aioseo_notices":[],"aioseo_head":"\n\t\t<!-- All in One SEO Pro 4.9.6.1 - aioseo.com -->\n\t<meta name=\"description\" content=\"Ahora, tras 6 a\u00f1os haciendo fotograf\u00edas de muy diversos tipos, quieren agradecer a sus clientes la confianza puesta en su trabajo y recordar que pueden realizar cualquier retrato, as\u00ed como distintos reportajes fotogr\u00e1ficos que cuentan historias de amor, familia y muchos otros episodios de la vida que merece la pena recordar. La empresa est\u00e1 formada\" \/>\n\t<meta name=\"robots\" content=\"max-image-preview:large\" \/>\n\t<meta name=\"author\" content=\"admin\"\/>\n\t<meta name=\"google-site-verification\" content=\"UA-38556648-1\" \/>\n\t<meta name=\"keywords\" content=\"noticias y actualidad\" \/>\n\t<link rel=\"canonical\" href=\"https:\/\/eldigitaldeasturias.com\/magazine365\/274km-celebran-6-anos-en-el-sector\/\" \/>\n\t<meta name=\"generator\" content=\"All in One SEO Pro (AIOSEO) 4.9.6.1\" \/>\n\t\t<meta property=\"og:locale\" content=\"es_ES\" \/>\n\t\t<meta property=\"og:site_name\" content=\"El Digital de Asturias \u2013 Revista de ocio, turismo y estilo de vida\" \/>\n\t\t<meta property=\"og:type\" content=\"article\" \/>\n\t\t<meta property=\"og:title\" content=\"274km celebran 6 a\u00f1os en el sector | El Digital de Asturias\" \/>\n\t\t<meta property=\"og:description\" content=\"Ahora, tras 6 a\u00f1os haciendo fotograf\u00edas de muy diversos tipos, quieren agradecer a sus clientes la confianza puesta en su trabajo y recordar que pueden realizar cualquier retrato, as\u00ed como distintos reportajes fotogr\u00e1ficos que cuentan historias de amor, familia y muchos otros episodios de la vida que merece la pena recordar. La empresa est\u00e1 formada\" \/>\n\t\t<meta property=\"og:url\" content=\"https:\/\/eldigitaldeasturias.com\/magazine365\/274km-celebran-6-anos-en-el-sector\/\" \/>\n\t\t<meta property=\"og:image\" content=\"https:\/\/eldigitaldeasturias.com\/magazine365\/wp-content\/uploads\/2016\/09\/1473173338_160701_9702p.jpg\" \/>\n\t\t<meta property=\"og:image:secure_url\" content=\"https:\/\/eldigitaldeasturias.com\/magazine365\/wp-content\/uploads\/2016\/09\/1473173338_160701_9702p.jpg\" \/>\n\t\t<meta property=\"og:image:width\" content=\"800\" \/>\n\t\t<meta property=\"og:image:height\" content=\"533\" \/>\n\t\t<meta property=\"article:published_time\" content=\"2016-09-10T08:09:24+00:00\" \/>\n\t\t<meta property=\"article:modified_time\" content=\"2016-09-10T08:09:24+00:00\" \/>\n\t\t<meta name=\"twitter:card\" content=\"summary_large_image\" \/>\n\t\t<meta name=\"twitter:title\" content=\"274km celebran 6 a\u00f1os en el sector | El Digital de Asturias\" \/>\n\t\t<meta name=\"twitter:description\" content=\"Ahora, tras 6 a\u00f1os haciendo fotograf\u00edas de muy diversos tipos, quieren agradecer a sus clientes la confianza puesta en su trabajo y recordar que pueden realizar cualquier retrato, as\u00ed como distintos reportajes fotogr\u00e1ficos que cuentan historias de amor, familia y muchos otros episodios de la vida que merece la pena recordar. La empresa est\u00e1 formada\" \/>\n\t\t<meta name=\"twitter:image\" content=\"https:\/\/eldigitaldeasturias.com\/magazine365\/wp-content\/uploads\/2016\/09\/1473173338_160701_9702p.jpg\" \/>\n\t\t<script type=\"application\/ld+json\" class=\"aioseo-schema\">\n\t\t\t{\"@context\":\"https:\\\/\\\/schema.org\",\"@graph\":[{\"@type\":\"Article\",\"@id\":\"https:\\\/\\\/eldigitaldeasturias.com\\\/magazine365\\\/274km-celebran-6-anos-en-el-sector\\\/#article\",\"name\":\"274km celebran 6 a\\u00f1os en el sector | El Digital de Asturias\",\"headline\":\"274km celebran 6 a\\u00f1os en el sector\",\"author\":{\"@id\":\"https:\\\/\\\/eldigitaldeasturias.com\\\/magazine365\\\/author\\\/admin\\\/#author\"},\"publisher\":{\"@id\":\"https:\\\/\\\/eldigitaldeasturias.com\\\/magazine365\\\/#organization\"},\"image\":{\"@type\":\"ImageObject\",\"url\":\"https:\\\/\\\/eldigitaldeasturias.com\\\/magazine365\\\/wp-content\\\/uploads\\\/2016\\\/09\\\/1473173338_160701_9702p.jpg\",\"width\":800,\"height\":533},\"datePublished\":\"2016-09-10T10:09:24+02:00\",\"dateModified\":\"2016-09-10T10:09:24+02:00\",\"inLanguage\":\"es-ES\",\"mainEntityOfPage\":{\"@id\":\"https:\\\/\\\/eldigitaldeasturias.com\\\/magazine365\\\/274km-celebran-6-anos-en-el-sector\\\/#webpage\"},\"isPartOf\":{\"@id\":\"https:\\\/\\\/eldigitaldeasturias.com\\\/magazine365\\\/274km-celebran-6-anos-en-el-sector\\\/#webpage\"},\"articleSection\":\"Noticias y Actualidad\"},{\"@type\":\"BreadcrumbList\",\"@id\":\"https:\\\/\\\/eldigitaldeasturias.com\\\/magazine365\\\/274km-celebran-6-anos-en-el-sector\\\/#breadcrumblist\",\"itemListElement\":[{\"@type\":\"ListItem\",\"@id\":\"https:\\\/\\\/eldigitaldeasturias.com\\\/magazine365#listItem\",\"position\":1,\"name\":\"Home\",\"item\":\"https:\\\/\\\/eldigitaldeasturias.com\\\/magazine365\",\"nextItem\":{\"@type\":\"ListItem\",\"@id\":\"https:\\\/\\\/eldigitaldeasturias.com\\\/magazine365\\\/category\\\/noticias-actualidad\\\/#listItem\",\"name\":\"Noticias y Actualidad\"}},{\"@type\":\"ListItem\",\"@id\":\"https:\\\/\\\/eldigitaldeasturias.com\\\/magazine365\\\/category\\\/noticias-actualidad\\\/#listItem\",\"position\":2,\"name\":\"Noticias y Actualidad\",\"item\":\"https:\\\/\\\/eldigitaldeasturias.com\\\/magazine365\\\/category\\\/noticias-actualidad\\\/\",\"nextItem\":{\"@type\":\"ListItem\",\"@id\":\"https:\\\/\\\/eldigitaldeasturias.com\\\/magazine365\\\/274km-celebran-6-anos-en-el-sector\\\/#listItem\",\"name\":\"274km celebran 6 a\\u00f1os en el sector\"},\"previousItem\":{\"@type\":\"ListItem\",\"@id\":\"https:\\\/\\\/eldigitaldeasturias.com\\\/magazine365#listItem\",\"name\":\"Home\"}},{\"@type\":\"ListItem\",\"@id\":\"https:\\\/\\\/eldigitaldeasturias.com\\\/magazine365\\\/274km-celebran-6-anos-en-el-sector\\\/#listItem\",\"position\":3,\"name\":\"274km celebran 6 a\\u00f1os en el sector\",\"previousItem\":{\"@type\":\"ListItem\",\"@id\":\"https:\\\/\\\/eldigitaldeasturias.com\\\/magazine365\\\/category\\\/noticias-actualidad\\\/#listItem\",\"name\":\"Noticias y Actualidad\"}}]},{\"@type\":\"Organization\",\"@id\":\"https:\\\/\\\/eldigitaldeasturias.com\\\/magazine365\\\/#organization\",\"name\":\"El digital de Asturias\",\"description\":\"Revista de ocio, turismo y estilo de vida\",\"url\":\"https:\\\/\\\/eldigitaldeasturias.com\\\/magazine365\\\/\",\"logo\":{\"@type\":\"ImageObject\",\"url\":\"https:\\\/\\\/www.eldigitaldeasturias.com\\\/noticias\\\/wp-content\\\/uploads\\\/2020\\\/12\\\/EDA.jpg\",\"@id\":\"https:\\\/\\\/eldigitaldeasturias.com\\\/magazine365\\\/274km-celebran-6-anos-en-el-sector\\\/#organizationLogo\"},\"image\":{\"@id\":\"https:\\\/\\\/eldigitaldeasturias.com\\\/magazine365\\\/274km-celebran-6-anos-en-el-sector\\\/#organizationLogo\"}},{\"@type\":\"Person\",\"@id\":\"https:\\\/\\\/eldigitaldeasturias.com\\\/magazine365\\\/author\\\/admin\\\/#author\",\"url\":\"https:\\\/\\\/eldigitaldeasturias.com\\\/magazine365\\\/author\\\/admin\\\/\",\"name\":\"admin\",\"image\":{\"@type\":\"ImageObject\",\"@id\":\"https:\\\/\\\/eldigitaldeasturias.com\\\/magazine365\\\/274km-celebran-6-anos-en-el-sector\\\/#authorImage\",\"url\":\"https:\\\/\\\/eldigitaldeasturias.com\\\/magazine365\\\/wp-content\\\/litespeed\\\/avatar\\\/e571bcf59a0edd6fa6838245a470f2fe.jpg?ver=1776969259\",\"width\":96,\"height\":96,\"caption\":\"admin\"}},{\"@type\":\"WebPage\",\"@id\":\"https:\\\/\\\/eldigitaldeasturias.com\\\/magazine365\\\/274km-celebran-6-anos-en-el-sector\\\/#webpage\",\"url\":\"https:\\\/\\\/eldigitaldeasturias.com\\\/magazine365\\\/274km-celebran-6-anos-en-el-sector\\\/\",\"name\":\"274km celebran 6 a\\u00f1os en el sector | El Digital de Asturias\",\"description\":\"Ahora, tras 6 a\\u00f1os haciendo fotograf\\u00edas de muy diversos tipos, quieren agradecer a sus clientes la confianza puesta en su trabajo y recordar que pueden realizar cualquier retrato, as\\u00ed como distintos reportajes fotogr\\u00e1ficos que cuentan historias de amor, familia y muchos otros episodios de la vida que merece la pena recordar. La empresa est\\u00e1 formada\",\"inLanguage\":\"es-ES\",\"isPartOf\":{\"@id\":\"https:\\\/\\\/eldigitaldeasturias.com\\\/magazine365\\\/#website\"},\"breadcrumb\":{\"@id\":\"https:\\\/\\\/eldigitaldeasturias.com\\\/magazine365\\\/274km-celebran-6-anos-en-el-sector\\\/#breadcrumblist\"},\"author\":{\"@id\":\"https:\\\/\\\/eldigitaldeasturias.com\\\/magazine365\\\/author\\\/admin\\\/#author\"},\"creator\":{\"@id\":\"https:\\\/\\\/eldigitaldeasturias.com\\\/magazine365\\\/author\\\/admin\\\/#author\"},\"image\":{\"@type\":\"ImageObject\",\"url\":\"https:\\\/\\\/eldigitaldeasturias.com\\\/magazine365\\\/wp-content\\\/uploads\\\/2016\\\/09\\\/1473173338_160701_9702p.jpg\",\"@id\":\"https:\\\/\\\/eldigitaldeasturias.com\\\/magazine365\\\/274km-celebran-6-anos-en-el-sector\\\/#mainImage\",\"width\":800,\"height\":533},\"primaryImageOfPage\":{\"@id\":\"https:\\\/\\\/eldigitaldeasturias.com\\\/magazine365\\\/274km-celebran-6-anos-en-el-sector\\\/#mainImage\"},\"datePublished\":\"2016-09-10T10:09:24+02:00\",\"dateModified\":\"2016-09-10T10:09:24+02:00\"},{\"@type\":\"WebSite\",\"@id\":\"https:\\\/\\\/eldigitaldeasturias.com\\\/magazine365\\\/#website\",\"url\":\"https:\\\/\\\/eldigitaldeasturias.com\\\/magazine365\\\/\",\"name\":\"El Digital de Asturias\",\"description\":\"Revista de ocio, turismo y estilo de vida\",\"inLanguage\":\"es-ES\",\"publisher\":{\"@id\":\"https:\\\/\\\/eldigitaldeasturias.com\\\/magazine365\\\/#organization\"}}]}\n\t\t<\/script>\n\t\t<!-- All in One SEO Pro -->\r\n\t\t<title>274km celebran 6 a\u00f1os en el sector | El Digital de Asturias<\/title>\n\n","aioseo_head_json":{"title":"274km celebran 6 a\u00f1os en el sector | El Digital de Asturias","description":"Ahora, tras 6 a\u00f1os haciendo fotograf\u00edas de muy diversos tipos, quieren agradecer a sus clientes la confianza puesta en su trabajo y recordar que pueden realizar cualquier retrato, as\u00ed como distintos reportajes fotogr\u00e1ficos que cuentan historias de amor, familia y muchos otros episodios de la vida que merece la pena recordar. La empresa est\u00e1 formada","canonical_url":"https:\/\/eldigitaldeasturias.com\/magazine365\/274km-celebran-6-anos-en-el-sector\/","robots":"max-image-preview:large","keywords":"noticias y actualidad","webmasterTools":{"google-site-verification":"UA-38556648-1","miscellaneous":""},"schema":{"@context":"https:\/\/schema.org","@graph":[{"@type":"Article","@id":"https:\/\/eldigitaldeasturias.com\/magazine365\/274km-celebran-6-anos-en-el-sector\/#article","name":"274km celebran 6 a\u00f1os en el sector | El Digital de Asturias","headline":"274km celebran 6 a\u00f1os en el sector","author":{"@id":"https:\/\/eldigitaldeasturias.com\/magazine365\/author\/admin\/#author"},"publisher":{"@id":"https:\/\/eldigitaldeasturias.com\/magazine365\/#organization"},"image":{"@type":"ImageObject","url":"https:\/\/eldigitaldeasturias.com\/magazine365\/wp-content\/uploads\/2016\/09\/1473173338_160701_9702p.jpg","width":800,"height":533},"datePublished":"2016-09-10T10:09:24+02:00","dateModified":"2016-09-10T10:09:24+02:00","inLanguage":"es-ES","mainEntityOfPage":{"@id":"https:\/\/eldigitaldeasturias.com\/magazine365\/274km-celebran-6-anos-en-el-sector\/#webpage"},"isPartOf":{"@id":"https:\/\/eldigitaldeasturias.com\/magazine365\/274km-celebran-6-anos-en-el-sector\/#webpage"},"articleSection":"Noticias y Actualidad"},{"@type":"BreadcrumbList","@id":"https:\/\/eldigitaldeasturias.com\/magazine365\/274km-celebran-6-anos-en-el-sector\/#breadcrumblist","itemListElement":[{"@type":"ListItem","@id":"https:\/\/eldigitaldeasturias.com\/magazine365#listItem","position":1,"name":"Home","item":"https:\/\/eldigitaldeasturias.com\/magazine365","nextItem":{"@type":"ListItem","@id":"https:\/\/eldigitaldeasturias.com\/magazine365\/category\/noticias-actualidad\/#listItem","name":"Noticias y Actualidad"}},{"@type":"ListItem","@id":"https:\/\/eldigitaldeasturias.com\/magazine365\/category\/noticias-actualidad\/#listItem","position":2,"name":"Noticias y Actualidad","item":"https:\/\/eldigitaldeasturias.com\/magazine365\/category\/noticias-actualidad\/","nextItem":{"@type":"ListItem","@id":"https:\/\/eldigitaldeasturias.com\/magazine365\/274km-celebran-6-anos-en-el-sector\/#listItem","name":"274km celebran 6 a\u00f1os en el sector"},"previousItem":{"@type":"ListItem","@id":"https:\/\/eldigitaldeasturias.com\/magazine365#listItem","name":"Home"}},{"@type":"ListItem","@id":"https:\/\/eldigitaldeasturias.com\/magazine365\/274km-celebran-6-anos-en-el-sector\/#listItem","position":3,"name":"274km celebran 6 a\u00f1os en el sector","previousItem":{"@type":"ListItem","@id":"https:\/\/eldigitaldeasturias.com\/magazine365\/category\/noticias-actualidad\/#listItem","name":"Noticias y Actualidad"}}]},{"@type":"Organization","@id":"https:\/\/eldigitaldeasturias.com\/magazine365\/#organization","name":"El digital de Asturias","description":"Revista de ocio, turismo y estilo de vida","url":"https:\/\/eldigitaldeasturias.com\/magazine365\/","logo":{"@type":"ImageObject","url":"https:\/\/www.eldigitaldeasturias.com\/noticias\/wp-content\/uploads\/2020\/12\/EDA.jpg","@id":"https:\/\/eldigitaldeasturias.com\/magazine365\/274km-celebran-6-anos-en-el-sector\/#organizationLogo"},"image":{"@id":"https:\/\/eldigitaldeasturias.com\/magazine365\/274km-celebran-6-anos-en-el-sector\/#organizationLogo"}},{"@type":"Person","@id":"https:\/\/eldigitaldeasturias.com\/magazine365\/author\/admin\/#author","url":"https:\/\/eldigitaldeasturias.com\/magazine365\/author\/admin\/","name":"admin","image":{"@type":"ImageObject","@id":"https:\/\/eldigitaldeasturias.com\/magazine365\/274km-celebran-6-anos-en-el-sector\/#authorImage","url":"https:\/\/eldigitaldeasturias.com\/magazine365\/wp-content\/litespeed\/avatar\/e571bcf59a0edd6fa6838245a470f2fe.jpg?ver=1776969259","width":96,"height":96,"caption":"admin"}},{"@type":"WebPage","@id":"https:\/\/eldigitaldeasturias.com\/magazine365\/274km-celebran-6-anos-en-el-sector\/#webpage","url":"https:\/\/eldigitaldeasturias.com\/magazine365\/274km-celebran-6-anos-en-el-sector\/","name":"274km celebran 6 a\u00f1os en el sector | El Digital de Asturias","description":"Ahora, tras 6 a\u00f1os haciendo fotograf\u00edas de muy diversos tipos, quieren agradecer a sus clientes la confianza puesta en su trabajo y recordar que pueden realizar cualquier retrato, as\u00ed como distintos reportajes fotogr\u00e1ficos que cuentan historias de amor, familia y muchos otros episodios de la vida que merece la pena recordar. La empresa est\u00e1 formada","inLanguage":"es-ES","isPartOf":{"@id":"https:\/\/eldigitaldeasturias.com\/magazine365\/#website"},"breadcrumb":{"@id":"https:\/\/eldigitaldeasturias.com\/magazine365\/274km-celebran-6-anos-en-el-sector\/#breadcrumblist"},"author":{"@id":"https:\/\/eldigitaldeasturias.com\/magazine365\/author\/admin\/#author"},"creator":{"@id":"https:\/\/eldigitaldeasturias.com\/magazine365\/author\/admin\/#author"},"image":{"@type":"ImageObject","url":"https:\/\/eldigitaldeasturias.com\/magazine365\/wp-content\/uploads\/2016\/09\/1473173338_160701_9702p.jpg","@id":"https:\/\/eldigitaldeasturias.com\/magazine365\/274km-celebran-6-anos-en-el-sector\/#mainImage","width":800,"height":533},"primaryImageOfPage":{"@id":"https:\/\/eldigitaldeasturias.com\/magazine365\/274km-celebran-6-anos-en-el-sector\/#mainImage"},"datePublished":"2016-09-10T10:09:24+02:00","dateModified":"2016-09-10T10:09:24+02:00"},{"@type":"WebSite","@id":"https:\/\/eldigitaldeasturias.com\/magazine365\/#website","url":"https:\/\/eldigitaldeasturias.com\/magazine365\/","name":"El Digital de Asturias","description":"Revista de ocio, turismo y estilo de vida","inLanguage":"es-ES","publisher":{"@id":"https:\/\/eldigitaldeasturias.com\/magazine365\/#organization"}}]},"og:locale":"es_ES","og:site_name":"El Digital de Asturias \u2013 Revista de ocio, turismo y estilo de vida","og:type":"article","og:title":"274km celebran 6 a\u00f1os en el sector | El Digital de Asturias","og:description":"Ahora, tras 6 a\u00f1os haciendo fotograf\u00edas de muy diversos tipos, quieren agradecer a sus clientes la confianza puesta en su trabajo y recordar que pueden realizar cualquier retrato, as\u00ed como distintos reportajes fotogr\u00e1ficos que cuentan historias de amor, familia y muchos otros episodios de la vida que merece la pena recordar. La empresa est\u00e1 formada","og:url":"https:\/\/eldigitaldeasturias.com\/magazine365\/274km-celebran-6-anos-en-el-sector\/","og:image":"https:\/\/eldigitaldeasturias.com\/magazine365\/wp-content\/uploads\/2016\/09\/1473173338_160701_9702p.jpg","og:image:secure_url":"https:\/\/eldigitaldeasturias.com\/magazine365\/wp-content\/uploads\/2016\/09\/1473173338_160701_9702p.jpg","og:image:width":800,"og:image:height":533,"article:published_time":"2016-09-10T08:09:24+00:00","article:modified_time":"2016-09-10T08:09:24+00:00","twitter:card":"summary_large_image","twitter:title":"274km celebran 6 a\u00f1os en el sector | El Digital de Asturias","twitter:description":"Ahora, tras 6 a\u00f1os haciendo fotograf\u00edas de muy diversos tipos, quieren agradecer a sus clientes la confianza puesta en su trabajo y recordar que pueden realizar cualquier retrato, as\u00ed como distintos reportajes fotogr\u00e1ficos que cuentan historias de amor, familia y muchos otros episodios de la vida que merece la pena recordar. La empresa est\u00e1 formada","twitter:image":"https:\/\/eldigitaldeasturias.com\/magazine365\/wp-content\/uploads\/2016\/09\/1473173338_160701_9702p.jpg"},"aioseo_meta_data":{"post_id":"82631","title":null,"description":null,"keywords":null,"keyphrases":null,"primary_term":null,"canonical_url":null,"og_title":null,"og_description":null,"og_object_type":"default","og_image_type":"default","og_image_url":null,"og_image_width":null,"og_image_height":null,"og_image_custom_url":null,"og_image_custom_fields":null,"og_video":null,"og_custom_url":null,"og_article_section":null,"og_article_tags":null,"twitter_use_og":false,"twitter_card":"default","twitter_image_type":"default","twitter_image_url":null,"twitter_image_custom_url":null,"twitter_image_custom_fields":null,"twitter_title":null,"twitter_description":null,"schema":{"blockGraphs":[],"customGraphs":[],"default":{"data":{"Article":[],"Course":[],"Dataset":[],"FAQPage":[],"Movie":[],"Person":[],"Product":[],"ProductReview":[],"Car":[],"Recipe":[],"Service":[],"SoftwareApplication":[],"WebPage":[]},"graphName":"","isEnabled":true},"graphs":[],"defaultGraph":"","defaultPostTypeGraph":""},"schema_type":null,"schema_type_options":null,"pillar_content":false,"robots_default":true,"robots_noindex":false,"robots_noarchive":false,"robots_nosnippet":false,"robots_nofollow":false,"robots_noimageindex":false,"robots_noodp":false,"robots_notranslate":false,"robots_max_snippet":null,"robots_max_videopreview":null,"robots_max_imagepreview":"large","priority":null,"frequency":null,"location":null,"local_seo":null,"seo_analyzer_scan_date":"2025-09-28 01:18:05","breadcrumb_settings":null,"limit_modified_date":false,"open_ai":null,"ai":null,"created":"2021-03-08 17:04:20","updated":"2025-09-28 01:18:05"},"aioseo_breadcrumb":"<div class=\"aioseo-breadcrumbs\"><span class=\"aioseo-breadcrumb\">\n\t<a href=\"https:\/\/eldigitaldeasturias.com\/magazine365\" title=\"Home\">Home<\/a>\n<\/span><span class=\"aioseo-breadcrumb-separator\">\u2013<\/span><span class=\"aioseo-breadcrumb\">\n\t<a href=\"https:\/\/eldigitaldeasturias.com\/magazine365\/category\/noticias-actualidad\/\" title=\"Noticias y Actualidad\">Noticias y Actualidad<\/a>\n<\/span><span class=\"aioseo-breadcrumb-separator\">\u2013<\/span><span class=\"aioseo-breadcrumb\">\n\t<a href=\"https:\/\/eldigitaldeasturias.com\/magazine365\/274km-celebran-6-anos-en-el-sector\/\" title=\"274km celebran 6 a\u00f1os en el sector\">274km celebran 6 a\u00f1os en el sector<\/a>\n<\/span><\/div>","aioseo_breadcrumb_json":[{"label":"Home","link":"https:\/\/eldigitaldeasturias.com\/magazine365"},{"label":"Noticias y Actualidad","link":"https:\/\/eldigitaldeasturias.com\/magazine365\/category\/noticias-actualidad\/"},{"label":"274km celebran 6 a\u00f1os en el sector","link":"https:\/\/eldigitaldeasturias.com\/magazine365\/274km-celebran-6-anos-en-el-sector\/"}],"_links":{"self":[{"href":"https:\/\/eldigitaldeasturias.com\/magazine365\/wp-json\/wp\/v2\/posts\/82631","targetHints":{"allow":["GET"]}}],"collection":[{"href":"https:\/\/eldigitaldeasturias.com\/magazine365\/wp-json\/wp\/v2\/posts"}],"about":[{"href":"https:\/\/eldigitaldeasturias.com\/magazine365\/wp-json\/wp\/v2\/types\/post"}],"author":[{"embeddable":true,"href":"https:\/\/eldigitaldeasturias.com\/magazine365\/wp-json\/wp\/v2\/users\/1"}],"replies":[{"embeddable":true,"href":"https:\/\/eldigitaldeasturias.com\/magazine365\/wp-json\/wp\/v2\/comments?post=82631"}],"version-history":[{"count":0,"href":"https:\/\/eldigitaldeasturias.com\/magazine365\/wp-json\/wp\/v2\/posts\/82631\/revisions"}],"wp:featuredmedia":[{"embeddable":true,"href":"https:\/\/eldigitaldeasturias.com\/magazine365\/wp-json\/wp\/v2\/media\/82632"}],"wp:attachment":[{"href":"https:\/\/eldigitaldeasturias.com\/magazine365\/wp-json\/wp\/v2\/media?parent=82631"}],"wp:term":[{"taxonomy":"category","embeddable":true,"href":"https:\/\/eldigitaldeasturias.com\/magazine365\/wp-json\/wp\/v2\/categories?post=82631"},{"taxonomy":"post_tag","embeddable":true,"href":"https:\/\/eldigitaldeasturias.com\/magazine365\/wp-json\/wp\/v2\/tags?post=82631"}],"curies":[{"name":"wp","href":"https:\/\/api.w.org\/{rel}","templated":true}]}}