{"id":82628,"date":"2016-09-10T09:14:53","date_gmt":"2016-09-10T07:14:53","guid":{"rendered":"http:\/\/eldigitaldeasturias.com\/magazine365\/?p=82628"},"modified":"2016-09-10T09:14:53","modified_gmt":"2016-09-10T07:14:53","slug":"la-belleza-aftersun-problemas-y-soluciones","status":"publish","type":"post","link":"https:\/\/eldigitaldeasturias.com\/magazine365\/la-belleza-aftersun-problemas-y-soluciones\/","title":{"rendered":"La belleza aftersun: problemas y soluciones"},"content":{"rendered":"<p><img fetchpriority=\"high\" decoding=\"async\" class=\"alignleft size-medium wp-image-82629\" src=\"https:\/\/eldigitaldeasturias.com\/magazine365\/wp-content\/uploads\/2016\/09\/1473315611_21446764_l-289x300.jpg\" alt=\"1473315611_21446764_l\" width=\"289\" height=\"300\" srcset=\"https:\/\/eldigitaldeasturias.com\/magazine365\/wp-content\/uploads\/2016\/09\/1473315611_21446764_l-289x300.jpg 289w, https:\/\/eldigitaldeasturias.com\/magazine365\/wp-content\/uploads\/2016\/09\/1473315611_21446764_l-616x640.jpg 616w, https:\/\/eldigitaldeasturias.com\/magazine365\/wp-content\/uploads\/2016\/09\/1473315611_21446764_l-768x797.jpg 768w, https:\/\/eldigitaldeasturias.com\/magazine365\/wp-content\/uploads\/2016\/09\/1473315611_21446764_l-1479x1536.jpg 1479w, https:\/\/eldigitaldeasturias.com\/magazine365\/wp-content\/uploads\/2016\/09\/1473315611_21446764_l-1972x2048.jpg 1972w, https:\/\/eldigitaldeasturias.com\/magazine365\/wp-content\/uploads\/2016\/09\/1473315611_21446764_l-150x156.jpg 150w, https:\/\/eldigitaldeasturias.com\/magazine365\/wp-content\/uploads\/2016\/09\/1473315611_21446764_l-450x467.jpg 450w, https:\/\/eldigitaldeasturias.com\/magazine365\/wp-content\/uploads\/2016\/09\/1473315611_21446764_l-1200x1246.jpg 1200w, https:\/\/eldigitaldeasturias.com\/magazine365\/wp-content\/uploads\/2016\/09\/1473315611_21446764_l.jpg 2010w\" sizes=\"(max-width: 289px) 100vw, 289px\" \/>El verano toca a su fin y tanto disfrute tiene sus consecuencias. El cloro, la sal del mar o los rayos UVA tienen efectos muy nocivos que pueden producir sequedad y un aspecto &#8216;envejecido&#8217; en las zonas que m\u00e1s expuestas. Es el momento &#8216;aftersun&#8217; del a\u00f1o, con los cuidados y tratamientos que requiere para que la piel vuelva a lucir fant\u00e1stica esta nueva temporada.<\/p>\n<p>Los expertos de Cl\u00ednica SOFT explican el problema post verano y ofrecen el mejor tratamiento para mantener la piel fresca e iluminada<\/p>\n<ol>\n<li><strong>Piel cuarteada. <\/strong>Uno de los efectos m\u00e1s comunes de la exposici\u00f3n al sol es la descamaci\u00f3n cut\u00e1nea que hace que nos pelemos para eliminar las c\u00e9lulas muertas y regenerar la superficie de la dermis. Lo mejor es tratarla con peelings no abrasivos que ayuden en el proceso.<\/li>\n<li><strong>Sequedad. <\/strong>Adem\u00e1s de pelarse, es muy frecuente que la piel est\u00e9 tirante debido al clima seco y las altas temperaturas. Este problema se debe\u00a0tratar\u00a0aplicando productos hidratantes, a poder ser sin alcohol, en las zonas afectadas, una o dos veces al d\u00eda.<\/li>\n<li><strong>Rojeces. <\/strong>Las personas de piel clara sufren m\u00e1s en esta \u00e9poca, especialmente con las rojeces y quemaduras. Aliviar la piel en estos casos es fundamental y productos como cremas especiales o b\u00e1lsamos ayudar\u00e1n a que su PH se estabilice.<\/li>\n<li><strong>Granitos. <\/strong>Un efecto que se puede notar en las zonas m\u00e1s sensibles como la cara, cuello o escote y que se debe tratar para que no permanezcan durante todo el oto\u00f1o. El uso de protecciones con productos grasos pueden favorecer la aparici\u00f3n de un acn\u00e9 nada favorecedor&#8230;<\/li>\n<li><strong>Arrugas. <\/strong>La cara es una de las zonas m\u00e1s conflictivas en esta \u00e9poca del a\u00f1o. Aunque se usen\u00a0sombreros, gafas y sombrero, nunca est\u00e1 completamente a salvo\u2026 Y por ello es posible que se acent\u00faen las arrugas y los signos de la edad. Algo que tambi\u00e9n se puede solucionar con el tratamiento adecuado de rejuvenecimiento facial.<\/li>\n<li><strong>Labios agrietados:<\/strong>\u00a0Se les puede decir\u00a0adi\u00f3s aplicando abundante protector labial o vaselina. Y jam\u00e1s de los jamases se deben\u00a0chupar, la saliva es corrosiva.<\/li>\n<li><strong>En casa: <\/strong>Se debe mantener\u00a0un nivel adecuado de humedad en casa ya que las calefacciones resecan la piel. Tambi\u00e9n hay que evitar\u00a0ba\u00f1arse\u00a0ni ducharse\u00a0con agua excesivamente caliente, se elimina la capa protectora defensiva de la piel. Adem\u00e1s, es recomendable sustituir\u00a0el jab\u00f3n que se usa\u00a0habitualmente por un gel suave rico en l\u00edpidos, con pH5.<\/li>\n<li><strong>En la calle: <\/strong>Esta temporada se tendr\u00e1\u00a0que hacerle frente al fr\u00edo, el viento y el sol. Para eso, se puede utilizar\u00a0una crema hidratante y nutritiva antes de salir de casa despu\u00e9s de una buena limpieza. Mejor si tiene factor de protecci\u00f3n, al menos del 15. No se debe salir\u00a0sin gafas de sol.<\/li>\n<li><strong>Alimentaci\u00f3n: <\/strong>Recargar la\u00a0piel con vitaminas A y C. Tomar selenio, incluido en carnes y mariscos, para retrasar el envejecimiento de la piel. La vitamina A es un excelente antioxidante y se\u00a0encuentra\u00a0en la espinaca, br\u00f3coli, en diferentes frutas y vegetales de color naranja. El t\u00e9, el cacao y la soja son antioxidantes mientras que la coliflor, el perejil, el pimiento crudo, los kiwis, fresas y frutas c\u00edtricas son excelentes fuentes de vitamina C. Tambi\u00e9n se debe a\u00f1adir\u00a0huevos, pescado, guisantes y jud\u00edas verdes. Aportan azufre al\u00a0organismo. El silicio resulta fundamental para la bios\u00edntesis del col\u00e1geno y su ausencia provoca estr\u00edas, p\u00e9rdida de elasticidad y la aparici\u00f3n de arrugas. Para evitarlo, hay que tomar semillas y frutos secos.<\/li>\n<li><strong>Beber:<\/strong> Y no hablamos precisamente de ca\u00f1itas en chiringuitos o terracitas donde ver y ser vistos, sino de beber zumos e infusiones de aloe vera que ayudan a regenerar los tejidos. Hay que acordarse de\u00a0dar mayor hidrataci\u00f3n a la piel, con un m\u00ednimo de 8 vasos de agua a diario<strong>.<\/strong><\/li>\n<li><strong>Para todo ello, adem\u00e1s de sus sabios consejos, los expertos de Cl\u00ednica SOFT recomiendan el mejor tratamiento con el que eliminar todas las toxinas acumuladas estos meses y renovar la piel para la nueva temporada: <\/strong><\/li>\n<\/ol>\n<ul>\n<li><strong>Revitafresh<\/strong>: Un tratamiento basado en una combinaci\u00f3n de \u00e1cido hialur\u00f3nico y multivitaminas que trabaja hidratando intensamente la piel de la cara, restaurando el tono de la epidermis, alisando y rellenando las depresiones cut\u00e1neas.<\/li>\n<\/ul>\n<p>Se recomiendan sesiones a intervalos, con 3 semanas entre ellas, con un mantenimiento de los resultados en el que se debe hacer una sesi\u00f3n cada 3 meses. Todo adaptado a las caracter\u00edsticas de cada paciente, as\u00ed como las necesidades y el estado de envejecimiento de la piel.<\/p>\n<ul>\n<li><strong>Precio 1 sesi\u00f3n<\/strong>: 90 \u20ac<\/li>\n<li><strong>Precio sesi\u00f3n 3 + 1<\/strong>: 295 \u20ac<\/li>\n<\/ul>\n<p><strong>Acerca de Clinica SOFT<\/strong><\/p>\n<p>Cl\u00ednica SOFT est\u00e1 formada por un equipo de m\u00e9dicos especializados en tratamientos m\u00ednimamente invasivos de cirug\u00eda oculopl\u00e1stica y est\u00e9tica facial con los que devolver al rostro la armon\u00eda. Para ello utilizan las t\u00e9cnicas m\u00e1s avanzadas y seguras de cirug\u00eda y medicina est\u00e9tica, con las que se trabaja el rejuvenecimiento de la mirada con el fin de recuperar la luminosidad y la frescura facial.<\/p>\n<p>El Dr. Troyano y el Dr. Genol, notables expertos con una amplia trayectoria en el mundo de la cirug\u00eda, pertenecen a la \u00e9lite de los cirujanos oculopl\u00e1sticos m\u00e1s reconocidos en el \u00e1mbito internacional y son los dos pilares que encabezan el conjunto de especialistas de la cl\u00ednica. Ambos son destacados miembros de la Sociedad Espa\u00f1ola de Oftalmolog\u00eda (SEO) y de la Sociedad Espa\u00f1ola de Cirug\u00eda Pl\u00e1stica Ocular y Orbitraria (SECPOO), en las cuales imparten cursos de formaci\u00f3n para otros profesionales. En el \u00e1mbito internacional pertenecen a la Sociedad Iberoamericana de Oculoplastia y al International Thyroid Eye Disease Society (ITEDS).<\/p>\n<p>FUENTE COMUNICAE<\/p>\n<p>&nbsp;<\/p>\n","protected":false},"excerpt":{"rendered":"<p>El verano toca a su fin y tanto disfrute tiene sus consecuencias. El cloro, la sal del mar o los rayos UVA tienen efectos muy nocivos que pueden producir sequedad y un aspecto &#8216;envejecido&#8217; en las zonas que m\u00e1s expuestas. Es el momento &#8216;aftersun&#8217; del a\u00f1o, con los cuidados y tratamientos que requiere para que<\/p>\n","protected":false},"author":1,"featured_media":82629,"comment_status":"open","ping_status":"closed","sticky":false,"template":"","format":"standard","meta":{"footnotes":""},"categories":[224],"tags":[],"class_list":{"0":"post-82628","1":"post","2":"type-post","3":"status-publish","4":"format-standard","5":"has-post-thumbnail","7":"category-noticias-actualidad"},"aioseo_notices":[],"aioseo_head":"\n\t\t<!-- All in One SEO Pro 4.9.6.1 - aioseo.com -->\n\t<meta name=\"description\" content=\"El verano toca a su fin y tanto disfrute tiene sus consecuencias. El cloro, la sal del mar o los rayos UVA tienen efectos muy nocivos que pueden producir sequedad y un aspecto &#039;envejecido&#039; en las zonas que m\u00e1s expuestas. Es el momento &#039;aftersun&#039; del a\u00f1o, con los cuidados y tratamientos que requiere para que\" \/>\n\t<meta name=\"robots\" content=\"max-image-preview:large\" \/>\n\t<meta name=\"author\" content=\"admin\"\/>\n\t<meta name=\"google-site-verification\" content=\"UA-38556648-1\" \/>\n\t<meta name=\"keywords\" content=\"noticias y actualidad\" \/>\n\t<link rel=\"canonical\" href=\"https:\/\/eldigitaldeasturias.com\/magazine365\/la-belleza-aftersun-problemas-y-soluciones\/\" \/>\n\t<meta name=\"generator\" content=\"All in One SEO Pro (AIOSEO) 4.9.6.1\" \/>\n\t\t<meta property=\"og:locale\" content=\"es_ES\" \/>\n\t\t<meta property=\"og:site_name\" content=\"El Digital de Asturias \u2013 Revista de ocio, turismo y estilo de vida\" \/>\n\t\t<meta property=\"og:type\" content=\"article\" \/>\n\t\t<meta property=\"og:title\" content=\"La belleza aftersun: problemas y soluciones | El Digital de Asturias\" \/>\n\t\t<meta property=\"og:description\" content=\"El verano toca a su fin y tanto disfrute tiene sus consecuencias. El cloro, la sal del mar o los rayos UVA tienen efectos muy nocivos que pueden producir sequedad y un aspecto &#039;envejecido&#039; en las zonas que m\u00e1s expuestas. Es el momento &#039;aftersun&#039; del a\u00f1o, con los cuidados y tratamientos que requiere para que\" \/>\n\t\t<meta property=\"og:url\" content=\"https:\/\/eldigitaldeasturias.com\/magazine365\/la-belleza-aftersun-problemas-y-soluciones\/\" \/>\n\t\t<meta property=\"og:image\" content=\"https:\/\/eldigitaldeasturias.com\/magazine365\/wp-content\/uploads\/2016\/09\/1473315611_21446764_l.jpg\" \/>\n\t\t<meta property=\"og:image:secure_url\" content=\"https:\/\/eldigitaldeasturias.com\/magazine365\/wp-content\/uploads\/2016\/09\/1473315611_21446764_l.jpg\" \/>\n\t\t<meta property=\"og:image:width\" content=\"2010\" \/>\n\t\t<meta property=\"og:image:height\" content=\"2087\" \/>\n\t\t<meta property=\"article:published_time\" content=\"2016-09-10T07:14:53+00:00\" \/>\n\t\t<meta property=\"article:modified_time\" content=\"2016-09-10T07:14:53+00:00\" \/>\n\t\t<meta name=\"twitter:card\" content=\"summary_large_image\" \/>\n\t\t<meta name=\"twitter:title\" content=\"La belleza aftersun: problemas y soluciones | El Digital de Asturias\" \/>\n\t\t<meta name=\"twitter:description\" content=\"El verano toca a su fin y tanto disfrute tiene sus consecuencias. El cloro, la sal del mar o los rayos UVA tienen efectos muy nocivos que pueden producir sequedad y un aspecto &#039;envejecido&#039; en las zonas que m\u00e1s expuestas. Es el momento &#039;aftersun&#039; del a\u00f1o, con los cuidados y tratamientos que requiere para que\" \/>\n\t\t<meta name=\"twitter:image\" content=\"https:\/\/eldigitaldeasturias.com\/magazine365\/wp-content\/uploads\/2016\/09\/1473315611_21446764_l.jpg\" \/>\n\t\t<script type=\"application\/ld+json\" class=\"aioseo-schema\">\n\t\t\t{\"@context\":\"https:\\\/\\\/schema.org\",\"@graph\":[{\"@type\":\"Article\",\"@id\":\"https:\\\/\\\/eldigitaldeasturias.com\\\/magazine365\\\/la-belleza-aftersun-problemas-y-soluciones\\\/#article\",\"name\":\"La belleza aftersun: problemas y soluciones | El Digital de Asturias\",\"headline\":\"La belleza aftersun: problemas y soluciones\",\"author\":{\"@id\":\"https:\\\/\\\/eldigitaldeasturias.com\\\/magazine365\\\/author\\\/admin\\\/#author\"},\"publisher\":{\"@id\":\"https:\\\/\\\/eldigitaldeasturias.com\\\/magazine365\\\/#organization\"},\"image\":{\"@type\":\"ImageObject\",\"url\":\"https:\\\/\\\/eldigitaldeasturias.com\\\/magazine365\\\/wp-content\\\/uploads\\\/2016\\\/09\\\/1473315611_21446764_l.jpg\",\"width\":2010,\"height\":2087},\"datePublished\":\"2016-09-10T09:14:53+02:00\",\"dateModified\":\"2016-09-10T09:14:53+02:00\",\"inLanguage\":\"es-ES\",\"mainEntityOfPage\":{\"@id\":\"https:\\\/\\\/eldigitaldeasturias.com\\\/magazine365\\\/la-belleza-aftersun-problemas-y-soluciones\\\/#webpage\"},\"isPartOf\":{\"@id\":\"https:\\\/\\\/eldigitaldeasturias.com\\\/magazine365\\\/la-belleza-aftersun-problemas-y-soluciones\\\/#webpage\"},\"articleSection\":\"Noticias y Actualidad\"},{\"@type\":\"BreadcrumbList\",\"@id\":\"https:\\\/\\\/eldigitaldeasturias.com\\\/magazine365\\\/la-belleza-aftersun-problemas-y-soluciones\\\/#breadcrumblist\",\"itemListElement\":[{\"@type\":\"ListItem\",\"@id\":\"https:\\\/\\\/eldigitaldeasturias.com\\\/magazine365#listItem\",\"position\":1,\"name\":\"Home\",\"item\":\"https:\\\/\\\/eldigitaldeasturias.com\\\/magazine365\",\"nextItem\":{\"@type\":\"ListItem\",\"@id\":\"https:\\\/\\\/eldigitaldeasturias.com\\\/magazine365\\\/category\\\/noticias-actualidad\\\/#listItem\",\"name\":\"Noticias y Actualidad\"}},{\"@type\":\"ListItem\",\"@id\":\"https:\\\/\\\/eldigitaldeasturias.com\\\/magazine365\\\/category\\\/noticias-actualidad\\\/#listItem\",\"position\":2,\"name\":\"Noticias y Actualidad\",\"item\":\"https:\\\/\\\/eldigitaldeasturias.com\\\/magazine365\\\/category\\\/noticias-actualidad\\\/\",\"nextItem\":{\"@type\":\"ListItem\",\"@id\":\"https:\\\/\\\/eldigitaldeasturias.com\\\/magazine365\\\/la-belleza-aftersun-problemas-y-soluciones\\\/#listItem\",\"name\":\"La belleza aftersun: problemas y soluciones\"},\"previousItem\":{\"@type\":\"ListItem\",\"@id\":\"https:\\\/\\\/eldigitaldeasturias.com\\\/magazine365#listItem\",\"name\":\"Home\"}},{\"@type\":\"ListItem\",\"@id\":\"https:\\\/\\\/eldigitaldeasturias.com\\\/magazine365\\\/la-belleza-aftersun-problemas-y-soluciones\\\/#listItem\",\"position\":3,\"name\":\"La belleza aftersun: problemas y soluciones\",\"previousItem\":{\"@type\":\"ListItem\",\"@id\":\"https:\\\/\\\/eldigitaldeasturias.com\\\/magazine365\\\/category\\\/noticias-actualidad\\\/#listItem\",\"name\":\"Noticias y Actualidad\"}}]},{\"@type\":\"Organization\",\"@id\":\"https:\\\/\\\/eldigitaldeasturias.com\\\/magazine365\\\/#organization\",\"name\":\"El digital de Asturias\",\"description\":\"Revista de ocio, turismo y estilo de vida\",\"url\":\"https:\\\/\\\/eldigitaldeasturias.com\\\/magazine365\\\/\",\"logo\":{\"@type\":\"ImageObject\",\"url\":\"https:\\\/\\\/www.eldigitaldeasturias.com\\\/noticias\\\/wp-content\\\/uploads\\\/2020\\\/12\\\/EDA.jpg\",\"@id\":\"https:\\\/\\\/eldigitaldeasturias.com\\\/magazine365\\\/la-belleza-aftersun-problemas-y-soluciones\\\/#organizationLogo\"},\"image\":{\"@id\":\"https:\\\/\\\/eldigitaldeasturias.com\\\/magazine365\\\/la-belleza-aftersun-problemas-y-soluciones\\\/#organizationLogo\"}},{\"@type\":\"Person\",\"@id\":\"https:\\\/\\\/eldigitaldeasturias.com\\\/magazine365\\\/author\\\/admin\\\/#author\",\"url\":\"https:\\\/\\\/eldigitaldeasturias.com\\\/magazine365\\\/author\\\/admin\\\/\",\"name\":\"admin\",\"image\":{\"@type\":\"ImageObject\",\"@id\":\"https:\\\/\\\/eldigitaldeasturias.com\\\/magazine365\\\/la-belleza-aftersun-problemas-y-soluciones\\\/#authorImage\",\"url\":\"https:\\\/\\\/eldigitaldeasturias.com\\\/magazine365\\\/wp-content\\\/litespeed\\\/avatar\\\/e571bcf59a0edd6fa6838245a470f2fe.jpg?ver=1776969259\",\"width\":96,\"height\":96,\"caption\":\"admin\"}},{\"@type\":\"WebPage\",\"@id\":\"https:\\\/\\\/eldigitaldeasturias.com\\\/magazine365\\\/la-belleza-aftersun-problemas-y-soluciones\\\/#webpage\",\"url\":\"https:\\\/\\\/eldigitaldeasturias.com\\\/magazine365\\\/la-belleza-aftersun-problemas-y-soluciones\\\/\",\"name\":\"La belleza aftersun: problemas y soluciones | El Digital de Asturias\",\"description\":\"El verano toca a su fin y tanto disfrute tiene sus consecuencias. El cloro, la sal del mar o los rayos UVA tienen efectos muy nocivos que pueden producir sequedad y un aspecto 'envejecido' en las zonas que m\\u00e1s expuestas. Es el momento 'aftersun' del a\\u00f1o, con los cuidados y tratamientos que requiere para que\",\"inLanguage\":\"es-ES\",\"isPartOf\":{\"@id\":\"https:\\\/\\\/eldigitaldeasturias.com\\\/magazine365\\\/#website\"},\"breadcrumb\":{\"@id\":\"https:\\\/\\\/eldigitaldeasturias.com\\\/magazine365\\\/la-belleza-aftersun-problemas-y-soluciones\\\/#breadcrumblist\"},\"author\":{\"@id\":\"https:\\\/\\\/eldigitaldeasturias.com\\\/magazine365\\\/author\\\/admin\\\/#author\"},\"creator\":{\"@id\":\"https:\\\/\\\/eldigitaldeasturias.com\\\/magazine365\\\/author\\\/admin\\\/#author\"},\"image\":{\"@type\":\"ImageObject\",\"url\":\"https:\\\/\\\/eldigitaldeasturias.com\\\/magazine365\\\/wp-content\\\/uploads\\\/2016\\\/09\\\/1473315611_21446764_l.jpg\",\"@id\":\"https:\\\/\\\/eldigitaldeasturias.com\\\/magazine365\\\/la-belleza-aftersun-problemas-y-soluciones\\\/#mainImage\",\"width\":2010,\"height\":2087},\"primaryImageOfPage\":{\"@id\":\"https:\\\/\\\/eldigitaldeasturias.com\\\/magazine365\\\/la-belleza-aftersun-problemas-y-soluciones\\\/#mainImage\"},\"datePublished\":\"2016-09-10T09:14:53+02:00\",\"dateModified\":\"2016-09-10T09:14:53+02:00\"},{\"@type\":\"WebSite\",\"@id\":\"https:\\\/\\\/eldigitaldeasturias.com\\\/magazine365\\\/#website\",\"url\":\"https:\\\/\\\/eldigitaldeasturias.com\\\/magazine365\\\/\",\"name\":\"El Digital de Asturias\",\"description\":\"Revista de ocio, turismo y estilo de vida\",\"inLanguage\":\"es-ES\",\"publisher\":{\"@id\":\"https:\\\/\\\/eldigitaldeasturias.com\\\/magazine365\\\/#organization\"}}]}\n\t\t<\/script>\n\t\t<!-- All in One SEO Pro -->\r\n\t\t<title>La belleza aftersun: problemas y soluciones | El Digital de Asturias<\/title>\n\n","aioseo_head_json":{"title":"La belleza aftersun: problemas y soluciones | El Digital de Asturias","description":"El verano toca a su fin y tanto disfrute tiene sus consecuencias. El cloro, la sal del mar o los rayos UVA tienen efectos muy nocivos que pueden producir sequedad y un aspecto 'envejecido' en las zonas que m\u00e1s expuestas. Es el momento 'aftersun' del a\u00f1o, con los cuidados y tratamientos que requiere para que","canonical_url":"https:\/\/eldigitaldeasturias.com\/magazine365\/la-belleza-aftersun-problemas-y-soluciones\/","robots":"max-image-preview:large","keywords":"noticias y actualidad","webmasterTools":{"google-site-verification":"UA-38556648-1","miscellaneous":""},"schema":{"@context":"https:\/\/schema.org","@graph":[{"@type":"Article","@id":"https:\/\/eldigitaldeasturias.com\/magazine365\/la-belleza-aftersun-problemas-y-soluciones\/#article","name":"La belleza aftersun: problemas y soluciones | El Digital de Asturias","headline":"La belleza aftersun: problemas y soluciones","author":{"@id":"https:\/\/eldigitaldeasturias.com\/magazine365\/author\/admin\/#author"},"publisher":{"@id":"https:\/\/eldigitaldeasturias.com\/magazine365\/#organization"},"image":{"@type":"ImageObject","url":"https:\/\/eldigitaldeasturias.com\/magazine365\/wp-content\/uploads\/2016\/09\/1473315611_21446764_l.jpg","width":2010,"height":2087},"datePublished":"2016-09-10T09:14:53+02:00","dateModified":"2016-09-10T09:14:53+02:00","inLanguage":"es-ES","mainEntityOfPage":{"@id":"https:\/\/eldigitaldeasturias.com\/magazine365\/la-belleza-aftersun-problemas-y-soluciones\/#webpage"},"isPartOf":{"@id":"https:\/\/eldigitaldeasturias.com\/magazine365\/la-belleza-aftersun-problemas-y-soluciones\/#webpage"},"articleSection":"Noticias y Actualidad"},{"@type":"BreadcrumbList","@id":"https:\/\/eldigitaldeasturias.com\/magazine365\/la-belleza-aftersun-problemas-y-soluciones\/#breadcrumblist","itemListElement":[{"@type":"ListItem","@id":"https:\/\/eldigitaldeasturias.com\/magazine365#listItem","position":1,"name":"Home","item":"https:\/\/eldigitaldeasturias.com\/magazine365","nextItem":{"@type":"ListItem","@id":"https:\/\/eldigitaldeasturias.com\/magazine365\/category\/noticias-actualidad\/#listItem","name":"Noticias y Actualidad"}},{"@type":"ListItem","@id":"https:\/\/eldigitaldeasturias.com\/magazine365\/category\/noticias-actualidad\/#listItem","position":2,"name":"Noticias y Actualidad","item":"https:\/\/eldigitaldeasturias.com\/magazine365\/category\/noticias-actualidad\/","nextItem":{"@type":"ListItem","@id":"https:\/\/eldigitaldeasturias.com\/magazine365\/la-belleza-aftersun-problemas-y-soluciones\/#listItem","name":"La belleza aftersun: problemas y soluciones"},"previousItem":{"@type":"ListItem","@id":"https:\/\/eldigitaldeasturias.com\/magazine365#listItem","name":"Home"}},{"@type":"ListItem","@id":"https:\/\/eldigitaldeasturias.com\/magazine365\/la-belleza-aftersun-problemas-y-soluciones\/#listItem","position":3,"name":"La belleza aftersun: problemas y soluciones","previousItem":{"@type":"ListItem","@id":"https:\/\/eldigitaldeasturias.com\/magazine365\/category\/noticias-actualidad\/#listItem","name":"Noticias y Actualidad"}}]},{"@type":"Organization","@id":"https:\/\/eldigitaldeasturias.com\/magazine365\/#organization","name":"El digital de Asturias","description":"Revista de ocio, turismo y estilo de vida","url":"https:\/\/eldigitaldeasturias.com\/magazine365\/","logo":{"@type":"ImageObject","url":"https:\/\/www.eldigitaldeasturias.com\/noticias\/wp-content\/uploads\/2020\/12\/EDA.jpg","@id":"https:\/\/eldigitaldeasturias.com\/magazine365\/la-belleza-aftersun-problemas-y-soluciones\/#organizationLogo"},"image":{"@id":"https:\/\/eldigitaldeasturias.com\/magazine365\/la-belleza-aftersun-problemas-y-soluciones\/#organizationLogo"}},{"@type":"Person","@id":"https:\/\/eldigitaldeasturias.com\/magazine365\/author\/admin\/#author","url":"https:\/\/eldigitaldeasturias.com\/magazine365\/author\/admin\/","name":"admin","image":{"@type":"ImageObject","@id":"https:\/\/eldigitaldeasturias.com\/magazine365\/la-belleza-aftersun-problemas-y-soluciones\/#authorImage","url":"https:\/\/eldigitaldeasturias.com\/magazine365\/wp-content\/litespeed\/avatar\/e571bcf59a0edd6fa6838245a470f2fe.jpg?ver=1776969259","width":96,"height":96,"caption":"admin"}},{"@type":"WebPage","@id":"https:\/\/eldigitaldeasturias.com\/magazine365\/la-belleza-aftersun-problemas-y-soluciones\/#webpage","url":"https:\/\/eldigitaldeasturias.com\/magazine365\/la-belleza-aftersun-problemas-y-soluciones\/","name":"La belleza aftersun: problemas y soluciones | El Digital de Asturias","description":"El verano toca a su fin y tanto disfrute tiene sus consecuencias. El cloro, la sal del mar o los rayos UVA tienen efectos muy nocivos que pueden producir sequedad y un aspecto 'envejecido' en las zonas que m\u00e1s expuestas. Es el momento 'aftersun' del a\u00f1o, con los cuidados y tratamientos que requiere para que","inLanguage":"es-ES","isPartOf":{"@id":"https:\/\/eldigitaldeasturias.com\/magazine365\/#website"},"breadcrumb":{"@id":"https:\/\/eldigitaldeasturias.com\/magazine365\/la-belleza-aftersun-problemas-y-soluciones\/#breadcrumblist"},"author":{"@id":"https:\/\/eldigitaldeasturias.com\/magazine365\/author\/admin\/#author"},"creator":{"@id":"https:\/\/eldigitaldeasturias.com\/magazine365\/author\/admin\/#author"},"image":{"@type":"ImageObject","url":"https:\/\/eldigitaldeasturias.com\/magazine365\/wp-content\/uploads\/2016\/09\/1473315611_21446764_l.jpg","@id":"https:\/\/eldigitaldeasturias.com\/magazine365\/la-belleza-aftersun-problemas-y-soluciones\/#mainImage","width":2010,"height":2087},"primaryImageOfPage":{"@id":"https:\/\/eldigitaldeasturias.com\/magazine365\/la-belleza-aftersun-problemas-y-soluciones\/#mainImage"},"datePublished":"2016-09-10T09:14:53+02:00","dateModified":"2016-09-10T09:14:53+02:00"},{"@type":"WebSite","@id":"https:\/\/eldigitaldeasturias.com\/magazine365\/#website","url":"https:\/\/eldigitaldeasturias.com\/magazine365\/","name":"El Digital de Asturias","description":"Revista de ocio, turismo y estilo de vida","inLanguage":"es-ES","publisher":{"@id":"https:\/\/eldigitaldeasturias.com\/magazine365\/#organization"}}]},"og:locale":"es_ES","og:site_name":"El Digital de Asturias \u2013 Revista de ocio, turismo y estilo de vida","og:type":"article","og:title":"La belleza aftersun: problemas y soluciones | El Digital de Asturias","og:description":"El verano toca a su fin y tanto disfrute tiene sus consecuencias. El cloro, la sal del mar o los rayos UVA tienen efectos muy nocivos que pueden producir sequedad y un aspecto 'envejecido' en las zonas que m\u00e1s expuestas. Es el momento 'aftersun' del a\u00f1o, con los cuidados y tratamientos que requiere para que","og:url":"https:\/\/eldigitaldeasturias.com\/magazine365\/la-belleza-aftersun-problemas-y-soluciones\/","og:image":"https:\/\/eldigitaldeasturias.com\/magazine365\/wp-content\/uploads\/2016\/09\/1473315611_21446764_l.jpg","og:image:secure_url":"https:\/\/eldigitaldeasturias.com\/magazine365\/wp-content\/uploads\/2016\/09\/1473315611_21446764_l.jpg","og:image:width":2010,"og:image:height":2087,"article:published_time":"2016-09-10T07:14:53+00:00","article:modified_time":"2016-09-10T07:14:53+00:00","twitter:card":"summary_large_image","twitter:title":"La belleza aftersun: problemas y soluciones | El Digital de Asturias","twitter:description":"El verano toca a su fin y tanto disfrute tiene sus consecuencias. El cloro, la sal del mar o los rayos UVA tienen efectos muy nocivos que pueden producir sequedad y un aspecto 'envejecido' en las zonas que m\u00e1s expuestas. Es el momento 'aftersun' del a\u00f1o, con los cuidados y tratamientos que requiere para que","twitter:image":"https:\/\/eldigitaldeasturias.com\/magazine365\/wp-content\/uploads\/2016\/09\/1473315611_21446764_l.jpg"},"aioseo_meta_data":{"post_id":"82628","title":null,"description":null,"keywords":null,"keyphrases":null,"primary_term":null,"canonical_url":null,"og_title":null,"og_description":null,"og_object_type":"default","og_image_type":"default","og_image_url":null,"og_image_width":null,"og_image_height":null,"og_image_custom_url":null,"og_image_custom_fields":null,"og_video":null,"og_custom_url":null,"og_article_section":null,"og_article_tags":null,"twitter_use_og":false,"twitter_card":"default","twitter_image_type":"default","twitter_image_url":null,"twitter_image_custom_url":null,"twitter_image_custom_fields":null,"twitter_title":null,"twitter_description":null,"schema":{"blockGraphs":[],"customGraphs":[],"default":{"data":{"Article":[],"Course":[],"Dataset":[],"FAQPage":[],"Movie":[],"Person":[],"Product":[],"ProductReview":[],"Car":[],"Recipe":[],"Service":[],"SoftwareApplication":[],"WebPage":[]},"graphName":"","isEnabled":true},"graphs":[],"defaultGraph":"","defaultPostTypeGraph":""},"schema_type":null,"schema_type_options":null,"pillar_content":false,"robots_default":true,"robots_noindex":false,"robots_noarchive":false,"robots_nosnippet":false,"robots_nofollow":false,"robots_noimageindex":false,"robots_noodp":false,"robots_notranslate":false,"robots_max_snippet":null,"robots_max_videopreview":null,"robots_max_imagepreview":"large","priority":null,"frequency":null,"location":null,"local_seo":null,"seo_analyzer_scan_date":"2025-09-28 01:18:04","breadcrumb_settings":null,"limit_modified_date":false,"open_ai":null,"ai":null,"created":"2021-03-08 17:04:20","updated":"2025-09-28 01:18:04"},"aioseo_breadcrumb":"<div class=\"aioseo-breadcrumbs\"><span class=\"aioseo-breadcrumb\">\n\t<a href=\"https:\/\/eldigitaldeasturias.com\/magazine365\" title=\"Home\">Home<\/a>\n<\/span><span class=\"aioseo-breadcrumb-separator\">\u2013<\/span><span class=\"aioseo-breadcrumb\">\n\t<a href=\"https:\/\/eldigitaldeasturias.com\/magazine365\/category\/noticias-actualidad\/\" title=\"Noticias y Actualidad\">Noticias y Actualidad<\/a>\n<\/span><span class=\"aioseo-breadcrumb-separator\">\u2013<\/span><span class=\"aioseo-breadcrumb\">\n\t<a href=\"https:\/\/eldigitaldeasturias.com\/magazine365\/la-belleza-aftersun-problemas-y-soluciones\/\" title=\"La belleza aftersun: problemas y soluciones\">La belleza aftersun: problemas y soluciones<\/a>\n<\/span><\/div>","aioseo_breadcrumb_json":[{"label":"Home","link":"https:\/\/eldigitaldeasturias.com\/magazine365"},{"label":"Noticias y Actualidad","link":"https:\/\/eldigitaldeasturias.com\/magazine365\/category\/noticias-actualidad\/"},{"label":"La belleza aftersun: problemas y soluciones","link":"https:\/\/eldigitaldeasturias.com\/magazine365\/la-belleza-aftersun-problemas-y-soluciones\/"}],"_links":{"self":[{"href":"https:\/\/eldigitaldeasturias.com\/magazine365\/wp-json\/wp\/v2\/posts\/82628","targetHints":{"allow":["GET"]}}],"collection":[{"href":"https:\/\/eldigitaldeasturias.com\/magazine365\/wp-json\/wp\/v2\/posts"}],"about":[{"href":"https:\/\/eldigitaldeasturias.com\/magazine365\/wp-json\/wp\/v2\/types\/post"}],"author":[{"embeddable":true,"href":"https:\/\/eldigitaldeasturias.com\/magazine365\/wp-json\/wp\/v2\/users\/1"}],"replies":[{"embeddable":true,"href":"https:\/\/eldigitaldeasturias.com\/magazine365\/wp-json\/wp\/v2\/comments?post=82628"}],"version-history":[{"count":0,"href":"https:\/\/eldigitaldeasturias.com\/magazine365\/wp-json\/wp\/v2\/posts\/82628\/revisions"}],"wp:featuredmedia":[{"embeddable":true,"href":"https:\/\/eldigitaldeasturias.com\/magazine365\/wp-json\/wp\/v2\/media\/82629"}],"wp:attachment":[{"href":"https:\/\/eldigitaldeasturias.com\/magazine365\/wp-json\/wp\/v2\/media?parent=82628"}],"wp:term":[{"taxonomy":"category","embeddable":true,"href":"https:\/\/eldigitaldeasturias.com\/magazine365\/wp-json\/wp\/v2\/categories?post=82628"},{"taxonomy":"post_tag","embeddable":true,"href":"https:\/\/eldigitaldeasturias.com\/magazine365\/wp-json\/wp\/v2\/tags?post=82628"}],"curies":[{"name":"wp","href":"https:\/\/api.w.org\/{rel}","templated":true}]}}