{"id":81522,"date":"2016-07-04T12:15:32","date_gmt":"2016-07-04T10:15:32","guid":{"rendered":"http:\/\/eldigitaldeasturias.com\/magazine365\/?p=81522"},"modified":"2016-07-04T12:15:32","modified_gmt":"2016-07-04T10:15:32","slug":"se-cierran-23-estaciones-de-la-linea-1-de-metro-de-madrid-por-obras","status":"publish","type":"post","link":"https:\/\/eldigitaldeasturias.com\/magazine365\/se-cierran-23-estaciones-de-la-linea-1-de-metro-de-madrid-por-obras\/","title":{"rendered":"Se cierran 23 estaciones de la L\u00ednea 1 de Metro de Madrid por obras"},"content":{"rendered":"<p><img fetchpriority=\"high\" decoding=\"async\" class=\"alignleft size-medium wp-image-81523\" src=\"https:\/\/eldigitaldeasturias.com\/magazine365\/wp-content\/uploads\/2016\/07\/fotonoticia_20160704103942_800-360x239.jpg\" alt=\"fotonoticia_20160704103942_800\" width=\"360\" height=\"239\" srcset=\"https:\/\/eldigitaldeasturias.com\/magazine365\/wp-content\/uploads\/2016\/07\/fotonoticia_20160704103942_800-360x239.jpg 360w, https:\/\/eldigitaldeasturias.com\/magazine365\/wp-content\/uploads\/2016\/07\/fotonoticia_20160704103942_800-650x431.jpg 650w, https:\/\/eldigitaldeasturias.com\/magazine365\/wp-content\/uploads\/2016\/07\/fotonoticia_20160704103942_800-768x509.jpg 768w, https:\/\/eldigitaldeasturias.com\/magazine365\/wp-content\/uploads\/2016\/07\/fotonoticia_20160704103942_800-150x99.jpg 150w, https:\/\/eldigitaldeasturias.com\/magazine365\/wp-content\/uploads\/2016\/07\/fotonoticia_20160704103942_800-450x298.jpg 450w, https:\/\/eldigitaldeasturias.com\/magazine365\/wp-content\/uploads\/2016\/07\/fotonoticia_20160704103942_800-121x79.jpg 121w, https:\/\/eldigitaldeasturias.com\/magazine365\/wp-content\/uploads\/2016\/07\/fotonoticia_20160704103942_800-101x66.jpg 101w, https:\/\/eldigitaldeasturias.com\/magazine365\/wp-content\/uploads\/2016\/07\/fotonoticia_20160704103942_800.jpg 800w\" sizes=\"(max-width: 360px) 100vw, 360px\" \/>Este domingo, 3 de julio, han arrancado las obras para mejorar el grueso de la l\u00ednea 1 de Metro que implicar\u00e1 el cierre de 23 estaciones durante los 133 d\u00edas que durar\u00e1n los trabajos y que implicar\u00e1 el refuerzo tanto de EMT como de Cercan\u00edas para desplegar alternativas de transportes adecuadas.<\/p>\n<p>El corte parcial tendr\u00e1 lugar entre Plaza de Castilla y Sierra de Guadalupe, estando operativas estas dos estaciones y el resto de la l\u00ednea para usuarios de Metro.<\/p>\n<p>El inicio de los trabajos estaba fijado para el pasado 18 de junio pero con motivo de la huelga de Renfe-Cercan\u00edas, convocada por el Sindicato Espa\u00f1ol de Maquinistas y Ayudantes Ferroviarios (SEMAF), se decidi\u00f3 posponer el inicio de las obras hasta que se pudiera garantizar el servicio de Cercan\u00edas, clave para realizar el servicio alternativo de transporte.<\/p>\n<p>El Gobierno regional explicaba que la oferta de plazas de Cercan\u00edas \u00abes fundamental\u00bb dentro del Plan de Movilidad que el Consorcio Regional de Transportes ha establecido con motivo de las obras de la l\u00ednea 1 de Metro, de forma coordinada entre la EMT, Metro y Cercan\u00edas.<\/p>\n<p>Con la desconvocatoria de esos paros hace d\u00edas, las obras en la L1 se retomar\u00e1n este domingo, 15 d\u00edas despu\u00e9s de lo previsto y se prolongar\u00e1n durante 133 d\u00edas.<\/p>\n<p>Las obras se realizar\u00e1n por motivos de seguridad con objeto de llevar a cabo la consolidaci\u00f3n del t\u00fanel y el cambio de la catenaria tranviaria por una r\u00edgida.<\/p>\n<p>Diversos colectivos han solicitado durante los \u00faltimos meses a Metro de Madrid que acometiera estas obras por fases en lugar de cerrar las 23 estaciones, algo que desde el Ejecutivo auton\u00f3mico se rechaza por no ser viable t\u00e9cnicamente.<\/p>\n<p>El Ayuntamiento de Madrid (que tambi\u00e9n abogaba por un planteamiento de obras por fases) y la Comunidad lograron un acuerdo para desplegar el servicio alternativo en la EMT.<\/p>\n<p>&nbsp;<\/p>\n","protected":false},"excerpt":{"rendered":"<p>Este domingo, 3 de julio, han arrancado las obras para mejorar el grueso de la l\u00ednea 1 de Metro que implicar\u00e1 el cierre de 23 estaciones durante los 133 d\u00edas que durar\u00e1n los trabajos y que implicar\u00e1 el refuerzo tanto de EMT como de Cercan\u00edas para desplegar alternativas de transportes adecuadas. El corte parcial tendr\u00e1<\/p>\n","protected":false},"author":1,"featured_media":81523,"comment_status":"open","ping_status":"closed","sticky":false,"template":"","format":"standard","meta":{"footnotes":""},"categories":[224],"tags":[],"class_list":{"0":"post-81522","1":"post","2":"type-post","3":"status-publish","4":"format-standard","5":"has-post-thumbnail","7":"category-noticias-actualidad"},"aioseo_notices":[],"aioseo_head":"\n\t\t<!-- All in One SEO Pro 4.9.6.1 - aioseo.com -->\n\t<meta name=\"description\" content=\"Este domingo, 3 de julio, han arrancado las obras para mejorar el grueso de la l\u00ednea 1 de Metro que implicar\u00e1 el cierre de 23 estaciones durante los 133 d\u00edas que durar\u00e1n los trabajos y que implicar\u00e1 el refuerzo tanto de EMT como de Cercan\u00edas para desplegar alternativas de transportes adecuadas. El corte parcial tendr\u00e1\" \/>\n\t<meta name=\"robots\" content=\"max-image-preview:large\" \/>\n\t<meta name=\"author\" content=\"admin\"\/>\n\t<meta name=\"google-site-verification\" content=\"UA-38556648-1\" \/>\n\t<meta name=\"keywords\" content=\"noticias y actualidad\" \/>\n\t<link rel=\"canonical\" href=\"https:\/\/eldigitaldeasturias.com\/magazine365\/se-cierran-23-estaciones-de-la-linea-1-de-metro-de-madrid-por-obras\/\" \/>\n\t<meta name=\"generator\" content=\"All in One SEO Pro (AIOSEO) 4.9.6.1\" \/>\n\t\t<meta property=\"og:locale\" content=\"es_ES\" \/>\n\t\t<meta property=\"og:site_name\" content=\"El Digital de Asturias \u2013 Revista de ocio, turismo y estilo de vida\" \/>\n\t\t<meta property=\"og:type\" content=\"article\" \/>\n\t\t<meta property=\"og:title\" content=\"Se cierran 23 estaciones de la L\u00ednea 1 de Metro de Madrid por obras | El Digital de Asturias\" \/>\n\t\t<meta property=\"og:description\" content=\"Este domingo, 3 de julio, han arrancado las obras para mejorar el grueso de la l\u00ednea 1 de Metro que implicar\u00e1 el cierre de 23 estaciones durante los 133 d\u00edas que durar\u00e1n los trabajos y que implicar\u00e1 el refuerzo tanto de EMT como de Cercan\u00edas para desplegar alternativas de transportes adecuadas. El corte parcial tendr\u00e1\" \/>\n\t\t<meta property=\"og:url\" content=\"https:\/\/eldigitaldeasturias.com\/magazine365\/se-cierran-23-estaciones-de-la-linea-1-de-metro-de-madrid-por-obras\/\" \/>\n\t\t<meta property=\"og:image\" content=\"https:\/\/eldigitaldeasturias.com\/magazine365\/wp-content\/uploads\/2016\/07\/fotonoticia_20160704103942_800.jpg\" \/>\n\t\t<meta property=\"og:image:secure_url\" content=\"https:\/\/eldigitaldeasturias.com\/magazine365\/wp-content\/uploads\/2016\/07\/fotonoticia_20160704103942_800.jpg\" \/>\n\t\t<meta property=\"og:image:width\" content=\"800\" \/>\n\t\t<meta property=\"og:image:height\" content=\"530\" \/>\n\t\t<meta property=\"article:published_time\" content=\"2016-07-04T10:15:32+00:00\" \/>\n\t\t<meta property=\"article:modified_time\" content=\"2016-07-04T10:15:32+00:00\" \/>\n\t\t<meta name=\"twitter:card\" content=\"summary_large_image\" \/>\n\t\t<meta name=\"twitter:title\" content=\"Se cierran 23 estaciones de la L\u00ednea 1 de Metro de Madrid por obras | El Digital de Asturias\" \/>\n\t\t<meta name=\"twitter:description\" content=\"Este domingo, 3 de julio, han arrancado las obras para mejorar el grueso de la l\u00ednea 1 de Metro que implicar\u00e1 el cierre de 23 estaciones durante los 133 d\u00edas que durar\u00e1n los trabajos y que implicar\u00e1 el refuerzo tanto de EMT como de Cercan\u00edas para desplegar alternativas de transportes adecuadas. El corte parcial tendr\u00e1\" \/>\n\t\t<meta name=\"twitter:image\" content=\"https:\/\/eldigitaldeasturias.com\/magazine365\/wp-content\/uploads\/2016\/07\/fotonoticia_20160704103942_800.jpg\" \/>\n\t\t<script type=\"application\/ld+json\" class=\"aioseo-schema\">\n\t\t\t{\"@context\":\"https:\\\/\\\/schema.org\",\"@graph\":[{\"@type\":\"Article\",\"@id\":\"https:\\\/\\\/eldigitaldeasturias.com\\\/magazine365\\\/se-cierran-23-estaciones-de-la-linea-1-de-metro-de-madrid-por-obras\\\/#article\",\"name\":\"Se cierran 23 estaciones de la L\\u00ednea 1 de Metro de Madrid por obras | El Digital de Asturias\",\"headline\":\"Se cierran 23 estaciones de la L\\u00ednea 1 de Metro de Madrid por obras\",\"author\":{\"@id\":\"https:\\\/\\\/eldigitaldeasturias.com\\\/magazine365\\\/author\\\/admin\\\/#author\"},\"publisher\":{\"@id\":\"https:\\\/\\\/eldigitaldeasturias.com\\\/magazine365\\\/#organization\"},\"image\":{\"@type\":\"ImageObject\",\"url\":\"https:\\\/\\\/eldigitaldeasturias.com\\\/magazine365\\\/wp-content\\\/uploads\\\/2016\\\/07\\\/fotonoticia_20160704103942_800.jpg\",\"width\":800,\"height\":530},\"datePublished\":\"2016-07-04T12:15:32+02:00\",\"dateModified\":\"2016-07-04T12:15:32+02:00\",\"inLanguage\":\"es-ES\",\"mainEntityOfPage\":{\"@id\":\"https:\\\/\\\/eldigitaldeasturias.com\\\/magazine365\\\/se-cierran-23-estaciones-de-la-linea-1-de-metro-de-madrid-por-obras\\\/#webpage\"},\"isPartOf\":{\"@id\":\"https:\\\/\\\/eldigitaldeasturias.com\\\/magazine365\\\/se-cierran-23-estaciones-de-la-linea-1-de-metro-de-madrid-por-obras\\\/#webpage\"},\"articleSection\":\"Noticias y Actualidad\"},{\"@type\":\"BreadcrumbList\",\"@id\":\"https:\\\/\\\/eldigitaldeasturias.com\\\/magazine365\\\/se-cierran-23-estaciones-de-la-linea-1-de-metro-de-madrid-por-obras\\\/#breadcrumblist\",\"itemListElement\":[{\"@type\":\"ListItem\",\"@id\":\"https:\\\/\\\/eldigitaldeasturias.com\\\/magazine365#listItem\",\"position\":1,\"name\":\"Home\",\"item\":\"https:\\\/\\\/eldigitaldeasturias.com\\\/magazine365\",\"nextItem\":{\"@type\":\"ListItem\",\"@id\":\"https:\\\/\\\/eldigitaldeasturias.com\\\/magazine365\\\/category\\\/noticias-actualidad\\\/#listItem\",\"name\":\"Noticias y Actualidad\"}},{\"@type\":\"ListItem\",\"@id\":\"https:\\\/\\\/eldigitaldeasturias.com\\\/magazine365\\\/category\\\/noticias-actualidad\\\/#listItem\",\"position\":2,\"name\":\"Noticias y Actualidad\",\"item\":\"https:\\\/\\\/eldigitaldeasturias.com\\\/magazine365\\\/category\\\/noticias-actualidad\\\/\",\"nextItem\":{\"@type\":\"ListItem\",\"@id\":\"https:\\\/\\\/eldigitaldeasturias.com\\\/magazine365\\\/se-cierran-23-estaciones-de-la-linea-1-de-metro-de-madrid-por-obras\\\/#listItem\",\"name\":\"Se cierran 23 estaciones de la L\\u00ednea 1 de Metro de Madrid por obras\"},\"previousItem\":{\"@type\":\"ListItem\",\"@id\":\"https:\\\/\\\/eldigitaldeasturias.com\\\/magazine365#listItem\",\"name\":\"Home\"}},{\"@type\":\"ListItem\",\"@id\":\"https:\\\/\\\/eldigitaldeasturias.com\\\/magazine365\\\/se-cierran-23-estaciones-de-la-linea-1-de-metro-de-madrid-por-obras\\\/#listItem\",\"position\":3,\"name\":\"Se cierran 23 estaciones de la L\\u00ednea 1 de Metro de Madrid por obras\",\"previousItem\":{\"@type\":\"ListItem\",\"@id\":\"https:\\\/\\\/eldigitaldeasturias.com\\\/magazine365\\\/category\\\/noticias-actualidad\\\/#listItem\",\"name\":\"Noticias y Actualidad\"}}]},{\"@type\":\"Organization\",\"@id\":\"https:\\\/\\\/eldigitaldeasturias.com\\\/magazine365\\\/#organization\",\"name\":\"El digital de Asturias\",\"description\":\"Revista de ocio, turismo y estilo de vida\",\"url\":\"https:\\\/\\\/eldigitaldeasturias.com\\\/magazine365\\\/\",\"logo\":{\"@type\":\"ImageObject\",\"url\":\"https:\\\/\\\/www.eldigitaldeasturias.com\\\/noticias\\\/wp-content\\\/uploads\\\/2020\\\/12\\\/EDA.jpg\",\"@id\":\"https:\\\/\\\/eldigitaldeasturias.com\\\/magazine365\\\/se-cierran-23-estaciones-de-la-linea-1-de-metro-de-madrid-por-obras\\\/#organizationLogo\"},\"image\":{\"@id\":\"https:\\\/\\\/eldigitaldeasturias.com\\\/magazine365\\\/se-cierran-23-estaciones-de-la-linea-1-de-metro-de-madrid-por-obras\\\/#organizationLogo\"}},{\"@type\":\"Person\",\"@id\":\"https:\\\/\\\/eldigitaldeasturias.com\\\/magazine365\\\/author\\\/admin\\\/#author\",\"url\":\"https:\\\/\\\/eldigitaldeasturias.com\\\/magazine365\\\/author\\\/admin\\\/\",\"name\":\"admin\",\"image\":{\"@type\":\"ImageObject\",\"@id\":\"https:\\\/\\\/eldigitaldeasturias.com\\\/magazine365\\\/se-cierran-23-estaciones-de-la-linea-1-de-metro-de-madrid-por-obras\\\/#authorImage\",\"url\":\"https:\\\/\\\/eldigitaldeasturias.com\\\/magazine365\\\/wp-content\\\/litespeed\\\/avatar\\\/e571bcf59a0edd6fa6838245a470f2fe.jpg?ver=1776969259\",\"width\":96,\"height\":96,\"caption\":\"admin\"}},{\"@type\":\"WebPage\",\"@id\":\"https:\\\/\\\/eldigitaldeasturias.com\\\/magazine365\\\/se-cierran-23-estaciones-de-la-linea-1-de-metro-de-madrid-por-obras\\\/#webpage\",\"url\":\"https:\\\/\\\/eldigitaldeasturias.com\\\/magazine365\\\/se-cierran-23-estaciones-de-la-linea-1-de-metro-de-madrid-por-obras\\\/\",\"name\":\"Se cierran 23 estaciones de la L\\u00ednea 1 de Metro de Madrid por obras | El Digital de Asturias\",\"description\":\"Este domingo, 3 de julio, han arrancado las obras para mejorar el grueso de la l\\u00ednea 1 de Metro que implicar\\u00e1 el cierre de 23 estaciones durante los 133 d\\u00edas que durar\\u00e1n los trabajos y que implicar\\u00e1 el refuerzo tanto de EMT como de Cercan\\u00edas para desplegar alternativas de transportes adecuadas. El corte parcial tendr\\u00e1\",\"inLanguage\":\"es-ES\",\"isPartOf\":{\"@id\":\"https:\\\/\\\/eldigitaldeasturias.com\\\/magazine365\\\/#website\"},\"breadcrumb\":{\"@id\":\"https:\\\/\\\/eldigitaldeasturias.com\\\/magazine365\\\/se-cierran-23-estaciones-de-la-linea-1-de-metro-de-madrid-por-obras\\\/#breadcrumblist\"},\"author\":{\"@id\":\"https:\\\/\\\/eldigitaldeasturias.com\\\/magazine365\\\/author\\\/admin\\\/#author\"},\"creator\":{\"@id\":\"https:\\\/\\\/eldigitaldeasturias.com\\\/magazine365\\\/author\\\/admin\\\/#author\"},\"image\":{\"@type\":\"ImageObject\",\"url\":\"https:\\\/\\\/eldigitaldeasturias.com\\\/magazine365\\\/wp-content\\\/uploads\\\/2016\\\/07\\\/fotonoticia_20160704103942_800.jpg\",\"@id\":\"https:\\\/\\\/eldigitaldeasturias.com\\\/magazine365\\\/se-cierran-23-estaciones-de-la-linea-1-de-metro-de-madrid-por-obras\\\/#mainImage\",\"width\":800,\"height\":530},\"primaryImageOfPage\":{\"@id\":\"https:\\\/\\\/eldigitaldeasturias.com\\\/magazine365\\\/se-cierran-23-estaciones-de-la-linea-1-de-metro-de-madrid-por-obras\\\/#mainImage\"},\"datePublished\":\"2016-07-04T12:15:32+02:00\",\"dateModified\":\"2016-07-04T12:15:32+02:00\"},{\"@type\":\"WebSite\",\"@id\":\"https:\\\/\\\/eldigitaldeasturias.com\\\/magazine365\\\/#website\",\"url\":\"https:\\\/\\\/eldigitaldeasturias.com\\\/magazine365\\\/\",\"name\":\"El Digital de Asturias\",\"description\":\"Revista de ocio, turismo y estilo de vida\",\"inLanguage\":\"es-ES\",\"publisher\":{\"@id\":\"https:\\\/\\\/eldigitaldeasturias.com\\\/magazine365\\\/#organization\"}}]}\n\t\t<\/script>\n\t\t<!-- All in One SEO Pro -->\r\n\t\t<title>Se cierran 23 estaciones de la L\u00ednea 1 de Metro de Madrid por obras | El Digital de Asturias<\/title>\n\n","aioseo_head_json":{"title":"Se cierran 23 estaciones de la L\u00ednea 1 de Metro de Madrid por obras | El Digital de Asturias","description":"Este domingo, 3 de julio, han arrancado las obras para mejorar el grueso de la l\u00ednea 1 de Metro que implicar\u00e1 el cierre de 23 estaciones durante los 133 d\u00edas que durar\u00e1n los trabajos y que implicar\u00e1 el refuerzo tanto de EMT como de Cercan\u00edas para desplegar alternativas de transportes adecuadas. El corte parcial tendr\u00e1","canonical_url":"https:\/\/eldigitaldeasturias.com\/magazine365\/se-cierran-23-estaciones-de-la-linea-1-de-metro-de-madrid-por-obras\/","robots":"max-image-preview:large","keywords":"noticias y actualidad","webmasterTools":{"google-site-verification":"UA-38556648-1","miscellaneous":""},"schema":{"@context":"https:\/\/schema.org","@graph":[{"@type":"Article","@id":"https:\/\/eldigitaldeasturias.com\/magazine365\/se-cierran-23-estaciones-de-la-linea-1-de-metro-de-madrid-por-obras\/#article","name":"Se cierran 23 estaciones de la L\u00ednea 1 de Metro de Madrid por obras | El Digital de Asturias","headline":"Se cierran 23 estaciones de la L\u00ednea 1 de Metro de Madrid por obras","author":{"@id":"https:\/\/eldigitaldeasturias.com\/magazine365\/author\/admin\/#author"},"publisher":{"@id":"https:\/\/eldigitaldeasturias.com\/magazine365\/#organization"},"image":{"@type":"ImageObject","url":"https:\/\/eldigitaldeasturias.com\/magazine365\/wp-content\/uploads\/2016\/07\/fotonoticia_20160704103942_800.jpg","width":800,"height":530},"datePublished":"2016-07-04T12:15:32+02:00","dateModified":"2016-07-04T12:15:32+02:00","inLanguage":"es-ES","mainEntityOfPage":{"@id":"https:\/\/eldigitaldeasturias.com\/magazine365\/se-cierran-23-estaciones-de-la-linea-1-de-metro-de-madrid-por-obras\/#webpage"},"isPartOf":{"@id":"https:\/\/eldigitaldeasturias.com\/magazine365\/se-cierran-23-estaciones-de-la-linea-1-de-metro-de-madrid-por-obras\/#webpage"},"articleSection":"Noticias y Actualidad"},{"@type":"BreadcrumbList","@id":"https:\/\/eldigitaldeasturias.com\/magazine365\/se-cierran-23-estaciones-de-la-linea-1-de-metro-de-madrid-por-obras\/#breadcrumblist","itemListElement":[{"@type":"ListItem","@id":"https:\/\/eldigitaldeasturias.com\/magazine365#listItem","position":1,"name":"Home","item":"https:\/\/eldigitaldeasturias.com\/magazine365","nextItem":{"@type":"ListItem","@id":"https:\/\/eldigitaldeasturias.com\/magazine365\/category\/noticias-actualidad\/#listItem","name":"Noticias y Actualidad"}},{"@type":"ListItem","@id":"https:\/\/eldigitaldeasturias.com\/magazine365\/category\/noticias-actualidad\/#listItem","position":2,"name":"Noticias y Actualidad","item":"https:\/\/eldigitaldeasturias.com\/magazine365\/category\/noticias-actualidad\/","nextItem":{"@type":"ListItem","@id":"https:\/\/eldigitaldeasturias.com\/magazine365\/se-cierran-23-estaciones-de-la-linea-1-de-metro-de-madrid-por-obras\/#listItem","name":"Se cierran 23 estaciones de la L\u00ednea 1 de Metro de Madrid por obras"},"previousItem":{"@type":"ListItem","@id":"https:\/\/eldigitaldeasturias.com\/magazine365#listItem","name":"Home"}},{"@type":"ListItem","@id":"https:\/\/eldigitaldeasturias.com\/magazine365\/se-cierran-23-estaciones-de-la-linea-1-de-metro-de-madrid-por-obras\/#listItem","position":3,"name":"Se cierran 23 estaciones de la L\u00ednea 1 de Metro de Madrid por obras","previousItem":{"@type":"ListItem","@id":"https:\/\/eldigitaldeasturias.com\/magazine365\/category\/noticias-actualidad\/#listItem","name":"Noticias y Actualidad"}}]},{"@type":"Organization","@id":"https:\/\/eldigitaldeasturias.com\/magazine365\/#organization","name":"El digital de Asturias","description":"Revista de ocio, turismo y estilo de vida","url":"https:\/\/eldigitaldeasturias.com\/magazine365\/","logo":{"@type":"ImageObject","url":"https:\/\/www.eldigitaldeasturias.com\/noticias\/wp-content\/uploads\/2020\/12\/EDA.jpg","@id":"https:\/\/eldigitaldeasturias.com\/magazine365\/se-cierran-23-estaciones-de-la-linea-1-de-metro-de-madrid-por-obras\/#organizationLogo"},"image":{"@id":"https:\/\/eldigitaldeasturias.com\/magazine365\/se-cierran-23-estaciones-de-la-linea-1-de-metro-de-madrid-por-obras\/#organizationLogo"}},{"@type":"Person","@id":"https:\/\/eldigitaldeasturias.com\/magazine365\/author\/admin\/#author","url":"https:\/\/eldigitaldeasturias.com\/magazine365\/author\/admin\/","name":"admin","image":{"@type":"ImageObject","@id":"https:\/\/eldigitaldeasturias.com\/magazine365\/se-cierran-23-estaciones-de-la-linea-1-de-metro-de-madrid-por-obras\/#authorImage","url":"https:\/\/eldigitaldeasturias.com\/magazine365\/wp-content\/litespeed\/avatar\/e571bcf59a0edd6fa6838245a470f2fe.jpg?ver=1776969259","width":96,"height":96,"caption":"admin"}},{"@type":"WebPage","@id":"https:\/\/eldigitaldeasturias.com\/magazine365\/se-cierran-23-estaciones-de-la-linea-1-de-metro-de-madrid-por-obras\/#webpage","url":"https:\/\/eldigitaldeasturias.com\/magazine365\/se-cierran-23-estaciones-de-la-linea-1-de-metro-de-madrid-por-obras\/","name":"Se cierran 23 estaciones de la L\u00ednea 1 de Metro de Madrid por obras | El Digital de Asturias","description":"Este domingo, 3 de julio, han arrancado las obras para mejorar el grueso de la l\u00ednea 1 de Metro que implicar\u00e1 el cierre de 23 estaciones durante los 133 d\u00edas que durar\u00e1n los trabajos y que implicar\u00e1 el refuerzo tanto de EMT como de Cercan\u00edas para desplegar alternativas de transportes adecuadas. El corte parcial tendr\u00e1","inLanguage":"es-ES","isPartOf":{"@id":"https:\/\/eldigitaldeasturias.com\/magazine365\/#website"},"breadcrumb":{"@id":"https:\/\/eldigitaldeasturias.com\/magazine365\/se-cierran-23-estaciones-de-la-linea-1-de-metro-de-madrid-por-obras\/#breadcrumblist"},"author":{"@id":"https:\/\/eldigitaldeasturias.com\/magazine365\/author\/admin\/#author"},"creator":{"@id":"https:\/\/eldigitaldeasturias.com\/magazine365\/author\/admin\/#author"},"image":{"@type":"ImageObject","url":"https:\/\/eldigitaldeasturias.com\/magazine365\/wp-content\/uploads\/2016\/07\/fotonoticia_20160704103942_800.jpg","@id":"https:\/\/eldigitaldeasturias.com\/magazine365\/se-cierran-23-estaciones-de-la-linea-1-de-metro-de-madrid-por-obras\/#mainImage","width":800,"height":530},"primaryImageOfPage":{"@id":"https:\/\/eldigitaldeasturias.com\/magazine365\/se-cierran-23-estaciones-de-la-linea-1-de-metro-de-madrid-por-obras\/#mainImage"},"datePublished":"2016-07-04T12:15:32+02:00","dateModified":"2016-07-04T12:15:32+02:00"},{"@type":"WebSite","@id":"https:\/\/eldigitaldeasturias.com\/magazine365\/#website","url":"https:\/\/eldigitaldeasturias.com\/magazine365\/","name":"El Digital de Asturias","description":"Revista de ocio, turismo y estilo de vida","inLanguage":"es-ES","publisher":{"@id":"https:\/\/eldigitaldeasturias.com\/magazine365\/#organization"}}]},"og:locale":"es_ES","og:site_name":"El Digital de Asturias \u2013 Revista de ocio, turismo y estilo de vida","og:type":"article","og:title":"Se cierran 23 estaciones de la L\u00ednea 1 de Metro de Madrid por obras | El Digital de Asturias","og:description":"Este domingo, 3 de julio, han arrancado las obras para mejorar el grueso de la l\u00ednea 1 de Metro que implicar\u00e1 el cierre de 23 estaciones durante los 133 d\u00edas que durar\u00e1n los trabajos y que implicar\u00e1 el refuerzo tanto de EMT como de Cercan\u00edas para desplegar alternativas de transportes adecuadas. El corte parcial tendr\u00e1","og:url":"https:\/\/eldigitaldeasturias.com\/magazine365\/se-cierran-23-estaciones-de-la-linea-1-de-metro-de-madrid-por-obras\/","og:image":"https:\/\/eldigitaldeasturias.com\/magazine365\/wp-content\/uploads\/2016\/07\/fotonoticia_20160704103942_800.jpg","og:image:secure_url":"https:\/\/eldigitaldeasturias.com\/magazine365\/wp-content\/uploads\/2016\/07\/fotonoticia_20160704103942_800.jpg","og:image:width":800,"og:image:height":530,"article:published_time":"2016-07-04T10:15:32+00:00","article:modified_time":"2016-07-04T10:15:32+00:00","twitter:card":"summary_large_image","twitter:title":"Se cierran 23 estaciones de la L\u00ednea 1 de Metro de Madrid por obras | El Digital de Asturias","twitter:description":"Este domingo, 3 de julio, han arrancado las obras para mejorar el grueso de la l\u00ednea 1 de Metro que implicar\u00e1 el cierre de 23 estaciones durante los 133 d\u00edas que durar\u00e1n los trabajos y que implicar\u00e1 el refuerzo tanto de EMT como de Cercan\u00edas para desplegar alternativas de transportes adecuadas. El corte parcial tendr\u00e1","twitter:image":"https:\/\/eldigitaldeasturias.com\/magazine365\/wp-content\/uploads\/2016\/07\/fotonoticia_20160704103942_800.jpg"},"aioseo_meta_data":{"post_id":"81522","title":null,"description":null,"keywords":null,"keyphrases":null,"primary_term":null,"canonical_url":null,"og_title":null,"og_description":null,"og_object_type":"default","og_image_type":"default","og_image_url":null,"og_image_width":null,"og_image_height":null,"og_image_custom_url":null,"og_image_custom_fields":null,"og_video":null,"og_custom_url":null,"og_article_section":null,"og_article_tags":null,"twitter_use_og":false,"twitter_card":"default","twitter_image_type":"default","twitter_image_url":null,"twitter_image_custom_url":null,"twitter_image_custom_fields":null,"twitter_title":null,"twitter_description":null,"schema":{"blockGraphs":[],"customGraphs":[],"default":{"data":{"Article":[],"Course":[],"Dataset":[],"FAQPage":[],"Movie":[],"Person":[],"Product":[],"ProductReview":[],"Car":[],"Recipe":[],"Service":[],"SoftwareApplication":[],"WebPage":[]},"graphName":"","isEnabled":true},"graphs":[],"defaultGraph":"","defaultPostTypeGraph":""},"schema_type":null,"schema_type_options":null,"pillar_content":false,"robots_default":true,"robots_noindex":false,"robots_noarchive":false,"robots_nosnippet":false,"robots_nofollow":false,"robots_noimageindex":false,"robots_noodp":false,"robots_notranslate":false,"robots_max_snippet":null,"robots_max_videopreview":null,"robots_max_imagepreview":"large","priority":null,"frequency":null,"location":null,"local_seo":null,"seo_analyzer_scan_date":"2025-09-27 23:04:34","breadcrumb_settings":null,"limit_modified_date":false,"open_ai":null,"ai":null,"created":"2021-03-08 17:16:58","updated":"2025-09-27 23:04:34"},"aioseo_breadcrumb":"<div class=\"aioseo-breadcrumbs\"><span class=\"aioseo-breadcrumb\">\n\t<a href=\"https:\/\/eldigitaldeasturias.com\/magazine365\" title=\"Home\">Home<\/a>\n<\/span><span class=\"aioseo-breadcrumb-separator\">\u2013<\/span><span class=\"aioseo-breadcrumb\">\n\t<a href=\"https:\/\/eldigitaldeasturias.com\/magazine365\/category\/noticias-actualidad\/\" title=\"Noticias y Actualidad\">Noticias y Actualidad<\/a>\n<\/span><span class=\"aioseo-breadcrumb-separator\">\u2013<\/span><span class=\"aioseo-breadcrumb\">\n\t<a href=\"https:\/\/eldigitaldeasturias.com\/magazine365\/se-cierran-23-estaciones-de-la-linea-1-de-metro-de-madrid-por-obras\/\" title=\"Se cierran 23 estaciones de la L\u00ednea 1 de Metro de Madrid por obras\">Se cierran 23 estaciones de la L\u00ednea 1 de Metro de Madrid por obras<\/a>\n<\/span><\/div>","aioseo_breadcrumb_json":[{"label":"Home","link":"https:\/\/eldigitaldeasturias.com\/magazine365"},{"label":"Noticias y Actualidad","link":"https:\/\/eldigitaldeasturias.com\/magazine365\/category\/noticias-actualidad\/"},{"label":"Se cierran 23 estaciones de la L\u00ednea 1 de Metro de Madrid por obras","link":"https:\/\/eldigitaldeasturias.com\/magazine365\/se-cierran-23-estaciones-de-la-linea-1-de-metro-de-madrid-por-obras\/"}],"_links":{"self":[{"href":"https:\/\/eldigitaldeasturias.com\/magazine365\/wp-json\/wp\/v2\/posts\/81522","targetHints":{"allow":["GET"]}}],"collection":[{"href":"https:\/\/eldigitaldeasturias.com\/magazine365\/wp-json\/wp\/v2\/posts"}],"about":[{"href":"https:\/\/eldigitaldeasturias.com\/magazine365\/wp-json\/wp\/v2\/types\/post"}],"author":[{"embeddable":true,"href":"https:\/\/eldigitaldeasturias.com\/magazine365\/wp-json\/wp\/v2\/users\/1"}],"replies":[{"embeddable":true,"href":"https:\/\/eldigitaldeasturias.com\/magazine365\/wp-json\/wp\/v2\/comments?post=81522"}],"version-history":[{"count":0,"href":"https:\/\/eldigitaldeasturias.com\/magazine365\/wp-json\/wp\/v2\/posts\/81522\/revisions"}],"wp:featuredmedia":[{"embeddable":true,"href":"https:\/\/eldigitaldeasturias.com\/magazine365\/wp-json\/wp\/v2\/media\/81523"}],"wp:attachment":[{"href":"https:\/\/eldigitaldeasturias.com\/magazine365\/wp-json\/wp\/v2\/media?parent=81522"}],"wp:term":[{"taxonomy":"category","embeddable":true,"href":"https:\/\/eldigitaldeasturias.com\/magazine365\/wp-json\/wp\/v2\/categories?post=81522"},{"taxonomy":"post_tag","embeddable":true,"href":"https:\/\/eldigitaldeasturias.com\/magazine365\/wp-json\/wp\/v2\/tags?post=81522"}],"curies":[{"name":"wp","href":"https:\/\/api.w.org\/{rel}","templated":true}]}}