{"id":81516,"date":"2016-07-04T12:05:10","date_gmt":"2016-07-04T10:05:10","guid":{"rendered":"http:\/\/eldigitaldeasturias.com\/magazine365\/?p=81516"},"modified":"2016-07-04T12:05:10","modified_gmt":"2016-07-04T10:05:10","slug":"sevilla-se-promociona-como-destino-de-compras-y-lujo-ante-agencias-de-viajes-de-brasil","status":"publish","type":"post","link":"https:\/\/eldigitaldeasturias.com\/magazine365\/sevilla-se-promociona-como-destino-de-compras-y-lujo-ante-agencias-de-viajes-de-brasil\/","title":{"rendered":"Sevilla se promociona como destino de compras y lujo ante agencias de viajes de Brasil"},"content":{"rendered":"<p><img fetchpriority=\"high\" decoding=\"async\" class=\"alignleft size-medium wp-image-81517\" src=\"https:\/\/eldigitaldeasturias.com\/magazine365\/wp-content\/uploads\/2016\/07\/fotonoticia_20160704102148_800-360x203.jpg\" alt=\"fotonoticia_20160704102148_800\" width=\"360\" height=\"203\" srcset=\"https:\/\/eldigitaldeasturias.com\/magazine365\/wp-content\/uploads\/2016\/07\/fotonoticia_20160704102148_800-360x203.jpg 360w, https:\/\/eldigitaldeasturias.com\/magazine365\/wp-content\/uploads\/2016\/07\/fotonoticia_20160704102148_800-650x366.jpg 650w, https:\/\/eldigitaldeasturias.com\/magazine365\/wp-content\/uploads\/2016\/07\/fotonoticia_20160704102148_800-768x432.jpg 768w, https:\/\/eldigitaldeasturias.com\/magazine365\/wp-content\/uploads\/2016\/07\/fotonoticia_20160704102148_800-150x84.jpg 150w, https:\/\/eldigitaldeasturias.com\/magazine365\/wp-content\/uploads\/2016\/07\/fotonoticia_20160704102148_800-450x253.jpg 450w, https:\/\/eldigitaldeasturias.com\/magazine365\/wp-content\/uploads\/2016\/07\/fotonoticia_20160704102148_800-499x280.jpg 499w, https:\/\/eldigitaldeasturias.com\/magazine365\/wp-content\/uploads\/2016\/07\/fotonoticia_20160704102148_800-510x289.jpg 510w, https:\/\/eldigitaldeasturias.com\/magazine365\/wp-content\/uploads\/2016\/07\/fotonoticia_20160704102148_800.jpg 800w\" sizes=\"(max-width: 360px) 100vw, 360px\" \/>El Consorcio de Turismo de Sevilla ha realizado una promoci\u00f3n de esta ciudad como destino de lujo y de compras durante unas jornadas organizadas por Turespa\u00f1a en Madrid sobre el pujante turismo de lujo de Brasil.<\/p>\n<p>Seg\u00fan ha informado el Ayuntamiento en una nota este domingo, ante turoperadores y agencias de viajes de este pa\u00eds iberoamericano, el \u00f3rgano de promoci\u00f3n de Sevilla ha hecho hincapi\u00e9 en la confluencia entre sus principales arterias comerciales y zonas tur\u00edsticas, as\u00ed como en la diferenciaci\u00f3n con respecto a otras capitales espa\u00f1olas.<\/p>\n<p>En concreto, en este workshop especializado el Consorcio de Turismo ha mantenido 15 reuniones con agencias de viajes brasile\u00f1as del segmento &#8216;premium&#8217; (lujo), al tiempo que se han abordado tambi\u00e9n otros mercados latinoamericanos.<\/p>\n<p>Espa\u00f1a es el segundo destino preferido por los brasile\u00f1os en Europa, tras Francia, mientras que Andaluc\u00eda es la tercera comunidad aut\u00f3noma m\u00e1s visitada, despu\u00e9s de Madrid y Catalu\u00f1a. De la oferta espa\u00f1ola, lo que m\u00e1s valoran los brasile\u00f1os es \u00abla gastronom\u00eda, la cultura y el estilo de vida\u00bb, y se caracterizan, adem\u00e1s, por estancias largas y un elevado gasto medio.<\/p>\n<p>Dentro de las estrategias de captaci\u00f3n de m\u00e1s viajeros y de incrementar su estancia media y el gasto medio en la ciudad, el segmento de lujo y compras es una de las l\u00edneas en las que trabaja actualmente el Consorcio de Turismo de Sevilla, sobre todo en el exterior.<\/p>\n<p>En la promoci\u00f3n para el mercado de Brasil, se ha destacado la confluencia entre las principales zonas comerciales y \u00e1reas tur\u00edsticas de la ciudad, adem\u00e1s de la presencia en ellas de una amplia oferta gastron\u00f3mica, cultural y de ocio.<\/p>\n<p>Asimismo, a diferencia del turismo de compras de otras ciudades espa\u00f1olas, muy centrado en las grandes marcas de moda de lujo internacionales, Sevilla ha puesto en valor su propia cartera de dise\u00f1adores, entre ellos, Victorio&amp;Luchino, Roberto Diz, Fernando Claro, Antonio Garc\u00eda Estudio, Manolo Giraldo o Tolentino, as\u00ed como la pujante moda flamenca y el conjunto de su artesan\u00eda, seg\u00fan ha abundado el Ayuntamiento.<\/p>\n<p>&nbsp;<\/p>\n","protected":false},"excerpt":{"rendered":"<p>El Consorcio de Turismo de Sevilla ha realizado una promoci\u00f3n de esta ciudad como destino de lujo y de compras durante unas jornadas organizadas por Turespa\u00f1a en Madrid sobre el pujante turismo de lujo de Brasil. Seg\u00fan ha informado el Ayuntamiento en una nota este domingo, ante turoperadores y agencias de viajes de este pa\u00eds<\/p>\n","protected":false},"author":1,"featured_media":81517,"comment_status":"open","ping_status":"closed","sticky":false,"template":"","format":"standard","meta":{"footnotes":""},"categories":[224],"tags":[],"class_list":{"0":"post-81516","1":"post","2":"type-post","3":"status-publish","4":"format-standard","5":"has-post-thumbnail","7":"category-noticias-actualidad"},"aioseo_notices":[],"aioseo_head":"\n\t\t<!-- All in One SEO Pro 4.9.6.1 - aioseo.com -->\n\t<meta name=\"description\" content=\"El Consorcio de Turismo de Sevilla ha realizado una promoci\u00f3n de esta ciudad como destino de lujo y de compras durante unas jornadas organizadas por Turespa\u00f1a en Madrid sobre el pujante turismo de lujo de Brasil. Seg\u00fan ha informado el Ayuntamiento en una nota este domingo, ante turoperadores y agencias de viajes de este pa\u00eds\" \/>\n\t<meta name=\"robots\" content=\"max-image-preview:large\" \/>\n\t<meta name=\"author\" content=\"admin\"\/>\n\t<meta name=\"google-site-verification\" content=\"UA-38556648-1\" \/>\n\t<meta name=\"keywords\" content=\"noticias y actualidad\" \/>\n\t<link rel=\"canonical\" href=\"https:\/\/eldigitaldeasturias.com\/magazine365\/sevilla-se-promociona-como-destino-de-compras-y-lujo-ante-agencias-de-viajes-de-brasil\/\" \/>\n\t<meta name=\"generator\" content=\"All in One SEO Pro (AIOSEO) 4.9.6.1\" \/>\n\t\t<meta property=\"og:locale\" content=\"es_ES\" \/>\n\t\t<meta property=\"og:site_name\" content=\"El Digital de Asturias \u2013 Revista de ocio, turismo y estilo de vida\" \/>\n\t\t<meta property=\"og:type\" content=\"article\" \/>\n\t\t<meta property=\"og:title\" content=\"Sevilla se promociona como destino de compras y lujo ante agencias de viajes de Brasil | El Digital de Asturias\" \/>\n\t\t<meta property=\"og:description\" content=\"El Consorcio de Turismo de Sevilla ha realizado una promoci\u00f3n de esta ciudad como destino de lujo y de compras durante unas jornadas organizadas por Turespa\u00f1a en Madrid sobre el pujante turismo de lujo de Brasil. Seg\u00fan ha informado el Ayuntamiento en una nota este domingo, ante turoperadores y agencias de viajes de este pa\u00eds\" \/>\n\t\t<meta property=\"og:url\" content=\"https:\/\/eldigitaldeasturias.com\/magazine365\/sevilla-se-promociona-como-destino-de-compras-y-lujo-ante-agencias-de-viajes-de-brasil\/\" \/>\n\t\t<meta property=\"og:image\" content=\"https:\/\/eldigitaldeasturias.com\/magazine365\/wp-content\/uploads\/2016\/07\/fotonoticia_20160704102148_800.jpg\" \/>\n\t\t<meta property=\"og:image:secure_url\" content=\"https:\/\/eldigitaldeasturias.com\/magazine365\/wp-content\/uploads\/2016\/07\/fotonoticia_20160704102148_800.jpg\" \/>\n\t\t<meta property=\"og:image:width\" content=\"800\" \/>\n\t\t<meta property=\"og:image:height\" content=\"450\" \/>\n\t\t<meta property=\"article:published_time\" content=\"2016-07-04T10:05:10+00:00\" \/>\n\t\t<meta property=\"article:modified_time\" content=\"2016-07-04T10:05:10+00:00\" \/>\n\t\t<meta name=\"twitter:card\" content=\"summary_large_image\" \/>\n\t\t<meta name=\"twitter:title\" content=\"Sevilla se promociona como destino de compras y lujo ante agencias de viajes de Brasil | El Digital de Asturias\" \/>\n\t\t<meta name=\"twitter:description\" content=\"El Consorcio de Turismo de Sevilla ha realizado una promoci\u00f3n de esta ciudad como destino de lujo y de compras durante unas jornadas organizadas por Turespa\u00f1a en Madrid sobre el pujante turismo de lujo de Brasil. Seg\u00fan ha informado el Ayuntamiento en una nota este domingo, ante turoperadores y agencias de viajes de este pa\u00eds\" \/>\n\t\t<meta name=\"twitter:image\" content=\"https:\/\/eldigitaldeasturias.com\/magazine365\/wp-content\/uploads\/2016\/07\/fotonoticia_20160704102148_800.jpg\" \/>\n\t\t<script type=\"application\/ld+json\" class=\"aioseo-schema\">\n\t\t\t{\"@context\":\"https:\\\/\\\/schema.org\",\"@graph\":[{\"@type\":\"Article\",\"@id\":\"https:\\\/\\\/eldigitaldeasturias.com\\\/magazine365\\\/sevilla-se-promociona-como-destino-de-compras-y-lujo-ante-agencias-de-viajes-de-brasil\\\/#article\",\"name\":\"Sevilla se promociona como destino de compras y lujo ante agencias de viajes de Brasil | El Digital de Asturias\",\"headline\":\"Sevilla se promociona como destino de compras y lujo ante agencias de viajes de Brasil\",\"author\":{\"@id\":\"https:\\\/\\\/eldigitaldeasturias.com\\\/magazine365\\\/author\\\/admin\\\/#author\"},\"publisher\":{\"@id\":\"https:\\\/\\\/eldigitaldeasturias.com\\\/magazine365\\\/#organization\"},\"image\":{\"@type\":\"ImageObject\",\"url\":\"https:\\\/\\\/eldigitaldeasturias.com\\\/magazine365\\\/wp-content\\\/uploads\\\/2016\\\/07\\\/fotonoticia_20160704102148_800.jpg\",\"width\":800,\"height\":450},\"datePublished\":\"2016-07-04T12:05:10+02:00\",\"dateModified\":\"2016-07-04T12:05:10+02:00\",\"inLanguage\":\"es-ES\",\"mainEntityOfPage\":{\"@id\":\"https:\\\/\\\/eldigitaldeasturias.com\\\/magazine365\\\/sevilla-se-promociona-como-destino-de-compras-y-lujo-ante-agencias-de-viajes-de-brasil\\\/#webpage\"},\"isPartOf\":{\"@id\":\"https:\\\/\\\/eldigitaldeasturias.com\\\/magazine365\\\/sevilla-se-promociona-como-destino-de-compras-y-lujo-ante-agencias-de-viajes-de-brasil\\\/#webpage\"},\"articleSection\":\"Noticias y Actualidad\"},{\"@type\":\"BreadcrumbList\",\"@id\":\"https:\\\/\\\/eldigitaldeasturias.com\\\/magazine365\\\/sevilla-se-promociona-como-destino-de-compras-y-lujo-ante-agencias-de-viajes-de-brasil\\\/#breadcrumblist\",\"itemListElement\":[{\"@type\":\"ListItem\",\"@id\":\"https:\\\/\\\/eldigitaldeasturias.com\\\/magazine365#listItem\",\"position\":1,\"name\":\"Home\",\"item\":\"https:\\\/\\\/eldigitaldeasturias.com\\\/magazine365\",\"nextItem\":{\"@type\":\"ListItem\",\"@id\":\"https:\\\/\\\/eldigitaldeasturias.com\\\/magazine365\\\/category\\\/noticias-actualidad\\\/#listItem\",\"name\":\"Noticias y Actualidad\"}},{\"@type\":\"ListItem\",\"@id\":\"https:\\\/\\\/eldigitaldeasturias.com\\\/magazine365\\\/category\\\/noticias-actualidad\\\/#listItem\",\"position\":2,\"name\":\"Noticias y Actualidad\",\"item\":\"https:\\\/\\\/eldigitaldeasturias.com\\\/magazine365\\\/category\\\/noticias-actualidad\\\/\",\"nextItem\":{\"@type\":\"ListItem\",\"@id\":\"https:\\\/\\\/eldigitaldeasturias.com\\\/magazine365\\\/sevilla-se-promociona-como-destino-de-compras-y-lujo-ante-agencias-de-viajes-de-brasil\\\/#listItem\",\"name\":\"Sevilla se promociona como destino de compras y lujo ante agencias de viajes de Brasil\"},\"previousItem\":{\"@type\":\"ListItem\",\"@id\":\"https:\\\/\\\/eldigitaldeasturias.com\\\/magazine365#listItem\",\"name\":\"Home\"}},{\"@type\":\"ListItem\",\"@id\":\"https:\\\/\\\/eldigitaldeasturias.com\\\/magazine365\\\/sevilla-se-promociona-como-destino-de-compras-y-lujo-ante-agencias-de-viajes-de-brasil\\\/#listItem\",\"position\":3,\"name\":\"Sevilla se promociona como destino de compras y lujo ante agencias de viajes de Brasil\",\"previousItem\":{\"@type\":\"ListItem\",\"@id\":\"https:\\\/\\\/eldigitaldeasturias.com\\\/magazine365\\\/category\\\/noticias-actualidad\\\/#listItem\",\"name\":\"Noticias y Actualidad\"}}]},{\"@type\":\"Organization\",\"@id\":\"https:\\\/\\\/eldigitaldeasturias.com\\\/magazine365\\\/#organization\",\"name\":\"El digital de Asturias\",\"description\":\"Revista de ocio, turismo y estilo de vida\",\"url\":\"https:\\\/\\\/eldigitaldeasturias.com\\\/magazine365\\\/\",\"logo\":{\"@type\":\"ImageObject\",\"url\":\"https:\\\/\\\/www.eldigitaldeasturias.com\\\/noticias\\\/wp-content\\\/uploads\\\/2020\\\/12\\\/EDA.jpg\",\"@id\":\"https:\\\/\\\/eldigitaldeasturias.com\\\/magazine365\\\/sevilla-se-promociona-como-destino-de-compras-y-lujo-ante-agencias-de-viajes-de-brasil\\\/#organizationLogo\"},\"image\":{\"@id\":\"https:\\\/\\\/eldigitaldeasturias.com\\\/magazine365\\\/sevilla-se-promociona-como-destino-de-compras-y-lujo-ante-agencias-de-viajes-de-brasil\\\/#organizationLogo\"}},{\"@type\":\"Person\",\"@id\":\"https:\\\/\\\/eldigitaldeasturias.com\\\/magazine365\\\/author\\\/admin\\\/#author\",\"url\":\"https:\\\/\\\/eldigitaldeasturias.com\\\/magazine365\\\/author\\\/admin\\\/\",\"name\":\"admin\",\"image\":{\"@type\":\"ImageObject\",\"@id\":\"https:\\\/\\\/eldigitaldeasturias.com\\\/magazine365\\\/sevilla-se-promociona-como-destino-de-compras-y-lujo-ante-agencias-de-viajes-de-brasil\\\/#authorImage\",\"url\":\"https:\\\/\\\/eldigitaldeasturias.com\\\/magazine365\\\/wp-content\\\/litespeed\\\/avatar\\\/e571bcf59a0edd6fa6838245a470f2fe.jpg?ver=1776969259\",\"width\":96,\"height\":96,\"caption\":\"admin\"}},{\"@type\":\"WebPage\",\"@id\":\"https:\\\/\\\/eldigitaldeasturias.com\\\/magazine365\\\/sevilla-se-promociona-como-destino-de-compras-y-lujo-ante-agencias-de-viajes-de-brasil\\\/#webpage\",\"url\":\"https:\\\/\\\/eldigitaldeasturias.com\\\/magazine365\\\/sevilla-se-promociona-como-destino-de-compras-y-lujo-ante-agencias-de-viajes-de-brasil\\\/\",\"name\":\"Sevilla se promociona como destino de compras y lujo ante agencias de viajes de Brasil | El Digital de Asturias\",\"description\":\"El Consorcio de Turismo de Sevilla ha realizado una promoci\\u00f3n de esta ciudad como destino de lujo y de compras durante unas jornadas organizadas por Turespa\\u00f1a en Madrid sobre el pujante turismo de lujo de Brasil. Seg\\u00fan ha informado el Ayuntamiento en una nota este domingo, ante turoperadores y agencias de viajes de este pa\\u00eds\",\"inLanguage\":\"es-ES\",\"isPartOf\":{\"@id\":\"https:\\\/\\\/eldigitaldeasturias.com\\\/magazine365\\\/#website\"},\"breadcrumb\":{\"@id\":\"https:\\\/\\\/eldigitaldeasturias.com\\\/magazine365\\\/sevilla-se-promociona-como-destino-de-compras-y-lujo-ante-agencias-de-viajes-de-brasil\\\/#breadcrumblist\"},\"author\":{\"@id\":\"https:\\\/\\\/eldigitaldeasturias.com\\\/magazine365\\\/author\\\/admin\\\/#author\"},\"creator\":{\"@id\":\"https:\\\/\\\/eldigitaldeasturias.com\\\/magazine365\\\/author\\\/admin\\\/#author\"},\"image\":{\"@type\":\"ImageObject\",\"url\":\"https:\\\/\\\/eldigitaldeasturias.com\\\/magazine365\\\/wp-content\\\/uploads\\\/2016\\\/07\\\/fotonoticia_20160704102148_800.jpg\",\"@id\":\"https:\\\/\\\/eldigitaldeasturias.com\\\/magazine365\\\/sevilla-se-promociona-como-destino-de-compras-y-lujo-ante-agencias-de-viajes-de-brasil\\\/#mainImage\",\"width\":800,\"height\":450},\"primaryImageOfPage\":{\"@id\":\"https:\\\/\\\/eldigitaldeasturias.com\\\/magazine365\\\/sevilla-se-promociona-como-destino-de-compras-y-lujo-ante-agencias-de-viajes-de-brasil\\\/#mainImage\"},\"datePublished\":\"2016-07-04T12:05:10+02:00\",\"dateModified\":\"2016-07-04T12:05:10+02:00\"},{\"@type\":\"WebSite\",\"@id\":\"https:\\\/\\\/eldigitaldeasturias.com\\\/magazine365\\\/#website\",\"url\":\"https:\\\/\\\/eldigitaldeasturias.com\\\/magazine365\\\/\",\"name\":\"El Digital de Asturias\",\"description\":\"Revista de ocio, turismo y estilo de vida\",\"inLanguage\":\"es-ES\",\"publisher\":{\"@id\":\"https:\\\/\\\/eldigitaldeasturias.com\\\/magazine365\\\/#organization\"}}]}\n\t\t<\/script>\n\t\t<!-- All in One SEO Pro -->\r\n\t\t<title>Sevilla se promociona como destino de compras y lujo ante agencias de viajes de Brasil | El Digital de Asturias<\/title>\n\n","aioseo_head_json":{"title":"Sevilla se promociona como destino de compras y lujo ante agencias de viajes de Brasil | El Digital de Asturias","description":"El Consorcio de Turismo de Sevilla ha realizado una promoci\u00f3n de esta ciudad como destino de lujo y de compras durante unas jornadas organizadas por Turespa\u00f1a en Madrid sobre el pujante turismo de lujo de Brasil. Seg\u00fan ha informado el Ayuntamiento en una nota este domingo, ante turoperadores y agencias de viajes de este pa\u00eds","canonical_url":"https:\/\/eldigitaldeasturias.com\/magazine365\/sevilla-se-promociona-como-destino-de-compras-y-lujo-ante-agencias-de-viajes-de-brasil\/","robots":"max-image-preview:large","keywords":"noticias y actualidad","webmasterTools":{"google-site-verification":"UA-38556648-1","miscellaneous":""},"schema":{"@context":"https:\/\/schema.org","@graph":[{"@type":"Article","@id":"https:\/\/eldigitaldeasturias.com\/magazine365\/sevilla-se-promociona-como-destino-de-compras-y-lujo-ante-agencias-de-viajes-de-brasil\/#article","name":"Sevilla se promociona como destino de compras y lujo ante agencias de viajes de Brasil | El Digital de Asturias","headline":"Sevilla se promociona como destino de compras y lujo ante agencias de viajes de Brasil","author":{"@id":"https:\/\/eldigitaldeasturias.com\/magazine365\/author\/admin\/#author"},"publisher":{"@id":"https:\/\/eldigitaldeasturias.com\/magazine365\/#organization"},"image":{"@type":"ImageObject","url":"https:\/\/eldigitaldeasturias.com\/magazine365\/wp-content\/uploads\/2016\/07\/fotonoticia_20160704102148_800.jpg","width":800,"height":450},"datePublished":"2016-07-04T12:05:10+02:00","dateModified":"2016-07-04T12:05:10+02:00","inLanguage":"es-ES","mainEntityOfPage":{"@id":"https:\/\/eldigitaldeasturias.com\/magazine365\/sevilla-se-promociona-como-destino-de-compras-y-lujo-ante-agencias-de-viajes-de-brasil\/#webpage"},"isPartOf":{"@id":"https:\/\/eldigitaldeasturias.com\/magazine365\/sevilla-se-promociona-como-destino-de-compras-y-lujo-ante-agencias-de-viajes-de-brasil\/#webpage"},"articleSection":"Noticias y Actualidad"},{"@type":"BreadcrumbList","@id":"https:\/\/eldigitaldeasturias.com\/magazine365\/sevilla-se-promociona-como-destino-de-compras-y-lujo-ante-agencias-de-viajes-de-brasil\/#breadcrumblist","itemListElement":[{"@type":"ListItem","@id":"https:\/\/eldigitaldeasturias.com\/magazine365#listItem","position":1,"name":"Home","item":"https:\/\/eldigitaldeasturias.com\/magazine365","nextItem":{"@type":"ListItem","@id":"https:\/\/eldigitaldeasturias.com\/magazine365\/category\/noticias-actualidad\/#listItem","name":"Noticias y Actualidad"}},{"@type":"ListItem","@id":"https:\/\/eldigitaldeasturias.com\/magazine365\/category\/noticias-actualidad\/#listItem","position":2,"name":"Noticias y Actualidad","item":"https:\/\/eldigitaldeasturias.com\/magazine365\/category\/noticias-actualidad\/","nextItem":{"@type":"ListItem","@id":"https:\/\/eldigitaldeasturias.com\/magazine365\/sevilla-se-promociona-como-destino-de-compras-y-lujo-ante-agencias-de-viajes-de-brasil\/#listItem","name":"Sevilla se promociona como destino de compras y lujo ante agencias de viajes de Brasil"},"previousItem":{"@type":"ListItem","@id":"https:\/\/eldigitaldeasturias.com\/magazine365#listItem","name":"Home"}},{"@type":"ListItem","@id":"https:\/\/eldigitaldeasturias.com\/magazine365\/sevilla-se-promociona-como-destino-de-compras-y-lujo-ante-agencias-de-viajes-de-brasil\/#listItem","position":3,"name":"Sevilla se promociona como destino de compras y lujo ante agencias de viajes de Brasil","previousItem":{"@type":"ListItem","@id":"https:\/\/eldigitaldeasturias.com\/magazine365\/category\/noticias-actualidad\/#listItem","name":"Noticias y Actualidad"}}]},{"@type":"Organization","@id":"https:\/\/eldigitaldeasturias.com\/magazine365\/#organization","name":"El digital de Asturias","description":"Revista de ocio, turismo y estilo de vida","url":"https:\/\/eldigitaldeasturias.com\/magazine365\/","logo":{"@type":"ImageObject","url":"https:\/\/www.eldigitaldeasturias.com\/noticias\/wp-content\/uploads\/2020\/12\/EDA.jpg","@id":"https:\/\/eldigitaldeasturias.com\/magazine365\/sevilla-se-promociona-como-destino-de-compras-y-lujo-ante-agencias-de-viajes-de-brasil\/#organizationLogo"},"image":{"@id":"https:\/\/eldigitaldeasturias.com\/magazine365\/sevilla-se-promociona-como-destino-de-compras-y-lujo-ante-agencias-de-viajes-de-brasil\/#organizationLogo"}},{"@type":"Person","@id":"https:\/\/eldigitaldeasturias.com\/magazine365\/author\/admin\/#author","url":"https:\/\/eldigitaldeasturias.com\/magazine365\/author\/admin\/","name":"admin","image":{"@type":"ImageObject","@id":"https:\/\/eldigitaldeasturias.com\/magazine365\/sevilla-se-promociona-como-destino-de-compras-y-lujo-ante-agencias-de-viajes-de-brasil\/#authorImage","url":"https:\/\/eldigitaldeasturias.com\/magazine365\/wp-content\/litespeed\/avatar\/e571bcf59a0edd6fa6838245a470f2fe.jpg?ver=1776969259","width":96,"height":96,"caption":"admin"}},{"@type":"WebPage","@id":"https:\/\/eldigitaldeasturias.com\/magazine365\/sevilla-se-promociona-como-destino-de-compras-y-lujo-ante-agencias-de-viajes-de-brasil\/#webpage","url":"https:\/\/eldigitaldeasturias.com\/magazine365\/sevilla-se-promociona-como-destino-de-compras-y-lujo-ante-agencias-de-viajes-de-brasil\/","name":"Sevilla se promociona como destino de compras y lujo ante agencias de viajes de Brasil | El Digital de Asturias","description":"El Consorcio de Turismo de Sevilla ha realizado una promoci\u00f3n de esta ciudad como destino de lujo y de compras durante unas jornadas organizadas por Turespa\u00f1a en Madrid sobre el pujante turismo de lujo de Brasil. Seg\u00fan ha informado el Ayuntamiento en una nota este domingo, ante turoperadores y agencias de viajes de este pa\u00eds","inLanguage":"es-ES","isPartOf":{"@id":"https:\/\/eldigitaldeasturias.com\/magazine365\/#website"},"breadcrumb":{"@id":"https:\/\/eldigitaldeasturias.com\/magazine365\/sevilla-se-promociona-como-destino-de-compras-y-lujo-ante-agencias-de-viajes-de-brasil\/#breadcrumblist"},"author":{"@id":"https:\/\/eldigitaldeasturias.com\/magazine365\/author\/admin\/#author"},"creator":{"@id":"https:\/\/eldigitaldeasturias.com\/magazine365\/author\/admin\/#author"},"image":{"@type":"ImageObject","url":"https:\/\/eldigitaldeasturias.com\/magazine365\/wp-content\/uploads\/2016\/07\/fotonoticia_20160704102148_800.jpg","@id":"https:\/\/eldigitaldeasturias.com\/magazine365\/sevilla-se-promociona-como-destino-de-compras-y-lujo-ante-agencias-de-viajes-de-brasil\/#mainImage","width":800,"height":450},"primaryImageOfPage":{"@id":"https:\/\/eldigitaldeasturias.com\/magazine365\/sevilla-se-promociona-como-destino-de-compras-y-lujo-ante-agencias-de-viajes-de-brasil\/#mainImage"},"datePublished":"2016-07-04T12:05:10+02:00","dateModified":"2016-07-04T12:05:10+02:00"},{"@type":"WebSite","@id":"https:\/\/eldigitaldeasturias.com\/magazine365\/#website","url":"https:\/\/eldigitaldeasturias.com\/magazine365\/","name":"El Digital de Asturias","description":"Revista de ocio, turismo y estilo de vida","inLanguage":"es-ES","publisher":{"@id":"https:\/\/eldigitaldeasturias.com\/magazine365\/#organization"}}]},"og:locale":"es_ES","og:site_name":"El Digital de Asturias \u2013 Revista de ocio, turismo y estilo de vida","og:type":"article","og:title":"Sevilla se promociona como destino de compras y lujo ante agencias de viajes de Brasil | El Digital de Asturias","og:description":"El Consorcio de Turismo de Sevilla ha realizado una promoci\u00f3n de esta ciudad como destino de lujo y de compras durante unas jornadas organizadas por Turespa\u00f1a en Madrid sobre el pujante turismo de lujo de Brasil. Seg\u00fan ha informado el Ayuntamiento en una nota este domingo, ante turoperadores y agencias de viajes de este pa\u00eds","og:url":"https:\/\/eldigitaldeasturias.com\/magazine365\/sevilla-se-promociona-como-destino-de-compras-y-lujo-ante-agencias-de-viajes-de-brasil\/","og:image":"https:\/\/eldigitaldeasturias.com\/magazine365\/wp-content\/uploads\/2016\/07\/fotonoticia_20160704102148_800.jpg","og:image:secure_url":"https:\/\/eldigitaldeasturias.com\/magazine365\/wp-content\/uploads\/2016\/07\/fotonoticia_20160704102148_800.jpg","og:image:width":800,"og:image:height":450,"article:published_time":"2016-07-04T10:05:10+00:00","article:modified_time":"2016-07-04T10:05:10+00:00","twitter:card":"summary_large_image","twitter:title":"Sevilla se promociona como destino de compras y lujo ante agencias de viajes de Brasil | El Digital de Asturias","twitter:description":"El Consorcio de Turismo de Sevilla ha realizado una promoci\u00f3n de esta ciudad como destino de lujo y de compras durante unas jornadas organizadas por Turespa\u00f1a en Madrid sobre el pujante turismo de lujo de Brasil. Seg\u00fan ha informado el Ayuntamiento en una nota este domingo, ante turoperadores y agencias de viajes de este pa\u00eds","twitter:image":"https:\/\/eldigitaldeasturias.com\/magazine365\/wp-content\/uploads\/2016\/07\/fotonoticia_20160704102148_800.jpg"},"aioseo_meta_data":{"post_id":"81516","title":null,"description":null,"keywords":null,"keyphrases":null,"primary_term":null,"canonical_url":null,"og_title":null,"og_description":null,"og_object_type":"default","og_image_type":"default","og_image_url":null,"og_image_width":null,"og_image_height":null,"og_image_custom_url":null,"og_image_custom_fields":null,"og_video":null,"og_custom_url":null,"og_article_section":null,"og_article_tags":null,"twitter_use_og":false,"twitter_card":"default","twitter_image_type":"default","twitter_image_url":null,"twitter_image_custom_url":null,"twitter_image_custom_fields":null,"twitter_title":null,"twitter_description":null,"schema":{"blockGraphs":[],"customGraphs":[],"default":{"data":{"Article":[],"Course":[],"Dataset":[],"FAQPage":[],"Movie":[],"Person":[],"Product":[],"ProductReview":[],"Car":[],"Recipe":[],"Service":[],"SoftwareApplication":[],"WebPage":[]},"graphName":"","isEnabled":true},"graphs":[]},"schema_type":null,"schema_type_options":null,"pillar_content":false,"robots_default":true,"robots_noindex":false,"robots_noarchive":false,"robots_nosnippet":false,"robots_nofollow":false,"robots_noimageindex":false,"robots_noodp":false,"robots_notranslate":false,"robots_max_snippet":null,"robots_max_videopreview":null,"robots_max_imagepreview":"large","priority":null,"frequency":null,"location":null,"local_seo":null,"seo_analyzer_scan_date":"2025-09-27 23:04:31","breadcrumb_settings":null,"limit_modified_date":false,"open_ai":null,"ai":null,"created":"2021-03-08 17:16:58","updated":"2025-09-27 23:04:31"},"aioseo_breadcrumb":"<div class=\"aioseo-breadcrumbs\"><span class=\"aioseo-breadcrumb\">\n\t<a href=\"https:\/\/eldigitaldeasturias.com\/magazine365\" title=\"Home\">Home<\/a>\n<\/span><span class=\"aioseo-breadcrumb-separator\">\u2013<\/span><span class=\"aioseo-breadcrumb\">\n\t<a href=\"https:\/\/eldigitaldeasturias.com\/magazine365\/category\/noticias-actualidad\/\" title=\"Noticias y Actualidad\">Noticias y Actualidad<\/a>\n<\/span><span class=\"aioseo-breadcrumb-separator\">\u2013<\/span><span class=\"aioseo-breadcrumb\">\n\t<a href=\"https:\/\/eldigitaldeasturias.com\/magazine365\/sevilla-se-promociona-como-destino-de-compras-y-lujo-ante-agencias-de-viajes-de-brasil\/\" title=\"Sevilla se promociona como destino de compras y lujo ante agencias de viajes de Brasil\">Sevilla se promociona como destino de compras y lujo ante agencias de viajes de Brasil<\/a>\n<\/span><\/div>","aioseo_breadcrumb_json":[{"label":"Home","link":"https:\/\/eldigitaldeasturias.com\/magazine365"},{"label":"Noticias y Actualidad","link":"https:\/\/eldigitaldeasturias.com\/magazine365\/category\/noticias-actualidad\/"},{"label":"Sevilla se promociona como destino de compras y lujo ante agencias de viajes de Brasil","link":"https:\/\/eldigitaldeasturias.com\/magazine365\/sevilla-se-promociona-como-destino-de-compras-y-lujo-ante-agencias-de-viajes-de-brasil\/"}],"_links":{"self":[{"href":"https:\/\/eldigitaldeasturias.com\/magazine365\/wp-json\/wp\/v2\/posts\/81516","targetHints":{"allow":["GET"]}}],"collection":[{"href":"https:\/\/eldigitaldeasturias.com\/magazine365\/wp-json\/wp\/v2\/posts"}],"about":[{"href":"https:\/\/eldigitaldeasturias.com\/magazine365\/wp-json\/wp\/v2\/types\/post"}],"author":[{"embeddable":true,"href":"https:\/\/eldigitaldeasturias.com\/magazine365\/wp-json\/wp\/v2\/users\/1"}],"replies":[{"embeddable":true,"href":"https:\/\/eldigitaldeasturias.com\/magazine365\/wp-json\/wp\/v2\/comments?post=81516"}],"version-history":[{"count":0,"href":"https:\/\/eldigitaldeasturias.com\/magazine365\/wp-json\/wp\/v2\/posts\/81516\/revisions"}],"wp:featuredmedia":[{"embeddable":true,"href":"https:\/\/eldigitaldeasturias.com\/magazine365\/wp-json\/wp\/v2\/media\/81517"}],"wp:attachment":[{"href":"https:\/\/eldigitaldeasturias.com\/magazine365\/wp-json\/wp\/v2\/media?parent=81516"}],"wp:term":[{"taxonomy":"category","embeddable":true,"href":"https:\/\/eldigitaldeasturias.com\/magazine365\/wp-json\/wp\/v2\/categories?post=81516"},{"taxonomy":"post_tag","embeddable":true,"href":"https:\/\/eldigitaldeasturias.com\/magazine365\/wp-json\/wp\/v2\/tags?post=81516"}],"curies":[{"name":"wp","href":"https:\/\/api.w.org\/{rel}","templated":true}]}}