{"id":81507,"date":"2016-07-04T11:54:12","date_gmt":"2016-07-04T09:54:12","guid":{"rendered":"http:\/\/eldigitaldeasturias.com\/magazine365\/?p=81507"},"modified":"2016-07-04T11:54:12","modified_gmt":"2016-07-04T09:54:12","slug":"el-gran-talaso-hotel-sanxenxo-celebra-entre-el-5-y-el-12-de-julio-la-semana-gastronomica-del-arroz","status":"publish","type":"post","link":"https:\/\/eldigitaldeasturias.com\/magazine365\/el-gran-talaso-hotel-sanxenxo-celebra-entre-el-5-y-el-12-de-julio-la-semana-gastronomica-del-arroz\/","title":{"rendered":"El Gran Talaso Hotel Sanxenxo celebra entre el 5 y el 12 de julio la Semana Gastron\u00f3mica del Arroz"},"content":{"rendered":"<p><img decoding=\"async\" class=\"alignleft size-medium wp-image-81508\" src=\"https:\/\/eldigitaldeasturias.com\/magazine365\/wp-content\/uploads\/2016\/07\/fotonoticia_20160702112956_800-360x122.jpg\" alt=\"fotonoticia_20160702112956_800\" width=\"360\" height=\"122\" srcset=\"https:\/\/eldigitaldeasturias.com\/magazine365\/wp-content\/uploads\/2016\/07\/fotonoticia_20160702112956_800-360x122.jpg 360w, https:\/\/eldigitaldeasturias.com\/magazine365\/wp-content\/uploads\/2016\/07\/fotonoticia_20160702112956_800-650x221.jpg 650w, https:\/\/eldigitaldeasturias.com\/magazine365\/wp-content\/uploads\/2016\/07\/fotonoticia_20160702112956_800-768x261.jpg 768w, https:\/\/eldigitaldeasturias.com\/magazine365\/wp-content\/uploads\/2016\/07\/fotonoticia_20160702112956_800-150x51.jpg 150w, https:\/\/eldigitaldeasturias.com\/magazine365\/wp-content\/uploads\/2016\/07\/fotonoticia_20160702112956_800-450x153.jpg 450w, https:\/\/eldigitaldeasturias.com\/magazine365\/wp-content\/uploads\/2016\/07\/fotonoticia_20160702112956_800.jpg 800w\" sizes=\"(max-width: 360px) 100vw, 360px\" \/>El Gran Talaso Hotel Sanxenxo acoger\u00e1 una semana gastron\u00f3mica dedicada al arroz entre los d\u00edas 5 y 12 de julio, para lo que contar\u00e1 con la presencia del maestro arrocero Joan Tamarit.<\/p>\n<p>Arroz a banda, paella valenciana con garrof\u00f3, arroz brut (negro), paella de mariscos, paella de verduras, arroz de bogavante, arroz de ajetes y langostinos, arroz de bacalao y garbanzo o de rabo de toro y pimientos son algunas de las variedades que se podr\u00e1n degustar en el men\u00fa, que se servir\u00e1 en horario de comida y cena.<\/p>\n<p>Todo el men\u00fa se elaborar\u00e1 con productos de proximidad cien por cien gallegos, adquiridos a trav\u00e9s de proveedores locales. Seg\u00fan inform\u00f3 la organizaci\u00f3n, las personas interesadas en participar en las jornadas deber\u00e1n realizar una reserva previa.<\/p>\n<p>El men\u00fa, con un precio de 30 euros por persona, constar\u00e1 de un aperitivo en la mesa con entrante, un arroz a escoger entre las tres especialidades diarias, postre del obrador del Gran Hotel Talaso Sanxenxo y caf\u00e9, vino Albari\u00f1o Valtea y agua mineral.<\/p>\n<p>El maestro arrocero Joan Tamarit naci\u00f3 en el Puig, un pueblo en plena Huerta Valenciana. Sus inicios se forjaron en el Hotel Astoria Palace, en la capital del Turia, donde pronto \u00absac\u00f3 mano\u00bb en el punto de los arroces y le empuj\u00f3 a iniciar un periplo profesional, llegando a numerosos restaurantes y hoteles de todo el mundo y a colaborar con las m\u00e1s prestigiosas escuelas de hoteler\u00eda del pa\u00eds, impartiendo seminarios y clases magistrales.<\/p>\n<p>&nbsp;<\/p>\n","protected":false},"excerpt":{"rendered":"<p>El Gran Talaso Hotel Sanxenxo acoger\u00e1 una semana gastron\u00f3mica dedicada al arroz entre los d\u00edas 5 y 12 de julio, para lo que contar\u00e1 con la presencia del maestro arrocero Joan Tamarit. Arroz a banda, paella valenciana con garrof\u00f3, arroz brut (negro), paella de mariscos, paella de verduras, arroz de bogavante, arroz de ajetes y<\/p>\n","protected":false},"author":1,"featured_media":81508,"comment_status":"open","ping_status":"closed","sticky":false,"template":"","format":"standard","meta":{"footnotes":""},"categories":[224],"tags":[],"class_list":{"0":"post-81507","1":"post","2":"type-post","3":"status-publish","4":"format-standard","5":"has-post-thumbnail","7":"category-noticias-actualidad"},"aioseo_notices":[],"aioseo_head":"\n\t\t<!-- All in One SEO Pro 4.9.6.1 - aioseo.com -->\n\t<meta name=\"description\" content=\"El Gran Talaso Hotel Sanxenxo acoger\u00e1 una semana gastron\u00f3mica dedicada al arroz entre los d\u00edas 5 y 12 de julio, para lo que contar\u00e1 con la presencia del maestro arrocero Joan Tamarit. Arroz a banda, paella valenciana con garrof\u00f3, arroz brut (negro), paella de mariscos, paella de verduras, arroz de bogavante, arroz de ajetes y\" \/>\n\t<meta name=\"robots\" content=\"max-image-preview:large\" \/>\n\t<meta name=\"author\" content=\"admin\"\/>\n\t<meta name=\"google-site-verification\" content=\"UA-38556648-1\" \/>\n\t<meta name=\"keywords\" content=\"noticias y actualidad\" \/>\n\t<link rel=\"canonical\" href=\"https:\/\/eldigitaldeasturias.com\/magazine365\/el-gran-talaso-hotel-sanxenxo-celebra-entre-el-5-y-el-12-de-julio-la-semana-gastronomica-del-arroz\/\" \/>\n\t<meta name=\"generator\" content=\"All in One SEO Pro (AIOSEO) 4.9.6.1\" \/>\n\t\t<meta property=\"og:locale\" content=\"es_ES\" \/>\n\t\t<meta property=\"og:site_name\" content=\"El Digital de Asturias \u2013 Revista de ocio, turismo y estilo de vida\" \/>\n\t\t<meta property=\"og:type\" content=\"article\" \/>\n\t\t<meta property=\"og:title\" content=\"El Gran Talaso Hotel Sanxenxo celebra entre el 5 y el 12 de julio la Semana Gastron\u00f3mica del Arroz | El Digital de Asturias\" \/>\n\t\t<meta property=\"og:description\" content=\"El Gran Talaso Hotel Sanxenxo acoger\u00e1 una semana gastron\u00f3mica dedicada al arroz entre los d\u00edas 5 y 12 de julio, para lo que contar\u00e1 con la presencia del maestro arrocero Joan Tamarit. Arroz a banda, paella valenciana con garrof\u00f3, arroz brut (negro), paella de mariscos, paella de verduras, arroz de bogavante, arroz de ajetes y\" \/>\n\t\t<meta property=\"og:url\" content=\"https:\/\/eldigitaldeasturias.com\/magazine365\/el-gran-talaso-hotel-sanxenxo-celebra-entre-el-5-y-el-12-de-julio-la-semana-gastronomica-del-arroz\/\" \/>\n\t\t<meta property=\"og:image\" content=\"https:\/\/eldigitaldeasturias.com\/magazine365\/wp-content\/uploads\/2016\/07\/fotonoticia_20160702112956_800.jpg\" \/>\n\t\t<meta property=\"og:image:secure_url\" content=\"https:\/\/eldigitaldeasturias.com\/magazine365\/wp-content\/uploads\/2016\/07\/fotonoticia_20160702112956_800.jpg\" \/>\n\t\t<meta property=\"og:image:width\" content=\"800\" \/>\n\t\t<meta property=\"og:image:height\" content=\"272\" \/>\n\t\t<meta property=\"article:published_time\" content=\"2016-07-04T09:54:12+00:00\" \/>\n\t\t<meta property=\"article:modified_time\" content=\"2016-07-04T09:54:12+00:00\" \/>\n\t\t<meta name=\"twitter:card\" content=\"summary_large_image\" \/>\n\t\t<meta name=\"twitter:title\" content=\"El Gran Talaso Hotel Sanxenxo celebra entre el 5 y el 12 de julio la Semana Gastron\u00f3mica del Arroz | El Digital de Asturias\" \/>\n\t\t<meta name=\"twitter:description\" content=\"El Gran Talaso Hotel Sanxenxo acoger\u00e1 una semana gastron\u00f3mica dedicada al arroz entre los d\u00edas 5 y 12 de julio, para lo que contar\u00e1 con la presencia del maestro arrocero Joan Tamarit. Arroz a banda, paella valenciana con garrof\u00f3, arroz brut (negro), paella de mariscos, paella de verduras, arroz de bogavante, arroz de ajetes y\" \/>\n\t\t<meta name=\"twitter:image\" content=\"https:\/\/eldigitaldeasturias.com\/magazine365\/wp-content\/uploads\/2016\/07\/fotonoticia_20160702112956_800.jpg\" \/>\n\t\t<script type=\"application\/ld+json\" class=\"aioseo-schema\">\n\t\t\t{\"@context\":\"https:\\\/\\\/schema.org\",\"@graph\":[{\"@type\":\"Article\",\"@id\":\"https:\\\/\\\/eldigitaldeasturias.com\\\/magazine365\\\/el-gran-talaso-hotel-sanxenxo-celebra-entre-el-5-y-el-12-de-julio-la-semana-gastronomica-del-arroz\\\/#article\",\"name\":\"El Gran Talaso Hotel Sanxenxo celebra entre el 5 y el 12 de julio la Semana Gastron\\u00f3mica del Arroz | El Digital de Asturias\",\"headline\":\"El Gran Talaso Hotel Sanxenxo celebra entre el 5 y el 12 de julio la Semana Gastron\\u00f3mica del Arroz\",\"author\":{\"@id\":\"https:\\\/\\\/eldigitaldeasturias.com\\\/magazine365\\\/author\\\/admin\\\/#author\"},\"publisher\":{\"@id\":\"https:\\\/\\\/eldigitaldeasturias.com\\\/magazine365\\\/#organization\"},\"image\":{\"@type\":\"ImageObject\",\"url\":\"https:\\\/\\\/eldigitaldeasturias.com\\\/magazine365\\\/wp-content\\\/uploads\\\/2016\\\/07\\\/fotonoticia_20160702112956_800.jpg\",\"width\":800,\"height\":272},\"datePublished\":\"2016-07-04T11:54:12+02:00\",\"dateModified\":\"2016-07-04T11:54:12+02:00\",\"inLanguage\":\"es-ES\",\"mainEntityOfPage\":{\"@id\":\"https:\\\/\\\/eldigitaldeasturias.com\\\/magazine365\\\/el-gran-talaso-hotel-sanxenxo-celebra-entre-el-5-y-el-12-de-julio-la-semana-gastronomica-del-arroz\\\/#webpage\"},\"isPartOf\":{\"@id\":\"https:\\\/\\\/eldigitaldeasturias.com\\\/magazine365\\\/el-gran-talaso-hotel-sanxenxo-celebra-entre-el-5-y-el-12-de-julio-la-semana-gastronomica-del-arroz\\\/#webpage\"},\"articleSection\":\"Noticias y Actualidad\"},{\"@type\":\"BreadcrumbList\",\"@id\":\"https:\\\/\\\/eldigitaldeasturias.com\\\/magazine365\\\/el-gran-talaso-hotel-sanxenxo-celebra-entre-el-5-y-el-12-de-julio-la-semana-gastronomica-del-arroz\\\/#breadcrumblist\",\"itemListElement\":[{\"@type\":\"ListItem\",\"@id\":\"https:\\\/\\\/eldigitaldeasturias.com\\\/magazine365#listItem\",\"position\":1,\"name\":\"Home\",\"item\":\"https:\\\/\\\/eldigitaldeasturias.com\\\/magazine365\",\"nextItem\":{\"@type\":\"ListItem\",\"@id\":\"https:\\\/\\\/eldigitaldeasturias.com\\\/magazine365\\\/category\\\/noticias-actualidad\\\/#listItem\",\"name\":\"Noticias y Actualidad\"}},{\"@type\":\"ListItem\",\"@id\":\"https:\\\/\\\/eldigitaldeasturias.com\\\/magazine365\\\/category\\\/noticias-actualidad\\\/#listItem\",\"position\":2,\"name\":\"Noticias y Actualidad\",\"item\":\"https:\\\/\\\/eldigitaldeasturias.com\\\/magazine365\\\/category\\\/noticias-actualidad\\\/\",\"nextItem\":{\"@type\":\"ListItem\",\"@id\":\"https:\\\/\\\/eldigitaldeasturias.com\\\/magazine365\\\/el-gran-talaso-hotel-sanxenxo-celebra-entre-el-5-y-el-12-de-julio-la-semana-gastronomica-del-arroz\\\/#listItem\",\"name\":\"El Gran Talaso Hotel Sanxenxo celebra entre el 5 y el 12 de julio la Semana Gastron\\u00f3mica del Arroz\"},\"previousItem\":{\"@type\":\"ListItem\",\"@id\":\"https:\\\/\\\/eldigitaldeasturias.com\\\/magazine365#listItem\",\"name\":\"Home\"}},{\"@type\":\"ListItem\",\"@id\":\"https:\\\/\\\/eldigitaldeasturias.com\\\/magazine365\\\/el-gran-talaso-hotel-sanxenxo-celebra-entre-el-5-y-el-12-de-julio-la-semana-gastronomica-del-arroz\\\/#listItem\",\"position\":3,\"name\":\"El Gran Talaso Hotel Sanxenxo celebra entre el 5 y el 12 de julio la Semana Gastron\\u00f3mica del Arroz\",\"previousItem\":{\"@type\":\"ListItem\",\"@id\":\"https:\\\/\\\/eldigitaldeasturias.com\\\/magazine365\\\/category\\\/noticias-actualidad\\\/#listItem\",\"name\":\"Noticias y Actualidad\"}}]},{\"@type\":\"Organization\",\"@id\":\"https:\\\/\\\/eldigitaldeasturias.com\\\/magazine365\\\/#organization\",\"name\":\"El digital de Asturias\",\"description\":\"Revista de ocio, turismo y estilo de vida\",\"url\":\"https:\\\/\\\/eldigitaldeasturias.com\\\/magazine365\\\/\",\"logo\":{\"@type\":\"ImageObject\",\"url\":\"https:\\\/\\\/www.eldigitaldeasturias.com\\\/noticias\\\/wp-content\\\/uploads\\\/2020\\\/12\\\/EDA.jpg\",\"@id\":\"https:\\\/\\\/eldigitaldeasturias.com\\\/magazine365\\\/el-gran-talaso-hotel-sanxenxo-celebra-entre-el-5-y-el-12-de-julio-la-semana-gastronomica-del-arroz\\\/#organizationLogo\"},\"image\":{\"@id\":\"https:\\\/\\\/eldigitaldeasturias.com\\\/magazine365\\\/el-gran-talaso-hotel-sanxenxo-celebra-entre-el-5-y-el-12-de-julio-la-semana-gastronomica-del-arroz\\\/#organizationLogo\"}},{\"@type\":\"Person\",\"@id\":\"https:\\\/\\\/eldigitaldeasturias.com\\\/magazine365\\\/author\\\/admin\\\/#author\",\"url\":\"https:\\\/\\\/eldigitaldeasturias.com\\\/magazine365\\\/author\\\/admin\\\/\",\"name\":\"admin\",\"image\":{\"@type\":\"ImageObject\",\"@id\":\"https:\\\/\\\/eldigitaldeasturias.com\\\/magazine365\\\/el-gran-talaso-hotel-sanxenxo-celebra-entre-el-5-y-el-12-de-julio-la-semana-gastronomica-del-arroz\\\/#authorImage\",\"url\":\"https:\\\/\\\/eldigitaldeasturias.com\\\/magazine365\\\/wp-content\\\/litespeed\\\/avatar\\\/e571bcf59a0edd6fa6838245a470f2fe.jpg?ver=1776969259\",\"width\":96,\"height\":96,\"caption\":\"admin\"}},{\"@type\":\"WebPage\",\"@id\":\"https:\\\/\\\/eldigitaldeasturias.com\\\/magazine365\\\/el-gran-talaso-hotel-sanxenxo-celebra-entre-el-5-y-el-12-de-julio-la-semana-gastronomica-del-arroz\\\/#webpage\",\"url\":\"https:\\\/\\\/eldigitaldeasturias.com\\\/magazine365\\\/el-gran-talaso-hotel-sanxenxo-celebra-entre-el-5-y-el-12-de-julio-la-semana-gastronomica-del-arroz\\\/\",\"name\":\"El Gran Talaso Hotel Sanxenxo celebra entre el 5 y el 12 de julio la Semana Gastron\\u00f3mica del Arroz | El Digital de Asturias\",\"description\":\"El Gran Talaso Hotel Sanxenxo acoger\\u00e1 una semana gastron\\u00f3mica dedicada al arroz entre los d\\u00edas 5 y 12 de julio, para lo que contar\\u00e1 con la presencia del maestro arrocero Joan Tamarit. Arroz a banda, paella valenciana con garrof\\u00f3, arroz brut (negro), paella de mariscos, paella de verduras, arroz de bogavante, arroz de ajetes y\",\"inLanguage\":\"es-ES\",\"isPartOf\":{\"@id\":\"https:\\\/\\\/eldigitaldeasturias.com\\\/magazine365\\\/#website\"},\"breadcrumb\":{\"@id\":\"https:\\\/\\\/eldigitaldeasturias.com\\\/magazine365\\\/el-gran-talaso-hotel-sanxenxo-celebra-entre-el-5-y-el-12-de-julio-la-semana-gastronomica-del-arroz\\\/#breadcrumblist\"},\"author\":{\"@id\":\"https:\\\/\\\/eldigitaldeasturias.com\\\/magazine365\\\/author\\\/admin\\\/#author\"},\"creator\":{\"@id\":\"https:\\\/\\\/eldigitaldeasturias.com\\\/magazine365\\\/author\\\/admin\\\/#author\"},\"image\":{\"@type\":\"ImageObject\",\"url\":\"https:\\\/\\\/eldigitaldeasturias.com\\\/magazine365\\\/wp-content\\\/uploads\\\/2016\\\/07\\\/fotonoticia_20160702112956_800.jpg\",\"@id\":\"https:\\\/\\\/eldigitaldeasturias.com\\\/magazine365\\\/el-gran-talaso-hotel-sanxenxo-celebra-entre-el-5-y-el-12-de-julio-la-semana-gastronomica-del-arroz\\\/#mainImage\",\"width\":800,\"height\":272},\"primaryImageOfPage\":{\"@id\":\"https:\\\/\\\/eldigitaldeasturias.com\\\/magazine365\\\/el-gran-talaso-hotel-sanxenxo-celebra-entre-el-5-y-el-12-de-julio-la-semana-gastronomica-del-arroz\\\/#mainImage\"},\"datePublished\":\"2016-07-04T11:54:12+02:00\",\"dateModified\":\"2016-07-04T11:54:12+02:00\"},{\"@type\":\"WebSite\",\"@id\":\"https:\\\/\\\/eldigitaldeasturias.com\\\/magazine365\\\/#website\",\"url\":\"https:\\\/\\\/eldigitaldeasturias.com\\\/magazine365\\\/\",\"name\":\"El Digital de Asturias\",\"description\":\"Revista de ocio, turismo y estilo de vida\",\"inLanguage\":\"es-ES\",\"publisher\":{\"@id\":\"https:\\\/\\\/eldigitaldeasturias.com\\\/magazine365\\\/#organization\"}}]}\n\t\t<\/script>\n\t\t<!-- All in One SEO Pro -->\r\n\t\t<title>El Gran Talaso Hotel Sanxenxo celebra entre el 5 y el 12 de julio la Semana Gastron\u00f3mica del Arroz | El Digital de Asturias<\/title>\n\n","aioseo_head_json":{"title":"El Gran Talaso Hotel Sanxenxo celebra entre el 5 y el 12 de julio la Semana Gastron\u00f3mica del Arroz | El Digital de Asturias","description":"El Gran Talaso Hotel Sanxenxo acoger\u00e1 una semana gastron\u00f3mica dedicada al arroz entre los d\u00edas 5 y 12 de julio, para lo que contar\u00e1 con la presencia del maestro arrocero Joan Tamarit. Arroz a banda, paella valenciana con garrof\u00f3, arroz brut (negro), paella de mariscos, paella de verduras, arroz de bogavante, arroz de ajetes y","canonical_url":"https:\/\/eldigitaldeasturias.com\/magazine365\/el-gran-talaso-hotel-sanxenxo-celebra-entre-el-5-y-el-12-de-julio-la-semana-gastronomica-del-arroz\/","robots":"max-image-preview:large","keywords":"noticias y actualidad","webmasterTools":{"google-site-verification":"UA-38556648-1","miscellaneous":""},"schema":{"@context":"https:\/\/schema.org","@graph":[{"@type":"Article","@id":"https:\/\/eldigitaldeasturias.com\/magazine365\/el-gran-talaso-hotel-sanxenxo-celebra-entre-el-5-y-el-12-de-julio-la-semana-gastronomica-del-arroz\/#article","name":"El Gran Talaso Hotel Sanxenxo celebra entre el 5 y el 12 de julio la Semana Gastron\u00f3mica del Arroz | El Digital de Asturias","headline":"El Gran Talaso Hotel Sanxenxo celebra entre el 5 y el 12 de julio la Semana Gastron\u00f3mica del Arroz","author":{"@id":"https:\/\/eldigitaldeasturias.com\/magazine365\/author\/admin\/#author"},"publisher":{"@id":"https:\/\/eldigitaldeasturias.com\/magazine365\/#organization"},"image":{"@type":"ImageObject","url":"https:\/\/eldigitaldeasturias.com\/magazine365\/wp-content\/uploads\/2016\/07\/fotonoticia_20160702112956_800.jpg","width":800,"height":272},"datePublished":"2016-07-04T11:54:12+02:00","dateModified":"2016-07-04T11:54:12+02:00","inLanguage":"es-ES","mainEntityOfPage":{"@id":"https:\/\/eldigitaldeasturias.com\/magazine365\/el-gran-talaso-hotel-sanxenxo-celebra-entre-el-5-y-el-12-de-julio-la-semana-gastronomica-del-arroz\/#webpage"},"isPartOf":{"@id":"https:\/\/eldigitaldeasturias.com\/magazine365\/el-gran-talaso-hotel-sanxenxo-celebra-entre-el-5-y-el-12-de-julio-la-semana-gastronomica-del-arroz\/#webpage"},"articleSection":"Noticias y Actualidad"},{"@type":"BreadcrumbList","@id":"https:\/\/eldigitaldeasturias.com\/magazine365\/el-gran-talaso-hotel-sanxenxo-celebra-entre-el-5-y-el-12-de-julio-la-semana-gastronomica-del-arroz\/#breadcrumblist","itemListElement":[{"@type":"ListItem","@id":"https:\/\/eldigitaldeasturias.com\/magazine365#listItem","position":1,"name":"Home","item":"https:\/\/eldigitaldeasturias.com\/magazine365","nextItem":{"@type":"ListItem","@id":"https:\/\/eldigitaldeasturias.com\/magazine365\/category\/noticias-actualidad\/#listItem","name":"Noticias y Actualidad"}},{"@type":"ListItem","@id":"https:\/\/eldigitaldeasturias.com\/magazine365\/category\/noticias-actualidad\/#listItem","position":2,"name":"Noticias y Actualidad","item":"https:\/\/eldigitaldeasturias.com\/magazine365\/category\/noticias-actualidad\/","nextItem":{"@type":"ListItem","@id":"https:\/\/eldigitaldeasturias.com\/magazine365\/el-gran-talaso-hotel-sanxenxo-celebra-entre-el-5-y-el-12-de-julio-la-semana-gastronomica-del-arroz\/#listItem","name":"El Gran Talaso Hotel Sanxenxo celebra entre el 5 y el 12 de julio la Semana Gastron\u00f3mica del Arroz"},"previousItem":{"@type":"ListItem","@id":"https:\/\/eldigitaldeasturias.com\/magazine365#listItem","name":"Home"}},{"@type":"ListItem","@id":"https:\/\/eldigitaldeasturias.com\/magazine365\/el-gran-talaso-hotel-sanxenxo-celebra-entre-el-5-y-el-12-de-julio-la-semana-gastronomica-del-arroz\/#listItem","position":3,"name":"El Gran Talaso Hotel Sanxenxo celebra entre el 5 y el 12 de julio la Semana Gastron\u00f3mica del Arroz","previousItem":{"@type":"ListItem","@id":"https:\/\/eldigitaldeasturias.com\/magazine365\/category\/noticias-actualidad\/#listItem","name":"Noticias y Actualidad"}}]},{"@type":"Organization","@id":"https:\/\/eldigitaldeasturias.com\/magazine365\/#organization","name":"El digital de Asturias","description":"Revista de ocio, turismo y estilo de vida","url":"https:\/\/eldigitaldeasturias.com\/magazine365\/","logo":{"@type":"ImageObject","url":"https:\/\/www.eldigitaldeasturias.com\/noticias\/wp-content\/uploads\/2020\/12\/EDA.jpg","@id":"https:\/\/eldigitaldeasturias.com\/magazine365\/el-gran-talaso-hotel-sanxenxo-celebra-entre-el-5-y-el-12-de-julio-la-semana-gastronomica-del-arroz\/#organizationLogo"},"image":{"@id":"https:\/\/eldigitaldeasturias.com\/magazine365\/el-gran-talaso-hotel-sanxenxo-celebra-entre-el-5-y-el-12-de-julio-la-semana-gastronomica-del-arroz\/#organizationLogo"}},{"@type":"Person","@id":"https:\/\/eldigitaldeasturias.com\/magazine365\/author\/admin\/#author","url":"https:\/\/eldigitaldeasturias.com\/magazine365\/author\/admin\/","name":"admin","image":{"@type":"ImageObject","@id":"https:\/\/eldigitaldeasturias.com\/magazine365\/el-gran-talaso-hotel-sanxenxo-celebra-entre-el-5-y-el-12-de-julio-la-semana-gastronomica-del-arroz\/#authorImage","url":"https:\/\/eldigitaldeasturias.com\/magazine365\/wp-content\/litespeed\/avatar\/e571bcf59a0edd6fa6838245a470f2fe.jpg?ver=1776969259","width":96,"height":96,"caption":"admin"}},{"@type":"WebPage","@id":"https:\/\/eldigitaldeasturias.com\/magazine365\/el-gran-talaso-hotel-sanxenxo-celebra-entre-el-5-y-el-12-de-julio-la-semana-gastronomica-del-arroz\/#webpage","url":"https:\/\/eldigitaldeasturias.com\/magazine365\/el-gran-talaso-hotel-sanxenxo-celebra-entre-el-5-y-el-12-de-julio-la-semana-gastronomica-del-arroz\/","name":"El Gran Talaso Hotel Sanxenxo celebra entre el 5 y el 12 de julio la Semana Gastron\u00f3mica del Arroz | El Digital de Asturias","description":"El Gran Talaso Hotel Sanxenxo acoger\u00e1 una semana gastron\u00f3mica dedicada al arroz entre los d\u00edas 5 y 12 de julio, para lo que contar\u00e1 con la presencia del maestro arrocero Joan Tamarit. Arroz a banda, paella valenciana con garrof\u00f3, arroz brut (negro), paella de mariscos, paella de verduras, arroz de bogavante, arroz de ajetes y","inLanguage":"es-ES","isPartOf":{"@id":"https:\/\/eldigitaldeasturias.com\/magazine365\/#website"},"breadcrumb":{"@id":"https:\/\/eldigitaldeasturias.com\/magazine365\/el-gran-talaso-hotel-sanxenxo-celebra-entre-el-5-y-el-12-de-julio-la-semana-gastronomica-del-arroz\/#breadcrumblist"},"author":{"@id":"https:\/\/eldigitaldeasturias.com\/magazine365\/author\/admin\/#author"},"creator":{"@id":"https:\/\/eldigitaldeasturias.com\/magazine365\/author\/admin\/#author"},"image":{"@type":"ImageObject","url":"https:\/\/eldigitaldeasturias.com\/magazine365\/wp-content\/uploads\/2016\/07\/fotonoticia_20160702112956_800.jpg","@id":"https:\/\/eldigitaldeasturias.com\/magazine365\/el-gran-talaso-hotel-sanxenxo-celebra-entre-el-5-y-el-12-de-julio-la-semana-gastronomica-del-arroz\/#mainImage","width":800,"height":272},"primaryImageOfPage":{"@id":"https:\/\/eldigitaldeasturias.com\/magazine365\/el-gran-talaso-hotel-sanxenxo-celebra-entre-el-5-y-el-12-de-julio-la-semana-gastronomica-del-arroz\/#mainImage"},"datePublished":"2016-07-04T11:54:12+02:00","dateModified":"2016-07-04T11:54:12+02:00"},{"@type":"WebSite","@id":"https:\/\/eldigitaldeasturias.com\/magazine365\/#website","url":"https:\/\/eldigitaldeasturias.com\/magazine365\/","name":"El Digital de Asturias","description":"Revista de ocio, turismo y estilo de vida","inLanguage":"es-ES","publisher":{"@id":"https:\/\/eldigitaldeasturias.com\/magazine365\/#organization"}}]},"og:locale":"es_ES","og:site_name":"El Digital de Asturias \u2013 Revista de ocio, turismo y estilo de vida","og:type":"article","og:title":"El Gran Talaso Hotel Sanxenxo celebra entre el 5 y el 12 de julio la Semana Gastron\u00f3mica del Arroz | El Digital de Asturias","og:description":"El Gran Talaso Hotel Sanxenxo acoger\u00e1 una semana gastron\u00f3mica dedicada al arroz entre los d\u00edas 5 y 12 de julio, para lo que contar\u00e1 con la presencia del maestro arrocero Joan Tamarit. Arroz a banda, paella valenciana con garrof\u00f3, arroz brut (negro), paella de mariscos, paella de verduras, arroz de bogavante, arroz de ajetes y","og:url":"https:\/\/eldigitaldeasturias.com\/magazine365\/el-gran-talaso-hotel-sanxenxo-celebra-entre-el-5-y-el-12-de-julio-la-semana-gastronomica-del-arroz\/","og:image":"https:\/\/eldigitaldeasturias.com\/magazine365\/wp-content\/uploads\/2016\/07\/fotonoticia_20160702112956_800.jpg","og:image:secure_url":"https:\/\/eldigitaldeasturias.com\/magazine365\/wp-content\/uploads\/2016\/07\/fotonoticia_20160702112956_800.jpg","og:image:width":800,"og:image:height":272,"article:published_time":"2016-07-04T09:54:12+00:00","article:modified_time":"2016-07-04T09:54:12+00:00","twitter:card":"summary_large_image","twitter:title":"El Gran Talaso Hotel Sanxenxo celebra entre el 5 y el 12 de julio la Semana Gastron\u00f3mica del Arroz | El Digital de Asturias","twitter:description":"El Gran Talaso Hotel Sanxenxo acoger\u00e1 una semana gastron\u00f3mica dedicada al arroz entre los d\u00edas 5 y 12 de julio, para lo que contar\u00e1 con la presencia del maestro arrocero Joan Tamarit. Arroz a banda, paella valenciana con garrof\u00f3, arroz brut (negro), paella de mariscos, paella de verduras, arroz de bogavante, arroz de ajetes y","twitter:image":"https:\/\/eldigitaldeasturias.com\/magazine365\/wp-content\/uploads\/2016\/07\/fotonoticia_20160702112956_800.jpg"},"aioseo_meta_data":{"post_id":"81507","title":null,"description":null,"keywords":null,"keyphrases":null,"primary_term":null,"canonical_url":null,"og_title":null,"og_description":null,"og_object_type":"default","og_image_type":"default","og_image_url":null,"og_image_width":null,"og_image_height":null,"og_image_custom_url":null,"og_image_custom_fields":null,"og_video":null,"og_custom_url":null,"og_article_section":null,"og_article_tags":null,"twitter_use_og":false,"twitter_card":"default","twitter_image_type":"default","twitter_image_url":null,"twitter_image_custom_url":null,"twitter_image_custom_fields":null,"twitter_title":null,"twitter_description":null,"schema":{"blockGraphs":[],"customGraphs":[],"default":{"data":{"Article":[],"Course":[],"Dataset":[],"FAQPage":[],"Movie":[],"Person":[],"Product":[],"ProductReview":[],"Car":[],"Recipe":[],"Service":[],"SoftwareApplication":[],"WebPage":[]},"graphName":"","isEnabled":true},"graphs":[],"defaultGraph":"","defaultPostTypeGraph":""},"schema_type":null,"schema_type_options":null,"pillar_content":false,"robots_default":true,"robots_noindex":false,"robots_noarchive":false,"robots_nosnippet":false,"robots_nofollow":false,"robots_noimageindex":false,"robots_noodp":false,"robots_notranslate":false,"robots_max_snippet":null,"robots_max_videopreview":null,"robots_max_imagepreview":"large","priority":null,"frequency":null,"location":null,"local_seo":null,"seo_analyzer_scan_date":"2025-09-27 23:02:35","breadcrumb_settings":null,"limit_modified_date":false,"open_ai":null,"ai":null,"created":"2021-03-08 17:16:58","updated":"2025-09-27 23:02:35"},"aioseo_breadcrumb":"<div class=\"aioseo-breadcrumbs\"><span class=\"aioseo-breadcrumb\">\n\t<a href=\"https:\/\/eldigitaldeasturias.com\/magazine365\" title=\"Home\">Home<\/a>\n<\/span><span class=\"aioseo-breadcrumb-separator\">\u2013<\/span><span class=\"aioseo-breadcrumb\">\n\t<a href=\"https:\/\/eldigitaldeasturias.com\/magazine365\/category\/noticias-actualidad\/\" title=\"Noticias y Actualidad\">Noticias y Actualidad<\/a>\n<\/span><span class=\"aioseo-breadcrumb-separator\">\u2013<\/span><span class=\"aioseo-breadcrumb\">\n\t<a href=\"https:\/\/eldigitaldeasturias.com\/magazine365\/el-gran-talaso-hotel-sanxenxo-celebra-entre-el-5-y-el-12-de-julio-la-semana-gastronomica-del-arroz\/\" title=\"El Gran Talaso Hotel Sanxenxo celebra entre el 5 y el 12 de julio la Semana Gastron\u00f3mica del Arroz\">El Gran Talaso Hotel Sanxenxo celebra entre el 5 y el 12 de julio la Semana Gastron\u00f3mica del Arroz<\/a>\n<\/span><\/div>","aioseo_breadcrumb_json":[{"label":"Home","link":"https:\/\/eldigitaldeasturias.com\/magazine365"},{"label":"Noticias y Actualidad","link":"https:\/\/eldigitaldeasturias.com\/magazine365\/category\/noticias-actualidad\/"},{"label":"El Gran Talaso Hotel Sanxenxo celebra entre el 5 y el 12 de julio la Semana Gastron\u00f3mica del Arroz","link":"https:\/\/eldigitaldeasturias.com\/magazine365\/el-gran-talaso-hotel-sanxenxo-celebra-entre-el-5-y-el-12-de-julio-la-semana-gastronomica-del-arroz\/"}],"_links":{"self":[{"href":"https:\/\/eldigitaldeasturias.com\/magazine365\/wp-json\/wp\/v2\/posts\/81507","targetHints":{"allow":["GET"]}}],"collection":[{"href":"https:\/\/eldigitaldeasturias.com\/magazine365\/wp-json\/wp\/v2\/posts"}],"about":[{"href":"https:\/\/eldigitaldeasturias.com\/magazine365\/wp-json\/wp\/v2\/types\/post"}],"author":[{"embeddable":true,"href":"https:\/\/eldigitaldeasturias.com\/magazine365\/wp-json\/wp\/v2\/users\/1"}],"replies":[{"embeddable":true,"href":"https:\/\/eldigitaldeasturias.com\/magazine365\/wp-json\/wp\/v2\/comments?post=81507"}],"version-history":[{"count":0,"href":"https:\/\/eldigitaldeasturias.com\/magazine365\/wp-json\/wp\/v2\/posts\/81507\/revisions"}],"wp:featuredmedia":[{"embeddable":true,"href":"https:\/\/eldigitaldeasturias.com\/magazine365\/wp-json\/wp\/v2\/media\/81508"}],"wp:attachment":[{"href":"https:\/\/eldigitaldeasturias.com\/magazine365\/wp-json\/wp\/v2\/media?parent=81507"}],"wp:term":[{"taxonomy":"category","embeddable":true,"href":"https:\/\/eldigitaldeasturias.com\/magazine365\/wp-json\/wp\/v2\/categories?post=81507"},{"taxonomy":"post_tag","embeddable":true,"href":"https:\/\/eldigitaldeasturias.com\/magazine365\/wp-json\/wp\/v2\/tags?post=81507"}],"curies":[{"name":"wp","href":"https:\/\/api.w.org\/{rel}","templated":true}]}}