{"id":81497,"date":"2016-07-02T00:57:55","date_gmt":"2016-07-01T22:57:55","guid":{"rendered":"http:\/\/eldigitaldeasturias.com\/magazine365\/?p=81497"},"modified":"2016-07-02T00:57:55","modified_gmt":"2016-07-01T22:57:55","slug":"el-salon-de-proveedores-para-hosteleria-y-turismo-coincidira-con-fitur-en-2017","status":"publish","type":"post","link":"https:\/\/eldigitaldeasturias.com\/magazine365\/el-salon-de-proveedores-para-hosteleria-y-turismo-coincidira-con-fitur-en-2017\/","title":{"rendered":"El Sal\u00f3n de Proveedores para Hosteler\u00eda y Turismo coincidir\u00e1 con FITUR en 2017"},"content":{"rendered":"<p><img fetchpriority=\"high\" decoding=\"async\" class=\"alignleft size-medium wp-image-81498\" src=\"https:\/\/eldigitaldeasturias.com\/magazine365\/wp-content\/uploads\/2016\/07\/fotonoticia_20160701194302_800-360x234.jpg\" alt=\"fotonoticia_20160701194302_800\" width=\"360\" height=\"234\" srcset=\"https:\/\/eldigitaldeasturias.com\/magazine365\/wp-content\/uploads\/2016\/07\/fotonoticia_20160701194302_800-360x234.jpg 360w, https:\/\/eldigitaldeasturias.com\/magazine365\/wp-content\/uploads\/2016\/07\/fotonoticia_20160701194302_800-650x423.jpg 650w, https:\/\/eldigitaldeasturias.com\/magazine365\/wp-content\/uploads\/2016\/07\/fotonoticia_20160701194302_800-768x500.jpg 768w, https:\/\/eldigitaldeasturias.com\/magazine365\/wp-content\/uploads\/2016\/07\/fotonoticia_20160701194302_800-150x98.jpg 150w, https:\/\/eldigitaldeasturias.com\/magazine365\/wp-content\/uploads\/2016\/07\/fotonoticia_20160701194302_800-450x293.jpg 450w, https:\/\/eldigitaldeasturias.com\/magazine365\/wp-content\/uploads\/2016\/07\/fotonoticia_20160701194302_800-225x145.jpg 225w, https:\/\/eldigitaldeasturias.com\/magazine365\/wp-content\/uploads\/2016\/07\/fotonoticia_20160701194302_800-121x79.jpg 121w, https:\/\/eldigitaldeasturias.com\/magazine365\/wp-content\/uploads\/2016\/07\/fotonoticia_20160701194302_800-101x66.jpg 101w, https:\/\/eldigitaldeasturias.com\/magazine365\/wp-content\/uploads\/2016\/07\/fotonoticia_20160701194302_800-326x213.jpg 326w, https:\/\/eldigitaldeasturias.com\/magazine365\/wp-content\/uploads\/2016\/07\/fotonoticia_20160701194302_800.jpg 800w\" sizes=\"(max-width: 360px) 100vw, 360px\" \/>Las fechas de celebraci\u00f3n del Sal\u00f3n Profesional de Proveedores para la Hosteler\u00eda y el sector Tur\u00edstico, HOREQ 2017, y la Feria Internacional de Turismo, FITUR, lo que beneficiar\u00e1 a ambas ferias debido a la relaci\u00f3n existente entre el sector hostelero y el sector tur\u00edstico, ha se\u00f1alado Ifema en un comunicado.<\/p>\n<p>Feria de Madrid ha convocado la novena edici\u00f3n de HOREQ 2017, haci\u00e9ndola coincidir con las jornadas profesionales de la Feria Internacional de Turismo, los d\u00edas 18 al 20 de enero de 2017, en el Pabell\u00f3n 2 de las instalaciones de la Feria de Madrid.<\/p>\n<p>Esta decisi\u00f3n ha sido tomada en base a que el 23 por ciento de los 125.000 participantes de la \u00faltima edici\u00f3n de FITUR pertenec\u00edan al sector hotelero, con lo que la demanda y visita a HOREQ son previsibles.<\/p>\n<p>As\u00ed lo entienden las empresas participantes en HOREQ, que \u00abrenuevan su confianza\u00bb en esta feria como una plataforma de negocio, para el sector de equipamiento hotelero, y donde podr\u00e1n consolidar y abrir relaciones comerciales con todo el tejido profesional hostelero y del sector tur\u00edstico en general.<\/p>\n<p>\u00abEn este sentido, conviene destacar que las fechas son indicadas para afrontar inversiones de renovaci\u00f3n de equipamiento, especialmente necesario en estos momentos, para continuar manteniendo un alto nivel de servicio, ofrecer diferenciaci\u00f3n y, en definitiva, conseguir mayores beneficios\u00bb, han dicho los organizadores de la feria.<\/p>\n<p>De esta forma, HOREQ, que en su edici\u00f3n de 2016 reuni\u00f3 a 200 empresas proveedoras y marcas y 8.500 participantes, se consolida en cada convocatoria, como el mejor escenario para ofrecer al conjunto del sector hostelero productos \u00abinnovadores, competitivos y de Qalidad\u00bb.<\/p>\n<p>Para ello, HOREQ 2017 volver\u00e1 a articular su oferta expositora, en torno a los ocho sectores que integran la Feria: TecnHoreq (tecnolog\u00eda y know how); Maquin\u00c1rea en torno a equipamiento para la cocina y restauraci\u00f3n, cafeter\u00edas y vending; \u00c1rea Confort que contiene el dise\u00f1o, interiorismo y decoraci\u00f3n; MenajeHoreq (textil, menaje y accesorios); CleanHoreq se ocupar\u00e1 de el higiene y la limpieza; Food&amp;Drinks (alimentaci\u00f3n y bebidas); Salud, Wellness y Fitness (servicios para el bienestar) y Proveedores Industria Tur\u00edstica, que se ocupan del entretenimiento, ocio y establecimientos tur\u00edsticos.<\/p>\n<p>Finalmente, HOREQ 2017 volver\u00e1 a facilitar a las empresas un formato de participaci\u00f3n \u00abasequible y adaptado\u00bb a sus necesidades, orientado a proporcionar a los expositores el m\u00e1ximo de rentabilidad a su inversi\u00f3n.<\/p>\n","protected":false},"excerpt":{"rendered":"<p>Las fechas de celebraci\u00f3n del Sal\u00f3n Profesional de Proveedores para la Hosteler\u00eda y el sector Tur\u00edstico, HOREQ 2017, y la Feria Internacional de Turismo, FITUR, lo que beneficiar\u00e1 a ambas ferias debido a la relaci\u00f3n existente entre el sector hostelero y el sector tur\u00edstico, ha se\u00f1alado Ifema en un comunicado. Feria de Madrid ha convocado<\/p>\n","protected":false},"author":1,"featured_media":81498,"comment_status":"open","ping_status":"closed","sticky":false,"template":"","format":"standard","meta":{"footnotes":""},"categories":[224],"tags":[],"class_list":{"0":"post-81497","1":"post","2":"type-post","3":"status-publish","4":"format-standard","5":"has-post-thumbnail","7":"category-noticias-actualidad"},"aioseo_notices":[],"aioseo_head":"\n\t\t<!-- All in One SEO Pro 4.9.6.1 - aioseo.com -->\n\t<meta name=\"description\" content=\"Las fechas de celebraci\u00f3n del Sal\u00f3n Profesional de Proveedores para la Hosteler\u00eda y el sector Tur\u00edstico, HOREQ 2017, y la Feria Internacional de Turismo, FITUR, lo que beneficiar\u00e1 a ambas ferias debido a la relaci\u00f3n existente entre el sector hostelero y el sector tur\u00edstico, ha se\u00f1alado Ifema en un comunicado. Feria de Madrid ha convocado\" \/>\n\t<meta name=\"robots\" content=\"max-image-preview:large\" \/>\n\t<meta name=\"author\" content=\"admin\"\/>\n\t<meta name=\"google-site-verification\" content=\"UA-38556648-1\" \/>\n\t<meta name=\"keywords\" content=\"noticias y actualidad\" \/>\n\t<link rel=\"canonical\" href=\"https:\/\/eldigitaldeasturias.com\/magazine365\/el-salon-de-proveedores-para-hosteleria-y-turismo-coincidira-con-fitur-en-2017\/\" \/>\n\t<meta name=\"generator\" content=\"All in One SEO Pro (AIOSEO) 4.9.6.1\" \/>\n\t\t<meta property=\"og:locale\" content=\"es_ES\" \/>\n\t\t<meta property=\"og:site_name\" content=\"El Digital de Asturias \u2013 Revista de ocio, turismo y estilo de vida\" \/>\n\t\t<meta property=\"og:type\" content=\"article\" \/>\n\t\t<meta property=\"og:title\" content=\"El Sal\u00f3n de Proveedores para Hosteler\u00eda y Turismo coincidir\u00e1 con FITUR en 2017 | El Digital de Asturias\" \/>\n\t\t<meta property=\"og:description\" content=\"Las fechas de celebraci\u00f3n del Sal\u00f3n Profesional de Proveedores para la Hosteler\u00eda y el sector Tur\u00edstico, HOREQ 2017, y la Feria Internacional de Turismo, FITUR, lo que beneficiar\u00e1 a ambas ferias debido a la relaci\u00f3n existente entre el sector hostelero y el sector tur\u00edstico, ha se\u00f1alado Ifema en un comunicado. Feria de Madrid ha convocado\" \/>\n\t\t<meta property=\"og:url\" content=\"https:\/\/eldigitaldeasturias.com\/magazine365\/el-salon-de-proveedores-para-hosteleria-y-turismo-coincidira-con-fitur-en-2017\/\" \/>\n\t\t<meta property=\"og:image\" content=\"https:\/\/eldigitaldeasturias.com\/magazine365\/wp-content\/uploads\/2016\/07\/fotonoticia_20160701194302_800.jpg\" \/>\n\t\t<meta property=\"og:image:secure_url\" content=\"https:\/\/eldigitaldeasturias.com\/magazine365\/wp-content\/uploads\/2016\/07\/fotonoticia_20160701194302_800.jpg\" \/>\n\t\t<meta property=\"og:image:width\" content=\"800\" \/>\n\t\t<meta property=\"og:image:height\" content=\"521\" \/>\n\t\t<meta property=\"article:published_time\" content=\"2016-07-01T22:57:55+00:00\" \/>\n\t\t<meta property=\"article:modified_time\" content=\"2016-07-01T22:57:55+00:00\" \/>\n\t\t<meta name=\"twitter:card\" content=\"summary_large_image\" \/>\n\t\t<meta name=\"twitter:title\" content=\"El Sal\u00f3n de Proveedores para Hosteler\u00eda y Turismo coincidir\u00e1 con FITUR en 2017 | El Digital de Asturias\" \/>\n\t\t<meta name=\"twitter:description\" content=\"Las fechas de celebraci\u00f3n del Sal\u00f3n Profesional de Proveedores para la Hosteler\u00eda y el sector Tur\u00edstico, HOREQ 2017, y la Feria Internacional de Turismo, FITUR, lo que beneficiar\u00e1 a ambas ferias debido a la relaci\u00f3n existente entre el sector hostelero y el sector tur\u00edstico, ha se\u00f1alado Ifema en un comunicado. Feria de Madrid ha convocado\" \/>\n\t\t<meta name=\"twitter:image\" content=\"https:\/\/eldigitaldeasturias.com\/magazine365\/wp-content\/uploads\/2016\/07\/fotonoticia_20160701194302_800.jpg\" \/>\n\t\t<script type=\"application\/ld+json\" class=\"aioseo-schema\">\n\t\t\t{\"@context\":\"https:\\\/\\\/schema.org\",\"@graph\":[{\"@type\":\"Article\",\"@id\":\"https:\\\/\\\/eldigitaldeasturias.com\\\/magazine365\\\/el-salon-de-proveedores-para-hosteleria-y-turismo-coincidira-con-fitur-en-2017\\\/#article\",\"name\":\"El Sal\\u00f3n de Proveedores para Hosteler\\u00eda y Turismo coincidir\\u00e1 con FITUR en 2017 | El Digital de Asturias\",\"headline\":\"El Sal\\u00f3n de Proveedores para Hosteler\\u00eda y Turismo coincidir\\u00e1 con FITUR en 2017\",\"author\":{\"@id\":\"https:\\\/\\\/eldigitaldeasturias.com\\\/magazine365\\\/author\\\/admin\\\/#author\"},\"publisher\":{\"@id\":\"https:\\\/\\\/eldigitaldeasturias.com\\\/magazine365\\\/#organization\"},\"image\":{\"@type\":\"ImageObject\",\"url\":\"https:\\\/\\\/eldigitaldeasturias.com\\\/magazine365\\\/wp-content\\\/uploads\\\/2016\\\/07\\\/fotonoticia_20160701194302_800.jpg\",\"width\":800,\"height\":521},\"datePublished\":\"2016-07-02T00:57:55+02:00\",\"dateModified\":\"2016-07-02T00:57:55+02:00\",\"inLanguage\":\"es-ES\",\"mainEntityOfPage\":{\"@id\":\"https:\\\/\\\/eldigitaldeasturias.com\\\/magazine365\\\/el-salon-de-proveedores-para-hosteleria-y-turismo-coincidira-con-fitur-en-2017\\\/#webpage\"},\"isPartOf\":{\"@id\":\"https:\\\/\\\/eldigitaldeasturias.com\\\/magazine365\\\/el-salon-de-proveedores-para-hosteleria-y-turismo-coincidira-con-fitur-en-2017\\\/#webpage\"},\"articleSection\":\"Noticias y Actualidad\"},{\"@type\":\"BreadcrumbList\",\"@id\":\"https:\\\/\\\/eldigitaldeasturias.com\\\/magazine365\\\/el-salon-de-proveedores-para-hosteleria-y-turismo-coincidira-con-fitur-en-2017\\\/#breadcrumblist\",\"itemListElement\":[{\"@type\":\"ListItem\",\"@id\":\"https:\\\/\\\/eldigitaldeasturias.com\\\/magazine365#listItem\",\"position\":1,\"name\":\"Home\",\"item\":\"https:\\\/\\\/eldigitaldeasturias.com\\\/magazine365\",\"nextItem\":{\"@type\":\"ListItem\",\"@id\":\"https:\\\/\\\/eldigitaldeasturias.com\\\/magazine365\\\/category\\\/noticias-actualidad\\\/#listItem\",\"name\":\"Noticias y Actualidad\"}},{\"@type\":\"ListItem\",\"@id\":\"https:\\\/\\\/eldigitaldeasturias.com\\\/magazine365\\\/category\\\/noticias-actualidad\\\/#listItem\",\"position\":2,\"name\":\"Noticias y Actualidad\",\"item\":\"https:\\\/\\\/eldigitaldeasturias.com\\\/magazine365\\\/category\\\/noticias-actualidad\\\/\",\"nextItem\":{\"@type\":\"ListItem\",\"@id\":\"https:\\\/\\\/eldigitaldeasturias.com\\\/magazine365\\\/el-salon-de-proveedores-para-hosteleria-y-turismo-coincidira-con-fitur-en-2017\\\/#listItem\",\"name\":\"El Sal\\u00f3n de Proveedores para Hosteler\\u00eda y Turismo coincidir\\u00e1 con FITUR en 2017\"},\"previousItem\":{\"@type\":\"ListItem\",\"@id\":\"https:\\\/\\\/eldigitaldeasturias.com\\\/magazine365#listItem\",\"name\":\"Home\"}},{\"@type\":\"ListItem\",\"@id\":\"https:\\\/\\\/eldigitaldeasturias.com\\\/magazine365\\\/el-salon-de-proveedores-para-hosteleria-y-turismo-coincidira-con-fitur-en-2017\\\/#listItem\",\"position\":3,\"name\":\"El Sal\\u00f3n de Proveedores para Hosteler\\u00eda y Turismo coincidir\\u00e1 con FITUR en 2017\",\"previousItem\":{\"@type\":\"ListItem\",\"@id\":\"https:\\\/\\\/eldigitaldeasturias.com\\\/magazine365\\\/category\\\/noticias-actualidad\\\/#listItem\",\"name\":\"Noticias y Actualidad\"}}]},{\"@type\":\"Organization\",\"@id\":\"https:\\\/\\\/eldigitaldeasturias.com\\\/magazine365\\\/#organization\",\"name\":\"El digital de Asturias\",\"description\":\"Revista de ocio, turismo y estilo de vida\",\"url\":\"https:\\\/\\\/eldigitaldeasturias.com\\\/magazine365\\\/\",\"logo\":{\"@type\":\"ImageObject\",\"url\":\"https:\\\/\\\/www.eldigitaldeasturias.com\\\/noticias\\\/wp-content\\\/uploads\\\/2020\\\/12\\\/EDA.jpg\",\"@id\":\"https:\\\/\\\/eldigitaldeasturias.com\\\/magazine365\\\/el-salon-de-proveedores-para-hosteleria-y-turismo-coincidira-con-fitur-en-2017\\\/#organizationLogo\"},\"image\":{\"@id\":\"https:\\\/\\\/eldigitaldeasturias.com\\\/magazine365\\\/el-salon-de-proveedores-para-hosteleria-y-turismo-coincidira-con-fitur-en-2017\\\/#organizationLogo\"}},{\"@type\":\"Person\",\"@id\":\"https:\\\/\\\/eldigitaldeasturias.com\\\/magazine365\\\/author\\\/admin\\\/#author\",\"url\":\"https:\\\/\\\/eldigitaldeasturias.com\\\/magazine365\\\/author\\\/admin\\\/\",\"name\":\"admin\",\"image\":{\"@type\":\"ImageObject\",\"@id\":\"https:\\\/\\\/eldigitaldeasturias.com\\\/magazine365\\\/el-salon-de-proveedores-para-hosteleria-y-turismo-coincidira-con-fitur-en-2017\\\/#authorImage\",\"url\":\"https:\\\/\\\/eldigitaldeasturias.com\\\/magazine365\\\/wp-content\\\/litespeed\\\/avatar\\\/e571bcf59a0edd6fa6838245a470f2fe.jpg?ver=1776969259\",\"width\":96,\"height\":96,\"caption\":\"admin\"}},{\"@type\":\"WebPage\",\"@id\":\"https:\\\/\\\/eldigitaldeasturias.com\\\/magazine365\\\/el-salon-de-proveedores-para-hosteleria-y-turismo-coincidira-con-fitur-en-2017\\\/#webpage\",\"url\":\"https:\\\/\\\/eldigitaldeasturias.com\\\/magazine365\\\/el-salon-de-proveedores-para-hosteleria-y-turismo-coincidira-con-fitur-en-2017\\\/\",\"name\":\"El Sal\\u00f3n de Proveedores para Hosteler\\u00eda y Turismo coincidir\\u00e1 con FITUR en 2017 | El Digital de Asturias\",\"description\":\"Las fechas de celebraci\\u00f3n del Sal\\u00f3n Profesional de Proveedores para la Hosteler\\u00eda y el sector Tur\\u00edstico, HOREQ 2017, y la Feria Internacional de Turismo, FITUR, lo que beneficiar\\u00e1 a ambas ferias debido a la relaci\\u00f3n existente entre el sector hostelero y el sector tur\\u00edstico, ha se\\u00f1alado Ifema en un comunicado. Feria de Madrid ha convocado\",\"inLanguage\":\"es-ES\",\"isPartOf\":{\"@id\":\"https:\\\/\\\/eldigitaldeasturias.com\\\/magazine365\\\/#website\"},\"breadcrumb\":{\"@id\":\"https:\\\/\\\/eldigitaldeasturias.com\\\/magazine365\\\/el-salon-de-proveedores-para-hosteleria-y-turismo-coincidira-con-fitur-en-2017\\\/#breadcrumblist\"},\"author\":{\"@id\":\"https:\\\/\\\/eldigitaldeasturias.com\\\/magazine365\\\/author\\\/admin\\\/#author\"},\"creator\":{\"@id\":\"https:\\\/\\\/eldigitaldeasturias.com\\\/magazine365\\\/author\\\/admin\\\/#author\"},\"image\":{\"@type\":\"ImageObject\",\"url\":\"https:\\\/\\\/eldigitaldeasturias.com\\\/magazine365\\\/wp-content\\\/uploads\\\/2016\\\/07\\\/fotonoticia_20160701194302_800.jpg\",\"@id\":\"https:\\\/\\\/eldigitaldeasturias.com\\\/magazine365\\\/el-salon-de-proveedores-para-hosteleria-y-turismo-coincidira-con-fitur-en-2017\\\/#mainImage\",\"width\":800,\"height\":521},\"primaryImageOfPage\":{\"@id\":\"https:\\\/\\\/eldigitaldeasturias.com\\\/magazine365\\\/el-salon-de-proveedores-para-hosteleria-y-turismo-coincidira-con-fitur-en-2017\\\/#mainImage\"},\"datePublished\":\"2016-07-02T00:57:55+02:00\",\"dateModified\":\"2016-07-02T00:57:55+02:00\"},{\"@type\":\"WebSite\",\"@id\":\"https:\\\/\\\/eldigitaldeasturias.com\\\/magazine365\\\/#website\",\"url\":\"https:\\\/\\\/eldigitaldeasturias.com\\\/magazine365\\\/\",\"name\":\"El Digital de Asturias\",\"description\":\"Revista de ocio, turismo y estilo de vida\",\"inLanguage\":\"es-ES\",\"publisher\":{\"@id\":\"https:\\\/\\\/eldigitaldeasturias.com\\\/magazine365\\\/#organization\"}}]}\n\t\t<\/script>\n\t\t<!-- All in One SEO Pro -->\r\n\t\t<title>El Sal\u00f3n de Proveedores para Hosteler\u00eda y Turismo coincidir\u00e1 con FITUR en 2017 | El Digital de Asturias<\/title>\n\n","aioseo_head_json":{"title":"El Sal\u00f3n de Proveedores para Hosteler\u00eda y Turismo coincidir\u00e1 con FITUR en 2017 | El Digital de Asturias","description":"Las fechas de celebraci\u00f3n del Sal\u00f3n Profesional de Proveedores para la Hosteler\u00eda y el sector Tur\u00edstico, HOREQ 2017, y la Feria Internacional de Turismo, FITUR, lo que beneficiar\u00e1 a ambas ferias debido a la relaci\u00f3n existente entre el sector hostelero y el sector tur\u00edstico, ha se\u00f1alado Ifema en un comunicado. Feria de Madrid ha convocado","canonical_url":"https:\/\/eldigitaldeasturias.com\/magazine365\/el-salon-de-proveedores-para-hosteleria-y-turismo-coincidira-con-fitur-en-2017\/","robots":"max-image-preview:large","keywords":"noticias y actualidad","webmasterTools":{"google-site-verification":"UA-38556648-1","miscellaneous":""},"schema":{"@context":"https:\/\/schema.org","@graph":[{"@type":"Article","@id":"https:\/\/eldigitaldeasturias.com\/magazine365\/el-salon-de-proveedores-para-hosteleria-y-turismo-coincidira-con-fitur-en-2017\/#article","name":"El Sal\u00f3n de Proveedores para Hosteler\u00eda y Turismo coincidir\u00e1 con FITUR en 2017 | El Digital de Asturias","headline":"El Sal\u00f3n de Proveedores para Hosteler\u00eda y Turismo coincidir\u00e1 con FITUR en 2017","author":{"@id":"https:\/\/eldigitaldeasturias.com\/magazine365\/author\/admin\/#author"},"publisher":{"@id":"https:\/\/eldigitaldeasturias.com\/magazine365\/#organization"},"image":{"@type":"ImageObject","url":"https:\/\/eldigitaldeasturias.com\/magazine365\/wp-content\/uploads\/2016\/07\/fotonoticia_20160701194302_800.jpg","width":800,"height":521},"datePublished":"2016-07-02T00:57:55+02:00","dateModified":"2016-07-02T00:57:55+02:00","inLanguage":"es-ES","mainEntityOfPage":{"@id":"https:\/\/eldigitaldeasturias.com\/magazine365\/el-salon-de-proveedores-para-hosteleria-y-turismo-coincidira-con-fitur-en-2017\/#webpage"},"isPartOf":{"@id":"https:\/\/eldigitaldeasturias.com\/magazine365\/el-salon-de-proveedores-para-hosteleria-y-turismo-coincidira-con-fitur-en-2017\/#webpage"},"articleSection":"Noticias y Actualidad"},{"@type":"BreadcrumbList","@id":"https:\/\/eldigitaldeasturias.com\/magazine365\/el-salon-de-proveedores-para-hosteleria-y-turismo-coincidira-con-fitur-en-2017\/#breadcrumblist","itemListElement":[{"@type":"ListItem","@id":"https:\/\/eldigitaldeasturias.com\/magazine365#listItem","position":1,"name":"Home","item":"https:\/\/eldigitaldeasturias.com\/magazine365","nextItem":{"@type":"ListItem","@id":"https:\/\/eldigitaldeasturias.com\/magazine365\/category\/noticias-actualidad\/#listItem","name":"Noticias y Actualidad"}},{"@type":"ListItem","@id":"https:\/\/eldigitaldeasturias.com\/magazine365\/category\/noticias-actualidad\/#listItem","position":2,"name":"Noticias y Actualidad","item":"https:\/\/eldigitaldeasturias.com\/magazine365\/category\/noticias-actualidad\/","nextItem":{"@type":"ListItem","@id":"https:\/\/eldigitaldeasturias.com\/magazine365\/el-salon-de-proveedores-para-hosteleria-y-turismo-coincidira-con-fitur-en-2017\/#listItem","name":"El Sal\u00f3n de Proveedores para Hosteler\u00eda y Turismo coincidir\u00e1 con FITUR en 2017"},"previousItem":{"@type":"ListItem","@id":"https:\/\/eldigitaldeasturias.com\/magazine365#listItem","name":"Home"}},{"@type":"ListItem","@id":"https:\/\/eldigitaldeasturias.com\/magazine365\/el-salon-de-proveedores-para-hosteleria-y-turismo-coincidira-con-fitur-en-2017\/#listItem","position":3,"name":"El Sal\u00f3n de Proveedores para Hosteler\u00eda y Turismo coincidir\u00e1 con FITUR en 2017","previousItem":{"@type":"ListItem","@id":"https:\/\/eldigitaldeasturias.com\/magazine365\/category\/noticias-actualidad\/#listItem","name":"Noticias y Actualidad"}}]},{"@type":"Organization","@id":"https:\/\/eldigitaldeasturias.com\/magazine365\/#organization","name":"El digital de Asturias","description":"Revista de ocio, turismo y estilo de vida","url":"https:\/\/eldigitaldeasturias.com\/magazine365\/","logo":{"@type":"ImageObject","url":"https:\/\/www.eldigitaldeasturias.com\/noticias\/wp-content\/uploads\/2020\/12\/EDA.jpg","@id":"https:\/\/eldigitaldeasturias.com\/magazine365\/el-salon-de-proveedores-para-hosteleria-y-turismo-coincidira-con-fitur-en-2017\/#organizationLogo"},"image":{"@id":"https:\/\/eldigitaldeasturias.com\/magazine365\/el-salon-de-proveedores-para-hosteleria-y-turismo-coincidira-con-fitur-en-2017\/#organizationLogo"}},{"@type":"Person","@id":"https:\/\/eldigitaldeasturias.com\/magazine365\/author\/admin\/#author","url":"https:\/\/eldigitaldeasturias.com\/magazine365\/author\/admin\/","name":"admin","image":{"@type":"ImageObject","@id":"https:\/\/eldigitaldeasturias.com\/magazine365\/el-salon-de-proveedores-para-hosteleria-y-turismo-coincidira-con-fitur-en-2017\/#authorImage","url":"https:\/\/eldigitaldeasturias.com\/magazine365\/wp-content\/litespeed\/avatar\/e571bcf59a0edd6fa6838245a470f2fe.jpg?ver=1776969259","width":96,"height":96,"caption":"admin"}},{"@type":"WebPage","@id":"https:\/\/eldigitaldeasturias.com\/magazine365\/el-salon-de-proveedores-para-hosteleria-y-turismo-coincidira-con-fitur-en-2017\/#webpage","url":"https:\/\/eldigitaldeasturias.com\/magazine365\/el-salon-de-proveedores-para-hosteleria-y-turismo-coincidira-con-fitur-en-2017\/","name":"El Sal\u00f3n de Proveedores para Hosteler\u00eda y Turismo coincidir\u00e1 con FITUR en 2017 | El Digital de Asturias","description":"Las fechas de celebraci\u00f3n del Sal\u00f3n Profesional de Proveedores para la Hosteler\u00eda y el sector Tur\u00edstico, HOREQ 2017, y la Feria Internacional de Turismo, FITUR, lo que beneficiar\u00e1 a ambas ferias debido a la relaci\u00f3n existente entre el sector hostelero y el sector tur\u00edstico, ha se\u00f1alado Ifema en un comunicado. Feria de Madrid ha convocado","inLanguage":"es-ES","isPartOf":{"@id":"https:\/\/eldigitaldeasturias.com\/magazine365\/#website"},"breadcrumb":{"@id":"https:\/\/eldigitaldeasturias.com\/magazine365\/el-salon-de-proveedores-para-hosteleria-y-turismo-coincidira-con-fitur-en-2017\/#breadcrumblist"},"author":{"@id":"https:\/\/eldigitaldeasturias.com\/magazine365\/author\/admin\/#author"},"creator":{"@id":"https:\/\/eldigitaldeasturias.com\/magazine365\/author\/admin\/#author"},"image":{"@type":"ImageObject","url":"https:\/\/eldigitaldeasturias.com\/magazine365\/wp-content\/uploads\/2016\/07\/fotonoticia_20160701194302_800.jpg","@id":"https:\/\/eldigitaldeasturias.com\/magazine365\/el-salon-de-proveedores-para-hosteleria-y-turismo-coincidira-con-fitur-en-2017\/#mainImage","width":800,"height":521},"primaryImageOfPage":{"@id":"https:\/\/eldigitaldeasturias.com\/magazine365\/el-salon-de-proveedores-para-hosteleria-y-turismo-coincidira-con-fitur-en-2017\/#mainImage"},"datePublished":"2016-07-02T00:57:55+02:00","dateModified":"2016-07-02T00:57:55+02:00"},{"@type":"WebSite","@id":"https:\/\/eldigitaldeasturias.com\/magazine365\/#website","url":"https:\/\/eldigitaldeasturias.com\/magazine365\/","name":"El Digital de Asturias","description":"Revista de ocio, turismo y estilo de vida","inLanguage":"es-ES","publisher":{"@id":"https:\/\/eldigitaldeasturias.com\/magazine365\/#organization"}}]},"og:locale":"es_ES","og:site_name":"El Digital de Asturias \u2013 Revista de ocio, turismo y estilo de vida","og:type":"article","og:title":"El Sal\u00f3n de Proveedores para Hosteler\u00eda y Turismo coincidir\u00e1 con FITUR en 2017 | El Digital de Asturias","og:description":"Las fechas de celebraci\u00f3n del Sal\u00f3n Profesional de Proveedores para la Hosteler\u00eda y el sector Tur\u00edstico, HOREQ 2017, y la Feria Internacional de Turismo, FITUR, lo que beneficiar\u00e1 a ambas ferias debido a la relaci\u00f3n existente entre el sector hostelero y el sector tur\u00edstico, ha se\u00f1alado Ifema en un comunicado. Feria de Madrid ha convocado","og:url":"https:\/\/eldigitaldeasturias.com\/magazine365\/el-salon-de-proveedores-para-hosteleria-y-turismo-coincidira-con-fitur-en-2017\/","og:image":"https:\/\/eldigitaldeasturias.com\/magazine365\/wp-content\/uploads\/2016\/07\/fotonoticia_20160701194302_800.jpg","og:image:secure_url":"https:\/\/eldigitaldeasturias.com\/magazine365\/wp-content\/uploads\/2016\/07\/fotonoticia_20160701194302_800.jpg","og:image:width":800,"og:image:height":521,"article:published_time":"2016-07-01T22:57:55+00:00","article:modified_time":"2016-07-01T22:57:55+00:00","twitter:card":"summary_large_image","twitter:title":"El Sal\u00f3n de Proveedores para Hosteler\u00eda y Turismo coincidir\u00e1 con FITUR en 2017 | El Digital de Asturias","twitter:description":"Las fechas de celebraci\u00f3n del Sal\u00f3n Profesional de Proveedores para la Hosteler\u00eda y el sector Tur\u00edstico, HOREQ 2017, y la Feria Internacional de Turismo, FITUR, lo que beneficiar\u00e1 a ambas ferias debido a la relaci\u00f3n existente entre el sector hostelero y el sector tur\u00edstico, ha se\u00f1alado Ifema en un comunicado. Feria de Madrid ha convocado","twitter:image":"https:\/\/eldigitaldeasturias.com\/magazine365\/wp-content\/uploads\/2016\/07\/fotonoticia_20160701194302_800.jpg"},"aioseo_meta_data":{"post_id":"81497","title":null,"description":null,"keywords":null,"keyphrases":null,"primary_term":null,"canonical_url":null,"og_title":null,"og_description":null,"og_object_type":"default","og_image_type":"default","og_image_url":null,"og_image_width":null,"og_image_height":null,"og_image_custom_url":null,"og_image_custom_fields":null,"og_video":null,"og_custom_url":null,"og_article_section":null,"og_article_tags":null,"twitter_use_og":false,"twitter_card":"default","twitter_image_type":"default","twitter_image_url":null,"twitter_image_custom_url":null,"twitter_image_custom_fields":null,"twitter_title":null,"twitter_description":null,"schema":{"blockGraphs":[],"customGraphs":[],"default":{"data":{"Article":[],"Course":[],"Dataset":[],"FAQPage":[],"Movie":[],"Person":[],"Product":[],"ProductReview":[],"Car":[],"Recipe":[],"Service":[],"SoftwareApplication":[],"WebPage":[]},"graphName":"","isEnabled":true},"graphs":[],"defaultGraph":"","defaultPostTypeGraph":""},"schema_type":null,"schema_type_options":null,"pillar_content":false,"robots_default":true,"robots_noindex":false,"robots_noarchive":false,"robots_nosnippet":false,"robots_nofollow":false,"robots_noimageindex":false,"robots_noodp":false,"robots_notranslate":false,"robots_max_snippet":null,"robots_max_videopreview":null,"robots_max_imagepreview":"large","priority":null,"frequency":null,"location":null,"local_seo":null,"seo_analyzer_scan_date":"2025-09-27 23:00:49","breadcrumb_settings":null,"limit_modified_date":false,"open_ai":null,"ai":null,"created":"2021-03-08 17:16:58","updated":"2025-09-27 23:00:49"},"aioseo_breadcrumb":"<div class=\"aioseo-breadcrumbs\"><span class=\"aioseo-breadcrumb\">\n\t<a href=\"https:\/\/eldigitaldeasturias.com\/magazine365\" title=\"Home\">Home<\/a>\n<\/span><span class=\"aioseo-breadcrumb-separator\">\u2013<\/span><span class=\"aioseo-breadcrumb\">\n\t<a href=\"https:\/\/eldigitaldeasturias.com\/magazine365\/category\/noticias-actualidad\/\" title=\"Noticias y Actualidad\">Noticias y Actualidad<\/a>\n<\/span><span class=\"aioseo-breadcrumb-separator\">\u2013<\/span><span class=\"aioseo-breadcrumb\">\n\t<a href=\"https:\/\/eldigitaldeasturias.com\/magazine365\/el-salon-de-proveedores-para-hosteleria-y-turismo-coincidira-con-fitur-en-2017\/\" title=\"El Sal\u00f3n de Proveedores para Hosteler\u00eda y Turismo coincidir\u00e1 con FITUR en 2017\">El Sal\u00f3n de Proveedores para Hosteler\u00eda y Turismo coincidir\u00e1 con FITUR en 2017<\/a>\n<\/span><\/div>","aioseo_breadcrumb_json":[{"label":"Home","link":"https:\/\/eldigitaldeasturias.com\/magazine365"},{"label":"Noticias y Actualidad","link":"https:\/\/eldigitaldeasturias.com\/magazine365\/category\/noticias-actualidad\/"},{"label":"El Sal\u00f3n de Proveedores para Hosteler\u00eda y Turismo coincidir\u00e1 con FITUR en 2017","link":"https:\/\/eldigitaldeasturias.com\/magazine365\/el-salon-de-proveedores-para-hosteleria-y-turismo-coincidira-con-fitur-en-2017\/"}],"_links":{"self":[{"href":"https:\/\/eldigitaldeasturias.com\/magazine365\/wp-json\/wp\/v2\/posts\/81497","targetHints":{"allow":["GET"]}}],"collection":[{"href":"https:\/\/eldigitaldeasturias.com\/magazine365\/wp-json\/wp\/v2\/posts"}],"about":[{"href":"https:\/\/eldigitaldeasturias.com\/magazine365\/wp-json\/wp\/v2\/types\/post"}],"author":[{"embeddable":true,"href":"https:\/\/eldigitaldeasturias.com\/magazine365\/wp-json\/wp\/v2\/users\/1"}],"replies":[{"embeddable":true,"href":"https:\/\/eldigitaldeasturias.com\/magazine365\/wp-json\/wp\/v2\/comments?post=81497"}],"version-history":[{"count":0,"href":"https:\/\/eldigitaldeasturias.com\/magazine365\/wp-json\/wp\/v2\/posts\/81497\/revisions"}],"wp:featuredmedia":[{"embeddable":true,"href":"https:\/\/eldigitaldeasturias.com\/magazine365\/wp-json\/wp\/v2\/media\/81498"}],"wp:attachment":[{"href":"https:\/\/eldigitaldeasturias.com\/magazine365\/wp-json\/wp\/v2\/media?parent=81497"}],"wp:term":[{"taxonomy":"category","embeddable":true,"href":"https:\/\/eldigitaldeasturias.com\/magazine365\/wp-json\/wp\/v2\/categories?post=81497"},{"taxonomy":"post_tag","embeddable":true,"href":"https:\/\/eldigitaldeasturias.com\/magazine365\/wp-json\/wp\/v2\/tags?post=81497"}],"curies":[{"name":"wp","href":"https:\/\/api.w.org\/{rel}","templated":true}]}}