{"id":81494,"date":"2016-07-02T00:57:10","date_gmt":"2016-07-01T22:57:10","guid":{"rendered":"http:\/\/eldigitaldeasturias.com\/magazine365\/?p=81494"},"modified":"2016-07-02T00:57:10","modified_gmt":"2016-07-01T22:57:10","slug":"swiss-recibe-su-primer-bombardier-c-series-en-el-aeropuerto-de-zurich","status":"publish","type":"post","link":"https:\/\/eldigitaldeasturias.com\/magazine365\/swiss-recibe-su-primer-bombardier-c-series-en-el-aeropuerto-de-zurich\/","title":{"rendered":"SWISS recibe su primer Bombardier C Series en el aeropuerto de Zurich"},"content":{"rendered":"<p><img fetchpriority=\"high\" decoding=\"async\" class=\"alignleft size-medium wp-image-81495\" src=\"https:\/\/eldigitaldeasturias.com\/magazine365\/wp-content\/uploads\/2016\/07\/fotonoticia_20160701192812_800-360x270.jpg\" alt=\"fotonoticia_20160701192812_800\" width=\"360\" height=\"270\" srcset=\"https:\/\/eldigitaldeasturias.com\/magazine365\/wp-content\/uploads\/2016\/07\/fotonoticia_20160701192812_800-360x270.jpg 360w, https:\/\/eldigitaldeasturias.com\/magazine365\/wp-content\/uploads\/2016\/07\/fotonoticia_20160701192812_800-650x487.jpg 650w, https:\/\/eldigitaldeasturias.com\/magazine365\/wp-content\/uploads\/2016\/07\/fotonoticia_20160701192812_800-768x575.jpg 768w, https:\/\/eldigitaldeasturias.com\/magazine365\/wp-content\/uploads\/2016\/07\/fotonoticia_20160701192812_800-150x112.jpg 150w, https:\/\/eldigitaldeasturias.com\/magazine365\/wp-content\/uploads\/2016\/07\/fotonoticia_20160701192812_800-450x337.jpg 450w, https:\/\/eldigitaldeasturias.com\/magazine365\/wp-content\/uploads\/2016\/07\/fotonoticia_20160701192812_800-90x67.jpg 90w, https:\/\/eldigitaldeasturias.com\/magazine365\/wp-content\/uploads\/2016\/07\/fotonoticia_20160701192812_800-164x124.jpg 164w, https:\/\/eldigitaldeasturias.com\/magazine365\/wp-content\/uploads\/2016\/07\/fotonoticia_20160701192812_800-100x75.jpg 100w, https:\/\/eldigitaldeasturias.com\/magazine365\/wp-content\/uploads\/2016\/07\/fotonoticia_20160701192812_800.jpg 800w\" sizes=\"(max-width: 360px) 100vw, 360px\" \/>Swiss International Air Lines (SWISS) ha recibido su primer Bombardier CS100 en el aeropuerto de Zurich, que har\u00e1 su primer vuelo comercial el 15 de julio, seg\u00fan ha informado la compa\u00f1\u00eda en un comunicado.<\/p>\n<p>SWISS ha sido la primera aerol\u00ednea que ha pedido y puesto en marcha estos aviones para vuelos de corta y media distancia, con un desarrollo totalmente nuevo llevado a cabo conjuntamente con Bombardier, seg\u00fan afirma la aerol\u00ednea.<\/p>\n<p>\u00abA trav\u00e9s del uso de nuevas tecnolog\u00edas, los C Series establecen nuevos est\u00e1ndares en confort, econom\u00eda y respeto al medio ambiente\u00bb, se\u00f1ala SWISS. Los C Series producen la mitad de ruido que los tipos de aviones comparables. Adem\u00e1s, los nuevos aviones tambi\u00e9n ahorran hasta un cuarto del combustible habitual.<\/p>\n","protected":false},"excerpt":{"rendered":"<p>Swiss International Air Lines (SWISS) ha recibido su primer Bombardier CS100 en el aeropuerto de Zurich, que har\u00e1 su primer vuelo comercial el 15 de julio, seg\u00fan ha informado la compa\u00f1\u00eda en un comunicado. SWISS ha sido la primera aerol\u00ednea que ha pedido y puesto en marcha estos aviones para vuelos de corta y media<\/p>\n","protected":false},"author":1,"featured_media":81495,"comment_status":"open","ping_status":"closed","sticky":false,"template":"","format":"standard","meta":{"footnotes":""},"categories":[224],"tags":[],"class_list":{"0":"post-81494","1":"post","2":"type-post","3":"status-publish","4":"format-standard","5":"has-post-thumbnail","7":"category-noticias-actualidad"},"aioseo_notices":[],"aioseo_head":"\n\t\t<!-- All in One SEO Pro 4.9.6.1 - aioseo.com -->\n\t<meta name=\"description\" content=\"Swiss International Air Lines (SWISS) ha recibido su primer Bombardier CS100 en el aeropuerto de Zurich, que har\u00e1 su primer vuelo comercial el 15 de julio, seg\u00fan ha informado la compa\u00f1\u00eda en un comunicado. SWISS ha sido la primera aerol\u00ednea que ha pedido y puesto en marcha estos aviones para vuelos de corta y media\" \/>\n\t<meta name=\"robots\" content=\"max-image-preview:large\" \/>\n\t<meta name=\"author\" content=\"admin\"\/>\n\t<meta name=\"google-site-verification\" content=\"UA-38556648-1\" \/>\n\t<meta name=\"keywords\" content=\"noticias y actualidad\" \/>\n\t<link rel=\"canonical\" href=\"https:\/\/eldigitaldeasturias.com\/magazine365\/swiss-recibe-su-primer-bombardier-c-series-en-el-aeropuerto-de-zurich\/\" \/>\n\t<meta name=\"generator\" content=\"All in One SEO Pro (AIOSEO) 4.9.6.1\" \/>\n\t\t<meta property=\"og:locale\" content=\"es_ES\" \/>\n\t\t<meta property=\"og:site_name\" content=\"El Digital de Asturias \u2013 Revista de ocio, turismo y estilo de vida\" \/>\n\t\t<meta property=\"og:type\" content=\"article\" \/>\n\t\t<meta property=\"og:title\" content=\"SWISS recibe su primer Bombardier C Series en el aeropuerto de Zurich | El Digital de Asturias\" \/>\n\t\t<meta property=\"og:description\" content=\"Swiss International Air Lines (SWISS) ha recibido su primer Bombardier CS100 en el aeropuerto de Zurich, que har\u00e1 su primer vuelo comercial el 15 de julio, seg\u00fan ha informado la compa\u00f1\u00eda en un comunicado. SWISS ha sido la primera aerol\u00ednea que ha pedido y puesto en marcha estos aviones para vuelos de corta y media\" \/>\n\t\t<meta property=\"og:url\" content=\"https:\/\/eldigitaldeasturias.com\/magazine365\/swiss-recibe-su-primer-bombardier-c-series-en-el-aeropuerto-de-zurich\/\" \/>\n\t\t<meta property=\"og:image\" content=\"https:\/\/eldigitaldeasturias.com\/magazine365\/wp-content\/uploads\/2016\/07\/fotonoticia_20160701192812_800.jpg\" \/>\n\t\t<meta property=\"og:image:secure_url\" content=\"https:\/\/eldigitaldeasturias.com\/magazine365\/wp-content\/uploads\/2016\/07\/fotonoticia_20160701192812_800.jpg\" \/>\n\t\t<meta property=\"og:image:width\" content=\"800\" \/>\n\t\t<meta property=\"og:image:height\" content=\"599\" \/>\n\t\t<meta property=\"article:published_time\" content=\"2016-07-01T22:57:10+00:00\" \/>\n\t\t<meta property=\"article:modified_time\" content=\"2016-07-01T22:57:10+00:00\" \/>\n\t\t<meta name=\"twitter:card\" content=\"summary_large_image\" \/>\n\t\t<meta name=\"twitter:title\" content=\"SWISS recibe su primer Bombardier C Series en el aeropuerto de Zurich | El Digital de Asturias\" \/>\n\t\t<meta name=\"twitter:description\" content=\"Swiss International Air Lines (SWISS) ha recibido su primer Bombardier CS100 en el aeropuerto de Zurich, que har\u00e1 su primer vuelo comercial el 15 de julio, seg\u00fan ha informado la compa\u00f1\u00eda en un comunicado. SWISS ha sido la primera aerol\u00ednea que ha pedido y puesto en marcha estos aviones para vuelos de corta y media\" \/>\n\t\t<meta name=\"twitter:image\" content=\"https:\/\/eldigitaldeasturias.com\/magazine365\/wp-content\/uploads\/2016\/07\/fotonoticia_20160701192812_800.jpg\" \/>\n\t\t<script type=\"application\/ld+json\" class=\"aioseo-schema\">\n\t\t\t{\"@context\":\"https:\\\/\\\/schema.org\",\"@graph\":[{\"@type\":\"Article\",\"@id\":\"https:\\\/\\\/eldigitaldeasturias.com\\\/magazine365\\\/swiss-recibe-su-primer-bombardier-c-series-en-el-aeropuerto-de-zurich\\\/#article\",\"name\":\"SWISS recibe su primer Bombardier C Series en el aeropuerto de Zurich | El Digital de Asturias\",\"headline\":\"SWISS recibe su primer Bombardier C Series en el aeropuerto de Zurich\",\"author\":{\"@id\":\"https:\\\/\\\/eldigitaldeasturias.com\\\/magazine365\\\/author\\\/admin\\\/#author\"},\"publisher\":{\"@id\":\"https:\\\/\\\/eldigitaldeasturias.com\\\/magazine365\\\/#organization\"},\"image\":{\"@type\":\"ImageObject\",\"url\":\"https:\\\/\\\/eldigitaldeasturias.com\\\/magazine365\\\/wp-content\\\/uploads\\\/2016\\\/07\\\/fotonoticia_20160701192812_800.jpg\",\"width\":800,\"height\":599},\"datePublished\":\"2016-07-02T00:57:10+02:00\",\"dateModified\":\"2016-07-02T00:57:10+02:00\",\"inLanguage\":\"es-ES\",\"mainEntityOfPage\":{\"@id\":\"https:\\\/\\\/eldigitaldeasturias.com\\\/magazine365\\\/swiss-recibe-su-primer-bombardier-c-series-en-el-aeropuerto-de-zurich\\\/#webpage\"},\"isPartOf\":{\"@id\":\"https:\\\/\\\/eldigitaldeasturias.com\\\/magazine365\\\/swiss-recibe-su-primer-bombardier-c-series-en-el-aeropuerto-de-zurich\\\/#webpage\"},\"articleSection\":\"Noticias y Actualidad\"},{\"@type\":\"BreadcrumbList\",\"@id\":\"https:\\\/\\\/eldigitaldeasturias.com\\\/magazine365\\\/swiss-recibe-su-primer-bombardier-c-series-en-el-aeropuerto-de-zurich\\\/#breadcrumblist\",\"itemListElement\":[{\"@type\":\"ListItem\",\"@id\":\"https:\\\/\\\/eldigitaldeasturias.com\\\/magazine365#listItem\",\"position\":1,\"name\":\"Home\",\"item\":\"https:\\\/\\\/eldigitaldeasturias.com\\\/magazine365\",\"nextItem\":{\"@type\":\"ListItem\",\"@id\":\"https:\\\/\\\/eldigitaldeasturias.com\\\/magazine365\\\/category\\\/noticias-actualidad\\\/#listItem\",\"name\":\"Noticias y Actualidad\"}},{\"@type\":\"ListItem\",\"@id\":\"https:\\\/\\\/eldigitaldeasturias.com\\\/magazine365\\\/category\\\/noticias-actualidad\\\/#listItem\",\"position\":2,\"name\":\"Noticias y Actualidad\",\"item\":\"https:\\\/\\\/eldigitaldeasturias.com\\\/magazine365\\\/category\\\/noticias-actualidad\\\/\",\"nextItem\":{\"@type\":\"ListItem\",\"@id\":\"https:\\\/\\\/eldigitaldeasturias.com\\\/magazine365\\\/swiss-recibe-su-primer-bombardier-c-series-en-el-aeropuerto-de-zurich\\\/#listItem\",\"name\":\"SWISS recibe su primer Bombardier C Series en el aeropuerto de Zurich\"},\"previousItem\":{\"@type\":\"ListItem\",\"@id\":\"https:\\\/\\\/eldigitaldeasturias.com\\\/magazine365#listItem\",\"name\":\"Home\"}},{\"@type\":\"ListItem\",\"@id\":\"https:\\\/\\\/eldigitaldeasturias.com\\\/magazine365\\\/swiss-recibe-su-primer-bombardier-c-series-en-el-aeropuerto-de-zurich\\\/#listItem\",\"position\":3,\"name\":\"SWISS recibe su primer Bombardier C Series en el aeropuerto de Zurich\",\"previousItem\":{\"@type\":\"ListItem\",\"@id\":\"https:\\\/\\\/eldigitaldeasturias.com\\\/magazine365\\\/category\\\/noticias-actualidad\\\/#listItem\",\"name\":\"Noticias y Actualidad\"}}]},{\"@type\":\"Organization\",\"@id\":\"https:\\\/\\\/eldigitaldeasturias.com\\\/magazine365\\\/#organization\",\"name\":\"El digital de Asturias\",\"description\":\"Revista de ocio, turismo y estilo de vida\",\"url\":\"https:\\\/\\\/eldigitaldeasturias.com\\\/magazine365\\\/\",\"logo\":{\"@type\":\"ImageObject\",\"url\":\"https:\\\/\\\/www.eldigitaldeasturias.com\\\/noticias\\\/wp-content\\\/uploads\\\/2020\\\/12\\\/EDA.jpg\",\"@id\":\"https:\\\/\\\/eldigitaldeasturias.com\\\/magazine365\\\/swiss-recibe-su-primer-bombardier-c-series-en-el-aeropuerto-de-zurich\\\/#organizationLogo\"},\"image\":{\"@id\":\"https:\\\/\\\/eldigitaldeasturias.com\\\/magazine365\\\/swiss-recibe-su-primer-bombardier-c-series-en-el-aeropuerto-de-zurich\\\/#organizationLogo\"}},{\"@type\":\"Person\",\"@id\":\"https:\\\/\\\/eldigitaldeasturias.com\\\/magazine365\\\/author\\\/admin\\\/#author\",\"url\":\"https:\\\/\\\/eldigitaldeasturias.com\\\/magazine365\\\/author\\\/admin\\\/\",\"name\":\"admin\",\"image\":{\"@type\":\"ImageObject\",\"@id\":\"https:\\\/\\\/eldigitaldeasturias.com\\\/magazine365\\\/swiss-recibe-su-primer-bombardier-c-series-en-el-aeropuerto-de-zurich\\\/#authorImage\",\"url\":\"https:\\\/\\\/eldigitaldeasturias.com\\\/magazine365\\\/wp-content\\\/litespeed\\\/avatar\\\/e571bcf59a0edd6fa6838245a470f2fe.jpg?ver=1776969259\",\"width\":96,\"height\":96,\"caption\":\"admin\"}},{\"@type\":\"WebPage\",\"@id\":\"https:\\\/\\\/eldigitaldeasturias.com\\\/magazine365\\\/swiss-recibe-su-primer-bombardier-c-series-en-el-aeropuerto-de-zurich\\\/#webpage\",\"url\":\"https:\\\/\\\/eldigitaldeasturias.com\\\/magazine365\\\/swiss-recibe-su-primer-bombardier-c-series-en-el-aeropuerto-de-zurich\\\/\",\"name\":\"SWISS recibe su primer Bombardier C Series en el aeropuerto de Zurich | El Digital de Asturias\",\"description\":\"Swiss International Air Lines (SWISS) ha recibido su primer Bombardier CS100 en el aeropuerto de Zurich, que har\\u00e1 su primer vuelo comercial el 15 de julio, seg\\u00fan ha informado la compa\\u00f1\\u00eda en un comunicado. SWISS ha sido la primera aerol\\u00ednea que ha pedido y puesto en marcha estos aviones para vuelos de corta y media\",\"inLanguage\":\"es-ES\",\"isPartOf\":{\"@id\":\"https:\\\/\\\/eldigitaldeasturias.com\\\/magazine365\\\/#website\"},\"breadcrumb\":{\"@id\":\"https:\\\/\\\/eldigitaldeasturias.com\\\/magazine365\\\/swiss-recibe-su-primer-bombardier-c-series-en-el-aeropuerto-de-zurich\\\/#breadcrumblist\"},\"author\":{\"@id\":\"https:\\\/\\\/eldigitaldeasturias.com\\\/magazine365\\\/author\\\/admin\\\/#author\"},\"creator\":{\"@id\":\"https:\\\/\\\/eldigitaldeasturias.com\\\/magazine365\\\/author\\\/admin\\\/#author\"},\"image\":{\"@type\":\"ImageObject\",\"url\":\"https:\\\/\\\/eldigitaldeasturias.com\\\/magazine365\\\/wp-content\\\/uploads\\\/2016\\\/07\\\/fotonoticia_20160701192812_800.jpg\",\"@id\":\"https:\\\/\\\/eldigitaldeasturias.com\\\/magazine365\\\/swiss-recibe-su-primer-bombardier-c-series-en-el-aeropuerto-de-zurich\\\/#mainImage\",\"width\":800,\"height\":599},\"primaryImageOfPage\":{\"@id\":\"https:\\\/\\\/eldigitaldeasturias.com\\\/magazine365\\\/swiss-recibe-su-primer-bombardier-c-series-en-el-aeropuerto-de-zurich\\\/#mainImage\"},\"datePublished\":\"2016-07-02T00:57:10+02:00\",\"dateModified\":\"2016-07-02T00:57:10+02:00\"},{\"@type\":\"WebSite\",\"@id\":\"https:\\\/\\\/eldigitaldeasturias.com\\\/magazine365\\\/#website\",\"url\":\"https:\\\/\\\/eldigitaldeasturias.com\\\/magazine365\\\/\",\"name\":\"El Digital de Asturias\",\"description\":\"Revista de ocio, turismo y estilo de vida\",\"inLanguage\":\"es-ES\",\"publisher\":{\"@id\":\"https:\\\/\\\/eldigitaldeasturias.com\\\/magazine365\\\/#organization\"}}]}\n\t\t<\/script>\n\t\t<!-- All in One SEO Pro -->\r\n\t\t<title>SWISS recibe su primer Bombardier C Series en el aeropuerto de Zurich | El Digital de Asturias<\/title>\n\n","aioseo_head_json":{"title":"SWISS recibe su primer Bombardier C Series en el aeropuerto de Zurich | El Digital de Asturias","description":"Swiss International Air Lines (SWISS) ha recibido su primer Bombardier CS100 en el aeropuerto de Zurich, que har\u00e1 su primer vuelo comercial el 15 de julio, seg\u00fan ha informado la compa\u00f1\u00eda en un comunicado. SWISS ha sido la primera aerol\u00ednea que ha pedido y puesto en marcha estos aviones para vuelos de corta y media","canonical_url":"https:\/\/eldigitaldeasturias.com\/magazine365\/swiss-recibe-su-primer-bombardier-c-series-en-el-aeropuerto-de-zurich\/","robots":"max-image-preview:large","keywords":"noticias y actualidad","webmasterTools":{"google-site-verification":"UA-38556648-1","miscellaneous":""},"schema":{"@context":"https:\/\/schema.org","@graph":[{"@type":"Article","@id":"https:\/\/eldigitaldeasturias.com\/magazine365\/swiss-recibe-su-primer-bombardier-c-series-en-el-aeropuerto-de-zurich\/#article","name":"SWISS recibe su primer Bombardier C Series en el aeropuerto de Zurich | El Digital de Asturias","headline":"SWISS recibe su primer Bombardier C Series en el aeropuerto de Zurich","author":{"@id":"https:\/\/eldigitaldeasturias.com\/magazine365\/author\/admin\/#author"},"publisher":{"@id":"https:\/\/eldigitaldeasturias.com\/magazine365\/#organization"},"image":{"@type":"ImageObject","url":"https:\/\/eldigitaldeasturias.com\/magazine365\/wp-content\/uploads\/2016\/07\/fotonoticia_20160701192812_800.jpg","width":800,"height":599},"datePublished":"2016-07-02T00:57:10+02:00","dateModified":"2016-07-02T00:57:10+02:00","inLanguage":"es-ES","mainEntityOfPage":{"@id":"https:\/\/eldigitaldeasturias.com\/magazine365\/swiss-recibe-su-primer-bombardier-c-series-en-el-aeropuerto-de-zurich\/#webpage"},"isPartOf":{"@id":"https:\/\/eldigitaldeasturias.com\/magazine365\/swiss-recibe-su-primer-bombardier-c-series-en-el-aeropuerto-de-zurich\/#webpage"},"articleSection":"Noticias y Actualidad"},{"@type":"BreadcrumbList","@id":"https:\/\/eldigitaldeasturias.com\/magazine365\/swiss-recibe-su-primer-bombardier-c-series-en-el-aeropuerto-de-zurich\/#breadcrumblist","itemListElement":[{"@type":"ListItem","@id":"https:\/\/eldigitaldeasturias.com\/magazine365#listItem","position":1,"name":"Home","item":"https:\/\/eldigitaldeasturias.com\/magazine365","nextItem":{"@type":"ListItem","@id":"https:\/\/eldigitaldeasturias.com\/magazine365\/category\/noticias-actualidad\/#listItem","name":"Noticias y Actualidad"}},{"@type":"ListItem","@id":"https:\/\/eldigitaldeasturias.com\/magazine365\/category\/noticias-actualidad\/#listItem","position":2,"name":"Noticias y Actualidad","item":"https:\/\/eldigitaldeasturias.com\/magazine365\/category\/noticias-actualidad\/","nextItem":{"@type":"ListItem","@id":"https:\/\/eldigitaldeasturias.com\/magazine365\/swiss-recibe-su-primer-bombardier-c-series-en-el-aeropuerto-de-zurich\/#listItem","name":"SWISS recibe su primer Bombardier C Series en el aeropuerto de Zurich"},"previousItem":{"@type":"ListItem","@id":"https:\/\/eldigitaldeasturias.com\/magazine365#listItem","name":"Home"}},{"@type":"ListItem","@id":"https:\/\/eldigitaldeasturias.com\/magazine365\/swiss-recibe-su-primer-bombardier-c-series-en-el-aeropuerto-de-zurich\/#listItem","position":3,"name":"SWISS recibe su primer Bombardier C Series en el aeropuerto de Zurich","previousItem":{"@type":"ListItem","@id":"https:\/\/eldigitaldeasturias.com\/magazine365\/category\/noticias-actualidad\/#listItem","name":"Noticias y Actualidad"}}]},{"@type":"Organization","@id":"https:\/\/eldigitaldeasturias.com\/magazine365\/#organization","name":"El digital de Asturias","description":"Revista de ocio, turismo y estilo de vida","url":"https:\/\/eldigitaldeasturias.com\/magazine365\/","logo":{"@type":"ImageObject","url":"https:\/\/www.eldigitaldeasturias.com\/noticias\/wp-content\/uploads\/2020\/12\/EDA.jpg","@id":"https:\/\/eldigitaldeasturias.com\/magazine365\/swiss-recibe-su-primer-bombardier-c-series-en-el-aeropuerto-de-zurich\/#organizationLogo"},"image":{"@id":"https:\/\/eldigitaldeasturias.com\/magazine365\/swiss-recibe-su-primer-bombardier-c-series-en-el-aeropuerto-de-zurich\/#organizationLogo"}},{"@type":"Person","@id":"https:\/\/eldigitaldeasturias.com\/magazine365\/author\/admin\/#author","url":"https:\/\/eldigitaldeasturias.com\/magazine365\/author\/admin\/","name":"admin","image":{"@type":"ImageObject","@id":"https:\/\/eldigitaldeasturias.com\/magazine365\/swiss-recibe-su-primer-bombardier-c-series-en-el-aeropuerto-de-zurich\/#authorImage","url":"https:\/\/eldigitaldeasturias.com\/magazine365\/wp-content\/litespeed\/avatar\/e571bcf59a0edd6fa6838245a470f2fe.jpg?ver=1776969259","width":96,"height":96,"caption":"admin"}},{"@type":"WebPage","@id":"https:\/\/eldigitaldeasturias.com\/magazine365\/swiss-recibe-su-primer-bombardier-c-series-en-el-aeropuerto-de-zurich\/#webpage","url":"https:\/\/eldigitaldeasturias.com\/magazine365\/swiss-recibe-su-primer-bombardier-c-series-en-el-aeropuerto-de-zurich\/","name":"SWISS recibe su primer Bombardier C Series en el aeropuerto de Zurich | El Digital de Asturias","description":"Swiss International Air Lines (SWISS) ha recibido su primer Bombardier CS100 en el aeropuerto de Zurich, que har\u00e1 su primer vuelo comercial el 15 de julio, seg\u00fan ha informado la compa\u00f1\u00eda en un comunicado. SWISS ha sido la primera aerol\u00ednea que ha pedido y puesto en marcha estos aviones para vuelos de corta y media","inLanguage":"es-ES","isPartOf":{"@id":"https:\/\/eldigitaldeasturias.com\/magazine365\/#website"},"breadcrumb":{"@id":"https:\/\/eldigitaldeasturias.com\/magazine365\/swiss-recibe-su-primer-bombardier-c-series-en-el-aeropuerto-de-zurich\/#breadcrumblist"},"author":{"@id":"https:\/\/eldigitaldeasturias.com\/magazine365\/author\/admin\/#author"},"creator":{"@id":"https:\/\/eldigitaldeasturias.com\/magazine365\/author\/admin\/#author"},"image":{"@type":"ImageObject","url":"https:\/\/eldigitaldeasturias.com\/magazine365\/wp-content\/uploads\/2016\/07\/fotonoticia_20160701192812_800.jpg","@id":"https:\/\/eldigitaldeasturias.com\/magazine365\/swiss-recibe-su-primer-bombardier-c-series-en-el-aeropuerto-de-zurich\/#mainImage","width":800,"height":599},"primaryImageOfPage":{"@id":"https:\/\/eldigitaldeasturias.com\/magazine365\/swiss-recibe-su-primer-bombardier-c-series-en-el-aeropuerto-de-zurich\/#mainImage"},"datePublished":"2016-07-02T00:57:10+02:00","dateModified":"2016-07-02T00:57:10+02:00"},{"@type":"WebSite","@id":"https:\/\/eldigitaldeasturias.com\/magazine365\/#website","url":"https:\/\/eldigitaldeasturias.com\/magazine365\/","name":"El Digital de Asturias","description":"Revista de ocio, turismo y estilo de vida","inLanguage":"es-ES","publisher":{"@id":"https:\/\/eldigitaldeasturias.com\/magazine365\/#organization"}}]},"og:locale":"es_ES","og:site_name":"El Digital de Asturias \u2013 Revista de ocio, turismo y estilo de vida","og:type":"article","og:title":"SWISS recibe su primer Bombardier C Series en el aeropuerto de Zurich | El Digital de Asturias","og:description":"Swiss International Air Lines (SWISS) ha recibido su primer Bombardier CS100 en el aeropuerto de Zurich, que har\u00e1 su primer vuelo comercial el 15 de julio, seg\u00fan ha informado la compa\u00f1\u00eda en un comunicado. SWISS ha sido la primera aerol\u00ednea que ha pedido y puesto en marcha estos aviones para vuelos de corta y media","og:url":"https:\/\/eldigitaldeasturias.com\/magazine365\/swiss-recibe-su-primer-bombardier-c-series-en-el-aeropuerto-de-zurich\/","og:image":"https:\/\/eldigitaldeasturias.com\/magazine365\/wp-content\/uploads\/2016\/07\/fotonoticia_20160701192812_800.jpg","og:image:secure_url":"https:\/\/eldigitaldeasturias.com\/magazine365\/wp-content\/uploads\/2016\/07\/fotonoticia_20160701192812_800.jpg","og:image:width":800,"og:image:height":599,"article:published_time":"2016-07-01T22:57:10+00:00","article:modified_time":"2016-07-01T22:57:10+00:00","twitter:card":"summary_large_image","twitter:title":"SWISS recibe su primer Bombardier C Series en el aeropuerto de Zurich | El Digital de Asturias","twitter:description":"Swiss International Air Lines (SWISS) ha recibido su primer Bombardier CS100 en el aeropuerto de Zurich, que har\u00e1 su primer vuelo comercial el 15 de julio, seg\u00fan ha informado la compa\u00f1\u00eda en un comunicado. SWISS ha sido la primera aerol\u00ednea que ha pedido y puesto en marcha estos aviones para vuelos de corta y media","twitter:image":"https:\/\/eldigitaldeasturias.com\/magazine365\/wp-content\/uploads\/2016\/07\/fotonoticia_20160701192812_800.jpg"},"aioseo_meta_data":{"post_id":"81494","title":null,"description":null,"keywords":null,"keyphrases":null,"primary_term":null,"canonical_url":null,"og_title":null,"og_description":null,"og_object_type":"default","og_image_type":"default","og_image_url":null,"og_image_width":null,"og_image_height":null,"og_image_custom_url":null,"og_image_custom_fields":null,"og_video":null,"og_custom_url":null,"og_article_section":null,"og_article_tags":null,"twitter_use_og":false,"twitter_card":"default","twitter_image_type":"default","twitter_image_url":null,"twitter_image_custom_url":null,"twitter_image_custom_fields":null,"twitter_title":null,"twitter_description":null,"schema":{"blockGraphs":[],"customGraphs":[],"default":{"data":{"Article":[],"Course":[],"Dataset":[],"FAQPage":[],"Movie":[],"Person":[],"Product":[],"ProductReview":[],"Car":[],"Recipe":[],"Service":[],"SoftwareApplication":[],"WebPage":[]},"graphName":"","isEnabled":true},"graphs":[],"defaultGraph":"","defaultPostTypeGraph":""},"schema_type":null,"schema_type_options":null,"pillar_content":false,"robots_default":true,"robots_noindex":false,"robots_noarchive":false,"robots_nosnippet":false,"robots_nofollow":false,"robots_noimageindex":false,"robots_noodp":false,"robots_notranslate":false,"robots_max_snippet":null,"robots_max_videopreview":null,"robots_max_imagepreview":"large","priority":null,"frequency":null,"location":null,"local_seo":null,"seo_analyzer_scan_date":"2025-09-27 23:00:48","breadcrumb_settings":null,"limit_modified_date":false,"open_ai":null,"ai":null,"created":"2021-03-08 17:16:58","updated":"2025-09-27 23:00:48"},"aioseo_breadcrumb":"<div class=\"aioseo-breadcrumbs\"><span class=\"aioseo-breadcrumb\">\n\t<a href=\"https:\/\/eldigitaldeasturias.com\/magazine365\" title=\"Home\">Home<\/a>\n<\/span><span class=\"aioseo-breadcrumb-separator\">\u2013<\/span><span class=\"aioseo-breadcrumb\">\n\t<a href=\"https:\/\/eldigitaldeasturias.com\/magazine365\/category\/noticias-actualidad\/\" title=\"Noticias y Actualidad\">Noticias y Actualidad<\/a>\n<\/span><span class=\"aioseo-breadcrumb-separator\">\u2013<\/span><span class=\"aioseo-breadcrumb\">\n\t<a href=\"https:\/\/eldigitaldeasturias.com\/magazine365\/swiss-recibe-su-primer-bombardier-c-series-en-el-aeropuerto-de-zurich\/\" title=\"SWISS recibe su primer Bombardier C Series en el aeropuerto de Zurich\">SWISS recibe su primer Bombardier C Series en el aeropuerto de Zurich<\/a>\n<\/span><\/div>","aioseo_breadcrumb_json":[{"label":"Home","link":"https:\/\/eldigitaldeasturias.com\/magazine365"},{"label":"Noticias y Actualidad","link":"https:\/\/eldigitaldeasturias.com\/magazine365\/category\/noticias-actualidad\/"},{"label":"SWISS recibe su primer Bombardier C Series en el aeropuerto de Zurich","link":"https:\/\/eldigitaldeasturias.com\/magazine365\/swiss-recibe-su-primer-bombardier-c-series-en-el-aeropuerto-de-zurich\/"}],"_links":{"self":[{"href":"https:\/\/eldigitaldeasturias.com\/magazine365\/wp-json\/wp\/v2\/posts\/81494","targetHints":{"allow":["GET"]}}],"collection":[{"href":"https:\/\/eldigitaldeasturias.com\/magazine365\/wp-json\/wp\/v2\/posts"}],"about":[{"href":"https:\/\/eldigitaldeasturias.com\/magazine365\/wp-json\/wp\/v2\/types\/post"}],"author":[{"embeddable":true,"href":"https:\/\/eldigitaldeasturias.com\/magazine365\/wp-json\/wp\/v2\/users\/1"}],"replies":[{"embeddable":true,"href":"https:\/\/eldigitaldeasturias.com\/magazine365\/wp-json\/wp\/v2\/comments?post=81494"}],"version-history":[{"count":0,"href":"https:\/\/eldigitaldeasturias.com\/magazine365\/wp-json\/wp\/v2\/posts\/81494\/revisions"}],"wp:featuredmedia":[{"embeddable":true,"href":"https:\/\/eldigitaldeasturias.com\/magazine365\/wp-json\/wp\/v2\/media\/81495"}],"wp:attachment":[{"href":"https:\/\/eldigitaldeasturias.com\/magazine365\/wp-json\/wp\/v2\/media?parent=81494"}],"wp:term":[{"taxonomy":"category","embeddable":true,"href":"https:\/\/eldigitaldeasturias.com\/magazine365\/wp-json\/wp\/v2\/categories?post=81494"},{"taxonomy":"post_tag","embeddable":true,"href":"https:\/\/eldigitaldeasturias.com\/magazine365\/wp-json\/wp\/v2\/tags?post=81494"}],"curies":[{"name":"wp","href":"https:\/\/api.w.org\/{rel}","templated":true}]}}