{"id":81491,"date":"2016-07-02T00:56:20","date_gmt":"2016-07-01T22:56:20","guid":{"rendered":"http:\/\/eldigitaldeasturias.com\/magazine365\/?p=81491"},"modified":"2016-07-02T00:56:20","modified_gmt":"2016-07-01T22:56:20","slug":"turismo-de-murcia-avanza-en-el-plan-de-contenidos-para-poner-a-punto-el-ano-jubilar-2017","status":"publish","type":"post","link":"https:\/\/eldigitaldeasturias.com\/magazine365\/turismo-de-murcia-avanza-en-el-plan-de-contenidos-para-poner-a-punto-el-ano-jubilar-2017\/","title":{"rendered":"Turismo de Murcia avanza en el plan de contenidos para poner a punto el A\u00f1o Jubilar 2017"},"content":{"rendered":"<p><img fetchpriority=\"high\" decoding=\"async\" class=\"alignleft size-medium wp-image-81492\" src=\"https:\/\/eldigitaldeasturias.com\/magazine365\/wp-content\/uploads\/2016\/07\/fotonoticia_20160701190317_800-360x203.jpg\" alt=\"fotonoticia_20160701190317_800\" width=\"360\" height=\"203\" srcset=\"https:\/\/eldigitaldeasturias.com\/magazine365\/wp-content\/uploads\/2016\/07\/fotonoticia_20160701190317_800-360x203.jpg 360w, https:\/\/eldigitaldeasturias.com\/magazine365\/wp-content\/uploads\/2016\/07\/fotonoticia_20160701190317_800-650x366.jpg 650w, https:\/\/eldigitaldeasturias.com\/magazine365\/wp-content\/uploads\/2016\/07\/fotonoticia_20160701190317_800-768x432.jpg 768w, https:\/\/eldigitaldeasturias.com\/magazine365\/wp-content\/uploads\/2016\/07\/fotonoticia_20160701190317_800-150x84.jpg 150w, https:\/\/eldigitaldeasturias.com\/magazine365\/wp-content\/uploads\/2016\/07\/fotonoticia_20160701190317_800-450x253.jpg 450w, https:\/\/eldigitaldeasturias.com\/magazine365\/wp-content\/uploads\/2016\/07\/fotonoticia_20160701190317_800-499x280.jpg 499w, https:\/\/eldigitaldeasturias.com\/magazine365\/wp-content\/uploads\/2016\/07\/fotonoticia_20160701190317_800-510x289.jpg 510w, https:\/\/eldigitaldeasturias.com\/magazine365\/wp-content\/uploads\/2016\/07\/fotonoticia_20160701190317_800.jpg 800w\" sizes=\"(max-width: 360px) 100vw, 360px\" \/>La Consejer\u00eda de Desarrollo Econ\u00f3mico, Turismo y Empleo da un paso m\u00e1s en el plan de contenidos para la celebraci\u00f3n del A\u00f1o Jubilar 2017. Lo ha hecho durante la primera reuni\u00f3n del Comit\u00e9 Ejecutivo de la Fundaci\u00f3n Camino de la Cruz de Caravaca, que tuvo lugar en el Museo de la Fiesta y que ha congregado a representantes de las administraciones regional y local, de la Di\u00f3cesis, de la cofrad\u00eda y a empresarios de la Regi\u00f3n.<\/p>\n<p>El director general del Instituto de Turismo, Manuel Fern\u00e1ndez-Delgado, afirm\u00f3 que el Comit\u00e9 sirvi\u00f3 para \u00abhacer balance de las actuaciones que la Comunidad viene desarrollando desde hace un a\u00f1o y para coordinar entre las administraciones y colectivos la puesta a punto de este acontecimiento de excepcional inter\u00e9s p\u00fablico\u00bb.<\/p>\n<p>Durante la reuni\u00f3n tambi\u00e9n se avanz\u00f3 en el plan de contenidos para potenciar este fen\u00f3meno que recoge las acciones que requieren financiaci\u00f3n por parte de los patronos y ofrecen beneficios fiscales, y entre las que se incluyen la celebraci\u00f3n de eventos culturales, deportivos y enogastron\u00f3micos, la mejora del patrimonio, la difusi\u00f3n espiritual y la puesta a punto de las infraestructuras y del dispositivo de acogida.<\/p>\n<p>Fern\u00e1ndez-Delgado record\u00f3 que el A\u00f1o Jubilar \u00abcontribuir\u00e1 al desarrollo econ\u00f3mico y social de la Regi\u00f3n, y a desestacionalizar el turismo. Adem\u00e1s, estimular\u00e1 la creaci\u00f3n de empleo y capitalizar\u00e1 sus beneficios a la totalidad del tejido productivo regional\u00bb.<\/p>\n<p>Hasta el momento, la Consejer\u00eda de Turismo ha organizado seis viajes de familiarizaci\u00f3n para promocionar este acontecimiento, ha asistido a ferias especializadas y generalistas, ha abierto mercado en Italia, Israel y Polonia, ha puesto en funcionamiento el primer camino de la Cruz, el Camino de Levante y ha impulsado la creaci\u00f3n de la Fundaci\u00f3n Camino de la Cruz.<\/p>\n","protected":false},"excerpt":{"rendered":"<p>La Consejer\u00eda de Desarrollo Econ\u00f3mico, Turismo y Empleo da un paso m\u00e1s en el plan de contenidos para la celebraci\u00f3n del A\u00f1o Jubilar 2017. Lo ha hecho durante la primera reuni\u00f3n del Comit\u00e9 Ejecutivo de la Fundaci\u00f3n Camino de la Cruz de Caravaca, que tuvo lugar en el Museo de la Fiesta y que ha<\/p>\n","protected":false},"author":1,"featured_media":81492,"comment_status":"open","ping_status":"closed","sticky":false,"template":"","format":"standard","meta":{"footnotes":""},"categories":[224],"tags":[],"class_list":{"0":"post-81491","1":"post","2":"type-post","3":"status-publish","4":"format-standard","5":"has-post-thumbnail","7":"category-noticias-actualidad"},"aioseo_notices":[],"aioseo_head":"\n\t\t<!-- All in One SEO Pro 4.9.6.1 - aioseo.com -->\n\t<meta name=\"description\" content=\"La Consejer\u00eda de Desarrollo Econ\u00f3mico, Turismo y Empleo da un paso m\u00e1s en el plan de contenidos para la celebraci\u00f3n del A\u00f1o Jubilar 2017. Lo ha hecho durante la primera reuni\u00f3n del Comit\u00e9 Ejecutivo de la Fundaci\u00f3n Camino de la Cruz de Caravaca, que tuvo lugar en el Museo de la Fiesta y que ha\" \/>\n\t<meta name=\"robots\" content=\"max-image-preview:large\" \/>\n\t<meta name=\"author\" content=\"admin\"\/>\n\t<meta name=\"google-site-verification\" content=\"UA-38556648-1\" \/>\n\t<meta name=\"keywords\" content=\"noticias y actualidad\" \/>\n\t<link rel=\"canonical\" href=\"https:\/\/eldigitaldeasturias.com\/magazine365\/turismo-de-murcia-avanza-en-el-plan-de-contenidos-para-poner-a-punto-el-ano-jubilar-2017\/\" \/>\n\t<meta name=\"generator\" content=\"All in One SEO Pro (AIOSEO) 4.9.6.1\" \/>\n\t\t<meta property=\"og:locale\" content=\"es_ES\" \/>\n\t\t<meta property=\"og:site_name\" content=\"El Digital de Asturias \u2013 Revista de ocio, turismo y estilo de vida\" \/>\n\t\t<meta property=\"og:type\" content=\"article\" \/>\n\t\t<meta property=\"og:title\" content=\"Turismo de Murcia avanza en el plan de contenidos para poner a punto el A\u00f1o Jubilar 2017 | El Digital de Asturias\" \/>\n\t\t<meta property=\"og:description\" content=\"La Consejer\u00eda de Desarrollo Econ\u00f3mico, Turismo y Empleo da un paso m\u00e1s en el plan de contenidos para la celebraci\u00f3n del A\u00f1o Jubilar 2017. Lo ha hecho durante la primera reuni\u00f3n del Comit\u00e9 Ejecutivo de la Fundaci\u00f3n Camino de la Cruz de Caravaca, que tuvo lugar en el Museo de la Fiesta y que ha\" \/>\n\t\t<meta property=\"og:url\" content=\"https:\/\/eldigitaldeasturias.com\/magazine365\/turismo-de-murcia-avanza-en-el-plan-de-contenidos-para-poner-a-punto-el-ano-jubilar-2017\/\" \/>\n\t\t<meta property=\"og:image\" content=\"https:\/\/eldigitaldeasturias.com\/magazine365\/wp-content\/uploads\/2016\/07\/fotonoticia_20160701190317_800.jpg\" \/>\n\t\t<meta property=\"og:image:secure_url\" content=\"https:\/\/eldigitaldeasturias.com\/magazine365\/wp-content\/uploads\/2016\/07\/fotonoticia_20160701190317_800.jpg\" \/>\n\t\t<meta property=\"og:image:width\" content=\"800\" \/>\n\t\t<meta property=\"og:image:height\" content=\"450\" \/>\n\t\t<meta property=\"article:published_time\" content=\"2016-07-01T22:56:20+00:00\" \/>\n\t\t<meta property=\"article:modified_time\" content=\"2016-07-01T22:56:20+00:00\" \/>\n\t\t<meta name=\"twitter:card\" content=\"summary_large_image\" \/>\n\t\t<meta name=\"twitter:title\" content=\"Turismo de Murcia avanza en el plan de contenidos para poner a punto el A\u00f1o Jubilar 2017 | El Digital de Asturias\" \/>\n\t\t<meta name=\"twitter:description\" content=\"La Consejer\u00eda de Desarrollo Econ\u00f3mico, Turismo y Empleo da un paso m\u00e1s en el plan de contenidos para la celebraci\u00f3n del A\u00f1o Jubilar 2017. Lo ha hecho durante la primera reuni\u00f3n del Comit\u00e9 Ejecutivo de la Fundaci\u00f3n Camino de la Cruz de Caravaca, que tuvo lugar en el Museo de la Fiesta y que ha\" \/>\n\t\t<meta name=\"twitter:image\" content=\"https:\/\/eldigitaldeasturias.com\/magazine365\/wp-content\/uploads\/2016\/07\/fotonoticia_20160701190317_800.jpg\" \/>\n\t\t<script type=\"application\/ld+json\" class=\"aioseo-schema\">\n\t\t\t{\"@context\":\"https:\\\/\\\/schema.org\",\"@graph\":[{\"@type\":\"Article\",\"@id\":\"https:\\\/\\\/eldigitaldeasturias.com\\\/magazine365\\\/turismo-de-murcia-avanza-en-el-plan-de-contenidos-para-poner-a-punto-el-ano-jubilar-2017\\\/#article\",\"name\":\"Turismo de Murcia avanza en el plan de contenidos para poner a punto el A\\u00f1o Jubilar 2017 | El Digital de Asturias\",\"headline\":\"Turismo de Murcia avanza en el plan de contenidos para poner a punto el A\\u00f1o Jubilar 2017\",\"author\":{\"@id\":\"https:\\\/\\\/eldigitaldeasturias.com\\\/magazine365\\\/author\\\/admin\\\/#author\"},\"publisher\":{\"@id\":\"https:\\\/\\\/eldigitaldeasturias.com\\\/magazine365\\\/#organization\"},\"image\":{\"@type\":\"ImageObject\",\"url\":\"https:\\\/\\\/eldigitaldeasturias.com\\\/magazine365\\\/wp-content\\\/uploads\\\/2016\\\/07\\\/fotonoticia_20160701190317_800.jpg\",\"width\":800,\"height\":450},\"datePublished\":\"2016-07-02T00:56:20+02:00\",\"dateModified\":\"2016-07-02T00:56:20+02:00\",\"inLanguage\":\"es-ES\",\"mainEntityOfPage\":{\"@id\":\"https:\\\/\\\/eldigitaldeasturias.com\\\/magazine365\\\/turismo-de-murcia-avanza-en-el-plan-de-contenidos-para-poner-a-punto-el-ano-jubilar-2017\\\/#webpage\"},\"isPartOf\":{\"@id\":\"https:\\\/\\\/eldigitaldeasturias.com\\\/magazine365\\\/turismo-de-murcia-avanza-en-el-plan-de-contenidos-para-poner-a-punto-el-ano-jubilar-2017\\\/#webpage\"},\"articleSection\":\"Noticias y Actualidad\"},{\"@type\":\"BreadcrumbList\",\"@id\":\"https:\\\/\\\/eldigitaldeasturias.com\\\/magazine365\\\/turismo-de-murcia-avanza-en-el-plan-de-contenidos-para-poner-a-punto-el-ano-jubilar-2017\\\/#breadcrumblist\",\"itemListElement\":[{\"@type\":\"ListItem\",\"@id\":\"https:\\\/\\\/eldigitaldeasturias.com\\\/magazine365#listItem\",\"position\":1,\"name\":\"Home\",\"item\":\"https:\\\/\\\/eldigitaldeasturias.com\\\/magazine365\",\"nextItem\":{\"@type\":\"ListItem\",\"@id\":\"https:\\\/\\\/eldigitaldeasturias.com\\\/magazine365\\\/category\\\/noticias-actualidad\\\/#listItem\",\"name\":\"Noticias y Actualidad\"}},{\"@type\":\"ListItem\",\"@id\":\"https:\\\/\\\/eldigitaldeasturias.com\\\/magazine365\\\/category\\\/noticias-actualidad\\\/#listItem\",\"position\":2,\"name\":\"Noticias y Actualidad\",\"item\":\"https:\\\/\\\/eldigitaldeasturias.com\\\/magazine365\\\/category\\\/noticias-actualidad\\\/\",\"nextItem\":{\"@type\":\"ListItem\",\"@id\":\"https:\\\/\\\/eldigitaldeasturias.com\\\/magazine365\\\/turismo-de-murcia-avanza-en-el-plan-de-contenidos-para-poner-a-punto-el-ano-jubilar-2017\\\/#listItem\",\"name\":\"Turismo de Murcia avanza en el plan de contenidos para poner a punto el A\\u00f1o Jubilar 2017\"},\"previousItem\":{\"@type\":\"ListItem\",\"@id\":\"https:\\\/\\\/eldigitaldeasturias.com\\\/magazine365#listItem\",\"name\":\"Home\"}},{\"@type\":\"ListItem\",\"@id\":\"https:\\\/\\\/eldigitaldeasturias.com\\\/magazine365\\\/turismo-de-murcia-avanza-en-el-plan-de-contenidos-para-poner-a-punto-el-ano-jubilar-2017\\\/#listItem\",\"position\":3,\"name\":\"Turismo de Murcia avanza en el plan de contenidos para poner a punto el A\\u00f1o Jubilar 2017\",\"previousItem\":{\"@type\":\"ListItem\",\"@id\":\"https:\\\/\\\/eldigitaldeasturias.com\\\/magazine365\\\/category\\\/noticias-actualidad\\\/#listItem\",\"name\":\"Noticias y Actualidad\"}}]},{\"@type\":\"Organization\",\"@id\":\"https:\\\/\\\/eldigitaldeasturias.com\\\/magazine365\\\/#organization\",\"name\":\"El digital de Asturias\",\"description\":\"Revista de ocio, turismo y estilo de vida\",\"url\":\"https:\\\/\\\/eldigitaldeasturias.com\\\/magazine365\\\/\",\"logo\":{\"@type\":\"ImageObject\",\"url\":\"https:\\\/\\\/www.eldigitaldeasturias.com\\\/noticias\\\/wp-content\\\/uploads\\\/2020\\\/12\\\/EDA.jpg\",\"@id\":\"https:\\\/\\\/eldigitaldeasturias.com\\\/magazine365\\\/turismo-de-murcia-avanza-en-el-plan-de-contenidos-para-poner-a-punto-el-ano-jubilar-2017\\\/#organizationLogo\"},\"image\":{\"@id\":\"https:\\\/\\\/eldigitaldeasturias.com\\\/magazine365\\\/turismo-de-murcia-avanza-en-el-plan-de-contenidos-para-poner-a-punto-el-ano-jubilar-2017\\\/#organizationLogo\"}},{\"@type\":\"Person\",\"@id\":\"https:\\\/\\\/eldigitaldeasturias.com\\\/magazine365\\\/author\\\/admin\\\/#author\",\"url\":\"https:\\\/\\\/eldigitaldeasturias.com\\\/magazine365\\\/author\\\/admin\\\/\",\"name\":\"admin\",\"image\":{\"@type\":\"ImageObject\",\"@id\":\"https:\\\/\\\/eldigitaldeasturias.com\\\/magazine365\\\/turismo-de-murcia-avanza-en-el-plan-de-contenidos-para-poner-a-punto-el-ano-jubilar-2017\\\/#authorImage\",\"url\":\"https:\\\/\\\/eldigitaldeasturias.com\\\/magazine365\\\/wp-content\\\/litespeed\\\/avatar\\\/e571bcf59a0edd6fa6838245a470f2fe.jpg?ver=1776969259\",\"width\":96,\"height\":96,\"caption\":\"admin\"}},{\"@type\":\"WebPage\",\"@id\":\"https:\\\/\\\/eldigitaldeasturias.com\\\/magazine365\\\/turismo-de-murcia-avanza-en-el-plan-de-contenidos-para-poner-a-punto-el-ano-jubilar-2017\\\/#webpage\",\"url\":\"https:\\\/\\\/eldigitaldeasturias.com\\\/magazine365\\\/turismo-de-murcia-avanza-en-el-plan-de-contenidos-para-poner-a-punto-el-ano-jubilar-2017\\\/\",\"name\":\"Turismo de Murcia avanza en el plan de contenidos para poner a punto el A\\u00f1o Jubilar 2017 | El Digital de Asturias\",\"description\":\"La Consejer\\u00eda de Desarrollo Econ\\u00f3mico, Turismo y Empleo da un paso m\\u00e1s en el plan de contenidos para la celebraci\\u00f3n del A\\u00f1o Jubilar 2017. Lo ha hecho durante la primera reuni\\u00f3n del Comit\\u00e9 Ejecutivo de la Fundaci\\u00f3n Camino de la Cruz de Caravaca, que tuvo lugar en el Museo de la Fiesta y que ha\",\"inLanguage\":\"es-ES\",\"isPartOf\":{\"@id\":\"https:\\\/\\\/eldigitaldeasturias.com\\\/magazine365\\\/#website\"},\"breadcrumb\":{\"@id\":\"https:\\\/\\\/eldigitaldeasturias.com\\\/magazine365\\\/turismo-de-murcia-avanza-en-el-plan-de-contenidos-para-poner-a-punto-el-ano-jubilar-2017\\\/#breadcrumblist\"},\"author\":{\"@id\":\"https:\\\/\\\/eldigitaldeasturias.com\\\/magazine365\\\/author\\\/admin\\\/#author\"},\"creator\":{\"@id\":\"https:\\\/\\\/eldigitaldeasturias.com\\\/magazine365\\\/author\\\/admin\\\/#author\"},\"image\":{\"@type\":\"ImageObject\",\"url\":\"https:\\\/\\\/eldigitaldeasturias.com\\\/magazine365\\\/wp-content\\\/uploads\\\/2016\\\/07\\\/fotonoticia_20160701190317_800.jpg\",\"@id\":\"https:\\\/\\\/eldigitaldeasturias.com\\\/magazine365\\\/turismo-de-murcia-avanza-en-el-plan-de-contenidos-para-poner-a-punto-el-ano-jubilar-2017\\\/#mainImage\",\"width\":800,\"height\":450},\"primaryImageOfPage\":{\"@id\":\"https:\\\/\\\/eldigitaldeasturias.com\\\/magazine365\\\/turismo-de-murcia-avanza-en-el-plan-de-contenidos-para-poner-a-punto-el-ano-jubilar-2017\\\/#mainImage\"},\"datePublished\":\"2016-07-02T00:56:20+02:00\",\"dateModified\":\"2016-07-02T00:56:20+02:00\"},{\"@type\":\"WebSite\",\"@id\":\"https:\\\/\\\/eldigitaldeasturias.com\\\/magazine365\\\/#website\",\"url\":\"https:\\\/\\\/eldigitaldeasturias.com\\\/magazine365\\\/\",\"name\":\"El Digital de Asturias\",\"description\":\"Revista de ocio, turismo y estilo de vida\",\"inLanguage\":\"es-ES\",\"publisher\":{\"@id\":\"https:\\\/\\\/eldigitaldeasturias.com\\\/magazine365\\\/#organization\"}}]}\n\t\t<\/script>\n\t\t<!-- All in One SEO Pro -->\r\n\t\t<title>Turismo de Murcia avanza en el plan de contenidos para poner a punto el A\u00f1o Jubilar 2017 | El Digital de Asturias<\/title>\n\n","aioseo_head_json":{"title":"Turismo de Murcia avanza en el plan de contenidos para poner a punto el A\u00f1o Jubilar 2017 | El Digital de Asturias","description":"La Consejer\u00eda de Desarrollo Econ\u00f3mico, Turismo y Empleo da un paso m\u00e1s en el plan de contenidos para la celebraci\u00f3n del A\u00f1o Jubilar 2017. Lo ha hecho durante la primera reuni\u00f3n del Comit\u00e9 Ejecutivo de la Fundaci\u00f3n Camino de la Cruz de Caravaca, que tuvo lugar en el Museo de la Fiesta y que ha","canonical_url":"https:\/\/eldigitaldeasturias.com\/magazine365\/turismo-de-murcia-avanza-en-el-plan-de-contenidos-para-poner-a-punto-el-ano-jubilar-2017\/","robots":"max-image-preview:large","keywords":"noticias y actualidad","webmasterTools":{"google-site-verification":"UA-38556648-1","miscellaneous":""},"schema":{"@context":"https:\/\/schema.org","@graph":[{"@type":"Article","@id":"https:\/\/eldigitaldeasturias.com\/magazine365\/turismo-de-murcia-avanza-en-el-plan-de-contenidos-para-poner-a-punto-el-ano-jubilar-2017\/#article","name":"Turismo de Murcia avanza en el plan de contenidos para poner a punto el A\u00f1o Jubilar 2017 | El Digital de Asturias","headline":"Turismo de Murcia avanza en el plan de contenidos para poner a punto el A\u00f1o Jubilar 2017","author":{"@id":"https:\/\/eldigitaldeasturias.com\/magazine365\/author\/admin\/#author"},"publisher":{"@id":"https:\/\/eldigitaldeasturias.com\/magazine365\/#organization"},"image":{"@type":"ImageObject","url":"https:\/\/eldigitaldeasturias.com\/magazine365\/wp-content\/uploads\/2016\/07\/fotonoticia_20160701190317_800.jpg","width":800,"height":450},"datePublished":"2016-07-02T00:56:20+02:00","dateModified":"2016-07-02T00:56:20+02:00","inLanguage":"es-ES","mainEntityOfPage":{"@id":"https:\/\/eldigitaldeasturias.com\/magazine365\/turismo-de-murcia-avanza-en-el-plan-de-contenidos-para-poner-a-punto-el-ano-jubilar-2017\/#webpage"},"isPartOf":{"@id":"https:\/\/eldigitaldeasturias.com\/magazine365\/turismo-de-murcia-avanza-en-el-plan-de-contenidos-para-poner-a-punto-el-ano-jubilar-2017\/#webpage"},"articleSection":"Noticias y Actualidad"},{"@type":"BreadcrumbList","@id":"https:\/\/eldigitaldeasturias.com\/magazine365\/turismo-de-murcia-avanza-en-el-plan-de-contenidos-para-poner-a-punto-el-ano-jubilar-2017\/#breadcrumblist","itemListElement":[{"@type":"ListItem","@id":"https:\/\/eldigitaldeasturias.com\/magazine365#listItem","position":1,"name":"Home","item":"https:\/\/eldigitaldeasturias.com\/magazine365","nextItem":{"@type":"ListItem","@id":"https:\/\/eldigitaldeasturias.com\/magazine365\/category\/noticias-actualidad\/#listItem","name":"Noticias y Actualidad"}},{"@type":"ListItem","@id":"https:\/\/eldigitaldeasturias.com\/magazine365\/category\/noticias-actualidad\/#listItem","position":2,"name":"Noticias y Actualidad","item":"https:\/\/eldigitaldeasturias.com\/magazine365\/category\/noticias-actualidad\/","nextItem":{"@type":"ListItem","@id":"https:\/\/eldigitaldeasturias.com\/magazine365\/turismo-de-murcia-avanza-en-el-plan-de-contenidos-para-poner-a-punto-el-ano-jubilar-2017\/#listItem","name":"Turismo de Murcia avanza en el plan de contenidos para poner a punto el A\u00f1o Jubilar 2017"},"previousItem":{"@type":"ListItem","@id":"https:\/\/eldigitaldeasturias.com\/magazine365#listItem","name":"Home"}},{"@type":"ListItem","@id":"https:\/\/eldigitaldeasturias.com\/magazine365\/turismo-de-murcia-avanza-en-el-plan-de-contenidos-para-poner-a-punto-el-ano-jubilar-2017\/#listItem","position":3,"name":"Turismo de Murcia avanza en el plan de contenidos para poner a punto el A\u00f1o Jubilar 2017","previousItem":{"@type":"ListItem","@id":"https:\/\/eldigitaldeasturias.com\/magazine365\/category\/noticias-actualidad\/#listItem","name":"Noticias y Actualidad"}}]},{"@type":"Organization","@id":"https:\/\/eldigitaldeasturias.com\/magazine365\/#organization","name":"El digital de Asturias","description":"Revista de ocio, turismo y estilo de vida","url":"https:\/\/eldigitaldeasturias.com\/magazine365\/","logo":{"@type":"ImageObject","url":"https:\/\/www.eldigitaldeasturias.com\/noticias\/wp-content\/uploads\/2020\/12\/EDA.jpg","@id":"https:\/\/eldigitaldeasturias.com\/magazine365\/turismo-de-murcia-avanza-en-el-plan-de-contenidos-para-poner-a-punto-el-ano-jubilar-2017\/#organizationLogo"},"image":{"@id":"https:\/\/eldigitaldeasturias.com\/magazine365\/turismo-de-murcia-avanza-en-el-plan-de-contenidos-para-poner-a-punto-el-ano-jubilar-2017\/#organizationLogo"}},{"@type":"Person","@id":"https:\/\/eldigitaldeasturias.com\/magazine365\/author\/admin\/#author","url":"https:\/\/eldigitaldeasturias.com\/magazine365\/author\/admin\/","name":"admin","image":{"@type":"ImageObject","@id":"https:\/\/eldigitaldeasturias.com\/magazine365\/turismo-de-murcia-avanza-en-el-plan-de-contenidos-para-poner-a-punto-el-ano-jubilar-2017\/#authorImage","url":"https:\/\/eldigitaldeasturias.com\/magazine365\/wp-content\/litespeed\/avatar\/e571bcf59a0edd6fa6838245a470f2fe.jpg?ver=1776969259","width":96,"height":96,"caption":"admin"}},{"@type":"WebPage","@id":"https:\/\/eldigitaldeasturias.com\/magazine365\/turismo-de-murcia-avanza-en-el-plan-de-contenidos-para-poner-a-punto-el-ano-jubilar-2017\/#webpage","url":"https:\/\/eldigitaldeasturias.com\/magazine365\/turismo-de-murcia-avanza-en-el-plan-de-contenidos-para-poner-a-punto-el-ano-jubilar-2017\/","name":"Turismo de Murcia avanza en el plan de contenidos para poner a punto el A\u00f1o Jubilar 2017 | El Digital de Asturias","description":"La Consejer\u00eda de Desarrollo Econ\u00f3mico, Turismo y Empleo da un paso m\u00e1s en el plan de contenidos para la celebraci\u00f3n del A\u00f1o Jubilar 2017. Lo ha hecho durante la primera reuni\u00f3n del Comit\u00e9 Ejecutivo de la Fundaci\u00f3n Camino de la Cruz de Caravaca, que tuvo lugar en el Museo de la Fiesta y que ha","inLanguage":"es-ES","isPartOf":{"@id":"https:\/\/eldigitaldeasturias.com\/magazine365\/#website"},"breadcrumb":{"@id":"https:\/\/eldigitaldeasturias.com\/magazine365\/turismo-de-murcia-avanza-en-el-plan-de-contenidos-para-poner-a-punto-el-ano-jubilar-2017\/#breadcrumblist"},"author":{"@id":"https:\/\/eldigitaldeasturias.com\/magazine365\/author\/admin\/#author"},"creator":{"@id":"https:\/\/eldigitaldeasturias.com\/magazine365\/author\/admin\/#author"},"image":{"@type":"ImageObject","url":"https:\/\/eldigitaldeasturias.com\/magazine365\/wp-content\/uploads\/2016\/07\/fotonoticia_20160701190317_800.jpg","@id":"https:\/\/eldigitaldeasturias.com\/magazine365\/turismo-de-murcia-avanza-en-el-plan-de-contenidos-para-poner-a-punto-el-ano-jubilar-2017\/#mainImage","width":800,"height":450},"primaryImageOfPage":{"@id":"https:\/\/eldigitaldeasturias.com\/magazine365\/turismo-de-murcia-avanza-en-el-plan-de-contenidos-para-poner-a-punto-el-ano-jubilar-2017\/#mainImage"},"datePublished":"2016-07-02T00:56:20+02:00","dateModified":"2016-07-02T00:56:20+02:00"},{"@type":"WebSite","@id":"https:\/\/eldigitaldeasturias.com\/magazine365\/#website","url":"https:\/\/eldigitaldeasturias.com\/magazine365\/","name":"El Digital de Asturias","description":"Revista de ocio, turismo y estilo de vida","inLanguage":"es-ES","publisher":{"@id":"https:\/\/eldigitaldeasturias.com\/magazine365\/#organization"}}]},"og:locale":"es_ES","og:site_name":"El Digital de Asturias \u2013 Revista de ocio, turismo y estilo de vida","og:type":"article","og:title":"Turismo de Murcia avanza en el plan de contenidos para poner a punto el A\u00f1o Jubilar 2017 | El Digital de Asturias","og:description":"La Consejer\u00eda de Desarrollo Econ\u00f3mico, Turismo y Empleo da un paso m\u00e1s en el plan de contenidos para la celebraci\u00f3n del A\u00f1o Jubilar 2017. Lo ha hecho durante la primera reuni\u00f3n del Comit\u00e9 Ejecutivo de la Fundaci\u00f3n Camino de la Cruz de Caravaca, que tuvo lugar en el Museo de la Fiesta y que ha","og:url":"https:\/\/eldigitaldeasturias.com\/magazine365\/turismo-de-murcia-avanza-en-el-plan-de-contenidos-para-poner-a-punto-el-ano-jubilar-2017\/","og:image":"https:\/\/eldigitaldeasturias.com\/magazine365\/wp-content\/uploads\/2016\/07\/fotonoticia_20160701190317_800.jpg","og:image:secure_url":"https:\/\/eldigitaldeasturias.com\/magazine365\/wp-content\/uploads\/2016\/07\/fotonoticia_20160701190317_800.jpg","og:image:width":800,"og:image:height":450,"article:published_time":"2016-07-01T22:56:20+00:00","article:modified_time":"2016-07-01T22:56:20+00:00","twitter:card":"summary_large_image","twitter:title":"Turismo de Murcia avanza en el plan de contenidos para poner a punto el A\u00f1o Jubilar 2017 | El Digital de Asturias","twitter:description":"La Consejer\u00eda de Desarrollo Econ\u00f3mico, Turismo y Empleo da un paso m\u00e1s en el plan de contenidos para la celebraci\u00f3n del A\u00f1o Jubilar 2017. Lo ha hecho durante la primera reuni\u00f3n del Comit\u00e9 Ejecutivo de la Fundaci\u00f3n Camino de la Cruz de Caravaca, que tuvo lugar en el Museo de la Fiesta y que ha","twitter:image":"https:\/\/eldigitaldeasturias.com\/magazine365\/wp-content\/uploads\/2016\/07\/fotonoticia_20160701190317_800.jpg"},"aioseo_meta_data":{"post_id":"81491","title":null,"description":null,"keywords":null,"keyphrases":null,"primary_term":null,"canonical_url":null,"og_title":null,"og_description":null,"og_object_type":"default","og_image_type":"default","og_image_url":null,"og_image_width":null,"og_image_height":null,"og_image_custom_url":null,"og_image_custom_fields":null,"og_video":null,"og_custom_url":null,"og_article_section":null,"og_article_tags":null,"twitter_use_og":false,"twitter_card":"default","twitter_image_type":"default","twitter_image_url":null,"twitter_image_custom_url":null,"twitter_image_custom_fields":null,"twitter_title":null,"twitter_description":null,"schema":{"blockGraphs":[],"customGraphs":[],"default":{"data":{"Article":[],"Course":[],"Dataset":[],"FAQPage":[],"Movie":[],"Person":[],"Product":[],"ProductReview":[],"Car":[],"Recipe":[],"Service":[],"SoftwareApplication":[],"WebPage":[]},"graphName":"","isEnabled":true},"graphs":[],"defaultGraph":"","defaultPostTypeGraph":""},"schema_type":null,"schema_type_options":null,"pillar_content":false,"robots_default":true,"robots_noindex":false,"robots_noarchive":false,"robots_nosnippet":false,"robots_nofollow":false,"robots_noimageindex":false,"robots_noodp":false,"robots_notranslate":false,"robots_max_snippet":null,"robots_max_videopreview":null,"robots_max_imagepreview":"large","priority":null,"frequency":null,"location":null,"local_seo":null,"seo_analyzer_scan_date":"2025-09-27 23:00:47","breadcrumb_settings":null,"limit_modified_date":false,"open_ai":null,"ai":null,"created":"2021-03-08 17:16:58","updated":"2025-09-27 23:00:47"},"aioseo_breadcrumb":"<div class=\"aioseo-breadcrumbs\"><span class=\"aioseo-breadcrumb\">\n\t<a href=\"https:\/\/eldigitaldeasturias.com\/magazine365\" title=\"Home\">Home<\/a>\n<\/span><span class=\"aioseo-breadcrumb-separator\">\u2013<\/span><span class=\"aioseo-breadcrumb\">\n\t<a href=\"https:\/\/eldigitaldeasturias.com\/magazine365\/category\/noticias-actualidad\/\" title=\"Noticias y Actualidad\">Noticias y Actualidad<\/a>\n<\/span><span class=\"aioseo-breadcrumb-separator\">\u2013<\/span><span class=\"aioseo-breadcrumb\">\n\t<a href=\"https:\/\/eldigitaldeasturias.com\/magazine365\/turismo-de-murcia-avanza-en-el-plan-de-contenidos-para-poner-a-punto-el-ano-jubilar-2017\/\" title=\"Turismo de Murcia avanza en el plan de contenidos para poner a punto el A\u00f1o Jubilar 2017\">Turismo de Murcia avanza en el plan de contenidos para poner a punto el A\u00f1o Jubilar 2017<\/a>\n<\/span><\/div>","aioseo_breadcrumb_json":[{"label":"Home","link":"https:\/\/eldigitaldeasturias.com\/magazine365"},{"label":"Noticias y Actualidad","link":"https:\/\/eldigitaldeasturias.com\/magazine365\/category\/noticias-actualidad\/"},{"label":"Turismo de Murcia avanza en el plan de contenidos para poner a punto el A\u00f1o Jubilar 2017","link":"https:\/\/eldigitaldeasturias.com\/magazine365\/turismo-de-murcia-avanza-en-el-plan-de-contenidos-para-poner-a-punto-el-ano-jubilar-2017\/"}],"_links":{"self":[{"href":"https:\/\/eldigitaldeasturias.com\/magazine365\/wp-json\/wp\/v2\/posts\/81491","targetHints":{"allow":["GET"]}}],"collection":[{"href":"https:\/\/eldigitaldeasturias.com\/magazine365\/wp-json\/wp\/v2\/posts"}],"about":[{"href":"https:\/\/eldigitaldeasturias.com\/magazine365\/wp-json\/wp\/v2\/types\/post"}],"author":[{"embeddable":true,"href":"https:\/\/eldigitaldeasturias.com\/magazine365\/wp-json\/wp\/v2\/users\/1"}],"replies":[{"embeddable":true,"href":"https:\/\/eldigitaldeasturias.com\/magazine365\/wp-json\/wp\/v2\/comments?post=81491"}],"version-history":[{"count":0,"href":"https:\/\/eldigitaldeasturias.com\/magazine365\/wp-json\/wp\/v2\/posts\/81491\/revisions"}],"wp:featuredmedia":[{"embeddable":true,"href":"https:\/\/eldigitaldeasturias.com\/magazine365\/wp-json\/wp\/v2\/media\/81492"}],"wp:attachment":[{"href":"https:\/\/eldigitaldeasturias.com\/magazine365\/wp-json\/wp\/v2\/media?parent=81491"}],"wp:term":[{"taxonomy":"category","embeddable":true,"href":"https:\/\/eldigitaldeasturias.com\/magazine365\/wp-json\/wp\/v2\/categories?post=81491"},{"taxonomy":"post_tag","embeddable":true,"href":"https:\/\/eldigitaldeasturias.com\/magazine365\/wp-json\/wp\/v2\/tags?post=81491"}],"curies":[{"name":"wp","href":"https:\/\/api.w.org\/{rel}","templated":true}]}}