{"id":81489,"date":"2016-07-02T00:55:32","date_gmt":"2016-07-01T22:55:32","guid":{"rendered":"http:\/\/eldigitaldeasturias.com\/magazine365\/?p=81489"},"modified":"2016-07-02T00:55:32","modified_gmt":"2016-07-01T22:55:32","slug":"mas-de-70-piringuinos-completaran-la-ruta-del-camino-antartico-a-santiago","status":"publish","type":"post","link":"https:\/\/eldigitaldeasturias.com\/magazine365\/mas-de-70-piringuinos-completaran-la-ruta-del-camino-antartico-a-santiago\/","title":{"rendered":"M\u00e1s de 70 &#8216;piring\u00fcinos&#8217; completar\u00e1n la ruta del &#8216;Camino Ant\u00e1rtico a Santiago&#8217;"},"content":{"rendered":"<p><img fetchpriority=\"high\" decoding=\"async\" class=\"alignleft size-medium wp-image-77926\" src=\"https:\/\/eldigitaldeasturias.com\/magazine365\/wp-content\/uploads\/2016\/06\/m365-360x198.jpg\" alt=\"m365\" width=\"360\" height=\"198\" srcset=\"https:\/\/eldigitaldeasturias.com\/magazine365\/wp-content\/uploads\/2016\/06\/m365-360x198.jpg 360w, https:\/\/eldigitaldeasturias.com\/magazine365\/wp-content\/uploads\/2016\/06\/m365-650x357.jpg 650w, https:\/\/eldigitaldeasturias.com\/magazine365\/wp-content\/uploads\/2016\/06\/m365-150x82.jpg 150w, https:\/\/eldigitaldeasturias.com\/magazine365\/wp-content\/uploads\/2016\/06\/m365-450x247.jpg 450w, https:\/\/eldigitaldeasturias.com\/magazine365\/wp-content\/uploads\/2016\/06\/m365.jpg 655w\" sizes=\"(max-width: 360px) 100vw, 360px\" \/>M\u00e1s de 70 peregrinos completar\u00e1n a comienzos del mes de julio el \u00faltimo tramo del &#8216;Camino Ant\u00e1rtico a Santiago&#8217;, la ruta jacobea m\u00e1s larga que une la capital gallega con el Polo Sur.<\/p>\n<p>La expedici\u00f3n de \u00abpiring\u00fcinos\u00bb, como as\u00ed se autodenominan, est\u00e1 compuesta por miembros de la Federaci\u00f3n Espa\u00f1ola de Asociaciones de Amigos del Camino de Santiago, miembros del Instituto Geogr\u00e1fico Nacional, cient\u00edficos ant\u00e1rticos y militares del Buque de Investigaci\u00f3n Oceanogr\u00e1fica &#8216;Hesp\u00e9rides&#8217;.<\/p>\n<p>Estos \u00faltimos participaron en la XXIX Campa\u00f1a Ant\u00e1rtica del Ej\u00e9rcito de Tierra, realizada en la Base Gabriel de Castilla, desde donde parti\u00f3 esta aventura el pasado mes de febrero.<\/p>\n<p>Los peregrinos cubrir\u00e1n las \u00faltimas etapas del Camino desde Pontevedra entre el 4 y el 7 de julio a trav\u00e9s de las rutas de O Saln\u00e9s, la del Mar y del Camino Portugu\u00e9s hasta llegar a la Catedral compostelana.<\/p>\n<p>Esta \u00faltima fase del &#8216;Camino Ant\u00e1rtico a Santiago&#8217; partir\u00e1 de la iglesia de A Peregrina, en Pontevedra, el pr\u00f3ximo lunes 4 de julio en un acto en el que participar\u00e1n la directora de Turismo de Galicia, Nava Castro, y el gerente del Xacobeo, Rafael S\u00e1nchez, entre otros.<\/p>\n","protected":false},"excerpt":{"rendered":"<p>M\u00e1s de 70 peregrinos completar\u00e1n a comienzos del mes de julio el \u00faltimo tramo del &#8216;Camino Ant\u00e1rtico a Santiago&#8217;, la ruta jacobea m\u00e1s larga que une la capital gallega con el Polo Sur. La expedici\u00f3n de \u00abpiring\u00fcinos\u00bb, como as\u00ed se autodenominan, est\u00e1 compuesta por miembros de la Federaci\u00f3n Espa\u00f1ola de Asociaciones de Amigos del Camino<\/p>\n","protected":false},"author":1,"featured_media":77926,"comment_status":"open","ping_status":"closed","sticky":false,"template":"","format":"standard","meta":{"footnotes":""},"categories":[224],"tags":[],"class_list":{"0":"post-81489","1":"post","2":"type-post","3":"status-publish","4":"format-standard","5":"has-post-thumbnail","7":"category-noticias-actualidad"},"aioseo_notices":[],"aioseo_head":"\n\t\t<!-- All in One SEO Pro 4.9.6.1 - aioseo.com -->\n\t<meta name=\"description\" content=\"M\u00e1s de 70 peregrinos completar\u00e1n a comienzos del mes de julio el \u00faltimo tramo del &#039;Camino Ant\u00e1rtico a Santiago&#039;, la ruta jacobea m\u00e1s larga que une la capital gallega con el Polo Sur. La expedici\u00f3n de &quot;piring\u00fcinos&quot;, como as\u00ed se autodenominan, est\u00e1 compuesta por miembros de la Federaci\u00f3n Espa\u00f1ola de Asociaciones de Amigos del Camino\" \/>\n\t<meta name=\"robots\" content=\"max-image-preview:large\" \/>\n\t<meta name=\"author\" content=\"admin\"\/>\n\t<meta name=\"google-site-verification\" content=\"UA-38556648-1\" \/>\n\t<meta name=\"keywords\" content=\"noticias y actualidad\" \/>\n\t<link rel=\"canonical\" href=\"https:\/\/eldigitaldeasturias.com\/magazine365\/mas-de-70-piringuinos-completaran-la-ruta-del-camino-antartico-a-santiago\/\" \/>\n\t<meta name=\"generator\" content=\"All in One SEO Pro (AIOSEO) 4.9.6.1\" \/>\n\t\t<meta property=\"og:locale\" content=\"es_ES\" \/>\n\t\t<meta property=\"og:site_name\" content=\"El Digital de Asturias \u2013 Revista de ocio, turismo y estilo de vida\" \/>\n\t\t<meta property=\"og:type\" content=\"article\" \/>\n\t\t<meta property=\"og:title\" content=\"M\u00e1s de 70 \u2018piring\u00fcinos\u2019 completar\u00e1n la ruta del \u2018Camino Ant\u00e1rtico a Santiago\u2019 | El Digital de Asturias\" \/>\n\t\t<meta property=\"og:description\" content=\"M\u00e1s de 70 peregrinos completar\u00e1n a comienzos del mes de julio el \u00faltimo tramo del &#039;Camino Ant\u00e1rtico a Santiago&#039;, la ruta jacobea m\u00e1s larga que une la capital gallega con el Polo Sur. La expedici\u00f3n de &quot;piring\u00fcinos&quot;, como as\u00ed se autodenominan, est\u00e1 compuesta por miembros de la Federaci\u00f3n Espa\u00f1ola de Asociaciones de Amigos del Camino\" \/>\n\t\t<meta property=\"og:url\" content=\"https:\/\/eldigitaldeasturias.com\/magazine365\/mas-de-70-piringuinos-completaran-la-ruta-del-camino-antartico-a-santiago\/\" \/>\n\t\t<meta property=\"og:image\" content=\"https:\/\/eldigitaldeasturias.com\/magazine365\/wp-content\/uploads\/2016\/06\/m365.jpg\" \/>\n\t\t<meta property=\"og:image:secure_url\" content=\"https:\/\/eldigitaldeasturias.com\/magazine365\/wp-content\/uploads\/2016\/06\/m365.jpg\" \/>\n\t\t<meta property=\"og:image:width\" content=\"655\" \/>\n\t\t<meta property=\"og:image:height\" content=\"360\" \/>\n\t\t<meta property=\"article:published_time\" content=\"2016-07-01T22:55:32+00:00\" \/>\n\t\t<meta property=\"article:modified_time\" content=\"2016-07-01T22:55:32+00:00\" \/>\n\t\t<meta name=\"twitter:card\" content=\"summary_large_image\" \/>\n\t\t<meta name=\"twitter:title\" content=\"M\u00e1s de 70 \u2018piring\u00fcinos\u2019 completar\u00e1n la ruta del \u2018Camino Ant\u00e1rtico a Santiago\u2019 | El Digital de Asturias\" \/>\n\t\t<meta name=\"twitter:description\" content=\"M\u00e1s de 70 peregrinos completar\u00e1n a comienzos del mes de julio el \u00faltimo tramo del &#039;Camino Ant\u00e1rtico a Santiago&#039;, la ruta jacobea m\u00e1s larga que une la capital gallega con el Polo Sur. La expedici\u00f3n de &quot;piring\u00fcinos&quot;, como as\u00ed se autodenominan, est\u00e1 compuesta por miembros de la Federaci\u00f3n Espa\u00f1ola de Asociaciones de Amigos del Camino\" \/>\n\t\t<meta name=\"twitter:image\" content=\"https:\/\/eldigitaldeasturias.com\/magazine365\/wp-content\/uploads\/2016\/06\/m365.jpg\" \/>\n\t\t<script type=\"application\/ld+json\" class=\"aioseo-schema\">\n\t\t\t{\"@context\":\"https:\\\/\\\/schema.org\",\"@graph\":[{\"@type\":\"Article\",\"@id\":\"https:\\\/\\\/eldigitaldeasturias.com\\\/magazine365\\\/mas-de-70-piringuinos-completaran-la-ruta-del-camino-antartico-a-santiago\\\/#article\",\"name\":\"M\\u00e1s de 70 \\u2018piring\\u00fcinos\\u2019 completar\\u00e1n la ruta del \\u2018Camino Ant\\u00e1rtico a Santiago\\u2019 | El Digital de Asturias\",\"headline\":\"M\\u00e1s de 70 &#8216;piring\\u00fcinos&#8217; completar\\u00e1n la ruta del &#8216;Camino Ant\\u00e1rtico a Santiago&#8217;\",\"author\":{\"@id\":\"https:\\\/\\\/eldigitaldeasturias.com\\\/magazine365\\\/author\\\/admin\\\/#author\"},\"publisher\":{\"@id\":\"https:\\\/\\\/eldigitaldeasturias.com\\\/magazine365\\\/#organization\"},\"image\":{\"@type\":\"ImageObject\",\"url\":\"https:\\\/\\\/eldigitaldeasturias.com\\\/magazine365\\\/wp-content\\\/uploads\\\/2016\\\/06\\\/m365.jpg\",\"width\":655,\"height\":360},\"datePublished\":\"2016-07-02T00:55:32+02:00\",\"dateModified\":\"2016-07-02T00:55:32+02:00\",\"inLanguage\":\"es-ES\",\"mainEntityOfPage\":{\"@id\":\"https:\\\/\\\/eldigitaldeasturias.com\\\/magazine365\\\/mas-de-70-piringuinos-completaran-la-ruta-del-camino-antartico-a-santiago\\\/#webpage\"},\"isPartOf\":{\"@id\":\"https:\\\/\\\/eldigitaldeasturias.com\\\/magazine365\\\/mas-de-70-piringuinos-completaran-la-ruta-del-camino-antartico-a-santiago\\\/#webpage\"},\"articleSection\":\"Noticias y Actualidad\"},{\"@type\":\"BreadcrumbList\",\"@id\":\"https:\\\/\\\/eldigitaldeasturias.com\\\/magazine365\\\/mas-de-70-piringuinos-completaran-la-ruta-del-camino-antartico-a-santiago\\\/#breadcrumblist\",\"itemListElement\":[{\"@type\":\"ListItem\",\"@id\":\"https:\\\/\\\/eldigitaldeasturias.com\\\/magazine365#listItem\",\"position\":1,\"name\":\"Home\",\"item\":\"https:\\\/\\\/eldigitaldeasturias.com\\\/magazine365\",\"nextItem\":{\"@type\":\"ListItem\",\"@id\":\"https:\\\/\\\/eldigitaldeasturias.com\\\/magazine365\\\/category\\\/noticias-actualidad\\\/#listItem\",\"name\":\"Noticias y Actualidad\"}},{\"@type\":\"ListItem\",\"@id\":\"https:\\\/\\\/eldigitaldeasturias.com\\\/magazine365\\\/category\\\/noticias-actualidad\\\/#listItem\",\"position\":2,\"name\":\"Noticias y Actualidad\",\"item\":\"https:\\\/\\\/eldigitaldeasturias.com\\\/magazine365\\\/category\\\/noticias-actualidad\\\/\",\"nextItem\":{\"@type\":\"ListItem\",\"@id\":\"https:\\\/\\\/eldigitaldeasturias.com\\\/magazine365\\\/mas-de-70-piringuinos-completaran-la-ruta-del-camino-antartico-a-santiago\\\/#listItem\",\"name\":\"M\\u00e1s de 70 &#8216;piring\\u00fcinos&#8217; completar\\u00e1n la ruta del &#8216;Camino Ant\\u00e1rtico a Santiago&#8217;\"},\"previousItem\":{\"@type\":\"ListItem\",\"@id\":\"https:\\\/\\\/eldigitaldeasturias.com\\\/magazine365#listItem\",\"name\":\"Home\"}},{\"@type\":\"ListItem\",\"@id\":\"https:\\\/\\\/eldigitaldeasturias.com\\\/magazine365\\\/mas-de-70-piringuinos-completaran-la-ruta-del-camino-antartico-a-santiago\\\/#listItem\",\"position\":3,\"name\":\"M\\u00e1s de 70 &#8216;piring\\u00fcinos&#8217; completar\\u00e1n la ruta del &#8216;Camino Ant\\u00e1rtico a Santiago&#8217;\",\"previousItem\":{\"@type\":\"ListItem\",\"@id\":\"https:\\\/\\\/eldigitaldeasturias.com\\\/magazine365\\\/category\\\/noticias-actualidad\\\/#listItem\",\"name\":\"Noticias y Actualidad\"}}]},{\"@type\":\"Organization\",\"@id\":\"https:\\\/\\\/eldigitaldeasturias.com\\\/magazine365\\\/#organization\",\"name\":\"El digital de Asturias\",\"description\":\"Revista de ocio, turismo y estilo de vida\",\"url\":\"https:\\\/\\\/eldigitaldeasturias.com\\\/magazine365\\\/\",\"logo\":{\"@type\":\"ImageObject\",\"url\":\"https:\\\/\\\/www.eldigitaldeasturias.com\\\/noticias\\\/wp-content\\\/uploads\\\/2020\\\/12\\\/EDA.jpg\",\"@id\":\"https:\\\/\\\/eldigitaldeasturias.com\\\/magazine365\\\/mas-de-70-piringuinos-completaran-la-ruta-del-camino-antartico-a-santiago\\\/#organizationLogo\"},\"image\":{\"@id\":\"https:\\\/\\\/eldigitaldeasturias.com\\\/magazine365\\\/mas-de-70-piringuinos-completaran-la-ruta-del-camino-antartico-a-santiago\\\/#organizationLogo\"}},{\"@type\":\"Person\",\"@id\":\"https:\\\/\\\/eldigitaldeasturias.com\\\/magazine365\\\/author\\\/admin\\\/#author\",\"url\":\"https:\\\/\\\/eldigitaldeasturias.com\\\/magazine365\\\/author\\\/admin\\\/\",\"name\":\"admin\",\"image\":{\"@type\":\"ImageObject\",\"@id\":\"https:\\\/\\\/eldigitaldeasturias.com\\\/magazine365\\\/mas-de-70-piringuinos-completaran-la-ruta-del-camino-antartico-a-santiago\\\/#authorImage\",\"url\":\"https:\\\/\\\/eldigitaldeasturias.com\\\/magazine365\\\/wp-content\\\/litespeed\\\/avatar\\\/e571bcf59a0edd6fa6838245a470f2fe.jpg?ver=1776969259\",\"width\":96,\"height\":96,\"caption\":\"admin\"}},{\"@type\":\"WebPage\",\"@id\":\"https:\\\/\\\/eldigitaldeasturias.com\\\/magazine365\\\/mas-de-70-piringuinos-completaran-la-ruta-del-camino-antartico-a-santiago\\\/#webpage\",\"url\":\"https:\\\/\\\/eldigitaldeasturias.com\\\/magazine365\\\/mas-de-70-piringuinos-completaran-la-ruta-del-camino-antartico-a-santiago\\\/\",\"name\":\"M\\u00e1s de 70 \\u2018piring\\u00fcinos\\u2019 completar\\u00e1n la ruta del \\u2018Camino Ant\\u00e1rtico a Santiago\\u2019 | El Digital de Asturias\",\"description\":\"M\\u00e1s de 70 peregrinos completar\\u00e1n a comienzos del mes de julio el \\u00faltimo tramo del 'Camino Ant\\u00e1rtico a Santiago', la ruta jacobea m\\u00e1s larga que une la capital gallega con el Polo Sur. La expedici\\u00f3n de \\\"piring\\u00fcinos\\\", como as\\u00ed se autodenominan, est\\u00e1 compuesta por miembros de la Federaci\\u00f3n Espa\\u00f1ola de Asociaciones de Amigos del Camino\",\"inLanguage\":\"es-ES\",\"isPartOf\":{\"@id\":\"https:\\\/\\\/eldigitaldeasturias.com\\\/magazine365\\\/#website\"},\"breadcrumb\":{\"@id\":\"https:\\\/\\\/eldigitaldeasturias.com\\\/magazine365\\\/mas-de-70-piringuinos-completaran-la-ruta-del-camino-antartico-a-santiago\\\/#breadcrumblist\"},\"author\":{\"@id\":\"https:\\\/\\\/eldigitaldeasturias.com\\\/magazine365\\\/author\\\/admin\\\/#author\"},\"creator\":{\"@id\":\"https:\\\/\\\/eldigitaldeasturias.com\\\/magazine365\\\/author\\\/admin\\\/#author\"},\"image\":{\"@type\":\"ImageObject\",\"url\":\"https:\\\/\\\/eldigitaldeasturias.com\\\/magazine365\\\/wp-content\\\/uploads\\\/2016\\\/06\\\/m365.jpg\",\"@id\":\"https:\\\/\\\/eldigitaldeasturias.com\\\/magazine365\\\/mas-de-70-piringuinos-completaran-la-ruta-del-camino-antartico-a-santiago\\\/#mainImage\",\"width\":655,\"height\":360},\"primaryImageOfPage\":{\"@id\":\"https:\\\/\\\/eldigitaldeasturias.com\\\/magazine365\\\/mas-de-70-piringuinos-completaran-la-ruta-del-camino-antartico-a-santiago\\\/#mainImage\"},\"datePublished\":\"2016-07-02T00:55:32+02:00\",\"dateModified\":\"2016-07-02T00:55:32+02:00\"},{\"@type\":\"WebSite\",\"@id\":\"https:\\\/\\\/eldigitaldeasturias.com\\\/magazine365\\\/#website\",\"url\":\"https:\\\/\\\/eldigitaldeasturias.com\\\/magazine365\\\/\",\"name\":\"El Digital de Asturias\",\"description\":\"Revista de ocio, turismo y estilo de vida\",\"inLanguage\":\"es-ES\",\"publisher\":{\"@id\":\"https:\\\/\\\/eldigitaldeasturias.com\\\/magazine365\\\/#organization\"}}]}\n\t\t<\/script>\n\t\t<!-- All in One SEO Pro -->\r\n\t\t<title>M\u00e1s de 70 \u2018piring\u00fcinos\u2019 completar\u00e1n la ruta del \u2018Camino Ant\u00e1rtico a Santiago\u2019 | El Digital de Asturias<\/title>\n\n","aioseo_head_json":{"title":"M\u00e1s de 70 \u2018piring\u00fcinos\u2019 completar\u00e1n la ruta del \u2018Camino Ant\u00e1rtico a Santiago\u2019 | El Digital de Asturias","description":"M\u00e1s de 70 peregrinos completar\u00e1n a comienzos del mes de julio el \u00faltimo tramo del 'Camino Ant\u00e1rtico a Santiago', la ruta jacobea m\u00e1s larga que une la capital gallega con el Polo Sur. La expedici\u00f3n de \"piring\u00fcinos\", como as\u00ed se autodenominan, est\u00e1 compuesta por miembros de la Federaci\u00f3n Espa\u00f1ola de Asociaciones de Amigos del Camino","canonical_url":"https:\/\/eldigitaldeasturias.com\/magazine365\/mas-de-70-piringuinos-completaran-la-ruta-del-camino-antartico-a-santiago\/","robots":"max-image-preview:large","keywords":"noticias y actualidad","webmasterTools":{"google-site-verification":"UA-38556648-1","miscellaneous":""},"schema":{"@context":"https:\/\/schema.org","@graph":[{"@type":"Article","@id":"https:\/\/eldigitaldeasturias.com\/magazine365\/mas-de-70-piringuinos-completaran-la-ruta-del-camino-antartico-a-santiago\/#article","name":"M\u00e1s de 70 \u2018piring\u00fcinos\u2019 completar\u00e1n la ruta del \u2018Camino Ant\u00e1rtico a Santiago\u2019 | El Digital de Asturias","headline":"M\u00e1s de 70 &#8216;piring\u00fcinos&#8217; completar\u00e1n la ruta del &#8216;Camino Ant\u00e1rtico a Santiago&#8217;","author":{"@id":"https:\/\/eldigitaldeasturias.com\/magazine365\/author\/admin\/#author"},"publisher":{"@id":"https:\/\/eldigitaldeasturias.com\/magazine365\/#organization"},"image":{"@type":"ImageObject","url":"https:\/\/eldigitaldeasturias.com\/magazine365\/wp-content\/uploads\/2016\/06\/m365.jpg","width":655,"height":360},"datePublished":"2016-07-02T00:55:32+02:00","dateModified":"2016-07-02T00:55:32+02:00","inLanguage":"es-ES","mainEntityOfPage":{"@id":"https:\/\/eldigitaldeasturias.com\/magazine365\/mas-de-70-piringuinos-completaran-la-ruta-del-camino-antartico-a-santiago\/#webpage"},"isPartOf":{"@id":"https:\/\/eldigitaldeasturias.com\/magazine365\/mas-de-70-piringuinos-completaran-la-ruta-del-camino-antartico-a-santiago\/#webpage"},"articleSection":"Noticias y Actualidad"},{"@type":"BreadcrumbList","@id":"https:\/\/eldigitaldeasturias.com\/magazine365\/mas-de-70-piringuinos-completaran-la-ruta-del-camino-antartico-a-santiago\/#breadcrumblist","itemListElement":[{"@type":"ListItem","@id":"https:\/\/eldigitaldeasturias.com\/magazine365#listItem","position":1,"name":"Home","item":"https:\/\/eldigitaldeasturias.com\/magazine365","nextItem":{"@type":"ListItem","@id":"https:\/\/eldigitaldeasturias.com\/magazine365\/category\/noticias-actualidad\/#listItem","name":"Noticias y Actualidad"}},{"@type":"ListItem","@id":"https:\/\/eldigitaldeasturias.com\/magazine365\/category\/noticias-actualidad\/#listItem","position":2,"name":"Noticias y Actualidad","item":"https:\/\/eldigitaldeasturias.com\/magazine365\/category\/noticias-actualidad\/","nextItem":{"@type":"ListItem","@id":"https:\/\/eldigitaldeasturias.com\/magazine365\/mas-de-70-piringuinos-completaran-la-ruta-del-camino-antartico-a-santiago\/#listItem","name":"M\u00e1s de 70 &#8216;piring\u00fcinos&#8217; completar\u00e1n la ruta del &#8216;Camino Ant\u00e1rtico a Santiago&#8217;"},"previousItem":{"@type":"ListItem","@id":"https:\/\/eldigitaldeasturias.com\/magazine365#listItem","name":"Home"}},{"@type":"ListItem","@id":"https:\/\/eldigitaldeasturias.com\/magazine365\/mas-de-70-piringuinos-completaran-la-ruta-del-camino-antartico-a-santiago\/#listItem","position":3,"name":"M\u00e1s de 70 &#8216;piring\u00fcinos&#8217; completar\u00e1n la ruta del &#8216;Camino Ant\u00e1rtico a Santiago&#8217;","previousItem":{"@type":"ListItem","@id":"https:\/\/eldigitaldeasturias.com\/magazine365\/category\/noticias-actualidad\/#listItem","name":"Noticias y Actualidad"}}]},{"@type":"Organization","@id":"https:\/\/eldigitaldeasturias.com\/magazine365\/#organization","name":"El digital de Asturias","description":"Revista de ocio, turismo y estilo de vida","url":"https:\/\/eldigitaldeasturias.com\/magazine365\/","logo":{"@type":"ImageObject","url":"https:\/\/www.eldigitaldeasturias.com\/noticias\/wp-content\/uploads\/2020\/12\/EDA.jpg","@id":"https:\/\/eldigitaldeasturias.com\/magazine365\/mas-de-70-piringuinos-completaran-la-ruta-del-camino-antartico-a-santiago\/#organizationLogo"},"image":{"@id":"https:\/\/eldigitaldeasturias.com\/magazine365\/mas-de-70-piringuinos-completaran-la-ruta-del-camino-antartico-a-santiago\/#organizationLogo"}},{"@type":"Person","@id":"https:\/\/eldigitaldeasturias.com\/magazine365\/author\/admin\/#author","url":"https:\/\/eldigitaldeasturias.com\/magazine365\/author\/admin\/","name":"admin","image":{"@type":"ImageObject","@id":"https:\/\/eldigitaldeasturias.com\/magazine365\/mas-de-70-piringuinos-completaran-la-ruta-del-camino-antartico-a-santiago\/#authorImage","url":"https:\/\/eldigitaldeasturias.com\/magazine365\/wp-content\/litespeed\/avatar\/e571bcf59a0edd6fa6838245a470f2fe.jpg?ver=1776969259","width":96,"height":96,"caption":"admin"}},{"@type":"WebPage","@id":"https:\/\/eldigitaldeasturias.com\/magazine365\/mas-de-70-piringuinos-completaran-la-ruta-del-camino-antartico-a-santiago\/#webpage","url":"https:\/\/eldigitaldeasturias.com\/magazine365\/mas-de-70-piringuinos-completaran-la-ruta-del-camino-antartico-a-santiago\/","name":"M\u00e1s de 70 \u2018piring\u00fcinos\u2019 completar\u00e1n la ruta del \u2018Camino Ant\u00e1rtico a Santiago\u2019 | El Digital de Asturias","description":"M\u00e1s de 70 peregrinos completar\u00e1n a comienzos del mes de julio el \u00faltimo tramo del 'Camino Ant\u00e1rtico a Santiago', la ruta jacobea m\u00e1s larga que une la capital gallega con el Polo Sur. La expedici\u00f3n de \"piring\u00fcinos\", como as\u00ed se autodenominan, est\u00e1 compuesta por miembros de la Federaci\u00f3n Espa\u00f1ola de Asociaciones de Amigos del Camino","inLanguage":"es-ES","isPartOf":{"@id":"https:\/\/eldigitaldeasturias.com\/magazine365\/#website"},"breadcrumb":{"@id":"https:\/\/eldigitaldeasturias.com\/magazine365\/mas-de-70-piringuinos-completaran-la-ruta-del-camino-antartico-a-santiago\/#breadcrumblist"},"author":{"@id":"https:\/\/eldigitaldeasturias.com\/magazine365\/author\/admin\/#author"},"creator":{"@id":"https:\/\/eldigitaldeasturias.com\/magazine365\/author\/admin\/#author"},"image":{"@type":"ImageObject","url":"https:\/\/eldigitaldeasturias.com\/magazine365\/wp-content\/uploads\/2016\/06\/m365.jpg","@id":"https:\/\/eldigitaldeasturias.com\/magazine365\/mas-de-70-piringuinos-completaran-la-ruta-del-camino-antartico-a-santiago\/#mainImage","width":655,"height":360},"primaryImageOfPage":{"@id":"https:\/\/eldigitaldeasturias.com\/magazine365\/mas-de-70-piringuinos-completaran-la-ruta-del-camino-antartico-a-santiago\/#mainImage"},"datePublished":"2016-07-02T00:55:32+02:00","dateModified":"2016-07-02T00:55:32+02:00"},{"@type":"WebSite","@id":"https:\/\/eldigitaldeasturias.com\/magazine365\/#website","url":"https:\/\/eldigitaldeasturias.com\/magazine365\/","name":"El Digital de Asturias","description":"Revista de ocio, turismo y estilo de vida","inLanguage":"es-ES","publisher":{"@id":"https:\/\/eldigitaldeasturias.com\/magazine365\/#organization"}}]},"og:locale":"es_ES","og:site_name":"El Digital de Asturias \u2013 Revista de ocio, turismo y estilo de vida","og:type":"article","og:title":"M\u00e1s de 70 \u2018piring\u00fcinos\u2019 completar\u00e1n la ruta del \u2018Camino Ant\u00e1rtico a Santiago\u2019 | El Digital de Asturias","og:description":"M\u00e1s de 70 peregrinos completar\u00e1n a comienzos del mes de julio el \u00faltimo tramo del 'Camino Ant\u00e1rtico a Santiago', la ruta jacobea m\u00e1s larga que une la capital gallega con el Polo Sur. La expedici\u00f3n de &quot;piring\u00fcinos&quot;, como as\u00ed se autodenominan, est\u00e1 compuesta por miembros de la Federaci\u00f3n Espa\u00f1ola de Asociaciones de Amigos del Camino","og:url":"https:\/\/eldigitaldeasturias.com\/magazine365\/mas-de-70-piringuinos-completaran-la-ruta-del-camino-antartico-a-santiago\/","og:image":"https:\/\/eldigitaldeasturias.com\/magazine365\/wp-content\/uploads\/2016\/06\/m365.jpg","og:image:secure_url":"https:\/\/eldigitaldeasturias.com\/magazine365\/wp-content\/uploads\/2016\/06\/m365.jpg","og:image:width":655,"og:image:height":360,"article:published_time":"2016-07-01T22:55:32+00:00","article:modified_time":"2016-07-01T22:55:32+00:00","twitter:card":"summary_large_image","twitter:title":"M\u00e1s de 70 \u2018piring\u00fcinos\u2019 completar\u00e1n la ruta del \u2018Camino Ant\u00e1rtico a Santiago\u2019 | El Digital de Asturias","twitter:description":"M\u00e1s de 70 peregrinos completar\u00e1n a comienzos del mes de julio el \u00faltimo tramo del 'Camino Ant\u00e1rtico a Santiago', la ruta jacobea m\u00e1s larga que une la capital gallega con el Polo Sur. La expedici\u00f3n de &quot;piring\u00fcinos&quot;, como as\u00ed se autodenominan, est\u00e1 compuesta por miembros de la Federaci\u00f3n Espa\u00f1ola de Asociaciones de Amigos del Camino","twitter:image":"https:\/\/eldigitaldeasturias.com\/magazine365\/wp-content\/uploads\/2016\/06\/m365.jpg"},"aioseo_meta_data":{"post_id":"81489","title":null,"description":null,"keywords":null,"keyphrases":null,"primary_term":null,"canonical_url":null,"og_title":null,"og_description":null,"og_object_type":"default","og_image_type":"default","og_image_url":null,"og_image_width":null,"og_image_height":null,"og_image_custom_url":null,"og_image_custom_fields":null,"og_video":null,"og_custom_url":null,"og_article_section":null,"og_article_tags":null,"twitter_use_og":false,"twitter_card":"default","twitter_image_type":"default","twitter_image_url":null,"twitter_image_custom_url":null,"twitter_image_custom_fields":null,"twitter_title":null,"twitter_description":null,"schema":{"blockGraphs":[],"customGraphs":[],"default":{"data":{"Article":[],"Course":[],"Dataset":[],"FAQPage":[],"Movie":[],"Person":[],"Product":[],"ProductReview":[],"Car":[],"Recipe":[],"Service":[],"SoftwareApplication":[],"WebPage":[]},"graphName":"","isEnabled":true},"graphs":[],"defaultGraph":"","defaultPostTypeGraph":""},"schema_type":null,"schema_type_options":null,"pillar_content":false,"robots_default":true,"robots_noindex":false,"robots_noarchive":false,"robots_nosnippet":false,"robots_nofollow":false,"robots_noimageindex":false,"robots_noodp":false,"robots_notranslate":false,"robots_max_snippet":null,"robots_max_videopreview":null,"robots_max_imagepreview":"large","priority":null,"frequency":null,"location":null,"local_seo":null,"seo_analyzer_scan_date":"2025-09-27 23:00:45","breadcrumb_settings":null,"limit_modified_date":false,"open_ai":null,"ai":null,"created":"2021-03-08 17:16:58","updated":"2025-09-27 23:00:45"},"aioseo_breadcrumb":"<div class=\"aioseo-breadcrumbs\"><span class=\"aioseo-breadcrumb\">\n\t<a href=\"https:\/\/eldigitaldeasturias.com\/magazine365\" title=\"Home\">Home<\/a>\n<\/span><span class=\"aioseo-breadcrumb-separator\">\u2013<\/span><span class=\"aioseo-breadcrumb\">\n\t<a href=\"https:\/\/eldigitaldeasturias.com\/magazine365\/category\/noticias-actualidad\/\" title=\"Noticias y Actualidad\">Noticias y Actualidad<\/a>\n<\/span><span class=\"aioseo-breadcrumb-separator\">\u2013<\/span><span class=\"aioseo-breadcrumb\">\n\t<a href=\"https:\/\/eldigitaldeasturias.com\/magazine365\/mas-de-70-piringuinos-completaran-la-ruta-del-camino-antartico-a-santiago\/\" title=\"M\u00e1s de 70 \u2018piring\u00fcinos\u2019 completar\u00e1n la ruta del \u2018Camino Ant\u00e1rtico a Santiago\u2019\">M\u00e1s de 70 \u2018piring\u00fcinos\u2019 completar\u00e1n la ruta del \u2018Camino Ant\u00e1rtico a Santiago\u2019<\/a>\n<\/span><\/div>","aioseo_breadcrumb_json":[{"label":"Home","link":"https:\/\/eldigitaldeasturias.com\/magazine365"},{"label":"Noticias y Actualidad","link":"https:\/\/eldigitaldeasturias.com\/magazine365\/category\/noticias-actualidad\/"},{"label":"M\u00e1s de 70 &#8216;piring\u00fcinos&#8217; completar\u00e1n la ruta del &#8216;Camino Ant\u00e1rtico a Santiago&#8217;","link":"https:\/\/eldigitaldeasturias.com\/magazine365\/mas-de-70-piringuinos-completaran-la-ruta-del-camino-antartico-a-santiago\/"}],"_links":{"self":[{"href":"https:\/\/eldigitaldeasturias.com\/magazine365\/wp-json\/wp\/v2\/posts\/81489","targetHints":{"allow":["GET"]}}],"collection":[{"href":"https:\/\/eldigitaldeasturias.com\/magazine365\/wp-json\/wp\/v2\/posts"}],"about":[{"href":"https:\/\/eldigitaldeasturias.com\/magazine365\/wp-json\/wp\/v2\/types\/post"}],"author":[{"embeddable":true,"href":"https:\/\/eldigitaldeasturias.com\/magazine365\/wp-json\/wp\/v2\/users\/1"}],"replies":[{"embeddable":true,"href":"https:\/\/eldigitaldeasturias.com\/magazine365\/wp-json\/wp\/v2\/comments?post=81489"}],"version-history":[{"count":0,"href":"https:\/\/eldigitaldeasturias.com\/magazine365\/wp-json\/wp\/v2\/posts\/81489\/revisions"}],"wp:featuredmedia":[{"embeddable":true,"href":"https:\/\/eldigitaldeasturias.com\/magazine365\/wp-json\/wp\/v2\/media\/77926"}],"wp:attachment":[{"href":"https:\/\/eldigitaldeasturias.com\/magazine365\/wp-json\/wp\/v2\/media?parent=81489"}],"wp:term":[{"taxonomy":"category","embeddable":true,"href":"https:\/\/eldigitaldeasturias.com\/magazine365\/wp-json\/wp\/v2\/categories?post=81489"},{"taxonomy":"post_tag","embeddable":true,"href":"https:\/\/eldigitaldeasturias.com\/magazine365\/wp-json\/wp\/v2\/tags?post=81489"}],"curies":[{"name":"wp","href":"https:\/\/api.w.org\/{rel}","templated":true}]}}