{"id":81477,"date":"2016-07-02T00:52:13","date_gmt":"2016-07-01T22:52:13","guid":{"rendered":"http:\/\/eldigitaldeasturias.com\/magazine365\/?p=81477"},"modified":"2016-07-02T00:52:13","modified_gmt":"2016-07-01T22:52:13","slug":"el-presidente-del-grupo-pinero-premiado-por-su-dedicacion-al-turismo","status":"publish","type":"post","link":"https:\/\/eldigitaldeasturias.com\/magazine365\/el-presidente-del-grupo-pinero-premiado-por-su-dedicacion-al-turismo\/","title":{"rendered":"El presidente del Grupo Pi\u00f1ero premiado por su dedicaci\u00f3n al turismo"},"content":{"rendered":"<p><img fetchpriority=\"high\" decoding=\"async\" class=\"alignleft size-medium wp-image-81478\" src=\"https:\/\/eldigitaldeasturias.com\/magazine365\/wp-content\/uploads\/2016\/07\/fotonoticia_20160701175834_800-360x240.jpg\" alt=\"fotonoticia_20160701175834_800\" width=\"360\" height=\"240\" srcset=\"https:\/\/eldigitaldeasturias.com\/magazine365\/wp-content\/uploads\/2016\/07\/fotonoticia_20160701175834_800-360x240.jpg 360w, https:\/\/eldigitaldeasturias.com\/magazine365\/wp-content\/uploads\/2016\/07\/fotonoticia_20160701175834_800-650x433.jpg 650w, https:\/\/eldigitaldeasturias.com\/magazine365\/wp-content\/uploads\/2016\/07\/fotonoticia_20160701175834_800-768x512.jpg 768w, https:\/\/eldigitaldeasturias.com\/magazine365\/wp-content\/uploads\/2016\/07\/fotonoticia_20160701175834_800-150x100.jpg 150w, https:\/\/eldigitaldeasturias.com\/magazine365\/wp-content\/uploads\/2016\/07\/fotonoticia_20160701175834_800-450x300.jpg 450w, https:\/\/eldigitaldeasturias.com\/magazine365\/wp-content\/uploads\/2016\/07\/fotonoticia_20160701175834_800-101x66.jpg 101w, https:\/\/eldigitaldeasturias.com\/magazine365\/wp-content\/uploads\/2016\/07\/fotonoticia_20160701175834_800.jpg 800w\" sizes=\"(max-width: 360px) 100vw, 360px\" \/>El presidente del Grupo Pi\u00f1ero, Pablo Pi\u00f1ero, ha recibido el Honorary Degree de la Fundaci\u00f3n Universitaria ESERP, el m\u00e1ximo premio que concede esta escuela de negocios en reconocimiento por su dedicaci\u00f3n al turismo, seg\u00fan informa la compa\u00f1\u00eda en un comunicado.<\/p>\n<p>El presidente recogi\u00f3 el galard\u00f3n en un acto celebrado ayer en el Real Club N\u00e1utico de Palma, al que asistieron los principales representantes del turismo, responsables del Estado y del Govern balear.<\/p>\n<p>Pablo Pi\u00f1ero fue galardonado seg\u00fan la ESERP por la \u00abexcelente gesti\u00f3n y constante evoluci\u00f3n de sus proyectos empresariales en el sector tur\u00edstico nacional e internacional y a su incesante b\u00fasqueda de la excelencia\u00bb. En el mismo acto, el presidente del Grupo Pi\u00f1ero recibi\u00f3 tambi\u00e9n el premio del Consejo Superior Europeo de Doctores y Doctoras Honoris Causa.<\/p>\n","protected":false},"excerpt":{"rendered":"<p>El presidente del Grupo Pi\u00f1ero, Pablo Pi\u00f1ero, ha recibido el Honorary Degree de la Fundaci\u00f3n Universitaria ESERP, el m\u00e1ximo premio que concede esta escuela de negocios en reconocimiento por su dedicaci\u00f3n al turismo, seg\u00fan informa la compa\u00f1\u00eda en un comunicado. El presidente recogi\u00f3 el galard\u00f3n en un acto celebrado ayer en el Real Club N\u00e1utico<\/p>\n","protected":false},"author":1,"featured_media":81478,"comment_status":"open","ping_status":"closed","sticky":false,"template":"","format":"standard","meta":{"footnotes":""},"categories":[224],"tags":[],"class_list":{"0":"post-81477","1":"post","2":"type-post","3":"status-publish","4":"format-standard","5":"has-post-thumbnail","7":"category-noticias-actualidad"},"aioseo_notices":[],"aioseo_head":"\n\t\t<!-- All in One SEO Pro 4.9.6.1 - aioseo.com -->\n\t<meta name=\"description\" content=\"El presidente del Grupo Pi\u00f1ero, Pablo Pi\u00f1ero, ha recibido el Honorary Degree de la Fundaci\u00f3n Universitaria ESERP, el m\u00e1ximo premio que concede esta escuela de negocios en reconocimiento por su dedicaci\u00f3n al turismo, seg\u00fan informa la compa\u00f1\u00eda en un comunicado. El presidente recogi\u00f3 el galard\u00f3n en un acto celebrado ayer en el Real Club N\u00e1utico\" \/>\n\t<meta name=\"robots\" content=\"max-image-preview:large\" \/>\n\t<meta name=\"author\" content=\"admin\"\/>\n\t<meta name=\"google-site-verification\" content=\"UA-38556648-1\" \/>\n\t<meta name=\"keywords\" content=\"noticias y actualidad\" \/>\n\t<link rel=\"canonical\" href=\"https:\/\/eldigitaldeasturias.com\/magazine365\/el-presidente-del-grupo-pinero-premiado-por-su-dedicacion-al-turismo\/\" \/>\n\t<meta name=\"generator\" content=\"All in One SEO Pro (AIOSEO) 4.9.6.1\" \/>\n\t\t<meta property=\"og:locale\" content=\"es_ES\" \/>\n\t\t<meta property=\"og:site_name\" content=\"El Digital de Asturias \u2013 Revista de ocio, turismo y estilo de vida\" \/>\n\t\t<meta property=\"og:type\" content=\"article\" \/>\n\t\t<meta property=\"og:title\" content=\"El presidente del Grupo Pi\u00f1ero premiado por su dedicaci\u00f3n al turismo | El Digital de Asturias\" \/>\n\t\t<meta property=\"og:description\" content=\"El presidente del Grupo Pi\u00f1ero, Pablo Pi\u00f1ero, ha recibido el Honorary Degree de la Fundaci\u00f3n Universitaria ESERP, el m\u00e1ximo premio que concede esta escuela de negocios en reconocimiento por su dedicaci\u00f3n al turismo, seg\u00fan informa la compa\u00f1\u00eda en un comunicado. El presidente recogi\u00f3 el galard\u00f3n en un acto celebrado ayer en el Real Club N\u00e1utico\" \/>\n\t\t<meta property=\"og:url\" content=\"https:\/\/eldigitaldeasturias.com\/magazine365\/el-presidente-del-grupo-pinero-premiado-por-su-dedicacion-al-turismo\/\" \/>\n\t\t<meta property=\"og:image\" content=\"https:\/\/eldigitaldeasturias.com\/magazine365\/wp-content\/uploads\/2016\/07\/fotonoticia_20160701175834_800.jpg\" \/>\n\t\t<meta property=\"og:image:secure_url\" content=\"https:\/\/eldigitaldeasturias.com\/magazine365\/wp-content\/uploads\/2016\/07\/fotonoticia_20160701175834_800.jpg\" \/>\n\t\t<meta property=\"og:image:width\" content=\"800\" \/>\n\t\t<meta property=\"og:image:height\" content=\"533\" \/>\n\t\t<meta property=\"article:published_time\" content=\"2016-07-01T22:52:13+00:00\" \/>\n\t\t<meta property=\"article:modified_time\" content=\"2016-07-01T22:52:13+00:00\" \/>\n\t\t<meta name=\"twitter:card\" content=\"summary_large_image\" \/>\n\t\t<meta name=\"twitter:title\" content=\"El presidente del Grupo Pi\u00f1ero premiado por su dedicaci\u00f3n al turismo | El Digital de Asturias\" \/>\n\t\t<meta name=\"twitter:description\" content=\"El presidente del Grupo Pi\u00f1ero, Pablo Pi\u00f1ero, ha recibido el Honorary Degree de la Fundaci\u00f3n Universitaria ESERP, el m\u00e1ximo premio que concede esta escuela de negocios en reconocimiento por su dedicaci\u00f3n al turismo, seg\u00fan informa la compa\u00f1\u00eda en un comunicado. El presidente recogi\u00f3 el galard\u00f3n en un acto celebrado ayer en el Real Club N\u00e1utico\" \/>\n\t\t<meta name=\"twitter:image\" content=\"https:\/\/eldigitaldeasturias.com\/magazine365\/wp-content\/uploads\/2016\/07\/fotonoticia_20160701175834_800.jpg\" \/>\n\t\t<script type=\"application\/ld+json\" class=\"aioseo-schema\">\n\t\t\t{\"@context\":\"https:\\\/\\\/schema.org\",\"@graph\":[{\"@type\":\"Article\",\"@id\":\"https:\\\/\\\/eldigitaldeasturias.com\\\/magazine365\\\/el-presidente-del-grupo-pinero-premiado-por-su-dedicacion-al-turismo\\\/#article\",\"name\":\"El presidente del Grupo Pi\\u00f1ero premiado por su dedicaci\\u00f3n al turismo | El Digital de Asturias\",\"headline\":\"El presidente del Grupo Pi\\u00f1ero premiado por su dedicaci\\u00f3n al turismo\",\"author\":{\"@id\":\"https:\\\/\\\/eldigitaldeasturias.com\\\/magazine365\\\/author\\\/admin\\\/#author\"},\"publisher\":{\"@id\":\"https:\\\/\\\/eldigitaldeasturias.com\\\/magazine365\\\/#organization\"},\"image\":{\"@type\":\"ImageObject\",\"url\":\"https:\\\/\\\/eldigitaldeasturias.com\\\/magazine365\\\/wp-content\\\/uploads\\\/2016\\\/07\\\/fotonoticia_20160701175834_800.jpg\",\"width\":800,\"height\":533},\"datePublished\":\"2016-07-02T00:52:13+02:00\",\"dateModified\":\"2016-07-02T00:52:13+02:00\",\"inLanguage\":\"es-ES\",\"mainEntityOfPage\":{\"@id\":\"https:\\\/\\\/eldigitaldeasturias.com\\\/magazine365\\\/el-presidente-del-grupo-pinero-premiado-por-su-dedicacion-al-turismo\\\/#webpage\"},\"isPartOf\":{\"@id\":\"https:\\\/\\\/eldigitaldeasturias.com\\\/magazine365\\\/el-presidente-del-grupo-pinero-premiado-por-su-dedicacion-al-turismo\\\/#webpage\"},\"articleSection\":\"Noticias y Actualidad\"},{\"@type\":\"BreadcrumbList\",\"@id\":\"https:\\\/\\\/eldigitaldeasturias.com\\\/magazine365\\\/el-presidente-del-grupo-pinero-premiado-por-su-dedicacion-al-turismo\\\/#breadcrumblist\",\"itemListElement\":[{\"@type\":\"ListItem\",\"@id\":\"https:\\\/\\\/eldigitaldeasturias.com\\\/magazine365#listItem\",\"position\":1,\"name\":\"Home\",\"item\":\"https:\\\/\\\/eldigitaldeasturias.com\\\/magazine365\",\"nextItem\":{\"@type\":\"ListItem\",\"@id\":\"https:\\\/\\\/eldigitaldeasturias.com\\\/magazine365\\\/category\\\/noticias-actualidad\\\/#listItem\",\"name\":\"Noticias y Actualidad\"}},{\"@type\":\"ListItem\",\"@id\":\"https:\\\/\\\/eldigitaldeasturias.com\\\/magazine365\\\/category\\\/noticias-actualidad\\\/#listItem\",\"position\":2,\"name\":\"Noticias y Actualidad\",\"item\":\"https:\\\/\\\/eldigitaldeasturias.com\\\/magazine365\\\/category\\\/noticias-actualidad\\\/\",\"nextItem\":{\"@type\":\"ListItem\",\"@id\":\"https:\\\/\\\/eldigitaldeasturias.com\\\/magazine365\\\/el-presidente-del-grupo-pinero-premiado-por-su-dedicacion-al-turismo\\\/#listItem\",\"name\":\"El presidente del Grupo Pi\\u00f1ero premiado por su dedicaci\\u00f3n al turismo\"},\"previousItem\":{\"@type\":\"ListItem\",\"@id\":\"https:\\\/\\\/eldigitaldeasturias.com\\\/magazine365#listItem\",\"name\":\"Home\"}},{\"@type\":\"ListItem\",\"@id\":\"https:\\\/\\\/eldigitaldeasturias.com\\\/magazine365\\\/el-presidente-del-grupo-pinero-premiado-por-su-dedicacion-al-turismo\\\/#listItem\",\"position\":3,\"name\":\"El presidente del Grupo Pi\\u00f1ero premiado por su dedicaci\\u00f3n al turismo\",\"previousItem\":{\"@type\":\"ListItem\",\"@id\":\"https:\\\/\\\/eldigitaldeasturias.com\\\/magazine365\\\/category\\\/noticias-actualidad\\\/#listItem\",\"name\":\"Noticias y Actualidad\"}}]},{\"@type\":\"Organization\",\"@id\":\"https:\\\/\\\/eldigitaldeasturias.com\\\/magazine365\\\/#organization\",\"name\":\"El digital de Asturias\",\"description\":\"Revista de ocio, turismo y estilo de vida\",\"url\":\"https:\\\/\\\/eldigitaldeasturias.com\\\/magazine365\\\/\",\"logo\":{\"@type\":\"ImageObject\",\"url\":\"https:\\\/\\\/www.eldigitaldeasturias.com\\\/noticias\\\/wp-content\\\/uploads\\\/2020\\\/12\\\/EDA.jpg\",\"@id\":\"https:\\\/\\\/eldigitaldeasturias.com\\\/magazine365\\\/el-presidente-del-grupo-pinero-premiado-por-su-dedicacion-al-turismo\\\/#organizationLogo\"},\"image\":{\"@id\":\"https:\\\/\\\/eldigitaldeasturias.com\\\/magazine365\\\/el-presidente-del-grupo-pinero-premiado-por-su-dedicacion-al-turismo\\\/#organizationLogo\"}},{\"@type\":\"Person\",\"@id\":\"https:\\\/\\\/eldigitaldeasturias.com\\\/magazine365\\\/author\\\/admin\\\/#author\",\"url\":\"https:\\\/\\\/eldigitaldeasturias.com\\\/magazine365\\\/author\\\/admin\\\/\",\"name\":\"admin\",\"image\":{\"@type\":\"ImageObject\",\"@id\":\"https:\\\/\\\/eldigitaldeasturias.com\\\/magazine365\\\/el-presidente-del-grupo-pinero-premiado-por-su-dedicacion-al-turismo\\\/#authorImage\",\"url\":\"https:\\\/\\\/eldigitaldeasturias.com\\\/magazine365\\\/wp-content\\\/litespeed\\\/avatar\\\/e571bcf59a0edd6fa6838245a470f2fe.jpg?ver=1776969259\",\"width\":96,\"height\":96,\"caption\":\"admin\"}},{\"@type\":\"WebPage\",\"@id\":\"https:\\\/\\\/eldigitaldeasturias.com\\\/magazine365\\\/el-presidente-del-grupo-pinero-premiado-por-su-dedicacion-al-turismo\\\/#webpage\",\"url\":\"https:\\\/\\\/eldigitaldeasturias.com\\\/magazine365\\\/el-presidente-del-grupo-pinero-premiado-por-su-dedicacion-al-turismo\\\/\",\"name\":\"El presidente del Grupo Pi\\u00f1ero premiado por su dedicaci\\u00f3n al turismo | El Digital de Asturias\",\"description\":\"El presidente del Grupo Pi\\u00f1ero, Pablo Pi\\u00f1ero, ha recibido el Honorary Degree de la Fundaci\\u00f3n Universitaria ESERP, el m\\u00e1ximo premio que concede esta escuela de negocios en reconocimiento por su dedicaci\\u00f3n al turismo, seg\\u00fan informa la compa\\u00f1\\u00eda en un comunicado. El presidente recogi\\u00f3 el galard\\u00f3n en un acto celebrado ayer en el Real Club N\\u00e1utico\",\"inLanguage\":\"es-ES\",\"isPartOf\":{\"@id\":\"https:\\\/\\\/eldigitaldeasturias.com\\\/magazine365\\\/#website\"},\"breadcrumb\":{\"@id\":\"https:\\\/\\\/eldigitaldeasturias.com\\\/magazine365\\\/el-presidente-del-grupo-pinero-premiado-por-su-dedicacion-al-turismo\\\/#breadcrumblist\"},\"author\":{\"@id\":\"https:\\\/\\\/eldigitaldeasturias.com\\\/magazine365\\\/author\\\/admin\\\/#author\"},\"creator\":{\"@id\":\"https:\\\/\\\/eldigitaldeasturias.com\\\/magazine365\\\/author\\\/admin\\\/#author\"},\"image\":{\"@type\":\"ImageObject\",\"url\":\"https:\\\/\\\/eldigitaldeasturias.com\\\/magazine365\\\/wp-content\\\/uploads\\\/2016\\\/07\\\/fotonoticia_20160701175834_800.jpg\",\"@id\":\"https:\\\/\\\/eldigitaldeasturias.com\\\/magazine365\\\/el-presidente-del-grupo-pinero-premiado-por-su-dedicacion-al-turismo\\\/#mainImage\",\"width\":800,\"height\":533},\"primaryImageOfPage\":{\"@id\":\"https:\\\/\\\/eldigitaldeasturias.com\\\/magazine365\\\/el-presidente-del-grupo-pinero-premiado-por-su-dedicacion-al-turismo\\\/#mainImage\"},\"datePublished\":\"2016-07-02T00:52:13+02:00\",\"dateModified\":\"2016-07-02T00:52:13+02:00\"},{\"@type\":\"WebSite\",\"@id\":\"https:\\\/\\\/eldigitaldeasturias.com\\\/magazine365\\\/#website\",\"url\":\"https:\\\/\\\/eldigitaldeasturias.com\\\/magazine365\\\/\",\"name\":\"El Digital de Asturias\",\"description\":\"Revista de ocio, turismo y estilo de vida\",\"inLanguage\":\"es-ES\",\"publisher\":{\"@id\":\"https:\\\/\\\/eldigitaldeasturias.com\\\/magazine365\\\/#organization\"}}]}\n\t\t<\/script>\n\t\t<!-- All in One SEO Pro -->\r\n\t\t<title>El presidente del Grupo Pi\u00f1ero premiado por su dedicaci\u00f3n al turismo | El Digital de Asturias<\/title>\n\n","aioseo_head_json":{"title":"El presidente del Grupo Pi\u00f1ero premiado por su dedicaci\u00f3n al turismo | El Digital de Asturias","description":"El presidente del Grupo Pi\u00f1ero, Pablo Pi\u00f1ero, ha recibido el Honorary Degree de la Fundaci\u00f3n Universitaria ESERP, el m\u00e1ximo premio que concede esta escuela de negocios en reconocimiento por su dedicaci\u00f3n al turismo, seg\u00fan informa la compa\u00f1\u00eda en un comunicado. El presidente recogi\u00f3 el galard\u00f3n en un acto celebrado ayer en el Real Club N\u00e1utico","canonical_url":"https:\/\/eldigitaldeasturias.com\/magazine365\/el-presidente-del-grupo-pinero-premiado-por-su-dedicacion-al-turismo\/","robots":"max-image-preview:large","keywords":"noticias y actualidad","webmasterTools":{"google-site-verification":"UA-38556648-1","miscellaneous":""},"schema":{"@context":"https:\/\/schema.org","@graph":[{"@type":"Article","@id":"https:\/\/eldigitaldeasturias.com\/magazine365\/el-presidente-del-grupo-pinero-premiado-por-su-dedicacion-al-turismo\/#article","name":"El presidente del Grupo Pi\u00f1ero premiado por su dedicaci\u00f3n al turismo | El Digital de Asturias","headline":"El presidente del Grupo Pi\u00f1ero premiado por su dedicaci\u00f3n al turismo","author":{"@id":"https:\/\/eldigitaldeasturias.com\/magazine365\/author\/admin\/#author"},"publisher":{"@id":"https:\/\/eldigitaldeasturias.com\/magazine365\/#organization"},"image":{"@type":"ImageObject","url":"https:\/\/eldigitaldeasturias.com\/magazine365\/wp-content\/uploads\/2016\/07\/fotonoticia_20160701175834_800.jpg","width":800,"height":533},"datePublished":"2016-07-02T00:52:13+02:00","dateModified":"2016-07-02T00:52:13+02:00","inLanguage":"es-ES","mainEntityOfPage":{"@id":"https:\/\/eldigitaldeasturias.com\/magazine365\/el-presidente-del-grupo-pinero-premiado-por-su-dedicacion-al-turismo\/#webpage"},"isPartOf":{"@id":"https:\/\/eldigitaldeasturias.com\/magazine365\/el-presidente-del-grupo-pinero-premiado-por-su-dedicacion-al-turismo\/#webpage"},"articleSection":"Noticias y Actualidad"},{"@type":"BreadcrumbList","@id":"https:\/\/eldigitaldeasturias.com\/magazine365\/el-presidente-del-grupo-pinero-premiado-por-su-dedicacion-al-turismo\/#breadcrumblist","itemListElement":[{"@type":"ListItem","@id":"https:\/\/eldigitaldeasturias.com\/magazine365#listItem","position":1,"name":"Home","item":"https:\/\/eldigitaldeasturias.com\/magazine365","nextItem":{"@type":"ListItem","@id":"https:\/\/eldigitaldeasturias.com\/magazine365\/category\/noticias-actualidad\/#listItem","name":"Noticias y Actualidad"}},{"@type":"ListItem","@id":"https:\/\/eldigitaldeasturias.com\/magazine365\/category\/noticias-actualidad\/#listItem","position":2,"name":"Noticias y Actualidad","item":"https:\/\/eldigitaldeasturias.com\/magazine365\/category\/noticias-actualidad\/","nextItem":{"@type":"ListItem","@id":"https:\/\/eldigitaldeasturias.com\/magazine365\/el-presidente-del-grupo-pinero-premiado-por-su-dedicacion-al-turismo\/#listItem","name":"El presidente del Grupo Pi\u00f1ero premiado por su dedicaci\u00f3n al turismo"},"previousItem":{"@type":"ListItem","@id":"https:\/\/eldigitaldeasturias.com\/magazine365#listItem","name":"Home"}},{"@type":"ListItem","@id":"https:\/\/eldigitaldeasturias.com\/magazine365\/el-presidente-del-grupo-pinero-premiado-por-su-dedicacion-al-turismo\/#listItem","position":3,"name":"El presidente del Grupo Pi\u00f1ero premiado por su dedicaci\u00f3n al turismo","previousItem":{"@type":"ListItem","@id":"https:\/\/eldigitaldeasturias.com\/magazine365\/category\/noticias-actualidad\/#listItem","name":"Noticias y Actualidad"}}]},{"@type":"Organization","@id":"https:\/\/eldigitaldeasturias.com\/magazine365\/#organization","name":"El digital de Asturias","description":"Revista de ocio, turismo y estilo de vida","url":"https:\/\/eldigitaldeasturias.com\/magazine365\/","logo":{"@type":"ImageObject","url":"https:\/\/www.eldigitaldeasturias.com\/noticias\/wp-content\/uploads\/2020\/12\/EDA.jpg","@id":"https:\/\/eldigitaldeasturias.com\/magazine365\/el-presidente-del-grupo-pinero-premiado-por-su-dedicacion-al-turismo\/#organizationLogo"},"image":{"@id":"https:\/\/eldigitaldeasturias.com\/magazine365\/el-presidente-del-grupo-pinero-premiado-por-su-dedicacion-al-turismo\/#organizationLogo"}},{"@type":"Person","@id":"https:\/\/eldigitaldeasturias.com\/magazine365\/author\/admin\/#author","url":"https:\/\/eldigitaldeasturias.com\/magazine365\/author\/admin\/","name":"admin","image":{"@type":"ImageObject","@id":"https:\/\/eldigitaldeasturias.com\/magazine365\/el-presidente-del-grupo-pinero-premiado-por-su-dedicacion-al-turismo\/#authorImage","url":"https:\/\/eldigitaldeasturias.com\/magazine365\/wp-content\/litespeed\/avatar\/e571bcf59a0edd6fa6838245a470f2fe.jpg?ver=1776969259","width":96,"height":96,"caption":"admin"}},{"@type":"WebPage","@id":"https:\/\/eldigitaldeasturias.com\/magazine365\/el-presidente-del-grupo-pinero-premiado-por-su-dedicacion-al-turismo\/#webpage","url":"https:\/\/eldigitaldeasturias.com\/magazine365\/el-presidente-del-grupo-pinero-premiado-por-su-dedicacion-al-turismo\/","name":"El presidente del Grupo Pi\u00f1ero premiado por su dedicaci\u00f3n al turismo | El Digital de Asturias","description":"El presidente del Grupo Pi\u00f1ero, Pablo Pi\u00f1ero, ha recibido el Honorary Degree de la Fundaci\u00f3n Universitaria ESERP, el m\u00e1ximo premio que concede esta escuela de negocios en reconocimiento por su dedicaci\u00f3n al turismo, seg\u00fan informa la compa\u00f1\u00eda en un comunicado. El presidente recogi\u00f3 el galard\u00f3n en un acto celebrado ayer en el Real Club N\u00e1utico","inLanguage":"es-ES","isPartOf":{"@id":"https:\/\/eldigitaldeasturias.com\/magazine365\/#website"},"breadcrumb":{"@id":"https:\/\/eldigitaldeasturias.com\/magazine365\/el-presidente-del-grupo-pinero-premiado-por-su-dedicacion-al-turismo\/#breadcrumblist"},"author":{"@id":"https:\/\/eldigitaldeasturias.com\/magazine365\/author\/admin\/#author"},"creator":{"@id":"https:\/\/eldigitaldeasturias.com\/magazine365\/author\/admin\/#author"},"image":{"@type":"ImageObject","url":"https:\/\/eldigitaldeasturias.com\/magazine365\/wp-content\/uploads\/2016\/07\/fotonoticia_20160701175834_800.jpg","@id":"https:\/\/eldigitaldeasturias.com\/magazine365\/el-presidente-del-grupo-pinero-premiado-por-su-dedicacion-al-turismo\/#mainImage","width":800,"height":533},"primaryImageOfPage":{"@id":"https:\/\/eldigitaldeasturias.com\/magazine365\/el-presidente-del-grupo-pinero-premiado-por-su-dedicacion-al-turismo\/#mainImage"},"datePublished":"2016-07-02T00:52:13+02:00","dateModified":"2016-07-02T00:52:13+02:00"},{"@type":"WebSite","@id":"https:\/\/eldigitaldeasturias.com\/magazine365\/#website","url":"https:\/\/eldigitaldeasturias.com\/magazine365\/","name":"El Digital de Asturias","description":"Revista de ocio, turismo y estilo de vida","inLanguage":"es-ES","publisher":{"@id":"https:\/\/eldigitaldeasturias.com\/magazine365\/#organization"}}]},"og:locale":"es_ES","og:site_name":"El Digital de Asturias \u2013 Revista de ocio, turismo y estilo de vida","og:type":"article","og:title":"El presidente del Grupo Pi\u00f1ero premiado por su dedicaci\u00f3n al turismo | El Digital de Asturias","og:description":"El presidente del Grupo Pi\u00f1ero, Pablo Pi\u00f1ero, ha recibido el Honorary Degree de la Fundaci\u00f3n Universitaria ESERP, el m\u00e1ximo premio que concede esta escuela de negocios en reconocimiento por su dedicaci\u00f3n al turismo, seg\u00fan informa la compa\u00f1\u00eda en un comunicado. El presidente recogi\u00f3 el galard\u00f3n en un acto celebrado ayer en el Real Club N\u00e1utico","og:url":"https:\/\/eldigitaldeasturias.com\/magazine365\/el-presidente-del-grupo-pinero-premiado-por-su-dedicacion-al-turismo\/","og:image":"https:\/\/eldigitaldeasturias.com\/magazine365\/wp-content\/uploads\/2016\/07\/fotonoticia_20160701175834_800.jpg","og:image:secure_url":"https:\/\/eldigitaldeasturias.com\/magazine365\/wp-content\/uploads\/2016\/07\/fotonoticia_20160701175834_800.jpg","og:image:width":800,"og:image:height":533,"article:published_time":"2016-07-01T22:52:13+00:00","article:modified_time":"2016-07-01T22:52:13+00:00","twitter:card":"summary_large_image","twitter:title":"El presidente del Grupo Pi\u00f1ero premiado por su dedicaci\u00f3n al turismo | El Digital de Asturias","twitter:description":"El presidente del Grupo Pi\u00f1ero, Pablo Pi\u00f1ero, ha recibido el Honorary Degree de la Fundaci\u00f3n Universitaria ESERP, el m\u00e1ximo premio que concede esta escuela de negocios en reconocimiento por su dedicaci\u00f3n al turismo, seg\u00fan informa la compa\u00f1\u00eda en un comunicado. El presidente recogi\u00f3 el galard\u00f3n en un acto celebrado ayer en el Real Club N\u00e1utico","twitter:image":"https:\/\/eldigitaldeasturias.com\/magazine365\/wp-content\/uploads\/2016\/07\/fotonoticia_20160701175834_800.jpg"},"aioseo_meta_data":{"post_id":"81477","title":null,"description":null,"keywords":null,"keyphrases":null,"primary_term":null,"canonical_url":null,"og_title":null,"og_description":null,"og_object_type":"default","og_image_type":"default","og_image_url":null,"og_image_width":null,"og_image_height":null,"og_image_custom_url":null,"og_image_custom_fields":null,"og_video":null,"og_custom_url":null,"og_article_section":null,"og_article_tags":null,"twitter_use_og":false,"twitter_card":"default","twitter_image_type":"default","twitter_image_url":null,"twitter_image_custom_url":null,"twitter_image_custom_fields":null,"twitter_title":null,"twitter_description":null,"schema":{"blockGraphs":[],"customGraphs":[],"default":{"data":{"Article":[],"Course":[],"Dataset":[],"FAQPage":[],"Movie":[],"Person":[],"Product":[],"ProductReview":[],"Car":[],"Recipe":[],"Service":[],"SoftwareApplication":[],"WebPage":[]},"graphName":"","isEnabled":true},"graphs":[],"defaultGraph":"","defaultPostTypeGraph":""},"schema_type":null,"schema_type_options":null,"pillar_content":false,"robots_default":true,"robots_noindex":false,"robots_noarchive":false,"robots_nosnippet":false,"robots_nofollow":false,"robots_noimageindex":false,"robots_noodp":false,"robots_notranslate":false,"robots_max_snippet":null,"robots_max_videopreview":null,"robots_max_imagepreview":"large","priority":null,"frequency":null,"location":null,"local_seo":null,"seo_analyzer_scan_date":"2025-09-27 22:58:07","breadcrumb_settings":null,"limit_modified_date":false,"open_ai":null,"ai":null,"created":"2021-03-08 17:17:52","updated":"2025-09-27 22:58:07"},"aioseo_breadcrumb":"<div class=\"aioseo-breadcrumbs\"><span class=\"aioseo-breadcrumb\">\n\t<a href=\"https:\/\/eldigitaldeasturias.com\/magazine365\" title=\"Home\">Home<\/a>\n<\/span><span class=\"aioseo-breadcrumb-separator\">\u2013<\/span><span class=\"aioseo-breadcrumb\">\n\t<a href=\"https:\/\/eldigitaldeasturias.com\/magazine365\/category\/noticias-actualidad\/\" title=\"Noticias y Actualidad\">Noticias y Actualidad<\/a>\n<\/span><span class=\"aioseo-breadcrumb-separator\">\u2013<\/span><span class=\"aioseo-breadcrumb\">\n\t<a href=\"https:\/\/eldigitaldeasturias.com\/magazine365\/el-presidente-del-grupo-pinero-premiado-por-su-dedicacion-al-turismo\/\" title=\"El presidente del Grupo Pi\u00f1ero premiado por su dedicaci\u00f3n al turismo\">El presidente del Grupo Pi\u00f1ero premiado por su dedicaci\u00f3n al turismo<\/a>\n<\/span><\/div>","aioseo_breadcrumb_json":[{"label":"Home","link":"https:\/\/eldigitaldeasturias.com\/magazine365"},{"label":"Noticias y Actualidad","link":"https:\/\/eldigitaldeasturias.com\/magazine365\/category\/noticias-actualidad\/"},{"label":"El presidente del Grupo Pi\u00f1ero premiado por su dedicaci\u00f3n al turismo","link":"https:\/\/eldigitaldeasturias.com\/magazine365\/el-presidente-del-grupo-pinero-premiado-por-su-dedicacion-al-turismo\/"}],"_links":{"self":[{"href":"https:\/\/eldigitaldeasturias.com\/magazine365\/wp-json\/wp\/v2\/posts\/81477","targetHints":{"allow":["GET"]}}],"collection":[{"href":"https:\/\/eldigitaldeasturias.com\/magazine365\/wp-json\/wp\/v2\/posts"}],"about":[{"href":"https:\/\/eldigitaldeasturias.com\/magazine365\/wp-json\/wp\/v2\/types\/post"}],"author":[{"embeddable":true,"href":"https:\/\/eldigitaldeasturias.com\/magazine365\/wp-json\/wp\/v2\/users\/1"}],"replies":[{"embeddable":true,"href":"https:\/\/eldigitaldeasturias.com\/magazine365\/wp-json\/wp\/v2\/comments?post=81477"}],"version-history":[{"count":0,"href":"https:\/\/eldigitaldeasturias.com\/magazine365\/wp-json\/wp\/v2\/posts\/81477\/revisions"}],"wp:featuredmedia":[{"embeddable":true,"href":"https:\/\/eldigitaldeasturias.com\/magazine365\/wp-json\/wp\/v2\/media\/81478"}],"wp:attachment":[{"href":"https:\/\/eldigitaldeasturias.com\/magazine365\/wp-json\/wp\/v2\/media?parent=81477"}],"wp:term":[{"taxonomy":"category","embeddable":true,"href":"https:\/\/eldigitaldeasturias.com\/magazine365\/wp-json\/wp\/v2\/categories?post=81477"},{"taxonomy":"post_tag","embeddable":true,"href":"https:\/\/eldigitaldeasturias.com\/magazine365\/wp-json\/wp\/v2\/tags?post=81477"}],"curies":[{"name":"wp","href":"https:\/\/api.w.org\/{rel}","templated":true}]}}