{"id":81463,"date":"2016-07-02T00:47:05","date_gmt":"2016-07-01T22:47:05","guid":{"rendered":"http:\/\/eldigitaldeasturias.com\/magazine365\/?p=81463"},"modified":"2016-07-02T00:47:05","modified_gmt":"2016-07-01T22:47:05","slug":"cartagena-se-prepara-para-disfrutar-de-la-mar-de-musicas","status":"publish","type":"post","link":"https:\/\/eldigitaldeasturias.com\/magazine365\/cartagena-se-prepara-para-disfrutar-de-la-mar-de-musicas\/","title":{"rendered":"Cartagena se prepara para disfrutar de La Mar de M\u00fasicas"},"content":{"rendered":"<p><img fetchpriority=\"high\" decoding=\"async\" class=\"alignleft size-medium wp-image-81464\" src=\"https:\/\/eldigitaldeasturias.com\/magazine365\/wp-content\/uploads\/2016\/07\/fotonoticia_20160701155808_800-360x276.jpg\" alt=\"fotonoticia_20160701155808_800\" width=\"360\" height=\"276\" srcset=\"https:\/\/eldigitaldeasturias.com\/magazine365\/wp-content\/uploads\/2016\/07\/fotonoticia_20160701155808_800-360x276.jpg 360w, https:\/\/eldigitaldeasturias.com\/magazine365\/wp-content\/uploads\/2016\/07\/fotonoticia_20160701155808_800-650x499.jpg 650w, https:\/\/eldigitaldeasturias.com\/magazine365\/wp-content\/uploads\/2016\/07\/fotonoticia_20160701155808_800-768x589.jpg 768w, https:\/\/eldigitaldeasturias.com\/magazine365\/wp-content\/uploads\/2016\/07\/fotonoticia_20160701155808_800-150x115.jpg 150w, https:\/\/eldigitaldeasturias.com\/magazine365\/wp-content\/uploads\/2016\/07\/fotonoticia_20160701155808_800-450x345.jpg 450w, https:\/\/eldigitaldeasturias.com\/magazine365\/wp-content\/uploads\/2016\/07\/fotonoticia_20160701155808_800.jpg 800w\" sizes=\"(max-width: 360px) 100vw, 360px\" \/>Tan s\u00f3lo dos semanas para que los cartageneros y todas las personas asiduas y amantes del festival La Mar de M\u00fasicas puedan disfrutar de una \u00abcompleta y exquisita\u00bb programaci\u00f3n musical y cultural que este a\u00f1o, en su vig\u00e9simo segunda edici\u00f3n, est\u00e1 dedicada a Suecia, pa\u00eds invitado.<\/p>\n<p>El pr\u00f3ximo viernes, 15 de julio, ser\u00e1 la jornada de inauguraci\u00f3n protagonizada por el reggae internacional de Julian Marley &amp; Upresing con un espect\u00e1culo que estrena en Espa\u00f1a. El s\u00e1bado, 16 de julio, la alternativa ser\u00e1 para Chambao que presentar\u00e1 las canciones de su nuevo disco Nuevo ciclo. Ni\u00f1o de Elche dar\u00e1 el toque m\u00e1s innovador el domingo, 17 de julio, en el Batel.<\/p>\n<p>Seguidamente, el lunes 18 ser\u00e1 uno de los d\u00edas grandes y m\u00e1s especiales del festival porque se entregar\u00e1 el Premio la Mar de M\u00fasicas al artista senegal\u00e9s Cheikh L\u00f4 que ofrecer\u00e1 un concierto \u00fanico en su estructura acompa\u00f1ado de artistas como Pee Wee Ellis, Tony Allen, Flavia Coehlo y Ra\u00fcl Refree.<\/p>\n<p>El martes 19, englobado dentro del Tour 85, se unir\u00e1n en el escenario dos grandes voces, la de Omara Portuondo y Diego El Cigala, el mi\u00e9rcoles 20 la m\u00fasica tomar\u00e1 la calle en el paseo del Puerto con La Moda y los americanos Earth Wind &amp; Fire Experience. La portuguesa cantante de fado Mariza presentar\u00e1 el jueves 21 su \u00faltimo trabajo Mundo.<\/p>\n<p>Llegando a su finalizaci\u00f3n, el viernes 22 la noche ser\u00e1 sumergida en el pop m\u00e1s conmovedor y casi orquestal de los brit\u00e1nicos Tindersticks. La clausura, el s\u00e1bado 23, pondr\u00e1 el punto \u00e1lgido del festival con el tecno rock gitano del serbio Emir Kusturika &amp; The No Smoking Orchestra.<\/p>\n<p>Suecia, pa\u00eds invitado en 2016, tiene un espacio muy especial durante todo el festival con la participaci\u00f3n de artistas de los m\u00e1s destacados y brillantes como Jay Jay Johanson, Anna Ternheim, Kolonien, Bob Hund, Anna Von Hausswolff, R\u00e4ften, Tingval Trio y Hoffmaestro entre otros, seg\u00fan han explicado fuentes municipales.<\/p>\n<p>Si algo ha caracterizado a La Mar de M\u00fasicas en estos veintid\u00f3s a\u00f1os es la Cara B del festival que siempre ha tenido claro como dar valor a otras \u00e1mbitos culturales como el Cine, la Literatura y el Arte. En esta ocasi\u00f3n y durante todo el desarrollo del festival, prolongando algunas exposiciones al mes de agosto, se desglosan variadas actividades entre las que destacan en La Mar de Letras invitados como Jerker Eriksson y Hakan Axlander, Clara Jan\u00e9s, Martin Lexer, Mons Kallentoft; en La Mar de Arte exposiciones como Los Johanssen, Tova Mozard, Enjoysweden y en La Mar de Cine se proyectar\u00e1n films como Hotell de Lisa Langseth y Stockholm Stories de Karin Fahl\u00e9n.<\/p>\n<p>Con el objetivo de acercar el festival a los barrios y diputaciones este a\u00f1o se programa La Mar de Barrios en la barriada de Jos\u00e9 Mar\u00eda de la Puerta donde diversas asociaciones culturales y de inmigrantes, colectivos y la coordinadora de barrios han preparado una serie de actividades para el disfrute de todos los p\u00fablicos, entre ellas actuar\u00e1n D&#8217;akokan y Jamones con Tacones.<\/p>\n<p>Los m\u00e1s peque\u00f1os tambi\u00e9n tienen su patio de recreo en La Mar Chica donde se imparten una serie de talleres formativos para ni\u00f1os y ni\u00f1as de entre 8 y 12 a\u00f1os que tendr\u00e1n la oportunidad de conocer la cultura sueca a trav\u00e9s de la literatura, la ilustraci\u00f3n, la artesan\u00eda, la m\u00fasica y la cocina.<\/p>\n<h2 class=\"ladillo\">INFORMACI\u00d3N Y VENTA DE ENTRADAS<\/h2>\n<p>Se podr\u00e1n adquirir las entradas en las p\u00e1ginas webs de La Mar de M\u00fasicas, El Corte Ingl\u00e9s y Viajes El Corte Ingl\u00e9s. Tambi\u00e9n se podr\u00e1n adquirir por tel\u00e9fono en el 902 400 222 y de forma presencial en los distintos centros de El Corte Ingl\u00e9s y de Viajes El Corte Ingl\u00e9s, as\u00ed como en las distintas taquillas de los escenarios a partir de dos horas antes del concierto.<\/p>\n<p>Asimismo, se pondr\u00e1n a la venta 100 abonos para todos los conciertos del Patio de Armas del Parque de Artiller\u00eda a 35 euros y 350 abonos para todos los conciertos del conciertos Auditorio Parque Torres + Castillo \u00c1rabe a 65 euros.<\/p>\n<p>Los conciertos de Cheikh L\u00f4 y Ni\u00f1o de Elche que se celebrar\u00e1n en El Batel est\u00e1n fuera de abono y sus precios son 20 euros y 5 euros, respectivamente. Venta s\u00f3lo en taquillas y en la web del Auditorio El Batel<\/p>\n","protected":false},"excerpt":{"rendered":"<p>Tan s\u00f3lo dos semanas para que los cartageneros y todas las personas asiduas y amantes del festival La Mar de M\u00fasicas puedan disfrutar de una \u00abcompleta y exquisita\u00bb programaci\u00f3n musical y cultural que este a\u00f1o, en su vig\u00e9simo segunda edici\u00f3n, est\u00e1 dedicada a Suecia, pa\u00eds invitado. El pr\u00f3ximo viernes, 15 de julio, ser\u00e1 la jornada<\/p>\n","protected":false},"author":1,"featured_media":81464,"comment_status":"open","ping_status":"closed","sticky":false,"template":"","format":"standard","meta":{"footnotes":""},"categories":[224],"tags":[],"class_list":{"0":"post-81463","1":"post","2":"type-post","3":"status-publish","4":"format-standard","5":"has-post-thumbnail","7":"category-noticias-actualidad"},"aioseo_notices":[],"aioseo_head":"\n\t\t<!-- All in One SEO Pro 4.9.6.1 - aioseo.com -->\n\t<meta name=\"description\" content=\"Tan s\u00f3lo dos semanas para que los cartageneros y todas las personas asiduas y amantes del festival La Mar de M\u00fasicas puedan disfrutar de una &quot;completa y exquisita&quot; programaci\u00f3n musical y cultural que este a\u00f1o, en su vig\u00e9simo segunda edici\u00f3n, est\u00e1 dedicada a Suecia, pa\u00eds invitado. El pr\u00f3ximo viernes, 15 de julio, ser\u00e1 la jornada\" \/>\n\t<meta name=\"robots\" content=\"max-image-preview:large\" \/>\n\t<meta name=\"author\" content=\"admin\"\/>\n\t<meta name=\"google-site-verification\" content=\"UA-38556648-1\" \/>\n\t<meta name=\"keywords\" content=\"noticias y actualidad\" \/>\n\t<link rel=\"canonical\" href=\"https:\/\/eldigitaldeasturias.com\/magazine365\/cartagena-se-prepara-para-disfrutar-de-la-mar-de-musicas\/\" \/>\n\t<meta name=\"generator\" content=\"All in One SEO Pro (AIOSEO) 4.9.6.1\" \/>\n\t\t<meta property=\"og:locale\" content=\"es_ES\" \/>\n\t\t<meta property=\"og:site_name\" content=\"El Digital de Asturias \u2013 Revista de ocio, turismo y estilo de vida\" \/>\n\t\t<meta property=\"og:type\" content=\"article\" \/>\n\t\t<meta property=\"og:title\" content=\"Cartagena se prepara para disfrutar de La Mar de M\u00fasicas | El Digital de Asturias\" \/>\n\t\t<meta property=\"og:description\" content=\"Tan s\u00f3lo dos semanas para que los cartageneros y todas las personas asiduas y amantes del festival La Mar de M\u00fasicas puedan disfrutar de una &quot;completa y exquisita&quot; programaci\u00f3n musical y cultural que este a\u00f1o, en su vig\u00e9simo segunda edici\u00f3n, est\u00e1 dedicada a Suecia, pa\u00eds invitado. El pr\u00f3ximo viernes, 15 de julio, ser\u00e1 la jornada\" \/>\n\t\t<meta property=\"og:url\" content=\"https:\/\/eldigitaldeasturias.com\/magazine365\/cartagena-se-prepara-para-disfrutar-de-la-mar-de-musicas\/\" \/>\n\t\t<meta property=\"og:image\" content=\"https:\/\/eldigitaldeasturias.com\/magazine365\/wp-content\/uploads\/2016\/07\/fotonoticia_20160701155808_800.jpg\" \/>\n\t\t<meta property=\"og:image:secure_url\" content=\"https:\/\/eldigitaldeasturias.com\/magazine365\/wp-content\/uploads\/2016\/07\/fotonoticia_20160701155808_800.jpg\" \/>\n\t\t<meta property=\"og:image:width\" content=\"800\" \/>\n\t\t<meta property=\"og:image:height\" content=\"614\" \/>\n\t\t<meta property=\"article:published_time\" content=\"2016-07-01T22:47:05+00:00\" \/>\n\t\t<meta property=\"article:modified_time\" content=\"2016-07-01T22:47:05+00:00\" \/>\n\t\t<meta name=\"twitter:card\" content=\"summary_large_image\" \/>\n\t\t<meta name=\"twitter:title\" content=\"Cartagena se prepara para disfrutar de La Mar de M\u00fasicas | El Digital de Asturias\" \/>\n\t\t<meta name=\"twitter:description\" content=\"Tan s\u00f3lo dos semanas para que los cartageneros y todas las personas asiduas y amantes del festival La Mar de M\u00fasicas puedan disfrutar de una &quot;completa y exquisita&quot; programaci\u00f3n musical y cultural que este a\u00f1o, en su vig\u00e9simo segunda edici\u00f3n, est\u00e1 dedicada a Suecia, pa\u00eds invitado. El pr\u00f3ximo viernes, 15 de julio, ser\u00e1 la jornada\" \/>\n\t\t<meta name=\"twitter:image\" content=\"https:\/\/eldigitaldeasturias.com\/magazine365\/wp-content\/uploads\/2016\/07\/fotonoticia_20160701155808_800.jpg\" \/>\n\t\t<script type=\"application\/ld+json\" class=\"aioseo-schema\">\n\t\t\t{\"@context\":\"https:\\\/\\\/schema.org\",\"@graph\":[{\"@type\":\"Article\",\"@id\":\"https:\\\/\\\/eldigitaldeasturias.com\\\/magazine365\\\/cartagena-se-prepara-para-disfrutar-de-la-mar-de-musicas\\\/#article\",\"name\":\"Cartagena se prepara para disfrutar de La Mar de M\\u00fasicas | El Digital de Asturias\",\"headline\":\"Cartagena se prepara para disfrutar de La Mar de M\\u00fasicas\",\"author\":{\"@id\":\"https:\\\/\\\/eldigitaldeasturias.com\\\/magazine365\\\/author\\\/admin\\\/#author\"},\"publisher\":{\"@id\":\"https:\\\/\\\/eldigitaldeasturias.com\\\/magazine365\\\/#organization\"},\"image\":{\"@type\":\"ImageObject\",\"url\":\"https:\\\/\\\/eldigitaldeasturias.com\\\/magazine365\\\/wp-content\\\/uploads\\\/2016\\\/07\\\/fotonoticia_20160701155808_800.jpg\",\"width\":800,\"height\":614},\"datePublished\":\"2016-07-02T00:47:05+02:00\",\"dateModified\":\"2016-07-02T00:47:05+02:00\",\"inLanguage\":\"es-ES\",\"mainEntityOfPage\":{\"@id\":\"https:\\\/\\\/eldigitaldeasturias.com\\\/magazine365\\\/cartagena-se-prepara-para-disfrutar-de-la-mar-de-musicas\\\/#webpage\"},\"isPartOf\":{\"@id\":\"https:\\\/\\\/eldigitaldeasturias.com\\\/magazine365\\\/cartagena-se-prepara-para-disfrutar-de-la-mar-de-musicas\\\/#webpage\"},\"articleSection\":\"Noticias y Actualidad\"},{\"@type\":\"BreadcrumbList\",\"@id\":\"https:\\\/\\\/eldigitaldeasturias.com\\\/magazine365\\\/cartagena-se-prepara-para-disfrutar-de-la-mar-de-musicas\\\/#breadcrumblist\",\"itemListElement\":[{\"@type\":\"ListItem\",\"@id\":\"https:\\\/\\\/eldigitaldeasturias.com\\\/magazine365#listItem\",\"position\":1,\"name\":\"Home\",\"item\":\"https:\\\/\\\/eldigitaldeasturias.com\\\/magazine365\",\"nextItem\":{\"@type\":\"ListItem\",\"@id\":\"https:\\\/\\\/eldigitaldeasturias.com\\\/magazine365\\\/category\\\/noticias-actualidad\\\/#listItem\",\"name\":\"Noticias y Actualidad\"}},{\"@type\":\"ListItem\",\"@id\":\"https:\\\/\\\/eldigitaldeasturias.com\\\/magazine365\\\/category\\\/noticias-actualidad\\\/#listItem\",\"position\":2,\"name\":\"Noticias y Actualidad\",\"item\":\"https:\\\/\\\/eldigitaldeasturias.com\\\/magazine365\\\/category\\\/noticias-actualidad\\\/\",\"nextItem\":{\"@type\":\"ListItem\",\"@id\":\"https:\\\/\\\/eldigitaldeasturias.com\\\/magazine365\\\/cartagena-se-prepara-para-disfrutar-de-la-mar-de-musicas\\\/#listItem\",\"name\":\"Cartagena se prepara para disfrutar de La Mar de M\\u00fasicas\"},\"previousItem\":{\"@type\":\"ListItem\",\"@id\":\"https:\\\/\\\/eldigitaldeasturias.com\\\/magazine365#listItem\",\"name\":\"Home\"}},{\"@type\":\"ListItem\",\"@id\":\"https:\\\/\\\/eldigitaldeasturias.com\\\/magazine365\\\/cartagena-se-prepara-para-disfrutar-de-la-mar-de-musicas\\\/#listItem\",\"position\":3,\"name\":\"Cartagena se prepara para disfrutar de La Mar de M\\u00fasicas\",\"previousItem\":{\"@type\":\"ListItem\",\"@id\":\"https:\\\/\\\/eldigitaldeasturias.com\\\/magazine365\\\/category\\\/noticias-actualidad\\\/#listItem\",\"name\":\"Noticias y Actualidad\"}}]},{\"@type\":\"Organization\",\"@id\":\"https:\\\/\\\/eldigitaldeasturias.com\\\/magazine365\\\/#organization\",\"name\":\"El digital de Asturias\",\"description\":\"Revista de ocio, turismo y estilo de vida\",\"url\":\"https:\\\/\\\/eldigitaldeasturias.com\\\/magazine365\\\/\",\"logo\":{\"@type\":\"ImageObject\",\"url\":\"https:\\\/\\\/www.eldigitaldeasturias.com\\\/noticias\\\/wp-content\\\/uploads\\\/2020\\\/12\\\/EDA.jpg\",\"@id\":\"https:\\\/\\\/eldigitaldeasturias.com\\\/magazine365\\\/cartagena-se-prepara-para-disfrutar-de-la-mar-de-musicas\\\/#organizationLogo\"},\"image\":{\"@id\":\"https:\\\/\\\/eldigitaldeasturias.com\\\/magazine365\\\/cartagena-se-prepara-para-disfrutar-de-la-mar-de-musicas\\\/#organizationLogo\"}},{\"@type\":\"Person\",\"@id\":\"https:\\\/\\\/eldigitaldeasturias.com\\\/magazine365\\\/author\\\/admin\\\/#author\",\"url\":\"https:\\\/\\\/eldigitaldeasturias.com\\\/magazine365\\\/author\\\/admin\\\/\",\"name\":\"admin\",\"image\":{\"@type\":\"ImageObject\",\"@id\":\"https:\\\/\\\/eldigitaldeasturias.com\\\/magazine365\\\/cartagena-se-prepara-para-disfrutar-de-la-mar-de-musicas\\\/#authorImage\",\"url\":\"https:\\\/\\\/eldigitaldeasturias.com\\\/magazine365\\\/wp-content\\\/litespeed\\\/avatar\\\/e571bcf59a0edd6fa6838245a470f2fe.jpg?ver=1776969259\",\"width\":96,\"height\":96,\"caption\":\"admin\"}},{\"@type\":\"WebPage\",\"@id\":\"https:\\\/\\\/eldigitaldeasturias.com\\\/magazine365\\\/cartagena-se-prepara-para-disfrutar-de-la-mar-de-musicas\\\/#webpage\",\"url\":\"https:\\\/\\\/eldigitaldeasturias.com\\\/magazine365\\\/cartagena-se-prepara-para-disfrutar-de-la-mar-de-musicas\\\/\",\"name\":\"Cartagena se prepara para disfrutar de La Mar de M\\u00fasicas | El Digital de Asturias\",\"description\":\"Tan s\\u00f3lo dos semanas para que los cartageneros y todas las personas asiduas y amantes del festival La Mar de M\\u00fasicas puedan disfrutar de una \\\"completa y exquisita\\\" programaci\\u00f3n musical y cultural que este a\\u00f1o, en su vig\\u00e9simo segunda edici\\u00f3n, est\\u00e1 dedicada a Suecia, pa\\u00eds invitado. El pr\\u00f3ximo viernes, 15 de julio, ser\\u00e1 la jornada\",\"inLanguage\":\"es-ES\",\"isPartOf\":{\"@id\":\"https:\\\/\\\/eldigitaldeasturias.com\\\/magazine365\\\/#website\"},\"breadcrumb\":{\"@id\":\"https:\\\/\\\/eldigitaldeasturias.com\\\/magazine365\\\/cartagena-se-prepara-para-disfrutar-de-la-mar-de-musicas\\\/#breadcrumblist\"},\"author\":{\"@id\":\"https:\\\/\\\/eldigitaldeasturias.com\\\/magazine365\\\/author\\\/admin\\\/#author\"},\"creator\":{\"@id\":\"https:\\\/\\\/eldigitaldeasturias.com\\\/magazine365\\\/author\\\/admin\\\/#author\"},\"image\":{\"@type\":\"ImageObject\",\"url\":\"https:\\\/\\\/eldigitaldeasturias.com\\\/magazine365\\\/wp-content\\\/uploads\\\/2016\\\/07\\\/fotonoticia_20160701155808_800.jpg\",\"@id\":\"https:\\\/\\\/eldigitaldeasturias.com\\\/magazine365\\\/cartagena-se-prepara-para-disfrutar-de-la-mar-de-musicas\\\/#mainImage\",\"width\":800,\"height\":614},\"primaryImageOfPage\":{\"@id\":\"https:\\\/\\\/eldigitaldeasturias.com\\\/magazine365\\\/cartagena-se-prepara-para-disfrutar-de-la-mar-de-musicas\\\/#mainImage\"},\"datePublished\":\"2016-07-02T00:47:05+02:00\",\"dateModified\":\"2016-07-02T00:47:05+02:00\"},{\"@type\":\"WebSite\",\"@id\":\"https:\\\/\\\/eldigitaldeasturias.com\\\/magazine365\\\/#website\",\"url\":\"https:\\\/\\\/eldigitaldeasturias.com\\\/magazine365\\\/\",\"name\":\"El Digital de Asturias\",\"description\":\"Revista de ocio, turismo y estilo de vida\",\"inLanguage\":\"es-ES\",\"publisher\":{\"@id\":\"https:\\\/\\\/eldigitaldeasturias.com\\\/magazine365\\\/#organization\"}}]}\n\t\t<\/script>\n\t\t<!-- All in One SEO Pro -->\r\n\t\t<title>Cartagena se prepara para disfrutar de La Mar de M\u00fasicas | El Digital de Asturias<\/title>\n\n","aioseo_head_json":{"title":"Cartagena se prepara para disfrutar de La Mar de M\u00fasicas | El Digital de Asturias","description":"Tan s\u00f3lo dos semanas para que los cartageneros y todas las personas asiduas y amantes del festival La Mar de M\u00fasicas puedan disfrutar de una \"completa y exquisita\" programaci\u00f3n musical y cultural que este a\u00f1o, en su vig\u00e9simo segunda edici\u00f3n, est\u00e1 dedicada a Suecia, pa\u00eds invitado. El pr\u00f3ximo viernes, 15 de julio, ser\u00e1 la jornada","canonical_url":"https:\/\/eldigitaldeasturias.com\/magazine365\/cartagena-se-prepara-para-disfrutar-de-la-mar-de-musicas\/","robots":"max-image-preview:large","keywords":"noticias y actualidad","webmasterTools":{"google-site-verification":"UA-38556648-1","miscellaneous":""},"schema":{"@context":"https:\/\/schema.org","@graph":[{"@type":"Article","@id":"https:\/\/eldigitaldeasturias.com\/magazine365\/cartagena-se-prepara-para-disfrutar-de-la-mar-de-musicas\/#article","name":"Cartagena se prepara para disfrutar de La Mar de M\u00fasicas | El Digital de Asturias","headline":"Cartagena se prepara para disfrutar de La Mar de M\u00fasicas","author":{"@id":"https:\/\/eldigitaldeasturias.com\/magazine365\/author\/admin\/#author"},"publisher":{"@id":"https:\/\/eldigitaldeasturias.com\/magazine365\/#organization"},"image":{"@type":"ImageObject","url":"https:\/\/eldigitaldeasturias.com\/magazine365\/wp-content\/uploads\/2016\/07\/fotonoticia_20160701155808_800.jpg","width":800,"height":614},"datePublished":"2016-07-02T00:47:05+02:00","dateModified":"2016-07-02T00:47:05+02:00","inLanguage":"es-ES","mainEntityOfPage":{"@id":"https:\/\/eldigitaldeasturias.com\/magazine365\/cartagena-se-prepara-para-disfrutar-de-la-mar-de-musicas\/#webpage"},"isPartOf":{"@id":"https:\/\/eldigitaldeasturias.com\/magazine365\/cartagena-se-prepara-para-disfrutar-de-la-mar-de-musicas\/#webpage"},"articleSection":"Noticias y Actualidad"},{"@type":"BreadcrumbList","@id":"https:\/\/eldigitaldeasturias.com\/magazine365\/cartagena-se-prepara-para-disfrutar-de-la-mar-de-musicas\/#breadcrumblist","itemListElement":[{"@type":"ListItem","@id":"https:\/\/eldigitaldeasturias.com\/magazine365#listItem","position":1,"name":"Home","item":"https:\/\/eldigitaldeasturias.com\/magazine365","nextItem":{"@type":"ListItem","@id":"https:\/\/eldigitaldeasturias.com\/magazine365\/category\/noticias-actualidad\/#listItem","name":"Noticias y Actualidad"}},{"@type":"ListItem","@id":"https:\/\/eldigitaldeasturias.com\/magazine365\/category\/noticias-actualidad\/#listItem","position":2,"name":"Noticias y Actualidad","item":"https:\/\/eldigitaldeasturias.com\/magazine365\/category\/noticias-actualidad\/","nextItem":{"@type":"ListItem","@id":"https:\/\/eldigitaldeasturias.com\/magazine365\/cartagena-se-prepara-para-disfrutar-de-la-mar-de-musicas\/#listItem","name":"Cartagena se prepara para disfrutar de La Mar de M\u00fasicas"},"previousItem":{"@type":"ListItem","@id":"https:\/\/eldigitaldeasturias.com\/magazine365#listItem","name":"Home"}},{"@type":"ListItem","@id":"https:\/\/eldigitaldeasturias.com\/magazine365\/cartagena-se-prepara-para-disfrutar-de-la-mar-de-musicas\/#listItem","position":3,"name":"Cartagena se prepara para disfrutar de La Mar de M\u00fasicas","previousItem":{"@type":"ListItem","@id":"https:\/\/eldigitaldeasturias.com\/magazine365\/category\/noticias-actualidad\/#listItem","name":"Noticias y Actualidad"}}]},{"@type":"Organization","@id":"https:\/\/eldigitaldeasturias.com\/magazine365\/#organization","name":"El digital de Asturias","description":"Revista de ocio, turismo y estilo de vida","url":"https:\/\/eldigitaldeasturias.com\/magazine365\/","logo":{"@type":"ImageObject","url":"https:\/\/www.eldigitaldeasturias.com\/noticias\/wp-content\/uploads\/2020\/12\/EDA.jpg","@id":"https:\/\/eldigitaldeasturias.com\/magazine365\/cartagena-se-prepara-para-disfrutar-de-la-mar-de-musicas\/#organizationLogo"},"image":{"@id":"https:\/\/eldigitaldeasturias.com\/magazine365\/cartagena-se-prepara-para-disfrutar-de-la-mar-de-musicas\/#organizationLogo"}},{"@type":"Person","@id":"https:\/\/eldigitaldeasturias.com\/magazine365\/author\/admin\/#author","url":"https:\/\/eldigitaldeasturias.com\/magazine365\/author\/admin\/","name":"admin","image":{"@type":"ImageObject","@id":"https:\/\/eldigitaldeasturias.com\/magazine365\/cartagena-se-prepara-para-disfrutar-de-la-mar-de-musicas\/#authorImage","url":"https:\/\/eldigitaldeasturias.com\/magazine365\/wp-content\/litespeed\/avatar\/e571bcf59a0edd6fa6838245a470f2fe.jpg?ver=1776969259","width":96,"height":96,"caption":"admin"}},{"@type":"WebPage","@id":"https:\/\/eldigitaldeasturias.com\/magazine365\/cartagena-se-prepara-para-disfrutar-de-la-mar-de-musicas\/#webpage","url":"https:\/\/eldigitaldeasturias.com\/magazine365\/cartagena-se-prepara-para-disfrutar-de-la-mar-de-musicas\/","name":"Cartagena se prepara para disfrutar de La Mar de M\u00fasicas | El Digital de Asturias","description":"Tan s\u00f3lo dos semanas para que los cartageneros y todas las personas asiduas y amantes del festival La Mar de M\u00fasicas puedan disfrutar de una \"completa y exquisita\" programaci\u00f3n musical y cultural que este a\u00f1o, en su vig\u00e9simo segunda edici\u00f3n, est\u00e1 dedicada a Suecia, pa\u00eds invitado. El pr\u00f3ximo viernes, 15 de julio, ser\u00e1 la jornada","inLanguage":"es-ES","isPartOf":{"@id":"https:\/\/eldigitaldeasturias.com\/magazine365\/#website"},"breadcrumb":{"@id":"https:\/\/eldigitaldeasturias.com\/magazine365\/cartagena-se-prepara-para-disfrutar-de-la-mar-de-musicas\/#breadcrumblist"},"author":{"@id":"https:\/\/eldigitaldeasturias.com\/magazine365\/author\/admin\/#author"},"creator":{"@id":"https:\/\/eldigitaldeasturias.com\/magazine365\/author\/admin\/#author"},"image":{"@type":"ImageObject","url":"https:\/\/eldigitaldeasturias.com\/magazine365\/wp-content\/uploads\/2016\/07\/fotonoticia_20160701155808_800.jpg","@id":"https:\/\/eldigitaldeasturias.com\/magazine365\/cartagena-se-prepara-para-disfrutar-de-la-mar-de-musicas\/#mainImage","width":800,"height":614},"primaryImageOfPage":{"@id":"https:\/\/eldigitaldeasturias.com\/magazine365\/cartagena-se-prepara-para-disfrutar-de-la-mar-de-musicas\/#mainImage"},"datePublished":"2016-07-02T00:47:05+02:00","dateModified":"2016-07-02T00:47:05+02:00"},{"@type":"WebSite","@id":"https:\/\/eldigitaldeasturias.com\/magazine365\/#website","url":"https:\/\/eldigitaldeasturias.com\/magazine365\/","name":"El Digital de Asturias","description":"Revista de ocio, turismo y estilo de vida","inLanguage":"es-ES","publisher":{"@id":"https:\/\/eldigitaldeasturias.com\/magazine365\/#organization"}}]},"og:locale":"es_ES","og:site_name":"El Digital de Asturias \u2013 Revista de ocio, turismo y estilo de vida","og:type":"article","og:title":"Cartagena se prepara para disfrutar de La Mar de M\u00fasicas | El Digital de Asturias","og:description":"Tan s\u00f3lo dos semanas para que los cartageneros y todas las personas asiduas y amantes del festival La Mar de M\u00fasicas puedan disfrutar de una &quot;completa y exquisita&quot; programaci\u00f3n musical y cultural que este a\u00f1o, en su vig\u00e9simo segunda edici\u00f3n, est\u00e1 dedicada a Suecia, pa\u00eds invitado. El pr\u00f3ximo viernes, 15 de julio, ser\u00e1 la jornada","og:url":"https:\/\/eldigitaldeasturias.com\/magazine365\/cartagena-se-prepara-para-disfrutar-de-la-mar-de-musicas\/","og:image":"https:\/\/eldigitaldeasturias.com\/magazine365\/wp-content\/uploads\/2016\/07\/fotonoticia_20160701155808_800.jpg","og:image:secure_url":"https:\/\/eldigitaldeasturias.com\/magazine365\/wp-content\/uploads\/2016\/07\/fotonoticia_20160701155808_800.jpg","og:image:width":800,"og:image:height":614,"article:published_time":"2016-07-01T22:47:05+00:00","article:modified_time":"2016-07-01T22:47:05+00:00","twitter:card":"summary_large_image","twitter:title":"Cartagena se prepara para disfrutar de La Mar de M\u00fasicas | El Digital de Asturias","twitter:description":"Tan s\u00f3lo dos semanas para que los cartageneros y todas las personas asiduas y amantes del festival La Mar de M\u00fasicas puedan disfrutar de una &quot;completa y exquisita&quot; programaci\u00f3n musical y cultural que este a\u00f1o, en su vig\u00e9simo segunda edici\u00f3n, est\u00e1 dedicada a Suecia, pa\u00eds invitado. El pr\u00f3ximo viernes, 15 de julio, ser\u00e1 la jornada","twitter:image":"https:\/\/eldigitaldeasturias.com\/magazine365\/wp-content\/uploads\/2016\/07\/fotonoticia_20160701155808_800.jpg"},"aioseo_meta_data":{"post_id":"81463","title":null,"description":null,"keywords":null,"keyphrases":null,"primary_term":null,"canonical_url":null,"og_title":null,"og_description":null,"og_object_type":"default","og_image_type":"default","og_image_url":null,"og_image_width":null,"og_image_height":null,"og_image_custom_url":null,"og_image_custom_fields":null,"og_video":null,"og_custom_url":null,"og_article_section":null,"og_article_tags":null,"twitter_use_og":false,"twitter_card":"default","twitter_image_type":"default","twitter_image_url":null,"twitter_image_custom_url":null,"twitter_image_custom_fields":null,"twitter_title":null,"twitter_description":null,"schema":{"blockGraphs":[],"customGraphs":[],"default":{"data":{"Article":[],"Course":[],"Dataset":[],"FAQPage":[],"Movie":[],"Person":[],"Product":[],"ProductReview":[],"Car":[],"Recipe":[],"Service":[],"SoftwareApplication":[],"WebPage":[]},"graphName":"","isEnabled":true},"graphs":[],"defaultGraph":"","defaultPostTypeGraph":""},"schema_type":null,"schema_type_options":null,"pillar_content":false,"robots_default":true,"robots_noindex":false,"robots_noarchive":false,"robots_nosnippet":false,"robots_nofollow":false,"robots_noimageindex":false,"robots_noodp":false,"robots_notranslate":false,"robots_max_snippet":null,"robots_max_videopreview":null,"robots_max_imagepreview":"large","priority":null,"frequency":null,"location":null,"local_seo":null,"seo_analyzer_scan_date":"2025-09-27 22:56:58","breadcrumb_settings":null,"limit_modified_date":false,"open_ai":null,"ai":null,"created":"2021-03-08 17:17:52","updated":"2025-09-27 22:56:58"},"aioseo_breadcrumb":"<div class=\"aioseo-breadcrumbs\"><span class=\"aioseo-breadcrumb\">\n\t<a href=\"https:\/\/eldigitaldeasturias.com\/magazine365\" title=\"Home\">Home<\/a>\n<\/span><span class=\"aioseo-breadcrumb-separator\">\u2013<\/span><span class=\"aioseo-breadcrumb\">\n\t<a href=\"https:\/\/eldigitaldeasturias.com\/magazine365\/category\/noticias-actualidad\/\" title=\"Noticias y Actualidad\">Noticias y Actualidad<\/a>\n<\/span><span class=\"aioseo-breadcrumb-separator\">\u2013<\/span><span class=\"aioseo-breadcrumb\">\n\t<a href=\"https:\/\/eldigitaldeasturias.com\/magazine365\/cartagena-se-prepara-para-disfrutar-de-la-mar-de-musicas\/\" title=\"Cartagena se prepara para disfrutar de La Mar de M\u00fasicas\">Cartagena se prepara para disfrutar de La Mar de M\u00fasicas<\/a>\n<\/span><\/div>","aioseo_breadcrumb_json":[{"label":"Home","link":"https:\/\/eldigitaldeasturias.com\/magazine365"},{"label":"Noticias y Actualidad","link":"https:\/\/eldigitaldeasturias.com\/magazine365\/category\/noticias-actualidad\/"},{"label":"Cartagena se prepara para disfrutar de La Mar de M\u00fasicas","link":"https:\/\/eldigitaldeasturias.com\/magazine365\/cartagena-se-prepara-para-disfrutar-de-la-mar-de-musicas\/"}],"_links":{"self":[{"href":"https:\/\/eldigitaldeasturias.com\/magazine365\/wp-json\/wp\/v2\/posts\/81463","targetHints":{"allow":["GET"]}}],"collection":[{"href":"https:\/\/eldigitaldeasturias.com\/magazine365\/wp-json\/wp\/v2\/posts"}],"about":[{"href":"https:\/\/eldigitaldeasturias.com\/magazine365\/wp-json\/wp\/v2\/types\/post"}],"author":[{"embeddable":true,"href":"https:\/\/eldigitaldeasturias.com\/magazine365\/wp-json\/wp\/v2\/users\/1"}],"replies":[{"embeddable":true,"href":"https:\/\/eldigitaldeasturias.com\/magazine365\/wp-json\/wp\/v2\/comments?post=81463"}],"version-history":[{"count":0,"href":"https:\/\/eldigitaldeasturias.com\/magazine365\/wp-json\/wp\/v2\/posts\/81463\/revisions"}],"wp:featuredmedia":[{"embeddable":true,"href":"https:\/\/eldigitaldeasturias.com\/magazine365\/wp-json\/wp\/v2\/media\/81464"}],"wp:attachment":[{"href":"https:\/\/eldigitaldeasturias.com\/magazine365\/wp-json\/wp\/v2\/media?parent=81463"}],"wp:term":[{"taxonomy":"category","embeddable":true,"href":"https:\/\/eldigitaldeasturias.com\/magazine365\/wp-json\/wp\/v2\/categories?post=81463"},{"taxonomy":"post_tag","embeddable":true,"href":"https:\/\/eldigitaldeasturias.com\/magazine365\/wp-json\/wp\/v2\/tags?post=81463"}],"curies":[{"name":"wp","href":"https:\/\/api.w.org\/{rel}","templated":true}]}}