{"id":81454,"date":"2016-07-02T00:44:36","date_gmt":"2016-07-01T22:44:36","guid":{"rendered":"http:\/\/eldigitaldeasturias.com\/magazine365\/?p=81454"},"modified":"2016-07-02T00:44:36","modified_gmt":"2016-07-01T22:44:36","slug":"tres-proyectos-tecnologicos-en-diferentes-poblaciones-islenas-seran-financiados-con-19-millones","status":"publish","type":"post","link":"https:\/\/eldigitaldeasturias.com\/magazine365\/tres-proyectos-tecnologicos-en-diferentes-poblaciones-islenas-seran-financiados-con-19-millones\/","title":{"rendered":"Tres proyectos tecnol\u00f3gicos en diferentes poblaciones isle\u00f1as ser\u00e1n financiados con 19 millones"},"content":{"rendered":"<p><img fetchpriority=\"high\" decoding=\"async\" class=\"alignleft size-medium wp-image-81455\" src=\"https:\/\/eldigitaldeasturias.com\/magazine365\/wp-content\/uploads\/2016\/07\/fotonoticia_20160701150352_800-360x241.jpg\" alt=\"fotonoticia_20160701150352_800\" width=\"360\" height=\"241\" srcset=\"https:\/\/eldigitaldeasturias.com\/magazine365\/wp-content\/uploads\/2016\/07\/fotonoticia_20160701150352_800-360x241.jpg 360w, https:\/\/eldigitaldeasturias.com\/magazine365\/wp-content\/uploads\/2016\/07\/fotonoticia_20160701150352_800-650x435.jpg 650w, https:\/\/eldigitaldeasturias.com\/magazine365\/wp-content\/uploads\/2016\/07\/fotonoticia_20160701150352_800-768x514.jpg 768w, https:\/\/eldigitaldeasturias.com\/magazine365\/wp-content\/uploads\/2016\/07\/fotonoticia_20160701150352_800-150x100.jpg 150w, https:\/\/eldigitaldeasturias.com\/magazine365\/wp-content\/uploads\/2016\/07\/fotonoticia_20160701150352_800-450x301.jpg 450w, https:\/\/eldigitaldeasturias.com\/magazine365\/wp-content\/uploads\/2016\/07\/fotonoticia_20160701150352_800.jpg 800w\" sizes=\"(max-width: 360px) 100vw, 360px\" \/>El Ministerio de Industria, Energ\u00eda y Turismo, a trav\u00e9s de la entidad p\u00fablica Red.es, dotar\u00e1 con m\u00e1s de 19 millones de euros a las islas de Mallorca, Fuerteventura y El Hierro por sus proyectos tecnol\u00f3gicos para mejorar los servicios p\u00fablicos y reducir los efectos negativos de la insularidad, en la &#8216;Primera convocatoria de islas inteligentes&#8217;.<\/p>\n<p>Los beneficiaros son la iniciativa &#8216;Smart Island Mallorca&#8217;, con una dotaci\u00f3n de 8.876.245 euros, &#8216;Fuerteventura Open i-Sland&#8217;, con 6.556.533 euros, y &#8216;El Hierro en Red&#8217;, con 3.852.670 euros, que ser\u00e1n financiados en su totalidad y ser\u00e1n susceptibles de cofinanciarse a trav\u00e9s del Fondo Europeo de Desarrollo Regional (Feder).<\/p>\n<p>El objetivo de la convocatoria es impulsar proyectos que integren la estrategia de isla inteligente, contribuyan a la mejora de los servicios p\u00fablicos del territorio y se orienten a mitigar los efectos negativos de la insularidad, a trav\u00e9s del empleo de las tecnolog\u00edas de la informaci\u00f3n y la comunicaci\u00f3n (TIC).<\/p>\n<p>El proyecto mallorqu\u00edn propone la gesti\u00f3n tecnol\u00f3gica de la isla mediante la implantaci\u00f3n de una plataforma inteligente y un conjunto de actuaciones para desestacionalizar su turismo, como una plataforma Smart Island y un sistema de orientaci\u00f3n geogr\u00e1fica corporativo. Adem\u00e1s, se transformar\u00e1 digitalmente la oficina de turismo, se instalar\u00e1n paneles interactivos y puntos de wifi p\u00fablico y se analizar\u00e1n los flujos tur\u00edsticos, entre otras acciones.<\/p>\n<p>Tambi\u00e9n se instalar\u00e1n estaciones meteorol\u00f3gicas, sensores de flujo de tr\u00e1fico y aparcamientos y paradas de autob\u00fas inteligentes, y se llevar\u00e1n a cabo actuaciones de eficiencia energ\u00e9tica, resiliencia y gobierno abierto.<\/p>\n<p>Por su parte, la iniciativa de Fuerteventura se orienta a desarrollar servicios compartidos, reducir la brecha digital y mejorar los servicios que se prestan al ciudadano. El proyecto se articula en torno al buen gobierno, a la creaci\u00f3n de un proceso de datos y un centro de servicios compartidos y a un servicio vertical para gesti\u00f3n de residuos s\u00f3lidos y alumbrado de rotondas de carreteras.<\/p>\n<p>En tercer lugar, el proyecto presentado por el Cabildo de El Hierro se estructura en torno a la sostenibilidad a trav\u00e9s de actuaciones en los \u00e1mbitos de movilidad, gesti\u00f3n de residuos, turismo y econom\u00eda; un gobierno inteligente que ponga a disposici\u00f3n de los ciudadanos los datos disponibles en el Cabildo y los que se generen en el futuro, y una l\u00ednea de prevenci\u00f3n y actuaci\u00f3n en caso de cat\u00e1strofes naturales o emergencias en general a trav\u00e9s de servicios TIC.<\/p>\n<p>La I Convocatoria de Islas Inteligentes es una de las medidas integradas en el Plan Nacional de Ciudades Inteligentes de la Agenda Digital para Espa\u00f1a, aprobado en marzo del a\u00f1o pasado y dotado de un presupuesto de 188 millones de euros para el periodo comprendido entre 2015 y 2017.<\/p>\n","protected":false},"excerpt":{"rendered":"<p>El Ministerio de Industria, Energ\u00eda y Turismo, a trav\u00e9s de la entidad p\u00fablica Red.es, dotar\u00e1 con m\u00e1s de 19 millones de euros a las islas de Mallorca, Fuerteventura y El Hierro por sus proyectos tecnol\u00f3gicos para mejorar los servicios p\u00fablicos y reducir los efectos negativos de la insularidad, en la &#8216;Primera convocatoria de islas inteligentes&#8217;.<\/p>\n","protected":false},"author":1,"featured_media":81455,"comment_status":"open","ping_status":"closed","sticky":false,"template":"","format":"standard","meta":{"footnotes":""},"categories":[224],"tags":[],"class_list":{"0":"post-81454","1":"post","2":"type-post","3":"status-publish","4":"format-standard","5":"has-post-thumbnail","7":"category-noticias-actualidad"},"aioseo_notices":[],"aioseo_head":"\n\t\t<!-- All in One SEO Pro 4.9.6.1 - aioseo.com -->\n\t<meta name=\"description\" content=\"El Ministerio de Industria, Energ\u00eda y Turismo, a trav\u00e9s de la entidad p\u00fablica Red.es, dotar\u00e1 con m\u00e1s de 19 millones de euros a las islas de Mallorca, Fuerteventura y El Hierro por sus proyectos tecnol\u00f3gicos para mejorar los servicios p\u00fablicos y reducir los efectos negativos de la insularidad, en la &#039;Primera convocatoria de islas inteligentes&#039;.\" \/>\n\t<meta name=\"robots\" content=\"max-image-preview:large\" \/>\n\t<meta name=\"author\" content=\"admin\"\/>\n\t<meta name=\"google-site-verification\" content=\"UA-38556648-1\" \/>\n\t<meta name=\"keywords\" content=\"noticias y actualidad\" \/>\n\t<link rel=\"canonical\" href=\"https:\/\/eldigitaldeasturias.com\/magazine365\/tres-proyectos-tecnologicos-en-diferentes-poblaciones-islenas-seran-financiados-con-19-millones\/\" \/>\n\t<meta name=\"generator\" content=\"All in One SEO Pro (AIOSEO) 4.9.6.1\" \/>\n\t\t<meta property=\"og:locale\" content=\"es_ES\" \/>\n\t\t<meta property=\"og:site_name\" content=\"El Digital de Asturias \u2013 Revista de ocio, turismo y estilo de vida\" \/>\n\t\t<meta property=\"og:type\" content=\"article\" \/>\n\t\t<meta property=\"og:title\" content=\"Tres proyectos tecnol\u00f3gicos en diferentes poblaciones isle\u00f1as ser\u00e1n financiados con 19 millones | El Digital de Asturias\" \/>\n\t\t<meta property=\"og:description\" content=\"El Ministerio de Industria, Energ\u00eda y Turismo, a trav\u00e9s de la entidad p\u00fablica Red.es, dotar\u00e1 con m\u00e1s de 19 millones de euros a las islas de Mallorca, Fuerteventura y El Hierro por sus proyectos tecnol\u00f3gicos para mejorar los servicios p\u00fablicos y reducir los efectos negativos de la insularidad, en la &#039;Primera convocatoria de islas inteligentes&#039;.\" \/>\n\t\t<meta property=\"og:url\" content=\"https:\/\/eldigitaldeasturias.com\/magazine365\/tres-proyectos-tecnologicos-en-diferentes-poblaciones-islenas-seran-financiados-con-19-millones\/\" \/>\n\t\t<meta property=\"og:image\" content=\"https:\/\/eldigitaldeasturias.com\/magazine365\/wp-content\/uploads\/2016\/07\/fotonoticia_20160701150352_800.jpg\" \/>\n\t\t<meta property=\"og:image:secure_url\" content=\"https:\/\/eldigitaldeasturias.com\/magazine365\/wp-content\/uploads\/2016\/07\/fotonoticia_20160701150352_800.jpg\" \/>\n\t\t<meta property=\"og:image:width\" content=\"800\" \/>\n\t\t<meta property=\"og:image:height\" content=\"535\" \/>\n\t\t<meta property=\"article:published_time\" content=\"2016-07-01T22:44:36+00:00\" \/>\n\t\t<meta property=\"article:modified_time\" content=\"2016-07-01T22:44:36+00:00\" \/>\n\t\t<meta name=\"twitter:card\" content=\"summary_large_image\" \/>\n\t\t<meta name=\"twitter:title\" content=\"Tres proyectos tecnol\u00f3gicos en diferentes poblaciones isle\u00f1as ser\u00e1n financiados con 19 millones | El Digital de Asturias\" \/>\n\t\t<meta name=\"twitter:description\" content=\"El Ministerio de Industria, Energ\u00eda y Turismo, a trav\u00e9s de la entidad p\u00fablica Red.es, dotar\u00e1 con m\u00e1s de 19 millones de euros a las islas de Mallorca, Fuerteventura y El Hierro por sus proyectos tecnol\u00f3gicos para mejorar los servicios p\u00fablicos y reducir los efectos negativos de la insularidad, en la &#039;Primera convocatoria de islas inteligentes&#039;.\" \/>\n\t\t<meta name=\"twitter:image\" content=\"https:\/\/eldigitaldeasturias.com\/magazine365\/wp-content\/uploads\/2016\/07\/fotonoticia_20160701150352_800.jpg\" \/>\n\t\t<script type=\"application\/ld+json\" class=\"aioseo-schema\">\n\t\t\t{\"@context\":\"https:\\\/\\\/schema.org\",\"@graph\":[{\"@type\":\"Article\",\"@id\":\"https:\\\/\\\/eldigitaldeasturias.com\\\/magazine365\\\/tres-proyectos-tecnologicos-en-diferentes-poblaciones-islenas-seran-financiados-con-19-millones\\\/#article\",\"name\":\"Tres proyectos tecnol\\u00f3gicos en diferentes poblaciones isle\\u00f1as ser\\u00e1n financiados con 19 millones | El Digital de Asturias\",\"headline\":\"Tres proyectos tecnol\\u00f3gicos en diferentes poblaciones isle\\u00f1as ser\\u00e1n financiados con 19 millones\",\"author\":{\"@id\":\"https:\\\/\\\/eldigitaldeasturias.com\\\/magazine365\\\/author\\\/admin\\\/#author\"},\"publisher\":{\"@id\":\"https:\\\/\\\/eldigitaldeasturias.com\\\/magazine365\\\/#organization\"},\"image\":{\"@type\":\"ImageObject\",\"url\":\"https:\\\/\\\/eldigitaldeasturias.com\\\/magazine365\\\/wp-content\\\/uploads\\\/2016\\\/07\\\/fotonoticia_20160701150352_800.jpg\",\"width\":800,\"height\":535},\"datePublished\":\"2016-07-02T00:44:36+02:00\",\"dateModified\":\"2016-07-02T00:44:36+02:00\",\"inLanguage\":\"es-ES\",\"mainEntityOfPage\":{\"@id\":\"https:\\\/\\\/eldigitaldeasturias.com\\\/magazine365\\\/tres-proyectos-tecnologicos-en-diferentes-poblaciones-islenas-seran-financiados-con-19-millones\\\/#webpage\"},\"isPartOf\":{\"@id\":\"https:\\\/\\\/eldigitaldeasturias.com\\\/magazine365\\\/tres-proyectos-tecnologicos-en-diferentes-poblaciones-islenas-seran-financiados-con-19-millones\\\/#webpage\"},\"articleSection\":\"Noticias y Actualidad\"},{\"@type\":\"BreadcrumbList\",\"@id\":\"https:\\\/\\\/eldigitaldeasturias.com\\\/magazine365\\\/tres-proyectos-tecnologicos-en-diferentes-poblaciones-islenas-seran-financiados-con-19-millones\\\/#breadcrumblist\",\"itemListElement\":[{\"@type\":\"ListItem\",\"@id\":\"https:\\\/\\\/eldigitaldeasturias.com\\\/magazine365#listItem\",\"position\":1,\"name\":\"Home\",\"item\":\"https:\\\/\\\/eldigitaldeasturias.com\\\/magazine365\",\"nextItem\":{\"@type\":\"ListItem\",\"@id\":\"https:\\\/\\\/eldigitaldeasturias.com\\\/magazine365\\\/category\\\/noticias-actualidad\\\/#listItem\",\"name\":\"Noticias y Actualidad\"}},{\"@type\":\"ListItem\",\"@id\":\"https:\\\/\\\/eldigitaldeasturias.com\\\/magazine365\\\/category\\\/noticias-actualidad\\\/#listItem\",\"position\":2,\"name\":\"Noticias y Actualidad\",\"item\":\"https:\\\/\\\/eldigitaldeasturias.com\\\/magazine365\\\/category\\\/noticias-actualidad\\\/\",\"nextItem\":{\"@type\":\"ListItem\",\"@id\":\"https:\\\/\\\/eldigitaldeasturias.com\\\/magazine365\\\/tres-proyectos-tecnologicos-en-diferentes-poblaciones-islenas-seran-financiados-con-19-millones\\\/#listItem\",\"name\":\"Tres proyectos tecnol\\u00f3gicos en diferentes poblaciones isle\\u00f1as ser\\u00e1n financiados con 19 millones\"},\"previousItem\":{\"@type\":\"ListItem\",\"@id\":\"https:\\\/\\\/eldigitaldeasturias.com\\\/magazine365#listItem\",\"name\":\"Home\"}},{\"@type\":\"ListItem\",\"@id\":\"https:\\\/\\\/eldigitaldeasturias.com\\\/magazine365\\\/tres-proyectos-tecnologicos-en-diferentes-poblaciones-islenas-seran-financiados-con-19-millones\\\/#listItem\",\"position\":3,\"name\":\"Tres proyectos tecnol\\u00f3gicos en diferentes poblaciones isle\\u00f1as ser\\u00e1n financiados con 19 millones\",\"previousItem\":{\"@type\":\"ListItem\",\"@id\":\"https:\\\/\\\/eldigitaldeasturias.com\\\/magazine365\\\/category\\\/noticias-actualidad\\\/#listItem\",\"name\":\"Noticias y Actualidad\"}}]},{\"@type\":\"Organization\",\"@id\":\"https:\\\/\\\/eldigitaldeasturias.com\\\/magazine365\\\/#organization\",\"name\":\"El digital de Asturias\",\"description\":\"Revista de ocio, turismo y estilo de vida\",\"url\":\"https:\\\/\\\/eldigitaldeasturias.com\\\/magazine365\\\/\",\"logo\":{\"@type\":\"ImageObject\",\"url\":\"https:\\\/\\\/www.eldigitaldeasturias.com\\\/noticias\\\/wp-content\\\/uploads\\\/2020\\\/12\\\/EDA.jpg\",\"@id\":\"https:\\\/\\\/eldigitaldeasturias.com\\\/magazine365\\\/tres-proyectos-tecnologicos-en-diferentes-poblaciones-islenas-seran-financiados-con-19-millones\\\/#organizationLogo\"},\"image\":{\"@id\":\"https:\\\/\\\/eldigitaldeasturias.com\\\/magazine365\\\/tres-proyectos-tecnologicos-en-diferentes-poblaciones-islenas-seran-financiados-con-19-millones\\\/#organizationLogo\"}},{\"@type\":\"Person\",\"@id\":\"https:\\\/\\\/eldigitaldeasturias.com\\\/magazine365\\\/author\\\/admin\\\/#author\",\"url\":\"https:\\\/\\\/eldigitaldeasturias.com\\\/magazine365\\\/author\\\/admin\\\/\",\"name\":\"admin\",\"image\":{\"@type\":\"ImageObject\",\"@id\":\"https:\\\/\\\/eldigitaldeasturias.com\\\/magazine365\\\/tres-proyectos-tecnologicos-en-diferentes-poblaciones-islenas-seran-financiados-con-19-millones\\\/#authorImage\",\"url\":\"https:\\\/\\\/eldigitaldeasturias.com\\\/magazine365\\\/wp-content\\\/litespeed\\\/avatar\\\/e571bcf59a0edd6fa6838245a470f2fe.jpg?ver=1776969259\",\"width\":96,\"height\":96,\"caption\":\"admin\"}},{\"@type\":\"WebPage\",\"@id\":\"https:\\\/\\\/eldigitaldeasturias.com\\\/magazine365\\\/tres-proyectos-tecnologicos-en-diferentes-poblaciones-islenas-seran-financiados-con-19-millones\\\/#webpage\",\"url\":\"https:\\\/\\\/eldigitaldeasturias.com\\\/magazine365\\\/tres-proyectos-tecnologicos-en-diferentes-poblaciones-islenas-seran-financiados-con-19-millones\\\/\",\"name\":\"Tres proyectos tecnol\\u00f3gicos en diferentes poblaciones isle\\u00f1as ser\\u00e1n financiados con 19 millones | El Digital de Asturias\",\"description\":\"El Ministerio de Industria, Energ\\u00eda y Turismo, a trav\\u00e9s de la entidad p\\u00fablica Red.es, dotar\\u00e1 con m\\u00e1s de 19 millones de euros a las islas de Mallorca, Fuerteventura y El Hierro por sus proyectos tecnol\\u00f3gicos para mejorar los servicios p\\u00fablicos y reducir los efectos negativos de la insularidad, en la 'Primera convocatoria de islas inteligentes'.\",\"inLanguage\":\"es-ES\",\"isPartOf\":{\"@id\":\"https:\\\/\\\/eldigitaldeasturias.com\\\/magazine365\\\/#website\"},\"breadcrumb\":{\"@id\":\"https:\\\/\\\/eldigitaldeasturias.com\\\/magazine365\\\/tres-proyectos-tecnologicos-en-diferentes-poblaciones-islenas-seran-financiados-con-19-millones\\\/#breadcrumblist\"},\"author\":{\"@id\":\"https:\\\/\\\/eldigitaldeasturias.com\\\/magazine365\\\/author\\\/admin\\\/#author\"},\"creator\":{\"@id\":\"https:\\\/\\\/eldigitaldeasturias.com\\\/magazine365\\\/author\\\/admin\\\/#author\"},\"image\":{\"@type\":\"ImageObject\",\"url\":\"https:\\\/\\\/eldigitaldeasturias.com\\\/magazine365\\\/wp-content\\\/uploads\\\/2016\\\/07\\\/fotonoticia_20160701150352_800.jpg\",\"@id\":\"https:\\\/\\\/eldigitaldeasturias.com\\\/magazine365\\\/tres-proyectos-tecnologicos-en-diferentes-poblaciones-islenas-seran-financiados-con-19-millones\\\/#mainImage\",\"width\":800,\"height\":535},\"primaryImageOfPage\":{\"@id\":\"https:\\\/\\\/eldigitaldeasturias.com\\\/magazine365\\\/tres-proyectos-tecnologicos-en-diferentes-poblaciones-islenas-seran-financiados-con-19-millones\\\/#mainImage\"},\"datePublished\":\"2016-07-02T00:44:36+02:00\",\"dateModified\":\"2016-07-02T00:44:36+02:00\"},{\"@type\":\"WebSite\",\"@id\":\"https:\\\/\\\/eldigitaldeasturias.com\\\/magazine365\\\/#website\",\"url\":\"https:\\\/\\\/eldigitaldeasturias.com\\\/magazine365\\\/\",\"name\":\"El Digital de Asturias\",\"description\":\"Revista de ocio, turismo y estilo de vida\",\"inLanguage\":\"es-ES\",\"publisher\":{\"@id\":\"https:\\\/\\\/eldigitaldeasturias.com\\\/magazine365\\\/#organization\"}}]}\n\t\t<\/script>\n\t\t<!-- All in One SEO Pro -->\r\n\t\t<title>Tres proyectos tecnol\u00f3gicos en diferentes poblaciones isle\u00f1as ser\u00e1n financiados con 19 millones | El Digital de Asturias<\/title>\n\n","aioseo_head_json":{"title":"Tres proyectos tecnol\u00f3gicos en diferentes poblaciones isle\u00f1as ser\u00e1n financiados con 19 millones | El Digital de Asturias","description":"El Ministerio de Industria, Energ\u00eda y Turismo, a trav\u00e9s de la entidad p\u00fablica Red.es, dotar\u00e1 con m\u00e1s de 19 millones de euros a las islas de Mallorca, Fuerteventura y El Hierro por sus proyectos tecnol\u00f3gicos para mejorar los servicios p\u00fablicos y reducir los efectos negativos de la insularidad, en la 'Primera convocatoria de islas inteligentes'.","canonical_url":"https:\/\/eldigitaldeasturias.com\/magazine365\/tres-proyectos-tecnologicos-en-diferentes-poblaciones-islenas-seran-financiados-con-19-millones\/","robots":"max-image-preview:large","keywords":"noticias y actualidad","webmasterTools":{"google-site-verification":"UA-38556648-1","miscellaneous":""},"schema":{"@context":"https:\/\/schema.org","@graph":[{"@type":"Article","@id":"https:\/\/eldigitaldeasturias.com\/magazine365\/tres-proyectos-tecnologicos-en-diferentes-poblaciones-islenas-seran-financiados-con-19-millones\/#article","name":"Tres proyectos tecnol\u00f3gicos en diferentes poblaciones isle\u00f1as ser\u00e1n financiados con 19 millones | El Digital de Asturias","headline":"Tres proyectos tecnol\u00f3gicos en diferentes poblaciones isle\u00f1as ser\u00e1n financiados con 19 millones","author":{"@id":"https:\/\/eldigitaldeasturias.com\/magazine365\/author\/admin\/#author"},"publisher":{"@id":"https:\/\/eldigitaldeasturias.com\/magazine365\/#organization"},"image":{"@type":"ImageObject","url":"https:\/\/eldigitaldeasturias.com\/magazine365\/wp-content\/uploads\/2016\/07\/fotonoticia_20160701150352_800.jpg","width":800,"height":535},"datePublished":"2016-07-02T00:44:36+02:00","dateModified":"2016-07-02T00:44:36+02:00","inLanguage":"es-ES","mainEntityOfPage":{"@id":"https:\/\/eldigitaldeasturias.com\/magazine365\/tres-proyectos-tecnologicos-en-diferentes-poblaciones-islenas-seran-financiados-con-19-millones\/#webpage"},"isPartOf":{"@id":"https:\/\/eldigitaldeasturias.com\/magazine365\/tres-proyectos-tecnologicos-en-diferentes-poblaciones-islenas-seran-financiados-con-19-millones\/#webpage"},"articleSection":"Noticias y Actualidad"},{"@type":"BreadcrumbList","@id":"https:\/\/eldigitaldeasturias.com\/magazine365\/tres-proyectos-tecnologicos-en-diferentes-poblaciones-islenas-seran-financiados-con-19-millones\/#breadcrumblist","itemListElement":[{"@type":"ListItem","@id":"https:\/\/eldigitaldeasturias.com\/magazine365#listItem","position":1,"name":"Home","item":"https:\/\/eldigitaldeasturias.com\/magazine365","nextItem":{"@type":"ListItem","@id":"https:\/\/eldigitaldeasturias.com\/magazine365\/category\/noticias-actualidad\/#listItem","name":"Noticias y Actualidad"}},{"@type":"ListItem","@id":"https:\/\/eldigitaldeasturias.com\/magazine365\/category\/noticias-actualidad\/#listItem","position":2,"name":"Noticias y Actualidad","item":"https:\/\/eldigitaldeasturias.com\/magazine365\/category\/noticias-actualidad\/","nextItem":{"@type":"ListItem","@id":"https:\/\/eldigitaldeasturias.com\/magazine365\/tres-proyectos-tecnologicos-en-diferentes-poblaciones-islenas-seran-financiados-con-19-millones\/#listItem","name":"Tres proyectos tecnol\u00f3gicos en diferentes poblaciones isle\u00f1as ser\u00e1n financiados con 19 millones"},"previousItem":{"@type":"ListItem","@id":"https:\/\/eldigitaldeasturias.com\/magazine365#listItem","name":"Home"}},{"@type":"ListItem","@id":"https:\/\/eldigitaldeasturias.com\/magazine365\/tres-proyectos-tecnologicos-en-diferentes-poblaciones-islenas-seran-financiados-con-19-millones\/#listItem","position":3,"name":"Tres proyectos tecnol\u00f3gicos en diferentes poblaciones isle\u00f1as ser\u00e1n financiados con 19 millones","previousItem":{"@type":"ListItem","@id":"https:\/\/eldigitaldeasturias.com\/magazine365\/category\/noticias-actualidad\/#listItem","name":"Noticias y Actualidad"}}]},{"@type":"Organization","@id":"https:\/\/eldigitaldeasturias.com\/magazine365\/#organization","name":"El digital de Asturias","description":"Revista de ocio, turismo y estilo de vida","url":"https:\/\/eldigitaldeasturias.com\/magazine365\/","logo":{"@type":"ImageObject","url":"https:\/\/www.eldigitaldeasturias.com\/noticias\/wp-content\/uploads\/2020\/12\/EDA.jpg","@id":"https:\/\/eldigitaldeasturias.com\/magazine365\/tres-proyectos-tecnologicos-en-diferentes-poblaciones-islenas-seran-financiados-con-19-millones\/#organizationLogo"},"image":{"@id":"https:\/\/eldigitaldeasturias.com\/magazine365\/tres-proyectos-tecnologicos-en-diferentes-poblaciones-islenas-seran-financiados-con-19-millones\/#organizationLogo"}},{"@type":"Person","@id":"https:\/\/eldigitaldeasturias.com\/magazine365\/author\/admin\/#author","url":"https:\/\/eldigitaldeasturias.com\/magazine365\/author\/admin\/","name":"admin","image":{"@type":"ImageObject","@id":"https:\/\/eldigitaldeasturias.com\/magazine365\/tres-proyectos-tecnologicos-en-diferentes-poblaciones-islenas-seran-financiados-con-19-millones\/#authorImage","url":"https:\/\/eldigitaldeasturias.com\/magazine365\/wp-content\/litespeed\/avatar\/e571bcf59a0edd6fa6838245a470f2fe.jpg?ver=1776969259","width":96,"height":96,"caption":"admin"}},{"@type":"WebPage","@id":"https:\/\/eldigitaldeasturias.com\/magazine365\/tres-proyectos-tecnologicos-en-diferentes-poblaciones-islenas-seran-financiados-con-19-millones\/#webpage","url":"https:\/\/eldigitaldeasturias.com\/magazine365\/tres-proyectos-tecnologicos-en-diferentes-poblaciones-islenas-seran-financiados-con-19-millones\/","name":"Tres proyectos tecnol\u00f3gicos en diferentes poblaciones isle\u00f1as ser\u00e1n financiados con 19 millones | El Digital de Asturias","description":"El Ministerio de Industria, Energ\u00eda y Turismo, a trav\u00e9s de la entidad p\u00fablica Red.es, dotar\u00e1 con m\u00e1s de 19 millones de euros a las islas de Mallorca, Fuerteventura y El Hierro por sus proyectos tecnol\u00f3gicos para mejorar los servicios p\u00fablicos y reducir los efectos negativos de la insularidad, en la 'Primera convocatoria de islas inteligentes'.","inLanguage":"es-ES","isPartOf":{"@id":"https:\/\/eldigitaldeasturias.com\/magazine365\/#website"},"breadcrumb":{"@id":"https:\/\/eldigitaldeasturias.com\/magazine365\/tres-proyectos-tecnologicos-en-diferentes-poblaciones-islenas-seran-financiados-con-19-millones\/#breadcrumblist"},"author":{"@id":"https:\/\/eldigitaldeasturias.com\/magazine365\/author\/admin\/#author"},"creator":{"@id":"https:\/\/eldigitaldeasturias.com\/magazine365\/author\/admin\/#author"},"image":{"@type":"ImageObject","url":"https:\/\/eldigitaldeasturias.com\/magazine365\/wp-content\/uploads\/2016\/07\/fotonoticia_20160701150352_800.jpg","@id":"https:\/\/eldigitaldeasturias.com\/magazine365\/tres-proyectos-tecnologicos-en-diferentes-poblaciones-islenas-seran-financiados-con-19-millones\/#mainImage","width":800,"height":535},"primaryImageOfPage":{"@id":"https:\/\/eldigitaldeasturias.com\/magazine365\/tres-proyectos-tecnologicos-en-diferentes-poblaciones-islenas-seran-financiados-con-19-millones\/#mainImage"},"datePublished":"2016-07-02T00:44:36+02:00","dateModified":"2016-07-02T00:44:36+02:00"},{"@type":"WebSite","@id":"https:\/\/eldigitaldeasturias.com\/magazine365\/#website","url":"https:\/\/eldigitaldeasturias.com\/magazine365\/","name":"El Digital de Asturias","description":"Revista de ocio, turismo y estilo de vida","inLanguage":"es-ES","publisher":{"@id":"https:\/\/eldigitaldeasturias.com\/magazine365\/#organization"}}]},"og:locale":"es_ES","og:site_name":"El Digital de Asturias \u2013 Revista de ocio, turismo y estilo de vida","og:type":"article","og:title":"Tres proyectos tecnol\u00f3gicos en diferentes poblaciones isle\u00f1as ser\u00e1n financiados con 19 millones | El Digital de Asturias","og:description":"El Ministerio de Industria, Energ\u00eda y Turismo, a trav\u00e9s de la entidad p\u00fablica Red.es, dotar\u00e1 con m\u00e1s de 19 millones de euros a las islas de Mallorca, Fuerteventura y El Hierro por sus proyectos tecnol\u00f3gicos para mejorar los servicios p\u00fablicos y reducir los efectos negativos de la insularidad, en la 'Primera convocatoria de islas inteligentes'.","og:url":"https:\/\/eldigitaldeasturias.com\/magazine365\/tres-proyectos-tecnologicos-en-diferentes-poblaciones-islenas-seran-financiados-con-19-millones\/","og:image":"https:\/\/eldigitaldeasturias.com\/magazine365\/wp-content\/uploads\/2016\/07\/fotonoticia_20160701150352_800.jpg","og:image:secure_url":"https:\/\/eldigitaldeasturias.com\/magazine365\/wp-content\/uploads\/2016\/07\/fotonoticia_20160701150352_800.jpg","og:image:width":800,"og:image:height":535,"article:published_time":"2016-07-01T22:44:36+00:00","article:modified_time":"2016-07-01T22:44:36+00:00","twitter:card":"summary_large_image","twitter:title":"Tres proyectos tecnol\u00f3gicos en diferentes poblaciones isle\u00f1as ser\u00e1n financiados con 19 millones | El Digital de Asturias","twitter:description":"El Ministerio de Industria, Energ\u00eda y Turismo, a trav\u00e9s de la entidad p\u00fablica Red.es, dotar\u00e1 con m\u00e1s de 19 millones de euros a las islas de Mallorca, Fuerteventura y El Hierro por sus proyectos tecnol\u00f3gicos para mejorar los servicios p\u00fablicos y reducir los efectos negativos de la insularidad, en la 'Primera convocatoria de islas inteligentes'.","twitter:image":"https:\/\/eldigitaldeasturias.com\/magazine365\/wp-content\/uploads\/2016\/07\/fotonoticia_20160701150352_800.jpg"},"aioseo_meta_data":{"post_id":"81454","title":null,"description":null,"keywords":null,"keyphrases":null,"primary_term":null,"canonical_url":null,"og_title":null,"og_description":null,"og_object_type":"default","og_image_type":"default","og_image_url":null,"og_image_width":null,"og_image_height":null,"og_image_custom_url":null,"og_image_custom_fields":null,"og_video":null,"og_custom_url":null,"og_article_section":null,"og_article_tags":null,"twitter_use_og":false,"twitter_card":"default","twitter_image_type":"default","twitter_image_url":null,"twitter_image_custom_url":null,"twitter_image_custom_fields":null,"twitter_title":null,"twitter_description":null,"schema":{"blockGraphs":[],"customGraphs":[],"default":{"data":{"Article":[],"Course":[],"Dataset":[],"FAQPage":[],"Movie":[],"Person":[],"Product":[],"ProductReview":[],"Car":[],"Recipe":[],"Service":[],"SoftwareApplication":[],"WebPage":[]},"graphName":"","isEnabled":true},"graphs":[],"defaultGraph":"","defaultPostTypeGraph":""},"schema_type":null,"schema_type_options":null,"pillar_content":false,"robots_default":true,"robots_noindex":false,"robots_noarchive":false,"robots_nosnippet":false,"robots_nofollow":false,"robots_noimageindex":false,"robots_noodp":false,"robots_notranslate":false,"robots_max_snippet":null,"robots_max_videopreview":null,"robots_max_imagepreview":"large","priority":null,"frequency":null,"location":null,"local_seo":null,"seo_analyzer_scan_date":"2025-09-27 22:54:59","breadcrumb_settings":null,"limit_modified_date":false,"open_ai":null,"ai":null,"created":"2021-03-08 17:17:52","updated":"2025-09-27 22:54:59"},"aioseo_breadcrumb":"<div class=\"aioseo-breadcrumbs\"><span class=\"aioseo-breadcrumb\">\n\t<a href=\"https:\/\/eldigitaldeasturias.com\/magazine365\" title=\"Home\">Home<\/a>\n<\/span><span class=\"aioseo-breadcrumb-separator\">\u2013<\/span><span class=\"aioseo-breadcrumb\">\n\t<a href=\"https:\/\/eldigitaldeasturias.com\/magazine365\/category\/noticias-actualidad\/\" title=\"Noticias y Actualidad\">Noticias y Actualidad<\/a>\n<\/span><span class=\"aioseo-breadcrumb-separator\">\u2013<\/span><span class=\"aioseo-breadcrumb\">\n\t<a href=\"https:\/\/eldigitaldeasturias.com\/magazine365\/tres-proyectos-tecnologicos-en-diferentes-poblaciones-islenas-seran-financiados-con-19-millones\/\" title=\"Tres proyectos tecnol\u00f3gicos en diferentes poblaciones isle\u00f1as ser\u00e1n financiados con 19 millones\">Tres proyectos tecnol\u00f3gicos en diferentes poblaciones isle\u00f1as ser\u00e1n financiados con 19 millones<\/a>\n<\/span><\/div>","aioseo_breadcrumb_json":[{"label":"Home","link":"https:\/\/eldigitaldeasturias.com\/magazine365"},{"label":"Noticias y Actualidad","link":"https:\/\/eldigitaldeasturias.com\/magazine365\/category\/noticias-actualidad\/"},{"label":"Tres proyectos tecnol\u00f3gicos en diferentes poblaciones isle\u00f1as ser\u00e1n financiados con 19 millones","link":"https:\/\/eldigitaldeasturias.com\/magazine365\/tres-proyectos-tecnologicos-en-diferentes-poblaciones-islenas-seran-financiados-con-19-millones\/"}],"_links":{"self":[{"href":"https:\/\/eldigitaldeasturias.com\/magazine365\/wp-json\/wp\/v2\/posts\/81454","targetHints":{"allow":["GET"]}}],"collection":[{"href":"https:\/\/eldigitaldeasturias.com\/magazine365\/wp-json\/wp\/v2\/posts"}],"about":[{"href":"https:\/\/eldigitaldeasturias.com\/magazine365\/wp-json\/wp\/v2\/types\/post"}],"author":[{"embeddable":true,"href":"https:\/\/eldigitaldeasturias.com\/magazine365\/wp-json\/wp\/v2\/users\/1"}],"replies":[{"embeddable":true,"href":"https:\/\/eldigitaldeasturias.com\/magazine365\/wp-json\/wp\/v2\/comments?post=81454"}],"version-history":[{"count":0,"href":"https:\/\/eldigitaldeasturias.com\/magazine365\/wp-json\/wp\/v2\/posts\/81454\/revisions"}],"wp:featuredmedia":[{"embeddable":true,"href":"https:\/\/eldigitaldeasturias.com\/magazine365\/wp-json\/wp\/v2\/media\/81455"}],"wp:attachment":[{"href":"https:\/\/eldigitaldeasturias.com\/magazine365\/wp-json\/wp\/v2\/media?parent=81454"}],"wp:term":[{"taxonomy":"category","embeddable":true,"href":"https:\/\/eldigitaldeasturias.com\/magazine365\/wp-json\/wp\/v2\/categories?post=81454"},{"taxonomy":"post_tag","embeddable":true,"href":"https:\/\/eldigitaldeasturias.com\/magazine365\/wp-json\/wp\/v2\/tags?post=81454"}],"curies":[{"name":"wp","href":"https:\/\/api.w.org\/{rel}","templated":true}]}}