{"id":81433,"date":"2016-07-02T00:38:02","date_gmt":"2016-07-01T22:38:02","guid":{"rendered":"http:\/\/eldigitaldeasturias.com\/magazine365\/?p=81433"},"modified":"2016-07-02T00:38:02","modified_gmt":"2016-07-01T22:38:02","slug":"enaire-implanta-mejoras-operativas-de-la-gestion-del-trafico-aereo-de-baleares","status":"publish","type":"post","link":"https:\/\/eldigitaldeasturias.com\/magazine365\/enaire-implanta-mejoras-operativas-de-la-gestion-del-trafico-aereo-de-baleares\/","title":{"rendered":"Enaire implanta mejoras operativas de la gesti\u00f3n del tr\u00e1fico a\u00e9reo de Baleares"},"content":{"rendered":"<p><img fetchpriority=\"high\" decoding=\"async\" class=\"alignleft size-medium wp-image-81434\" src=\"https:\/\/eldigitaldeasturias.com\/magazine365\/wp-content\/uploads\/2016\/07\/fotonoticia_20160701143533_800-360x203.jpg\" alt=\"fotonoticia_20160701143533_800\" width=\"360\" height=\"203\" srcset=\"https:\/\/eldigitaldeasturias.com\/magazine365\/wp-content\/uploads\/2016\/07\/fotonoticia_20160701143533_800-360x203.jpg 360w, https:\/\/eldigitaldeasturias.com\/magazine365\/wp-content\/uploads\/2016\/07\/fotonoticia_20160701143533_800-650x366.jpg 650w, https:\/\/eldigitaldeasturias.com\/magazine365\/wp-content\/uploads\/2016\/07\/fotonoticia_20160701143533_800-768x432.jpg 768w, https:\/\/eldigitaldeasturias.com\/magazine365\/wp-content\/uploads\/2016\/07\/fotonoticia_20160701143533_800-150x84.jpg 150w, https:\/\/eldigitaldeasturias.com\/magazine365\/wp-content\/uploads\/2016\/07\/fotonoticia_20160701143533_800-450x253.jpg 450w, https:\/\/eldigitaldeasturias.com\/magazine365\/wp-content\/uploads\/2016\/07\/fotonoticia_20160701143533_800-499x280.jpg 499w, https:\/\/eldigitaldeasturias.com\/magazine365\/wp-content\/uploads\/2016\/07\/fotonoticia_20160701143533_800-510x289.jpg 510w, https:\/\/eldigitaldeasturias.com\/magazine365\/wp-content\/uploads\/2016\/07\/fotonoticia_20160701143533_800.jpg 800w\" sizes=\"(max-width: 360px) 100vw, 360px\" \/>La entidad p\u00fablica de gesti\u00f3n de la navegaci\u00f3n a\u00e9rea de Espa\u00f1a, Enaire, ha informado este viernes de que ha terminado el proceso de implantaci\u00f3n de \u00abdiversas mejoras\u00bb en los sistemas de gesti\u00f3n de tr\u00e1fico a\u00e9reo y de los procedimientos operacionales en Baleares.<\/p>\n<p>Entre estas mejoras, se incluye la puesta en operaci\u00f3n de las funcionalidades del sistema de gesti\u00f3n de la navegaci\u00f3n a\u00e9rea (Sacta) como mejora en la operativa de niveles, gestor de llegadas (AMAN), secuenciador de despegues (DMAN) y Operativa sin Ficha de Papel (OSF).<\/p>\n<p>Adem\u00e1s, han explicado que se ha reestructurado parte del espacio de Baleares y se han mejorado los procedimientos de baja visibilidad en el Aeropuerto de Palma de Mallorca. Asimismo, se ha procedido a la mejora de la operaci\u00f3n con visibilidad reducida.<\/p>\n<p>Desde Enaire han explicado que han implantado un nuevo procedimiento, en coordinaci\u00f3n con Aena, que flexibiliza la operaci\u00f3n de aeronaves en el Aeropuerto de Palma de Mallorca cuando se produzcan situaciones de visibilidad reducida, como niebla o nubes bajas.<\/p>\n<p>Dicho procedimiento, activo desde el pasado 23 de junio, permite duplicar la capacidad operativa del Aeropuerto de Palma de Mallorca en condiciones de meteorolog\u00eda adversa.<\/p>\n<p>Estas mejoras, explican, suponen \u00abuna importante contribuci\u00f3n\u00bb para la mejora de los niveles de calidad de los servicios de navegaci\u00f3n a\u00e9rea prestados por Enaire de cara al aumento de la demanda de tr\u00e1fico esperada en la regi\u00f3n balear durante la temporada de verano.<\/p>\n","protected":false},"excerpt":{"rendered":"<p>La entidad p\u00fablica de gesti\u00f3n de la navegaci\u00f3n a\u00e9rea de Espa\u00f1a, Enaire, ha informado este viernes de que ha terminado el proceso de implantaci\u00f3n de \u00abdiversas mejoras\u00bb en los sistemas de gesti\u00f3n de tr\u00e1fico a\u00e9reo y de los procedimientos operacionales en Baleares. Entre estas mejoras, se incluye la puesta en operaci\u00f3n de las funcionalidades del<\/p>\n","protected":false},"author":1,"featured_media":81434,"comment_status":"open","ping_status":"closed","sticky":false,"template":"","format":"standard","meta":{"footnotes":""},"categories":[224],"tags":[],"class_list":{"0":"post-81433","1":"post","2":"type-post","3":"status-publish","4":"format-standard","5":"has-post-thumbnail","7":"category-noticias-actualidad"},"aioseo_notices":[],"aioseo_head":"\n\t\t<!-- All in One SEO Pro 4.9.6.1 - aioseo.com -->\n\t<meta name=\"description\" content=\"La entidad p\u00fablica de gesti\u00f3n de la navegaci\u00f3n a\u00e9rea de Espa\u00f1a, Enaire, ha informado este viernes de que ha terminado el proceso de implantaci\u00f3n de &quot;diversas mejoras&quot; en los sistemas de gesti\u00f3n de tr\u00e1fico a\u00e9reo y de los procedimientos operacionales en Baleares. Entre estas mejoras, se incluye la puesta en operaci\u00f3n de las funcionalidades del\" \/>\n\t<meta name=\"robots\" content=\"max-image-preview:large\" \/>\n\t<meta name=\"author\" content=\"admin\"\/>\n\t<meta name=\"google-site-verification\" content=\"UA-38556648-1\" \/>\n\t<meta name=\"keywords\" content=\"noticias y actualidad\" \/>\n\t<link rel=\"canonical\" href=\"https:\/\/eldigitaldeasturias.com\/magazine365\/enaire-implanta-mejoras-operativas-de-la-gestion-del-trafico-aereo-de-baleares\/\" \/>\n\t<meta name=\"generator\" content=\"All in One SEO Pro (AIOSEO) 4.9.6.1\" \/>\n\t\t<meta property=\"og:locale\" content=\"es_ES\" \/>\n\t\t<meta property=\"og:site_name\" content=\"El Digital de Asturias \u2013 Revista de ocio, turismo y estilo de vida\" \/>\n\t\t<meta property=\"og:type\" content=\"article\" \/>\n\t\t<meta property=\"og:title\" content=\"Enaire implanta mejoras operativas de la gesti\u00f3n del tr\u00e1fico a\u00e9reo de Baleares | El Digital de Asturias\" \/>\n\t\t<meta property=\"og:description\" content=\"La entidad p\u00fablica de gesti\u00f3n de la navegaci\u00f3n a\u00e9rea de Espa\u00f1a, Enaire, ha informado este viernes de que ha terminado el proceso de implantaci\u00f3n de &quot;diversas mejoras&quot; en los sistemas de gesti\u00f3n de tr\u00e1fico a\u00e9reo y de los procedimientos operacionales en Baleares. Entre estas mejoras, se incluye la puesta en operaci\u00f3n de las funcionalidades del\" \/>\n\t\t<meta property=\"og:url\" content=\"https:\/\/eldigitaldeasturias.com\/magazine365\/enaire-implanta-mejoras-operativas-de-la-gestion-del-trafico-aereo-de-baleares\/\" \/>\n\t\t<meta property=\"og:image\" content=\"https:\/\/eldigitaldeasturias.com\/magazine365\/wp-content\/uploads\/2016\/07\/fotonoticia_20160701143533_800.jpg\" \/>\n\t\t<meta property=\"og:image:secure_url\" content=\"https:\/\/eldigitaldeasturias.com\/magazine365\/wp-content\/uploads\/2016\/07\/fotonoticia_20160701143533_800.jpg\" \/>\n\t\t<meta property=\"og:image:width\" content=\"800\" \/>\n\t\t<meta property=\"og:image:height\" content=\"450\" \/>\n\t\t<meta property=\"article:published_time\" content=\"2016-07-01T22:38:02+00:00\" \/>\n\t\t<meta property=\"article:modified_time\" content=\"2016-07-01T22:38:02+00:00\" \/>\n\t\t<meta name=\"twitter:card\" content=\"summary_large_image\" \/>\n\t\t<meta name=\"twitter:title\" content=\"Enaire implanta mejoras operativas de la gesti\u00f3n del tr\u00e1fico a\u00e9reo de Baleares | El Digital de Asturias\" \/>\n\t\t<meta name=\"twitter:description\" content=\"La entidad p\u00fablica de gesti\u00f3n de la navegaci\u00f3n a\u00e9rea de Espa\u00f1a, Enaire, ha informado este viernes de que ha terminado el proceso de implantaci\u00f3n de &quot;diversas mejoras&quot; en los sistemas de gesti\u00f3n de tr\u00e1fico a\u00e9reo y de los procedimientos operacionales en Baleares. Entre estas mejoras, se incluye la puesta en operaci\u00f3n de las funcionalidades del\" \/>\n\t\t<meta name=\"twitter:image\" content=\"https:\/\/eldigitaldeasturias.com\/magazine365\/wp-content\/uploads\/2016\/07\/fotonoticia_20160701143533_800.jpg\" \/>\n\t\t<script type=\"application\/ld+json\" class=\"aioseo-schema\">\n\t\t\t{\"@context\":\"https:\\\/\\\/schema.org\",\"@graph\":[{\"@type\":\"Article\",\"@id\":\"https:\\\/\\\/eldigitaldeasturias.com\\\/magazine365\\\/enaire-implanta-mejoras-operativas-de-la-gestion-del-trafico-aereo-de-baleares\\\/#article\",\"name\":\"Enaire implanta mejoras operativas de la gesti\\u00f3n del tr\\u00e1fico a\\u00e9reo de Baleares | El Digital de Asturias\",\"headline\":\"Enaire implanta mejoras operativas de la gesti\\u00f3n del tr\\u00e1fico a\\u00e9reo de Baleares\",\"author\":{\"@id\":\"https:\\\/\\\/eldigitaldeasturias.com\\\/magazine365\\\/author\\\/admin\\\/#author\"},\"publisher\":{\"@id\":\"https:\\\/\\\/eldigitaldeasturias.com\\\/magazine365\\\/#organization\"},\"image\":{\"@type\":\"ImageObject\",\"url\":\"https:\\\/\\\/eldigitaldeasturias.com\\\/magazine365\\\/wp-content\\\/uploads\\\/2016\\\/07\\\/fotonoticia_20160701143533_800.jpg\",\"width\":800,\"height\":450},\"datePublished\":\"2016-07-02T00:38:02+02:00\",\"dateModified\":\"2016-07-02T00:38:02+02:00\",\"inLanguage\":\"es-ES\",\"mainEntityOfPage\":{\"@id\":\"https:\\\/\\\/eldigitaldeasturias.com\\\/magazine365\\\/enaire-implanta-mejoras-operativas-de-la-gestion-del-trafico-aereo-de-baleares\\\/#webpage\"},\"isPartOf\":{\"@id\":\"https:\\\/\\\/eldigitaldeasturias.com\\\/magazine365\\\/enaire-implanta-mejoras-operativas-de-la-gestion-del-trafico-aereo-de-baleares\\\/#webpage\"},\"articleSection\":\"Noticias y Actualidad\"},{\"@type\":\"BreadcrumbList\",\"@id\":\"https:\\\/\\\/eldigitaldeasturias.com\\\/magazine365\\\/enaire-implanta-mejoras-operativas-de-la-gestion-del-trafico-aereo-de-baleares\\\/#breadcrumblist\",\"itemListElement\":[{\"@type\":\"ListItem\",\"@id\":\"https:\\\/\\\/eldigitaldeasturias.com\\\/magazine365#listItem\",\"position\":1,\"name\":\"Home\",\"item\":\"https:\\\/\\\/eldigitaldeasturias.com\\\/magazine365\",\"nextItem\":{\"@type\":\"ListItem\",\"@id\":\"https:\\\/\\\/eldigitaldeasturias.com\\\/magazine365\\\/category\\\/noticias-actualidad\\\/#listItem\",\"name\":\"Noticias y Actualidad\"}},{\"@type\":\"ListItem\",\"@id\":\"https:\\\/\\\/eldigitaldeasturias.com\\\/magazine365\\\/category\\\/noticias-actualidad\\\/#listItem\",\"position\":2,\"name\":\"Noticias y Actualidad\",\"item\":\"https:\\\/\\\/eldigitaldeasturias.com\\\/magazine365\\\/category\\\/noticias-actualidad\\\/\",\"nextItem\":{\"@type\":\"ListItem\",\"@id\":\"https:\\\/\\\/eldigitaldeasturias.com\\\/magazine365\\\/enaire-implanta-mejoras-operativas-de-la-gestion-del-trafico-aereo-de-baleares\\\/#listItem\",\"name\":\"Enaire implanta mejoras operativas de la gesti\\u00f3n del tr\\u00e1fico a\\u00e9reo de Baleares\"},\"previousItem\":{\"@type\":\"ListItem\",\"@id\":\"https:\\\/\\\/eldigitaldeasturias.com\\\/magazine365#listItem\",\"name\":\"Home\"}},{\"@type\":\"ListItem\",\"@id\":\"https:\\\/\\\/eldigitaldeasturias.com\\\/magazine365\\\/enaire-implanta-mejoras-operativas-de-la-gestion-del-trafico-aereo-de-baleares\\\/#listItem\",\"position\":3,\"name\":\"Enaire implanta mejoras operativas de la gesti\\u00f3n del tr\\u00e1fico a\\u00e9reo de Baleares\",\"previousItem\":{\"@type\":\"ListItem\",\"@id\":\"https:\\\/\\\/eldigitaldeasturias.com\\\/magazine365\\\/category\\\/noticias-actualidad\\\/#listItem\",\"name\":\"Noticias y Actualidad\"}}]},{\"@type\":\"Organization\",\"@id\":\"https:\\\/\\\/eldigitaldeasturias.com\\\/magazine365\\\/#organization\",\"name\":\"El digital de Asturias\",\"description\":\"Revista de ocio, turismo y estilo de vida\",\"url\":\"https:\\\/\\\/eldigitaldeasturias.com\\\/magazine365\\\/\",\"logo\":{\"@type\":\"ImageObject\",\"url\":\"https:\\\/\\\/www.eldigitaldeasturias.com\\\/noticias\\\/wp-content\\\/uploads\\\/2020\\\/12\\\/EDA.jpg\",\"@id\":\"https:\\\/\\\/eldigitaldeasturias.com\\\/magazine365\\\/enaire-implanta-mejoras-operativas-de-la-gestion-del-trafico-aereo-de-baleares\\\/#organizationLogo\"},\"image\":{\"@id\":\"https:\\\/\\\/eldigitaldeasturias.com\\\/magazine365\\\/enaire-implanta-mejoras-operativas-de-la-gestion-del-trafico-aereo-de-baleares\\\/#organizationLogo\"}},{\"@type\":\"Person\",\"@id\":\"https:\\\/\\\/eldigitaldeasturias.com\\\/magazine365\\\/author\\\/admin\\\/#author\",\"url\":\"https:\\\/\\\/eldigitaldeasturias.com\\\/magazine365\\\/author\\\/admin\\\/\",\"name\":\"admin\",\"image\":{\"@type\":\"ImageObject\",\"@id\":\"https:\\\/\\\/eldigitaldeasturias.com\\\/magazine365\\\/enaire-implanta-mejoras-operativas-de-la-gestion-del-trafico-aereo-de-baleares\\\/#authorImage\",\"url\":\"https:\\\/\\\/eldigitaldeasturias.com\\\/magazine365\\\/wp-content\\\/litespeed\\\/avatar\\\/e571bcf59a0edd6fa6838245a470f2fe.jpg?ver=1776969259\",\"width\":96,\"height\":96,\"caption\":\"admin\"}},{\"@type\":\"WebPage\",\"@id\":\"https:\\\/\\\/eldigitaldeasturias.com\\\/magazine365\\\/enaire-implanta-mejoras-operativas-de-la-gestion-del-trafico-aereo-de-baleares\\\/#webpage\",\"url\":\"https:\\\/\\\/eldigitaldeasturias.com\\\/magazine365\\\/enaire-implanta-mejoras-operativas-de-la-gestion-del-trafico-aereo-de-baleares\\\/\",\"name\":\"Enaire implanta mejoras operativas de la gesti\\u00f3n del tr\\u00e1fico a\\u00e9reo de Baleares | El Digital de Asturias\",\"description\":\"La entidad p\\u00fablica de gesti\\u00f3n de la navegaci\\u00f3n a\\u00e9rea de Espa\\u00f1a, Enaire, ha informado este viernes de que ha terminado el proceso de implantaci\\u00f3n de \\\"diversas mejoras\\\" en los sistemas de gesti\\u00f3n de tr\\u00e1fico a\\u00e9reo y de los procedimientos operacionales en Baleares. Entre estas mejoras, se incluye la puesta en operaci\\u00f3n de las funcionalidades del\",\"inLanguage\":\"es-ES\",\"isPartOf\":{\"@id\":\"https:\\\/\\\/eldigitaldeasturias.com\\\/magazine365\\\/#website\"},\"breadcrumb\":{\"@id\":\"https:\\\/\\\/eldigitaldeasturias.com\\\/magazine365\\\/enaire-implanta-mejoras-operativas-de-la-gestion-del-trafico-aereo-de-baleares\\\/#breadcrumblist\"},\"author\":{\"@id\":\"https:\\\/\\\/eldigitaldeasturias.com\\\/magazine365\\\/author\\\/admin\\\/#author\"},\"creator\":{\"@id\":\"https:\\\/\\\/eldigitaldeasturias.com\\\/magazine365\\\/author\\\/admin\\\/#author\"},\"image\":{\"@type\":\"ImageObject\",\"url\":\"https:\\\/\\\/eldigitaldeasturias.com\\\/magazine365\\\/wp-content\\\/uploads\\\/2016\\\/07\\\/fotonoticia_20160701143533_800.jpg\",\"@id\":\"https:\\\/\\\/eldigitaldeasturias.com\\\/magazine365\\\/enaire-implanta-mejoras-operativas-de-la-gestion-del-trafico-aereo-de-baleares\\\/#mainImage\",\"width\":800,\"height\":450},\"primaryImageOfPage\":{\"@id\":\"https:\\\/\\\/eldigitaldeasturias.com\\\/magazine365\\\/enaire-implanta-mejoras-operativas-de-la-gestion-del-trafico-aereo-de-baleares\\\/#mainImage\"},\"datePublished\":\"2016-07-02T00:38:02+02:00\",\"dateModified\":\"2016-07-02T00:38:02+02:00\"},{\"@type\":\"WebSite\",\"@id\":\"https:\\\/\\\/eldigitaldeasturias.com\\\/magazine365\\\/#website\",\"url\":\"https:\\\/\\\/eldigitaldeasturias.com\\\/magazine365\\\/\",\"name\":\"El Digital de Asturias\",\"description\":\"Revista de ocio, turismo y estilo de vida\",\"inLanguage\":\"es-ES\",\"publisher\":{\"@id\":\"https:\\\/\\\/eldigitaldeasturias.com\\\/magazine365\\\/#organization\"}}]}\n\t\t<\/script>\n\t\t<!-- All in One SEO Pro -->\r\n\t\t<title>Enaire implanta mejoras operativas de la gesti\u00f3n del tr\u00e1fico a\u00e9reo de Baleares | El Digital de Asturias<\/title>\n\n","aioseo_head_json":{"title":"Enaire implanta mejoras operativas de la gesti\u00f3n del tr\u00e1fico a\u00e9reo de Baleares | El Digital de Asturias","description":"La entidad p\u00fablica de gesti\u00f3n de la navegaci\u00f3n a\u00e9rea de Espa\u00f1a, Enaire, ha informado este viernes de que ha terminado el proceso de implantaci\u00f3n de \"diversas mejoras\" en los sistemas de gesti\u00f3n de tr\u00e1fico a\u00e9reo y de los procedimientos operacionales en Baleares. Entre estas mejoras, se incluye la puesta en operaci\u00f3n de las funcionalidades del","canonical_url":"https:\/\/eldigitaldeasturias.com\/magazine365\/enaire-implanta-mejoras-operativas-de-la-gestion-del-trafico-aereo-de-baleares\/","robots":"max-image-preview:large","keywords":"noticias y actualidad","webmasterTools":{"google-site-verification":"UA-38556648-1","miscellaneous":""},"schema":{"@context":"https:\/\/schema.org","@graph":[{"@type":"Article","@id":"https:\/\/eldigitaldeasturias.com\/magazine365\/enaire-implanta-mejoras-operativas-de-la-gestion-del-trafico-aereo-de-baleares\/#article","name":"Enaire implanta mejoras operativas de la gesti\u00f3n del tr\u00e1fico a\u00e9reo de Baleares | El Digital de Asturias","headline":"Enaire implanta mejoras operativas de la gesti\u00f3n del tr\u00e1fico a\u00e9reo de Baleares","author":{"@id":"https:\/\/eldigitaldeasturias.com\/magazine365\/author\/admin\/#author"},"publisher":{"@id":"https:\/\/eldigitaldeasturias.com\/magazine365\/#organization"},"image":{"@type":"ImageObject","url":"https:\/\/eldigitaldeasturias.com\/magazine365\/wp-content\/uploads\/2016\/07\/fotonoticia_20160701143533_800.jpg","width":800,"height":450},"datePublished":"2016-07-02T00:38:02+02:00","dateModified":"2016-07-02T00:38:02+02:00","inLanguage":"es-ES","mainEntityOfPage":{"@id":"https:\/\/eldigitaldeasturias.com\/magazine365\/enaire-implanta-mejoras-operativas-de-la-gestion-del-trafico-aereo-de-baleares\/#webpage"},"isPartOf":{"@id":"https:\/\/eldigitaldeasturias.com\/magazine365\/enaire-implanta-mejoras-operativas-de-la-gestion-del-trafico-aereo-de-baleares\/#webpage"},"articleSection":"Noticias y Actualidad"},{"@type":"BreadcrumbList","@id":"https:\/\/eldigitaldeasturias.com\/magazine365\/enaire-implanta-mejoras-operativas-de-la-gestion-del-trafico-aereo-de-baleares\/#breadcrumblist","itemListElement":[{"@type":"ListItem","@id":"https:\/\/eldigitaldeasturias.com\/magazine365#listItem","position":1,"name":"Home","item":"https:\/\/eldigitaldeasturias.com\/magazine365","nextItem":{"@type":"ListItem","@id":"https:\/\/eldigitaldeasturias.com\/magazine365\/category\/noticias-actualidad\/#listItem","name":"Noticias y Actualidad"}},{"@type":"ListItem","@id":"https:\/\/eldigitaldeasturias.com\/magazine365\/category\/noticias-actualidad\/#listItem","position":2,"name":"Noticias y Actualidad","item":"https:\/\/eldigitaldeasturias.com\/magazine365\/category\/noticias-actualidad\/","nextItem":{"@type":"ListItem","@id":"https:\/\/eldigitaldeasturias.com\/magazine365\/enaire-implanta-mejoras-operativas-de-la-gestion-del-trafico-aereo-de-baleares\/#listItem","name":"Enaire implanta mejoras operativas de la gesti\u00f3n del tr\u00e1fico a\u00e9reo de Baleares"},"previousItem":{"@type":"ListItem","@id":"https:\/\/eldigitaldeasturias.com\/magazine365#listItem","name":"Home"}},{"@type":"ListItem","@id":"https:\/\/eldigitaldeasturias.com\/magazine365\/enaire-implanta-mejoras-operativas-de-la-gestion-del-trafico-aereo-de-baleares\/#listItem","position":3,"name":"Enaire implanta mejoras operativas de la gesti\u00f3n del tr\u00e1fico a\u00e9reo de Baleares","previousItem":{"@type":"ListItem","@id":"https:\/\/eldigitaldeasturias.com\/magazine365\/category\/noticias-actualidad\/#listItem","name":"Noticias y Actualidad"}}]},{"@type":"Organization","@id":"https:\/\/eldigitaldeasturias.com\/magazine365\/#organization","name":"El digital de Asturias","description":"Revista de ocio, turismo y estilo de vida","url":"https:\/\/eldigitaldeasturias.com\/magazine365\/","logo":{"@type":"ImageObject","url":"https:\/\/www.eldigitaldeasturias.com\/noticias\/wp-content\/uploads\/2020\/12\/EDA.jpg","@id":"https:\/\/eldigitaldeasturias.com\/magazine365\/enaire-implanta-mejoras-operativas-de-la-gestion-del-trafico-aereo-de-baleares\/#organizationLogo"},"image":{"@id":"https:\/\/eldigitaldeasturias.com\/magazine365\/enaire-implanta-mejoras-operativas-de-la-gestion-del-trafico-aereo-de-baleares\/#organizationLogo"}},{"@type":"Person","@id":"https:\/\/eldigitaldeasturias.com\/magazine365\/author\/admin\/#author","url":"https:\/\/eldigitaldeasturias.com\/magazine365\/author\/admin\/","name":"admin","image":{"@type":"ImageObject","@id":"https:\/\/eldigitaldeasturias.com\/magazine365\/enaire-implanta-mejoras-operativas-de-la-gestion-del-trafico-aereo-de-baleares\/#authorImage","url":"https:\/\/eldigitaldeasturias.com\/magazine365\/wp-content\/litespeed\/avatar\/e571bcf59a0edd6fa6838245a470f2fe.jpg?ver=1776969259","width":96,"height":96,"caption":"admin"}},{"@type":"WebPage","@id":"https:\/\/eldigitaldeasturias.com\/magazine365\/enaire-implanta-mejoras-operativas-de-la-gestion-del-trafico-aereo-de-baleares\/#webpage","url":"https:\/\/eldigitaldeasturias.com\/magazine365\/enaire-implanta-mejoras-operativas-de-la-gestion-del-trafico-aereo-de-baleares\/","name":"Enaire implanta mejoras operativas de la gesti\u00f3n del tr\u00e1fico a\u00e9reo de Baleares | El Digital de Asturias","description":"La entidad p\u00fablica de gesti\u00f3n de la navegaci\u00f3n a\u00e9rea de Espa\u00f1a, Enaire, ha informado este viernes de que ha terminado el proceso de implantaci\u00f3n de \"diversas mejoras\" en los sistemas de gesti\u00f3n de tr\u00e1fico a\u00e9reo y de los procedimientos operacionales en Baleares. Entre estas mejoras, se incluye la puesta en operaci\u00f3n de las funcionalidades del","inLanguage":"es-ES","isPartOf":{"@id":"https:\/\/eldigitaldeasturias.com\/magazine365\/#website"},"breadcrumb":{"@id":"https:\/\/eldigitaldeasturias.com\/magazine365\/enaire-implanta-mejoras-operativas-de-la-gestion-del-trafico-aereo-de-baleares\/#breadcrumblist"},"author":{"@id":"https:\/\/eldigitaldeasturias.com\/magazine365\/author\/admin\/#author"},"creator":{"@id":"https:\/\/eldigitaldeasturias.com\/magazine365\/author\/admin\/#author"},"image":{"@type":"ImageObject","url":"https:\/\/eldigitaldeasturias.com\/magazine365\/wp-content\/uploads\/2016\/07\/fotonoticia_20160701143533_800.jpg","@id":"https:\/\/eldigitaldeasturias.com\/magazine365\/enaire-implanta-mejoras-operativas-de-la-gestion-del-trafico-aereo-de-baleares\/#mainImage","width":800,"height":450},"primaryImageOfPage":{"@id":"https:\/\/eldigitaldeasturias.com\/magazine365\/enaire-implanta-mejoras-operativas-de-la-gestion-del-trafico-aereo-de-baleares\/#mainImage"},"datePublished":"2016-07-02T00:38:02+02:00","dateModified":"2016-07-02T00:38:02+02:00"},{"@type":"WebSite","@id":"https:\/\/eldigitaldeasturias.com\/magazine365\/#website","url":"https:\/\/eldigitaldeasturias.com\/magazine365\/","name":"El Digital de Asturias","description":"Revista de ocio, turismo y estilo de vida","inLanguage":"es-ES","publisher":{"@id":"https:\/\/eldigitaldeasturias.com\/magazine365\/#organization"}}]},"og:locale":"es_ES","og:site_name":"El Digital de Asturias \u2013 Revista de ocio, turismo y estilo de vida","og:type":"article","og:title":"Enaire implanta mejoras operativas de la gesti\u00f3n del tr\u00e1fico a\u00e9reo de Baleares | El Digital de Asturias","og:description":"La entidad p\u00fablica de gesti\u00f3n de la navegaci\u00f3n a\u00e9rea de Espa\u00f1a, Enaire, ha informado este viernes de que ha terminado el proceso de implantaci\u00f3n de &quot;diversas mejoras&quot; en los sistemas de gesti\u00f3n de tr\u00e1fico a\u00e9reo y de los procedimientos operacionales en Baleares. Entre estas mejoras, se incluye la puesta en operaci\u00f3n de las funcionalidades del","og:url":"https:\/\/eldigitaldeasturias.com\/magazine365\/enaire-implanta-mejoras-operativas-de-la-gestion-del-trafico-aereo-de-baleares\/","og:image":"https:\/\/eldigitaldeasturias.com\/magazine365\/wp-content\/uploads\/2016\/07\/fotonoticia_20160701143533_800.jpg","og:image:secure_url":"https:\/\/eldigitaldeasturias.com\/magazine365\/wp-content\/uploads\/2016\/07\/fotonoticia_20160701143533_800.jpg","og:image:width":800,"og:image:height":450,"article:published_time":"2016-07-01T22:38:02+00:00","article:modified_time":"2016-07-01T22:38:02+00:00","twitter:card":"summary_large_image","twitter:title":"Enaire implanta mejoras operativas de la gesti\u00f3n del tr\u00e1fico a\u00e9reo de Baleares | El Digital de Asturias","twitter:description":"La entidad p\u00fablica de gesti\u00f3n de la navegaci\u00f3n a\u00e9rea de Espa\u00f1a, Enaire, ha informado este viernes de que ha terminado el proceso de implantaci\u00f3n de &quot;diversas mejoras&quot; en los sistemas de gesti\u00f3n de tr\u00e1fico a\u00e9reo y de los procedimientos operacionales en Baleares. Entre estas mejoras, se incluye la puesta en operaci\u00f3n de las funcionalidades del","twitter:image":"https:\/\/eldigitaldeasturias.com\/magazine365\/wp-content\/uploads\/2016\/07\/fotonoticia_20160701143533_800.jpg"},"aioseo_meta_data":{"post_id":"81433","title":null,"description":null,"keywords":null,"keyphrases":null,"primary_term":null,"canonical_url":null,"og_title":null,"og_description":null,"og_object_type":"default","og_image_type":"default","og_image_url":null,"og_image_width":null,"og_image_height":null,"og_image_custom_url":null,"og_image_custom_fields":null,"og_video":null,"og_custom_url":null,"og_article_section":null,"og_article_tags":null,"twitter_use_og":false,"twitter_card":"default","twitter_image_type":"default","twitter_image_url":null,"twitter_image_custom_url":null,"twitter_image_custom_fields":null,"twitter_title":null,"twitter_description":null,"schema":{"blockGraphs":[],"customGraphs":[],"default":{"data":{"Article":[],"Course":[],"Dataset":[],"FAQPage":[],"Movie":[],"Person":[],"Product":[],"ProductReview":[],"Car":[],"Recipe":[],"Service":[],"SoftwareApplication":[],"WebPage":[]},"graphName":"","isEnabled":true},"graphs":[],"defaultGraph":"","defaultPostTypeGraph":""},"schema_type":null,"schema_type_options":null,"pillar_content":false,"robots_default":true,"robots_noindex":false,"robots_noarchive":false,"robots_nosnippet":false,"robots_nofollow":false,"robots_noimageindex":false,"robots_noodp":false,"robots_notranslate":false,"robots_max_snippet":null,"robots_max_videopreview":null,"robots_max_imagepreview":"large","priority":null,"frequency":null,"location":null,"local_seo":null,"seo_analyzer_scan_date":"2025-09-27 22:53:15","breadcrumb_settings":null,"limit_modified_date":false,"open_ai":null,"ai":null,"created":"2021-03-08 17:17:52","updated":"2025-09-27 22:53:15"},"aioseo_breadcrumb":"<div class=\"aioseo-breadcrumbs\"><span class=\"aioseo-breadcrumb\">\n\t<a href=\"https:\/\/eldigitaldeasturias.com\/magazine365\" title=\"Home\">Home<\/a>\n<\/span><span class=\"aioseo-breadcrumb-separator\">\u2013<\/span><span class=\"aioseo-breadcrumb\">\n\t<a href=\"https:\/\/eldigitaldeasturias.com\/magazine365\/category\/noticias-actualidad\/\" title=\"Noticias y Actualidad\">Noticias y Actualidad<\/a>\n<\/span><span class=\"aioseo-breadcrumb-separator\">\u2013<\/span><span class=\"aioseo-breadcrumb\">\n\t<a href=\"https:\/\/eldigitaldeasturias.com\/magazine365\/enaire-implanta-mejoras-operativas-de-la-gestion-del-trafico-aereo-de-baleares\/\" title=\"Enaire implanta mejoras operativas de la gesti\u00f3n del tr\u00e1fico a\u00e9reo de Baleares\">Enaire implanta mejoras operativas de la gesti\u00f3n del tr\u00e1fico a\u00e9reo de Baleares<\/a>\n<\/span><\/div>","aioseo_breadcrumb_json":[{"label":"Home","link":"https:\/\/eldigitaldeasturias.com\/magazine365"},{"label":"Noticias y Actualidad","link":"https:\/\/eldigitaldeasturias.com\/magazine365\/category\/noticias-actualidad\/"},{"label":"Enaire implanta mejoras operativas de la gesti\u00f3n del tr\u00e1fico a\u00e9reo de Baleares","link":"https:\/\/eldigitaldeasturias.com\/magazine365\/enaire-implanta-mejoras-operativas-de-la-gestion-del-trafico-aereo-de-baleares\/"}],"_links":{"self":[{"href":"https:\/\/eldigitaldeasturias.com\/magazine365\/wp-json\/wp\/v2\/posts\/81433","targetHints":{"allow":["GET"]}}],"collection":[{"href":"https:\/\/eldigitaldeasturias.com\/magazine365\/wp-json\/wp\/v2\/posts"}],"about":[{"href":"https:\/\/eldigitaldeasturias.com\/magazine365\/wp-json\/wp\/v2\/types\/post"}],"author":[{"embeddable":true,"href":"https:\/\/eldigitaldeasturias.com\/magazine365\/wp-json\/wp\/v2\/users\/1"}],"replies":[{"embeddable":true,"href":"https:\/\/eldigitaldeasturias.com\/magazine365\/wp-json\/wp\/v2\/comments?post=81433"}],"version-history":[{"count":0,"href":"https:\/\/eldigitaldeasturias.com\/magazine365\/wp-json\/wp\/v2\/posts\/81433\/revisions"}],"wp:featuredmedia":[{"embeddable":true,"href":"https:\/\/eldigitaldeasturias.com\/magazine365\/wp-json\/wp\/v2\/media\/81434"}],"wp:attachment":[{"href":"https:\/\/eldigitaldeasturias.com\/magazine365\/wp-json\/wp\/v2\/media?parent=81433"}],"wp:term":[{"taxonomy":"category","embeddable":true,"href":"https:\/\/eldigitaldeasturias.com\/magazine365\/wp-json\/wp\/v2\/categories?post=81433"},{"taxonomy":"post_tag","embeddable":true,"href":"https:\/\/eldigitaldeasturias.com\/magazine365\/wp-json\/wp\/v2\/tags?post=81433"}],"curies":[{"name":"wp","href":"https:\/\/api.w.org\/{rel}","templated":true}]}}