{"id":81424,"date":"2016-07-02T00:35:10","date_gmt":"2016-07-01T22:35:10","guid":{"rendered":"http:\/\/eldigitaldeasturias.com\/magazine365\/?p=81424"},"modified":"2016-07-02T00:35:10","modified_gmt":"2016-07-01T22:35:10","slug":"la-generalitat-pide-informacion-a-aena-y-a-vueling-por-las-incidencias-en-el-aeropuerto-de-el-prat","status":"publish","type":"post","link":"https:\/\/eldigitaldeasturias.com\/magazine365\/la-generalitat-pide-informacion-a-aena-y-a-vueling-por-las-incidencias-en-el-aeropuerto-de-el-prat\/","title":{"rendered":"La Generalitat pide informaci\u00f3n a Aena y a Vueling por las incidencias en el aeropuerto de El Prat"},"content":{"rendered":"<p><img fetchpriority=\"high\" decoding=\"async\" class=\"alignleft size-medium wp-image-81425\" src=\"https:\/\/eldigitaldeasturias.com\/magazine365\/wp-content\/uploads\/2016\/07\/fotonoticia_20160701140743_800-360x270.jpg\" alt=\"fotonoticia_20160701140743_800\" width=\"360\" height=\"270\" srcset=\"https:\/\/eldigitaldeasturias.com\/magazine365\/wp-content\/uploads\/2016\/07\/fotonoticia_20160701140743_800-360x270.jpg 360w, https:\/\/eldigitaldeasturias.com\/magazine365\/wp-content\/uploads\/2016\/07\/fotonoticia_20160701140743_800-650x488.jpg 650w, https:\/\/eldigitaldeasturias.com\/magazine365\/wp-content\/uploads\/2016\/07\/fotonoticia_20160701140743_800-768x576.jpg 768w, https:\/\/eldigitaldeasturias.com\/magazine365\/wp-content\/uploads\/2016\/07\/fotonoticia_20160701140743_800-150x113.jpg 150w, https:\/\/eldigitaldeasturias.com\/magazine365\/wp-content\/uploads\/2016\/07\/fotonoticia_20160701140743_800-450x338.jpg 450w, https:\/\/eldigitaldeasturias.com\/magazine365\/wp-content\/uploads\/2016\/07\/fotonoticia_20160701140743_800-90x67.jpg 90w, https:\/\/eldigitaldeasturias.com\/magazine365\/wp-content\/uploads\/2016\/07\/fotonoticia_20160701140743_800-164x124.jpg 164w, https:\/\/eldigitaldeasturias.com\/magazine365\/wp-content\/uploads\/2016\/07\/fotonoticia_20160701140743_800-100x75.jpg 100w, https:\/\/eldigitaldeasturias.com\/magazine365\/wp-content\/uploads\/2016\/07\/fotonoticia_20160701140743_800.jpg 800w\" sizes=\"(max-width: 360px) 100vw, 360px\" \/>La directora de la Agencia Catalana del Consumo (ACC) de la Generalitat, Montserrat Ribera, ha anunciado enviar\u00e1n un requerimiento de informaci\u00f3n a Aena para que le informe de los vuelos de Vueling que han registrado retrasos y cancelaciones en el Aeropuerto de Barcelona-El Prat, y enviar\u00e1 otro requerimiento a la aerol\u00ednea.<\/p>\n<p>En declaraciones a los medios este viernes, Ribera ha explicado que a\u00fan no han recibido respuesta de Vueling sobre el requerimiento que presentaron este martes &#8211;tiene un plazo de diez d\u00edas para responder&#8211;, y que en el nuevo pedir\u00e1n datos m\u00e1s espec\u00edficos y concretos sobre los vuelos y pasajeros afectados, y ha a\u00f1adido que es muy probable que este expediente derive en una sanci\u00f3n.<\/p>\n<p>Ha afirmado que la Agencia Estatal de Seguridad A\u00e9rea (AESA) es quien tiene competencias en aspectos como los retrasos y cancelaciones, por lo que deber\u00eda de actuar con celeridad y \u00abdar explicaciones\u00bb porque es su responsabilidad, como parte de la administraci\u00f3n del Estado, y ha a\u00f1adido que la Conselleria de Empresa trabaja con la Conselleria de Territorio en este sentido.<\/p>\n<p>Ribera ha observado que la Generalitat no puede multar a empresas por retrasos, pero s\u00ed que defiende los derechos del consumidor y, en el caso de esta semana, ha considerado que se vulneran los derechos de los consumidores cuando estos no reciben informaci\u00f3n y no encuentran a nadie de la empresa en las ventanillas del aeropuerto.<\/p>\n<h2 class=\"ladillo\">SANCI\u00d3N GRAVE<\/h2>\n<p>\u00abEste expediente de requerimiento que hemos iniciado es muy probable que derive en un expediente sancionador\u00bb a Vueling, en funci\u00f3n de los datos recabados y las denuncias que lleguen de consumidores, ha explicado Ribera, y ha pedido a las personas que no encuentren a representantes de la compa\u00f1\u00eda que denuncien la situaci\u00f3n a la ACC.<\/p>\n<p>Ser\u00eda una sanci\u00f3n grave, que est\u00e1n tipificadas entre 10.000 y 100.000 euros y, en funci\u00f3n de las personas a las que pueda afectar y la cantidad de dinero que represente, se puede multiplicar hasta cinco el coste de los billetes, ha relatado, y ha a\u00f1adido que, como todas las sanciones, podr\u00e1 ser recurrida, pero que suelen ganar en los casos de mala praxis hacia el consumidor.<\/p>\n<p>Ribera ha manifestado que todav\u00eda no han recibido reclamaciones de los consumidores porque es muy reciente, y ha observado que el &#8216;overbooking&#8217; es legal, pero que la compa\u00f1\u00eda tiene la obligaci\u00f3n de informar de la situaci\u00f3n y los derechos en todo momento, dar asistencia a los pasajeros en retrasos de m\u00e1s de dos horas -como comida y agua&#8211; y dar compensaciones en retrasos de m\u00e1s de tres horas.<\/p>\n<p>Cuando el tiempo de retraso supera las cinco horas se considera una cancelaci\u00f3n, que implica que la empresa pague estancia en un hotel, desplazamientos y dietas, con compensaciones de entre 200 y 400 euros para vuelos en la UE y de hasta 600 para los vuelos de fuera.<\/p>\n<p>Tambi\u00e9n ha recordado la obligaci\u00f3n de reubicar a los pasajeros en \u00abla primera oportunidad\u00bb que tenga la empresa, y ha hecho hincapi\u00e9 en la necesidad de hacer la reclamaci\u00f3n en el mismo aeropuerto, a la llegada, y de presentar reclamaciones a consumo si la respuesta de la empresa no es satisfactoria, mientras que ha recordado la necesidad de hacer escalas de varias horas para evitar perder los vuelos.<\/p>\n","protected":false},"excerpt":{"rendered":"<p>La directora de la Agencia Catalana del Consumo (ACC) de la Generalitat, Montserrat Ribera, ha anunciado enviar\u00e1n un requerimiento de informaci\u00f3n a Aena para que le informe de los vuelos de Vueling que han registrado retrasos y cancelaciones en el Aeropuerto de Barcelona-El Prat, y enviar\u00e1 otro requerimiento a la aerol\u00ednea. En declaraciones a los<\/p>\n","protected":false},"author":1,"featured_media":81425,"comment_status":"open","ping_status":"closed","sticky":false,"template":"","format":"standard","meta":{"footnotes":""},"categories":[224],"tags":[],"class_list":{"0":"post-81424","1":"post","2":"type-post","3":"status-publish","4":"format-standard","5":"has-post-thumbnail","7":"category-noticias-actualidad"},"aioseo_notices":[],"aioseo_head":"\n\t\t<!-- All in One SEO Pro 4.9.6.1 - aioseo.com -->\n\t<meta name=\"description\" content=\"La directora de la Agencia Catalana del Consumo (ACC) de la Generalitat, Montserrat Ribera, ha anunciado enviar\u00e1n un requerimiento de informaci\u00f3n a Aena para que le informe de los vuelos de Vueling que han registrado retrasos y cancelaciones en el Aeropuerto de Barcelona-El Prat, y enviar\u00e1 otro requerimiento a la aerol\u00ednea. En declaraciones a los\" \/>\n\t<meta name=\"robots\" content=\"max-image-preview:large\" \/>\n\t<meta name=\"author\" content=\"admin\"\/>\n\t<meta name=\"google-site-verification\" content=\"UA-38556648-1\" \/>\n\t<meta name=\"keywords\" content=\"noticias y actualidad\" \/>\n\t<link rel=\"canonical\" href=\"https:\/\/eldigitaldeasturias.com\/magazine365\/la-generalitat-pide-informacion-a-aena-y-a-vueling-por-las-incidencias-en-el-aeropuerto-de-el-prat\/\" \/>\n\t<meta name=\"generator\" content=\"All in One SEO Pro (AIOSEO) 4.9.6.1\" \/>\n\t\t<meta property=\"og:locale\" content=\"es_ES\" \/>\n\t\t<meta property=\"og:site_name\" content=\"El Digital de Asturias \u2013 Revista de ocio, turismo y estilo de vida\" \/>\n\t\t<meta property=\"og:type\" content=\"article\" \/>\n\t\t<meta property=\"og:title\" content=\"La Generalitat pide informaci\u00f3n a Aena y a Vueling por las incidencias en el aeropuerto de El Prat | El Digital de Asturias\" \/>\n\t\t<meta property=\"og:description\" content=\"La directora de la Agencia Catalana del Consumo (ACC) de la Generalitat, Montserrat Ribera, ha anunciado enviar\u00e1n un requerimiento de informaci\u00f3n a Aena para que le informe de los vuelos de Vueling que han registrado retrasos y cancelaciones en el Aeropuerto de Barcelona-El Prat, y enviar\u00e1 otro requerimiento a la aerol\u00ednea. En declaraciones a los\" \/>\n\t\t<meta property=\"og:url\" content=\"https:\/\/eldigitaldeasturias.com\/magazine365\/la-generalitat-pide-informacion-a-aena-y-a-vueling-por-las-incidencias-en-el-aeropuerto-de-el-prat\/\" \/>\n\t\t<meta property=\"og:image\" content=\"https:\/\/eldigitaldeasturias.com\/magazine365\/wp-content\/uploads\/2016\/07\/fotonoticia_20160701140743_800.jpg\" \/>\n\t\t<meta property=\"og:image:secure_url\" content=\"https:\/\/eldigitaldeasturias.com\/magazine365\/wp-content\/uploads\/2016\/07\/fotonoticia_20160701140743_800.jpg\" \/>\n\t\t<meta property=\"og:image:width\" content=\"800\" \/>\n\t\t<meta property=\"og:image:height\" content=\"600\" \/>\n\t\t<meta property=\"article:published_time\" content=\"2016-07-01T22:35:10+00:00\" \/>\n\t\t<meta property=\"article:modified_time\" content=\"2016-07-01T22:35:10+00:00\" \/>\n\t\t<meta name=\"twitter:card\" content=\"summary_large_image\" \/>\n\t\t<meta name=\"twitter:title\" content=\"La Generalitat pide informaci\u00f3n a Aena y a Vueling por las incidencias en el aeropuerto de El Prat | El Digital de Asturias\" \/>\n\t\t<meta name=\"twitter:description\" content=\"La directora de la Agencia Catalana del Consumo (ACC) de la Generalitat, Montserrat Ribera, ha anunciado enviar\u00e1n un requerimiento de informaci\u00f3n a Aena para que le informe de los vuelos de Vueling que han registrado retrasos y cancelaciones en el Aeropuerto de Barcelona-El Prat, y enviar\u00e1 otro requerimiento a la aerol\u00ednea. En declaraciones a los\" \/>\n\t\t<meta name=\"twitter:image\" content=\"https:\/\/eldigitaldeasturias.com\/magazine365\/wp-content\/uploads\/2016\/07\/fotonoticia_20160701140743_800.jpg\" \/>\n\t\t<script type=\"application\/ld+json\" class=\"aioseo-schema\">\n\t\t\t{\"@context\":\"https:\\\/\\\/schema.org\",\"@graph\":[{\"@type\":\"Article\",\"@id\":\"https:\\\/\\\/eldigitaldeasturias.com\\\/magazine365\\\/la-generalitat-pide-informacion-a-aena-y-a-vueling-por-las-incidencias-en-el-aeropuerto-de-el-prat\\\/#article\",\"name\":\"La Generalitat pide informaci\\u00f3n a Aena y a Vueling por las incidencias en el aeropuerto de El Prat | El Digital de Asturias\",\"headline\":\"La Generalitat pide informaci\\u00f3n a Aena y a Vueling por las incidencias en el aeropuerto de El Prat\",\"author\":{\"@id\":\"https:\\\/\\\/eldigitaldeasturias.com\\\/magazine365\\\/author\\\/admin\\\/#author\"},\"publisher\":{\"@id\":\"https:\\\/\\\/eldigitaldeasturias.com\\\/magazine365\\\/#organization\"},\"image\":{\"@type\":\"ImageObject\",\"url\":\"https:\\\/\\\/eldigitaldeasturias.com\\\/magazine365\\\/wp-content\\\/uploads\\\/2016\\\/07\\\/fotonoticia_20160701140743_800.jpg\",\"width\":800,\"height\":600},\"datePublished\":\"2016-07-02T00:35:10+02:00\",\"dateModified\":\"2016-07-02T00:35:10+02:00\",\"inLanguage\":\"es-ES\",\"mainEntityOfPage\":{\"@id\":\"https:\\\/\\\/eldigitaldeasturias.com\\\/magazine365\\\/la-generalitat-pide-informacion-a-aena-y-a-vueling-por-las-incidencias-en-el-aeropuerto-de-el-prat\\\/#webpage\"},\"isPartOf\":{\"@id\":\"https:\\\/\\\/eldigitaldeasturias.com\\\/magazine365\\\/la-generalitat-pide-informacion-a-aena-y-a-vueling-por-las-incidencias-en-el-aeropuerto-de-el-prat\\\/#webpage\"},\"articleSection\":\"Noticias y Actualidad\"},{\"@type\":\"BreadcrumbList\",\"@id\":\"https:\\\/\\\/eldigitaldeasturias.com\\\/magazine365\\\/la-generalitat-pide-informacion-a-aena-y-a-vueling-por-las-incidencias-en-el-aeropuerto-de-el-prat\\\/#breadcrumblist\",\"itemListElement\":[{\"@type\":\"ListItem\",\"@id\":\"https:\\\/\\\/eldigitaldeasturias.com\\\/magazine365#listItem\",\"position\":1,\"name\":\"Home\",\"item\":\"https:\\\/\\\/eldigitaldeasturias.com\\\/magazine365\",\"nextItem\":{\"@type\":\"ListItem\",\"@id\":\"https:\\\/\\\/eldigitaldeasturias.com\\\/magazine365\\\/category\\\/noticias-actualidad\\\/#listItem\",\"name\":\"Noticias y Actualidad\"}},{\"@type\":\"ListItem\",\"@id\":\"https:\\\/\\\/eldigitaldeasturias.com\\\/magazine365\\\/category\\\/noticias-actualidad\\\/#listItem\",\"position\":2,\"name\":\"Noticias y Actualidad\",\"item\":\"https:\\\/\\\/eldigitaldeasturias.com\\\/magazine365\\\/category\\\/noticias-actualidad\\\/\",\"nextItem\":{\"@type\":\"ListItem\",\"@id\":\"https:\\\/\\\/eldigitaldeasturias.com\\\/magazine365\\\/la-generalitat-pide-informacion-a-aena-y-a-vueling-por-las-incidencias-en-el-aeropuerto-de-el-prat\\\/#listItem\",\"name\":\"La Generalitat pide informaci\\u00f3n a Aena y a Vueling por las incidencias en el aeropuerto de El Prat\"},\"previousItem\":{\"@type\":\"ListItem\",\"@id\":\"https:\\\/\\\/eldigitaldeasturias.com\\\/magazine365#listItem\",\"name\":\"Home\"}},{\"@type\":\"ListItem\",\"@id\":\"https:\\\/\\\/eldigitaldeasturias.com\\\/magazine365\\\/la-generalitat-pide-informacion-a-aena-y-a-vueling-por-las-incidencias-en-el-aeropuerto-de-el-prat\\\/#listItem\",\"position\":3,\"name\":\"La Generalitat pide informaci\\u00f3n a Aena y a Vueling por las incidencias en el aeropuerto de El Prat\",\"previousItem\":{\"@type\":\"ListItem\",\"@id\":\"https:\\\/\\\/eldigitaldeasturias.com\\\/magazine365\\\/category\\\/noticias-actualidad\\\/#listItem\",\"name\":\"Noticias y Actualidad\"}}]},{\"@type\":\"Organization\",\"@id\":\"https:\\\/\\\/eldigitaldeasturias.com\\\/magazine365\\\/#organization\",\"name\":\"El digital de Asturias\",\"description\":\"Revista de ocio, turismo y estilo de vida\",\"url\":\"https:\\\/\\\/eldigitaldeasturias.com\\\/magazine365\\\/\",\"logo\":{\"@type\":\"ImageObject\",\"url\":\"https:\\\/\\\/www.eldigitaldeasturias.com\\\/noticias\\\/wp-content\\\/uploads\\\/2020\\\/12\\\/EDA.jpg\",\"@id\":\"https:\\\/\\\/eldigitaldeasturias.com\\\/magazine365\\\/la-generalitat-pide-informacion-a-aena-y-a-vueling-por-las-incidencias-en-el-aeropuerto-de-el-prat\\\/#organizationLogo\"},\"image\":{\"@id\":\"https:\\\/\\\/eldigitaldeasturias.com\\\/magazine365\\\/la-generalitat-pide-informacion-a-aena-y-a-vueling-por-las-incidencias-en-el-aeropuerto-de-el-prat\\\/#organizationLogo\"}},{\"@type\":\"Person\",\"@id\":\"https:\\\/\\\/eldigitaldeasturias.com\\\/magazine365\\\/author\\\/admin\\\/#author\",\"url\":\"https:\\\/\\\/eldigitaldeasturias.com\\\/magazine365\\\/author\\\/admin\\\/\",\"name\":\"admin\",\"image\":{\"@type\":\"ImageObject\",\"@id\":\"https:\\\/\\\/eldigitaldeasturias.com\\\/magazine365\\\/la-generalitat-pide-informacion-a-aena-y-a-vueling-por-las-incidencias-en-el-aeropuerto-de-el-prat\\\/#authorImage\",\"url\":\"https:\\\/\\\/eldigitaldeasturias.com\\\/magazine365\\\/wp-content\\\/litespeed\\\/avatar\\\/e571bcf59a0edd6fa6838245a470f2fe.jpg?ver=1776969259\",\"width\":96,\"height\":96,\"caption\":\"admin\"}},{\"@type\":\"WebPage\",\"@id\":\"https:\\\/\\\/eldigitaldeasturias.com\\\/magazine365\\\/la-generalitat-pide-informacion-a-aena-y-a-vueling-por-las-incidencias-en-el-aeropuerto-de-el-prat\\\/#webpage\",\"url\":\"https:\\\/\\\/eldigitaldeasturias.com\\\/magazine365\\\/la-generalitat-pide-informacion-a-aena-y-a-vueling-por-las-incidencias-en-el-aeropuerto-de-el-prat\\\/\",\"name\":\"La Generalitat pide informaci\\u00f3n a Aena y a Vueling por las incidencias en el aeropuerto de El Prat | El Digital de Asturias\",\"description\":\"La directora de la Agencia Catalana del Consumo (ACC) de la Generalitat, Montserrat Ribera, ha anunciado enviar\\u00e1n un requerimiento de informaci\\u00f3n a Aena para que le informe de los vuelos de Vueling que han registrado retrasos y cancelaciones en el Aeropuerto de Barcelona-El Prat, y enviar\\u00e1 otro requerimiento a la aerol\\u00ednea. En declaraciones a los\",\"inLanguage\":\"es-ES\",\"isPartOf\":{\"@id\":\"https:\\\/\\\/eldigitaldeasturias.com\\\/magazine365\\\/#website\"},\"breadcrumb\":{\"@id\":\"https:\\\/\\\/eldigitaldeasturias.com\\\/magazine365\\\/la-generalitat-pide-informacion-a-aena-y-a-vueling-por-las-incidencias-en-el-aeropuerto-de-el-prat\\\/#breadcrumblist\"},\"author\":{\"@id\":\"https:\\\/\\\/eldigitaldeasturias.com\\\/magazine365\\\/author\\\/admin\\\/#author\"},\"creator\":{\"@id\":\"https:\\\/\\\/eldigitaldeasturias.com\\\/magazine365\\\/author\\\/admin\\\/#author\"},\"image\":{\"@type\":\"ImageObject\",\"url\":\"https:\\\/\\\/eldigitaldeasturias.com\\\/magazine365\\\/wp-content\\\/uploads\\\/2016\\\/07\\\/fotonoticia_20160701140743_800.jpg\",\"@id\":\"https:\\\/\\\/eldigitaldeasturias.com\\\/magazine365\\\/la-generalitat-pide-informacion-a-aena-y-a-vueling-por-las-incidencias-en-el-aeropuerto-de-el-prat\\\/#mainImage\",\"width\":800,\"height\":600},\"primaryImageOfPage\":{\"@id\":\"https:\\\/\\\/eldigitaldeasturias.com\\\/magazine365\\\/la-generalitat-pide-informacion-a-aena-y-a-vueling-por-las-incidencias-en-el-aeropuerto-de-el-prat\\\/#mainImage\"},\"datePublished\":\"2016-07-02T00:35:10+02:00\",\"dateModified\":\"2016-07-02T00:35:10+02:00\"},{\"@type\":\"WebSite\",\"@id\":\"https:\\\/\\\/eldigitaldeasturias.com\\\/magazine365\\\/#website\",\"url\":\"https:\\\/\\\/eldigitaldeasturias.com\\\/magazine365\\\/\",\"name\":\"El Digital de Asturias\",\"description\":\"Revista de ocio, turismo y estilo de vida\",\"inLanguage\":\"es-ES\",\"publisher\":{\"@id\":\"https:\\\/\\\/eldigitaldeasturias.com\\\/magazine365\\\/#organization\"}}]}\n\t\t<\/script>\n\t\t<!-- All in One SEO Pro -->\r\n\t\t<title>La Generalitat pide informaci\u00f3n a Aena y a Vueling por las incidencias en el aeropuerto de El Prat | El Digital de Asturias<\/title>\n\n","aioseo_head_json":{"title":"La Generalitat pide informaci\u00f3n a Aena y a Vueling por las incidencias en el aeropuerto de El Prat | El Digital de Asturias","description":"La directora de la Agencia Catalana del Consumo (ACC) de la Generalitat, Montserrat Ribera, ha anunciado enviar\u00e1n un requerimiento de informaci\u00f3n a Aena para que le informe de los vuelos de Vueling que han registrado retrasos y cancelaciones en el Aeropuerto de Barcelona-El Prat, y enviar\u00e1 otro requerimiento a la aerol\u00ednea. En declaraciones a los","canonical_url":"https:\/\/eldigitaldeasturias.com\/magazine365\/la-generalitat-pide-informacion-a-aena-y-a-vueling-por-las-incidencias-en-el-aeropuerto-de-el-prat\/","robots":"max-image-preview:large","keywords":"noticias y actualidad","webmasterTools":{"google-site-verification":"UA-38556648-1","miscellaneous":""},"schema":{"@context":"https:\/\/schema.org","@graph":[{"@type":"Article","@id":"https:\/\/eldigitaldeasturias.com\/magazine365\/la-generalitat-pide-informacion-a-aena-y-a-vueling-por-las-incidencias-en-el-aeropuerto-de-el-prat\/#article","name":"La Generalitat pide informaci\u00f3n a Aena y a Vueling por las incidencias en el aeropuerto de El Prat | El Digital de Asturias","headline":"La Generalitat pide informaci\u00f3n a Aena y a Vueling por las incidencias en el aeropuerto de El Prat","author":{"@id":"https:\/\/eldigitaldeasturias.com\/magazine365\/author\/admin\/#author"},"publisher":{"@id":"https:\/\/eldigitaldeasturias.com\/magazine365\/#organization"},"image":{"@type":"ImageObject","url":"https:\/\/eldigitaldeasturias.com\/magazine365\/wp-content\/uploads\/2016\/07\/fotonoticia_20160701140743_800.jpg","width":800,"height":600},"datePublished":"2016-07-02T00:35:10+02:00","dateModified":"2016-07-02T00:35:10+02:00","inLanguage":"es-ES","mainEntityOfPage":{"@id":"https:\/\/eldigitaldeasturias.com\/magazine365\/la-generalitat-pide-informacion-a-aena-y-a-vueling-por-las-incidencias-en-el-aeropuerto-de-el-prat\/#webpage"},"isPartOf":{"@id":"https:\/\/eldigitaldeasturias.com\/magazine365\/la-generalitat-pide-informacion-a-aena-y-a-vueling-por-las-incidencias-en-el-aeropuerto-de-el-prat\/#webpage"},"articleSection":"Noticias y Actualidad"},{"@type":"BreadcrumbList","@id":"https:\/\/eldigitaldeasturias.com\/magazine365\/la-generalitat-pide-informacion-a-aena-y-a-vueling-por-las-incidencias-en-el-aeropuerto-de-el-prat\/#breadcrumblist","itemListElement":[{"@type":"ListItem","@id":"https:\/\/eldigitaldeasturias.com\/magazine365#listItem","position":1,"name":"Home","item":"https:\/\/eldigitaldeasturias.com\/magazine365","nextItem":{"@type":"ListItem","@id":"https:\/\/eldigitaldeasturias.com\/magazine365\/category\/noticias-actualidad\/#listItem","name":"Noticias y Actualidad"}},{"@type":"ListItem","@id":"https:\/\/eldigitaldeasturias.com\/magazine365\/category\/noticias-actualidad\/#listItem","position":2,"name":"Noticias y Actualidad","item":"https:\/\/eldigitaldeasturias.com\/magazine365\/category\/noticias-actualidad\/","nextItem":{"@type":"ListItem","@id":"https:\/\/eldigitaldeasturias.com\/magazine365\/la-generalitat-pide-informacion-a-aena-y-a-vueling-por-las-incidencias-en-el-aeropuerto-de-el-prat\/#listItem","name":"La Generalitat pide informaci\u00f3n a Aena y a Vueling por las incidencias en el aeropuerto de El Prat"},"previousItem":{"@type":"ListItem","@id":"https:\/\/eldigitaldeasturias.com\/magazine365#listItem","name":"Home"}},{"@type":"ListItem","@id":"https:\/\/eldigitaldeasturias.com\/magazine365\/la-generalitat-pide-informacion-a-aena-y-a-vueling-por-las-incidencias-en-el-aeropuerto-de-el-prat\/#listItem","position":3,"name":"La Generalitat pide informaci\u00f3n a Aena y a Vueling por las incidencias en el aeropuerto de El Prat","previousItem":{"@type":"ListItem","@id":"https:\/\/eldigitaldeasturias.com\/magazine365\/category\/noticias-actualidad\/#listItem","name":"Noticias y Actualidad"}}]},{"@type":"Organization","@id":"https:\/\/eldigitaldeasturias.com\/magazine365\/#organization","name":"El digital de Asturias","description":"Revista de ocio, turismo y estilo de vida","url":"https:\/\/eldigitaldeasturias.com\/magazine365\/","logo":{"@type":"ImageObject","url":"https:\/\/www.eldigitaldeasturias.com\/noticias\/wp-content\/uploads\/2020\/12\/EDA.jpg","@id":"https:\/\/eldigitaldeasturias.com\/magazine365\/la-generalitat-pide-informacion-a-aena-y-a-vueling-por-las-incidencias-en-el-aeropuerto-de-el-prat\/#organizationLogo"},"image":{"@id":"https:\/\/eldigitaldeasturias.com\/magazine365\/la-generalitat-pide-informacion-a-aena-y-a-vueling-por-las-incidencias-en-el-aeropuerto-de-el-prat\/#organizationLogo"}},{"@type":"Person","@id":"https:\/\/eldigitaldeasturias.com\/magazine365\/author\/admin\/#author","url":"https:\/\/eldigitaldeasturias.com\/magazine365\/author\/admin\/","name":"admin","image":{"@type":"ImageObject","@id":"https:\/\/eldigitaldeasturias.com\/magazine365\/la-generalitat-pide-informacion-a-aena-y-a-vueling-por-las-incidencias-en-el-aeropuerto-de-el-prat\/#authorImage","url":"https:\/\/eldigitaldeasturias.com\/magazine365\/wp-content\/litespeed\/avatar\/e571bcf59a0edd6fa6838245a470f2fe.jpg?ver=1776969259","width":96,"height":96,"caption":"admin"}},{"@type":"WebPage","@id":"https:\/\/eldigitaldeasturias.com\/magazine365\/la-generalitat-pide-informacion-a-aena-y-a-vueling-por-las-incidencias-en-el-aeropuerto-de-el-prat\/#webpage","url":"https:\/\/eldigitaldeasturias.com\/magazine365\/la-generalitat-pide-informacion-a-aena-y-a-vueling-por-las-incidencias-en-el-aeropuerto-de-el-prat\/","name":"La Generalitat pide informaci\u00f3n a Aena y a Vueling por las incidencias en el aeropuerto de El Prat | El Digital de Asturias","description":"La directora de la Agencia Catalana del Consumo (ACC) de la Generalitat, Montserrat Ribera, ha anunciado enviar\u00e1n un requerimiento de informaci\u00f3n a Aena para que le informe de los vuelos de Vueling que han registrado retrasos y cancelaciones en el Aeropuerto de Barcelona-El Prat, y enviar\u00e1 otro requerimiento a la aerol\u00ednea. En declaraciones a los","inLanguage":"es-ES","isPartOf":{"@id":"https:\/\/eldigitaldeasturias.com\/magazine365\/#website"},"breadcrumb":{"@id":"https:\/\/eldigitaldeasturias.com\/magazine365\/la-generalitat-pide-informacion-a-aena-y-a-vueling-por-las-incidencias-en-el-aeropuerto-de-el-prat\/#breadcrumblist"},"author":{"@id":"https:\/\/eldigitaldeasturias.com\/magazine365\/author\/admin\/#author"},"creator":{"@id":"https:\/\/eldigitaldeasturias.com\/magazine365\/author\/admin\/#author"},"image":{"@type":"ImageObject","url":"https:\/\/eldigitaldeasturias.com\/magazine365\/wp-content\/uploads\/2016\/07\/fotonoticia_20160701140743_800.jpg","@id":"https:\/\/eldigitaldeasturias.com\/magazine365\/la-generalitat-pide-informacion-a-aena-y-a-vueling-por-las-incidencias-en-el-aeropuerto-de-el-prat\/#mainImage","width":800,"height":600},"primaryImageOfPage":{"@id":"https:\/\/eldigitaldeasturias.com\/magazine365\/la-generalitat-pide-informacion-a-aena-y-a-vueling-por-las-incidencias-en-el-aeropuerto-de-el-prat\/#mainImage"},"datePublished":"2016-07-02T00:35:10+02:00","dateModified":"2016-07-02T00:35:10+02:00"},{"@type":"WebSite","@id":"https:\/\/eldigitaldeasturias.com\/magazine365\/#website","url":"https:\/\/eldigitaldeasturias.com\/magazine365\/","name":"El Digital de Asturias","description":"Revista de ocio, turismo y estilo de vida","inLanguage":"es-ES","publisher":{"@id":"https:\/\/eldigitaldeasturias.com\/magazine365\/#organization"}}]},"og:locale":"es_ES","og:site_name":"El Digital de Asturias \u2013 Revista de ocio, turismo y estilo de vida","og:type":"article","og:title":"La Generalitat pide informaci\u00f3n a Aena y a Vueling por las incidencias en el aeropuerto de El Prat | El Digital de Asturias","og:description":"La directora de la Agencia Catalana del Consumo (ACC) de la Generalitat, Montserrat Ribera, ha anunciado enviar\u00e1n un requerimiento de informaci\u00f3n a Aena para que le informe de los vuelos de Vueling que han registrado retrasos y cancelaciones en el Aeropuerto de Barcelona-El Prat, y enviar\u00e1 otro requerimiento a la aerol\u00ednea. En declaraciones a los","og:url":"https:\/\/eldigitaldeasturias.com\/magazine365\/la-generalitat-pide-informacion-a-aena-y-a-vueling-por-las-incidencias-en-el-aeropuerto-de-el-prat\/","og:image":"https:\/\/eldigitaldeasturias.com\/magazine365\/wp-content\/uploads\/2016\/07\/fotonoticia_20160701140743_800.jpg","og:image:secure_url":"https:\/\/eldigitaldeasturias.com\/magazine365\/wp-content\/uploads\/2016\/07\/fotonoticia_20160701140743_800.jpg","og:image:width":800,"og:image:height":600,"article:published_time":"2016-07-01T22:35:10+00:00","article:modified_time":"2016-07-01T22:35:10+00:00","twitter:card":"summary_large_image","twitter:title":"La Generalitat pide informaci\u00f3n a Aena y a Vueling por las incidencias en el aeropuerto de El Prat | El Digital de Asturias","twitter:description":"La directora de la Agencia Catalana del Consumo (ACC) de la Generalitat, Montserrat Ribera, ha anunciado enviar\u00e1n un requerimiento de informaci\u00f3n a Aena para que le informe de los vuelos de Vueling que han registrado retrasos y cancelaciones en el Aeropuerto de Barcelona-El Prat, y enviar\u00e1 otro requerimiento a la aerol\u00ednea. En declaraciones a los","twitter:image":"https:\/\/eldigitaldeasturias.com\/magazine365\/wp-content\/uploads\/2016\/07\/fotonoticia_20160701140743_800.jpg"},"aioseo_meta_data":{"post_id":"81424","title":null,"description":null,"keywords":null,"keyphrases":null,"primary_term":null,"canonical_url":null,"og_title":null,"og_description":null,"og_object_type":"default","og_image_type":"default","og_image_url":null,"og_image_width":null,"og_image_height":null,"og_image_custom_url":null,"og_image_custom_fields":null,"og_video":null,"og_custom_url":null,"og_article_section":null,"og_article_tags":null,"twitter_use_og":false,"twitter_card":"default","twitter_image_type":"default","twitter_image_url":null,"twitter_image_custom_url":null,"twitter_image_custom_fields":null,"twitter_title":null,"twitter_description":null,"schema":{"blockGraphs":[],"customGraphs":[],"default":{"data":{"Article":[],"Course":[],"Dataset":[],"FAQPage":[],"Movie":[],"Person":[],"Product":[],"ProductReview":[],"Car":[],"Recipe":[],"Service":[],"SoftwareApplication":[],"WebPage":[]},"graphName":"","isEnabled":true},"graphs":[],"defaultGraph":"","defaultPostTypeGraph":""},"schema_type":null,"schema_type_options":null,"pillar_content":false,"robots_default":true,"robots_noindex":false,"robots_noarchive":false,"robots_nosnippet":false,"robots_nofollow":false,"robots_noimageindex":false,"robots_noodp":false,"robots_notranslate":false,"robots_max_snippet":null,"robots_max_videopreview":null,"robots_max_imagepreview":"large","priority":null,"frequency":null,"location":null,"local_seo":null,"seo_analyzer_scan_date":"2025-09-27 22:50:14","breadcrumb_settings":null,"limit_modified_date":false,"open_ai":null,"ai":null,"created":"2021-03-08 17:17:52","updated":"2025-09-27 22:50:14"},"aioseo_breadcrumb":"<div class=\"aioseo-breadcrumbs\"><span class=\"aioseo-breadcrumb\">\n\t<a href=\"https:\/\/eldigitaldeasturias.com\/magazine365\" title=\"Home\">Home<\/a>\n<\/span><span class=\"aioseo-breadcrumb-separator\">\u2013<\/span><span class=\"aioseo-breadcrumb\">\n\t<a href=\"https:\/\/eldigitaldeasturias.com\/magazine365\/category\/noticias-actualidad\/\" title=\"Noticias y Actualidad\">Noticias y Actualidad<\/a>\n<\/span><span class=\"aioseo-breadcrumb-separator\">\u2013<\/span><span class=\"aioseo-breadcrumb\">\n\t<a href=\"https:\/\/eldigitaldeasturias.com\/magazine365\/la-generalitat-pide-informacion-a-aena-y-a-vueling-por-las-incidencias-en-el-aeropuerto-de-el-prat\/\" title=\"La Generalitat pide informaci\u00f3n a Aena y a Vueling por las incidencias en el aeropuerto de El Prat\">La Generalitat pide informaci\u00f3n a Aena y a Vueling por las incidencias en el aeropuerto de El Prat<\/a>\n<\/span><\/div>","aioseo_breadcrumb_json":[{"label":"Home","link":"https:\/\/eldigitaldeasturias.com\/magazine365"},{"label":"Noticias y Actualidad","link":"https:\/\/eldigitaldeasturias.com\/magazine365\/category\/noticias-actualidad\/"},{"label":"La Generalitat pide informaci\u00f3n a Aena y a Vueling por las incidencias en el aeropuerto de El Prat","link":"https:\/\/eldigitaldeasturias.com\/magazine365\/la-generalitat-pide-informacion-a-aena-y-a-vueling-por-las-incidencias-en-el-aeropuerto-de-el-prat\/"}],"_links":{"self":[{"href":"https:\/\/eldigitaldeasturias.com\/magazine365\/wp-json\/wp\/v2\/posts\/81424","targetHints":{"allow":["GET"]}}],"collection":[{"href":"https:\/\/eldigitaldeasturias.com\/magazine365\/wp-json\/wp\/v2\/posts"}],"about":[{"href":"https:\/\/eldigitaldeasturias.com\/magazine365\/wp-json\/wp\/v2\/types\/post"}],"author":[{"embeddable":true,"href":"https:\/\/eldigitaldeasturias.com\/magazine365\/wp-json\/wp\/v2\/users\/1"}],"replies":[{"embeddable":true,"href":"https:\/\/eldigitaldeasturias.com\/magazine365\/wp-json\/wp\/v2\/comments?post=81424"}],"version-history":[{"count":0,"href":"https:\/\/eldigitaldeasturias.com\/magazine365\/wp-json\/wp\/v2\/posts\/81424\/revisions"}],"wp:featuredmedia":[{"embeddable":true,"href":"https:\/\/eldigitaldeasturias.com\/magazine365\/wp-json\/wp\/v2\/media\/81425"}],"wp:attachment":[{"href":"https:\/\/eldigitaldeasturias.com\/magazine365\/wp-json\/wp\/v2\/media?parent=81424"}],"wp:term":[{"taxonomy":"category","embeddable":true,"href":"https:\/\/eldigitaldeasturias.com\/magazine365\/wp-json\/wp\/v2\/categories?post=81424"},{"taxonomy":"post_tag","embeddable":true,"href":"https:\/\/eldigitaldeasturias.com\/magazine365\/wp-json\/wp\/v2\/tags?post=81424"}],"curies":[{"name":"wp","href":"https:\/\/api.w.org\/{rel}","templated":true}]}}